{"id":48683,"date":"2025-03-07T13:55:52","date_gmt":"2025-03-07T16:55:52","guid":{"rendered":"https:\/\/www.todoalfalfa.com.ar\/noticias\/?p=48683"},"modified":"2025-03-07T13:55:55","modified_gmt":"2025-03-07T16:55:55","slug":"el-riego-punto-de-debate-en-expoagro","status":"publish","type":"post","link":"https:\/\/www.todoalfalfa.com.ar\/noticias\/el-riego-punto-de-debate-en-expoagro\/","title":{"rendered":"El riego, punto de debate en ExpoAgro\u00a0"},"content":{"rendered":"\n<p>El primer d\u00eda de ExpoAgro tendr\u00e1 una jornada sobre riego que se denominar\u00e1 el Club del Riego. Por primera vez se abordar\u00e1 \u201cla importancia del riego sostenible en la agricultura\u201d con un panel conformado por empresas que analizar\u00e1n la importancia del riego sostenible en la agricultura, y mostrar\u00e1n los equipos disponibles para Argentina.&nbsp;<\/p>\n\n\n\n<p>La jornada se llevar\u00e1 a cabo el martes 11 de marzo, a las 16 horas, en el Anfiteatro SPS; es organizada por Expoagro, cuenta con la colaboraci\u00f3n del INTA, y tendr\u00e1 como anfitri\u00f3n a SoloRiego.com.&nbsp;<\/p>\n\n\n\n<p>Los presentes podr\u00e1n analizar respuestas sobre&nbsp;los distintos interrogantes que el riego plantea y la oferta de los productos que tienen las empresas m\u00e1s importantes del pa\u00eds en materia de riego.&nbsp;&nbsp;<\/p>\n\n\n\n<p>Esta propuesta se centrar\u00e1 en aspectos como la capacidad y calidad del suelo, calidad del agua, fuentes de agua y rendimientos, pero tambi\u00e9n el rol del riego, posibilidades de crecimiento en superficie regada, mejoras de rendimiento y mitigar efectos de la sequ\u00eda.&nbsp;<\/p>\n\n\n\n<p>TodoAlfalfa consult\u00f3 a Aquiles Salinas, responsable del INTA Manfredi y experto en riego, quien asegur\u00f3 que har\u00e1 la presentaci\u00f3n t\u00e9cnica para dar lugar luego a empresas proveedoras que ofrecer a los asistentes la posibilidad de entender lo que es el riego.&nbsp;<\/p>\n\n\n\n<p>\u201cMi charla est\u00e1 vinculada a las posibilidades y el impacto del riego sostenible en la Argentina, por supuesto enfocada a los cultivos extensivos que es mi especialidad y en el marco de una reuni\u00f3n que convoca principalmente a la mayor\u00eda de los productores de la regi\u00f3n pampeana\u201d, manifest\u00f3 Salinas. &nbsp;<\/p>\n\n\n\n<p>Luego ser\u00e1 momento de las empresas que \u201cvan a completar con informaci\u00f3n de sus productos tanto en equipos de pivot como goteo enterrado y tambi\u00e9n empresas de energ\u00eda solar\u201d, explic\u00f3.&nbsp;<\/p>\n\n\n\n<p>El especialista valor\u00f3 la posibilidad de exponer en un espacio que nuclea a tantos productores con un tema tan sensible como el uso del riego, \u201cm\u00e1s <em>a\u00fan,&nbsp;<\/em><strong><em>en estos momentos donde en muchas localidades est\u00e1n sufriendo el problema de la falta de lluvia o la mala distribuci\u00f3n de lluvia<\/em><\/strong><strong>\u201d<\/strong>.&nbsp;<\/p>\n\n\n\n<p>En otra parte, Salinas cont\u00f3: \u201ca <em>nivel de investigaci\u00f3n, lo que se est\u00e1 trabajando es en mejorar los procesos y la eficiencia, seguir obteniendo&nbsp;<\/em><strong><em>recomendaciones para un mejor uso del riego<\/em><\/strong><em>. A nivel m\u00e1s pol\u00edtico institucional, la mirada est\u00e1 puesta en c\u00f3mo se puede incrementar el \u00e1rea de riego, por supuesto, dentro de las condiciones que se establecen, de poner agua de calidad, suelo de calidad, energ\u00eda, y l\u00edneas crediticias<\/em>\u201d. &nbsp;<\/p>\n\n\n\n<p><strong>Propuestas, desarrollos e innovaciones<\/strong>&nbsp;<\/p>\n\n\n\n<p>El portal oficial de <a href=\"https:\/\/www.expoagro.com.ar\/el-club-del-riego-debuta-en-la-expo\/\" target=\"_blank\" rel=\"noreferrer noopener\">ExpoAgro <\/a>se public\u00f3 que durante la jornada, habr\u00e1 un panel de empresas que tratar\u00e1n diferentes cuestiones sobre la importancia del riego sostenible. Participar\u00e1n Juan Amboldi, socio gerente de\u00a0<strong>Galamb Agro<\/strong>; Hernan Manrique, presidente de\u00a0<strong>HMSA, T-L Irrigation<\/strong>; Mat\u00edas Babodo, gerente Comercial,\u00a0<strong>Irri-Ar<\/strong>; Mart\u00edn Pasman, presidente de\u00a0<strong>Valley Argentina<\/strong>; Martin Soto, gerente Comercial de\u00a0<strong>Tonka Solar<\/strong>; Tomas Pfisterer, gerente de Operaciones Krebs de\u00a0<strong>Irri Avance \u2013 Krebs<\/strong>; y representantes de\u00a0<strong>Netafim Argentina S.A<\/strong>. Este espacio contar\u00e1 con la moderaci\u00f3n de los periodistas Carlos Montarc\u00e9 y Jos\u00e9 Casado.\u00a0<\/p>\n\n\n\n<p>\u201c<em>Desde SoloRiego.com, como \u00fanico medio dedicado al riego en Argentina, creemos que es muy importante que Expoagro se haya interesado en organizar este panel.&nbsp;<\/em><strong><em>Estamos convencidos que los pr\u00f3ximos 5 a\u00f1os van a ser muy favorables para las empresas dedicadas a esta industria,<\/em><\/strong><em>&nbsp;que como hemos sostenido desde hace bastante tiempo, es una deuda pendiente en la producci\u00f3n agropecuaria<\/em>\u201d, dijo Carlos Montarc\u00e9, y agreg\u00f3: \u201c<em>Tiene que participar el Estado, con algunos beneficios como cr\u00e9ditos blandos y posibilidad de amortizaci\u00f3n anticipada; pero creemos que est\u00e1n dadas las condiciones para que esto suceda<\/em>\u201d.&nbsp;<\/p>\n\n\n\n<p>Por otro lado, Montarc\u00e9 se\u00f1al\u00f3: \u201c<strong><em>Creemos que hay que ser muy responsable a la hora del uso del recurso agua y ah\u00ed deber\u00e1n intervenir entes provinciales que sean agentes de contralor, respecto de las perforaciones y los caudales que se utilizan.<\/em><\/strong><em>&nbsp;El uso racional del agua es fundamental para el desarrollo y crecimiento de la agricultura intensiva y extensiva<\/em>\u201d.&nbsp;<\/p>\n<div class=\"todoalfalfa-final-de-la-nota\" id=\"todoalfalfa-3286931728\"><a href=\"https:\/\/www.whatsapp.com\/channel\/0029VbCBmFB9WtBxJsD3eC2i\" target=\"_blank\" aria-label=\"5\"><img src=\"https:\/\/i0.wp.com\/www.todoalfalfa.com.ar\/noticias\/wp-content\/uploads\/2026\/04\/5.gif?fit=728%2C90&#038;ssl=1\" alt=\"\"  width=\"728\" height=\"90\"   \/><\/a><\/div>","protected":false},"excerpt":{"rendered":"<p>Un panel, conformado por empresas, analizar la importancia de esta alternativa en la agricultura. Se mostrar\u00e1n equipos disponibles para argentina. Aquiles Salinas, director del INTA Manfredi y experto en riego, anticip\u00f3 lo que se podr\u00e1 ver en la jornada. <\/p>\n","protected":false},"author":9,"featured_media":48684,"comment_status":"closed","ping_status":"open","sticky":false,"template":"","format":"standard","meta":{"jetpack_post_was_ever_published":false,"_jetpack_newsletter_access":"","_jetpack_dont_email_post_to_subs":false,"_jetpack_newsletter_tier_id":0,"_jetpack_memberships_contains_paywalled_content":false,"_jetpack_memberships_contains_paid_content":false,"footnotes":""},"categories":[2],"tags":[105,1874,578,36,21,121,91],"class_list":["post-48683","post","type-post","status-publish","format-standard","has-post-thumbnail","hentry","category-generales","tag-argentina","tag-club-del-riego","tag-expoagro","tag-inta","tag-produccion","tag-riego","tag-siembra"],"yoast_head":"<!-- This site is optimized with the Yoast SEO plugin v25.5 - https:\/\/yoast.com\/wordpress\/plugins\/seo\/ -->\n<title>El riego, punto de debate en ExpoAgro\u00a0<\/title>\n<meta name=\"robots\" content=\"index, follow, max-snippet:-1, max-image-preview:large, max-video-preview:-1\" \/>\n<link rel=\"canonical\" href=\"https:\/\/www.todoalfalfa.com.ar\/noticias\/el-riego-punto-de-debate-en-expoagro\/\" \/>\n<meta property=\"og:locale\" content=\"es_ES\" \/>\n<meta property=\"og:type\" content=\"article\" \/>\n<meta property=\"og:title\" content=\"El riego, punto de debate en ExpoAgro\u00a0\" \/>\n<meta property=\"og:description\" content=\"Un panel, conformado por empresas, analizar la importancia de esta alternativa en la agricultura. Se mostrar\u00e1n equipos disponibles para argentina. Aquiles Salinas, director del INTA Manfredi y experto en riego, anticip\u00f3 lo que se podr\u00e1 ver en la jornada.\" \/>\n<meta property=\"og:url\" content=\"https:\/\/www.todoalfalfa.com.ar\/noticias\/el-riego-punto-de-debate-en-expoagro\/\" \/>\n<meta property=\"og:site_name\" content=\"Todo Alfalfa\" \/>\n<meta property=\"article:publisher\" content=\"https:\/\/www.facebook.com\/todoalfalfa\" \/>\n<meta property=\"article:published_time\" content=\"2025-03-07T16:55:52+00:00\" \/>\n<meta property=\"article:modified_time\" content=\"2025-03-07T16:55:55+00:00\" \/>\n<meta property=\"og:image\" content=\"https:\/\/www.todoalfalfa.com.ar\/noticias\/wp-content\/uploads\/2025\/03\/Descargar-foto-de-portada.jpeg\" \/>\n\t<meta property=\"og:image:width\" content=\"2560\" \/>\n\t<meta property=\"og:image:height\" content=\"1702\" \/>\n\t<meta property=\"og:image:type\" content=\"image\/jpeg\" \/>\n<meta name=\"author\" content=\"Todo Alfalfa\" \/>\n<meta name=\"twitter:card\" content=\"summary_large_image\" \/>\n<meta name=\"twitter:label1\" content=\"Escrito por\" \/>\n\t<meta name=\"twitter:data1\" content=\"Todo Alfalfa\" \/>\n\t<meta name=\"twitter:label2\" content=\"Tiempo de lectura\" \/>\n\t<meta name=\"twitter:data2\" content=\"4 minutos\" \/>\n<script type=\"application\/ld+json\" class=\"yoast-schema-graph\">{\"@context\":\"https:\/\/schema.org\",\"@graph\":[{\"@type\":\"NewsArticle\",\"@id\":\"https:\/\/www.todoalfalfa.com.ar\/noticias\/el-riego-punto-de-debate-en-expoagro\/#article\",\"isPartOf\":{\"@id\":\"https:\/\/www.todoalfalfa.com.ar\/noticias\/el-riego-punto-de-debate-en-expoagro\/\"},\"author\":{\"name\":\"Todo Alfalfa\",\"@id\":\"https:\/\/www.todoalfalfa.com.ar\/noticias\/#\/schema\/person\/99de93cb711c7015ef658e5321ba9f18\"},\"headline\":\"El riego, punto de debate en ExpoAgro\u00a0\",\"datePublished\":\"2025-03-07T16:55:52+00:00\",\"dateModified\":\"2025-03-07T16:55:55+00:00\",\"mainEntityOfPage\":{\"@id\":\"https:\/\/www.todoalfalfa.com.ar\/noticias\/el-riego-punto-de-debate-en-expoagro\/\"},\"wordCount\":710,\"publisher\":{\"@id\":\"https:\/\/www.todoalfalfa.com.ar\/noticias\/#organization\"},\"image\":{\"@id\":\"https:\/\/www.todoalfalfa.com.ar\/noticias\/el-riego-punto-de-debate-en-expoagro\/#primaryimage\"},\"thumbnailUrl\":\"https:\/\/i0.wp.com\/www.todoalfalfa.com.ar\/noticias\/wp-content\/uploads\/2025\/03\/Descargar-foto-de-portada.jpeg?fit=2560%2C1702&ssl=1\",\"keywords\":[\"Argentina\",\"Club del Riego\",\"Expoagro\",\"inta\",\"producci\u00f3n\",\"riego\",\"siembra\"],\"articleSection\":[\"Generales\"],\"inLanguage\":\"es\"},{\"@type\":[\"WebPage\",\"ItemPage\"],\"@id\":\"https:\/\/www.todoalfalfa.com.ar\/noticias\/el-riego-punto-de-debate-en-expoagro\/\",\"url\":\"https:\/\/www.todoalfalfa.com.ar\/noticias\/el-riego-punto-de-debate-en-expoagro\/\",\"name\":\"El riego, punto de debate en ExpoAgro\u00a0\",\"isPartOf\":{\"@id\":\"https:\/\/www.todoalfalfa.com.ar\/noticias\/#website\"},\"primaryImageOfPage\":{\"@id\":\"https:\/\/www.todoalfalfa.com.ar\/noticias\/el-riego-punto-de-debate-en-expoagro\/#primaryimage\"},\"image\":{\"@id\":\"https:\/\/www.todoalfalfa.com.ar\/noticias\/el-riego-punto-de-debate-en-expoagro\/#primaryimage\"},\"thumbnailUrl\":\"https:\/\/i0.wp.com\/www.todoalfalfa.com.ar\/noticias\/wp-content\/uploads\/2025\/03\/Descargar-foto-de-portada.jpeg?fit=2560%2C1702&ssl=1\",\"datePublished\":\"2025-03-07T16:55:52+00:00\",\"dateModified\":\"2025-03-07T16:55:55+00:00\",\"breadcrumb\":{\"@id\":\"https:\/\/www.todoalfalfa.com.ar\/noticias\/el-riego-punto-de-debate-en-expoagro\/#breadcrumb\"},\"inLanguage\":\"es\",\"potentialAction\":[{\"@type\":\"ReadAction\",\"target\":[\"https:\/\/www.todoalfalfa.com.ar\/noticias\/el-riego-punto-de-debate-en-expoagro\/\"]}]},{\"@type\":\"ImageObject\",\"inLanguage\":\"es\",\"@id\":\"https:\/\/www.todoalfalfa.com.ar\/noticias\/el-riego-punto-de-debate-en-expoagro\/#primaryimage\",\"url\":\"https:\/\/i0.wp.com\/www.todoalfalfa.com.ar\/noticias\/wp-content\/uploads\/2025\/03\/Descargar-foto-de-portada.jpeg?fit=2560%2C1702&ssl=1\",\"contentUrl\":\"https:\/\/i0.wp.com\/www.todoalfalfa.com.ar\/noticias\/wp-content\/uploads\/2025\/03\/Descargar-foto-de-portada.jpeg?fit=2560%2C1702&ssl=1\",\"width\":2560,\"height\":1702},{\"@type\":\"BreadcrumbList\",\"@id\":\"https:\/\/www.todoalfalfa.com.ar\/noticias\/el-riego-punto-de-debate-en-expoagro\/#breadcrumb\",\"itemListElement\":[{\"@type\":\"ListItem\",\"position\":1,\"name\":\"Principal\",\"item\":\"https:\/\/www.todoalfalfa.com.ar\/noticias\/\"},{\"@type\":\"ListItem\",\"position\":2,\"name\":\"El riego, punto de debate en ExpoAgro\u00a0\"}]},{\"@type\":\"WebSite\",\"@id\":\"https:\/\/www.todoalfalfa.com.ar\/noticias\/#website\",\"url\":\"https:\/\/www.todoalfalfa.com.ar\/noticias\/\",\"name\":\"Todo Alfalfa\",\"description\":\"Web informativa de la cadena de la alfalfa argentina\",\"publisher\":{\"@id\":\"https:\/\/www.todoalfalfa.com.ar\/noticias\/#organization\"},\"potentialAction\":[{\"@type\":\"SearchAction\",\"target\":{\"@type\":\"EntryPoint\",\"urlTemplate\":\"https:\/\/www.todoalfalfa.com.ar\/noticias\/?s={search_term_string}\"},\"query-input\":{\"@type\":\"PropertyValueSpecification\",\"valueRequired\":true,\"valueName\":\"search_term_string\"}}],\"inLanguage\":\"es\"},{\"@type\":\"Organization\",\"@id\":\"https:\/\/www.todoalfalfa.com.ar\/noticias\/#organization\",\"name\":\"Todo Alfalfa\",\"url\":\"https:\/\/www.todoalfalfa.com.ar\/noticias\/\",\"logo\":{\"@type\":\"ImageObject\",\"inLanguage\":\"es\",\"@id\":\"https:\/\/www.todoalfalfa.com.ar\/noticias\/#\/schema\/logo\/image\/\",\"url\":\"https:\/\/www.todoalfalfa.com.ar\/noticias\/wp-content\/uploads\/2020\/09\/logo-todo-alfalfa-modificado.png\",\"contentUrl\":\"https:\/\/www.todoalfalfa.com.ar\/noticias\/wp-content\/uploads\/2020\/09\/logo-todo-alfalfa-modificado.png\",\"width\":350,\"height\":100,\"caption\":\"Todo Alfalfa\"},\"image\":{\"@id\":\"https:\/\/www.todoalfalfa.com.ar\/noticias\/#\/schema\/logo\/image\/\"},\"sameAs\":[\"https:\/\/www.facebook.com\/todoalfalfa\",\"https:\/\/www.instagram.com\/todoalfalfa\",\"https:\/\/www.youtube.com\/@TodoAlfalfa\",\"https:\/\/www.linkedin.com\/company\/todoalfalfa\/\"]},{\"@type\":\"Person\",\"@id\":\"https:\/\/www.todoalfalfa.com.ar\/noticias\/#\/schema\/person\/99de93cb711c7015ef658e5321ba9f18\",\"name\":\"Todo Alfalfa\",\"image\":{\"@type\":\"ImageObject\",\"inLanguage\":\"es\",\"@id\":\"https:\/\/www.todoalfalfa.com.ar\/noticias\/#\/schema\/person\/image\/\",\"url\":\"https:\/\/secure.gravatar.com\/avatar\/50ffd12fb7b268bc2467160730786602db252a270c63104e7c19b5f67b8dd346?s=96&d=mm&r=g\",\"contentUrl\":\"https:\/\/secure.gravatar.com\/avatar\/50ffd12fb7b268bc2467160730786602db252a270c63104e7c19b5f67b8dd346?s=96&d=mm&r=g\",\"caption\":\"Todo Alfalfa\"},\"url\":\"https:\/\/www.todoalfalfa.com.ar\/noticias\/author\/osvaldoiachetta\/\"}]}<\/script>\n<!-- \/ Yoast SEO plugin. -->","yoast_head_json":{"title":"El riego, punto de debate en ExpoAgro\u00a0","robots":{"index":"index","follow":"follow","max-snippet":"max-snippet:-1","max-image-preview":"max-image-preview:large","max-video-preview":"max-video-preview:-1"},"canonical":"https:\/\/www.todoalfalfa.com.ar\/noticias\/el-riego-punto-de-debate-en-expoagro\/","og_locale":"es_ES","og_type":"article","og_title":"El riego, punto de debate en ExpoAgro\u00a0","og_description":"Un panel, conformado por empresas, analizar la importancia de esta alternativa en la agricultura. Se mostrar\u00e1n equipos disponibles para argentina. Aquiles Salinas, director del INTA Manfredi y experto en riego, anticip\u00f3 lo que se podr\u00e1 ver en la jornada.","og_url":"https:\/\/www.todoalfalfa.com.ar\/noticias\/el-riego-punto-de-debate-en-expoagro\/","og_site_name":"Todo Alfalfa","article_publisher":"https:\/\/www.facebook.com\/todoalfalfa","article_published_time":"2025-03-07T16:55:52+00:00","article_modified_time":"2025-03-07T16:55:55+00:00","og_image":[{"width":2560,"height":1702,"url":"https:\/\/www.todoalfalfa.com.ar\/noticias\/wp-content\/uploads\/2025\/03\/Descargar-foto-de-portada.jpeg","type":"image\/jpeg"}],"author":"Todo Alfalfa","twitter_card":"summary_large_image","twitter_misc":{"Escrito por":"Todo Alfalfa","Tiempo de lectura":"4 minutos"},"schema":{"@context":"https:\/\/schema.org","@graph":[{"@type":"NewsArticle","@id":"https:\/\/www.todoalfalfa.com.ar\/noticias\/el-riego-punto-de-debate-en-expoagro\/#article","isPartOf":{"@id":"https:\/\/www.todoalfalfa.com.ar\/noticias\/el-riego-punto-de-debate-en-expoagro\/"},"author":{"name":"Todo Alfalfa","@id":"https:\/\/www.todoalfalfa.com.ar\/noticias\/#\/schema\/person\/99de93cb711c7015ef658e5321ba9f18"},"headline":"El riego, punto de debate en ExpoAgro\u00a0","datePublished":"2025-03-07T16:55:52+00:00","dateModified":"2025-03-07T16:55:55+00:00","mainEntityOfPage":{"@id":"https:\/\/www.todoalfalfa.com.ar\/noticias\/el-riego-punto-de-debate-en-expoagro\/"},"wordCount":710,"publisher":{"@id":"https:\/\/www.todoalfalfa.com.ar\/noticias\/#organization"},"image":{"@id":"https:\/\/www.todoalfalfa.com.ar\/noticias\/el-riego-punto-de-debate-en-expoagro\/#primaryimage"},"thumbnailUrl":"https:\/\/i0.wp.com\/www.todoalfalfa.com.ar\/noticias\/wp-content\/uploads\/2025\/03\/Descargar-foto-de-portada.jpeg?fit=2560%2C1702&ssl=1","keywords":["Argentina","Club del Riego","Expoagro","inta","producci\u00f3n","riego","siembra"],"articleSection":["Generales"],"inLanguage":"es"},{"@type":["WebPage","ItemPage"],"@id":"https:\/\/www.todoalfalfa.com.ar\/noticias\/el-riego-punto-de-debate-en-expoagro\/","url":"https:\/\/www.todoalfalfa.com.ar\/noticias\/el-riego-punto-de-debate-en-expoagro\/","name":"El riego, punto de debate en ExpoAgro\u00a0","isPartOf":{"@id":"https:\/\/www.todoalfalfa.com.ar\/noticias\/#website"},"primaryImageOfPage":{"@id":"https:\/\/www.todoalfalfa.com.ar\/noticias\/el-riego-punto-de-debate-en-expoagro\/#primaryimage"},"image":{"@id":"https:\/\/www.todoalfalfa.com.ar\/noticias\/el-riego-punto-de-debate-en-expoagro\/#primaryimage"},"thumbnailUrl":"https:\/\/i0.wp.com\/www.todoalfalfa.com.ar\/noticias\/wp-content\/uploads\/2025\/03\/Descargar-foto-de-portada.jpeg?fit=2560%2C1702&ssl=1","datePublished":"2025-03-07T16:55:52+00:00","dateModified":"2025-03-07T16:55:55+00:00","breadcrumb":{"@id":"https:\/\/www.todoalfalfa.com.ar\/noticias\/el-riego-punto-de-debate-en-expoagro\/#breadcrumb"},"inLanguage":"es","potentialAction":[{"@type":"ReadAction","target":["https:\/\/www.todoalfalfa.com.ar\/noticias\/el-riego-punto-de-debate-en-expoagro\/"]}]},{"@type":"ImageObject","inLanguage":"es","@id":"https:\/\/www.todoalfalfa.com.ar\/noticias\/el-riego-punto-de-debate-en-expoagro\/#primaryimage","url":"https:\/\/i0.wp.com\/www.todoalfalfa.com.ar\/noticias\/wp-content\/uploads\/2025\/03\/Descargar-foto-de-portada.jpeg?fit=2560%2C1702&ssl=1","contentUrl":"https:\/\/i0.wp.com\/www.todoalfalfa.com.ar\/noticias\/wp-content\/uploads\/2025\/03\/Descargar-foto-de-portada.jpeg?fit=2560%2C1702&ssl=1","width":2560,"height":1702},{"@type":"BreadcrumbList","@id":"https:\/\/www.todoalfalfa.com.ar\/noticias\/el-riego-punto-de-debate-en-expoagro\/#breadcrumb","itemListElement":[{"@type":"ListItem","position":1,"name":"Principal","item":"https:\/\/www.todoalfalfa.com.ar\/noticias\/"},{"@type":"ListItem","position":2,"name":"El riego, punto de debate en ExpoAgro\u00a0"}]},{"@type":"WebSite","@id":"https:\/\/www.todoalfalfa.com.ar\/noticias\/#website","url":"https:\/\/www.todoalfalfa.com.ar\/noticias\/","name":"Todo Alfalfa","description":"Web informativa de la cadena de la alfalfa argentina","publisher":{"@id":"https:\/\/www.todoalfalfa.com.ar\/noticias\/#organization"},"potentialAction":[{"@type":"SearchAction","target":{"@type":"EntryPoint","urlTemplate":"https:\/\/www.todoalfalfa.com.ar\/noticias\/?s={search_term_string}"},"query-input":{"@type":"PropertyValueSpecification","valueRequired":true,"valueName":"search_term_string"}}],"inLanguage":"es"},{"@type":"Organization","@id":"https:\/\/www.todoalfalfa.com.ar\/noticias\/#organization","name":"Todo Alfalfa","url":"https:\/\/www.todoalfalfa.com.ar\/noticias\/","logo":{"@type":"ImageObject","inLanguage":"es","@id":"https:\/\/www.todoalfalfa.com.ar\/noticias\/#\/schema\/logo\/image\/","url":"https:\/\/www.todoalfalfa.com.ar\/noticias\/wp-content\/uploads\/2020\/09\/logo-todo-alfalfa-modificado.png","contentUrl":"https:\/\/www.todoalfalfa.com.ar\/noticias\/wp-content\/uploads\/2020\/09\/logo-todo-alfalfa-modificado.png","width":350,"height":100,"caption":"Todo Alfalfa"},"image":{"@id":"https:\/\/www.todoalfalfa.com.ar\/noticias\/#\/schema\/logo\/image\/"},"sameAs":["https:\/\/www.facebook.com\/todoalfalfa","https:\/\/www.instagram.com\/todoalfalfa","https:\/\/www.youtube.com\/@TodoAlfalfa","https:\/\/www.linkedin.com\/company\/todoalfalfa\/"]},{"@type":"Person","@id":"https:\/\/www.todoalfalfa.com.ar\/noticias\/#\/schema\/person\/99de93cb711c7015ef658e5321ba9f18","name":"Todo Alfalfa","image":{"@type":"ImageObject","inLanguage":"es","@id":"https:\/\/www.todoalfalfa.com.ar\/noticias\/#\/schema\/person\/image\/","url":"https:\/\/secure.gravatar.com\/avatar\/50ffd12fb7b268bc2467160730786602db252a270c63104e7c19b5f67b8dd346?s=96&d=mm&r=g","contentUrl":"https:\/\/secure.gravatar.com\/avatar\/50ffd12fb7b268bc2467160730786602db252a270c63104e7c19b5f67b8dd346?s=96&d=mm&r=g","caption":"Todo Alfalfa"},"url":"https:\/\/www.todoalfalfa.com.ar\/noticias\/author\/osvaldoiachetta\/"}]}},"jetpack_featured_media_url":"https:\/\/i0.wp.com\/www.todoalfalfa.com.ar\/noticias\/wp-content\/uploads\/2025\/03\/Descargar-foto-de-portada.jpeg?fit=2560%2C1702&ssl=1","wps_subtitle":"","jetpack_sharing_enabled":true,"_links":{"self":[{"href":"https:\/\/www.todoalfalfa.com.ar\/noticias\/wp-json\/wp\/v2\/posts\/48683","targetHints":{"allow":["GET"]}}],"collection":[{"href":"https:\/\/www.todoalfalfa.com.ar\/noticias\/wp-json\/wp\/v2\/posts"}],"about":[{"href":"https:\/\/www.todoalfalfa.com.ar\/noticias\/wp-json\/wp\/v2\/types\/post"}],"author":[{"embeddable":true,"href":"https:\/\/www.todoalfalfa.com.ar\/noticias\/wp-json\/wp\/v2\/users\/9"}],"replies":[{"embeddable":true,"href":"https:\/\/www.todoalfalfa.com.ar\/noticias\/wp-json\/wp\/v2\/comments?post=48683"}],"version-history":[{"count":1,"href":"https:\/\/www.todoalfalfa.com.ar\/noticias\/wp-json\/wp\/v2\/posts\/48683\/revisions"}],"predecessor-version":[{"id":48686,"href":"https:\/\/www.todoalfalfa.com.ar\/noticias\/wp-json\/wp\/v2\/posts\/48683\/revisions\/48686"}],"wp:featuredmedia":[{"embeddable":true,"href":"https:\/\/www.todoalfalfa.com.ar\/noticias\/wp-json\/wp\/v2\/media\/48684"}],"wp:attachment":[{"href":"https:\/\/www.todoalfalfa.com.ar\/noticias\/wp-json\/wp\/v2\/media?parent=48683"}],"wp:term":[{"taxonomy":"category","embeddable":true,"href":"https:\/\/www.todoalfalfa.com.ar\/noticias\/wp-json\/wp\/v2\/categories?post=48683"},{"taxonomy":"post_tag","embeddable":true,"href":"https:\/\/www.todoalfalfa.com.ar\/noticias\/wp-json\/wp\/v2\/tags?post=48683"}],"curies":[{"name":"wp","href":"https:\/\/api.w.org\/{rel}","templated":true}]}}