{"id":48692,"date":"2025-03-08T13:49:45","date_gmt":"2025-03-08T16:49:45","guid":{"rendered":"https:\/\/www.todoalfalfa.com.ar\/noticias\/?p=48692"},"modified":"2025-03-08T13:53:45","modified_gmt":"2025-03-08T16:53:45","slug":"implantacion-de-pasturas-lo-que-hay-que-saber","status":"publish","type":"post","link":"https:\/\/www.todoalfalfa.com.ar\/noticias\/implantacion-de-pasturas-lo-que-hay-que-saber\/","title":{"rendered":"Implantaci\u00f3n de pasturas: lo que hay que saber"},"content":{"rendered":"\n<p>La siembra de pasturas arrancar\u00e1 en las pr\u00f3ximas semanas, y trat\u00e1ndose de una inversi\u00f3n costosa y que debe durar al menos 4 a\u00f1os, es clave \u201carrancar con el pie derecho\u201d. Productores ganaderos referentes de las<a href=\"https:\/\/www.aapresid.org.ar\/regionales\"><strong>\u00a0Regionales Aapresid<\/strong><\/a>\u00a0nos adelantan sus estrategias.\u00a0<\/p>\n\n\n\n<p>Jorge Mazzieri de la&nbsp;<strong>Regional Aapresid Justiniano Posse,&nbsp;<\/strong>coordina un planteo integrado con ciclo completo y adelanta que la primera clave est\u00e1 en la&nbsp;<strong>gesti\u00f3n del agua:<\/strong>&nbsp;\u201c<em>en los \u00faltimos a\u00f1os la pastura se est\u00e1 encontrando como antecesor no muy lejano de otra pastura. En un escenario donde cada vez llueve menos y de manera m\u00e1s err\u00e1tica, esto puede ser un problema porque despu\u00e9s de 4-5 a\u00f1os, la pradera vac\u00eda el perfil y deprime la napa m\u00e1s que un cultivo agr\u00edcola\u201d&nbsp;<\/em><\/p>\n\n\n\n<p><em>\u201cEsto obliga a repensar estrategias: hay que<\/em><strong><em>&nbsp;asegurarse que a los 2 metros el perfil est\u00e9 lleno<\/em><\/strong><em>; sino se termina sembrando sobre un \u2018s\u00e1ndwich de tierra seca\u2019 y eso condiciona el logro y durabilidad de especies como la alfalfa<\/em>\u201d, agrega.<\/p>\n\n\n\n<p>En el caso de Mazzieri, la apuesta comienza mucho antes de la actual siembra, cortando el ciclo de la pastura anterior en enero para acumular agua hasta marzo, cuando siembra avena. En caso de no lograr la recarga deseada, pasa a un sorgo forrajero a fines de octubre, difiriendo el consumo del \u00faltimo rebrote a junio o julio siguientes. Durante el verano que sigue promociona malezas que se aprovechan con los animales y que contin\u00faan acumulando agua y generando \u201ccontinuidad hidr\u00e1ulica\u201d en profundidad mediante las ra\u00edces.&nbsp;<\/p>\n\n\n\n<p>Otra clave es arrancar con&nbsp;<strong>lotes libres de malezas<\/strong>.&nbsp;<em>\u201cLas gram\u00edneas se controlan cuando se corta el ciclo del sorgo, y las de hoja ancha remanentes con un control posterior, dirigido seg\u00fan las especies, para evitar que aporten al banco de semilla\u201d<\/em>, explica Mazzieri.&nbsp;<\/p>\n\n\n\n<p>En la misma l\u00ednea, Carlos Jusit&nbsp;<strong>(Regional Aapresid 25 de Mayo)&nbsp;<\/strong>advierte: \u201c<em>si el lote tiene gramilla antes de la siembra, por alg\u00fan escape, no sembramos pastura. Las malezas se deben controlar sistem\u00e1ticamente en los cultivos previos\u201d.&nbsp;<\/em>En su caso, elige para pasturas los lotes que vienen de uno o dos a\u00f1os de ma\u00edz de pastoreo seguidos por girasol.<\/p>\n\n\n\n<p><img data-recalc-dims=\"1\" fetchpriority=\"high\" decoding=\"async\" src=\"https:\/\/i0.wp.com\/www.expoagro.com.ar\/wp-content\/uploads\/cuerpo1-1.jpeg?resize=868%2C651&#038;ssl=1\" alt=\"Desde 25 de Mayo, Carlos Jusit elige para pasturas los lotes que vienen de uno o dos a\u00f1os de ma\u00edz de pastoreo seguidos por girasol.\" width=\"868\" height=\"651\" srcset=\"https:\/\/www.expoagro.com.ar\/wp-content\/uploads\/cuerpo1-1.jpeg 868w, https:\/\/www.expoagro.com.ar\/wp-content\/uploads\/cuerpo1-1-300x225.jpeg 300w, https:\/\/www.expoagro.com.ar\/wp-content\/uploads\/cuerpo1-1-768x576.jpeg 768w\"><\/p>\n\n\n\n<p id=\"caption-attachment-11140107\">Desde 25 de Mayo, Carlos Jusit elige para pasturas los lotes que vienen de uno o dos a\u00f1os de ma\u00edz de pastoreo seguidos por girasol.<\/p>\n\n\n\n<p>Otra premisa es la&nbsp;<strong>elecci\u00f3n de especies<\/strong>. Desde Quem\u00fa Quem\u00fa, Jos\u00e9 Berretta<strong>&nbsp;(Regional Aapresid La Pampa)&nbsp;<\/strong>hace ciclo completo apostando a pasturas perennes y las elige cuidadosamente seg\u00fan el ambiente: \u201c<em>en lotes de mayor potencial, con presencia de napas, mezclamos alfalfa, con pasto ovillo, cebadilla y festuca. En lotes m\u00e1s arenosos, eliminamos el pasto ovillo, que es de m\u00e1s dif\u00edcil logro y persistencia, y subimos los porcentajes de cebadilla y de festuca. En bajos hacemos alfalfa con agropiro, y en lomas arenosas, con peligro de erosi\u00f3n, pasto llor\u00f3n.\u201d<\/em><\/p>\n\n\n\n<p><img data-recalc-dims=\"1\" decoding=\"async\" src=\"https:\/\/i0.wp.com\/www.expoagro.com.ar\/wp-content\/uploads\/cuerpo2-1.jpeg?resize=960%2C720&#038;ssl=1\" alt=\"En Quem\u00fa Jos\u00e9 Berretta elige las mezclas seg\u00fan el ambiente: alfalfa, pasto ovillo, cebadilla y festuca en lotes de mayor potencial, alfalfa con agropiro en bajos, y pasto llor\u00f3n en lomas erosionables.&nbsp;\" width=\"960\" height=\"720\" srcset=\"https:\/\/www.expoagro.com.ar\/wp-content\/uploads\/cuerpo2-1.jpeg 960w, https:\/\/www.expoagro.com.ar\/wp-content\/uploads\/cuerpo2-1-300x225.jpeg 300w, https:\/\/www.expoagro.com.ar\/wp-content\/uploads\/cuerpo2-1-768x576.jpeg 768w\"><\/p>\n\n\n\n<p id=\"caption-attachment-11140106\">En Quem\u00fa Jos\u00e9 Berretta elige las mezclas seg\u00fan el ambiente: alfalfa, pasto ovillo, cebadilla y festuca en lotes de mayor potencial, alfalfa con agropiro en bajos, y pasto llor\u00f3n en lomas erosionables.&nbsp;<\/p>\n\n\n\n<p>Desde el sudoeste bonaerense, Martin Marino (<strong>Regional Aapresid Guamin\u00ed-Carhu\u00e9<\/strong>) elige&nbsp; mezclas de base alfalfa, consociada en su mayor\u00eda con pasto ovillo y festuca, que siembra en la primera quincena de marzo, para evitar heladas en los primeros estadios. \u201c<em>Sembramos sobre antecesor trigo o cebada, lo que asegura un lote limpio de malezas, que solo requiere alg\u00fan pre emergente en pre siembra y un repaso en julio\u201d,&nbsp;<\/em>advierte Marino, quien aprovecha para destacar la profesionalizaci\u00f3n de la actividad en los \u00faltimos a\u00f1os:&nbsp;<em>\u201cpas\u00f3 de estar en el fondo del campo y con los \u00faltimos recursos a tener un papel central en la rotaci\u00f3n, sobre todo en campo propio y en manos de gente que la hace bien\u201d.&nbsp;<\/em><\/p>\n\n\n\n<p><strong>La siembra<\/strong><\/p>\n\n\n\n<p>Para Berreta, la&nbsp;<strong>siembra en directa<\/strong>&nbsp;no se discute:&nbsp;<em>\u201cen esta zona semi\u00e1rida, hacer las pasturas en siembra directa es clave para conservar la humedad y evitar la erosi\u00f3n e\u00f3lica de suelos con 85% arena. En los sistemas mixtos, si trabajas con buena cobertura, no ten\u00e9s el problema de endurecimiento superficial para poner la semilla de alfalfa\u201d<\/em>.<\/p>\n\n\n\n<p>Marino elige la misma apuesta: \u201c<em>En el sudeste bonaerense, los vientos limitan bastante la humedad en el primer cent\u00edmetro. La SD nos permite conservar la cobertura, achicando muchas limitantes y garantizando el \u00e9xito de la operaci\u00f3n\u201d&nbsp;<\/em><\/p>\n\n\n\n<p>Por su parte,<strong>&nbsp;Mazzieri<\/strong>&nbsp;agrega:&nbsp;<em>\u201cpasamos con la sembradora dos veces, una primera pasada en sentido diagonal para sembrar las gram\u00edneas de la mezcla \u2013 que permiten ser sembradas a mayor profundidad \u2013 , y una segunda para la alfalfa pasando por el eje principal del lote con una regulaci\u00f3n m\u00e1s superficial. Este \u2018trapezoide\u2019 restringe las malezas\u201d.<\/em><\/p>\n\n\n\n<p>En 25 de Mayo, Jusit&nbsp;<strong>le saca a la sembradora la colita de castor y levanta las ruedas tapadoras<\/strong>:&nbsp;&nbsp;<em>\u201cTratamos de que la semilla quede arriba con el surco apenas derrumbado, lo que facilita el nacimiento\u201d.&nbsp;<\/em>A su vez coment\u00f3 que en todos los tubos de bajada siembran la mezcla de especies elegidas, mientras que&nbsp;<strong>Berretta&nbsp;<\/strong>pone la alfalfa en todos los tubos y las gram\u00edneas tubo por medio.<\/p>\n\n\n\n<p><strong>La correcta nutrici\u00f3n&nbsp;<\/strong><\/p>\n\n\n\n<p><strong>Esteban Ciarlo, Coordinador T\u00e9cnico de FERTILIZAR AC<\/strong>, asegura que la correcta fertilizaci\u00f3n es fundamental no solo para mejorar la producci\u00f3n de materia seca y la disponibilidad de forraje, incrementando la productividad animal, sino que tambi\u00e9n contribuye a la sostenibilidad del sistema al aumentar la materia org\u00e1nica del suelo y mantener su fertilidad a largo plazo.&nbsp;<em>\u201cAdem\u00e1s, una fertilizaci\u00f3n adecuada puede mejorar la calidad del forraje, aumentando su contenido de nutrientes y su digestibilidad\u201d,<\/em>&nbsp;agrega.&nbsp;<\/p>\n\n\n\n<p>Para dise\u00f1ar una correcta estrategia de nutrici\u00f3n desde el comienzo, el primer paso es el&nbsp;<strong>an\u00e1lisis de suelo<\/strong>&nbsp;para determinar nutrientes disponibles, deficiencias espec\u00edficas que permitan dise\u00f1ar un plan que contemple la oferta y las necesidades de las especies forrajeras.&nbsp;<\/p>\n\n\n\n<p>El fertilizante, que se suele aplicar a la siembra por cuestiones operativas, se elige seg\u00fan los&nbsp;<strong>nutrientes a aplicar<\/strong>, lo que depende de los requerimientos de las especies.&nbsp;<em>\u201cPor ejemplo, las leguminosas como alfalfa pueden fijar el nitr\u00f3geno desde el aire, pero responden fuertemente a la fertilizaci\u00f3n fosforada\u00bb.<\/em>&nbsp;Gram\u00edneas como raigr\u00e1s, responden preferentemente a la fertilizaci\u00f3n nitrogenada, mostrando un aumento en la producci\u00f3n de biomasa y en la calidad del forraje.<\/p>\n\n\n\n<p>En cuanto a&nbsp;<strong>dosis<\/strong>, depende de los requerimientos de la especie:&nbsp;<em>\u201cpara producir 1 tonelada de materia seca, la alfalfa precisa cerca de 400 kg de N, 300 kg de K y 40 kg de P\u201d.<\/em><\/p>\n\n\n\n<p>Ciarlo destaca la importancia de la&nbsp;<strong>re-fertilizaci\u00f3n&nbsp;<\/strong>frecuente:&nbsp;<em>\u201cdebido a los altos niveles de extracci\u00f3n de nutrientes por las pasturas, si no se refertiliza en a\u00f1os posteriores se pierde potencialidad de producci\u00f3n forrajera, e incluso stand de plantas\u201d.<\/em><\/p>\n\n\n\n<p>Fuente: <a href=\"https:\/\/www.expoagro.com.ar\/implantacion-de-pasturas-lo-que-hay-que-saber\/\" target=\"_blank\" rel=\"noreferrer noopener\">ExpoAgro<\/a><\/p>\n<div class=\"todoalfalfa-final-de-la-nota\" id=\"todoalfalfa-2546730979\"><a href=\"https:\/\/www.whatsapp.com\/channel\/0029VbCBmFB9WtBxJsD3eC2i\" target=\"_blank\" aria-label=\"5\"><img src=\"https:\/\/i0.wp.com\/www.todoalfalfa.com.ar\/noticias\/wp-content\/uploads\/2026\/04\/5.gif?fit=728%2C90&#038;ssl=1\" alt=\"\"  width=\"728\" height=\"90\"   \/><\/a><\/div>","protected":false},"excerpt":{"rendered":"<p>Productores ganaderos referentes de distintas regiones comparten sus estrategias para lograr una pastura exitosa. Ingresa a la nota y conoce las estrategias de productores de diversos puntos de la regi\u00f3n centro.<\/p>\n","protected":false},"author":9,"featured_media":48693,"comment_status":"closed","ping_status":"open","sticky":false,"template":"","format":"standard","meta":{"jetpack_post_was_ever_published":false,"_jetpack_newsletter_access":"","_jetpack_dont_email_post_to_subs":false,"_jetpack_newsletter_tier_id":0,"_jetpack_memberships_contains_paywalled_content":false,"_jetpack_memberships_contains_paid_content":false,"footnotes":""},"categories":[2],"tags":[325,270,17,91],"class_list":["post-48692","post","type-post","status-publish","format-standard","has-post-thumbnail","hentry","category-generales","tag-aapresid","tag-claves","tag-pasturas","tag-siembra"],"yoast_head":"<!-- This site is optimized with the Yoast SEO plugin v25.5 - https:\/\/yoast.com\/wordpress\/plugins\/seo\/ -->\n<title>Implantaci\u00f3n de pasturas: lo que hay que saber<\/title>\n<meta name=\"robots\" content=\"index, follow, max-snippet:-1, max-image-preview:large, max-video-preview:-1\" \/>\n<link rel=\"canonical\" href=\"https:\/\/www.todoalfalfa.com.ar\/noticias\/implantacion-de-pasturas-lo-que-hay-que-saber\/\" \/>\n<meta property=\"og:locale\" content=\"es_ES\" \/>\n<meta property=\"og:type\" content=\"article\" \/>\n<meta property=\"og:title\" content=\"Implantaci\u00f3n de pasturas: lo que hay que saber\" \/>\n<meta property=\"og:description\" content=\"Productores ganaderos referentes de distintas regiones comparten sus estrategias para lograr una pastura exitosa. Ingresa a la nota y conoce las estrategias de productores de diversos puntos de la regi\u00f3n centro.\" \/>\n<meta property=\"og:url\" content=\"https:\/\/www.todoalfalfa.com.ar\/noticias\/implantacion-de-pasturas-lo-que-hay-que-saber\/\" \/>\n<meta property=\"og:site_name\" content=\"Todo Alfalfa\" \/>\n<meta property=\"article:publisher\" content=\"https:\/\/www.facebook.com\/todoalfalfa\" \/>\n<meta property=\"article:published_time\" content=\"2025-03-08T16:49:45+00:00\" \/>\n<meta property=\"article:modified_time\" content=\"2025-03-08T16:53:45+00:00\" \/>\n<meta property=\"og:image\" content=\"https:\/\/www.todoalfalfa.com.ar\/noticias\/wp-content\/uploads\/2025\/03\/pasturas-1.jpeg\" \/>\n\t<meta property=\"og:image:width\" content=\"1280\" \/>\n\t<meta property=\"og:image:height\" content=\"720\" \/>\n\t<meta property=\"og:image:type\" content=\"image\/jpeg\" \/>\n<meta name=\"author\" content=\"Todo Alfalfa\" \/>\n<meta name=\"twitter:card\" content=\"summary_large_image\" \/>\n<meta name=\"twitter:label1\" content=\"Escrito por\" \/>\n\t<meta name=\"twitter:data1\" content=\"Todo Alfalfa\" \/>\n\t<meta name=\"twitter:label2\" content=\"Tiempo de lectura\" \/>\n\t<meta name=\"twitter:data2\" content=\"6 minutos\" \/>\n<script type=\"application\/ld+json\" class=\"yoast-schema-graph\">{\"@context\":\"https:\/\/schema.org\",\"@graph\":[{\"@type\":\"NewsArticle\",\"@id\":\"https:\/\/www.todoalfalfa.com.ar\/noticias\/implantacion-de-pasturas-lo-que-hay-que-saber\/#article\",\"isPartOf\":{\"@id\":\"https:\/\/www.todoalfalfa.com.ar\/noticias\/implantacion-de-pasturas-lo-que-hay-que-saber\/\"},\"author\":{\"name\":\"Todo Alfalfa\",\"@id\":\"https:\/\/www.todoalfalfa.com.ar\/noticias\/#\/schema\/person\/99de93cb711c7015ef658e5321ba9f18\"},\"headline\":\"Implantaci\u00f3n de pasturas: lo que hay que saber\",\"datePublished\":\"2025-03-08T16:49:45+00:00\",\"dateModified\":\"2025-03-08T16:53:45+00:00\",\"mainEntityOfPage\":{\"@id\":\"https:\/\/www.todoalfalfa.com.ar\/noticias\/implantacion-de-pasturas-lo-que-hay-que-saber\/\"},\"wordCount\":1217,\"publisher\":{\"@id\":\"https:\/\/www.todoalfalfa.com.ar\/noticias\/#organization\"},\"image\":{\"@id\":\"https:\/\/www.todoalfalfa.com.ar\/noticias\/implantacion-de-pasturas-lo-que-hay-que-saber\/#primaryimage\"},\"thumbnailUrl\":\"https:\/\/i0.wp.com\/www.todoalfalfa.com.ar\/noticias\/wp-content\/uploads\/2025\/03\/pasturas-1.jpeg?fit=1280%2C720&ssl=1\",\"keywords\":[\"aapresid\",\"claves\",\"pasturas\",\"siembra\"],\"articleSection\":[\"Generales\"],\"inLanguage\":\"es\"},{\"@type\":[\"WebPage\",\"ItemPage\"],\"@id\":\"https:\/\/www.todoalfalfa.com.ar\/noticias\/implantacion-de-pasturas-lo-que-hay-que-saber\/\",\"url\":\"https:\/\/www.todoalfalfa.com.ar\/noticias\/implantacion-de-pasturas-lo-que-hay-que-saber\/\",\"name\":\"Implantaci\u00f3n de pasturas: lo que hay que saber\",\"isPartOf\":{\"@id\":\"https:\/\/www.todoalfalfa.com.ar\/noticias\/#website\"},\"primaryImageOfPage\":{\"@id\":\"https:\/\/www.todoalfalfa.com.ar\/noticias\/implantacion-de-pasturas-lo-que-hay-que-saber\/#primaryimage\"},\"image\":{\"@id\":\"https:\/\/www.todoalfalfa.com.ar\/noticias\/implantacion-de-pasturas-lo-que-hay-que-saber\/#primaryimage\"},\"thumbnailUrl\":\"https:\/\/i0.wp.com\/www.todoalfalfa.com.ar\/noticias\/wp-content\/uploads\/2025\/03\/pasturas-1.jpeg?fit=1280%2C720&ssl=1\",\"datePublished\":\"2025-03-08T16:49:45+00:00\",\"dateModified\":\"2025-03-08T16:53:45+00:00\",\"breadcrumb\":{\"@id\":\"https:\/\/www.todoalfalfa.com.ar\/noticias\/implantacion-de-pasturas-lo-que-hay-que-saber\/#breadcrumb\"},\"inLanguage\":\"es\",\"potentialAction\":[{\"@type\":\"ReadAction\",\"target\":[\"https:\/\/www.todoalfalfa.com.ar\/noticias\/implantacion-de-pasturas-lo-que-hay-que-saber\/\"]}]},{\"@type\":\"ImageObject\",\"inLanguage\":\"es\",\"@id\":\"https:\/\/www.todoalfalfa.com.ar\/noticias\/implantacion-de-pasturas-lo-que-hay-que-saber\/#primaryimage\",\"url\":\"https:\/\/i0.wp.com\/www.todoalfalfa.com.ar\/noticias\/wp-content\/uploads\/2025\/03\/pasturas-1.jpeg?fit=1280%2C720&ssl=1\",\"contentUrl\":\"https:\/\/i0.wp.com\/www.todoalfalfa.com.ar\/noticias\/wp-content\/uploads\/2025\/03\/pasturas-1.jpeg?fit=1280%2C720&ssl=1\",\"width\":1280,\"height\":720},{\"@type\":\"BreadcrumbList\",\"@id\":\"https:\/\/www.todoalfalfa.com.ar\/noticias\/implantacion-de-pasturas-lo-que-hay-que-saber\/#breadcrumb\",\"itemListElement\":[{\"@type\":\"ListItem\",\"position\":1,\"name\":\"Principal\",\"item\":\"https:\/\/www.todoalfalfa.com.ar\/noticias\/\"},{\"@type\":\"ListItem\",\"position\":2,\"name\":\"Implantaci\u00f3n de pasturas: lo que hay que saber\"}]},{\"@type\":\"WebSite\",\"@id\":\"https:\/\/www.todoalfalfa.com.ar\/noticias\/#website\",\"url\":\"https:\/\/www.todoalfalfa.com.ar\/noticias\/\",\"name\":\"Todo Alfalfa\",\"description\":\"Web informativa de la cadena de la alfalfa argentina\",\"publisher\":{\"@id\":\"https:\/\/www.todoalfalfa.com.ar\/noticias\/#organization\"},\"potentialAction\":[{\"@type\":\"SearchAction\",\"target\":{\"@type\":\"EntryPoint\",\"urlTemplate\":\"https:\/\/www.todoalfalfa.com.ar\/noticias\/?s={search_term_string}\"},\"query-input\":{\"@type\":\"PropertyValueSpecification\",\"valueRequired\":true,\"valueName\":\"search_term_string\"}}],\"inLanguage\":\"es\"},{\"@type\":\"Organization\",\"@id\":\"https:\/\/www.todoalfalfa.com.ar\/noticias\/#organization\",\"name\":\"Todo Alfalfa\",\"url\":\"https:\/\/www.todoalfalfa.com.ar\/noticias\/\",\"logo\":{\"@type\":\"ImageObject\",\"inLanguage\":\"es\",\"@id\":\"https:\/\/www.todoalfalfa.com.ar\/noticias\/#\/schema\/logo\/image\/\",\"url\":\"https:\/\/www.todoalfalfa.com.ar\/noticias\/wp-content\/uploads\/2020\/09\/logo-todo-alfalfa-modificado.png\",\"contentUrl\":\"https:\/\/www.todoalfalfa.com.ar\/noticias\/wp-content\/uploads\/2020\/09\/logo-todo-alfalfa-modificado.png\",\"width\":350,\"height\":100,\"caption\":\"Todo Alfalfa\"},\"image\":{\"@id\":\"https:\/\/www.todoalfalfa.com.ar\/noticias\/#\/schema\/logo\/image\/\"},\"sameAs\":[\"https:\/\/www.facebook.com\/todoalfalfa\",\"https:\/\/www.instagram.com\/todoalfalfa\",\"https:\/\/www.youtube.com\/@TodoAlfalfa\",\"https:\/\/www.linkedin.com\/company\/todoalfalfa\/\"]},{\"@type\":\"Person\",\"@id\":\"https:\/\/www.todoalfalfa.com.ar\/noticias\/#\/schema\/person\/99de93cb711c7015ef658e5321ba9f18\",\"name\":\"Todo Alfalfa\",\"image\":{\"@type\":\"ImageObject\",\"inLanguage\":\"es\",\"@id\":\"https:\/\/www.todoalfalfa.com.ar\/noticias\/#\/schema\/person\/image\/\",\"url\":\"https:\/\/secure.gravatar.com\/avatar\/50ffd12fb7b268bc2467160730786602db252a270c63104e7c19b5f67b8dd346?s=96&d=mm&r=g\",\"contentUrl\":\"https:\/\/secure.gravatar.com\/avatar\/50ffd12fb7b268bc2467160730786602db252a270c63104e7c19b5f67b8dd346?s=96&d=mm&r=g\",\"caption\":\"Todo Alfalfa\"},\"url\":\"https:\/\/www.todoalfalfa.com.ar\/noticias\/author\/osvaldoiachetta\/\"}]}<\/script>\n<!-- \/ Yoast SEO plugin. -->","yoast_head_json":{"title":"Implantaci\u00f3n de pasturas: lo que hay que saber","robots":{"index":"index","follow":"follow","max-snippet":"max-snippet:-1","max-image-preview":"max-image-preview:large","max-video-preview":"max-video-preview:-1"},"canonical":"https:\/\/www.todoalfalfa.com.ar\/noticias\/implantacion-de-pasturas-lo-que-hay-que-saber\/","og_locale":"es_ES","og_type":"article","og_title":"Implantaci\u00f3n de pasturas: lo que hay que saber","og_description":"Productores ganaderos referentes de distintas regiones comparten sus estrategias para lograr una pastura exitosa. Ingresa a la nota y conoce las estrategias de productores de diversos puntos de la regi\u00f3n centro.","og_url":"https:\/\/www.todoalfalfa.com.ar\/noticias\/implantacion-de-pasturas-lo-que-hay-que-saber\/","og_site_name":"Todo Alfalfa","article_publisher":"https:\/\/www.facebook.com\/todoalfalfa","article_published_time":"2025-03-08T16:49:45+00:00","article_modified_time":"2025-03-08T16:53:45+00:00","og_image":[{"width":1280,"height":720,"url":"https:\/\/www.todoalfalfa.com.ar\/noticias\/wp-content\/uploads\/2025\/03\/pasturas-1.jpeg","type":"image\/jpeg"}],"author":"Todo Alfalfa","twitter_card":"summary_large_image","twitter_misc":{"Escrito por":"Todo Alfalfa","Tiempo de lectura":"6 minutos"},"schema":{"@context":"https:\/\/schema.org","@graph":[{"@type":"NewsArticle","@id":"https:\/\/www.todoalfalfa.com.ar\/noticias\/implantacion-de-pasturas-lo-que-hay-que-saber\/#article","isPartOf":{"@id":"https:\/\/www.todoalfalfa.com.ar\/noticias\/implantacion-de-pasturas-lo-que-hay-que-saber\/"},"author":{"name":"Todo Alfalfa","@id":"https:\/\/www.todoalfalfa.com.ar\/noticias\/#\/schema\/person\/99de93cb711c7015ef658e5321ba9f18"},"headline":"Implantaci\u00f3n de pasturas: lo que hay que saber","datePublished":"2025-03-08T16:49:45+00:00","dateModified":"2025-03-08T16:53:45+00:00","mainEntityOfPage":{"@id":"https:\/\/www.todoalfalfa.com.ar\/noticias\/implantacion-de-pasturas-lo-que-hay-que-saber\/"},"wordCount":1217,"publisher":{"@id":"https:\/\/www.todoalfalfa.com.ar\/noticias\/#organization"},"image":{"@id":"https:\/\/www.todoalfalfa.com.ar\/noticias\/implantacion-de-pasturas-lo-que-hay-que-saber\/#primaryimage"},"thumbnailUrl":"https:\/\/i0.wp.com\/www.todoalfalfa.com.ar\/noticias\/wp-content\/uploads\/2025\/03\/pasturas-1.jpeg?fit=1280%2C720&ssl=1","keywords":["aapresid","claves","pasturas","siembra"],"articleSection":["Generales"],"inLanguage":"es"},{"@type":["WebPage","ItemPage"],"@id":"https:\/\/www.todoalfalfa.com.ar\/noticias\/implantacion-de-pasturas-lo-que-hay-que-saber\/","url":"https:\/\/www.todoalfalfa.com.ar\/noticias\/implantacion-de-pasturas-lo-que-hay-que-saber\/","name":"Implantaci\u00f3n de pasturas: lo que hay que saber","isPartOf":{"@id":"https:\/\/www.todoalfalfa.com.ar\/noticias\/#website"},"primaryImageOfPage":{"@id":"https:\/\/www.todoalfalfa.com.ar\/noticias\/implantacion-de-pasturas-lo-que-hay-que-saber\/#primaryimage"},"image":{"@id":"https:\/\/www.todoalfalfa.com.ar\/noticias\/implantacion-de-pasturas-lo-que-hay-que-saber\/#primaryimage"},"thumbnailUrl":"https:\/\/i0.wp.com\/www.todoalfalfa.com.ar\/noticias\/wp-content\/uploads\/2025\/03\/pasturas-1.jpeg?fit=1280%2C720&ssl=1","datePublished":"2025-03-08T16:49:45+00:00","dateModified":"2025-03-08T16:53:45+00:00","breadcrumb":{"@id":"https:\/\/www.todoalfalfa.com.ar\/noticias\/implantacion-de-pasturas-lo-que-hay-que-saber\/#breadcrumb"},"inLanguage":"es","potentialAction":[{"@type":"ReadAction","target":["https:\/\/www.todoalfalfa.com.ar\/noticias\/implantacion-de-pasturas-lo-que-hay-que-saber\/"]}]},{"@type":"ImageObject","inLanguage":"es","@id":"https:\/\/www.todoalfalfa.com.ar\/noticias\/implantacion-de-pasturas-lo-que-hay-que-saber\/#primaryimage","url":"https:\/\/i0.wp.com\/www.todoalfalfa.com.ar\/noticias\/wp-content\/uploads\/2025\/03\/pasturas-1.jpeg?fit=1280%2C720&ssl=1","contentUrl":"https:\/\/i0.wp.com\/www.todoalfalfa.com.ar\/noticias\/wp-content\/uploads\/2025\/03\/pasturas-1.jpeg?fit=1280%2C720&ssl=1","width":1280,"height":720},{"@type":"BreadcrumbList","@id":"https:\/\/www.todoalfalfa.com.ar\/noticias\/implantacion-de-pasturas-lo-que-hay-que-saber\/#breadcrumb","itemListElement":[{"@type":"ListItem","position":1,"name":"Principal","item":"https:\/\/www.todoalfalfa.com.ar\/noticias\/"},{"@type":"ListItem","position":2,"name":"Implantaci\u00f3n de pasturas: lo que hay que saber"}]},{"@type":"WebSite","@id":"https:\/\/www.todoalfalfa.com.ar\/noticias\/#website","url":"https:\/\/www.todoalfalfa.com.ar\/noticias\/","name":"Todo Alfalfa","description":"Web informativa de la cadena de la alfalfa argentina","publisher":{"@id":"https:\/\/www.todoalfalfa.com.ar\/noticias\/#organization"},"potentialAction":[{"@type":"SearchAction","target":{"@type":"EntryPoint","urlTemplate":"https:\/\/www.todoalfalfa.com.ar\/noticias\/?s={search_term_string}"},"query-input":{"@type":"PropertyValueSpecification","valueRequired":true,"valueName":"search_term_string"}}],"inLanguage":"es"},{"@type":"Organization","@id":"https:\/\/www.todoalfalfa.com.ar\/noticias\/#organization","name":"Todo Alfalfa","url":"https:\/\/www.todoalfalfa.com.ar\/noticias\/","logo":{"@type":"ImageObject","inLanguage":"es","@id":"https:\/\/www.todoalfalfa.com.ar\/noticias\/#\/schema\/logo\/image\/","url":"https:\/\/www.todoalfalfa.com.ar\/noticias\/wp-content\/uploads\/2020\/09\/logo-todo-alfalfa-modificado.png","contentUrl":"https:\/\/www.todoalfalfa.com.ar\/noticias\/wp-content\/uploads\/2020\/09\/logo-todo-alfalfa-modificado.png","width":350,"height":100,"caption":"Todo Alfalfa"},"image":{"@id":"https:\/\/www.todoalfalfa.com.ar\/noticias\/#\/schema\/logo\/image\/"},"sameAs":["https:\/\/www.facebook.com\/todoalfalfa","https:\/\/www.instagram.com\/todoalfalfa","https:\/\/www.youtube.com\/@TodoAlfalfa","https:\/\/www.linkedin.com\/company\/todoalfalfa\/"]},{"@type":"Person","@id":"https:\/\/www.todoalfalfa.com.ar\/noticias\/#\/schema\/person\/99de93cb711c7015ef658e5321ba9f18","name":"Todo Alfalfa","image":{"@type":"ImageObject","inLanguage":"es","@id":"https:\/\/www.todoalfalfa.com.ar\/noticias\/#\/schema\/person\/image\/","url":"https:\/\/secure.gravatar.com\/avatar\/50ffd12fb7b268bc2467160730786602db252a270c63104e7c19b5f67b8dd346?s=96&d=mm&r=g","contentUrl":"https:\/\/secure.gravatar.com\/avatar\/50ffd12fb7b268bc2467160730786602db252a270c63104e7c19b5f67b8dd346?s=96&d=mm&r=g","caption":"Todo Alfalfa"},"url":"https:\/\/www.todoalfalfa.com.ar\/noticias\/author\/osvaldoiachetta\/"}]}},"jetpack_featured_media_url":"https:\/\/i0.wp.com\/www.todoalfalfa.com.ar\/noticias\/wp-content\/uploads\/2025\/03\/pasturas-1.jpeg?fit=1280%2C720&ssl=1","wps_subtitle":"","jetpack_sharing_enabled":true,"_links":{"self":[{"href":"https:\/\/www.todoalfalfa.com.ar\/noticias\/wp-json\/wp\/v2\/posts\/48692","targetHints":{"allow":["GET"]}}],"collection":[{"href":"https:\/\/www.todoalfalfa.com.ar\/noticias\/wp-json\/wp\/v2\/posts"}],"about":[{"href":"https:\/\/www.todoalfalfa.com.ar\/noticias\/wp-json\/wp\/v2\/types\/post"}],"author":[{"embeddable":true,"href":"https:\/\/www.todoalfalfa.com.ar\/noticias\/wp-json\/wp\/v2\/users\/9"}],"replies":[{"embeddable":true,"href":"https:\/\/www.todoalfalfa.com.ar\/noticias\/wp-json\/wp\/v2\/comments?post=48692"}],"version-history":[{"count":2,"href":"https:\/\/www.todoalfalfa.com.ar\/noticias\/wp-json\/wp\/v2\/posts\/48692\/revisions"}],"predecessor-version":[{"id":48696,"href":"https:\/\/www.todoalfalfa.com.ar\/noticias\/wp-json\/wp\/v2\/posts\/48692\/revisions\/48696"}],"wp:featuredmedia":[{"embeddable":true,"href":"https:\/\/www.todoalfalfa.com.ar\/noticias\/wp-json\/wp\/v2\/media\/48693"}],"wp:attachment":[{"href":"https:\/\/www.todoalfalfa.com.ar\/noticias\/wp-json\/wp\/v2\/media?parent=48692"}],"wp:term":[{"taxonomy":"category","embeddable":true,"href":"https:\/\/www.todoalfalfa.com.ar\/noticias\/wp-json\/wp\/v2\/categories?post=48692"},{"taxonomy":"post_tag","embeddable":true,"href":"https:\/\/www.todoalfalfa.com.ar\/noticias\/wp-json\/wp\/v2\/tags?post=48692"}],"curies":[{"name":"wp","href":"https:\/\/api.w.org\/{rel}","templated":true}]}}