{"id":48790,"date":"2025-03-19T15:51:18","date_gmt":"2025-03-19T18:51:18","guid":{"rendered":"https:\/\/www.todoalfalfa.com.ar\/noticias\/?p=48790"},"modified":"2025-03-20T08:11:08","modified_gmt":"2025-03-20T11:11:08","slug":"semillas-nuevas-variedades-y-un-comercio-responsable-de-cara-al-2030","status":"publish","type":"post","link":"https:\/\/www.todoalfalfa.com.ar\/noticias\/semillas-nuevas-variedades-y-un-comercio-responsable-de-cara-al-2030\/","title":{"rendered":"Semillas: \u201cnuevas variedades\u201d y un \u201ccomercio responsable de cara al 2030\u201d\u00a0"},"content":{"rendered":"\n<p>La Cadena Argentina de la Semilla (CAS) estuvo en Expoagro y en el marco de la charla \u201cUniendo esfuerzos para desarrollar nuevas variedades y un comercio responsable al 2030\u201d explic\u00f3 que la alta presencia de semilla ilegal \u201cprovoca falta de inversi\u00f3n, menor productividad y calidad\u201d. Con el objetivo de saldar esta problem\u00e1tica <strong>la CAS trabaja en un plan integral al 2030.<\/strong>&nbsp;<\/p>\n\n\n\n<p>El sector enumer\u00f3 algunas problem\u00e1ticas puntuales&nbsp;&nbsp;&nbsp;<\/p>\n\n\n\n<ul class=\"wp-block-list\">\n<li>Tendencia decreciente, con valores extremadamente bajos en el uso de semilla fiscalizada.&nbsp;<\/li>\n<\/ul>\n\n\n\n<ul class=\"wp-block-list\">\n<li>Altos niveles de semilla ilegal que no se ha logrado disminuir a lo largo de los a\u00f1os.&nbsp;<\/li>\n<\/ul>\n\n\n\n<ul class=\"wp-block-list\">\n<li>A ra\u00edz de los puntos anteriores, cierre de empresas semilleras y p\u00e9rdida de mano de obra en los pueblos del interior del pa\u00eds.&nbsp;<\/li>\n<\/ul>\n\n\n\n<ul class=\"wp-block-list\">\n<li>P\u00e9rdida de productividad por el bajo uso de semillas fiscalizadas. Esto afecta a la industria semillera, al productor agropecuario y al pa\u00eds en su conjunto (menor saldo exportable)&nbsp;<\/li>\n<\/ul>\n\n\n\n<p>Durante la presentaci\u00f3n que se realiz\u00f3 en Expoagro 2025<strong>, desde la C\u00e1mara Argentina De Semilleros Multiplicadores (CASEM) se plante\u00f3 que<\/strong> <strong>existe gran preocupaci\u00f3n por una \u201ctendencia decreciente, con valores extremadamente bajos en el uso de semilla fiscalizada\u201d.<\/strong>&nbsp;<\/p>\n\n\n\n<p>\u201cExisten altos niveles de semilla ilegal que no se ha logrado disminuir a lo largo de los a\u00f1os. A ra\u00edz de esto <strong>hay cierre de empresas semilleras y p\u00e9rdida de mano de obra en los pueblos del interior del pa\u00eds<\/strong>\u201d, puntualizaron desde CASEM.&nbsp;<\/p>\n\n\n\n<p>Desde la c\u00e1mara que agrupa a los semilleros multiplicadores queremos aclarar que \u201cla p\u00e9rdida de productividad por el bajo uso de semillas fiscalizadas afecta a la industria semillera, al productor agropecuario y al pa\u00eds en su conjunto (menor saldo exportable)\u201d.&nbsp;<\/p>\n\n\n\n<p class=\"has-medium-font-size\"><strong>La mirada integral de la cadena<\/strong>&nbsp;<\/p>\n\n\n\n<p>\u201cNuestras actividades abarcan el mejoramiento vegetal empleando diferentes m\u00e9todos de vanguardia mundial, producci\u00f3n, multiplicaci\u00f3n y comercializaci\u00f3n a nivel nacional e internacional de semillas de calidad acreditada. Abarcamos semillas de cultivos extensivos, cultivos industriales tales como algod\u00f3n, man\u00ed y arroz, especies forrajeras, cultivos de servicios y c\u00e9spedes, hort\u00edcolas, y econom\u00edas regionales tales como vid, frut\u00edcolas, entre otros, que impactan en 36 cadenas productivas\u201d, explicaron desde la Cadena Argentina de la Semilla.&nbsp;<\/p>\n\n\n\n<p>Las entidades resaltaron que act\u00faan en todas las zonas agroecol\u00f3gicas del pa\u00eds donde existen condiciones para producir semillas en cantidad y calidad. En total, agrupan a m\u00e1s de 700 empresas y generan aproximadamente 35.000 puestos directos de trabajo.&nbsp;<\/p>\n\n\n\n<p>\u201cNuestra cadena emplea recursos humanos calificados, un gran porcentaje con formaci\u00f3n de grado y posgrado, genera un sentido de identidad y tiene un impacto socioecon\u00f3mico tanto en el territorio, como en nuestro pa\u00eds\u201d, precisaron desde la Cadena Argentina de la Semilla.&nbsp;<\/p>\n\n\n\n<p>En rigor, desde la CAS advierten que, tomando en cuenta diferentes prospectivas vinculadas al sector, si se estabiliza la macroeconom\u00eda, se eliminan los derechos de exportaci\u00f3n y se confirma el acuerdo con el Fondo Monetario Internacional (FMI) Argentina puede llegar a superar los 200 millones de toneladas de granos y 40 millones de hect\u00e1reas sembradas \u201cpara lo cual es necesario continuar invirtiendo hoy en investigaci\u00f3n y desarrollo a fin de alcanzar estos objetivos\u201d. En t\u00e9rminos macroecon\u00f3micos, esto redundar\u00eda en un crecimiento del 3% del PBI.&nbsp;<\/p>\n\n\n\n<p>En tanto, focaliz\u00e1ndonos en el impacto exportador, se generar\u00eda un ingreso adicional de divisas de u$s 40.000 millones, as\u00ed como 870.000 puestos de trabajo.&nbsp;<\/p>\n\n\n\n<p>\u201cNo obstante, nuestra actividad se desarrolla en un mercado con muy alta presencia de semilla ilegal, lo cual provoca falta de inversi\u00f3n, menor productividad y calidad. Como cadena, para acompa\u00f1ar dicho crecimiento y revertir esta situaci\u00f3n, estamos trabajando en un plan al 2030\u201d, expresaron desde la CAS.&nbsp;<\/p>\n\n\n\n<p>Este espacio est\u00e1 conformado por la Asociaci\u00f3n Semilleros Argentinos (ASA), la C\u00e1mara De Semilleristas De La Bolsa De Cereales (CSBC), la C\u00e1mara Argentina De Semilleros Multiplicadores (CASEM), la Asociaci\u00f3n Argentina De Protecci\u00f3n De Las Obtenciones Vegetales (ARPOV), la Asociaci\u00f3n De Laboratorios Privados Agropecuarios (ALAP), la C\u00e1mara Empresaria De Distribuidores De Agroqu\u00edmicos, Semillas Y Afines Bonaerense (CEDASABA) y la Federaci\u00f3n De Distribuidores De Insumos Agropecuarios (FEDIA).&nbsp;<\/p>\n<div class=\"todoalfalfa-final-de-la-nota\" id=\"todoalfalfa-4258483242\"><a href=\"https:\/\/www.whatsapp.com\/channel\/0029VbCBmFB9WtBxJsD3eC2i\" target=\"_blank\" aria-label=\"5\"><img src=\"https:\/\/i0.wp.com\/www.todoalfalfa.com.ar\/noticias\/wp-content\/uploads\/2026\/04\/5.gif?fit=728%2C90&#038;ssl=1\" alt=\"\"  width=\"728\" height=\"90\"   \/><\/a><\/div>","protected":false},"excerpt":{"rendered":"<p>En ExpoAgro remarcaron los problemas que genera la presencia de semilla ilegal como \u201cfalta de inversi\u00f3n, ca\u00edda de productividad y calidad\u201d. En ese marco, apuestan a un plan integral para el 2030. <\/p>\n","protected":false},"author":9,"featured_media":48791,"comment_status":"closed","ping_status":"open","sticky":false,"template":"","format":"standard","meta":{"jetpack_post_was_ever_published":false,"_jetpack_newsletter_access":"","_jetpack_dont_email_post_to_subs":false,"_jetpack_newsletter_tier_id":0,"_jetpack_memberships_contains_paywalled_content":false,"_jetpack_memberships_contains_paid_content":false,"footnotes":""},"categories":[1889,2],"tags":[105,1887,1890,236,1659,21,96,91],"class_list":["post-48790","post","type-post","status-publish","format-standard","has-post-thumbnail","hentry","category-expoagro","category-generales","tag-argentina","tag-cadena-argentina-de-la-semilla","tag-expoagro2025","tag-exportacion","tag-novedades","tag-produccion","tag-semillas","tag-siembra"],"yoast_head":"<!-- This site is optimized with the Yoast SEO plugin v25.5 - https:\/\/yoast.com\/wordpress\/plugins\/seo\/ -->\n<title>Semillas: \u201cnuevas variedades\u201d y un \u201ccomercio responsable de cara al 2030\u201d\u00a0<\/title>\n<meta name=\"robots\" content=\"index, follow, max-snippet:-1, max-image-preview:large, max-video-preview:-1\" \/>\n<link rel=\"canonical\" href=\"https:\/\/www.todoalfalfa.com.ar\/noticias\/semillas-nuevas-variedades-y-un-comercio-responsable-de-cara-al-2030\/\" \/>\n<meta property=\"og:locale\" content=\"es_ES\" \/>\n<meta property=\"og:type\" content=\"article\" \/>\n<meta property=\"og:title\" content=\"Semillas: \u201cnuevas variedades\u201d y un \u201ccomercio responsable de cara al 2030\u201d\u00a0\" \/>\n<meta property=\"og:description\" content=\"En ExpoAgro remarcaron los problemas que genera la presencia de semilla ilegal como \u201cfalta de inversi\u00f3n, ca\u00edda de productividad y calidad\u201d. En ese marco, apuestan a un plan integral para el 2030.\" \/>\n<meta property=\"og:url\" content=\"https:\/\/www.todoalfalfa.com.ar\/noticias\/semillas-nuevas-variedades-y-un-comercio-responsable-de-cara-al-2030\/\" \/>\n<meta property=\"og:site_name\" content=\"Todo Alfalfa\" \/>\n<meta property=\"article:publisher\" content=\"https:\/\/www.facebook.com\/todoalfalfa\" \/>\n<meta property=\"article:published_time\" content=\"2025-03-19T18:51:18+00:00\" \/>\n<meta property=\"article:modified_time\" content=\"2025-03-20T11:11:08+00:00\" \/>\n<meta property=\"og:image\" content=\"https:\/\/www.todoalfalfa.com.ar\/noticias\/wp-content\/uploads\/2025\/03\/Camara-Semilleristas-ExpoAgro-1.jpg\" \/>\n\t<meta property=\"og:image:width\" content=\"853\" \/>\n\t<meta property=\"og:image:height\" content=\"480\" \/>\n\t<meta property=\"og:image:type\" content=\"image\/jpeg\" \/>\n<meta name=\"author\" content=\"Todo Alfalfa\" \/>\n<meta name=\"twitter:card\" content=\"summary_large_image\" \/>\n<meta name=\"twitter:label1\" content=\"Escrito por\" \/>\n\t<meta name=\"twitter:data1\" content=\"Todo Alfalfa\" \/>\n\t<meta name=\"twitter:label2\" content=\"Tiempo de lectura\" \/>\n\t<meta name=\"twitter:data2\" content=\"4 minutos\" \/>\n<script type=\"application\/ld+json\" class=\"yoast-schema-graph\">{\"@context\":\"https:\/\/schema.org\",\"@graph\":[{\"@type\":\"NewsArticle\",\"@id\":\"https:\/\/www.todoalfalfa.com.ar\/noticias\/semillas-nuevas-variedades-y-un-comercio-responsable-de-cara-al-2030\/#article\",\"isPartOf\":{\"@id\":\"https:\/\/www.todoalfalfa.com.ar\/noticias\/semillas-nuevas-variedades-y-un-comercio-responsable-de-cara-al-2030\/\"},\"author\":{\"name\":\"Todo Alfalfa\",\"@id\":\"https:\/\/www.todoalfalfa.com.ar\/noticias\/#\/schema\/person\/99de93cb711c7015ef658e5321ba9f18\"},\"headline\":\"Semillas: \u201cnuevas variedades\u201d y un \u201ccomercio responsable de cara al 2030\u201d\u00a0\",\"datePublished\":\"2025-03-19T18:51:18+00:00\",\"dateModified\":\"2025-03-20T11:11:08+00:00\",\"mainEntityOfPage\":{\"@id\":\"https:\/\/www.todoalfalfa.com.ar\/noticias\/semillas-nuevas-variedades-y-un-comercio-responsable-de-cara-al-2030\/\"},\"wordCount\":717,\"publisher\":{\"@id\":\"https:\/\/www.todoalfalfa.com.ar\/noticias\/#organization\"},\"image\":{\"@id\":\"https:\/\/www.todoalfalfa.com.ar\/noticias\/semillas-nuevas-variedades-y-un-comercio-responsable-de-cara-al-2030\/#primaryimage\"},\"thumbnailUrl\":\"https:\/\/i0.wp.com\/www.todoalfalfa.com.ar\/noticias\/wp-content\/uploads\/2025\/03\/Camara-Semilleristas-ExpoAgro-1.jpg?fit=853%2C480&ssl=1\",\"keywords\":[\"Argentina\",\"Cadena Argentina de la Semilla\",\"ExpoAgro2025\",\"exportaci\u00f3n\",\"Novedades\",\"producci\u00f3n\",\"semillas\",\"siembra\"],\"articleSection\":[\"ExpoAgro\",\"Generales\"],\"inLanguage\":\"es\"},{\"@type\":[\"WebPage\",\"ItemPage\"],\"@id\":\"https:\/\/www.todoalfalfa.com.ar\/noticias\/semillas-nuevas-variedades-y-un-comercio-responsable-de-cara-al-2030\/\",\"url\":\"https:\/\/www.todoalfalfa.com.ar\/noticias\/semillas-nuevas-variedades-y-un-comercio-responsable-de-cara-al-2030\/\",\"name\":\"Semillas: \u201cnuevas variedades\u201d y un \u201ccomercio responsable de cara al 2030\u201d\u00a0\",\"isPartOf\":{\"@id\":\"https:\/\/www.todoalfalfa.com.ar\/noticias\/#website\"},\"primaryImageOfPage\":{\"@id\":\"https:\/\/www.todoalfalfa.com.ar\/noticias\/semillas-nuevas-variedades-y-un-comercio-responsable-de-cara-al-2030\/#primaryimage\"},\"image\":{\"@id\":\"https:\/\/www.todoalfalfa.com.ar\/noticias\/semillas-nuevas-variedades-y-un-comercio-responsable-de-cara-al-2030\/#primaryimage\"},\"thumbnailUrl\":\"https:\/\/i0.wp.com\/www.todoalfalfa.com.ar\/noticias\/wp-content\/uploads\/2025\/03\/Camara-Semilleristas-ExpoAgro-1.jpg?fit=853%2C480&ssl=1\",\"datePublished\":\"2025-03-19T18:51:18+00:00\",\"dateModified\":\"2025-03-20T11:11:08+00:00\",\"breadcrumb\":{\"@id\":\"https:\/\/www.todoalfalfa.com.ar\/noticias\/semillas-nuevas-variedades-y-un-comercio-responsable-de-cara-al-2030\/#breadcrumb\"},\"inLanguage\":\"es\",\"potentialAction\":[{\"@type\":\"ReadAction\",\"target\":[\"https:\/\/www.todoalfalfa.com.ar\/noticias\/semillas-nuevas-variedades-y-un-comercio-responsable-de-cara-al-2030\/\"]}]},{\"@type\":\"ImageObject\",\"inLanguage\":\"es\",\"@id\":\"https:\/\/www.todoalfalfa.com.ar\/noticias\/semillas-nuevas-variedades-y-un-comercio-responsable-de-cara-al-2030\/#primaryimage\",\"url\":\"https:\/\/i0.wp.com\/www.todoalfalfa.com.ar\/noticias\/wp-content\/uploads\/2025\/03\/Camara-Semilleristas-ExpoAgro-1.jpg?fit=853%2C480&ssl=1\",\"contentUrl\":\"https:\/\/i0.wp.com\/www.todoalfalfa.com.ar\/noticias\/wp-content\/uploads\/2025\/03\/Camara-Semilleristas-ExpoAgro-1.jpg?fit=853%2C480&ssl=1\",\"width\":853,\"height\":480},{\"@type\":\"BreadcrumbList\",\"@id\":\"https:\/\/www.todoalfalfa.com.ar\/noticias\/semillas-nuevas-variedades-y-un-comercio-responsable-de-cara-al-2030\/#breadcrumb\",\"itemListElement\":[{\"@type\":\"ListItem\",\"position\":1,\"name\":\"Principal\",\"item\":\"https:\/\/www.todoalfalfa.com.ar\/noticias\/\"},{\"@type\":\"ListItem\",\"position\":2,\"name\":\"Semillas: \u201cnuevas variedades\u201d y un \u201ccomercio responsable de cara al 2030\u201d\u00a0\"}]},{\"@type\":\"WebSite\",\"@id\":\"https:\/\/www.todoalfalfa.com.ar\/noticias\/#website\",\"url\":\"https:\/\/www.todoalfalfa.com.ar\/noticias\/\",\"name\":\"Todo Alfalfa\",\"description\":\"Web informativa de la cadena de la alfalfa argentina\",\"publisher\":{\"@id\":\"https:\/\/www.todoalfalfa.com.ar\/noticias\/#organization\"},\"potentialAction\":[{\"@type\":\"SearchAction\",\"target\":{\"@type\":\"EntryPoint\",\"urlTemplate\":\"https:\/\/www.todoalfalfa.com.ar\/noticias\/?s={search_term_string}\"},\"query-input\":{\"@type\":\"PropertyValueSpecification\",\"valueRequired\":true,\"valueName\":\"search_term_string\"}}],\"inLanguage\":\"es\"},{\"@type\":\"Organization\",\"@id\":\"https:\/\/www.todoalfalfa.com.ar\/noticias\/#organization\",\"name\":\"Todo Alfalfa\",\"url\":\"https:\/\/www.todoalfalfa.com.ar\/noticias\/\",\"logo\":{\"@type\":\"ImageObject\",\"inLanguage\":\"es\",\"@id\":\"https:\/\/www.todoalfalfa.com.ar\/noticias\/#\/schema\/logo\/image\/\",\"url\":\"https:\/\/www.todoalfalfa.com.ar\/noticias\/wp-content\/uploads\/2020\/09\/logo-todo-alfalfa-modificado.png\",\"contentUrl\":\"https:\/\/www.todoalfalfa.com.ar\/noticias\/wp-content\/uploads\/2020\/09\/logo-todo-alfalfa-modificado.png\",\"width\":350,\"height\":100,\"caption\":\"Todo Alfalfa\"},\"image\":{\"@id\":\"https:\/\/www.todoalfalfa.com.ar\/noticias\/#\/schema\/logo\/image\/\"},\"sameAs\":[\"https:\/\/www.facebook.com\/todoalfalfa\",\"https:\/\/www.instagram.com\/todoalfalfa\",\"https:\/\/www.youtube.com\/@TodoAlfalfa\",\"https:\/\/www.linkedin.com\/company\/todoalfalfa\/\"]},{\"@type\":\"Person\",\"@id\":\"https:\/\/www.todoalfalfa.com.ar\/noticias\/#\/schema\/person\/99de93cb711c7015ef658e5321ba9f18\",\"name\":\"Todo Alfalfa\",\"image\":{\"@type\":\"ImageObject\",\"inLanguage\":\"es\",\"@id\":\"https:\/\/www.todoalfalfa.com.ar\/noticias\/#\/schema\/person\/image\/\",\"url\":\"https:\/\/secure.gravatar.com\/avatar\/50ffd12fb7b268bc2467160730786602db252a270c63104e7c19b5f67b8dd346?s=96&d=mm&r=g\",\"contentUrl\":\"https:\/\/secure.gravatar.com\/avatar\/50ffd12fb7b268bc2467160730786602db252a270c63104e7c19b5f67b8dd346?s=96&d=mm&r=g\",\"caption\":\"Todo Alfalfa\"},\"url\":\"https:\/\/www.todoalfalfa.com.ar\/noticias\/author\/osvaldoiachetta\/\"}]}<\/script>\n<!-- \/ Yoast SEO plugin. -->","yoast_head_json":{"title":"Semillas: \u201cnuevas variedades\u201d y un \u201ccomercio responsable de cara al 2030\u201d\u00a0","robots":{"index":"index","follow":"follow","max-snippet":"max-snippet:-1","max-image-preview":"max-image-preview:large","max-video-preview":"max-video-preview:-1"},"canonical":"https:\/\/www.todoalfalfa.com.ar\/noticias\/semillas-nuevas-variedades-y-un-comercio-responsable-de-cara-al-2030\/","og_locale":"es_ES","og_type":"article","og_title":"Semillas: \u201cnuevas variedades\u201d y un \u201ccomercio responsable de cara al 2030\u201d\u00a0","og_description":"En ExpoAgro remarcaron los problemas que genera la presencia de semilla ilegal como \u201cfalta de inversi\u00f3n, ca\u00edda de productividad y calidad\u201d. En ese marco, apuestan a un plan integral para el 2030.","og_url":"https:\/\/www.todoalfalfa.com.ar\/noticias\/semillas-nuevas-variedades-y-un-comercio-responsable-de-cara-al-2030\/","og_site_name":"Todo Alfalfa","article_publisher":"https:\/\/www.facebook.com\/todoalfalfa","article_published_time":"2025-03-19T18:51:18+00:00","article_modified_time":"2025-03-20T11:11:08+00:00","og_image":[{"width":853,"height":480,"url":"https:\/\/www.todoalfalfa.com.ar\/noticias\/wp-content\/uploads\/2025\/03\/Camara-Semilleristas-ExpoAgro-1.jpg","type":"image\/jpeg"}],"author":"Todo Alfalfa","twitter_card":"summary_large_image","twitter_misc":{"Escrito por":"Todo Alfalfa","Tiempo de lectura":"4 minutos"},"schema":{"@context":"https:\/\/schema.org","@graph":[{"@type":"NewsArticle","@id":"https:\/\/www.todoalfalfa.com.ar\/noticias\/semillas-nuevas-variedades-y-un-comercio-responsable-de-cara-al-2030\/#article","isPartOf":{"@id":"https:\/\/www.todoalfalfa.com.ar\/noticias\/semillas-nuevas-variedades-y-un-comercio-responsable-de-cara-al-2030\/"},"author":{"name":"Todo Alfalfa","@id":"https:\/\/www.todoalfalfa.com.ar\/noticias\/#\/schema\/person\/99de93cb711c7015ef658e5321ba9f18"},"headline":"Semillas: \u201cnuevas variedades\u201d y un \u201ccomercio responsable de cara al 2030\u201d\u00a0","datePublished":"2025-03-19T18:51:18+00:00","dateModified":"2025-03-20T11:11:08+00:00","mainEntityOfPage":{"@id":"https:\/\/www.todoalfalfa.com.ar\/noticias\/semillas-nuevas-variedades-y-un-comercio-responsable-de-cara-al-2030\/"},"wordCount":717,"publisher":{"@id":"https:\/\/www.todoalfalfa.com.ar\/noticias\/#organization"},"image":{"@id":"https:\/\/www.todoalfalfa.com.ar\/noticias\/semillas-nuevas-variedades-y-un-comercio-responsable-de-cara-al-2030\/#primaryimage"},"thumbnailUrl":"https:\/\/i0.wp.com\/www.todoalfalfa.com.ar\/noticias\/wp-content\/uploads\/2025\/03\/Camara-Semilleristas-ExpoAgro-1.jpg?fit=853%2C480&ssl=1","keywords":["Argentina","Cadena Argentina de la Semilla","ExpoAgro2025","exportaci\u00f3n","Novedades","producci\u00f3n","semillas","siembra"],"articleSection":["ExpoAgro","Generales"],"inLanguage":"es"},{"@type":["WebPage","ItemPage"],"@id":"https:\/\/www.todoalfalfa.com.ar\/noticias\/semillas-nuevas-variedades-y-un-comercio-responsable-de-cara-al-2030\/","url":"https:\/\/www.todoalfalfa.com.ar\/noticias\/semillas-nuevas-variedades-y-un-comercio-responsable-de-cara-al-2030\/","name":"Semillas: \u201cnuevas variedades\u201d y un \u201ccomercio responsable de cara al 2030\u201d\u00a0","isPartOf":{"@id":"https:\/\/www.todoalfalfa.com.ar\/noticias\/#website"},"primaryImageOfPage":{"@id":"https:\/\/www.todoalfalfa.com.ar\/noticias\/semillas-nuevas-variedades-y-un-comercio-responsable-de-cara-al-2030\/#primaryimage"},"image":{"@id":"https:\/\/www.todoalfalfa.com.ar\/noticias\/semillas-nuevas-variedades-y-un-comercio-responsable-de-cara-al-2030\/#primaryimage"},"thumbnailUrl":"https:\/\/i0.wp.com\/www.todoalfalfa.com.ar\/noticias\/wp-content\/uploads\/2025\/03\/Camara-Semilleristas-ExpoAgro-1.jpg?fit=853%2C480&ssl=1","datePublished":"2025-03-19T18:51:18+00:00","dateModified":"2025-03-20T11:11:08+00:00","breadcrumb":{"@id":"https:\/\/www.todoalfalfa.com.ar\/noticias\/semillas-nuevas-variedades-y-un-comercio-responsable-de-cara-al-2030\/#breadcrumb"},"inLanguage":"es","potentialAction":[{"@type":"ReadAction","target":["https:\/\/www.todoalfalfa.com.ar\/noticias\/semillas-nuevas-variedades-y-un-comercio-responsable-de-cara-al-2030\/"]}]},{"@type":"ImageObject","inLanguage":"es","@id":"https:\/\/www.todoalfalfa.com.ar\/noticias\/semillas-nuevas-variedades-y-un-comercio-responsable-de-cara-al-2030\/#primaryimage","url":"https:\/\/i0.wp.com\/www.todoalfalfa.com.ar\/noticias\/wp-content\/uploads\/2025\/03\/Camara-Semilleristas-ExpoAgro-1.jpg?fit=853%2C480&ssl=1","contentUrl":"https:\/\/i0.wp.com\/www.todoalfalfa.com.ar\/noticias\/wp-content\/uploads\/2025\/03\/Camara-Semilleristas-ExpoAgro-1.jpg?fit=853%2C480&ssl=1","width":853,"height":480},{"@type":"BreadcrumbList","@id":"https:\/\/www.todoalfalfa.com.ar\/noticias\/semillas-nuevas-variedades-y-un-comercio-responsable-de-cara-al-2030\/#breadcrumb","itemListElement":[{"@type":"ListItem","position":1,"name":"Principal","item":"https:\/\/www.todoalfalfa.com.ar\/noticias\/"},{"@type":"ListItem","position":2,"name":"Semillas: \u201cnuevas variedades\u201d y un \u201ccomercio responsable de cara al 2030\u201d\u00a0"}]},{"@type":"WebSite","@id":"https:\/\/www.todoalfalfa.com.ar\/noticias\/#website","url":"https:\/\/www.todoalfalfa.com.ar\/noticias\/","name":"Todo Alfalfa","description":"Web informativa de la cadena de la alfalfa argentina","publisher":{"@id":"https:\/\/www.todoalfalfa.com.ar\/noticias\/#organization"},"potentialAction":[{"@type":"SearchAction","target":{"@type":"EntryPoint","urlTemplate":"https:\/\/www.todoalfalfa.com.ar\/noticias\/?s={search_term_string}"},"query-input":{"@type":"PropertyValueSpecification","valueRequired":true,"valueName":"search_term_string"}}],"inLanguage":"es"},{"@type":"Organization","@id":"https:\/\/www.todoalfalfa.com.ar\/noticias\/#organization","name":"Todo Alfalfa","url":"https:\/\/www.todoalfalfa.com.ar\/noticias\/","logo":{"@type":"ImageObject","inLanguage":"es","@id":"https:\/\/www.todoalfalfa.com.ar\/noticias\/#\/schema\/logo\/image\/","url":"https:\/\/www.todoalfalfa.com.ar\/noticias\/wp-content\/uploads\/2020\/09\/logo-todo-alfalfa-modificado.png","contentUrl":"https:\/\/www.todoalfalfa.com.ar\/noticias\/wp-content\/uploads\/2020\/09\/logo-todo-alfalfa-modificado.png","width":350,"height":100,"caption":"Todo Alfalfa"},"image":{"@id":"https:\/\/www.todoalfalfa.com.ar\/noticias\/#\/schema\/logo\/image\/"},"sameAs":["https:\/\/www.facebook.com\/todoalfalfa","https:\/\/www.instagram.com\/todoalfalfa","https:\/\/www.youtube.com\/@TodoAlfalfa","https:\/\/www.linkedin.com\/company\/todoalfalfa\/"]},{"@type":"Person","@id":"https:\/\/www.todoalfalfa.com.ar\/noticias\/#\/schema\/person\/99de93cb711c7015ef658e5321ba9f18","name":"Todo Alfalfa","image":{"@type":"ImageObject","inLanguage":"es","@id":"https:\/\/www.todoalfalfa.com.ar\/noticias\/#\/schema\/person\/image\/","url":"https:\/\/secure.gravatar.com\/avatar\/50ffd12fb7b268bc2467160730786602db252a270c63104e7c19b5f67b8dd346?s=96&d=mm&r=g","contentUrl":"https:\/\/secure.gravatar.com\/avatar\/50ffd12fb7b268bc2467160730786602db252a270c63104e7c19b5f67b8dd346?s=96&d=mm&r=g","caption":"Todo Alfalfa"},"url":"https:\/\/www.todoalfalfa.com.ar\/noticias\/author\/osvaldoiachetta\/"}]}},"jetpack_featured_media_url":"https:\/\/i0.wp.com\/www.todoalfalfa.com.ar\/noticias\/wp-content\/uploads\/2025\/03\/Camara-Semilleristas-ExpoAgro-1.jpg?fit=853%2C480&ssl=1","wps_subtitle":"","jetpack_sharing_enabled":true,"_links":{"self":[{"href":"https:\/\/www.todoalfalfa.com.ar\/noticias\/wp-json\/wp\/v2\/posts\/48790","targetHints":{"allow":["GET"]}}],"collection":[{"href":"https:\/\/www.todoalfalfa.com.ar\/noticias\/wp-json\/wp\/v2\/posts"}],"about":[{"href":"https:\/\/www.todoalfalfa.com.ar\/noticias\/wp-json\/wp\/v2\/types\/post"}],"author":[{"embeddable":true,"href":"https:\/\/www.todoalfalfa.com.ar\/noticias\/wp-json\/wp\/v2\/users\/9"}],"replies":[{"embeddable":true,"href":"https:\/\/www.todoalfalfa.com.ar\/noticias\/wp-json\/wp\/v2\/comments?post=48790"}],"version-history":[{"count":1,"href":"https:\/\/www.todoalfalfa.com.ar\/noticias\/wp-json\/wp\/v2\/posts\/48790\/revisions"}],"predecessor-version":[{"id":48793,"href":"https:\/\/www.todoalfalfa.com.ar\/noticias\/wp-json\/wp\/v2\/posts\/48790\/revisions\/48793"}],"wp:featuredmedia":[{"embeddable":true,"href":"https:\/\/www.todoalfalfa.com.ar\/noticias\/wp-json\/wp\/v2\/media\/48791"}],"wp:attachment":[{"href":"https:\/\/www.todoalfalfa.com.ar\/noticias\/wp-json\/wp\/v2\/media?parent=48790"}],"wp:term":[{"taxonomy":"category","embeddable":true,"href":"https:\/\/www.todoalfalfa.com.ar\/noticias\/wp-json\/wp\/v2\/categories?post=48790"},{"taxonomy":"post_tag","embeddable":true,"href":"https:\/\/www.todoalfalfa.com.ar\/noticias\/wp-json\/wp\/v2\/tags?post=48790"}],"curies":[{"name":"wp","href":"https:\/\/api.w.org\/{rel}","templated":true}]}}