{"id":48794,"date":"2025-03-19T15:57:44","date_gmt":"2025-03-19T18:57:44","guid":{"rendered":"https:\/\/www.todoalfalfa.com.ar\/noticias\/?p=48794"},"modified":"2025-03-20T08:10:40","modified_gmt":"2025-03-20T11:10:40","slug":"pasturas-claves-para-sacarles-el-jugo","status":"publish","type":"post","link":"https:\/\/www.todoalfalfa.com.ar\/noticias\/pasturas-claves-para-sacarles-el-jugo\/","title":{"rendered":"Pasturas, claves para \u201csacarles el jugo\u201d\u00a0"},"content":{"rendered":"\n<p>La implantaci\u00f3n de pasturas es un recurso que se hace cada cuatro a\u00f1os y hay recaudos que deben tenerse en cuenta y son claves a la ahora de pensar la siembra. Es un cultivo que requiere una alta inversi\u00f3n inicial, \u201cpero que diluido en esos cuatro a\u00f1os termina siendo un recurso forrajero barato si es bien utilizado\u201d, asegur\u00f3 Martin Marino (Regional Aapresid Guamin\u00ed-Carhu\u00e9) en di\u00e1logo con TodoAlfalfa.&nbsp;<\/p>\n\n\n\n<p>Desde la carpa de Aapresid, en ExpoAgro, el productor del sudoeste bonaerense recomend\u00f3 apuntar a los \u201crecaudos de implantaci\u00f3n\u201d y enumer\u00f3:&nbsp;<\/p>\n\n\n\n<ul class=\"wp-block-list\">\n<li>Nivel de humedad del suelo&nbsp;<\/li>\n<\/ul>\n\n\n\n<ul class=\"wp-block-list\">\n<li>Recarga de prefil&nbsp;<\/li>\n<\/ul>\n\n\n\n<ul class=\"wp-block-list\">\n<li>Barbecho limpio (asegura el \u00e9xito de implantaci\u00f3n)&nbsp;<\/li>\n<\/ul>\n\n\n\n<p>Para el productor de carne (ya sea de cr\u00eda, recr\u00eda o invernada) los n\u00fameros est\u00e1n cerrando por lo que \u201ces momento de hacer inversiones; momento de arrancar bien\u201d, asegur\u00f3 y pidi\u00f3 previsibilidad para el forraje.&nbsp;<\/p>\n\n\n\n<p>\u00abEl pasto termina siendo lo m\u00e1s barato al momento de alimentar ganado, sea el que sea, tambo, vaca de cr\u00eda o invernada. Entonces ser previsores en eso y tratar de cumplir todos los pasos al pie de letra antes de la implantaci\u00f3n son los que aseguran el \u00e9xito\u201d, indic\u00f3.&nbsp;<\/p>\n\n\n\n<figure class=\"wp-block-image size-large\"><img data-recalc-dims=\"1\" fetchpriority=\"high\" decoding=\"async\" width=\"1024\" height=\"576\" src=\"https:\/\/i0.wp.com\/www.todoalfalfa.com.ar\/noticias\/wp-content\/uploads\/2025\/03\/20250312_171009.jpg?resize=1024%2C576&#038;ssl=1\" alt=\"\" class=\"wp-image-48796\" srcset=\"https:\/\/i0.wp.com\/www.todoalfalfa.com.ar\/noticias\/wp-content\/uploads\/2025\/03\/20250312_171009-scaled.jpg?resize=1024%2C576&amp;ssl=1 1024w, https:\/\/i0.wp.com\/www.todoalfalfa.com.ar\/noticias\/wp-content\/uploads\/2025\/03\/20250312_171009-scaled.jpg?resize=300%2C169&amp;ssl=1 300w, https:\/\/i0.wp.com\/www.todoalfalfa.com.ar\/noticias\/wp-content\/uploads\/2025\/03\/20250312_171009-scaled.jpg?resize=768%2C432&amp;ssl=1 768w, https:\/\/i0.wp.com\/www.todoalfalfa.com.ar\/noticias\/wp-content\/uploads\/2025\/03\/20250312_171009-scaled.jpg?resize=1536%2C864&amp;ssl=1 1536w, https:\/\/i0.wp.com\/www.todoalfalfa.com.ar\/noticias\/wp-content\/uploads\/2025\/03\/20250312_171009-scaled.jpg?resize=2048%2C1152&amp;ssl=1 2048w, https:\/\/i0.wp.com\/www.todoalfalfa.com.ar\/noticias\/wp-content\/uploads\/2025\/03\/20250312_171009-scaled.jpg?resize=777%2C437&amp;ssl=1 777w, https:\/\/i0.wp.com\/www.todoalfalfa.com.ar\/noticias\/wp-content\/uploads\/2025\/03\/20250312_171009-scaled.jpg?resize=180%2C101&amp;ssl=1 180w, https:\/\/i0.wp.com\/www.todoalfalfa.com.ar\/noticias\/wp-content\/uploads\/2025\/03\/20250312_171009-scaled.jpg?resize=260%2C146&amp;ssl=1 260w, https:\/\/i0.wp.com\/www.todoalfalfa.com.ar\/noticias\/wp-content\/uploads\/2025\/03\/20250312_171009-scaled.jpg?resize=373%2C210&amp;ssl=1 373w, https:\/\/i0.wp.com\/www.todoalfalfa.com.ar\/noticias\/wp-content\/uploads\/2025\/03\/20250312_171009-scaled.jpg?resize=120%2C67&amp;ssl=1 120w\" sizes=\"(max-width: 1000px) 100vw, 1000px\" \/><\/figure>\n\n\n\n<p>Con la \u201cprofesionalizaci\u00f3n del sector\u201d reconoce que los productores \u201cno ponen la misma alfalfa en todos los lotes\u201d y ya se selecciona m\u00e1s, eligiendo variedad, grupo, \u201cse pone el foco en eso\u201d, remarc\u00f3.&nbsp;<\/p>\n\n\n\n<p class=\"has-medium-font-size\"><strong>Para ser buen ganadero, primero tenes que ser buen agricultor&nbsp;<\/strong><\/p>\n\n\n\n<p>Marino tiene claro que la eficiencia es lo que te va a permitir crecer. \u00abHay que ser igual de eficiente para producir un kilo de ma\u00edz o un kilo de soja\u201d.&nbsp;<\/p>\n\n\n\n<p>Hay que ver la producci\u00f3n de alfalfa como una agricultura. \u201cPara ser buen ganadero primero hay que ser buen agricultor porque hay que darle para comer a las vacas\u201d, asegur\u00f3.&nbsp;&nbsp;<\/p>\n\n\n\n<p>Pero tambi\u00e9n indic\u00f3 que el productor \u201cdebe llevar los n\u00fameros\u201d algo que no es simple en ganaderia, pero se debe llevar la mayor precisi\u00f3n posible. \u00abLa misma precisi\u00f3n que hay que tener en el lote, en el metro cuadrado, hay que tenerlo con los n\u00fameros; porque hoy las actividades son o no rentables de acuerdo a lo que uno pueda prever antes de iniciar\u201d, augur\u00f3.&nbsp;<\/p>\n\n\n\n<p>Destac\u00f3 que el ciclo ganadero no es de seis meses como un cultivo de soja o ma\u00edz, son m\u00e1s largos por lo que \u201cuno tiene que tomar la mejor decisi\u00f3n anticipadamente\u201d&nbsp;<\/p>\n\n\n\n<p>Cerr\u00f3 indicando que preve un 2025 \u201cdesde lo productivo un a\u00f1o espectacular, porque arrancamos el invierno con la recarga del perfil, que nos da esa tranquilidad de que lo vamos a pasar con pasto\u201d.&nbsp;<\/p>\n\n\n\n<p>Sin embargo desde el lado econ\u00f3mico preve \u00abun a\u00f1o complicado, pero tengo toda la fe que los productores saben hacer las cosas y que van a saber afrontar esto con los recaudos necesarios, as\u00ed que entiendo que vamos a terminar un a\u00f1o con \u00e9xito\u201d.&nbsp;&nbsp;<\/p>\n\n\n\n<p>Valor\u00f3 positivamente la apertura de la exportaci\u00f3n de ganado en pie y sostuvo: \u00abtodas las medidas que aporten previsibilidad y permitan&nbsp; trabajar en el largo plazo al sector le viene bien. Nosotros lo vemos como una medida positiva en el marco de que tenemos una oportunidad m\u00e1s\u201d.&nbsp;&nbsp;<\/p>\n\n\n\n<figure class=\"wp-block-embed is-type-wp-embed is-provider-todo-alfalfa wp-block-embed-todo-alfalfa\"><div class=\"wp-block-embed__wrapper\">\n<blockquote class=\"wp-embedded-content\" data-secret=\"QzUtFASAzY\"><a href=\"https:\/\/www.todoalfalfa.com.ar\/noticias\/implantacion-de-pasturas-lo-que-hay-que-saber\/\">Implantaci\u00f3n de pasturas: lo que hay que saber<\/a><\/blockquote><iframe class=\"wp-embedded-content\" sandbox=\"allow-scripts\" security=\"restricted\" style=\"position: absolute; visibility: hidden;\" title=\"\u00abImplantaci\u00f3n de pasturas: lo que hay que saber\u00bb \u2014 Todo Alfalfa\" src=\"https:\/\/www.todoalfalfa.com.ar\/noticias\/implantacion-de-pasturas-lo-que-hay-que-saber\/embed\/#?secret=c5slgoftru#?secret=QzUtFASAzY\" data-secret=\"QzUtFASAzY\" width=\"500\" height=\"282\" frameborder=\"0\" marginwidth=\"0\" marginheight=\"0\" scrolling=\"no\"><\/iframe>\n<\/div><\/figure>\n<div class=\"todoalfalfa-final-de-la-nota\" id=\"todoalfalfa-3381199988\"><a href=\"https:\/\/www.whatsapp.com\/channel\/0029VbCBmFB9WtBxJsD3eC2i\" target=\"_blank\" aria-label=\"5\"><img src=\"https:\/\/i0.wp.com\/www.todoalfalfa.com.ar\/noticias\/wp-content\/uploads\/2026\/04\/5.gif?fit=728%2C90&#038;ssl=1\" alt=\"\"  width=\"728\" height=\"90\"   \/><\/a><\/div>","protected":false},"excerpt":{"rendered":"<p>Mart\u00edn Marino es integrante de Aapresid y en di\u00e1logo con TodoAlfalfa habl\u00f3 sobre la siembra de pasturas para la producci\u00f3n de carne o leche. Analiz\u00f3 la realidad del sector y valor\u00f3 la previsibilidad con las medidas que el gobierno anunci\u00f3. <\/p>\n","protected":false},"author":9,"featured_media":48795,"comment_status":"closed","ping_status":"open","sticky":false,"template":"","format":"standard","meta":{"jetpack_post_was_ever_published":false,"_jetpack_newsletter_access":"","_jetpack_dont_email_post_to_subs":false,"_jetpack_newsletter_tier_id":0,"_jetpack_memberships_contains_paywalled_content":false,"_jetpack_memberships_contains_paid_content":false,"footnotes":""},"categories":[1889,2],"tags":[325,105,1890,54,1659,17,21,91],"class_list":["post-48794","post","type-post","status-publish","format-standard","has-post-thumbnail","hentry","category-expoagro","category-generales","tag-aapresid","tag-argentina","tag-expoagro2025","tag-forrajes","tag-novedades","tag-pasturas","tag-produccion","tag-siembra"],"yoast_head":"<!-- This site is optimized with the Yoast SEO plugin v25.5 - https:\/\/yoast.com\/wordpress\/plugins\/seo\/ -->\n<title>Pasturas, claves para \u201csacarles el jugo\u201d\u00a0<\/title>\n<meta name=\"robots\" content=\"index, follow, max-snippet:-1, max-image-preview:large, max-video-preview:-1\" \/>\n<link rel=\"canonical\" href=\"https:\/\/www.todoalfalfa.com.ar\/noticias\/pasturas-claves-para-sacarles-el-jugo\/\" \/>\n<meta property=\"og:locale\" content=\"es_ES\" \/>\n<meta property=\"og:type\" content=\"article\" \/>\n<meta property=\"og:title\" content=\"Pasturas, claves para \u201csacarles el jugo\u201d\u00a0\" \/>\n<meta property=\"og:description\" content=\"Mart\u00edn Marino es integrante de Aapresid y en di\u00e1logo con TodoAlfalfa habl\u00f3 sobre la siembra de pasturas para la producci\u00f3n de carne o leche. Analiz\u00f3 la realidad del sector y valor\u00f3 la previsibilidad con las medidas que el gobierno anunci\u00f3.\" \/>\n<meta property=\"og:url\" content=\"https:\/\/www.todoalfalfa.com.ar\/noticias\/pasturas-claves-para-sacarles-el-jugo\/\" \/>\n<meta property=\"og:site_name\" content=\"Todo Alfalfa\" \/>\n<meta property=\"article:publisher\" content=\"https:\/\/www.facebook.com\/todoalfalfa\" \/>\n<meta property=\"article:published_time\" content=\"2025-03-19T18:57:44+00:00\" \/>\n<meta property=\"article:modified_time\" content=\"2025-03-20T11:10:40+00:00\" \/>\n<meta property=\"og:image\" content=\"https:\/\/www.todoalfalfa.com.ar\/noticias\/wp-content\/uploads\/2025\/03\/Captura-de-pantalla-2025-03-19-154227.png\" \/>\n\t<meta property=\"og:image:width\" content=\"635\" \/>\n\t<meta property=\"og:image:height\" content=\"358\" \/>\n\t<meta property=\"og:image:type\" content=\"image\/png\" \/>\n<meta name=\"author\" content=\"Todo Alfalfa\" \/>\n<meta name=\"twitter:card\" content=\"summary_large_image\" \/>\n<meta name=\"twitter:label1\" content=\"Escrito por\" \/>\n\t<meta name=\"twitter:data1\" content=\"Todo Alfalfa\" \/>\n\t<meta name=\"twitter:label2\" content=\"Tiempo de lectura\" \/>\n\t<meta name=\"twitter:data2\" content=\"3 minutos\" \/>\n<script type=\"application\/ld+json\" class=\"yoast-schema-graph\">{\"@context\":\"https:\/\/schema.org\",\"@graph\":[{\"@type\":\"NewsArticle\",\"@id\":\"https:\/\/www.todoalfalfa.com.ar\/noticias\/pasturas-claves-para-sacarles-el-jugo\/#article\",\"isPartOf\":{\"@id\":\"https:\/\/www.todoalfalfa.com.ar\/noticias\/pasturas-claves-para-sacarles-el-jugo\/\"},\"author\":{\"name\":\"Todo Alfalfa\",\"@id\":\"https:\/\/www.todoalfalfa.com.ar\/noticias\/#\/schema\/person\/99de93cb711c7015ef658e5321ba9f18\"},\"headline\":\"Pasturas, claves para \u201csacarles el jugo\u201d\u00a0\",\"datePublished\":\"2025-03-19T18:57:44+00:00\",\"dateModified\":\"2025-03-20T11:10:40+00:00\",\"mainEntityOfPage\":{\"@id\":\"https:\/\/www.todoalfalfa.com.ar\/noticias\/pasturas-claves-para-sacarles-el-jugo\/\"},\"wordCount\":577,\"publisher\":{\"@id\":\"https:\/\/www.todoalfalfa.com.ar\/noticias\/#organization\"},\"image\":{\"@id\":\"https:\/\/www.todoalfalfa.com.ar\/noticias\/pasturas-claves-para-sacarles-el-jugo\/#primaryimage\"},\"thumbnailUrl\":\"https:\/\/i0.wp.com\/www.todoalfalfa.com.ar\/noticias\/wp-content\/uploads\/2025\/03\/Captura-de-pantalla-2025-03-19-154227.png?fit=635%2C358&ssl=1\",\"keywords\":[\"aapresid\",\"Argentina\",\"ExpoAgro2025\",\"forrajes\",\"Novedades\",\"pasturas\",\"producci\u00f3n\",\"siembra\"],\"articleSection\":[\"ExpoAgro\",\"Generales\"],\"inLanguage\":\"es\"},{\"@type\":[\"WebPage\",\"ItemPage\"],\"@id\":\"https:\/\/www.todoalfalfa.com.ar\/noticias\/pasturas-claves-para-sacarles-el-jugo\/\",\"url\":\"https:\/\/www.todoalfalfa.com.ar\/noticias\/pasturas-claves-para-sacarles-el-jugo\/\",\"name\":\"Pasturas, claves para \u201csacarles el jugo\u201d\u00a0\",\"isPartOf\":{\"@id\":\"https:\/\/www.todoalfalfa.com.ar\/noticias\/#website\"},\"primaryImageOfPage\":{\"@id\":\"https:\/\/www.todoalfalfa.com.ar\/noticias\/pasturas-claves-para-sacarles-el-jugo\/#primaryimage\"},\"image\":{\"@id\":\"https:\/\/www.todoalfalfa.com.ar\/noticias\/pasturas-claves-para-sacarles-el-jugo\/#primaryimage\"},\"thumbnailUrl\":\"https:\/\/i0.wp.com\/www.todoalfalfa.com.ar\/noticias\/wp-content\/uploads\/2025\/03\/Captura-de-pantalla-2025-03-19-154227.png?fit=635%2C358&ssl=1\",\"datePublished\":\"2025-03-19T18:57:44+00:00\",\"dateModified\":\"2025-03-20T11:10:40+00:00\",\"breadcrumb\":{\"@id\":\"https:\/\/www.todoalfalfa.com.ar\/noticias\/pasturas-claves-para-sacarles-el-jugo\/#breadcrumb\"},\"inLanguage\":\"es\",\"potentialAction\":[{\"@type\":\"ReadAction\",\"target\":[\"https:\/\/www.todoalfalfa.com.ar\/noticias\/pasturas-claves-para-sacarles-el-jugo\/\"]}]},{\"@type\":\"ImageObject\",\"inLanguage\":\"es\",\"@id\":\"https:\/\/www.todoalfalfa.com.ar\/noticias\/pasturas-claves-para-sacarles-el-jugo\/#primaryimage\",\"url\":\"https:\/\/i0.wp.com\/www.todoalfalfa.com.ar\/noticias\/wp-content\/uploads\/2025\/03\/Captura-de-pantalla-2025-03-19-154227.png?fit=635%2C358&ssl=1\",\"contentUrl\":\"https:\/\/i0.wp.com\/www.todoalfalfa.com.ar\/noticias\/wp-content\/uploads\/2025\/03\/Captura-de-pantalla-2025-03-19-154227.png?fit=635%2C358&ssl=1\",\"width\":635,\"height\":358},{\"@type\":\"BreadcrumbList\",\"@id\":\"https:\/\/www.todoalfalfa.com.ar\/noticias\/pasturas-claves-para-sacarles-el-jugo\/#breadcrumb\",\"itemListElement\":[{\"@type\":\"ListItem\",\"position\":1,\"name\":\"Principal\",\"item\":\"https:\/\/www.todoalfalfa.com.ar\/noticias\/\"},{\"@type\":\"ListItem\",\"position\":2,\"name\":\"Pasturas, claves para \u201csacarles el jugo\u201d\u00a0\"}]},{\"@type\":\"WebSite\",\"@id\":\"https:\/\/www.todoalfalfa.com.ar\/noticias\/#website\",\"url\":\"https:\/\/www.todoalfalfa.com.ar\/noticias\/\",\"name\":\"Todo Alfalfa\",\"description\":\"Web informativa de la cadena de la alfalfa argentina\",\"publisher\":{\"@id\":\"https:\/\/www.todoalfalfa.com.ar\/noticias\/#organization\"},\"potentialAction\":[{\"@type\":\"SearchAction\",\"target\":{\"@type\":\"EntryPoint\",\"urlTemplate\":\"https:\/\/www.todoalfalfa.com.ar\/noticias\/?s={search_term_string}\"},\"query-input\":{\"@type\":\"PropertyValueSpecification\",\"valueRequired\":true,\"valueName\":\"search_term_string\"}}],\"inLanguage\":\"es\"},{\"@type\":\"Organization\",\"@id\":\"https:\/\/www.todoalfalfa.com.ar\/noticias\/#organization\",\"name\":\"Todo Alfalfa\",\"url\":\"https:\/\/www.todoalfalfa.com.ar\/noticias\/\",\"logo\":{\"@type\":\"ImageObject\",\"inLanguage\":\"es\",\"@id\":\"https:\/\/www.todoalfalfa.com.ar\/noticias\/#\/schema\/logo\/image\/\",\"url\":\"https:\/\/www.todoalfalfa.com.ar\/noticias\/wp-content\/uploads\/2020\/09\/logo-todo-alfalfa-modificado.png\",\"contentUrl\":\"https:\/\/www.todoalfalfa.com.ar\/noticias\/wp-content\/uploads\/2020\/09\/logo-todo-alfalfa-modificado.png\",\"width\":350,\"height\":100,\"caption\":\"Todo Alfalfa\"},\"image\":{\"@id\":\"https:\/\/www.todoalfalfa.com.ar\/noticias\/#\/schema\/logo\/image\/\"},\"sameAs\":[\"https:\/\/www.facebook.com\/todoalfalfa\",\"https:\/\/www.instagram.com\/todoalfalfa\",\"https:\/\/www.youtube.com\/@TodoAlfalfa\",\"https:\/\/www.linkedin.com\/company\/todoalfalfa\/\"]},{\"@type\":\"Person\",\"@id\":\"https:\/\/www.todoalfalfa.com.ar\/noticias\/#\/schema\/person\/99de93cb711c7015ef658e5321ba9f18\",\"name\":\"Todo Alfalfa\",\"image\":{\"@type\":\"ImageObject\",\"inLanguage\":\"es\",\"@id\":\"https:\/\/www.todoalfalfa.com.ar\/noticias\/#\/schema\/person\/image\/\",\"url\":\"https:\/\/secure.gravatar.com\/avatar\/50ffd12fb7b268bc2467160730786602db252a270c63104e7c19b5f67b8dd346?s=96&d=mm&r=g\",\"contentUrl\":\"https:\/\/secure.gravatar.com\/avatar\/50ffd12fb7b268bc2467160730786602db252a270c63104e7c19b5f67b8dd346?s=96&d=mm&r=g\",\"caption\":\"Todo Alfalfa\"},\"url\":\"https:\/\/www.todoalfalfa.com.ar\/noticias\/author\/osvaldoiachetta\/\"}]}<\/script>\n<!-- \/ Yoast SEO plugin. -->","yoast_head_json":{"title":"Pasturas, claves para \u201csacarles el jugo\u201d\u00a0","robots":{"index":"index","follow":"follow","max-snippet":"max-snippet:-1","max-image-preview":"max-image-preview:large","max-video-preview":"max-video-preview:-1"},"canonical":"https:\/\/www.todoalfalfa.com.ar\/noticias\/pasturas-claves-para-sacarles-el-jugo\/","og_locale":"es_ES","og_type":"article","og_title":"Pasturas, claves para \u201csacarles el jugo\u201d\u00a0","og_description":"Mart\u00edn Marino es integrante de Aapresid y en di\u00e1logo con TodoAlfalfa habl\u00f3 sobre la siembra de pasturas para la producci\u00f3n de carne o leche. Analiz\u00f3 la realidad del sector y valor\u00f3 la previsibilidad con las medidas que el gobierno anunci\u00f3.","og_url":"https:\/\/www.todoalfalfa.com.ar\/noticias\/pasturas-claves-para-sacarles-el-jugo\/","og_site_name":"Todo Alfalfa","article_publisher":"https:\/\/www.facebook.com\/todoalfalfa","article_published_time":"2025-03-19T18:57:44+00:00","article_modified_time":"2025-03-20T11:10:40+00:00","og_image":[{"width":635,"height":358,"url":"https:\/\/www.todoalfalfa.com.ar\/noticias\/wp-content\/uploads\/2025\/03\/Captura-de-pantalla-2025-03-19-154227.png","type":"image\/png"}],"author":"Todo Alfalfa","twitter_card":"summary_large_image","twitter_misc":{"Escrito por":"Todo Alfalfa","Tiempo de lectura":"3 minutos"},"schema":{"@context":"https:\/\/schema.org","@graph":[{"@type":"NewsArticle","@id":"https:\/\/www.todoalfalfa.com.ar\/noticias\/pasturas-claves-para-sacarles-el-jugo\/#article","isPartOf":{"@id":"https:\/\/www.todoalfalfa.com.ar\/noticias\/pasturas-claves-para-sacarles-el-jugo\/"},"author":{"name":"Todo Alfalfa","@id":"https:\/\/www.todoalfalfa.com.ar\/noticias\/#\/schema\/person\/99de93cb711c7015ef658e5321ba9f18"},"headline":"Pasturas, claves para \u201csacarles el jugo\u201d\u00a0","datePublished":"2025-03-19T18:57:44+00:00","dateModified":"2025-03-20T11:10:40+00:00","mainEntityOfPage":{"@id":"https:\/\/www.todoalfalfa.com.ar\/noticias\/pasturas-claves-para-sacarles-el-jugo\/"},"wordCount":577,"publisher":{"@id":"https:\/\/www.todoalfalfa.com.ar\/noticias\/#organization"},"image":{"@id":"https:\/\/www.todoalfalfa.com.ar\/noticias\/pasturas-claves-para-sacarles-el-jugo\/#primaryimage"},"thumbnailUrl":"https:\/\/i0.wp.com\/www.todoalfalfa.com.ar\/noticias\/wp-content\/uploads\/2025\/03\/Captura-de-pantalla-2025-03-19-154227.png?fit=635%2C358&ssl=1","keywords":["aapresid","Argentina","ExpoAgro2025","forrajes","Novedades","pasturas","producci\u00f3n","siembra"],"articleSection":["ExpoAgro","Generales"],"inLanguage":"es"},{"@type":["WebPage","ItemPage"],"@id":"https:\/\/www.todoalfalfa.com.ar\/noticias\/pasturas-claves-para-sacarles-el-jugo\/","url":"https:\/\/www.todoalfalfa.com.ar\/noticias\/pasturas-claves-para-sacarles-el-jugo\/","name":"Pasturas, claves para \u201csacarles el jugo\u201d\u00a0","isPartOf":{"@id":"https:\/\/www.todoalfalfa.com.ar\/noticias\/#website"},"primaryImageOfPage":{"@id":"https:\/\/www.todoalfalfa.com.ar\/noticias\/pasturas-claves-para-sacarles-el-jugo\/#primaryimage"},"image":{"@id":"https:\/\/www.todoalfalfa.com.ar\/noticias\/pasturas-claves-para-sacarles-el-jugo\/#primaryimage"},"thumbnailUrl":"https:\/\/i0.wp.com\/www.todoalfalfa.com.ar\/noticias\/wp-content\/uploads\/2025\/03\/Captura-de-pantalla-2025-03-19-154227.png?fit=635%2C358&ssl=1","datePublished":"2025-03-19T18:57:44+00:00","dateModified":"2025-03-20T11:10:40+00:00","breadcrumb":{"@id":"https:\/\/www.todoalfalfa.com.ar\/noticias\/pasturas-claves-para-sacarles-el-jugo\/#breadcrumb"},"inLanguage":"es","potentialAction":[{"@type":"ReadAction","target":["https:\/\/www.todoalfalfa.com.ar\/noticias\/pasturas-claves-para-sacarles-el-jugo\/"]}]},{"@type":"ImageObject","inLanguage":"es","@id":"https:\/\/www.todoalfalfa.com.ar\/noticias\/pasturas-claves-para-sacarles-el-jugo\/#primaryimage","url":"https:\/\/i0.wp.com\/www.todoalfalfa.com.ar\/noticias\/wp-content\/uploads\/2025\/03\/Captura-de-pantalla-2025-03-19-154227.png?fit=635%2C358&ssl=1","contentUrl":"https:\/\/i0.wp.com\/www.todoalfalfa.com.ar\/noticias\/wp-content\/uploads\/2025\/03\/Captura-de-pantalla-2025-03-19-154227.png?fit=635%2C358&ssl=1","width":635,"height":358},{"@type":"BreadcrumbList","@id":"https:\/\/www.todoalfalfa.com.ar\/noticias\/pasturas-claves-para-sacarles-el-jugo\/#breadcrumb","itemListElement":[{"@type":"ListItem","position":1,"name":"Principal","item":"https:\/\/www.todoalfalfa.com.ar\/noticias\/"},{"@type":"ListItem","position":2,"name":"Pasturas, claves para \u201csacarles el jugo\u201d\u00a0"}]},{"@type":"WebSite","@id":"https:\/\/www.todoalfalfa.com.ar\/noticias\/#website","url":"https:\/\/www.todoalfalfa.com.ar\/noticias\/","name":"Todo Alfalfa","description":"Web informativa de la cadena de la alfalfa argentina","publisher":{"@id":"https:\/\/www.todoalfalfa.com.ar\/noticias\/#organization"},"potentialAction":[{"@type":"SearchAction","target":{"@type":"EntryPoint","urlTemplate":"https:\/\/www.todoalfalfa.com.ar\/noticias\/?s={search_term_string}"},"query-input":{"@type":"PropertyValueSpecification","valueRequired":true,"valueName":"search_term_string"}}],"inLanguage":"es"},{"@type":"Organization","@id":"https:\/\/www.todoalfalfa.com.ar\/noticias\/#organization","name":"Todo Alfalfa","url":"https:\/\/www.todoalfalfa.com.ar\/noticias\/","logo":{"@type":"ImageObject","inLanguage":"es","@id":"https:\/\/www.todoalfalfa.com.ar\/noticias\/#\/schema\/logo\/image\/","url":"https:\/\/www.todoalfalfa.com.ar\/noticias\/wp-content\/uploads\/2020\/09\/logo-todo-alfalfa-modificado.png","contentUrl":"https:\/\/www.todoalfalfa.com.ar\/noticias\/wp-content\/uploads\/2020\/09\/logo-todo-alfalfa-modificado.png","width":350,"height":100,"caption":"Todo Alfalfa"},"image":{"@id":"https:\/\/www.todoalfalfa.com.ar\/noticias\/#\/schema\/logo\/image\/"},"sameAs":["https:\/\/www.facebook.com\/todoalfalfa","https:\/\/www.instagram.com\/todoalfalfa","https:\/\/www.youtube.com\/@TodoAlfalfa","https:\/\/www.linkedin.com\/company\/todoalfalfa\/"]},{"@type":"Person","@id":"https:\/\/www.todoalfalfa.com.ar\/noticias\/#\/schema\/person\/99de93cb711c7015ef658e5321ba9f18","name":"Todo Alfalfa","image":{"@type":"ImageObject","inLanguage":"es","@id":"https:\/\/www.todoalfalfa.com.ar\/noticias\/#\/schema\/person\/image\/","url":"https:\/\/secure.gravatar.com\/avatar\/50ffd12fb7b268bc2467160730786602db252a270c63104e7c19b5f67b8dd346?s=96&d=mm&r=g","contentUrl":"https:\/\/secure.gravatar.com\/avatar\/50ffd12fb7b268bc2467160730786602db252a270c63104e7c19b5f67b8dd346?s=96&d=mm&r=g","caption":"Todo Alfalfa"},"url":"https:\/\/www.todoalfalfa.com.ar\/noticias\/author\/osvaldoiachetta\/"}]}},"jetpack_featured_media_url":"https:\/\/i0.wp.com\/www.todoalfalfa.com.ar\/noticias\/wp-content\/uploads\/2025\/03\/Captura-de-pantalla-2025-03-19-154227.png?fit=635%2C358&ssl=1","wps_subtitle":"","jetpack_sharing_enabled":true,"_links":{"self":[{"href":"https:\/\/www.todoalfalfa.com.ar\/noticias\/wp-json\/wp\/v2\/posts\/48794","targetHints":{"allow":["GET"]}}],"collection":[{"href":"https:\/\/www.todoalfalfa.com.ar\/noticias\/wp-json\/wp\/v2\/posts"}],"about":[{"href":"https:\/\/www.todoalfalfa.com.ar\/noticias\/wp-json\/wp\/v2\/types\/post"}],"author":[{"embeddable":true,"href":"https:\/\/www.todoalfalfa.com.ar\/noticias\/wp-json\/wp\/v2\/users\/9"}],"replies":[{"embeddable":true,"href":"https:\/\/www.todoalfalfa.com.ar\/noticias\/wp-json\/wp\/v2\/comments?post=48794"}],"version-history":[{"count":2,"href":"https:\/\/www.todoalfalfa.com.ar\/noticias\/wp-json\/wp\/v2\/posts\/48794\/revisions"}],"predecessor-version":[{"id":48798,"href":"https:\/\/www.todoalfalfa.com.ar\/noticias\/wp-json\/wp\/v2\/posts\/48794\/revisions\/48798"}],"wp:featuredmedia":[{"embeddable":true,"href":"https:\/\/www.todoalfalfa.com.ar\/noticias\/wp-json\/wp\/v2\/media\/48795"}],"wp:attachment":[{"href":"https:\/\/www.todoalfalfa.com.ar\/noticias\/wp-json\/wp\/v2\/media?parent=48794"}],"wp:term":[{"taxonomy":"category","embeddable":true,"href":"https:\/\/www.todoalfalfa.com.ar\/noticias\/wp-json\/wp\/v2\/categories?post=48794"},{"taxonomy":"post_tag","embeddable":true,"href":"https:\/\/www.todoalfalfa.com.ar\/noticias\/wp-json\/wp\/v2\/tags?post=48794"}],"curies":[{"name":"wp","href":"https:\/\/api.w.org\/{rel}","templated":true}]}}