{"id":48840,"date":"2025-03-20T13:19:36","date_gmt":"2025-03-20T16:19:36","guid":{"rendered":"https:\/\/www.todoalfalfa.com.ar\/noticias\/?p=48840"},"modified":"2025-03-20T13:19:37","modified_gmt":"2025-03-20T16:19:37","slug":"los-tractores-y-segadoras-de-kubota-ganan-el-mercado-argentino","status":"publish","type":"post","link":"https:\/\/www.todoalfalfa.com.ar\/noticias\/los-tractores-y-segadoras-de-kubota-ganan-el-mercado-argentino\/","title":{"rendered":"Los tractores y segadoras de Kubota ganan el mercado argentino\u00a0"},"content":{"rendered":"\n<p>Con presencia en ExpoAgro desde el a\u00f1o 2017, Moj\u00f3n Uno present\u00f3 las novedades en tractores y segadoras de la l\u00ednea Kubota. Matias Boll, director comercial de la firma explic\u00f3 que en lo que respecta a tractores la idea es poder dar respuestas a las econom\u00edas regionales con tres modelos de 95, 108 y 135 HP.&nbsp;<\/p>\n\n\n\n<p>\u00abTomamos a ExpoAgro como el puntapi\u00e9 para estos lanzamientos\u201d, manifest\u00f3 y agreg\u00f3 que \u00abestos tractores de potencia media buscan dar respuestas al sector lechero y ganadero, como as\u00ed tambi\u00e9n de actividades agr\u00edcolas\u201d.&nbsp;<\/p>\n\n\n\n<p>De manera conjunta, mostraron segadoras (algunas de esas maquinarias se presentaron oficialmente en ExpoAlfa 2024). \u201cTenemos dos l\u00edneas, una de tres puntos m\u00e1s enfocadas a productores m\u00e1s chicos, a econom\u00edas regionales, de 2 metros y 2,4 metros y luego una de tiro lateral de 3,2 metros\u201d, explic\u00f3.&nbsp;<\/p>\n\n\n\n<p>Tambi\u00e9n agreg\u00f3 que desde Dinamarca llega un modelo de 3,6 metros \u201ccon acondicionamiento de rolo goma y goma y con un merger que agrupa dos hileras minimizando el uso del rastrillo, movimiento de las plantas, compactaci\u00f3n del terreno y consumo de combustible.&nbsp;<\/p>\n\n\n\n<p>Agreg\u00f3 Boll que, desde la empresa, en este tipo de eventos buscan llegar con propuestas bancarias\/financieras para que el cliente tenga opciones reales de adquirir tecnolog\u00eda. Adem\u00e1s, prev\u00e9n un a\u00f1o positivo \u201cestamos convencidos que va a ser un muy buen a\u00f1o para todo el sector\u201d.&nbsp;&nbsp;<\/p>\n\n\n\n<p>Un punto que destac\u00f3 es el servicio postventa. Con sede en San Francisco (C\u00f3rdoba) distribuyen para todo el pa\u00eds a trav\u00e9s de una red de m\u00e1s de 20 concesionarios. Desde San Francisco \u00abhacemos la atenci\u00f3n comercial, el servicio postventa, la garant\u00eda y los repuestos\u201d.&nbsp;&nbsp;<\/p>\n\n\n\n<p>Adem\u00e1s, valor\u00f3 la posici\u00f3n estrat\u00e9gica para poder \u201cponer el foco en la cuenca lechera y llegar a los productores con una l\u00ednea de equipos, con soluciones, no solamente con los tractores y las segadoras sino tambi\u00e9n toda la parte de financiaci\u00f3n, servicios y postventa\u201d.&nbsp;&nbsp;<\/p>\n\n\n\n<p>Por \u00faltimo, coment\u00f3 una alternativa de venta que es con canje de cereal hasta mayo 2027. \u00abEs una herramienta que se est\u00e1 usando mucho ya que queda el negocio cerrado en kilos de granos\u201d, indic\u00f3 y cerr\u00f3 explicando que \u201cse entrega el equipo y se pactan entregas de granos\u201d.&nbsp;<\/p>\n<div class=\"todoalfalfa-final-de-la-nota\" id=\"todoalfalfa-3506178537\"><a href=\"https:\/\/www.whatsapp.com\/channel\/0029VbCBmFB9WtBxJsD3eC2i\" target=\"_blank\" aria-label=\"5\"><img src=\"https:\/\/i0.wp.com\/www.todoalfalfa.com.ar\/noticias\/wp-content\/uploads\/2026\/04\/5.gif?fit=728%2C90&#038;ssl=1\" alt=\"\"  width=\"728\" height=\"90\"   \/><\/a><\/div>","protected":false},"excerpt":{"rendered":"<p>Matias Boll, director comercial de Moj\u00f3n Uno, cont\u00f3 a TodoAlfalfa que llegaron a esta edici\u00f3n de ExpoAgro con novedades para las econom\u00edas regionales y para el sector forrajero.  <\/p>\n","protected":false},"author":9,"featured_media":48841,"comment_status":"closed","ping_status":"open","sticky":false,"template":"","format":"standard","meta":{"jetpack_post_was_ever_published":false,"_jetpack_newsletter_access":"","_jetpack_dont_email_post_to_subs":false,"_jetpack_newsletter_tier_id":0,"_jetpack_memberships_contains_paywalled_content":false,"_jetpack_memberships_contains_paid_content":false,"footnotes":""},"categories":[1889,4],"tags":[31,105,236,54,68,1895,605,1896,1894,17,21],"class_list":["post-48840","post","type-post","status-publish","format-standard","has-post-thumbnail","hentry","category-expoagro","category-tecnologia","tag-alfalfa","tag-argentina","tag-exportacion","tag-forrajes","tag-heno","tag-kubota","tag-maquinaria","tag-matias-boll","tag-mojon-uno","tag-pasturas","tag-produccion"],"yoast_head":"<!-- This site is optimized with the Yoast SEO plugin v25.5 - https:\/\/yoast.com\/wordpress\/plugins\/seo\/ -->\n<title>Los tractores y segadoras de Kubota ganan el mercado argentino\u00a0<\/title>\n<meta name=\"robots\" content=\"index, follow, max-snippet:-1, max-image-preview:large, max-video-preview:-1\" \/>\n<link rel=\"canonical\" href=\"https:\/\/www.todoalfalfa.com.ar\/noticias\/los-tractores-y-segadoras-de-kubota-ganan-el-mercado-argentino\/\" \/>\n<meta property=\"og:locale\" content=\"es_ES\" \/>\n<meta property=\"og:type\" content=\"article\" \/>\n<meta property=\"og:title\" content=\"Los tractores y segadoras de Kubota ganan el mercado argentino\u00a0\" \/>\n<meta property=\"og:description\" content=\"Matias Boll, director comercial de Moj\u00f3n Uno, cont\u00f3 a TodoAlfalfa que llegaron a esta edici\u00f3n de ExpoAgro con novedades para las econom\u00edas regionales y para el sector forrajero.\" \/>\n<meta property=\"og:url\" content=\"https:\/\/www.todoalfalfa.com.ar\/noticias\/los-tractores-y-segadoras-de-kubota-ganan-el-mercado-argentino\/\" \/>\n<meta property=\"og:site_name\" content=\"Todo Alfalfa\" \/>\n<meta property=\"article:publisher\" content=\"https:\/\/www.facebook.com\/todoalfalfa\" \/>\n<meta property=\"article:published_time\" content=\"2025-03-20T16:19:36+00:00\" \/>\n<meta property=\"article:modified_time\" content=\"2025-03-20T16:19:37+00:00\" \/>\n<meta property=\"og:image\" content=\"https:\/\/www.todoalfalfa.com.ar\/noticias\/wp-content\/uploads\/2025\/03\/Sega-Kubo.jpg\" \/>\n\t<meta property=\"og:image:width\" content=\"1280\" \/>\n\t<meta property=\"og:image:height\" content=\"960\" \/>\n\t<meta property=\"og:image:type\" content=\"image\/jpeg\" \/>\n<meta name=\"author\" content=\"Todo Alfalfa\" \/>\n<meta name=\"twitter:card\" content=\"summary_large_image\" \/>\n<meta name=\"twitter:label1\" content=\"Escrito por\" \/>\n\t<meta name=\"twitter:data1\" content=\"Todo Alfalfa\" \/>\n\t<meta name=\"twitter:label2\" content=\"Tiempo de lectura\" \/>\n\t<meta name=\"twitter:data2\" content=\"2 minutos\" \/>\n<script type=\"application\/ld+json\" class=\"yoast-schema-graph\">{\"@context\":\"https:\/\/schema.org\",\"@graph\":[{\"@type\":\"NewsArticle\",\"@id\":\"https:\/\/www.todoalfalfa.com.ar\/noticias\/los-tractores-y-segadoras-de-kubota-ganan-el-mercado-argentino\/#article\",\"isPartOf\":{\"@id\":\"https:\/\/www.todoalfalfa.com.ar\/noticias\/los-tractores-y-segadoras-de-kubota-ganan-el-mercado-argentino\/\"},\"author\":{\"name\":\"Todo Alfalfa\",\"@id\":\"https:\/\/www.todoalfalfa.com.ar\/noticias\/#\/schema\/person\/99de93cb711c7015ef658e5321ba9f18\"},\"headline\":\"Los tractores y segadoras de Kubota ganan el mercado argentino\u00a0\",\"datePublished\":\"2025-03-20T16:19:36+00:00\",\"dateModified\":\"2025-03-20T16:19:37+00:00\",\"mainEntityOfPage\":{\"@id\":\"https:\/\/www.todoalfalfa.com.ar\/noticias\/los-tractores-y-segadoras-de-kubota-ganan-el-mercado-argentino\/\"},\"wordCount\":398,\"publisher\":{\"@id\":\"https:\/\/www.todoalfalfa.com.ar\/noticias\/#organization\"},\"image\":{\"@id\":\"https:\/\/www.todoalfalfa.com.ar\/noticias\/los-tractores-y-segadoras-de-kubota-ganan-el-mercado-argentino\/#primaryimage\"},\"thumbnailUrl\":\"https:\/\/i0.wp.com\/www.todoalfalfa.com.ar\/noticias\/wp-content\/uploads\/2025\/03\/Sega-Kubo.jpg?fit=1280%2C960&ssl=1\",\"keywords\":[\"alfalfa\",\"Argentina\",\"exportaci\u00f3n\",\"forrajes\",\"heno\",\"Kubota\",\"maquinaria\",\"Mat\u00edas Boll\",\"Moj\u00f3n Uno\",\"pasturas\",\"producci\u00f3n\"],\"articleSection\":[\"ExpoAgro\",\"Tecnolog\u00eda\"],\"inLanguage\":\"es\"},{\"@type\":[\"WebPage\",\"ItemPage\"],\"@id\":\"https:\/\/www.todoalfalfa.com.ar\/noticias\/los-tractores-y-segadoras-de-kubota-ganan-el-mercado-argentino\/\",\"url\":\"https:\/\/www.todoalfalfa.com.ar\/noticias\/los-tractores-y-segadoras-de-kubota-ganan-el-mercado-argentino\/\",\"name\":\"Los tractores y segadoras de Kubota ganan el mercado argentino\u00a0\",\"isPartOf\":{\"@id\":\"https:\/\/www.todoalfalfa.com.ar\/noticias\/#website\"},\"primaryImageOfPage\":{\"@id\":\"https:\/\/www.todoalfalfa.com.ar\/noticias\/los-tractores-y-segadoras-de-kubota-ganan-el-mercado-argentino\/#primaryimage\"},\"image\":{\"@id\":\"https:\/\/www.todoalfalfa.com.ar\/noticias\/los-tractores-y-segadoras-de-kubota-ganan-el-mercado-argentino\/#primaryimage\"},\"thumbnailUrl\":\"https:\/\/i0.wp.com\/www.todoalfalfa.com.ar\/noticias\/wp-content\/uploads\/2025\/03\/Sega-Kubo.jpg?fit=1280%2C960&ssl=1\",\"datePublished\":\"2025-03-20T16:19:36+00:00\",\"dateModified\":\"2025-03-20T16:19:37+00:00\",\"breadcrumb\":{\"@id\":\"https:\/\/www.todoalfalfa.com.ar\/noticias\/los-tractores-y-segadoras-de-kubota-ganan-el-mercado-argentino\/#breadcrumb\"},\"inLanguage\":\"es\",\"potentialAction\":[{\"@type\":\"ReadAction\",\"target\":[\"https:\/\/www.todoalfalfa.com.ar\/noticias\/los-tractores-y-segadoras-de-kubota-ganan-el-mercado-argentino\/\"]}]},{\"@type\":\"ImageObject\",\"inLanguage\":\"es\",\"@id\":\"https:\/\/www.todoalfalfa.com.ar\/noticias\/los-tractores-y-segadoras-de-kubota-ganan-el-mercado-argentino\/#primaryimage\",\"url\":\"https:\/\/i0.wp.com\/www.todoalfalfa.com.ar\/noticias\/wp-content\/uploads\/2025\/03\/Sega-Kubo.jpg?fit=1280%2C960&ssl=1\",\"contentUrl\":\"https:\/\/i0.wp.com\/www.todoalfalfa.com.ar\/noticias\/wp-content\/uploads\/2025\/03\/Sega-Kubo.jpg?fit=1280%2C960&ssl=1\",\"width\":1280,\"height\":960,\"caption\":\"Segadora Kubota (Moj\u00f3n Uno)\"},{\"@type\":\"BreadcrumbList\",\"@id\":\"https:\/\/www.todoalfalfa.com.ar\/noticias\/los-tractores-y-segadoras-de-kubota-ganan-el-mercado-argentino\/#breadcrumb\",\"itemListElement\":[{\"@type\":\"ListItem\",\"position\":1,\"name\":\"Principal\",\"item\":\"https:\/\/www.todoalfalfa.com.ar\/noticias\/\"},{\"@type\":\"ListItem\",\"position\":2,\"name\":\"Los tractores y segadoras de Kubota ganan el mercado argentino\u00a0\"}]},{\"@type\":\"WebSite\",\"@id\":\"https:\/\/www.todoalfalfa.com.ar\/noticias\/#website\",\"url\":\"https:\/\/www.todoalfalfa.com.ar\/noticias\/\",\"name\":\"Todo Alfalfa\",\"description\":\"Web informativa de la cadena de la alfalfa argentina\",\"publisher\":{\"@id\":\"https:\/\/www.todoalfalfa.com.ar\/noticias\/#organization\"},\"potentialAction\":[{\"@type\":\"SearchAction\",\"target\":{\"@type\":\"EntryPoint\",\"urlTemplate\":\"https:\/\/www.todoalfalfa.com.ar\/noticias\/?s={search_term_string}\"},\"query-input\":{\"@type\":\"PropertyValueSpecification\",\"valueRequired\":true,\"valueName\":\"search_term_string\"}}],\"inLanguage\":\"es\"},{\"@type\":\"Organization\",\"@id\":\"https:\/\/www.todoalfalfa.com.ar\/noticias\/#organization\",\"name\":\"Todo Alfalfa\",\"url\":\"https:\/\/www.todoalfalfa.com.ar\/noticias\/\",\"logo\":{\"@type\":\"ImageObject\",\"inLanguage\":\"es\",\"@id\":\"https:\/\/www.todoalfalfa.com.ar\/noticias\/#\/schema\/logo\/image\/\",\"url\":\"https:\/\/www.todoalfalfa.com.ar\/noticias\/wp-content\/uploads\/2020\/09\/logo-todo-alfalfa-modificado.png\",\"contentUrl\":\"https:\/\/www.todoalfalfa.com.ar\/noticias\/wp-content\/uploads\/2020\/09\/logo-todo-alfalfa-modificado.png\",\"width\":350,\"height\":100,\"caption\":\"Todo Alfalfa\"},\"image\":{\"@id\":\"https:\/\/www.todoalfalfa.com.ar\/noticias\/#\/schema\/logo\/image\/\"},\"sameAs\":[\"https:\/\/www.facebook.com\/todoalfalfa\",\"https:\/\/www.instagram.com\/todoalfalfa\",\"https:\/\/www.youtube.com\/@TodoAlfalfa\",\"https:\/\/www.linkedin.com\/company\/todoalfalfa\/\"]},{\"@type\":\"Person\",\"@id\":\"https:\/\/www.todoalfalfa.com.ar\/noticias\/#\/schema\/person\/99de93cb711c7015ef658e5321ba9f18\",\"name\":\"Todo Alfalfa\",\"image\":{\"@type\":\"ImageObject\",\"inLanguage\":\"es\",\"@id\":\"https:\/\/www.todoalfalfa.com.ar\/noticias\/#\/schema\/person\/image\/\",\"url\":\"https:\/\/secure.gravatar.com\/avatar\/50ffd12fb7b268bc2467160730786602db252a270c63104e7c19b5f67b8dd346?s=96&d=mm&r=g\",\"contentUrl\":\"https:\/\/secure.gravatar.com\/avatar\/50ffd12fb7b268bc2467160730786602db252a270c63104e7c19b5f67b8dd346?s=96&d=mm&r=g\",\"caption\":\"Todo Alfalfa\"},\"url\":\"https:\/\/www.todoalfalfa.com.ar\/noticias\/author\/osvaldoiachetta\/\"}]}<\/script>\n<!-- \/ Yoast SEO plugin. -->","yoast_head_json":{"title":"Los tractores y segadoras de Kubota ganan el mercado argentino\u00a0","robots":{"index":"index","follow":"follow","max-snippet":"max-snippet:-1","max-image-preview":"max-image-preview:large","max-video-preview":"max-video-preview:-1"},"canonical":"https:\/\/www.todoalfalfa.com.ar\/noticias\/los-tractores-y-segadoras-de-kubota-ganan-el-mercado-argentino\/","og_locale":"es_ES","og_type":"article","og_title":"Los tractores y segadoras de Kubota ganan el mercado argentino\u00a0","og_description":"Matias Boll, director comercial de Moj\u00f3n Uno, cont\u00f3 a TodoAlfalfa que llegaron a esta edici\u00f3n de ExpoAgro con novedades para las econom\u00edas regionales y para el sector forrajero.","og_url":"https:\/\/www.todoalfalfa.com.ar\/noticias\/los-tractores-y-segadoras-de-kubota-ganan-el-mercado-argentino\/","og_site_name":"Todo Alfalfa","article_publisher":"https:\/\/www.facebook.com\/todoalfalfa","article_published_time":"2025-03-20T16:19:36+00:00","article_modified_time":"2025-03-20T16:19:37+00:00","og_image":[{"width":1280,"height":960,"url":"https:\/\/www.todoalfalfa.com.ar\/noticias\/wp-content\/uploads\/2025\/03\/Sega-Kubo.jpg","type":"image\/jpeg"}],"author":"Todo Alfalfa","twitter_card":"summary_large_image","twitter_misc":{"Escrito por":"Todo Alfalfa","Tiempo de lectura":"2 minutos"},"schema":{"@context":"https:\/\/schema.org","@graph":[{"@type":"NewsArticle","@id":"https:\/\/www.todoalfalfa.com.ar\/noticias\/los-tractores-y-segadoras-de-kubota-ganan-el-mercado-argentino\/#article","isPartOf":{"@id":"https:\/\/www.todoalfalfa.com.ar\/noticias\/los-tractores-y-segadoras-de-kubota-ganan-el-mercado-argentino\/"},"author":{"name":"Todo Alfalfa","@id":"https:\/\/www.todoalfalfa.com.ar\/noticias\/#\/schema\/person\/99de93cb711c7015ef658e5321ba9f18"},"headline":"Los tractores y segadoras de Kubota ganan el mercado argentino\u00a0","datePublished":"2025-03-20T16:19:36+00:00","dateModified":"2025-03-20T16:19:37+00:00","mainEntityOfPage":{"@id":"https:\/\/www.todoalfalfa.com.ar\/noticias\/los-tractores-y-segadoras-de-kubota-ganan-el-mercado-argentino\/"},"wordCount":398,"publisher":{"@id":"https:\/\/www.todoalfalfa.com.ar\/noticias\/#organization"},"image":{"@id":"https:\/\/www.todoalfalfa.com.ar\/noticias\/los-tractores-y-segadoras-de-kubota-ganan-el-mercado-argentino\/#primaryimage"},"thumbnailUrl":"https:\/\/i0.wp.com\/www.todoalfalfa.com.ar\/noticias\/wp-content\/uploads\/2025\/03\/Sega-Kubo.jpg?fit=1280%2C960&ssl=1","keywords":["alfalfa","Argentina","exportaci\u00f3n","forrajes","heno","Kubota","maquinaria","Mat\u00edas Boll","Moj\u00f3n Uno","pasturas","producci\u00f3n"],"articleSection":["ExpoAgro","Tecnolog\u00eda"],"inLanguage":"es"},{"@type":["WebPage","ItemPage"],"@id":"https:\/\/www.todoalfalfa.com.ar\/noticias\/los-tractores-y-segadoras-de-kubota-ganan-el-mercado-argentino\/","url":"https:\/\/www.todoalfalfa.com.ar\/noticias\/los-tractores-y-segadoras-de-kubota-ganan-el-mercado-argentino\/","name":"Los tractores y segadoras de Kubota ganan el mercado argentino\u00a0","isPartOf":{"@id":"https:\/\/www.todoalfalfa.com.ar\/noticias\/#website"},"primaryImageOfPage":{"@id":"https:\/\/www.todoalfalfa.com.ar\/noticias\/los-tractores-y-segadoras-de-kubota-ganan-el-mercado-argentino\/#primaryimage"},"image":{"@id":"https:\/\/www.todoalfalfa.com.ar\/noticias\/los-tractores-y-segadoras-de-kubota-ganan-el-mercado-argentino\/#primaryimage"},"thumbnailUrl":"https:\/\/i0.wp.com\/www.todoalfalfa.com.ar\/noticias\/wp-content\/uploads\/2025\/03\/Sega-Kubo.jpg?fit=1280%2C960&ssl=1","datePublished":"2025-03-20T16:19:36+00:00","dateModified":"2025-03-20T16:19:37+00:00","breadcrumb":{"@id":"https:\/\/www.todoalfalfa.com.ar\/noticias\/los-tractores-y-segadoras-de-kubota-ganan-el-mercado-argentino\/#breadcrumb"},"inLanguage":"es","potentialAction":[{"@type":"ReadAction","target":["https:\/\/www.todoalfalfa.com.ar\/noticias\/los-tractores-y-segadoras-de-kubota-ganan-el-mercado-argentino\/"]}]},{"@type":"ImageObject","inLanguage":"es","@id":"https:\/\/www.todoalfalfa.com.ar\/noticias\/los-tractores-y-segadoras-de-kubota-ganan-el-mercado-argentino\/#primaryimage","url":"https:\/\/i0.wp.com\/www.todoalfalfa.com.ar\/noticias\/wp-content\/uploads\/2025\/03\/Sega-Kubo.jpg?fit=1280%2C960&ssl=1","contentUrl":"https:\/\/i0.wp.com\/www.todoalfalfa.com.ar\/noticias\/wp-content\/uploads\/2025\/03\/Sega-Kubo.jpg?fit=1280%2C960&ssl=1","width":1280,"height":960,"caption":"Segadora Kubota (Moj\u00f3n Uno)"},{"@type":"BreadcrumbList","@id":"https:\/\/www.todoalfalfa.com.ar\/noticias\/los-tractores-y-segadoras-de-kubota-ganan-el-mercado-argentino\/#breadcrumb","itemListElement":[{"@type":"ListItem","position":1,"name":"Principal","item":"https:\/\/www.todoalfalfa.com.ar\/noticias\/"},{"@type":"ListItem","position":2,"name":"Los tractores y segadoras de Kubota ganan el mercado argentino\u00a0"}]},{"@type":"WebSite","@id":"https:\/\/www.todoalfalfa.com.ar\/noticias\/#website","url":"https:\/\/www.todoalfalfa.com.ar\/noticias\/","name":"Todo Alfalfa","description":"Web informativa de la cadena de la alfalfa argentina","publisher":{"@id":"https:\/\/www.todoalfalfa.com.ar\/noticias\/#organization"},"potentialAction":[{"@type":"SearchAction","target":{"@type":"EntryPoint","urlTemplate":"https:\/\/www.todoalfalfa.com.ar\/noticias\/?s={search_term_string}"},"query-input":{"@type":"PropertyValueSpecification","valueRequired":true,"valueName":"search_term_string"}}],"inLanguage":"es"},{"@type":"Organization","@id":"https:\/\/www.todoalfalfa.com.ar\/noticias\/#organization","name":"Todo Alfalfa","url":"https:\/\/www.todoalfalfa.com.ar\/noticias\/","logo":{"@type":"ImageObject","inLanguage":"es","@id":"https:\/\/www.todoalfalfa.com.ar\/noticias\/#\/schema\/logo\/image\/","url":"https:\/\/www.todoalfalfa.com.ar\/noticias\/wp-content\/uploads\/2020\/09\/logo-todo-alfalfa-modificado.png","contentUrl":"https:\/\/www.todoalfalfa.com.ar\/noticias\/wp-content\/uploads\/2020\/09\/logo-todo-alfalfa-modificado.png","width":350,"height":100,"caption":"Todo Alfalfa"},"image":{"@id":"https:\/\/www.todoalfalfa.com.ar\/noticias\/#\/schema\/logo\/image\/"},"sameAs":["https:\/\/www.facebook.com\/todoalfalfa","https:\/\/www.instagram.com\/todoalfalfa","https:\/\/www.youtube.com\/@TodoAlfalfa","https:\/\/www.linkedin.com\/company\/todoalfalfa\/"]},{"@type":"Person","@id":"https:\/\/www.todoalfalfa.com.ar\/noticias\/#\/schema\/person\/99de93cb711c7015ef658e5321ba9f18","name":"Todo Alfalfa","image":{"@type":"ImageObject","inLanguage":"es","@id":"https:\/\/www.todoalfalfa.com.ar\/noticias\/#\/schema\/person\/image\/","url":"https:\/\/secure.gravatar.com\/avatar\/50ffd12fb7b268bc2467160730786602db252a270c63104e7c19b5f67b8dd346?s=96&d=mm&r=g","contentUrl":"https:\/\/secure.gravatar.com\/avatar\/50ffd12fb7b268bc2467160730786602db252a270c63104e7c19b5f67b8dd346?s=96&d=mm&r=g","caption":"Todo Alfalfa"},"url":"https:\/\/www.todoalfalfa.com.ar\/noticias\/author\/osvaldoiachetta\/"}]}},"jetpack_featured_media_url":"https:\/\/i0.wp.com\/www.todoalfalfa.com.ar\/noticias\/wp-content\/uploads\/2025\/03\/Sega-Kubo.jpg?fit=1280%2C960&ssl=1","wps_subtitle":"","jetpack_sharing_enabled":true,"_links":{"self":[{"href":"https:\/\/www.todoalfalfa.com.ar\/noticias\/wp-json\/wp\/v2\/posts\/48840","targetHints":{"allow":["GET"]}}],"collection":[{"href":"https:\/\/www.todoalfalfa.com.ar\/noticias\/wp-json\/wp\/v2\/posts"}],"about":[{"href":"https:\/\/www.todoalfalfa.com.ar\/noticias\/wp-json\/wp\/v2\/types\/post"}],"author":[{"embeddable":true,"href":"https:\/\/www.todoalfalfa.com.ar\/noticias\/wp-json\/wp\/v2\/users\/9"}],"replies":[{"embeddable":true,"href":"https:\/\/www.todoalfalfa.com.ar\/noticias\/wp-json\/wp\/v2\/comments?post=48840"}],"version-history":[{"count":1,"href":"https:\/\/www.todoalfalfa.com.ar\/noticias\/wp-json\/wp\/v2\/posts\/48840\/revisions"}],"predecessor-version":[{"id":48842,"href":"https:\/\/www.todoalfalfa.com.ar\/noticias\/wp-json\/wp\/v2\/posts\/48840\/revisions\/48842"}],"wp:featuredmedia":[{"embeddable":true,"href":"https:\/\/www.todoalfalfa.com.ar\/noticias\/wp-json\/wp\/v2\/media\/48841"}],"wp:attachment":[{"href":"https:\/\/www.todoalfalfa.com.ar\/noticias\/wp-json\/wp\/v2\/media?parent=48840"}],"wp:term":[{"taxonomy":"category","embeddable":true,"href":"https:\/\/www.todoalfalfa.com.ar\/noticias\/wp-json\/wp\/v2\/categories?post=48840"},{"taxonomy":"post_tag","embeddable":true,"href":"https:\/\/www.todoalfalfa.com.ar\/noticias\/wp-json\/wp\/v2\/tags?post=48840"}],"curies":[{"name":"wp","href":"https:\/\/api.w.org\/{rel}","templated":true}]}}