{"id":48862,"date":"2025-03-20T13:52:25","date_gmt":"2025-03-20T16:52:25","guid":{"rendered":"https:\/\/www.todoalfalfa.com.ar\/noticias\/?p=48862"},"modified":"2025-03-24T09:27:42","modified_gmt":"2025-03-24T12:27:42","slug":"stara-se-afianza-en-el-mercado-argentina-y-planifica-seguir-creciendo","status":"publish","type":"post","link":"https:\/\/www.todoalfalfa.com.ar\/noticias\/stara-se-afianza-en-el-mercado-argentina-y-planifica-seguir-creciendo\/","title":{"rendered":"Stara se afianza en el mercado argentino y planifica seguir creciendo\u00a0"},"content":{"rendered":"\n<p>Con m\u00e1s de 65 a\u00f1os de vida, Stara es una marca que en Brasil (de donde es oriunda) logr\u00f3 afianzarse y desde el 2017 lleg\u00f3 a Argentina para comenzar a abrir y ganar mercados.&nbsp;<\/p>\n\n\n\n<p>Presentes en ExpoAgro, Mat\u00edas Marcol\u00edn, gerente comercial de la empresa destac\u00f3 que la marca estuvo presente con toda la gama que dispone. En Argentina comercializan 11 productos.&nbsp;<\/p>\n\n\n\n<p>En lo que respecta al sector forrajero, indic\u00f3: \u201ccontamos con una sembradora de granos finos de la l\u00ednea Guapa, que es una m\u00e1quina para granos finos pero dise\u00f1ada perfectamente para hacer siembra de pasturas\u201d.&nbsp;<\/p>\n\n\n\n<p>Se trata de un producto de 60 l\u00edneas a 17 cent\u00edmetros. \u201cEs muy pr\u00e1ctica para pasar de un lote al otro\u201d, argument\u00f3. Adem\u00e1s, su tama\u00f1o de 3,5 metros (en posici\u00f3n de transporte) permite ser trasladada con facilidad.&nbsp;<\/p>\n\n\n\n<p>\u201cTenemos varios clientes de la zona de Villa Mar\u00eda, Oncativo que siembran este tipo de cultivos y est\u00e1n conformes con los resultados que brindar la m\u00e1quina\u201d, manifest\u00f3 Marcol\u00edn.\u00a0<\/p>\n\n\n\n<p>Este producto, como cada uno de los que fabrica Stara, cuenta con mucha tecnolog\u00eda. La marca desarrolla su propia agricultura de precisi\u00f3n y pone esa tecnolog\u00eda al servicio del productor.&nbsp;<\/p>\n\n\n\n<p>Otro de los productos con los que cuentan y son motivo de consulta de los productores que buscan herramientas para mejorar la producci\u00f3n est\u00e1n relacionado al escarificador, se trata de una maquina que \u201ccontribuye a generar un mejor ambiente para la infiltraci\u00f3n de agua en el suelo y el desarrollo radicular de las plantas\u201d.&nbsp;<\/p>\n\n\n\n<p>\u201cPermite hacer trabajos de descompactaci\u00f3n de suelo, hasta 30 cent\u00edmetros, y que viene con un caj\u00f3n de siembra, que esto tambi\u00e9n lo han utilizado clientes en tambos o en diferentes productores para hacer una descompactaci\u00f3n y al mismo tiempo este caj\u00f3n hace una siembra que despu\u00e9s se tapa con un rolo\u201d, indic\u00f3 el entrevistado que remarc\u00f3 que es muy requerido por el sector tambero.&nbsp;<\/p>\n\n\n\n<p>Remarc\u00f3 Marcol\u00edn que tecnolog\u00eda (agricultura de precisi\u00f3n propia. M\u00e1s de 200 ingenieros en Brasil que buscan desarrollar nuevos proyectos); conciencia de calidad (la marca tiene como premisa cuidar la calidad de los productos, terminaci\u00f3n,\u00a0 dise\u00f1os); conciencia en postventa (sin postventa no hay venta); capacitaci\u00f3n (es una tarea constante empleada a nuestros t\u00e9cnicos); evoluci\u00f3n constante (siempre estamos haciendolo,\u00a0es una empresa familiar de cuarta generaci\u00f3n).\u00a0<\/p>\n<div class=\"todoalfalfa-final-de-la-nota\" id=\"todoalfalfa-2926666607\"><a href=\"https:\/\/www.whatsapp.com\/channel\/0029VbCBmFB9WtBxJsD3eC2i\" target=\"_blank\" aria-label=\"5\"><img src=\"https:\/\/i0.wp.com\/www.todoalfalfa.com.ar\/noticias\/wp-content\/uploads\/2026\/04\/5.gif?fit=728%2C90&#038;ssl=1\" alt=\"\"  width=\"728\" height=\"90\"   \/><\/a><\/div>","protected":false},"excerpt":{"rendered":"<p>La empresa de origen brasile\u00f1a est\u00e1 radicada desde el a\u00f1o 2017 en Argentina. Mat\u00edas Marcolin, gerente Comercial, remarc\u00f3 que comercializan mas de 11 productos y varios de ellos para el sector forrajero. <\/p>\n","protected":false},"author":9,"featured_media":48863,"comment_status":"closed","ping_status":"open","sticky":false,"template":"","format":"standard","meta":{"jetpack_post_was_ever_published":false,"_jetpack_newsletter_access":"","_jetpack_dont_email_post_to_subs":false,"_jetpack_newsletter_tier_id":0,"_jetpack_memberships_contains_paywalled_content":false,"_jetpack_memberships_contains_paid_content":false,"footnotes":""},"categories":[1889,4],"tags":[31,105,1890,54,68,605,17,21,91,1905],"class_list":["post-48862","post","type-post","status-publish","format-standard","has-post-thumbnail","hentry","category-expoagro","category-tecnologia","tag-alfalfa","tag-argentina","tag-expoagro2025","tag-forrajes","tag-heno","tag-maquinaria","tag-pasturas","tag-produccion","tag-siembra","tag-stara"],"yoast_head":"<!-- This site is optimized with the Yoast SEO plugin v25.5 - https:\/\/yoast.com\/wordpress\/plugins\/seo\/ -->\n<title>Stara se afianza en el mercado argentino y planifica seguir creciendo\u00a0<\/title>\n<meta name=\"robots\" content=\"index, follow, max-snippet:-1, max-image-preview:large, max-video-preview:-1\" \/>\n<link rel=\"canonical\" href=\"https:\/\/www.todoalfalfa.com.ar\/noticias\/stara-se-afianza-en-el-mercado-argentina-y-planifica-seguir-creciendo\/\" \/>\n<meta property=\"og:locale\" content=\"es_ES\" \/>\n<meta property=\"og:type\" content=\"article\" \/>\n<meta property=\"og:title\" content=\"Stara se afianza en el mercado argentino y planifica seguir creciendo\u00a0\" \/>\n<meta property=\"og:description\" content=\"La empresa de origen brasile\u00f1a est\u00e1 radicada desde el a\u00f1o 2017 en Argentina. Mat\u00edas Marcolin, gerente Comercial, remarc\u00f3 que comercializan mas de 11 productos y varios de ellos para el sector forrajero.\" \/>\n<meta property=\"og:url\" content=\"https:\/\/www.todoalfalfa.com.ar\/noticias\/stara-se-afianza-en-el-mercado-argentina-y-planifica-seguir-creciendo\/\" \/>\n<meta property=\"og:site_name\" content=\"Todo Alfalfa\" \/>\n<meta property=\"article:publisher\" content=\"https:\/\/www.facebook.com\/todoalfalfa\" \/>\n<meta property=\"article:published_time\" content=\"2025-03-20T16:52:25+00:00\" \/>\n<meta property=\"article:modified_time\" content=\"2025-03-24T12:27:42+00:00\" \/>\n<meta property=\"og:image\" content=\"https:\/\/www.todoalfalfa.com.ar\/noticias\/wp-content\/uploads\/2025\/03\/Staras-.jpg\" \/>\n\t<meta property=\"og:image:width\" content=\"963\" \/>\n\t<meta property=\"og:image:height\" content=\"1280\" \/>\n\t<meta property=\"og:image:type\" content=\"image\/jpeg\" \/>\n<meta name=\"author\" content=\"Todo Alfalfa\" \/>\n<meta name=\"twitter:card\" content=\"summary_large_image\" \/>\n<meta name=\"twitter:label1\" content=\"Escrito por\" \/>\n\t<meta name=\"twitter:data1\" content=\"Todo Alfalfa\" \/>\n\t<meta name=\"twitter:label2\" content=\"Tiempo de lectura\" \/>\n\t<meta name=\"twitter:data2\" content=\"2 minutos\" \/>\n<script type=\"application\/ld+json\" class=\"yoast-schema-graph\">{\"@context\":\"https:\/\/schema.org\",\"@graph\":[{\"@type\":\"NewsArticle\",\"@id\":\"https:\/\/www.todoalfalfa.com.ar\/noticias\/stara-se-afianza-en-el-mercado-argentina-y-planifica-seguir-creciendo\/#article\",\"isPartOf\":{\"@id\":\"https:\/\/www.todoalfalfa.com.ar\/noticias\/stara-se-afianza-en-el-mercado-argentina-y-planifica-seguir-creciendo\/\"},\"author\":{\"name\":\"Todo Alfalfa\",\"@id\":\"https:\/\/www.todoalfalfa.com.ar\/noticias\/#\/schema\/person\/99de93cb711c7015ef658e5321ba9f18\"},\"headline\":\"Stara se afianza en el mercado argentino y planifica seguir creciendo\u00a0\",\"datePublished\":\"2025-03-20T16:52:25+00:00\",\"dateModified\":\"2025-03-24T12:27:42+00:00\",\"mainEntityOfPage\":{\"@id\":\"https:\/\/www.todoalfalfa.com.ar\/noticias\/stara-se-afianza-en-el-mercado-argentina-y-planifica-seguir-creciendo\/\"},\"wordCount\":422,\"publisher\":{\"@id\":\"https:\/\/www.todoalfalfa.com.ar\/noticias\/#organization\"},\"image\":{\"@id\":\"https:\/\/www.todoalfalfa.com.ar\/noticias\/stara-se-afianza-en-el-mercado-argentina-y-planifica-seguir-creciendo\/#primaryimage\"},\"thumbnailUrl\":\"https:\/\/i0.wp.com\/www.todoalfalfa.com.ar\/noticias\/wp-content\/uploads\/2025\/03\/Staras-.jpg?fit=963%2C1280&ssl=1\",\"keywords\":[\"alfalfa\",\"Argentina\",\"ExpoAgro2025\",\"forrajes\",\"heno\",\"maquinaria\",\"pasturas\",\"producci\u00f3n\",\"siembra\",\"Stara\"],\"articleSection\":[\"ExpoAgro\",\"Tecnolog\u00eda\"],\"inLanguage\":\"es\"},{\"@type\":[\"WebPage\",\"ItemPage\"],\"@id\":\"https:\/\/www.todoalfalfa.com.ar\/noticias\/stara-se-afianza-en-el-mercado-argentina-y-planifica-seguir-creciendo\/\",\"url\":\"https:\/\/www.todoalfalfa.com.ar\/noticias\/stara-se-afianza-en-el-mercado-argentina-y-planifica-seguir-creciendo\/\",\"name\":\"Stara se afianza en el mercado argentino y planifica seguir creciendo\u00a0\",\"isPartOf\":{\"@id\":\"https:\/\/www.todoalfalfa.com.ar\/noticias\/#website\"},\"primaryImageOfPage\":{\"@id\":\"https:\/\/www.todoalfalfa.com.ar\/noticias\/stara-se-afianza-en-el-mercado-argentina-y-planifica-seguir-creciendo\/#primaryimage\"},\"image\":{\"@id\":\"https:\/\/www.todoalfalfa.com.ar\/noticias\/stara-se-afianza-en-el-mercado-argentina-y-planifica-seguir-creciendo\/#primaryimage\"},\"thumbnailUrl\":\"https:\/\/i0.wp.com\/www.todoalfalfa.com.ar\/noticias\/wp-content\/uploads\/2025\/03\/Staras-.jpg?fit=963%2C1280&ssl=1\",\"datePublished\":\"2025-03-20T16:52:25+00:00\",\"dateModified\":\"2025-03-24T12:27:42+00:00\",\"breadcrumb\":{\"@id\":\"https:\/\/www.todoalfalfa.com.ar\/noticias\/stara-se-afianza-en-el-mercado-argentina-y-planifica-seguir-creciendo\/#breadcrumb\"},\"inLanguage\":\"es\",\"potentialAction\":[{\"@type\":\"ReadAction\",\"target\":[\"https:\/\/www.todoalfalfa.com.ar\/noticias\/stara-se-afianza-en-el-mercado-argentina-y-planifica-seguir-creciendo\/\"]}]},{\"@type\":\"ImageObject\",\"inLanguage\":\"es\",\"@id\":\"https:\/\/www.todoalfalfa.com.ar\/noticias\/stara-se-afianza-en-el-mercado-argentina-y-planifica-seguir-creciendo\/#primaryimage\",\"url\":\"https:\/\/i0.wp.com\/www.todoalfalfa.com.ar\/noticias\/wp-content\/uploads\/2025\/03\/Staras-.jpg?fit=963%2C1280&ssl=1\",\"contentUrl\":\"https:\/\/i0.wp.com\/www.todoalfalfa.com.ar\/noticias\/wp-content\/uploads\/2025\/03\/Staras-.jpg?fit=963%2C1280&ssl=1\",\"width\":963,\"height\":1280},{\"@type\":\"BreadcrumbList\",\"@id\":\"https:\/\/www.todoalfalfa.com.ar\/noticias\/stara-se-afianza-en-el-mercado-argentina-y-planifica-seguir-creciendo\/#breadcrumb\",\"itemListElement\":[{\"@type\":\"ListItem\",\"position\":1,\"name\":\"Principal\",\"item\":\"https:\/\/www.todoalfalfa.com.ar\/noticias\/\"},{\"@type\":\"ListItem\",\"position\":2,\"name\":\"Stara se afianza en el mercado argentino y planifica seguir creciendo\u00a0\"}]},{\"@type\":\"WebSite\",\"@id\":\"https:\/\/www.todoalfalfa.com.ar\/noticias\/#website\",\"url\":\"https:\/\/www.todoalfalfa.com.ar\/noticias\/\",\"name\":\"Todo Alfalfa\",\"description\":\"Web informativa de la cadena de la alfalfa argentina\",\"publisher\":{\"@id\":\"https:\/\/www.todoalfalfa.com.ar\/noticias\/#organization\"},\"potentialAction\":[{\"@type\":\"SearchAction\",\"target\":{\"@type\":\"EntryPoint\",\"urlTemplate\":\"https:\/\/www.todoalfalfa.com.ar\/noticias\/?s={search_term_string}\"},\"query-input\":{\"@type\":\"PropertyValueSpecification\",\"valueRequired\":true,\"valueName\":\"search_term_string\"}}],\"inLanguage\":\"es\"},{\"@type\":\"Organization\",\"@id\":\"https:\/\/www.todoalfalfa.com.ar\/noticias\/#organization\",\"name\":\"Todo Alfalfa\",\"url\":\"https:\/\/www.todoalfalfa.com.ar\/noticias\/\",\"logo\":{\"@type\":\"ImageObject\",\"inLanguage\":\"es\",\"@id\":\"https:\/\/www.todoalfalfa.com.ar\/noticias\/#\/schema\/logo\/image\/\",\"url\":\"https:\/\/www.todoalfalfa.com.ar\/noticias\/wp-content\/uploads\/2020\/09\/logo-todo-alfalfa-modificado.png\",\"contentUrl\":\"https:\/\/www.todoalfalfa.com.ar\/noticias\/wp-content\/uploads\/2020\/09\/logo-todo-alfalfa-modificado.png\",\"width\":350,\"height\":100,\"caption\":\"Todo Alfalfa\"},\"image\":{\"@id\":\"https:\/\/www.todoalfalfa.com.ar\/noticias\/#\/schema\/logo\/image\/\"},\"sameAs\":[\"https:\/\/www.facebook.com\/todoalfalfa\",\"https:\/\/www.instagram.com\/todoalfalfa\",\"https:\/\/www.youtube.com\/@TodoAlfalfa\",\"https:\/\/www.linkedin.com\/company\/todoalfalfa\/\"]},{\"@type\":\"Person\",\"@id\":\"https:\/\/www.todoalfalfa.com.ar\/noticias\/#\/schema\/person\/99de93cb711c7015ef658e5321ba9f18\",\"name\":\"Todo Alfalfa\",\"image\":{\"@type\":\"ImageObject\",\"inLanguage\":\"es\",\"@id\":\"https:\/\/www.todoalfalfa.com.ar\/noticias\/#\/schema\/person\/image\/\",\"url\":\"https:\/\/secure.gravatar.com\/avatar\/50ffd12fb7b268bc2467160730786602db252a270c63104e7c19b5f67b8dd346?s=96&d=mm&r=g\",\"contentUrl\":\"https:\/\/secure.gravatar.com\/avatar\/50ffd12fb7b268bc2467160730786602db252a270c63104e7c19b5f67b8dd346?s=96&d=mm&r=g\",\"caption\":\"Todo Alfalfa\"},\"url\":\"https:\/\/www.todoalfalfa.com.ar\/noticias\/author\/osvaldoiachetta\/\"}]}<\/script>\n<!-- \/ Yoast SEO plugin. -->","yoast_head_json":{"title":"Stara se afianza en el mercado argentino y planifica seguir creciendo\u00a0","robots":{"index":"index","follow":"follow","max-snippet":"max-snippet:-1","max-image-preview":"max-image-preview:large","max-video-preview":"max-video-preview:-1"},"canonical":"https:\/\/www.todoalfalfa.com.ar\/noticias\/stara-se-afianza-en-el-mercado-argentina-y-planifica-seguir-creciendo\/","og_locale":"es_ES","og_type":"article","og_title":"Stara se afianza en el mercado argentino y planifica seguir creciendo\u00a0","og_description":"La empresa de origen brasile\u00f1a est\u00e1 radicada desde el a\u00f1o 2017 en Argentina. Mat\u00edas Marcolin, gerente Comercial, remarc\u00f3 que comercializan mas de 11 productos y varios de ellos para el sector forrajero.","og_url":"https:\/\/www.todoalfalfa.com.ar\/noticias\/stara-se-afianza-en-el-mercado-argentina-y-planifica-seguir-creciendo\/","og_site_name":"Todo Alfalfa","article_publisher":"https:\/\/www.facebook.com\/todoalfalfa","article_published_time":"2025-03-20T16:52:25+00:00","article_modified_time":"2025-03-24T12:27:42+00:00","og_image":[{"width":963,"height":1280,"url":"https:\/\/www.todoalfalfa.com.ar\/noticias\/wp-content\/uploads\/2025\/03\/Staras-.jpg","type":"image\/jpeg"}],"author":"Todo Alfalfa","twitter_card":"summary_large_image","twitter_misc":{"Escrito por":"Todo Alfalfa","Tiempo de lectura":"2 minutos"},"schema":{"@context":"https:\/\/schema.org","@graph":[{"@type":"NewsArticle","@id":"https:\/\/www.todoalfalfa.com.ar\/noticias\/stara-se-afianza-en-el-mercado-argentina-y-planifica-seguir-creciendo\/#article","isPartOf":{"@id":"https:\/\/www.todoalfalfa.com.ar\/noticias\/stara-se-afianza-en-el-mercado-argentina-y-planifica-seguir-creciendo\/"},"author":{"name":"Todo Alfalfa","@id":"https:\/\/www.todoalfalfa.com.ar\/noticias\/#\/schema\/person\/99de93cb711c7015ef658e5321ba9f18"},"headline":"Stara se afianza en el mercado argentino y planifica seguir creciendo\u00a0","datePublished":"2025-03-20T16:52:25+00:00","dateModified":"2025-03-24T12:27:42+00:00","mainEntityOfPage":{"@id":"https:\/\/www.todoalfalfa.com.ar\/noticias\/stara-se-afianza-en-el-mercado-argentina-y-planifica-seguir-creciendo\/"},"wordCount":422,"publisher":{"@id":"https:\/\/www.todoalfalfa.com.ar\/noticias\/#organization"},"image":{"@id":"https:\/\/www.todoalfalfa.com.ar\/noticias\/stara-se-afianza-en-el-mercado-argentina-y-planifica-seguir-creciendo\/#primaryimage"},"thumbnailUrl":"https:\/\/i0.wp.com\/www.todoalfalfa.com.ar\/noticias\/wp-content\/uploads\/2025\/03\/Staras-.jpg?fit=963%2C1280&ssl=1","keywords":["alfalfa","Argentina","ExpoAgro2025","forrajes","heno","maquinaria","pasturas","producci\u00f3n","siembra","Stara"],"articleSection":["ExpoAgro","Tecnolog\u00eda"],"inLanguage":"es"},{"@type":["WebPage","ItemPage"],"@id":"https:\/\/www.todoalfalfa.com.ar\/noticias\/stara-se-afianza-en-el-mercado-argentina-y-planifica-seguir-creciendo\/","url":"https:\/\/www.todoalfalfa.com.ar\/noticias\/stara-se-afianza-en-el-mercado-argentina-y-planifica-seguir-creciendo\/","name":"Stara se afianza en el mercado argentino y planifica seguir creciendo\u00a0","isPartOf":{"@id":"https:\/\/www.todoalfalfa.com.ar\/noticias\/#website"},"primaryImageOfPage":{"@id":"https:\/\/www.todoalfalfa.com.ar\/noticias\/stara-se-afianza-en-el-mercado-argentina-y-planifica-seguir-creciendo\/#primaryimage"},"image":{"@id":"https:\/\/www.todoalfalfa.com.ar\/noticias\/stara-se-afianza-en-el-mercado-argentina-y-planifica-seguir-creciendo\/#primaryimage"},"thumbnailUrl":"https:\/\/i0.wp.com\/www.todoalfalfa.com.ar\/noticias\/wp-content\/uploads\/2025\/03\/Staras-.jpg?fit=963%2C1280&ssl=1","datePublished":"2025-03-20T16:52:25+00:00","dateModified":"2025-03-24T12:27:42+00:00","breadcrumb":{"@id":"https:\/\/www.todoalfalfa.com.ar\/noticias\/stara-se-afianza-en-el-mercado-argentina-y-planifica-seguir-creciendo\/#breadcrumb"},"inLanguage":"es","potentialAction":[{"@type":"ReadAction","target":["https:\/\/www.todoalfalfa.com.ar\/noticias\/stara-se-afianza-en-el-mercado-argentina-y-planifica-seguir-creciendo\/"]}]},{"@type":"ImageObject","inLanguage":"es","@id":"https:\/\/www.todoalfalfa.com.ar\/noticias\/stara-se-afianza-en-el-mercado-argentina-y-planifica-seguir-creciendo\/#primaryimage","url":"https:\/\/i0.wp.com\/www.todoalfalfa.com.ar\/noticias\/wp-content\/uploads\/2025\/03\/Staras-.jpg?fit=963%2C1280&ssl=1","contentUrl":"https:\/\/i0.wp.com\/www.todoalfalfa.com.ar\/noticias\/wp-content\/uploads\/2025\/03\/Staras-.jpg?fit=963%2C1280&ssl=1","width":963,"height":1280},{"@type":"BreadcrumbList","@id":"https:\/\/www.todoalfalfa.com.ar\/noticias\/stara-se-afianza-en-el-mercado-argentina-y-planifica-seguir-creciendo\/#breadcrumb","itemListElement":[{"@type":"ListItem","position":1,"name":"Principal","item":"https:\/\/www.todoalfalfa.com.ar\/noticias\/"},{"@type":"ListItem","position":2,"name":"Stara se afianza en el mercado argentino y planifica seguir creciendo\u00a0"}]},{"@type":"WebSite","@id":"https:\/\/www.todoalfalfa.com.ar\/noticias\/#website","url":"https:\/\/www.todoalfalfa.com.ar\/noticias\/","name":"Todo Alfalfa","description":"Web informativa de la cadena de la alfalfa argentina","publisher":{"@id":"https:\/\/www.todoalfalfa.com.ar\/noticias\/#organization"},"potentialAction":[{"@type":"SearchAction","target":{"@type":"EntryPoint","urlTemplate":"https:\/\/www.todoalfalfa.com.ar\/noticias\/?s={search_term_string}"},"query-input":{"@type":"PropertyValueSpecification","valueRequired":true,"valueName":"search_term_string"}}],"inLanguage":"es"},{"@type":"Organization","@id":"https:\/\/www.todoalfalfa.com.ar\/noticias\/#organization","name":"Todo Alfalfa","url":"https:\/\/www.todoalfalfa.com.ar\/noticias\/","logo":{"@type":"ImageObject","inLanguage":"es","@id":"https:\/\/www.todoalfalfa.com.ar\/noticias\/#\/schema\/logo\/image\/","url":"https:\/\/www.todoalfalfa.com.ar\/noticias\/wp-content\/uploads\/2020\/09\/logo-todo-alfalfa-modificado.png","contentUrl":"https:\/\/www.todoalfalfa.com.ar\/noticias\/wp-content\/uploads\/2020\/09\/logo-todo-alfalfa-modificado.png","width":350,"height":100,"caption":"Todo Alfalfa"},"image":{"@id":"https:\/\/www.todoalfalfa.com.ar\/noticias\/#\/schema\/logo\/image\/"},"sameAs":["https:\/\/www.facebook.com\/todoalfalfa","https:\/\/www.instagram.com\/todoalfalfa","https:\/\/www.youtube.com\/@TodoAlfalfa","https:\/\/www.linkedin.com\/company\/todoalfalfa\/"]},{"@type":"Person","@id":"https:\/\/www.todoalfalfa.com.ar\/noticias\/#\/schema\/person\/99de93cb711c7015ef658e5321ba9f18","name":"Todo Alfalfa","image":{"@type":"ImageObject","inLanguage":"es","@id":"https:\/\/www.todoalfalfa.com.ar\/noticias\/#\/schema\/person\/image\/","url":"https:\/\/secure.gravatar.com\/avatar\/50ffd12fb7b268bc2467160730786602db252a270c63104e7c19b5f67b8dd346?s=96&d=mm&r=g","contentUrl":"https:\/\/secure.gravatar.com\/avatar\/50ffd12fb7b268bc2467160730786602db252a270c63104e7c19b5f67b8dd346?s=96&d=mm&r=g","caption":"Todo Alfalfa"},"url":"https:\/\/www.todoalfalfa.com.ar\/noticias\/author\/osvaldoiachetta\/"}]}},"jetpack_featured_media_url":"https:\/\/i0.wp.com\/www.todoalfalfa.com.ar\/noticias\/wp-content\/uploads\/2025\/03\/Staras-.jpg?fit=963%2C1280&ssl=1","wps_subtitle":"","jetpack_sharing_enabled":true,"_links":{"self":[{"href":"https:\/\/www.todoalfalfa.com.ar\/noticias\/wp-json\/wp\/v2\/posts\/48862","targetHints":{"allow":["GET"]}}],"collection":[{"href":"https:\/\/www.todoalfalfa.com.ar\/noticias\/wp-json\/wp\/v2\/posts"}],"about":[{"href":"https:\/\/www.todoalfalfa.com.ar\/noticias\/wp-json\/wp\/v2\/types\/post"}],"author":[{"embeddable":true,"href":"https:\/\/www.todoalfalfa.com.ar\/noticias\/wp-json\/wp\/v2\/users\/9"}],"replies":[{"embeddable":true,"href":"https:\/\/www.todoalfalfa.com.ar\/noticias\/wp-json\/wp\/v2\/comments?post=48862"}],"version-history":[{"count":2,"href":"https:\/\/www.todoalfalfa.com.ar\/noticias\/wp-json\/wp\/v2\/posts\/48862\/revisions"}],"predecessor-version":[{"id":48889,"href":"https:\/\/www.todoalfalfa.com.ar\/noticias\/wp-json\/wp\/v2\/posts\/48862\/revisions\/48889"}],"wp:featuredmedia":[{"embeddable":true,"href":"https:\/\/www.todoalfalfa.com.ar\/noticias\/wp-json\/wp\/v2\/media\/48863"}],"wp:attachment":[{"href":"https:\/\/www.todoalfalfa.com.ar\/noticias\/wp-json\/wp\/v2\/media?parent=48862"}],"wp:term":[{"taxonomy":"category","embeddable":true,"href":"https:\/\/www.todoalfalfa.com.ar\/noticias\/wp-json\/wp\/v2\/categories?post=48862"},{"taxonomy":"post_tag","embeddable":true,"href":"https:\/\/www.todoalfalfa.com.ar\/noticias\/wp-json\/wp\/v2\/tags?post=48862"}],"curies":[{"name":"wp","href":"https:\/\/api.w.org\/{rel}","templated":true}]}}