{"id":48975,"date":"2025-04-03T09:04:37","date_gmt":"2025-04-03T12:04:37","guid":{"rendered":"https:\/\/www.todoalfalfa.com.ar\/noticias\/?p=48975"},"modified":"2025-04-03T09:04:39","modified_gmt":"2025-04-03T12:04:39","slug":"presentan-una-nueva-variedad-de-avena","status":"publish","type":"post","link":"https:\/\/www.todoalfalfa.com.ar\/noticias\/presentan-una-nueva-variedad-de-avena\/","title":{"rendered":"Presentan una nueva variedad de avena"},"content":{"rendered":"\n<p>Con alrededor de 1.500.000 hect\u00e1reas cultivadas, en la Argentina, la avena es el principal cultivo forrajero de invierno. Por esto, en el marco del programa de mejoramiento gen\u00e9tico, especialistas del INTA avanzan con el desarrollo de variedades de avena que rindan m\u00e1s, se adapten a diversos ambientes y posean tolerancia y resistencia a las principales enfermedades.<\/p>\n\n\n\n<p>La tecnolog\u00eda incorporada en la gen\u00e9tica de la semilla se caracteriza por ser de f\u00e1cil adopci\u00f3n, generar un mayor retorno econ\u00f3mico y no generar impacto negativo en el ambiente. En este sentido, \u201cla nueva variedad Liliana INTA posee un alto potencial de producci\u00f3n de biomasa, con excelente rebrote lo que genera una mayor productividad, bajando los costos por raciones\u201d indic\u00f3 Fernando Gim\u00e9nez \u2014investigador del INTA Bordenave\u2014 y agreg\u00f3: \u201cSu tolerancia a las principales enfermedades permite ahorrar aplicaciones de productos qu\u00edmicos, con un impacto favorable en los costos y un manejo diversificado\u201d.<\/p>\n\n\n\n<p>La avena es un cultivo muy importante para la ganader\u00eda. \u201cLa producci\u00f3n de forraje es una de las principales limitantes para la ganader\u00eda, m\u00e1s all\u00e1 que las dietas se puedan complementar con granos\u201d, se\u00f1al\u00f3 Gim\u00e9nez y agreg\u00f3: \u201cY mucho m\u00e1s en invierno cuando el forraje es m\u00e1s escaso, donde no producen ni los pastizales naturales, ni las pasturas, ni tampoco los sorgos ni los ma\u00edces\u201d.<\/p>\n\n\n\n<figure class=\"wp-block-image\"><img data-recalc-dims=\"1\" decoding=\"async\" src=\"https:\/\/i0.wp.com\/intainforma.inta.gob.ar\/wp-content\/uploads\/AvenaLiliana2.jpg?ssl=1\" alt=\"\" class=\"wp-image-1277931\"\/><\/figure>\n\n\n\n<p>\u201cLiliana INTA permite hacer siembras tempranas, tiene una r\u00e1pida producci\u00f3n inicial y mantiene una alt\u00edsima tasa de crecimiento durante el invierno. Esta variedad se destaca en el centro y norte de la regi\u00f3n pampeana\u201d, sostuvo Agust\u00edn Gonz\u00e1lez \u2014investigador del INTA Bordenave y obtentor de la nueva variedad\u2014.<\/p>\n\n\n\n<p>Este nuevo cultivar, adem\u00e1s, se adapta a la zona centro y norte de la regi\u00f3n Pampeana: Paran\u00e1, C\u00f3rdoba, Rafaela, Santa Fe y este de C\u00f3rdoba. En los \u00faltimos a\u00f1os, cada variedad de avena que desarrolla el INTA incrementa la producci\u00f3n entre un 4 y un 5 %, en comparaci\u00f3n con las anteriores. De hecho, en la actualidad, el 90 % de las variedades de avena que se siembran en la Argentina fueron desarrolladas por el INTA.<\/p>\n\n\n\n<p>En este sentido, German Gonz\u00e1lez subray\u00f3 el rol del programa de mejoramiento gen\u00e9tico del INTA Bordenave: \u201cEs un programa de punta, muy robusto, que incorpora las \u00faltimas tecnolog\u00edas para el mejoramiento\u201d. &nbsp;Es de remarcar que Liliana INTA fue el cultivar m\u00e1s destacado en los ensayos de rendimiento conducidos por el INIA en Uruguay.<\/p>\n\n\n\n<p>La avena Liliana INTA es comercializada por la empresa Acopio Arequito -Arequito, Santa Fe- y su red de distribuidores, bajo un convenio de vinculaci\u00f3n tecnol\u00f3gica p\u00fablico-privado, donde el INTA aporta la gen\u00e9tica y la empresa la multiplica y distribuye semilla fiscalizada de alta calidad.<\/p>\n\n\n\n<figure class=\"wp-block-embed is-type-video is-provider-youtube wp-block-embed-youtube wp-embed-aspect-16-9 wp-has-aspect-ratio\"><div class=\"wp-block-embed__wrapper\">\n<iframe title=\"Avena Liliana INTA\" width=\"500\" height=\"281\" src=\"https:\/\/www.youtube.com\/embed\/652QDxQyCqg?feature=oembed\" frameborder=\"0\" allow=\"accelerometer; autoplay; clipboard-write; encrypted-media; gyroscope; picture-in-picture; web-share\" referrerpolicy=\"strict-origin-when-cross-origin\" allowfullscreen><\/iframe>\n<\/div><\/figure>\n<div class=\"todoalfalfa-final-de-la-nota\" id=\"todoalfalfa-580870909\"><a href=\"https:\/\/www.whatsapp.com\/channel\/0029VbCBmFB9WtBxJsD3eC2i\" target=\"_blank\" aria-label=\"5\"><img src=\"https:\/\/i0.wp.com\/www.todoalfalfa.com.ar\/noticias\/wp-content\/uploads\/2026\/04\/5.gif?fit=728%2C90&#038;ssl=1\" alt=\"\"  width=\"728\" height=\"90\"   \/><\/a><\/div>","protected":false},"excerpt":{"rendered":"<p>Investigadores del INTA Bordenave \u2014Buenos Aires\u2014 desarrollaron una avena que se adapta a diversos ambientes productivos, especialmente los del centro y norte de la regi\u00f3n Pampeana. Gracias al uso de herramientas biotecnol\u00f3gicas, Liliana INTA posee un alto potencial de producci\u00f3n de forraje y muy buen comportamiento a enfermedades, lo que le aporta mayor productividad.<\/p>\n","protected":false},"author":9,"featured_media":48976,"comment_status":"closed","ping_status":"open","sticky":false,"template":"","format":"standard","meta":{"jetpack_post_was_ever_published":false,"_jetpack_newsletter_access":"","_jetpack_dont_email_post_to_subs":false,"_jetpack_newsletter_tier_id":0,"_jetpack_memberships_contains_paywalled_content":false,"_jetpack_memberships_contains_paid_content":false,"footnotes":""},"categories":[2],"tags":[31,105,236,54,68,36,1659,17,21,91],"class_list":["post-48975","post","type-post","status-publish","format-standard","has-post-thumbnail","hentry","category-generales","tag-alfalfa","tag-argentina","tag-exportacion","tag-forrajes","tag-heno","tag-inta","tag-novedades","tag-pasturas","tag-produccion","tag-siembra"],"yoast_head":"<!-- This site is optimized with the Yoast SEO plugin v25.5 - https:\/\/yoast.com\/wordpress\/plugins\/seo\/ -->\n<title>Presentan una nueva variedad de avena<\/title>\n<meta name=\"robots\" content=\"index, follow, max-snippet:-1, max-image-preview:large, max-video-preview:-1\" \/>\n<link rel=\"canonical\" href=\"https:\/\/www.todoalfalfa.com.ar\/noticias\/presentan-una-nueva-variedad-de-avena\/\" \/>\n<meta property=\"og:locale\" content=\"es_ES\" \/>\n<meta property=\"og:type\" content=\"article\" \/>\n<meta property=\"og:title\" content=\"Presentan una nueva variedad de avena\" \/>\n<meta property=\"og:description\" content=\"Investigadores del INTA Bordenave \u2014Buenos Aires\u2014 desarrollaron una avena que se adapta a diversos ambientes productivos, especialmente los del centro y norte de la regi\u00f3n Pampeana. Gracias al uso de herramientas biotecnol\u00f3gicas, Liliana INTA posee un alto potencial de producci\u00f3n de forraje y muy buen comportamiento a enfermedades, lo que le aporta mayor productividad.\" \/>\n<meta property=\"og:url\" content=\"https:\/\/www.todoalfalfa.com.ar\/noticias\/presentan-una-nueva-variedad-de-avena\/\" \/>\n<meta property=\"og:site_name\" content=\"Todo Alfalfa\" \/>\n<meta property=\"article:publisher\" content=\"https:\/\/www.facebook.com\/todoalfalfa\" \/>\n<meta property=\"article:published_time\" content=\"2025-04-03T12:04:37+00:00\" \/>\n<meta property=\"article:modified_time\" content=\"2025-04-03T12:04:39+00:00\" \/>\n<meta property=\"og:image\" content=\"https:\/\/www.todoalfalfa.com.ar\/noticias\/wp-content\/uploads\/2025\/04\/Avena-INTA.webp\" \/>\n\t<meta property=\"og:image:width\" content=\"1600\" \/>\n\t<meta property=\"og:image:height\" content=\"1070\" \/>\n\t<meta property=\"og:image:type\" content=\"image\/webp\" \/>\n<meta name=\"author\" content=\"Todo Alfalfa\" \/>\n<meta name=\"twitter:card\" content=\"summary_large_image\" \/>\n<meta name=\"twitter:label1\" content=\"Escrito por\" \/>\n\t<meta name=\"twitter:data1\" content=\"Todo Alfalfa\" \/>\n\t<meta name=\"twitter:label2\" content=\"Tiempo de lectura\" \/>\n\t<meta name=\"twitter:data2\" content=\"3 minutos\" \/>\n<script type=\"application\/ld+json\" class=\"yoast-schema-graph\">{\"@context\":\"https:\/\/schema.org\",\"@graph\":[{\"@type\":\"NewsArticle\",\"@id\":\"https:\/\/www.todoalfalfa.com.ar\/noticias\/presentan-una-nueva-variedad-de-avena\/#article\",\"isPartOf\":{\"@id\":\"https:\/\/www.todoalfalfa.com.ar\/noticias\/presentan-una-nueva-variedad-de-avena\/\"},\"author\":{\"name\":\"Todo Alfalfa\",\"@id\":\"https:\/\/www.todoalfalfa.com.ar\/noticias\/#\/schema\/person\/99de93cb711c7015ef658e5321ba9f18\"},\"headline\":\"Presentan una nueva variedad de avena\",\"datePublished\":\"2025-04-03T12:04:37+00:00\",\"dateModified\":\"2025-04-03T12:04:39+00:00\",\"mainEntityOfPage\":{\"@id\":\"https:\/\/www.todoalfalfa.com.ar\/noticias\/presentan-una-nueva-variedad-de-avena\/\"},\"wordCount\":478,\"publisher\":{\"@id\":\"https:\/\/www.todoalfalfa.com.ar\/noticias\/#organization\"},\"image\":{\"@id\":\"https:\/\/www.todoalfalfa.com.ar\/noticias\/presentan-una-nueva-variedad-de-avena\/#primaryimage\"},\"thumbnailUrl\":\"https:\/\/i0.wp.com\/www.todoalfalfa.com.ar\/noticias\/wp-content\/uploads\/2025\/04\/Avena-INTA.webp?fit=1600%2C1070&ssl=1\",\"keywords\":[\"alfalfa\",\"Argentina\",\"exportaci\u00f3n\",\"forrajes\",\"heno\",\"inta\",\"Novedades\",\"pasturas\",\"producci\u00f3n\",\"siembra\"],\"articleSection\":[\"Generales\"],\"inLanguage\":\"es\"},{\"@type\":[\"WebPage\",\"ItemPage\"],\"@id\":\"https:\/\/www.todoalfalfa.com.ar\/noticias\/presentan-una-nueva-variedad-de-avena\/\",\"url\":\"https:\/\/www.todoalfalfa.com.ar\/noticias\/presentan-una-nueva-variedad-de-avena\/\",\"name\":\"Presentan una nueva variedad de avena\",\"isPartOf\":{\"@id\":\"https:\/\/www.todoalfalfa.com.ar\/noticias\/#website\"},\"primaryImageOfPage\":{\"@id\":\"https:\/\/www.todoalfalfa.com.ar\/noticias\/presentan-una-nueva-variedad-de-avena\/#primaryimage\"},\"image\":{\"@id\":\"https:\/\/www.todoalfalfa.com.ar\/noticias\/presentan-una-nueva-variedad-de-avena\/#primaryimage\"},\"thumbnailUrl\":\"https:\/\/i0.wp.com\/www.todoalfalfa.com.ar\/noticias\/wp-content\/uploads\/2025\/04\/Avena-INTA.webp?fit=1600%2C1070&ssl=1\",\"datePublished\":\"2025-04-03T12:04:37+00:00\",\"dateModified\":\"2025-04-03T12:04:39+00:00\",\"breadcrumb\":{\"@id\":\"https:\/\/www.todoalfalfa.com.ar\/noticias\/presentan-una-nueva-variedad-de-avena\/#breadcrumb\"},\"inLanguage\":\"es\",\"potentialAction\":[{\"@type\":\"ReadAction\",\"target\":[\"https:\/\/www.todoalfalfa.com.ar\/noticias\/presentan-una-nueva-variedad-de-avena\/\"]}]},{\"@type\":\"ImageObject\",\"inLanguage\":\"es\",\"@id\":\"https:\/\/www.todoalfalfa.com.ar\/noticias\/presentan-una-nueva-variedad-de-avena\/#primaryimage\",\"url\":\"https:\/\/i0.wp.com\/www.todoalfalfa.com.ar\/noticias\/wp-content\/uploads\/2025\/04\/Avena-INTA.webp?fit=1600%2C1070&ssl=1\",\"contentUrl\":\"https:\/\/i0.wp.com\/www.todoalfalfa.com.ar\/noticias\/wp-content\/uploads\/2025\/04\/Avena-INTA.webp?fit=1600%2C1070&ssl=1\",\"width\":1600,\"height\":1070},{\"@type\":\"BreadcrumbList\",\"@id\":\"https:\/\/www.todoalfalfa.com.ar\/noticias\/presentan-una-nueva-variedad-de-avena\/#breadcrumb\",\"itemListElement\":[{\"@type\":\"ListItem\",\"position\":1,\"name\":\"Principal\",\"item\":\"https:\/\/www.todoalfalfa.com.ar\/noticias\/\"},{\"@type\":\"ListItem\",\"position\":2,\"name\":\"Presentan una nueva variedad de avena\"}]},{\"@type\":\"WebSite\",\"@id\":\"https:\/\/www.todoalfalfa.com.ar\/noticias\/#website\",\"url\":\"https:\/\/www.todoalfalfa.com.ar\/noticias\/\",\"name\":\"Todo Alfalfa\",\"description\":\"Web informativa de la cadena de la alfalfa argentina\",\"publisher\":{\"@id\":\"https:\/\/www.todoalfalfa.com.ar\/noticias\/#organization\"},\"potentialAction\":[{\"@type\":\"SearchAction\",\"target\":{\"@type\":\"EntryPoint\",\"urlTemplate\":\"https:\/\/www.todoalfalfa.com.ar\/noticias\/?s={search_term_string}\"},\"query-input\":{\"@type\":\"PropertyValueSpecification\",\"valueRequired\":true,\"valueName\":\"search_term_string\"}}],\"inLanguage\":\"es\"},{\"@type\":\"Organization\",\"@id\":\"https:\/\/www.todoalfalfa.com.ar\/noticias\/#organization\",\"name\":\"Todo Alfalfa\",\"url\":\"https:\/\/www.todoalfalfa.com.ar\/noticias\/\",\"logo\":{\"@type\":\"ImageObject\",\"inLanguage\":\"es\",\"@id\":\"https:\/\/www.todoalfalfa.com.ar\/noticias\/#\/schema\/logo\/image\/\",\"url\":\"https:\/\/www.todoalfalfa.com.ar\/noticias\/wp-content\/uploads\/2020\/09\/logo-todo-alfalfa-modificado.png\",\"contentUrl\":\"https:\/\/www.todoalfalfa.com.ar\/noticias\/wp-content\/uploads\/2020\/09\/logo-todo-alfalfa-modificado.png\",\"width\":350,\"height\":100,\"caption\":\"Todo Alfalfa\"},\"image\":{\"@id\":\"https:\/\/www.todoalfalfa.com.ar\/noticias\/#\/schema\/logo\/image\/\"},\"sameAs\":[\"https:\/\/www.facebook.com\/todoalfalfa\",\"https:\/\/www.instagram.com\/todoalfalfa\",\"https:\/\/www.youtube.com\/@TodoAlfalfa\",\"https:\/\/www.linkedin.com\/company\/todoalfalfa\/\"]},{\"@type\":\"Person\",\"@id\":\"https:\/\/www.todoalfalfa.com.ar\/noticias\/#\/schema\/person\/99de93cb711c7015ef658e5321ba9f18\",\"name\":\"Todo Alfalfa\",\"image\":{\"@type\":\"ImageObject\",\"inLanguage\":\"es\",\"@id\":\"https:\/\/www.todoalfalfa.com.ar\/noticias\/#\/schema\/person\/image\/\",\"url\":\"https:\/\/secure.gravatar.com\/avatar\/50ffd12fb7b268bc2467160730786602db252a270c63104e7c19b5f67b8dd346?s=96&d=mm&r=g\",\"contentUrl\":\"https:\/\/secure.gravatar.com\/avatar\/50ffd12fb7b268bc2467160730786602db252a270c63104e7c19b5f67b8dd346?s=96&d=mm&r=g\",\"caption\":\"Todo Alfalfa\"},\"url\":\"https:\/\/www.todoalfalfa.com.ar\/noticias\/author\/osvaldoiachetta\/\"}]}<\/script>\n<!-- \/ Yoast SEO plugin. -->","yoast_head_json":{"title":"Presentan una nueva variedad de avena","robots":{"index":"index","follow":"follow","max-snippet":"max-snippet:-1","max-image-preview":"max-image-preview:large","max-video-preview":"max-video-preview:-1"},"canonical":"https:\/\/www.todoalfalfa.com.ar\/noticias\/presentan-una-nueva-variedad-de-avena\/","og_locale":"es_ES","og_type":"article","og_title":"Presentan una nueva variedad de avena","og_description":"Investigadores del INTA Bordenave \u2014Buenos Aires\u2014 desarrollaron una avena que se adapta a diversos ambientes productivos, especialmente los del centro y norte de la regi\u00f3n Pampeana. Gracias al uso de herramientas biotecnol\u00f3gicas, Liliana INTA posee un alto potencial de producci\u00f3n de forraje y muy buen comportamiento a enfermedades, lo que le aporta mayor productividad.","og_url":"https:\/\/www.todoalfalfa.com.ar\/noticias\/presentan-una-nueva-variedad-de-avena\/","og_site_name":"Todo Alfalfa","article_publisher":"https:\/\/www.facebook.com\/todoalfalfa","article_published_time":"2025-04-03T12:04:37+00:00","article_modified_time":"2025-04-03T12:04:39+00:00","og_image":[{"width":1600,"height":1070,"url":"https:\/\/www.todoalfalfa.com.ar\/noticias\/wp-content\/uploads\/2025\/04\/Avena-INTA.webp","type":"image\/webp"}],"author":"Todo Alfalfa","twitter_card":"summary_large_image","twitter_misc":{"Escrito por":"Todo Alfalfa","Tiempo de lectura":"3 minutos"},"schema":{"@context":"https:\/\/schema.org","@graph":[{"@type":"NewsArticle","@id":"https:\/\/www.todoalfalfa.com.ar\/noticias\/presentan-una-nueva-variedad-de-avena\/#article","isPartOf":{"@id":"https:\/\/www.todoalfalfa.com.ar\/noticias\/presentan-una-nueva-variedad-de-avena\/"},"author":{"name":"Todo Alfalfa","@id":"https:\/\/www.todoalfalfa.com.ar\/noticias\/#\/schema\/person\/99de93cb711c7015ef658e5321ba9f18"},"headline":"Presentan una nueva variedad de avena","datePublished":"2025-04-03T12:04:37+00:00","dateModified":"2025-04-03T12:04:39+00:00","mainEntityOfPage":{"@id":"https:\/\/www.todoalfalfa.com.ar\/noticias\/presentan-una-nueva-variedad-de-avena\/"},"wordCount":478,"publisher":{"@id":"https:\/\/www.todoalfalfa.com.ar\/noticias\/#organization"},"image":{"@id":"https:\/\/www.todoalfalfa.com.ar\/noticias\/presentan-una-nueva-variedad-de-avena\/#primaryimage"},"thumbnailUrl":"https:\/\/i0.wp.com\/www.todoalfalfa.com.ar\/noticias\/wp-content\/uploads\/2025\/04\/Avena-INTA.webp?fit=1600%2C1070&ssl=1","keywords":["alfalfa","Argentina","exportaci\u00f3n","forrajes","heno","inta","Novedades","pasturas","producci\u00f3n","siembra"],"articleSection":["Generales"],"inLanguage":"es"},{"@type":["WebPage","ItemPage"],"@id":"https:\/\/www.todoalfalfa.com.ar\/noticias\/presentan-una-nueva-variedad-de-avena\/","url":"https:\/\/www.todoalfalfa.com.ar\/noticias\/presentan-una-nueva-variedad-de-avena\/","name":"Presentan una nueva variedad de avena","isPartOf":{"@id":"https:\/\/www.todoalfalfa.com.ar\/noticias\/#website"},"primaryImageOfPage":{"@id":"https:\/\/www.todoalfalfa.com.ar\/noticias\/presentan-una-nueva-variedad-de-avena\/#primaryimage"},"image":{"@id":"https:\/\/www.todoalfalfa.com.ar\/noticias\/presentan-una-nueva-variedad-de-avena\/#primaryimage"},"thumbnailUrl":"https:\/\/i0.wp.com\/www.todoalfalfa.com.ar\/noticias\/wp-content\/uploads\/2025\/04\/Avena-INTA.webp?fit=1600%2C1070&ssl=1","datePublished":"2025-04-03T12:04:37+00:00","dateModified":"2025-04-03T12:04:39+00:00","breadcrumb":{"@id":"https:\/\/www.todoalfalfa.com.ar\/noticias\/presentan-una-nueva-variedad-de-avena\/#breadcrumb"},"inLanguage":"es","potentialAction":[{"@type":"ReadAction","target":["https:\/\/www.todoalfalfa.com.ar\/noticias\/presentan-una-nueva-variedad-de-avena\/"]}]},{"@type":"ImageObject","inLanguage":"es","@id":"https:\/\/www.todoalfalfa.com.ar\/noticias\/presentan-una-nueva-variedad-de-avena\/#primaryimage","url":"https:\/\/i0.wp.com\/www.todoalfalfa.com.ar\/noticias\/wp-content\/uploads\/2025\/04\/Avena-INTA.webp?fit=1600%2C1070&ssl=1","contentUrl":"https:\/\/i0.wp.com\/www.todoalfalfa.com.ar\/noticias\/wp-content\/uploads\/2025\/04\/Avena-INTA.webp?fit=1600%2C1070&ssl=1","width":1600,"height":1070},{"@type":"BreadcrumbList","@id":"https:\/\/www.todoalfalfa.com.ar\/noticias\/presentan-una-nueva-variedad-de-avena\/#breadcrumb","itemListElement":[{"@type":"ListItem","position":1,"name":"Principal","item":"https:\/\/www.todoalfalfa.com.ar\/noticias\/"},{"@type":"ListItem","position":2,"name":"Presentan una nueva variedad de avena"}]},{"@type":"WebSite","@id":"https:\/\/www.todoalfalfa.com.ar\/noticias\/#website","url":"https:\/\/www.todoalfalfa.com.ar\/noticias\/","name":"Todo Alfalfa","description":"Web informativa de la cadena de la alfalfa argentina","publisher":{"@id":"https:\/\/www.todoalfalfa.com.ar\/noticias\/#organization"},"potentialAction":[{"@type":"SearchAction","target":{"@type":"EntryPoint","urlTemplate":"https:\/\/www.todoalfalfa.com.ar\/noticias\/?s={search_term_string}"},"query-input":{"@type":"PropertyValueSpecification","valueRequired":true,"valueName":"search_term_string"}}],"inLanguage":"es"},{"@type":"Organization","@id":"https:\/\/www.todoalfalfa.com.ar\/noticias\/#organization","name":"Todo Alfalfa","url":"https:\/\/www.todoalfalfa.com.ar\/noticias\/","logo":{"@type":"ImageObject","inLanguage":"es","@id":"https:\/\/www.todoalfalfa.com.ar\/noticias\/#\/schema\/logo\/image\/","url":"https:\/\/www.todoalfalfa.com.ar\/noticias\/wp-content\/uploads\/2020\/09\/logo-todo-alfalfa-modificado.png","contentUrl":"https:\/\/www.todoalfalfa.com.ar\/noticias\/wp-content\/uploads\/2020\/09\/logo-todo-alfalfa-modificado.png","width":350,"height":100,"caption":"Todo Alfalfa"},"image":{"@id":"https:\/\/www.todoalfalfa.com.ar\/noticias\/#\/schema\/logo\/image\/"},"sameAs":["https:\/\/www.facebook.com\/todoalfalfa","https:\/\/www.instagram.com\/todoalfalfa","https:\/\/www.youtube.com\/@TodoAlfalfa","https:\/\/www.linkedin.com\/company\/todoalfalfa\/"]},{"@type":"Person","@id":"https:\/\/www.todoalfalfa.com.ar\/noticias\/#\/schema\/person\/99de93cb711c7015ef658e5321ba9f18","name":"Todo Alfalfa","image":{"@type":"ImageObject","inLanguage":"es","@id":"https:\/\/www.todoalfalfa.com.ar\/noticias\/#\/schema\/person\/image\/","url":"https:\/\/secure.gravatar.com\/avatar\/50ffd12fb7b268bc2467160730786602db252a270c63104e7c19b5f67b8dd346?s=96&d=mm&r=g","contentUrl":"https:\/\/secure.gravatar.com\/avatar\/50ffd12fb7b268bc2467160730786602db252a270c63104e7c19b5f67b8dd346?s=96&d=mm&r=g","caption":"Todo Alfalfa"},"url":"https:\/\/www.todoalfalfa.com.ar\/noticias\/author\/osvaldoiachetta\/"}]}},"jetpack_featured_media_url":"https:\/\/i0.wp.com\/www.todoalfalfa.com.ar\/noticias\/wp-content\/uploads\/2025\/04\/Avena-INTA.webp?fit=1600%2C1070&ssl=1","wps_subtitle":"","jetpack_sharing_enabled":true,"_links":{"self":[{"href":"https:\/\/www.todoalfalfa.com.ar\/noticias\/wp-json\/wp\/v2\/posts\/48975","targetHints":{"allow":["GET"]}}],"collection":[{"href":"https:\/\/www.todoalfalfa.com.ar\/noticias\/wp-json\/wp\/v2\/posts"}],"about":[{"href":"https:\/\/www.todoalfalfa.com.ar\/noticias\/wp-json\/wp\/v2\/types\/post"}],"author":[{"embeddable":true,"href":"https:\/\/www.todoalfalfa.com.ar\/noticias\/wp-json\/wp\/v2\/users\/9"}],"replies":[{"embeddable":true,"href":"https:\/\/www.todoalfalfa.com.ar\/noticias\/wp-json\/wp\/v2\/comments?post=48975"}],"version-history":[{"count":1,"href":"https:\/\/www.todoalfalfa.com.ar\/noticias\/wp-json\/wp\/v2\/posts\/48975\/revisions"}],"predecessor-version":[{"id":48977,"href":"https:\/\/www.todoalfalfa.com.ar\/noticias\/wp-json\/wp\/v2\/posts\/48975\/revisions\/48977"}],"wp:featuredmedia":[{"embeddable":true,"href":"https:\/\/www.todoalfalfa.com.ar\/noticias\/wp-json\/wp\/v2\/media\/48976"}],"wp:attachment":[{"href":"https:\/\/www.todoalfalfa.com.ar\/noticias\/wp-json\/wp\/v2\/media?parent=48975"}],"wp:term":[{"taxonomy":"category","embeddable":true,"href":"https:\/\/www.todoalfalfa.com.ar\/noticias\/wp-json\/wp\/v2\/categories?post=48975"},{"taxonomy":"post_tag","embeddable":true,"href":"https:\/\/www.todoalfalfa.com.ar\/noticias\/wp-json\/wp\/v2\/tags?post=48975"}],"curies":[{"name":"wp","href":"https:\/\/api.w.org\/{rel}","templated":true}]}}