{"id":49149,"date":"2025-04-26T08:48:55","date_gmt":"2025-04-26T11:48:55","guid":{"rendered":"https:\/\/www.todoalfalfa.com.ar\/noticias\/?p=49149"},"modified":"2025-04-26T08:49:06","modified_gmt":"2025-04-26T11:49:06","slug":"reservar-forraje-para-el-invierno","status":"publish","type":"post","link":"https:\/\/www.todoalfalfa.com.ar\/noticias\/reservar-forraje-para-el-invierno\/","title":{"rendered":"Reservar forraje para el invierno"},"content":{"rendered":"\n<p>Reservar forraje para el invierno es un desaf\u00edo en todo campo ganadero de la regi\u00f3n del Chaco. Las condiciones habituales de bajas temperaturas y bajo volumen de precipitaciones hacen de los inviernos un periodo de escases de forraje, lo que se suele denominar como \u201cbache invernal\u201d. Ante la situaci\u00f3n particular de este oto\u00f1o, los pastos que podr\u00edan servir como reserva no han logrado su desarrollo habitual por la cantidad reducida de precipitaciones, lo que obliga al productor a retrasar el proceso de generar reservas. Por ello un grupo de especialistas del INTA Colonia Ben\u00edtez-Chaco- brinda recomendaciones para la confecci\u00f3n de rollos y c\u00f3mo organizar el forraje para el pastoreo en potreros.<\/p>\n\n\n\n<p>Marcelo Pamies \u2013t\u00e9cnico del INTA Colonia Ben\u00edtez\u2013 explic\u00f3 que, ante esta situaci\u00f3n, la confecci\u00f3n de rollos se hace en los establecimientos ganaderos fuera de la fecha recomendada por el tard\u00edo crecimiento de los pastos, por ello, hay que tener algunos cuidados especiales, para da\u00f1arlos lo menos posible\u201d.<\/p>\n\n\n\n<p>Rellenar ese bache se consigue habitualmente comprando alimento, o reservando los excedentes de pastos que se producen en el propio campo, ya sea elaborando rollos o bien reservando potreros para que esa vegetaci\u00f3n sea consumida en la \u00e9poca de escasez.<\/p>\n\n\n\n<p>El t\u00e9cnico del INTA advirti\u00f3 que, si el productor decide realizar los rollos de pastos, y hace un corte para su posterior enrollado en un momento tan cercano al invierno, entra\u00f1a un riesgo para las plantas. \u201cEn condiciones normales, el corte se deber\u00eda haber hecho ya, y no a esta altura del a\u00f1o\u201d indic\u00f3 Pamies, y puso el foco en \u201cno cortar las plantas a un nivel muy bajo, se deber\u00eda dejar un remanente de al menos 15 cent\u00edmetros, ya que queda muy poco tiempo de recuperaci\u00f3n de las plantas antes que lleguen los d\u00edas fr\u00edos\u201d.<\/p>\n\n\n\n<p>La altura de corte y el tard\u00edo crecimiento de los pastos lleva a que no haya mucho volumen de pasto para poder enrollar, por eso, debe analizarse la conveniencia de hacerlos rollos, y posteriormente organizar muy bien su uso. \u201cSi dejamos muy expuestas las yemas de las plantas, las heladas producir\u00e1n da\u00f1os que nos van a afectar el rebrote de primavera\u201d, se\u00f1al\u00f3 Pamies.<\/p>\n\n\n\n<p>Una situaci\u00f3n parecida se dar\u00e1 en el caso de reservar potreros para un pastoreo diferido, donde los potreros elegidos deben estar ya cerrados al acceso de los animales para aprovechar lo que queda de tiempo de crecimiento de las plantas antes de los fr\u00edos.<\/p>\n\n\n\n<p>El ingreso de los animales deber\u00eda reci\u00e9n permitirse en julio o agosto cuando el resto de campo decaiga en su capacidad de mantener a los animales. \u201cVale tambi\u00e9n elegir que categor\u00eda tendr\u00e1 acceso a los potreros reservados. Para evitar el desperdicio de forraje, y reducir el da\u00f1o a las plantas, se aconseja dividir los potreros para su aprovechamiento progresivo, de manera que los animales consumen de manera m\u00e1s eficiente y se evite el pisoteo que da\u00f1a plantas y desperdicia forraje\u201d, puntualiz\u00f3 Pamies.<\/p>\n\n\n\n<p>Asimismo, se deber\u00eda retirar los animales del pastoreo antes que la altura de los pastos baje de los 15 cent\u00edmetros aproximadamente, para evitar da\u00f1o a las plantas, al igual que se mencion\u00f3 para el caso de los cortes con destino a rollos.<\/p>\n\n\n\n<p>Al momento de elegir los potreros a reservar, se deber\u00edan elegir los que tengan pasturas, para obtener una reserva de m\u00e1s calidad. Respecto de las especies, el pasto clavel se destaca por su aptitud para constituir lo que se conoce como heno en pie (o pastura reservada) para su posterior pastoreo. &nbsp;Esta es una de las que mantiene por mayor tiempo la calidad forrajera y la digestibilidad. Adem\u00e1s, por el hecho de crecer en ambientes bajos, con acumulaci\u00f3n de agua, es menos afectada por las heladas.<\/p>\n\n\n\n<p>En ambientes altos, la grama es una pastura habitual en nuestra zona que se adapta bien a la pr\u00e1ctica de reservar potreros. Por su tolerancia a las bajas temperaturas no se ve tan afectada por las heladas leves, y tambi\u00e9n presenta una r\u00e1pida recuperaci\u00f3n ante la salida del invierno.<\/p>\n\n\n\n<p>\u201cCualquiera sea el m\u00e9todo de generar reservas para el invierno, m\u00e1s que nunca habr\u00e1 que priorizar las categor\u00edas a las que se destinar\u00e1n las reservas de pastos este invierno ya que muy probablemente ser\u00e1n reservas escasas.&nbsp; Por ejemplo, en un planteo ganadero de cr\u00eda, la alimentaci\u00f3n de las vaquillas de recr\u00eda deber\u00eda estar priorizada\u201d, concluy\u00f3 Pamies.<\/p>\n<div class=\"todoalfalfa-final-de-la-nota\" id=\"todoalfalfa-2663248457\"><a href=\"https:\/\/www.whatsapp.com\/channel\/0029VbCBmFB9WtBxJsD3eC2i\" target=\"_blank\" aria-label=\"5\"><img src=\"https:\/\/i0.wp.com\/www.todoalfalfa.com.ar\/noticias\/wp-content\/uploads\/2026\/04\/5.gif?fit=728%2C90&#038;ssl=1\" alt=\"\"  width=\"728\" height=\"90\"   \/><\/a><\/div>","protected":false},"excerpt":{"rendered":"<p>En Chaco, luego de un verano seco, especialistas del INTA brindan recomendaciones para la confecci\u00f3n de rollos y c\u00f3mo organizar el forraje para el pastoreo en potreros cuando comienza a bajar la temperatura.<\/p>\n","protected":false},"author":9,"featured_media":49150,"comment_status":"closed","ping_status":"open","sticky":false,"template":"","format":"standard","meta":{"jetpack_post_was_ever_published":false,"_jetpack_newsletter_access":"","_jetpack_dont_email_post_to_subs":false,"_jetpack_newsletter_tier_id":0,"_jetpack_memberships_contains_paywalled_content":false,"_jetpack_memberships_contains_paid_content":false,"footnotes":""},"categories":[2],"tags":[54,36,1659,17,21],"class_list":["post-49149","post","type-post","status-publish","format-standard","has-post-thumbnail","hentry","category-generales","tag-forrajes","tag-inta","tag-novedades","tag-pasturas","tag-produccion"],"yoast_head":"<!-- This site is optimized with the Yoast SEO plugin v25.5 - https:\/\/yoast.com\/wordpress\/plugins\/seo\/ -->\n<title>Reservar forraje para el invierno<\/title>\n<meta name=\"robots\" content=\"index, follow, max-snippet:-1, max-image-preview:large, max-video-preview:-1\" \/>\n<link rel=\"canonical\" href=\"https:\/\/www.todoalfalfa.com.ar\/noticias\/reservar-forraje-para-el-invierno\/\" \/>\n<meta property=\"og:locale\" content=\"es_ES\" \/>\n<meta property=\"og:type\" content=\"article\" \/>\n<meta property=\"og:title\" content=\"Reservar forraje para el invierno\" \/>\n<meta property=\"og:description\" content=\"En Chaco, luego de un verano seco, especialistas del INTA brindan recomendaciones para la confecci\u00f3n de rollos y c\u00f3mo organizar el forraje para el pastoreo en potreros cuando comienza a bajar la temperatura.\" \/>\n<meta property=\"og:url\" content=\"https:\/\/www.todoalfalfa.com.ar\/noticias\/reservar-forraje-para-el-invierno\/\" \/>\n<meta property=\"og:site_name\" content=\"Todo Alfalfa\" \/>\n<meta property=\"article:publisher\" content=\"https:\/\/www.facebook.com\/todoalfalfa\" \/>\n<meta property=\"article:published_time\" content=\"2025-04-26T11:48:55+00:00\" \/>\n<meta property=\"article:modified_time\" content=\"2025-04-26T11:49:06+00:00\" \/>\n<meta property=\"og:image\" content=\"https:\/\/www.todoalfalfa.com.ar\/noticias\/wp-content\/uploads\/2025\/04\/forrajeras-2.jpg.webp\" \/>\n\t<meta property=\"og:image:width\" content=\"1600\" \/>\n\t<meta property=\"og:image:height\" content=\"1070\" \/>\n\t<meta property=\"og:image:type\" content=\"image\/webp\" \/>\n<meta name=\"author\" content=\"Todo Alfalfa\" \/>\n<meta name=\"twitter:card\" content=\"summary_large_image\" \/>\n<meta name=\"twitter:label1\" content=\"Escrito por\" \/>\n\t<meta name=\"twitter:data1\" content=\"Todo Alfalfa\" \/>\n\t<meta name=\"twitter:label2\" content=\"Tiempo de lectura\" \/>\n\t<meta name=\"twitter:data2\" content=\"4 minutos\" \/>\n<script type=\"application\/ld+json\" class=\"yoast-schema-graph\">{\"@context\":\"https:\/\/schema.org\",\"@graph\":[{\"@type\":\"NewsArticle\",\"@id\":\"https:\/\/www.todoalfalfa.com.ar\/noticias\/reservar-forraje-para-el-invierno\/#article\",\"isPartOf\":{\"@id\":\"https:\/\/www.todoalfalfa.com.ar\/noticias\/reservar-forraje-para-el-invierno\/\"},\"author\":{\"name\":\"Todo Alfalfa\",\"@id\":\"https:\/\/www.todoalfalfa.com.ar\/noticias\/#\/schema\/person\/99de93cb711c7015ef658e5321ba9f18\"},\"headline\":\"Reservar forraje para el invierno\",\"datePublished\":\"2025-04-26T11:48:55+00:00\",\"dateModified\":\"2025-04-26T11:49:06+00:00\",\"mainEntityOfPage\":{\"@id\":\"https:\/\/www.todoalfalfa.com.ar\/noticias\/reservar-forraje-para-el-invierno\/\"},\"wordCount\":778,\"publisher\":{\"@id\":\"https:\/\/www.todoalfalfa.com.ar\/noticias\/#organization\"},\"image\":{\"@id\":\"https:\/\/www.todoalfalfa.com.ar\/noticias\/reservar-forraje-para-el-invierno\/#primaryimage\"},\"thumbnailUrl\":\"https:\/\/i0.wp.com\/www.todoalfalfa.com.ar\/noticias\/wp-content\/uploads\/2025\/04\/forrajeras-2.jpg.webp?fit=1600%2C1070&ssl=1\",\"keywords\":[\"forrajes\",\"inta\",\"Novedades\",\"pasturas\",\"producci\u00f3n\"],\"articleSection\":[\"Generales\"],\"inLanguage\":\"es\"},{\"@type\":[\"WebPage\",\"ItemPage\"],\"@id\":\"https:\/\/www.todoalfalfa.com.ar\/noticias\/reservar-forraje-para-el-invierno\/\",\"url\":\"https:\/\/www.todoalfalfa.com.ar\/noticias\/reservar-forraje-para-el-invierno\/\",\"name\":\"Reservar forraje para el invierno\",\"isPartOf\":{\"@id\":\"https:\/\/www.todoalfalfa.com.ar\/noticias\/#website\"},\"primaryImageOfPage\":{\"@id\":\"https:\/\/www.todoalfalfa.com.ar\/noticias\/reservar-forraje-para-el-invierno\/#primaryimage\"},\"image\":{\"@id\":\"https:\/\/www.todoalfalfa.com.ar\/noticias\/reservar-forraje-para-el-invierno\/#primaryimage\"},\"thumbnailUrl\":\"https:\/\/i0.wp.com\/www.todoalfalfa.com.ar\/noticias\/wp-content\/uploads\/2025\/04\/forrajeras-2.jpg.webp?fit=1600%2C1070&ssl=1\",\"datePublished\":\"2025-04-26T11:48:55+00:00\",\"dateModified\":\"2025-04-26T11:49:06+00:00\",\"breadcrumb\":{\"@id\":\"https:\/\/www.todoalfalfa.com.ar\/noticias\/reservar-forraje-para-el-invierno\/#breadcrumb\"},\"inLanguage\":\"es\",\"potentialAction\":[{\"@type\":\"ReadAction\",\"target\":[\"https:\/\/www.todoalfalfa.com.ar\/noticias\/reservar-forraje-para-el-invierno\/\"]}]},{\"@type\":\"ImageObject\",\"inLanguage\":\"es\",\"@id\":\"https:\/\/www.todoalfalfa.com.ar\/noticias\/reservar-forraje-para-el-invierno\/#primaryimage\",\"url\":\"https:\/\/i0.wp.com\/www.todoalfalfa.com.ar\/noticias\/wp-content\/uploads\/2025\/04\/forrajeras-2.jpg.webp?fit=1600%2C1070&ssl=1\",\"contentUrl\":\"https:\/\/i0.wp.com\/www.todoalfalfa.com.ar\/noticias\/wp-content\/uploads\/2025\/04\/forrajeras-2.jpg.webp?fit=1600%2C1070&ssl=1\",\"width\":1600,\"height\":1070},{\"@type\":\"BreadcrumbList\",\"@id\":\"https:\/\/www.todoalfalfa.com.ar\/noticias\/reservar-forraje-para-el-invierno\/#breadcrumb\",\"itemListElement\":[{\"@type\":\"ListItem\",\"position\":1,\"name\":\"Principal\",\"item\":\"https:\/\/www.todoalfalfa.com.ar\/noticias\/\"},{\"@type\":\"ListItem\",\"position\":2,\"name\":\"Reservar forraje para el invierno\"}]},{\"@type\":\"WebSite\",\"@id\":\"https:\/\/www.todoalfalfa.com.ar\/noticias\/#website\",\"url\":\"https:\/\/www.todoalfalfa.com.ar\/noticias\/\",\"name\":\"Todo Alfalfa\",\"description\":\"Web informativa de la cadena de la alfalfa argentina\",\"publisher\":{\"@id\":\"https:\/\/www.todoalfalfa.com.ar\/noticias\/#organization\"},\"potentialAction\":[{\"@type\":\"SearchAction\",\"target\":{\"@type\":\"EntryPoint\",\"urlTemplate\":\"https:\/\/www.todoalfalfa.com.ar\/noticias\/?s={search_term_string}\"},\"query-input\":{\"@type\":\"PropertyValueSpecification\",\"valueRequired\":true,\"valueName\":\"search_term_string\"}}],\"inLanguage\":\"es\"},{\"@type\":\"Organization\",\"@id\":\"https:\/\/www.todoalfalfa.com.ar\/noticias\/#organization\",\"name\":\"Todo Alfalfa\",\"url\":\"https:\/\/www.todoalfalfa.com.ar\/noticias\/\",\"logo\":{\"@type\":\"ImageObject\",\"inLanguage\":\"es\",\"@id\":\"https:\/\/www.todoalfalfa.com.ar\/noticias\/#\/schema\/logo\/image\/\",\"url\":\"https:\/\/www.todoalfalfa.com.ar\/noticias\/wp-content\/uploads\/2020\/09\/logo-todo-alfalfa-modificado.png\",\"contentUrl\":\"https:\/\/www.todoalfalfa.com.ar\/noticias\/wp-content\/uploads\/2020\/09\/logo-todo-alfalfa-modificado.png\",\"width\":350,\"height\":100,\"caption\":\"Todo Alfalfa\"},\"image\":{\"@id\":\"https:\/\/www.todoalfalfa.com.ar\/noticias\/#\/schema\/logo\/image\/\"},\"sameAs\":[\"https:\/\/www.facebook.com\/todoalfalfa\",\"https:\/\/www.instagram.com\/todoalfalfa\",\"https:\/\/www.youtube.com\/@TodoAlfalfa\",\"https:\/\/www.linkedin.com\/company\/todoalfalfa\/\"]},{\"@type\":\"Person\",\"@id\":\"https:\/\/www.todoalfalfa.com.ar\/noticias\/#\/schema\/person\/99de93cb711c7015ef658e5321ba9f18\",\"name\":\"Todo Alfalfa\",\"image\":{\"@type\":\"ImageObject\",\"inLanguage\":\"es\",\"@id\":\"https:\/\/www.todoalfalfa.com.ar\/noticias\/#\/schema\/person\/image\/\",\"url\":\"https:\/\/secure.gravatar.com\/avatar\/50ffd12fb7b268bc2467160730786602db252a270c63104e7c19b5f67b8dd346?s=96&d=mm&r=g\",\"contentUrl\":\"https:\/\/secure.gravatar.com\/avatar\/50ffd12fb7b268bc2467160730786602db252a270c63104e7c19b5f67b8dd346?s=96&d=mm&r=g\",\"caption\":\"Todo Alfalfa\"},\"url\":\"https:\/\/www.todoalfalfa.com.ar\/noticias\/author\/osvaldoiachetta\/\"}]}<\/script>\n<!-- \/ Yoast SEO plugin. -->","yoast_head_json":{"title":"Reservar forraje para el invierno","robots":{"index":"index","follow":"follow","max-snippet":"max-snippet:-1","max-image-preview":"max-image-preview:large","max-video-preview":"max-video-preview:-1"},"canonical":"https:\/\/www.todoalfalfa.com.ar\/noticias\/reservar-forraje-para-el-invierno\/","og_locale":"es_ES","og_type":"article","og_title":"Reservar forraje para el invierno","og_description":"En Chaco, luego de un verano seco, especialistas del INTA brindan recomendaciones para la confecci\u00f3n de rollos y c\u00f3mo organizar el forraje para el pastoreo en potreros cuando comienza a bajar la temperatura.","og_url":"https:\/\/www.todoalfalfa.com.ar\/noticias\/reservar-forraje-para-el-invierno\/","og_site_name":"Todo Alfalfa","article_publisher":"https:\/\/www.facebook.com\/todoalfalfa","article_published_time":"2025-04-26T11:48:55+00:00","article_modified_time":"2025-04-26T11:49:06+00:00","og_image":[{"width":1600,"height":1070,"url":"https:\/\/www.todoalfalfa.com.ar\/noticias\/wp-content\/uploads\/2025\/04\/forrajeras-2.jpg.webp","type":"image\/webp"}],"author":"Todo Alfalfa","twitter_card":"summary_large_image","twitter_misc":{"Escrito por":"Todo Alfalfa","Tiempo de lectura":"4 minutos"},"schema":{"@context":"https:\/\/schema.org","@graph":[{"@type":"NewsArticle","@id":"https:\/\/www.todoalfalfa.com.ar\/noticias\/reservar-forraje-para-el-invierno\/#article","isPartOf":{"@id":"https:\/\/www.todoalfalfa.com.ar\/noticias\/reservar-forraje-para-el-invierno\/"},"author":{"name":"Todo Alfalfa","@id":"https:\/\/www.todoalfalfa.com.ar\/noticias\/#\/schema\/person\/99de93cb711c7015ef658e5321ba9f18"},"headline":"Reservar forraje para el invierno","datePublished":"2025-04-26T11:48:55+00:00","dateModified":"2025-04-26T11:49:06+00:00","mainEntityOfPage":{"@id":"https:\/\/www.todoalfalfa.com.ar\/noticias\/reservar-forraje-para-el-invierno\/"},"wordCount":778,"publisher":{"@id":"https:\/\/www.todoalfalfa.com.ar\/noticias\/#organization"},"image":{"@id":"https:\/\/www.todoalfalfa.com.ar\/noticias\/reservar-forraje-para-el-invierno\/#primaryimage"},"thumbnailUrl":"https:\/\/i0.wp.com\/www.todoalfalfa.com.ar\/noticias\/wp-content\/uploads\/2025\/04\/forrajeras-2.jpg.webp?fit=1600%2C1070&ssl=1","keywords":["forrajes","inta","Novedades","pasturas","producci\u00f3n"],"articleSection":["Generales"],"inLanguage":"es"},{"@type":["WebPage","ItemPage"],"@id":"https:\/\/www.todoalfalfa.com.ar\/noticias\/reservar-forraje-para-el-invierno\/","url":"https:\/\/www.todoalfalfa.com.ar\/noticias\/reservar-forraje-para-el-invierno\/","name":"Reservar forraje para el invierno","isPartOf":{"@id":"https:\/\/www.todoalfalfa.com.ar\/noticias\/#website"},"primaryImageOfPage":{"@id":"https:\/\/www.todoalfalfa.com.ar\/noticias\/reservar-forraje-para-el-invierno\/#primaryimage"},"image":{"@id":"https:\/\/www.todoalfalfa.com.ar\/noticias\/reservar-forraje-para-el-invierno\/#primaryimage"},"thumbnailUrl":"https:\/\/i0.wp.com\/www.todoalfalfa.com.ar\/noticias\/wp-content\/uploads\/2025\/04\/forrajeras-2.jpg.webp?fit=1600%2C1070&ssl=1","datePublished":"2025-04-26T11:48:55+00:00","dateModified":"2025-04-26T11:49:06+00:00","breadcrumb":{"@id":"https:\/\/www.todoalfalfa.com.ar\/noticias\/reservar-forraje-para-el-invierno\/#breadcrumb"},"inLanguage":"es","potentialAction":[{"@type":"ReadAction","target":["https:\/\/www.todoalfalfa.com.ar\/noticias\/reservar-forraje-para-el-invierno\/"]}]},{"@type":"ImageObject","inLanguage":"es","@id":"https:\/\/www.todoalfalfa.com.ar\/noticias\/reservar-forraje-para-el-invierno\/#primaryimage","url":"https:\/\/i0.wp.com\/www.todoalfalfa.com.ar\/noticias\/wp-content\/uploads\/2025\/04\/forrajeras-2.jpg.webp?fit=1600%2C1070&ssl=1","contentUrl":"https:\/\/i0.wp.com\/www.todoalfalfa.com.ar\/noticias\/wp-content\/uploads\/2025\/04\/forrajeras-2.jpg.webp?fit=1600%2C1070&ssl=1","width":1600,"height":1070},{"@type":"BreadcrumbList","@id":"https:\/\/www.todoalfalfa.com.ar\/noticias\/reservar-forraje-para-el-invierno\/#breadcrumb","itemListElement":[{"@type":"ListItem","position":1,"name":"Principal","item":"https:\/\/www.todoalfalfa.com.ar\/noticias\/"},{"@type":"ListItem","position":2,"name":"Reservar forraje para el invierno"}]},{"@type":"WebSite","@id":"https:\/\/www.todoalfalfa.com.ar\/noticias\/#website","url":"https:\/\/www.todoalfalfa.com.ar\/noticias\/","name":"Todo Alfalfa","description":"Web informativa de la cadena de la alfalfa argentina","publisher":{"@id":"https:\/\/www.todoalfalfa.com.ar\/noticias\/#organization"},"potentialAction":[{"@type":"SearchAction","target":{"@type":"EntryPoint","urlTemplate":"https:\/\/www.todoalfalfa.com.ar\/noticias\/?s={search_term_string}"},"query-input":{"@type":"PropertyValueSpecification","valueRequired":true,"valueName":"search_term_string"}}],"inLanguage":"es"},{"@type":"Organization","@id":"https:\/\/www.todoalfalfa.com.ar\/noticias\/#organization","name":"Todo Alfalfa","url":"https:\/\/www.todoalfalfa.com.ar\/noticias\/","logo":{"@type":"ImageObject","inLanguage":"es","@id":"https:\/\/www.todoalfalfa.com.ar\/noticias\/#\/schema\/logo\/image\/","url":"https:\/\/www.todoalfalfa.com.ar\/noticias\/wp-content\/uploads\/2020\/09\/logo-todo-alfalfa-modificado.png","contentUrl":"https:\/\/www.todoalfalfa.com.ar\/noticias\/wp-content\/uploads\/2020\/09\/logo-todo-alfalfa-modificado.png","width":350,"height":100,"caption":"Todo Alfalfa"},"image":{"@id":"https:\/\/www.todoalfalfa.com.ar\/noticias\/#\/schema\/logo\/image\/"},"sameAs":["https:\/\/www.facebook.com\/todoalfalfa","https:\/\/www.instagram.com\/todoalfalfa","https:\/\/www.youtube.com\/@TodoAlfalfa","https:\/\/www.linkedin.com\/company\/todoalfalfa\/"]},{"@type":"Person","@id":"https:\/\/www.todoalfalfa.com.ar\/noticias\/#\/schema\/person\/99de93cb711c7015ef658e5321ba9f18","name":"Todo Alfalfa","image":{"@type":"ImageObject","inLanguage":"es","@id":"https:\/\/www.todoalfalfa.com.ar\/noticias\/#\/schema\/person\/image\/","url":"https:\/\/secure.gravatar.com\/avatar\/50ffd12fb7b268bc2467160730786602db252a270c63104e7c19b5f67b8dd346?s=96&d=mm&r=g","contentUrl":"https:\/\/secure.gravatar.com\/avatar\/50ffd12fb7b268bc2467160730786602db252a270c63104e7c19b5f67b8dd346?s=96&d=mm&r=g","caption":"Todo Alfalfa"},"url":"https:\/\/www.todoalfalfa.com.ar\/noticias\/author\/osvaldoiachetta\/"}]}},"jetpack_featured_media_url":"https:\/\/i0.wp.com\/www.todoalfalfa.com.ar\/noticias\/wp-content\/uploads\/2025\/04\/forrajeras-2.jpg.webp?fit=1600%2C1070&ssl=1","wps_subtitle":"","jetpack_sharing_enabled":true,"_links":{"self":[{"href":"https:\/\/www.todoalfalfa.com.ar\/noticias\/wp-json\/wp\/v2\/posts\/49149","targetHints":{"allow":["GET"]}}],"collection":[{"href":"https:\/\/www.todoalfalfa.com.ar\/noticias\/wp-json\/wp\/v2\/posts"}],"about":[{"href":"https:\/\/www.todoalfalfa.com.ar\/noticias\/wp-json\/wp\/v2\/types\/post"}],"author":[{"embeddable":true,"href":"https:\/\/www.todoalfalfa.com.ar\/noticias\/wp-json\/wp\/v2\/users\/9"}],"replies":[{"embeddable":true,"href":"https:\/\/www.todoalfalfa.com.ar\/noticias\/wp-json\/wp\/v2\/comments?post=49149"}],"version-history":[{"count":1,"href":"https:\/\/www.todoalfalfa.com.ar\/noticias\/wp-json\/wp\/v2\/posts\/49149\/revisions"}],"predecessor-version":[{"id":49151,"href":"https:\/\/www.todoalfalfa.com.ar\/noticias\/wp-json\/wp\/v2\/posts\/49149\/revisions\/49151"}],"wp:featuredmedia":[{"embeddable":true,"href":"https:\/\/www.todoalfalfa.com.ar\/noticias\/wp-json\/wp\/v2\/media\/49150"}],"wp:attachment":[{"href":"https:\/\/www.todoalfalfa.com.ar\/noticias\/wp-json\/wp\/v2\/media?parent=49149"}],"wp:term":[{"taxonomy":"category","embeddable":true,"href":"https:\/\/www.todoalfalfa.com.ar\/noticias\/wp-json\/wp\/v2\/categories?post=49149"},{"taxonomy":"post_tag","embeddable":true,"href":"https:\/\/www.todoalfalfa.com.ar\/noticias\/wp-json\/wp\/v2\/tags?post=49149"}],"curies":[{"name":"wp","href":"https:\/\/api.w.org\/{rel}","templated":true}]}}