{"id":49188,"date":"2025-05-05T10:08:15","date_gmt":"2025-05-05T13:08:15","guid":{"rendered":"https:\/\/www.todoalfalfa.com.ar\/noticias\/?p=49188"},"modified":"2025-05-07T09:02:44","modified_gmt":"2025-05-07T12:02:44","slug":"acciones-de-la-camara-de-alfalfa-para-producir-calidad","status":"publish","type":"post","link":"https:\/\/www.todoalfalfa.com.ar\/noticias\/acciones-de-la-camara-de-alfalfa-para-producir-calidad\/","title":{"rendered":"Acciones de la C\u00e1mara de Alfalfa para producir calidad\u00a0"},"content":{"rendered":"\n<p>La necesidad de producir m\u00e1s y mejor no es nueva, Argentina est\u00e1 ante una oportunidad \u00fanica por la demanda de heno que existe en el mundo. La \u00faltima edici\u00f3n de ExpoAlfa que tuvo a la C\u00e1mara Argentina de Alfalfa con una activa participaci\u00f3n \u201cmostr\u00f3 que hab\u00eda inter\u00e9s en conocer el negocio\u201d.&nbsp;<\/p>\n\n\n\n<p>Jos\u00e9 Brigante es el presidente de la entidad que nuclea a los productores m\u00e1s importantes de Argentina y que mayor volumen de heno producen. En di\u00e1logo con este portal destac\u00f3 que lo que se vio en ExpoAlfa 2024 impuls\u00f3 un desarrollo de actividades que \u201cpersigue dos objetivos\u201d.&nbsp;<\/p>\n\n\n\n<p>\u201cEl primero es construir m\u00e1s volumen de alfalfa, porque creemos que es lo que est\u00e1 haciendo falta como elemento b\u00e1sico\u201d, asegur\u00f3 y agreg\u00f3: \u00absi lo miramos desde el lado de la infraestructura de m\u00e1quinas de prensa de alfalfa, el pa\u00eds tiene desarrollada bastante tecnolog\u00eda e industrias de ese tipo, faltan algunas m\u00e1quinas complementarias sin duda, entonces nos estar\u00eda haciendo falta en la pata productiva un impulso para lograr vol\u00famenes\u201d.&nbsp;<\/p>\n\n\n\n<p>Con ese panorama, la entidad entendi\u00f3 que la necesidad estaba centrada en como impulsar el comercio exterior.&nbsp;<\/p>\n\n\n\n<p>Con esos \u00edtems, se diagramaron \u201cjornadas y acciones\u201d donde la C\u00e1mara estar\u00e1 presente y comunicar\u00e1 en cada zona del pa\u00eds el objetivo principal. En ese <strong>camino para producir alfalfa de calidad<\/strong> que se traz\u00f3, el punto de partida ser\u00e1 la \u201cPatagonia Norte\u201d un evento que abarca a tres provincias: Rio Negro, Neuqu\u00e9n y La Pampa, y se desarrollar\u00e1 el 27 de mayo en Cipolletti.\u00a0<\/p>\n\n\n\n<p>\u201cCreemos que es una zona de muy buena calidad de alfalfa. Donde hay casos de \u00e9xito adem\u00e1s\u201d, asegur\u00f3 Brigante al destacar a productores de esa zona que invirtieron y buscaron a la alfalfa como alternativa.&nbsp;<\/p>\n\n\n\n<p>\u201cEsta jornada se est\u00e1 armando de forma planificada. Vamos a comunicar nuestro proyecto por un lado, pero tambi\u00e9n nos va a permitir conocer productores interesados en desarrollar&nbsp; alfalfa en esa regi\u00f3n\u201d.&nbsp;<\/p>\n\n\n\n<p>Destac\u00f3 el presidente de la C\u00e1mara que se trabajar\u00e1 con los gobiernos provinciales \u201cpara ver de qu\u00e9 manera pueden ayudar a la parte privada en infraestructuras de transporte para moverla la producci\u00f3n, pero tambi\u00e9n en acercar entidades bancarias (p\u00fablicas o privadas) que puedan mostrar sus alternativas crediticias para que un productor acceda al financiamiento para invertir en maquinaria y tecnolog\u00eda\u201d.&nbsp;&nbsp;<\/p>\n\n\n\n<p>Por lo tanto, esta propuesta \u201cjuntar\u00e1 tres patas importantes\u201d con el objetivo de que el productor que tenga inter\u00e9s en invertir en este tipo de desarrollo sepa que la C\u00e1mara ser\u00e1 un aliado para el \u201ctrazado de ese proyecto\u201d pero que tambi\u00e9n se trabajar\u00e1 en la apertura del comercio exterior a medida que la iniciativa avance.&nbsp;<\/p>\n\n\n\n<p>Cabe destacar que las jornadas apuestas a \u00abdebatir sobre alfalfas de calidad\u00bb con los productores chicos, medianos y grandes, habr\u00e1 herramientas y propuestas para todos los que deseen incursionar en este negocio.&nbsp;<\/p>\n\n\n\n<p>Adem\u00e1s, se abordar\u00e1 el tema de la <strong>baja de costos<\/strong>, no solo en la log\u00edstica del transporte sino tambi\u00e9n en la posibilidad de \u201casociarse cooperativamente\u201d para realizar compras de insumos o maquinarias.&nbsp;<\/p>\n\n\n\n<p>Destac\u00f3 Brigante que no es necesario que los productores est\u00e9n parados en la misma posici\u00f3n. \u201cHay productores que solo les interesa producir con calidad y vender; a otros les interesa desarrollar una unidad industrial para comprar esa alfalfa y productores que buscar\u00e1n exportar\u201d.&nbsp;<\/p>\n\n\n\n<p>Por eso remarc\u00f3 la importancia de este tipo de jornadas, para mostrar el proyecto de la C\u00e1mara y como cada una de las partes puede ser clave para lograr \u201carmar un rompecabezas\u201d que necesita de cada una de las piezas para que funcione.\u00a0<\/p>\n\n\n\n<figure class=\"wp-block-image size-large\"><img data-recalc-dims=\"1\" fetchpriority=\"high\" decoding=\"async\" width=\"1024\" height=\"1024\" src=\"https:\/\/i0.wp.com\/www.todoalfalfa.com.ar\/noticias\/wp-content\/uploads\/2025\/05\/IMG_20250429_114032-scaled-e1746450403920-1024x1024.jpg?resize=1024%2C1024&#038;ssl=1\" alt=\"\" class=\"wp-image-49189\" srcset=\"https:\/\/i0.wp.com\/www.todoalfalfa.com.ar\/noticias\/wp-content\/uploads\/2025\/05\/IMG_20250429_114032-scaled-e1746450403920.jpg?resize=1024%2C1024&amp;ssl=1 1024w, https:\/\/i0.wp.com\/www.todoalfalfa.com.ar\/noticias\/wp-content\/uploads\/2025\/05\/IMG_20250429_114032-scaled-e1746450403920.jpg?resize=300%2C300&amp;ssl=1 300w, https:\/\/i0.wp.com\/www.todoalfalfa.com.ar\/noticias\/wp-content\/uploads\/2025\/05\/IMG_20250429_114032-scaled-e1746450403920.jpg?resize=150%2C150&amp;ssl=1 150w, https:\/\/i0.wp.com\/www.todoalfalfa.com.ar\/noticias\/wp-content\/uploads\/2025\/05\/IMG_20250429_114032-scaled-e1746450403920.jpg?resize=768%2C768&amp;ssl=1 768w, https:\/\/i0.wp.com\/www.todoalfalfa.com.ar\/noticias\/wp-content\/uploads\/2025\/05\/IMG_20250429_114032-scaled-e1746450403920.jpg?w=1100&amp;ssl=1 1100w\" sizes=\"(max-width: 1000px) 100vw, 1000px\" \/><figcaption class=\"wp-element-caption\">Jos\u00e9 Brigante, presidente C\u00e1mara Argentina de Alfalfa<\/figcaption><\/figure>\n\n\n\n<p>El camino tendr\u00e1 su continuidad en Capital Federal. En Julio habr\u00e1 una nueva jornada con el objetivo primordial de hablar de \u201cproducir calidad\u201d pero tambi\u00e9n se buscar\u00e1 \u201cinteresar a la pol\u00edtica en el desarrollo del cultivo, que los gobiernos por medio de canciller\u00edas, consulados nos ayuden en esta b\u00fasqueda de clientes y mostrar esta oportunidad\u201d llamada alfalfa.&nbsp;<\/p>\n\n\n\n<p>Se buscar\u00e1 que se implementen acciones coordinadas entre los Estados nacionales y provinciales para poder tener pol\u00edticas que brinden seguridad y que permitan desarrollar procesos productivos sostenibles en el tiempo.&nbsp;<\/p>\n\n\n\n<p>La visi\u00f3n que tiene el sector sobre el crecimiento de la alfalfa, ganando terreno y disput\u00e1ndole espacio a la soja y al ma\u00edz \u201chay que empezar a mostrarla para afuera, porque sin duda que en Buenos Aires est\u00e1n los actores que deciden el camino que puedan tener cada uno de los sectores de la agroindustria\u201d, remarc\u00f3.&nbsp;<\/p>\n\n\n\n<p>En nuestro pa\u00eds, la exportaci\u00f3n de alfalfa no ocupa ni el 1 por ciento del volumen que se consume en el mundo por lo que ah\u00ed se puede entender la posibilidad que se presenta y el porqu\u00e9 de las acciones impulsadas por la entidad.&nbsp;<\/p>\n\n\n\n<p>Por otra parte, para confirmar el compromiso y que \u201cproducir alfalfa de calidad\u201d no sea solo un eslogan, de manera conjunta con el portal web TodoAlfalfa y la Universidad Nacional de Villa Mar\u00eda a partir de agosto se pondr\u00e1 en marcha una diplomatura.&nbsp;<\/p>\n\n\n\n<p>Se trata de una acci\u00f3n que buscar\u00e1 aportar herramientas y conocimiento a trav\u00e9s de los profesionales m\u00e1s destacados en el tema.&nbsp;<\/p>\n\n\n\n<p>\u201cNosotros vemos que en el sector hay buena voluntad por aprender, hay gente que aporta conocimientos porque ya tienen experiencia, otros que ingresan al negocio y van aprendiendo a los palos; por lo que nos parece muy bien contar con esta herramienta\u201d, destac\u00f3.&nbsp;<\/p>\n\n\n\n<p>\u201cQueremos elevar el nivel con profesionales que puedan transmitir conocimientos, acompa\u00f1ar al productor y brindarle herramientas para que a la hora de hablar de producir calidad, las palabras tengan sustento acad\u00e9mico y no sea una prueba y error\u201d.&nbsp;<\/p>\n\n\n\n<p>Cabe destacar que entre los docentes responsables de brindar esta diplomatura se encuentran Daniel Basigalup, Ariel Odorizzi (ambos forma parte de la organizaci\u00f3n y comit\u00e9 cient\u00edfico del Congreso Mundial de Alfalfa), Juan Lus, Jos\u00e9 Jauregui, Luis Machin, entre otros renombrados especialistas.&nbsp;<\/p>\n\n\n\n<p>Para Brigante, esta propuesta ser\u00e1 el puntapi\u00e9 para \u201cexpandirla por las provincias que producen alfalfa\u201d.\u00a0<\/p>\n\n\n\n<div class=\"wp-block-jetpack-slideshow aligncenter\" data-effect=\"slide\"><div class=\"wp-block-jetpack-slideshow_container swiper-container\"><ul class=\"wp-block-jetpack-slideshow_swiper-wrapper swiper-wrapper\"><li class=\"wp-block-jetpack-slideshow_slide swiper-slide\"><figure><img data-recalc-dims=\"1\" decoding=\"async\" width=\"1024\" height=\"577\" alt=\"\" class=\"wp-block-jetpack-slideshow_image wp-image-49136\" data-id=\"49136\" src=\"https:\/\/i0.wp.com\/www.todoalfalfa.com.ar\/noticias\/wp-content\/uploads\/2025\/04\/20241114_152007.jpg?resize=1024%2C577&#038;ssl=1\" srcset=\"https:\/\/i0.wp.com\/www.todoalfalfa.com.ar\/noticias\/wp-content\/uploads\/2025\/04\/20241114_152007-scaled.jpg?resize=1024%2C577&amp;ssl=1 1024w, https:\/\/i0.wp.com\/www.todoalfalfa.com.ar\/noticias\/wp-content\/uploads\/2025\/04\/20241114_152007-scaled.jpg?resize=300%2C169&amp;ssl=1 300w, https:\/\/i0.wp.com\/www.todoalfalfa.com.ar\/noticias\/wp-content\/uploads\/2025\/04\/20241114_152007-scaled.jpg?resize=768%2C432&amp;ssl=1 768w, https:\/\/i0.wp.com\/www.todoalfalfa.com.ar\/noticias\/wp-content\/uploads\/2025\/04\/20241114_152007-scaled.jpg?resize=1536%2C865&amp;ssl=1 1536w, https:\/\/i0.wp.com\/www.todoalfalfa.com.ar\/noticias\/wp-content\/uploads\/2025\/04\/20241114_152007-scaled.jpg?resize=2048%2C1153&amp;ssl=1 2048w, https:\/\/i0.wp.com\/www.todoalfalfa.com.ar\/noticias\/wp-content\/uploads\/2025\/04\/20241114_152007-scaled.jpg?resize=777%2C437&amp;ssl=1 777w, https:\/\/i0.wp.com\/www.todoalfalfa.com.ar\/noticias\/wp-content\/uploads\/2025\/04\/20241114_152007-scaled.jpg?resize=180%2C101&amp;ssl=1 180w, https:\/\/i0.wp.com\/www.todoalfalfa.com.ar\/noticias\/wp-content\/uploads\/2025\/04\/20241114_152007-scaled.jpg?resize=260%2C146&amp;ssl=1 260w, https:\/\/i0.wp.com\/www.todoalfalfa.com.ar\/noticias\/wp-content\/uploads\/2025\/04\/20241114_152007-scaled.jpg?resize=373%2C210&amp;ssl=1 373w, https:\/\/i0.wp.com\/www.todoalfalfa.com.ar\/noticias\/wp-content\/uploads\/2025\/04\/20241114_152007-scaled.jpg?resize=120%2C67&amp;ssl=1 120w\" sizes=\"(max-width: 1000px) 100vw, 1000px\" \/><figcaption class=\"wp-block-jetpack-slideshow_caption gallery-caption\">Alfalfa en Esperanza ExpoAlfa 2024<\/figcaption><\/figure><\/li><li class=\"wp-block-jetpack-slideshow_slide swiper-slide\"><figure><img data-recalc-dims=\"1\" decoding=\"async\" width=\"1024\" height=\"577\" alt=\"\" class=\"wp-block-jetpack-slideshow_image wp-image-49135\" data-id=\"49135\" src=\"https:\/\/i0.wp.com\/www.todoalfalfa.com.ar\/noticias\/wp-content\/uploads\/2025\/04\/20241114_154840.jpg?resize=1024%2C577&#038;ssl=1\" srcset=\"https:\/\/i0.wp.com\/www.todoalfalfa.com.ar\/noticias\/wp-content\/uploads\/2025\/04\/20241114_154840-scaled.jpg?resize=1024%2C577&amp;ssl=1 1024w, https:\/\/i0.wp.com\/www.todoalfalfa.com.ar\/noticias\/wp-content\/uploads\/2025\/04\/20241114_154840-scaled.jpg?resize=300%2C169&amp;ssl=1 300w, https:\/\/i0.wp.com\/www.todoalfalfa.com.ar\/noticias\/wp-content\/uploads\/2025\/04\/20241114_154840-scaled.jpg?resize=768%2C432&amp;ssl=1 768w, https:\/\/i0.wp.com\/www.todoalfalfa.com.ar\/noticias\/wp-content\/uploads\/2025\/04\/20241114_154840-scaled.jpg?resize=1536%2C865&amp;ssl=1 1536w, https:\/\/i0.wp.com\/www.todoalfalfa.com.ar\/noticias\/wp-content\/uploads\/2025\/04\/20241114_154840-scaled.jpg?resize=2048%2C1153&amp;ssl=1 2048w, https:\/\/i0.wp.com\/www.todoalfalfa.com.ar\/noticias\/wp-content\/uploads\/2025\/04\/20241114_154840-scaled.jpg?resize=777%2C437&amp;ssl=1 777w, https:\/\/i0.wp.com\/www.todoalfalfa.com.ar\/noticias\/wp-content\/uploads\/2025\/04\/20241114_154840-scaled.jpg?resize=180%2C101&amp;ssl=1 180w, https:\/\/i0.wp.com\/www.todoalfalfa.com.ar\/noticias\/wp-content\/uploads\/2025\/04\/20241114_154840-scaled.jpg?resize=260%2C146&amp;ssl=1 260w, https:\/\/i0.wp.com\/www.todoalfalfa.com.ar\/noticias\/wp-content\/uploads\/2025\/04\/20241114_154840-scaled.jpg?resize=373%2C210&amp;ssl=1 373w, https:\/\/i0.wp.com\/www.todoalfalfa.com.ar\/noticias\/wp-content\/uploads\/2025\/04\/20241114_154840-scaled.jpg?resize=120%2C67&amp;ssl=1 120w\" sizes=\"(max-width: 1000px) 100vw, 1000px\" \/><figcaption class=\"wp-block-jetpack-slideshow_caption gallery-caption\">Productores en din\u00e1mica de maquinarias ExpoAlfa 2024<\/figcaption><\/figure><\/li><li class=\"wp-block-jetpack-slideshow_slide swiper-slide\"><figure><img data-recalc-dims=\"1\" loading=\"lazy\" decoding=\"async\" width=\"1024\" height=\"577\" alt=\"\" class=\"wp-block-jetpack-slideshow_image wp-image-49134\" data-id=\"49134\" src=\"https:\/\/i0.wp.com\/www.todoalfalfa.com.ar\/noticias\/wp-content\/uploads\/2025\/04\/20241114_160548-1.jpg?resize=1024%2C577&#038;ssl=1\" srcset=\"https:\/\/i0.wp.com\/www.todoalfalfa.com.ar\/noticias\/wp-content\/uploads\/2025\/04\/20241114_160548-1-scaled.jpg?resize=1024%2C577&amp;ssl=1 1024w, https:\/\/i0.wp.com\/www.todoalfalfa.com.ar\/noticias\/wp-content\/uploads\/2025\/04\/20241114_160548-1-scaled.jpg?resize=300%2C169&amp;ssl=1 300w, https:\/\/i0.wp.com\/www.todoalfalfa.com.ar\/noticias\/wp-content\/uploads\/2025\/04\/20241114_160548-1-scaled.jpg?resize=768%2C432&amp;ssl=1 768w, https:\/\/i0.wp.com\/www.todoalfalfa.com.ar\/noticias\/wp-content\/uploads\/2025\/04\/20241114_160548-1-scaled.jpg?resize=1536%2C865&amp;ssl=1 1536w, https:\/\/i0.wp.com\/www.todoalfalfa.com.ar\/noticias\/wp-content\/uploads\/2025\/04\/20241114_160548-1-scaled.jpg?resize=2048%2C1153&amp;ssl=1 2048w, https:\/\/i0.wp.com\/www.todoalfalfa.com.ar\/noticias\/wp-content\/uploads\/2025\/04\/20241114_160548-1-scaled.jpg?resize=777%2C437&amp;ssl=1 777w, https:\/\/i0.wp.com\/www.todoalfalfa.com.ar\/noticias\/wp-content\/uploads\/2025\/04\/20241114_160548-1-scaled.jpg?resize=180%2C101&amp;ssl=1 180w, https:\/\/i0.wp.com\/www.todoalfalfa.com.ar\/noticias\/wp-content\/uploads\/2025\/04\/20241114_160548-1-scaled.jpg?resize=260%2C146&amp;ssl=1 260w, https:\/\/i0.wp.com\/www.todoalfalfa.com.ar\/noticias\/wp-content\/uploads\/2025\/04\/20241114_160548-1-scaled.jpg?resize=373%2C210&amp;ssl=1 373w, https:\/\/i0.wp.com\/www.todoalfalfa.com.ar\/noticias\/wp-content\/uploads\/2025\/04\/20241114_160548-1-scaled.jpg?resize=120%2C67&amp;ssl=1 120w\" sizes=\"(max-width: 1000px) 100vw, 1000px\" \/><figcaption class=\"wp-block-jetpack-slideshow_caption gallery-caption\">Din\u00e1mica de maquinarias ExpoAlfa 2024<\/figcaption><\/figure><\/li><li class=\"wp-block-jetpack-slideshow_slide swiper-slide\"><figure><img data-recalc-dims=\"1\" loading=\"lazy\" decoding=\"async\" width=\"1024\" height=\"577\" alt=\"\" class=\"wp-block-jetpack-slideshow_image wp-image-49133\" data-id=\"49133\" src=\"https:\/\/i0.wp.com\/www.todoalfalfa.com.ar\/noticias\/wp-content\/uploads\/2025\/04\/20241114_160551-1.jpg?resize=1024%2C577&#038;ssl=1\" srcset=\"https:\/\/i0.wp.com\/www.todoalfalfa.com.ar\/noticias\/wp-content\/uploads\/2025\/04\/20241114_160551-1-scaled.jpg?resize=1024%2C577&amp;ssl=1 1024w, https:\/\/i0.wp.com\/www.todoalfalfa.com.ar\/noticias\/wp-content\/uploads\/2025\/04\/20241114_160551-1-scaled.jpg?resize=300%2C169&amp;ssl=1 300w, https:\/\/i0.wp.com\/www.todoalfalfa.com.ar\/noticias\/wp-content\/uploads\/2025\/04\/20241114_160551-1-scaled.jpg?resize=768%2C432&amp;ssl=1 768w, https:\/\/i0.wp.com\/www.todoalfalfa.com.ar\/noticias\/wp-content\/uploads\/2025\/04\/20241114_160551-1-scaled.jpg?resize=1536%2C865&amp;ssl=1 1536w, https:\/\/i0.wp.com\/www.todoalfalfa.com.ar\/noticias\/wp-content\/uploads\/2025\/04\/20241114_160551-1-scaled.jpg?resize=2048%2C1153&amp;ssl=1 2048w, https:\/\/i0.wp.com\/www.todoalfalfa.com.ar\/noticias\/wp-content\/uploads\/2025\/04\/20241114_160551-1-scaled.jpg?resize=777%2C437&amp;ssl=1 777w, https:\/\/i0.wp.com\/www.todoalfalfa.com.ar\/noticias\/wp-content\/uploads\/2025\/04\/20241114_160551-1-scaled.jpg?resize=180%2C101&amp;ssl=1 180w, https:\/\/i0.wp.com\/www.todoalfalfa.com.ar\/noticias\/wp-content\/uploads\/2025\/04\/20241114_160551-1-scaled.jpg?resize=260%2C146&amp;ssl=1 260w, https:\/\/i0.wp.com\/www.todoalfalfa.com.ar\/noticias\/wp-content\/uploads\/2025\/04\/20241114_160551-1-scaled.jpg?resize=373%2C210&amp;ssl=1 373w, https:\/\/i0.wp.com\/www.todoalfalfa.com.ar\/noticias\/wp-content\/uploads\/2025\/04\/20241114_160551-1-scaled.jpg?resize=120%2C67&amp;ssl=1 120w\" sizes=\"(max-width: 1000px) 100vw, 1000px\" \/><figcaption class=\"wp-block-jetpack-slideshow_caption gallery-caption\">Din\u00e1mica de maquinarias ExpoAlfa 2024<\/figcaption><\/figure><\/li><li class=\"wp-block-jetpack-slideshow_slide swiper-slide\"><figure><img data-recalc-dims=\"1\" loading=\"lazy\" decoding=\"async\" width=\"1024\" height=\"577\" alt=\"\" class=\"wp-block-jetpack-slideshow_image wp-image-49132\" data-id=\"49132\" src=\"https:\/\/i0.wp.com\/www.todoalfalfa.com.ar\/noticias\/wp-content\/uploads\/2025\/04\/20241114_163421.jpg?resize=1024%2C577&#038;ssl=1\" srcset=\"https:\/\/i0.wp.com\/www.todoalfalfa.com.ar\/noticias\/wp-content\/uploads\/2025\/04\/20241114_163421-scaled.jpg?resize=1024%2C577&amp;ssl=1 1024w, https:\/\/i0.wp.com\/www.todoalfalfa.com.ar\/noticias\/wp-content\/uploads\/2025\/04\/20241114_163421-scaled.jpg?resize=300%2C169&amp;ssl=1 300w, https:\/\/i0.wp.com\/www.todoalfalfa.com.ar\/noticias\/wp-content\/uploads\/2025\/04\/20241114_163421-scaled.jpg?resize=768%2C432&amp;ssl=1 768w, https:\/\/i0.wp.com\/www.todoalfalfa.com.ar\/noticias\/wp-content\/uploads\/2025\/04\/20241114_163421-scaled.jpg?resize=1536%2C865&amp;ssl=1 1536w, https:\/\/i0.wp.com\/www.todoalfalfa.com.ar\/noticias\/wp-content\/uploads\/2025\/04\/20241114_163421-scaled.jpg?resize=2048%2C1153&amp;ssl=1 2048w, https:\/\/i0.wp.com\/www.todoalfalfa.com.ar\/noticias\/wp-content\/uploads\/2025\/04\/20241114_163421-scaled.jpg?resize=777%2C437&amp;ssl=1 777w, https:\/\/i0.wp.com\/www.todoalfalfa.com.ar\/noticias\/wp-content\/uploads\/2025\/04\/20241114_163421-scaled.jpg?resize=180%2C101&amp;ssl=1 180w, https:\/\/i0.wp.com\/www.todoalfalfa.com.ar\/noticias\/wp-content\/uploads\/2025\/04\/20241114_163421-scaled.jpg?resize=260%2C146&amp;ssl=1 260w, https:\/\/i0.wp.com\/www.todoalfalfa.com.ar\/noticias\/wp-content\/uploads\/2025\/04\/20241114_163421-scaled.jpg?resize=373%2C210&amp;ssl=1 373w, https:\/\/i0.wp.com\/www.todoalfalfa.com.ar\/noticias\/wp-content\/uploads\/2025\/04\/20241114_163421-scaled.jpg?resize=120%2C67&amp;ssl=1 120w\" sizes=\"(max-width: 1000px) 100vw, 1000px\" \/><figcaption class=\"wp-block-jetpack-slideshow_caption gallery-caption\">Din\u00e1mica de maquinarias ExpoAlfa 2024<\/figcaption><\/figure><\/li><\/ul><a class=\"wp-block-jetpack-slideshow_button-prev swiper-button-prev swiper-button-white\" role=\"button\"><\/a><a class=\"wp-block-jetpack-slideshow_button-next swiper-button-next swiper-button-white\" role=\"button\"><\/a><a aria-label=\"Pause Slideshow\" class=\"wp-block-jetpack-slideshow_button-pause\" role=\"button\"><\/a><div class=\"wp-block-jetpack-slideshow_pagination swiper-pagination swiper-pagination-white\"><\/div><\/div><\/div>\n\n\n\n<p>Este camino nos posicionar\u00e1 en el mes de octubre en Pozo del Molle con otra jornada donde la producci\u00f3n de alfalfa de calidad ser\u00e1 el eje, pero ya en una regi\u00f3n con m\u00e1s desarrollo y conocimiento sobre el cultivo y el negocio.&nbsp;<\/p>\n\n\n\n<p>Tiene claro Brigante que en esta zona los productores \u201cconocen mucho del cultivo, tienen otra forma de trabajar el producto y de conocer si les resulta el negocio\u201d por lo que se apuntar\u00e1 a aumentar el nivel de calidad pero tambi\u00e9n en que aparezcan nuevos proyectos que puedan ser acompa\u00f1ados por la C\u00e1mara con la ayuda del gobierno, de bancos, para lograr un desarrollo sostenido con financiamiento y de universidades para lograr darle contenido academico.&nbsp;<\/p>\n\n\n\n<p>El a\u00f1o se va a cerrar con el Congreso Mundial de Alfalfa, que se desarrollar\u00e1 en Reims, Francia del 3 al 6 de noviembre. Evento al que convocar\u00e1 la C\u00e1mara.&nbsp;<\/p>\n\n\n\n<p>\u201cNosotros vamos a ir por las distintas provincias mostrando el plan de trabajo y buscando impulsar proyectos y vemos una puerta muy interesante en este Congreso para armar una ronda de negocios\u201d, remarc\u00f3.&nbsp;<\/p>\n\n\n\n<p>El objetivo es que los productores, que a trav\u00e9s de las jornadas desarrolladas durante el 2025 se hayan interesado en armar proyectos, sean parte de esta iniciativa para sumar conocimiento y conocer las \u00faltimas novedades en materia de producci\u00f3n de alfalfa, pero lo primordial ser\u00e1 convocar a posibles compradores de diversas partes del mundo que se encuentren en el Congreso y diagramar una ronda de negocios, conversar, intercambiar contactos.&nbsp;<\/p>\n\n\n\n<p><strong>Pr\u00f3ximo objetivo: Exportar 200 mil toneladas anuales en 5 a\u00f1os<\/strong>\u00a0<\/p>\n\n\n\n<p>Al analizar los \u00faltimos a\u00f1os del sector en materia de exportaci\u00f3n, Argentina est\u00e1 lejos de los principales pa\u00edses (Estados Unidos y Espa\u00f1a), y por eso sostenemos que las posibilidades de crecimiento son amplias.&nbsp;<\/p>\n\n\n\n<p>El a\u00f1o de referencia es el 2022 donde nuestro pa\u00eds export\u00f3 180 mil toneladas (150 mil de alfalfa y 20 mil de pellet), luego en los dos a\u00f1os siguientes el numero baj\u00f3 signficativamente a 130 mil toneladas con una reducci\u00f3n de 50 mil toneladas.&nbsp;<\/p>\n\n\n\n<p>All\u00ed hubo diversos problemas que llevaron a esa situaci\u00f3n, los costos de flete, el buen precio del mercado local, la situaci\u00f3n clim\u00e1tica.&nbsp;<\/p>\n\n\n\n<p>Sin embargo, el buen precio que el producto tuvo el a\u00f1o pasado llev\u00f3 a muchos productores a sembrar. \u201cEntonces hoy cuando miras la superficie sembrada es mayor que los a\u00f1os anteriores, es decir vamos a tener un volumen mayor de alfalfa\u201d, aclar\u00f3 Brigante.&nbsp;<\/p>\n\n\n\n<p>Por lo tanto, \u201csi uno tuviera que marcar un objetivo inmediato tendr\u00eda que ser volver al a\u00f1o \u201822, es decir a las 180 mil\u201d pero si \u201ctuviese que marcar un objetivo aspiracionales para los pr\u00f3ximos 5 a\u00f1os ser\u00eda que Argentina pueda llegar a las 200 mil toneladas\u201d.\u00a0<\/p>\n<div class=\"todoalfalfa-final-de-la-nota\" id=\"todoalfalfa-2028427507\"><a href=\"https:\/\/www.whatsapp.com\/channel\/0029VbCBmFB9WtBxJsD3eC2i\" target=\"_blank\" aria-label=\"5\"><img src=\"https:\/\/i0.wp.com\/www.todoalfalfa.com.ar\/noticias\/wp-content\/uploads\/2026\/04\/5.gif?fit=728%2C90&#038;ssl=1\" alt=\"\"  width=\"728\" height=\"90\"   \/><\/a><\/div>","protected":false},"excerpt":{"rendered":"<p>La entidad, que nuclea a los grandes productores de Argentina, lleva a cabo diversas propuestas con el objetivo de aumentar el \u00e1rea de siembra y obtener calidad exportable. El objetivo inmediato: exportar 200 mil toneladas anuales en los pr\u00f3ximos 5 a\u00f1os.<\/p>\n","protected":false},"author":9,"featured_media":49165,"comment_status":"closed","ping_status":"open","sticky":false,"template":"","format":"standard","meta":{"jetpack_post_was_ever_published":false,"_jetpack_newsletter_access":"","_jetpack_dont_email_post_to_subs":false,"_jetpack_newsletter_tier_id":0,"_jetpack_memberships_contains_paywalled_content":false,"_jetpack_memberships_contains_paid_content":false,"footnotes":""},"categories":[2],"tags":[31,105,1581,236,54,1491,1659,21],"class_list":["post-49188","post","type-post","status-publish","format-standard","has-post-thumbnail","hentry","category-generales","tag-alfalfa","tag-argentina","tag-camara-argentina-de-alfalfa","tag-exportacion","tag-forrajes","tag-jose-brigante","tag-novedades","tag-produccion"],"yoast_head":"<!-- This site is optimized with the Yoast SEO plugin v25.5 - https:\/\/yoast.com\/wordpress\/plugins\/seo\/ -->\n<title>Acciones de la C\u00e1mara de Alfalfa para producir calidad\u00a0<\/title>\n<meta name=\"robots\" content=\"index, follow, max-snippet:-1, max-image-preview:large, max-video-preview:-1\" \/>\n<link rel=\"canonical\" href=\"https:\/\/www.todoalfalfa.com.ar\/noticias\/acciones-de-la-camara-de-alfalfa-para-producir-calidad\/\" \/>\n<meta property=\"og:locale\" content=\"es_ES\" \/>\n<meta property=\"og:type\" content=\"article\" \/>\n<meta property=\"og:title\" content=\"Acciones de la C\u00e1mara de Alfalfa para producir calidad\u00a0\" \/>\n<meta property=\"og:description\" content=\"La entidad, que nuclea a los grandes productores de Argentina, lleva a cabo diversas propuestas con el objetivo de aumentar el \u00e1rea de siembra y obtener calidad exportable. El objetivo inmediato: exportar 200 mil toneladas anuales en los pr\u00f3ximos 5 a\u00f1os.\" \/>\n<meta property=\"og:url\" content=\"https:\/\/www.todoalfalfa.com.ar\/noticias\/acciones-de-la-camara-de-alfalfa-para-producir-calidad\/\" \/>\n<meta property=\"og:site_name\" content=\"Todo Alfalfa\" \/>\n<meta property=\"article:publisher\" content=\"https:\/\/www.facebook.com\/todoalfalfa\" \/>\n<meta property=\"article:published_time\" content=\"2025-05-05T13:08:15+00:00\" \/>\n<meta property=\"article:modified_time\" content=\"2025-05-07T12:02:44+00:00\" \/>\n<meta property=\"og:image\" content=\"https:\/\/www.todoalfalfa.com.ar\/noticias\/wp-content\/uploads\/2025\/04\/IMG_4223.jpg\" \/>\n\t<meta property=\"og:image:width\" content=\"1920\" \/>\n\t<meta property=\"og:image:height\" content=\"1280\" \/>\n\t<meta property=\"og:image:type\" content=\"image\/jpeg\" \/>\n<meta name=\"author\" content=\"Todo Alfalfa\" \/>\n<meta name=\"twitter:card\" content=\"summary_large_image\" \/>\n<meta name=\"twitter:label1\" content=\"Escrito por\" \/>\n\t<meta name=\"twitter:data1\" content=\"Todo Alfalfa\" \/>\n\t<meta name=\"twitter:label2\" content=\"Tiempo de lectura\" \/>\n\t<meta name=\"twitter:data2\" content=\"9 minutos\" \/>\n<script type=\"application\/ld+json\" class=\"yoast-schema-graph\">{\"@context\":\"https:\/\/schema.org\",\"@graph\":[{\"@type\":\"NewsArticle\",\"@id\":\"https:\/\/www.todoalfalfa.com.ar\/noticias\/acciones-de-la-camara-de-alfalfa-para-producir-calidad\/#article\",\"isPartOf\":{\"@id\":\"https:\/\/www.todoalfalfa.com.ar\/noticias\/acciones-de-la-camara-de-alfalfa-para-producir-calidad\/\"},\"author\":{\"name\":\"Todo Alfalfa\",\"@id\":\"https:\/\/www.todoalfalfa.com.ar\/noticias\/#\/schema\/person\/99de93cb711c7015ef658e5321ba9f18\"},\"headline\":\"Acciones de la C\u00e1mara de Alfalfa para producir calidad\u00a0\",\"datePublished\":\"2025-05-05T13:08:15+00:00\",\"dateModified\":\"2025-05-07T12:02:44+00:00\",\"mainEntityOfPage\":{\"@id\":\"https:\/\/www.todoalfalfa.com.ar\/noticias\/acciones-de-la-camara-de-alfalfa-para-producir-calidad\/\"},\"wordCount\":1559,\"publisher\":{\"@id\":\"https:\/\/www.todoalfalfa.com.ar\/noticias\/#organization\"},\"image\":{\"@id\":\"https:\/\/www.todoalfalfa.com.ar\/noticias\/acciones-de-la-camara-de-alfalfa-para-producir-calidad\/#primaryimage\"},\"thumbnailUrl\":\"https:\/\/i0.wp.com\/www.todoalfalfa.com.ar\/noticias\/wp-content\/uploads\/2025\/04\/IMG_4223.jpg?fit=1920%2C1280&ssl=1\",\"keywords\":[\"alfalfa\",\"Argentina\",\"C\u00e1mara Argentina de Alfalfa\",\"exportaci\u00f3n\",\"forrajes\",\"Jos\u00e9 Brigante\",\"Novedades\",\"producci\u00f3n\"],\"articleSection\":[\"Generales\"],\"inLanguage\":\"es\"},{\"@type\":[\"WebPage\",\"ItemPage\"],\"@id\":\"https:\/\/www.todoalfalfa.com.ar\/noticias\/acciones-de-la-camara-de-alfalfa-para-producir-calidad\/\",\"url\":\"https:\/\/www.todoalfalfa.com.ar\/noticias\/acciones-de-la-camara-de-alfalfa-para-producir-calidad\/\",\"name\":\"Acciones de la C\u00e1mara de Alfalfa para producir calidad\u00a0\",\"isPartOf\":{\"@id\":\"https:\/\/www.todoalfalfa.com.ar\/noticias\/#website\"},\"primaryImageOfPage\":{\"@id\":\"https:\/\/www.todoalfalfa.com.ar\/noticias\/acciones-de-la-camara-de-alfalfa-para-producir-calidad\/#primaryimage\"},\"image\":{\"@id\":\"https:\/\/www.todoalfalfa.com.ar\/noticias\/acciones-de-la-camara-de-alfalfa-para-producir-calidad\/#primaryimage\"},\"thumbnailUrl\":\"https:\/\/i0.wp.com\/www.todoalfalfa.com.ar\/noticias\/wp-content\/uploads\/2025\/04\/IMG_4223.jpg?fit=1920%2C1280&ssl=1\",\"datePublished\":\"2025-05-05T13:08:15+00:00\",\"dateModified\":\"2025-05-07T12:02:44+00:00\",\"breadcrumb\":{\"@id\":\"https:\/\/www.todoalfalfa.com.ar\/noticias\/acciones-de-la-camara-de-alfalfa-para-producir-calidad\/#breadcrumb\"},\"inLanguage\":\"es\",\"potentialAction\":[{\"@type\":\"ReadAction\",\"target\":[\"https:\/\/www.todoalfalfa.com.ar\/noticias\/acciones-de-la-camara-de-alfalfa-para-producir-calidad\/\"]}]},{\"@type\":\"ImageObject\",\"inLanguage\":\"es\",\"@id\":\"https:\/\/www.todoalfalfa.com.ar\/noticias\/acciones-de-la-camara-de-alfalfa-para-producir-calidad\/#primaryimage\",\"url\":\"https:\/\/i0.wp.com\/www.todoalfalfa.com.ar\/noticias\/wp-content\/uploads\/2025\/04\/IMG_4223.jpg?fit=1920%2C1280&ssl=1\",\"contentUrl\":\"https:\/\/i0.wp.com\/www.todoalfalfa.com.ar\/noticias\/wp-content\/uploads\/2025\/04\/IMG_4223.jpg?fit=1920%2C1280&ssl=1\",\"width\":1920,\"height\":1280,\"caption\":\"Jos\u00e9 Brigante, presidente C\u00e1mara Argentina de Alfalfa\"},{\"@type\":\"BreadcrumbList\",\"@id\":\"https:\/\/www.todoalfalfa.com.ar\/noticias\/acciones-de-la-camara-de-alfalfa-para-producir-calidad\/#breadcrumb\",\"itemListElement\":[{\"@type\":\"ListItem\",\"position\":1,\"name\":\"Principal\",\"item\":\"https:\/\/www.todoalfalfa.com.ar\/noticias\/\"},{\"@type\":\"ListItem\",\"position\":2,\"name\":\"Acciones de la C\u00e1mara de Alfalfa para producir calidad\u00a0\"}]},{\"@type\":\"WebSite\",\"@id\":\"https:\/\/www.todoalfalfa.com.ar\/noticias\/#website\",\"url\":\"https:\/\/www.todoalfalfa.com.ar\/noticias\/\",\"name\":\"Todo Alfalfa\",\"description\":\"Web informativa de la cadena de la alfalfa argentina\",\"publisher\":{\"@id\":\"https:\/\/www.todoalfalfa.com.ar\/noticias\/#organization\"},\"potentialAction\":[{\"@type\":\"SearchAction\",\"target\":{\"@type\":\"EntryPoint\",\"urlTemplate\":\"https:\/\/www.todoalfalfa.com.ar\/noticias\/?s={search_term_string}\"},\"query-input\":{\"@type\":\"PropertyValueSpecification\",\"valueRequired\":true,\"valueName\":\"search_term_string\"}}],\"inLanguage\":\"es\"},{\"@type\":\"Organization\",\"@id\":\"https:\/\/www.todoalfalfa.com.ar\/noticias\/#organization\",\"name\":\"Todo Alfalfa\",\"url\":\"https:\/\/www.todoalfalfa.com.ar\/noticias\/\",\"logo\":{\"@type\":\"ImageObject\",\"inLanguage\":\"es\",\"@id\":\"https:\/\/www.todoalfalfa.com.ar\/noticias\/#\/schema\/logo\/image\/\",\"url\":\"https:\/\/www.todoalfalfa.com.ar\/noticias\/wp-content\/uploads\/2020\/09\/logo-todo-alfalfa-modificado.png\",\"contentUrl\":\"https:\/\/www.todoalfalfa.com.ar\/noticias\/wp-content\/uploads\/2020\/09\/logo-todo-alfalfa-modificado.png\",\"width\":350,\"height\":100,\"caption\":\"Todo Alfalfa\"},\"image\":{\"@id\":\"https:\/\/www.todoalfalfa.com.ar\/noticias\/#\/schema\/logo\/image\/\"},\"sameAs\":[\"https:\/\/www.facebook.com\/todoalfalfa\",\"https:\/\/www.instagram.com\/todoalfalfa\",\"https:\/\/www.youtube.com\/@TodoAlfalfa\",\"https:\/\/www.linkedin.com\/company\/todoalfalfa\/\"]},{\"@type\":\"Person\",\"@id\":\"https:\/\/www.todoalfalfa.com.ar\/noticias\/#\/schema\/person\/99de93cb711c7015ef658e5321ba9f18\",\"name\":\"Todo Alfalfa\",\"image\":{\"@type\":\"ImageObject\",\"inLanguage\":\"es\",\"@id\":\"https:\/\/www.todoalfalfa.com.ar\/noticias\/#\/schema\/person\/image\/\",\"url\":\"https:\/\/secure.gravatar.com\/avatar\/50ffd12fb7b268bc2467160730786602db252a270c63104e7c19b5f67b8dd346?s=96&d=mm&r=g\",\"contentUrl\":\"https:\/\/secure.gravatar.com\/avatar\/50ffd12fb7b268bc2467160730786602db252a270c63104e7c19b5f67b8dd346?s=96&d=mm&r=g\",\"caption\":\"Todo Alfalfa\"},\"url\":\"https:\/\/www.todoalfalfa.com.ar\/noticias\/author\/osvaldoiachetta\/\"}]}<\/script>\n<!-- \/ Yoast SEO plugin. -->","yoast_head_json":{"title":"Acciones de la C\u00e1mara de Alfalfa para producir calidad\u00a0","robots":{"index":"index","follow":"follow","max-snippet":"max-snippet:-1","max-image-preview":"max-image-preview:large","max-video-preview":"max-video-preview:-1"},"canonical":"https:\/\/www.todoalfalfa.com.ar\/noticias\/acciones-de-la-camara-de-alfalfa-para-producir-calidad\/","og_locale":"es_ES","og_type":"article","og_title":"Acciones de la C\u00e1mara de Alfalfa para producir calidad\u00a0","og_description":"La entidad, que nuclea a los grandes productores de Argentina, lleva a cabo diversas propuestas con el objetivo de aumentar el \u00e1rea de siembra y obtener calidad exportable. El objetivo inmediato: exportar 200 mil toneladas anuales en los pr\u00f3ximos 5 a\u00f1os.","og_url":"https:\/\/www.todoalfalfa.com.ar\/noticias\/acciones-de-la-camara-de-alfalfa-para-producir-calidad\/","og_site_name":"Todo Alfalfa","article_publisher":"https:\/\/www.facebook.com\/todoalfalfa","article_published_time":"2025-05-05T13:08:15+00:00","article_modified_time":"2025-05-07T12:02:44+00:00","og_image":[{"width":1920,"height":1280,"url":"https:\/\/www.todoalfalfa.com.ar\/noticias\/wp-content\/uploads\/2025\/04\/IMG_4223.jpg","type":"image\/jpeg"}],"author":"Todo Alfalfa","twitter_card":"summary_large_image","twitter_misc":{"Escrito por":"Todo Alfalfa","Tiempo de lectura":"9 minutos"},"schema":{"@context":"https:\/\/schema.org","@graph":[{"@type":"NewsArticle","@id":"https:\/\/www.todoalfalfa.com.ar\/noticias\/acciones-de-la-camara-de-alfalfa-para-producir-calidad\/#article","isPartOf":{"@id":"https:\/\/www.todoalfalfa.com.ar\/noticias\/acciones-de-la-camara-de-alfalfa-para-producir-calidad\/"},"author":{"name":"Todo Alfalfa","@id":"https:\/\/www.todoalfalfa.com.ar\/noticias\/#\/schema\/person\/99de93cb711c7015ef658e5321ba9f18"},"headline":"Acciones de la C\u00e1mara de Alfalfa para producir calidad\u00a0","datePublished":"2025-05-05T13:08:15+00:00","dateModified":"2025-05-07T12:02:44+00:00","mainEntityOfPage":{"@id":"https:\/\/www.todoalfalfa.com.ar\/noticias\/acciones-de-la-camara-de-alfalfa-para-producir-calidad\/"},"wordCount":1559,"publisher":{"@id":"https:\/\/www.todoalfalfa.com.ar\/noticias\/#organization"},"image":{"@id":"https:\/\/www.todoalfalfa.com.ar\/noticias\/acciones-de-la-camara-de-alfalfa-para-producir-calidad\/#primaryimage"},"thumbnailUrl":"https:\/\/i0.wp.com\/www.todoalfalfa.com.ar\/noticias\/wp-content\/uploads\/2025\/04\/IMG_4223.jpg?fit=1920%2C1280&ssl=1","keywords":["alfalfa","Argentina","C\u00e1mara Argentina de Alfalfa","exportaci\u00f3n","forrajes","Jos\u00e9 Brigante","Novedades","producci\u00f3n"],"articleSection":["Generales"],"inLanguage":"es"},{"@type":["WebPage","ItemPage"],"@id":"https:\/\/www.todoalfalfa.com.ar\/noticias\/acciones-de-la-camara-de-alfalfa-para-producir-calidad\/","url":"https:\/\/www.todoalfalfa.com.ar\/noticias\/acciones-de-la-camara-de-alfalfa-para-producir-calidad\/","name":"Acciones de la C\u00e1mara de Alfalfa para producir calidad\u00a0","isPartOf":{"@id":"https:\/\/www.todoalfalfa.com.ar\/noticias\/#website"},"primaryImageOfPage":{"@id":"https:\/\/www.todoalfalfa.com.ar\/noticias\/acciones-de-la-camara-de-alfalfa-para-producir-calidad\/#primaryimage"},"image":{"@id":"https:\/\/www.todoalfalfa.com.ar\/noticias\/acciones-de-la-camara-de-alfalfa-para-producir-calidad\/#primaryimage"},"thumbnailUrl":"https:\/\/i0.wp.com\/www.todoalfalfa.com.ar\/noticias\/wp-content\/uploads\/2025\/04\/IMG_4223.jpg?fit=1920%2C1280&ssl=1","datePublished":"2025-05-05T13:08:15+00:00","dateModified":"2025-05-07T12:02:44+00:00","breadcrumb":{"@id":"https:\/\/www.todoalfalfa.com.ar\/noticias\/acciones-de-la-camara-de-alfalfa-para-producir-calidad\/#breadcrumb"},"inLanguage":"es","potentialAction":[{"@type":"ReadAction","target":["https:\/\/www.todoalfalfa.com.ar\/noticias\/acciones-de-la-camara-de-alfalfa-para-producir-calidad\/"]}]},{"@type":"ImageObject","inLanguage":"es","@id":"https:\/\/www.todoalfalfa.com.ar\/noticias\/acciones-de-la-camara-de-alfalfa-para-producir-calidad\/#primaryimage","url":"https:\/\/i0.wp.com\/www.todoalfalfa.com.ar\/noticias\/wp-content\/uploads\/2025\/04\/IMG_4223.jpg?fit=1920%2C1280&ssl=1","contentUrl":"https:\/\/i0.wp.com\/www.todoalfalfa.com.ar\/noticias\/wp-content\/uploads\/2025\/04\/IMG_4223.jpg?fit=1920%2C1280&ssl=1","width":1920,"height":1280,"caption":"Jos\u00e9 Brigante, presidente C\u00e1mara Argentina de Alfalfa"},{"@type":"BreadcrumbList","@id":"https:\/\/www.todoalfalfa.com.ar\/noticias\/acciones-de-la-camara-de-alfalfa-para-producir-calidad\/#breadcrumb","itemListElement":[{"@type":"ListItem","position":1,"name":"Principal","item":"https:\/\/www.todoalfalfa.com.ar\/noticias\/"},{"@type":"ListItem","position":2,"name":"Acciones de la C\u00e1mara de Alfalfa para producir calidad\u00a0"}]},{"@type":"WebSite","@id":"https:\/\/www.todoalfalfa.com.ar\/noticias\/#website","url":"https:\/\/www.todoalfalfa.com.ar\/noticias\/","name":"Todo Alfalfa","description":"Web informativa de la cadena de la alfalfa argentina","publisher":{"@id":"https:\/\/www.todoalfalfa.com.ar\/noticias\/#organization"},"potentialAction":[{"@type":"SearchAction","target":{"@type":"EntryPoint","urlTemplate":"https:\/\/www.todoalfalfa.com.ar\/noticias\/?s={search_term_string}"},"query-input":{"@type":"PropertyValueSpecification","valueRequired":true,"valueName":"search_term_string"}}],"inLanguage":"es"},{"@type":"Organization","@id":"https:\/\/www.todoalfalfa.com.ar\/noticias\/#organization","name":"Todo Alfalfa","url":"https:\/\/www.todoalfalfa.com.ar\/noticias\/","logo":{"@type":"ImageObject","inLanguage":"es","@id":"https:\/\/www.todoalfalfa.com.ar\/noticias\/#\/schema\/logo\/image\/","url":"https:\/\/www.todoalfalfa.com.ar\/noticias\/wp-content\/uploads\/2020\/09\/logo-todo-alfalfa-modificado.png","contentUrl":"https:\/\/www.todoalfalfa.com.ar\/noticias\/wp-content\/uploads\/2020\/09\/logo-todo-alfalfa-modificado.png","width":350,"height":100,"caption":"Todo Alfalfa"},"image":{"@id":"https:\/\/www.todoalfalfa.com.ar\/noticias\/#\/schema\/logo\/image\/"},"sameAs":["https:\/\/www.facebook.com\/todoalfalfa","https:\/\/www.instagram.com\/todoalfalfa","https:\/\/www.youtube.com\/@TodoAlfalfa","https:\/\/www.linkedin.com\/company\/todoalfalfa\/"]},{"@type":"Person","@id":"https:\/\/www.todoalfalfa.com.ar\/noticias\/#\/schema\/person\/99de93cb711c7015ef658e5321ba9f18","name":"Todo Alfalfa","image":{"@type":"ImageObject","inLanguage":"es","@id":"https:\/\/www.todoalfalfa.com.ar\/noticias\/#\/schema\/person\/image\/","url":"https:\/\/secure.gravatar.com\/avatar\/50ffd12fb7b268bc2467160730786602db252a270c63104e7c19b5f67b8dd346?s=96&d=mm&r=g","contentUrl":"https:\/\/secure.gravatar.com\/avatar\/50ffd12fb7b268bc2467160730786602db252a270c63104e7c19b5f67b8dd346?s=96&d=mm&r=g","caption":"Todo Alfalfa"},"url":"https:\/\/www.todoalfalfa.com.ar\/noticias\/author\/osvaldoiachetta\/"}]}},"jetpack_featured_media_url":"https:\/\/i0.wp.com\/www.todoalfalfa.com.ar\/noticias\/wp-content\/uploads\/2025\/04\/IMG_4223.jpg?fit=1920%2C1280&ssl=1","wps_subtitle":"","jetpack_sharing_enabled":true,"_links":{"self":[{"href":"https:\/\/www.todoalfalfa.com.ar\/noticias\/wp-json\/wp\/v2\/posts\/49188","targetHints":{"allow":["GET"]}}],"collection":[{"href":"https:\/\/www.todoalfalfa.com.ar\/noticias\/wp-json\/wp\/v2\/posts"}],"about":[{"href":"https:\/\/www.todoalfalfa.com.ar\/noticias\/wp-json\/wp\/v2\/types\/post"}],"author":[{"embeddable":true,"href":"https:\/\/www.todoalfalfa.com.ar\/noticias\/wp-json\/wp\/v2\/users\/9"}],"replies":[{"embeddable":true,"href":"https:\/\/www.todoalfalfa.com.ar\/noticias\/wp-json\/wp\/v2\/comments?post=49188"}],"version-history":[{"count":7,"href":"https:\/\/www.todoalfalfa.com.ar\/noticias\/wp-json\/wp\/v2\/posts\/49188\/revisions"}],"predecessor-version":[{"id":49217,"href":"https:\/\/www.todoalfalfa.com.ar\/noticias\/wp-json\/wp\/v2\/posts\/49188\/revisions\/49217"}],"wp:featuredmedia":[{"embeddable":true,"href":"https:\/\/www.todoalfalfa.com.ar\/noticias\/wp-json\/wp\/v2\/media\/49165"}],"wp:attachment":[{"href":"https:\/\/www.todoalfalfa.com.ar\/noticias\/wp-json\/wp\/v2\/media?parent=49188"}],"wp:term":[{"taxonomy":"category","embeddable":true,"href":"https:\/\/www.todoalfalfa.com.ar\/noticias\/wp-json\/wp\/v2\/categories?post=49188"},{"taxonomy":"post_tag","embeddable":true,"href":"https:\/\/www.todoalfalfa.com.ar\/noticias\/wp-json\/wp\/v2\/tags?post=49188"}],"curies":[{"name":"wp","href":"https:\/\/api.w.org\/{rel}","templated":true}]}}