{"id":49358,"date":"2025-06-05T15:01:46","date_gmt":"2025-06-05T18:01:46","guid":{"rendered":"https:\/\/www.todoalfalfa.com.ar\/noticias\/?p=49358"},"modified":"2025-06-26T13:01:00","modified_gmt":"2025-06-26T16:01:00","slug":"una-diplomatura-para-producir-alfalfas-de-calidad","status":"publish","type":"post","link":"https:\/\/www.todoalfalfa.com.ar\/noticias\/una-diplomatura-para-producir-alfalfas-de-calidad\/","title":{"rendered":"Una diplomatura para producir \u201calfalfas de calidad\u201d\u00a0"},"content":{"rendered":"\n<p>Cuando se planearon las \u201cparadas\u201d obligatorias del&nbsp;<strong>camino para producir alfalfas de calidad<\/strong>, la diplomatura fue uno de los puntos fundamentales. Es que la necesidad de \u201chacer calidad\u201d nos lleva a pensar en alternativas de capacitaci\u00f3n para que los integrantes de la cadena puedan sumar herramientas para lograr el objetivo de producir m\u00e1s cantidad y calidad.&nbsp;&nbsp;&nbsp;<\/p>\n\n\n\n<p>Por ese motivo, el Instituto de Ciencias B\u00e1sicas y Aplicadas de la Universidad Nacional de Villa Mar\u00eda (UNVM) y el sitio TodoAlfalfa.com.ar propiedad de TodoCampos SAS se unieron para desarrollar esta iniciativa que tambi\u00e9n cuenta con el apoyo de la Universidad Nacional del Litoral y la C\u00e1mara Argentina de Alfalfa.&nbsp;&nbsp;<\/p>\n\n\n\n<p>La misma iniciar\u00e1 el s\u00e1bado 2 de agosto y concluir\u00e1 el s\u00e1bado 25 de octubre con clases virtuales. &nbsp;<\/p>\n\n\n\n<p>La producci\u00f3n de alfalfa debe ser considerada como lo que es, una producci\u00f3n agr\u00edcola, que cada vez tiene m\u00e1s valor y se posiciona al lado de los comodities.&nbsp;<\/p>\n\n\n\n<p>El impulso que tom\u00f3 en los \u00faltimos a\u00f1os as\u00ed lo demuestra y puede transformarse en un generador de puestos de trabajo y de ingresos de divisas importantes para nuestro pa\u00eds.&nbsp;&nbsp;<\/p>\n\n\n\n<p>Esta propuesta est\u00e1 dirigida a productores, empresarios e integrantes de la cadena que tengan como meta aprender a desarrollar cada uno de los pasos productivos de la manera m\u00e1s eficiente para producir mayor volumen y calidad de alfalfa.&nbsp;&nbsp;<\/p>\n\n\n\n<figure class=\"wp-block-embed is-type-wp-embed is-provider-expoalfa-jornada-2025 wp-block-embed-expoalfa-jornada-2025\"><div class=\"wp-block-embed__wrapper\">\n<blockquote class=\"wp-embedded-content\" data-secret=\"sOj3bMcJcI\"><a href=\"https:\/\/expoalfa.com.ar\/alfalfa\/expoalfa-jornada-2025\/diplomatura-alfalfas\/\">Diplomatura en Alfalfas de Calidad<\/a><\/blockquote><iframe class=\"wp-embedded-content\" sandbox=\"allow-scripts\" security=\"restricted\" style=\"position: absolute; visibility: hidden;\" title=\"\u00abDiplomatura en Alfalfas de Calidad\u00bb \u2014 ExpoAlfa Jornada 2025\" src=\"https:\/\/expoalfa.com.ar\/alfalfa\/expoalfa-jornada-2025\/diplomatura-alfalfas\/embed\/#?secret=Hm9mUlNOKg#?secret=sOj3bMcJcI\" data-secret=\"sOj3bMcJcI\" width=\"500\" height=\"282\" frameborder=\"0\" marginwidth=\"0\" marginheight=\"0\" scrolling=\"no\"><\/iframe>\n<\/div><\/figure>\n\n\n\n<p><strong>Objetivos<\/strong>&nbsp;&nbsp;<\/p>\n\n\n\n<ul class=\"wp-block-list\">\n<li>Formar cuadros t\u00e9cnicos, dot\u00e1ndolos de conocimientos para realizar alfalfas de calidad. Se busca con esta propuesta lograr excelencia acad\u00e9mica y de calidad.&nbsp;&nbsp;&nbsp;<\/li>\n\n\n\n<li>Conformar una red en la que los actores puedan intercambiar experiencias, estrategias y proyectos para lograr mejores desarrollos productivos.&nbsp;&nbsp;<\/li>\n\n\n\n<li>Desarrollar habilidades para un aprendizaje continuo en estos temas.&nbsp;&nbsp;<\/li>\n<\/ul>\n\n\n\n<p>\u201cDesde nuestra visi\u00f3n, creemos que es importante participar de esta propuesta porque permitir\u00e1 tener una visi\u00f3n completa y actualizada de la producci\u00f3n de alfalfa\u201d, indic\u00f3 Antonio Lozano, de TodoAlfalfa. Adem\u00e1s, remarc\u00f3 que \u201cser\u00e1 dictada por los profesionales m\u00e1s calificados del sector\u201d.&nbsp;&nbsp;&nbsp;<\/p>\n\n\n\n<ul class=\"wp-block-list\">\n<li><strong>Visi\u00f3n integral sobre la producci\u00f3n de alfalfa<\/strong>: formas de producci\u00f3n, debates, herramientas y estrategias necesarias para su implementaci\u00f3n.&nbsp;&nbsp;<\/li>\n\n\n\n<li><strong>Perspectiva amplia de la sostenibilidad<\/strong>&nbsp;en sus dimensiones social, ambiental y econ\u00f3mica.&nbsp;&nbsp;<\/li>\n\n\n\n<li><strong>Enfoque interdisciplinario de alto impacto<\/strong>: integraci\u00f3n de conocimientos de siembra, manejo, mecanizaci\u00f3n, mercados, log\u00edstica y exportaci\u00f3n.&nbsp;<\/li>\n\n\n\n<li><strong>Metodolog\u00eda del caso<\/strong>: casos pr\u00e1cticos de empresarios o productores que est\u00e1n implementando estrategias que permiten aprehender inductivamente la teor\u00eda y dan lugar al di\u00e1logo entre los part\u00edcipes. Esta metodolog\u00eda ayuda a desarrollar el sentido cr\u00edtico mediante el an\u00e1lisis de diferentes fen\u00f3menos que emergen.&nbsp;&nbsp;<\/li>\n<\/ul>\n\n\n\n<p>Aquellas personas interesadas en ser parte deben saber que es una propuesta acad\u00e9mica integral que viene a aportar herramientas para que cada integrante de la cadena pueda sumar conocimientos y lograr producir alfalfas de mayor calidad.&nbsp;&nbsp;&nbsp;<\/p>\n\n\n\n<p>Al plantear esta iniciativa, \u201centendimos que brindar esta posibilidad se traducir\u00e1 en un mejor producto, que impactar\u00e1 en una mayor calidad de carne o leche\u201d.&nbsp;&nbsp;<\/p>\n\n\n\n<blockquote class=\"wp-block-quote is-layout-flow wp-block-quote-is-layout-flow\">\n<p>\u00abCreemos que es importante participar de esta propuesta porque permitir\u00e1 tener una visi\u00f3n completa y actualizada de la producci\u00f3n de alfalfa\u00bb.Antonio Lozano<\/p>\n<\/blockquote>\n\n\n\n<p>Pero tambi\u00e9n permitir\u00e1 satisfacer una alta demanda, sobre todo externa, que hoy por las condiciones productivas el pa\u00eds no puede atender.&nbsp;&nbsp;<\/p>\n\n\n\n<p>Esta iniciativa contar\u00e1 con un plan de estudios que abordar\u00e1 diversos temas, en cuatro bloques.&nbsp;&nbsp;<\/p>\n\n\n\n<p>1. Mejoramiento gen\u00e9tico de alfalfa.&nbsp;&nbsp;&nbsp;<\/p>\n\n\n\n<p>2. Alfalfa en sistemas pastoriles (producci\u00f3n y aprovechamiento eficiente, comportamiento en mezclas forrajeras, los n\u00fameros de la producci\u00f3n).&nbsp;&nbsp;&nbsp;<\/p>\n\n\n\n<p>3. Mecanizaci\u00f3n e innovaci\u00f3n.&nbsp;&nbsp;<\/p>\n\n\n\n<p>4. Econom\u00eda y mercados interno y externo&nbsp;&nbsp;<\/p>\n\n\n\n<p><strong>Profesionales a cargo de la Diplomatura<\/strong><\/p>\n\n\n\n<div class=\"wp-block-jetpack-slideshow aligncenter\" data-effect=\"slide\"><div class=\"wp-block-jetpack-slideshow_container swiper-container\"><ul class=\"wp-block-jetpack-slideshow_swiper-wrapper swiper-wrapper\"><li class=\"wp-block-jetpack-slideshow_slide swiper-slide\"><figure><img data-recalc-dims=\"1\" fetchpriority=\"high\" decoding=\"async\" width=\"225\" height=\"300\" alt=\"\" class=\"wp-block-jetpack-slideshow_image wp-image-49360\" data-id=\"49360\" src=\"https:\/\/i0.wp.com\/www.todoalfalfa.com.ar\/noticias\/wp-content\/uploads\/2025\/06\/Daniel-Basigalup.jpg?resize=225%2C300&#038;ssl=1\"\/><figcaption class=\"wp-block-jetpack-slideshow_caption gallery-caption\">Daniel Basigalup (Ing. Agr. UNLP \u2013 Master y Doctor en Mejoramiento Gen\u00e9tico Vegetal por la Universidad de Minnesotta \u2013 Consultor privado)<\/figcaption><\/figure><\/li><li class=\"wp-block-jetpack-slideshow_slide swiper-slide\"><figure><img data-recalc-dims=\"1\" decoding=\"async\" width=\"300\" height=\"300\" alt=\"\" class=\"wp-block-jetpack-slideshow_image wp-image-49372\" data-id=\"49372\" src=\"https:\/\/i0.wp.com\/www.todoalfalfa.com.ar\/noticias\/wp-content\/uploads\/2025\/06\/Ariel-Odorizzi.jpg?resize=300%2C300&#038;ssl=1\" srcset=\"https:\/\/i0.wp.com\/www.todoalfalfa.com.ar\/noticias\/wp-content\/uploads\/2025\/06\/Ariel-Odorizzi.jpg?w=300&amp;ssl=1 300w, https:\/\/i0.wp.com\/www.todoalfalfa.com.ar\/noticias\/wp-content\/uploads\/2025\/06\/Ariel-Odorizzi.jpg?resize=150%2C150&amp;ssl=1 150w\" sizes=\"(max-width: 300px) 100vw, 300px\" \/><figcaption class=\"wp-block-jetpack-slideshow_caption gallery-caption\">Ariel Odorizzi (Ing. Agr.; Mg en Gen\u00e9tica Vegetal, Doctor en Ciencias Agropecuarias \u2013 Inta Manfredi)<\/figcaption><\/figure><\/li><li class=\"wp-block-jetpack-slideshow_slide swiper-slide\"><figure><img data-recalc-dims=\"1\" decoding=\"async\" width=\"150\" height=\"150\" alt=\"\" class=\"wp-block-jetpack-slideshow_image wp-image-49361\" data-id=\"49361\" src=\"https:\/\/i0.wp.com\/www.todoalfalfa.com.ar\/noticias\/wp-content\/uploads\/2025\/06\/Esteban-Rios.jpeg?resize=150%2C150&#038;ssl=1\"\/><figcaption class=\"wp-block-jetpack-slideshow_caption gallery-caption\">Esteban R\u00edos (Ing. Agr. A cargo de mejoramiento y gen\u00e9tica de forrajeras, departamento de Agronom\u00eda, Univ. Florida, EEUU),<\/figcaption><\/figure><\/li><li class=\"wp-block-jetpack-slideshow_slide swiper-slide\"><figure><img data-recalc-dims=\"1\" loading=\"lazy\" decoding=\"async\" width=\"300\" height=\"119\" alt=\"\" class=\"wp-block-jetpack-slideshow_image wp-image-49362\" data-id=\"49362\" src=\"https:\/\/i0.wp.com\/www.todoalfalfa.com.ar\/noticias\/wp-content\/uploads\/2025\/06\/Federico-Sanchez.jpg?resize=300%2C119&#038;ssl=1\"\/><figcaption class=\"wp-block-jetpack-slideshow_caption gallery-caption\">Federico S\u00e1nchez (Ing. Agr\u00f3nomo \u2013 Jefe de Producto John Deere Argentina)<\/figcaption><\/figure><\/li><li class=\"wp-block-jetpack-slideshow_slide swiper-slide\"><figure><img data-recalc-dims=\"1\" loading=\"lazy\" decoding=\"async\" width=\"150\" height=\"150\" alt=\"\" class=\"wp-block-jetpack-slideshow_image wp-image-49363\" data-id=\"49363\" src=\"https:\/\/i0.wp.com\/www.todoalfalfa.com.ar\/noticias\/wp-content\/uploads\/2025\/06\/Fernando-Delbino.png?resize=150%2C150&#038;ssl=1\"\/><figcaption class=\"wp-block-jetpack-slideshow_caption gallery-caption\">Fernando Delbino (Ing. Agr\u00f3nomo \u2013 Jefe de Trabajos Pr\u00e1cticos en la c\u00e1tedra de Forrajes, Facultad de Cs. Agrarias FCA, UNL)<\/figcaption><\/figure><\/li><li class=\"wp-block-jetpack-slideshow_slide swiper-slide\"><figure><img data-recalc-dims=\"1\" loading=\"lazy\" decoding=\"async\" width=\"150\" height=\"143\" alt=\"\" class=\"wp-block-jetpack-slideshow_image wp-image-49364\" data-id=\"49364\" src=\"https:\/\/i0.wp.com\/www.todoalfalfa.com.ar\/noticias\/wp-content\/uploads\/2025\/06\/Ines-Brance.jpeg?resize=150%2C143&#038;ssl=1\"\/><figcaption class=\"wp-block-jetpack-slideshow_caption gallery-caption\">Mar\u00eda In\u00e9s Brance Bonvini (Ingeniera Agr\u00f3noma, Facultad de Ciencias Agrarias. Universidad Nacional del Litoral)<\/figcaption><\/figure><\/li><li class=\"wp-block-jetpack-slideshow_slide swiper-slide\"><figure><img data-recalc-dims=\"1\" loading=\"lazy\" decoding=\"async\" width=\"150\" height=\"150\" alt=\"\" class=\"wp-block-jetpack-slideshow_image wp-image-49365\" data-id=\"49365\" src=\"https:\/\/i0.wp.com\/www.todoalfalfa.com.ar\/noticias\/wp-content\/uploads\/2025\/06\/Jose-Brigante.gif?resize=150%2C150&#038;ssl=1\"\/><figcaption class=\"wp-block-jetpack-slideshow_caption gallery-caption\">Jos\u00e9 Brigante (Master en Administraci\u00f3n de Negocios (MBA) | presidente de la C\u00e1mara Argentina de Alfalfa)<\/figcaption><\/figure><\/li><li class=\"wp-block-jetpack-slideshow_slide swiper-slide\"><figure><img data-recalc-dims=\"1\" loading=\"lazy\" decoding=\"async\" width=\"150\" height=\"150\" alt=\"\" class=\"wp-block-jetpack-slideshow_image wp-image-49366\" data-id=\"49366\" src=\"https:\/\/i0.wp.com\/www.todoalfalfa.com.ar\/noticias\/wp-content\/uploads\/2025\/06\/Jose-Jauregui.jpeg?resize=150%2C150&#038;ssl=1\"\/><figcaption class=\"wp-block-jetpack-slideshow_caption gallery-caption\">Jos\u00e9 Jauregui (Ingeniero Agr\u00f3nomo, Doctor en Agronom\u00eda \u2013 Universidad Nacional del Litoral)<\/figcaption><\/figure><\/li><li class=\"wp-block-jetpack-slideshow_slide swiper-slide\"><figure><img data-recalc-dims=\"1\" loading=\"lazy\" decoding=\"async\" width=\"300\" height=\"300\" alt=\"\" class=\"wp-block-jetpack-slideshow_image wp-image-49367\" data-id=\"49367\" src=\"https:\/\/i0.wp.com\/www.todoalfalfa.com.ar\/noticias\/wp-content\/uploads\/2025\/06\/Juan-Lus.jpg?resize=300%2C300&#038;ssl=1\" srcset=\"https:\/\/i0.wp.com\/www.todoalfalfa.com.ar\/noticias\/wp-content\/uploads\/2025\/06\/Juan-Lus.jpg?w=300&amp;ssl=1 300w, https:\/\/i0.wp.com\/www.todoalfalfa.com.ar\/noticias\/wp-content\/uploads\/2025\/06\/Juan-Lus.jpg?resize=150%2C150&amp;ssl=1 150w\" sizes=\"(max-width: 300px) 100vw, 300px\" \/><figcaption class=\"wp-block-jetpack-slideshow_caption gallery-caption\">Juan Lus (Ing. Agr\u00f3nomo \u2013 Docente universitario Universidad Nacional de Lomas de Zamora)<\/figcaption><\/figure><\/li><li class=\"wp-block-jetpack-slideshow_slide swiper-slide\"><figure><img data-recalc-dims=\"1\" loading=\"lazy\" decoding=\"async\" width=\"150\" height=\"150\" alt=\"\" class=\"wp-block-jetpack-slideshow_image wp-image-49368\" data-id=\"49368\" src=\"https:\/\/i0.wp.com\/www.todoalfalfa.com.ar\/noticias\/wp-content\/uploads\/2025\/06\/Luis-Machin.jpg?resize=150%2C150&#038;ssl=1\"\/><figcaption class=\"wp-block-jetpack-slideshow_caption gallery-caption\">Luis Mach\u00edn \u00c1lvarez (Lic. Marketing y Gesti\u00f3n Comercial. Director Gerente de la Asociaci\u00f3n Espa\u00f1ola de Fabricantes de Alfalfa Deshidratada \u2013 AEFA)<\/figcaption><\/figure><\/li><li class=\"wp-block-jetpack-slideshow_slide swiper-slide\"><figure><img data-recalc-dims=\"1\" loading=\"lazy\" decoding=\"async\" width=\"270\" height=\"300\" alt=\"\" class=\"wp-block-jetpack-slideshow_image wp-image-49369\" data-id=\"49369\" src=\"https:\/\/i0.wp.com\/www.todoalfalfa.com.ar\/noticias\/wp-content\/uploads\/2025\/06\/Maria-Paz-Tieri.jpeg?resize=270%2C300&#038;ssl=1\"\/><figcaption class=\"wp-block-jetpack-slideshow_caption gallery-caption\">Mar\u00eda Paz Tieri (Ing. Agr\u00f3noma Universidad Buenos Aires -Docente Investigadora en Universidad Tecnol\u00f3gica Nacional)<\/figcaption><\/figure><\/li><li class=\"wp-block-jetpack-slideshow_slide swiper-slide\"><figure><img data-recalc-dims=\"1\" loading=\"lazy\" decoding=\"async\" width=\"169\" height=\"300\" alt=\"\" class=\"wp-block-jetpack-slideshow_image wp-image-49370\" data-id=\"49370\" src=\"https:\/\/i0.wp.com\/www.todoalfalfa.com.ar\/noticias\/wp-content\/uploads\/2025\/06\/Miguel-Fornis.jpg?resize=169%2C300&#038;ssl=1\"\/><figcaption class=\"wp-block-jetpack-slideshow_caption gallery-caption\">Miguel Forni (Ing. Agr\u00f3nomo Facultad de Ciencias Agrarias de Esperanza \u2013UNL, Maestr\u00eda en mecanizaci\u00f3n agraria)<\/figcaption><\/figure><\/li><li class=\"wp-block-jetpack-slideshow_slide swiper-slide\"><figure><img data-recalc-dims=\"1\" loading=\"lazy\" decoding=\"async\" width=\"150\" height=\"150\" alt=\"\" class=\"wp-block-jetpack-slideshow_image wp-image-49371\" data-id=\"49371\" src=\"https:\/\/i0.wp.com\/www.todoalfalfa.com.ar\/noticias\/wp-content\/uploads\/2025\/06\/Tomas-Mastrangelo.jpeg?resize=150%2C150&#038;ssl=1\"\/><figcaption class=\"wp-block-jetpack-slideshow_caption gallery-caption\">Tom\u00e1s Mastr\u00e1ngelo (Despachante de Aduana y agente de Transporte Aduanero \u2013 ExpoConsult)<\/figcaption><\/figure><\/li><\/ul><a class=\"wp-block-jetpack-slideshow_button-prev swiper-button-prev swiper-button-white\" role=\"button\"><\/a><a class=\"wp-block-jetpack-slideshow_button-next swiper-button-next swiper-button-white\" role=\"button\"><\/a><a aria-label=\"Pause Slideshow\" class=\"wp-block-jetpack-slideshow_button-pause\" role=\"button\"><\/a><div class=\"wp-block-jetpack-slideshow_pagination swiper-pagination swiper-pagination-white\"><\/div><\/div><\/div>\n\n\n\n<p>Tendr\u00e1 una modalidad de dictado online y se realizar\u00e1 a trav\u00e9s de la Plataforma de la Universidad Nacional de Villa Mar\u00eda. Tendr\u00e1 una duraci\u00f3n de tres meses con un dictado de cuatro clases mensuales, los s\u00e1bados de 9 a 12:30 horas, completando 80 horas.&nbsp;<\/p>\n\n\n\n<p>Los interesados en ser parte de esta propuesta acad\u00e9mica pueden conocer m\u00e1s detalles sobre inscripci\u00f3n, costos y dem\u00e1s temas relacionados ingresando a&nbsp;<a href=\"https:\/\/expoalfa.com.ar\/alfalfa\/expoalfa-jornada-2025\/diplomatura-alfalfas\/\">ExpoAlfa<\/a><\/p>\n<div class=\"todoalfalfa-final-de-la-nota\" id=\"todoalfalfa-1198364400\"><a href=\"https:\/\/www.whatsapp.com\/channel\/0029VbCBmFB9WtBxJsD3eC2i\" target=\"_blank\" aria-label=\"5\"><img src=\"https:\/\/i0.wp.com\/www.todoalfalfa.com.ar\/noticias\/wp-content\/uploads\/2026\/04\/5.gif?fit=728%2C90&#038;ssl=1\" alt=\"\"  width=\"728\" height=\"90\"   \/><\/a><\/div>","protected":false},"excerpt":{"rendered":"<p>Esta propuesta es una de las \u201cparadas\u00bb del camino para producir alfalfa de calidad. Impulsada por TodoAlfalfa, TodoCampos, la C\u00e1mara Argentina de Alfalfa y la UNVM, tiene como objetivo capacitar. Contar\u00e1 con los profesionales m\u00e1s destacados del sector.<\/p>\n","protected":false},"author":9,"featured_media":49359,"comment_status":"closed","ping_status":"open","sticky":false,"template":"","format":"standard","meta":{"jetpack_post_was_ever_published":false,"_jetpack_newsletter_access":"","_jetpack_dont_email_post_to_subs":false,"_jetpack_newsletter_tier_id":0,"_jetpack_memberships_contains_paywalled_content":false,"_jetpack_memberships_contains_paid_content":false,"footnotes":""},"categories":[2],"tags":[31,105,1931,1930,236,68,1659,21,202,1818,672],"class_list":["post-49358","post","type-post","status-publish","format-standard","has-post-thumbnail","hentry","category-generales","tag-alfalfa","tag-argentina","tag-capacitacion-2","tag-diplomatura-alfalfas-de-calidad","tag-exportacion","tag-heno","tag-novedades","tag-produccion","tag-todoalfalfa","tag-todocampos","tag-unvm"],"yoast_head":"<!-- This site is optimized with the Yoast SEO plugin v25.5 - https:\/\/yoast.com\/wordpress\/plugins\/seo\/ -->\n<title>Una diplomatura para producir \u201calfalfas de calidad\u201d\u00a0<\/title>\n<meta name=\"robots\" content=\"index, follow, max-snippet:-1, max-image-preview:large, max-video-preview:-1\" \/>\n<link rel=\"canonical\" href=\"https:\/\/www.todoalfalfa.com.ar\/noticias\/una-diplomatura-para-producir-alfalfas-de-calidad\/\" \/>\n<meta property=\"og:locale\" content=\"es_ES\" \/>\n<meta property=\"og:type\" content=\"article\" \/>\n<meta property=\"og:title\" content=\"Una diplomatura para producir \u201calfalfas de calidad\u201d\u00a0\" \/>\n<meta property=\"og:description\" content=\"Esta propuesta es una de las \u201cparadas&quot; del camino para producir alfalfa de calidad. Impulsada por TodoAlfalfa, TodoCampos, la C\u00e1mara Argentina de Alfalfa y la UNVM, tiene como objetivo capacitar. Contar\u00e1 con los profesionales m\u00e1s destacados del sector.\" \/>\n<meta property=\"og:url\" content=\"https:\/\/www.todoalfalfa.com.ar\/noticias\/una-diplomatura-para-producir-alfalfas-de-calidad\/\" \/>\n<meta property=\"og:site_name\" content=\"Todo Alfalfa\" \/>\n<meta property=\"article:publisher\" content=\"https:\/\/www.facebook.com\/todoalfalfa\" \/>\n<meta property=\"article:published_time\" content=\"2025-06-05T18:01:46+00:00\" \/>\n<meta property=\"article:modified_time\" content=\"2025-06-26T16:01:00+00:00\" \/>\n<meta property=\"og:image\" content=\"https:\/\/www.todoalfalfa.com.ar\/noticias\/wp-content\/uploads\/2025\/06\/Diplomatura.png\" \/>\n\t<meta property=\"og:image:width\" content=\"1024\" \/>\n\t<meta property=\"og:image:height\" content=\"768\" \/>\n\t<meta property=\"og:image:type\" content=\"image\/png\" \/>\n<meta name=\"author\" content=\"Todo Alfalfa\" \/>\n<meta name=\"twitter:card\" content=\"summary_large_image\" \/>\n<meta name=\"twitter:label1\" content=\"Escrito por\" \/>\n\t<meta name=\"twitter:data1\" content=\"Todo Alfalfa\" \/>\n\t<meta name=\"twitter:label2\" content=\"Tiempo de lectura\" \/>\n\t<meta name=\"twitter:data2\" content=\"7 minutos\" \/>\n<script type=\"application\/ld+json\" class=\"yoast-schema-graph\">{\"@context\":\"https:\/\/schema.org\",\"@graph\":[{\"@type\":\"NewsArticle\",\"@id\":\"https:\/\/www.todoalfalfa.com.ar\/noticias\/una-diplomatura-para-producir-alfalfas-de-calidad\/#article\",\"isPartOf\":{\"@id\":\"https:\/\/www.todoalfalfa.com.ar\/noticias\/una-diplomatura-para-producir-alfalfas-de-calidad\/\"},\"author\":{\"name\":\"Todo Alfalfa\",\"@id\":\"https:\/\/www.todoalfalfa.com.ar\/noticias\/#\/schema\/person\/99de93cb711c7015ef658e5321ba9f18\"},\"headline\":\"Una diplomatura para producir \u201calfalfas de calidad\u201d\u00a0\",\"datePublished\":\"2025-06-05T18:01:46+00:00\",\"dateModified\":\"2025-06-26T16:01:00+00:00\",\"mainEntityOfPage\":{\"@id\":\"https:\/\/www.todoalfalfa.com.ar\/noticias\/una-diplomatura-para-producir-alfalfas-de-calidad\/\"},\"wordCount\":972,\"publisher\":{\"@id\":\"https:\/\/www.todoalfalfa.com.ar\/noticias\/#organization\"},\"image\":{\"@id\":\"https:\/\/www.todoalfalfa.com.ar\/noticias\/una-diplomatura-para-producir-alfalfas-de-calidad\/#primaryimage\"},\"thumbnailUrl\":\"https:\/\/i0.wp.com\/www.todoalfalfa.com.ar\/noticias\/wp-content\/uploads\/2025\/06\/Diplomatura.png?fit=1024%2C768&ssl=1\",\"keywords\":[\"alfalfa\",\"Argentina\",\"Capacitacion\",\"Diplomatura Alfalfas de Calidad\",\"exportaci\u00f3n\",\"heno\",\"Novedades\",\"producci\u00f3n\",\"todoalfalfa\",\"TodoCampos\",\"UNVM\"],\"articleSection\":[\"Generales\"],\"inLanguage\":\"es\"},{\"@type\":[\"WebPage\",\"ItemPage\"],\"@id\":\"https:\/\/www.todoalfalfa.com.ar\/noticias\/una-diplomatura-para-producir-alfalfas-de-calidad\/\",\"url\":\"https:\/\/www.todoalfalfa.com.ar\/noticias\/una-diplomatura-para-producir-alfalfas-de-calidad\/\",\"name\":\"Una diplomatura para producir \u201calfalfas de calidad\u201d\u00a0\",\"isPartOf\":{\"@id\":\"https:\/\/www.todoalfalfa.com.ar\/noticias\/#website\"},\"primaryImageOfPage\":{\"@id\":\"https:\/\/www.todoalfalfa.com.ar\/noticias\/una-diplomatura-para-producir-alfalfas-de-calidad\/#primaryimage\"},\"image\":{\"@id\":\"https:\/\/www.todoalfalfa.com.ar\/noticias\/una-diplomatura-para-producir-alfalfas-de-calidad\/#primaryimage\"},\"thumbnailUrl\":\"https:\/\/i0.wp.com\/www.todoalfalfa.com.ar\/noticias\/wp-content\/uploads\/2025\/06\/Diplomatura.png?fit=1024%2C768&ssl=1\",\"datePublished\":\"2025-06-05T18:01:46+00:00\",\"dateModified\":\"2025-06-26T16:01:00+00:00\",\"breadcrumb\":{\"@id\":\"https:\/\/www.todoalfalfa.com.ar\/noticias\/una-diplomatura-para-producir-alfalfas-de-calidad\/#breadcrumb\"},\"inLanguage\":\"es\",\"potentialAction\":[{\"@type\":\"ReadAction\",\"target\":[\"https:\/\/www.todoalfalfa.com.ar\/noticias\/una-diplomatura-para-producir-alfalfas-de-calidad\/\"]}]},{\"@type\":\"ImageObject\",\"inLanguage\":\"es\",\"@id\":\"https:\/\/www.todoalfalfa.com.ar\/noticias\/una-diplomatura-para-producir-alfalfas-de-calidad\/#primaryimage\",\"url\":\"https:\/\/i0.wp.com\/www.todoalfalfa.com.ar\/noticias\/wp-content\/uploads\/2025\/06\/Diplomatura.png?fit=1024%2C768&ssl=1\",\"contentUrl\":\"https:\/\/i0.wp.com\/www.todoalfalfa.com.ar\/noticias\/wp-content\/uploads\/2025\/06\/Diplomatura.png?fit=1024%2C768&ssl=1\",\"width\":1024,\"height\":768},{\"@type\":\"BreadcrumbList\",\"@id\":\"https:\/\/www.todoalfalfa.com.ar\/noticias\/una-diplomatura-para-producir-alfalfas-de-calidad\/#breadcrumb\",\"itemListElement\":[{\"@type\":\"ListItem\",\"position\":1,\"name\":\"Principal\",\"item\":\"https:\/\/www.todoalfalfa.com.ar\/noticias\/\"},{\"@type\":\"ListItem\",\"position\":2,\"name\":\"Una diplomatura para producir \u201calfalfas de calidad\u201d\u00a0\"}]},{\"@type\":\"WebSite\",\"@id\":\"https:\/\/www.todoalfalfa.com.ar\/noticias\/#website\",\"url\":\"https:\/\/www.todoalfalfa.com.ar\/noticias\/\",\"name\":\"Todo Alfalfa\",\"description\":\"Web informativa de la cadena de la alfalfa argentina\",\"publisher\":{\"@id\":\"https:\/\/www.todoalfalfa.com.ar\/noticias\/#organization\"},\"potentialAction\":[{\"@type\":\"SearchAction\",\"target\":{\"@type\":\"EntryPoint\",\"urlTemplate\":\"https:\/\/www.todoalfalfa.com.ar\/noticias\/?s={search_term_string}\"},\"query-input\":{\"@type\":\"PropertyValueSpecification\",\"valueRequired\":true,\"valueName\":\"search_term_string\"}}],\"inLanguage\":\"es\"},{\"@type\":\"Organization\",\"@id\":\"https:\/\/www.todoalfalfa.com.ar\/noticias\/#organization\",\"name\":\"Todo Alfalfa\",\"url\":\"https:\/\/www.todoalfalfa.com.ar\/noticias\/\",\"logo\":{\"@type\":\"ImageObject\",\"inLanguage\":\"es\",\"@id\":\"https:\/\/www.todoalfalfa.com.ar\/noticias\/#\/schema\/logo\/image\/\",\"url\":\"https:\/\/www.todoalfalfa.com.ar\/noticias\/wp-content\/uploads\/2020\/09\/logo-todo-alfalfa-modificado.png\",\"contentUrl\":\"https:\/\/www.todoalfalfa.com.ar\/noticias\/wp-content\/uploads\/2020\/09\/logo-todo-alfalfa-modificado.png\",\"width\":350,\"height\":100,\"caption\":\"Todo Alfalfa\"},\"image\":{\"@id\":\"https:\/\/www.todoalfalfa.com.ar\/noticias\/#\/schema\/logo\/image\/\"},\"sameAs\":[\"https:\/\/www.facebook.com\/todoalfalfa\",\"https:\/\/www.instagram.com\/todoalfalfa\",\"https:\/\/www.youtube.com\/@TodoAlfalfa\",\"https:\/\/www.linkedin.com\/company\/todoalfalfa\/\"]},{\"@type\":\"Person\",\"@id\":\"https:\/\/www.todoalfalfa.com.ar\/noticias\/#\/schema\/person\/99de93cb711c7015ef658e5321ba9f18\",\"name\":\"Todo Alfalfa\",\"image\":{\"@type\":\"ImageObject\",\"inLanguage\":\"es\",\"@id\":\"https:\/\/www.todoalfalfa.com.ar\/noticias\/#\/schema\/person\/image\/\",\"url\":\"https:\/\/secure.gravatar.com\/avatar\/50ffd12fb7b268bc2467160730786602db252a270c63104e7c19b5f67b8dd346?s=96&d=mm&r=g\",\"contentUrl\":\"https:\/\/secure.gravatar.com\/avatar\/50ffd12fb7b268bc2467160730786602db252a270c63104e7c19b5f67b8dd346?s=96&d=mm&r=g\",\"caption\":\"Todo Alfalfa\"},\"url\":\"https:\/\/www.todoalfalfa.com.ar\/noticias\/author\/osvaldoiachetta\/\"}]}<\/script>\n<!-- \/ Yoast SEO plugin. -->","yoast_head_json":{"title":"Una diplomatura para producir \u201calfalfas de calidad\u201d\u00a0","robots":{"index":"index","follow":"follow","max-snippet":"max-snippet:-1","max-image-preview":"max-image-preview:large","max-video-preview":"max-video-preview:-1"},"canonical":"https:\/\/www.todoalfalfa.com.ar\/noticias\/una-diplomatura-para-producir-alfalfas-de-calidad\/","og_locale":"es_ES","og_type":"article","og_title":"Una diplomatura para producir \u201calfalfas de calidad\u201d\u00a0","og_description":"Esta propuesta es una de las \u201cparadas\" del camino para producir alfalfa de calidad. Impulsada por TodoAlfalfa, TodoCampos, la C\u00e1mara Argentina de Alfalfa y la UNVM, tiene como objetivo capacitar. Contar\u00e1 con los profesionales m\u00e1s destacados del sector.","og_url":"https:\/\/www.todoalfalfa.com.ar\/noticias\/una-diplomatura-para-producir-alfalfas-de-calidad\/","og_site_name":"Todo Alfalfa","article_publisher":"https:\/\/www.facebook.com\/todoalfalfa","article_published_time":"2025-06-05T18:01:46+00:00","article_modified_time":"2025-06-26T16:01:00+00:00","og_image":[{"width":1024,"height":768,"url":"https:\/\/www.todoalfalfa.com.ar\/noticias\/wp-content\/uploads\/2025\/06\/Diplomatura.png","type":"image\/png"}],"author":"Todo Alfalfa","twitter_card":"summary_large_image","twitter_misc":{"Escrito por":"Todo Alfalfa","Tiempo de lectura":"7 minutos"},"schema":{"@context":"https:\/\/schema.org","@graph":[{"@type":"NewsArticle","@id":"https:\/\/www.todoalfalfa.com.ar\/noticias\/una-diplomatura-para-producir-alfalfas-de-calidad\/#article","isPartOf":{"@id":"https:\/\/www.todoalfalfa.com.ar\/noticias\/una-diplomatura-para-producir-alfalfas-de-calidad\/"},"author":{"name":"Todo Alfalfa","@id":"https:\/\/www.todoalfalfa.com.ar\/noticias\/#\/schema\/person\/99de93cb711c7015ef658e5321ba9f18"},"headline":"Una diplomatura para producir \u201calfalfas de calidad\u201d\u00a0","datePublished":"2025-06-05T18:01:46+00:00","dateModified":"2025-06-26T16:01:00+00:00","mainEntityOfPage":{"@id":"https:\/\/www.todoalfalfa.com.ar\/noticias\/una-diplomatura-para-producir-alfalfas-de-calidad\/"},"wordCount":972,"publisher":{"@id":"https:\/\/www.todoalfalfa.com.ar\/noticias\/#organization"},"image":{"@id":"https:\/\/www.todoalfalfa.com.ar\/noticias\/una-diplomatura-para-producir-alfalfas-de-calidad\/#primaryimage"},"thumbnailUrl":"https:\/\/i0.wp.com\/www.todoalfalfa.com.ar\/noticias\/wp-content\/uploads\/2025\/06\/Diplomatura.png?fit=1024%2C768&ssl=1","keywords":["alfalfa","Argentina","Capacitacion","Diplomatura Alfalfas de Calidad","exportaci\u00f3n","heno","Novedades","producci\u00f3n","todoalfalfa","TodoCampos","UNVM"],"articleSection":["Generales"],"inLanguage":"es"},{"@type":["WebPage","ItemPage"],"@id":"https:\/\/www.todoalfalfa.com.ar\/noticias\/una-diplomatura-para-producir-alfalfas-de-calidad\/","url":"https:\/\/www.todoalfalfa.com.ar\/noticias\/una-diplomatura-para-producir-alfalfas-de-calidad\/","name":"Una diplomatura para producir \u201calfalfas de calidad\u201d\u00a0","isPartOf":{"@id":"https:\/\/www.todoalfalfa.com.ar\/noticias\/#website"},"primaryImageOfPage":{"@id":"https:\/\/www.todoalfalfa.com.ar\/noticias\/una-diplomatura-para-producir-alfalfas-de-calidad\/#primaryimage"},"image":{"@id":"https:\/\/www.todoalfalfa.com.ar\/noticias\/una-diplomatura-para-producir-alfalfas-de-calidad\/#primaryimage"},"thumbnailUrl":"https:\/\/i0.wp.com\/www.todoalfalfa.com.ar\/noticias\/wp-content\/uploads\/2025\/06\/Diplomatura.png?fit=1024%2C768&ssl=1","datePublished":"2025-06-05T18:01:46+00:00","dateModified":"2025-06-26T16:01:00+00:00","breadcrumb":{"@id":"https:\/\/www.todoalfalfa.com.ar\/noticias\/una-diplomatura-para-producir-alfalfas-de-calidad\/#breadcrumb"},"inLanguage":"es","potentialAction":[{"@type":"ReadAction","target":["https:\/\/www.todoalfalfa.com.ar\/noticias\/una-diplomatura-para-producir-alfalfas-de-calidad\/"]}]},{"@type":"ImageObject","inLanguage":"es","@id":"https:\/\/www.todoalfalfa.com.ar\/noticias\/una-diplomatura-para-producir-alfalfas-de-calidad\/#primaryimage","url":"https:\/\/i0.wp.com\/www.todoalfalfa.com.ar\/noticias\/wp-content\/uploads\/2025\/06\/Diplomatura.png?fit=1024%2C768&ssl=1","contentUrl":"https:\/\/i0.wp.com\/www.todoalfalfa.com.ar\/noticias\/wp-content\/uploads\/2025\/06\/Diplomatura.png?fit=1024%2C768&ssl=1","width":1024,"height":768},{"@type":"BreadcrumbList","@id":"https:\/\/www.todoalfalfa.com.ar\/noticias\/una-diplomatura-para-producir-alfalfas-de-calidad\/#breadcrumb","itemListElement":[{"@type":"ListItem","position":1,"name":"Principal","item":"https:\/\/www.todoalfalfa.com.ar\/noticias\/"},{"@type":"ListItem","position":2,"name":"Una diplomatura para producir \u201calfalfas de calidad\u201d\u00a0"}]},{"@type":"WebSite","@id":"https:\/\/www.todoalfalfa.com.ar\/noticias\/#website","url":"https:\/\/www.todoalfalfa.com.ar\/noticias\/","name":"Todo Alfalfa","description":"Web informativa de la cadena de la alfalfa argentina","publisher":{"@id":"https:\/\/www.todoalfalfa.com.ar\/noticias\/#organization"},"potentialAction":[{"@type":"SearchAction","target":{"@type":"EntryPoint","urlTemplate":"https:\/\/www.todoalfalfa.com.ar\/noticias\/?s={search_term_string}"},"query-input":{"@type":"PropertyValueSpecification","valueRequired":true,"valueName":"search_term_string"}}],"inLanguage":"es"},{"@type":"Organization","@id":"https:\/\/www.todoalfalfa.com.ar\/noticias\/#organization","name":"Todo Alfalfa","url":"https:\/\/www.todoalfalfa.com.ar\/noticias\/","logo":{"@type":"ImageObject","inLanguage":"es","@id":"https:\/\/www.todoalfalfa.com.ar\/noticias\/#\/schema\/logo\/image\/","url":"https:\/\/www.todoalfalfa.com.ar\/noticias\/wp-content\/uploads\/2020\/09\/logo-todo-alfalfa-modificado.png","contentUrl":"https:\/\/www.todoalfalfa.com.ar\/noticias\/wp-content\/uploads\/2020\/09\/logo-todo-alfalfa-modificado.png","width":350,"height":100,"caption":"Todo Alfalfa"},"image":{"@id":"https:\/\/www.todoalfalfa.com.ar\/noticias\/#\/schema\/logo\/image\/"},"sameAs":["https:\/\/www.facebook.com\/todoalfalfa","https:\/\/www.instagram.com\/todoalfalfa","https:\/\/www.youtube.com\/@TodoAlfalfa","https:\/\/www.linkedin.com\/company\/todoalfalfa\/"]},{"@type":"Person","@id":"https:\/\/www.todoalfalfa.com.ar\/noticias\/#\/schema\/person\/99de93cb711c7015ef658e5321ba9f18","name":"Todo Alfalfa","image":{"@type":"ImageObject","inLanguage":"es","@id":"https:\/\/www.todoalfalfa.com.ar\/noticias\/#\/schema\/person\/image\/","url":"https:\/\/secure.gravatar.com\/avatar\/50ffd12fb7b268bc2467160730786602db252a270c63104e7c19b5f67b8dd346?s=96&d=mm&r=g","contentUrl":"https:\/\/secure.gravatar.com\/avatar\/50ffd12fb7b268bc2467160730786602db252a270c63104e7c19b5f67b8dd346?s=96&d=mm&r=g","caption":"Todo Alfalfa"},"url":"https:\/\/www.todoalfalfa.com.ar\/noticias\/author\/osvaldoiachetta\/"}]}},"jetpack_featured_media_url":"https:\/\/i0.wp.com\/www.todoalfalfa.com.ar\/noticias\/wp-content\/uploads\/2025\/06\/Diplomatura.png?fit=1024%2C768&ssl=1","wps_subtitle":"","jetpack_sharing_enabled":true,"_links":{"self":[{"href":"https:\/\/www.todoalfalfa.com.ar\/noticias\/wp-json\/wp\/v2\/posts\/49358","targetHints":{"allow":["GET"]}}],"collection":[{"href":"https:\/\/www.todoalfalfa.com.ar\/noticias\/wp-json\/wp\/v2\/posts"}],"about":[{"href":"https:\/\/www.todoalfalfa.com.ar\/noticias\/wp-json\/wp\/v2\/types\/post"}],"author":[{"embeddable":true,"href":"https:\/\/www.todoalfalfa.com.ar\/noticias\/wp-json\/wp\/v2\/users\/9"}],"replies":[{"embeddable":true,"href":"https:\/\/www.todoalfalfa.com.ar\/noticias\/wp-json\/wp\/v2\/comments?post=49358"}],"version-history":[{"count":3,"href":"https:\/\/www.todoalfalfa.com.ar\/noticias\/wp-json\/wp\/v2\/posts\/49358\/revisions"}],"predecessor-version":[{"id":49547,"href":"https:\/\/www.todoalfalfa.com.ar\/noticias\/wp-json\/wp\/v2\/posts\/49358\/revisions\/49547"}],"wp:featuredmedia":[{"embeddable":true,"href":"https:\/\/www.todoalfalfa.com.ar\/noticias\/wp-json\/wp\/v2\/media\/49359"}],"wp:attachment":[{"href":"https:\/\/www.todoalfalfa.com.ar\/noticias\/wp-json\/wp\/v2\/media?parent=49358"}],"wp:term":[{"taxonomy":"category","embeddable":true,"href":"https:\/\/www.todoalfalfa.com.ar\/noticias\/wp-json\/wp\/v2\/categories?post=49358"},{"taxonomy":"post_tag","embeddable":true,"href":"https:\/\/www.todoalfalfa.com.ar\/noticias\/wp-json\/wp\/v2\/tags?post=49358"}],"curies":[{"name":"wp","href":"https:\/\/api.w.org\/{rel}","templated":true}]}}