{"id":49382,"date":"2025-06-09T14:49:37","date_gmt":"2025-06-09T17:49:37","guid":{"rendered":"https:\/\/www.todoalfalfa.com.ar\/noticias\/?p=49382"},"modified":"2025-06-09T15:09:08","modified_gmt":"2025-06-09T18:09:08","slug":"el-coloso-que-lleva-alfalfa-de-rio-negro-a-todo-el-mundo-y-no-para-de-crecer","status":"publish","type":"post","link":"https:\/\/www.todoalfalfa.com.ar\/noticias\/el-coloso-que-lleva-alfalfa-de-rio-negro-a-todo-el-mundo-y-no-para-de-crecer\/","title":{"rendered":"El \u00abcoloso\u00bb que lleva alfalfa de R\u00edo Negro a todo el mundo y no para de crecer"},"content":{"rendered":"\n<p><strong><a href=\"https:\/\/www.rionegro.com.ar\/rural\/el-presidente-de-la-camara-argentina-de-la-alfalfa-evaluo-el-potencial-de-rio-negro-el-desafio-es-4150268\/\">La alfalfa es pasado, presente y futuro<\/a>\u00a0en R\u00edo Negro<\/strong>. Es pasado porque tiene m\u00e1s de 100 a\u00f1os de historia en la provincia y fue uno de sus primeros cultivos. Es presente porque esta pastura ya ocupa 27.000 hect\u00e1reas y es protagonista de la agricultura rionegrina gracias a una demanda sostenida y a condiciones medioambientales ideales. Es futuro porque la superficie potencial es de 200.000 hect\u00e1reas, seg\u00fan estimaciones del Gobierno provincial, y las perspectivas son de crecimiento.\u00a0<\/p>\n\n\n\n<figure class=\"wp-block-embed is-type-video is-provider-youtube wp-block-embed-youtube wp-embed-aspect-16-9 wp-has-aspect-ratio\"><div class=\"wp-block-embed__wrapper\">\n<iframe title=\"El coloso de la alfalfa en R\u00edo Negro\" width=\"500\" height=\"281\" src=\"https:\/\/www.youtube.com\/embed\/xAcKFMEvhnw?feature=oembed\" frameborder=\"0\" allow=\"accelerometer; autoplay; clipboard-write; encrypted-media; gyroscope; picture-in-picture; web-share\" referrerpolicy=\"strict-origin-when-cross-origin\" allowfullscreen><\/iframe>\n<\/div><\/figure>\n\n\n\n<p><strong>Hay 720 empresas productoras de alfalfa en la provincia y, entre ellas, una destaca: la espa\u00f1ola Nafosa tiene presencia a trav\u00e9s de su filial Agr\u00f3nica SA<\/strong>. Su campo Fort\u00edn Copahue se ubica en el \u00e1rea denominada Colonia Josefa, que forma parte del&nbsp;<a href=\"https:\/\/www.rionegro.com.ar\/sociedad\/video-el-nuevo-valle-del-rio-negro-de-la-mano-de-las-vedetes-del-agro-asoma-el-negro-muerto\/\">Valle Medio del r\u00edo Negro<\/a>. La firma inici\u00f3 su operaci\u00f3n all\u00ed en 2012 con 350 hect\u00e1reas bajo riego, superficie que fue cuadruplicada en estos 13 a\u00f1os.&nbsp;<\/p>\n\n\n\n<h2 class=\"wp-block-heading\"><\/h2>\n\n\n\n<p>Con una producci\u00f3n anual promedio de 10.000 toneladas de megafardos al a\u00f1o y exportaciones de 7.000 toneladas, Nafosa se convierte en el actor principal del sector en los valles irrigados del r\u00edo Negro. Pero su rol central en la provincia no se limita a la producci\u00f3n propia:&nbsp;<strong>para abastecer a su planta industrial ubicada en Bah\u00eda Blanca, compra miles de toneladas de alfalfa a productores rionegrinos<\/strong>.&nbsp;<\/p>\n\n\n\n<p>La presencia de tama\u00f1a empresa en R\u00edo Negro no es casual. La abundancia de agua de calidad, la alta heliofan\u00eda, las escasas precipitaciones y la baja humedad relativa&nbsp;<strong>son parte de la dotaci\u00f3n ambiental que hace a la provincia muy apta para la producci\u00f3n de alfalfa<\/strong>. Una demanda mundial y local vigorosa completan el favorable escenario.&nbsp;<\/p>\n\n\n\n<hr class=\"wp-block-separator has-alpha-channel-opacity\"\/>\n\n\n\n<h2 class=\"wp-block-heading\">El coloso de la alfalfa en R\u00edo Negro&nbsp;<\/h2>\n\n\n\n<hr class=\"wp-block-separator has-alpha-channel-opacity\"\/>\n\n\n\n<p>El establecimiento Fort\u00edn Copahue tiene 1.300 hect\u00e1reas bajo riego, a las que se est\u00e1n sumando actualmente otras 100. \u201c<strong>Parte de la pol\u00edtica de la empresa es desarrollar nuevas superficies para poner en producci\u00f3n<\/strong>. El campo en total tiene 10.000 hect\u00e1reas, con potencial de regar entre 5.000 y 6.000 con sistema de pivotes centrales\u201d, relata Guillermo Borrajo, responsable de producci\u00f3n en Agr\u00f3nica SA.&nbsp;<\/p>\n\n\n\n<p><strong>Con 10.000 toneladas de megafardos al a\u00f1o, Nafosa es el principal productor de alfalfa en los valles del r\u00edo Negro<\/strong>. El 70% de ese total se destina a exportaci\u00f3n, y el resto se comercializa en la regi\u00f3n.&nbsp;&nbsp;<\/p>\n\n\n\n<p>Esos vol\u00famenes son posibles gracias a los buenos rindes conseguidos a\u00f1o tras a\u00f1o. En promedio, se obtienen 14.000 kilos de materia seca por hect\u00e1rea, productividad que se eleva a 18.000 en los lotes de punta.\u00a0\u00a0<\/p>\n\n\n\n<blockquote class=\"wp-block-quote is-layout-flow wp-block-quote-is-layout-flow\">\n<p>18.000kg\/haRinde de materia seca de alfalfa que llega a obtener Nafosa en R\u00edo Negro.<\/p>\n<cite>Dato<\/cite><\/blockquote>\n\n\n\n<blockquote class=\"wp-block-quote is-layout-flow wp-block-quote-is-layout-flow\">\n<p><\/p>\n\n\n\n<p>En cuanto a la calidad, la firma obtiene heno de alfalfa de las m\u00e1s altas categor\u00edas y es lo que le permite exportar.&nbsp;<strong>Mayormente, produce calidad premium, que se caracteriza por su contenido bajo de fibras y alto de prote\u00edna (20% a 22%)<\/strong>. \u201cEs lo que nos pide el mercado y, adem\u00e1s, los costos log\u00edsticos son tan altos que con una calidad que vale menos es dif\u00edcil llegar a destino con un precio conveniente\u201d, explic\u00f3 Borrajo.&nbsp;&nbsp;<\/p>\n<cite>Dato<\/cite><\/blockquote>\n\n\n\n<p>El ingeniero agreg\u00f3 que el precio FOB obtenido en destino oscila entre los US$350 y US$440 por tonelada de materia seca.&nbsp;<strong>Los mercados for\u00e1neos donde colocan los megafardos son, principalmente, Medio Oriente y China, y el destino productivo es la alimentaci\u00f3n de animales en tambos (industria l\u00e1ctea)<\/strong>.&nbsp;<\/p>\n\n\n\n<p>Para el manejo a gran escala y con tan altos est\u00e1ndares, es necesario un alto grado de tecnificaci\u00f3n. En Fort\u00edn Copahue,&nbsp;<strong>todo el ciclo est\u00e1 mecanizado: desde la siembra hasta el enfardado y retiro de megafardos, pasando por el segado y acondicionamiento y por el rastrillado<\/strong>.&nbsp;<\/p>\n\n\n\n<figure class=\"wp-block-image\"><img data-recalc-dims=\"1\" decoding=\"async\" src=\"https:\/\/i0.wp.com\/www.rionegro.com.ar\/wp-content\/uploads\/2025\/06\/Pomona-Guillermo-Borrajo-Agronica-Nafosa-Alfalfa-de-la-Patagonia-Juan-Thomes-2-1.jpg?ssl=1\" alt=\"Riego por pivote central en Fort\u00edn Copahue. Foto: Juan Thones.\" class=\"wp-image-4157971\"\/><figcaption class=\"wp-element-caption\"><strong>Riego<\/strong>&nbsp;por pivote central en Fort\u00edn Copahue. Foto: Juan Thones.<\/figcaption><\/figure>\n\n\n\n<p><strong>Para el riego, Agr\u00f3nica SA cuenta con 25 pivotes centrales en operaci\u00f3n, a los que se est\u00e1n sumando otros dos<\/strong>. Los mismos son abastecidos con las excelentes aguas del r\u00edo Negro, a trav\u00e9s de sistemas presurizados.&nbsp;&nbsp;<\/p>\n\n\n\n<p><strong>El correcto funcionamiento del riego es fundamental, ya que la alfalfa es un cultivo de alta demanda de agua<\/strong>. \u201cEn el ciclo, aplicamos entre 900 y 1.000 mil\u00edmetros de l\u00e1mina de riego que, sumados a las precipitaciones, totalizan entre 1.000 y 1.100 mil\u00edmetros al a\u00f1o, que es lo que requiere el cultivo\u201d, explic\u00f3 Borrajo.&nbsp;&nbsp;<\/p>\n\n\n\n<p>En Fort\u00edn Copahue, el ciclo de crecimiento de la alfalfa va de septiembre a marzo o abril del a\u00f1o siguiente. El lapso en que m\u00e1s se riega va desde finales de diciembre hasta enero. \u201c<strong>El dise\u00f1o de los equipos de riego se hace para que, en ese periodo de mayor demanda, est\u00e9n funcionando las 24 horas. Son pr\u00e1cticamente 40 d\u00edas al a\u00f1o<\/strong>\u201d, agreg\u00f3 el responsable de producci\u00f3n de la firma.&nbsp;<\/p>\n\n\n\n<p>Pero el proceso no termina en el establecimiento pr\u00f3ximo a la localidad rionegrina de Pomona.&nbsp;<strong>Los megafardos producidos en R\u00edo Negro son llevados hacia la planta industrial que Nafosa tiene en Bah\u00eda Blanca (provincia de Buenos Aires)<\/strong>. All\u00ed, son desarmados, mezclados y rearmados, con una doble finalidad.&nbsp;<\/p>\n\n\n\n<p>Primero,&nbsp;<strong>se busca estandarizar calidades<\/strong>; es decir, obtener art\u00edculos uniformes en cuanto a aporte nutricional y color. Segundo,&nbsp;<strong>la alfalfa se recompacta para incrementar el peso relativo y economizar la log\u00edstica<\/strong>&nbsp;hacia el puerto de Buenos Aires y desde all\u00ed al exterior.&nbsp;&nbsp;<\/p>\n\n\n\n<blockquote class=\"wp-block-quote is-layout-flow wp-block-quote-is-layout-flow\">\n<p>\u00abLa alfalfa vale relativamente poco para lo que cuesta la log\u00edstica, as\u00ed que hay que optimizar el uso del espacio en el contenedor.\u00bb<strong>Guillermo Borrajo, responsable de producci\u00f3n en Agr\u00f3nica SA.<\/strong><\/p>\n<\/blockquote>\n\n\n\n<p><strong>El megafardo de entre 400 y 450 kilos que sale de R\u00edo Negro se convierte en uno de tama\u00f1o similar, pero del doble de peso en Bah\u00eda Blanca<\/strong>. \u00abLa alfalfa vale relativamente poco para lo que cuesta la log\u00edstica, as\u00ed que hay que optimizar el uso del espacio en el contenedor. De esa manera, se pueden enviar contenedores con entre 23 y 25 toneladas de producto\u201d, explic\u00f3 Borrajo.&nbsp;<\/p>\n\n\n\n<p><strong>Toda la alfalfa que llega a Bah\u00eda Blanca y luego se exporta es de R\u00edo Negro<\/strong>, pero solo la mitad se produce en Fort\u00edn Copahue. El 50% restante es comprado por Nafosa a otros productores de la provincia norpatag\u00f3nica, lo que magnifica su impacto en ese sector y en ese lugar.&nbsp;&nbsp;<\/p>\n\n\n\n<p>Su presencia e injerencia no se circunscribe al Valle Medio del r\u00edo Negro: en el Valle Inferior hay productores que le proveen alfalfa desde hace m\u00e1s de una d\u00e9cada. Esto lleva a que en muchas explotaciones de la provincia se trabaje fuertemente en la mejora de la calidad:&nbsp;<strong>hay un cliente dispuesto a comprar y que no para de crecer<\/strong>.&nbsp;<\/p>\n\n\n\n<hr class=\"wp-block-separator has-alpha-channel-opacity\"\/>\n\n\n\n<h2 class=\"wp-block-heading\">La ganader\u00eda local, un gran aliado&nbsp;<\/h2>\n\n\n\n<hr class=\"wp-block-separator has-alpha-channel-opacity\"\/>\n\n\n\n<p>No todo el heno de alfalfa que produce Agr\u00f3nica SA se exporta:&nbsp;<strong>cerca del 30% queda en la regi\u00f3n<\/strong>; y, pese a que la obtenci\u00f3n de alfalfa es la actividad principal y objeto de la firma,<strong>&nbsp;la rotaci\u00f3n de cultivos juega un rol clave como en todo sistema agr\u00edcola sostenible<\/strong>.&nbsp;&nbsp;<\/p>\n\n\n\n<p><strong>Una vez que es sembrada, la alfalfa tiene un ciclo de vida promedio de cuatro a\u00f1os. Culminado el mismo, en Fort\u00edn Copahue se le da un uso alternativo a esa tierra por un per\u00edodo similar<\/strong>. \u201cSe rota con ma\u00edz, trigo, cebada, avena, ray grass, sorgo o moha. El valor agregado est\u00e1 orientado hacia el forraje, es nuestro plus. Por ejemplo, la avena y la moha tambi\u00e9n se enfardan y se venden en megafardos\u201d, cont\u00f3 Guillermo.&nbsp;<\/p>\n\n\n\n<p>Esta variada oferta agr\u00edcola es viable porque hay mercado (y no precisamente externo).&nbsp;<strong>Los feedlots norpatag\u00f3nicos e incluso de Chubut son grandes demandantes<\/strong>&nbsp;de los granos y forrajes que produce la firma para rotar, y de la alfalfa que no se exporta.&nbsp;<a href=\"https:\/\/www.rionegro.com.ar\/rural\/logro-1-000-kilos-de-carne-por-hectarea-a-pasto-y-cuenta-su-secreto-en-ganaderia-nadie-lo-hace\/\">Esto transforma a la ganader\u00eda<\/a>&nbsp;regional es un aliado clave de la empresa.&nbsp;<\/p>\n\n\n\n<figure class=\"wp-block-image\"><img data-recalc-dims=\"1\" decoding=\"async\" src=\"https:\/\/i0.wp.com\/www.rionegro.com.ar\/wp-content\/uploads\/2025\/06\/Pomona-Guillermo-Borrajo-Agronica-Nafosa-Alfalfa-de-la-Patagonia-Juan-Thomes-28-1.jpg?ssl=1\" alt=\"Recr\u00eda de terneros a capitalizaci\u00f3n en Fort\u00edn Copahue. Foto: Juan Thomes,\" class=\"wp-image-4157946\"\/><figcaption class=\"wp-element-caption\"><strong>Recr\u00eda de terneros<\/strong>&nbsp;a capitalizaci\u00f3n en Fort\u00edn Copahue. Foto: Juan Thomes,<\/figcaption><\/figure>\n\n\n\n<p>Otro ejemplo de ello es que Agr\u00f3nica firm\u00f3 con ganaderos de la zona convenios para hacer recr\u00eda de terneros a capitalizaci\u00f3n, con pastoreo directo. As\u00ed,&nbsp;<strong>cientos de animales se alimentan de pasturas en Fort\u00edn Copahue durante cinco a siete meses<\/strong>. \u00abEsta posibilidad de producir y vender en la zona es buena para las dos partes\u201d, evalu\u00f3 el responsable del campo.&nbsp;<\/p>\n\n\n\n<p>Este caso es una muestra elocuente de que&nbsp;<strong>el estado y porvenir de la ganader\u00eda regional tiene numerosas y profundas ramificaciones en el entramado productivo<\/strong>&nbsp;de las provincias norpatag\u00f3nicas. Es un gran eslab\u00f3n de una gran cadena.&nbsp;<\/p>\n\n\n\n<hr class=\"wp-block-separator has-alpha-channel-opacity\"\/>\n\n\n\n<h2 class=\"wp-block-heading\">La restricci\u00f3n de costos y la situaci\u00f3n de Colonia Josefa&nbsp;<\/h2>\n\n\n\n<hr class=\"wp-block-separator has-alpha-channel-opacity\"\/>\n\n\n\n<p><strong>En la presentaci\u00f3n que los representantes de Agr\u00f3nica SA y Nafosa realizaron en la Expoalfa 2025<\/strong>, celebrada en Cipolletti, se expuso la ponderaci\u00f3n de varios \u00edtems en la estructura de costos asociada a la industrializaci\u00f3n y exportaci\u00f3n. Hay varios datos llamativos.&nbsp;<\/p>\n\n\n\n<p>Del costo total que implica el producto puesto en Medio Oriente,&nbsp;<strong>un 17% est\u00e1 explicado por el flete terrestre desde la planta de Bah\u00eda Blanca hasta el puerto de Buenos Aires<\/strong>. De manera ins\u00f3lita, los productos finales recorren 650 kil\u00f3metros en cami\u00f3n cuando la f\u00e1brica est\u00e1 emplazada a menos de 10 minutos de la terminal portuaria bahiense.&nbsp;&nbsp;<\/p>\n\n\n\n<blockquote class=\"wp-block-quote is-layout-flow wp-block-quote-is-layout-flow\">\n<p>\u00abHoy no estamos pudiendo exportar desde el puerto de Bah\u00eda Blanca porque no tiene la actividad suficiente para disponer de los contenedores que necesitamos.\u00bb<strong>Guillermo Borrajo, responsable de producci\u00f3n en Agr\u00f3nica SA.<\/strong><\/p>\n<\/blockquote>\n\n\n\n<p>\u201cEs importante no solo la cercan\u00eda a los puertos, sino tambi\u00e9n el movimiento de estos.&nbsp;<strong>Hoy no estamos pudiendo exportar desde el puerto de Bah\u00eda Blanca porque no tiene la actividad suficiente para disponer de los contenedores que necesitamos<\/strong>. Sale m\u00e1s barato ir en cami\u00f3n hasta Buenos Aires que traer un contenedor vac\u00edo exclusivo para nosotros.\u201d, ilustr\u00f3 Borrajo.&nbsp;&nbsp;<\/p>\n\n\n\n<p>El ingeniero revel\u00f3 que el escaso movimiento en el puerto de San Antonio Oeste fue la raz\u00f3n por la que se decidi\u00f3 la relocalizaci\u00f3n del establecimiento fabril desde Viedma a la localidad bonaerense. Hoy afrontan la misma problem\u00e1tica, que&nbsp;<strong>pone en evidencia el elevado costo log\u00edstico que implica operar en Argentina<\/strong>.&nbsp;<\/p>\n\n\n\n<p>Por el contrario, el lugar donde se encuentra Fort\u00edn Copahue tiene dos puntos de incidencia positiva en la estructura de costos de la firma; en particular, sobre el costo del riego. En primer lugar, cuenta con dos cursos de agua a escasa distancia: el r\u00edo Negro propiamente y el canal descargador de la Central Hidroel\u00e9ctrica Guillermo C\u00e9spedes.&nbsp;<strong>Esto le permite a la firma ampliar significativamente su \u00e1rea bajo riego sin incurrir en erogaciones excesivamente cuantiosas<\/strong>.&nbsp;<\/p>\n\n\n\n<figure class=\"wp-block-image\"><img data-recalc-dims=\"1\" decoding=\"async\" src=\"https:\/\/i0.wp.com\/www.rionegro.com.ar\/wp-content\/uploads\/2025\/06\/1-Foto.jpg?ssl=1\" alt=\"\" class=\"wp-image-4162051\"\/><\/figure>\n\n\n\n<p>En segundo lugar, la cercan\u00eda a la mencionada central le garantiza a la explotaci\u00f3n el suministro de energ\u00eda el\u00e9ctrica en media tensi\u00f3n, fundamental para el funcionamiento eficiente de sistemas de riego a gran escala. Sin embargo,&nbsp;<strong>Guillermo Borrajo aclar\u00f3 que estas ventajas est\u00e1n ausentes en la mayor parte de Colonia Josefa, un valle de gran potencial de la provincia de R\u00edo Negro<\/strong>.&nbsp;<\/p>\n\n\n\n<p>Esa \u00e1rea se ubica en la margen sudoeste del r\u00edo Negro, entre las localidades de Pomona y General Conesa. El secretario de Agricultura de la provincia, Lucio Reinoso, confirm\u00f3 a Diario R\u00cdO NEGRO que, desde el Ministerio de Producci\u00f3n,\u00a0<strong>se est\u00e1 trabajando en la elaboraci\u00f3n del proyecto de desarrollo hidr\u00e1ulico de Colonia Josefa<\/strong>. Participan de la iniciativa equipos del DPA (Departamento Provincial de Aguas) y de la Upcefe (Unidad Provincial de Coordinaci\u00f3n y Ejecuci\u00f3n del Financiamiento Externo).\u00a0<\/p>\n\n\n\n<p>\u201c<strong>La idea es la construcci\u00f3n de un canal principal con dominio sobre el valle de Colonia Josefa, desde el cual saldr\u00edan canales secundarios que ir\u00e1n desde el sector m\u00e1s alto hacia las \u00e1reas m\u00e1s bajas<\/strong>. En su primera etapa, permitir\u00eda regar unas 17.000 hect\u00e1reas, de las 37.000 potencialmente regables del lugar\u201d, detall\u00f3 Reinoso.\u00a0\u00a0<\/p>\n\n\n\n<p>El funcionario explic\u00f3 que la pendiente natural del lugar permitir\u00eda, en un principio,\u00a0<strong>instalar sistemas de riego gravitacional sin necesidad de contar con energ\u00eda el\u00e9ctrica.<\/strong>\u00a0Mientras tanto, Agr\u00f3nica demuestra todos los a\u00f1os el gran potencial de Colonia Josefa.\u00a0<\/p>\n\n\n\n<p>Fuente: <a href=\"https:\/\/www.rionegro.com.ar\/rural\/video-el-coloso-que-lleva-alfalfa-rionegrina-a-todo-el-mundo-y-no-para-de-crecer\/\" target=\"_blank\" rel=\"noreferrer noopener\">Rio Negro<\/a><\/p>\n<div class=\"todoalfalfa-final-de-la-nota\" id=\"todoalfalfa-1801474833\"><a href=\"https:\/\/www.whatsapp.com\/channel\/0029VbCBmFB9WtBxJsD3eC2i\" target=\"_blank\" aria-label=\"5\"><img src=\"https:\/\/i0.wp.com\/www.todoalfalfa.com.ar\/noticias\/wp-content\/uploads\/2026\/04\/5.gif?fit=728%2C90&#038;ssl=1\" alt=\"\"  width=\"728\" height=\"90\"   \/><\/a><\/div>","protected":false},"excerpt":{"rendered":"<p>Una empresa marca el pulso de la alfalfa en la provincia: exporta no solo lo cosechado en sus m\u00e1s de mil hect\u00e1reas en el valle de Colonia Josefa, sino tambi\u00e9n la comprada a productores rionegrinos. La ganader\u00eda regional es un aliado clave.<\/p>\n","protected":false},"author":9,"featured_media":49385,"comment_status":"closed","ping_status":"open","sticky":false,"template":"","format":"standard","meta":{"jetpack_post_was_ever_published":false,"_jetpack_newsletter_access":"","_jetpack_dont_email_post_to_subs":false,"_jetpack_newsletter_tier_id":0,"_jetpack_memberships_contains_paywalled_content":false,"_jetpack_memberships_contains_paid_content":false,"footnotes":""},"categories":[3],"tags":[31,105,236,54,68,17,21],"class_list":["post-49382","post","type-post","status-publish","format-standard","has-post-thumbnail","hentry","category-heno-y-forrajes","tag-alfalfa","tag-argentina","tag-exportacion","tag-forrajes","tag-heno","tag-pasturas","tag-produccion"],"yoast_head":"<!-- This site is optimized with the Yoast SEO plugin v25.5 - https:\/\/yoast.com\/wordpress\/plugins\/seo\/ -->\n<title>El &quot;coloso&quot; que lleva alfalfa de R\u00edo Negro a todo el mundo y no para de crecer<\/title>\n<meta name=\"robots\" content=\"index, follow, max-snippet:-1, max-image-preview:large, max-video-preview:-1\" \/>\n<link rel=\"canonical\" href=\"https:\/\/www.todoalfalfa.com.ar\/noticias\/el-coloso-que-lleva-alfalfa-de-rio-negro-a-todo-el-mundo-y-no-para-de-crecer\/\" \/>\n<meta property=\"og:locale\" content=\"es_ES\" \/>\n<meta property=\"og:type\" content=\"article\" \/>\n<meta property=\"og:title\" content=\"El &quot;coloso&quot; que lleva alfalfa de R\u00edo Negro a todo el mundo y no para de crecer\" \/>\n<meta property=\"og:description\" content=\"Una empresa marca el pulso de la alfalfa en la provincia: exporta no solo lo cosechado en sus m\u00e1s de mil hect\u00e1reas en el valle de Colonia Josefa, sino tambi\u00e9n la comprada a productores rionegrinos. La ganader\u00eda regional es un aliado clave.\" \/>\n<meta property=\"og:url\" content=\"https:\/\/www.todoalfalfa.com.ar\/noticias\/el-coloso-que-lleva-alfalfa-de-rio-negro-a-todo-el-mundo-y-no-para-de-crecer\/\" \/>\n<meta property=\"og:site_name\" content=\"Todo Alfalfa\" \/>\n<meta property=\"article:publisher\" content=\"https:\/\/www.facebook.com\/todoalfalfa\" \/>\n<meta property=\"article:published_time\" content=\"2025-06-09T17:49:37+00:00\" \/>\n<meta property=\"article:modified_time\" content=\"2025-06-09T18:09:08+00:00\" \/>\n<meta property=\"og:image\" content=\"https:\/\/www.todoalfalfa.com.ar\/noticias\/wp-content\/uploads\/2025\/06\/Captura-de-pantalla-2025-06-09-150723.png\" \/>\n\t<meta property=\"og:image:width\" content=\"986\" \/>\n\t<meta property=\"og:image:height\" content=\"652\" \/>\n\t<meta property=\"og:image:type\" content=\"image\/png\" \/>\n<meta name=\"author\" content=\"Todo Alfalfa\" \/>\n<meta name=\"twitter:card\" content=\"summary_large_image\" \/>\n<meta name=\"twitter:label1\" content=\"Escrito por\" \/>\n\t<meta name=\"twitter:data1\" content=\"Todo Alfalfa\" \/>\n\t<meta name=\"twitter:label2\" content=\"Tiempo de lectura\" \/>\n\t<meta name=\"twitter:data2\" content=\"9 minutos\" \/>\n<script type=\"application\/ld+json\" class=\"yoast-schema-graph\">{\"@context\":\"https:\/\/schema.org\",\"@graph\":[{\"@type\":\"NewsArticle\",\"@id\":\"https:\/\/www.todoalfalfa.com.ar\/noticias\/el-coloso-que-lleva-alfalfa-de-rio-negro-a-todo-el-mundo-y-no-para-de-crecer\/#article\",\"isPartOf\":{\"@id\":\"https:\/\/www.todoalfalfa.com.ar\/noticias\/el-coloso-que-lleva-alfalfa-de-rio-negro-a-todo-el-mundo-y-no-para-de-crecer\/\"},\"author\":{\"name\":\"Todo Alfalfa\",\"@id\":\"https:\/\/www.todoalfalfa.com.ar\/noticias\/#\/schema\/person\/99de93cb711c7015ef658e5321ba9f18\"},\"headline\":\"El \u00abcoloso\u00bb que lleva alfalfa de R\u00edo Negro a todo el mundo y no para de crecer\",\"datePublished\":\"2025-06-09T17:49:37+00:00\",\"dateModified\":\"2025-06-09T18:09:08+00:00\",\"mainEntityOfPage\":{\"@id\":\"https:\/\/www.todoalfalfa.com.ar\/noticias\/el-coloso-que-lleva-alfalfa-de-rio-negro-a-todo-el-mundo-y-no-para-de-crecer\/\"},\"wordCount\":2135,\"publisher\":{\"@id\":\"https:\/\/www.todoalfalfa.com.ar\/noticias\/#organization\"},\"image\":{\"@id\":\"https:\/\/www.todoalfalfa.com.ar\/noticias\/el-coloso-que-lleva-alfalfa-de-rio-negro-a-todo-el-mundo-y-no-para-de-crecer\/#primaryimage\"},\"thumbnailUrl\":\"https:\/\/i0.wp.com\/www.todoalfalfa.com.ar\/noticias\/wp-content\/uploads\/2025\/06\/Captura-de-pantalla-2025-06-09-150723.png?fit=986%2C652&ssl=1\",\"keywords\":[\"alfalfa\",\"Argentina\",\"exportaci\u00f3n\",\"forrajes\",\"heno\",\"pasturas\",\"producci\u00f3n\"],\"articleSection\":[\"Heno y Forrajes\"],\"inLanguage\":\"es\"},{\"@type\":[\"WebPage\",\"ItemPage\"],\"@id\":\"https:\/\/www.todoalfalfa.com.ar\/noticias\/el-coloso-que-lleva-alfalfa-de-rio-negro-a-todo-el-mundo-y-no-para-de-crecer\/\",\"url\":\"https:\/\/www.todoalfalfa.com.ar\/noticias\/el-coloso-que-lleva-alfalfa-de-rio-negro-a-todo-el-mundo-y-no-para-de-crecer\/\",\"name\":\"El \\\"coloso\\\" que lleva alfalfa de R\u00edo Negro a todo el mundo y no para de crecer\",\"isPartOf\":{\"@id\":\"https:\/\/www.todoalfalfa.com.ar\/noticias\/#website\"},\"primaryImageOfPage\":{\"@id\":\"https:\/\/www.todoalfalfa.com.ar\/noticias\/el-coloso-que-lleva-alfalfa-de-rio-negro-a-todo-el-mundo-y-no-para-de-crecer\/#primaryimage\"},\"image\":{\"@id\":\"https:\/\/www.todoalfalfa.com.ar\/noticias\/el-coloso-que-lleva-alfalfa-de-rio-negro-a-todo-el-mundo-y-no-para-de-crecer\/#primaryimage\"},\"thumbnailUrl\":\"https:\/\/i0.wp.com\/www.todoalfalfa.com.ar\/noticias\/wp-content\/uploads\/2025\/06\/Captura-de-pantalla-2025-06-09-150723.png?fit=986%2C652&ssl=1\",\"datePublished\":\"2025-06-09T17:49:37+00:00\",\"dateModified\":\"2025-06-09T18:09:08+00:00\",\"breadcrumb\":{\"@id\":\"https:\/\/www.todoalfalfa.com.ar\/noticias\/el-coloso-que-lleva-alfalfa-de-rio-negro-a-todo-el-mundo-y-no-para-de-crecer\/#breadcrumb\"},\"inLanguage\":\"es\",\"potentialAction\":[{\"@type\":\"ReadAction\",\"target\":[\"https:\/\/www.todoalfalfa.com.ar\/noticias\/el-coloso-que-lleva-alfalfa-de-rio-negro-a-todo-el-mundo-y-no-para-de-crecer\/\"]}]},{\"@type\":\"ImageObject\",\"inLanguage\":\"es\",\"@id\":\"https:\/\/www.todoalfalfa.com.ar\/noticias\/el-coloso-que-lleva-alfalfa-de-rio-negro-a-todo-el-mundo-y-no-para-de-crecer\/#primaryimage\",\"url\":\"https:\/\/i0.wp.com\/www.todoalfalfa.com.ar\/noticias\/wp-content\/uploads\/2025\/06\/Captura-de-pantalla-2025-06-09-150723.png?fit=986%2C652&ssl=1\",\"contentUrl\":\"https:\/\/i0.wp.com\/www.todoalfalfa.com.ar\/noticias\/wp-content\/uploads\/2025\/06\/Captura-de-pantalla-2025-06-09-150723.png?fit=986%2C652&ssl=1\",\"width\":986,\"height\":652},{\"@type\":\"BreadcrumbList\",\"@id\":\"https:\/\/www.todoalfalfa.com.ar\/noticias\/el-coloso-que-lleva-alfalfa-de-rio-negro-a-todo-el-mundo-y-no-para-de-crecer\/#breadcrumb\",\"itemListElement\":[{\"@type\":\"ListItem\",\"position\":1,\"name\":\"Principal\",\"item\":\"https:\/\/www.todoalfalfa.com.ar\/noticias\/\"},{\"@type\":\"ListItem\",\"position\":2,\"name\":\"El \u00abcoloso\u00bb que lleva alfalfa de R\u00edo Negro a todo el mundo y no para de crecer\"}]},{\"@type\":\"WebSite\",\"@id\":\"https:\/\/www.todoalfalfa.com.ar\/noticias\/#website\",\"url\":\"https:\/\/www.todoalfalfa.com.ar\/noticias\/\",\"name\":\"Todo Alfalfa\",\"description\":\"Web informativa de la cadena de la alfalfa argentina\",\"publisher\":{\"@id\":\"https:\/\/www.todoalfalfa.com.ar\/noticias\/#organization\"},\"potentialAction\":[{\"@type\":\"SearchAction\",\"target\":{\"@type\":\"EntryPoint\",\"urlTemplate\":\"https:\/\/www.todoalfalfa.com.ar\/noticias\/?s={search_term_string}\"},\"query-input\":{\"@type\":\"PropertyValueSpecification\",\"valueRequired\":true,\"valueName\":\"search_term_string\"}}],\"inLanguage\":\"es\"},{\"@type\":\"Organization\",\"@id\":\"https:\/\/www.todoalfalfa.com.ar\/noticias\/#organization\",\"name\":\"Todo Alfalfa\",\"url\":\"https:\/\/www.todoalfalfa.com.ar\/noticias\/\",\"logo\":{\"@type\":\"ImageObject\",\"inLanguage\":\"es\",\"@id\":\"https:\/\/www.todoalfalfa.com.ar\/noticias\/#\/schema\/logo\/image\/\",\"url\":\"https:\/\/www.todoalfalfa.com.ar\/noticias\/wp-content\/uploads\/2020\/09\/logo-todo-alfalfa-modificado.png\",\"contentUrl\":\"https:\/\/www.todoalfalfa.com.ar\/noticias\/wp-content\/uploads\/2020\/09\/logo-todo-alfalfa-modificado.png\",\"width\":350,\"height\":100,\"caption\":\"Todo Alfalfa\"},\"image\":{\"@id\":\"https:\/\/www.todoalfalfa.com.ar\/noticias\/#\/schema\/logo\/image\/\"},\"sameAs\":[\"https:\/\/www.facebook.com\/todoalfalfa\",\"https:\/\/www.instagram.com\/todoalfalfa\",\"https:\/\/www.youtube.com\/@TodoAlfalfa\",\"https:\/\/www.linkedin.com\/company\/todoalfalfa\/\"]},{\"@type\":\"Person\",\"@id\":\"https:\/\/www.todoalfalfa.com.ar\/noticias\/#\/schema\/person\/99de93cb711c7015ef658e5321ba9f18\",\"name\":\"Todo Alfalfa\",\"image\":{\"@type\":\"ImageObject\",\"inLanguage\":\"es\",\"@id\":\"https:\/\/www.todoalfalfa.com.ar\/noticias\/#\/schema\/person\/image\/\",\"url\":\"https:\/\/secure.gravatar.com\/avatar\/50ffd12fb7b268bc2467160730786602db252a270c63104e7c19b5f67b8dd346?s=96&d=mm&r=g\",\"contentUrl\":\"https:\/\/secure.gravatar.com\/avatar\/50ffd12fb7b268bc2467160730786602db252a270c63104e7c19b5f67b8dd346?s=96&d=mm&r=g\",\"caption\":\"Todo Alfalfa\"},\"url\":\"https:\/\/www.todoalfalfa.com.ar\/noticias\/author\/osvaldoiachetta\/\"}]}<\/script>\n<!-- \/ Yoast SEO plugin. -->","yoast_head_json":{"title":"El \"coloso\" que lleva alfalfa de R\u00edo Negro a todo el mundo y no para de crecer","robots":{"index":"index","follow":"follow","max-snippet":"max-snippet:-1","max-image-preview":"max-image-preview:large","max-video-preview":"max-video-preview:-1"},"canonical":"https:\/\/www.todoalfalfa.com.ar\/noticias\/el-coloso-que-lleva-alfalfa-de-rio-negro-a-todo-el-mundo-y-no-para-de-crecer\/","og_locale":"es_ES","og_type":"article","og_title":"El \"coloso\" que lleva alfalfa de R\u00edo Negro a todo el mundo y no para de crecer","og_description":"Una empresa marca el pulso de la alfalfa en la provincia: exporta no solo lo cosechado en sus m\u00e1s de mil hect\u00e1reas en el valle de Colonia Josefa, sino tambi\u00e9n la comprada a productores rionegrinos. La ganader\u00eda regional es un aliado clave.","og_url":"https:\/\/www.todoalfalfa.com.ar\/noticias\/el-coloso-que-lleva-alfalfa-de-rio-negro-a-todo-el-mundo-y-no-para-de-crecer\/","og_site_name":"Todo Alfalfa","article_publisher":"https:\/\/www.facebook.com\/todoalfalfa","article_published_time":"2025-06-09T17:49:37+00:00","article_modified_time":"2025-06-09T18:09:08+00:00","og_image":[{"width":986,"height":652,"url":"https:\/\/www.todoalfalfa.com.ar\/noticias\/wp-content\/uploads\/2025\/06\/Captura-de-pantalla-2025-06-09-150723.png","type":"image\/png"}],"author":"Todo Alfalfa","twitter_card":"summary_large_image","twitter_misc":{"Escrito por":"Todo Alfalfa","Tiempo de lectura":"9 minutos"},"schema":{"@context":"https:\/\/schema.org","@graph":[{"@type":"NewsArticle","@id":"https:\/\/www.todoalfalfa.com.ar\/noticias\/el-coloso-que-lleva-alfalfa-de-rio-negro-a-todo-el-mundo-y-no-para-de-crecer\/#article","isPartOf":{"@id":"https:\/\/www.todoalfalfa.com.ar\/noticias\/el-coloso-que-lleva-alfalfa-de-rio-negro-a-todo-el-mundo-y-no-para-de-crecer\/"},"author":{"name":"Todo Alfalfa","@id":"https:\/\/www.todoalfalfa.com.ar\/noticias\/#\/schema\/person\/99de93cb711c7015ef658e5321ba9f18"},"headline":"El \u00abcoloso\u00bb que lleva alfalfa de R\u00edo Negro a todo el mundo y no para de crecer","datePublished":"2025-06-09T17:49:37+00:00","dateModified":"2025-06-09T18:09:08+00:00","mainEntityOfPage":{"@id":"https:\/\/www.todoalfalfa.com.ar\/noticias\/el-coloso-que-lleva-alfalfa-de-rio-negro-a-todo-el-mundo-y-no-para-de-crecer\/"},"wordCount":2135,"publisher":{"@id":"https:\/\/www.todoalfalfa.com.ar\/noticias\/#organization"},"image":{"@id":"https:\/\/www.todoalfalfa.com.ar\/noticias\/el-coloso-que-lleva-alfalfa-de-rio-negro-a-todo-el-mundo-y-no-para-de-crecer\/#primaryimage"},"thumbnailUrl":"https:\/\/i0.wp.com\/www.todoalfalfa.com.ar\/noticias\/wp-content\/uploads\/2025\/06\/Captura-de-pantalla-2025-06-09-150723.png?fit=986%2C652&ssl=1","keywords":["alfalfa","Argentina","exportaci\u00f3n","forrajes","heno","pasturas","producci\u00f3n"],"articleSection":["Heno y Forrajes"],"inLanguage":"es"},{"@type":["WebPage","ItemPage"],"@id":"https:\/\/www.todoalfalfa.com.ar\/noticias\/el-coloso-que-lleva-alfalfa-de-rio-negro-a-todo-el-mundo-y-no-para-de-crecer\/","url":"https:\/\/www.todoalfalfa.com.ar\/noticias\/el-coloso-que-lleva-alfalfa-de-rio-negro-a-todo-el-mundo-y-no-para-de-crecer\/","name":"El \"coloso\" que lleva alfalfa de R\u00edo Negro a todo el mundo y no para de crecer","isPartOf":{"@id":"https:\/\/www.todoalfalfa.com.ar\/noticias\/#website"},"primaryImageOfPage":{"@id":"https:\/\/www.todoalfalfa.com.ar\/noticias\/el-coloso-que-lleva-alfalfa-de-rio-negro-a-todo-el-mundo-y-no-para-de-crecer\/#primaryimage"},"image":{"@id":"https:\/\/www.todoalfalfa.com.ar\/noticias\/el-coloso-que-lleva-alfalfa-de-rio-negro-a-todo-el-mundo-y-no-para-de-crecer\/#primaryimage"},"thumbnailUrl":"https:\/\/i0.wp.com\/www.todoalfalfa.com.ar\/noticias\/wp-content\/uploads\/2025\/06\/Captura-de-pantalla-2025-06-09-150723.png?fit=986%2C652&ssl=1","datePublished":"2025-06-09T17:49:37+00:00","dateModified":"2025-06-09T18:09:08+00:00","breadcrumb":{"@id":"https:\/\/www.todoalfalfa.com.ar\/noticias\/el-coloso-que-lleva-alfalfa-de-rio-negro-a-todo-el-mundo-y-no-para-de-crecer\/#breadcrumb"},"inLanguage":"es","potentialAction":[{"@type":"ReadAction","target":["https:\/\/www.todoalfalfa.com.ar\/noticias\/el-coloso-que-lleva-alfalfa-de-rio-negro-a-todo-el-mundo-y-no-para-de-crecer\/"]}]},{"@type":"ImageObject","inLanguage":"es","@id":"https:\/\/www.todoalfalfa.com.ar\/noticias\/el-coloso-que-lleva-alfalfa-de-rio-negro-a-todo-el-mundo-y-no-para-de-crecer\/#primaryimage","url":"https:\/\/i0.wp.com\/www.todoalfalfa.com.ar\/noticias\/wp-content\/uploads\/2025\/06\/Captura-de-pantalla-2025-06-09-150723.png?fit=986%2C652&ssl=1","contentUrl":"https:\/\/i0.wp.com\/www.todoalfalfa.com.ar\/noticias\/wp-content\/uploads\/2025\/06\/Captura-de-pantalla-2025-06-09-150723.png?fit=986%2C652&ssl=1","width":986,"height":652},{"@type":"BreadcrumbList","@id":"https:\/\/www.todoalfalfa.com.ar\/noticias\/el-coloso-que-lleva-alfalfa-de-rio-negro-a-todo-el-mundo-y-no-para-de-crecer\/#breadcrumb","itemListElement":[{"@type":"ListItem","position":1,"name":"Principal","item":"https:\/\/www.todoalfalfa.com.ar\/noticias\/"},{"@type":"ListItem","position":2,"name":"El \u00abcoloso\u00bb que lleva alfalfa de R\u00edo Negro a todo el mundo y no para de crecer"}]},{"@type":"WebSite","@id":"https:\/\/www.todoalfalfa.com.ar\/noticias\/#website","url":"https:\/\/www.todoalfalfa.com.ar\/noticias\/","name":"Todo Alfalfa","description":"Web informativa de la cadena de la alfalfa argentina","publisher":{"@id":"https:\/\/www.todoalfalfa.com.ar\/noticias\/#organization"},"potentialAction":[{"@type":"SearchAction","target":{"@type":"EntryPoint","urlTemplate":"https:\/\/www.todoalfalfa.com.ar\/noticias\/?s={search_term_string}"},"query-input":{"@type":"PropertyValueSpecification","valueRequired":true,"valueName":"search_term_string"}}],"inLanguage":"es"},{"@type":"Organization","@id":"https:\/\/www.todoalfalfa.com.ar\/noticias\/#organization","name":"Todo Alfalfa","url":"https:\/\/www.todoalfalfa.com.ar\/noticias\/","logo":{"@type":"ImageObject","inLanguage":"es","@id":"https:\/\/www.todoalfalfa.com.ar\/noticias\/#\/schema\/logo\/image\/","url":"https:\/\/www.todoalfalfa.com.ar\/noticias\/wp-content\/uploads\/2020\/09\/logo-todo-alfalfa-modificado.png","contentUrl":"https:\/\/www.todoalfalfa.com.ar\/noticias\/wp-content\/uploads\/2020\/09\/logo-todo-alfalfa-modificado.png","width":350,"height":100,"caption":"Todo Alfalfa"},"image":{"@id":"https:\/\/www.todoalfalfa.com.ar\/noticias\/#\/schema\/logo\/image\/"},"sameAs":["https:\/\/www.facebook.com\/todoalfalfa","https:\/\/www.instagram.com\/todoalfalfa","https:\/\/www.youtube.com\/@TodoAlfalfa","https:\/\/www.linkedin.com\/company\/todoalfalfa\/"]},{"@type":"Person","@id":"https:\/\/www.todoalfalfa.com.ar\/noticias\/#\/schema\/person\/99de93cb711c7015ef658e5321ba9f18","name":"Todo Alfalfa","image":{"@type":"ImageObject","inLanguage":"es","@id":"https:\/\/www.todoalfalfa.com.ar\/noticias\/#\/schema\/person\/image\/","url":"https:\/\/secure.gravatar.com\/avatar\/50ffd12fb7b268bc2467160730786602db252a270c63104e7c19b5f67b8dd346?s=96&d=mm&r=g","contentUrl":"https:\/\/secure.gravatar.com\/avatar\/50ffd12fb7b268bc2467160730786602db252a270c63104e7c19b5f67b8dd346?s=96&d=mm&r=g","caption":"Todo Alfalfa"},"url":"https:\/\/www.todoalfalfa.com.ar\/noticias\/author\/osvaldoiachetta\/"}]}},"jetpack_featured_media_url":"https:\/\/i0.wp.com\/www.todoalfalfa.com.ar\/noticias\/wp-content\/uploads\/2025\/06\/Captura-de-pantalla-2025-06-09-150723.png?fit=986%2C652&ssl=1","wps_subtitle":"","jetpack_sharing_enabled":true,"_links":{"self":[{"href":"https:\/\/www.todoalfalfa.com.ar\/noticias\/wp-json\/wp\/v2\/posts\/49382","targetHints":{"allow":["GET"]}}],"collection":[{"href":"https:\/\/www.todoalfalfa.com.ar\/noticias\/wp-json\/wp\/v2\/posts"}],"about":[{"href":"https:\/\/www.todoalfalfa.com.ar\/noticias\/wp-json\/wp\/v2\/types\/post"}],"author":[{"embeddable":true,"href":"https:\/\/www.todoalfalfa.com.ar\/noticias\/wp-json\/wp\/v2\/users\/9"}],"replies":[{"embeddable":true,"href":"https:\/\/www.todoalfalfa.com.ar\/noticias\/wp-json\/wp\/v2\/comments?post=49382"}],"version-history":[{"count":1,"href":"https:\/\/www.todoalfalfa.com.ar\/noticias\/wp-json\/wp\/v2\/posts\/49382\/revisions"}],"predecessor-version":[{"id":49384,"href":"https:\/\/www.todoalfalfa.com.ar\/noticias\/wp-json\/wp\/v2\/posts\/49382\/revisions\/49384"}],"wp:featuredmedia":[{"embeddable":true,"href":"https:\/\/www.todoalfalfa.com.ar\/noticias\/wp-json\/wp\/v2\/media\/49385"}],"wp:attachment":[{"href":"https:\/\/www.todoalfalfa.com.ar\/noticias\/wp-json\/wp\/v2\/media?parent=49382"}],"wp:term":[{"taxonomy":"category","embeddable":true,"href":"https:\/\/www.todoalfalfa.com.ar\/noticias\/wp-json\/wp\/v2\/categories?post=49382"},{"taxonomy":"post_tag","embeddable":true,"href":"https:\/\/www.todoalfalfa.com.ar\/noticias\/wp-json\/wp\/v2\/tags?post=49382"}],"curies":[{"name":"wp","href":"https:\/\/api.w.org\/{rel}","templated":true}]}}