{"id":49386,"date":"2025-06-10T10:42:26","date_gmt":"2025-06-10T13:42:26","guid":{"rendered":"https:\/\/www.todoalfalfa.com.ar\/noticias\/?p=49386"},"modified":"2025-06-13T07:58:36","modified_gmt":"2025-06-13T10:58:36","slug":"en-defensa-del-inta-y-su-autonomia","status":"publish","type":"post","link":"https:\/\/www.todoalfalfa.com.ar\/noticias\/en-defensa-del-inta-y-su-autonomia\/","title":{"rendered":"En defensa del INTA y su autonom\u00eda"},"content":{"rendered":"\n<p>Claro est\u00e1 que el gobierno en post de su defensa de d\u00e9ficit cero est\u00e1 dispuesto a disolver todos los organismos que puedan atentar contra ello sin tener en cuenta la importancia que tenga para el desarrollo productivo del pa\u00eds.<\/p>\n\n\n\n<p>En las \u00faltimas semanas, y cada vez con m\u00e1s fuerzas, resurgieron versiones que indican que de manera inminente se dictar\u00eda un decreto que modificar\u00eda sustancialmente la estructura y esencia del INTA.<\/p>\n\n\n\n<p>Ante esta situaci\u00f3n, todo el sector se moviliz\u00f3 y se puso en alerta, ya que si el organismo deja de funcionar, el sector productivo, las econom\u00edas regionales perder\u00e1n much\u00edsimo en desarrollo, en tecnolog\u00eda, en capacitaci\u00f3n.<\/p>\n\n\n\n<p>En TodoAlfalfa consultamos a dos referentes del INTA que desde hace un tiempo dejaron sus puestos para trabajar en el sector privado, sin embargo, su formaci\u00f3n y experiencia para alcanzar esos puestos laborales, en parte, est\u00e1 relacionada con su paso por el INTA.<\/p>\n\n\n\n<p>Silvia Olivo, ingeniera agronomo y ex INTA (actualmente trabaja en Massey Ferguson) manifest\u00f3 que \u201ces un lugar donde no solamente se generan recursos capacitados y formados, sino tambi\u00e9n es un lugar donde se adquiere o se toman las demandas de los productores y se realiza una transferencia en los diferentes sectores productivos\u201d.<\/p>\n\n\n\n<p>\u201cEste organismo, adem\u00e1s de tener las Estaciones experimentales en diferentes provincias tiene agencias de extensi\u00f3n&nbsp;que muchas veces llegan a lugares donde de otra forma no ser\u00eda posible llegar\u201d.<\/p>\n\n\n\n<p>Claro est\u00e1 que el INTA genera acciones que promueven el desarrollo de econom\u00edas regionales, que de otra manera no podr\u00edan hacerlo. Olivo se mostr\u00f3 sumamente agradecida en su paso por la instituci\u00f3n: \u201cno solamente me permiti\u00f3 formarme, capacitarme, hacer una maestr\u00eda, especializarme en un tema, sino tambi\u00e9n me permiti\u00f3 poder hoy estar trabajando en el sector\u201d.<\/p>\n\n\n\n<p>En tanto que Federico S\u00e1nchez, ingeniero agr\u00f3nomo y actual responsable de producto de John Deere, fue claro: \u201cel INTA es la base de toda la eficiencia que tenemos en nuestro sistema productivo, desde la siembra directa hasta el silo bolsa\u201d.<\/p>\n\n\n\n<p>Orgulloso, destac\u00f3 sus 10 a\u00f1os trabajando dentro de un equipo liderado por el recordado Mario Bragachini, que form\u00f3 profesionales que hoy expanden sus conocimiento por todos los rincones de Argentina.<\/p>\n\n\n\n<p>\u201cEstos peque\u00f1os y grandes aportes que hizo la instituci\u00f3n al sistema permite que hoy seamos eficientes comparados a otros mercados\u201d, remarc\u00f3 y agreg\u00f3: \u201centonces es un organismo clave y vital dentro de nuestro sistema de producci\u00f3n y que la necesitamos para poder seguir creciendo\u201d.<\/p>\n\n\n\n<p>\u201cEl INTA es l\u00edder en todos los ambientes que interviene, coordinando y liderando una red p\u00fablico-privada donde las empresas participan con el \u00fanico fin de promocionar el uso de la tecnolog\u00eda y que el productor pueda sacarle provecho\u201d.<\/p>\n\n\n\n<p>El gobernador de C\u00f3rdoba, Mart\u00edn Llaryora, el domingo public\u00f3 un efusivo mensaje en el que destac\u00f3: \u201cAl #INTA hay que fortalecerlo, no ensuciarlo para vaciarlo. Quienes toman decisiones deber\u00edan venir al interior, recorrer nuestros campos y escuchar a los productores, quienes trabajan de sol a sol a pesar de las malditas retenciones. Desde el Obelisco, y sin di\u00e1logo, es imposible comprender la realidad de nuestra gente de campo\u201d.<\/p>\n\n\n\n<figure class=\"wp-block-embed is-type-rich is-provider-twitter wp-block-embed-twitter\"><div class=\"wp-block-embed__wrapper\">\n<div class=\"embed-twitter\"><blockquote class=\"twitter-tweet\" data-width=\"500\" data-dnt=\"true\"><p lang=\"es\" dir=\"ltr\">Al <a href=\"https:\/\/twitter.com\/hashtag\/INTA?src=hash&amp;ref_src=twsrc%5Etfw\">#INTA<\/a> hay que fortalecerlo, no ensuciarlo para vaciarlo.<br><br>Quienes toman decisiones deber\u00edan venir al interior, recorrer nuestros campos y escuchar a los productores, quienes trabajan de sol a sol a pesar de las malditas retenciones. Desde el Obelisco, y sin di\u00e1logo, es\u2026 <a href=\"https:\/\/t.co\/ijBCxUXZb2\">pic.twitter.com\/ijBCxUXZb2<\/a><\/p>&mdash; Mart\u00edn Llaryora (@MartinLlaryora) <a href=\"https:\/\/twitter.com\/MartinLlaryora\/status\/1931790444532322358?ref_src=twsrc%5Etfw\">June 8, 2025<\/a><\/blockquote><script async src=\"https:\/\/platform.twitter.com\/widgets.js\" charset=\"utf-8\"><\/script><\/div>\n<\/div><\/figure>\n\n\n\n<p>Siete ex ministros acusan al Gobierno de planear vender campos y despedir personal del INTA. Funcionarios que ocuparon cargos en Agricultura cuestionaron una reforma que, seg\u00fan advirtieron, comprometer\u00eda la capacidad t\u00e9cnica del organismo y podr\u00eda \u201cdesmantelar la estructura clave\u201d. (<a href=\"https:\/\/tn.com.ar\/campo\/2025\/06\/03\/7-ex-ministros-acusan-al-gobierno-de-planear-vender-campos-y-despedir-personal-del-inta\/\" target=\"_blank\" rel=\"noreferrer noopener\">ver<\/a>)<\/p>\n\n\n\n<p>Para la Mesa de Enlace el INTA necesita ser reformado para lograr un funcionamiento m\u00e1s eficiente, pero sin perder autarqu\u00eda. As\u00ed lo hicieron saber los jefes de as gremiales del agro a las autoridades nacionales que plantean cambios radicales del organismo (<a href=\"https:\/\/www.campoenaccion.com\/actualidad\/las-gremiales-del-agro-salen-en-defensa-de-la-autarqua-del-inta.htm\" target=\"_blank\" rel=\"noreferrer noopener\">ver<\/a>).<\/p>\n\n\n\n<p>La mesa BPA R\u00edo Cuarto sali\u00f3 a respaldar el funcionamiento de INTA. \u201cPor su valor t\u00e9cnico, por los profesionales y por los trabajos que de ah\u00ed han salido\u201d (<a href=\"https:\/\/www.valoragregadoagro.com\/2025\/06\/09\/la-mesa-bpa-rio-cuarto-salio-a-respaldar-el-funcionamiento-de-inta-por-su-valor-tecnico-por-los-profesionales-y-por-los-trabajos-que-de-ahi-han-salido\/\" target=\"_blank\" rel=\"noreferrer noopener\">ver<\/a>)<\/p>\n<div class=\"todoalfalfa-final-de-la-nota\" id=\"todoalfalfa-3691677881\"><a href=\"https:\/\/www.whatsapp.com\/channel\/0029VbCBmFB9WtBxJsD3eC2i\" target=\"_blank\" aria-label=\"5\"><img src=\"https:\/\/i0.wp.com\/www.todoalfalfa.com.ar\/noticias\/wp-content\/uploads\/2026\/04\/5.gif?fit=728%2C90&#038;ssl=1\" alt=\"\"  width=\"728\" height=\"90\"   \/><\/a><\/div>","protected":false},"excerpt":{"rendered":"<p>Silvia Olivo y Federico S\u00e1nchez son dos especialistas en forrajes formados en el Instituto y a los que el destino los llev\u00f3 a trabajar en el sector privado. Sin embargo, no olvidan la importancia de los trabajos y el material humano que se forman all\u00ed.<\/p>\n","protected":false},"author":9,"featured_media":49390,"comment_status":"closed","ping_status":"open","sticky":false,"template":"","format":"standard","meta":{"jetpack_post_was_ever_published":false,"_jetpack_newsletter_access":"","_jetpack_dont_email_post_to_subs":false,"_jetpack_newsletter_tier_id":0,"_jetpack_memberships_contains_paywalled_content":false,"_jetpack_memberships_contains_paid_content":false,"footnotes":""},"categories":[2],"tags":[105,1935,1934,1933,36,1936,1659,21,1084,809],"class_list":["post-49386","post","type-post","status-publish","format-standard","has-post-thumbnail","hentry","category-generales","tag-argentina","tag-cierre","tag-defensa","tag-federico-sanchez-2","tag-inta","tag-no-al-cierre","tag-novedades","tag-produccion","tag-silvia-olivo","tag-tecnologia"],"yoast_head":"<!-- This site is optimized with the Yoast SEO plugin v25.5 - https:\/\/yoast.com\/wordpress\/plugins\/seo\/ -->\n<title>En defensa del INTA y su autonom\u00eda<\/title>\n<meta name=\"robots\" content=\"index, follow, max-snippet:-1, max-image-preview:large, max-video-preview:-1\" \/>\n<link rel=\"canonical\" href=\"https:\/\/www.todoalfalfa.com.ar\/noticias\/en-defensa-del-inta-y-su-autonomia\/\" \/>\n<meta property=\"og:locale\" content=\"es_ES\" \/>\n<meta property=\"og:type\" content=\"article\" \/>\n<meta property=\"og:title\" content=\"En defensa del INTA y su autonom\u00eda\" \/>\n<meta property=\"og:description\" content=\"Silvia Olivo y Federico S\u00e1nchez son dos especialistas en forrajes formados en el Instituto y a los que el destino los llev\u00f3 a trabajar en el sector privado. Sin embargo, no olvidan la importancia de los trabajos y el material humano que se forman all\u00ed.\" \/>\n<meta property=\"og:url\" content=\"https:\/\/www.todoalfalfa.com.ar\/noticias\/en-defensa-del-inta-y-su-autonomia\/\" \/>\n<meta property=\"og:site_name\" content=\"Todo Alfalfa\" \/>\n<meta property=\"article:publisher\" content=\"https:\/\/www.facebook.com\/todoalfalfa\" \/>\n<meta property=\"article:published_time\" content=\"2025-06-10T13:42:26+00:00\" \/>\n<meta property=\"article:modified_time\" content=\"2025-06-13T10:58:36+00:00\" \/>\n<meta property=\"og:image\" content=\"https:\/\/www.todoalfalfa.com.ar\/noticias\/wp-content\/uploads\/2025\/06\/20230830_110251-scaled-e1749563655765.jpg\" \/>\n\t<meta property=\"og:image:width\" content=\"1437\" \/>\n\t<meta property=\"og:image:height\" content=\"951\" \/>\n\t<meta property=\"og:image:type\" content=\"image\/jpeg\" \/>\n<meta name=\"author\" content=\"Todo Alfalfa\" \/>\n<meta name=\"twitter:card\" content=\"summary_large_image\" \/>\n<meta name=\"twitter:label1\" content=\"Escrito por\" \/>\n\t<meta name=\"twitter:data1\" content=\"Todo Alfalfa\" \/>\n\t<meta name=\"twitter:label2\" content=\"Tiempo de lectura\" \/>\n\t<meta name=\"twitter:data2\" content=\"4 minutos\" \/>\n<script type=\"application\/ld+json\" class=\"yoast-schema-graph\">{\"@context\":\"https:\/\/schema.org\",\"@graph\":[{\"@type\":\"NewsArticle\",\"@id\":\"https:\/\/www.todoalfalfa.com.ar\/noticias\/en-defensa-del-inta-y-su-autonomia\/#article\",\"isPartOf\":{\"@id\":\"https:\/\/www.todoalfalfa.com.ar\/noticias\/en-defensa-del-inta-y-su-autonomia\/\"},\"author\":{\"name\":\"Todo Alfalfa\",\"@id\":\"https:\/\/www.todoalfalfa.com.ar\/noticias\/#\/schema\/person\/99de93cb711c7015ef658e5321ba9f18\"},\"headline\":\"En defensa del INTA y su autonom\u00eda\",\"datePublished\":\"2025-06-10T13:42:26+00:00\",\"dateModified\":\"2025-06-13T10:58:36+00:00\",\"mainEntityOfPage\":{\"@id\":\"https:\/\/www.todoalfalfa.com.ar\/noticias\/en-defensa-del-inta-y-su-autonomia\/\"},\"wordCount\":671,\"publisher\":{\"@id\":\"https:\/\/www.todoalfalfa.com.ar\/noticias\/#organization\"},\"image\":{\"@id\":\"https:\/\/www.todoalfalfa.com.ar\/noticias\/en-defensa-del-inta-y-su-autonomia\/#primaryimage\"},\"thumbnailUrl\":\"https:\/\/i0.wp.com\/www.todoalfalfa.com.ar\/noticias\/wp-content\/uploads\/2025\/06\/20230830_110251-scaled-e1749563655765.jpg?fit=1437%2C951&ssl=1\",\"keywords\":[\"Argentina\",\"Cierre\",\"Defensa\",\"Federico Sanchez\",\"inta\",\"No Al Cierre\",\"Novedades\",\"producci\u00f3n\",\"Silvia Olivo\",\"tecnolog\u00eda\"],\"articleSection\":[\"Generales\"],\"inLanguage\":\"es\"},{\"@type\":[\"WebPage\",\"ItemPage\"],\"@id\":\"https:\/\/www.todoalfalfa.com.ar\/noticias\/en-defensa-del-inta-y-su-autonomia\/\",\"url\":\"https:\/\/www.todoalfalfa.com.ar\/noticias\/en-defensa-del-inta-y-su-autonomia\/\",\"name\":\"En defensa del INTA y su autonom\u00eda\",\"isPartOf\":{\"@id\":\"https:\/\/www.todoalfalfa.com.ar\/noticias\/#website\"},\"primaryImageOfPage\":{\"@id\":\"https:\/\/www.todoalfalfa.com.ar\/noticias\/en-defensa-del-inta-y-su-autonomia\/#primaryimage\"},\"image\":{\"@id\":\"https:\/\/www.todoalfalfa.com.ar\/noticias\/en-defensa-del-inta-y-su-autonomia\/#primaryimage\"},\"thumbnailUrl\":\"https:\/\/i0.wp.com\/www.todoalfalfa.com.ar\/noticias\/wp-content\/uploads\/2025\/06\/20230830_110251-scaled-e1749563655765.jpg?fit=1437%2C951&ssl=1\",\"datePublished\":\"2025-06-10T13:42:26+00:00\",\"dateModified\":\"2025-06-13T10:58:36+00:00\",\"breadcrumb\":{\"@id\":\"https:\/\/www.todoalfalfa.com.ar\/noticias\/en-defensa-del-inta-y-su-autonomia\/#breadcrumb\"},\"inLanguage\":\"es\",\"potentialAction\":[{\"@type\":\"ReadAction\",\"target\":[\"https:\/\/www.todoalfalfa.com.ar\/noticias\/en-defensa-del-inta-y-su-autonomia\/\"]}]},{\"@type\":\"ImageObject\",\"inLanguage\":\"es\",\"@id\":\"https:\/\/www.todoalfalfa.com.ar\/noticias\/en-defensa-del-inta-y-su-autonomia\/#primaryimage\",\"url\":\"https:\/\/i0.wp.com\/www.todoalfalfa.com.ar\/noticias\/wp-content\/uploads\/2025\/06\/20230830_110251-scaled-e1749563655765.jpg?fit=1437%2C951&ssl=1\",\"contentUrl\":\"https:\/\/i0.wp.com\/www.todoalfalfa.com.ar\/noticias\/wp-content\/uploads\/2025\/06\/20230830_110251-scaled-e1749563655765.jpg?fit=1437%2C951&ssl=1\",\"width\":1437,\"height\":951},{\"@type\":\"BreadcrumbList\",\"@id\":\"https:\/\/www.todoalfalfa.com.ar\/noticias\/en-defensa-del-inta-y-su-autonomia\/#breadcrumb\",\"itemListElement\":[{\"@type\":\"ListItem\",\"position\":1,\"name\":\"Principal\",\"item\":\"https:\/\/www.todoalfalfa.com.ar\/noticias\/\"},{\"@type\":\"ListItem\",\"position\":2,\"name\":\"En defensa del INTA y su autonom\u00eda\"}]},{\"@type\":\"WebSite\",\"@id\":\"https:\/\/www.todoalfalfa.com.ar\/noticias\/#website\",\"url\":\"https:\/\/www.todoalfalfa.com.ar\/noticias\/\",\"name\":\"Todo Alfalfa\",\"description\":\"Web informativa de la cadena de la alfalfa argentina\",\"publisher\":{\"@id\":\"https:\/\/www.todoalfalfa.com.ar\/noticias\/#organization\"},\"potentialAction\":[{\"@type\":\"SearchAction\",\"target\":{\"@type\":\"EntryPoint\",\"urlTemplate\":\"https:\/\/www.todoalfalfa.com.ar\/noticias\/?s={search_term_string}\"},\"query-input\":{\"@type\":\"PropertyValueSpecification\",\"valueRequired\":true,\"valueName\":\"search_term_string\"}}],\"inLanguage\":\"es\"},{\"@type\":\"Organization\",\"@id\":\"https:\/\/www.todoalfalfa.com.ar\/noticias\/#organization\",\"name\":\"Todo Alfalfa\",\"url\":\"https:\/\/www.todoalfalfa.com.ar\/noticias\/\",\"logo\":{\"@type\":\"ImageObject\",\"inLanguage\":\"es\",\"@id\":\"https:\/\/www.todoalfalfa.com.ar\/noticias\/#\/schema\/logo\/image\/\",\"url\":\"https:\/\/www.todoalfalfa.com.ar\/noticias\/wp-content\/uploads\/2020\/09\/logo-todo-alfalfa-modificado.png\",\"contentUrl\":\"https:\/\/www.todoalfalfa.com.ar\/noticias\/wp-content\/uploads\/2020\/09\/logo-todo-alfalfa-modificado.png\",\"width\":350,\"height\":100,\"caption\":\"Todo Alfalfa\"},\"image\":{\"@id\":\"https:\/\/www.todoalfalfa.com.ar\/noticias\/#\/schema\/logo\/image\/\"},\"sameAs\":[\"https:\/\/www.facebook.com\/todoalfalfa\",\"https:\/\/www.instagram.com\/todoalfalfa\",\"https:\/\/www.youtube.com\/@TodoAlfalfa\",\"https:\/\/www.linkedin.com\/company\/todoalfalfa\/\"]},{\"@type\":\"Person\",\"@id\":\"https:\/\/www.todoalfalfa.com.ar\/noticias\/#\/schema\/person\/99de93cb711c7015ef658e5321ba9f18\",\"name\":\"Todo Alfalfa\",\"image\":{\"@type\":\"ImageObject\",\"inLanguage\":\"es\",\"@id\":\"https:\/\/www.todoalfalfa.com.ar\/noticias\/#\/schema\/person\/image\/\",\"url\":\"https:\/\/secure.gravatar.com\/avatar\/50ffd12fb7b268bc2467160730786602db252a270c63104e7c19b5f67b8dd346?s=96&d=mm&r=g\",\"contentUrl\":\"https:\/\/secure.gravatar.com\/avatar\/50ffd12fb7b268bc2467160730786602db252a270c63104e7c19b5f67b8dd346?s=96&d=mm&r=g\",\"caption\":\"Todo Alfalfa\"},\"url\":\"https:\/\/www.todoalfalfa.com.ar\/noticias\/author\/osvaldoiachetta\/\"}]}<\/script>\n<!-- \/ Yoast SEO plugin. -->","yoast_head_json":{"title":"En defensa del INTA y su autonom\u00eda","robots":{"index":"index","follow":"follow","max-snippet":"max-snippet:-1","max-image-preview":"max-image-preview:large","max-video-preview":"max-video-preview:-1"},"canonical":"https:\/\/www.todoalfalfa.com.ar\/noticias\/en-defensa-del-inta-y-su-autonomia\/","og_locale":"es_ES","og_type":"article","og_title":"En defensa del INTA y su autonom\u00eda","og_description":"Silvia Olivo y Federico S\u00e1nchez son dos especialistas en forrajes formados en el Instituto y a los que el destino los llev\u00f3 a trabajar en el sector privado. Sin embargo, no olvidan la importancia de los trabajos y el material humano que se forman all\u00ed.","og_url":"https:\/\/www.todoalfalfa.com.ar\/noticias\/en-defensa-del-inta-y-su-autonomia\/","og_site_name":"Todo Alfalfa","article_publisher":"https:\/\/www.facebook.com\/todoalfalfa","article_published_time":"2025-06-10T13:42:26+00:00","article_modified_time":"2025-06-13T10:58:36+00:00","og_image":[{"width":1437,"height":951,"url":"https:\/\/www.todoalfalfa.com.ar\/noticias\/wp-content\/uploads\/2025\/06\/20230830_110251-scaled-e1749563655765.jpg","type":"image\/jpeg"}],"author":"Todo Alfalfa","twitter_card":"summary_large_image","twitter_misc":{"Escrito por":"Todo Alfalfa","Tiempo de lectura":"4 minutos"},"schema":{"@context":"https:\/\/schema.org","@graph":[{"@type":"NewsArticle","@id":"https:\/\/www.todoalfalfa.com.ar\/noticias\/en-defensa-del-inta-y-su-autonomia\/#article","isPartOf":{"@id":"https:\/\/www.todoalfalfa.com.ar\/noticias\/en-defensa-del-inta-y-su-autonomia\/"},"author":{"name":"Todo Alfalfa","@id":"https:\/\/www.todoalfalfa.com.ar\/noticias\/#\/schema\/person\/99de93cb711c7015ef658e5321ba9f18"},"headline":"En defensa del INTA y su autonom\u00eda","datePublished":"2025-06-10T13:42:26+00:00","dateModified":"2025-06-13T10:58:36+00:00","mainEntityOfPage":{"@id":"https:\/\/www.todoalfalfa.com.ar\/noticias\/en-defensa-del-inta-y-su-autonomia\/"},"wordCount":671,"publisher":{"@id":"https:\/\/www.todoalfalfa.com.ar\/noticias\/#organization"},"image":{"@id":"https:\/\/www.todoalfalfa.com.ar\/noticias\/en-defensa-del-inta-y-su-autonomia\/#primaryimage"},"thumbnailUrl":"https:\/\/i0.wp.com\/www.todoalfalfa.com.ar\/noticias\/wp-content\/uploads\/2025\/06\/20230830_110251-scaled-e1749563655765.jpg?fit=1437%2C951&ssl=1","keywords":["Argentina","Cierre","Defensa","Federico Sanchez","inta","No Al Cierre","Novedades","producci\u00f3n","Silvia Olivo","tecnolog\u00eda"],"articleSection":["Generales"],"inLanguage":"es"},{"@type":["WebPage","ItemPage"],"@id":"https:\/\/www.todoalfalfa.com.ar\/noticias\/en-defensa-del-inta-y-su-autonomia\/","url":"https:\/\/www.todoalfalfa.com.ar\/noticias\/en-defensa-del-inta-y-su-autonomia\/","name":"En defensa del INTA y su autonom\u00eda","isPartOf":{"@id":"https:\/\/www.todoalfalfa.com.ar\/noticias\/#website"},"primaryImageOfPage":{"@id":"https:\/\/www.todoalfalfa.com.ar\/noticias\/en-defensa-del-inta-y-su-autonomia\/#primaryimage"},"image":{"@id":"https:\/\/www.todoalfalfa.com.ar\/noticias\/en-defensa-del-inta-y-su-autonomia\/#primaryimage"},"thumbnailUrl":"https:\/\/i0.wp.com\/www.todoalfalfa.com.ar\/noticias\/wp-content\/uploads\/2025\/06\/20230830_110251-scaled-e1749563655765.jpg?fit=1437%2C951&ssl=1","datePublished":"2025-06-10T13:42:26+00:00","dateModified":"2025-06-13T10:58:36+00:00","breadcrumb":{"@id":"https:\/\/www.todoalfalfa.com.ar\/noticias\/en-defensa-del-inta-y-su-autonomia\/#breadcrumb"},"inLanguage":"es","potentialAction":[{"@type":"ReadAction","target":["https:\/\/www.todoalfalfa.com.ar\/noticias\/en-defensa-del-inta-y-su-autonomia\/"]}]},{"@type":"ImageObject","inLanguage":"es","@id":"https:\/\/www.todoalfalfa.com.ar\/noticias\/en-defensa-del-inta-y-su-autonomia\/#primaryimage","url":"https:\/\/i0.wp.com\/www.todoalfalfa.com.ar\/noticias\/wp-content\/uploads\/2025\/06\/20230830_110251-scaled-e1749563655765.jpg?fit=1437%2C951&ssl=1","contentUrl":"https:\/\/i0.wp.com\/www.todoalfalfa.com.ar\/noticias\/wp-content\/uploads\/2025\/06\/20230830_110251-scaled-e1749563655765.jpg?fit=1437%2C951&ssl=1","width":1437,"height":951},{"@type":"BreadcrumbList","@id":"https:\/\/www.todoalfalfa.com.ar\/noticias\/en-defensa-del-inta-y-su-autonomia\/#breadcrumb","itemListElement":[{"@type":"ListItem","position":1,"name":"Principal","item":"https:\/\/www.todoalfalfa.com.ar\/noticias\/"},{"@type":"ListItem","position":2,"name":"En defensa del INTA y su autonom\u00eda"}]},{"@type":"WebSite","@id":"https:\/\/www.todoalfalfa.com.ar\/noticias\/#website","url":"https:\/\/www.todoalfalfa.com.ar\/noticias\/","name":"Todo Alfalfa","description":"Web informativa de la cadena de la alfalfa argentina","publisher":{"@id":"https:\/\/www.todoalfalfa.com.ar\/noticias\/#organization"},"potentialAction":[{"@type":"SearchAction","target":{"@type":"EntryPoint","urlTemplate":"https:\/\/www.todoalfalfa.com.ar\/noticias\/?s={search_term_string}"},"query-input":{"@type":"PropertyValueSpecification","valueRequired":true,"valueName":"search_term_string"}}],"inLanguage":"es"},{"@type":"Organization","@id":"https:\/\/www.todoalfalfa.com.ar\/noticias\/#organization","name":"Todo Alfalfa","url":"https:\/\/www.todoalfalfa.com.ar\/noticias\/","logo":{"@type":"ImageObject","inLanguage":"es","@id":"https:\/\/www.todoalfalfa.com.ar\/noticias\/#\/schema\/logo\/image\/","url":"https:\/\/www.todoalfalfa.com.ar\/noticias\/wp-content\/uploads\/2020\/09\/logo-todo-alfalfa-modificado.png","contentUrl":"https:\/\/www.todoalfalfa.com.ar\/noticias\/wp-content\/uploads\/2020\/09\/logo-todo-alfalfa-modificado.png","width":350,"height":100,"caption":"Todo Alfalfa"},"image":{"@id":"https:\/\/www.todoalfalfa.com.ar\/noticias\/#\/schema\/logo\/image\/"},"sameAs":["https:\/\/www.facebook.com\/todoalfalfa","https:\/\/www.instagram.com\/todoalfalfa","https:\/\/www.youtube.com\/@TodoAlfalfa","https:\/\/www.linkedin.com\/company\/todoalfalfa\/"]},{"@type":"Person","@id":"https:\/\/www.todoalfalfa.com.ar\/noticias\/#\/schema\/person\/99de93cb711c7015ef658e5321ba9f18","name":"Todo Alfalfa","image":{"@type":"ImageObject","inLanguage":"es","@id":"https:\/\/www.todoalfalfa.com.ar\/noticias\/#\/schema\/person\/image\/","url":"https:\/\/secure.gravatar.com\/avatar\/50ffd12fb7b268bc2467160730786602db252a270c63104e7c19b5f67b8dd346?s=96&d=mm&r=g","contentUrl":"https:\/\/secure.gravatar.com\/avatar\/50ffd12fb7b268bc2467160730786602db252a270c63104e7c19b5f67b8dd346?s=96&d=mm&r=g","caption":"Todo Alfalfa"},"url":"https:\/\/www.todoalfalfa.com.ar\/noticias\/author\/osvaldoiachetta\/"}]}},"jetpack_featured_media_url":"https:\/\/i0.wp.com\/www.todoalfalfa.com.ar\/noticias\/wp-content\/uploads\/2025\/06\/20230830_110251-scaled-e1749563655765.jpg?fit=1437%2C951&ssl=1","wps_subtitle":"","jetpack_sharing_enabled":true,"_links":{"self":[{"href":"https:\/\/www.todoalfalfa.com.ar\/noticias\/wp-json\/wp\/v2\/posts\/49386","targetHints":{"allow":["GET"]}}],"collection":[{"href":"https:\/\/www.todoalfalfa.com.ar\/noticias\/wp-json\/wp\/v2\/posts"}],"about":[{"href":"https:\/\/www.todoalfalfa.com.ar\/noticias\/wp-json\/wp\/v2\/types\/post"}],"author":[{"embeddable":true,"href":"https:\/\/www.todoalfalfa.com.ar\/noticias\/wp-json\/wp\/v2\/users\/9"}],"replies":[{"embeddable":true,"href":"https:\/\/www.todoalfalfa.com.ar\/noticias\/wp-json\/wp\/v2\/comments?post=49386"}],"version-history":[{"count":4,"href":"https:\/\/www.todoalfalfa.com.ar\/noticias\/wp-json\/wp\/v2\/posts\/49386\/revisions"}],"predecessor-version":[{"id":49437,"href":"https:\/\/www.todoalfalfa.com.ar\/noticias\/wp-json\/wp\/v2\/posts\/49386\/revisions\/49437"}],"wp:featuredmedia":[{"embeddable":true,"href":"https:\/\/www.todoalfalfa.com.ar\/noticias\/wp-json\/wp\/v2\/media\/49390"}],"wp:attachment":[{"href":"https:\/\/www.todoalfalfa.com.ar\/noticias\/wp-json\/wp\/v2\/media?parent=49386"}],"wp:term":[{"taxonomy":"category","embeddable":true,"href":"https:\/\/www.todoalfalfa.com.ar\/noticias\/wp-json\/wp\/v2\/categories?post=49386"},{"taxonomy":"post_tag","embeddable":true,"href":"https:\/\/www.todoalfalfa.com.ar\/noticias\/wp-json\/wp\/v2\/tags?post=49386"}],"curies":[{"name":"wp","href":"https:\/\/api.w.org\/{rel}","templated":true}]}}