{"id":49417,"date":"2025-06-12T14:34:18","date_gmt":"2025-06-12T17:34:18","guid":{"rendered":"https:\/\/www.todoalfalfa.com.ar\/noticias\/?p=49417"},"modified":"2025-06-13T08:04:52","modified_gmt":"2025-06-13T11:04:52","slug":"silvia-olivo-del-inta-a-massey-ferguson","status":"publish","type":"post","link":"https:\/\/www.todoalfalfa.com.ar\/noticias\/silvia-olivo-del-inta-a-massey-ferguson\/","title":{"rendered":"Silvia Olivo, del INTA a Massey Ferguson"},"content":{"rendered":"\n<p>En las \u00faltimas semanas la empresa AGCO, que representa a Massey Ferguson, present\u00f3 oficialmente a Silvia Olivo como responsable de Marketing de Producto Heno y Forraje.<\/p>\n\n\n\n<p>Fue la edici\u00f3n 2025 de AgroActiva la que la tuvo debutando en su flamante puesto con un \u201cdesaf\u00edo muy importante tanto en lo personal como en lo profesional\u201d, seg\u00fan destac\u00f3 en di\u00e1logo con TodoAlfalfa.<\/p>\n\n\n\n<p>La producci\u00f3n atraviesa un momento particular por la demanda y el inter\u00e9s existente en productores que buscan mejorar las condiciones de los procesos, pero tambi\u00e9n muchos que intentan desembarcar en este cultivo.<\/p>\n\n\n\n<p>Por lo tanto, r\u00e1pidamente se tuvo que poner a trabajar para poder dar respuestas \u201ca las diferentes demandas que existen del sector productivo con las diversas l\u00edneas de implementos forrajeros que la marca dispone\u201d para los diversos segmentos.<\/p>\n\n\n\n<p><strong>Un cambio radical<\/strong><\/p>\n\n\n\n<p>El cambio fue tan radical que tiempo atr\u00e1s la producci\u00f3n alfalfera se hac\u00eda para \u201cconsumo directo\u201d como parte de los sistemas productivos de carne o leche, pero con el paso del tiempo y la incorporaci\u00f3n de tecnolog\u00eda, junto al incremento de la demanda internacional, se empez\u00f3 a ver un negocio diferente: <strong>la exportaci\u00f3n<\/strong>.<\/p>\n\n\n\n<p>Es en ese punto que desarrollaron tecnolog\u00eda para dar respuestas al sector productivo buscando hacer forraje de calidad.<\/p>\n\n\n\n<figure class=\"wp-block-embed is-type-video is-provider-youtube wp-block-embed-youtube wp-embed-aspect-16-9 wp-has-aspect-ratio\"><div class=\"wp-block-embed__wrapper\">\n<iframe title=\"Silvia Olivo, del INTA a Massey Ferguson\" width=\"500\" height=\"281\" src=\"https:\/\/www.youtube.com\/embed\/fX3PdbvNGrM?feature=oembed\" frameborder=\"0\" allow=\"accelerometer; autoplay; clipboard-write; encrypted-media; gyroscope; picture-in-picture; web-share\" referrerpolicy=\"strict-origin-when-cross-origin\" allowfullscreen><\/iframe>\n<\/div><\/figure>\n\n\n\n<p class=\"has-medium-font-size\"><strong>El paso a paso<\/strong><\/p>\n\n\n\n<p>Destac\u00f3 Olivo que hay que tener en cuenta el proceso que tiene el cultivo de alfalfa y que se divide en diferentes puntos de acci\u00f3n que deben ser tenidos en cuenta:<\/p>\n\n\n\n<p>\u201cPresiembra, siembra, primer corte, el momento que se cosecha para hacer el rollo, fardo o megafardo, y el momento de descanso, clave para que reinicie el ciclo\u201d, explic\u00f3.<\/p>\n\n\n\n<p>Aqu\u00ed suceden dos cosas, por un lado que cada 25\/30 d\u00edas podemos mejorar esos procesos ya que se pueden ajustar cosas que no salieron tan bien si buscamos calidad en el forraje; pero adem\u00e1s, se debe tener en cuenta la necesidad de contar con tecnolog\u00eda si buscamos que la pastura tenga el corte correcto para ser \u201clevantado\u201d por la maquina y transformarla en heno.<\/p>\n\n\n\n<blockquote class=\"wp-block-quote is-layout-flow wp-block-quote-is-layout-flow\">\n<p>Para lograr calidad en la alfalfa todos los caminos conducen al \u00abconocimiento y la \u00abtecnolog\u00eda\u00bb. <\/p>\n<\/blockquote>\n\n\n\n<p>Pero para llegar a eso, el productor debe tener en claro que quiere producir: \u00bfrollo, fardos, megafardos?, y, a partir de all\u00ed, buscar la mejor forma de lograrlo con la tecnolog\u00eda que nos permita producir mejor y ser m\u00e1s eficientes.<\/p>\n\n\n\n<p>Argentina brinda como ventaja que su variedad de suelo y clima nos permite producir alfalfa \u201cm\u00e1s all\u00e1 de la zona pampeana\u201d, explic\u00f3 Olivo porque en diversos sectores con la ayuda de riego suplementario podemos&nbsp;producir a lo largo y a lo ancho del pa\u00eds.<\/p>\n\n\n\n<p class=\"has-medium-font-size\"><strong>Productos para cada necesidad<\/strong><\/p>\n\n\n\n<p>Diego Viegas Ventosa, responsable de Marketing T\u00e1ctico de Massey Ferguson, indic\u00f3 que \u201cnotaron un gran inter\u00e9s en las visitas que recibieron\u201d destacando que \u201cno solo apuntamos a grandes productores, sino a medianos y peque\u00f1os\u201d.<\/p>\n\n\n\n<p>Con los productores que ven a la alfalfa como un \u201ccultivo agr\u00edcola y un negocio sustentable\u201d por lo que hay inversiones en tecnolog\u00eda. Es en ese marco que Massey Ferguson mostr\u00f3 todo su potencial a trav\u00e9s del amplio portfolio que puede brindar soluciones a los productores seg\u00fan la necesidad.<\/p>\n\n\n\n<figure class=\"wp-block-image size-large is-resized\"><img data-recalc-dims=\"1\" fetchpriority=\"high\" decoding=\"async\" width=\"1024\" height=\"638\" src=\"https:\/\/i0.wp.com\/www.todoalfalfa.com.ar\/noticias\/wp-content\/uploads\/2025\/06\/Captura-de-pantalla-2025-06-12-110937.png?resize=1024%2C638&#038;ssl=1\" alt=\"\" class=\"wp-image-49418\" style=\"width:840px;height:auto\" srcset=\"https:\/\/i0.wp.com\/www.todoalfalfa.com.ar\/noticias\/wp-content\/uploads\/2025\/06\/Captura-de-pantalla-2025-06-12-110937.png?resize=1024%2C638&amp;ssl=1 1024w, https:\/\/i0.wp.com\/www.todoalfalfa.com.ar\/noticias\/wp-content\/uploads\/2025\/06\/Captura-de-pantalla-2025-06-12-110937.png?resize=300%2C187&amp;ssl=1 300w, https:\/\/i0.wp.com\/www.todoalfalfa.com.ar\/noticias\/wp-content\/uploads\/2025\/06\/Captura-de-pantalla-2025-06-12-110937.png?resize=768%2C478&amp;ssl=1 768w, https:\/\/i0.wp.com\/www.todoalfalfa.com.ar\/noticias\/wp-content\/uploads\/2025\/06\/Captura-de-pantalla-2025-06-12-110937.png?w=1288&amp;ssl=1 1288w\" sizes=\"(max-width: 1000px) 100vw, 1000px\" \/><figcaption class=\"wp-element-caption\"><sup><em>Diego Viegas Ventosa, responsable de Marketing T\u00e1ctico de Massey Ferguson<\/em><\/sup><\/figcaption><\/figure>\n\n\n\n<p>Viegas Ventosa destac\u00f3 a la enfardadora 1840 que tuvo actualizaciones, el rastrillo 361 que puede ser una buena alternativa para un productor chico. Adem\u00e1s, remarc\u00f3 la \u201ccalidad de productos\u201d que ofrecen con actualizaciones casi constantes para brindar mayor eficiencia a la hora de pensar en producir calidad y cantidad.<\/p>\n<div class=\"todoalfalfa-final-de-la-nota\" id=\"todoalfalfa-981280814\"><a href=\"https:\/\/www.whatsapp.com\/channel\/0029VbCBmFB9WtBxJsD3eC2i\" target=\"_blank\" aria-label=\"5\"><img src=\"https:\/\/i0.wp.com\/www.todoalfalfa.com.ar\/noticias\/wp-content\/uploads\/2026\/04\/5.gif?fit=728%2C90&#038;ssl=1\" alt=\"\"  width=\"728\" height=\"90\"   \/><\/a><\/div>","protected":false},"excerpt":{"rendered":"<p>La ingeniera agr\u00f3nomo que hasta hace unos meses se despe\u00f1aba como integrante del equipo de forrajes de la Estaci\u00f3n Experimental de Manfredi se sum\u00f3 al equipo de ACGO. En AgroActiva debut\u00f3 como flamante responsable de Marketing de Producto Heno y Forraje.<\/p>\n","protected":false},"author":9,"featured_media":49419,"comment_status":"closed","ping_status":"open","sticky":false,"template":"","format":"standard","meta":{"jetpack_post_was_ever_published":false,"_jetpack_newsletter_access":"","_jetpack_dont_email_post_to_subs":false,"_jetpack_newsletter_tier_id":0,"_jetpack_memberships_contains_paywalled_content":false,"_jetpack_memberships_contains_paid_content":false,"footnotes":""},"categories":[1739,4],"tags":[936,31,105,1892,54,68,1496,1659,17,21,91,1084],"class_list":["post-49417","post","type-post","status-publish","format-standard","has-post-thumbnail","hentry","category-agroactiva","category-tecnologia","tag-agroactiva","tag-alfalfa","tag-argentina","tag-diego-viegas-ventosa","tag-forrajes","tag-heno","tag-massey-ferguson","tag-novedades","tag-pasturas","tag-produccion","tag-siembra","tag-silvia-olivo"],"yoast_head":"<!-- This site is optimized with the Yoast SEO plugin v25.5 - https:\/\/yoast.com\/wordpress\/plugins\/seo\/ -->\n<title>Silvia Olivo, del INTA a Massey Ferguson<\/title>\n<meta name=\"robots\" content=\"index, follow, max-snippet:-1, max-image-preview:large, max-video-preview:-1\" \/>\n<link rel=\"canonical\" href=\"https:\/\/www.todoalfalfa.com.ar\/noticias\/silvia-olivo-del-inta-a-massey-ferguson\/\" \/>\n<meta property=\"og:locale\" content=\"es_ES\" \/>\n<meta property=\"og:type\" content=\"article\" \/>\n<meta property=\"og:title\" content=\"Silvia Olivo, del INTA a Massey Ferguson\" \/>\n<meta property=\"og:description\" content=\"La ingeniera agr\u00f3nomo que hasta hace unos meses se despe\u00f1aba como integrante del equipo de forrajes de la Estaci\u00f3n Experimental de Manfredi se sum\u00f3 al equipo de ACGO. En AgroActiva debut\u00f3 como flamante responsable de Marketing de Producto Heno y Forraje.\" \/>\n<meta property=\"og:url\" content=\"https:\/\/www.todoalfalfa.com.ar\/noticias\/silvia-olivo-del-inta-a-massey-ferguson\/\" \/>\n<meta property=\"og:site_name\" content=\"Todo Alfalfa\" \/>\n<meta property=\"article:publisher\" content=\"https:\/\/www.facebook.com\/todoalfalfa\" \/>\n<meta property=\"article:published_time\" content=\"2025-06-12T17:34:18+00:00\" \/>\n<meta property=\"article:modified_time\" content=\"2025-06-13T11:04:52+00:00\" \/>\n<meta property=\"og:image\" content=\"https:\/\/www.todoalfalfa.com.ar\/noticias\/wp-content\/uploads\/2025\/06\/IMG_20250606_094046-scaled.jpg\" \/>\n\t<meta property=\"og:image:width\" content=\"1928\" \/>\n\t<meta property=\"og:image:height\" content=\"2560\" \/>\n\t<meta property=\"og:image:type\" content=\"image\/jpeg\" \/>\n<meta name=\"author\" content=\"Todo Alfalfa\" \/>\n<meta name=\"twitter:card\" content=\"summary_large_image\" \/>\n<meta name=\"twitter:label1\" content=\"Escrito por\" \/>\n\t<meta name=\"twitter:data1\" content=\"Todo Alfalfa\" \/>\n\t<meta name=\"twitter:label2\" content=\"Tiempo de lectura\" \/>\n\t<meta name=\"twitter:data2\" content=\"3 minutos\" \/>\n<script type=\"application\/ld+json\" class=\"yoast-schema-graph\">{\"@context\":\"https:\/\/schema.org\",\"@graph\":[{\"@type\":\"NewsArticle\",\"@id\":\"https:\/\/www.todoalfalfa.com.ar\/noticias\/silvia-olivo-del-inta-a-massey-ferguson\/#article\",\"isPartOf\":{\"@id\":\"https:\/\/www.todoalfalfa.com.ar\/noticias\/silvia-olivo-del-inta-a-massey-ferguson\/\"},\"author\":{\"name\":\"Todo Alfalfa\",\"@id\":\"https:\/\/www.todoalfalfa.com.ar\/noticias\/#\/schema\/person\/99de93cb711c7015ef658e5321ba9f18\"},\"headline\":\"Silvia Olivo, del INTA a Massey Ferguson\",\"datePublished\":\"2025-06-12T17:34:18+00:00\",\"dateModified\":\"2025-06-13T11:04:52+00:00\",\"mainEntityOfPage\":{\"@id\":\"https:\/\/www.todoalfalfa.com.ar\/noticias\/silvia-olivo-del-inta-a-massey-ferguson\/\"},\"wordCount\":619,\"publisher\":{\"@id\":\"https:\/\/www.todoalfalfa.com.ar\/noticias\/#organization\"},\"image\":{\"@id\":\"https:\/\/www.todoalfalfa.com.ar\/noticias\/silvia-olivo-del-inta-a-massey-ferguson\/#primaryimage\"},\"thumbnailUrl\":\"https:\/\/i0.wp.com\/www.todoalfalfa.com.ar\/noticias\/wp-content\/uploads\/2025\/06\/IMG_20250606_094046-scaled.jpg?fit=1928%2C2560&ssl=1\",\"keywords\":[\"Agroactiva\",\"alfalfa\",\"Argentina\",\"Diego Viegas Ventosa\",\"forrajes\",\"heno\",\"Massey Ferguson\",\"Novedades\",\"pasturas\",\"producci\u00f3n\",\"siembra\",\"Silvia Olivo\"],\"articleSection\":[\"AgroActiva\",\"Tecnolog\u00eda\"],\"inLanguage\":\"es\"},{\"@type\":[\"WebPage\",\"ItemPage\"],\"@id\":\"https:\/\/www.todoalfalfa.com.ar\/noticias\/silvia-olivo-del-inta-a-massey-ferguson\/\",\"url\":\"https:\/\/www.todoalfalfa.com.ar\/noticias\/silvia-olivo-del-inta-a-massey-ferguson\/\",\"name\":\"Silvia Olivo, del INTA a Massey Ferguson\",\"isPartOf\":{\"@id\":\"https:\/\/www.todoalfalfa.com.ar\/noticias\/#website\"},\"primaryImageOfPage\":{\"@id\":\"https:\/\/www.todoalfalfa.com.ar\/noticias\/silvia-olivo-del-inta-a-massey-ferguson\/#primaryimage\"},\"image\":{\"@id\":\"https:\/\/www.todoalfalfa.com.ar\/noticias\/silvia-olivo-del-inta-a-massey-ferguson\/#primaryimage\"},\"thumbnailUrl\":\"https:\/\/i0.wp.com\/www.todoalfalfa.com.ar\/noticias\/wp-content\/uploads\/2025\/06\/IMG_20250606_094046-scaled.jpg?fit=1928%2C2560&ssl=1\",\"datePublished\":\"2025-06-12T17:34:18+00:00\",\"dateModified\":\"2025-06-13T11:04:52+00:00\",\"breadcrumb\":{\"@id\":\"https:\/\/www.todoalfalfa.com.ar\/noticias\/silvia-olivo-del-inta-a-massey-ferguson\/#breadcrumb\"},\"inLanguage\":\"es\",\"potentialAction\":[{\"@type\":\"ReadAction\",\"target\":[\"https:\/\/www.todoalfalfa.com.ar\/noticias\/silvia-olivo-del-inta-a-massey-ferguson\/\"]}]},{\"@type\":\"ImageObject\",\"inLanguage\":\"es\",\"@id\":\"https:\/\/www.todoalfalfa.com.ar\/noticias\/silvia-olivo-del-inta-a-massey-ferguson\/#primaryimage\",\"url\":\"https:\/\/i0.wp.com\/www.todoalfalfa.com.ar\/noticias\/wp-content\/uploads\/2025\/06\/IMG_20250606_094046-scaled.jpg?fit=1928%2C2560&ssl=1\",\"contentUrl\":\"https:\/\/i0.wp.com\/www.todoalfalfa.com.ar\/noticias\/wp-content\/uploads\/2025\/06\/IMG_20250606_094046-scaled.jpg?fit=1928%2C2560&ssl=1\",\"width\":1928,\"height\":2560},{\"@type\":\"BreadcrumbList\",\"@id\":\"https:\/\/www.todoalfalfa.com.ar\/noticias\/silvia-olivo-del-inta-a-massey-ferguson\/#breadcrumb\",\"itemListElement\":[{\"@type\":\"ListItem\",\"position\":1,\"name\":\"Principal\",\"item\":\"https:\/\/www.todoalfalfa.com.ar\/noticias\/\"},{\"@type\":\"ListItem\",\"position\":2,\"name\":\"Silvia Olivo, del INTA a Massey Ferguson\"}]},{\"@type\":\"WebSite\",\"@id\":\"https:\/\/www.todoalfalfa.com.ar\/noticias\/#website\",\"url\":\"https:\/\/www.todoalfalfa.com.ar\/noticias\/\",\"name\":\"Todo Alfalfa\",\"description\":\"Web informativa de la cadena de la alfalfa argentina\",\"publisher\":{\"@id\":\"https:\/\/www.todoalfalfa.com.ar\/noticias\/#organization\"},\"potentialAction\":[{\"@type\":\"SearchAction\",\"target\":{\"@type\":\"EntryPoint\",\"urlTemplate\":\"https:\/\/www.todoalfalfa.com.ar\/noticias\/?s={search_term_string}\"},\"query-input\":{\"@type\":\"PropertyValueSpecification\",\"valueRequired\":true,\"valueName\":\"search_term_string\"}}],\"inLanguage\":\"es\"},{\"@type\":\"Organization\",\"@id\":\"https:\/\/www.todoalfalfa.com.ar\/noticias\/#organization\",\"name\":\"Todo Alfalfa\",\"url\":\"https:\/\/www.todoalfalfa.com.ar\/noticias\/\",\"logo\":{\"@type\":\"ImageObject\",\"inLanguage\":\"es\",\"@id\":\"https:\/\/www.todoalfalfa.com.ar\/noticias\/#\/schema\/logo\/image\/\",\"url\":\"https:\/\/www.todoalfalfa.com.ar\/noticias\/wp-content\/uploads\/2020\/09\/logo-todo-alfalfa-modificado.png\",\"contentUrl\":\"https:\/\/www.todoalfalfa.com.ar\/noticias\/wp-content\/uploads\/2020\/09\/logo-todo-alfalfa-modificado.png\",\"width\":350,\"height\":100,\"caption\":\"Todo Alfalfa\"},\"image\":{\"@id\":\"https:\/\/www.todoalfalfa.com.ar\/noticias\/#\/schema\/logo\/image\/\"},\"sameAs\":[\"https:\/\/www.facebook.com\/todoalfalfa\",\"https:\/\/www.instagram.com\/todoalfalfa\",\"https:\/\/www.youtube.com\/@TodoAlfalfa\",\"https:\/\/www.linkedin.com\/company\/todoalfalfa\/\"]},{\"@type\":\"Person\",\"@id\":\"https:\/\/www.todoalfalfa.com.ar\/noticias\/#\/schema\/person\/99de93cb711c7015ef658e5321ba9f18\",\"name\":\"Todo Alfalfa\",\"image\":{\"@type\":\"ImageObject\",\"inLanguage\":\"es\",\"@id\":\"https:\/\/www.todoalfalfa.com.ar\/noticias\/#\/schema\/person\/image\/\",\"url\":\"https:\/\/secure.gravatar.com\/avatar\/50ffd12fb7b268bc2467160730786602db252a270c63104e7c19b5f67b8dd346?s=96&d=mm&r=g\",\"contentUrl\":\"https:\/\/secure.gravatar.com\/avatar\/50ffd12fb7b268bc2467160730786602db252a270c63104e7c19b5f67b8dd346?s=96&d=mm&r=g\",\"caption\":\"Todo Alfalfa\"},\"url\":\"https:\/\/www.todoalfalfa.com.ar\/noticias\/author\/osvaldoiachetta\/\"}]}<\/script>\n<!-- \/ Yoast SEO plugin. -->","yoast_head_json":{"title":"Silvia Olivo, del INTA a Massey Ferguson","robots":{"index":"index","follow":"follow","max-snippet":"max-snippet:-1","max-image-preview":"max-image-preview:large","max-video-preview":"max-video-preview:-1"},"canonical":"https:\/\/www.todoalfalfa.com.ar\/noticias\/silvia-olivo-del-inta-a-massey-ferguson\/","og_locale":"es_ES","og_type":"article","og_title":"Silvia Olivo, del INTA a Massey Ferguson","og_description":"La ingeniera agr\u00f3nomo que hasta hace unos meses se despe\u00f1aba como integrante del equipo de forrajes de la Estaci\u00f3n Experimental de Manfredi se sum\u00f3 al equipo de ACGO. En AgroActiva debut\u00f3 como flamante responsable de Marketing de Producto Heno y Forraje.","og_url":"https:\/\/www.todoalfalfa.com.ar\/noticias\/silvia-olivo-del-inta-a-massey-ferguson\/","og_site_name":"Todo Alfalfa","article_publisher":"https:\/\/www.facebook.com\/todoalfalfa","article_published_time":"2025-06-12T17:34:18+00:00","article_modified_time":"2025-06-13T11:04:52+00:00","og_image":[{"width":1928,"height":2560,"url":"https:\/\/www.todoalfalfa.com.ar\/noticias\/wp-content\/uploads\/2025\/06\/IMG_20250606_094046-scaled.jpg","type":"image\/jpeg"}],"author":"Todo Alfalfa","twitter_card":"summary_large_image","twitter_misc":{"Escrito por":"Todo Alfalfa","Tiempo de lectura":"3 minutos"},"schema":{"@context":"https:\/\/schema.org","@graph":[{"@type":"NewsArticle","@id":"https:\/\/www.todoalfalfa.com.ar\/noticias\/silvia-olivo-del-inta-a-massey-ferguson\/#article","isPartOf":{"@id":"https:\/\/www.todoalfalfa.com.ar\/noticias\/silvia-olivo-del-inta-a-massey-ferguson\/"},"author":{"name":"Todo Alfalfa","@id":"https:\/\/www.todoalfalfa.com.ar\/noticias\/#\/schema\/person\/99de93cb711c7015ef658e5321ba9f18"},"headline":"Silvia Olivo, del INTA a Massey Ferguson","datePublished":"2025-06-12T17:34:18+00:00","dateModified":"2025-06-13T11:04:52+00:00","mainEntityOfPage":{"@id":"https:\/\/www.todoalfalfa.com.ar\/noticias\/silvia-olivo-del-inta-a-massey-ferguson\/"},"wordCount":619,"publisher":{"@id":"https:\/\/www.todoalfalfa.com.ar\/noticias\/#organization"},"image":{"@id":"https:\/\/www.todoalfalfa.com.ar\/noticias\/silvia-olivo-del-inta-a-massey-ferguson\/#primaryimage"},"thumbnailUrl":"https:\/\/i0.wp.com\/www.todoalfalfa.com.ar\/noticias\/wp-content\/uploads\/2025\/06\/IMG_20250606_094046-scaled.jpg?fit=1928%2C2560&ssl=1","keywords":["Agroactiva","alfalfa","Argentina","Diego Viegas Ventosa","forrajes","heno","Massey Ferguson","Novedades","pasturas","producci\u00f3n","siembra","Silvia Olivo"],"articleSection":["AgroActiva","Tecnolog\u00eda"],"inLanguage":"es"},{"@type":["WebPage","ItemPage"],"@id":"https:\/\/www.todoalfalfa.com.ar\/noticias\/silvia-olivo-del-inta-a-massey-ferguson\/","url":"https:\/\/www.todoalfalfa.com.ar\/noticias\/silvia-olivo-del-inta-a-massey-ferguson\/","name":"Silvia Olivo, del INTA a Massey Ferguson","isPartOf":{"@id":"https:\/\/www.todoalfalfa.com.ar\/noticias\/#website"},"primaryImageOfPage":{"@id":"https:\/\/www.todoalfalfa.com.ar\/noticias\/silvia-olivo-del-inta-a-massey-ferguson\/#primaryimage"},"image":{"@id":"https:\/\/www.todoalfalfa.com.ar\/noticias\/silvia-olivo-del-inta-a-massey-ferguson\/#primaryimage"},"thumbnailUrl":"https:\/\/i0.wp.com\/www.todoalfalfa.com.ar\/noticias\/wp-content\/uploads\/2025\/06\/IMG_20250606_094046-scaled.jpg?fit=1928%2C2560&ssl=1","datePublished":"2025-06-12T17:34:18+00:00","dateModified":"2025-06-13T11:04:52+00:00","breadcrumb":{"@id":"https:\/\/www.todoalfalfa.com.ar\/noticias\/silvia-olivo-del-inta-a-massey-ferguson\/#breadcrumb"},"inLanguage":"es","potentialAction":[{"@type":"ReadAction","target":["https:\/\/www.todoalfalfa.com.ar\/noticias\/silvia-olivo-del-inta-a-massey-ferguson\/"]}]},{"@type":"ImageObject","inLanguage":"es","@id":"https:\/\/www.todoalfalfa.com.ar\/noticias\/silvia-olivo-del-inta-a-massey-ferguson\/#primaryimage","url":"https:\/\/i0.wp.com\/www.todoalfalfa.com.ar\/noticias\/wp-content\/uploads\/2025\/06\/IMG_20250606_094046-scaled.jpg?fit=1928%2C2560&ssl=1","contentUrl":"https:\/\/i0.wp.com\/www.todoalfalfa.com.ar\/noticias\/wp-content\/uploads\/2025\/06\/IMG_20250606_094046-scaled.jpg?fit=1928%2C2560&ssl=1","width":1928,"height":2560},{"@type":"BreadcrumbList","@id":"https:\/\/www.todoalfalfa.com.ar\/noticias\/silvia-olivo-del-inta-a-massey-ferguson\/#breadcrumb","itemListElement":[{"@type":"ListItem","position":1,"name":"Principal","item":"https:\/\/www.todoalfalfa.com.ar\/noticias\/"},{"@type":"ListItem","position":2,"name":"Silvia Olivo, del INTA a Massey Ferguson"}]},{"@type":"WebSite","@id":"https:\/\/www.todoalfalfa.com.ar\/noticias\/#website","url":"https:\/\/www.todoalfalfa.com.ar\/noticias\/","name":"Todo Alfalfa","description":"Web informativa de la cadena de la alfalfa argentina","publisher":{"@id":"https:\/\/www.todoalfalfa.com.ar\/noticias\/#organization"},"potentialAction":[{"@type":"SearchAction","target":{"@type":"EntryPoint","urlTemplate":"https:\/\/www.todoalfalfa.com.ar\/noticias\/?s={search_term_string}"},"query-input":{"@type":"PropertyValueSpecification","valueRequired":true,"valueName":"search_term_string"}}],"inLanguage":"es"},{"@type":"Organization","@id":"https:\/\/www.todoalfalfa.com.ar\/noticias\/#organization","name":"Todo Alfalfa","url":"https:\/\/www.todoalfalfa.com.ar\/noticias\/","logo":{"@type":"ImageObject","inLanguage":"es","@id":"https:\/\/www.todoalfalfa.com.ar\/noticias\/#\/schema\/logo\/image\/","url":"https:\/\/www.todoalfalfa.com.ar\/noticias\/wp-content\/uploads\/2020\/09\/logo-todo-alfalfa-modificado.png","contentUrl":"https:\/\/www.todoalfalfa.com.ar\/noticias\/wp-content\/uploads\/2020\/09\/logo-todo-alfalfa-modificado.png","width":350,"height":100,"caption":"Todo Alfalfa"},"image":{"@id":"https:\/\/www.todoalfalfa.com.ar\/noticias\/#\/schema\/logo\/image\/"},"sameAs":["https:\/\/www.facebook.com\/todoalfalfa","https:\/\/www.instagram.com\/todoalfalfa","https:\/\/www.youtube.com\/@TodoAlfalfa","https:\/\/www.linkedin.com\/company\/todoalfalfa\/"]},{"@type":"Person","@id":"https:\/\/www.todoalfalfa.com.ar\/noticias\/#\/schema\/person\/99de93cb711c7015ef658e5321ba9f18","name":"Todo Alfalfa","image":{"@type":"ImageObject","inLanguage":"es","@id":"https:\/\/www.todoalfalfa.com.ar\/noticias\/#\/schema\/person\/image\/","url":"https:\/\/secure.gravatar.com\/avatar\/50ffd12fb7b268bc2467160730786602db252a270c63104e7c19b5f67b8dd346?s=96&d=mm&r=g","contentUrl":"https:\/\/secure.gravatar.com\/avatar\/50ffd12fb7b268bc2467160730786602db252a270c63104e7c19b5f67b8dd346?s=96&d=mm&r=g","caption":"Todo Alfalfa"},"url":"https:\/\/www.todoalfalfa.com.ar\/noticias\/author\/osvaldoiachetta\/"}]}},"jetpack_featured_media_url":"https:\/\/i0.wp.com\/www.todoalfalfa.com.ar\/noticias\/wp-content\/uploads\/2025\/06\/IMG_20250606_094046-scaled.jpg?fit=1928%2C2560&ssl=1","wps_subtitle":"","jetpack_sharing_enabled":true,"_links":{"self":[{"href":"https:\/\/www.todoalfalfa.com.ar\/noticias\/wp-json\/wp\/v2\/posts\/49417","targetHints":{"allow":["GET"]}}],"collection":[{"href":"https:\/\/www.todoalfalfa.com.ar\/noticias\/wp-json\/wp\/v2\/posts"}],"about":[{"href":"https:\/\/www.todoalfalfa.com.ar\/noticias\/wp-json\/wp\/v2\/types\/post"}],"author":[{"embeddable":true,"href":"https:\/\/www.todoalfalfa.com.ar\/noticias\/wp-json\/wp\/v2\/users\/9"}],"replies":[{"embeddable":true,"href":"https:\/\/www.todoalfalfa.com.ar\/noticias\/wp-json\/wp\/v2\/comments?post=49417"}],"version-history":[{"count":2,"href":"https:\/\/www.todoalfalfa.com.ar\/noticias\/wp-json\/wp\/v2\/posts\/49417\/revisions"}],"predecessor-version":[{"id":49441,"href":"https:\/\/www.todoalfalfa.com.ar\/noticias\/wp-json\/wp\/v2\/posts\/49417\/revisions\/49441"}],"wp:featuredmedia":[{"embeddable":true,"href":"https:\/\/www.todoalfalfa.com.ar\/noticias\/wp-json\/wp\/v2\/media\/49419"}],"wp:attachment":[{"href":"https:\/\/www.todoalfalfa.com.ar\/noticias\/wp-json\/wp\/v2\/media?parent=49417"}],"wp:term":[{"taxonomy":"category","embeddable":true,"href":"https:\/\/www.todoalfalfa.com.ar\/noticias\/wp-json\/wp\/v2\/categories?post=49417"},{"taxonomy":"post_tag","embeddable":true,"href":"https:\/\/www.todoalfalfa.com.ar\/noticias\/wp-json\/wp\/v2\/tags?post=49417"}],"curies":[{"name":"wp","href":"https:\/\/api.w.org\/{rel}","templated":true}]}}