{"id":49421,"date":"2025-06-12T14:39:37","date_gmt":"2025-06-12T17:39:37","guid":{"rendered":"https:\/\/www.todoalfalfa.com.ar\/noticias\/?p=49421"},"modified":"2025-06-12T22:31:30","modified_gmt":"2025-06-13T01:31:30","slug":"la-carne-y-la-lecheria-necesitan-incorporar-tecnologia","status":"publish","type":"post","link":"https:\/\/www.todoalfalfa.com.ar\/noticias\/la-carne-y-la-lecheria-necesitan-incorporar-tecnologia\/","title":{"rendered":"\u201cLa carne y la lecher\u00eda necesitan incorporar tecnolog\u00eda\u201d"},"content":{"rendered":"\n<p>Con buen alimento para los animales se produce mejor carne y leche; hoy ese sector est\u00e1 atravesando un \u201cbuen momento\u201d y le permite al productor contar con \u201cespalda\u201d para incorporar tecnolog\u00eda que permita mejorar el sistema.<\/p>\n\n\n\n<p>\u201cLa carne y la lecher\u00eda necesitan incorporar tecnolog\u00eda y aprovechar el momento\u201d destac\u00f3 Federico S\u00e1nchez, especialista en Soluciones de la empresa, por lo que existe un incremento en la demanda de ese sector. <\/p>\n\n\n\n<p>Desde John Deere presentaron en AgroActiva 2025 el portfolio de rotoenfardadoras. Se trata de m\u00e1quinas que poseen <strong>sensores de humedad y peso<\/strong>, lo que permite hacer un <strong>mapa de rendimiento en tiempo real.<\/strong><\/p>\n\n\n\n<p>Esto brinda la posibilidad al productor de <strong>controlar la productividad<\/strong>. \u201cCerramos un lote y sabemos cuantos rollos salieron, con que peso\u201d lo que nos permite manejar un mapa de rendimiento.<\/p>\n\n\n\n<p>Adem\u00e1s, estos tipos de muestras como AgroActiva le permiten a las empresas poder conversar y tener \u201ccara a cara\u201d con \u201ccontratistas que brindan servicios o productores que sacan el provecho final de este tipo de beneficios\u201d.<\/p>\n\n\n\n<figure class=\"wp-block-embed is-type-video is-provider-youtube wp-block-embed-youtube wp-embed-aspect-16-9 wp-has-aspect-ratio\"><div class=\"wp-block-embed__wrapper\">\n<iframe title=\"\u201cLa carne y la lecher\u00eda necesitan incorporar tecnolog\u00eda\u201d\" width=\"500\" height=\"281\" src=\"https:\/\/www.youtube.com\/embed\/z6a8_P316vA?feature=oembed\" frameborder=\"0\" allow=\"accelerometer; autoplay; clipboard-write; encrypted-media; gyroscope; picture-in-picture; web-share\" referrerpolicy=\"strict-origin-when-cross-origin\" allowfullscreen><\/iframe>\n<\/div><\/figure>\n\n\n\n<p class=\"has-medium-font-size\"><strong>Incorporar tecnolog\u00eda para ser mejores<\/strong><\/p>\n\n\n\n<p>La demanda va en crecimiento. El productor, asegura S\u00e1nchez, busca rotoenfardadoras, segadoras acondicionadoras, tractores para mixer que adem\u00e1s, tiene uno de los implementos m\u00e1s demandados es la conexi\u00f3n que permite en tiempo real ver los movimientos y todo el trabajo que realiza que logra controlar el costo operativo.<\/p>\n\n\n\n<p class=\"has-medium-font-size\"><strong>Una diplomatura para capacitar en post de una \u201calfalfa de calidad\u201d<\/strong><\/p>\n\n\n\n<p>S\u00e1nchez ser\u00e1 uno de los profesionales a cargo de la <a href=\"https:\/\/www.todoalfalfa.com.ar\/noticias\/una-diplomatura-para-producir-alfalfas-de-calidad\/\" target=\"_blank\" rel=\"noreferrer noopener\">Diplomatura en Alfalfas de Calidad<\/a> que TodoCampos organiza junto a TodoAlfalfa y la UNVM. Con un amplio cuerpo docente que tiene a los especialistas en cada tem\u00e1tica se abordar\u00e1n cada uno de los temas que son claves para que el proceso productivo sea exitoso.<\/p>\n\n\n\n<p>\u201cEl objetivo es utilizar toda la tecnolog\u00eda que tenemos disponible\u201d, indic\u00f3 y sum\u00f3 que Argentina exporta m\u00e1s de 100 mil toneladas de heno de alfalfa lo que es un excelente promotor de la calidad y llev\u00f3 a que se empiece a valorar el kilo de alfalfa y dejemos de hablar de bultos.<\/p>\n\n\n\n<p>Pero nuestro pa\u00eds produce 5 millones de toneladas y la gran mayor\u00eda se utiliza en el mercado interno y para S\u00e1nchez, lo que hay que buscar es exportar valor agregado transformando esa alfalfa de calidad en kilos de carne o leche que tengan destino extranjero,<\/p>\n<div class=\"todoalfalfa-final-de-la-nota\" id=\"todoalfalfa-3956131699\"><a href=\"https:\/\/www.whatsapp.com\/channel\/0029VbCBmFB9WtBxJsD3eC2i\" target=\"_blank\" aria-label=\"5\"><img src=\"https:\/\/i0.wp.com\/www.todoalfalfa.com.ar\/noticias\/wp-content\/uploads\/2026\/04\/5.gif?fit=728%2C90&#038;ssl=1\" alt=\"\"  width=\"728\" height=\"90\"   \/><\/a><\/div>","protected":false},"excerpt":{"rendered":"<p>Lo manifest\u00f3 Federico S\u00e1nchez, especialista en Soluciones de John Deere Argentina, al ser consultado sobre la realidad de la producci\u00f3n forrajera en nuestro pa\u00eds. Estos dos sector, necesitan de la alfalfa de calidad para producir m\u00e1s y mejor.<\/p>\n","protected":false},"author":9,"featured_media":49422,"comment_status":"closed","ping_status":"open","sticky":false,"template":"","format":"standard","meta":{"jetpack_post_was_ever_published":false,"_jetpack_newsletter_access":"","_jetpack_dont_email_post_to_subs":false,"_jetpack_newsletter_tier_id":0,"_jetpack_memberships_contains_paywalled_content":false,"_jetpack_memberships_contains_paid_content":false,"footnotes":""},"categories":[1739,4],"tags":[31,236,1933,54,68,36,1744,605,1659,21],"class_list":["post-49421","post","type-post","status-publish","format-standard","has-post-thumbnail","hentry","category-agroactiva","category-tecnologia","tag-alfalfa","tag-exportacion","tag-federico-sanchez-2","tag-forrajes","tag-heno","tag-inta","tag-john-deere","tag-maquinaria","tag-novedades","tag-produccion"],"yoast_head":"<!-- This site is optimized with the Yoast SEO plugin v25.5 - https:\/\/yoast.com\/wordpress\/plugins\/seo\/ -->\n<title>\u201cLa carne y la lecher\u00eda necesitan incorporar tecnolog\u00eda\u201d<\/title>\n<meta name=\"robots\" content=\"index, follow, max-snippet:-1, max-image-preview:large, max-video-preview:-1\" \/>\n<link rel=\"canonical\" href=\"https:\/\/www.todoalfalfa.com.ar\/noticias\/la-carne-y-la-lecheria-necesitan-incorporar-tecnologia\/\" \/>\n<meta property=\"og:locale\" content=\"es_ES\" \/>\n<meta property=\"og:type\" content=\"article\" \/>\n<meta property=\"og:title\" content=\"\u201cLa carne y la lecher\u00eda necesitan incorporar tecnolog\u00eda\u201d\" \/>\n<meta property=\"og:description\" content=\"Lo manifest\u00f3 Federico S\u00e1nchez, especialista en Soluciones de John Deere Argentina, al ser consultado sobre la realidad de la producci\u00f3n forrajera en nuestro pa\u00eds. Estos dos sector, necesitan de la alfalfa de calidad para producir m\u00e1s y mejor.\" \/>\n<meta property=\"og:url\" content=\"https:\/\/www.todoalfalfa.com.ar\/noticias\/la-carne-y-la-lecheria-necesitan-incorporar-tecnologia\/\" \/>\n<meta property=\"og:site_name\" content=\"Todo Alfalfa\" \/>\n<meta property=\"article:publisher\" content=\"https:\/\/www.facebook.com\/todoalfalfa\" \/>\n<meta property=\"article:published_time\" content=\"2025-06-12T17:39:37+00:00\" \/>\n<meta property=\"article:modified_time\" content=\"2025-06-13T01:31:30+00:00\" \/>\n<meta property=\"og:image\" content=\"https:\/\/www.todoalfalfa.com.ar\/noticias\/wp-content\/uploads\/2025\/06\/Captura-de-pantalla-2025-06-12-143519.png\" \/>\n\t<meta property=\"og:image:width\" content=\"305\" \/>\n\t<meta property=\"og:image:height\" content=\"338\" \/>\n\t<meta property=\"og:image:type\" content=\"image\/png\" \/>\n<meta name=\"author\" content=\"Todo Alfalfa\" \/>\n<meta name=\"twitter:card\" content=\"summary_large_image\" \/>\n<meta name=\"twitter:label1\" content=\"Escrito por\" \/>\n\t<meta name=\"twitter:data1\" content=\"Todo Alfalfa\" \/>\n\t<meta name=\"twitter:label2\" content=\"Tiempo de lectura\" \/>\n\t<meta name=\"twitter:data2\" content=\"2 minutos\" \/>\n<script type=\"application\/ld+json\" class=\"yoast-schema-graph\">{\"@context\":\"https:\/\/schema.org\",\"@graph\":[{\"@type\":\"NewsArticle\",\"@id\":\"https:\/\/www.todoalfalfa.com.ar\/noticias\/la-carne-y-la-lecheria-necesitan-incorporar-tecnologia\/#article\",\"isPartOf\":{\"@id\":\"https:\/\/www.todoalfalfa.com.ar\/noticias\/la-carne-y-la-lecheria-necesitan-incorporar-tecnologia\/\"},\"author\":{\"name\":\"Todo Alfalfa\",\"@id\":\"https:\/\/www.todoalfalfa.com.ar\/noticias\/#\/schema\/person\/99de93cb711c7015ef658e5321ba9f18\"},\"headline\":\"\u201cLa carne y la lecher\u00eda necesitan incorporar tecnolog\u00eda\u201d\",\"datePublished\":\"2025-06-12T17:39:37+00:00\",\"dateModified\":\"2025-06-13T01:31:30+00:00\",\"mainEntityOfPage\":{\"@id\":\"https:\/\/www.todoalfalfa.com.ar\/noticias\/la-carne-y-la-lecheria-necesitan-incorporar-tecnologia\/\"},\"wordCount\":416,\"publisher\":{\"@id\":\"https:\/\/www.todoalfalfa.com.ar\/noticias\/#organization\"},\"image\":{\"@id\":\"https:\/\/www.todoalfalfa.com.ar\/noticias\/la-carne-y-la-lecheria-necesitan-incorporar-tecnologia\/#primaryimage\"},\"thumbnailUrl\":\"https:\/\/i0.wp.com\/www.todoalfalfa.com.ar\/noticias\/wp-content\/uploads\/2025\/06\/Captura-de-pantalla-2025-06-12-143519.png?fit=305%2C338&ssl=1\",\"keywords\":[\"alfalfa\",\"exportaci\u00f3n\",\"Federico Sanchez\",\"forrajes\",\"heno\",\"inta\",\"John Deere\",\"maquinaria\",\"Novedades\",\"producci\u00f3n\"],\"articleSection\":[\"AgroActiva\",\"Tecnolog\u00eda\"],\"inLanguage\":\"es\"},{\"@type\":[\"WebPage\",\"ItemPage\"],\"@id\":\"https:\/\/www.todoalfalfa.com.ar\/noticias\/la-carne-y-la-lecheria-necesitan-incorporar-tecnologia\/\",\"url\":\"https:\/\/www.todoalfalfa.com.ar\/noticias\/la-carne-y-la-lecheria-necesitan-incorporar-tecnologia\/\",\"name\":\"\u201cLa carne y la lecher\u00eda necesitan incorporar tecnolog\u00eda\u201d\",\"isPartOf\":{\"@id\":\"https:\/\/www.todoalfalfa.com.ar\/noticias\/#website\"},\"primaryImageOfPage\":{\"@id\":\"https:\/\/www.todoalfalfa.com.ar\/noticias\/la-carne-y-la-lecheria-necesitan-incorporar-tecnologia\/#primaryimage\"},\"image\":{\"@id\":\"https:\/\/www.todoalfalfa.com.ar\/noticias\/la-carne-y-la-lecheria-necesitan-incorporar-tecnologia\/#primaryimage\"},\"thumbnailUrl\":\"https:\/\/i0.wp.com\/www.todoalfalfa.com.ar\/noticias\/wp-content\/uploads\/2025\/06\/Captura-de-pantalla-2025-06-12-143519.png?fit=305%2C338&ssl=1\",\"datePublished\":\"2025-06-12T17:39:37+00:00\",\"dateModified\":\"2025-06-13T01:31:30+00:00\",\"breadcrumb\":{\"@id\":\"https:\/\/www.todoalfalfa.com.ar\/noticias\/la-carne-y-la-lecheria-necesitan-incorporar-tecnologia\/#breadcrumb\"},\"inLanguage\":\"es\",\"potentialAction\":[{\"@type\":\"ReadAction\",\"target\":[\"https:\/\/www.todoalfalfa.com.ar\/noticias\/la-carne-y-la-lecheria-necesitan-incorporar-tecnologia\/\"]}]},{\"@type\":\"ImageObject\",\"inLanguage\":\"es\",\"@id\":\"https:\/\/www.todoalfalfa.com.ar\/noticias\/la-carne-y-la-lecheria-necesitan-incorporar-tecnologia\/#primaryimage\",\"url\":\"https:\/\/i0.wp.com\/www.todoalfalfa.com.ar\/noticias\/wp-content\/uploads\/2025\/06\/Captura-de-pantalla-2025-06-12-143519.png?fit=305%2C338&ssl=1\",\"contentUrl\":\"https:\/\/i0.wp.com\/www.todoalfalfa.com.ar\/noticias\/wp-content\/uploads\/2025\/06\/Captura-de-pantalla-2025-06-12-143519.png?fit=305%2C338&ssl=1\",\"width\":305,\"height\":338},{\"@type\":\"BreadcrumbList\",\"@id\":\"https:\/\/www.todoalfalfa.com.ar\/noticias\/la-carne-y-la-lecheria-necesitan-incorporar-tecnologia\/#breadcrumb\",\"itemListElement\":[{\"@type\":\"ListItem\",\"position\":1,\"name\":\"Principal\",\"item\":\"https:\/\/www.todoalfalfa.com.ar\/noticias\/\"},{\"@type\":\"ListItem\",\"position\":2,\"name\":\"\u201cLa carne y la lecher\u00eda necesitan incorporar tecnolog\u00eda\u201d\"}]},{\"@type\":\"WebSite\",\"@id\":\"https:\/\/www.todoalfalfa.com.ar\/noticias\/#website\",\"url\":\"https:\/\/www.todoalfalfa.com.ar\/noticias\/\",\"name\":\"Todo Alfalfa\",\"description\":\"Web informativa de la cadena de la alfalfa argentina\",\"publisher\":{\"@id\":\"https:\/\/www.todoalfalfa.com.ar\/noticias\/#organization\"},\"potentialAction\":[{\"@type\":\"SearchAction\",\"target\":{\"@type\":\"EntryPoint\",\"urlTemplate\":\"https:\/\/www.todoalfalfa.com.ar\/noticias\/?s={search_term_string}\"},\"query-input\":{\"@type\":\"PropertyValueSpecification\",\"valueRequired\":true,\"valueName\":\"search_term_string\"}}],\"inLanguage\":\"es\"},{\"@type\":\"Organization\",\"@id\":\"https:\/\/www.todoalfalfa.com.ar\/noticias\/#organization\",\"name\":\"Todo Alfalfa\",\"url\":\"https:\/\/www.todoalfalfa.com.ar\/noticias\/\",\"logo\":{\"@type\":\"ImageObject\",\"inLanguage\":\"es\",\"@id\":\"https:\/\/www.todoalfalfa.com.ar\/noticias\/#\/schema\/logo\/image\/\",\"url\":\"https:\/\/www.todoalfalfa.com.ar\/noticias\/wp-content\/uploads\/2020\/09\/logo-todo-alfalfa-modificado.png\",\"contentUrl\":\"https:\/\/www.todoalfalfa.com.ar\/noticias\/wp-content\/uploads\/2020\/09\/logo-todo-alfalfa-modificado.png\",\"width\":350,\"height\":100,\"caption\":\"Todo Alfalfa\"},\"image\":{\"@id\":\"https:\/\/www.todoalfalfa.com.ar\/noticias\/#\/schema\/logo\/image\/\"},\"sameAs\":[\"https:\/\/www.facebook.com\/todoalfalfa\",\"https:\/\/www.instagram.com\/todoalfalfa\",\"https:\/\/www.youtube.com\/@TodoAlfalfa\",\"https:\/\/www.linkedin.com\/company\/todoalfalfa\/\"]},{\"@type\":\"Person\",\"@id\":\"https:\/\/www.todoalfalfa.com.ar\/noticias\/#\/schema\/person\/99de93cb711c7015ef658e5321ba9f18\",\"name\":\"Todo Alfalfa\",\"image\":{\"@type\":\"ImageObject\",\"inLanguage\":\"es\",\"@id\":\"https:\/\/www.todoalfalfa.com.ar\/noticias\/#\/schema\/person\/image\/\",\"url\":\"https:\/\/secure.gravatar.com\/avatar\/50ffd12fb7b268bc2467160730786602db252a270c63104e7c19b5f67b8dd346?s=96&d=mm&r=g\",\"contentUrl\":\"https:\/\/secure.gravatar.com\/avatar\/50ffd12fb7b268bc2467160730786602db252a270c63104e7c19b5f67b8dd346?s=96&d=mm&r=g\",\"caption\":\"Todo Alfalfa\"},\"url\":\"https:\/\/www.todoalfalfa.com.ar\/noticias\/author\/osvaldoiachetta\/\"}]}<\/script>\n<!-- \/ Yoast SEO plugin. -->","yoast_head_json":{"title":"\u201cLa carne y la lecher\u00eda necesitan incorporar tecnolog\u00eda\u201d","robots":{"index":"index","follow":"follow","max-snippet":"max-snippet:-1","max-image-preview":"max-image-preview:large","max-video-preview":"max-video-preview:-1"},"canonical":"https:\/\/www.todoalfalfa.com.ar\/noticias\/la-carne-y-la-lecheria-necesitan-incorporar-tecnologia\/","og_locale":"es_ES","og_type":"article","og_title":"\u201cLa carne y la lecher\u00eda necesitan incorporar tecnolog\u00eda\u201d","og_description":"Lo manifest\u00f3 Federico S\u00e1nchez, especialista en Soluciones de John Deere Argentina, al ser consultado sobre la realidad de la producci\u00f3n forrajera en nuestro pa\u00eds. Estos dos sector, necesitan de la alfalfa de calidad para producir m\u00e1s y mejor.","og_url":"https:\/\/www.todoalfalfa.com.ar\/noticias\/la-carne-y-la-lecheria-necesitan-incorporar-tecnologia\/","og_site_name":"Todo Alfalfa","article_publisher":"https:\/\/www.facebook.com\/todoalfalfa","article_published_time":"2025-06-12T17:39:37+00:00","article_modified_time":"2025-06-13T01:31:30+00:00","og_image":[{"width":305,"height":338,"url":"https:\/\/www.todoalfalfa.com.ar\/noticias\/wp-content\/uploads\/2025\/06\/Captura-de-pantalla-2025-06-12-143519.png","type":"image\/png"}],"author":"Todo Alfalfa","twitter_card":"summary_large_image","twitter_misc":{"Escrito por":"Todo Alfalfa","Tiempo de lectura":"2 minutos"},"schema":{"@context":"https:\/\/schema.org","@graph":[{"@type":"NewsArticle","@id":"https:\/\/www.todoalfalfa.com.ar\/noticias\/la-carne-y-la-lecheria-necesitan-incorporar-tecnologia\/#article","isPartOf":{"@id":"https:\/\/www.todoalfalfa.com.ar\/noticias\/la-carne-y-la-lecheria-necesitan-incorporar-tecnologia\/"},"author":{"name":"Todo Alfalfa","@id":"https:\/\/www.todoalfalfa.com.ar\/noticias\/#\/schema\/person\/99de93cb711c7015ef658e5321ba9f18"},"headline":"\u201cLa carne y la lecher\u00eda necesitan incorporar tecnolog\u00eda\u201d","datePublished":"2025-06-12T17:39:37+00:00","dateModified":"2025-06-13T01:31:30+00:00","mainEntityOfPage":{"@id":"https:\/\/www.todoalfalfa.com.ar\/noticias\/la-carne-y-la-lecheria-necesitan-incorporar-tecnologia\/"},"wordCount":416,"publisher":{"@id":"https:\/\/www.todoalfalfa.com.ar\/noticias\/#organization"},"image":{"@id":"https:\/\/www.todoalfalfa.com.ar\/noticias\/la-carne-y-la-lecheria-necesitan-incorporar-tecnologia\/#primaryimage"},"thumbnailUrl":"https:\/\/i0.wp.com\/www.todoalfalfa.com.ar\/noticias\/wp-content\/uploads\/2025\/06\/Captura-de-pantalla-2025-06-12-143519.png?fit=305%2C338&ssl=1","keywords":["alfalfa","exportaci\u00f3n","Federico Sanchez","forrajes","heno","inta","John Deere","maquinaria","Novedades","producci\u00f3n"],"articleSection":["AgroActiva","Tecnolog\u00eda"],"inLanguage":"es"},{"@type":["WebPage","ItemPage"],"@id":"https:\/\/www.todoalfalfa.com.ar\/noticias\/la-carne-y-la-lecheria-necesitan-incorporar-tecnologia\/","url":"https:\/\/www.todoalfalfa.com.ar\/noticias\/la-carne-y-la-lecheria-necesitan-incorporar-tecnologia\/","name":"\u201cLa carne y la lecher\u00eda necesitan incorporar tecnolog\u00eda\u201d","isPartOf":{"@id":"https:\/\/www.todoalfalfa.com.ar\/noticias\/#website"},"primaryImageOfPage":{"@id":"https:\/\/www.todoalfalfa.com.ar\/noticias\/la-carne-y-la-lecheria-necesitan-incorporar-tecnologia\/#primaryimage"},"image":{"@id":"https:\/\/www.todoalfalfa.com.ar\/noticias\/la-carne-y-la-lecheria-necesitan-incorporar-tecnologia\/#primaryimage"},"thumbnailUrl":"https:\/\/i0.wp.com\/www.todoalfalfa.com.ar\/noticias\/wp-content\/uploads\/2025\/06\/Captura-de-pantalla-2025-06-12-143519.png?fit=305%2C338&ssl=1","datePublished":"2025-06-12T17:39:37+00:00","dateModified":"2025-06-13T01:31:30+00:00","breadcrumb":{"@id":"https:\/\/www.todoalfalfa.com.ar\/noticias\/la-carne-y-la-lecheria-necesitan-incorporar-tecnologia\/#breadcrumb"},"inLanguage":"es","potentialAction":[{"@type":"ReadAction","target":["https:\/\/www.todoalfalfa.com.ar\/noticias\/la-carne-y-la-lecheria-necesitan-incorporar-tecnologia\/"]}]},{"@type":"ImageObject","inLanguage":"es","@id":"https:\/\/www.todoalfalfa.com.ar\/noticias\/la-carne-y-la-lecheria-necesitan-incorporar-tecnologia\/#primaryimage","url":"https:\/\/i0.wp.com\/www.todoalfalfa.com.ar\/noticias\/wp-content\/uploads\/2025\/06\/Captura-de-pantalla-2025-06-12-143519.png?fit=305%2C338&ssl=1","contentUrl":"https:\/\/i0.wp.com\/www.todoalfalfa.com.ar\/noticias\/wp-content\/uploads\/2025\/06\/Captura-de-pantalla-2025-06-12-143519.png?fit=305%2C338&ssl=1","width":305,"height":338},{"@type":"BreadcrumbList","@id":"https:\/\/www.todoalfalfa.com.ar\/noticias\/la-carne-y-la-lecheria-necesitan-incorporar-tecnologia\/#breadcrumb","itemListElement":[{"@type":"ListItem","position":1,"name":"Principal","item":"https:\/\/www.todoalfalfa.com.ar\/noticias\/"},{"@type":"ListItem","position":2,"name":"\u201cLa carne y la lecher\u00eda necesitan incorporar tecnolog\u00eda\u201d"}]},{"@type":"WebSite","@id":"https:\/\/www.todoalfalfa.com.ar\/noticias\/#website","url":"https:\/\/www.todoalfalfa.com.ar\/noticias\/","name":"Todo Alfalfa","description":"Web informativa de la cadena de la alfalfa argentina","publisher":{"@id":"https:\/\/www.todoalfalfa.com.ar\/noticias\/#organization"},"potentialAction":[{"@type":"SearchAction","target":{"@type":"EntryPoint","urlTemplate":"https:\/\/www.todoalfalfa.com.ar\/noticias\/?s={search_term_string}"},"query-input":{"@type":"PropertyValueSpecification","valueRequired":true,"valueName":"search_term_string"}}],"inLanguage":"es"},{"@type":"Organization","@id":"https:\/\/www.todoalfalfa.com.ar\/noticias\/#organization","name":"Todo Alfalfa","url":"https:\/\/www.todoalfalfa.com.ar\/noticias\/","logo":{"@type":"ImageObject","inLanguage":"es","@id":"https:\/\/www.todoalfalfa.com.ar\/noticias\/#\/schema\/logo\/image\/","url":"https:\/\/www.todoalfalfa.com.ar\/noticias\/wp-content\/uploads\/2020\/09\/logo-todo-alfalfa-modificado.png","contentUrl":"https:\/\/www.todoalfalfa.com.ar\/noticias\/wp-content\/uploads\/2020\/09\/logo-todo-alfalfa-modificado.png","width":350,"height":100,"caption":"Todo Alfalfa"},"image":{"@id":"https:\/\/www.todoalfalfa.com.ar\/noticias\/#\/schema\/logo\/image\/"},"sameAs":["https:\/\/www.facebook.com\/todoalfalfa","https:\/\/www.instagram.com\/todoalfalfa","https:\/\/www.youtube.com\/@TodoAlfalfa","https:\/\/www.linkedin.com\/company\/todoalfalfa\/"]},{"@type":"Person","@id":"https:\/\/www.todoalfalfa.com.ar\/noticias\/#\/schema\/person\/99de93cb711c7015ef658e5321ba9f18","name":"Todo Alfalfa","image":{"@type":"ImageObject","inLanguage":"es","@id":"https:\/\/www.todoalfalfa.com.ar\/noticias\/#\/schema\/person\/image\/","url":"https:\/\/secure.gravatar.com\/avatar\/50ffd12fb7b268bc2467160730786602db252a270c63104e7c19b5f67b8dd346?s=96&d=mm&r=g","contentUrl":"https:\/\/secure.gravatar.com\/avatar\/50ffd12fb7b268bc2467160730786602db252a270c63104e7c19b5f67b8dd346?s=96&d=mm&r=g","caption":"Todo Alfalfa"},"url":"https:\/\/www.todoalfalfa.com.ar\/noticias\/author\/osvaldoiachetta\/"}]}},"jetpack_featured_media_url":"https:\/\/i0.wp.com\/www.todoalfalfa.com.ar\/noticias\/wp-content\/uploads\/2025\/06\/Captura-de-pantalla-2025-06-12-143519.png?fit=305%2C338&ssl=1","wps_subtitle":"","jetpack_sharing_enabled":true,"_links":{"self":[{"href":"https:\/\/www.todoalfalfa.com.ar\/noticias\/wp-json\/wp\/v2\/posts\/49421","targetHints":{"allow":["GET"]}}],"collection":[{"href":"https:\/\/www.todoalfalfa.com.ar\/noticias\/wp-json\/wp\/v2\/posts"}],"about":[{"href":"https:\/\/www.todoalfalfa.com.ar\/noticias\/wp-json\/wp\/v2\/types\/post"}],"author":[{"embeddable":true,"href":"https:\/\/www.todoalfalfa.com.ar\/noticias\/wp-json\/wp\/v2\/users\/9"}],"replies":[{"embeddable":true,"href":"https:\/\/www.todoalfalfa.com.ar\/noticias\/wp-json\/wp\/v2\/comments?post=49421"}],"version-history":[{"count":2,"href":"https:\/\/www.todoalfalfa.com.ar\/noticias\/wp-json\/wp\/v2\/posts\/49421\/revisions"}],"predecessor-version":[{"id":49433,"href":"https:\/\/www.todoalfalfa.com.ar\/noticias\/wp-json\/wp\/v2\/posts\/49421\/revisions\/49433"}],"wp:featuredmedia":[{"embeddable":true,"href":"https:\/\/www.todoalfalfa.com.ar\/noticias\/wp-json\/wp\/v2\/media\/49422"}],"wp:attachment":[{"href":"https:\/\/www.todoalfalfa.com.ar\/noticias\/wp-json\/wp\/v2\/media?parent=49421"}],"wp:term":[{"taxonomy":"category","embeddable":true,"href":"https:\/\/www.todoalfalfa.com.ar\/noticias\/wp-json\/wp\/v2\/categories?post=49421"},{"taxonomy":"post_tag","embeddable":true,"href":"https:\/\/www.todoalfalfa.com.ar\/noticias\/wp-json\/wp\/v2\/tags?post=49421"}],"curies":[{"name":"wp","href":"https:\/\/api.w.org\/{rel}","templated":true}]}}