{"id":49643,"date":"2025-07-18T08:55:39","date_gmt":"2025-07-18T11:55:39","guid":{"rendered":"https:\/\/www.todoalfalfa.com.ar\/noticias\/?p=49643"},"modified":"2025-08-13T12:54:28","modified_gmt":"2025-08-13T15:54:28","slug":"una-gira-alfalfera-a-tu-medida","status":"publish","type":"post","link":"https:\/\/www.todoalfalfa.com.ar\/noticias\/una-gira-alfalfera-a-tu-medida\/","title":{"rendered":"Una gira alfalfera a tu medida"},"content":{"rendered":"\n<p>Con el objetivo de capacitar, <em><strong>TodoAlfalfa (Partner del Congreso Mundial del Alfalfa)<\/strong><\/em> organiza una gira alfalfera por el \u201cviejo continente\u201d, donde la propuesta ofrece <strong>ser parte del Congreso Mundial de Alfalfa y luego viajar a Espa\u00f1a para recorrer plantas de compactado y deshidratado.<\/strong><\/p>\n\n\n\n<p>En lo que respecta al <strong>Congreso Mundial de Alfalfa<\/strong>, desde la organizaci\u00f3n del viaje manifestaron: \u201cser\u00e1 un momento oportuno para poder sumar conocimiento e incorporar las \u00faltimas novedades, los avances y todo lo que el productor, empresario y toda aquella persona relacionada a la producci\u00f3n de alfalfa necesite saber\u201d.<\/p>\n\n\n\n<blockquote class=\"wp-block-quote is-layout-flow wp-block-quote-is-layout-flow\">\n<p>Del 3 al 6 de noviembre, Reims se transformar\u00e1 en la capital mundial de alfalfa a trav\u00e9s del congreso que se organizar\u00e1 en esa ciudad y que convocar\u00e1 a los disertantes y especialistas m\u00e1s destacados.<\/p>\n<\/blockquote>\n\n\n\n<p>La iniciativa contempla luego viajar a Espa\u00f1a para visitar plantas de deshidratado y compactado en Zaragoza y Arganda del Rey, Madrid. El contingente que se conforma en esta propuesta incluye a interesados de Argentina y de otros pa\u00edses de latinoam\u00e9rica, por lo que desde la organizaci\u00f3n entienden que los tiempos y necesidades de cada persona pueden variar, en ese marco, desde TodoAlfalfa se defini\u00f3 que cada persona \u201c<strong>arme su viaje a su medida<\/strong>\u201d en caso de que su inter\u00e9s sea visitar otros destinos, aprovechando el viaje o si los tiempos no le permitan ser parte de toda la gira.<\/p>\n\n\n\n<figure class=\"wp-block-image size-large\"><img data-recalc-dims=\"1\" fetchpriority=\"high\" decoding=\"async\" width=\"1024\" height=\"553\" src=\"https:\/\/i0.wp.com\/www.todoalfalfa.com.ar\/noticias\/wp-content\/uploads\/2025\/07\/Captura-de-pantalla-2025-07-18-083024.png?resize=1024%2C553&#038;ssl=1\" alt=\"\" class=\"wp-image-49646\" srcset=\"https:\/\/i0.wp.com\/www.todoalfalfa.com.ar\/noticias\/wp-content\/uploads\/2025\/07\/Captura-de-pantalla-2025-07-18-083024.png?resize=1024%2C553&amp;ssl=1 1024w, https:\/\/i0.wp.com\/www.todoalfalfa.com.ar\/noticias\/wp-content\/uploads\/2025\/07\/Captura-de-pantalla-2025-07-18-083024.png?resize=300%2C162&amp;ssl=1 300w, https:\/\/i0.wp.com\/www.todoalfalfa.com.ar\/noticias\/wp-content\/uploads\/2025\/07\/Captura-de-pantalla-2025-07-18-083024.png?resize=768%2C415&amp;ssl=1 768w, https:\/\/i0.wp.com\/www.todoalfalfa.com.ar\/noticias\/wp-content\/uploads\/2025\/07\/Captura-de-pantalla-2025-07-18-083024.png?w=1088&amp;ssl=1 1088w\" sizes=\"(max-width: 1000px) 100vw, 1000px\" \/><figcaption class=\"wp-element-caption\">Foto primer Congreso Mundial de Alfalfa en China 2015 (Cobertura de TodoAlfalfa)<\/figcaption><\/figure>\n\n\n\n<p>A modo de ejemplo, si un productor, adem\u00e1s quiere viajar a la EIMA en Italia, posterior a la gira o quiere participar solo del Congreso Mundial de Alfalfa, podr\u00e1 adaptar el viaje a sus necesidades y medida.<\/p>\n\n\n\n<p>Sin embargo, desde la empresa Sunce Travel, responsable de coordinar los vuelos, sugieren \u201c<strong><em>definir lo antes posible para poder congelar precio<\/em><\/strong>\u201d.<\/p>\n\n\n\n<p>En lo que respecta a la <strong>GIRA DE CAPACITACI\u00d3N ALFALFERA<\/strong>, contendr\u00e1:<\/p>\n\n\n\n<p>&#8211; Congreso Mundial de Alfalfa (3 al 6 de noviembre. Reims. Francia). Con un amplio programa que abordar\u00e1 diversos temas de actualidad para producir alfalfas de calidad seg\u00fan las normativas internacionales. Durante cuatro d\u00edas los disertantes m\u00e1s calificados en la materia abordar\u00e1n tem\u00e1ticas destacadas y \u201clos temas que vienen\u201d para el sector.&nbsp;<\/p>\n\n\n\n<p>El d\u00eda 1 (3 de noviembre) en el Centro de Convenciones de Reims se brindar\u00e1 un taller para productores y profesionales en la que se har\u00e1n presentaciones sobre <strong>manejo de plagas, fertilizaci\u00f3n, gen\u00e9tica, uso de la alfalfa en producci\u00f3n animal y beneficios de la deshidrataci\u00f3n<\/strong> (detallar\u00e1n experiencias de pa\u00edses productores, informaci\u00f3n t\u00e9cnica de secado y an\u00e1lisis de mercado).<\/p>\n\n\n\n<p>A su vez, habr\u00e1 una <strong>sesi\u00f3n especial de j\u00f3venes investigadores<\/strong>, donde cient\u00edficos de varios pa\u00edses deber\u00e1n presentar sus propuestas de tesis en tan solo tres minutos.<\/p>\n\n\n\n<p>Durante el d\u00eda 2 (4 de noviembre) en horas de la ma\u00f1ana se llevar\u00e1 a cabo la <strong>ceremonia de apertura<\/strong>. Participar\u00e1n el Ministro de Agricultura de Francia y otras autoridades del sector de la alfalfa y del Congreso.<\/p>\n\n\n\n<p>Acto seguido se tratar\u00e1n <strong>temas econ\u00f3micos y de mercados<\/strong>. La alfalfa todav\u00eda es un mercado para la alimentaci\u00f3n animal en el futuro cercano. Pero, \u00bfqu\u00e9 puede pasar m\u00e1s adelante? \u00bfCu\u00e1les son los mercados? \u00bfFuturos de la alfalfa?<\/p>\n\n\n\n<p>La sesi\u00f3n buscar\u00e1 ver m\u00e1s all\u00e1 de los meros aspectos de mercado y econom\u00eda convencionales, proponiendo evaluar modelos econ\u00f3micos de producci\u00f3n de alfalfa que contemplen el an\u00e1lisis de la relaci\u00f3n costo beneficio del cultivo, incluyendo pol\u00edticas de incentivos y compensaciones para los productores por el impacto positivo de su trabajo. Adicionalmente, tambi\u00e9n apunta a fomentar la colaboraci\u00f3n internacional en investigaci\u00f3n y comercio.<\/p>\n\n\n\n<p>El <strong>uso eficiente del agua<\/strong> ser\u00e1 un punto que tendr\u00e1 su momento durante el Congreso. El objetivo es maximizar la eficiencia del uso del agua en los sistemas de producci\u00f3n de alfalfa, reduciendo el impacto en la cantidad y calidad del agua.<\/p>\n\n\n\n<p>Tanto en condiciones de secano como de regad\u00edo, es esencial ajustar el manejo del cultivo para hacer m\u00e1s eficiente los ciclos de carbono, nitr\u00f3geno, agua y energ\u00eda en un marco de sostenibilidad.<\/p>\n\n\n\n<p>Un tema no menor para el contingente latinoamericano que viaje ser\u00e1 la <strong>ronda de negocios<\/strong> con participaci\u00f3n de pa\u00edses productores y compradores de alfalfa. Mientras ello suceda se podr\u00e1 recorrer la sesi\u00f3n de p\u00f3ster. La jornada culminar\u00e1 con una<strong> cena de gala<\/strong> en la cava de una importante bodega productora de champagne.&nbsp;<\/p>\n\n\n\n<p>El tercer d\u00eda los temas a tratar son claves para el futuro. Es que expertos y cient\u00edficos convocados por la organizaci\u00f3n del Congreso propusieron abordar la <strong>promoci\u00f3n de la biodiversidad y cambios en el uso de la tierra<\/strong> como as\u00ed tambi\u00e9n el <strong>cambio clim\u00e1tico<\/strong>.<\/p>\n\n\n\n<p>Como resultado de la acci\u00f3n humana, se ha reducido dr\u00e1sticamente la biodiversidad vegetal, animal (en particular insectos) y microbiol\u00f3gica, lo que ha ocasionado la p\u00e9rdida de sus servicios ambientales y de la resiliencia de los ecosistemas frente a los cambios ambientales y clim\u00e1ticos.<\/p>\n\n\n\n<p>Son necesarios cambios urgentes y radicales y soluciones que frenen esta p\u00e9rdida de biodiversidad. En ese contexto, la alfalfa puede desempe\u00f1ar un rol fundamental en la promoci\u00f3n de la biodiversidad y la sostenibilidad de los agro-ecosistemas, tanto a nivel local como global.<\/p>\n\n\n\n<p>La humanidad ha sobrepasado los l\u00edmites planetarios al generar cambios en el uso de la tierra, destruyendo ecosistemas naturales -especialmente bosques y pastizales- para convertirlos en tierras de cultivo intensivo, caminos y otros usos.<\/p>\n\n\n\n<p>Esto gener\u00f3 la p\u00e9rdida de biodiversidad, la reducci\u00f3n en el secuestro de carbono y la poluci\u00f3n ambiental. Se propone discutir propuestas innovadoras que generen sistemas de producci\u00f3n basados en alfalfa, que reduzcan los cambios en el uso de tierra y sus efectos negativos y que sean la base de sistemas ganaderos sustentables.<\/p>\n\n\n\n<p>El objetivo es revalorizar los servicios ambientales que presta la alfalfa y su rol en la recuperaci\u00f3n de pastizales degradados.&nbsp;<\/p>\n\n\n\n<p>Mientras que el cambio clim\u00e1tico est\u00e1 teniendo un impacto significativo en la producci\u00f3n de alfalfa en todo el mundo, afectando rendimiento, calidad, uso del agua y disponibilidad de \u00e1reas aptas para su cultivo.&nbsp;<\/p>\n\n\n\n<p>El desarrollo de estrategias de adaptaci\u00f3n, que incluya mejoramiento gen\u00e9tico para resiliencia, es la clave para sustentar la producci\u00f3n de alfalfa frente a esta variabilidad clim\u00e1tica.<\/p>\n\n\n\n<p>Todas las presentaciones tendr\u00e1n traducci\u00f3n simult\u00e1nea al espa\u00f1ol e ingl\u00e9s, chino, franc\u00e9s, alem\u00e1n e italiano.&nbsp;<\/p>\n\n\n\n<p>La jornada se cerrar\u00e1 con la <strong>ceremonia de clausura<\/strong> del Congreso, donde se resumir\u00e1n las conclusiones del evento y se anunciar\u00e1 la sede del 5\u00b0 Congreso Mundial de Alfalfa, a realizarse en 2028.<\/p>\n\n\n\n<p>Por \u00faltimo, la actividad final ser\u00e1 el 6 de noviembre con un <strong>d\u00eda de campo<\/strong>. En la zona de Ch\u00e2lons en Champagne se visitar\u00e1n dos plantas de procesado de alfalfa en Recy y Francheville.<\/p>\n\n\n\n<p>Sumado a ello, la propuesta de TodoAlfalfa tambi\u00e9n permite dar continuidad a esta gira de capacitaci\u00f3n con un recorrido por Espa\u00f1a. Productores y empresarios del sector podr\u00e1n visitar la planta de m\u00e1quinas deshidratadoras de Apisa en Huesca y la planta de m\u00e1quinas compactadoras de Imabe en Arganda del Rey, Madrid. Y otras industrias procesadoras de alfalfa.<\/p>\n\n\n\n<figure class=\"wp-block-image size-full\"><img data-recalc-dims=\"1\" decoding=\"async\" width=\"742\" height=\"478\" src=\"https:\/\/i0.wp.com\/www.todoalfalfa.com.ar\/noticias\/wp-content\/uploads\/2025\/07\/Captura-de-pantalla-2025-07-18-082505.png?resize=742%2C478&#038;ssl=1\" alt=\"\" class=\"wp-image-49645\" srcset=\"https:\/\/i0.wp.com\/www.todoalfalfa.com.ar\/noticias\/wp-content\/uploads\/2025\/07\/Captura-de-pantalla-2025-07-18-082505.png?w=742&amp;ssl=1 742w, https:\/\/i0.wp.com\/www.todoalfalfa.com.ar\/noticias\/wp-content\/uploads\/2025\/07\/Captura-de-pantalla-2025-07-18-082505.png?resize=300%2C193&amp;ssl=1 300w\" sizes=\"(max-width: 742px) 100vw, 742px\" \/><figcaption class=\"wp-element-caption\">Cobertura del primer Congreso Mundial de Alfalfa en China (2015) &#8211; Antonio Lozano, enviado especial.<\/figcaption><\/figure>\n\n\n\n<p>\u00bfC\u00f3mo viajas?<\/p>\n\n\n\n<p>AIR EUROPA :<\/p>\n\n\n\n<p>UX 122 01NOV BUENOS AIRES &#8211; MADRID 1305 0505UX1027 02NOV MADRID &#8211; PAR\u00cdS ORLY 0800 0955<\/p>\n\n\n\n<p>UX1028 08NOV PAR\u00cdS ORLY &#8211; MADRID 1055 1255<\/p>\n\n\n\n<p>UX 121 11NOV MADRID &#8211; BUENOS AIRES 2345 0840<\/p>\n\n\n\n<p>VUELO:<\/p>\n\n\n\n<p>Todas las cotizaciones de grupo proporcionadas est\u00e1n sujetas a disponibilidad al momento de realizar la confirmaci\u00f3n.<\/p>\n\n\n\n<p>Incluye una comida a bordo<\/p>\n\n\n\n<p>Consultar por posibilidad de extender el viaje al regreso<\/p>\n\n\n\n<p>ALOJAMIENTO:<\/p>\n\n\n\n<p>5 noches en Appart&#8217;City Confort Reims Centre \u2605\u2605\u2605 o similar, en habitaci\u00f3n individual o doble, sujeto a disponibilidad (33 Rue Ponsardin, 51100 Reims)<\/p>\n\n\n\n<p>1 noche en H\u00f4tel Bellevue Paris Montmartre \u2605\u2605\u2605 o similar, en habitaci\u00f3n individual o doble, sujeto a disponibilidad (19 Rue d&#8217;Orsel, 75018 Paris)<\/p>\n\n\n\n<p>3 noches en Zaragoza en Sercotel Plaza Feria \u2605\u2605\u2605\u2605 (Avenida Diagonal 11, Zaragoza)<\/p>\n\n\n\n<p>TRENES:<\/p>\n\n\n\n<p>IDA : Domingo 2 nov. (no incluido ya que podr\u00e1 cotizarse solo 30 d\u00edas antes)Partida de Paris Est 15h38 destinaci\u00f3n Reims 16h28 50 min &#8211; Directo<\/p>\n\n\n\n<p>REGRESO: Viernes 7 nov. (no incluido ya que podr\u00e1 cotizarse solo 30 d\u00edas antes) Partida de Reims 11h56 a Paris Est 12h42 46 min &#8211; Directo desde MADRID ATOCHA a Zaragoza en tren hay 1h30, se puede ir en bus hasta Atacho y luego tren AVE a Zaragoza (lo podremos reservar 30 d\u00edas antes del viaje)<\/p>\n\n\n\n<p>En Espa\u00f1a , se visitar\u00e1 la planta de m\u00e1quinas deshidratadoras de Apisa en Huesca y la planta de m\u00e1quinas compactadoras de Imabe en Arganda del Rey, Madrid. Y otras industrias procesadoras de alfalfas&nbsp;<\/p>\n\n\n\n<p>El costo total incluye la INSCRIPCI\u00d3N al CONGRESO, con taller del primer d\u00eda, los dos d\u00edas de sesiones t\u00e9cnicas, los dos d\u00edas de ronda de negocios, la visita de campo del 3er d\u00eda y la cena de gala (que ser\u00eda en la cava de la empresa Pomery).<\/p>\n\n\n\n<p>PRECIO POR PERSONA: U$S 4.750 D\u00d3LARES NETO \u2013 INCLUYE VUELOS + HOSPEDAJE + INSCRIPCI\u00d3N (990 euros) &#8211; (faltan trenes de traslados)<\/p>\n\n\n\n<p>Sujeto a disponibilidad al momento de la reserva!<\/p>\n\n\n\n<p>* Es responsabilidad de cada pasajero informarse de los documentos que hacen falta para poder visitar el pa\u00eds de destino o la validez exigible en cada caso.<\/p>\n\n\n\n<p>** Tarifas sujetas a cambio y disponibilidad al momento de la reserva en firme y emisi\u00f3n.<\/p>\n\n\n\n<p>*** Antes de la emisi\u00f3n del ticket a\u00e9reo consulte pol\u00edtica de cambios y reembolso.<\/p>\n<div class=\"todoalfalfa-final-de-la-nota\" id=\"todoalfalfa-3401792792\"><a href=\"https:\/\/www.whatsapp.com\/channel\/0029VbCBmFB9WtBxJsD3eC2i\" target=\"_blank\" aria-label=\"5\"><img src=\"https:\/\/i0.wp.com\/www.todoalfalfa.com.ar\/noticias\/wp-content\/uploads\/2026\/04\/5.gif?fit=728%2C90&#038;ssl=1\" alt=\"\"  width=\"728\" height=\"90\"   \/><\/a><\/div>","protected":false},"excerpt":{"rendered":"<p>TodoAlfalfa  organiza un viaje al Congreso Mundial de Alfalfa, del que somos partner, a realizarse en Reims (Francia) y un recorrido por Espa\u00f1a donde se visitar\u00e1n plantas de compactado y deshidratado. El objetivo es sumar conocimiento e incorporar novedades. Arma tu recorrido, seg\u00fan tu disponibilidad.<\/p>\n","protected":false},"author":9,"featured_media":49644,"comment_status":"closed","ping_status":"open","sticky":false,"template":"","format":"standard","meta":{"jetpack_post_was_ever_published":false,"_jetpack_newsletter_access":"","_jetpack_dont_email_post_to_subs":false,"_jetpack_newsletter_tier_id":0,"_jetpack_memberships_contains_paywalled_content":false,"_jetpack_memberships_contains_paid_content":false,"footnotes":""},"categories":[2],"tags":[1581,424,1399,1928,1659,21,1967],"class_list":["post-49643","post","type-post","status-publish","format-standard","has-post-thumbnail","hentry","category-generales","tag-camara-argentina-de-alfalfa","tag-comercializacion","tag-congreso-mundial-de-alfalfa","tag-gira-alfalfera","tag-novedades","tag-produccion","tag-ronda-de-negocios"],"yoast_head":"<!-- This site is optimized with the Yoast SEO plugin v25.5 - https:\/\/yoast.com\/wordpress\/plugins\/seo\/ -->\n<title>Una gira alfalfera a tu medida<\/title>\n<meta name=\"robots\" content=\"index, follow, max-snippet:-1, max-image-preview:large, max-video-preview:-1\" \/>\n<link rel=\"canonical\" href=\"https:\/\/www.todoalfalfa.com.ar\/noticias\/una-gira-alfalfera-a-tu-medida\/\" \/>\n<meta property=\"og:locale\" content=\"es_ES\" \/>\n<meta property=\"og:type\" content=\"article\" \/>\n<meta property=\"og:title\" content=\"Una gira alfalfera a tu medida\" \/>\n<meta property=\"og:description\" content=\"TodoAlfalfa organiza un viaje al Congreso Mundial de Alfalfa, del que somos partner, a realizarse en Reims (Francia) y un recorrido por Espa\u00f1a donde se visitar\u00e1n plantas de compactado y deshidratado. El objetivo es sumar conocimiento e incorporar novedades. Arma tu recorrido, seg\u00fan tu disponibilidad.\" \/>\n<meta property=\"og:url\" content=\"https:\/\/www.todoalfalfa.com.ar\/noticias\/una-gira-alfalfera-a-tu-medida\/\" \/>\n<meta property=\"og:site_name\" content=\"Todo Alfalfa\" \/>\n<meta property=\"article:publisher\" content=\"https:\/\/www.facebook.com\/todoalfalfa\" \/>\n<meta property=\"article:published_time\" content=\"2025-07-18T11:55:39+00:00\" \/>\n<meta property=\"article:modified_time\" content=\"2025-08-13T15:54:28+00:00\" \/>\n<meta property=\"og:image\" content=\"https:\/\/www.todoalfalfa.com.ar\/noticias\/wp-content\/uploads\/2025\/07\/Captura-de-pantalla-2025-07-18-083113.png\" \/>\n\t<meta property=\"og:image:width\" content=\"807\" \/>\n\t<meta property=\"og:image:height\" content=\"463\" \/>\n\t<meta property=\"og:image:type\" content=\"image\/png\" \/>\n<meta name=\"author\" content=\"Todo Alfalfa\" \/>\n<meta name=\"twitter:card\" content=\"summary_large_image\" \/>\n<meta name=\"twitter:label1\" content=\"Escrito por\" \/>\n\t<meta name=\"twitter:data1\" content=\"Todo Alfalfa\" \/>\n\t<meta name=\"twitter:label2\" content=\"Tiempo de lectura\" \/>\n\t<meta name=\"twitter:data2\" content=\"8 minutos\" \/>\n<script type=\"application\/ld+json\" class=\"yoast-schema-graph\">{\"@context\":\"https:\/\/schema.org\",\"@graph\":[{\"@type\":\"NewsArticle\",\"@id\":\"https:\/\/www.todoalfalfa.com.ar\/noticias\/una-gira-alfalfera-a-tu-medida\/#article\",\"isPartOf\":{\"@id\":\"https:\/\/www.todoalfalfa.com.ar\/noticias\/una-gira-alfalfera-a-tu-medida\/\"},\"author\":{\"name\":\"Todo Alfalfa\",\"@id\":\"https:\/\/www.todoalfalfa.com.ar\/noticias\/#\/schema\/person\/99de93cb711c7015ef658e5321ba9f18\"},\"headline\":\"Una gira alfalfera a tu medida\",\"datePublished\":\"2025-07-18T11:55:39+00:00\",\"dateModified\":\"2025-08-13T15:54:28+00:00\",\"mainEntityOfPage\":{\"@id\":\"https:\/\/www.todoalfalfa.com.ar\/noticias\/una-gira-alfalfera-a-tu-medida\/\"},\"wordCount\":1628,\"publisher\":{\"@id\":\"https:\/\/www.todoalfalfa.com.ar\/noticias\/#organization\"},\"image\":{\"@id\":\"https:\/\/www.todoalfalfa.com.ar\/noticias\/una-gira-alfalfera-a-tu-medida\/#primaryimage\"},\"thumbnailUrl\":\"https:\/\/i0.wp.com\/www.todoalfalfa.com.ar\/noticias\/wp-content\/uploads\/2025\/07\/Captura-de-pantalla-2025-07-18-083113.png?fit=807%2C463&ssl=1\",\"keywords\":[\"C\u00e1mara Argentina de Alfalfa\",\"comercializaci\u00f3n\",\"Congreso Mundial de Alfalfa\",\"Gira Alfalfera\",\"Novedades\",\"producci\u00f3n\",\"Ronda de Negocios\"],\"articleSection\":[\"Generales\"],\"inLanguage\":\"es\"},{\"@type\":[\"WebPage\",\"ItemPage\"],\"@id\":\"https:\/\/www.todoalfalfa.com.ar\/noticias\/una-gira-alfalfera-a-tu-medida\/\",\"url\":\"https:\/\/www.todoalfalfa.com.ar\/noticias\/una-gira-alfalfera-a-tu-medida\/\",\"name\":\"Una gira alfalfera a tu medida\",\"isPartOf\":{\"@id\":\"https:\/\/www.todoalfalfa.com.ar\/noticias\/#website\"},\"primaryImageOfPage\":{\"@id\":\"https:\/\/www.todoalfalfa.com.ar\/noticias\/una-gira-alfalfera-a-tu-medida\/#primaryimage\"},\"image\":{\"@id\":\"https:\/\/www.todoalfalfa.com.ar\/noticias\/una-gira-alfalfera-a-tu-medida\/#primaryimage\"},\"thumbnailUrl\":\"https:\/\/i0.wp.com\/www.todoalfalfa.com.ar\/noticias\/wp-content\/uploads\/2025\/07\/Captura-de-pantalla-2025-07-18-083113.png?fit=807%2C463&ssl=1\",\"datePublished\":\"2025-07-18T11:55:39+00:00\",\"dateModified\":\"2025-08-13T15:54:28+00:00\",\"breadcrumb\":{\"@id\":\"https:\/\/www.todoalfalfa.com.ar\/noticias\/una-gira-alfalfera-a-tu-medida\/#breadcrumb\"},\"inLanguage\":\"es\",\"potentialAction\":[{\"@type\":\"ReadAction\",\"target\":[\"https:\/\/www.todoalfalfa.com.ar\/noticias\/una-gira-alfalfera-a-tu-medida\/\"]}]},{\"@type\":\"ImageObject\",\"inLanguage\":\"es\",\"@id\":\"https:\/\/www.todoalfalfa.com.ar\/noticias\/una-gira-alfalfera-a-tu-medida\/#primaryimage\",\"url\":\"https:\/\/i0.wp.com\/www.todoalfalfa.com.ar\/noticias\/wp-content\/uploads\/2025\/07\/Captura-de-pantalla-2025-07-18-083113.png?fit=807%2C463&ssl=1\",\"contentUrl\":\"https:\/\/i0.wp.com\/www.todoalfalfa.com.ar\/noticias\/wp-content\/uploads\/2025\/07\/Captura-de-pantalla-2025-07-18-083113.png?fit=807%2C463&ssl=1\",\"width\":807,\"height\":463,\"caption\":\"Daniel Basigalup disertando en el primero Congreso Mundial de Alfalfa (China 2015)\"},{\"@type\":\"BreadcrumbList\",\"@id\":\"https:\/\/www.todoalfalfa.com.ar\/noticias\/una-gira-alfalfera-a-tu-medida\/#breadcrumb\",\"itemListElement\":[{\"@type\":\"ListItem\",\"position\":1,\"name\":\"Principal\",\"item\":\"https:\/\/www.todoalfalfa.com.ar\/noticias\/\"},{\"@type\":\"ListItem\",\"position\":2,\"name\":\"Una gira alfalfera a tu medida\"}]},{\"@type\":\"WebSite\",\"@id\":\"https:\/\/www.todoalfalfa.com.ar\/noticias\/#website\",\"url\":\"https:\/\/www.todoalfalfa.com.ar\/noticias\/\",\"name\":\"Todo Alfalfa\",\"description\":\"Web informativa de la cadena de la alfalfa argentina\",\"publisher\":{\"@id\":\"https:\/\/www.todoalfalfa.com.ar\/noticias\/#organization\"},\"potentialAction\":[{\"@type\":\"SearchAction\",\"target\":{\"@type\":\"EntryPoint\",\"urlTemplate\":\"https:\/\/www.todoalfalfa.com.ar\/noticias\/?s={search_term_string}\"},\"query-input\":{\"@type\":\"PropertyValueSpecification\",\"valueRequired\":true,\"valueName\":\"search_term_string\"}}],\"inLanguage\":\"es\"},{\"@type\":\"Organization\",\"@id\":\"https:\/\/www.todoalfalfa.com.ar\/noticias\/#organization\",\"name\":\"Todo Alfalfa\",\"url\":\"https:\/\/www.todoalfalfa.com.ar\/noticias\/\",\"logo\":{\"@type\":\"ImageObject\",\"inLanguage\":\"es\",\"@id\":\"https:\/\/www.todoalfalfa.com.ar\/noticias\/#\/schema\/logo\/image\/\",\"url\":\"https:\/\/www.todoalfalfa.com.ar\/noticias\/wp-content\/uploads\/2020\/09\/logo-todo-alfalfa-modificado.png\",\"contentUrl\":\"https:\/\/www.todoalfalfa.com.ar\/noticias\/wp-content\/uploads\/2020\/09\/logo-todo-alfalfa-modificado.png\",\"width\":350,\"height\":100,\"caption\":\"Todo Alfalfa\"},\"image\":{\"@id\":\"https:\/\/www.todoalfalfa.com.ar\/noticias\/#\/schema\/logo\/image\/\"},\"sameAs\":[\"https:\/\/www.facebook.com\/todoalfalfa\",\"https:\/\/www.instagram.com\/todoalfalfa\",\"https:\/\/www.youtube.com\/@TodoAlfalfa\",\"https:\/\/www.linkedin.com\/company\/todoalfalfa\/\"]},{\"@type\":\"Person\",\"@id\":\"https:\/\/www.todoalfalfa.com.ar\/noticias\/#\/schema\/person\/99de93cb711c7015ef658e5321ba9f18\",\"name\":\"Todo Alfalfa\",\"image\":{\"@type\":\"ImageObject\",\"inLanguage\":\"es\",\"@id\":\"https:\/\/www.todoalfalfa.com.ar\/noticias\/#\/schema\/person\/image\/\",\"url\":\"https:\/\/secure.gravatar.com\/avatar\/50ffd12fb7b268bc2467160730786602db252a270c63104e7c19b5f67b8dd346?s=96&d=mm&r=g\",\"contentUrl\":\"https:\/\/secure.gravatar.com\/avatar\/50ffd12fb7b268bc2467160730786602db252a270c63104e7c19b5f67b8dd346?s=96&d=mm&r=g\",\"caption\":\"Todo Alfalfa\"},\"url\":\"https:\/\/www.todoalfalfa.com.ar\/noticias\/author\/osvaldoiachetta\/\"}]}<\/script>\n<!-- \/ Yoast SEO plugin. -->","yoast_head_json":{"title":"Una gira alfalfera a tu medida","robots":{"index":"index","follow":"follow","max-snippet":"max-snippet:-1","max-image-preview":"max-image-preview:large","max-video-preview":"max-video-preview:-1"},"canonical":"https:\/\/www.todoalfalfa.com.ar\/noticias\/una-gira-alfalfera-a-tu-medida\/","og_locale":"es_ES","og_type":"article","og_title":"Una gira alfalfera a tu medida","og_description":"TodoAlfalfa organiza un viaje al Congreso Mundial de Alfalfa, del que somos partner, a realizarse en Reims (Francia) y un recorrido por Espa\u00f1a donde se visitar\u00e1n plantas de compactado y deshidratado. El objetivo es sumar conocimiento e incorporar novedades. Arma tu recorrido, seg\u00fan tu disponibilidad.","og_url":"https:\/\/www.todoalfalfa.com.ar\/noticias\/una-gira-alfalfera-a-tu-medida\/","og_site_name":"Todo Alfalfa","article_publisher":"https:\/\/www.facebook.com\/todoalfalfa","article_published_time":"2025-07-18T11:55:39+00:00","article_modified_time":"2025-08-13T15:54:28+00:00","og_image":[{"width":807,"height":463,"url":"https:\/\/www.todoalfalfa.com.ar\/noticias\/wp-content\/uploads\/2025\/07\/Captura-de-pantalla-2025-07-18-083113.png","type":"image\/png"}],"author":"Todo Alfalfa","twitter_card":"summary_large_image","twitter_misc":{"Escrito por":"Todo Alfalfa","Tiempo de lectura":"8 minutos"},"schema":{"@context":"https:\/\/schema.org","@graph":[{"@type":"NewsArticle","@id":"https:\/\/www.todoalfalfa.com.ar\/noticias\/una-gira-alfalfera-a-tu-medida\/#article","isPartOf":{"@id":"https:\/\/www.todoalfalfa.com.ar\/noticias\/una-gira-alfalfera-a-tu-medida\/"},"author":{"name":"Todo Alfalfa","@id":"https:\/\/www.todoalfalfa.com.ar\/noticias\/#\/schema\/person\/99de93cb711c7015ef658e5321ba9f18"},"headline":"Una gira alfalfera a tu medida","datePublished":"2025-07-18T11:55:39+00:00","dateModified":"2025-08-13T15:54:28+00:00","mainEntityOfPage":{"@id":"https:\/\/www.todoalfalfa.com.ar\/noticias\/una-gira-alfalfera-a-tu-medida\/"},"wordCount":1628,"publisher":{"@id":"https:\/\/www.todoalfalfa.com.ar\/noticias\/#organization"},"image":{"@id":"https:\/\/www.todoalfalfa.com.ar\/noticias\/una-gira-alfalfera-a-tu-medida\/#primaryimage"},"thumbnailUrl":"https:\/\/i0.wp.com\/www.todoalfalfa.com.ar\/noticias\/wp-content\/uploads\/2025\/07\/Captura-de-pantalla-2025-07-18-083113.png?fit=807%2C463&ssl=1","keywords":["C\u00e1mara Argentina de Alfalfa","comercializaci\u00f3n","Congreso Mundial de Alfalfa","Gira Alfalfera","Novedades","producci\u00f3n","Ronda de Negocios"],"articleSection":["Generales"],"inLanguage":"es"},{"@type":["WebPage","ItemPage"],"@id":"https:\/\/www.todoalfalfa.com.ar\/noticias\/una-gira-alfalfera-a-tu-medida\/","url":"https:\/\/www.todoalfalfa.com.ar\/noticias\/una-gira-alfalfera-a-tu-medida\/","name":"Una gira alfalfera a tu medida","isPartOf":{"@id":"https:\/\/www.todoalfalfa.com.ar\/noticias\/#website"},"primaryImageOfPage":{"@id":"https:\/\/www.todoalfalfa.com.ar\/noticias\/una-gira-alfalfera-a-tu-medida\/#primaryimage"},"image":{"@id":"https:\/\/www.todoalfalfa.com.ar\/noticias\/una-gira-alfalfera-a-tu-medida\/#primaryimage"},"thumbnailUrl":"https:\/\/i0.wp.com\/www.todoalfalfa.com.ar\/noticias\/wp-content\/uploads\/2025\/07\/Captura-de-pantalla-2025-07-18-083113.png?fit=807%2C463&ssl=1","datePublished":"2025-07-18T11:55:39+00:00","dateModified":"2025-08-13T15:54:28+00:00","breadcrumb":{"@id":"https:\/\/www.todoalfalfa.com.ar\/noticias\/una-gira-alfalfera-a-tu-medida\/#breadcrumb"},"inLanguage":"es","potentialAction":[{"@type":"ReadAction","target":["https:\/\/www.todoalfalfa.com.ar\/noticias\/una-gira-alfalfera-a-tu-medida\/"]}]},{"@type":"ImageObject","inLanguage":"es","@id":"https:\/\/www.todoalfalfa.com.ar\/noticias\/una-gira-alfalfera-a-tu-medida\/#primaryimage","url":"https:\/\/i0.wp.com\/www.todoalfalfa.com.ar\/noticias\/wp-content\/uploads\/2025\/07\/Captura-de-pantalla-2025-07-18-083113.png?fit=807%2C463&ssl=1","contentUrl":"https:\/\/i0.wp.com\/www.todoalfalfa.com.ar\/noticias\/wp-content\/uploads\/2025\/07\/Captura-de-pantalla-2025-07-18-083113.png?fit=807%2C463&ssl=1","width":807,"height":463,"caption":"Daniel Basigalup disertando en el primero Congreso Mundial de Alfalfa (China 2015)"},{"@type":"BreadcrumbList","@id":"https:\/\/www.todoalfalfa.com.ar\/noticias\/una-gira-alfalfera-a-tu-medida\/#breadcrumb","itemListElement":[{"@type":"ListItem","position":1,"name":"Principal","item":"https:\/\/www.todoalfalfa.com.ar\/noticias\/"},{"@type":"ListItem","position":2,"name":"Una gira alfalfera a tu medida"}]},{"@type":"WebSite","@id":"https:\/\/www.todoalfalfa.com.ar\/noticias\/#website","url":"https:\/\/www.todoalfalfa.com.ar\/noticias\/","name":"Todo Alfalfa","description":"Web informativa de la cadena de la alfalfa argentina","publisher":{"@id":"https:\/\/www.todoalfalfa.com.ar\/noticias\/#organization"},"potentialAction":[{"@type":"SearchAction","target":{"@type":"EntryPoint","urlTemplate":"https:\/\/www.todoalfalfa.com.ar\/noticias\/?s={search_term_string}"},"query-input":{"@type":"PropertyValueSpecification","valueRequired":true,"valueName":"search_term_string"}}],"inLanguage":"es"},{"@type":"Organization","@id":"https:\/\/www.todoalfalfa.com.ar\/noticias\/#organization","name":"Todo Alfalfa","url":"https:\/\/www.todoalfalfa.com.ar\/noticias\/","logo":{"@type":"ImageObject","inLanguage":"es","@id":"https:\/\/www.todoalfalfa.com.ar\/noticias\/#\/schema\/logo\/image\/","url":"https:\/\/www.todoalfalfa.com.ar\/noticias\/wp-content\/uploads\/2020\/09\/logo-todo-alfalfa-modificado.png","contentUrl":"https:\/\/www.todoalfalfa.com.ar\/noticias\/wp-content\/uploads\/2020\/09\/logo-todo-alfalfa-modificado.png","width":350,"height":100,"caption":"Todo Alfalfa"},"image":{"@id":"https:\/\/www.todoalfalfa.com.ar\/noticias\/#\/schema\/logo\/image\/"},"sameAs":["https:\/\/www.facebook.com\/todoalfalfa","https:\/\/www.instagram.com\/todoalfalfa","https:\/\/www.youtube.com\/@TodoAlfalfa","https:\/\/www.linkedin.com\/company\/todoalfalfa\/"]},{"@type":"Person","@id":"https:\/\/www.todoalfalfa.com.ar\/noticias\/#\/schema\/person\/99de93cb711c7015ef658e5321ba9f18","name":"Todo Alfalfa","image":{"@type":"ImageObject","inLanguage":"es","@id":"https:\/\/www.todoalfalfa.com.ar\/noticias\/#\/schema\/person\/image\/","url":"https:\/\/secure.gravatar.com\/avatar\/50ffd12fb7b268bc2467160730786602db252a270c63104e7c19b5f67b8dd346?s=96&d=mm&r=g","contentUrl":"https:\/\/secure.gravatar.com\/avatar\/50ffd12fb7b268bc2467160730786602db252a270c63104e7c19b5f67b8dd346?s=96&d=mm&r=g","caption":"Todo Alfalfa"},"url":"https:\/\/www.todoalfalfa.com.ar\/noticias\/author\/osvaldoiachetta\/"}]}},"jetpack_featured_media_url":"https:\/\/i0.wp.com\/www.todoalfalfa.com.ar\/noticias\/wp-content\/uploads\/2025\/07\/Captura-de-pantalla-2025-07-18-083113.png?fit=807%2C463&ssl=1","wps_subtitle":"","jetpack_sharing_enabled":true,"_links":{"self":[{"href":"https:\/\/www.todoalfalfa.com.ar\/noticias\/wp-json\/wp\/v2\/posts\/49643","targetHints":{"allow":["GET"]}}],"collection":[{"href":"https:\/\/www.todoalfalfa.com.ar\/noticias\/wp-json\/wp\/v2\/posts"}],"about":[{"href":"https:\/\/www.todoalfalfa.com.ar\/noticias\/wp-json\/wp\/v2\/types\/post"}],"author":[{"embeddable":true,"href":"https:\/\/www.todoalfalfa.com.ar\/noticias\/wp-json\/wp\/v2\/users\/9"}],"replies":[{"embeddable":true,"href":"https:\/\/www.todoalfalfa.com.ar\/noticias\/wp-json\/wp\/v2\/comments?post=49643"}],"version-history":[{"count":5,"href":"https:\/\/www.todoalfalfa.com.ar\/noticias\/wp-json\/wp\/v2\/posts\/49643\/revisions"}],"predecessor-version":[{"id":49870,"href":"https:\/\/www.todoalfalfa.com.ar\/noticias\/wp-json\/wp\/v2\/posts\/49643\/revisions\/49870"}],"wp:featuredmedia":[{"embeddable":true,"href":"https:\/\/www.todoalfalfa.com.ar\/noticias\/wp-json\/wp\/v2\/media\/49644"}],"wp:attachment":[{"href":"https:\/\/www.todoalfalfa.com.ar\/noticias\/wp-json\/wp\/v2\/media?parent=49643"}],"wp:term":[{"taxonomy":"category","embeddable":true,"href":"https:\/\/www.todoalfalfa.com.ar\/noticias\/wp-json\/wp\/v2\/categories?post=49643"},{"taxonomy":"post_tag","embeddable":true,"href":"https:\/\/www.todoalfalfa.com.ar\/noticias\/wp-json\/wp\/v2\/tags?post=49643"}],"curies":[{"name":"wp","href":"https:\/\/api.w.org\/{rel}","templated":true}]}}