{"id":49674,"date":"2025-07-28T08:51:59","date_gmt":"2025-07-28T11:51:59","guid":{"rendered":"https:\/\/www.todoalfalfa.com.ar\/noticias\/?p=49674"},"modified":"2025-07-28T14:20:07","modified_gmt":"2025-07-28T17:20:07","slug":"cordoba-pone-a-la-alfalfa-en-agenda-por-su-potencial","status":"publish","type":"post","link":"https:\/\/www.todoalfalfa.com.ar\/noticias\/cordoba-pone-a-la-alfalfa-en-agenda-por-su-potencial\/","title":{"rendered":"C\u00f3rdoba destaca el \u201cpotencial\u201d de la alfalfa y la pone en agenda"},"content":{"rendered":"\n<p>En una jornada \u201cmovida\u201d que tuvo al ministro de Bioagroindustria de C\u00f3rdoba, Sergio Busso, visitando la ExpoRural de Palermo, el funcionario se hizo tiempo para dialogar con diversos medios sobre diversos temas: retenciones, situaci\u00f3n agropecuaria, productividad y todos los temas de agenda.<\/p>\n\n\n\n<p>Tambi\u00e9n estuvo estuvo en el stand institucional del Gobierno de la Provincia de C\u00f3rdoba, particip\u00f3 en el streaming \u201cC\u00f3rdoba Vidriera Informativa\u201d donde fue entrevistado abordando no solo temas de producci\u00f3n agroindustrial sino personales como su debut en la primera divisi\u00f3n en su Laboulaye natal, y otros m\u00e1s.<\/p>\n\n\n\n<p>TodoAlfalfa abord\u00f3 al funcionario y fue directo a consultarlo sobre la posici\u00f3n de C\u00f3rdoba con la <strong>producci\u00f3n de alfalfa<\/strong>, teniendo en cuenta que semanas atr\u00e1s hubo una reuni\u00f3n con integrantes de la C\u00e1mara Argentina de Alfalfa y en la que nuestro medio estuvo presente.<\/p>\n\n\n\n<figure class=\"wp-block-gallery has-nested-images columns-default is-cropped wp-block-gallery-1 is-layout-flex wp-block-gallery-is-layout-flex\">\n<figure class=\"wp-block-image size-large\"><img data-recalc-dims=\"1\" fetchpriority=\"high\" decoding=\"async\" width=\"1024\" height=\"768\" data-id=\"49676\" src=\"https:\/\/i0.wp.com\/www.todoalfalfa.com.ar\/noticias\/wp-content\/uploads\/2025\/07\/20250725_121701.jpg?resize=1024%2C768&#038;ssl=1\" alt=\"\" class=\"wp-image-49676\" srcset=\"https:\/\/i0.wp.com\/www.todoalfalfa.com.ar\/noticias\/wp-content\/uploads\/2025\/07\/20250725_121701-scaled.jpg?resize=1024%2C768&amp;ssl=1 1024w, https:\/\/i0.wp.com\/www.todoalfalfa.com.ar\/noticias\/wp-content\/uploads\/2025\/07\/20250725_121701-scaled.jpg?resize=300%2C225&amp;ssl=1 300w, https:\/\/i0.wp.com\/www.todoalfalfa.com.ar\/noticias\/wp-content\/uploads\/2025\/07\/20250725_121701-scaled.jpg?resize=768%2C576&amp;ssl=1 768w, https:\/\/i0.wp.com\/www.todoalfalfa.com.ar\/noticias\/wp-content\/uploads\/2025\/07\/20250725_121701-scaled.jpg?resize=1536%2C1152&amp;ssl=1 1536w, https:\/\/i0.wp.com\/www.todoalfalfa.com.ar\/noticias\/wp-content\/uploads\/2025\/07\/20250725_121701-scaled.jpg?resize=2048%2C1536&amp;ssl=1 2048w\" sizes=\"(max-width: 1000px) 100vw, 1000px\" \/><figcaption class=\"wp-element-caption\">Stand Institucional Gobierno de C\u00f3rdoba ExpoRural Palermo 2025<\/figcaption><\/figure>\n\n\n\n<figure class=\"wp-block-image size-large\"><img data-recalc-dims=\"1\" decoding=\"async\" width=\"768\" height=\"1024\" data-id=\"49675\" src=\"https:\/\/i0.wp.com\/www.todoalfalfa.com.ar\/noticias\/wp-content\/uploads\/2025\/07\/busso-streamign.jpg?resize=768%2C1024&#038;ssl=1\" alt=\"\" class=\"wp-image-49675\" srcset=\"https:\/\/i0.wp.com\/www.todoalfalfa.com.ar\/noticias\/wp-content\/uploads\/2025\/07\/busso-streamign-scaled.jpg?resize=768%2C1024&amp;ssl=1 768w, https:\/\/i0.wp.com\/www.todoalfalfa.com.ar\/noticias\/wp-content\/uploads\/2025\/07\/busso-streamign-scaled.jpg?resize=225%2C300&amp;ssl=1 225w, https:\/\/i0.wp.com\/www.todoalfalfa.com.ar\/noticias\/wp-content\/uploads\/2025\/07\/busso-streamign-scaled.jpg?resize=1152%2C1536&amp;ssl=1 1152w, https:\/\/i0.wp.com\/www.todoalfalfa.com.ar\/noticias\/wp-content\/uploads\/2025\/07\/busso-streamign-scaled.jpg?resize=1536%2C2048&amp;ssl=1 1536w, https:\/\/i0.wp.com\/www.todoalfalfa.com.ar\/noticias\/wp-content\/uploads\/2025\/07\/busso-streamign-scaled.jpg?w=1920&amp;ssl=1 1920w\" sizes=\"(max-width: 768px) 100vw, 768px\" \/><figcaption class=\"wp-element-caption\">Sergio Busso en el Streaming \u201cC\u00f3rdoba Vidriera Informativa\u201d<\/figcaption><\/figure>\n<\/figure>\n\n\n\n<p>En ese marco manifest\u00f3 que \u201cnosotros a la alfalfa la hemos puesto en agenda como una prioridad\u201d y agreg\u00f3: \u201ces una alternativa productiva important\u00edsima\u201d. Adem\u00e1s, asegur\u00f3 que \u201chay lugares, regiones de C\u00f3rdoba, que podr\u00eda potenciarse mucho m\u00e1s, sobre todo en las zonas vinculadas a a lo que es la producci\u00f3n l\u00e1ctea\u201d.<\/p>\n\n\n\n<p>A modo de ejemplo, apunt\u00f3 que \u201cel sur de C\u00f3rdoba, zona en la que hab\u00eda mucha lecher\u00eda y se fue dejando de hacer por diversas razones, puede ser un sector para desarrollar\u201d.<\/p>\n\n\n\n<p class=\"has-medium-font-size\"><strong>Proyectos en marcha&#8230;<\/strong><\/p>\n\n\n\n<p>Si bien no profundiz\u00f3, manifest\u00f3 que se debe \u201cponer en valor\u201d y explic\u00f3 que en la reuni\u00f3n con la C\u00e1mara Argentina de Alfalfa se pusieron sobre la mesa algunos proyectos que est\u00e1n en marcha, pero desde su cartera entienden que deben definir un modelo y deber\u00e1n asegurar financiamiento, herramientas impositivas y \u201capalancar la decisi\u00f3n que puedan tener productores cordobeses\u201d.<\/p>\n\n\n\n<p>Para Busso este modelo es \u201cvirtuoso\u201d y apunta a satisfacer las pol\u00edticas que intentan implementar desde el gobierno cordob\u00e9s que apunta a \u201cno solamente generar&nbsp;producci\u00f3n primaria sino darle valor agregado, porque eso nos da la posibilidad de tener trabajo, desarrollo territorial, para que la gente se queda se pueda quedar en el lugar donde eligi\u00f3 nacer o donde naci\u00f3 y eligi\u00f3 vivir, y para eso tiene que haber oportunidades concretas, sobre todo para los m\u00e1s j\u00f3venes\u201d.<\/p>\n\n\n\n<p class=\"has-medium-font-size\"><strong>ExpoAlfa y una vidriera para la alfalfa en C\u00f3rdoba<\/strong><\/p>\n\n\n\n<p>El ministro dej\u00f3 en claro que la reina de las forrajeras puede dar la respuesta que buscan desde su cartera de sistemas productivos que \u201cbrinden valor\u201d. El protagonismo que <strong><a href=\"https:\/\/expoalfa.com.ar\/alfalfa\/expoalfa-jornada-2025\/cordoba\/\">ExpoAlfa C\u00f3rdoba<\/a><\/strong> (15 y 16 de octubre en Pozo Del Molle) tendr\u00e1 brindar\u00e1 la posibilidad de seguir sumando conocimiento en post de lograr que este cultivo pensado para la rotaci\u00f3n empiece a ser tenido en cuenta como un agr\u00edcola m\u00e1s.<\/p>\n\n\n\n<p>Busso puso como ejemplo a la soja, afectada por las retenciones y el contexto internacional hizo que haya bajado el precio, por lo que \u201cla aparici\u00f3n de alternativas como la alfalfa es de mucha utilidad\u201d como un cultivo agr\u00edcola que puede producirse para exportar o que se puede utilizar para agregar valor a la ganader\u00eda de carne o leche.<\/p>\n\n\n\n<p>\u201cEl encuentro en Pozo del Molle seguramente ser\u00e1&nbsp;un contexto de poder charlar todos estos temas y poder poner en la vidriera las cosas que el alfalfa&nbsp;va a poder generar en C\u00f3rdoba y en el pa\u00eds\u201d, concluy\u00f3.<\/p>\n\n\n\n<p><\/p>\n<div class=\"todoalfalfa-final-de-la-nota\" id=\"todoalfalfa-245243053\"><a href=\"https:\/\/www.whatsapp.com\/channel\/0029VbCBmFB9WtBxJsD3eC2i\" target=\"_blank\" aria-label=\"5\"><img src=\"https:\/\/i0.wp.com\/www.todoalfalfa.com.ar\/noticias\/wp-content\/uploads\/2026\/04\/5.gif?fit=728%2C90&#038;ssl=1\" alt=\"\"  width=\"728\" height=\"90\"   \/><\/a><\/div>","protected":false},"excerpt":{"rendered":"<p>El ministro de Bioagroindustria de la Provincia, Sergio Busso, dialog\u00f3 con TodoAlfalfa en el stand del gobierno de C\u00f3rdoba en la ExpoRural de Palermo. Destac\u00f3 a la alfalfa como una prioridad en C\u00f3rdoba, con potencial para el desarrollo agr\u00edcola, especialmente en la lecher\u00eda. <\/p>\n","protected":false},"author":9,"featured_media":49679,"comment_status":"closed","ping_status":"open","sticky":false,"template":"","format":"standard","meta":{"jetpack_post_was_ever_published":false,"_jetpack_newsletter_access":"","_jetpack_dont_email_post_to_subs":false,"_jetpack_newsletter_tier_id":0,"_jetpack_memberships_contains_paywalled_content":false,"_jetpack_memberships_contains_paid_content":false,"footnotes":""},"categories":[2],"tags":[31,135,1971,1659,21,1086,1183],"class_list":["post-49674","post","type-post","status-publish","format-standard","has-post-thumbnail","hentry","category-generales","tag-alfalfa","tag-cordoba","tag-expoalfa-cordoba","tag-novedades","tag-produccion","tag-proyectos","tag-sergio-busso"],"yoast_head":"<!-- This site is optimized with the Yoast SEO plugin v25.5 - https:\/\/yoast.com\/wordpress\/plugins\/seo\/ -->\n<title>C\u00f3rdoba destaca el \u201cpotencial\u201d de la alfalfa y la pone en agenda<\/title>\n<meta name=\"robots\" content=\"index, follow, max-snippet:-1, max-image-preview:large, max-video-preview:-1\" \/>\n<link rel=\"canonical\" href=\"https:\/\/www.todoalfalfa.com.ar\/noticias\/cordoba-pone-a-la-alfalfa-en-agenda-por-su-potencial\/\" \/>\n<meta property=\"og:locale\" content=\"es_ES\" \/>\n<meta property=\"og:type\" content=\"article\" \/>\n<meta property=\"og:title\" content=\"C\u00f3rdoba destaca el \u201cpotencial\u201d de la alfalfa y la pone en agenda\" \/>\n<meta property=\"og:description\" content=\"El ministro de Bioagroindustria de la Provincia, Sergio Busso, dialog\u00f3 con TodoAlfalfa en el stand del gobierno de C\u00f3rdoba en la ExpoRural de Palermo. Destac\u00f3 a la alfalfa como una prioridad en C\u00f3rdoba, con potencial para el desarrollo agr\u00edcola, especialmente en la lecher\u00eda.\" \/>\n<meta property=\"og:url\" content=\"https:\/\/www.todoalfalfa.com.ar\/noticias\/cordoba-pone-a-la-alfalfa-en-agenda-por-su-potencial\/\" \/>\n<meta property=\"og:site_name\" content=\"Todo Alfalfa\" \/>\n<meta property=\"article:publisher\" content=\"https:\/\/www.facebook.com\/todoalfalfa\" \/>\n<meta property=\"article:published_time\" content=\"2025-07-28T11:51:59+00:00\" \/>\n<meta property=\"article:modified_time\" content=\"2025-07-28T17:20:07+00:00\" \/>\n<meta property=\"og:image\" content=\"https:\/\/www.todoalfalfa.com.ar\/noticias\/wp-content\/uploads\/2025\/07\/20250725_123948-scaled-e1753703387769.jpg\" \/>\n\t<meta property=\"og:image:width\" content=\"1920\" \/>\n\t<meta property=\"og:image:height\" content=\"1450\" \/>\n\t<meta property=\"og:image:type\" content=\"image\/jpeg\" \/>\n<meta name=\"author\" content=\"Todo Alfalfa\" \/>\n<meta name=\"twitter:card\" content=\"summary_large_image\" \/>\n<meta name=\"twitter:label1\" content=\"Escrito por\" \/>\n\t<meta name=\"twitter:data1\" content=\"Todo Alfalfa\" \/>\n\t<meta name=\"twitter:label2\" content=\"Tiempo de lectura\" \/>\n\t<meta name=\"twitter:data2\" content=\"4 minutos\" \/>\n<script type=\"application\/ld+json\" class=\"yoast-schema-graph\">{\"@context\":\"https:\/\/schema.org\",\"@graph\":[{\"@type\":\"NewsArticle\",\"@id\":\"https:\/\/www.todoalfalfa.com.ar\/noticias\/cordoba-pone-a-la-alfalfa-en-agenda-por-su-potencial\/#article\",\"isPartOf\":{\"@id\":\"https:\/\/www.todoalfalfa.com.ar\/noticias\/cordoba-pone-a-la-alfalfa-en-agenda-por-su-potencial\/\"},\"author\":{\"name\":\"Todo Alfalfa\",\"@id\":\"https:\/\/www.todoalfalfa.com.ar\/noticias\/#\/schema\/person\/99de93cb711c7015ef658e5321ba9f18\"},\"headline\":\"C\u00f3rdoba destaca el \u201cpotencial\u201d de la alfalfa y la pone en agenda\",\"datePublished\":\"2025-07-28T11:51:59+00:00\",\"dateModified\":\"2025-07-28T17:20:07+00:00\",\"mainEntityOfPage\":{\"@id\":\"https:\/\/www.todoalfalfa.com.ar\/noticias\/cordoba-pone-a-la-alfalfa-en-agenda-por-su-potencial\/\"},\"wordCount\":605,\"publisher\":{\"@id\":\"https:\/\/www.todoalfalfa.com.ar\/noticias\/#organization\"},\"image\":{\"@id\":\"https:\/\/www.todoalfalfa.com.ar\/noticias\/cordoba-pone-a-la-alfalfa-en-agenda-por-su-potencial\/#primaryimage\"},\"thumbnailUrl\":\"https:\/\/i0.wp.com\/www.todoalfalfa.com.ar\/noticias\/wp-content\/uploads\/2025\/07\/20250725_123948-scaled-e1753703387769.jpg?fit=1920%2C1450&ssl=1\",\"keywords\":[\"alfalfa\",\"C\u00f3rdoba\",\"ExpoAlfa C\u00f3rdoba\",\"Novedades\",\"producci\u00f3n\",\"proyectos\",\"Sergio Busso\"],\"articleSection\":[\"Generales\"],\"inLanguage\":\"es\"},{\"@type\":[\"WebPage\",\"ItemPage\"],\"@id\":\"https:\/\/www.todoalfalfa.com.ar\/noticias\/cordoba-pone-a-la-alfalfa-en-agenda-por-su-potencial\/\",\"url\":\"https:\/\/www.todoalfalfa.com.ar\/noticias\/cordoba-pone-a-la-alfalfa-en-agenda-por-su-potencial\/\",\"name\":\"C\u00f3rdoba destaca el \u201cpotencial\u201d de la alfalfa y la pone en agenda\",\"isPartOf\":{\"@id\":\"https:\/\/www.todoalfalfa.com.ar\/noticias\/#website\"},\"primaryImageOfPage\":{\"@id\":\"https:\/\/www.todoalfalfa.com.ar\/noticias\/cordoba-pone-a-la-alfalfa-en-agenda-por-su-potencial\/#primaryimage\"},\"image\":{\"@id\":\"https:\/\/www.todoalfalfa.com.ar\/noticias\/cordoba-pone-a-la-alfalfa-en-agenda-por-su-potencial\/#primaryimage\"},\"thumbnailUrl\":\"https:\/\/i0.wp.com\/www.todoalfalfa.com.ar\/noticias\/wp-content\/uploads\/2025\/07\/20250725_123948-scaled-e1753703387769.jpg?fit=1920%2C1450&ssl=1\",\"datePublished\":\"2025-07-28T11:51:59+00:00\",\"dateModified\":\"2025-07-28T17:20:07+00:00\",\"breadcrumb\":{\"@id\":\"https:\/\/www.todoalfalfa.com.ar\/noticias\/cordoba-pone-a-la-alfalfa-en-agenda-por-su-potencial\/#breadcrumb\"},\"inLanguage\":\"es\",\"potentialAction\":[{\"@type\":\"ReadAction\",\"target\":[\"https:\/\/www.todoalfalfa.com.ar\/noticias\/cordoba-pone-a-la-alfalfa-en-agenda-por-su-potencial\/\"]}]},{\"@type\":\"ImageObject\",\"inLanguage\":\"es\",\"@id\":\"https:\/\/www.todoalfalfa.com.ar\/noticias\/cordoba-pone-a-la-alfalfa-en-agenda-por-su-potencial\/#primaryimage\",\"url\":\"https:\/\/i0.wp.com\/www.todoalfalfa.com.ar\/noticias\/wp-content\/uploads\/2025\/07\/20250725_123948-scaled-e1753703387769.jpg?fit=1920%2C1450&ssl=1\",\"contentUrl\":\"https:\/\/i0.wp.com\/www.todoalfalfa.com.ar\/noticias\/wp-content\/uploads\/2025\/07\/20250725_123948-scaled-e1753703387769.jpg?fit=1920%2C1450&ssl=1\",\"width\":1920,\"height\":1450},{\"@type\":\"BreadcrumbList\",\"@id\":\"https:\/\/www.todoalfalfa.com.ar\/noticias\/cordoba-pone-a-la-alfalfa-en-agenda-por-su-potencial\/#breadcrumb\",\"itemListElement\":[{\"@type\":\"ListItem\",\"position\":1,\"name\":\"Principal\",\"item\":\"https:\/\/www.todoalfalfa.com.ar\/noticias\/\"},{\"@type\":\"ListItem\",\"position\":2,\"name\":\"C\u00f3rdoba destaca el \u201cpotencial\u201d de la alfalfa y la pone en agenda\"}]},{\"@type\":\"WebSite\",\"@id\":\"https:\/\/www.todoalfalfa.com.ar\/noticias\/#website\",\"url\":\"https:\/\/www.todoalfalfa.com.ar\/noticias\/\",\"name\":\"Todo Alfalfa\",\"description\":\"Web informativa de la cadena de la alfalfa argentina\",\"publisher\":{\"@id\":\"https:\/\/www.todoalfalfa.com.ar\/noticias\/#organization\"},\"potentialAction\":[{\"@type\":\"SearchAction\",\"target\":{\"@type\":\"EntryPoint\",\"urlTemplate\":\"https:\/\/www.todoalfalfa.com.ar\/noticias\/?s={search_term_string}\"},\"query-input\":{\"@type\":\"PropertyValueSpecification\",\"valueRequired\":true,\"valueName\":\"search_term_string\"}}],\"inLanguage\":\"es\"},{\"@type\":\"Organization\",\"@id\":\"https:\/\/www.todoalfalfa.com.ar\/noticias\/#organization\",\"name\":\"Todo Alfalfa\",\"url\":\"https:\/\/www.todoalfalfa.com.ar\/noticias\/\",\"logo\":{\"@type\":\"ImageObject\",\"inLanguage\":\"es\",\"@id\":\"https:\/\/www.todoalfalfa.com.ar\/noticias\/#\/schema\/logo\/image\/\",\"url\":\"https:\/\/www.todoalfalfa.com.ar\/noticias\/wp-content\/uploads\/2020\/09\/logo-todo-alfalfa-modificado.png\",\"contentUrl\":\"https:\/\/www.todoalfalfa.com.ar\/noticias\/wp-content\/uploads\/2020\/09\/logo-todo-alfalfa-modificado.png\",\"width\":350,\"height\":100,\"caption\":\"Todo Alfalfa\"},\"image\":{\"@id\":\"https:\/\/www.todoalfalfa.com.ar\/noticias\/#\/schema\/logo\/image\/\"},\"sameAs\":[\"https:\/\/www.facebook.com\/todoalfalfa\",\"https:\/\/www.instagram.com\/todoalfalfa\",\"https:\/\/www.youtube.com\/@TodoAlfalfa\",\"https:\/\/www.linkedin.com\/company\/todoalfalfa\/\"]},{\"@type\":\"Person\",\"@id\":\"https:\/\/www.todoalfalfa.com.ar\/noticias\/#\/schema\/person\/99de93cb711c7015ef658e5321ba9f18\",\"name\":\"Todo Alfalfa\",\"image\":{\"@type\":\"ImageObject\",\"inLanguage\":\"es\",\"@id\":\"https:\/\/www.todoalfalfa.com.ar\/noticias\/#\/schema\/person\/image\/\",\"url\":\"https:\/\/secure.gravatar.com\/avatar\/50ffd12fb7b268bc2467160730786602db252a270c63104e7c19b5f67b8dd346?s=96&d=mm&r=g\",\"contentUrl\":\"https:\/\/secure.gravatar.com\/avatar\/50ffd12fb7b268bc2467160730786602db252a270c63104e7c19b5f67b8dd346?s=96&d=mm&r=g\",\"caption\":\"Todo Alfalfa\"},\"url\":\"https:\/\/www.todoalfalfa.com.ar\/noticias\/author\/osvaldoiachetta\/\"}]}<\/script>\n<!-- \/ Yoast SEO plugin. -->","yoast_head_json":{"title":"C\u00f3rdoba destaca el \u201cpotencial\u201d de la alfalfa y la pone en agenda","robots":{"index":"index","follow":"follow","max-snippet":"max-snippet:-1","max-image-preview":"max-image-preview:large","max-video-preview":"max-video-preview:-1"},"canonical":"https:\/\/www.todoalfalfa.com.ar\/noticias\/cordoba-pone-a-la-alfalfa-en-agenda-por-su-potencial\/","og_locale":"es_ES","og_type":"article","og_title":"C\u00f3rdoba destaca el \u201cpotencial\u201d de la alfalfa y la pone en agenda","og_description":"El ministro de Bioagroindustria de la Provincia, Sergio Busso, dialog\u00f3 con TodoAlfalfa en el stand del gobierno de C\u00f3rdoba en la ExpoRural de Palermo. Destac\u00f3 a la alfalfa como una prioridad en C\u00f3rdoba, con potencial para el desarrollo agr\u00edcola, especialmente en la lecher\u00eda.","og_url":"https:\/\/www.todoalfalfa.com.ar\/noticias\/cordoba-pone-a-la-alfalfa-en-agenda-por-su-potencial\/","og_site_name":"Todo Alfalfa","article_publisher":"https:\/\/www.facebook.com\/todoalfalfa","article_published_time":"2025-07-28T11:51:59+00:00","article_modified_time":"2025-07-28T17:20:07+00:00","og_image":[{"width":1920,"height":1450,"url":"https:\/\/www.todoalfalfa.com.ar\/noticias\/wp-content\/uploads\/2025\/07\/20250725_123948-scaled-e1753703387769.jpg","type":"image\/jpeg"}],"author":"Todo Alfalfa","twitter_card":"summary_large_image","twitter_misc":{"Escrito por":"Todo Alfalfa","Tiempo de lectura":"4 minutos"},"schema":{"@context":"https:\/\/schema.org","@graph":[{"@type":"NewsArticle","@id":"https:\/\/www.todoalfalfa.com.ar\/noticias\/cordoba-pone-a-la-alfalfa-en-agenda-por-su-potencial\/#article","isPartOf":{"@id":"https:\/\/www.todoalfalfa.com.ar\/noticias\/cordoba-pone-a-la-alfalfa-en-agenda-por-su-potencial\/"},"author":{"name":"Todo Alfalfa","@id":"https:\/\/www.todoalfalfa.com.ar\/noticias\/#\/schema\/person\/99de93cb711c7015ef658e5321ba9f18"},"headline":"C\u00f3rdoba destaca el \u201cpotencial\u201d de la alfalfa y la pone en agenda","datePublished":"2025-07-28T11:51:59+00:00","dateModified":"2025-07-28T17:20:07+00:00","mainEntityOfPage":{"@id":"https:\/\/www.todoalfalfa.com.ar\/noticias\/cordoba-pone-a-la-alfalfa-en-agenda-por-su-potencial\/"},"wordCount":605,"publisher":{"@id":"https:\/\/www.todoalfalfa.com.ar\/noticias\/#organization"},"image":{"@id":"https:\/\/www.todoalfalfa.com.ar\/noticias\/cordoba-pone-a-la-alfalfa-en-agenda-por-su-potencial\/#primaryimage"},"thumbnailUrl":"https:\/\/i0.wp.com\/www.todoalfalfa.com.ar\/noticias\/wp-content\/uploads\/2025\/07\/20250725_123948-scaled-e1753703387769.jpg?fit=1920%2C1450&ssl=1","keywords":["alfalfa","C\u00f3rdoba","ExpoAlfa C\u00f3rdoba","Novedades","producci\u00f3n","proyectos","Sergio Busso"],"articleSection":["Generales"],"inLanguage":"es"},{"@type":["WebPage","ItemPage"],"@id":"https:\/\/www.todoalfalfa.com.ar\/noticias\/cordoba-pone-a-la-alfalfa-en-agenda-por-su-potencial\/","url":"https:\/\/www.todoalfalfa.com.ar\/noticias\/cordoba-pone-a-la-alfalfa-en-agenda-por-su-potencial\/","name":"C\u00f3rdoba destaca el \u201cpotencial\u201d de la alfalfa y la pone en agenda","isPartOf":{"@id":"https:\/\/www.todoalfalfa.com.ar\/noticias\/#website"},"primaryImageOfPage":{"@id":"https:\/\/www.todoalfalfa.com.ar\/noticias\/cordoba-pone-a-la-alfalfa-en-agenda-por-su-potencial\/#primaryimage"},"image":{"@id":"https:\/\/www.todoalfalfa.com.ar\/noticias\/cordoba-pone-a-la-alfalfa-en-agenda-por-su-potencial\/#primaryimage"},"thumbnailUrl":"https:\/\/i0.wp.com\/www.todoalfalfa.com.ar\/noticias\/wp-content\/uploads\/2025\/07\/20250725_123948-scaled-e1753703387769.jpg?fit=1920%2C1450&ssl=1","datePublished":"2025-07-28T11:51:59+00:00","dateModified":"2025-07-28T17:20:07+00:00","breadcrumb":{"@id":"https:\/\/www.todoalfalfa.com.ar\/noticias\/cordoba-pone-a-la-alfalfa-en-agenda-por-su-potencial\/#breadcrumb"},"inLanguage":"es","potentialAction":[{"@type":"ReadAction","target":["https:\/\/www.todoalfalfa.com.ar\/noticias\/cordoba-pone-a-la-alfalfa-en-agenda-por-su-potencial\/"]}]},{"@type":"ImageObject","inLanguage":"es","@id":"https:\/\/www.todoalfalfa.com.ar\/noticias\/cordoba-pone-a-la-alfalfa-en-agenda-por-su-potencial\/#primaryimage","url":"https:\/\/i0.wp.com\/www.todoalfalfa.com.ar\/noticias\/wp-content\/uploads\/2025\/07\/20250725_123948-scaled-e1753703387769.jpg?fit=1920%2C1450&ssl=1","contentUrl":"https:\/\/i0.wp.com\/www.todoalfalfa.com.ar\/noticias\/wp-content\/uploads\/2025\/07\/20250725_123948-scaled-e1753703387769.jpg?fit=1920%2C1450&ssl=1","width":1920,"height":1450},{"@type":"BreadcrumbList","@id":"https:\/\/www.todoalfalfa.com.ar\/noticias\/cordoba-pone-a-la-alfalfa-en-agenda-por-su-potencial\/#breadcrumb","itemListElement":[{"@type":"ListItem","position":1,"name":"Principal","item":"https:\/\/www.todoalfalfa.com.ar\/noticias\/"},{"@type":"ListItem","position":2,"name":"C\u00f3rdoba destaca el \u201cpotencial\u201d de la alfalfa y la pone en agenda"}]},{"@type":"WebSite","@id":"https:\/\/www.todoalfalfa.com.ar\/noticias\/#website","url":"https:\/\/www.todoalfalfa.com.ar\/noticias\/","name":"Todo Alfalfa","description":"Web informativa de la cadena de la alfalfa argentina","publisher":{"@id":"https:\/\/www.todoalfalfa.com.ar\/noticias\/#organization"},"potentialAction":[{"@type":"SearchAction","target":{"@type":"EntryPoint","urlTemplate":"https:\/\/www.todoalfalfa.com.ar\/noticias\/?s={search_term_string}"},"query-input":{"@type":"PropertyValueSpecification","valueRequired":true,"valueName":"search_term_string"}}],"inLanguage":"es"},{"@type":"Organization","@id":"https:\/\/www.todoalfalfa.com.ar\/noticias\/#organization","name":"Todo Alfalfa","url":"https:\/\/www.todoalfalfa.com.ar\/noticias\/","logo":{"@type":"ImageObject","inLanguage":"es","@id":"https:\/\/www.todoalfalfa.com.ar\/noticias\/#\/schema\/logo\/image\/","url":"https:\/\/www.todoalfalfa.com.ar\/noticias\/wp-content\/uploads\/2020\/09\/logo-todo-alfalfa-modificado.png","contentUrl":"https:\/\/www.todoalfalfa.com.ar\/noticias\/wp-content\/uploads\/2020\/09\/logo-todo-alfalfa-modificado.png","width":350,"height":100,"caption":"Todo Alfalfa"},"image":{"@id":"https:\/\/www.todoalfalfa.com.ar\/noticias\/#\/schema\/logo\/image\/"},"sameAs":["https:\/\/www.facebook.com\/todoalfalfa","https:\/\/www.instagram.com\/todoalfalfa","https:\/\/www.youtube.com\/@TodoAlfalfa","https:\/\/www.linkedin.com\/company\/todoalfalfa\/"]},{"@type":"Person","@id":"https:\/\/www.todoalfalfa.com.ar\/noticias\/#\/schema\/person\/99de93cb711c7015ef658e5321ba9f18","name":"Todo Alfalfa","image":{"@type":"ImageObject","inLanguage":"es","@id":"https:\/\/www.todoalfalfa.com.ar\/noticias\/#\/schema\/person\/image\/","url":"https:\/\/secure.gravatar.com\/avatar\/50ffd12fb7b268bc2467160730786602db252a270c63104e7c19b5f67b8dd346?s=96&d=mm&r=g","contentUrl":"https:\/\/secure.gravatar.com\/avatar\/50ffd12fb7b268bc2467160730786602db252a270c63104e7c19b5f67b8dd346?s=96&d=mm&r=g","caption":"Todo Alfalfa"},"url":"https:\/\/www.todoalfalfa.com.ar\/noticias\/author\/osvaldoiachetta\/"}]}},"jetpack_featured_media_url":"https:\/\/i0.wp.com\/www.todoalfalfa.com.ar\/noticias\/wp-content\/uploads\/2025\/07\/20250725_123948-scaled-e1753703387769.jpg?fit=1920%2C1450&ssl=1","wps_subtitle":"","jetpack_sharing_enabled":true,"_links":{"self":[{"href":"https:\/\/www.todoalfalfa.com.ar\/noticias\/wp-json\/wp\/v2\/posts\/49674","targetHints":{"allow":["GET"]}}],"collection":[{"href":"https:\/\/www.todoalfalfa.com.ar\/noticias\/wp-json\/wp\/v2\/posts"}],"about":[{"href":"https:\/\/www.todoalfalfa.com.ar\/noticias\/wp-json\/wp\/v2\/types\/post"}],"author":[{"embeddable":true,"href":"https:\/\/www.todoalfalfa.com.ar\/noticias\/wp-json\/wp\/v2\/users\/9"}],"replies":[{"embeddable":true,"href":"https:\/\/www.todoalfalfa.com.ar\/noticias\/wp-json\/wp\/v2\/comments?post=49674"}],"version-history":[{"count":3,"href":"https:\/\/www.todoalfalfa.com.ar\/noticias\/wp-json\/wp\/v2\/posts\/49674\/revisions"}],"predecessor-version":[{"id":49692,"href":"https:\/\/www.todoalfalfa.com.ar\/noticias\/wp-json\/wp\/v2\/posts\/49674\/revisions\/49692"}],"wp:featuredmedia":[{"embeddable":true,"href":"https:\/\/www.todoalfalfa.com.ar\/noticias\/wp-json\/wp\/v2\/media\/49679"}],"wp:attachment":[{"href":"https:\/\/www.todoalfalfa.com.ar\/noticias\/wp-json\/wp\/v2\/media?parent=49674"}],"wp:term":[{"taxonomy":"category","embeddable":true,"href":"https:\/\/www.todoalfalfa.com.ar\/noticias\/wp-json\/wp\/v2\/categories?post=49674"},{"taxonomy":"post_tag","embeddable":true,"href":"https:\/\/www.todoalfalfa.com.ar\/noticias\/wp-json\/wp\/v2\/tags?post=49674"}],"curies":[{"name":"wp","href":"https:\/\/api.w.org\/{rel}","templated":true}]}}