{"id":49683,"date":"2025-07-28T09:23:26","date_gmt":"2025-07-28T12:23:26","guid":{"rendered":"https:\/\/www.todoalfalfa.com.ar\/noticias\/?p=49683"},"modified":"2025-07-28T09:23:27","modified_gmt":"2025-07-28T12:23:27","slug":"la-ganaderia-argentina-atraviesa-un-momento-prometedor","status":"publish","type":"post","link":"https:\/\/www.todoalfalfa.com.ar\/noticias\/la-ganaderia-argentina-atraviesa-un-momento-prometedor\/","title":{"rendered":"La ganader\u00eda argentina atraviesa un momento prometedor"},"content":{"rendered":"\n<p>En la ExpoRural de Palermo, la ganader\u00eda mostr\u00f3 su potencial. Las distintas razas se lucieron en la pista central de la Sociedad Rural en una edici\u00f3n que dej\u00f3 en claro el buen momento que est\u00e1 atravesando el sector.<\/p>\n\n\n\n<p>Para muestra basta un bot\u00f3n y, por ejemplo, en el remate de Angus se pagaron 45 millones de pesos por la mitad de un ternero y 115 millones de pesos por un toro.<\/p>\n\n\n\n<p>TodoAlfalfa dialog\u00f3 con el ingeniero agr\u00f3nomo Fernando Canosa, que es productor ganadero y lidera una consultora que asesora a productores que buscan ganar kilos y aumentar su producci\u00f3n de carne.<\/p>\n\n\n\n<p>Si tenemos en cuenta que el consumo de carne vacuna se dispar\u00f3 a medida que la poblaci\u00f3n mundial creci\u00f3 y cambi\u00f3 sus h\u00e1bitos alimentarios, podemos visualizar una importante oportunidad.<\/p>\n\n\n\n<p>\u201cPa\u00edses en desarrollo, particularmente en Asia y el norte de \u00c1frica, est\u00e1n experimentando un aumento en la demanda de prote\u00ednas animales. Sin embargo, mientras que la demanda avanza r\u00e1pidamente, la oferta enfrenta retos significativos. Por ejemplo, la reciente reducci\u00f3n del ganado en Estados Unidos \u2014con la p\u00e9rdida de aproximadamente 4 millones de vacas\u2014 ha creado un vac\u00edo en el mercado, aumentando a\u00fan m\u00e1s la necesidad de carne argentina\u201d, asegur\u00f3.<\/p>\n\n\n\n<figure class=\"wp-block-embed is-type-video is-provider-youtube wp-block-embed-youtube wp-embed-aspect-16-9 wp-has-aspect-ratio\"><div class=\"wp-block-embed__wrapper\">\n<iframe title=\"La ganader\u00eda argentina atraviesa un momento prometedor\" width=\"500\" height=\"281\" src=\"https:\/\/www.youtube.com\/embed\/Vg266SdQ0cw?feature=oembed\" frameborder=\"0\" allow=\"accelerometer; autoplay; clipboard-write; encrypted-media; gyroscope; picture-in-picture; web-share\" referrerpolicy=\"strict-origin-when-cross-origin\" allowfullscreen><\/iframe>\n<\/div><\/figure>\n\n\n\n<p>Por esto, es imperiosa la necesidad de que los productores piensen en el futuro sin mirar atr\u00e1s. \u201cLas circunstancias actuales son diferentes a las del pasado, y es esencial prepararse para un ma\u00f1ana que promete un crecimiento en la satisfacci\u00f3n de esta demanda insatisfecha\u201d, agreg\u00f3.<\/p>\n\n\n\n<p>A trav\u00e9s de la consultora asesoran a productores pero lo hace desde su experiencia como productor ganadero. Canosa est\u00e1 en el negocio de la producci\u00f3n de carne desde hace muchos a\u00f1os en campos ubicados al sur de C\u00f3rdoba.<\/p>\n\n\n\n<p>De manera asociada con sus hermanos y \u201cun grupo de gente joven\u201d buscan crecer en producci\u00f3n de pasto en campos de terceros. \u201cComo en la d\u00e9cada del \u201880\/\u201990 aparecieron los pools de siembra, hoy entre el 50 y 70 por ciento de la agricultura est\u00e1 en manos de terceros que incorporan el conocimiento a los suelos con informaci\u00f3n satelital que nos dice que ocurri\u00f3 con la producci\u00f3n de pasto en los \u00faltimos 20 a\u00f1os, cuales son los riesgos h\u00eddricos\u201d, indic\u00f3.<\/p>\n\n\n\n<p>Por lo tanto, toda esa informaci\u00f3n puede ser procesada y aplicada en mejorar la eficiencia. \u201cDonde entran 100 vacas pueden entrar 150, 200 o 300 vacas\u201d, apunt\u00f3.<\/p>\n\n\n\n<p>En su caso, producen en campos propios y alquilados, iniciaron con 50 vacas y 400 cabezas y hoy tienen 1400 vacas y unas 2000 cabezas.<\/p>\n\n\n\n<div class=\"wp-block-jetpack-slideshow aligncenter\" data-effect=\"slide\" style=\"--aspect-ratio:calc(400 \/ 300)\"><div class=\"wp-block-jetpack-slideshow_container swiper-container\"><ul class=\"wp-block-jetpack-slideshow_swiper-wrapper swiper-wrapper\"><li class=\"wp-block-jetpack-slideshow_slide swiper-slide\"><figure><img data-recalc-dims=\"1\" fetchpriority=\"high\" decoding=\"async\" width=\"400\" height=\"300\" alt=\"\" class=\"wp-block-jetpack-slideshow_image wp-image-49685\" data-id=\"49685\" data-aspect-ratio=\"400 \/ 300\" src=\"https:\/\/i0.wp.com\/www.todoalfalfa.com.ar\/noticias\/wp-content\/uploads\/2025\/07\/Canosa-Pastura-2024-en-nov-2024.-Alfalfa-y-agropiro.-Lote-agricola-en-rotacion-400x300-1.jpeg?resize=400%2C300&#038;ssl=1\" srcset=\"https:\/\/i0.wp.com\/www.todoalfalfa.com.ar\/noticias\/wp-content\/uploads\/2025\/07\/Canosa-Pastura-2024-en-nov-2024.-Alfalfa-y-agropiro.-Lote-agricola-en-rotacion-400x300-1.jpeg?w=400&amp;ssl=1 400w, https:\/\/i0.wp.com\/www.todoalfalfa.com.ar\/noticias\/wp-content\/uploads\/2025\/07\/Canosa-Pastura-2024-en-nov-2024.-Alfalfa-y-agropiro.-Lote-agricola-en-rotacion-400x300-1.jpeg?resize=300%2C225&amp;ssl=1 300w\" sizes=\"(max-width: 400px) 100vw, 400px\" \/><figcaption class=\"wp-block-jetpack-slideshow_caption gallery-caption\">Pastura en noviembre 2024. Alfalfa y agropiro. (Foto: Valor Carne)<\/figcaption><\/figure><\/li><li class=\"wp-block-jetpack-slideshow_slide swiper-slide\"><figure><img data-recalc-dims=\"1\" decoding=\"async\" width=\"400\" height=\"300\" alt=\"\" class=\"wp-block-jetpack-slideshow_image wp-image-49686\" data-id=\"49686\" data-aspect-ratio=\"400 \/ 300\" src=\"https:\/\/i0.wp.com\/www.todoalfalfa.com.ar\/noticias\/wp-content\/uploads\/2025\/07\/Canosa-Terneros-destete-marzo-2025-400x300-1.jpeg?resize=400%2C300&#038;ssl=1\" srcset=\"https:\/\/i0.wp.com\/www.todoalfalfa.com.ar\/noticias\/wp-content\/uploads\/2025\/07\/Canosa-Terneros-destete-marzo-2025-400x300-1.jpeg?w=400&amp;ssl=1 400w, https:\/\/i0.wp.com\/www.todoalfalfa.com.ar\/noticias\/wp-content\/uploads\/2025\/07\/Canosa-Terneros-destete-marzo-2025-400x300-1.jpeg?resize=300%2C225&amp;ssl=1 300w\" sizes=\"(max-width: 400px) 100vw, 400px\" \/><figcaption class=\"wp-block-jetpack-slideshow_caption gallery-caption\">Destete de terneros &#8211; Marzo 2025. (Foto: Valor Carne)<\/figcaption><\/figure><\/li><li class=\"wp-block-jetpack-slideshow_slide swiper-slide\"><figure><img data-recalc-dims=\"1\" decoding=\"async\" width=\"400\" height=\"300\" alt=\"\" class=\"wp-block-jetpack-slideshow_image wp-image-49687\" data-id=\"49687\" data-aspect-ratio=\"400 \/ 300\" src=\"https:\/\/i0.wp.com\/www.todoalfalfa.com.ar\/noticias\/wp-content\/uploads\/2025\/07\/Canosa-Rodeo-de-cria-en-campo-alquilado-pastura-de-alfalfa-y-agropiro-2024-400x300-2.jpeg?resize=400%2C300&#038;ssl=1\" srcset=\"https:\/\/i0.wp.com\/www.todoalfalfa.com.ar\/noticias\/wp-content\/uploads\/2025\/07\/Canosa-Rodeo-de-cria-en-campo-alquilado-pastura-de-alfalfa-y-agropiro-2024-400x300-2.jpeg?w=400&amp;ssl=1 400w, https:\/\/i0.wp.com\/www.todoalfalfa.com.ar\/noticias\/wp-content\/uploads\/2025\/07\/Canosa-Rodeo-de-cria-en-campo-alquilado-pastura-de-alfalfa-y-agropiro-2024-400x300-2.jpeg?resize=300%2C225&amp;ssl=1 300w\" sizes=\"(max-width: 400px) 100vw, 400px\" \/><figcaption class=\"wp-block-jetpack-slideshow_caption gallery-caption\">Rodeo de cr\u00eda en campo alquilado. Alfalfa y agripiro. (Foto: Valor Carne)<\/figcaption><\/figure><\/li><li class=\"wp-block-jetpack-slideshow_slide swiper-slide\"><figure><img data-recalc-dims=\"1\" loading=\"lazy\" decoding=\"async\" width=\"400\" height=\"300\" alt=\"\" class=\"wp-block-jetpack-slideshow_image wp-image-49688\" data-id=\"49688\" data-aspect-ratio=\"400 \/ 300\" src=\"https:\/\/i0.wp.com\/www.todoalfalfa.com.ar\/noticias\/wp-content\/uploads\/2025\/07\/Canosa-Vaq-1er-S-de-15-meses-oct-2024-400x300-1.jpeg?resize=400%2C300&#038;ssl=1\" srcset=\"https:\/\/i0.wp.com\/www.todoalfalfa.com.ar\/noticias\/wp-content\/uploads\/2025\/07\/Canosa-Vaq-1er-S-de-15-meses-oct-2024-400x300-1.jpeg?w=400&amp;ssl=1 400w, https:\/\/i0.wp.com\/www.todoalfalfa.com.ar\/noticias\/wp-content\/uploads\/2025\/07\/Canosa-Vaq-1er-S-de-15-meses-oct-2024-400x300-1.jpeg?resize=300%2C225&amp;ssl=1 300w\" sizes=\"(max-width: 400px) 100vw, 400px\" \/><figcaption class=\"wp-block-jetpack-slideshow_caption gallery-caption\">Vaquilona de 15 meses (Foto: Valor Carne)<\/figcaption><\/figure><\/li><li class=\"wp-block-jetpack-slideshow_slide swiper-slide\"><figure><img data-recalc-dims=\"1\" loading=\"lazy\" decoding=\"async\" width=\"600\" height=\"450\" alt=\"\" class=\"wp-block-jetpack-slideshow_image wp-image-49689\" data-id=\"49689\" data-aspect-ratio=\"600 \/ 450\" src=\"https:\/\/i0.wp.com\/www.todoalfalfa.com.ar\/noticias\/wp-content\/uploads\/2025\/07\/Canosa-Vaq-1a-paricion-a-2do-servicio-en-nov-2024.-Tuvieron-el-1er-S-a-los-15-meses-600x450-1.jpeg?resize=600%2C450&#038;ssl=1\" srcset=\"https:\/\/i0.wp.com\/www.todoalfalfa.com.ar\/noticias\/wp-content\/uploads\/2025\/07\/Canosa-Vaq-1a-paricion-a-2do-servicio-en-nov-2024.-Tuvieron-el-1er-S-a-los-15-meses-600x450-1.jpeg?w=600&amp;ssl=1 600w, https:\/\/i0.wp.com\/www.todoalfalfa.com.ar\/noticias\/wp-content\/uploads\/2025\/07\/Canosa-Vaq-1a-paricion-a-2do-servicio-en-nov-2024.-Tuvieron-el-1er-S-a-los-15-meses-600x450-1.jpeg?resize=300%2C225&amp;ssl=1 300w\" sizes=\"(max-width: 600px) 100vw, 600px\" \/><\/figure><\/li><\/ul><a class=\"wp-block-jetpack-slideshow_button-prev swiper-button-prev swiper-button-white\" role=\"button\"><\/a><a class=\"wp-block-jetpack-slideshow_button-next swiper-button-next swiper-button-white\" role=\"button\"><\/a><a aria-label=\"Pause Slideshow\" class=\"wp-block-jetpack-slideshow_button-pause\" role=\"button\"><\/a><div class=\"wp-block-jetpack-slideshow_pagination swiper-pagination swiper-pagination-white\"><\/div><\/div><\/div>\n\n\n\n<p>Con esa experiencia, plantea la necesidad de identificar cuales son las mejores pr\u00e1cticas para cada tipo de suelo, adaptando la pastura seg\u00fan la necesidad: \u201cpueden ser alfalfas, pero habr\u00e1 lugares donde ser\u00e1 festuca, agropiro, o pasto llor\u00f3n\u201d, remarca.<\/p>\n\n\n\n<p>Pero la pastura no es lo \u00fanico, porque uno de los factores claves para la producci\u00f3n ganadera es el abastecimiento de agua. \u201cSin un acceso adecuado al agua, la salud del ganado se ve comprometida, lo que puede llevar a una disminuci\u00f3n en el n\u00famero de cabezas\u201d.<\/p>\n\n\n\n<p>Por lo que la clave ser\u00e1 \u201cque los productores deben garantizar que sus tierras tengan acceso a fuentes de agua confiables para mantener la producci\u00f3n constante y maximizar el rendimiento de sus pasturas\u201d.<\/p>\n\n\n\n<p>Por lo que el contexto actual muestra que la relaci\u00f3n ternero-vaca ha mejorado, indicando que hay menos vacas improductivas y que los esfuerzos est\u00e1n dando resultados. Para Canosa, \u201cestabamos vendiendo la botella de gaseosa de dos litros con 1,5 litros adentro, pero ahora le ponemos el medio litro que faltaba y hace que aumente la producci\u00f3n\u201d, indic\u00f3 Canosa.<\/p>\n\n\n\n<p>La producci\u00f3n y exportaci\u00f3n de carne en Argentina se encuentran en medio de una transformaci\u00f3n significativa. Con una demanda creciente, innovaciones en la producci\u00f3n, y una s\u00f3lida base de recursos como el agua y la tierra, el futuro parece prometedor. Los productores que adopten enfoques proactivos y sostenibles estar\u00e1n bien posicionados para aprovechar las oportunidades que se presenten.<\/p>\n<div class=\"todoalfalfa-final-de-la-nota\" id=\"todoalfalfa-2375919196\"><a href=\"https:\/\/www.whatsapp.com\/channel\/0029VbCBmFB9WtBxJsD3eC2i\" target=\"_blank\" aria-label=\"5\"><img src=\"https:\/\/i0.wp.com\/www.todoalfalfa.com.ar\/noticias\/wp-content\/uploads\/2026\/04\/5.gif?fit=728%2C90&#038;ssl=1\" alt=\"\"  width=\"728\" height=\"90\"   \/><\/a><\/div>","protected":false},"excerpt":{"rendered":"<p>\u201cEs fascinante\u201d dej\u00f3 en claro el ingeniero agr\u00f3nomo Fernando Canosa, productor y consultor en di\u00e1logo con todoAlfalfa. Con un mercado global \u00e1vido de carne, especialmente en regiones como Asia y el norte de \u00c1frica, nuestro pa\u00eds tiene una gran oportunidad para expandir su producci\u00f3n y exportaci\u00f3n. <\/p>\n","protected":false},"author":9,"featured_media":49684,"comment_status":"closed","ping_status":"open","sticky":false,"template":"","format":"standard","meta":{"jetpack_post_was_ever_published":false,"_jetpack_newsletter_access":"","_jetpack_dont_email_post_to_subs":false,"_jetpack_newsletter_tier_id":0,"_jetpack_memberships_contains_paywalled_content":false,"_jetpack_memberships_contains_paid_content":false,"footnotes":""},"categories":[2],"tags":[31,1243,1527,24,17,21],"class_list":["post-49683","post","type-post","status-publish","format-standard","has-post-thumbnail","hentry","category-generales","tag-alfalfa","tag-carne","tag-fernando-canosa","tag-ganaderia","tag-pasturas","tag-produccion"],"yoast_head":"<!-- This site is optimized with the Yoast SEO plugin v25.5 - https:\/\/yoast.com\/wordpress\/plugins\/seo\/ -->\n<title>La ganader\u00eda argentina atraviesa un momento prometedor<\/title>\n<meta name=\"robots\" content=\"index, follow, max-snippet:-1, max-image-preview:large, max-video-preview:-1\" \/>\n<link rel=\"canonical\" href=\"https:\/\/www.todoalfalfa.com.ar\/noticias\/la-ganaderia-argentina-atraviesa-un-momento-prometedor\/\" \/>\n<meta property=\"og:locale\" content=\"es_ES\" \/>\n<meta property=\"og:type\" content=\"article\" \/>\n<meta property=\"og:title\" content=\"La ganader\u00eda argentina atraviesa un momento prometedor\" \/>\n<meta property=\"og:description\" content=\"\u201cEs fascinante\u201d dej\u00f3 en claro el ingeniero agr\u00f3nomo Fernando Canosa, productor y consultor en di\u00e1logo con todoAlfalfa. Con un mercado global \u00e1vido de carne, especialmente en regiones como Asia y el norte de \u00c1frica, nuestro pa\u00eds tiene una gran oportunidad para expandir su producci\u00f3n y exportaci\u00f3n.\" \/>\n<meta property=\"og:url\" content=\"https:\/\/www.todoalfalfa.com.ar\/noticias\/la-ganaderia-argentina-atraviesa-un-momento-prometedor\/\" \/>\n<meta property=\"og:site_name\" content=\"Todo Alfalfa\" \/>\n<meta property=\"article:publisher\" content=\"https:\/\/www.facebook.com\/todoalfalfa\" \/>\n<meta property=\"article:published_time\" content=\"2025-07-28T12:23:26+00:00\" \/>\n<meta property=\"article:modified_time\" content=\"2025-07-28T12:23:27+00:00\" \/>\n<meta property=\"og:image\" content=\"https:\/\/www.todoalfalfa.com.ar\/noticias\/wp-content\/uploads\/2025\/07\/Canosa-Rodeo-de-cria-en-campo-alquilado-pastura-de-alfalfa-y-agropiro-2024-400x300-1.jpeg\" \/>\n\t<meta property=\"og:image:width\" content=\"400\" \/>\n\t<meta property=\"og:image:height\" content=\"300\" \/>\n\t<meta property=\"og:image:type\" content=\"image\/jpeg\" \/>\n<meta name=\"author\" content=\"Todo Alfalfa\" \/>\n<meta name=\"twitter:card\" content=\"summary_large_image\" \/>\n<meta name=\"twitter:label1\" content=\"Escrito por\" \/>\n\t<meta name=\"twitter:data1\" content=\"Todo Alfalfa\" \/>\n\t<meta name=\"twitter:label2\" content=\"Tiempo de lectura\" \/>\n\t<meta name=\"twitter:data2\" content=\"5 minutos\" \/>\n<script type=\"application\/ld+json\" class=\"yoast-schema-graph\">{\"@context\":\"https:\/\/schema.org\",\"@graph\":[{\"@type\":\"NewsArticle\",\"@id\":\"https:\/\/www.todoalfalfa.com.ar\/noticias\/la-ganaderia-argentina-atraviesa-un-momento-prometedor\/#article\",\"isPartOf\":{\"@id\":\"https:\/\/www.todoalfalfa.com.ar\/noticias\/la-ganaderia-argentina-atraviesa-un-momento-prometedor\/\"},\"author\":{\"name\":\"Todo Alfalfa\",\"@id\":\"https:\/\/www.todoalfalfa.com.ar\/noticias\/#\/schema\/person\/99de93cb711c7015ef658e5321ba9f18\"},\"headline\":\"La ganader\u00eda argentina atraviesa un momento prometedor\",\"datePublished\":\"2025-07-28T12:23:26+00:00\",\"dateModified\":\"2025-07-28T12:23:27+00:00\",\"mainEntityOfPage\":{\"@id\":\"https:\/\/www.todoalfalfa.com.ar\/noticias\/la-ganaderia-argentina-atraviesa-un-momento-prometedor\/\"},\"wordCount\":728,\"publisher\":{\"@id\":\"https:\/\/www.todoalfalfa.com.ar\/noticias\/#organization\"},\"image\":{\"@id\":\"https:\/\/www.todoalfalfa.com.ar\/noticias\/la-ganaderia-argentina-atraviesa-un-momento-prometedor\/#primaryimage\"},\"thumbnailUrl\":\"https:\/\/i0.wp.com\/www.todoalfalfa.com.ar\/noticias\/wp-content\/uploads\/2025\/07\/Canosa-Rodeo-de-cria-en-campo-alquilado-pastura-de-alfalfa-y-agropiro-2024-400x300-1.jpeg?fit=400%2C300&ssl=1\",\"keywords\":[\"alfalfa\",\"carne\",\"Fernando Canosa\",\"Ganader\u00eda\",\"pasturas\",\"producci\u00f3n\"],\"articleSection\":[\"Generales\"],\"inLanguage\":\"es\"},{\"@type\":[\"WebPage\",\"ItemPage\"],\"@id\":\"https:\/\/www.todoalfalfa.com.ar\/noticias\/la-ganaderia-argentina-atraviesa-un-momento-prometedor\/\",\"url\":\"https:\/\/www.todoalfalfa.com.ar\/noticias\/la-ganaderia-argentina-atraviesa-un-momento-prometedor\/\",\"name\":\"La ganader\u00eda argentina atraviesa un momento prometedor\",\"isPartOf\":{\"@id\":\"https:\/\/www.todoalfalfa.com.ar\/noticias\/#website\"},\"primaryImageOfPage\":{\"@id\":\"https:\/\/www.todoalfalfa.com.ar\/noticias\/la-ganaderia-argentina-atraviesa-un-momento-prometedor\/#primaryimage\"},\"image\":{\"@id\":\"https:\/\/www.todoalfalfa.com.ar\/noticias\/la-ganaderia-argentina-atraviesa-un-momento-prometedor\/#primaryimage\"},\"thumbnailUrl\":\"https:\/\/i0.wp.com\/www.todoalfalfa.com.ar\/noticias\/wp-content\/uploads\/2025\/07\/Canosa-Rodeo-de-cria-en-campo-alquilado-pastura-de-alfalfa-y-agropiro-2024-400x300-1.jpeg?fit=400%2C300&ssl=1\",\"datePublished\":\"2025-07-28T12:23:26+00:00\",\"dateModified\":\"2025-07-28T12:23:27+00:00\",\"breadcrumb\":{\"@id\":\"https:\/\/www.todoalfalfa.com.ar\/noticias\/la-ganaderia-argentina-atraviesa-un-momento-prometedor\/#breadcrumb\"},\"inLanguage\":\"es\",\"potentialAction\":[{\"@type\":\"ReadAction\",\"target\":[\"https:\/\/www.todoalfalfa.com.ar\/noticias\/la-ganaderia-argentina-atraviesa-un-momento-prometedor\/\"]}]},{\"@type\":\"ImageObject\",\"inLanguage\":\"es\",\"@id\":\"https:\/\/www.todoalfalfa.com.ar\/noticias\/la-ganaderia-argentina-atraviesa-un-momento-prometedor\/#primaryimage\",\"url\":\"https:\/\/i0.wp.com\/www.todoalfalfa.com.ar\/noticias\/wp-content\/uploads\/2025\/07\/Canosa-Rodeo-de-cria-en-campo-alquilado-pastura-de-alfalfa-y-agropiro-2024-400x300-1.jpeg?fit=400%2C300&ssl=1\",\"contentUrl\":\"https:\/\/i0.wp.com\/www.todoalfalfa.com.ar\/noticias\/wp-content\/uploads\/2025\/07\/Canosa-Rodeo-de-cria-en-campo-alquilado-pastura-de-alfalfa-y-agropiro-2024-400x300-1.jpeg?fit=400%2C300&ssl=1\",\"width\":400,\"height\":300},{\"@type\":\"BreadcrumbList\",\"@id\":\"https:\/\/www.todoalfalfa.com.ar\/noticias\/la-ganaderia-argentina-atraviesa-un-momento-prometedor\/#breadcrumb\",\"itemListElement\":[{\"@type\":\"ListItem\",\"position\":1,\"name\":\"Principal\",\"item\":\"https:\/\/www.todoalfalfa.com.ar\/noticias\/\"},{\"@type\":\"ListItem\",\"position\":2,\"name\":\"La ganader\u00eda argentina atraviesa un momento prometedor\"}]},{\"@type\":\"WebSite\",\"@id\":\"https:\/\/www.todoalfalfa.com.ar\/noticias\/#website\",\"url\":\"https:\/\/www.todoalfalfa.com.ar\/noticias\/\",\"name\":\"Todo Alfalfa\",\"description\":\"Web informativa de la cadena de la alfalfa argentina\",\"publisher\":{\"@id\":\"https:\/\/www.todoalfalfa.com.ar\/noticias\/#organization\"},\"potentialAction\":[{\"@type\":\"SearchAction\",\"target\":{\"@type\":\"EntryPoint\",\"urlTemplate\":\"https:\/\/www.todoalfalfa.com.ar\/noticias\/?s={search_term_string}\"},\"query-input\":{\"@type\":\"PropertyValueSpecification\",\"valueRequired\":true,\"valueName\":\"search_term_string\"}}],\"inLanguage\":\"es\"},{\"@type\":\"Organization\",\"@id\":\"https:\/\/www.todoalfalfa.com.ar\/noticias\/#organization\",\"name\":\"Todo Alfalfa\",\"url\":\"https:\/\/www.todoalfalfa.com.ar\/noticias\/\",\"logo\":{\"@type\":\"ImageObject\",\"inLanguage\":\"es\",\"@id\":\"https:\/\/www.todoalfalfa.com.ar\/noticias\/#\/schema\/logo\/image\/\",\"url\":\"https:\/\/www.todoalfalfa.com.ar\/noticias\/wp-content\/uploads\/2020\/09\/logo-todo-alfalfa-modificado.png\",\"contentUrl\":\"https:\/\/www.todoalfalfa.com.ar\/noticias\/wp-content\/uploads\/2020\/09\/logo-todo-alfalfa-modificado.png\",\"width\":350,\"height\":100,\"caption\":\"Todo Alfalfa\"},\"image\":{\"@id\":\"https:\/\/www.todoalfalfa.com.ar\/noticias\/#\/schema\/logo\/image\/\"},\"sameAs\":[\"https:\/\/www.facebook.com\/todoalfalfa\",\"https:\/\/www.instagram.com\/todoalfalfa\",\"https:\/\/www.youtube.com\/@TodoAlfalfa\",\"https:\/\/www.linkedin.com\/company\/todoalfalfa\/\"]},{\"@type\":\"Person\",\"@id\":\"https:\/\/www.todoalfalfa.com.ar\/noticias\/#\/schema\/person\/99de93cb711c7015ef658e5321ba9f18\",\"name\":\"Todo Alfalfa\",\"image\":{\"@type\":\"ImageObject\",\"inLanguage\":\"es\",\"@id\":\"https:\/\/www.todoalfalfa.com.ar\/noticias\/#\/schema\/person\/image\/\",\"url\":\"https:\/\/secure.gravatar.com\/avatar\/50ffd12fb7b268bc2467160730786602db252a270c63104e7c19b5f67b8dd346?s=96&d=mm&r=g\",\"contentUrl\":\"https:\/\/secure.gravatar.com\/avatar\/50ffd12fb7b268bc2467160730786602db252a270c63104e7c19b5f67b8dd346?s=96&d=mm&r=g\",\"caption\":\"Todo Alfalfa\"},\"url\":\"https:\/\/www.todoalfalfa.com.ar\/noticias\/author\/osvaldoiachetta\/\"}]}<\/script>\n<!-- \/ Yoast SEO plugin. -->","yoast_head_json":{"title":"La ganader\u00eda argentina atraviesa un momento prometedor","robots":{"index":"index","follow":"follow","max-snippet":"max-snippet:-1","max-image-preview":"max-image-preview:large","max-video-preview":"max-video-preview:-1"},"canonical":"https:\/\/www.todoalfalfa.com.ar\/noticias\/la-ganaderia-argentina-atraviesa-un-momento-prometedor\/","og_locale":"es_ES","og_type":"article","og_title":"La ganader\u00eda argentina atraviesa un momento prometedor","og_description":"\u201cEs fascinante\u201d dej\u00f3 en claro el ingeniero agr\u00f3nomo Fernando Canosa, productor y consultor en di\u00e1logo con todoAlfalfa. Con un mercado global \u00e1vido de carne, especialmente en regiones como Asia y el norte de \u00c1frica, nuestro pa\u00eds tiene una gran oportunidad para expandir su producci\u00f3n y exportaci\u00f3n.","og_url":"https:\/\/www.todoalfalfa.com.ar\/noticias\/la-ganaderia-argentina-atraviesa-un-momento-prometedor\/","og_site_name":"Todo Alfalfa","article_publisher":"https:\/\/www.facebook.com\/todoalfalfa","article_published_time":"2025-07-28T12:23:26+00:00","article_modified_time":"2025-07-28T12:23:27+00:00","og_image":[{"width":400,"height":300,"url":"https:\/\/www.todoalfalfa.com.ar\/noticias\/wp-content\/uploads\/2025\/07\/Canosa-Rodeo-de-cria-en-campo-alquilado-pastura-de-alfalfa-y-agropiro-2024-400x300-1.jpeg","type":"image\/jpeg"}],"author":"Todo Alfalfa","twitter_card":"summary_large_image","twitter_misc":{"Escrito por":"Todo Alfalfa","Tiempo de lectura":"5 minutos"},"schema":{"@context":"https:\/\/schema.org","@graph":[{"@type":"NewsArticle","@id":"https:\/\/www.todoalfalfa.com.ar\/noticias\/la-ganaderia-argentina-atraviesa-un-momento-prometedor\/#article","isPartOf":{"@id":"https:\/\/www.todoalfalfa.com.ar\/noticias\/la-ganaderia-argentina-atraviesa-un-momento-prometedor\/"},"author":{"name":"Todo Alfalfa","@id":"https:\/\/www.todoalfalfa.com.ar\/noticias\/#\/schema\/person\/99de93cb711c7015ef658e5321ba9f18"},"headline":"La ganader\u00eda argentina atraviesa un momento prometedor","datePublished":"2025-07-28T12:23:26+00:00","dateModified":"2025-07-28T12:23:27+00:00","mainEntityOfPage":{"@id":"https:\/\/www.todoalfalfa.com.ar\/noticias\/la-ganaderia-argentina-atraviesa-un-momento-prometedor\/"},"wordCount":728,"publisher":{"@id":"https:\/\/www.todoalfalfa.com.ar\/noticias\/#organization"},"image":{"@id":"https:\/\/www.todoalfalfa.com.ar\/noticias\/la-ganaderia-argentina-atraviesa-un-momento-prometedor\/#primaryimage"},"thumbnailUrl":"https:\/\/i0.wp.com\/www.todoalfalfa.com.ar\/noticias\/wp-content\/uploads\/2025\/07\/Canosa-Rodeo-de-cria-en-campo-alquilado-pastura-de-alfalfa-y-agropiro-2024-400x300-1.jpeg?fit=400%2C300&ssl=1","keywords":["alfalfa","carne","Fernando Canosa","Ganader\u00eda","pasturas","producci\u00f3n"],"articleSection":["Generales"],"inLanguage":"es"},{"@type":["WebPage","ItemPage"],"@id":"https:\/\/www.todoalfalfa.com.ar\/noticias\/la-ganaderia-argentina-atraviesa-un-momento-prometedor\/","url":"https:\/\/www.todoalfalfa.com.ar\/noticias\/la-ganaderia-argentina-atraviesa-un-momento-prometedor\/","name":"La ganader\u00eda argentina atraviesa un momento prometedor","isPartOf":{"@id":"https:\/\/www.todoalfalfa.com.ar\/noticias\/#website"},"primaryImageOfPage":{"@id":"https:\/\/www.todoalfalfa.com.ar\/noticias\/la-ganaderia-argentina-atraviesa-un-momento-prometedor\/#primaryimage"},"image":{"@id":"https:\/\/www.todoalfalfa.com.ar\/noticias\/la-ganaderia-argentina-atraviesa-un-momento-prometedor\/#primaryimage"},"thumbnailUrl":"https:\/\/i0.wp.com\/www.todoalfalfa.com.ar\/noticias\/wp-content\/uploads\/2025\/07\/Canosa-Rodeo-de-cria-en-campo-alquilado-pastura-de-alfalfa-y-agropiro-2024-400x300-1.jpeg?fit=400%2C300&ssl=1","datePublished":"2025-07-28T12:23:26+00:00","dateModified":"2025-07-28T12:23:27+00:00","breadcrumb":{"@id":"https:\/\/www.todoalfalfa.com.ar\/noticias\/la-ganaderia-argentina-atraviesa-un-momento-prometedor\/#breadcrumb"},"inLanguage":"es","potentialAction":[{"@type":"ReadAction","target":["https:\/\/www.todoalfalfa.com.ar\/noticias\/la-ganaderia-argentina-atraviesa-un-momento-prometedor\/"]}]},{"@type":"ImageObject","inLanguage":"es","@id":"https:\/\/www.todoalfalfa.com.ar\/noticias\/la-ganaderia-argentina-atraviesa-un-momento-prometedor\/#primaryimage","url":"https:\/\/i0.wp.com\/www.todoalfalfa.com.ar\/noticias\/wp-content\/uploads\/2025\/07\/Canosa-Rodeo-de-cria-en-campo-alquilado-pastura-de-alfalfa-y-agropiro-2024-400x300-1.jpeg?fit=400%2C300&ssl=1","contentUrl":"https:\/\/i0.wp.com\/www.todoalfalfa.com.ar\/noticias\/wp-content\/uploads\/2025\/07\/Canosa-Rodeo-de-cria-en-campo-alquilado-pastura-de-alfalfa-y-agropiro-2024-400x300-1.jpeg?fit=400%2C300&ssl=1","width":400,"height":300},{"@type":"BreadcrumbList","@id":"https:\/\/www.todoalfalfa.com.ar\/noticias\/la-ganaderia-argentina-atraviesa-un-momento-prometedor\/#breadcrumb","itemListElement":[{"@type":"ListItem","position":1,"name":"Principal","item":"https:\/\/www.todoalfalfa.com.ar\/noticias\/"},{"@type":"ListItem","position":2,"name":"La ganader\u00eda argentina atraviesa un momento prometedor"}]},{"@type":"WebSite","@id":"https:\/\/www.todoalfalfa.com.ar\/noticias\/#website","url":"https:\/\/www.todoalfalfa.com.ar\/noticias\/","name":"Todo Alfalfa","description":"Web informativa de la cadena de la alfalfa argentina","publisher":{"@id":"https:\/\/www.todoalfalfa.com.ar\/noticias\/#organization"},"potentialAction":[{"@type":"SearchAction","target":{"@type":"EntryPoint","urlTemplate":"https:\/\/www.todoalfalfa.com.ar\/noticias\/?s={search_term_string}"},"query-input":{"@type":"PropertyValueSpecification","valueRequired":true,"valueName":"search_term_string"}}],"inLanguage":"es"},{"@type":"Organization","@id":"https:\/\/www.todoalfalfa.com.ar\/noticias\/#organization","name":"Todo Alfalfa","url":"https:\/\/www.todoalfalfa.com.ar\/noticias\/","logo":{"@type":"ImageObject","inLanguage":"es","@id":"https:\/\/www.todoalfalfa.com.ar\/noticias\/#\/schema\/logo\/image\/","url":"https:\/\/www.todoalfalfa.com.ar\/noticias\/wp-content\/uploads\/2020\/09\/logo-todo-alfalfa-modificado.png","contentUrl":"https:\/\/www.todoalfalfa.com.ar\/noticias\/wp-content\/uploads\/2020\/09\/logo-todo-alfalfa-modificado.png","width":350,"height":100,"caption":"Todo Alfalfa"},"image":{"@id":"https:\/\/www.todoalfalfa.com.ar\/noticias\/#\/schema\/logo\/image\/"},"sameAs":["https:\/\/www.facebook.com\/todoalfalfa","https:\/\/www.instagram.com\/todoalfalfa","https:\/\/www.youtube.com\/@TodoAlfalfa","https:\/\/www.linkedin.com\/company\/todoalfalfa\/"]},{"@type":"Person","@id":"https:\/\/www.todoalfalfa.com.ar\/noticias\/#\/schema\/person\/99de93cb711c7015ef658e5321ba9f18","name":"Todo Alfalfa","image":{"@type":"ImageObject","inLanguage":"es","@id":"https:\/\/www.todoalfalfa.com.ar\/noticias\/#\/schema\/person\/image\/","url":"https:\/\/secure.gravatar.com\/avatar\/50ffd12fb7b268bc2467160730786602db252a270c63104e7c19b5f67b8dd346?s=96&d=mm&r=g","contentUrl":"https:\/\/secure.gravatar.com\/avatar\/50ffd12fb7b268bc2467160730786602db252a270c63104e7c19b5f67b8dd346?s=96&d=mm&r=g","caption":"Todo Alfalfa"},"url":"https:\/\/www.todoalfalfa.com.ar\/noticias\/author\/osvaldoiachetta\/"}]}},"jetpack_featured_media_url":"https:\/\/i0.wp.com\/www.todoalfalfa.com.ar\/noticias\/wp-content\/uploads\/2025\/07\/Canosa-Rodeo-de-cria-en-campo-alquilado-pastura-de-alfalfa-y-agropiro-2024-400x300-1.jpeg?fit=400%2C300&ssl=1","wps_subtitle":"","jetpack_sharing_enabled":true,"_links":{"self":[{"href":"https:\/\/www.todoalfalfa.com.ar\/noticias\/wp-json\/wp\/v2\/posts\/49683","targetHints":{"allow":["GET"]}}],"collection":[{"href":"https:\/\/www.todoalfalfa.com.ar\/noticias\/wp-json\/wp\/v2\/posts"}],"about":[{"href":"https:\/\/www.todoalfalfa.com.ar\/noticias\/wp-json\/wp\/v2\/types\/post"}],"author":[{"embeddable":true,"href":"https:\/\/www.todoalfalfa.com.ar\/noticias\/wp-json\/wp\/v2\/users\/9"}],"replies":[{"embeddable":true,"href":"https:\/\/www.todoalfalfa.com.ar\/noticias\/wp-json\/wp\/v2\/comments?post=49683"}],"version-history":[{"count":1,"href":"https:\/\/www.todoalfalfa.com.ar\/noticias\/wp-json\/wp\/v2\/posts\/49683\/revisions"}],"predecessor-version":[{"id":49690,"href":"https:\/\/www.todoalfalfa.com.ar\/noticias\/wp-json\/wp\/v2\/posts\/49683\/revisions\/49690"}],"wp:featuredmedia":[{"embeddable":true,"href":"https:\/\/www.todoalfalfa.com.ar\/noticias\/wp-json\/wp\/v2\/media\/49684"}],"wp:attachment":[{"href":"https:\/\/www.todoalfalfa.com.ar\/noticias\/wp-json\/wp\/v2\/media?parent=49683"}],"wp:term":[{"taxonomy":"category","embeddable":true,"href":"https:\/\/www.todoalfalfa.com.ar\/noticias\/wp-json\/wp\/v2\/categories?post=49683"},{"taxonomy":"post_tag","embeddable":true,"href":"https:\/\/www.todoalfalfa.com.ar\/noticias\/wp-json\/wp\/v2\/tags?post=49683"}],"curies":[{"name":"wp","href":"https:\/\/api.w.org\/{rel}","templated":true}]}}