{"id":49697,"date":"2025-07-31T11:43:05","date_gmt":"2025-07-31T14:43:05","guid":{"rendered":"https:\/\/www.todoalfalfa.com.ar\/noticias\/?p=49697"},"modified":"2025-08-01T08:09:40","modified_gmt":"2025-08-01T11:09:40","slug":"en-palermo-la-maquina-forrajera-lucio-entre-animales-tecnologia-y-politica","status":"publish","type":"post","link":"https:\/\/www.todoalfalfa.com.ar\/noticias\/en-palermo-la-maquina-forrajera-lucio-entre-animales-tecnologia-y-politica\/","title":{"rendered":"En Palermo, la maquinaria forrajera luci\u00f3 entre animales, tecnolog\u00eda y pol\u00edtica"},"content":{"rendered":"\n<p>La edici\u00f3n de la ExpoRural en Palermo mostr\u00f3 todo el potencial del sector en la Capital Federal. A lo largo de 11 jornadas m\u00e1s de 1.500.000 visitantes (presenciales y virtuales) dijeron presente en un recorrido que conten\u00eda exposici\u00f3n est\u00e1tica de maquinaria agr\u00edcola, espacios de Agtech, stand comerciales y provinciales, y m\u00e1s de 45 remates de diversas razas.<\/p>\n\n\n\n<p>El golpe de efecto lo dio el Presidente Javier Milei el d\u00eda s\u00e1bado en su visita oficial con los anuncios directos que realiz\u00f3 respeto a las retenciones y la baja definitiva, declaraciones muy vitoreadas por la tribuna de la Sociedad Rural.<\/p>\n\n\n\n<p>En ese marco, el equipo de TodoAlfalfa recorri\u00f3 el pabell\u00f3n Azul donde se encontraban las empresas de maquinarias agr\u00edcolas y todas coincidieron en la oportunidad que la ExpoRural ofrece para lograr y profundizar v\u00ednculos institucionales como as\u00ed tambi\u00e9n ventas.<\/p>\n\n\n\n<figure class=\"wp-block-image size-large\"><img data-recalc-dims=\"1\" fetchpriority=\"high\" decoding=\"async\" width=\"1024\" height=\"574\" src=\"https:\/\/i0.wp.com\/www.todoalfalfa.com.ar\/noticias\/wp-content\/uploads\/2025\/07\/IMG_20250725_115701.jpg?resize=1024%2C574&#038;ssl=1\" alt=\"\" class=\"wp-image-49703\" srcset=\"https:\/\/i0.wp.com\/www.todoalfalfa.com.ar\/noticias\/wp-content\/uploads\/2025\/07\/IMG_20250725_115701-scaled.jpg?resize=1024%2C574&amp;ssl=1 1024w, https:\/\/i0.wp.com\/www.todoalfalfa.com.ar\/noticias\/wp-content\/uploads\/2025\/07\/IMG_20250725_115701-scaled.jpg?resize=300%2C168&amp;ssl=1 300w, https:\/\/i0.wp.com\/www.todoalfalfa.com.ar\/noticias\/wp-content\/uploads\/2025\/07\/IMG_20250725_115701-scaled.jpg?resize=768%2C431&amp;ssl=1 768w, https:\/\/i0.wp.com\/www.todoalfalfa.com.ar\/noticias\/wp-content\/uploads\/2025\/07\/IMG_20250725_115701-scaled.jpg?resize=1536%2C861&amp;ssl=1 1536w, https:\/\/i0.wp.com\/www.todoalfalfa.com.ar\/noticias\/wp-content\/uploads\/2025\/07\/IMG_20250725_115701-scaled.jpg?resize=2048%2C1148&amp;ssl=1 2048w, https:\/\/i0.wp.com\/www.todoalfalfa.com.ar\/noticias\/wp-content\/uploads\/2025\/07\/IMG_20250725_115701-scaled.jpg?resize=777%2C437&amp;ssl=1 777w, https:\/\/i0.wp.com\/www.todoalfalfa.com.ar\/noticias\/wp-content\/uploads\/2025\/07\/IMG_20250725_115701-scaled.jpg?resize=180%2C101&amp;ssl=1 180w, https:\/\/i0.wp.com\/www.todoalfalfa.com.ar\/noticias\/wp-content\/uploads\/2025\/07\/IMG_20250725_115701-scaled.jpg?resize=260%2C146&amp;ssl=1 260w, https:\/\/i0.wp.com\/www.todoalfalfa.com.ar\/noticias\/wp-content\/uploads\/2025\/07\/IMG_20250725_115701-scaled.jpg?resize=373%2C210&amp;ssl=1 373w, https:\/\/i0.wp.com\/www.todoalfalfa.com.ar\/noticias\/wp-content\/uploads\/2025\/07\/IMG_20250725_115701-scaled.jpg?resize=120%2C67&amp;ssl=1 120w\" sizes=\"(max-width: 1000px) 100vw, 1000px\" \/><\/figure>\n\n\n\n<blockquote class=\"wp-block-quote is-layout-flow wp-block-quote-is-layout-flow\">\n<p>El forraje, sus fierros y toda la gama con los concesionarios presentes:<\/p>\n<\/blockquote>\n\n\n\n<p>Desde Yomel, Cecilia Zalazar responsable de producto de la empresa destac\u00f3 que llevan a Palermo lo m\u00e1s interesante para el sector ganadero como maquinarias para corte y empaquetado. Adem\u00e1s de toda la l\u00ednea para trabajar en h\u00famedo, \u201cpara hacer henojale\u201d.<\/p>\n\n\n\n<p>Daniel Lancioni, gerente comercial de la firma Luis \u00c1ngel Lancioni, que representa a Kuhn en Argentina. En la muestra ten\u00edan a simple vista una segadora frontal y una rotoenfardadora. El entrevistado destac\u00f3 los atributos principales que la empresa tiene en sus productos:<\/p>\n\n\n\n<p>&#8211; calidad de producto<\/p>\n\n\n\n<p>&#8211; calidad material<\/p>\n\n\n\n<p>&#8211; Maquinaria pensada para grandes extensiones<\/p>\n\n\n\n<p>Para Lancioni, la ExpoRural es una posibilidad para \u201ctraer el campo a la ciudad\u201d y Palermo se llen\u00f3 de animales, de fierros y de gente \u201cun 80 por ciento son turistas o vecinos y el 20 pro ciento productores importantes\u201d.<\/p>\n\n\n\n<p>El gerente de investigaci\u00f3n y desarrollo de Mainero, Marcos Formica, valor\u00f3 la muestra y destac\u00f3 que la empresa llev\u00f3 \u201cel bot\u00f3n de muestra de cada una de las lineas\u201d. En lo que respecta a henificaci\u00f3n dispon\u00edan de la rotoenfardadora 5834 y la 5878 autom\u00e1tica. Son dos alternativas muy \u00fatiles para el productor forrajero a la hora de pensar en alternativas fierreras.<\/p>\n\n\n\n<p>Aprovechando el espacio que la ganader\u00eda tiene dentro de la expo, desde la empresa tambi\u00e9n ten\u00edan alternativas para ese sector productivo.<\/p>\n\n\n\n<p>Federico Arroyo, responsable de Marketing de New Holland manifest\u00f3 que \u201cLa Rural siempre es una oportunidad de mostrar parte de nuestro gran portfolio, justamente somos una empresa que tiene el m\u00e1s completo para todos los segmentos, y en particular lo que es forraje\u201d.<\/p>\n\n\n\n<p>Dentro del stand luc\u00eda una rotoenfardadora que \u201ces uno de los productos m\u00e1s importantes que nosotros tenemos para la producci\u00f3n de &nbsp;heno y forraje, y la estrella de la feria, en este caso, es la FR seis cincuenta, que est\u00e1 expuesta aqu\u00ed en la entrada de la feria, y es, este, la picadora insignia que tiene New Holland, con la que a nivel mundial es l\u00edder en en el mercado\u201d.<\/p>\n\n\n\n<p>Desde Case IH, el ingeniero agr\u00f3nomo Pablo Petit, especialista de Producto del \u00c1rea de Marketing&nbsp;explic\u00f3 que \u201cla firma hoy cuenta con toda la l\u00ednea de tractores Farmall, que van desde 55 hasta 130 HP, que son los tractores que se utilizan normalmente en tambos o en feedlots, o en establecimientos ganaderos o mixtos, son tractores utilitarios\u201d.<\/p>\n\n\n\n<p>Por otra parte, si bien no la ten\u00edan en el stand (por una cuestion de espacios), cuentan con toda la linea forrajera con segadoras de arrastre y autopropulsadas, rotoenfaradadoras para diversos clientes y&nbsp;enfardadoras&nbsp;de peque\u00f1os fardos o megafardos.<\/p>\n\n\n\n<p>En el espacio de John Deere, Carlos Mariano del concesionario Rato, explic\u00f3 que la planificaci\u00f3n est\u00e1 ideada por actividad, regi\u00f3n o producci\u00f3n. \u201cLa idea es poder tener ese ofrecimiento de m\u00e1quinas que se adapten a esas producciones espec\u00edficamente\u201d, indic\u00f3 y respecto a la l\u00ednea forrajera indic\u00f3 que si bien, por una cuesti\u00f3n de espacio solo dispon\u00edan de una rotoenfardadora, cuentan con toda la linea completa desde segadoras hasta rotoenfardadoras, sumandole a ello las diversas alternativas en tractores.<\/p>\n\n\n\n<p>Sum\u00f3 que la ExpoRural, al tratarse de una exposici\u00f3n ganadera \u201cmuchas consultas est\u00e1n relacionadas al producto forrajero\u201d.<\/p>\n\n\n\n<p>Con su picadora Jaguar, Class sigue apostando fuerte al mercado del forraje. Reynaldo Postacchini, vicepresidente de la empresa remarc\u00f3 que \u201cClass se destaca por su liderazgo en el picado del forraje, con su m\u00e1quina emblem\u00e1tica, que es la Jaguar, conocida a nivel mundial\u201d.<\/p>\n\n\n\n<p>A su vez, remarc\u00f3 que \u201cla empresa a medida que fue avanzando en Argentina adapt\u00f3 la tecnolog\u00eda a las necesidad del productor local ya que las condiciones son diferentes a las europeas. Aqu\u00ed las maquinas trabajan m\u00e1s extensiones, mas horas, mas volumen\u201d.<\/p>\n\n\n\n<p>La muestra dej\u00f3 en claro que el sector forrajero cuenta con \u201cfierros\u201d a disposici\u00f3n para poder producir calidad y cantidad de forraje. Adem\u00e1s, tanto las empresas nacionales como de otros pa\u00edses forman una competencia que le permiten al productor disponer de una gama de herramientas seg\u00fan la necesidad.<\/p>\n\n\n\n<div class=\"wp-block-jetpack-slideshow aligncenter\" data-effect=\"slide\"><div class=\"wp-block-jetpack-slideshow_container swiper-container\"><ul class=\"wp-block-jetpack-slideshow_swiper-wrapper swiper-wrapper\"><li class=\"wp-block-jetpack-slideshow_slide swiper-slide\"><figure><img data-recalc-dims=\"1\" decoding=\"async\" width=\"540\" height=\"922\" alt=\"\" class=\"wp-block-jetpack-slideshow_image wp-image-49711\" data-id=\"49711\" src=\"https:\/\/i0.wp.com\/www.todoalfalfa.com.ar\/noticias\/wp-content\/uploads\/2025\/07\/Pabellon-Azul-Maquinas.jpg?resize=540%2C922&#038;ssl=1\" srcset=\"https:\/\/i0.wp.com\/www.todoalfalfa.com.ar\/noticias\/wp-content\/uploads\/2025\/07\/Pabellon-Azul-Maquinas.jpg?w=540&amp;ssl=1 540w, https:\/\/i0.wp.com\/www.todoalfalfa.com.ar\/noticias\/wp-content\/uploads\/2025\/07\/Pabellon-Azul-Maquinas.jpg?resize=176%2C300&amp;ssl=1 176w\" sizes=\"(max-width: 540px) 100vw, 540px\" \/><\/figure><\/li><li class=\"wp-block-jetpack-slideshow_slide swiper-slide\"><figure><img data-recalc-dims=\"1\" decoding=\"async\" width=\"574\" height=\"1024\" alt=\"\" class=\"wp-block-jetpack-slideshow_image wp-image-49706\" data-id=\"49706\" src=\"https:\/\/i0.wp.com\/www.todoalfalfa.com.ar\/noticias\/wp-content\/uploads\/2025\/07\/IMG_20250725_152228.jpg?resize=574%2C1024&#038;ssl=1\" srcset=\"https:\/\/i0.wp.com\/www.todoalfalfa.com.ar\/noticias\/wp-content\/uploads\/2025\/07\/IMG_20250725_152228-scaled.jpg?resize=574%2C1024&amp;ssl=1 574w, https:\/\/i0.wp.com\/www.todoalfalfa.com.ar\/noticias\/wp-content\/uploads\/2025\/07\/IMG_20250725_152228-scaled.jpg?resize=168%2C300&amp;ssl=1 168w, https:\/\/i0.wp.com\/www.todoalfalfa.com.ar\/noticias\/wp-content\/uploads\/2025\/07\/IMG_20250725_152228-scaled.jpg?resize=768%2C1370&amp;ssl=1 768w, https:\/\/i0.wp.com\/www.todoalfalfa.com.ar\/noticias\/wp-content\/uploads\/2025\/07\/IMG_20250725_152228-scaled.jpg?resize=861%2C1536&amp;ssl=1 861w, https:\/\/i0.wp.com\/www.todoalfalfa.com.ar\/noticias\/wp-content\/uploads\/2025\/07\/IMG_20250725_152228-scaled.jpg?resize=1148%2C2048&amp;ssl=1 1148w, https:\/\/i0.wp.com\/www.todoalfalfa.com.ar\/noticias\/wp-content\/uploads\/2025\/07\/IMG_20250725_152228-scaled.jpg?w=1436&amp;ssl=1 1436w\" sizes=\"(max-width: 574px) 100vw, 574px\" \/><\/figure><\/li><li class=\"wp-block-jetpack-slideshow_slide swiper-slide\"><figure><img data-recalc-dims=\"1\" loading=\"lazy\" decoding=\"async\" width=\"574\" height=\"1024\" alt=\"\" class=\"wp-block-jetpack-slideshow_image wp-image-49705\" data-id=\"49705\" src=\"https:\/\/i0.wp.com\/www.todoalfalfa.com.ar\/noticias\/wp-content\/uploads\/2025\/07\/IMG_20250725_125434.jpg?resize=574%2C1024&#038;ssl=1\" srcset=\"https:\/\/i0.wp.com\/www.todoalfalfa.com.ar\/noticias\/wp-content\/uploads\/2025\/07\/IMG_20250725_125434-scaled.jpg?resize=574%2C1024&amp;ssl=1 574w, https:\/\/i0.wp.com\/www.todoalfalfa.com.ar\/noticias\/wp-content\/uploads\/2025\/07\/IMG_20250725_125434-scaled.jpg?resize=168%2C300&amp;ssl=1 168w, https:\/\/i0.wp.com\/www.todoalfalfa.com.ar\/noticias\/wp-content\/uploads\/2025\/07\/IMG_20250725_125434-scaled.jpg?resize=768%2C1370&amp;ssl=1 768w, https:\/\/i0.wp.com\/www.todoalfalfa.com.ar\/noticias\/wp-content\/uploads\/2025\/07\/IMG_20250725_125434-scaled.jpg?resize=861%2C1536&amp;ssl=1 861w, https:\/\/i0.wp.com\/www.todoalfalfa.com.ar\/noticias\/wp-content\/uploads\/2025\/07\/IMG_20250725_125434-scaled.jpg?resize=1148%2C2048&amp;ssl=1 1148w, https:\/\/i0.wp.com\/www.todoalfalfa.com.ar\/noticias\/wp-content\/uploads\/2025\/07\/IMG_20250725_125434-scaled.jpg?w=1436&amp;ssl=1 1436w\" sizes=\"(max-width: 574px) 100vw, 574px\" \/><\/figure><\/li><li class=\"wp-block-jetpack-slideshow_slide swiper-slide\"><figure><img data-recalc-dims=\"1\" loading=\"lazy\" decoding=\"async\" width=\"574\" height=\"1024\" alt=\"\" class=\"wp-block-jetpack-slideshow_image wp-image-49702\" data-id=\"49702\" src=\"https:\/\/i0.wp.com\/www.todoalfalfa.com.ar\/noticias\/wp-content\/uploads\/2025\/07\/IMG_20250725_092422.jpg?resize=574%2C1024&#038;ssl=1\" srcset=\"https:\/\/i0.wp.com\/www.todoalfalfa.com.ar\/noticias\/wp-content\/uploads\/2025\/07\/IMG_20250725_092422-scaled.jpg?resize=574%2C1024&amp;ssl=1 574w, https:\/\/i0.wp.com\/www.todoalfalfa.com.ar\/noticias\/wp-content\/uploads\/2025\/07\/IMG_20250725_092422-scaled.jpg?resize=168%2C300&amp;ssl=1 168w, https:\/\/i0.wp.com\/www.todoalfalfa.com.ar\/noticias\/wp-content\/uploads\/2025\/07\/IMG_20250725_092422-scaled.jpg?resize=768%2C1370&amp;ssl=1 768w, https:\/\/i0.wp.com\/www.todoalfalfa.com.ar\/noticias\/wp-content\/uploads\/2025\/07\/IMG_20250725_092422-scaled.jpg?resize=861%2C1536&amp;ssl=1 861w, https:\/\/i0.wp.com\/www.todoalfalfa.com.ar\/noticias\/wp-content\/uploads\/2025\/07\/IMG_20250725_092422-scaled.jpg?resize=1148%2C2048&amp;ssl=1 1148w, https:\/\/i0.wp.com\/www.todoalfalfa.com.ar\/noticias\/wp-content\/uploads\/2025\/07\/IMG_20250725_092422-scaled.jpg?w=1436&amp;ssl=1 1436w\" sizes=\"(max-width: 574px) 100vw, 574px\" \/><\/figure><\/li><li class=\"wp-block-jetpack-slideshow_slide swiper-slide\"><figure><img data-recalc-dims=\"1\" loading=\"lazy\" decoding=\"async\" width=\"574\" height=\"1024\" alt=\"\" class=\"wp-block-jetpack-slideshow_image wp-image-49701\" data-id=\"49701\" src=\"https:\/\/i0.wp.com\/www.todoalfalfa.com.ar\/noticias\/wp-content\/uploads\/2025\/07\/IMG_20250725_092318.jpg?resize=574%2C1024&#038;ssl=1\" srcset=\"https:\/\/i0.wp.com\/www.todoalfalfa.com.ar\/noticias\/wp-content\/uploads\/2025\/07\/IMG_20250725_092318-scaled.jpg?resize=574%2C1024&amp;ssl=1 574w, https:\/\/i0.wp.com\/www.todoalfalfa.com.ar\/noticias\/wp-content\/uploads\/2025\/07\/IMG_20250725_092318-scaled.jpg?resize=168%2C300&amp;ssl=1 168w, https:\/\/i0.wp.com\/www.todoalfalfa.com.ar\/noticias\/wp-content\/uploads\/2025\/07\/IMG_20250725_092318-scaled.jpg?resize=768%2C1370&amp;ssl=1 768w, https:\/\/i0.wp.com\/www.todoalfalfa.com.ar\/noticias\/wp-content\/uploads\/2025\/07\/IMG_20250725_092318-scaled.jpg?resize=861%2C1536&amp;ssl=1 861w, https:\/\/i0.wp.com\/www.todoalfalfa.com.ar\/noticias\/wp-content\/uploads\/2025\/07\/IMG_20250725_092318-scaled.jpg?resize=1148%2C2048&amp;ssl=1 1148w, https:\/\/i0.wp.com\/www.todoalfalfa.com.ar\/noticias\/wp-content\/uploads\/2025\/07\/IMG_20250725_092318-scaled.jpg?w=1436&amp;ssl=1 1436w\" sizes=\"(max-width: 574px) 100vw, 574px\" \/><\/figure><\/li><li class=\"wp-block-jetpack-slideshow_slide swiper-slide\"><figure><img data-recalc-dims=\"1\" loading=\"lazy\" decoding=\"async\" width=\"574\" height=\"1024\" alt=\"\" class=\"wp-block-jetpack-slideshow_image wp-image-49700\" data-id=\"49700\" src=\"https:\/\/i0.wp.com\/www.todoalfalfa.com.ar\/noticias\/wp-content\/uploads\/2025\/07\/IMG_20250725_092303.jpg?resize=574%2C1024&#038;ssl=1\" srcset=\"https:\/\/i0.wp.com\/www.todoalfalfa.com.ar\/noticias\/wp-content\/uploads\/2025\/07\/IMG_20250725_092303-scaled.jpg?resize=574%2C1024&amp;ssl=1 574w, https:\/\/i0.wp.com\/www.todoalfalfa.com.ar\/noticias\/wp-content\/uploads\/2025\/07\/IMG_20250725_092303-scaled.jpg?resize=168%2C300&amp;ssl=1 168w, https:\/\/i0.wp.com\/www.todoalfalfa.com.ar\/noticias\/wp-content\/uploads\/2025\/07\/IMG_20250725_092303-scaled.jpg?resize=768%2C1370&amp;ssl=1 768w, https:\/\/i0.wp.com\/www.todoalfalfa.com.ar\/noticias\/wp-content\/uploads\/2025\/07\/IMG_20250725_092303-scaled.jpg?resize=861%2C1536&amp;ssl=1 861w, https:\/\/i0.wp.com\/www.todoalfalfa.com.ar\/noticias\/wp-content\/uploads\/2025\/07\/IMG_20250725_092303-scaled.jpg?resize=1148%2C2048&amp;ssl=1 1148w, https:\/\/i0.wp.com\/www.todoalfalfa.com.ar\/noticias\/wp-content\/uploads\/2025\/07\/IMG_20250725_092303-scaled.jpg?w=1436&amp;ssl=1 1436w\" sizes=\"(max-width: 574px) 100vw, 574px\" \/><\/figure><\/li><li class=\"wp-block-jetpack-slideshow_slide swiper-slide\"><figure><img data-recalc-dims=\"1\" loading=\"lazy\" decoding=\"async\" width=\"771\" height=\"1024\" alt=\"\" class=\"wp-block-jetpack-slideshow_image wp-image-49698\" data-id=\"49698\" src=\"https:\/\/i0.wp.com\/www.todoalfalfa.com.ar\/noticias\/wp-content\/uploads\/2025\/07\/IMG_20250725_091437.jpg?resize=771%2C1024&#038;ssl=1\" srcset=\"https:\/\/i0.wp.com\/www.todoalfalfa.com.ar\/noticias\/wp-content\/uploads\/2025\/07\/IMG_20250725_091437-scaled.jpg?resize=771%2C1024&amp;ssl=1 771w, https:\/\/i0.wp.com\/www.todoalfalfa.com.ar\/noticias\/wp-content\/uploads\/2025\/07\/IMG_20250725_091437-scaled.jpg?resize=226%2C300&amp;ssl=1 226w, https:\/\/i0.wp.com\/www.todoalfalfa.com.ar\/noticias\/wp-content\/uploads\/2025\/07\/IMG_20250725_091437-scaled.jpg?resize=768%2C1020&amp;ssl=1 768w, https:\/\/i0.wp.com\/www.todoalfalfa.com.ar\/noticias\/wp-content\/uploads\/2025\/07\/IMG_20250725_091437-scaled.jpg?resize=1157%2C1536&amp;ssl=1 1157w, https:\/\/i0.wp.com\/www.todoalfalfa.com.ar\/noticias\/wp-content\/uploads\/2025\/07\/IMG_20250725_091437-scaled.jpg?resize=1542%2C2048&amp;ssl=1 1542w, https:\/\/i0.wp.com\/www.todoalfalfa.com.ar\/noticias\/wp-content\/uploads\/2025\/07\/IMG_20250725_091437-scaled.jpg?w=1928&amp;ssl=1 1928w\" sizes=\"(max-width: 771px) 100vw, 771px\" \/><\/figure><\/li><li class=\"wp-block-jetpack-slideshow_slide swiper-slide\"><figure><img data-recalc-dims=\"1\" loading=\"lazy\" decoding=\"async\" width=\"574\" height=\"1024\" alt=\"\" class=\"wp-block-jetpack-slideshow_image wp-image-49699\" data-id=\"49699\" src=\"https:\/\/i0.wp.com\/www.todoalfalfa.com.ar\/noticias\/wp-content\/uploads\/2025\/07\/IMG_20250725_091747.jpg?resize=574%2C1024&#038;ssl=1\" srcset=\"https:\/\/i0.wp.com\/www.todoalfalfa.com.ar\/noticias\/wp-content\/uploads\/2025\/07\/IMG_20250725_091747-scaled.jpg?resize=574%2C1024&amp;ssl=1 574w, https:\/\/i0.wp.com\/www.todoalfalfa.com.ar\/noticias\/wp-content\/uploads\/2025\/07\/IMG_20250725_091747-scaled.jpg?resize=168%2C300&amp;ssl=1 168w, https:\/\/i0.wp.com\/www.todoalfalfa.com.ar\/noticias\/wp-content\/uploads\/2025\/07\/IMG_20250725_091747-scaled.jpg?resize=768%2C1370&amp;ssl=1 768w, https:\/\/i0.wp.com\/www.todoalfalfa.com.ar\/noticias\/wp-content\/uploads\/2025\/07\/IMG_20250725_091747-scaled.jpg?resize=861%2C1536&amp;ssl=1 861w, https:\/\/i0.wp.com\/www.todoalfalfa.com.ar\/noticias\/wp-content\/uploads\/2025\/07\/IMG_20250725_091747-scaled.jpg?resize=1148%2C2048&amp;ssl=1 1148w, https:\/\/i0.wp.com\/www.todoalfalfa.com.ar\/noticias\/wp-content\/uploads\/2025\/07\/IMG_20250725_091747-scaled.jpg?w=1436&amp;ssl=1 1436w\" sizes=\"(max-width: 574px) 100vw, 574px\" \/><\/figure><\/li><\/ul><a class=\"wp-block-jetpack-slideshow_button-prev swiper-button-prev swiper-button-white\" role=\"button\"><\/a><a class=\"wp-block-jetpack-slideshow_button-next swiper-button-next swiper-button-white\" role=\"button\"><\/a><a aria-label=\"Pause Slideshow\" class=\"wp-block-jetpack-slideshow_button-pause\" role=\"button\"><\/a><div class=\"wp-block-jetpack-slideshow_pagination swiper-pagination swiper-pagination-white\"><\/div><\/div><\/div>\n\n\n\n<p class=\"has-medium-font-size\"><strong>Mirando lo que viene con expectativas&#8230;<\/strong><\/p>\n\n\n\n<p>Consultados sobre el an\u00e1lisis que realizan del sector de cara al futuro inmediato la coincidencia fue de un panorama positivo. Sin embargo, los reparos estuvieron a la orden del d\u00eda teniendo en cuenta la fragilidad de la econom\u00eda argentina y los cambios pol\u00edticos que nuestro pa\u00eds suele tener.<\/p>\n\n\n\n<p>Con esos \u201cperos\u201d manifestaron desde Yomel \u201csiempre vemos una expectativa muy buena\u201d y agregaron que en lo que respecta a lo que queda del a\u00f1o las \u201cactividades est\u00e1n completas\u201d y creen que seguir\u00e1n esa l\u00ednea los pr\u00f3ximos dos a\u00f1os.<\/p>\n\n\n\n<p>De la misma manera Kuhn indici\u00f3 que hay muchas expectativas, tal es as\u00ed que \u201ctenemos algunos modelos de m\u00e1quinas nuevas para traer en otros rubros, en otras gamas de productos que las vamos a estar presentando el a\u00f1o que viene\u201d.<\/p>\n\n\n\n<div class=\"wp-block-jetpack-slideshow aligncenter\" data-effect=\"slide\" style=\"--aspect-ratio:calc(1024 \/ 768)\"><div class=\"wp-block-jetpack-slideshow_container swiper-container\"><ul class=\"wp-block-jetpack-slideshow_swiper-wrapper swiper-wrapper\"><li class=\"wp-block-jetpack-slideshow_slide swiper-slide\"><figure><img data-recalc-dims=\"1\" loading=\"lazy\" decoding=\"async\" width=\"1024\" height=\"768\" alt=\"\" class=\"wp-block-jetpack-slideshow_image wp-image-49714\" data-id=\"49714\" data-aspect-ratio=\"1024 \/ 768\" src=\"https:\/\/i0.wp.com\/www.todoalfalfa.com.ar\/noticias\/wp-content\/uploads\/2025\/07\/20250725_090717.jpg?resize=1024%2C768&#038;ssl=1\" srcset=\"https:\/\/i0.wp.com\/www.todoalfalfa.com.ar\/noticias\/wp-content\/uploads\/2025\/07\/20250725_090717-scaled.jpg?resize=1024%2C768&amp;ssl=1 1024w, https:\/\/i0.wp.com\/www.todoalfalfa.com.ar\/noticias\/wp-content\/uploads\/2025\/07\/20250725_090717-scaled.jpg?resize=300%2C225&amp;ssl=1 300w, https:\/\/i0.wp.com\/www.todoalfalfa.com.ar\/noticias\/wp-content\/uploads\/2025\/07\/20250725_090717-scaled.jpg?resize=768%2C576&amp;ssl=1 768w, https:\/\/i0.wp.com\/www.todoalfalfa.com.ar\/noticias\/wp-content\/uploads\/2025\/07\/20250725_090717-scaled.jpg?resize=1536%2C1152&amp;ssl=1 1536w, https:\/\/i0.wp.com\/www.todoalfalfa.com.ar\/noticias\/wp-content\/uploads\/2025\/07\/20250725_090717-scaled.jpg?resize=2048%2C1536&amp;ssl=1 2048w\" sizes=\"(max-width: 1000px) 100vw, 1000px\" \/><\/figure><\/li><li class=\"wp-block-jetpack-slideshow_slide swiper-slide\"><figure><img data-recalc-dims=\"1\" loading=\"lazy\" decoding=\"async\" width=\"771\" height=\"1024\" alt=\"\" class=\"wp-block-jetpack-slideshow_image wp-image-49708\" data-id=\"49708\" data-aspect-ratio=\"771 \/ 1024\" src=\"https:\/\/i0.wp.com\/www.todoalfalfa.com.ar\/noticias\/wp-content\/uploads\/2025\/07\/IMG_20250725_090826.jpg?resize=771%2C1024&#038;ssl=1\" srcset=\"https:\/\/i0.wp.com\/www.todoalfalfa.com.ar\/noticias\/wp-content\/uploads\/2025\/07\/IMG_20250725_090826-scaled.jpg?resize=771%2C1024&amp;ssl=1 771w, https:\/\/i0.wp.com\/www.todoalfalfa.com.ar\/noticias\/wp-content\/uploads\/2025\/07\/IMG_20250725_090826-scaled.jpg?resize=226%2C300&amp;ssl=1 226w, https:\/\/i0.wp.com\/www.todoalfalfa.com.ar\/noticias\/wp-content\/uploads\/2025\/07\/IMG_20250725_090826-scaled.jpg?resize=768%2C1020&amp;ssl=1 768w, https:\/\/i0.wp.com\/www.todoalfalfa.com.ar\/noticias\/wp-content\/uploads\/2025\/07\/IMG_20250725_090826-scaled.jpg?resize=1157%2C1536&amp;ssl=1 1157w, https:\/\/i0.wp.com\/www.todoalfalfa.com.ar\/noticias\/wp-content\/uploads\/2025\/07\/IMG_20250725_090826-scaled.jpg?resize=1542%2C2048&amp;ssl=1 1542w, https:\/\/i0.wp.com\/www.todoalfalfa.com.ar\/noticias\/wp-content\/uploads\/2025\/07\/IMG_20250725_090826-scaled.jpg?w=1928&amp;ssl=1 1928w\" sizes=\"(max-width: 771px) 100vw, 771px\" \/><\/figure><\/li><li class=\"wp-block-jetpack-slideshow_slide swiper-slide\"><figure><img data-recalc-dims=\"1\" loading=\"lazy\" decoding=\"async\" width=\"1024\" height=\"768\" alt=\"\" class=\"wp-block-jetpack-slideshow_image wp-image-49715\" data-id=\"49715\" data-aspect-ratio=\"1024 \/ 768\" src=\"https:\/\/i0.wp.com\/www.todoalfalfa.com.ar\/noticias\/wp-content\/uploads\/2025\/07\/20250725_104950.jpg?resize=1024%2C768&#038;ssl=1\" srcset=\"https:\/\/i0.wp.com\/www.todoalfalfa.com.ar\/noticias\/wp-content\/uploads\/2025\/07\/20250725_104950-scaled.jpg?resize=1024%2C768&amp;ssl=1 1024w, https:\/\/i0.wp.com\/www.todoalfalfa.com.ar\/noticias\/wp-content\/uploads\/2025\/07\/20250725_104950-scaled.jpg?resize=300%2C225&amp;ssl=1 300w, https:\/\/i0.wp.com\/www.todoalfalfa.com.ar\/noticias\/wp-content\/uploads\/2025\/07\/20250725_104950-scaled.jpg?resize=768%2C576&amp;ssl=1 768w, https:\/\/i0.wp.com\/www.todoalfalfa.com.ar\/noticias\/wp-content\/uploads\/2025\/07\/20250725_104950-scaled.jpg?resize=1536%2C1152&amp;ssl=1 1536w, https:\/\/i0.wp.com\/www.todoalfalfa.com.ar\/noticias\/wp-content\/uploads\/2025\/07\/20250725_104950-scaled.jpg?resize=2048%2C1536&amp;ssl=1 2048w\" sizes=\"(max-width: 1000px) 100vw, 1000px\" \/><\/figure><\/li><li class=\"wp-block-jetpack-slideshow_slide swiper-slide\"><figure><img data-recalc-dims=\"1\" loading=\"lazy\" decoding=\"async\" width=\"540\" height=\"345\" alt=\"\" class=\"wp-block-jetpack-slideshow_image wp-image-49713\" data-id=\"49713\" src=\"https:\/\/i0.wp.com\/www.todoalfalfa.com.ar\/noticias\/wp-content\/uploads\/2025\/07\/Vacas-lecheras.jpg?resize=540%2C345&#038;ssl=1\" srcset=\"https:\/\/i0.wp.com\/www.todoalfalfa.com.ar\/noticias\/wp-content\/uploads\/2025\/07\/Vacas-lecheras.jpg?w=540&amp;ssl=1 540w, https:\/\/i0.wp.com\/www.todoalfalfa.com.ar\/noticias\/wp-content\/uploads\/2025\/07\/Vacas-lecheras.jpg?resize=300%2C192&amp;ssl=1 300w\" sizes=\"(max-width: 540px) 100vw, 540px\" \/><\/figure><\/li><li class=\"wp-block-jetpack-slideshow_slide swiper-slide\"><figure><img data-recalc-dims=\"1\" loading=\"lazy\" decoding=\"async\" width=\"540\" height=\"346\" alt=\"\" class=\"wp-block-jetpack-slideshow_image wp-image-49712\" data-id=\"49712\" src=\"https:\/\/i0.wp.com\/www.todoalfalfa.com.ar\/noticias\/wp-content\/uploads\/2025\/07\/Vacas-carne.jpg?resize=540%2C346&#038;ssl=1\" srcset=\"https:\/\/i0.wp.com\/www.todoalfalfa.com.ar\/noticias\/wp-content\/uploads\/2025\/07\/Vacas-carne.jpg?w=540&amp;ssl=1 540w, https:\/\/i0.wp.com\/www.todoalfalfa.com.ar\/noticias\/wp-content\/uploads\/2025\/07\/Vacas-carne.jpg?resize=300%2C192&amp;ssl=1 300w\" sizes=\"(max-width: 540px) 100vw, 540px\" \/><\/figure><\/li><\/ul><a class=\"wp-block-jetpack-slideshow_button-prev swiper-button-prev swiper-button-white\" role=\"button\"><\/a><a class=\"wp-block-jetpack-slideshow_button-next swiper-button-next swiper-button-white\" role=\"button\"><\/a><a aria-label=\"Pause Slideshow\" class=\"wp-block-jetpack-slideshow_button-pause\" role=\"button\"><\/a><div class=\"wp-block-jetpack-slideshow_pagination swiper-pagination swiper-pagination-white\"><\/div><\/div><\/div>\n\n\n\n<p>Desde Mainero reconocieron que el a\u00f1o es \u201craro y complicado\u201d por la situaci\u00f3n econ\u00f3mica, la situaci\u00f3n dispar de precios para la agricultura y la ganader\u00eda.<\/p>\n\n\n\n<p>Sin embargo, entienden que \u201cel panorama es interesante, se viene aclarando, y la cuesti\u00f3n clim\u00e1tica para el a\u00f1o que viene aparenta,&nbsp;seg\u00fan los pron\u00f3sticos,&nbsp;ser buena\u201d.<\/p>\n\n\n\n<p>Con las lluvias de este invierno (que sorprendieron) \u201cvamos a tener alfalfa r\u00e1pido, lo cual va a ser muy bueno\u201d,&nbsp;y concluy\u00f3 que \u201cdespejada la duda post&nbsp;elecciones, entendemos que va a ser un a\u00f1o positivo el 2026\u201d.<\/p>\n\n\n\n<p>Para New Holland el 2026 \u201cva a ser un a\u00f1o desafiante\u201d, seg\u00fan palabras de Federico Arroyo. Anticip\u00f3 que ser\u00e1 un ciclo de mucha competencia pero que la empresa se prepara con novedades y lanzamientos que ser\u00e1n informado los pr\u00f3ximos meses.<\/p>\n\n\n\n<p>En tanto que desde Case IH valoraron el mercado argentino y reconocieron que \u201csiempre el productor tiene expectativas de mejorar, est\u00e1 con humor y consulta. El a\u00f1o que viene me parece que va a ser un buen a\u00f1o\u201d.<\/p>\n\n\n\n<p>El referente de John Deere que fue entrevistado remarc\u00f3 que \u201cel sector productivo argentino siempre tiene una visi\u00f3n optimista, aunque se presenten situaciones complejas\u201d a la vez, indicaron que \u201cla iniciativa es producir, y para ello se necesita invertir\u201d.<\/p>\n\n\n\n<p>Pese a los cambios y la din\u00e1mica del mercado, \u201chay necesidades que satisfacer como: maquinaria, herramientas, financiaci\u00f3n\u201d, cerraron.<\/p>\n<div class=\"todoalfalfa-final-de-la-nota\" id=\"todoalfalfa-1018886791\"><a href=\"https:\/\/www.whatsapp.com\/channel\/0029VbCBmFB9WtBxJsD3eC2i\" target=\"_blank\" aria-label=\"5\"><img src=\"https:\/\/i0.wp.com\/www.todoalfalfa.com.ar\/noticias\/wp-content\/uploads\/2026\/04\/5.gif?fit=728%2C90&#038;ssl=1\" alt=\"\"  width=\"728\" height=\"90\"   \/><\/a><\/div>","protected":false},"excerpt":{"rendered":"<p>La ExpoRural tuvo una edici\u00f3n con un excelente n\u00famero de visitantes, con un alto nivel de expositores donde la ganader\u00eda mostr\u00f3 su potencial. Adem\u00e1s, los avances tecnol\u00f3gicos y la maquinaria tuvieron una destacada presencia. Cobertura de TodoAlfalfa.<\/p>\n","protected":false},"author":9,"featured_media":49713,"comment_status":"closed","ping_status":"open","sticky":false,"template":"","format":"standard","meta":{"jetpack_post_was_ever_published":false,"_jetpack_newsletter_access":"","_jetpack_dont_email_post_to_subs":false,"_jetpack_newsletter_tier_id":0,"_jetpack_memberships_contains_paywalled_content":false,"_jetpack_memberships_contains_paid_content":false,"footnotes":""},"categories":[2],"tags":[31,105,1689,1349,54,68,1201,409,17,1974],"class_list":["post-49697","post","type-post","status-publish","format-standard","has-post-thumbnail","hentry","category-generales","tag-alfalfa","tag-argentina","tag-entrevistas","tag-expo-rural-palermo","tag-forrajes","tag-heno","tag-maquinarias","tag-palermo","tag-pasturas","tag-sociedad-rural"],"yoast_head":"<!-- This site is optimized with the Yoast SEO plugin v25.5 - https:\/\/yoast.com\/wordpress\/plugins\/seo\/ -->\n<title>En Palermo, la maquinaria forrajera luci\u00f3 entre animales, tecnolog\u00eda y pol\u00edtica<\/title>\n<meta name=\"robots\" content=\"index, follow, max-snippet:-1, max-image-preview:large, max-video-preview:-1\" \/>\n<link rel=\"canonical\" href=\"https:\/\/www.todoalfalfa.com.ar\/noticias\/en-palermo-la-maquina-forrajera-lucio-entre-animales-tecnologia-y-politica\/\" \/>\n<meta property=\"og:locale\" content=\"es_ES\" \/>\n<meta property=\"og:type\" content=\"article\" \/>\n<meta property=\"og:title\" content=\"En Palermo, la maquinaria forrajera luci\u00f3 entre animales, tecnolog\u00eda y pol\u00edtica\" \/>\n<meta property=\"og:description\" content=\"La ExpoRural tuvo una edici\u00f3n con un excelente n\u00famero de visitantes, con un alto nivel de expositores donde la ganader\u00eda mostr\u00f3 su potencial. Adem\u00e1s, los avances tecnol\u00f3gicos y la maquinaria tuvieron una destacada presencia. Cobertura de TodoAlfalfa.\" \/>\n<meta property=\"og:url\" content=\"https:\/\/www.todoalfalfa.com.ar\/noticias\/en-palermo-la-maquina-forrajera-lucio-entre-animales-tecnologia-y-politica\/\" \/>\n<meta property=\"og:site_name\" content=\"Todo Alfalfa\" \/>\n<meta property=\"article:publisher\" content=\"https:\/\/www.facebook.com\/todoalfalfa\" \/>\n<meta property=\"article:published_time\" content=\"2025-07-31T14:43:05+00:00\" \/>\n<meta property=\"article:modified_time\" content=\"2025-08-01T11:09:40+00:00\" \/>\n<meta property=\"og:image\" content=\"https:\/\/www.todoalfalfa.com.ar\/noticias\/wp-content\/uploads\/2025\/07\/Vacas-lecheras.jpg\" \/>\n\t<meta property=\"og:image:width\" content=\"540\" \/>\n\t<meta property=\"og:image:height\" content=\"345\" \/>\n\t<meta property=\"og:image:type\" content=\"image\/jpeg\" \/>\n<meta name=\"author\" content=\"Todo Alfalfa\" \/>\n<meta name=\"twitter:card\" content=\"summary_large_image\" \/>\n<meta name=\"twitter:label1\" content=\"Escrito por\" \/>\n\t<meta name=\"twitter:data1\" content=\"Todo Alfalfa\" \/>\n\t<meta name=\"twitter:label2\" content=\"Tiempo de lectura\" \/>\n\t<meta name=\"twitter:data2\" content=\"9 minutos\" \/>\n<script type=\"application\/ld+json\" class=\"yoast-schema-graph\">{\"@context\":\"https:\/\/schema.org\",\"@graph\":[{\"@type\":\"NewsArticle\",\"@id\":\"https:\/\/www.todoalfalfa.com.ar\/noticias\/en-palermo-la-maquina-forrajera-lucio-entre-animales-tecnologia-y-politica\/#article\",\"isPartOf\":{\"@id\":\"https:\/\/www.todoalfalfa.com.ar\/noticias\/en-palermo-la-maquina-forrajera-lucio-entre-animales-tecnologia-y-politica\/\"},\"author\":{\"name\":\"Todo Alfalfa\",\"@id\":\"https:\/\/www.todoalfalfa.com.ar\/noticias\/#\/schema\/person\/99de93cb711c7015ef658e5321ba9f18\"},\"headline\":\"En Palermo, la maquinaria forrajera luci\u00f3 entre animales, tecnolog\u00eda y pol\u00edtica\",\"datePublished\":\"2025-07-31T14:43:05+00:00\",\"dateModified\":\"2025-08-01T11:09:40+00:00\",\"mainEntityOfPage\":{\"@id\":\"https:\/\/www.todoalfalfa.com.ar\/noticias\/en-palermo-la-maquina-forrajera-lucio-entre-animales-tecnologia-y-politica\/\"},\"wordCount\":1256,\"publisher\":{\"@id\":\"https:\/\/www.todoalfalfa.com.ar\/noticias\/#organization\"},\"image\":{\"@id\":\"https:\/\/www.todoalfalfa.com.ar\/noticias\/en-palermo-la-maquina-forrajera-lucio-entre-animales-tecnologia-y-politica\/#primaryimage\"},\"thumbnailUrl\":\"https:\/\/i0.wp.com\/www.todoalfalfa.com.ar\/noticias\/wp-content\/uploads\/2025\/07\/Vacas-lecheras.jpg?fit=540%2C345&ssl=1\",\"keywords\":[\"alfalfa\",\"Argentina\",\"Entrevistas\",\"Expo Rural Palermo\",\"forrajes\",\"heno\",\"maquinarias\",\"Palermo\",\"pasturas\",\"Sociedad Rural\"],\"articleSection\":[\"Generales\"],\"inLanguage\":\"es\"},{\"@type\":[\"WebPage\",\"ItemPage\"],\"@id\":\"https:\/\/www.todoalfalfa.com.ar\/noticias\/en-palermo-la-maquina-forrajera-lucio-entre-animales-tecnologia-y-politica\/\",\"url\":\"https:\/\/www.todoalfalfa.com.ar\/noticias\/en-palermo-la-maquina-forrajera-lucio-entre-animales-tecnologia-y-politica\/\",\"name\":\"En Palermo, la maquinaria forrajera luci\u00f3 entre animales, tecnolog\u00eda y pol\u00edtica\",\"isPartOf\":{\"@id\":\"https:\/\/www.todoalfalfa.com.ar\/noticias\/#website\"},\"primaryImageOfPage\":{\"@id\":\"https:\/\/www.todoalfalfa.com.ar\/noticias\/en-palermo-la-maquina-forrajera-lucio-entre-animales-tecnologia-y-politica\/#primaryimage\"},\"image\":{\"@id\":\"https:\/\/www.todoalfalfa.com.ar\/noticias\/en-palermo-la-maquina-forrajera-lucio-entre-animales-tecnologia-y-politica\/#primaryimage\"},\"thumbnailUrl\":\"https:\/\/i0.wp.com\/www.todoalfalfa.com.ar\/noticias\/wp-content\/uploads\/2025\/07\/Vacas-lecheras.jpg?fit=540%2C345&ssl=1\",\"datePublished\":\"2025-07-31T14:43:05+00:00\",\"dateModified\":\"2025-08-01T11:09:40+00:00\",\"breadcrumb\":{\"@id\":\"https:\/\/www.todoalfalfa.com.ar\/noticias\/en-palermo-la-maquina-forrajera-lucio-entre-animales-tecnologia-y-politica\/#breadcrumb\"},\"inLanguage\":\"es\",\"potentialAction\":[{\"@type\":\"ReadAction\",\"target\":[\"https:\/\/www.todoalfalfa.com.ar\/noticias\/en-palermo-la-maquina-forrajera-lucio-entre-animales-tecnologia-y-politica\/\"]}]},{\"@type\":\"ImageObject\",\"inLanguage\":\"es\",\"@id\":\"https:\/\/www.todoalfalfa.com.ar\/noticias\/en-palermo-la-maquina-forrajera-lucio-entre-animales-tecnologia-y-politica\/#primaryimage\",\"url\":\"https:\/\/i0.wp.com\/www.todoalfalfa.com.ar\/noticias\/wp-content\/uploads\/2025\/07\/Vacas-lecheras.jpg?fit=540%2C345&ssl=1\",\"contentUrl\":\"https:\/\/i0.wp.com\/www.todoalfalfa.com.ar\/noticias\/wp-content\/uploads\/2025\/07\/Vacas-lecheras.jpg?fit=540%2C345&ssl=1\",\"width\":540,\"height\":345},{\"@type\":\"BreadcrumbList\",\"@id\":\"https:\/\/www.todoalfalfa.com.ar\/noticias\/en-palermo-la-maquina-forrajera-lucio-entre-animales-tecnologia-y-politica\/#breadcrumb\",\"itemListElement\":[{\"@type\":\"ListItem\",\"position\":1,\"name\":\"Principal\",\"item\":\"https:\/\/www.todoalfalfa.com.ar\/noticias\/\"},{\"@type\":\"ListItem\",\"position\":2,\"name\":\"En Palermo, la maquinaria forrajera luci\u00f3 entre animales, tecnolog\u00eda y pol\u00edtica\"}]},{\"@type\":\"WebSite\",\"@id\":\"https:\/\/www.todoalfalfa.com.ar\/noticias\/#website\",\"url\":\"https:\/\/www.todoalfalfa.com.ar\/noticias\/\",\"name\":\"Todo Alfalfa\",\"description\":\"Web informativa de la cadena de la alfalfa argentina\",\"publisher\":{\"@id\":\"https:\/\/www.todoalfalfa.com.ar\/noticias\/#organization\"},\"potentialAction\":[{\"@type\":\"SearchAction\",\"target\":{\"@type\":\"EntryPoint\",\"urlTemplate\":\"https:\/\/www.todoalfalfa.com.ar\/noticias\/?s={search_term_string}\"},\"query-input\":{\"@type\":\"PropertyValueSpecification\",\"valueRequired\":true,\"valueName\":\"search_term_string\"}}],\"inLanguage\":\"es\"},{\"@type\":\"Organization\",\"@id\":\"https:\/\/www.todoalfalfa.com.ar\/noticias\/#organization\",\"name\":\"Todo Alfalfa\",\"url\":\"https:\/\/www.todoalfalfa.com.ar\/noticias\/\",\"logo\":{\"@type\":\"ImageObject\",\"inLanguage\":\"es\",\"@id\":\"https:\/\/www.todoalfalfa.com.ar\/noticias\/#\/schema\/logo\/image\/\",\"url\":\"https:\/\/www.todoalfalfa.com.ar\/noticias\/wp-content\/uploads\/2020\/09\/logo-todo-alfalfa-modificado.png\",\"contentUrl\":\"https:\/\/www.todoalfalfa.com.ar\/noticias\/wp-content\/uploads\/2020\/09\/logo-todo-alfalfa-modificado.png\",\"width\":350,\"height\":100,\"caption\":\"Todo Alfalfa\"},\"image\":{\"@id\":\"https:\/\/www.todoalfalfa.com.ar\/noticias\/#\/schema\/logo\/image\/\"},\"sameAs\":[\"https:\/\/www.facebook.com\/todoalfalfa\",\"https:\/\/www.instagram.com\/todoalfalfa\",\"https:\/\/www.youtube.com\/@TodoAlfalfa\",\"https:\/\/www.linkedin.com\/company\/todoalfalfa\/\"]},{\"@type\":\"Person\",\"@id\":\"https:\/\/www.todoalfalfa.com.ar\/noticias\/#\/schema\/person\/99de93cb711c7015ef658e5321ba9f18\",\"name\":\"Todo Alfalfa\",\"image\":{\"@type\":\"ImageObject\",\"inLanguage\":\"es\",\"@id\":\"https:\/\/www.todoalfalfa.com.ar\/noticias\/#\/schema\/person\/image\/\",\"url\":\"https:\/\/secure.gravatar.com\/avatar\/50ffd12fb7b268bc2467160730786602db252a270c63104e7c19b5f67b8dd346?s=96&d=mm&r=g\",\"contentUrl\":\"https:\/\/secure.gravatar.com\/avatar\/50ffd12fb7b268bc2467160730786602db252a270c63104e7c19b5f67b8dd346?s=96&d=mm&r=g\",\"caption\":\"Todo Alfalfa\"},\"url\":\"https:\/\/www.todoalfalfa.com.ar\/noticias\/author\/osvaldoiachetta\/\"}]}<\/script>\n<!-- \/ Yoast SEO plugin. -->","yoast_head_json":{"title":"En Palermo, la maquinaria forrajera luci\u00f3 entre animales, tecnolog\u00eda y pol\u00edtica","robots":{"index":"index","follow":"follow","max-snippet":"max-snippet:-1","max-image-preview":"max-image-preview:large","max-video-preview":"max-video-preview:-1"},"canonical":"https:\/\/www.todoalfalfa.com.ar\/noticias\/en-palermo-la-maquina-forrajera-lucio-entre-animales-tecnologia-y-politica\/","og_locale":"es_ES","og_type":"article","og_title":"En Palermo, la maquinaria forrajera luci\u00f3 entre animales, tecnolog\u00eda y pol\u00edtica","og_description":"La ExpoRural tuvo una edici\u00f3n con un excelente n\u00famero de visitantes, con un alto nivel de expositores donde la ganader\u00eda mostr\u00f3 su potencial. Adem\u00e1s, los avances tecnol\u00f3gicos y la maquinaria tuvieron una destacada presencia. Cobertura de TodoAlfalfa.","og_url":"https:\/\/www.todoalfalfa.com.ar\/noticias\/en-palermo-la-maquina-forrajera-lucio-entre-animales-tecnologia-y-politica\/","og_site_name":"Todo Alfalfa","article_publisher":"https:\/\/www.facebook.com\/todoalfalfa","article_published_time":"2025-07-31T14:43:05+00:00","article_modified_time":"2025-08-01T11:09:40+00:00","og_image":[{"width":540,"height":345,"url":"https:\/\/www.todoalfalfa.com.ar\/noticias\/wp-content\/uploads\/2025\/07\/Vacas-lecheras.jpg","type":"image\/jpeg"}],"author":"Todo Alfalfa","twitter_card":"summary_large_image","twitter_misc":{"Escrito por":"Todo Alfalfa","Tiempo de lectura":"9 minutos"},"schema":{"@context":"https:\/\/schema.org","@graph":[{"@type":"NewsArticle","@id":"https:\/\/www.todoalfalfa.com.ar\/noticias\/en-palermo-la-maquina-forrajera-lucio-entre-animales-tecnologia-y-politica\/#article","isPartOf":{"@id":"https:\/\/www.todoalfalfa.com.ar\/noticias\/en-palermo-la-maquina-forrajera-lucio-entre-animales-tecnologia-y-politica\/"},"author":{"name":"Todo Alfalfa","@id":"https:\/\/www.todoalfalfa.com.ar\/noticias\/#\/schema\/person\/99de93cb711c7015ef658e5321ba9f18"},"headline":"En Palermo, la maquinaria forrajera luci\u00f3 entre animales, tecnolog\u00eda y pol\u00edtica","datePublished":"2025-07-31T14:43:05+00:00","dateModified":"2025-08-01T11:09:40+00:00","mainEntityOfPage":{"@id":"https:\/\/www.todoalfalfa.com.ar\/noticias\/en-palermo-la-maquina-forrajera-lucio-entre-animales-tecnologia-y-politica\/"},"wordCount":1256,"publisher":{"@id":"https:\/\/www.todoalfalfa.com.ar\/noticias\/#organization"},"image":{"@id":"https:\/\/www.todoalfalfa.com.ar\/noticias\/en-palermo-la-maquina-forrajera-lucio-entre-animales-tecnologia-y-politica\/#primaryimage"},"thumbnailUrl":"https:\/\/i0.wp.com\/www.todoalfalfa.com.ar\/noticias\/wp-content\/uploads\/2025\/07\/Vacas-lecheras.jpg?fit=540%2C345&ssl=1","keywords":["alfalfa","Argentina","Entrevistas","Expo Rural Palermo","forrajes","heno","maquinarias","Palermo","pasturas","Sociedad Rural"],"articleSection":["Generales"],"inLanguage":"es"},{"@type":["WebPage","ItemPage"],"@id":"https:\/\/www.todoalfalfa.com.ar\/noticias\/en-palermo-la-maquina-forrajera-lucio-entre-animales-tecnologia-y-politica\/","url":"https:\/\/www.todoalfalfa.com.ar\/noticias\/en-palermo-la-maquina-forrajera-lucio-entre-animales-tecnologia-y-politica\/","name":"En Palermo, la maquinaria forrajera luci\u00f3 entre animales, tecnolog\u00eda y pol\u00edtica","isPartOf":{"@id":"https:\/\/www.todoalfalfa.com.ar\/noticias\/#website"},"primaryImageOfPage":{"@id":"https:\/\/www.todoalfalfa.com.ar\/noticias\/en-palermo-la-maquina-forrajera-lucio-entre-animales-tecnologia-y-politica\/#primaryimage"},"image":{"@id":"https:\/\/www.todoalfalfa.com.ar\/noticias\/en-palermo-la-maquina-forrajera-lucio-entre-animales-tecnologia-y-politica\/#primaryimage"},"thumbnailUrl":"https:\/\/i0.wp.com\/www.todoalfalfa.com.ar\/noticias\/wp-content\/uploads\/2025\/07\/Vacas-lecheras.jpg?fit=540%2C345&ssl=1","datePublished":"2025-07-31T14:43:05+00:00","dateModified":"2025-08-01T11:09:40+00:00","breadcrumb":{"@id":"https:\/\/www.todoalfalfa.com.ar\/noticias\/en-palermo-la-maquina-forrajera-lucio-entre-animales-tecnologia-y-politica\/#breadcrumb"},"inLanguage":"es","potentialAction":[{"@type":"ReadAction","target":["https:\/\/www.todoalfalfa.com.ar\/noticias\/en-palermo-la-maquina-forrajera-lucio-entre-animales-tecnologia-y-politica\/"]}]},{"@type":"ImageObject","inLanguage":"es","@id":"https:\/\/www.todoalfalfa.com.ar\/noticias\/en-palermo-la-maquina-forrajera-lucio-entre-animales-tecnologia-y-politica\/#primaryimage","url":"https:\/\/i0.wp.com\/www.todoalfalfa.com.ar\/noticias\/wp-content\/uploads\/2025\/07\/Vacas-lecheras.jpg?fit=540%2C345&ssl=1","contentUrl":"https:\/\/i0.wp.com\/www.todoalfalfa.com.ar\/noticias\/wp-content\/uploads\/2025\/07\/Vacas-lecheras.jpg?fit=540%2C345&ssl=1","width":540,"height":345},{"@type":"BreadcrumbList","@id":"https:\/\/www.todoalfalfa.com.ar\/noticias\/en-palermo-la-maquina-forrajera-lucio-entre-animales-tecnologia-y-politica\/#breadcrumb","itemListElement":[{"@type":"ListItem","position":1,"name":"Principal","item":"https:\/\/www.todoalfalfa.com.ar\/noticias\/"},{"@type":"ListItem","position":2,"name":"En Palermo, la maquinaria forrajera luci\u00f3 entre animales, tecnolog\u00eda y pol\u00edtica"}]},{"@type":"WebSite","@id":"https:\/\/www.todoalfalfa.com.ar\/noticias\/#website","url":"https:\/\/www.todoalfalfa.com.ar\/noticias\/","name":"Todo Alfalfa","description":"Web informativa de la cadena de la alfalfa argentina","publisher":{"@id":"https:\/\/www.todoalfalfa.com.ar\/noticias\/#organization"},"potentialAction":[{"@type":"SearchAction","target":{"@type":"EntryPoint","urlTemplate":"https:\/\/www.todoalfalfa.com.ar\/noticias\/?s={search_term_string}"},"query-input":{"@type":"PropertyValueSpecification","valueRequired":true,"valueName":"search_term_string"}}],"inLanguage":"es"},{"@type":"Organization","@id":"https:\/\/www.todoalfalfa.com.ar\/noticias\/#organization","name":"Todo Alfalfa","url":"https:\/\/www.todoalfalfa.com.ar\/noticias\/","logo":{"@type":"ImageObject","inLanguage":"es","@id":"https:\/\/www.todoalfalfa.com.ar\/noticias\/#\/schema\/logo\/image\/","url":"https:\/\/www.todoalfalfa.com.ar\/noticias\/wp-content\/uploads\/2020\/09\/logo-todo-alfalfa-modificado.png","contentUrl":"https:\/\/www.todoalfalfa.com.ar\/noticias\/wp-content\/uploads\/2020\/09\/logo-todo-alfalfa-modificado.png","width":350,"height":100,"caption":"Todo Alfalfa"},"image":{"@id":"https:\/\/www.todoalfalfa.com.ar\/noticias\/#\/schema\/logo\/image\/"},"sameAs":["https:\/\/www.facebook.com\/todoalfalfa","https:\/\/www.instagram.com\/todoalfalfa","https:\/\/www.youtube.com\/@TodoAlfalfa","https:\/\/www.linkedin.com\/company\/todoalfalfa\/"]},{"@type":"Person","@id":"https:\/\/www.todoalfalfa.com.ar\/noticias\/#\/schema\/person\/99de93cb711c7015ef658e5321ba9f18","name":"Todo Alfalfa","image":{"@type":"ImageObject","inLanguage":"es","@id":"https:\/\/www.todoalfalfa.com.ar\/noticias\/#\/schema\/person\/image\/","url":"https:\/\/secure.gravatar.com\/avatar\/50ffd12fb7b268bc2467160730786602db252a270c63104e7c19b5f67b8dd346?s=96&d=mm&r=g","contentUrl":"https:\/\/secure.gravatar.com\/avatar\/50ffd12fb7b268bc2467160730786602db252a270c63104e7c19b5f67b8dd346?s=96&d=mm&r=g","caption":"Todo Alfalfa"},"url":"https:\/\/www.todoalfalfa.com.ar\/noticias\/author\/osvaldoiachetta\/"}]}},"jetpack_featured_media_url":"https:\/\/i0.wp.com\/www.todoalfalfa.com.ar\/noticias\/wp-content\/uploads\/2025\/07\/Vacas-lecheras.jpg?fit=540%2C345&ssl=1","wps_subtitle":"","jetpack_sharing_enabled":true,"_links":{"self":[{"href":"https:\/\/www.todoalfalfa.com.ar\/noticias\/wp-json\/wp\/v2\/posts\/49697","targetHints":{"allow":["GET"]}}],"collection":[{"href":"https:\/\/www.todoalfalfa.com.ar\/noticias\/wp-json\/wp\/v2\/posts"}],"about":[{"href":"https:\/\/www.todoalfalfa.com.ar\/noticias\/wp-json\/wp\/v2\/types\/post"}],"author":[{"embeddable":true,"href":"https:\/\/www.todoalfalfa.com.ar\/noticias\/wp-json\/wp\/v2\/users\/9"}],"replies":[{"embeddable":true,"href":"https:\/\/www.todoalfalfa.com.ar\/noticias\/wp-json\/wp\/v2\/comments?post=49697"}],"version-history":[{"count":2,"href":"https:\/\/www.todoalfalfa.com.ar\/noticias\/wp-json\/wp\/v2\/posts\/49697\/revisions"}],"predecessor-version":[{"id":49730,"href":"https:\/\/www.todoalfalfa.com.ar\/noticias\/wp-json\/wp\/v2\/posts\/49697\/revisions\/49730"}],"wp:featuredmedia":[{"embeddable":true,"href":"https:\/\/www.todoalfalfa.com.ar\/noticias\/wp-json\/wp\/v2\/media\/49713"}],"wp:attachment":[{"href":"https:\/\/www.todoalfalfa.com.ar\/noticias\/wp-json\/wp\/v2\/media?parent=49697"}],"wp:term":[{"taxonomy":"category","embeddable":true,"href":"https:\/\/www.todoalfalfa.com.ar\/noticias\/wp-json\/wp\/v2\/categories?post=49697"},{"taxonomy":"post_tag","embeddable":true,"href":"https:\/\/www.todoalfalfa.com.ar\/noticias\/wp-json\/wp\/v2\/tags?post=49697"}],"curies":[{"name":"wp","href":"https:\/\/api.w.org\/{rel}","templated":true}]}}