{"id":499,"date":"2017-04-05T09:30:03","date_gmt":"2017-04-05T12:30:03","guid":{"rendered":"http:\/\/todoalfalfa.com.ar\/?p=499"},"modified":"2026-03-17T11:18:54","modified_gmt":"2026-03-17T14:18:54","slug":"fomentan-la-implantacion-de-pasturas-en-bajos-salinos","status":"publish","type":"post","link":"https:\/\/www.todoalfalfa.com.ar\/noticias\/fomentan-la-implantacion-de-pasturas-en-bajos-salinos\/","title":{"rendered":"Fomentan la implantaci\u00f3n de pasturas en bajos salinos"},"content":{"rendered":"<p>Bajo el paraguas del\u00a0Programa Provincial de Conservaci\u00f3n de Suelos\u00a0que lleva adelante el Ministerio de Agricultura y Ganader\u00eda, se diagram\u00f3 el Componente de Recuperaci\u00f3n de Bajos Salinos a trav\u00e9s de la Implantaci\u00f3n de Pasturas, una iniciativa que tiene la coordinaci\u00f3n log\u00edstica y su desarrollo a cargo de la Direcci\u00f3n General de Agencias Zonales de la cartera.<\/p>\n<p>En ese marco, el ministro de Agricultura y Ganader\u00eda, Sergio Busso, entreg\u00f3 la semana pasada a las filiales locales de Federaci\u00f3n Agraria Argentina de Laboulaye, Jovita y Serrano, 5 mil kilos de semillas para cada una. Esto les permitir\u00e1 alcanzar una cobertura de 200 hect\u00e1reas implantadas en cada localidad, totalizando de esta forma unas 600 hect\u00e1reas en la primera entrega.<\/p>\n<p>\u201cEste es el punto de partida de un importante plan provincial, con un cronograma que se extender\u00e1 en el tiempo y en otras regiones, y que pretende fomentar la conservaci\u00f3n del suelo y el aprovechamiento de hect\u00e1reas que antes eran improductivas\u201d, dijo Busso durante la reuni\u00f3n con productores de la FAA de Laboulaye.<\/p>\n<p>Y agreg\u00f3: \u201cA trav\u00e9s del personal de las Agencias Zonales que est\u00e1n distribuidas en todo el territorio provincial, se diagramar\u00e1n los aportes de semillas que sean necesarios. Ellos tambi\u00e9n tendr\u00e1n a su cargo el seguimiento de todo el proceso\u201d.<\/p>\n<p><strong>Las bases de la iniciativa<\/strong><br \/>\nMillones de hect\u00e1reas en el planeta est\u00e1n afectadas por salinidad y todos los a\u00f1os m\u00e1s \u00e1reas se tornan improductivas por efecto de acumulaci\u00f3n de sales. En zonas del sur provincial, los bajos salinos pueden ser aprovechados para la implantaci\u00f3n de pasturas, y de este modo devolver productividad a suelos que se mantienen improductivos.<\/p>\n<p><strong>Las pasturas<\/strong><br \/>\nEspec\u00edficamente, se entregar\u00e1 a cada filial 200 bolsas de 20 kilos cada una, de semillas de agropiro; y 40 bolsas de 25 kilos de semillas de melilotus.<\/p>\n<p>El agropiro.\u00a0De acuerdo a estudios del INTA, el agropiro juega un rol importante por tratarse de una pastura que rehabilita suelos marginales y mejora su capacidad productiva con elevada producci\u00f3n de forraje de calidad para el uso ganadero. Con un buen manejo, la implantaci\u00f3n de pasturas de agropiro puede convertir estos suelos complejos \u2013considerados de bajo rendimiento\u2013 en \u00e1reas ganaderas de alta capacidad productiva.<\/p>\n<p>Melilotus.\u00a0En cuanto a la utilizaci\u00f3n de este forraje, constituye un valioso aporte a la dieta de bovinos en sistemas de producci\u00f3n de carne y leche. Sus ventajas comparativas son su alta prolificidad y f\u00e1cil resiembra.<\/p>\n<div class=\"todoalfalfa-final-de-la-nota\" id=\"todoalfalfa-253035730\"><a href=\"https:\/\/www.whatsapp.com\/channel\/0029VbCBmFB9WtBxJsD3eC2i\" target=\"_blank\" aria-label=\"5\"><img src=\"https:\/\/i0.wp.com\/www.todoalfalfa.com.ar\/noticias\/wp-content\/uploads\/2026\/04\/5.gif?fit=728%2C90&#038;ssl=1\" alt=\"\"  width=\"728\" height=\"90\"   \/><\/a><\/div>","protected":false},"excerpt":{"rendered":"<p>Bajo el paraguas del&nbsp;Programa Provincial de Conservaci&oacute;n de Suelos&nbsp;que lleva adelante el Ministerio de Agricultura y Ganader&iacute;a, se diagram&oacute; el&#8230;<\/p>\n","protected":false},"author":3,"featured_media":500,"comment_status":"closed","ping_status":"open","sticky":false,"template":"","format":"standard","meta":{"jetpack_post_was_ever_published":false,"_jetpack_newsletter_access":"","_jetpack_dont_email_post_to_subs":true,"_jetpack_newsletter_tier_id":0,"_jetpack_memberships_contains_paywalled_content":false,"_jetpack_memberships_contains_paid_content":false,"footnotes":""},"categories":[2,2201],"tags":[49,51,50,52],"class_list":["post-499","post","type-post","status-publish","format-standard","has-post-thumbnail","hentry","category-generales","category-pastura","tag-agropiro","tag-jovita","tag-laboulaye","tag-serrano"],"yoast_head":"<!-- This site is optimized with the Yoast SEO plugin v25.5 - https:\/\/yoast.com\/wordpress\/plugins\/seo\/ -->\n<title>Fomentan la implantaci\u00f3n de pasturas en bajos salinos<\/title>\n<meta name=\"robots\" content=\"index, follow, max-snippet:-1, max-image-preview:large, max-video-preview:-1\" \/>\n<link rel=\"canonical\" href=\"https:\/\/www.todoalfalfa.com.ar\/noticias\/fomentan-la-implantacion-de-pasturas-en-bajos-salinos\/\" \/>\n<meta property=\"og:locale\" content=\"es_ES\" \/>\n<meta property=\"og:type\" content=\"article\" \/>\n<meta property=\"og:title\" content=\"Fomentan la implantaci\u00f3n de pasturas en bajos salinos\" \/>\n<meta property=\"og:description\" content=\"Bajo el paraguas del&nbsp;Programa Provincial de Conservaci&oacute;n de Suelos&nbsp;que lleva adelante el Ministerio de Agricultura y Ganader&iacute;a, se diagram&oacute; el...\" \/>\n<meta property=\"og:url\" content=\"https:\/\/www.todoalfalfa.com.ar\/noticias\/fomentan-la-implantacion-de-pasturas-en-bajos-salinos\/\" \/>\n<meta property=\"og:site_name\" content=\"Todo Alfalfa\" \/>\n<meta property=\"article:publisher\" content=\"https:\/\/www.facebook.com\/todoalfalfa\" \/>\n<meta property=\"article:published_time\" content=\"2017-04-05T12:30:03+00:00\" \/>\n<meta property=\"article:modified_time\" content=\"2026-03-17T14:18:54+00:00\" \/>\n<meta property=\"og:image\" content=\"https:\/\/www.todoalfalfa.com.ar\/noticias\/wp-content\/uploads\/2017\/04\/agropiro.jpg\" \/>\n\t<meta property=\"og:image:width\" content=\"777\" \/>\n\t<meta property=\"og:image:height\" content=\"437\" \/>\n\t<meta property=\"og:image:type\" content=\"image\/jpeg\" \/>\n<meta name=\"author\" content=\"Todo Alfalfa\" \/>\n<meta name=\"twitter:card\" content=\"summary_large_image\" \/>\n<meta name=\"twitter:label1\" content=\"Escrito por\" \/>\n\t<meta name=\"twitter:data1\" content=\"Todo Alfalfa\" \/>\n\t<meta name=\"twitter:label2\" content=\"Tiempo de lectura\" \/>\n\t<meta name=\"twitter:data2\" content=\"3 minutos\" \/>\n<script type=\"application\/ld+json\" class=\"yoast-schema-graph\">{\"@context\":\"https:\/\/schema.org\",\"@graph\":[{\"@type\":\"NewsArticle\",\"@id\":\"https:\/\/www.todoalfalfa.com.ar\/noticias\/fomentan-la-implantacion-de-pasturas-en-bajos-salinos\/#article\",\"isPartOf\":{\"@id\":\"https:\/\/www.todoalfalfa.com.ar\/noticias\/fomentan-la-implantacion-de-pasturas-en-bajos-salinos\/\"},\"author\":{\"name\":\"Todo Alfalfa\",\"@id\":\"https:\/\/www.todoalfalfa.com.ar\/noticias\/#\/schema\/person\/4ee4bca9b9fa50c4f0fbaf7017fbf2ad\"},\"headline\":\"Fomentan la implantaci\u00f3n de pasturas en bajos salinos\",\"datePublished\":\"2017-04-05T12:30:03+00:00\",\"dateModified\":\"2026-03-17T14:18:54+00:00\",\"mainEntityOfPage\":{\"@id\":\"https:\/\/www.todoalfalfa.com.ar\/noticias\/fomentan-la-implantacion-de-pasturas-en-bajos-salinos\/\"},\"wordCount\":431,\"publisher\":{\"@id\":\"https:\/\/www.todoalfalfa.com.ar\/noticias\/#organization\"},\"image\":{\"@id\":\"https:\/\/www.todoalfalfa.com.ar\/noticias\/fomentan-la-implantacion-de-pasturas-en-bajos-salinos\/#primaryimage\"},\"thumbnailUrl\":\"https:\/\/i0.wp.com\/www.todoalfalfa.com.ar\/noticias\/wp-content\/uploads\/2017\/04\/agropiro.jpg?fit=777%2C437&ssl=1\",\"keywords\":[\"agropiro\",\"Jovita\",\"Laboulaye\",\"Serrano\"],\"articleSection\":[\"Generales\",\"Pastura\"],\"inLanguage\":\"es\"},{\"@type\":[\"WebPage\",\"ItemPage\"],\"@id\":\"https:\/\/www.todoalfalfa.com.ar\/noticias\/fomentan-la-implantacion-de-pasturas-en-bajos-salinos\/\",\"url\":\"https:\/\/www.todoalfalfa.com.ar\/noticias\/fomentan-la-implantacion-de-pasturas-en-bajos-salinos\/\",\"name\":\"Fomentan la implantaci\u00f3n de pasturas en bajos salinos\",\"isPartOf\":{\"@id\":\"https:\/\/www.todoalfalfa.com.ar\/noticias\/#website\"},\"primaryImageOfPage\":{\"@id\":\"https:\/\/www.todoalfalfa.com.ar\/noticias\/fomentan-la-implantacion-de-pasturas-en-bajos-salinos\/#primaryimage\"},\"image\":{\"@id\":\"https:\/\/www.todoalfalfa.com.ar\/noticias\/fomentan-la-implantacion-de-pasturas-en-bajos-salinos\/#primaryimage\"},\"thumbnailUrl\":\"https:\/\/i0.wp.com\/www.todoalfalfa.com.ar\/noticias\/wp-content\/uploads\/2017\/04\/agropiro.jpg?fit=777%2C437&ssl=1\",\"datePublished\":\"2017-04-05T12:30:03+00:00\",\"dateModified\":\"2026-03-17T14:18:54+00:00\",\"breadcrumb\":{\"@id\":\"https:\/\/www.todoalfalfa.com.ar\/noticias\/fomentan-la-implantacion-de-pasturas-en-bajos-salinos\/#breadcrumb\"},\"inLanguage\":\"es\",\"potentialAction\":[{\"@type\":\"ReadAction\",\"target\":[\"https:\/\/www.todoalfalfa.com.ar\/noticias\/fomentan-la-implantacion-de-pasturas-en-bajos-salinos\/\"]}]},{\"@type\":\"ImageObject\",\"inLanguage\":\"es\",\"@id\":\"https:\/\/www.todoalfalfa.com.ar\/noticias\/fomentan-la-implantacion-de-pasturas-en-bajos-salinos\/#primaryimage\",\"url\":\"https:\/\/i0.wp.com\/www.todoalfalfa.com.ar\/noticias\/wp-content\/uploads\/2017\/04\/agropiro.jpg?fit=777%2C437&ssl=1\",\"contentUrl\":\"https:\/\/i0.wp.com\/www.todoalfalfa.com.ar\/noticias\/wp-content\/uploads\/2017\/04\/agropiro.jpg?fit=777%2C437&ssl=1\",\"width\":777,\"height\":437,\"caption\":\"Agropiro, una de las semillas entregadas por el gobierno de C\u00f3rdoba\"},{\"@type\":\"BreadcrumbList\",\"@id\":\"https:\/\/www.todoalfalfa.com.ar\/noticias\/fomentan-la-implantacion-de-pasturas-en-bajos-salinos\/#breadcrumb\",\"itemListElement\":[{\"@type\":\"ListItem\",\"position\":1,\"name\":\"Principal\",\"item\":\"https:\/\/www.todoalfalfa.com.ar\/noticias\/\"},{\"@type\":\"ListItem\",\"position\":2,\"name\":\"Fomentan la implantaci\u00f3n de pasturas en bajos salinos\"}]},{\"@type\":\"WebSite\",\"@id\":\"https:\/\/www.todoalfalfa.com.ar\/noticias\/#website\",\"url\":\"https:\/\/www.todoalfalfa.com.ar\/noticias\/\",\"name\":\"Todo Alfalfa\",\"description\":\"Web informativa de la cadena de la alfalfa argentina\",\"publisher\":{\"@id\":\"https:\/\/www.todoalfalfa.com.ar\/noticias\/#organization\"},\"potentialAction\":[{\"@type\":\"SearchAction\",\"target\":{\"@type\":\"EntryPoint\",\"urlTemplate\":\"https:\/\/www.todoalfalfa.com.ar\/noticias\/?s={search_term_string}\"},\"query-input\":{\"@type\":\"PropertyValueSpecification\",\"valueRequired\":true,\"valueName\":\"search_term_string\"}}],\"inLanguage\":\"es\"},{\"@type\":\"Organization\",\"@id\":\"https:\/\/www.todoalfalfa.com.ar\/noticias\/#organization\",\"name\":\"Todo Alfalfa\",\"url\":\"https:\/\/www.todoalfalfa.com.ar\/noticias\/\",\"logo\":{\"@type\":\"ImageObject\",\"inLanguage\":\"es\",\"@id\":\"https:\/\/www.todoalfalfa.com.ar\/noticias\/#\/schema\/logo\/image\/\",\"url\":\"https:\/\/www.todoalfalfa.com.ar\/noticias\/wp-content\/uploads\/2020\/09\/logo-todo-alfalfa-modificado.png\",\"contentUrl\":\"https:\/\/www.todoalfalfa.com.ar\/noticias\/wp-content\/uploads\/2020\/09\/logo-todo-alfalfa-modificado.png\",\"width\":350,\"height\":100,\"caption\":\"Todo Alfalfa\"},\"image\":{\"@id\":\"https:\/\/www.todoalfalfa.com.ar\/noticias\/#\/schema\/logo\/image\/\"},\"sameAs\":[\"https:\/\/www.facebook.com\/todoalfalfa\",\"https:\/\/www.instagram.com\/todoalfalfa\",\"https:\/\/www.youtube.com\/@TodoAlfalfa\",\"https:\/\/www.linkedin.com\/company\/todoalfalfa\/\"]},{\"@type\":\"Person\",\"@id\":\"https:\/\/www.todoalfalfa.com.ar\/noticias\/#\/schema\/person\/4ee4bca9b9fa50c4f0fbaf7017fbf2ad\",\"name\":\"Todo Alfalfa\",\"image\":{\"@type\":\"ImageObject\",\"inLanguage\":\"es\",\"@id\":\"https:\/\/www.todoalfalfa.com.ar\/noticias\/#\/schema\/person\/image\/\",\"url\":\"https:\/\/secure.gravatar.com\/avatar\/4d26a600a1380823a26c3f9cb74ada1a8ee4b482c0c3a616ab022b865c46be8f?s=96&d=mm&r=g\",\"contentUrl\":\"https:\/\/secure.gravatar.com\/avatar\/4d26a600a1380823a26c3f9cb74ada1a8ee4b482c0c3a616ab022b865c46be8f?s=96&d=mm&r=g\",\"caption\":\"Todo Alfalfa\"},\"sameAs\":[\"http:\/\/www.todoalfalfa.com.ar\"],\"url\":\"https:\/\/www.todoalfalfa.com.ar\/noticias\/author\/todoalfalfa\/\"}]}<\/script>\n<!-- \/ Yoast SEO plugin. -->","yoast_head_json":{"title":"Fomentan la implantaci\u00f3n de pasturas en bajos salinos","robots":{"index":"index","follow":"follow","max-snippet":"max-snippet:-1","max-image-preview":"max-image-preview:large","max-video-preview":"max-video-preview:-1"},"canonical":"https:\/\/www.todoalfalfa.com.ar\/noticias\/fomentan-la-implantacion-de-pasturas-en-bajos-salinos\/","og_locale":"es_ES","og_type":"article","og_title":"Fomentan la implantaci\u00f3n de pasturas en bajos salinos","og_description":"Bajo el paraguas del&nbsp;Programa Provincial de Conservaci&oacute;n de Suelos&nbsp;que lleva adelante el Ministerio de Agricultura y Ganader&iacute;a, se diagram&oacute; el...","og_url":"https:\/\/www.todoalfalfa.com.ar\/noticias\/fomentan-la-implantacion-de-pasturas-en-bajos-salinos\/","og_site_name":"Todo Alfalfa","article_publisher":"https:\/\/www.facebook.com\/todoalfalfa","article_published_time":"2017-04-05T12:30:03+00:00","article_modified_time":"2026-03-17T14:18:54+00:00","og_image":[{"width":777,"height":437,"url":"https:\/\/www.todoalfalfa.com.ar\/noticias\/wp-content\/uploads\/2017\/04\/agropiro.jpg","type":"image\/jpeg"}],"author":"Todo Alfalfa","twitter_card":"summary_large_image","twitter_misc":{"Escrito por":"Todo Alfalfa","Tiempo de lectura":"3 minutos"},"schema":{"@context":"https:\/\/schema.org","@graph":[{"@type":"NewsArticle","@id":"https:\/\/www.todoalfalfa.com.ar\/noticias\/fomentan-la-implantacion-de-pasturas-en-bajos-salinos\/#article","isPartOf":{"@id":"https:\/\/www.todoalfalfa.com.ar\/noticias\/fomentan-la-implantacion-de-pasturas-en-bajos-salinos\/"},"author":{"name":"Todo Alfalfa","@id":"https:\/\/www.todoalfalfa.com.ar\/noticias\/#\/schema\/person\/4ee4bca9b9fa50c4f0fbaf7017fbf2ad"},"headline":"Fomentan la implantaci\u00f3n de pasturas en bajos salinos","datePublished":"2017-04-05T12:30:03+00:00","dateModified":"2026-03-17T14:18:54+00:00","mainEntityOfPage":{"@id":"https:\/\/www.todoalfalfa.com.ar\/noticias\/fomentan-la-implantacion-de-pasturas-en-bajos-salinos\/"},"wordCount":431,"publisher":{"@id":"https:\/\/www.todoalfalfa.com.ar\/noticias\/#organization"},"image":{"@id":"https:\/\/www.todoalfalfa.com.ar\/noticias\/fomentan-la-implantacion-de-pasturas-en-bajos-salinos\/#primaryimage"},"thumbnailUrl":"https:\/\/i0.wp.com\/www.todoalfalfa.com.ar\/noticias\/wp-content\/uploads\/2017\/04\/agropiro.jpg?fit=777%2C437&ssl=1","keywords":["agropiro","Jovita","Laboulaye","Serrano"],"articleSection":["Generales","Pastura"],"inLanguage":"es"},{"@type":["WebPage","ItemPage"],"@id":"https:\/\/www.todoalfalfa.com.ar\/noticias\/fomentan-la-implantacion-de-pasturas-en-bajos-salinos\/","url":"https:\/\/www.todoalfalfa.com.ar\/noticias\/fomentan-la-implantacion-de-pasturas-en-bajos-salinos\/","name":"Fomentan la implantaci\u00f3n de pasturas en bajos salinos","isPartOf":{"@id":"https:\/\/www.todoalfalfa.com.ar\/noticias\/#website"},"primaryImageOfPage":{"@id":"https:\/\/www.todoalfalfa.com.ar\/noticias\/fomentan-la-implantacion-de-pasturas-en-bajos-salinos\/#primaryimage"},"image":{"@id":"https:\/\/www.todoalfalfa.com.ar\/noticias\/fomentan-la-implantacion-de-pasturas-en-bajos-salinos\/#primaryimage"},"thumbnailUrl":"https:\/\/i0.wp.com\/www.todoalfalfa.com.ar\/noticias\/wp-content\/uploads\/2017\/04\/agropiro.jpg?fit=777%2C437&ssl=1","datePublished":"2017-04-05T12:30:03+00:00","dateModified":"2026-03-17T14:18:54+00:00","breadcrumb":{"@id":"https:\/\/www.todoalfalfa.com.ar\/noticias\/fomentan-la-implantacion-de-pasturas-en-bajos-salinos\/#breadcrumb"},"inLanguage":"es","potentialAction":[{"@type":"ReadAction","target":["https:\/\/www.todoalfalfa.com.ar\/noticias\/fomentan-la-implantacion-de-pasturas-en-bajos-salinos\/"]}]},{"@type":"ImageObject","inLanguage":"es","@id":"https:\/\/www.todoalfalfa.com.ar\/noticias\/fomentan-la-implantacion-de-pasturas-en-bajos-salinos\/#primaryimage","url":"https:\/\/i0.wp.com\/www.todoalfalfa.com.ar\/noticias\/wp-content\/uploads\/2017\/04\/agropiro.jpg?fit=777%2C437&ssl=1","contentUrl":"https:\/\/i0.wp.com\/www.todoalfalfa.com.ar\/noticias\/wp-content\/uploads\/2017\/04\/agropiro.jpg?fit=777%2C437&ssl=1","width":777,"height":437,"caption":"Agropiro, una de las semillas entregadas por el gobierno de C\u00f3rdoba"},{"@type":"BreadcrumbList","@id":"https:\/\/www.todoalfalfa.com.ar\/noticias\/fomentan-la-implantacion-de-pasturas-en-bajos-salinos\/#breadcrumb","itemListElement":[{"@type":"ListItem","position":1,"name":"Principal","item":"https:\/\/www.todoalfalfa.com.ar\/noticias\/"},{"@type":"ListItem","position":2,"name":"Fomentan la implantaci\u00f3n de pasturas en bajos salinos"}]},{"@type":"WebSite","@id":"https:\/\/www.todoalfalfa.com.ar\/noticias\/#website","url":"https:\/\/www.todoalfalfa.com.ar\/noticias\/","name":"Todo Alfalfa","description":"Web informativa de la cadena de la alfalfa argentina","publisher":{"@id":"https:\/\/www.todoalfalfa.com.ar\/noticias\/#organization"},"potentialAction":[{"@type":"SearchAction","target":{"@type":"EntryPoint","urlTemplate":"https:\/\/www.todoalfalfa.com.ar\/noticias\/?s={search_term_string}"},"query-input":{"@type":"PropertyValueSpecification","valueRequired":true,"valueName":"search_term_string"}}],"inLanguage":"es"},{"@type":"Organization","@id":"https:\/\/www.todoalfalfa.com.ar\/noticias\/#organization","name":"Todo Alfalfa","url":"https:\/\/www.todoalfalfa.com.ar\/noticias\/","logo":{"@type":"ImageObject","inLanguage":"es","@id":"https:\/\/www.todoalfalfa.com.ar\/noticias\/#\/schema\/logo\/image\/","url":"https:\/\/www.todoalfalfa.com.ar\/noticias\/wp-content\/uploads\/2020\/09\/logo-todo-alfalfa-modificado.png","contentUrl":"https:\/\/www.todoalfalfa.com.ar\/noticias\/wp-content\/uploads\/2020\/09\/logo-todo-alfalfa-modificado.png","width":350,"height":100,"caption":"Todo Alfalfa"},"image":{"@id":"https:\/\/www.todoalfalfa.com.ar\/noticias\/#\/schema\/logo\/image\/"},"sameAs":["https:\/\/www.facebook.com\/todoalfalfa","https:\/\/www.instagram.com\/todoalfalfa","https:\/\/www.youtube.com\/@TodoAlfalfa","https:\/\/www.linkedin.com\/company\/todoalfalfa\/"]},{"@type":"Person","@id":"https:\/\/www.todoalfalfa.com.ar\/noticias\/#\/schema\/person\/4ee4bca9b9fa50c4f0fbaf7017fbf2ad","name":"Todo Alfalfa","image":{"@type":"ImageObject","inLanguage":"es","@id":"https:\/\/www.todoalfalfa.com.ar\/noticias\/#\/schema\/person\/image\/","url":"https:\/\/secure.gravatar.com\/avatar\/4d26a600a1380823a26c3f9cb74ada1a8ee4b482c0c3a616ab022b865c46be8f?s=96&d=mm&r=g","contentUrl":"https:\/\/secure.gravatar.com\/avatar\/4d26a600a1380823a26c3f9cb74ada1a8ee4b482c0c3a616ab022b865c46be8f?s=96&d=mm&r=g","caption":"Todo Alfalfa"},"sameAs":["http:\/\/www.todoalfalfa.com.ar"],"url":"https:\/\/www.todoalfalfa.com.ar\/noticias\/author\/todoalfalfa\/"}]}},"jetpack_featured_media_url":"https:\/\/i0.wp.com\/www.todoalfalfa.com.ar\/noticias\/wp-content\/uploads\/2017\/04\/agropiro.jpg?fit=777%2C437&ssl=1","wps_subtitle":"En C\u00f3rdoba entregaron 15.000 kilos de semillas para sembrar 600 hect\u00e1reas. La iniciativa forma parte de un plan provincial que se replicar\u00e1 en otras regiones.","jetpack_sharing_enabled":true,"_links":{"self":[{"href":"https:\/\/www.todoalfalfa.com.ar\/noticias\/wp-json\/wp\/v2\/posts\/499","targetHints":{"allow":["GET"]}}],"collection":[{"href":"https:\/\/www.todoalfalfa.com.ar\/noticias\/wp-json\/wp\/v2\/posts"}],"about":[{"href":"https:\/\/www.todoalfalfa.com.ar\/noticias\/wp-json\/wp\/v2\/types\/post"}],"author":[{"embeddable":true,"href":"https:\/\/www.todoalfalfa.com.ar\/noticias\/wp-json\/wp\/v2\/users\/3"}],"replies":[{"embeddable":true,"href":"https:\/\/www.todoalfalfa.com.ar\/noticias\/wp-json\/wp\/v2\/comments?post=499"}],"version-history":[{"count":2,"href":"https:\/\/www.todoalfalfa.com.ar\/noticias\/wp-json\/wp\/v2\/posts\/499\/revisions"}],"predecessor-version":[{"id":52234,"href":"https:\/\/www.todoalfalfa.com.ar\/noticias\/wp-json\/wp\/v2\/posts\/499\/revisions\/52234"}],"wp:featuredmedia":[{"embeddable":true,"href":"https:\/\/www.todoalfalfa.com.ar\/noticias\/wp-json\/wp\/v2\/media\/500"}],"wp:attachment":[{"href":"https:\/\/www.todoalfalfa.com.ar\/noticias\/wp-json\/wp\/v2\/media?parent=499"}],"wp:term":[{"taxonomy":"category","embeddable":true,"href":"https:\/\/www.todoalfalfa.com.ar\/noticias\/wp-json\/wp\/v2\/categories?post=499"},{"taxonomy":"post_tag","embeddable":true,"href":"https:\/\/www.todoalfalfa.com.ar\/noticias\/wp-json\/wp\/v2\/tags?post=499"}],"curies":[{"name":"wp","href":"https:\/\/api.w.org\/{rel}","templated":true}]}}