{"id":50223,"date":"2025-09-09T13:38:44","date_gmt":"2025-09-09T16:38:44","guid":{"rendered":"https:\/\/www.todoalfalfa.com.ar\/noticias\/?p=50223"},"modified":"2025-09-15T22:23:12","modified_gmt":"2025-09-16T01:23:12","slug":"alfalfa-al-pie-de-la-cordillera","status":"publish","type":"post","link":"https:\/\/www.todoalfalfa.com.ar\/noticias\/alfalfa-al-pie-de-la-cordillera\/","title":{"rendered":"Alfalfa al pie de la cordillera\u2026"},"content":{"rendered":"\n<p>Con la Sierra del Tontal y la cordillera de fondo, mientras las m\u00e1quinas \u201creacomodan\u201d un campo, que pr\u00f3ximamente estar\u00e1 repleto de alfalfa y que anteriormente, era explotado para la producci\u00f3n de tomates, Gustavo y Octavio Dorgan supervisan los trabajos para no dejar nada librado al azar.<\/p>\n\n\n\n<p>Tienen en claro que hay que ajustar cada detalle para lograr ser eficientes en \u00e9pocas donde los costos son altos y los m\u00e1rgenes de ganancias cada vez m\u00e1s cortos. Junto a ellos, est\u00e1 el ingeniero agr\u00f3nomo Omar Zamorano, quien acompa\u00f1a cada paso que desde la empresa realizan.<\/p>\n\n\n\n<p>Recientemente incorporaron m\u00e1s de 400 hect\u00e1reas en la zona de 9 de julio (San Juan) donde van a producir heno con fines exportables, mientras que en la zona de J\u00e1chal, el desarrollo permite reproducir semillas de alfalfa.<\/p>\n\n\n\n<p><strong>\u201cUna forma de vivir\u201d<\/strong><\/p>\n\n\n\n<p>Gustavo Dorgan, hace m\u00e1s de 40 a\u00f1os que se dedica a la producci\u00f3n de semillas de alfalfa y fardos. \u201cNuestra empresa se ha consolidado como un referente en el sector\u201d, remarc\u00f3 y agreg\u00f3: \u201cel 90% de nuestra producci\u00f3n se destina a semillas, lo que nos ha llevado a recorrer el mundo en busca de las mejores variedades\u201d.<\/p>\n\n\n\n<p>En la actualidad tienen 11 fincas, algunas propias, otras alquiladas, otras en sociedad. \u201cAunque el agua es un desaf\u00edo en San Juan, hemos logrado establecer cultivos en lugares donde disponemos de recursos h\u00eddricos, ya sea a trav\u00e9s de pozos, surgentes o canales.<\/p>\n\n\n\n<div class=\"wp-block-jetpack-slideshow aligncenter\" data-effect=\"slide\"><div class=\"wp-block-jetpack-slideshow_container swiper-container\"><ul class=\"wp-block-jetpack-slideshow_swiper-wrapper swiper-wrapper\"><li class=\"wp-block-jetpack-slideshow_slide swiper-slide\"><figure><img data-recalc-dims=\"1\" fetchpriority=\"high\" decoding=\"async\" width=\"720\" height=\"550\" alt=\"\" class=\"wp-block-jetpack-slideshow_image wp-image-50230\" data-id=\"50230\" src=\"https:\/\/i0.wp.com\/www.todoalfalfa.com.ar\/noticias\/wp-content\/uploads\/2025\/09\/Captura-de-pantalla-2025-09-09-133402.png?resize=720%2C550&#038;ssl=1\" srcset=\"https:\/\/i0.wp.com\/www.todoalfalfa.com.ar\/noticias\/wp-content\/uploads\/2025\/09\/Captura-de-pantalla-2025-09-09-133402.png?w=720&amp;ssl=1 720w, https:\/\/i0.wp.com\/www.todoalfalfa.com.ar\/noticias\/wp-content\/uploads\/2025\/09\/Captura-de-pantalla-2025-09-09-133402.png?resize=300%2C229&amp;ssl=1 300w\" sizes=\"(max-width: 720px) 100vw, 720px\" \/><figcaption class=\"wp-block-jetpack-slideshow_caption gallery-caption\">Gustavo Dorgan<\/figcaption><\/figure><\/li><\/ul><a class=\"wp-block-jetpack-slideshow_button-prev swiper-button-prev swiper-button-white\" role=\"button\"><\/a><a class=\"wp-block-jetpack-slideshow_button-next swiper-button-next swiper-button-white\" role=\"button\"><\/a><a aria-label=\"Pause Slideshow\" class=\"wp-block-jetpack-slideshow_button-pause\" role=\"button\"><\/a><div class=\"wp-block-jetpack-slideshow_pagination swiper-pagination swiper-pagination-white\"><\/div><\/div><\/div>\n\n\n\n<p>Cabe destacar que en su zona natal, Niquivil (J\u00e1chal) el agua es un bien muy preciado (llueve poco) y eso hace que, por esa y otras caracter\u00edsticas, toda la regi\u00f3n sea un punto clave para reproducir semillas de calidad.<\/p>\n\n\n\n<p>\u201cEn promedio, aqu\u00ed llueven apenas 100 mm al a\u00f1o, pero en regiones como J\u00e1chal, donde poseemos un campo grande, la lluvia alcanza los 60 mm, facilitando el manejo del cultivo\u201d.<\/p>\n\n\n\n<p>Dorgan destac\u00f3 que en el a\u00f1o 82, \u201ccuando vislumbr\u00e9 el potencial de la semilla de alfalfa en el INTA de Pocito, he estado comprometido con esta producci\u00f3n. He entendido que la calidad de la semilla mejora con menores precipitaciones, ya que podemos manejar el riego y generar estr\u00e9s h\u00eddrico para optimizar la polinizaci\u00f3n\u201d.<\/p>\n\n\n\n<div class=\"wp-block-jetpack-slideshow aligncenter\" data-effect=\"slide\" style=\"--aspect-ratio:calc(1024 \/ 767)\"><div class=\"wp-block-jetpack-slideshow_container swiper-container\"><ul class=\"wp-block-jetpack-slideshow_swiper-wrapper swiper-wrapper\"><li class=\"wp-block-jetpack-slideshow_slide swiper-slide\"><figure><img data-recalc-dims=\"1\" decoding=\"async\" width=\"1024\" height=\"767\" alt=\"\" class=\"wp-block-jetpack-slideshow_image wp-image-50227\" data-id=\"50227\" data-aspect-ratio=\"1024 \/ 767\" src=\"https:\/\/i0.wp.com\/www.todoalfalfa.com.ar\/noticias\/wp-content\/uploads\/2025\/09\/20250617_101734.jpg?resize=1024%2C767&#038;ssl=1\" srcset=\"https:\/\/i0.wp.com\/www.todoalfalfa.com.ar\/noticias\/wp-content\/uploads\/2025\/09\/20250617_101734-scaled.jpg?resize=1024%2C767&amp;ssl=1 1024w, https:\/\/i0.wp.com\/www.todoalfalfa.com.ar\/noticias\/wp-content\/uploads\/2025\/09\/20250617_101734-scaled.jpg?resize=300%2C225&amp;ssl=1 300w, https:\/\/i0.wp.com\/www.todoalfalfa.com.ar\/noticias\/wp-content\/uploads\/2025\/09\/20250617_101734-scaled.jpg?resize=768%2C575&amp;ssl=1 768w, https:\/\/i0.wp.com\/www.todoalfalfa.com.ar\/noticias\/wp-content\/uploads\/2025\/09\/20250617_101734-scaled.jpg?resize=1536%2C1151&amp;ssl=1 1536w, https:\/\/i0.wp.com\/www.todoalfalfa.com.ar\/noticias\/wp-content\/uploads\/2025\/09\/20250617_101734-scaled.jpg?resize=2048%2C1534&amp;ssl=1 2048w\" sizes=\"(max-width: 1000px) 100vw, 1000px\" \/><\/figure><\/li><li class=\"wp-block-jetpack-slideshow_slide swiper-slide\"><figure><img data-recalc-dims=\"1\" decoding=\"async\" width=\"1024\" height=\"768\" alt=\"\" class=\"wp-block-jetpack-slideshow_image wp-image-50226\" data-id=\"50226\" data-aspect-ratio=\"1024 \/ 768\" src=\"https:\/\/i0.wp.com\/www.todoalfalfa.com.ar\/noticias\/wp-content\/uploads\/2025\/09\/20250617_110442.jpg?resize=1024%2C768&#038;ssl=1\" srcset=\"https:\/\/i0.wp.com\/www.todoalfalfa.com.ar\/noticias\/wp-content\/uploads\/2025\/09\/20250617_110442-scaled.jpg?resize=1024%2C768&amp;ssl=1 1024w, https:\/\/i0.wp.com\/www.todoalfalfa.com.ar\/noticias\/wp-content\/uploads\/2025\/09\/20250617_110442-scaled.jpg?resize=300%2C225&amp;ssl=1 300w, https:\/\/i0.wp.com\/www.todoalfalfa.com.ar\/noticias\/wp-content\/uploads\/2025\/09\/20250617_110442-scaled.jpg?resize=768%2C576&amp;ssl=1 768w, https:\/\/i0.wp.com\/www.todoalfalfa.com.ar\/noticias\/wp-content\/uploads\/2025\/09\/20250617_110442-scaled.jpg?resize=1536%2C1152&amp;ssl=1 1536w, https:\/\/i0.wp.com\/www.todoalfalfa.com.ar\/noticias\/wp-content\/uploads\/2025\/09\/20250617_110442-scaled.jpg?resize=2048%2C1536&amp;ssl=1 2048w\" sizes=\"(max-width: 1000px) 100vw, 1000px\" \/><\/figure><\/li><li class=\"wp-block-jetpack-slideshow_slide swiper-slide\"><figure><img data-recalc-dims=\"1\" loading=\"lazy\" decoding=\"async\" width=\"1024\" height=\"771\" alt=\"\" class=\"wp-block-jetpack-slideshow_image wp-image-50228\" data-id=\"50228\" data-aspect-ratio=\"1024 \/ 771\" src=\"https:\/\/i0.wp.com\/www.todoalfalfa.com.ar\/noticias\/wp-content\/uploads\/2025\/09\/IMG_20250617_113339.jpg?resize=1024%2C771&#038;ssl=1\" srcset=\"https:\/\/i0.wp.com\/www.todoalfalfa.com.ar\/noticias\/wp-content\/uploads\/2025\/09\/IMG_20250617_113339-scaled.jpg?resize=1024%2C771&amp;ssl=1 1024w, https:\/\/i0.wp.com\/www.todoalfalfa.com.ar\/noticias\/wp-content\/uploads\/2025\/09\/IMG_20250617_113339-scaled.jpg?resize=300%2C226&amp;ssl=1 300w, https:\/\/i0.wp.com\/www.todoalfalfa.com.ar\/noticias\/wp-content\/uploads\/2025\/09\/IMG_20250617_113339-scaled.jpg?resize=768%2C578&amp;ssl=1 768w, https:\/\/i0.wp.com\/www.todoalfalfa.com.ar\/noticias\/wp-content\/uploads\/2025\/09\/IMG_20250617_113339-scaled.jpg?resize=1536%2C1157&amp;ssl=1 1536w, https:\/\/i0.wp.com\/www.todoalfalfa.com.ar\/noticias\/wp-content\/uploads\/2025\/09\/IMG_20250617_113339-scaled.jpg?resize=2048%2C1542&amp;ssl=1 2048w\" sizes=\"(max-width: 1000px) 100vw, 1000px\" \/><\/figure><\/li><li class=\"wp-block-jetpack-slideshow_slide swiper-slide\"><figure><img data-recalc-dims=\"1\" loading=\"lazy\" decoding=\"async\" width=\"1024\" height=\"771\" alt=\"\" class=\"wp-block-jetpack-slideshow_image wp-image-50224\" data-id=\"50224\" data-aspect-ratio=\"1024 \/ 771\" src=\"https:\/\/i0.wp.com\/www.todoalfalfa.com.ar\/noticias\/wp-content\/uploads\/2025\/09\/IMG_20250617_113236.jpg?resize=1024%2C771&#038;ssl=1\" srcset=\"https:\/\/i0.wp.com\/www.todoalfalfa.com.ar\/noticias\/wp-content\/uploads\/2025\/09\/IMG_20250617_113236-scaled.jpg?resize=1024%2C771&amp;ssl=1 1024w, https:\/\/i0.wp.com\/www.todoalfalfa.com.ar\/noticias\/wp-content\/uploads\/2025\/09\/IMG_20250617_113236-scaled.jpg?resize=300%2C226&amp;ssl=1 300w, https:\/\/i0.wp.com\/www.todoalfalfa.com.ar\/noticias\/wp-content\/uploads\/2025\/09\/IMG_20250617_113236-scaled.jpg?resize=768%2C578&amp;ssl=1 768w, https:\/\/i0.wp.com\/www.todoalfalfa.com.ar\/noticias\/wp-content\/uploads\/2025\/09\/IMG_20250617_113236-scaled.jpg?resize=1536%2C1157&amp;ssl=1 1536w, https:\/\/i0.wp.com\/www.todoalfalfa.com.ar\/noticias\/wp-content\/uploads\/2025\/09\/IMG_20250617_113236-scaled.jpg?resize=2048%2C1542&amp;ssl=1 2048w\" sizes=\"(max-width: 1000px) 100vw, 1000px\" \/><\/figure><\/li><li class=\"wp-block-jetpack-slideshow_slide swiper-slide\"><figure><img data-recalc-dims=\"1\" loading=\"lazy\" decoding=\"async\" width=\"1024\" height=\"771\" alt=\"\" class=\"wp-block-jetpack-slideshow_image wp-image-50225\" data-id=\"50225\" data-aspect-ratio=\"1024 \/ 771\" src=\"https:\/\/i0.wp.com\/www.todoalfalfa.com.ar\/noticias\/wp-content\/uploads\/2025\/09\/IMG_20250617_113448.jpg?resize=1024%2C771&#038;ssl=1\" srcset=\"https:\/\/i0.wp.com\/www.todoalfalfa.com.ar\/noticias\/wp-content\/uploads\/2025\/09\/IMG_20250617_113448-scaled.jpg?resize=1024%2C771&amp;ssl=1 1024w, https:\/\/i0.wp.com\/www.todoalfalfa.com.ar\/noticias\/wp-content\/uploads\/2025\/09\/IMG_20250617_113448-scaled.jpg?resize=300%2C226&amp;ssl=1 300w, https:\/\/i0.wp.com\/www.todoalfalfa.com.ar\/noticias\/wp-content\/uploads\/2025\/09\/IMG_20250617_113448-scaled.jpg?resize=768%2C578&amp;ssl=1 768w, https:\/\/i0.wp.com\/www.todoalfalfa.com.ar\/noticias\/wp-content\/uploads\/2025\/09\/IMG_20250617_113448-scaled.jpg?resize=1536%2C1157&amp;ssl=1 1536w, https:\/\/i0.wp.com\/www.todoalfalfa.com.ar\/noticias\/wp-content\/uploads\/2025\/09\/IMG_20250617_113448-scaled.jpg?resize=2048%2C1542&amp;ssl=1 2048w\" sizes=\"(max-width: 1000px) 100vw, 1000px\" \/><\/figure><\/li><\/ul><a class=\"wp-block-jetpack-slideshow_button-prev swiper-button-prev swiper-button-white\" role=\"button\"><\/a><a class=\"wp-block-jetpack-slideshow_button-next swiper-button-next swiper-button-white\" role=\"button\"><\/a><a aria-label=\"Pause Slideshow\" class=\"wp-block-jetpack-slideshow_button-pause\" role=\"button\"><\/a><div class=\"wp-block-jetpack-slideshow_pagination swiper-pagination swiper-pagination-white\"><\/div><\/div><\/div>\n\n\n\n<p>Justamente el mayor costo est\u00e1 en el alquiler de colmenas para la polinizaci\u00f3n (manejan entre 5 y 6 mil colmenas). Pero la baja humedad \u201cgarantiza una cosecha de semillas doradas y ri\u00f1onadas, perfectas para el mercado\u201d.<\/p>\n\n\n\n<p>Adem\u00e1s, destac\u00f3 que \u201cel \u00faltimo a\u00f1o, hemos experimentado un crecimiento explosivo en ventas, superando los logros de los 30 a\u00f1os anteriores\u201d.<\/p>\n\n\n\n<p><strong>La pasi\u00f3n por la alfalfa: Un legado familiar<\/strong><\/p>\n\n\n\n<p>Octavio es hijo del fundador de la empresa y asegura que continuar en el camino iniciado por su padre o fue un acto aislado; fue el resultado de una vida entera de aprendizaje en el campo. Mi padre siempre dec\u00eda que \u201cel campo da lo que uno le pone\u201d, y esa filosof\u00eda resuena en m\u00ed hasta hoy. No puedo imaginar dedicarme a otra cosa que no sea alfalfa.<\/p>\n\n\n\n<p>\u00abEsta pasi\u00f3n no solo es una elecci\u00f3n profesional, es parte de mi identidad. Veo la continuidad de la empresa como una forma de honrar su trabajo y, al mismo tiempo, de construir algo a\u00fan m\u00e1s grande\u00bb, remarc\u00f3.<\/p>\n\n\n\n<div class=\"wp-block-jetpack-slideshow aligncenter\" data-effect=\"slide\"><div class=\"wp-block-jetpack-slideshow_container swiper-container\"><ul class=\"wp-block-jetpack-slideshow_swiper-wrapper swiper-wrapper\"><li class=\"wp-block-jetpack-slideshow_slide swiper-slide\"><figure><img data-recalc-dims=\"1\" loading=\"lazy\" decoding=\"async\" width=\"1005\" height=\"894\" alt=\"\" class=\"wp-block-jetpack-slideshow_image wp-image-50229\" data-id=\"50229\" src=\"https:\/\/i0.wp.com\/www.todoalfalfa.com.ar\/noticias\/wp-content\/uploads\/2025\/09\/Captura-de-pantalla-2025-09-09-133314.png?resize=1005%2C894&#038;ssl=1\" srcset=\"https:\/\/i0.wp.com\/www.todoalfalfa.com.ar\/noticias\/wp-content\/uploads\/2025\/09\/Captura-de-pantalla-2025-09-09-133314.png?w=1005&amp;ssl=1 1005w, https:\/\/i0.wp.com\/www.todoalfalfa.com.ar\/noticias\/wp-content\/uploads\/2025\/09\/Captura-de-pantalla-2025-09-09-133314.png?resize=300%2C267&amp;ssl=1 300w, https:\/\/i0.wp.com\/www.todoalfalfa.com.ar\/noticias\/wp-content\/uploads\/2025\/09\/Captura-de-pantalla-2025-09-09-133314.png?resize=768%2C683&amp;ssl=1 768w\" sizes=\"(max-width: 1000px) 100vw, 1000px\" \/><figcaption class=\"wp-block-jetpack-slideshow_caption gallery-caption\">Octavio Dorgan<\/figcaption><\/figure><\/li><\/ul><a class=\"wp-block-jetpack-slideshow_button-prev swiper-button-prev swiper-button-white\" role=\"button\"><\/a><a class=\"wp-block-jetpack-slideshow_button-next swiper-button-next swiper-button-white\" role=\"button\"><\/a><a aria-label=\"Pause Slideshow\" class=\"wp-block-jetpack-slideshow_button-pause\" role=\"button\"><\/a><div class=\"wp-block-jetpack-slideshow_pagination swiper-pagination swiper-pagination-white\"><\/div><\/div><\/div>\n\n\n\n<p>\u201cHoy, estamos en una etapa de expansi\u00f3n; alquilamos nuevas hect\u00e1reas y formamos sociedades con otros productores para incrementar nuestra capacidad. Este enfoque colaborativo nos permite no solo crecer, sino tambi\u00e9n innovar en nuestros m\u00e9todos\u201d, asegur\u00f3.<\/p>\n\n\n\n<p>Al momento de realizar la nota los empleados de Dorgan Semillas realizaban el compactado de fardos que tendr\u00e1n destino internacional. Justamente la producci\u00f3n de ese momento viajar\u00eda a Dubai. \u201cTenemos un pedido inicial de tres contenedores con posibilidad de que sean 50\u201d, se ilusion\u00f3.<\/p>\n\n\n\n<p>Y aclar\u00f3 que \u201cno nos centramos en el volumen, nuestra estrategia se fundamenta en ofrecer un producto de alta calidad\u201d.<\/p>\n\n\n\n<p>La seriedad y la dedicaci\u00f3n son clave en nuestras negociaciones, especialmente cuando se trata de establecer relaciones con clientes como la familia real en Dub\u00e1i. \u201cCuando enviamos las muestras, la respuesta fue incre\u00edble\u201d, manifest\u00f3.<\/p>\n\n\n\n<p><strong>El producto lo manejamos nosotros&#8230;<\/strong><\/p>\n\n\n\n<p>\u201cNuestro eslogan, es nuestra calidad, y eso no se discute\u201d, asegura Octavio, y ante la competencia, dice: \u201ccada kilo de semilla que vendemos, lo producimos nosotros de punta a punta\u201d.<\/p>\n\n\n\n<p>\u201cDe principio a fin, al producto lo manejamos nosotros\u201d, concluy\u00f3.<\/p>\n<div class=\"todoalfalfa-final-de-la-nota\" id=\"todoalfalfa-1025646510\"><a href=\"https:\/\/www.whatsapp.com\/channel\/0029VbCBmFB9WtBxJsD3eC2i\" target=\"_blank\" aria-label=\"5\"><img src=\"https:\/\/i0.wp.com\/www.todoalfalfa.com.ar\/noticias\/wp-content\/uploads\/2026\/04\/5.gif?fit=728%2C90&#038;ssl=1\" alt=\"\"  width=\"728\" height=\"90\"   \/><\/a><\/div>","protected":false},"excerpt":{"rendered":"<p>Dorgan Semillas, trabaja un importante n\u00famero de hect\u00e1reas en San Juan, \u201centre melescas de soles, all\u00e1 en el parral\u201d,  y ampl\u00eda su producci\u00f3n a otras provincias. All\u00ed, la empresa que lidera Gustavo junto a sus hijos, produce semillas y alfalfa para exportar.<\/p>\n","protected":false},"author":9,"featured_media":49888,"comment_status":"closed","ping_status":"open","sticky":false,"template":"","format":"standard","meta":{"jetpack_post_was_ever_published":false,"_jetpack_newsletter_access":"","_jetpack_dont_email_post_to_subs":false,"_jetpack_newsletter_tier_id":0,"_jetpack_memberships_contains_paywalled_content":false,"_jetpack_memberships_contains_paid_content":false,"footnotes":""},"categories":[2],"tags":[31,105,1917,236,68,1659,21],"class_list":["post-50223","post","type-post","status-publish","format-standard","has-post-thumbnail","hentry","category-generales","tag-alfalfa","tag-argentina","tag-dorgan","tag-exportacion","tag-heno","tag-novedades","tag-produccion"],"yoast_head":"<!-- This site is optimized with the Yoast SEO plugin v25.5 - https:\/\/yoast.com\/wordpress\/plugins\/seo\/ -->\n<title>Alfalfa al pie de la cordillera\u2026<\/title>\n<meta name=\"robots\" content=\"index, follow, max-snippet:-1, max-image-preview:large, max-video-preview:-1\" \/>\n<link rel=\"canonical\" href=\"https:\/\/www.todoalfalfa.com.ar\/noticias\/alfalfa-al-pie-de-la-cordillera\/\" \/>\n<meta property=\"og:locale\" content=\"es_ES\" \/>\n<meta property=\"og:type\" content=\"article\" \/>\n<meta property=\"og:title\" content=\"Alfalfa al pie de la cordillera\u2026\" \/>\n<meta property=\"og:description\" content=\"Dorgan Semillas, trabaja un importante n\u00famero de hect\u00e1reas en San Juan, \u201centre melescas de soles, all\u00e1 en el parral\u201d, y ampl\u00eda su producci\u00f3n a otras provincias. All\u00ed, la empresa que lidera Gustavo junto a sus hijos, produce semillas y alfalfa para exportar.\" \/>\n<meta property=\"og:url\" content=\"https:\/\/www.todoalfalfa.com.ar\/noticias\/alfalfa-al-pie-de-la-cordillera\/\" \/>\n<meta property=\"og:site_name\" content=\"Todo Alfalfa\" \/>\n<meta property=\"article:publisher\" content=\"https:\/\/www.facebook.com\/todoalfalfa\" \/>\n<meta property=\"article:published_time\" content=\"2025-09-09T16:38:44+00:00\" \/>\n<meta property=\"article:modified_time\" content=\"2025-09-16T01:23:12+00:00\" \/>\n<meta property=\"og:image\" content=\"https:\/\/www.todoalfalfa.com.ar\/noticias\/wp-content\/uploads\/2025\/08\/carga-dorgan-7-scaled.jpg\" \/>\n\t<meta property=\"og:image:width\" content=\"2560\" \/>\n\t<meta property=\"og:image:height\" content=\"1440\" \/>\n\t<meta property=\"og:image:type\" content=\"image\/jpeg\" \/>\n<meta name=\"author\" content=\"Todo Alfalfa\" \/>\n<meta name=\"twitter:card\" content=\"summary_large_image\" \/>\n<meta name=\"twitter:label1\" content=\"Escrito por\" \/>\n\t<meta name=\"twitter:data1\" content=\"Todo Alfalfa\" \/>\n\t<meta name=\"twitter:label2\" content=\"Tiempo de lectura\" \/>\n\t<meta name=\"twitter:data2\" content=\"5 minutos\" \/>\n<script type=\"application\/ld+json\" class=\"yoast-schema-graph\">{\"@context\":\"https:\/\/schema.org\",\"@graph\":[{\"@type\":\"NewsArticle\",\"@id\":\"https:\/\/www.todoalfalfa.com.ar\/noticias\/alfalfa-al-pie-de-la-cordillera\/#article\",\"isPartOf\":{\"@id\":\"https:\/\/www.todoalfalfa.com.ar\/noticias\/alfalfa-al-pie-de-la-cordillera\/\"},\"author\":{\"name\":\"Todo Alfalfa\",\"@id\":\"https:\/\/www.todoalfalfa.com.ar\/noticias\/#\/schema\/person\/99de93cb711c7015ef658e5321ba9f18\"},\"headline\":\"Alfalfa al pie de la cordillera\u2026\",\"datePublished\":\"2025-09-09T16:38:44+00:00\",\"dateModified\":\"2025-09-16T01:23:12+00:00\",\"mainEntityOfPage\":{\"@id\":\"https:\/\/www.todoalfalfa.com.ar\/noticias\/alfalfa-al-pie-de-la-cordillera\/\"},\"wordCount\":750,\"publisher\":{\"@id\":\"https:\/\/www.todoalfalfa.com.ar\/noticias\/#organization\"},\"image\":{\"@id\":\"https:\/\/www.todoalfalfa.com.ar\/noticias\/alfalfa-al-pie-de-la-cordillera\/#primaryimage\"},\"thumbnailUrl\":\"https:\/\/i0.wp.com\/www.todoalfalfa.com.ar\/noticias\/wp-content\/uploads\/2025\/08\/carga-dorgan-7-scaled.jpg?fit=2560%2C1440&ssl=1\",\"keywords\":[\"alfalfa\",\"Argentina\",\"Dorgan\",\"exportaci\u00f3n\",\"heno\",\"Novedades\",\"producci\u00f3n\"],\"articleSection\":[\"Generales\"],\"inLanguage\":\"es\"},{\"@type\":[\"WebPage\",\"ItemPage\"],\"@id\":\"https:\/\/www.todoalfalfa.com.ar\/noticias\/alfalfa-al-pie-de-la-cordillera\/\",\"url\":\"https:\/\/www.todoalfalfa.com.ar\/noticias\/alfalfa-al-pie-de-la-cordillera\/\",\"name\":\"Alfalfa al pie de la cordillera\u2026\",\"isPartOf\":{\"@id\":\"https:\/\/www.todoalfalfa.com.ar\/noticias\/#website\"},\"primaryImageOfPage\":{\"@id\":\"https:\/\/www.todoalfalfa.com.ar\/noticias\/alfalfa-al-pie-de-la-cordillera\/#primaryimage\"},\"image\":{\"@id\":\"https:\/\/www.todoalfalfa.com.ar\/noticias\/alfalfa-al-pie-de-la-cordillera\/#primaryimage\"},\"thumbnailUrl\":\"https:\/\/i0.wp.com\/www.todoalfalfa.com.ar\/noticias\/wp-content\/uploads\/2025\/08\/carga-dorgan-7-scaled.jpg?fit=2560%2C1440&ssl=1\",\"datePublished\":\"2025-09-09T16:38:44+00:00\",\"dateModified\":\"2025-09-16T01:23:12+00:00\",\"breadcrumb\":{\"@id\":\"https:\/\/www.todoalfalfa.com.ar\/noticias\/alfalfa-al-pie-de-la-cordillera\/#breadcrumb\"},\"inLanguage\":\"es\",\"potentialAction\":[{\"@type\":\"ReadAction\",\"target\":[\"https:\/\/www.todoalfalfa.com.ar\/noticias\/alfalfa-al-pie-de-la-cordillera\/\"]}]},{\"@type\":\"ImageObject\",\"inLanguage\":\"es\",\"@id\":\"https:\/\/www.todoalfalfa.com.ar\/noticias\/alfalfa-al-pie-de-la-cordillera\/#primaryimage\",\"url\":\"https:\/\/i0.wp.com\/www.todoalfalfa.com.ar\/noticias\/wp-content\/uploads\/2025\/08\/carga-dorgan-7-scaled.jpg?fit=2560%2C1440&ssl=1\",\"contentUrl\":\"https:\/\/i0.wp.com\/www.todoalfalfa.com.ar\/noticias\/wp-content\/uploads\/2025\/08\/carga-dorgan-7-scaled.jpg?fit=2560%2C1440&ssl=1\",\"width\":2560,\"height\":1440},{\"@type\":\"BreadcrumbList\",\"@id\":\"https:\/\/www.todoalfalfa.com.ar\/noticias\/alfalfa-al-pie-de-la-cordillera\/#breadcrumb\",\"itemListElement\":[{\"@type\":\"ListItem\",\"position\":1,\"name\":\"Principal\",\"item\":\"https:\/\/www.todoalfalfa.com.ar\/noticias\/\"},{\"@type\":\"ListItem\",\"position\":2,\"name\":\"Alfalfa al pie de la cordillera\u2026\"}]},{\"@type\":\"WebSite\",\"@id\":\"https:\/\/www.todoalfalfa.com.ar\/noticias\/#website\",\"url\":\"https:\/\/www.todoalfalfa.com.ar\/noticias\/\",\"name\":\"Todo Alfalfa\",\"description\":\"Web informativa de la cadena de la alfalfa argentina\",\"publisher\":{\"@id\":\"https:\/\/www.todoalfalfa.com.ar\/noticias\/#organization\"},\"potentialAction\":[{\"@type\":\"SearchAction\",\"target\":{\"@type\":\"EntryPoint\",\"urlTemplate\":\"https:\/\/www.todoalfalfa.com.ar\/noticias\/?s={search_term_string}\"},\"query-input\":{\"@type\":\"PropertyValueSpecification\",\"valueRequired\":true,\"valueName\":\"search_term_string\"}}],\"inLanguage\":\"es\"},{\"@type\":\"Organization\",\"@id\":\"https:\/\/www.todoalfalfa.com.ar\/noticias\/#organization\",\"name\":\"Todo Alfalfa\",\"url\":\"https:\/\/www.todoalfalfa.com.ar\/noticias\/\",\"logo\":{\"@type\":\"ImageObject\",\"inLanguage\":\"es\",\"@id\":\"https:\/\/www.todoalfalfa.com.ar\/noticias\/#\/schema\/logo\/image\/\",\"url\":\"https:\/\/www.todoalfalfa.com.ar\/noticias\/wp-content\/uploads\/2020\/09\/logo-todo-alfalfa-modificado.png\",\"contentUrl\":\"https:\/\/www.todoalfalfa.com.ar\/noticias\/wp-content\/uploads\/2020\/09\/logo-todo-alfalfa-modificado.png\",\"width\":350,\"height\":100,\"caption\":\"Todo Alfalfa\"},\"image\":{\"@id\":\"https:\/\/www.todoalfalfa.com.ar\/noticias\/#\/schema\/logo\/image\/\"},\"sameAs\":[\"https:\/\/www.facebook.com\/todoalfalfa\",\"https:\/\/www.instagram.com\/todoalfalfa\",\"https:\/\/www.youtube.com\/@TodoAlfalfa\",\"https:\/\/www.linkedin.com\/company\/todoalfalfa\/\"]},{\"@type\":\"Person\",\"@id\":\"https:\/\/www.todoalfalfa.com.ar\/noticias\/#\/schema\/person\/99de93cb711c7015ef658e5321ba9f18\",\"name\":\"Todo Alfalfa\",\"image\":{\"@type\":\"ImageObject\",\"inLanguage\":\"es\",\"@id\":\"https:\/\/www.todoalfalfa.com.ar\/noticias\/#\/schema\/person\/image\/\",\"url\":\"https:\/\/secure.gravatar.com\/avatar\/50ffd12fb7b268bc2467160730786602db252a270c63104e7c19b5f67b8dd346?s=96&d=mm&r=g\",\"contentUrl\":\"https:\/\/secure.gravatar.com\/avatar\/50ffd12fb7b268bc2467160730786602db252a270c63104e7c19b5f67b8dd346?s=96&d=mm&r=g\",\"caption\":\"Todo Alfalfa\"},\"url\":\"https:\/\/www.todoalfalfa.com.ar\/noticias\/author\/osvaldoiachetta\/\"}]}<\/script>\n<!-- \/ Yoast SEO plugin. -->","yoast_head_json":{"title":"Alfalfa al pie de la cordillera\u2026","robots":{"index":"index","follow":"follow","max-snippet":"max-snippet:-1","max-image-preview":"max-image-preview:large","max-video-preview":"max-video-preview:-1"},"canonical":"https:\/\/www.todoalfalfa.com.ar\/noticias\/alfalfa-al-pie-de-la-cordillera\/","og_locale":"es_ES","og_type":"article","og_title":"Alfalfa al pie de la cordillera\u2026","og_description":"Dorgan Semillas, trabaja un importante n\u00famero de hect\u00e1reas en San Juan, \u201centre melescas de soles, all\u00e1 en el parral\u201d, y ampl\u00eda su producci\u00f3n a otras provincias. All\u00ed, la empresa que lidera Gustavo junto a sus hijos, produce semillas y alfalfa para exportar.","og_url":"https:\/\/www.todoalfalfa.com.ar\/noticias\/alfalfa-al-pie-de-la-cordillera\/","og_site_name":"Todo Alfalfa","article_publisher":"https:\/\/www.facebook.com\/todoalfalfa","article_published_time":"2025-09-09T16:38:44+00:00","article_modified_time":"2025-09-16T01:23:12+00:00","og_image":[{"width":2560,"height":1440,"url":"https:\/\/www.todoalfalfa.com.ar\/noticias\/wp-content\/uploads\/2025\/08\/carga-dorgan-7-scaled.jpg","type":"image\/jpeg"}],"author":"Todo Alfalfa","twitter_card":"summary_large_image","twitter_misc":{"Escrito por":"Todo Alfalfa","Tiempo de lectura":"5 minutos"},"schema":{"@context":"https:\/\/schema.org","@graph":[{"@type":"NewsArticle","@id":"https:\/\/www.todoalfalfa.com.ar\/noticias\/alfalfa-al-pie-de-la-cordillera\/#article","isPartOf":{"@id":"https:\/\/www.todoalfalfa.com.ar\/noticias\/alfalfa-al-pie-de-la-cordillera\/"},"author":{"name":"Todo Alfalfa","@id":"https:\/\/www.todoalfalfa.com.ar\/noticias\/#\/schema\/person\/99de93cb711c7015ef658e5321ba9f18"},"headline":"Alfalfa al pie de la cordillera\u2026","datePublished":"2025-09-09T16:38:44+00:00","dateModified":"2025-09-16T01:23:12+00:00","mainEntityOfPage":{"@id":"https:\/\/www.todoalfalfa.com.ar\/noticias\/alfalfa-al-pie-de-la-cordillera\/"},"wordCount":750,"publisher":{"@id":"https:\/\/www.todoalfalfa.com.ar\/noticias\/#organization"},"image":{"@id":"https:\/\/www.todoalfalfa.com.ar\/noticias\/alfalfa-al-pie-de-la-cordillera\/#primaryimage"},"thumbnailUrl":"https:\/\/i0.wp.com\/www.todoalfalfa.com.ar\/noticias\/wp-content\/uploads\/2025\/08\/carga-dorgan-7-scaled.jpg?fit=2560%2C1440&ssl=1","keywords":["alfalfa","Argentina","Dorgan","exportaci\u00f3n","heno","Novedades","producci\u00f3n"],"articleSection":["Generales"],"inLanguage":"es"},{"@type":["WebPage","ItemPage"],"@id":"https:\/\/www.todoalfalfa.com.ar\/noticias\/alfalfa-al-pie-de-la-cordillera\/","url":"https:\/\/www.todoalfalfa.com.ar\/noticias\/alfalfa-al-pie-de-la-cordillera\/","name":"Alfalfa al pie de la cordillera\u2026","isPartOf":{"@id":"https:\/\/www.todoalfalfa.com.ar\/noticias\/#website"},"primaryImageOfPage":{"@id":"https:\/\/www.todoalfalfa.com.ar\/noticias\/alfalfa-al-pie-de-la-cordillera\/#primaryimage"},"image":{"@id":"https:\/\/www.todoalfalfa.com.ar\/noticias\/alfalfa-al-pie-de-la-cordillera\/#primaryimage"},"thumbnailUrl":"https:\/\/i0.wp.com\/www.todoalfalfa.com.ar\/noticias\/wp-content\/uploads\/2025\/08\/carga-dorgan-7-scaled.jpg?fit=2560%2C1440&ssl=1","datePublished":"2025-09-09T16:38:44+00:00","dateModified":"2025-09-16T01:23:12+00:00","breadcrumb":{"@id":"https:\/\/www.todoalfalfa.com.ar\/noticias\/alfalfa-al-pie-de-la-cordillera\/#breadcrumb"},"inLanguage":"es","potentialAction":[{"@type":"ReadAction","target":["https:\/\/www.todoalfalfa.com.ar\/noticias\/alfalfa-al-pie-de-la-cordillera\/"]}]},{"@type":"ImageObject","inLanguage":"es","@id":"https:\/\/www.todoalfalfa.com.ar\/noticias\/alfalfa-al-pie-de-la-cordillera\/#primaryimage","url":"https:\/\/i0.wp.com\/www.todoalfalfa.com.ar\/noticias\/wp-content\/uploads\/2025\/08\/carga-dorgan-7-scaled.jpg?fit=2560%2C1440&ssl=1","contentUrl":"https:\/\/i0.wp.com\/www.todoalfalfa.com.ar\/noticias\/wp-content\/uploads\/2025\/08\/carga-dorgan-7-scaled.jpg?fit=2560%2C1440&ssl=1","width":2560,"height":1440},{"@type":"BreadcrumbList","@id":"https:\/\/www.todoalfalfa.com.ar\/noticias\/alfalfa-al-pie-de-la-cordillera\/#breadcrumb","itemListElement":[{"@type":"ListItem","position":1,"name":"Principal","item":"https:\/\/www.todoalfalfa.com.ar\/noticias\/"},{"@type":"ListItem","position":2,"name":"Alfalfa al pie de la cordillera\u2026"}]},{"@type":"WebSite","@id":"https:\/\/www.todoalfalfa.com.ar\/noticias\/#website","url":"https:\/\/www.todoalfalfa.com.ar\/noticias\/","name":"Todo Alfalfa","description":"Web informativa de la cadena de la alfalfa argentina","publisher":{"@id":"https:\/\/www.todoalfalfa.com.ar\/noticias\/#organization"},"potentialAction":[{"@type":"SearchAction","target":{"@type":"EntryPoint","urlTemplate":"https:\/\/www.todoalfalfa.com.ar\/noticias\/?s={search_term_string}"},"query-input":{"@type":"PropertyValueSpecification","valueRequired":true,"valueName":"search_term_string"}}],"inLanguage":"es"},{"@type":"Organization","@id":"https:\/\/www.todoalfalfa.com.ar\/noticias\/#organization","name":"Todo Alfalfa","url":"https:\/\/www.todoalfalfa.com.ar\/noticias\/","logo":{"@type":"ImageObject","inLanguage":"es","@id":"https:\/\/www.todoalfalfa.com.ar\/noticias\/#\/schema\/logo\/image\/","url":"https:\/\/www.todoalfalfa.com.ar\/noticias\/wp-content\/uploads\/2020\/09\/logo-todo-alfalfa-modificado.png","contentUrl":"https:\/\/www.todoalfalfa.com.ar\/noticias\/wp-content\/uploads\/2020\/09\/logo-todo-alfalfa-modificado.png","width":350,"height":100,"caption":"Todo Alfalfa"},"image":{"@id":"https:\/\/www.todoalfalfa.com.ar\/noticias\/#\/schema\/logo\/image\/"},"sameAs":["https:\/\/www.facebook.com\/todoalfalfa","https:\/\/www.instagram.com\/todoalfalfa","https:\/\/www.youtube.com\/@TodoAlfalfa","https:\/\/www.linkedin.com\/company\/todoalfalfa\/"]},{"@type":"Person","@id":"https:\/\/www.todoalfalfa.com.ar\/noticias\/#\/schema\/person\/99de93cb711c7015ef658e5321ba9f18","name":"Todo Alfalfa","image":{"@type":"ImageObject","inLanguage":"es","@id":"https:\/\/www.todoalfalfa.com.ar\/noticias\/#\/schema\/person\/image\/","url":"https:\/\/secure.gravatar.com\/avatar\/50ffd12fb7b268bc2467160730786602db252a270c63104e7c19b5f67b8dd346?s=96&d=mm&r=g","contentUrl":"https:\/\/secure.gravatar.com\/avatar\/50ffd12fb7b268bc2467160730786602db252a270c63104e7c19b5f67b8dd346?s=96&d=mm&r=g","caption":"Todo Alfalfa"},"url":"https:\/\/www.todoalfalfa.com.ar\/noticias\/author\/osvaldoiachetta\/"}]}},"jetpack_featured_media_url":"https:\/\/i0.wp.com\/www.todoalfalfa.com.ar\/noticias\/wp-content\/uploads\/2025\/08\/carga-dorgan-7-scaled.jpg?fit=2560%2C1440&ssl=1","wps_subtitle":"","jetpack_sharing_enabled":true,"_links":{"self":[{"href":"https:\/\/www.todoalfalfa.com.ar\/noticias\/wp-json\/wp\/v2\/posts\/50223","targetHints":{"allow":["GET"]}}],"collection":[{"href":"https:\/\/www.todoalfalfa.com.ar\/noticias\/wp-json\/wp\/v2\/posts"}],"about":[{"href":"https:\/\/www.todoalfalfa.com.ar\/noticias\/wp-json\/wp\/v2\/types\/post"}],"author":[{"embeddable":true,"href":"https:\/\/www.todoalfalfa.com.ar\/noticias\/wp-json\/wp\/v2\/users\/9"}],"replies":[{"embeddable":true,"href":"https:\/\/www.todoalfalfa.com.ar\/noticias\/wp-json\/wp\/v2\/comments?post=50223"}],"version-history":[{"count":2,"href":"https:\/\/www.todoalfalfa.com.ar\/noticias\/wp-json\/wp\/v2\/posts\/50223\/revisions"}],"predecessor-version":[{"id":50428,"href":"https:\/\/www.todoalfalfa.com.ar\/noticias\/wp-json\/wp\/v2\/posts\/50223\/revisions\/50428"}],"wp:featuredmedia":[{"embeddable":true,"href":"https:\/\/www.todoalfalfa.com.ar\/noticias\/wp-json\/wp\/v2\/media\/49888"}],"wp:attachment":[{"href":"https:\/\/www.todoalfalfa.com.ar\/noticias\/wp-json\/wp\/v2\/media?parent=50223"}],"wp:term":[{"taxonomy":"category","embeddable":true,"href":"https:\/\/www.todoalfalfa.com.ar\/noticias\/wp-json\/wp\/v2\/categories?post=50223"},{"taxonomy":"post_tag","embeddable":true,"href":"https:\/\/www.todoalfalfa.com.ar\/noticias\/wp-json\/wp\/v2\/tags?post=50223"}],"curies":[{"name":"wp","href":"https:\/\/api.w.org\/{rel}","templated":true}]}}