{"id":50270,"date":"2025-09-11T11:21:28","date_gmt":"2025-09-11T14:21:28","guid":{"rendered":"https:\/\/www.todoalfalfa.com.ar\/noticias\/?p=50270"},"modified":"2025-09-12T08:10:08","modified_gmt":"2025-09-12T11:10:08","slug":"la-alfalfa-tenira-de-lila-pozo-del-molle-y-carrilobo","status":"publish","type":"post","link":"https:\/\/www.todoalfalfa.com.ar\/noticias\/la-alfalfa-tenira-de-lila-pozo-del-molle-y-carrilobo\/","title":{"rendered":"La alfalfa te\u00f1ir\u00e1 de lila Pozo del Molle y Carrilobo"},"content":{"rendered":"\n<p>El pr\u00f3ximo 15 y 16 de octubre en la localidad de Pozo del Molle y Carrilobo se llevar\u00e1 a cabo ExpoAlfa C\u00f3rdoba, una edici\u00f3n con mil asistentes alfalferos calificados. Durante estos dos d\u00edas se desarrollar\u00e1 una intensa agenda para poner a la reina de las forrajeras en el centro de la escena.<\/p>\n\n\n\n<p>Habr\u00e1 Jornadas Nacionales de Alfalfa, Exposici\u00f3n est\u00e1tica, Din\u00e1mica de maquinarias forrajeras, Avenida de innovaciones, Ronda de Negocios, Mesa de proyectos y financiamiento. En ese marco, dialogamos con los intendentes de las localidades donde la alfalfa estar\u00e1 en acci\u00f3n.<\/p>\n\n\n\n<div class=\"wp-block-jetpack-slideshow aligncenter\" data-effect=\"slide\" style=\"--aspect-ratio:calc(1024 \/ 461)\"><div class=\"wp-block-jetpack-slideshow_container swiper-container\"><ul class=\"wp-block-jetpack-slideshow_swiper-wrapper swiper-wrapper\"><li class=\"wp-block-jetpack-slideshow_slide swiper-slide\"><figure><img data-recalc-dims=\"1\" fetchpriority=\"high\" decoding=\"async\" width=\"1024\" height=\"461\" alt=\"\" class=\"wp-block-jetpack-slideshow_image wp-image-50279\" data-id=\"50279\" data-aspect-ratio=\"1024 \/ 461\" src=\"https:\/\/i0.wp.com\/www.todoalfalfa.com.ar\/noticias\/wp-content\/uploads\/2025\/09\/20241114_101105-1.jpg?resize=1024%2C461&#038;ssl=1\" srcset=\"https:\/\/i0.wp.com\/www.todoalfalfa.com.ar\/noticias\/wp-content\/uploads\/2025\/09\/20241114_101105-1-scaled.jpg?resize=1024%2C461&amp;ssl=1 1024w, https:\/\/i0.wp.com\/www.todoalfalfa.com.ar\/noticias\/wp-content\/uploads\/2025\/09\/20241114_101105-1-scaled.jpg?resize=300%2C135&amp;ssl=1 300w, https:\/\/i0.wp.com\/www.todoalfalfa.com.ar\/noticias\/wp-content\/uploads\/2025\/09\/20241114_101105-1-scaled.jpg?resize=768%2C346&amp;ssl=1 768w, https:\/\/i0.wp.com\/www.todoalfalfa.com.ar\/noticias\/wp-content\/uploads\/2025\/09\/20241114_101105-1-scaled.jpg?resize=1536%2C691&amp;ssl=1 1536w, https:\/\/i0.wp.com\/www.todoalfalfa.com.ar\/noticias\/wp-content\/uploads\/2025\/09\/20241114_101105-1-scaled.jpg?resize=2048%2C922&amp;ssl=1 2048w\" sizes=\"(max-width: 1000px) 100vw, 1000px\" \/><figcaption class=\"wp-block-jetpack-slideshow_caption gallery-caption\">Jornadas nacionales de alfalfa en Esperanza<\/figcaption><\/figure><\/li><li class=\"wp-block-jetpack-slideshow_slide swiper-slide\"><figure><img data-recalc-dims=\"1\" decoding=\"async\" width=\"1024\" height=\"577\" alt=\"\" class=\"wp-block-jetpack-slideshow_image wp-image-50282\" data-id=\"50282\" data-aspect-ratio=\"1024 \/ 577\" src=\"https:\/\/i0.wp.com\/www.todoalfalfa.com.ar\/noticias\/wp-content\/uploads\/2025\/09\/20241113_121205-1.jpg?resize=1024%2C577&#038;ssl=1\" srcset=\"https:\/\/i0.wp.com\/www.todoalfalfa.com.ar\/noticias\/wp-content\/uploads\/2025\/09\/20241113_121205-1-scaled.jpg?resize=1024%2C577&amp;ssl=1 1024w, https:\/\/i0.wp.com\/www.todoalfalfa.com.ar\/noticias\/wp-content\/uploads\/2025\/09\/20241113_121205-1-scaled.jpg?resize=300%2C169&amp;ssl=1 300w, https:\/\/i0.wp.com\/www.todoalfalfa.com.ar\/noticias\/wp-content\/uploads\/2025\/09\/20241113_121205-1-scaled.jpg?resize=768%2C432&amp;ssl=1 768w, https:\/\/i0.wp.com\/www.todoalfalfa.com.ar\/noticias\/wp-content\/uploads\/2025\/09\/20241113_121205-1-scaled.jpg?resize=1536%2C865&amp;ssl=1 1536w, https:\/\/i0.wp.com\/www.todoalfalfa.com.ar\/noticias\/wp-content\/uploads\/2025\/09\/20241113_121205-1-scaled.jpg?resize=2048%2C1153&amp;ssl=1 2048w, https:\/\/i0.wp.com\/www.todoalfalfa.com.ar\/noticias\/wp-content\/uploads\/2025\/09\/20241113_121205-1-scaled.jpg?resize=777%2C437&amp;ssl=1 777w, https:\/\/i0.wp.com\/www.todoalfalfa.com.ar\/noticias\/wp-content\/uploads\/2025\/09\/20241113_121205-1-scaled.jpg?resize=180%2C101&amp;ssl=1 180w, https:\/\/i0.wp.com\/www.todoalfalfa.com.ar\/noticias\/wp-content\/uploads\/2025\/09\/20241113_121205-1-scaled.jpg?resize=260%2C146&amp;ssl=1 260w, https:\/\/i0.wp.com\/www.todoalfalfa.com.ar\/noticias\/wp-content\/uploads\/2025\/09\/20241113_121205-1-scaled.jpg?resize=373%2C210&amp;ssl=1 373w, https:\/\/i0.wp.com\/www.todoalfalfa.com.ar\/noticias\/wp-content\/uploads\/2025\/09\/20241113_121205-1-scaled.jpg?resize=120%2C67&amp;ssl=1 120w\" sizes=\"(max-width: 1000px) 100vw, 1000px\" \/><figcaption class=\"wp-block-jetpack-slideshow_caption gallery-caption\">Jornadas nacionales de alfalfa en Esperanza<\/figcaption><\/figure><\/li><li class=\"wp-block-jetpack-slideshow_slide swiper-slide\"><figure><img data-recalc-dims=\"1\" decoding=\"async\" width=\"1024\" height=\"768\" alt=\"\" class=\"wp-block-jetpack-slideshow_image wp-image-50275\" data-id=\"50275\" data-aspect-ratio=\"1024 \/ 768\" src=\"https:\/\/i0.wp.com\/www.todoalfalfa.com.ar\/noticias\/wp-content\/uploads\/2025\/09\/20250527_105129-1.jpg?resize=1024%2C768&#038;ssl=1\" srcset=\"https:\/\/i0.wp.com\/www.todoalfalfa.com.ar\/noticias\/wp-content\/uploads\/2025\/09\/20250527_105129-1-scaled.jpg?resize=1024%2C768&amp;ssl=1 1024w, https:\/\/i0.wp.com\/www.todoalfalfa.com.ar\/noticias\/wp-content\/uploads\/2025\/09\/20250527_105129-1-scaled.jpg?resize=300%2C225&amp;ssl=1 300w, https:\/\/i0.wp.com\/www.todoalfalfa.com.ar\/noticias\/wp-content\/uploads\/2025\/09\/20250527_105129-1-scaled.jpg?resize=768%2C576&amp;ssl=1 768w, https:\/\/i0.wp.com\/www.todoalfalfa.com.ar\/noticias\/wp-content\/uploads\/2025\/09\/20250527_105129-1-scaled.jpg?resize=1536%2C1152&amp;ssl=1 1536w, https:\/\/i0.wp.com\/www.todoalfalfa.com.ar\/noticias\/wp-content\/uploads\/2025\/09\/20250527_105129-1-scaled.jpg?resize=2048%2C1536&amp;ssl=1 2048w\" sizes=\"(max-width: 1000px) 100vw, 1000px\" \/><figcaption class=\"wp-block-jetpack-slideshow_caption gallery-caption\">Jornadas nacionales de alfalfa en Patagonia Norte <\/figcaption><\/figure><\/li><\/ul><a class=\"wp-block-jetpack-slideshow_button-prev swiper-button-prev swiper-button-white\" role=\"button\"><\/a><a class=\"wp-block-jetpack-slideshow_button-next swiper-button-next swiper-button-white\" role=\"button\"><\/a><a aria-label=\"Pause Slideshow\" class=\"wp-block-jetpack-slideshow_button-pause\" role=\"button\"><\/a><div class=\"wp-block-jetpack-slideshow_pagination swiper-pagination swiper-pagination-white\"><\/div><\/div><\/div>\n\n\n\n<p>En primer lugar, Fernando Ruiz D\u00edaz, intendente de Pozo del Molle, remarc\u00f3 que \u201cpara la comunidad es muy importante este tipo de evento porque realmente nos sirve a nosotros para mostrar todo lo que se hace aqu\u00ed en Pozo del Molle y en la regi\u00f3n\u201d.&nbsp;<\/p>\n\n\n\n<p>Las empresas y el sector alfalfero podr\u00e1n mostrar todo el desarrollo que permite la alfalfa, por eso \u201cpara nuestra gesti\u00f3n es muy importante estar al lado del productor, estar al lado del empresario, porque es muy necesario dinamizar de una forma la econom\u00eda local y regional\u201d.<\/p>\n\n\n\n<div class=\"wp-block-jetpack-slideshow aligncenter\" data-effect=\"slide\" style=\"--aspect-ratio:calc(1024 \/ 577)\"><div class=\"wp-block-jetpack-slideshow_container swiper-container\"><ul class=\"wp-block-jetpack-slideshow_swiper-wrapper swiper-wrapper\"><li class=\"wp-block-jetpack-slideshow_slide swiper-slide\"><figure><img data-recalc-dims=\"1\" loading=\"lazy\" decoding=\"async\" width=\"1024\" height=\"577\" alt=\"\" class=\"wp-block-jetpack-slideshow_image wp-image-50278\" data-id=\"50278\" data-aspect-ratio=\"1024 \/ 577\" src=\"https:\/\/i0.wp.com\/www.todoalfalfa.com.ar\/noticias\/wp-content\/uploads\/2025\/09\/20241114_111538-1.jpg?resize=1024%2C577&#038;ssl=1\" srcset=\"https:\/\/i0.wp.com\/www.todoalfalfa.com.ar\/noticias\/wp-content\/uploads\/2025\/09\/20241114_111538-1-scaled.jpg?resize=1024%2C577&amp;ssl=1 1024w, https:\/\/i0.wp.com\/www.todoalfalfa.com.ar\/noticias\/wp-content\/uploads\/2025\/09\/20241114_111538-1-scaled.jpg?resize=300%2C169&amp;ssl=1 300w, https:\/\/i0.wp.com\/www.todoalfalfa.com.ar\/noticias\/wp-content\/uploads\/2025\/09\/20241114_111538-1-scaled.jpg?resize=768%2C432&amp;ssl=1 768w, https:\/\/i0.wp.com\/www.todoalfalfa.com.ar\/noticias\/wp-content\/uploads\/2025\/09\/20241114_111538-1-scaled.jpg?resize=1536%2C865&amp;ssl=1 1536w, https:\/\/i0.wp.com\/www.todoalfalfa.com.ar\/noticias\/wp-content\/uploads\/2025\/09\/20241114_111538-1-scaled.jpg?resize=2048%2C1153&amp;ssl=1 2048w, https:\/\/i0.wp.com\/www.todoalfalfa.com.ar\/noticias\/wp-content\/uploads\/2025\/09\/20241114_111538-1-scaled.jpg?resize=777%2C437&amp;ssl=1 777w, https:\/\/i0.wp.com\/www.todoalfalfa.com.ar\/noticias\/wp-content\/uploads\/2025\/09\/20241114_111538-1-scaled.jpg?resize=180%2C101&amp;ssl=1 180w, https:\/\/i0.wp.com\/www.todoalfalfa.com.ar\/noticias\/wp-content\/uploads\/2025\/09\/20241114_111538-1-scaled.jpg?resize=260%2C146&amp;ssl=1 260w, https:\/\/i0.wp.com\/www.todoalfalfa.com.ar\/noticias\/wp-content\/uploads\/2025\/09\/20241114_111538-1-scaled.jpg?resize=373%2C210&amp;ssl=1 373w, https:\/\/i0.wp.com\/www.todoalfalfa.com.ar\/noticias\/wp-content\/uploads\/2025\/09\/20241114_111538-1-scaled.jpg?resize=120%2C67&amp;ssl=1 120w\" sizes=\"(max-width: 1000px) 100vw, 1000px\" \/><figcaption class=\"wp-block-jetpack-slideshow_caption gallery-caption\">Muestra est\u00e1tica &#8211; ExpoAlfa (2024)<\/figcaption><\/figure><\/li><li class=\"wp-block-jetpack-slideshow_slide swiper-slide\"><figure><img data-recalc-dims=\"1\" loading=\"lazy\" decoding=\"async\" width=\"1024\" height=\"576\" alt=\"\" class=\"wp-block-jetpack-slideshow_image wp-image-50272\" data-id=\"50272\" data-aspect-ratio=\"1024 \/ 576\" src=\"https:\/\/i0.wp.com\/www.todoalfalfa.com.ar\/noticias\/wp-content\/uploads\/2025\/09\/IMG-20250529-WA0154-1.jpg?resize=1024%2C576&#038;ssl=1\" srcset=\"https:\/\/i0.wp.com\/www.todoalfalfa.com.ar\/noticias\/wp-content\/uploads\/2025\/09\/IMG-20250529-WA0154-1.jpg?resize=1024%2C576&amp;ssl=1 1024w, https:\/\/i0.wp.com\/www.todoalfalfa.com.ar\/noticias\/wp-content\/uploads\/2025\/09\/IMG-20250529-WA0154-1.jpg?resize=300%2C169&amp;ssl=1 300w, https:\/\/i0.wp.com\/www.todoalfalfa.com.ar\/noticias\/wp-content\/uploads\/2025\/09\/IMG-20250529-WA0154-1.jpg?resize=768%2C432&amp;ssl=1 768w, https:\/\/i0.wp.com\/www.todoalfalfa.com.ar\/noticias\/wp-content\/uploads\/2025\/09\/IMG-20250529-WA0154-1.jpg?resize=1536%2C864&amp;ssl=1 1536w, https:\/\/i0.wp.com\/www.todoalfalfa.com.ar\/noticias\/wp-content\/uploads\/2025\/09\/IMG-20250529-WA0154-1.jpg?resize=777%2C437&amp;ssl=1 777w, https:\/\/i0.wp.com\/www.todoalfalfa.com.ar\/noticias\/wp-content\/uploads\/2025\/09\/IMG-20250529-WA0154-1.jpg?resize=180%2C101&amp;ssl=1 180w, https:\/\/i0.wp.com\/www.todoalfalfa.com.ar\/noticias\/wp-content\/uploads\/2025\/09\/IMG-20250529-WA0154-1.jpg?resize=260%2C146&amp;ssl=1 260w, https:\/\/i0.wp.com\/www.todoalfalfa.com.ar\/noticias\/wp-content\/uploads\/2025\/09\/IMG-20250529-WA0154-1.jpg?resize=373%2C210&amp;ssl=1 373w, https:\/\/i0.wp.com\/www.todoalfalfa.com.ar\/noticias\/wp-content\/uploads\/2025\/09\/IMG-20250529-WA0154-1.jpg?resize=120%2C67&amp;ssl=1 120w, https:\/\/i0.wp.com\/www.todoalfalfa.com.ar\/noticias\/wp-content\/uploads\/2025\/09\/IMG-20250529-WA0154-1.jpg?w=1600&amp;ssl=1 1600w\" sizes=\"(max-width: 1000px) 100vw, 1000px\" \/><figcaption class=\"wp-block-jetpack-slideshow_caption gallery-caption\">Muestra est\u00e1tica &#8211; ExpoAlfa Patagonia Norte (2025)<\/figcaption><\/figure><\/li><li class=\"wp-block-jetpack-slideshow_slide swiper-slide\"><figure><img data-recalc-dims=\"1\" loading=\"lazy\" decoding=\"async\" width=\"768\" height=\"1024\" alt=\"\" class=\"wp-block-jetpack-slideshow_image wp-image-50274\" data-id=\"50274\" data-aspect-ratio=\"768 \/ 1024\" src=\"https:\/\/i0.wp.com\/www.todoalfalfa.com.ar\/noticias\/wp-content\/uploads\/2025\/09\/20250527_133753-1.jpg?resize=768%2C1024&#038;ssl=1\" srcset=\"https:\/\/i0.wp.com\/www.todoalfalfa.com.ar\/noticias\/wp-content\/uploads\/2025\/09\/20250527_133753-1-scaled.jpg?resize=768%2C1024&amp;ssl=1 768w, https:\/\/i0.wp.com\/www.todoalfalfa.com.ar\/noticias\/wp-content\/uploads\/2025\/09\/20250527_133753-1-scaled.jpg?resize=225%2C300&amp;ssl=1 225w, https:\/\/i0.wp.com\/www.todoalfalfa.com.ar\/noticias\/wp-content\/uploads\/2025\/09\/20250527_133753-1-scaled.jpg?resize=1152%2C1536&amp;ssl=1 1152w, https:\/\/i0.wp.com\/www.todoalfalfa.com.ar\/noticias\/wp-content\/uploads\/2025\/09\/20250527_133753-1-scaled.jpg?resize=1536%2C2048&amp;ssl=1 1536w, https:\/\/i0.wp.com\/www.todoalfalfa.com.ar\/noticias\/wp-content\/uploads\/2025\/09\/20250527_133753-1-scaled.jpg?w=1920&amp;ssl=1 1920w\" sizes=\"(max-width: 768px) 100vw, 768px\" \/><figcaption class=\"wp-block-jetpack-slideshow_caption gallery-caption\">Avenida de Innnovaciones &#8211; ExpoAlfa Patagonia Norte (2025)<\/figcaption><\/figure><\/li><li class=\"wp-block-jetpack-slideshow_slide swiper-slide\"><figure><img data-recalc-dims=\"1\" loading=\"lazy\" decoding=\"async\" width=\"1024\" height=\"768\" alt=\"\" class=\"wp-block-jetpack-slideshow_image wp-image-50273\" data-id=\"50273\" data-aspect-ratio=\"1024 \/ 768\" src=\"https:\/\/i0.wp.com\/www.todoalfalfa.com.ar\/noticias\/wp-content\/uploads\/2025\/09\/20250527_133946-1.jpg?resize=1024%2C768&#038;ssl=1\" srcset=\"https:\/\/i0.wp.com\/www.todoalfalfa.com.ar\/noticias\/wp-content\/uploads\/2025\/09\/20250527_133946-1-scaled.jpg?resize=1024%2C768&amp;ssl=1 1024w, https:\/\/i0.wp.com\/www.todoalfalfa.com.ar\/noticias\/wp-content\/uploads\/2025\/09\/20250527_133946-1-scaled.jpg?resize=300%2C225&amp;ssl=1 300w, https:\/\/i0.wp.com\/www.todoalfalfa.com.ar\/noticias\/wp-content\/uploads\/2025\/09\/20250527_133946-1-scaled.jpg?resize=768%2C576&amp;ssl=1 768w, https:\/\/i0.wp.com\/www.todoalfalfa.com.ar\/noticias\/wp-content\/uploads\/2025\/09\/20250527_133946-1-scaled.jpg?resize=1536%2C1152&amp;ssl=1 1536w, https:\/\/i0.wp.com\/www.todoalfalfa.com.ar\/noticias\/wp-content\/uploads\/2025\/09\/20250527_133946-1-scaled.jpg?resize=2048%2C1536&amp;ssl=1 2048w\" sizes=\"(max-width: 1000px) 100vw, 1000px\" \/><figcaption class=\"wp-block-jetpack-slideshow_caption gallery-caption\">Avenida de Innnovaciones &#8211; ExpoAlfa Patagonia Norte (2025)<\/figcaption><\/figure><\/li><li class=\"wp-block-jetpack-slideshow_slide swiper-slide\"><figure><img data-recalc-dims=\"1\" loading=\"lazy\" decoding=\"async\" width=\"1024\" height=\"577\" alt=\"\" class=\"wp-block-jetpack-slideshow_image wp-image-50280\" data-id=\"50280\" data-aspect-ratio=\"1024 \/ 577\" src=\"https:\/\/i0.wp.com\/www.todoalfalfa.com.ar\/noticias\/wp-content\/uploads\/2025\/09\/20241113_182141-1.jpg?resize=1024%2C577&#038;ssl=1\" srcset=\"https:\/\/i0.wp.com\/www.todoalfalfa.com.ar\/noticias\/wp-content\/uploads\/2025\/09\/20241113_182141-1-scaled.jpg?resize=1024%2C577&amp;ssl=1 1024w, https:\/\/i0.wp.com\/www.todoalfalfa.com.ar\/noticias\/wp-content\/uploads\/2025\/09\/20241113_182141-1-scaled.jpg?resize=300%2C169&amp;ssl=1 300w, https:\/\/i0.wp.com\/www.todoalfalfa.com.ar\/noticias\/wp-content\/uploads\/2025\/09\/20241113_182141-1-scaled.jpg?resize=768%2C432&amp;ssl=1 768w, https:\/\/i0.wp.com\/www.todoalfalfa.com.ar\/noticias\/wp-content\/uploads\/2025\/09\/20241113_182141-1-scaled.jpg?resize=1536%2C865&amp;ssl=1 1536w, https:\/\/i0.wp.com\/www.todoalfalfa.com.ar\/noticias\/wp-content\/uploads\/2025\/09\/20241113_182141-1-scaled.jpg?resize=2048%2C1153&amp;ssl=1 2048w, https:\/\/i0.wp.com\/www.todoalfalfa.com.ar\/noticias\/wp-content\/uploads\/2025\/09\/20241113_182141-1-scaled.jpg?resize=777%2C437&amp;ssl=1 777w, https:\/\/i0.wp.com\/www.todoalfalfa.com.ar\/noticias\/wp-content\/uploads\/2025\/09\/20241113_182141-1-scaled.jpg?resize=180%2C101&amp;ssl=1 180w, https:\/\/i0.wp.com\/www.todoalfalfa.com.ar\/noticias\/wp-content\/uploads\/2025\/09\/20241113_182141-1-scaled.jpg?resize=260%2C146&amp;ssl=1 260w, https:\/\/i0.wp.com\/www.todoalfalfa.com.ar\/noticias\/wp-content\/uploads\/2025\/09\/20241113_182141-1-scaled.jpg?resize=373%2C210&amp;ssl=1 373w, https:\/\/i0.wp.com\/www.todoalfalfa.com.ar\/noticias\/wp-content\/uploads\/2025\/09\/20241113_182141-1-scaled.jpg?resize=120%2C67&amp;ssl=1 120w\" sizes=\"(max-width: 1000px) 100vw, 1000px\" \/><figcaption class=\"wp-block-jetpack-slideshow_caption gallery-caption\">Ronda de Negocios &#8211; ExpoAlfa (2024)<\/figcaption><\/figure><\/li><\/ul><a class=\"wp-block-jetpack-slideshow_button-prev swiper-button-prev swiper-button-white\" role=\"button\"><\/a><a class=\"wp-block-jetpack-slideshow_button-next swiper-button-next swiper-button-white\" role=\"button\"><\/a><a aria-label=\"Pause Slideshow\" class=\"wp-block-jetpack-slideshow_button-pause\" role=\"button\"><\/a><div class=\"wp-block-jetpack-slideshow_pagination swiper-pagination swiper-pagination-white\"><\/div><\/div><\/div>\n\n\n\n<p>Tambi\u00e9n Ruiz D\u00edaz destac\u00f3 el espacio donde se llevar\u00e1 a cabo la primera jornada. El Centro C\u00edvico Cultural La Estaci\u00f3n es un amplio espacio verde que cuenta con un museo, mucho verde y \u00e1rboles, y tambi\u00e9n dos salones donde se llevar\u00e1n a cabo charlas referidas a la producci\u00f3n de alfalfa de calidad.<\/p>\n\n\n\n<p>\u201cEs un predio que se encuentra en el centro de la localidad, y que permite hacer una muestra de trascendencia para nuestra poblaci\u00f3n como ExpoAlfa. Para nosotros realza al pueblo, as\u00ed que agradecemos a ExpoAlfa y a Antonio Lozano que haya pensado en nosotros para desarrollarlo\u201d.<\/p>\n\n\n\n<p class=\"has-medium-font-size\"><strong>Carrilobo, con los fierros en movimiento<\/strong><\/p>\n\n\n\n<p>Si bien en la primera jornada habr\u00e1 una avenida de innovaciones que permitir\u00e1 un recorrido por los stands de maquinarias forrajeras con dos especialistas que brindar\u00e1n detalles t\u00e9cnicos y las especificidades, el d\u00eda 16 de octubre en el \u201ccampo mago\u201d se llevar\u00e1 a cabo la din\u00e1mica de maquinarias forrajeras.&nbsp;<\/p>\n\n\n\n<p>All\u00ed m\u00e1s de 50 fierros se \u201cmover\u00e1n\u201d y mostrar\u00e1n sus cualidades ante los m\u00e1s de mil asistentes calificados que dir\u00e1n presente. En ese sentido, dialogamos con Leonardo Clara, intendente de Carrilobo quien se mostr\u00f3 \u201cagradecido por la oportunidad de desarrollar una din\u00e1mica de esta calidad y categor\u00eda en un campo de nuestra localidad\u201d.<\/p>\n\n\n\n<div class=\"wp-block-jetpack-slideshow aligncenter\" data-effect=\"slide\" style=\"--aspect-ratio:calc(1024 \/ 577)\"><div class=\"wp-block-jetpack-slideshow_container swiper-container\"><ul class=\"wp-block-jetpack-slideshow_swiper-wrapper swiper-wrapper\"><li class=\"wp-block-jetpack-slideshow_slide swiper-slide\"><figure><img data-recalc-dims=\"1\" loading=\"lazy\" decoding=\"async\" width=\"1024\" height=\"577\" alt=\"\" class=\"wp-block-jetpack-slideshow_image wp-image-50276\" data-id=\"50276\" data-aspect-ratio=\"1024 \/ 577\" src=\"https:\/\/i0.wp.com\/www.todoalfalfa.com.ar\/noticias\/wp-content\/uploads\/2025\/09\/20241114_163336-1.jpg?resize=1024%2C577&#038;ssl=1\" srcset=\"https:\/\/i0.wp.com\/www.todoalfalfa.com.ar\/noticias\/wp-content\/uploads\/2025\/09\/20241114_163336-1-scaled.jpg?resize=1024%2C577&amp;ssl=1 1024w, https:\/\/i0.wp.com\/www.todoalfalfa.com.ar\/noticias\/wp-content\/uploads\/2025\/09\/20241114_163336-1-scaled.jpg?resize=300%2C169&amp;ssl=1 300w, https:\/\/i0.wp.com\/www.todoalfalfa.com.ar\/noticias\/wp-content\/uploads\/2025\/09\/20241114_163336-1-scaled.jpg?resize=768%2C432&amp;ssl=1 768w, https:\/\/i0.wp.com\/www.todoalfalfa.com.ar\/noticias\/wp-content\/uploads\/2025\/09\/20241114_163336-1-scaled.jpg?resize=1536%2C865&amp;ssl=1 1536w, https:\/\/i0.wp.com\/www.todoalfalfa.com.ar\/noticias\/wp-content\/uploads\/2025\/09\/20241114_163336-1-scaled.jpg?resize=2048%2C1153&amp;ssl=1 2048w, https:\/\/i0.wp.com\/www.todoalfalfa.com.ar\/noticias\/wp-content\/uploads\/2025\/09\/20241114_163336-1-scaled.jpg?resize=777%2C437&amp;ssl=1 777w, https:\/\/i0.wp.com\/www.todoalfalfa.com.ar\/noticias\/wp-content\/uploads\/2025\/09\/20241114_163336-1-scaled.jpg?resize=180%2C101&amp;ssl=1 180w, https:\/\/i0.wp.com\/www.todoalfalfa.com.ar\/noticias\/wp-content\/uploads\/2025\/09\/20241114_163336-1-scaled.jpg?resize=260%2C146&amp;ssl=1 260w, https:\/\/i0.wp.com\/www.todoalfalfa.com.ar\/noticias\/wp-content\/uploads\/2025\/09\/20241114_163336-1-scaled.jpg?resize=373%2C210&amp;ssl=1 373w, https:\/\/i0.wp.com\/www.todoalfalfa.com.ar\/noticias\/wp-content\/uploads\/2025\/09\/20241114_163336-1-scaled.jpg?resize=120%2C67&amp;ssl=1 120w\" sizes=\"(max-width: 1000px) 100vw, 1000px\" \/><figcaption class=\"wp-block-jetpack-slideshow_caption gallery-caption\">Din\u00e1mica de maquinarias &#8211; ExpoAlfa 2024<\/figcaption><\/figure><\/li><li class=\"wp-block-jetpack-slideshow_slide swiper-slide\"><figure><img data-recalc-dims=\"1\" loading=\"lazy\" decoding=\"async\" width=\"1024\" height=\"577\" alt=\"\" class=\"wp-block-jetpack-slideshow_image wp-image-50277\" data-id=\"50277\" data-aspect-ratio=\"1024 \/ 577\" src=\"https:\/\/i0.wp.com\/www.todoalfalfa.com.ar\/noticias\/wp-content\/uploads\/2025\/09\/20241114_150100-1.jpg?resize=1024%2C577&#038;ssl=1\" srcset=\"https:\/\/i0.wp.com\/www.todoalfalfa.com.ar\/noticias\/wp-content\/uploads\/2025\/09\/20241114_150100-1-scaled.jpg?resize=1024%2C577&amp;ssl=1 1024w, https:\/\/i0.wp.com\/www.todoalfalfa.com.ar\/noticias\/wp-content\/uploads\/2025\/09\/20241114_150100-1-scaled.jpg?resize=300%2C169&amp;ssl=1 300w, https:\/\/i0.wp.com\/www.todoalfalfa.com.ar\/noticias\/wp-content\/uploads\/2025\/09\/20241114_150100-1-scaled.jpg?resize=768%2C432&amp;ssl=1 768w, https:\/\/i0.wp.com\/www.todoalfalfa.com.ar\/noticias\/wp-content\/uploads\/2025\/09\/20241114_150100-1-scaled.jpg?resize=1536%2C865&amp;ssl=1 1536w, https:\/\/i0.wp.com\/www.todoalfalfa.com.ar\/noticias\/wp-content\/uploads\/2025\/09\/20241114_150100-1-scaled.jpg?resize=2048%2C1153&amp;ssl=1 2048w, https:\/\/i0.wp.com\/www.todoalfalfa.com.ar\/noticias\/wp-content\/uploads\/2025\/09\/20241114_150100-1-scaled.jpg?resize=777%2C437&amp;ssl=1 777w, https:\/\/i0.wp.com\/www.todoalfalfa.com.ar\/noticias\/wp-content\/uploads\/2025\/09\/20241114_150100-1-scaled.jpg?resize=180%2C101&amp;ssl=1 180w, https:\/\/i0.wp.com\/www.todoalfalfa.com.ar\/noticias\/wp-content\/uploads\/2025\/09\/20241114_150100-1-scaled.jpg?resize=260%2C146&amp;ssl=1 260w, https:\/\/i0.wp.com\/www.todoalfalfa.com.ar\/noticias\/wp-content\/uploads\/2025\/09\/20241114_150100-1-scaled.jpg?resize=373%2C210&amp;ssl=1 373w, https:\/\/i0.wp.com\/www.todoalfalfa.com.ar\/noticias\/wp-content\/uploads\/2025\/09\/20241114_150100-1-scaled.jpg?resize=120%2C67&amp;ssl=1 120w\" sizes=\"(max-width: 1000px) 100vw, 1000px\" \/><figcaption class=\"wp-block-jetpack-slideshow_caption gallery-caption\">Din\u00e1mica de maquinarias &#8211; ExpoAlfa 2024<\/figcaption><\/figure><\/li><li class=\"wp-block-jetpack-slideshow_slide swiper-slide\"><figure><img data-recalc-dims=\"1\" loading=\"lazy\" decoding=\"async\" width=\"1024\" height=\"577\" alt=\"\" class=\"wp-block-jetpack-slideshow_image wp-image-50271\" data-id=\"50271\" data-aspect-ratio=\"1024 \/ 577\" src=\"https:\/\/i0.wp.com\/www.todoalfalfa.com.ar\/noticias\/wp-content\/uploads\/2025\/09\/20241114_163437.jpg?resize=1024%2C577&#038;ssl=1\" srcset=\"https:\/\/i0.wp.com\/www.todoalfalfa.com.ar\/noticias\/wp-content\/uploads\/2025\/09\/20241114_163437-scaled.jpg?resize=1024%2C577&amp;ssl=1 1024w, https:\/\/i0.wp.com\/www.todoalfalfa.com.ar\/noticias\/wp-content\/uploads\/2025\/09\/20241114_163437-scaled.jpg?resize=300%2C169&amp;ssl=1 300w, https:\/\/i0.wp.com\/www.todoalfalfa.com.ar\/noticias\/wp-content\/uploads\/2025\/09\/20241114_163437-scaled.jpg?resize=768%2C432&amp;ssl=1 768w, https:\/\/i0.wp.com\/www.todoalfalfa.com.ar\/noticias\/wp-content\/uploads\/2025\/09\/20241114_163437-scaled.jpg?resize=1536%2C865&amp;ssl=1 1536w, https:\/\/i0.wp.com\/www.todoalfalfa.com.ar\/noticias\/wp-content\/uploads\/2025\/09\/20241114_163437-scaled.jpg?resize=2048%2C1153&amp;ssl=1 2048w, https:\/\/i0.wp.com\/www.todoalfalfa.com.ar\/noticias\/wp-content\/uploads\/2025\/09\/20241114_163437-scaled.jpg?resize=777%2C437&amp;ssl=1 777w, https:\/\/i0.wp.com\/www.todoalfalfa.com.ar\/noticias\/wp-content\/uploads\/2025\/09\/20241114_163437-scaled.jpg?resize=180%2C101&amp;ssl=1 180w, https:\/\/i0.wp.com\/www.todoalfalfa.com.ar\/noticias\/wp-content\/uploads\/2025\/09\/20241114_163437-scaled.jpg?resize=260%2C146&amp;ssl=1 260w, https:\/\/i0.wp.com\/www.todoalfalfa.com.ar\/noticias\/wp-content\/uploads\/2025\/09\/20241114_163437-scaled.jpg?resize=373%2C210&amp;ssl=1 373w, https:\/\/i0.wp.com\/www.todoalfalfa.com.ar\/noticias\/wp-content\/uploads\/2025\/09\/20241114_163437-scaled.jpg?resize=120%2C67&amp;ssl=1 120w\" sizes=\"(max-width: 1000px) 100vw, 1000px\" \/><figcaption class=\"wp-block-jetpack-slideshow_caption gallery-caption\">Din\u00e1mica de maquinarias &#8211; ExpoAlfa 2024<\/figcaption><\/figure><\/li><\/ul><a class=\"wp-block-jetpack-slideshow_button-prev swiper-button-prev swiper-button-white\" role=\"button\"><\/a><a class=\"wp-block-jetpack-slideshow_button-next swiper-button-next swiper-button-white\" role=\"button\"><\/a><a aria-label=\"Pause Slideshow\" class=\"wp-block-jetpack-slideshow_button-pause\" role=\"button\"><\/a><div class=\"wp-block-jetpack-slideshow_pagination swiper-pagination swiper-pagination-white\"><\/div><\/div><\/div>\n\n\n\n<p>Valor\u00f3 tambi\u00e9n a la familia Michelutti que trabaja el campo y destac\u00f3 que son \u201cnacidos, criados en esta localidad, gente muy trabajadora\u201d, a la vez sum\u00f3 que \u201ctenemos un n\u00facleo alfalfero muy importante y tener esta posibilidad nos ofrece visibilidad en el mundo \u201c.<\/p>\n\n\n\n<p>En una zona muy alfalfera, Carrilobo busca ganar terreno y estas acciones lo posicionan. Destac\u00f3 Clara que \u201cun empresario de la zona est\u00e1 instalando una empresa con el objetivo de deshidratar y hacer pellets y cubos de alfalfa, pero tambi\u00e9n con una gran proyecci\u00f3n y una visi\u00f3n exportadora\u201d. La instalaci\u00f3n de esta empresa \u201ctendr\u00e1 un gran impacto en la comunidad y en la regi\u00f3n\u201d, entiende el intendente.&nbsp;<\/p>\n\n\n\n<p>La din\u00e1mica se desarrollar\u00e1 en un campo sobre ruta E-52 a unos diez kil\u00f3metros de Carrilobo y a 15 de Pozo del Molle, en el cruce conocido como los Tres Molinos. \u201cEs de f\u00e1cil acceso para toda la zona, ya sea que vengan del lado del Pozo del Molle sobre la 158 o del lado de Calch\u00edn, Calch\u00edn Oeste a trav\u00e9s de la F390 o de la ruta 13\u201d.<\/p>\n\n\n\n<p>\u201cEs una muy buena posibilidad de ver m\u00e1quinas en acci\u00f3n, de estar en el campo, de poder comparar una y otra, compartir diferentes procesos productivos, diferentes maneras de trabajar la alfalfa\u201d, valor\u00f3.&nbsp;<\/p>\n<div class=\"todoalfalfa-final-de-la-nota\" id=\"todoalfalfa-19151686\"><a href=\"https:\/\/www.whatsapp.com\/channel\/0029VbCBmFB9WtBxJsD3eC2i\" target=\"_blank\" aria-label=\"5\"><img src=\"https:\/\/i0.wp.com\/www.todoalfalfa.com.ar\/noticias\/wp-content\/uploads\/2026\/04\/5.gif?fit=728%2C90&#038;ssl=1\" alt=\"\"  width=\"728\" height=\"90\"   \/><\/a><\/div>","protected":false},"excerpt":{"rendered":"<p>ExpoAlfa genera expectativas en las localidades donde el 15 y 16 de octubre se llevar\u00e1 a cabo la jornada organizada por TodoCampos y TodoAlfalfa. \u201cPara nuestra gesti\u00f3n es importante estar al lado del productor\u201d, dijo Fernando Ruiz D\u00edaz, intendente de Pozo del Molle en tanto que Leonardo Clara, jefe comunal de Carrilobo asegur\u00f3 que \u201ctener esta posibilidad nos ofrece una visibilidad hacia el mundo\u201d.<\/p>\n","protected":false},"author":9,"featured_media":50271,"comment_status":"closed","ping_status":"open","sticky":false,"template":"","format":"standard","meta":{"jetpack_post_was_ever_published":false,"_jetpack_newsletter_access":"","_jetpack_dont_email_post_to_subs":false,"_jetpack_newsletter_tier_id":0,"_jetpack_memberships_contains_paywalled_content":false,"_jetpack_memberships_contains_paid_content":false,"footnotes":""},"categories":[1809],"tags":[31,2005,1971,236,54,68,17,203,91,1818],"class_list":["post-50270","post","type-post","status-publish","format-standard","has-post-thumbnail","hentry","category-expoalfa","tag-alfalfa","tag-carrillobo","tag-expoalfa-cordoba","tag-exportacion","tag-forrajes","tag-heno","tag-pasturas","tag-pozo-del-molle","tag-siembra","tag-todocampos"],"yoast_head":"<!-- This site is optimized with the Yoast SEO plugin v25.5 - https:\/\/yoast.com\/wordpress\/plugins\/seo\/ -->\n<title>La alfalfa te\u00f1ir\u00e1 de lila Pozo del Molle y Carrilobo<\/title>\n<meta name=\"robots\" content=\"index, follow, max-snippet:-1, max-image-preview:large, max-video-preview:-1\" \/>\n<link rel=\"canonical\" href=\"https:\/\/www.todoalfalfa.com.ar\/noticias\/la-alfalfa-tenira-de-lila-pozo-del-molle-y-carrilobo\/\" \/>\n<meta property=\"og:locale\" content=\"es_ES\" \/>\n<meta property=\"og:type\" content=\"article\" \/>\n<meta property=\"og:title\" content=\"La alfalfa te\u00f1ir\u00e1 de lila Pozo del Molle y Carrilobo\" \/>\n<meta property=\"og:description\" content=\"ExpoAlfa genera expectativas en las localidades donde el 15 y 16 de octubre se llevar\u00e1 a cabo la jornada organizada por TodoCampos y TodoAlfalfa. \u201cPara nuestra gesti\u00f3n es importante estar al lado del productor\u201d, dijo Fernando Ruiz D\u00edaz, intendente de Pozo del Molle en tanto que Leonardo Clara, jefe comunal de Carrilobo asegur\u00f3 que \u201ctener esta posibilidad nos ofrece una visibilidad hacia el mundo\u201d.\" \/>\n<meta property=\"og:url\" content=\"https:\/\/www.todoalfalfa.com.ar\/noticias\/la-alfalfa-tenira-de-lila-pozo-del-molle-y-carrilobo\/\" \/>\n<meta property=\"og:site_name\" content=\"Todo Alfalfa\" \/>\n<meta property=\"article:publisher\" content=\"https:\/\/www.facebook.com\/todoalfalfa\" \/>\n<meta property=\"article:published_time\" content=\"2025-09-11T14:21:28+00:00\" \/>\n<meta property=\"article:modified_time\" content=\"2025-09-12T11:10:08+00:00\" \/>\n<meta property=\"og:image\" content=\"https:\/\/www.todoalfalfa.com.ar\/noticias\/wp-content\/uploads\/2025\/09\/20241114_163437-scaled.jpg\" \/>\n\t<meta property=\"og:image:width\" content=\"2560\" \/>\n\t<meta property=\"og:image:height\" content=\"1441\" \/>\n\t<meta property=\"og:image:type\" content=\"image\/jpeg\" \/>\n<meta name=\"author\" content=\"Todo Alfalfa\" \/>\n<meta name=\"twitter:card\" content=\"summary_large_image\" \/>\n<meta name=\"twitter:label1\" content=\"Escrito por\" \/>\n\t<meta name=\"twitter:data1\" content=\"Todo Alfalfa\" \/>\n\t<meta name=\"twitter:label2\" content=\"Tiempo de lectura\" \/>\n\t<meta name=\"twitter:data2\" content=\"6 minutos\" \/>\n<script type=\"application\/ld+json\" class=\"yoast-schema-graph\">{\"@context\":\"https:\/\/schema.org\",\"@graph\":[{\"@type\":\"NewsArticle\",\"@id\":\"https:\/\/www.todoalfalfa.com.ar\/noticias\/la-alfalfa-tenira-de-lila-pozo-del-molle-y-carrilobo\/#article\",\"isPartOf\":{\"@id\":\"https:\/\/www.todoalfalfa.com.ar\/noticias\/la-alfalfa-tenira-de-lila-pozo-del-molle-y-carrilobo\/\"},\"author\":{\"name\":\"Todo Alfalfa\",\"@id\":\"https:\/\/www.todoalfalfa.com.ar\/noticias\/#\/schema\/person\/99de93cb711c7015ef658e5321ba9f18\"},\"headline\":\"La alfalfa te\u00f1ir\u00e1 de lila Pozo del Molle y Carrilobo\",\"datePublished\":\"2025-09-11T14:21:28+00:00\",\"dateModified\":\"2025-09-12T11:10:08+00:00\",\"mainEntityOfPage\":{\"@id\":\"https:\/\/www.todoalfalfa.com.ar\/noticias\/la-alfalfa-tenira-de-lila-pozo-del-molle-y-carrilobo\/\"},\"wordCount\":721,\"publisher\":{\"@id\":\"https:\/\/www.todoalfalfa.com.ar\/noticias\/#organization\"},\"image\":{\"@id\":\"https:\/\/www.todoalfalfa.com.ar\/noticias\/la-alfalfa-tenira-de-lila-pozo-del-molle-y-carrilobo\/#primaryimage\"},\"thumbnailUrl\":\"https:\/\/i0.wp.com\/www.todoalfalfa.com.ar\/noticias\/wp-content\/uploads\/2025\/09\/20241114_163437-scaled.jpg?fit=2560%2C1441&ssl=1\",\"keywords\":[\"alfalfa\",\"Carrillobo\",\"ExpoAlfa C\u00f3rdoba\",\"exportaci\u00f3n\",\"forrajes\",\"heno\",\"pasturas\",\"Pozo del Molle\",\"siembra\",\"TodoCampos\"],\"articleSection\":[\"ExpoAlfa\"],\"inLanguage\":\"es\"},{\"@type\":[\"WebPage\",\"ItemPage\"],\"@id\":\"https:\/\/www.todoalfalfa.com.ar\/noticias\/la-alfalfa-tenira-de-lila-pozo-del-molle-y-carrilobo\/\",\"url\":\"https:\/\/www.todoalfalfa.com.ar\/noticias\/la-alfalfa-tenira-de-lila-pozo-del-molle-y-carrilobo\/\",\"name\":\"La alfalfa te\u00f1ir\u00e1 de lila Pozo del Molle y Carrilobo\",\"isPartOf\":{\"@id\":\"https:\/\/www.todoalfalfa.com.ar\/noticias\/#website\"},\"primaryImageOfPage\":{\"@id\":\"https:\/\/www.todoalfalfa.com.ar\/noticias\/la-alfalfa-tenira-de-lila-pozo-del-molle-y-carrilobo\/#primaryimage\"},\"image\":{\"@id\":\"https:\/\/www.todoalfalfa.com.ar\/noticias\/la-alfalfa-tenira-de-lila-pozo-del-molle-y-carrilobo\/#primaryimage\"},\"thumbnailUrl\":\"https:\/\/i0.wp.com\/www.todoalfalfa.com.ar\/noticias\/wp-content\/uploads\/2025\/09\/20241114_163437-scaled.jpg?fit=2560%2C1441&ssl=1\",\"datePublished\":\"2025-09-11T14:21:28+00:00\",\"dateModified\":\"2025-09-12T11:10:08+00:00\",\"breadcrumb\":{\"@id\":\"https:\/\/www.todoalfalfa.com.ar\/noticias\/la-alfalfa-tenira-de-lila-pozo-del-molle-y-carrilobo\/#breadcrumb\"},\"inLanguage\":\"es\",\"potentialAction\":[{\"@type\":\"ReadAction\",\"target\":[\"https:\/\/www.todoalfalfa.com.ar\/noticias\/la-alfalfa-tenira-de-lila-pozo-del-molle-y-carrilobo\/\"]}]},{\"@type\":\"ImageObject\",\"inLanguage\":\"es\",\"@id\":\"https:\/\/www.todoalfalfa.com.ar\/noticias\/la-alfalfa-tenira-de-lila-pozo-del-molle-y-carrilobo\/#primaryimage\",\"url\":\"https:\/\/i0.wp.com\/www.todoalfalfa.com.ar\/noticias\/wp-content\/uploads\/2025\/09\/20241114_163437-scaled.jpg?fit=2560%2C1441&ssl=1\",\"contentUrl\":\"https:\/\/i0.wp.com\/www.todoalfalfa.com.ar\/noticias\/wp-content\/uploads\/2025\/09\/20241114_163437-scaled.jpg?fit=2560%2C1441&ssl=1\",\"width\":2560,\"height\":1441,\"caption\":\"Din\u00e1mica de maquinarias - ExpoAlfa 2024\"},{\"@type\":\"BreadcrumbList\",\"@id\":\"https:\/\/www.todoalfalfa.com.ar\/noticias\/la-alfalfa-tenira-de-lila-pozo-del-molle-y-carrilobo\/#breadcrumb\",\"itemListElement\":[{\"@type\":\"ListItem\",\"position\":1,\"name\":\"Principal\",\"item\":\"https:\/\/www.todoalfalfa.com.ar\/noticias\/\"},{\"@type\":\"ListItem\",\"position\":2,\"name\":\"La alfalfa te\u00f1ir\u00e1 de lila Pozo del Molle y Carrilobo\"}]},{\"@type\":\"WebSite\",\"@id\":\"https:\/\/www.todoalfalfa.com.ar\/noticias\/#website\",\"url\":\"https:\/\/www.todoalfalfa.com.ar\/noticias\/\",\"name\":\"Todo Alfalfa\",\"description\":\"Web informativa de la cadena de la alfalfa argentina\",\"publisher\":{\"@id\":\"https:\/\/www.todoalfalfa.com.ar\/noticias\/#organization\"},\"potentialAction\":[{\"@type\":\"SearchAction\",\"target\":{\"@type\":\"EntryPoint\",\"urlTemplate\":\"https:\/\/www.todoalfalfa.com.ar\/noticias\/?s={search_term_string}\"},\"query-input\":{\"@type\":\"PropertyValueSpecification\",\"valueRequired\":true,\"valueName\":\"search_term_string\"}}],\"inLanguage\":\"es\"},{\"@type\":\"Organization\",\"@id\":\"https:\/\/www.todoalfalfa.com.ar\/noticias\/#organization\",\"name\":\"Todo Alfalfa\",\"url\":\"https:\/\/www.todoalfalfa.com.ar\/noticias\/\",\"logo\":{\"@type\":\"ImageObject\",\"inLanguage\":\"es\",\"@id\":\"https:\/\/www.todoalfalfa.com.ar\/noticias\/#\/schema\/logo\/image\/\",\"url\":\"https:\/\/www.todoalfalfa.com.ar\/noticias\/wp-content\/uploads\/2020\/09\/logo-todo-alfalfa-modificado.png\",\"contentUrl\":\"https:\/\/www.todoalfalfa.com.ar\/noticias\/wp-content\/uploads\/2020\/09\/logo-todo-alfalfa-modificado.png\",\"width\":350,\"height\":100,\"caption\":\"Todo Alfalfa\"},\"image\":{\"@id\":\"https:\/\/www.todoalfalfa.com.ar\/noticias\/#\/schema\/logo\/image\/\"},\"sameAs\":[\"https:\/\/www.facebook.com\/todoalfalfa\",\"https:\/\/www.instagram.com\/todoalfalfa\",\"https:\/\/www.youtube.com\/@TodoAlfalfa\",\"https:\/\/www.linkedin.com\/company\/todoalfalfa\/\"]},{\"@type\":\"Person\",\"@id\":\"https:\/\/www.todoalfalfa.com.ar\/noticias\/#\/schema\/person\/99de93cb711c7015ef658e5321ba9f18\",\"name\":\"Todo Alfalfa\",\"image\":{\"@type\":\"ImageObject\",\"inLanguage\":\"es\",\"@id\":\"https:\/\/www.todoalfalfa.com.ar\/noticias\/#\/schema\/person\/image\/\",\"url\":\"https:\/\/secure.gravatar.com\/avatar\/50ffd12fb7b268bc2467160730786602db252a270c63104e7c19b5f67b8dd346?s=96&d=mm&r=g\",\"contentUrl\":\"https:\/\/secure.gravatar.com\/avatar\/50ffd12fb7b268bc2467160730786602db252a270c63104e7c19b5f67b8dd346?s=96&d=mm&r=g\",\"caption\":\"Todo Alfalfa\"},\"url\":\"https:\/\/www.todoalfalfa.com.ar\/noticias\/author\/osvaldoiachetta\/\"}]}<\/script>\n<!-- \/ Yoast SEO plugin. -->","yoast_head_json":{"title":"La alfalfa te\u00f1ir\u00e1 de lila Pozo del Molle y Carrilobo","robots":{"index":"index","follow":"follow","max-snippet":"max-snippet:-1","max-image-preview":"max-image-preview:large","max-video-preview":"max-video-preview:-1"},"canonical":"https:\/\/www.todoalfalfa.com.ar\/noticias\/la-alfalfa-tenira-de-lila-pozo-del-molle-y-carrilobo\/","og_locale":"es_ES","og_type":"article","og_title":"La alfalfa te\u00f1ir\u00e1 de lila Pozo del Molle y Carrilobo","og_description":"ExpoAlfa genera expectativas en las localidades donde el 15 y 16 de octubre se llevar\u00e1 a cabo la jornada organizada por TodoCampos y TodoAlfalfa. \u201cPara nuestra gesti\u00f3n es importante estar al lado del productor\u201d, dijo Fernando Ruiz D\u00edaz, intendente de Pozo del Molle en tanto que Leonardo Clara, jefe comunal de Carrilobo asegur\u00f3 que \u201ctener esta posibilidad nos ofrece una visibilidad hacia el mundo\u201d.","og_url":"https:\/\/www.todoalfalfa.com.ar\/noticias\/la-alfalfa-tenira-de-lila-pozo-del-molle-y-carrilobo\/","og_site_name":"Todo Alfalfa","article_publisher":"https:\/\/www.facebook.com\/todoalfalfa","article_published_time":"2025-09-11T14:21:28+00:00","article_modified_time":"2025-09-12T11:10:08+00:00","og_image":[{"width":2560,"height":1441,"url":"https:\/\/www.todoalfalfa.com.ar\/noticias\/wp-content\/uploads\/2025\/09\/20241114_163437-scaled.jpg","type":"image\/jpeg"}],"author":"Todo Alfalfa","twitter_card":"summary_large_image","twitter_misc":{"Escrito por":"Todo Alfalfa","Tiempo de lectura":"6 minutos"},"schema":{"@context":"https:\/\/schema.org","@graph":[{"@type":"NewsArticle","@id":"https:\/\/www.todoalfalfa.com.ar\/noticias\/la-alfalfa-tenira-de-lila-pozo-del-molle-y-carrilobo\/#article","isPartOf":{"@id":"https:\/\/www.todoalfalfa.com.ar\/noticias\/la-alfalfa-tenira-de-lila-pozo-del-molle-y-carrilobo\/"},"author":{"name":"Todo Alfalfa","@id":"https:\/\/www.todoalfalfa.com.ar\/noticias\/#\/schema\/person\/99de93cb711c7015ef658e5321ba9f18"},"headline":"La alfalfa te\u00f1ir\u00e1 de lila Pozo del Molle y Carrilobo","datePublished":"2025-09-11T14:21:28+00:00","dateModified":"2025-09-12T11:10:08+00:00","mainEntityOfPage":{"@id":"https:\/\/www.todoalfalfa.com.ar\/noticias\/la-alfalfa-tenira-de-lila-pozo-del-molle-y-carrilobo\/"},"wordCount":721,"publisher":{"@id":"https:\/\/www.todoalfalfa.com.ar\/noticias\/#organization"},"image":{"@id":"https:\/\/www.todoalfalfa.com.ar\/noticias\/la-alfalfa-tenira-de-lila-pozo-del-molle-y-carrilobo\/#primaryimage"},"thumbnailUrl":"https:\/\/i0.wp.com\/www.todoalfalfa.com.ar\/noticias\/wp-content\/uploads\/2025\/09\/20241114_163437-scaled.jpg?fit=2560%2C1441&ssl=1","keywords":["alfalfa","Carrillobo","ExpoAlfa C\u00f3rdoba","exportaci\u00f3n","forrajes","heno","pasturas","Pozo del Molle","siembra","TodoCampos"],"articleSection":["ExpoAlfa"],"inLanguage":"es"},{"@type":["WebPage","ItemPage"],"@id":"https:\/\/www.todoalfalfa.com.ar\/noticias\/la-alfalfa-tenira-de-lila-pozo-del-molle-y-carrilobo\/","url":"https:\/\/www.todoalfalfa.com.ar\/noticias\/la-alfalfa-tenira-de-lila-pozo-del-molle-y-carrilobo\/","name":"La alfalfa te\u00f1ir\u00e1 de lila Pozo del Molle y Carrilobo","isPartOf":{"@id":"https:\/\/www.todoalfalfa.com.ar\/noticias\/#website"},"primaryImageOfPage":{"@id":"https:\/\/www.todoalfalfa.com.ar\/noticias\/la-alfalfa-tenira-de-lila-pozo-del-molle-y-carrilobo\/#primaryimage"},"image":{"@id":"https:\/\/www.todoalfalfa.com.ar\/noticias\/la-alfalfa-tenira-de-lila-pozo-del-molle-y-carrilobo\/#primaryimage"},"thumbnailUrl":"https:\/\/i0.wp.com\/www.todoalfalfa.com.ar\/noticias\/wp-content\/uploads\/2025\/09\/20241114_163437-scaled.jpg?fit=2560%2C1441&ssl=1","datePublished":"2025-09-11T14:21:28+00:00","dateModified":"2025-09-12T11:10:08+00:00","breadcrumb":{"@id":"https:\/\/www.todoalfalfa.com.ar\/noticias\/la-alfalfa-tenira-de-lila-pozo-del-molle-y-carrilobo\/#breadcrumb"},"inLanguage":"es","potentialAction":[{"@type":"ReadAction","target":["https:\/\/www.todoalfalfa.com.ar\/noticias\/la-alfalfa-tenira-de-lila-pozo-del-molle-y-carrilobo\/"]}]},{"@type":"ImageObject","inLanguage":"es","@id":"https:\/\/www.todoalfalfa.com.ar\/noticias\/la-alfalfa-tenira-de-lila-pozo-del-molle-y-carrilobo\/#primaryimage","url":"https:\/\/i0.wp.com\/www.todoalfalfa.com.ar\/noticias\/wp-content\/uploads\/2025\/09\/20241114_163437-scaled.jpg?fit=2560%2C1441&ssl=1","contentUrl":"https:\/\/i0.wp.com\/www.todoalfalfa.com.ar\/noticias\/wp-content\/uploads\/2025\/09\/20241114_163437-scaled.jpg?fit=2560%2C1441&ssl=1","width":2560,"height":1441,"caption":"Din\u00e1mica de maquinarias - ExpoAlfa 2024"},{"@type":"BreadcrumbList","@id":"https:\/\/www.todoalfalfa.com.ar\/noticias\/la-alfalfa-tenira-de-lila-pozo-del-molle-y-carrilobo\/#breadcrumb","itemListElement":[{"@type":"ListItem","position":1,"name":"Principal","item":"https:\/\/www.todoalfalfa.com.ar\/noticias\/"},{"@type":"ListItem","position":2,"name":"La alfalfa te\u00f1ir\u00e1 de lila Pozo del Molle y Carrilobo"}]},{"@type":"WebSite","@id":"https:\/\/www.todoalfalfa.com.ar\/noticias\/#website","url":"https:\/\/www.todoalfalfa.com.ar\/noticias\/","name":"Todo Alfalfa","description":"Web informativa de la cadena de la alfalfa argentina","publisher":{"@id":"https:\/\/www.todoalfalfa.com.ar\/noticias\/#organization"},"potentialAction":[{"@type":"SearchAction","target":{"@type":"EntryPoint","urlTemplate":"https:\/\/www.todoalfalfa.com.ar\/noticias\/?s={search_term_string}"},"query-input":{"@type":"PropertyValueSpecification","valueRequired":true,"valueName":"search_term_string"}}],"inLanguage":"es"},{"@type":"Organization","@id":"https:\/\/www.todoalfalfa.com.ar\/noticias\/#organization","name":"Todo Alfalfa","url":"https:\/\/www.todoalfalfa.com.ar\/noticias\/","logo":{"@type":"ImageObject","inLanguage":"es","@id":"https:\/\/www.todoalfalfa.com.ar\/noticias\/#\/schema\/logo\/image\/","url":"https:\/\/www.todoalfalfa.com.ar\/noticias\/wp-content\/uploads\/2020\/09\/logo-todo-alfalfa-modificado.png","contentUrl":"https:\/\/www.todoalfalfa.com.ar\/noticias\/wp-content\/uploads\/2020\/09\/logo-todo-alfalfa-modificado.png","width":350,"height":100,"caption":"Todo Alfalfa"},"image":{"@id":"https:\/\/www.todoalfalfa.com.ar\/noticias\/#\/schema\/logo\/image\/"},"sameAs":["https:\/\/www.facebook.com\/todoalfalfa","https:\/\/www.instagram.com\/todoalfalfa","https:\/\/www.youtube.com\/@TodoAlfalfa","https:\/\/www.linkedin.com\/company\/todoalfalfa\/"]},{"@type":"Person","@id":"https:\/\/www.todoalfalfa.com.ar\/noticias\/#\/schema\/person\/99de93cb711c7015ef658e5321ba9f18","name":"Todo Alfalfa","image":{"@type":"ImageObject","inLanguage":"es","@id":"https:\/\/www.todoalfalfa.com.ar\/noticias\/#\/schema\/person\/image\/","url":"https:\/\/secure.gravatar.com\/avatar\/50ffd12fb7b268bc2467160730786602db252a270c63104e7c19b5f67b8dd346?s=96&d=mm&r=g","contentUrl":"https:\/\/secure.gravatar.com\/avatar\/50ffd12fb7b268bc2467160730786602db252a270c63104e7c19b5f67b8dd346?s=96&d=mm&r=g","caption":"Todo Alfalfa"},"url":"https:\/\/www.todoalfalfa.com.ar\/noticias\/author\/osvaldoiachetta\/"}]}},"jetpack_featured_media_url":"https:\/\/i0.wp.com\/www.todoalfalfa.com.ar\/noticias\/wp-content\/uploads\/2025\/09\/20241114_163437-scaled.jpg?fit=2560%2C1441&ssl=1","wps_subtitle":"","jetpack_sharing_enabled":true,"_links":{"self":[{"href":"https:\/\/www.todoalfalfa.com.ar\/noticias\/wp-json\/wp\/v2\/posts\/50270","targetHints":{"allow":["GET"]}}],"collection":[{"href":"https:\/\/www.todoalfalfa.com.ar\/noticias\/wp-json\/wp\/v2\/posts"}],"about":[{"href":"https:\/\/www.todoalfalfa.com.ar\/noticias\/wp-json\/wp\/v2\/types\/post"}],"author":[{"embeddable":true,"href":"https:\/\/www.todoalfalfa.com.ar\/noticias\/wp-json\/wp\/v2\/users\/9"}],"replies":[{"embeddable":true,"href":"https:\/\/www.todoalfalfa.com.ar\/noticias\/wp-json\/wp\/v2\/comments?post=50270"}],"version-history":[{"count":1,"href":"https:\/\/www.todoalfalfa.com.ar\/noticias\/wp-json\/wp\/v2\/posts\/50270\/revisions"}],"predecessor-version":[{"id":50283,"href":"https:\/\/www.todoalfalfa.com.ar\/noticias\/wp-json\/wp\/v2\/posts\/50270\/revisions\/50283"}],"wp:featuredmedia":[{"embeddable":true,"href":"https:\/\/www.todoalfalfa.com.ar\/noticias\/wp-json\/wp\/v2\/media\/50271"}],"wp:attachment":[{"href":"https:\/\/www.todoalfalfa.com.ar\/noticias\/wp-json\/wp\/v2\/media?parent=50270"}],"wp:term":[{"taxonomy":"category","embeddable":true,"href":"https:\/\/www.todoalfalfa.com.ar\/noticias\/wp-json\/wp\/v2\/categories?post=50270"},{"taxonomy":"post_tag","embeddable":true,"href":"https:\/\/www.todoalfalfa.com.ar\/noticias\/wp-json\/wp\/v2\/tags?post=50270"}],"curies":[{"name":"wp","href":"https:\/\/api.w.org\/{rel}","templated":true}]}}