{"id":50284,"date":"2025-09-11T22:51:03","date_gmt":"2025-09-12T01:51:03","guid":{"rendered":"https:\/\/www.todoalfalfa.com.ar\/noticias\/?p=50284"},"modified":"2025-09-12T08:09:46","modified_gmt":"2025-09-12T11:09:46","slug":"la-alfalfa-un-alimento-recomendable-para-el-consumo-humano","status":"publish","type":"post","link":"https:\/\/www.todoalfalfa.com.ar\/noticias\/la-alfalfa-un-alimento-recomendable-para-el-consumo-humano\/","title":{"rendered":"La alfalfa, un alimento recomendable para el consumo humano\u00a0"},"content":{"rendered":"\n<p>La medicago sativa o la reina de las forrajeras es conocida por su gran valor nutricional y no solo en el consumo animal, sino tambi\u00e9n que puede aportar alternativas nutricionales en una dieta para seres humanos.<\/p>\n\n\n\n<p>En esta nota buscamos valorizar su rico perfil vitam\u00ednico y mineral, junto con sus propiedades medicinales, lo que la convierten en un alimento excepcional para quienes buscan mejorar su salud.<\/p>\n\n\n\n<p><strong>Fuente Rica en Nutrientes y prote\u00edna<\/strong><\/p>\n\n\n\n<p>Uno de los aspectos m\u00e1s destacados de la alfalfa es su impresionante riqueza en nutrientes. Este superalimento es una fuente concentrada de vitaminas A, C, E y K, as\u00ed como de varias del grupo B. <\/p>\n\n\n\n<p>Adem\u00e1s, contiene minerales esenciales como calcio, hierro, magnesio, f\u00f3sforo, potasio y zinc. Tambi\u00e9n es rica en prote\u00edna, ya que proporciona amino\u00e1cidos esenciales, y fibra, que es clave para mantener un tr\u00e1nsito intestinal saludable. Incluir alfalfa en tu dieta diaria no solo enriquecer\u00e1 tu ingesta de nutrientes, sino que tambi\u00e9n apoyar\u00e1 un sistema digestivo eficiente. <\/p>\n\n\n\n<p>Desde el INTI, al ser consultados, remarcaron que la alfalfa \u201ctiene un alto contenido de prote\u00edna\u201d.<\/p>\n\n\n\n<p><strong>Mejora la Digesti\u00f3n y el Tr\u00e1nsito Intestinal<\/strong><\/p>\n\n\n\n<p>La fibra presente en la alfalfa act\u00faa como un aliado poderoso para la salud digestiva. Contribuye a regular el tr\u00e1nsito intestinal y alivia el estre\u00f1imiento, promoviendo una flora intestinal saludable. Un intestino bien equilibrado es fundamental para la absorci\u00f3n de nutrientes y el bienestar general, haciendo que la alfalfa sea una excelente opci\u00f3n para aquellos que buscan mejorar su salud digestiva.<\/p>\n\n\n\n<p><strong>Control de Colesterol y Glucosa en Sangre<\/strong><\/p>\n\n\n\n<p>La alfalfa tambi\u00e9n tiene propiedades que pueden ser beneficiosas para la salud cardiovascular. Estudios han sugerido que las saponinas contenidas en la alfalfa tienen la capacidad de reducir los niveles de colesterol LDL (\u00abmalo\u00bb) sin afectar el colesterol HDL (\u00abbueno\u00bb). Adem\u00e1s, este superalimento puede ayudar a estabilizar los niveles de az\u00facar en sangre, lo que lo convierte en un complemento \u00fatil para personas con diabetes tipo 2. Sin embargo, siempre es recomendable consultar con un profesional de la salud antes de utilizarla como tratamiento.<\/p>\n\n\n\n<p><strong>Propiedades Antioxidantes y Antiinflamatorias<\/strong><\/p>\n\n\n\n<p>Los compuestos antioxidantes presentes en la alfalfa, como los flavonoides y la vitamina C, ayudan a combatir el estr\u00e9s oxidativo, que puede contribuir al envejecimiento prematuro y a diversas enfermedades. Adem\u00e1s, estos componentes pueden reducir procesos inflamatorios leves, lo que es especialmente relevante para quienes sufren de inflamaciones cr\u00f3nicas o condiciones autoimmunes.<\/p>\n\n\n\n<p><strong>Apoyo Hormonal y de Salud \u00d3sea<\/strong><\/p>\n\n\n\n<p>Tradicionalmente, la alfalfa ha sido utilizada para aliviar s\u00edntomas relacionados con la menopausia y el s\u00edndrome premenstrual debido a sus fitoestr\u00f3genos, compuestos que imitan la acci\u00f3n del estr\u00f3geno en el cuerpo. Asimismo, su alto contenido en vitamina K, calcio y magnesio fortalece los huesos y las articulaciones, ayudando a prevenir condiciones como la osteoporosis.<\/p>\n\n\n\n<p>Existen formas comunes de consumo de alfalfa que nos permiten incorporarlas a la dieta de una manera sencilla y vers\u00e1til. Algunas alternativas son:<\/p>\n\n\n\n<p>&#8211; Brotes de alfalfa: Puedes a\u00f1adir brotes frescos a ensaladas (mejor aprovechamiento de la fibra), s\u00e1ndwiches o batidos verdes.<\/p>\n\n\n\n<p>&#8211; T\u00e9 o infusi\u00f3n de alfalfa: Prepara una infusi\u00f3n con hojas secas, ideal para obtener sus beneficios de forma relajante.<\/p>\n\n\n\n<p>&#8211; Polvo de alfalfa: Agr\u00e9galo a tus smoothies o jugos detox.<\/p>\n\n\n\n<p>&#8211; C\u00e1psulas o comprimidos: Perfecto para quienes prefieren una alternativa r\u00e1pida.<\/p>\n\n\n\n<p>Sin embargo, existen puntos a tener en cuenta:<\/p>\n\n\n\n<p>Aunque la alfalfa ofrece numerosos beneficios, tambi\u00e9n hay algunas consideraciones importantes. Las personas con lupus o trastornos autoinmunes deben evitar su consumo, ya que puede activar s\u00edntomas. Asimismo, aquellas que toman medicamentos anticoagulantes deben tener cuidado debido a su alto contenido de vitamina K. Es crucial asegurarse de que los brotes est\u00e9n bien lavados para evitar cualquier riesgo de contaminaci\u00f3n bacteriana.<\/p>\n\n\n\n<p>Por lo tanto, podemos decir que la alfalfa es un superalimento que aporta m\u00faltiples beneficios para la salud humana, desde mejorar la digesti\u00f3n y controlar el colesterol hasta ofrecer un apoyo hormonal y fortalecer los huesos.<\/p>\n\n\n\n<p>Incluir alfalfa en tu dieta diaria puede ser una manera excelente de enriquecer tu ingesta nutricional y promover el bienestar general. Sin embargo, es importante siempre consultar con un profesional de la salud antes de introducir cualquier nuevo alimento o suplemento en tu dieta, especialmente si tienes alguna condici\u00f3n m\u00e9dica preexistente o tomas medicaci\u00f3n.<\/p>\n\n\n\n<p>Una planta para obtener brotes de los granos germinados<\/p>\n\n\n\n<p>En la localidad de 9 de Julio, Buenos Aires, el INTI tiene a disposici\u00f3n una planta piloto de malteado\/germinado de granos que permite realizar ensayos de desarrollo de granos germinados de hasta 10 kilos por bach, aproximadamente.<\/p>\n\n\n\n<p>\u201cSe puede simular el proceso de malteado\/germinado como si fuera un proceso industrial. Es decir que lo que hagamos puede ser escalable a otras plantas de mayor tama\u00f1o sin problemas\u201d, indicaron desde el organismo.<\/p>\n\n\n\n<p>Agradecemos a:<\/p>\n\n\n\n<ul class=\"wp-block-list\">\n<li>Julieta Genero. Lic en nutrici\u00f3n Mp 1664 quien colabor\u00f3 en la redacci\u00f3n y correcci\u00f3n de este art\u00edculo. Para consultas comunicarse al 353 429-8072<\/li>\n\n\n\n<li>Trabajadores del INTI (9 de julio) quienes desinteresadamente aportaron su mirada y correcci\u00f3n.<\/li>\n<\/ul>\n<div class=\"todoalfalfa-final-de-la-nota\" id=\"todoalfalfa-772905772\"><a href=\"https:\/\/www.whatsapp.com\/channel\/0029VbCBmFB9WtBxJsD3eC2i\" target=\"_blank\" aria-label=\"5\"><img src=\"https:\/\/i0.wp.com\/www.todoalfalfa.com.ar\/noticias\/wp-content\/uploads\/2026\/04\/5.gif?fit=728%2C90&#038;ssl=1\" alt=\"\"  width=\"728\" height=\"90\"   \/><\/a><\/div>","protected":false},"excerpt":{"rendered":"<p>Esta leguminosa, conocida por su alto valor nutricional, ha sido un pilar en la alimentaci\u00f3n tanto animal como humana a lo largo de la historia. Su rico perfil vitam\u00ednico y mineral, junto con sus propiedades medicinales, la convierten en un alimento excepcional para quienes buscan mejorar su salud. Conoc\u00e9 los beneficios para el consumo humano, como incluirla en tu dieta y las precauciones a tener en cuenta.<\/p>\n","protected":false},"author":9,"featured_media":50285,"comment_status":"closed","ping_status":"open","sticky":false,"template":"","format":"standard","meta":{"jetpack_post_was_ever_published":false,"_jetpack_newsletter_access":"","_jetpack_dont_email_post_to_subs":false,"_jetpack_newsletter_tier_id":0,"_jetpack_memberships_contains_paywalled_content":false,"_jetpack_memberships_contains_paid_content":false,"footnotes":""},"categories":[2],"tags":[31,1256,1135,1802,21],"class_list":["post-50284","post","type-post","status-publish","format-standard","has-post-thumbnail","hentry","category-generales","tag-alfalfa","tag-beneficios","tag-consumo-humano","tag-inti","tag-produccion"],"yoast_head":"<!-- This site is optimized with the Yoast SEO plugin v25.5 - https:\/\/yoast.com\/wordpress\/plugins\/seo\/ -->\n<title>La alfalfa, un alimento recomendable para el consumo humano\u00a0<\/title>\n<meta name=\"robots\" content=\"index, follow, max-snippet:-1, max-image-preview:large, max-video-preview:-1\" \/>\n<link rel=\"canonical\" href=\"https:\/\/www.todoalfalfa.com.ar\/noticias\/la-alfalfa-un-alimento-recomendable-para-el-consumo-humano\/\" \/>\n<meta property=\"og:locale\" content=\"es_ES\" \/>\n<meta property=\"og:type\" content=\"article\" \/>\n<meta property=\"og:title\" content=\"La alfalfa, un alimento recomendable para el consumo humano\u00a0\" \/>\n<meta property=\"og:description\" content=\"Esta leguminosa, conocida por su alto valor nutricional, ha sido un pilar en la alimentaci\u00f3n tanto animal como humana a lo largo de la historia. Su rico perfil vitam\u00ednico y mineral, junto con sus propiedades medicinales, la convierten en un alimento excepcional para quienes buscan mejorar su salud. Conoc\u00e9 los beneficios para el consumo humano, como incluirla en tu dieta y las precauciones a tener en cuenta.\" \/>\n<meta property=\"og:url\" content=\"https:\/\/www.todoalfalfa.com.ar\/noticias\/la-alfalfa-un-alimento-recomendable-para-el-consumo-humano\/\" \/>\n<meta property=\"og:site_name\" content=\"Todo Alfalfa\" \/>\n<meta property=\"article:publisher\" content=\"https:\/\/www.facebook.com\/todoalfalfa\" \/>\n<meta property=\"article:published_time\" content=\"2025-09-12T01:51:03+00:00\" \/>\n<meta property=\"article:modified_time\" content=\"2025-09-12T11:09:46+00:00\" \/>\n<meta property=\"og:image\" content=\"https:\/\/www.todoalfalfa.com.ar\/noticias\/wp-content\/uploads\/2025\/09\/germinados-de-alfalfa.jpg\" \/>\n\t<meta property=\"og:image:width\" content=\"1000\" \/>\n\t<meta property=\"og:image:height\" content=\"631\" \/>\n\t<meta property=\"og:image:type\" content=\"image\/jpeg\" \/>\n<meta name=\"author\" content=\"Todo Alfalfa\" \/>\n<meta name=\"twitter:card\" content=\"summary_large_image\" \/>\n<meta name=\"twitter:label1\" content=\"Escrito por\" \/>\n\t<meta name=\"twitter:data1\" content=\"Todo Alfalfa\" \/>\n\t<meta name=\"twitter:label2\" content=\"Tiempo de lectura\" \/>\n\t<meta name=\"twitter:data2\" content=\"4 minutos\" \/>\n<script type=\"application\/ld+json\" class=\"yoast-schema-graph\">{\"@context\":\"https:\/\/schema.org\",\"@graph\":[{\"@type\":\"NewsArticle\",\"@id\":\"https:\/\/www.todoalfalfa.com.ar\/noticias\/la-alfalfa-un-alimento-recomendable-para-el-consumo-humano\/#article\",\"isPartOf\":{\"@id\":\"https:\/\/www.todoalfalfa.com.ar\/noticias\/la-alfalfa-un-alimento-recomendable-para-el-consumo-humano\/\"},\"author\":{\"name\":\"Todo Alfalfa\",\"@id\":\"https:\/\/www.todoalfalfa.com.ar\/noticias\/#\/schema\/person\/99de93cb711c7015ef658e5321ba9f18\"},\"headline\":\"La alfalfa, un alimento recomendable para el consumo humano\u00a0\",\"datePublished\":\"2025-09-12T01:51:03+00:00\",\"dateModified\":\"2025-09-12T11:09:46+00:00\",\"mainEntityOfPage\":{\"@id\":\"https:\/\/www.todoalfalfa.com.ar\/noticias\/la-alfalfa-un-alimento-recomendable-para-el-consumo-humano\/\"},\"wordCount\":872,\"publisher\":{\"@id\":\"https:\/\/www.todoalfalfa.com.ar\/noticias\/#organization\"},\"image\":{\"@id\":\"https:\/\/www.todoalfalfa.com.ar\/noticias\/la-alfalfa-un-alimento-recomendable-para-el-consumo-humano\/#primaryimage\"},\"thumbnailUrl\":\"https:\/\/i0.wp.com\/www.todoalfalfa.com.ar\/noticias\/wp-content\/uploads\/2025\/09\/germinados-de-alfalfa.jpg?fit=1000%2C631&ssl=1\",\"keywords\":[\"alfalfa\",\"beneficios\",\"consumo humano\",\"INTI\",\"producci\u00f3n\"],\"articleSection\":[\"Generales\"],\"inLanguage\":\"es\"},{\"@type\":[\"WebPage\",\"ItemPage\"],\"@id\":\"https:\/\/www.todoalfalfa.com.ar\/noticias\/la-alfalfa-un-alimento-recomendable-para-el-consumo-humano\/\",\"url\":\"https:\/\/www.todoalfalfa.com.ar\/noticias\/la-alfalfa-un-alimento-recomendable-para-el-consumo-humano\/\",\"name\":\"La alfalfa, un alimento recomendable para el consumo humano\u00a0\",\"isPartOf\":{\"@id\":\"https:\/\/www.todoalfalfa.com.ar\/noticias\/#website\"},\"primaryImageOfPage\":{\"@id\":\"https:\/\/www.todoalfalfa.com.ar\/noticias\/la-alfalfa-un-alimento-recomendable-para-el-consumo-humano\/#primaryimage\"},\"image\":{\"@id\":\"https:\/\/www.todoalfalfa.com.ar\/noticias\/la-alfalfa-un-alimento-recomendable-para-el-consumo-humano\/#primaryimage\"},\"thumbnailUrl\":\"https:\/\/i0.wp.com\/www.todoalfalfa.com.ar\/noticias\/wp-content\/uploads\/2025\/09\/germinados-de-alfalfa.jpg?fit=1000%2C631&ssl=1\",\"datePublished\":\"2025-09-12T01:51:03+00:00\",\"dateModified\":\"2025-09-12T11:09:46+00:00\",\"breadcrumb\":{\"@id\":\"https:\/\/www.todoalfalfa.com.ar\/noticias\/la-alfalfa-un-alimento-recomendable-para-el-consumo-humano\/#breadcrumb\"},\"inLanguage\":\"es\",\"potentialAction\":[{\"@type\":\"ReadAction\",\"target\":[\"https:\/\/www.todoalfalfa.com.ar\/noticias\/la-alfalfa-un-alimento-recomendable-para-el-consumo-humano\/\"]}]},{\"@type\":\"ImageObject\",\"inLanguage\":\"es\",\"@id\":\"https:\/\/www.todoalfalfa.com.ar\/noticias\/la-alfalfa-un-alimento-recomendable-para-el-consumo-humano\/#primaryimage\",\"url\":\"https:\/\/i0.wp.com\/www.todoalfalfa.com.ar\/noticias\/wp-content\/uploads\/2025\/09\/germinados-de-alfalfa.jpg?fit=1000%2C631&ssl=1\",\"contentUrl\":\"https:\/\/i0.wp.com\/www.todoalfalfa.com.ar\/noticias\/wp-content\/uploads\/2025\/09\/germinados-de-alfalfa.jpg?fit=1000%2C631&ssl=1\",\"width\":1000,\"height\":631},{\"@type\":\"BreadcrumbList\",\"@id\":\"https:\/\/www.todoalfalfa.com.ar\/noticias\/la-alfalfa-un-alimento-recomendable-para-el-consumo-humano\/#breadcrumb\",\"itemListElement\":[{\"@type\":\"ListItem\",\"position\":1,\"name\":\"Principal\",\"item\":\"https:\/\/www.todoalfalfa.com.ar\/noticias\/\"},{\"@type\":\"ListItem\",\"position\":2,\"name\":\"La alfalfa, un alimento recomendable para el consumo humano\u00a0\"}]},{\"@type\":\"WebSite\",\"@id\":\"https:\/\/www.todoalfalfa.com.ar\/noticias\/#website\",\"url\":\"https:\/\/www.todoalfalfa.com.ar\/noticias\/\",\"name\":\"Todo Alfalfa\",\"description\":\"Web informativa de la cadena de la alfalfa argentina\",\"publisher\":{\"@id\":\"https:\/\/www.todoalfalfa.com.ar\/noticias\/#organization\"},\"potentialAction\":[{\"@type\":\"SearchAction\",\"target\":{\"@type\":\"EntryPoint\",\"urlTemplate\":\"https:\/\/www.todoalfalfa.com.ar\/noticias\/?s={search_term_string}\"},\"query-input\":{\"@type\":\"PropertyValueSpecification\",\"valueRequired\":true,\"valueName\":\"search_term_string\"}}],\"inLanguage\":\"es\"},{\"@type\":\"Organization\",\"@id\":\"https:\/\/www.todoalfalfa.com.ar\/noticias\/#organization\",\"name\":\"Todo Alfalfa\",\"url\":\"https:\/\/www.todoalfalfa.com.ar\/noticias\/\",\"logo\":{\"@type\":\"ImageObject\",\"inLanguage\":\"es\",\"@id\":\"https:\/\/www.todoalfalfa.com.ar\/noticias\/#\/schema\/logo\/image\/\",\"url\":\"https:\/\/www.todoalfalfa.com.ar\/noticias\/wp-content\/uploads\/2020\/09\/logo-todo-alfalfa-modificado.png\",\"contentUrl\":\"https:\/\/www.todoalfalfa.com.ar\/noticias\/wp-content\/uploads\/2020\/09\/logo-todo-alfalfa-modificado.png\",\"width\":350,\"height\":100,\"caption\":\"Todo Alfalfa\"},\"image\":{\"@id\":\"https:\/\/www.todoalfalfa.com.ar\/noticias\/#\/schema\/logo\/image\/\"},\"sameAs\":[\"https:\/\/www.facebook.com\/todoalfalfa\",\"https:\/\/www.instagram.com\/todoalfalfa\",\"https:\/\/www.youtube.com\/@TodoAlfalfa\",\"https:\/\/www.linkedin.com\/company\/todoalfalfa\/\"]},{\"@type\":\"Person\",\"@id\":\"https:\/\/www.todoalfalfa.com.ar\/noticias\/#\/schema\/person\/99de93cb711c7015ef658e5321ba9f18\",\"name\":\"Todo Alfalfa\",\"image\":{\"@type\":\"ImageObject\",\"inLanguage\":\"es\",\"@id\":\"https:\/\/www.todoalfalfa.com.ar\/noticias\/#\/schema\/person\/image\/\",\"url\":\"https:\/\/secure.gravatar.com\/avatar\/50ffd12fb7b268bc2467160730786602db252a270c63104e7c19b5f67b8dd346?s=96&d=mm&r=g\",\"contentUrl\":\"https:\/\/secure.gravatar.com\/avatar\/50ffd12fb7b268bc2467160730786602db252a270c63104e7c19b5f67b8dd346?s=96&d=mm&r=g\",\"caption\":\"Todo Alfalfa\"},\"url\":\"https:\/\/www.todoalfalfa.com.ar\/noticias\/author\/osvaldoiachetta\/\"}]}<\/script>\n<!-- \/ Yoast SEO plugin. -->","yoast_head_json":{"title":"La alfalfa, un alimento recomendable para el consumo humano\u00a0","robots":{"index":"index","follow":"follow","max-snippet":"max-snippet:-1","max-image-preview":"max-image-preview:large","max-video-preview":"max-video-preview:-1"},"canonical":"https:\/\/www.todoalfalfa.com.ar\/noticias\/la-alfalfa-un-alimento-recomendable-para-el-consumo-humano\/","og_locale":"es_ES","og_type":"article","og_title":"La alfalfa, un alimento recomendable para el consumo humano\u00a0","og_description":"Esta leguminosa, conocida por su alto valor nutricional, ha sido un pilar en la alimentaci\u00f3n tanto animal como humana a lo largo de la historia. Su rico perfil vitam\u00ednico y mineral, junto con sus propiedades medicinales, la convierten en un alimento excepcional para quienes buscan mejorar su salud. Conoc\u00e9 los beneficios para el consumo humano, como incluirla en tu dieta y las precauciones a tener en cuenta.","og_url":"https:\/\/www.todoalfalfa.com.ar\/noticias\/la-alfalfa-un-alimento-recomendable-para-el-consumo-humano\/","og_site_name":"Todo Alfalfa","article_publisher":"https:\/\/www.facebook.com\/todoalfalfa","article_published_time":"2025-09-12T01:51:03+00:00","article_modified_time":"2025-09-12T11:09:46+00:00","og_image":[{"width":1000,"height":631,"url":"https:\/\/www.todoalfalfa.com.ar\/noticias\/wp-content\/uploads\/2025\/09\/germinados-de-alfalfa.jpg","type":"image\/jpeg"}],"author":"Todo Alfalfa","twitter_card":"summary_large_image","twitter_misc":{"Escrito por":"Todo Alfalfa","Tiempo de lectura":"4 minutos"},"schema":{"@context":"https:\/\/schema.org","@graph":[{"@type":"NewsArticle","@id":"https:\/\/www.todoalfalfa.com.ar\/noticias\/la-alfalfa-un-alimento-recomendable-para-el-consumo-humano\/#article","isPartOf":{"@id":"https:\/\/www.todoalfalfa.com.ar\/noticias\/la-alfalfa-un-alimento-recomendable-para-el-consumo-humano\/"},"author":{"name":"Todo Alfalfa","@id":"https:\/\/www.todoalfalfa.com.ar\/noticias\/#\/schema\/person\/99de93cb711c7015ef658e5321ba9f18"},"headline":"La alfalfa, un alimento recomendable para el consumo humano\u00a0","datePublished":"2025-09-12T01:51:03+00:00","dateModified":"2025-09-12T11:09:46+00:00","mainEntityOfPage":{"@id":"https:\/\/www.todoalfalfa.com.ar\/noticias\/la-alfalfa-un-alimento-recomendable-para-el-consumo-humano\/"},"wordCount":872,"publisher":{"@id":"https:\/\/www.todoalfalfa.com.ar\/noticias\/#organization"},"image":{"@id":"https:\/\/www.todoalfalfa.com.ar\/noticias\/la-alfalfa-un-alimento-recomendable-para-el-consumo-humano\/#primaryimage"},"thumbnailUrl":"https:\/\/i0.wp.com\/www.todoalfalfa.com.ar\/noticias\/wp-content\/uploads\/2025\/09\/germinados-de-alfalfa.jpg?fit=1000%2C631&ssl=1","keywords":["alfalfa","beneficios","consumo humano","INTI","producci\u00f3n"],"articleSection":["Generales"],"inLanguage":"es"},{"@type":["WebPage","ItemPage"],"@id":"https:\/\/www.todoalfalfa.com.ar\/noticias\/la-alfalfa-un-alimento-recomendable-para-el-consumo-humano\/","url":"https:\/\/www.todoalfalfa.com.ar\/noticias\/la-alfalfa-un-alimento-recomendable-para-el-consumo-humano\/","name":"La alfalfa, un alimento recomendable para el consumo humano\u00a0","isPartOf":{"@id":"https:\/\/www.todoalfalfa.com.ar\/noticias\/#website"},"primaryImageOfPage":{"@id":"https:\/\/www.todoalfalfa.com.ar\/noticias\/la-alfalfa-un-alimento-recomendable-para-el-consumo-humano\/#primaryimage"},"image":{"@id":"https:\/\/www.todoalfalfa.com.ar\/noticias\/la-alfalfa-un-alimento-recomendable-para-el-consumo-humano\/#primaryimage"},"thumbnailUrl":"https:\/\/i0.wp.com\/www.todoalfalfa.com.ar\/noticias\/wp-content\/uploads\/2025\/09\/germinados-de-alfalfa.jpg?fit=1000%2C631&ssl=1","datePublished":"2025-09-12T01:51:03+00:00","dateModified":"2025-09-12T11:09:46+00:00","breadcrumb":{"@id":"https:\/\/www.todoalfalfa.com.ar\/noticias\/la-alfalfa-un-alimento-recomendable-para-el-consumo-humano\/#breadcrumb"},"inLanguage":"es","potentialAction":[{"@type":"ReadAction","target":["https:\/\/www.todoalfalfa.com.ar\/noticias\/la-alfalfa-un-alimento-recomendable-para-el-consumo-humano\/"]}]},{"@type":"ImageObject","inLanguage":"es","@id":"https:\/\/www.todoalfalfa.com.ar\/noticias\/la-alfalfa-un-alimento-recomendable-para-el-consumo-humano\/#primaryimage","url":"https:\/\/i0.wp.com\/www.todoalfalfa.com.ar\/noticias\/wp-content\/uploads\/2025\/09\/germinados-de-alfalfa.jpg?fit=1000%2C631&ssl=1","contentUrl":"https:\/\/i0.wp.com\/www.todoalfalfa.com.ar\/noticias\/wp-content\/uploads\/2025\/09\/germinados-de-alfalfa.jpg?fit=1000%2C631&ssl=1","width":1000,"height":631},{"@type":"BreadcrumbList","@id":"https:\/\/www.todoalfalfa.com.ar\/noticias\/la-alfalfa-un-alimento-recomendable-para-el-consumo-humano\/#breadcrumb","itemListElement":[{"@type":"ListItem","position":1,"name":"Principal","item":"https:\/\/www.todoalfalfa.com.ar\/noticias\/"},{"@type":"ListItem","position":2,"name":"La alfalfa, un alimento recomendable para el consumo humano\u00a0"}]},{"@type":"WebSite","@id":"https:\/\/www.todoalfalfa.com.ar\/noticias\/#website","url":"https:\/\/www.todoalfalfa.com.ar\/noticias\/","name":"Todo Alfalfa","description":"Web informativa de la cadena de la alfalfa argentina","publisher":{"@id":"https:\/\/www.todoalfalfa.com.ar\/noticias\/#organization"},"potentialAction":[{"@type":"SearchAction","target":{"@type":"EntryPoint","urlTemplate":"https:\/\/www.todoalfalfa.com.ar\/noticias\/?s={search_term_string}"},"query-input":{"@type":"PropertyValueSpecification","valueRequired":true,"valueName":"search_term_string"}}],"inLanguage":"es"},{"@type":"Organization","@id":"https:\/\/www.todoalfalfa.com.ar\/noticias\/#organization","name":"Todo Alfalfa","url":"https:\/\/www.todoalfalfa.com.ar\/noticias\/","logo":{"@type":"ImageObject","inLanguage":"es","@id":"https:\/\/www.todoalfalfa.com.ar\/noticias\/#\/schema\/logo\/image\/","url":"https:\/\/www.todoalfalfa.com.ar\/noticias\/wp-content\/uploads\/2020\/09\/logo-todo-alfalfa-modificado.png","contentUrl":"https:\/\/www.todoalfalfa.com.ar\/noticias\/wp-content\/uploads\/2020\/09\/logo-todo-alfalfa-modificado.png","width":350,"height":100,"caption":"Todo Alfalfa"},"image":{"@id":"https:\/\/www.todoalfalfa.com.ar\/noticias\/#\/schema\/logo\/image\/"},"sameAs":["https:\/\/www.facebook.com\/todoalfalfa","https:\/\/www.instagram.com\/todoalfalfa","https:\/\/www.youtube.com\/@TodoAlfalfa","https:\/\/www.linkedin.com\/company\/todoalfalfa\/"]},{"@type":"Person","@id":"https:\/\/www.todoalfalfa.com.ar\/noticias\/#\/schema\/person\/99de93cb711c7015ef658e5321ba9f18","name":"Todo Alfalfa","image":{"@type":"ImageObject","inLanguage":"es","@id":"https:\/\/www.todoalfalfa.com.ar\/noticias\/#\/schema\/person\/image\/","url":"https:\/\/secure.gravatar.com\/avatar\/50ffd12fb7b268bc2467160730786602db252a270c63104e7c19b5f67b8dd346?s=96&d=mm&r=g","contentUrl":"https:\/\/secure.gravatar.com\/avatar\/50ffd12fb7b268bc2467160730786602db252a270c63104e7c19b5f67b8dd346?s=96&d=mm&r=g","caption":"Todo Alfalfa"},"url":"https:\/\/www.todoalfalfa.com.ar\/noticias\/author\/osvaldoiachetta\/"}]}},"jetpack_featured_media_url":"https:\/\/i0.wp.com\/www.todoalfalfa.com.ar\/noticias\/wp-content\/uploads\/2025\/09\/germinados-de-alfalfa.jpg?fit=1000%2C631&ssl=1","wps_subtitle":"","jetpack_sharing_enabled":true,"_links":{"self":[{"href":"https:\/\/www.todoalfalfa.com.ar\/noticias\/wp-json\/wp\/v2\/posts\/50284","targetHints":{"allow":["GET"]}}],"collection":[{"href":"https:\/\/www.todoalfalfa.com.ar\/noticias\/wp-json\/wp\/v2\/posts"}],"about":[{"href":"https:\/\/www.todoalfalfa.com.ar\/noticias\/wp-json\/wp\/v2\/types\/post"}],"author":[{"embeddable":true,"href":"https:\/\/www.todoalfalfa.com.ar\/noticias\/wp-json\/wp\/v2\/users\/9"}],"replies":[{"embeddable":true,"href":"https:\/\/www.todoalfalfa.com.ar\/noticias\/wp-json\/wp\/v2\/comments?post=50284"}],"version-history":[{"count":1,"href":"https:\/\/www.todoalfalfa.com.ar\/noticias\/wp-json\/wp\/v2\/posts\/50284\/revisions"}],"predecessor-version":[{"id":50286,"href":"https:\/\/www.todoalfalfa.com.ar\/noticias\/wp-json\/wp\/v2\/posts\/50284\/revisions\/50286"}],"wp:featuredmedia":[{"embeddable":true,"href":"https:\/\/www.todoalfalfa.com.ar\/noticias\/wp-json\/wp\/v2\/media\/50285"}],"wp:attachment":[{"href":"https:\/\/www.todoalfalfa.com.ar\/noticias\/wp-json\/wp\/v2\/media?parent=50284"}],"wp:term":[{"taxonomy":"category","embeddable":true,"href":"https:\/\/www.todoalfalfa.com.ar\/noticias\/wp-json\/wp\/v2\/categories?post=50284"},{"taxonomy":"post_tag","embeddable":true,"href":"https:\/\/www.todoalfalfa.com.ar\/noticias\/wp-json\/wp\/v2\/tags?post=50284"}],"curies":[{"name":"wp","href":"https:\/\/api.w.org\/{rel}","templated":true}]}}