{"id":50287,"date":"2025-09-11T23:14:07","date_gmt":"2025-09-12T02:14:07","guid":{"rendered":"https:\/\/www.todoalfalfa.com.ar\/noticias\/?p=50287"},"modified":"2025-09-12T08:09:26","modified_gmt":"2025-09-12T11:09:26","slug":"el-sector-va-a-encontrar-un-problema-de-crecimiento","status":"publish","type":"post","link":"https:\/\/www.todoalfalfa.com.ar\/noticias\/el-sector-va-a-encontrar-un-problema-de-crecimiento\/","title":{"rendered":"\u201cEl sector va a encontrar un problema de crecimiento\u201d"},"content":{"rendered":"\n<p>El momento que atraviesa el sector alfalfero \u201cva a encontrar un problema de crecimiento\u201d, asegura Gast\u00f3n Urrets Zaval\u00eda, ingeniero agr\u00f3nomo y referente del INTA en di\u00e1logo con TodoAlfalfa.&nbsp;<\/p>\n\n\n\n<p>En el marco del Congreso Forrajero que se desarroll\u00f3 en C\u00f3rdoba capital, lo abordamos y analizamos la actualidad. \u201cEstamos notando una maduraci\u00f3n de mercado, por ejemplo, la valoraci\u00f3n del producto por precio por kilo y seg\u00fan calidad\u201d, es un buen indicio.<\/p>\n\n\n\n<p>Adem\u00e1s, agreg\u00f3 que hay cosas como \u201cla adopci\u00f3n tecnol\u00f3gica que antes no suced\u00edan. Antes era impensada hablar de foliares para alfalfa\u201d.&nbsp;<\/p>\n\n\n\n<p>Se declar\u00f3 el a\u00f1o del \u201crastrillo girosc\u00f3pico\u201d indic\u00f3 y dijo que esos saltos tecnol\u00f3gicos que hace cinco a\u00f1os no los veias, hoy son muy positivos. Sin embargo, \u201cla masificaci\u00f3n de la producci\u00f3n va a generar una sobre oferta que llevar\u00e1 a bajar precios\u201d, adelanta Urrets Zaval\u00eda.<\/p>\n\n\n\n<p>Por eso es clave tener herramientas, alternativas, soluciones a esos problemas para que la alfalfa sea secada, industrializada y exportada.<\/p>\n\n\n\n<p>Para el gerente del Cl\u00faster de Alfalfa de C\u00f3rdoba, \u201csi vos te vas a meter en la alfalfa, ten\u00e9s que ser consciente de los riesgos, las dificultades.. Es un negocio muy interesante, pero tambi\u00e9n es artesanal y es para apasionados\u201d.&nbsp;<\/p>\n\n\n\n<p>\u201cTen\u00e9s que trabajar de noche esperando la humedad, trabajar con una cantidad de variables que no es solo sembrar, seguir m\u00e1s o menos las malezas y al final cosechar como en los granos (ejemplific\u00f3 la actividad agr\u00edcola muy por arriba), sino que es m\u00e1s parecido al trabajo de un tambo\u201d, apunt\u00f3.<\/p>\n\n\n\n<p>\u201cSiete cortes al a\u00f1o, exigencia de humedad, los problemas, si est\u00e1 muy h\u00famedo, muy seco, si se cae la hoja, m\u00e1s todo el desaf\u00edo del comercial. Entonces, entendemos que es un negocio muy interesante, pero tambi\u00e9n va a pasar eso. Muchos jugadores que entraron por creer que era abollar pasto, van a quedar en el camino. Ahora, los que se profesionalicen, sumen tecnolog\u00eda, se capaciten y se formen, van a encontrar un buen negocio\u00bb, cerr\u00f3.<\/p>\n\n\n\n<p><\/p>\n<div class=\"todoalfalfa-final-de-la-nota\" id=\"todoalfalfa-3493751768\"><a href=\"https:\/\/www.whatsapp.com\/channel\/0029VbCBmFB9WtBxJsD3eC2i\" target=\"_blank\" aria-label=\"5\"><img src=\"https:\/\/i0.wp.com\/www.todoalfalfa.com.ar\/noticias\/wp-content\/uploads\/2026\/04\/5.gif?fit=728%2C90&#038;ssl=1\" alt=\"\"  width=\"728\" height=\"90\"   \/><\/a><\/div>","protected":false},"excerpt":{"rendered":"<p>Lo manifest\u00f3 el ingeniero agr\u00f3nomo Gast\u00f3n Urrets Zaval\u00eda, gerente del Cl\u00faster de Alfalfa de C\u00f3rdoba y referente del INTA Manfredi. En di\u00e1logo con TodoAlfalfa analiz\u00f3 la campa\u00f1a venidera y asegur\u00f3 que \u201cestamos notando una maduraci\u00f3n del mercado\u201d.<\/p>\n","protected":false},"author":9,"featured_media":50296,"comment_status":"closed","ping_status":"open","sticky":false,"template":"","format":"standard","meta":{"jetpack_post_was_ever_published":false,"_jetpack_newsletter_access":"","_jetpack_dont_email_post_to_subs":false,"_jetpack_newsletter_tier_id":0,"_jetpack_memberships_contains_paywalled_content":false,"_jetpack_memberships_contains_paid_content":false,"footnotes":""},"categories":[3],"tags":[31,236,54,68,36,17,21,91],"class_list":["post-50287","post","type-post","status-publish","format-standard","has-post-thumbnail","hentry","category-heno-y-forrajes","tag-alfalfa","tag-exportacion","tag-forrajes","tag-heno","tag-inta","tag-pasturas","tag-produccion","tag-siembra"],"yoast_head":"<!-- This site is optimized with the Yoast SEO plugin v25.5 - https:\/\/yoast.com\/wordpress\/plugins\/seo\/ -->\n<title>\u201cEl sector va a encontrar un problema de crecimiento\u201d<\/title>\n<meta name=\"robots\" content=\"index, follow, max-snippet:-1, max-image-preview:large, max-video-preview:-1\" \/>\n<link rel=\"canonical\" href=\"https:\/\/www.todoalfalfa.com.ar\/noticias\/el-sector-va-a-encontrar-un-problema-de-crecimiento\/\" \/>\n<meta property=\"og:locale\" content=\"es_ES\" \/>\n<meta property=\"og:type\" content=\"article\" \/>\n<meta property=\"og:title\" content=\"\u201cEl sector va a encontrar un problema de crecimiento\u201d\" \/>\n<meta property=\"og:description\" content=\"Lo manifest\u00f3 el ingeniero agr\u00f3nomo Gast\u00f3n Urrets Zaval\u00eda, gerente del Cl\u00faster de Alfalfa de C\u00f3rdoba y referente del INTA Manfredi. En di\u00e1logo con TodoAlfalfa analiz\u00f3 la campa\u00f1a venidera y asegur\u00f3 que \u201cestamos notando una maduraci\u00f3n del mercado\u201d.\" \/>\n<meta property=\"og:url\" content=\"https:\/\/www.todoalfalfa.com.ar\/noticias\/el-sector-va-a-encontrar-un-problema-de-crecimiento\/\" \/>\n<meta property=\"og:site_name\" content=\"Todo Alfalfa\" \/>\n<meta property=\"article:publisher\" content=\"https:\/\/www.facebook.com\/todoalfalfa\" \/>\n<meta property=\"article:published_time\" content=\"2025-09-12T02:14:07+00:00\" \/>\n<meta property=\"article:modified_time\" content=\"2025-09-12T11:09:26+00:00\" \/>\n<meta property=\"og:image\" content=\"https:\/\/www.todoalfalfa.com.ar\/noticias\/wp-content\/uploads\/2025\/09\/Captura-de-pantalla-2025-09-11-231236.png\" \/>\n\t<meta property=\"og:image:width\" content=\"1314\" \/>\n\t<meta property=\"og:image:height\" content=\"748\" \/>\n\t<meta property=\"og:image:type\" content=\"image\/png\" \/>\n<meta name=\"author\" content=\"Todo Alfalfa\" \/>\n<meta name=\"twitter:card\" content=\"summary_large_image\" \/>\n<meta name=\"twitter:label1\" content=\"Escrito por\" \/>\n\t<meta name=\"twitter:data1\" content=\"Todo Alfalfa\" \/>\n\t<meta name=\"twitter:label2\" content=\"Tiempo de lectura\" \/>\n\t<meta name=\"twitter:data2\" content=\"2 minutos\" \/>\n<script type=\"application\/ld+json\" class=\"yoast-schema-graph\">{\"@context\":\"https:\/\/schema.org\",\"@graph\":[{\"@type\":\"NewsArticle\",\"@id\":\"https:\/\/www.todoalfalfa.com.ar\/noticias\/el-sector-va-a-encontrar-un-problema-de-crecimiento\/#article\",\"isPartOf\":{\"@id\":\"https:\/\/www.todoalfalfa.com.ar\/noticias\/el-sector-va-a-encontrar-un-problema-de-crecimiento\/\"},\"author\":{\"name\":\"Todo Alfalfa\",\"@id\":\"https:\/\/www.todoalfalfa.com.ar\/noticias\/#\/schema\/person\/99de93cb711c7015ef658e5321ba9f18\"},\"headline\":\"\u201cEl sector va a encontrar un problema de crecimiento\u201d\",\"datePublished\":\"2025-09-12T02:14:07+00:00\",\"dateModified\":\"2025-09-12T11:09:26+00:00\",\"mainEntityOfPage\":{\"@id\":\"https:\/\/www.todoalfalfa.com.ar\/noticias\/el-sector-va-a-encontrar-un-problema-de-crecimiento\/\"},\"wordCount\":367,\"publisher\":{\"@id\":\"https:\/\/www.todoalfalfa.com.ar\/noticias\/#organization\"},\"image\":{\"@id\":\"https:\/\/www.todoalfalfa.com.ar\/noticias\/el-sector-va-a-encontrar-un-problema-de-crecimiento\/#primaryimage\"},\"thumbnailUrl\":\"https:\/\/i0.wp.com\/www.todoalfalfa.com.ar\/noticias\/wp-content\/uploads\/2025\/09\/Captura-de-pantalla-2025-09-11-231236.png?fit=1314%2C748&ssl=1\",\"keywords\":[\"alfalfa\",\"exportaci\u00f3n\",\"forrajes\",\"heno\",\"inta\",\"pasturas\",\"producci\u00f3n\",\"siembra\"],\"articleSection\":[\"Heno y Forrajes\"],\"inLanguage\":\"es\"},{\"@type\":[\"WebPage\",\"ItemPage\"],\"@id\":\"https:\/\/www.todoalfalfa.com.ar\/noticias\/el-sector-va-a-encontrar-un-problema-de-crecimiento\/\",\"url\":\"https:\/\/www.todoalfalfa.com.ar\/noticias\/el-sector-va-a-encontrar-un-problema-de-crecimiento\/\",\"name\":\"\u201cEl sector va a encontrar un problema de crecimiento\u201d\",\"isPartOf\":{\"@id\":\"https:\/\/www.todoalfalfa.com.ar\/noticias\/#website\"},\"primaryImageOfPage\":{\"@id\":\"https:\/\/www.todoalfalfa.com.ar\/noticias\/el-sector-va-a-encontrar-un-problema-de-crecimiento\/#primaryimage\"},\"image\":{\"@id\":\"https:\/\/www.todoalfalfa.com.ar\/noticias\/el-sector-va-a-encontrar-un-problema-de-crecimiento\/#primaryimage\"},\"thumbnailUrl\":\"https:\/\/i0.wp.com\/www.todoalfalfa.com.ar\/noticias\/wp-content\/uploads\/2025\/09\/Captura-de-pantalla-2025-09-11-231236.png?fit=1314%2C748&ssl=1\",\"datePublished\":\"2025-09-12T02:14:07+00:00\",\"dateModified\":\"2025-09-12T11:09:26+00:00\",\"breadcrumb\":{\"@id\":\"https:\/\/www.todoalfalfa.com.ar\/noticias\/el-sector-va-a-encontrar-un-problema-de-crecimiento\/#breadcrumb\"},\"inLanguage\":\"es\",\"potentialAction\":[{\"@type\":\"ReadAction\",\"target\":[\"https:\/\/www.todoalfalfa.com.ar\/noticias\/el-sector-va-a-encontrar-un-problema-de-crecimiento\/\"]}]},{\"@type\":\"ImageObject\",\"inLanguage\":\"es\",\"@id\":\"https:\/\/www.todoalfalfa.com.ar\/noticias\/el-sector-va-a-encontrar-un-problema-de-crecimiento\/#primaryimage\",\"url\":\"https:\/\/i0.wp.com\/www.todoalfalfa.com.ar\/noticias\/wp-content\/uploads\/2025\/09\/Captura-de-pantalla-2025-09-11-231236.png?fit=1314%2C748&ssl=1\",\"contentUrl\":\"https:\/\/i0.wp.com\/www.todoalfalfa.com.ar\/noticias\/wp-content\/uploads\/2025\/09\/Captura-de-pantalla-2025-09-11-231236.png?fit=1314%2C748&ssl=1\",\"width\":1314,\"height\":748},{\"@type\":\"BreadcrumbList\",\"@id\":\"https:\/\/www.todoalfalfa.com.ar\/noticias\/el-sector-va-a-encontrar-un-problema-de-crecimiento\/#breadcrumb\",\"itemListElement\":[{\"@type\":\"ListItem\",\"position\":1,\"name\":\"Principal\",\"item\":\"https:\/\/www.todoalfalfa.com.ar\/noticias\/\"},{\"@type\":\"ListItem\",\"position\":2,\"name\":\"\u201cEl sector va a encontrar un problema de crecimiento\u201d\"}]},{\"@type\":\"WebSite\",\"@id\":\"https:\/\/www.todoalfalfa.com.ar\/noticias\/#website\",\"url\":\"https:\/\/www.todoalfalfa.com.ar\/noticias\/\",\"name\":\"Todo Alfalfa\",\"description\":\"Web informativa de la cadena de la alfalfa argentina\",\"publisher\":{\"@id\":\"https:\/\/www.todoalfalfa.com.ar\/noticias\/#organization\"},\"potentialAction\":[{\"@type\":\"SearchAction\",\"target\":{\"@type\":\"EntryPoint\",\"urlTemplate\":\"https:\/\/www.todoalfalfa.com.ar\/noticias\/?s={search_term_string}\"},\"query-input\":{\"@type\":\"PropertyValueSpecification\",\"valueRequired\":true,\"valueName\":\"search_term_string\"}}],\"inLanguage\":\"es\"},{\"@type\":\"Organization\",\"@id\":\"https:\/\/www.todoalfalfa.com.ar\/noticias\/#organization\",\"name\":\"Todo Alfalfa\",\"url\":\"https:\/\/www.todoalfalfa.com.ar\/noticias\/\",\"logo\":{\"@type\":\"ImageObject\",\"inLanguage\":\"es\",\"@id\":\"https:\/\/www.todoalfalfa.com.ar\/noticias\/#\/schema\/logo\/image\/\",\"url\":\"https:\/\/www.todoalfalfa.com.ar\/noticias\/wp-content\/uploads\/2020\/09\/logo-todo-alfalfa-modificado.png\",\"contentUrl\":\"https:\/\/www.todoalfalfa.com.ar\/noticias\/wp-content\/uploads\/2020\/09\/logo-todo-alfalfa-modificado.png\",\"width\":350,\"height\":100,\"caption\":\"Todo Alfalfa\"},\"image\":{\"@id\":\"https:\/\/www.todoalfalfa.com.ar\/noticias\/#\/schema\/logo\/image\/\"},\"sameAs\":[\"https:\/\/www.facebook.com\/todoalfalfa\",\"https:\/\/www.instagram.com\/todoalfalfa\",\"https:\/\/www.youtube.com\/@TodoAlfalfa\",\"https:\/\/www.linkedin.com\/company\/todoalfalfa\/\"]},{\"@type\":\"Person\",\"@id\":\"https:\/\/www.todoalfalfa.com.ar\/noticias\/#\/schema\/person\/99de93cb711c7015ef658e5321ba9f18\",\"name\":\"Todo Alfalfa\",\"image\":{\"@type\":\"ImageObject\",\"inLanguage\":\"es\",\"@id\":\"https:\/\/www.todoalfalfa.com.ar\/noticias\/#\/schema\/person\/image\/\",\"url\":\"https:\/\/secure.gravatar.com\/avatar\/50ffd12fb7b268bc2467160730786602db252a270c63104e7c19b5f67b8dd346?s=96&d=mm&r=g\",\"contentUrl\":\"https:\/\/secure.gravatar.com\/avatar\/50ffd12fb7b268bc2467160730786602db252a270c63104e7c19b5f67b8dd346?s=96&d=mm&r=g\",\"caption\":\"Todo Alfalfa\"},\"url\":\"https:\/\/www.todoalfalfa.com.ar\/noticias\/author\/osvaldoiachetta\/\"}]}<\/script>\n<!-- \/ Yoast SEO plugin. -->","yoast_head_json":{"title":"\u201cEl sector va a encontrar un problema de crecimiento\u201d","robots":{"index":"index","follow":"follow","max-snippet":"max-snippet:-1","max-image-preview":"max-image-preview:large","max-video-preview":"max-video-preview:-1"},"canonical":"https:\/\/www.todoalfalfa.com.ar\/noticias\/el-sector-va-a-encontrar-un-problema-de-crecimiento\/","og_locale":"es_ES","og_type":"article","og_title":"\u201cEl sector va a encontrar un problema de crecimiento\u201d","og_description":"Lo manifest\u00f3 el ingeniero agr\u00f3nomo Gast\u00f3n Urrets Zaval\u00eda, gerente del Cl\u00faster de Alfalfa de C\u00f3rdoba y referente del INTA Manfredi. En di\u00e1logo con TodoAlfalfa analiz\u00f3 la campa\u00f1a venidera y asegur\u00f3 que \u201cestamos notando una maduraci\u00f3n del mercado\u201d.","og_url":"https:\/\/www.todoalfalfa.com.ar\/noticias\/el-sector-va-a-encontrar-un-problema-de-crecimiento\/","og_site_name":"Todo Alfalfa","article_publisher":"https:\/\/www.facebook.com\/todoalfalfa","article_published_time":"2025-09-12T02:14:07+00:00","article_modified_time":"2025-09-12T11:09:26+00:00","og_image":[{"width":1314,"height":748,"url":"https:\/\/www.todoalfalfa.com.ar\/noticias\/wp-content\/uploads\/2025\/09\/Captura-de-pantalla-2025-09-11-231236.png","type":"image\/png"}],"author":"Todo Alfalfa","twitter_card":"summary_large_image","twitter_misc":{"Escrito por":"Todo Alfalfa","Tiempo de lectura":"2 minutos"},"schema":{"@context":"https:\/\/schema.org","@graph":[{"@type":"NewsArticle","@id":"https:\/\/www.todoalfalfa.com.ar\/noticias\/el-sector-va-a-encontrar-un-problema-de-crecimiento\/#article","isPartOf":{"@id":"https:\/\/www.todoalfalfa.com.ar\/noticias\/el-sector-va-a-encontrar-un-problema-de-crecimiento\/"},"author":{"name":"Todo Alfalfa","@id":"https:\/\/www.todoalfalfa.com.ar\/noticias\/#\/schema\/person\/99de93cb711c7015ef658e5321ba9f18"},"headline":"\u201cEl sector va a encontrar un problema de crecimiento\u201d","datePublished":"2025-09-12T02:14:07+00:00","dateModified":"2025-09-12T11:09:26+00:00","mainEntityOfPage":{"@id":"https:\/\/www.todoalfalfa.com.ar\/noticias\/el-sector-va-a-encontrar-un-problema-de-crecimiento\/"},"wordCount":367,"publisher":{"@id":"https:\/\/www.todoalfalfa.com.ar\/noticias\/#organization"},"image":{"@id":"https:\/\/www.todoalfalfa.com.ar\/noticias\/el-sector-va-a-encontrar-un-problema-de-crecimiento\/#primaryimage"},"thumbnailUrl":"https:\/\/i0.wp.com\/www.todoalfalfa.com.ar\/noticias\/wp-content\/uploads\/2025\/09\/Captura-de-pantalla-2025-09-11-231236.png?fit=1314%2C748&ssl=1","keywords":["alfalfa","exportaci\u00f3n","forrajes","heno","inta","pasturas","producci\u00f3n","siembra"],"articleSection":["Heno y Forrajes"],"inLanguage":"es"},{"@type":["WebPage","ItemPage"],"@id":"https:\/\/www.todoalfalfa.com.ar\/noticias\/el-sector-va-a-encontrar-un-problema-de-crecimiento\/","url":"https:\/\/www.todoalfalfa.com.ar\/noticias\/el-sector-va-a-encontrar-un-problema-de-crecimiento\/","name":"\u201cEl sector va a encontrar un problema de crecimiento\u201d","isPartOf":{"@id":"https:\/\/www.todoalfalfa.com.ar\/noticias\/#website"},"primaryImageOfPage":{"@id":"https:\/\/www.todoalfalfa.com.ar\/noticias\/el-sector-va-a-encontrar-un-problema-de-crecimiento\/#primaryimage"},"image":{"@id":"https:\/\/www.todoalfalfa.com.ar\/noticias\/el-sector-va-a-encontrar-un-problema-de-crecimiento\/#primaryimage"},"thumbnailUrl":"https:\/\/i0.wp.com\/www.todoalfalfa.com.ar\/noticias\/wp-content\/uploads\/2025\/09\/Captura-de-pantalla-2025-09-11-231236.png?fit=1314%2C748&ssl=1","datePublished":"2025-09-12T02:14:07+00:00","dateModified":"2025-09-12T11:09:26+00:00","breadcrumb":{"@id":"https:\/\/www.todoalfalfa.com.ar\/noticias\/el-sector-va-a-encontrar-un-problema-de-crecimiento\/#breadcrumb"},"inLanguage":"es","potentialAction":[{"@type":"ReadAction","target":["https:\/\/www.todoalfalfa.com.ar\/noticias\/el-sector-va-a-encontrar-un-problema-de-crecimiento\/"]}]},{"@type":"ImageObject","inLanguage":"es","@id":"https:\/\/www.todoalfalfa.com.ar\/noticias\/el-sector-va-a-encontrar-un-problema-de-crecimiento\/#primaryimage","url":"https:\/\/i0.wp.com\/www.todoalfalfa.com.ar\/noticias\/wp-content\/uploads\/2025\/09\/Captura-de-pantalla-2025-09-11-231236.png?fit=1314%2C748&ssl=1","contentUrl":"https:\/\/i0.wp.com\/www.todoalfalfa.com.ar\/noticias\/wp-content\/uploads\/2025\/09\/Captura-de-pantalla-2025-09-11-231236.png?fit=1314%2C748&ssl=1","width":1314,"height":748},{"@type":"BreadcrumbList","@id":"https:\/\/www.todoalfalfa.com.ar\/noticias\/el-sector-va-a-encontrar-un-problema-de-crecimiento\/#breadcrumb","itemListElement":[{"@type":"ListItem","position":1,"name":"Principal","item":"https:\/\/www.todoalfalfa.com.ar\/noticias\/"},{"@type":"ListItem","position":2,"name":"\u201cEl sector va a encontrar un problema de crecimiento\u201d"}]},{"@type":"WebSite","@id":"https:\/\/www.todoalfalfa.com.ar\/noticias\/#website","url":"https:\/\/www.todoalfalfa.com.ar\/noticias\/","name":"Todo Alfalfa","description":"Web informativa de la cadena de la alfalfa argentina","publisher":{"@id":"https:\/\/www.todoalfalfa.com.ar\/noticias\/#organization"},"potentialAction":[{"@type":"SearchAction","target":{"@type":"EntryPoint","urlTemplate":"https:\/\/www.todoalfalfa.com.ar\/noticias\/?s={search_term_string}"},"query-input":{"@type":"PropertyValueSpecification","valueRequired":true,"valueName":"search_term_string"}}],"inLanguage":"es"},{"@type":"Organization","@id":"https:\/\/www.todoalfalfa.com.ar\/noticias\/#organization","name":"Todo Alfalfa","url":"https:\/\/www.todoalfalfa.com.ar\/noticias\/","logo":{"@type":"ImageObject","inLanguage":"es","@id":"https:\/\/www.todoalfalfa.com.ar\/noticias\/#\/schema\/logo\/image\/","url":"https:\/\/www.todoalfalfa.com.ar\/noticias\/wp-content\/uploads\/2020\/09\/logo-todo-alfalfa-modificado.png","contentUrl":"https:\/\/www.todoalfalfa.com.ar\/noticias\/wp-content\/uploads\/2020\/09\/logo-todo-alfalfa-modificado.png","width":350,"height":100,"caption":"Todo Alfalfa"},"image":{"@id":"https:\/\/www.todoalfalfa.com.ar\/noticias\/#\/schema\/logo\/image\/"},"sameAs":["https:\/\/www.facebook.com\/todoalfalfa","https:\/\/www.instagram.com\/todoalfalfa","https:\/\/www.youtube.com\/@TodoAlfalfa","https:\/\/www.linkedin.com\/company\/todoalfalfa\/"]},{"@type":"Person","@id":"https:\/\/www.todoalfalfa.com.ar\/noticias\/#\/schema\/person\/99de93cb711c7015ef658e5321ba9f18","name":"Todo Alfalfa","image":{"@type":"ImageObject","inLanguage":"es","@id":"https:\/\/www.todoalfalfa.com.ar\/noticias\/#\/schema\/person\/image\/","url":"https:\/\/secure.gravatar.com\/avatar\/50ffd12fb7b268bc2467160730786602db252a270c63104e7c19b5f67b8dd346?s=96&d=mm&r=g","contentUrl":"https:\/\/secure.gravatar.com\/avatar\/50ffd12fb7b268bc2467160730786602db252a270c63104e7c19b5f67b8dd346?s=96&d=mm&r=g","caption":"Todo Alfalfa"},"url":"https:\/\/www.todoalfalfa.com.ar\/noticias\/author\/osvaldoiachetta\/"}]}},"jetpack_featured_media_url":"https:\/\/i0.wp.com\/www.todoalfalfa.com.ar\/noticias\/wp-content\/uploads\/2025\/09\/Captura-de-pantalla-2025-09-11-231236.png?fit=1314%2C748&ssl=1","wps_subtitle":"","jetpack_sharing_enabled":true,"_links":{"self":[{"href":"https:\/\/www.todoalfalfa.com.ar\/noticias\/wp-json\/wp\/v2\/posts\/50287","targetHints":{"allow":["GET"]}}],"collection":[{"href":"https:\/\/www.todoalfalfa.com.ar\/noticias\/wp-json\/wp\/v2\/posts"}],"about":[{"href":"https:\/\/www.todoalfalfa.com.ar\/noticias\/wp-json\/wp\/v2\/types\/post"}],"author":[{"embeddable":true,"href":"https:\/\/www.todoalfalfa.com.ar\/noticias\/wp-json\/wp\/v2\/users\/9"}],"replies":[{"embeddable":true,"href":"https:\/\/www.todoalfalfa.com.ar\/noticias\/wp-json\/wp\/v2\/comments?post=50287"}],"version-history":[{"count":1,"href":"https:\/\/www.todoalfalfa.com.ar\/noticias\/wp-json\/wp\/v2\/posts\/50287\/revisions"}],"predecessor-version":[{"id":50297,"href":"https:\/\/www.todoalfalfa.com.ar\/noticias\/wp-json\/wp\/v2\/posts\/50287\/revisions\/50297"}],"wp:featuredmedia":[{"embeddable":true,"href":"https:\/\/www.todoalfalfa.com.ar\/noticias\/wp-json\/wp\/v2\/media\/50296"}],"wp:attachment":[{"href":"https:\/\/www.todoalfalfa.com.ar\/noticias\/wp-json\/wp\/v2\/media?parent=50287"}],"wp:term":[{"taxonomy":"category","embeddable":true,"href":"https:\/\/www.todoalfalfa.com.ar\/noticias\/wp-json\/wp\/v2\/categories?post=50287"},{"taxonomy":"post_tag","embeddable":true,"href":"https:\/\/www.todoalfalfa.com.ar\/noticias\/wp-json\/wp\/v2\/tags?post=50287"}],"curies":[{"name":"wp","href":"https:\/\/api.w.org\/{rel}","templated":true}]}}