{"id":51037,"date":"2025-10-24T15:10:36","date_gmt":"2025-10-24T18:10:36","guid":{"rendered":"https:\/\/www.todoalfalfa.com.ar\/noticias\/?p=51037"},"modified":"2025-10-24T15:18:10","modified_gmt":"2025-10-24T18:18:10","slug":"laboulaye-se-posiciona-como-un-polo-alfalfero-en-cordoba","status":"publish","type":"post","link":"https:\/\/www.todoalfalfa.com.ar\/noticias\/laboulaye-se-posiciona-como-un-polo-alfalfero-en-cordoba\/","title":{"rendered":"Laboulaye se posiciona como un polo alfalfero en C\u00f3rdoba"},"content":{"rendered":"\n<p>Con el objetivo de que Argentina triplique su producci\u00f3n de alfalfa y se transforme en un jugador clave en la exportaci\u00f3n de alfalfa, la C\u00e1mara Argentina de la Alfalfa a trav\u00e9s de su presidente, ingeniero Jos\u00e9 Brigante, present\u00f3 un ambicioso plan estrat\u00e9gico dise\u00f1ado para tal fin.&nbsp;<\/p>\n\n\n\n<p>En esa \u201choja de ruta\u201d la provincia de C\u00f3rdoba ser\u00eda el eje para poder desarrollar la propuesta y el ambicioso plan cuenta con el apoyo del gobierno de C\u00f3rdoba, que a trav\u00e9s del Ministerio de Bioagroindustria encabezado por Sergio Busso se puso manos a la obra para lograr implementarlo.<\/p>\n\n\n\n<p>Como primera medida se pens\u00f3 en un \u201ctri\u00e1ngulo productivo\u201d conformado por Rio Cuarto, Villa Mar\u00eda y Laboulaye, esta \u00faltima ciudad ser\u00eda la cabeza de esta idea y desde all\u00ed se impulsar\u00e1 esta propuesta.<\/p>\n\n\n\n<p>En las \u00faltimas horas, en el Centro C\u00edvico de Laboulaye, el ministro de Bioagroindustria Sergio Busso junto al presidente de la C\u00e1mara Argentina de la Alfalfa, Jos\u00e9 Brigante, presentaron el plan ante productores de esa ciudad y la regi\u00f3n quienes se mostraron expectantes y receptivos de la iniciativa.<\/p>\n\n\n\n<div class=\"wp-block-jetpack-slideshow aligncenter\" data-effect=\"slide\" style=\"--aspect-ratio:calc(1024 \/ 768)\"><div class=\"wp-block-jetpack-slideshow_container swiper-container\"><ul class=\"wp-block-jetpack-slideshow_swiper-wrapper swiper-wrapper\"><li class=\"wp-block-jetpack-slideshow_slide swiper-slide\"><figure><img data-recalc-dims=\"1\" fetchpriority=\"high\" decoding=\"async\" width=\"1024\" height=\"768\" alt=\"\" class=\"wp-block-jetpack-slideshow_image wp-image-51038\" data-id=\"51038\" data-aspect-ratio=\"1024 \/ 768\" src=\"https:\/\/i0.wp.com\/www.todoalfalfa.com.ar\/noticias\/wp-content\/uploads\/2025\/10\/20251023_112301.jpg?resize=1024%2C768&#038;ssl=1\" srcset=\"https:\/\/i0.wp.com\/www.todoalfalfa.com.ar\/noticias\/wp-content\/uploads\/2025\/10\/20251023_112301-scaled.jpg?resize=1024%2C768&amp;ssl=1 1024w, https:\/\/i0.wp.com\/www.todoalfalfa.com.ar\/noticias\/wp-content\/uploads\/2025\/10\/20251023_112301-scaled.jpg?resize=300%2C225&amp;ssl=1 300w, https:\/\/i0.wp.com\/www.todoalfalfa.com.ar\/noticias\/wp-content\/uploads\/2025\/10\/20251023_112301-scaled.jpg?resize=768%2C576&amp;ssl=1 768w, https:\/\/i0.wp.com\/www.todoalfalfa.com.ar\/noticias\/wp-content\/uploads\/2025\/10\/20251023_112301-scaled.jpg?resize=1536%2C1152&amp;ssl=1 1536w, https:\/\/i0.wp.com\/www.todoalfalfa.com.ar\/noticias\/wp-content\/uploads\/2025\/10\/20251023_112301-scaled.jpg?resize=2048%2C1536&amp;ssl=1 2048w\" sizes=\"(max-width: 1000px) 100vw, 1000px\" \/><figcaption class=\"wp-block-jetpack-slideshow_caption gallery-caption\">Jos\u00e9 Brigante (CAA) explica el proyecto ante la mirada de Busso y Blanda<\/figcaption><\/figure><\/li><\/ul><a class=\"wp-block-jetpack-slideshow_button-prev swiper-button-prev swiper-button-white\" role=\"button\"><\/a><a class=\"wp-block-jetpack-slideshow_button-next swiper-button-next swiper-button-white\" role=\"button\"><\/a><a aria-label=\"Pause Slideshow\" class=\"wp-block-jetpack-slideshow_button-pause\" role=\"button\"><\/a><div class=\"wp-block-jetpack-slideshow_pagination swiper-pagination swiper-pagination-white\"><\/div><\/div><\/div>\n\n\n\n<p>Tal como adelant\u00f3 en ExpoAlfa C\u00f3rdoba, la provincia se perfila como un polo exportador de alto valor y Argentina debe prepararse para transformarse en un l\u00edder en el mercado global de la alfalfa y triplicar su exportaci\u00f3n.<\/p>\n\n\n\n<p>En ese marco, Brigante explic\u00f3 que se busca \u201cconsolidar polos industriales que no solo agreguen valor en origen, sino que eleven la competitividad internacional de la regi\u00f3n, generando empleo calificado\u201d<\/p>\n\n\n\n<p>El objetivo principal es articular el desarrollo de proyectos para crear un \u201cpolo productivo alfalfero\u201d en una zona geogr\u00e1fica estrat\u00e9gica. Para lograrlo, el plan convoca a una coalici\u00f3n estrat\u00e9gica donde el Gobierno provincial aportar\u00eda el marco regulatorio con sus beneficios impositivos, el INTA el soporte t\u00e9cnico-cient\u00edfico, las universidades la formaci\u00f3n de capital humano y los bancos el capital de inversi\u00f3n necesario para dinamizar el proyecto.<\/p>\n\n\n\n<figure class=\"wp-block-embed is-type-wp-embed is-provider-todo-alfalfa wp-block-embed-todo-alfalfa\"><div class=\"wp-block-embed__wrapper\">\n<blockquote class=\"wp-embedded-content\" data-secret=\"hQv31VY996\"><a href=\"https:\/\/www.todoalfalfa.com.ar\/noticias\/cordoba-se-perfila-como-un-polo-exportador-de-alto-valor\/\">C\u00f3rdoba se perfila como un polo exportador de alto valor<\/a><\/blockquote><iframe class=\"wp-embedded-content\" sandbox=\"allow-scripts\" security=\"restricted\" style=\"position: absolute; visibility: hidden;\" title=\"\u00abC\u00f3rdoba se perfila como un polo exportador de alto valor\u00bb \u2014 Todo Alfalfa\" src=\"https:\/\/www.todoalfalfa.com.ar\/noticias\/cordoba-se-perfila-como-un-polo-exportador-de-alto-valor\/embed\/#?secret=h2bkdj8hHc#?secret=hQv31VY996\" data-secret=\"hQv31VY996\" width=\"500\" height=\"282\" frameborder=\"0\" marginwidth=\"0\" marginheight=\"0\" scrolling=\"no\"><\/iframe>\n<\/div><\/figure>\n\n\n\n<p class=\"has-medium-font-size\"><strong>\u00abTenemos todo para crecer\u00bb<\/strong><\/p>\n\n\n\n<p>Lo manifest\u00f3 el ministro de Bioagroindustria, Sergio Busso y asegur\u00f3 que la propuesta va m\u00e1s all\u00e1 de la simple promoci\u00f3n de un cultivo; se trata de un modelo de negocio integral dise\u00f1ado para transformar la matriz productiva de la zona. El ministro enfatiz\u00f3 que el proyecto se asienta sobre una base de rentabilidad y colaboraci\u00f3n, con el objetivo de generar un desarrollo sostenible y escalable para toda la cadena de valor.<\/p>\n\n\n\n<p>Por su parte, el secretario de agricultura, Marcos Blanda remarc\u00f3 que \u00abel Ministerio de Bioagroindustria est\u00e1 siempre en esto de ser propositivo y encontrar en algo que nosotros entendemos que es un pilar, la diversificaci\u00f3n y oportunidades para agregar m\u00e1s valor por hect\u00e1rea\u00bb.<\/p>\n\n\n\n<p>\u00abEste es un proyecto que yo le estoy viendo una factibilidad muy alta\u00bb, remarc\u00f3 el m\u00e9dico veterinario y reconocido asesor Horacio Genesio. Sum\u00f3 que este proyecto re\u00fane los elementos clave para transformarse en un motor de desarrollo, gracias a una alineaci\u00f3n estrat\u00e9gica entre el inter\u00e9s de los productores, los incentivos del Estado y el acompa\u00f1amiento institucional.&nbsp;<\/p>\n\n\n\n<p>Acto seguido, el Secretario de Desarrollo Econ\u00f3mico, Marcelo Villalonga, consider\u00f3 la propuesta como un catalizador para el crecimiento local, siempre que se logre superar el desaf\u00edo clave de la asociaci\u00f3n productiva.<\/p>\n\n\n\n<div class=\"wp-block-jetpack-slideshow aligncenter\" data-effect=\"slide\" style=\"--aspect-ratio:calc(1024 \/ 768)\"><div class=\"wp-block-jetpack-slideshow_container swiper-container\"><ul class=\"wp-block-jetpack-slideshow_swiper-wrapper swiper-wrapper\"><li class=\"wp-block-jetpack-slideshow_slide swiper-slide\"><figure><img data-recalc-dims=\"1\" decoding=\"async\" width=\"1024\" height=\"768\" alt=\"\" class=\"wp-block-jetpack-slideshow_image wp-image-51039\" data-id=\"51039\" data-aspect-ratio=\"1024 \/ 768\" src=\"https:\/\/i0.wp.com\/www.todoalfalfa.com.ar\/noticias\/wp-content\/uploads\/2025\/10\/20251023_114846.jpg?resize=1024%2C768&#038;ssl=1\" srcset=\"https:\/\/i0.wp.com\/www.todoalfalfa.com.ar\/noticias\/wp-content\/uploads\/2025\/10\/20251023_114846-scaled.jpg?resize=1024%2C768&amp;ssl=1 1024w, https:\/\/i0.wp.com\/www.todoalfalfa.com.ar\/noticias\/wp-content\/uploads\/2025\/10\/20251023_114846-scaled.jpg?resize=300%2C225&amp;ssl=1 300w, https:\/\/i0.wp.com\/www.todoalfalfa.com.ar\/noticias\/wp-content\/uploads\/2025\/10\/20251023_114846-scaled.jpg?resize=768%2C576&amp;ssl=1 768w, https:\/\/i0.wp.com\/www.todoalfalfa.com.ar\/noticias\/wp-content\/uploads\/2025\/10\/20251023_114846-scaled.jpg?resize=1536%2C1152&amp;ssl=1 1536w, https:\/\/i0.wp.com\/www.todoalfalfa.com.ar\/noticias\/wp-content\/uploads\/2025\/10\/20251023_114846-scaled.jpg?resize=2048%2C1536&amp;ssl=1 2048w\" sizes=\"(max-width: 1000px) 100vw, 1000px\" \/><\/figure><\/li><li class=\"wp-block-jetpack-slideshow_slide swiper-slide\"><figure><img data-recalc-dims=\"1\" decoding=\"async\" width=\"768\" height=\"1024\" alt=\"\" class=\"wp-block-jetpack-slideshow_image wp-image-51041\" data-id=\"51041\" data-aspect-ratio=\"768 \/ 1024\" src=\"https:\/\/i0.wp.com\/www.todoalfalfa.com.ar\/noticias\/wp-content\/uploads\/2025\/10\/20251023_112127.jpg?resize=768%2C1024&#038;ssl=1\" srcset=\"https:\/\/i0.wp.com\/www.todoalfalfa.com.ar\/noticias\/wp-content\/uploads\/2025\/10\/20251023_112127-scaled.jpg?resize=768%2C1024&amp;ssl=1 768w, https:\/\/i0.wp.com\/www.todoalfalfa.com.ar\/noticias\/wp-content\/uploads\/2025\/10\/20251023_112127-scaled.jpg?resize=225%2C300&amp;ssl=1 225w, https:\/\/i0.wp.com\/www.todoalfalfa.com.ar\/noticias\/wp-content\/uploads\/2025\/10\/20251023_112127-scaled.jpg?resize=1152%2C1536&amp;ssl=1 1152w, https:\/\/i0.wp.com\/www.todoalfalfa.com.ar\/noticias\/wp-content\/uploads\/2025\/10\/20251023_112127-scaled.jpg?resize=1536%2C2048&amp;ssl=1 1536w, https:\/\/i0.wp.com\/www.todoalfalfa.com.ar\/noticias\/wp-content\/uploads\/2025\/10\/20251023_112127-scaled.jpg?w=1920&amp;ssl=1 1920w\" sizes=\"(max-width: 768px) 100vw, 768px\" \/><\/figure><\/li><\/ul><a class=\"wp-block-jetpack-slideshow_button-prev swiper-button-prev swiper-button-white\" role=\"button\"><\/a><a class=\"wp-block-jetpack-slideshow_button-next swiper-button-next swiper-button-white\" role=\"button\"><\/a><a aria-label=\"Pause Slideshow\" class=\"wp-block-jetpack-slideshow_button-pause\" role=\"button\"><\/a><div class=\"wp-block-jetpack-slideshow_pagination swiper-pagination swiper-pagination-white\"><\/div><\/div><\/div>\n\n\n\n<p>\u00abSer\u00eda el broche de oro\u00bb, afirm\u00f3 Matias Anchustegui, productor alfalfero e integrante de la C\u00e1mara Argentina de la Alfalfa. Este plan promete resolver un cuello de botella hist\u00f3rico para los productores, representa un salto cualitativo en la cadena de valor del cultivo y ha sido recibida con un marcado optimismo por el sector.<\/p>\n\n\n\n<p>Cabe destacar que este iniciativa se sostiene sobre tres pilares fundamentales: el notable potencial productivo de la zona, un apoyo coordinado y sin precedentes de actores p\u00fablicos, y una clara oportunidad de mercado en un escenario global demandante.<\/p>\n\n\n\n<p>\u00abHay que juntarse con el otro\u00bb, asegur\u00f3 Carlos Giorgis, quien es asesor y productor de alfalfa. Indic\u00f3 a TodoAlfalfa que lleg\u00f3 al encuentro con \u00abuna gran expectativa\u00bb y se retir\u00f3 \u00absatisfecho y con cierta misi\u00f3n de poder aportar el granito de arena necesario\u00bb para que la propuesta se concrete.&nbsp;<\/p>\n\n\n\n<p>\u201cEs bueno hacerlo en conjunto\u201d, apunt\u00f3 Margarita Butafuoco, presidenta de la filial local de la Federaci\u00f3n Agraria. Calific\u00f3 la iniciativa como \u00abmuy interesante\u00bb, pero subray\u00f3 que su \u00e9xito depender\u00e1 de un factor clave: la capacidad de los productores para unirse y colaborar. Su visi\u00f3n no se enfoca en un esfuerzo individual, sino en la creaci\u00f3n de una fuerza colectiva capaz de materializar una oportunidad que podr\u00eda transformar la econom\u00eda de la regi\u00f3n.<\/p>\n<div class=\"todoalfalfa-final-de-la-nota\" id=\"todoalfalfa-3375184787\"><a href=\"https:\/\/www.whatsapp.com\/channel\/0029VbCBmFB9WtBxJsD3eC2i\" target=\"_blank\" aria-label=\"5\"><img src=\"https:\/\/i0.wp.com\/www.todoalfalfa.com.ar\/noticias\/wp-content\/uploads\/2026\/04\/5.gif?fit=728%2C90&#038;ssl=1\" alt=\"\"  width=\"728\" height=\"90\"   \/><\/a><\/div>","protected":false},"excerpt":{"rendered":"<p>Encabezado por el ministro de Bioagroindustria Sergio Busso y el presidente de la C\u00e1mara Argentina de la Alfalfa, Jos\u00e9 Brigante, se present\u00f3 este proyecto que busca transformar a C\u00f3rdoba en la cabeza de este proyecto que tiene alcance nacional.<\/p>\n","protected":false},"author":9,"featured_media":51043,"comment_status":"closed","ping_status":"open","sticky":false,"template":"","format":"standard","meta":{"jetpack_post_was_ever_published":false,"_jetpack_newsletter_access":"","_jetpack_dont_email_post_to_subs":false,"_jetpack_newsletter_tier_id":0,"_jetpack_memberships_contains_paywalled_content":false,"_jetpack_memberships_contains_paid_content":false,"footnotes":""},"categories":[2],"tags":[31,105,236,54,36,1491,50,2010,1659,17,2057,21,1183,91],"class_list":["post-51037","post","type-post","status-publish","format-standard","has-post-thumbnail","hentry","category-generales","tag-alfalfa","tag-argentina","tag-exportacion","tag-forrajes","tag-inta","tag-jose-brigante","tag-laboulaye","tag-ministerio-de-bioagroindustria","tag-novedades","tag-pasturas","tag-polo-alfalfero","tag-produccion","tag-sergio-busso","tag-siembra"],"yoast_head":"<!-- This site is optimized with the Yoast SEO plugin v25.5 - https:\/\/yoast.com\/wordpress\/plugins\/seo\/ -->\n<title>Laboulaye se posiciona como un polo alfalfero en C\u00f3rdoba<\/title>\n<meta name=\"robots\" content=\"index, follow, max-snippet:-1, max-image-preview:large, max-video-preview:-1\" \/>\n<link rel=\"canonical\" href=\"https:\/\/www.todoalfalfa.com.ar\/noticias\/laboulaye-se-posiciona-como-un-polo-alfalfero-en-cordoba\/\" \/>\n<meta property=\"og:locale\" content=\"es_ES\" \/>\n<meta property=\"og:type\" content=\"article\" \/>\n<meta property=\"og:title\" content=\"Laboulaye se posiciona como un polo alfalfero en C\u00f3rdoba\" \/>\n<meta property=\"og:description\" content=\"Encabezado por el ministro de Bioagroindustria Sergio Busso y el presidente de la C\u00e1mara Argentina de la Alfalfa, Jos\u00e9 Brigante, se present\u00f3 este proyecto que busca transformar a C\u00f3rdoba en la cabeza de este proyecto que tiene alcance nacional.\" \/>\n<meta property=\"og:url\" content=\"https:\/\/www.todoalfalfa.com.ar\/noticias\/laboulaye-se-posiciona-como-un-polo-alfalfero-en-cordoba\/\" \/>\n<meta property=\"og:site_name\" content=\"Todo Alfalfa\" \/>\n<meta property=\"article:publisher\" content=\"https:\/\/www.facebook.com\/todoalfalfa\" \/>\n<meta property=\"article:published_time\" content=\"2025-10-24T18:10:36+00:00\" \/>\n<meta property=\"article:modified_time\" content=\"2025-10-24T18:18:10+00:00\" \/>\n<meta property=\"og:image\" content=\"https:\/\/www.todoalfalfa.com.ar\/noticias\/wp-content\/uploads\/2025\/10\/20251023_112107-scaled.jpg\" \/>\n\t<meta property=\"og:image:width\" content=\"2560\" \/>\n\t<meta property=\"og:image:height\" content=\"1920\" \/>\n\t<meta property=\"og:image:type\" content=\"image\/jpeg\" \/>\n<meta name=\"author\" content=\"Todo Alfalfa\" \/>\n<meta name=\"twitter:card\" content=\"summary_large_image\" \/>\n<meta name=\"twitter:label1\" content=\"Escrito por\" \/>\n\t<meta name=\"twitter:data1\" content=\"Todo Alfalfa\" \/>\n\t<meta name=\"twitter:label2\" content=\"Tiempo de lectura\" \/>\n\t<meta name=\"twitter:data2\" content=\"5 minutos\" \/>\n<script type=\"application\/ld+json\" class=\"yoast-schema-graph\">{\"@context\":\"https:\/\/schema.org\",\"@graph\":[{\"@type\":\"NewsArticle\",\"@id\":\"https:\/\/www.todoalfalfa.com.ar\/noticias\/laboulaye-se-posiciona-como-un-polo-alfalfero-en-cordoba\/#article\",\"isPartOf\":{\"@id\":\"https:\/\/www.todoalfalfa.com.ar\/noticias\/laboulaye-se-posiciona-como-un-polo-alfalfero-en-cordoba\/\"},\"author\":{\"name\":\"Todo Alfalfa\",\"@id\":\"https:\/\/www.todoalfalfa.com.ar\/noticias\/#\/schema\/person\/99de93cb711c7015ef658e5321ba9f18\"},\"headline\":\"Laboulaye se posiciona como un polo alfalfero en C\u00f3rdoba\",\"datePublished\":\"2025-10-24T18:10:36+00:00\",\"dateModified\":\"2025-10-24T18:18:10+00:00\",\"mainEntityOfPage\":{\"@id\":\"https:\/\/www.todoalfalfa.com.ar\/noticias\/laboulaye-se-posiciona-como-un-polo-alfalfero-en-cordoba\/\"},\"wordCount\":814,\"publisher\":{\"@id\":\"https:\/\/www.todoalfalfa.com.ar\/noticias\/#organization\"},\"image\":{\"@id\":\"https:\/\/www.todoalfalfa.com.ar\/noticias\/laboulaye-se-posiciona-como-un-polo-alfalfero-en-cordoba\/#primaryimage\"},\"thumbnailUrl\":\"https:\/\/i0.wp.com\/www.todoalfalfa.com.ar\/noticias\/wp-content\/uploads\/2025\/10\/20251023_112107-scaled.jpg?fit=2560%2C1920&ssl=1\",\"keywords\":[\"alfalfa\",\"Argentina\",\"exportaci\u00f3n\",\"forrajes\",\"inta\",\"Jos\u00e9 Brigante\",\"Laboulaye\",\"Ministerio de Bioagroindustria\",\"Novedades\",\"pasturas\",\"Polo Alfalfero\",\"producci\u00f3n\",\"Sergio Busso\",\"siembra\"],\"articleSection\":[\"Generales\"],\"inLanguage\":\"es\"},{\"@type\":[\"WebPage\",\"ItemPage\"],\"@id\":\"https:\/\/www.todoalfalfa.com.ar\/noticias\/laboulaye-se-posiciona-como-un-polo-alfalfero-en-cordoba\/\",\"url\":\"https:\/\/www.todoalfalfa.com.ar\/noticias\/laboulaye-se-posiciona-como-un-polo-alfalfero-en-cordoba\/\",\"name\":\"Laboulaye se posiciona como un polo alfalfero en C\u00f3rdoba\",\"isPartOf\":{\"@id\":\"https:\/\/www.todoalfalfa.com.ar\/noticias\/#website\"},\"primaryImageOfPage\":{\"@id\":\"https:\/\/www.todoalfalfa.com.ar\/noticias\/laboulaye-se-posiciona-como-un-polo-alfalfero-en-cordoba\/#primaryimage\"},\"image\":{\"@id\":\"https:\/\/www.todoalfalfa.com.ar\/noticias\/laboulaye-se-posiciona-como-un-polo-alfalfero-en-cordoba\/#primaryimage\"},\"thumbnailUrl\":\"https:\/\/i0.wp.com\/www.todoalfalfa.com.ar\/noticias\/wp-content\/uploads\/2025\/10\/20251023_112107-scaled.jpg?fit=2560%2C1920&ssl=1\",\"datePublished\":\"2025-10-24T18:10:36+00:00\",\"dateModified\":\"2025-10-24T18:18:10+00:00\",\"breadcrumb\":{\"@id\":\"https:\/\/www.todoalfalfa.com.ar\/noticias\/laboulaye-se-posiciona-como-un-polo-alfalfero-en-cordoba\/#breadcrumb\"},\"inLanguage\":\"es\",\"potentialAction\":[{\"@type\":\"ReadAction\",\"target\":[\"https:\/\/www.todoalfalfa.com.ar\/noticias\/laboulaye-se-posiciona-como-un-polo-alfalfero-en-cordoba\/\"]}]},{\"@type\":\"ImageObject\",\"inLanguage\":\"es\",\"@id\":\"https:\/\/www.todoalfalfa.com.ar\/noticias\/laboulaye-se-posiciona-como-un-polo-alfalfero-en-cordoba\/#primaryimage\",\"url\":\"https:\/\/i0.wp.com\/www.todoalfalfa.com.ar\/noticias\/wp-content\/uploads\/2025\/10\/20251023_112107-scaled.jpg?fit=2560%2C1920&ssl=1\",\"contentUrl\":\"https:\/\/i0.wp.com\/www.todoalfalfa.com.ar\/noticias\/wp-content\/uploads\/2025\/10\/20251023_112107-scaled.jpg?fit=2560%2C1920&ssl=1\",\"width\":2560,\"height\":1920},{\"@type\":\"BreadcrumbList\",\"@id\":\"https:\/\/www.todoalfalfa.com.ar\/noticias\/laboulaye-se-posiciona-como-un-polo-alfalfero-en-cordoba\/#breadcrumb\",\"itemListElement\":[{\"@type\":\"ListItem\",\"position\":1,\"name\":\"Principal\",\"item\":\"https:\/\/www.todoalfalfa.com.ar\/noticias\/\"},{\"@type\":\"ListItem\",\"position\":2,\"name\":\"Laboulaye se posiciona como un polo alfalfero en C\u00f3rdoba\"}]},{\"@type\":\"WebSite\",\"@id\":\"https:\/\/www.todoalfalfa.com.ar\/noticias\/#website\",\"url\":\"https:\/\/www.todoalfalfa.com.ar\/noticias\/\",\"name\":\"Todo Alfalfa\",\"description\":\"Web informativa de la cadena de la alfalfa argentina\",\"publisher\":{\"@id\":\"https:\/\/www.todoalfalfa.com.ar\/noticias\/#organization\"},\"potentialAction\":[{\"@type\":\"SearchAction\",\"target\":{\"@type\":\"EntryPoint\",\"urlTemplate\":\"https:\/\/www.todoalfalfa.com.ar\/noticias\/?s={search_term_string}\"},\"query-input\":{\"@type\":\"PropertyValueSpecification\",\"valueRequired\":true,\"valueName\":\"search_term_string\"}}],\"inLanguage\":\"es\"},{\"@type\":\"Organization\",\"@id\":\"https:\/\/www.todoalfalfa.com.ar\/noticias\/#organization\",\"name\":\"Todo Alfalfa\",\"url\":\"https:\/\/www.todoalfalfa.com.ar\/noticias\/\",\"logo\":{\"@type\":\"ImageObject\",\"inLanguage\":\"es\",\"@id\":\"https:\/\/www.todoalfalfa.com.ar\/noticias\/#\/schema\/logo\/image\/\",\"url\":\"https:\/\/www.todoalfalfa.com.ar\/noticias\/wp-content\/uploads\/2020\/09\/logo-todo-alfalfa-modificado.png\",\"contentUrl\":\"https:\/\/www.todoalfalfa.com.ar\/noticias\/wp-content\/uploads\/2020\/09\/logo-todo-alfalfa-modificado.png\",\"width\":350,\"height\":100,\"caption\":\"Todo Alfalfa\"},\"image\":{\"@id\":\"https:\/\/www.todoalfalfa.com.ar\/noticias\/#\/schema\/logo\/image\/\"},\"sameAs\":[\"https:\/\/www.facebook.com\/todoalfalfa\",\"https:\/\/www.instagram.com\/todoalfalfa\",\"https:\/\/www.youtube.com\/@TodoAlfalfa\",\"https:\/\/www.linkedin.com\/company\/todoalfalfa\/\"]},{\"@type\":\"Person\",\"@id\":\"https:\/\/www.todoalfalfa.com.ar\/noticias\/#\/schema\/person\/99de93cb711c7015ef658e5321ba9f18\",\"name\":\"Todo Alfalfa\",\"image\":{\"@type\":\"ImageObject\",\"inLanguage\":\"es\",\"@id\":\"https:\/\/www.todoalfalfa.com.ar\/noticias\/#\/schema\/person\/image\/\",\"url\":\"https:\/\/secure.gravatar.com\/avatar\/50ffd12fb7b268bc2467160730786602db252a270c63104e7c19b5f67b8dd346?s=96&d=mm&r=g\",\"contentUrl\":\"https:\/\/secure.gravatar.com\/avatar\/50ffd12fb7b268bc2467160730786602db252a270c63104e7c19b5f67b8dd346?s=96&d=mm&r=g\",\"caption\":\"Todo Alfalfa\"},\"url\":\"https:\/\/www.todoalfalfa.com.ar\/noticias\/author\/osvaldoiachetta\/\"}]}<\/script>\n<!-- \/ Yoast SEO plugin. -->","yoast_head_json":{"title":"Laboulaye se posiciona como un polo alfalfero en C\u00f3rdoba","robots":{"index":"index","follow":"follow","max-snippet":"max-snippet:-1","max-image-preview":"max-image-preview:large","max-video-preview":"max-video-preview:-1"},"canonical":"https:\/\/www.todoalfalfa.com.ar\/noticias\/laboulaye-se-posiciona-como-un-polo-alfalfero-en-cordoba\/","og_locale":"es_ES","og_type":"article","og_title":"Laboulaye se posiciona como un polo alfalfero en C\u00f3rdoba","og_description":"Encabezado por el ministro de Bioagroindustria Sergio Busso y el presidente de la C\u00e1mara Argentina de la Alfalfa, Jos\u00e9 Brigante, se present\u00f3 este proyecto que busca transformar a C\u00f3rdoba en la cabeza de este proyecto que tiene alcance nacional.","og_url":"https:\/\/www.todoalfalfa.com.ar\/noticias\/laboulaye-se-posiciona-como-un-polo-alfalfero-en-cordoba\/","og_site_name":"Todo Alfalfa","article_publisher":"https:\/\/www.facebook.com\/todoalfalfa","article_published_time":"2025-10-24T18:10:36+00:00","article_modified_time":"2025-10-24T18:18:10+00:00","og_image":[{"width":2560,"height":1920,"url":"https:\/\/www.todoalfalfa.com.ar\/noticias\/wp-content\/uploads\/2025\/10\/20251023_112107-scaled.jpg","type":"image\/jpeg"}],"author":"Todo Alfalfa","twitter_card":"summary_large_image","twitter_misc":{"Escrito por":"Todo Alfalfa","Tiempo de lectura":"5 minutos"},"schema":{"@context":"https:\/\/schema.org","@graph":[{"@type":"NewsArticle","@id":"https:\/\/www.todoalfalfa.com.ar\/noticias\/laboulaye-se-posiciona-como-un-polo-alfalfero-en-cordoba\/#article","isPartOf":{"@id":"https:\/\/www.todoalfalfa.com.ar\/noticias\/laboulaye-se-posiciona-como-un-polo-alfalfero-en-cordoba\/"},"author":{"name":"Todo Alfalfa","@id":"https:\/\/www.todoalfalfa.com.ar\/noticias\/#\/schema\/person\/99de93cb711c7015ef658e5321ba9f18"},"headline":"Laboulaye se posiciona como un polo alfalfero en C\u00f3rdoba","datePublished":"2025-10-24T18:10:36+00:00","dateModified":"2025-10-24T18:18:10+00:00","mainEntityOfPage":{"@id":"https:\/\/www.todoalfalfa.com.ar\/noticias\/laboulaye-se-posiciona-como-un-polo-alfalfero-en-cordoba\/"},"wordCount":814,"publisher":{"@id":"https:\/\/www.todoalfalfa.com.ar\/noticias\/#organization"},"image":{"@id":"https:\/\/www.todoalfalfa.com.ar\/noticias\/laboulaye-se-posiciona-como-un-polo-alfalfero-en-cordoba\/#primaryimage"},"thumbnailUrl":"https:\/\/i0.wp.com\/www.todoalfalfa.com.ar\/noticias\/wp-content\/uploads\/2025\/10\/20251023_112107-scaled.jpg?fit=2560%2C1920&ssl=1","keywords":["alfalfa","Argentina","exportaci\u00f3n","forrajes","inta","Jos\u00e9 Brigante","Laboulaye","Ministerio de Bioagroindustria","Novedades","pasturas","Polo Alfalfero","producci\u00f3n","Sergio Busso","siembra"],"articleSection":["Generales"],"inLanguage":"es"},{"@type":["WebPage","ItemPage"],"@id":"https:\/\/www.todoalfalfa.com.ar\/noticias\/laboulaye-se-posiciona-como-un-polo-alfalfero-en-cordoba\/","url":"https:\/\/www.todoalfalfa.com.ar\/noticias\/laboulaye-se-posiciona-como-un-polo-alfalfero-en-cordoba\/","name":"Laboulaye se posiciona como un polo alfalfero en C\u00f3rdoba","isPartOf":{"@id":"https:\/\/www.todoalfalfa.com.ar\/noticias\/#website"},"primaryImageOfPage":{"@id":"https:\/\/www.todoalfalfa.com.ar\/noticias\/laboulaye-se-posiciona-como-un-polo-alfalfero-en-cordoba\/#primaryimage"},"image":{"@id":"https:\/\/www.todoalfalfa.com.ar\/noticias\/laboulaye-se-posiciona-como-un-polo-alfalfero-en-cordoba\/#primaryimage"},"thumbnailUrl":"https:\/\/i0.wp.com\/www.todoalfalfa.com.ar\/noticias\/wp-content\/uploads\/2025\/10\/20251023_112107-scaled.jpg?fit=2560%2C1920&ssl=1","datePublished":"2025-10-24T18:10:36+00:00","dateModified":"2025-10-24T18:18:10+00:00","breadcrumb":{"@id":"https:\/\/www.todoalfalfa.com.ar\/noticias\/laboulaye-se-posiciona-como-un-polo-alfalfero-en-cordoba\/#breadcrumb"},"inLanguage":"es","potentialAction":[{"@type":"ReadAction","target":["https:\/\/www.todoalfalfa.com.ar\/noticias\/laboulaye-se-posiciona-como-un-polo-alfalfero-en-cordoba\/"]}]},{"@type":"ImageObject","inLanguage":"es","@id":"https:\/\/www.todoalfalfa.com.ar\/noticias\/laboulaye-se-posiciona-como-un-polo-alfalfero-en-cordoba\/#primaryimage","url":"https:\/\/i0.wp.com\/www.todoalfalfa.com.ar\/noticias\/wp-content\/uploads\/2025\/10\/20251023_112107-scaled.jpg?fit=2560%2C1920&ssl=1","contentUrl":"https:\/\/i0.wp.com\/www.todoalfalfa.com.ar\/noticias\/wp-content\/uploads\/2025\/10\/20251023_112107-scaled.jpg?fit=2560%2C1920&ssl=1","width":2560,"height":1920},{"@type":"BreadcrumbList","@id":"https:\/\/www.todoalfalfa.com.ar\/noticias\/laboulaye-se-posiciona-como-un-polo-alfalfero-en-cordoba\/#breadcrumb","itemListElement":[{"@type":"ListItem","position":1,"name":"Principal","item":"https:\/\/www.todoalfalfa.com.ar\/noticias\/"},{"@type":"ListItem","position":2,"name":"Laboulaye se posiciona como un polo alfalfero en C\u00f3rdoba"}]},{"@type":"WebSite","@id":"https:\/\/www.todoalfalfa.com.ar\/noticias\/#website","url":"https:\/\/www.todoalfalfa.com.ar\/noticias\/","name":"Todo Alfalfa","description":"Web informativa de la cadena de la alfalfa argentina","publisher":{"@id":"https:\/\/www.todoalfalfa.com.ar\/noticias\/#organization"},"potentialAction":[{"@type":"SearchAction","target":{"@type":"EntryPoint","urlTemplate":"https:\/\/www.todoalfalfa.com.ar\/noticias\/?s={search_term_string}"},"query-input":{"@type":"PropertyValueSpecification","valueRequired":true,"valueName":"search_term_string"}}],"inLanguage":"es"},{"@type":"Organization","@id":"https:\/\/www.todoalfalfa.com.ar\/noticias\/#organization","name":"Todo Alfalfa","url":"https:\/\/www.todoalfalfa.com.ar\/noticias\/","logo":{"@type":"ImageObject","inLanguage":"es","@id":"https:\/\/www.todoalfalfa.com.ar\/noticias\/#\/schema\/logo\/image\/","url":"https:\/\/www.todoalfalfa.com.ar\/noticias\/wp-content\/uploads\/2020\/09\/logo-todo-alfalfa-modificado.png","contentUrl":"https:\/\/www.todoalfalfa.com.ar\/noticias\/wp-content\/uploads\/2020\/09\/logo-todo-alfalfa-modificado.png","width":350,"height":100,"caption":"Todo Alfalfa"},"image":{"@id":"https:\/\/www.todoalfalfa.com.ar\/noticias\/#\/schema\/logo\/image\/"},"sameAs":["https:\/\/www.facebook.com\/todoalfalfa","https:\/\/www.instagram.com\/todoalfalfa","https:\/\/www.youtube.com\/@TodoAlfalfa","https:\/\/www.linkedin.com\/company\/todoalfalfa\/"]},{"@type":"Person","@id":"https:\/\/www.todoalfalfa.com.ar\/noticias\/#\/schema\/person\/99de93cb711c7015ef658e5321ba9f18","name":"Todo Alfalfa","image":{"@type":"ImageObject","inLanguage":"es","@id":"https:\/\/www.todoalfalfa.com.ar\/noticias\/#\/schema\/person\/image\/","url":"https:\/\/secure.gravatar.com\/avatar\/50ffd12fb7b268bc2467160730786602db252a270c63104e7c19b5f67b8dd346?s=96&d=mm&r=g","contentUrl":"https:\/\/secure.gravatar.com\/avatar\/50ffd12fb7b268bc2467160730786602db252a270c63104e7c19b5f67b8dd346?s=96&d=mm&r=g","caption":"Todo Alfalfa"},"url":"https:\/\/www.todoalfalfa.com.ar\/noticias\/author\/osvaldoiachetta\/"}]}},"jetpack_featured_media_url":"https:\/\/i0.wp.com\/www.todoalfalfa.com.ar\/noticias\/wp-content\/uploads\/2025\/10\/20251023_112107-scaled.jpg?fit=2560%2C1920&ssl=1","wps_subtitle":"","jetpack_sharing_enabled":true,"_links":{"self":[{"href":"https:\/\/www.todoalfalfa.com.ar\/noticias\/wp-json\/wp\/v2\/posts\/51037","targetHints":{"allow":["GET"]}}],"collection":[{"href":"https:\/\/www.todoalfalfa.com.ar\/noticias\/wp-json\/wp\/v2\/posts"}],"about":[{"href":"https:\/\/www.todoalfalfa.com.ar\/noticias\/wp-json\/wp\/v2\/types\/post"}],"author":[{"embeddable":true,"href":"https:\/\/www.todoalfalfa.com.ar\/noticias\/wp-json\/wp\/v2\/users\/9"}],"replies":[{"embeddable":true,"href":"https:\/\/www.todoalfalfa.com.ar\/noticias\/wp-json\/wp\/v2\/comments?post=51037"}],"version-history":[{"count":1,"href":"https:\/\/www.todoalfalfa.com.ar\/noticias\/wp-json\/wp\/v2\/posts\/51037\/revisions"}],"predecessor-version":[{"id":51042,"href":"https:\/\/www.todoalfalfa.com.ar\/noticias\/wp-json\/wp\/v2\/posts\/51037\/revisions\/51042"}],"wp:featuredmedia":[{"embeddable":true,"href":"https:\/\/www.todoalfalfa.com.ar\/noticias\/wp-json\/wp\/v2\/media\/51043"}],"wp:attachment":[{"href":"https:\/\/www.todoalfalfa.com.ar\/noticias\/wp-json\/wp\/v2\/media?parent=51037"}],"wp:term":[{"taxonomy":"category","embeddable":true,"href":"https:\/\/www.todoalfalfa.com.ar\/noticias\/wp-json\/wp\/v2\/categories?post=51037"},{"taxonomy":"post_tag","embeddable":true,"href":"https:\/\/www.todoalfalfa.com.ar\/noticias\/wp-json\/wp\/v2\/tags?post=51037"}],"curies":[{"name":"wp","href":"https:\/\/api.w.org\/{rel}","templated":true}]}}