{"id":51045,"date":"2025-10-27T10:21:18","date_gmt":"2025-10-27T13:21:18","guid":{"rendered":"https:\/\/www.todoalfalfa.com.ar\/noticias\/?p=51045"},"modified":"2025-10-27T12:56:59","modified_gmt":"2025-10-27T15:56:59","slug":"una-mirada-estrategica-para-pensar-la-alfalfa-argentina-en-el-mundo","status":"publish","type":"post","link":"https:\/\/www.todoalfalfa.com.ar\/noticias\/una-mirada-estrategica-para-pensar-la-alfalfa-argentina-en-el-mundo\/","title":{"rendered":"Una mirada estrat\u00e9gica para pensar la alfalfa Argentina en el mundo"},"content":{"rendered":"\n<p>En la \u00faltima clase de la Diplomatura en Alfalfas de Calidad, el ingeniero Jos\u00e9 Brigante, que preside la C\u00e1mara Argentina de la Alfalfa, brind\u00f3 m\u00e1s que una simple exposici\u00f3n de tendencias. All\u00ed expuso una metodolog\u00eda estructurada y replicable para que los productores puedan dise\u00f1ar su propio plan de negocio, transformando la visi\u00f3n en acci\u00f3n y los desaf\u00edos en oportunidades concretas.<\/p>\n\n\n\n<p>Antes de analizar mercados o trazar objetivos, toda planificaci\u00f3n s\u00f3lida debe partir de una identidad corporativa clara y bien definida. Este fue el punto de partida propuesto por Brigante, quien subray\u00f3 la importancia de establecer los cimientos filos\u00f3ficos sobre los cuales se construir\u00e1 todo el proyecto.<\/p>\n\n\n\n<figure class=\"wp-block-image size-large\"><img data-recalc-dims=\"1\" fetchpriority=\"high\" decoding=\"async\" width=\"1024\" height=\"577\" src=\"https:\/\/i0.wp.com\/www.todoalfalfa.com.ar\/noticias\/wp-content\/uploads\/2025\/10\/20251016_111053.jpg?resize=1024%2C577&#038;ssl=1\" alt=\"\" class=\"wp-image-51046\" srcset=\"https:\/\/i0.wp.com\/www.todoalfalfa.com.ar\/noticias\/wp-content\/uploads\/2025\/10\/20251016_111053-scaled.jpg?resize=1024%2C577&amp;ssl=1 1024w, https:\/\/i0.wp.com\/www.todoalfalfa.com.ar\/noticias\/wp-content\/uploads\/2025\/10\/20251016_111053-scaled.jpg?resize=300%2C169&amp;ssl=1 300w, https:\/\/i0.wp.com\/www.todoalfalfa.com.ar\/noticias\/wp-content\/uploads\/2025\/10\/20251016_111053-scaled.jpg?resize=768%2C432&amp;ssl=1 768w, https:\/\/i0.wp.com\/www.todoalfalfa.com.ar\/noticias\/wp-content\/uploads\/2025\/10\/20251016_111053-scaled.jpg?resize=1536%2C865&amp;ssl=1 1536w, https:\/\/i0.wp.com\/www.todoalfalfa.com.ar\/noticias\/wp-content\/uploads\/2025\/10\/20251016_111053-scaled.jpg?resize=2048%2C1153&amp;ssl=1 2048w, https:\/\/i0.wp.com\/www.todoalfalfa.com.ar\/noticias\/wp-content\/uploads\/2025\/10\/20251016_111053-scaled.jpg?resize=777%2C437&amp;ssl=1 777w, https:\/\/i0.wp.com\/www.todoalfalfa.com.ar\/noticias\/wp-content\/uploads\/2025\/10\/20251016_111053-scaled.jpg?resize=180%2C101&amp;ssl=1 180w, https:\/\/i0.wp.com\/www.todoalfalfa.com.ar\/noticias\/wp-content\/uploads\/2025\/10\/20251016_111053-scaled.jpg?resize=260%2C146&amp;ssl=1 260w, https:\/\/i0.wp.com\/www.todoalfalfa.com.ar\/noticias\/wp-content\/uploads\/2025\/10\/20251016_111053-scaled.jpg?resize=373%2C210&amp;ssl=1 373w, https:\/\/i0.wp.com\/www.todoalfalfa.com.ar\/noticias\/wp-content\/uploads\/2025\/10\/20251016_111053-scaled.jpg?resize=120%2C67&amp;ssl=1 120w\" sizes=\"(max-width: 1000px) 100vw, 1000px\" \/><\/figure>\n\n\n\n<p>El marco presentado comienza con la definici\u00f3n del \u00abtri\u00e1ngulo estrat\u00e9gico\u00bb, un concepto que encapsula la esencia del negocio a trav\u00e9s de tres pilares fundamentales:<\/p>\n\n\n\n<p>\u2022 Misi\u00f3n: El prop\u00f3sito fundamental de la empresa, el \u00abporqu\u00e9\u00bb de su existencia.<\/p>\n\n\n\n<p>\u2022 Visi\u00f3n: La aspiraci\u00f3n a largo plazo, la imagen del futuro que se desea alcanzar.<\/p>\n\n\n\n<p>\u2022 Valores: Los principios y creencias que gu\u00edan el comportamiento y la toma de decisiones.<\/p>\n\n\n\n<p>Brigante no impuso definiciones, sino que present\u00f3 estos elementos como componentes esenciales que cada productor debe definir por s\u00ed mismo para dar una direcci\u00f3n clara y un prop\u00f3sito unificador a todas las operaciones futuras.&nbsp;<\/p>\n\n\n\n<p>Una vez establecida esta identidad interna, el siguiente paso es comprender a fondo el entorno en el que se opera.<\/p>\n\n\n\n<p>La planificaci\u00f3n estrat\u00e9gica exige una mirada aguda m\u00e1s all\u00e1 de las fronteras de la propia empresa. Para ello, Brigante introdujo el an\u00e1lisis PESTEL como la herramienta id\u00f3nea para evaluar sistem\u00e1ticamente las fuerzas macroambientales que pueden impactar en el negocio de la alfalfa. Este marco permite desglosar el entorno externo en seis categor\u00edas clave, identificando factores que pueden presentarse como oportunidades o amenazas.<\/p>\n\n\n\n<p>Los componentes detallados en la presentaci\u00f3n incluyen:<\/p>\n\n\n\n<p>\u2022 Pol\u00edtico: Factores como los marcos normativos vigentes, los acuerdos internacionales que puedan afectar al comercio y las pol\u00edticas de subsidios al sector.<\/p>\n\n\n\n<p>\u2022 Econ\u00f3mico: Variables cr\u00edticas como la fluctuaci\u00f3n del tipo de cambio, la aparici\u00f3n de nuevas competencias o la importaci\u00f3n de productos sustitutos, y la variaci\u00f3n del precio internacional del producto.<\/p>\n\n\n\n<p>\u2022 Social: Tendencias de consumo de productos derivados como la carne y la leche, y la disponibilidad de mano de obra rural, un factor cada vez m\u00e1s relevante.<\/p>\n\n\n\n<p>\u2022 Tecnol\u00f3gico: La influencia de avances en tecnolog\u00edas de riego, el plazo de obsolecencia de los equipos y la innovaci\u00f3n constante en maquinaria de campo e industrial.<\/p>\n\n\n\n<p>\u2022 Ecol\u00f3gico: El impacto de fen\u00f3menos clim\u00e1ticos extremos como las sequ\u00edas, los crecientes requerimientos de certificaciones de sostenibilidad h\u00eddrica y las regulaciones fitosanitarias y de calidad para la exportaci\u00f3n.<\/p>\n\n\n\n<p>El objetivo de este an\u00e1lisis no es solo listar factores, sino comprender su potencial impacto para anticipar cambios y posicionar el negocio de manera proactiva. Con una comprensi\u00f3n clara del panorama externo, la metodolog\u00eda se vuelve hacia adentro para realizar un diagn\u00f3stico interno.<\/p>\n\n\n\n<p>El diagn\u00f3stico interno a trav\u00e9s del FODA<\/p>\n\n\n\n<p>Tras analizar el entorno externo, el siguiente paso l\u00f3gico en la metodolog\u00eda de Brigante es realizar una autoevaluaci\u00f3n rigurosa. Para ello, la presentaci\u00f3n integra los hallazgos del an\u00e1lisis PESTEL directamente en la construcci\u00f3n de un an\u00e1lisis FODA (Fortalezas, Oportunidades, Debilidades y Amenazas).<\/p>\n\n\n\n<p>Esta poderosa herramienta de s\u00edntesis permite a los productores consolidar su diagn\u00f3stico en un \u00fanico marco. Las Oportunidades y Amenazas, ya identificadas a trav\u00e9s del PESTEL, se cruzan con las Fortalezas (capacidades internas que otorgan una ventaja) y las Debilidades (aspectos internos que limitan el desempe\u00f1o).&nbsp;<\/p>\n\n\n\n<p>El resultado es una posici\u00f3n estrat\u00e9gica clara desde la cual se pueden formular acciones concretas y bien fundamentadas. Este diagn\u00f3stico es el puente que conecta el an\u00e1lisis con la planificaci\u00f3n de objetivos medibles.<\/p>\n\n\n\n<p>Una visi\u00f3n estrat\u00e9gica, por m\u00e1s inspiradora que sea, requiere un marco estructurado para convertirse en una realidad operativa. Para traducir la estrategia en objetivos medibles y acciones concretas, Brigante propuso la implementaci\u00f3n del Balanced Scorecard (Cuadro de Mando Integral).&nbsp;<\/p>\n\n\n\n<p>Esta herramienta act\u00faa como un tablero de mando que permite monitorear el desempe\u00f1o del negocio desde una perspectiva equilibrada y multidimensional.<\/p>\n\n\n\n<p>El modelo se estructura en torno a cuatro perspectivas clave, cada una respondiendo a una pregunta fundamental:<\/p>\n\n\n\n<p>\u2022 Financiero: \u00ab\u00bfC\u00f3mo deber\u00edamos aparecer ante nuestros inversionistas?\u00bb Se enfoca en la salud financiera y la creaci\u00f3n de valor econ\u00f3mico.<\/p>\n\n\n\n<p>\u2022 Clientes: \u00ab\u00bfC\u00f3mo deber\u00edamos ser vistos por nuestros clientes?\u00bb Mide la satisfacci\u00f3n, lealtad y percepci\u00f3n del mercado.<\/p>\n\n\n\n<p>\u2022 Procesos Internos: \u00ab\u00bfEn qu\u00e9 procesos debemos sobresalir?\u00bb Identifica y optimiza las operaciones cr\u00edticas para entregar valor a los clientes.<\/p>\n\n\n\n<p>\u2022 Aprendizaje y Crecimiento: \u00ab\u00bfC\u00f3mo mantener la habilidad de cambiar y mejorar?\u00bb Se centra en el capital humano, la tecnolog\u00eda y la cultura organizacional para fomentar la innovaci\u00f3n y la adaptabilidad.<\/p>\n\n\n\n<p>Este enfoque integrado asegura que todas las \u00e1reas cr\u00edticas del negocio est\u00e9n alineadas con la visi\u00f3n y estrategia generales, evitando la visi\u00f3n de t\u00fanel que a menudo se centra \u00fanicamente en los indicadores financieros.<\/p>\n\n\n\n<p>Incluso la estrategia m\u00e1s brillante es in\u00fatil si no se ejecuta de manera eficaz. Brigante fue enf\u00e1tico en este punto, citando una m\u00e1xima fundamental: \u00abImplementar significa poner los planes en acci\u00f3n.\u00bb<\/p>\n\n\n\n<p>Para asegurar que los planes no se queden en el papel, identific\u00f3 una serie de factores clave para el \u00e9xito. El \u00e9xito de la implementaci\u00f3n depende de la correcta orquestaci\u00f3n de un equipo capacitado y comprometido (Personas), la capacitaci\u00f3n constante (Habilidades), una organizaci\u00f3n eficiente (Estructura), la tecnolog\u00eda adecuada (Sistemas) y una cultura organizacional orientada a la calidad y la innovaci\u00f3n.&nbsp;<\/p>\n\n\n\n<p>Sin embargo, el factor que unifica y da sentido a todos los dem\u00e1s es la coherencia de los Objetivos Empresariales, asegurando que cada acci\u00f3n est\u00e9 perfectamente alineada con la Misi\u00f3n y Visi\u00f3n definidas al inicio del proceso.<\/p>\n<div class=\"todoalfalfa-final-de-la-nota\" id=\"todoalfalfa-1748409722\"><a href=\"https:\/\/www.whatsapp.com\/channel\/0029VbCBmFB9WtBxJsD3eC2i\" target=\"_blank\" aria-label=\"5\"><img src=\"https:\/\/i0.wp.com\/www.todoalfalfa.com.ar\/noticias\/wp-content\/uploads\/2026\/04\/5.gif?fit=728%2C90&#038;ssl=1\" alt=\"\"  width=\"728\" height=\"90\"   \/><\/a><\/div>","protected":false},"excerpt":{"rendered":"<p>El ingeniero Jos\u00e9 Brigante, presidente de la C\u00e1mara Argentina de la Alfalfa, expuso un marco estrat\u00e9gico integral dise\u00f1ado para catalizar la producci\u00f3n, industrializaci\u00f3n y comercializaci\u00f3n de alfalfa premium, tanto para el mercado local como para el exigente escenario global. <\/p>\n","protected":false},"author":9,"featured_media":51047,"comment_status":"closed","ping_status":"open","sticky":false,"template":"","format":"standard","meta":{"jetpack_post_was_ever_published":false,"_jetpack_newsletter_access":"","_jetpack_dont_email_post_to_subs":false,"_jetpack_newsletter_tier_id":0,"_jetpack_memberships_contains_paywalled_content":false,"_jetpack_memberships_contains_paid_content":false,"footnotes":""},"categories":[1981],"tags":[31,105,1614,1930,236,54,68,36,1491,1056,17,21,91],"class_list":["post-51045","post","type-post","status-publish","format-standard","has-post-thumbnail","hentry","category-diplomatura-alfalfas-de-calidad","tag-alfalfa","tag-argentina","tag-camara-argentina-de-la-alfalfa","tag-diplomatura-alfalfas-de-calidad","tag-exportacion","tag-forrajes","tag-heno","tag-inta","tag-jose-brigante","tag-mercados","tag-pasturas","tag-produccion","tag-siembra"],"yoast_head":"<!-- This site is optimized with the Yoast SEO plugin v25.5 - https:\/\/yoast.com\/wordpress\/plugins\/seo\/ -->\n<title>Una mirada estrat\u00e9gica para pensar la alfalfa Argentina en el mundo<\/title>\n<meta name=\"robots\" content=\"index, follow, max-snippet:-1, max-image-preview:large, max-video-preview:-1\" \/>\n<link rel=\"canonical\" href=\"https:\/\/www.todoalfalfa.com.ar\/noticias\/una-mirada-estrategica-para-pensar-la-alfalfa-argentina-en-el-mundo\/\" \/>\n<meta property=\"og:locale\" content=\"es_ES\" \/>\n<meta property=\"og:type\" content=\"article\" \/>\n<meta property=\"og:title\" content=\"Una mirada estrat\u00e9gica para pensar la alfalfa Argentina en el mundo\" \/>\n<meta property=\"og:description\" content=\"El ingeniero Jos\u00e9 Brigante, presidente de la C\u00e1mara Argentina de la Alfalfa, expuso un marco estrat\u00e9gico integral dise\u00f1ado para catalizar la producci\u00f3n, industrializaci\u00f3n y comercializaci\u00f3n de alfalfa premium, tanto para el mercado local como para el exigente escenario global.\" \/>\n<meta property=\"og:url\" content=\"https:\/\/www.todoalfalfa.com.ar\/noticias\/una-mirada-estrategica-para-pensar-la-alfalfa-argentina-en-el-mundo\/\" \/>\n<meta property=\"og:site_name\" content=\"Todo Alfalfa\" \/>\n<meta property=\"article:publisher\" content=\"https:\/\/www.facebook.com\/todoalfalfa\" \/>\n<meta property=\"article:published_time\" content=\"2025-10-27T13:21:18+00:00\" \/>\n<meta property=\"article:modified_time\" content=\"2025-10-27T15:56:59+00:00\" \/>\n<meta property=\"og:image\" content=\"https:\/\/www.todoalfalfa.com.ar\/noticias\/wp-content\/uploads\/2025\/10\/20251016_111114-scaled.jpg\" \/>\n\t<meta property=\"og:image:width\" content=\"2560\" \/>\n\t<meta property=\"og:image:height\" content=\"1441\" \/>\n\t<meta property=\"og:image:type\" content=\"image\/jpeg\" \/>\n<meta name=\"author\" content=\"Todo Alfalfa\" \/>\n<meta name=\"twitter:card\" content=\"summary_large_image\" \/>\n<meta name=\"twitter:label1\" content=\"Escrito por\" \/>\n\t<meta name=\"twitter:data1\" content=\"Todo Alfalfa\" \/>\n\t<meta name=\"twitter:label2\" content=\"Tiempo de lectura\" \/>\n\t<meta name=\"twitter:data2\" content=\"5 minutos\" \/>\n<script type=\"application\/ld+json\" class=\"yoast-schema-graph\">{\"@context\":\"https:\/\/schema.org\",\"@graph\":[{\"@type\":\"NewsArticle\",\"@id\":\"https:\/\/www.todoalfalfa.com.ar\/noticias\/una-mirada-estrategica-para-pensar-la-alfalfa-argentina-en-el-mundo\/#article\",\"isPartOf\":{\"@id\":\"https:\/\/www.todoalfalfa.com.ar\/noticias\/una-mirada-estrategica-para-pensar-la-alfalfa-argentina-en-el-mundo\/\"},\"author\":{\"name\":\"Todo Alfalfa\",\"@id\":\"https:\/\/www.todoalfalfa.com.ar\/noticias\/#\/schema\/person\/99de93cb711c7015ef658e5321ba9f18\"},\"headline\":\"Una mirada estrat\u00e9gica para pensar la alfalfa Argentina en el mundo\",\"datePublished\":\"2025-10-27T13:21:18+00:00\",\"dateModified\":\"2025-10-27T15:56:59+00:00\",\"mainEntityOfPage\":{\"@id\":\"https:\/\/www.todoalfalfa.com.ar\/noticias\/una-mirada-estrategica-para-pensar-la-alfalfa-argentina-en-el-mundo\/\"},\"wordCount\":1043,\"publisher\":{\"@id\":\"https:\/\/www.todoalfalfa.com.ar\/noticias\/#organization\"},\"image\":{\"@id\":\"https:\/\/www.todoalfalfa.com.ar\/noticias\/una-mirada-estrategica-para-pensar-la-alfalfa-argentina-en-el-mundo\/#primaryimage\"},\"thumbnailUrl\":\"https:\/\/i0.wp.com\/www.todoalfalfa.com.ar\/noticias\/wp-content\/uploads\/2025\/10\/20251016_111114-scaled.jpg?fit=2560%2C1441&ssl=1\",\"keywords\":[\"alfalfa\",\"Argentina\",\"C\u00e1mara Argentina de la Alfalfa\",\"Diplomatura Alfalfas de Calidad\",\"exportaci\u00f3n\",\"forrajes\",\"heno\",\"inta\",\"Jos\u00e9 Brigante\",\"mercados\",\"pasturas\",\"producci\u00f3n\",\"siembra\"],\"articleSection\":[\"Diplomatura Alfalfas de Calidad\"],\"inLanguage\":\"es\"},{\"@type\":[\"WebPage\",\"ItemPage\"],\"@id\":\"https:\/\/www.todoalfalfa.com.ar\/noticias\/una-mirada-estrategica-para-pensar-la-alfalfa-argentina-en-el-mundo\/\",\"url\":\"https:\/\/www.todoalfalfa.com.ar\/noticias\/una-mirada-estrategica-para-pensar-la-alfalfa-argentina-en-el-mundo\/\",\"name\":\"Una mirada estrat\u00e9gica para pensar la alfalfa Argentina en el mundo\",\"isPartOf\":{\"@id\":\"https:\/\/www.todoalfalfa.com.ar\/noticias\/#website\"},\"primaryImageOfPage\":{\"@id\":\"https:\/\/www.todoalfalfa.com.ar\/noticias\/una-mirada-estrategica-para-pensar-la-alfalfa-argentina-en-el-mundo\/#primaryimage\"},\"image\":{\"@id\":\"https:\/\/www.todoalfalfa.com.ar\/noticias\/una-mirada-estrategica-para-pensar-la-alfalfa-argentina-en-el-mundo\/#primaryimage\"},\"thumbnailUrl\":\"https:\/\/i0.wp.com\/www.todoalfalfa.com.ar\/noticias\/wp-content\/uploads\/2025\/10\/20251016_111114-scaled.jpg?fit=2560%2C1441&ssl=1\",\"datePublished\":\"2025-10-27T13:21:18+00:00\",\"dateModified\":\"2025-10-27T15:56:59+00:00\",\"breadcrumb\":{\"@id\":\"https:\/\/www.todoalfalfa.com.ar\/noticias\/una-mirada-estrategica-para-pensar-la-alfalfa-argentina-en-el-mundo\/#breadcrumb\"},\"inLanguage\":\"es\",\"potentialAction\":[{\"@type\":\"ReadAction\",\"target\":[\"https:\/\/www.todoalfalfa.com.ar\/noticias\/una-mirada-estrategica-para-pensar-la-alfalfa-argentina-en-el-mundo\/\"]}]},{\"@type\":\"ImageObject\",\"inLanguage\":\"es\",\"@id\":\"https:\/\/www.todoalfalfa.com.ar\/noticias\/una-mirada-estrategica-para-pensar-la-alfalfa-argentina-en-el-mundo\/#primaryimage\",\"url\":\"https:\/\/i0.wp.com\/www.todoalfalfa.com.ar\/noticias\/wp-content\/uploads\/2025\/10\/20251016_111114-scaled.jpg?fit=2560%2C1441&ssl=1\",\"contentUrl\":\"https:\/\/i0.wp.com\/www.todoalfalfa.com.ar\/noticias\/wp-content\/uploads\/2025\/10\/20251016_111114-scaled.jpg?fit=2560%2C1441&ssl=1\",\"width\":2560,\"height\":1441},{\"@type\":\"BreadcrumbList\",\"@id\":\"https:\/\/www.todoalfalfa.com.ar\/noticias\/una-mirada-estrategica-para-pensar-la-alfalfa-argentina-en-el-mundo\/#breadcrumb\",\"itemListElement\":[{\"@type\":\"ListItem\",\"position\":1,\"name\":\"Principal\",\"item\":\"https:\/\/www.todoalfalfa.com.ar\/noticias\/\"},{\"@type\":\"ListItem\",\"position\":2,\"name\":\"Una mirada estrat\u00e9gica para pensar la alfalfa Argentina en el mundo\"}]},{\"@type\":\"WebSite\",\"@id\":\"https:\/\/www.todoalfalfa.com.ar\/noticias\/#website\",\"url\":\"https:\/\/www.todoalfalfa.com.ar\/noticias\/\",\"name\":\"Todo Alfalfa\",\"description\":\"Web informativa de la cadena de la alfalfa argentina\",\"publisher\":{\"@id\":\"https:\/\/www.todoalfalfa.com.ar\/noticias\/#organization\"},\"potentialAction\":[{\"@type\":\"SearchAction\",\"target\":{\"@type\":\"EntryPoint\",\"urlTemplate\":\"https:\/\/www.todoalfalfa.com.ar\/noticias\/?s={search_term_string}\"},\"query-input\":{\"@type\":\"PropertyValueSpecification\",\"valueRequired\":true,\"valueName\":\"search_term_string\"}}],\"inLanguage\":\"es\"},{\"@type\":\"Organization\",\"@id\":\"https:\/\/www.todoalfalfa.com.ar\/noticias\/#organization\",\"name\":\"Todo Alfalfa\",\"url\":\"https:\/\/www.todoalfalfa.com.ar\/noticias\/\",\"logo\":{\"@type\":\"ImageObject\",\"inLanguage\":\"es\",\"@id\":\"https:\/\/www.todoalfalfa.com.ar\/noticias\/#\/schema\/logo\/image\/\",\"url\":\"https:\/\/www.todoalfalfa.com.ar\/noticias\/wp-content\/uploads\/2020\/09\/logo-todo-alfalfa-modificado.png\",\"contentUrl\":\"https:\/\/www.todoalfalfa.com.ar\/noticias\/wp-content\/uploads\/2020\/09\/logo-todo-alfalfa-modificado.png\",\"width\":350,\"height\":100,\"caption\":\"Todo Alfalfa\"},\"image\":{\"@id\":\"https:\/\/www.todoalfalfa.com.ar\/noticias\/#\/schema\/logo\/image\/\"},\"sameAs\":[\"https:\/\/www.facebook.com\/todoalfalfa\",\"https:\/\/www.instagram.com\/todoalfalfa\",\"https:\/\/www.youtube.com\/@TodoAlfalfa\",\"https:\/\/www.linkedin.com\/company\/todoalfalfa\/\"]},{\"@type\":\"Person\",\"@id\":\"https:\/\/www.todoalfalfa.com.ar\/noticias\/#\/schema\/person\/99de93cb711c7015ef658e5321ba9f18\",\"name\":\"Todo Alfalfa\",\"image\":{\"@type\":\"ImageObject\",\"inLanguage\":\"es\",\"@id\":\"https:\/\/www.todoalfalfa.com.ar\/noticias\/#\/schema\/person\/image\/\",\"url\":\"https:\/\/secure.gravatar.com\/avatar\/50ffd12fb7b268bc2467160730786602db252a270c63104e7c19b5f67b8dd346?s=96&d=mm&r=g\",\"contentUrl\":\"https:\/\/secure.gravatar.com\/avatar\/50ffd12fb7b268bc2467160730786602db252a270c63104e7c19b5f67b8dd346?s=96&d=mm&r=g\",\"caption\":\"Todo Alfalfa\"},\"url\":\"https:\/\/www.todoalfalfa.com.ar\/noticias\/author\/osvaldoiachetta\/\"}]}<\/script>\n<!-- \/ Yoast SEO plugin. -->","yoast_head_json":{"title":"Una mirada estrat\u00e9gica para pensar la alfalfa Argentina en el mundo","robots":{"index":"index","follow":"follow","max-snippet":"max-snippet:-1","max-image-preview":"max-image-preview:large","max-video-preview":"max-video-preview:-1"},"canonical":"https:\/\/www.todoalfalfa.com.ar\/noticias\/una-mirada-estrategica-para-pensar-la-alfalfa-argentina-en-el-mundo\/","og_locale":"es_ES","og_type":"article","og_title":"Una mirada estrat\u00e9gica para pensar la alfalfa Argentina en el mundo","og_description":"El ingeniero Jos\u00e9 Brigante, presidente de la C\u00e1mara Argentina de la Alfalfa, expuso un marco estrat\u00e9gico integral dise\u00f1ado para catalizar la producci\u00f3n, industrializaci\u00f3n y comercializaci\u00f3n de alfalfa premium, tanto para el mercado local como para el exigente escenario global.","og_url":"https:\/\/www.todoalfalfa.com.ar\/noticias\/una-mirada-estrategica-para-pensar-la-alfalfa-argentina-en-el-mundo\/","og_site_name":"Todo Alfalfa","article_publisher":"https:\/\/www.facebook.com\/todoalfalfa","article_published_time":"2025-10-27T13:21:18+00:00","article_modified_time":"2025-10-27T15:56:59+00:00","og_image":[{"width":2560,"height":1441,"url":"https:\/\/www.todoalfalfa.com.ar\/noticias\/wp-content\/uploads\/2025\/10\/20251016_111114-scaled.jpg","type":"image\/jpeg"}],"author":"Todo Alfalfa","twitter_card":"summary_large_image","twitter_misc":{"Escrito por":"Todo Alfalfa","Tiempo de lectura":"5 minutos"},"schema":{"@context":"https:\/\/schema.org","@graph":[{"@type":"NewsArticle","@id":"https:\/\/www.todoalfalfa.com.ar\/noticias\/una-mirada-estrategica-para-pensar-la-alfalfa-argentina-en-el-mundo\/#article","isPartOf":{"@id":"https:\/\/www.todoalfalfa.com.ar\/noticias\/una-mirada-estrategica-para-pensar-la-alfalfa-argentina-en-el-mundo\/"},"author":{"name":"Todo Alfalfa","@id":"https:\/\/www.todoalfalfa.com.ar\/noticias\/#\/schema\/person\/99de93cb711c7015ef658e5321ba9f18"},"headline":"Una mirada estrat\u00e9gica para pensar la alfalfa Argentina en el mundo","datePublished":"2025-10-27T13:21:18+00:00","dateModified":"2025-10-27T15:56:59+00:00","mainEntityOfPage":{"@id":"https:\/\/www.todoalfalfa.com.ar\/noticias\/una-mirada-estrategica-para-pensar-la-alfalfa-argentina-en-el-mundo\/"},"wordCount":1043,"publisher":{"@id":"https:\/\/www.todoalfalfa.com.ar\/noticias\/#organization"},"image":{"@id":"https:\/\/www.todoalfalfa.com.ar\/noticias\/una-mirada-estrategica-para-pensar-la-alfalfa-argentina-en-el-mundo\/#primaryimage"},"thumbnailUrl":"https:\/\/i0.wp.com\/www.todoalfalfa.com.ar\/noticias\/wp-content\/uploads\/2025\/10\/20251016_111114-scaled.jpg?fit=2560%2C1441&ssl=1","keywords":["alfalfa","Argentina","C\u00e1mara Argentina de la Alfalfa","Diplomatura Alfalfas de Calidad","exportaci\u00f3n","forrajes","heno","inta","Jos\u00e9 Brigante","mercados","pasturas","producci\u00f3n","siembra"],"articleSection":["Diplomatura Alfalfas de Calidad"],"inLanguage":"es"},{"@type":["WebPage","ItemPage"],"@id":"https:\/\/www.todoalfalfa.com.ar\/noticias\/una-mirada-estrategica-para-pensar-la-alfalfa-argentina-en-el-mundo\/","url":"https:\/\/www.todoalfalfa.com.ar\/noticias\/una-mirada-estrategica-para-pensar-la-alfalfa-argentina-en-el-mundo\/","name":"Una mirada estrat\u00e9gica para pensar la alfalfa Argentina en el mundo","isPartOf":{"@id":"https:\/\/www.todoalfalfa.com.ar\/noticias\/#website"},"primaryImageOfPage":{"@id":"https:\/\/www.todoalfalfa.com.ar\/noticias\/una-mirada-estrategica-para-pensar-la-alfalfa-argentina-en-el-mundo\/#primaryimage"},"image":{"@id":"https:\/\/www.todoalfalfa.com.ar\/noticias\/una-mirada-estrategica-para-pensar-la-alfalfa-argentina-en-el-mundo\/#primaryimage"},"thumbnailUrl":"https:\/\/i0.wp.com\/www.todoalfalfa.com.ar\/noticias\/wp-content\/uploads\/2025\/10\/20251016_111114-scaled.jpg?fit=2560%2C1441&ssl=1","datePublished":"2025-10-27T13:21:18+00:00","dateModified":"2025-10-27T15:56:59+00:00","breadcrumb":{"@id":"https:\/\/www.todoalfalfa.com.ar\/noticias\/una-mirada-estrategica-para-pensar-la-alfalfa-argentina-en-el-mundo\/#breadcrumb"},"inLanguage":"es","potentialAction":[{"@type":"ReadAction","target":["https:\/\/www.todoalfalfa.com.ar\/noticias\/una-mirada-estrategica-para-pensar-la-alfalfa-argentina-en-el-mundo\/"]}]},{"@type":"ImageObject","inLanguage":"es","@id":"https:\/\/www.todoalfalfa.com.ar\/noticias\/una-mirada-estrategica-para-pensar-la-alfalfa-argentina-en-el-mundo\/#primaryimage","url":"https:\/\/i0.wp.com\/www.todoalfalfa.com.ar\/noticias\/wp-content\/uploads\/2025\/10\/20251016_111114-scaled.jpg?fit=2560%2C1441&ssl=1","contentUrl":"https:\/\/i0.wp.com\/www.todoalfalfa.com.ar\/noticias\/wp-content\/uploads\/2025\/10\/20251016_111114-scaled.jpg?fit=2560%2C1441&ssl=1","width":2560,"height":1441},{"@type":"BreadcrumbList","@id":"https:\/\/www.todoalfalfa.com.ar\/noticias\/una-mirada-estrategica-para-pensar-la-alfalfa-argentina-en-el-mundo\/#breadcrumb","itemListElement":[{"@type":"ListItem","position":1,"name":"Principal","item":"https:\/\/www.todoalfalfa.com.ar\/noticias\/"},{"@type":"ListItem","position":2,"name":"Una mirada estrat\u00e9gica para pensar la alfalfa Argentina en el mundo"}]},{"@type":"WebSite","@id":"https:\/\/www.todoalfalfa.com.ar\/noticias\/#website","url":"https:\/\/www.todoalfalfa.com.ar\/noticias\/","name":"Todo Alfalfa","description":"Web informativa de la cadena de la alfalfa argentina","publisher":{"@id":"https:\/\/www.todoalfalfa.com.ar\/noticias\/#organization"},"potentialAction":[{"@type":"SearchAction","target":{"@type":"EntryPoint","urlTemplate":"https:\/\/www.todoalfalfa.com.ar\/noticias\/?s={search_term_string}"},"query-input":{"@type":"PropertyValueSpecification","valueRequired":true,"valueName":"search_term_string"}}],"inLanguage":"es"},{"@type":"Organization","@id":"https:\/\/www.todoalfalfa.com.ar\/noticias\/#organization","name":"Todo Alfalfa","url":"https:\/\/www.todoalfalfa.com.ar\/noticias\/","logo":{"@type":"ImageObject","inLanguage":"es","@id":"https:\/\/www.todoalfalfa.com.ar\/noticias\/#\/schema\/logo\/image\/","url":"https:\/\/www.todoalfalfa.com.ar\/noticias\/wp-content\/uploads\/2020\/09\/logo-todo-alfalfa-modificado.png","contentUrl":"https:\/\/www.todoalfalfa.com.ar\/noticias\/wp-content\/uploads\/2020\/09\/logo-todo-alfalfa-modificado.png","width":350,"height":100,"caption":"Todo Alfalfa"},"image":{"@id":"https:\/\/www.todoalfalfa.com.ar\/noticias\/#\/schema\/logo\/image\/"},"sameAs":["https:\/\/www.facebook.com\/todoalfalfa","https:\/\/www.instagram.com\/todoalfalfa","https:\/\/www.youtube.com\/@TodoAlfalfa","https:\/\/www.linkedin.com\/company\/todoalfalfa\/"]},{"@type":"Person","@id":"https:\/\/www.todoalfalfa.com.ar\/noticias\/#\/schema\/person\/99de93cb711c7015ef658e5321ba9f18","name":"Todo Alfalfa","image":{"@type":"ImageObject","inLanguage":"es","@id":"https:\/\/www.todoalfalfa.com.ar\/noticias\/#\/schema\/person\/image\/","url":"https:\/\/secure.gravatar.com\/avatar\/50ffd12fb7b268bc2467160730786602db252a270c63104e7c19b5f67b8dd346?s=96&d=mm&r=g","contentUrl":"https:\/\/secure.gravatar.com\/avatar\/50ffd12fb7b268bc2467160730786602db252a270c63104e7c19b5f67b8dd346?s=96&d=mm&r=g","caption":"Todo Alfalfa"},"url":"https:\/\/www.todoalfalfa.com.ar\/noticias\/author\/osvaldoiachetta\/"}]}},"jetpack_featured_media_url":"https:\/\/i0.wp.com\/www.todoalfalfa.com.ar\/noticias\/wp-content\/uploads\/2025\/10\/20251016_111114-scaled.jpg?fit=2560%2C1441&ssl=1","wps_subtitle":"","jetpack_sharing_enabled":true,"_links":{"self":[{"href":"https:\/\/www.todoalfalfa.com.ar\/noticias\/wp-json\/wp\/v2\/posts\/51045","targetHints":{"allow":["GET"]}}],"collection":[{"href":"https:\/\/www.todoalfalfa.com.ar\/noticias\/wp-json\/wp\/v2\/posts"}],"about":[{"href":"https:\/\/www.todoalfalfa.com.ar\/noticias\/wp-json\/wp\/v2\/types\/post"}],"author":[{"embeddable":true,"href":"https:\/\/www.todoalfalfa.com.ar\/noticias\/wp-json\/wp\/v2\/users\/9"}],"replies":[{"embeddable":true,"href":"https:\/\/www.todoalfalfa.com.ar\/noticias\/wp-json\/wp\/v2\/comments?post=51045"}],"version-history":[{"count":2,"href":"https:\/\/www.todoalfalfa.com.ar\/noticias\/wp-json\/wp\/v2\/posts\/51045\/revisions"}],"predecessor-version":[{"id":51051,"href":"https:\/\/www.todoalfalfa.com.ar\/noticias\/wp-json\/wp\/v2\/posts\/51045\/revisions\/51051"}],"wp:featuredmedia":[{"embeddable":true,"href":"https:\/\/www.todoalfalfa.com.ar\/noticias\/wp-json\/wp\/v2\/media\/51047"}],"wp:attachment":[{"href":"https:\/\/www.todoalfalfa.com.ar\/noticias\/wp-json\/wp\/v2\/media?parent=51045"}],"wp:term":[{"taxonomy":"category","embeddable":true,"href":"https:\/\/www.todoalfalfa.com.ar\/noticias\/wp-json\/wp\/v2\/categories?post=51045"},{"taxonomy":"post_tag","embeddable":true,"href":"https:\/\/www.todoalfalfa.com.ar\/noticias\/wp-json\/wp\/v2\/tags?post=51045"}],"curies":[{"name":"wp","href":"https:\/\/api.w.org\/{rel}","templated":true}]}}