{"id":51077,"date":"2025-10-29T13:51:54","date_gmt":"2025-10-29T16:51:54","guid":{"rendered":"https:\/\/www.todoalfalfa.com.ar\/noticias\/?p=51077"},"modified":"2025-10-30T08:09:26","modified_gmt":"2025-10-30T11:09:26","slug":"iv-congreso-mundial-de-alfalfa-en-francia","status":"publish","type":"post","link":"https:\/\/www.todoalfalfa.com.ar\/noticias\/iv-congreso-mundial-de-alfalfa-en-francia\/","title":{"rendered":"IV Congreso Mundial de Alfalfa en Francia"},"content":{"rendered":"\n<p>El I<a href=\"https:\/\/world-alfalfa-congress.com\/\">V Congreso Mundial de Alfalfa<\/a> que se desarrollar\u00e1 en la ciudad francesa de Reims, del 3 al 6 de noviembre, no solo ser\u00e1 un encuentro acad\u00e9mico para Argentina sino que ser\u00e1 un momento propicio para seguir sumando herramientas y conocimiento en b\u00fasqueda de lograr mayor calidad productiva.<\/p>\n\n\n\n<p>Adem\u00e1s, el desaf\u00edo de la sostenibilidad marcar\u00e1 el camino que los productores deber\u00e1n abordar de cara al futuro para poder producir alfalfas que sean aceptadas por los mercados globales.&nbsp;<\/p>\n\n\n\n<p>Este evento est\u00e1 destinado a redefinir el rol de la alfalfa como un cultivo resiliente, sentando las bases de un mercado que premia la eficiencia y el equilibrio ecol\u00f3gico, una oportunidad directa para la producci\u00f3n nacional.<\/p>\n\n\n\n<p>En este escenario, TodoAlfalfa es partner oficial del congreso. A trav\u00e9s de esta alianza, se posiciona como el nexo principal entre el conocimiento de punta que se generar\u00e1 en Europa y el sector productivo argentino, con la misi\u00f3n de transferir herramientas competitivas y visi\u00f3n de futuro.<\/p>\n\n\n\n<p>La iniciativa, sin embargo, trasciende las fronteras del congreso. La cobertura se extender\u00e1 a una gira t\u00e9cnica por centros de producci\u00f3n claves en Espa\u00f1a, completando un recorrido integral que conecta la investigaci\u00f3n cient\u00edfica con la innovaci\u00f3n tecnol\u00f3gica aplicada, estableciendo as\u00ed una hoja de ruta completa para el desarrollo del sector alfalfero nacional.<\/p>\n\n\n\n<p>El IV Congreso Mundial de Alfalfa, organizado por la Asociaci\u00f3n de Deshidratadores Europeos (CIDE), se perfila como el epicentro del debate global sobre el futuro del cultivo.&nbsp;<\/p>\n\n\n\n<p>Su lema, que interpela a la industria bajo la pregunta \u201cAlfalfa, \u00bfuna oportunidad para volver a los l\u00edmites planetarios?\u201d, encapsula la visi\u00f3n central del evento: posicionar a la alfalfa no solo como un forraje de alta calidad, sino como una herramienta fundamental para la recuperaci\u00f3n de ecosistemas, el uso sustentable de recursos como el agua y el nitr\u00f3geno, y el fomento de la biodiversidad.&nbsp;<\/p>\n\n\n\n<figure class=\"wp-block-embed is-type-wp-embed is-provider-todo-alfalfa wp-block-embed-todo-alfalfa\"><div class=\"wp-block-embed__wrapper\">\n<blockquote class=\"wp-embedded-content\" data-secret=\"YyfHwkK21t\"><a href=\"https:\/\/www.todoalfalfa.com.ar\/noticias\/el-congreso-mundial-de-alfalfa-tendra-acento-argentino-y-cordobes\/\">El Congreso Mundial de Alfalfa tendr\u00e1 acento argentino y cordob\u00e9s<\/a><\/blockquote><iframe class=\"wp-embedded-content\" sandbox=\"allow-scripts\" security=\"restricted\" style=\"position: absolute; visibility: hidden;\" title=\"\u00abEl Congreso Mundial de Alfalfa tendr\u00e1 acento argentino y cordob\u00e9s\u00bb \u2014 Todo Alfalfa\" src=\"https:\/\/www.todoalfalfa.com.ar\/noticias\/el-congreso-mundial-de-alfalfa-tendra-acento-argentino-y-cordobes\/embed\/#?secret=lWHJpzaoBA#?secret=YyfHwkK21t\" data-secret=\"YyfHwkK21t\" width=\"500\" height=\"282\" frameborder=\"0\" marginwidth=\"0\" marginheight=\"0\" scrolling=\"no\"><\/iframe>\n<\/div><\/figure>\n\n\n\n<blockquote class=\"wp-block-quote is-layout-flow wp-block-quote-is-layout-flow\">\n<p>Este enfoque integral reunir\u00e1 a los m\u00e1s destacados investigadores, productores e industriales.<\/p>\n<\/blockquote>\n\n\n\n<p>La estructura del congreso ha sido dise\u00f1ada para ofrecer una experiencia multifac\u00e9tica que abarca desde la aplicaci\u00f3n pr\u00e1ctica hasta el debate cient\u00edfico y las oportunidades comerciales:<\/p>\n\n\n\n<p>\u2022 Taller para Productores (3 de noviembre): Una jornada intensiva dedicada a los desaf\u00edos del d\u00eda a d\u00eda en el campo. Se abordar\u00e1n temas pr\u00e1cticos como el manejo de plagas, la fertilizaci\u00f3n, los avances en gen\u00e9tica y los beneficios agron\u00f3micos y econ\u00f3micos de la deshidrataci\u00f3n, ofreciendo una visi\u00f3n detallada del potente sector industrial europeo.<\/p>\n\n\n\n<p>\u2022 Sesiones Cient\u00edficas (4 y 5 de noviembre): El n\u00facleo acad\u00e9mico del evento se articular\u00e1 en torno a seis ejes tem\u00e1ticos cruciales: Aspectos econ\u00f3micos y de mercado, Nitr\u00f3geno, Uso eficiente del agua, Promoci\u00f3n de la biodiversidad, Uso de la tierra y Cambio clim\u00e1tico. El formato din\u00e1mico incluir\u00e1 disertantes de prestigio, mesas redondas y sesiones de posters.<\/p>\n\n\n\n<p>\u2022 Rondas de Negocios (4 y 5 de noviembre): Un espacio estrat\u00e9gico dise\u00f1ado para fomentar la interacci\u00f3n comercial directa. Este componente es fundamental para que productores e inversores puedan establecer contactos valiosos con proveedores y compradores internacionales, explorar nuevas oportunidades y concretar acuerdos.<\/p>\n\n\n\n<p>\u2022 Gira de Campo (6 de noviembre): La experiencia culminar\u00e1 con una visita t\u00e9cnica a las plantas de procesado de alfalfa en Recy y Francheville, permitiendo a los asistentes comparar de primera mano un sistema de deshidratado tradicional con una t\u00e9cnica de secado m\u00e1s moderna y eficiente.<\/p>\n\n\n\n<p>La relevancia de Argentina en el escenario mundial queda subrayada por una significativa presencia nacional. La participaci\u00f3n de Daniel Basigalup como miembro del Comit\u00e9 Organizador Internacional valida la trayectoria del pa\u00eds y a ello se le suma el ingeniero agr\u00f3nomo Ariel Odorizzi (INTA Manfredi) que integra el Comit\u00e9 Cient\u00edfico.<\/p>\n\n\n\n<p>Cabe destacar que Odorizzi no solo forma parte del comit\u00e9, sino que ser\u00e1 el responsable de abordar la crucial relaci\u00f3n entre la alfalfa y el cambio clim\u00e1tico. Su ponencia destacar\u00e1 la resiliencia del cultivo, su capacidad para tolerar sequ\u00edas y salinidad, y su rol en la mitigaci\u00f3n de emisiones de \u00f3xido nitroso, posicionando a la investigaci\u00f3n argentina en el centro de uno de los debates m\u00e1s importantes para el futuro de la agricultura global.<\/p>\n\n\n\n<p>Esta participaci\u00f3n, con una importante comitiva de Argentinos, est\u00e1 alineada con la meta estrat\u00e9gica de Argentina de convertirse en un \u00abjugador importante dentro del comercio internacional\u00bb de heno de calidad.&nbsp;<\/p>\n\n\n\n<p class=\"has-medium-font-size\"><strong>De la teor\u00eda a la pr\u00e1ctica: Inmersi\u00f3n tecnol\u00f3gica en el coraz\u00f3n industrial de Espa\u00f1a<\/strong><\/p>\n\n\n\n<p>La segunda etapa de la misi\u00f3n, una gira t\u00e9cnica, es el complemento perfecto al conocimiento cient\u00edfico adquirido en Francia. Esta extensi\u00f3n es fundamental para conectar los avances te\u00f3ricos con su aplicaci\u00f3n pr\u00e1ctica, observando en funcionamiento las tecnolog\u00edas que definen los est\u00e1ndares de calidad y eficiencia en el mercado global.&nbsp;<\/p>\n\n\n\n<p>Esta iniciativa, que combina la participaci\u00f3n en el congreso m\u00e1s importante del mundo con una gira tecnol\u00f3gica de alto impacto, representa mucho m\u00e1s que un viaje de capacitaci\u00f3n.&nbsp;<\/p>\n\n\n\n<p>La propuesta liderada por TodoAlfalfa es una inversi\u00f3n estrat\u00e9gica en el capital humano y tecnol\u00f3gico del sector alfalfero argentino, dise\u00f1ada para acelerar su posicionamiento en el competitivo mercado internacional.<\/p>\n\n\n\n<p>La misi\u00f3n se asienta sobre tres pilares fundamentales que busca fortalecer de manera decisiva: el conocimiento cient\u00edfico de vanguardia, la adopci\u00f3n de innovaci\u00f3n tecnol\u00f3gica en procesos clave y el desarrollo de negocios internacionales a trav\u00e9s de redes de contacto de alto nivel.<\/p>\n\n\n\n<figure class=\"wp-block-embed is-type-wp-embed is-provider-todo-alfalfa wp-block-embed-todo-alfalfa\"><div class=\"wp-block-embed__wrapper\">\n<blockquote class=\"wp-embedded-content\" data-secret=\"uUj6XdgpcD\"><a href=\"https:\/\/www.todoalfalfa.com.ar\/noticias\/alfalfa-cambio-climatico-genetica-negocios-y-mucho-mas-en-el-congreso-mundial-de-alfalfa\/\">Congreso Mundial de Alfalfa: cambio clim\u00e1tico, gen\u00e9tica, negocios y mucho m\u00e1s<\/a><\/blockquote><iframe class=\"wp-embedded-content\" sandbox=\"allow-scripts\" security=\"restricted\" style=\"position: absolute; visibility: hidden;\" title=\"\u00abCongreso Mundial de Alfalfa: cambio clim\u00e1tico, gen\u00e9tica, negocios y mucho m\u00e1s\u00bb \u2014 Todo Alfalfa\" src=\"https:\/\/www.todoalfalfa.com.ar\/noticias\/alfalfa-cambio-climatico-genetica-negocios-y-mucho-mas-en-el-congreso-mundial-de-alfalfa\/embed\/#?secret=s2VAXbSle4#?secret=uUj6XdgpcD\" data-secret=\"uUj6XdgpcD\" width=\"500\" height=\"282\" frameborder=\"0\" marginwidth=\"0\" marginheight=\"0\" scrolling=\"no\"><\/iframe>\n<\/div><\/figure>\n<div class=\"todoalfalfa-final-de-la-nota\" id=\"todoalfalfa-3247074400\"><a href=\"https:\/\/www.whatsapp.com\/channel\/0029VbCBmFB9WtBxJsD3eC2i\" target=\"_blank\" aria-label=\"5\"><img src=\"https:\/\/i0.wp.com\/www.todoalfalfa.com.ar\/noticias\/wp-content\/uploads\/2026\/04\/5.gif?fit=728%2C90&#038;ssl=1\" alt=\"\"  width=\"728\" height=\"90\"   \/><\/a><\/div>","protected":false},"excerpt":{"rendered":"<p>Del 3 al 6 de noviembre, la ciudad de Reims, ser\u00e1 sede del evento m\u00e1s importante para el sector. Una comitiva Argentina participar\u00e1 con intenciones de abrir nuevos mercados. Cobertura exclusiva de TodoAlfalfa.<\/p>\n","protected":false},"author":9,"featured_media":51078,"comment_status":"closed","ping_status":"open","sticky":false,"template":"","format":"standard","meta":{"jetpack_post_was_ever_published":false,"_jetpack_newsletter_access":"","_jetpack_dont_email_post_to_subs":false,"_jetpack_newsletter_tier_id":0,"_jetpack_memberships_contains_paywalled_content":false,"_jetpack_memberships_contains_paid_content":false,"footnotes":""},"categories":[2],"tags":[31,105,1501,1399,1486,54,68,36,1659,21],"class_list":["post-51077","post","type-post","status-publish","format-standard","has-post-thumbnail","hentry","category-generales","tag-alfalfa","tag-argentina","tag-ariel-odorizzi","tag-congreso-mundial-de-alfalfa","tag-daniel-basigalup","tag-forrajes","tag-heno","tag-inta","tag-novedades","tag-produccion"],"yoast_head":"<!-- This site is optimized with the Yoast SEO plugin v25.5 - https:\/\/yoast.com\/wordpress\/plugins\/seo\/ -->\n<title>IV Congreso Mundial de Alfalfa en Francia<\/title>\n<meta name=\"robots\" content=\"index, follow, max-snippet:-1, max-image-preview:large, max-video-preview:-1\" \/>\n<link rel=\"canonical\" href=\"https:\/\/www.todoalfalfa.com.ar\/noticias\/iv-congreso-mundial-de-alfalfa-en-francia\/\" \/>\n<meta property=\"og:locale\" content=\"es_ES\" \/>\n<meta property=\"og:type\" content=\"article\" \/>\n<meta property=\"og:title\" content=\"IV Congreso Mundial de Alfalfa en Francia\" \/>\n<meta property=\"og:description\" content=\"Del 3 al 6 de noviembre, la ciudad de Reims, ser\u00e1 sede del evento m\u00e1s importante para el sector. Una comitiva Argentina participar\u00e1 con intenciones de abrir nuevos mercados. Cobertura exclusiva de TodoAlfalfa.\" \/>\n<meta property=\"og:url\" content=\"https:\/\/www.todoalfalfa.com.ar\/noticias\/iv-congreso-mundial-de-alfalfa-en-francia\/\" \/>\n<meta property=\"og:site_name\" content=\"Todo Alfalfa\" \/>\n<meta property=\"article:publisher\" content=\"https:\/\/www.facebook.com\/todoalfalfa\" \/>\n<meta property=\"article:published_time\" content=\"2025-10-29T16:51:54+00:00\" \/>\n<meta property=\"article:modified_time\" content=\"2025-10-30T11:09:26+00:00\" \/>\n<meta property=\"og:image\" content=\"https:\/\/www.todoalfalfa.com.ar\/noticias\/wp-content\/uploads\/2025\/10\/Cosecha-de-alfalfa-y-conocimiento-1024x683.png\" \/>\n\t<meta property=\"og:image:width\" content=\"1024\" \/>\n\t<meta property=\"og:image:height\" content=\"683\" \/>\n\t<meta property=\"og:image:type\" content=\"image\/png\" \/>\n<meta name=\"author\" content=\"Todo Alfalfa\" \/>\n<meta name=\"twitter:card\" content=\"summary_large_image\" \/>\n<meta name=\"twitter:label1\" content=\"Escrito por\" \/>\n\t<meta name=\"twitter:data1\" content=\"Todo Alfalfa\" \/>\n\t<meta name=\"twitter:label2\" content=\"Tiempo de lectura\" \/>\n\t<meta name=\"twitter:data2\" content=\"5 minutos\" \/>\n<script type=\"application\/ld+json\" class=\"yoast-schema-graph\">{\"@context\":\"https:\/\/schema.org\",\"@graph\":[{\"@type\":\"NewsArticle\",\"@id\":\"https:\/\/www.todoalfalfa.com.ar\/noticias\/iv-congreso-mundial-de-alfalfa-en-francia\/#article\",\"isPartOf\":{\"@id\":\"https:\/\/www.todoalfalfa.com.ar\/noticias\/iv-congreso-mundial-de-alfalfa-en-francia\/\"},\"author\":{\"name\":\"Todo Alfalfa\",\"@id\":\"https:\/\/www.todoalfalfa.com.ar\/noticias\/#\/schema\/person\/99de93cb711c7015ef658e5321ba9f18\"},\"headline\":\"IV Congreso Mundial de Alfalfa en Francia\",\"datePublished\":\"2025-10-29T16:51:54+00:00\",\"dateModified\":\"2025-10-30T11:09:26+00:00\",\"mainEntityOfPage\":{\"@id\":\"https:\/\/www.todoalfalfa.com.ar\/noticias\/iv-congreso-mundial-de-alfalfa-en-francia\/\"},\"wordCount\":966,\"publisher\":{\"@id\":\"https:\/\/www.todoalfalfa.com.ar\/noticias\/#organization\"},\"image\":{\"@id\":\"https:\/\/www.todoalfalfa.com.ar\/noticias\/iv-congreso-mundial-de-alfalfa-en-francia\/#primaryimage\"},\"thumbnailUrl\":\"https:\/\/i0.wp.com\/www.todoalfalfa.com.ar\/noticias\/wp-content\/uploads\/2025\/10\/Cosecha-de-alfalfa-y-conocimiento.png?fit=1536%2C1024&ssl=1\",\"keywords\":[\"alfalfa\",\"Argentina\",\"Ariel Odorizzi\",\"Congreso Mundial de Alfalfa\",\"Daniel Basigalup\",\"forrajes\",\"heno\",\"inta\",\"Novedades\",\"producci\u00f3n\"],\"articleSection\":[\"Generales\"],\"inLanguage\":\"es\"},{\"@type\":[\"WebPage\",\"ItemPage\"],\"@id\":\"https:\/\/www.todoalfalfa.com.ar\/noticias\/iv-congreso-mundial-de-alfalfa-en-francia\/\",\"url\":\"https:\/\/www.todoalfalfa.com.ar\/noticias\/iv-congreso-mundial-de-alfalfa-en-francia\/\",\"name\":\"IV Congreso Mundial de Alfalfa en Francia\",\"isPartOf\":{\"@id\":\"https:\/\/www.todoalfalfa.com.ar\/noticias\/#website\"},\"primaryImageOfPage\":{\"@id\":\"https:\/\/www.todoalfalfa.com.ar\/noticias\/iv-congreso-mundial-de-alfalfa-en-francia\/#primaryimage\"},\"image\":{\"@id\":\"https:\/\/www.todoalfalfa.com.ar\/noticias\/iv-congreso-mundial-de-alfalfa-en-francia\/#primaryimage\"},\"thumbnailUrl\":\"https:\/\/i0.wp.com\/www.todoalfalfa.com.ar\/noticias\/wp-content\/uploads\/2025\/10\/Cosecha-de-alfalfa-y-conocimiento.png?fit=1536%2C1024&ssl=1\",\"datePublished\":\"2025-10-29T16:51:54+00:00\",\"dateModified\":\"2025-10-30T11:09:26+00:00\",\"breadcrumb\":{\"@id\":\"https:\/\/www.todoalfalfa.com.ar\/noticias\/iv-congreso-mundial-de-alfalfa-en-francia\/#breadcrumb\"},\"inLanguage\":\"es\",\"potentialAction\":[{\"@type\":\"ReadAction\",\"target\":[\"https:\/\/www.todoalfalfa.com.ar\/noticias\/iv-congreso-mundial-de-alfalfa-en-francia\/\"]}]},{\"@type\":\"ImageObject\",\"inLanguage\":\"es\",\"@id\":\"https:\/\/www.todoalfalfa.com.ar\/noticias\/iv-congreso-mundial-de-alfalfa-en-francia\/#primaryimage\",\"url\":\"https:\/\/i0.wp.com\/www.todoalfalfa.com.ar\/noticias\/wp-content\/uploads\/2025\/10\/Cosecha-de-alfalfa-y-conocimiento.png?fit=1536%2C1024&ssl=1\",\"contentUrl\":\"https:\/\/i0.wp.com\/www.todoalfalfa.com.ar\/noticias\/wp-content\/uploads\/2025\/10\/Cosecha-de-alfalfa-y-conocimiento.png?fit=1536%2C1024&ssl=1\",\"width\":1536,\"height\":1024},{\"@type\":\"BreadcrumbList\",\"@id\":\"https:\/\/www.todoalfalfa.com.ar\/noticias\/iv-congreso-mundial-de-alfalfa-en-francia\/#breadcrumb\",\"itemListElement\":[{\"@type\":\"ListItem\",\"position\":1,\"name\":\"Principal\",\"item\":\"https:\/\/www.todoalfalfa.com.ar\/noticias\/\"},{\"@type\":\"ListItem\",\"position\":2,\"name\":\"IV Congreso Mundial de Alfalfa en Francia\"}]},{\"@type\":\"WebSite\",\"@id\":\"https:\/\/www.todoalfalfa.com.ar\/noticias\/#website\",\"url\":\"https:\/\/www.todoalfalfa.com.ar\/noticias\/\",\"name\":\"Todo Alfalfa\",\"description\":\"Web informativa de la cadena de la alfalfa argentina\",\"publisher\":{\"@id\":\"https:\/\/www.todoalfalfa.com.ar\/noticias\/#organization\"},\"potentialAction\":[{\"@type\":\"SearchAction\",\"target\":{\"@type\":\"EntryPoint\",\"urlTemplate\":\"https:\/\/www.todoalfalfa.com.ar\/noticias\/?s={search_term_string}\"},\"query-input\":{\"@type\":\"PropertyValueSpecification\",\"valueRequired\":true,\"valueName\":\"search_term_string\"}}],\"inLanguage\":\"es\"},{\"@type\":\"Organization\",\"@id\":\"https:\/\/www.todoalfalfa.com.ar\/noticias\/#organization\",\"name\":\"Todo Alfalfa\",\"url\":\"https:\/\/www.todoalfalfa.com.ar\/noticias\/\",\"logo\":{\"@type\":\"ImageObject\",\"inLanguage\":\"es\",\"@id\":\"https:\/\/www.todoalfalfa.com.ar\/noticias\/#\/schema\/logo\/image\/\",\"url\":\"https:\/\/www.todoalfalfa.com.ar\/noticias\/wp-content\/uploads\/2020\/09\/logo-todo-alfalfa-modificado.png\",\"contentUrl\":\"https:\/\/www.todoalfalfa.com.ar\/noticias\/wp-content\/uploads\/2020\/09\/logo-todo-alfalfa-modificado.png\",\"width\":350,\"height\":100,\"caption\":\"Todo Alfalfa\"},\"image\":{\"@id\":\"https:\/\/www.todoalfalfa.com.ar\/noticias\/#\/schema\/logo\/image\/\"},\"sameAs\":[\"https:\/\/www.facebook.com\/todoalfalfa\",\"https:\/\/www.instagram.com\/todoalfalfa\",\"https:\/\/www.youtube.com\/@TodoAlfalfa\",\"https:\/\/www.linkedin.com\/company\/todoalfalfa\/\"]},{\"@type\":\"Person\",\"@id\":\"https:\/\/www.todoalfalfa.com.ar\/noticias\/#\/schema\/person\/99de93cb711c7015ef658e5321ba9f18\",\"name\":\"Todo Alfalfa\",\"image\":{\"@type\":\"ImageObject\",\"inLanguage\":\"es\",\"@id\":\"https:\/\/www.todoalfalfa.com.ar\/noticias\/#\/schema\/person\/image\/\",\"url\":\"https:\/\/secure.gravatar.com\/avatar\/50ffd12fb7b268bc2467160730786602db252a270c63104e7c19b5f67b8dd346?s=96&d=mm&r=g\",\"contentUrl\":\"https:\/\/secure.gravatar.com\/avatar\/50ffd12fb7b268bc2467160730786602db252a270c63104e7c19b5f67b8dd346?s=96&d=mm&r=g\",\"caption\":\"Todo Alfalfa\"},\"url\":\"https:\/\/www.todoalfalfa.com.ar\/noticias\/author\/osvaldoiachetta\/\"}]}<\/script>\n<!-- \/ Yoast SEO plugin. -->","yoast_head_json":{"title":"IV Congreso Mundial de Alfalfa en Francia","robots":{"index":"index","follow":"follow","max-snippet":"max-snippet:-1","max-image-preview":"max-image-preview:large","max-video-preview":"max-video-preview:-1"},"canonical":"https:\/\/www.todoalfalfa.com.ar\/noticias\/iv-congreso-mundial-de-alfalfa-en-francia\/","og_locale":"es_ES","og_type":"article","og_title":"IV Congreso Mundial de Alfalfa en Francia","og_description":"Del 3 al 6 de noviembre, la ciudad de Reims, ser\u00e1 sede del evento m\u00e1s importante para el sector. Una comitiva Argentina participar\u00e1 con intenciones de abrir nuevos mercados. Cobertura exclusiva de TodoAlfalfa.","og_url":"https:\/\/www.todoalfalfa.com.ar\/noticias\/iv-congreso-mundial-de-alfalfa-en-francia\/","og_site_name":"Todo Alfalfa","article_publisher":"https:\/\/www.facebook.com\/todoalfalfa","article_published_time":"2025-10-29T16:51:54+00:00","article_modified_time":"2025-10-30T11:09:26+00:00","og_image":[{"width":1024,"height":683,"url":"https:\/\/www.todoalfalfa.com.ar\/noticias\/wp-content\/uploads\/2025\/10\/Cosecha-de-alfalfa-y-conocimiento-1024x683.png","type":"image\/png"}],"author":"Todo Alfalfa","twitter_card":"summary_large_image","twitter_misc":{"Escrito por":"Todo Alfalfa","Tiempo de lectura":"5 minutos"},"schema":{"@context":"https:\/\/schema.org","@graph":[{"@type":"NewsArticle","@id":"https:\/\/www.todoalfalfa.com.ar\/noticias\/iv-congreso-mundial-de-alfalfa-en-francia\/#article","isPartOf":{"@id":"https:\/\/www.todoalfalfa.com.ar\/noticias\/iv-congreso-mundial-de-alfalfa-en-francia\/"},"author":{"name":"Todo Alfalfa","@id":"https:\/\/www.todoalfalfa.com.ar\/noticias\/#\/schema\/person\/99de93cb711c7015ef658e5321ba9f18"},"headline":"IV Congreso Mundial de Alfalfa en Francia","datePublished":"2025-10-29T16:51:54+00:00","dateModified":"2025-10-30T11:09:26+00:00","mainEntityOfPage":{"@id":"https:\/\/www.todoalfalfa.com.ar\/noticias\/iv-congreso-mundial-de-alfalfa-en-francia\/"},"wordCount":966,"publisher":{"@id":"https:\/\/www.todoalfalfa.com.ar\/noticias\/#organization"},"image":{"@id":"https:\/\/www.todoalfalfa.com.ar\/noticias\/iv-congreso-mundial-de-alfalfa-en-francia\/#primaryimage"},"thumbnailUrl":"https:\/\/i0.wp.com\/www.todoalfalfa.com.ar\/noticias\/wp-content\/uploads\/2025\/10\/Cosecha-de-alfalfa-y-conocimiento.png?fit=1536%2C1024&ssl=1","keywords":["alfalfa","Argentina","Ariel Odorizzi","Congreso Mundial de Alfalfa","Daniel Basigalup","forrajes","heno","inta","Novedades","producci\u00f3n"],"articleSection":["Generales"],"inLanguage":"es"},{"@type":["WebPage","ItemPage"],"@id":"https:\/\/www.todoalfalfa.com.ar\/noticias\/iv-congreso-mundial-de-alfalfa-en-francia\/","url":"https:\/\/www.todoalfalfa.com.ar\/noticias\/iv-congreso-mundial-de-alfalfa-en-francia\/","name":"IV Congreso Mundial de Alfalfa en Francia","isPartOf":{"@id":"https:\/\/www.todoalfalfa.com.ar\/noticias\/#website"},"primaryImageOfPage":{"@id":"https:\/\/www.todoalfalfa.com.ar\/noticias\/iv-congreso-mundial-de-alfalfa-en-francia\/#primaryimage"},"image":{"@id":"https:\/\/www.todoalfalfa.com.ar\/noticias\/iv-congreso-mundial-de-alfalfa-en-francia\/#primaryimage"},"thumbnailUrl":"https:\/\/i0.wp.com\/www.todoalfalfa.com.ar\/noticias\/wp-content\/uploads\/2025\/10\/Cosecha-de-alfalfa-y-conocimiento.png?fit=1536%2C1024&ssl=1","datePublished":"2025-10-29T16:51:54+00:00","dateModified":"2025-10-30T11:09:26+00:00","breadcrumb":{"@id":"https:\/\/www.todoalfalfa.com.ar\/noticias\/iv-congreso-mundial-de-alfalfa-en-francia\/#breadcrumb"},"inLanguage":"es","potentialAction":[{"@type":"ReadAction","target":["https:\/\/www.todoalfalfa.com.ar\/noticias\/iv-congreso-mundial-de-alfalfa-en-francia\/"]}]},{"@type":"ImageObject","inLanguage":"es","@id":"https:\/\/www.todoalfalfa.com.ar\/noticias\/iv-congreso-mundial-de-alfalfa-en-francia\/#primaryimage","url":"https:\/\/i0.wp.com\/www.todoalfalfa.com.ar\/noticias\/wp-content\/uploads\/2025\/10\/Cosecha-de-alfalfa-y-conocimiento.png?fit=1536%2C1024&ssl=1","contentUrl":"https:\/\/i0.wp.com\/www.todoalfalfa.com.ar\/noticias\/wp-content\/uploads\/2025\/10\/Cosecha-de-alfalfa-y-conocimiento.png?fit=1536%2C1024&ssl=1","width":1536,"height":1024},{"@type":"BreadcrumbList","@id":"https:\/\/www.todoalfalfa.com.ar\/noticias\/iv-congreso-mundial-de-alfalfa-en-francia\/#breadcrumb","itemListElement":[{"@type":"ListItem","position":1,"name":"Principal","item":"https:\/\/www.todoalfalfa.com.ar\/noticias\/"},{"@type":"ListItem","position":2,"name":"IV Congreso Mundial de Alfalfa en Francia"}]},{"@type":"WebSite","@id":"https:\/\/www.todoalfalfa.com.ar\/noticias\/#website","url":"https:\/\/www.todoalfalfa.com.ar\/noticias\/","name":"Todo Alfalfa","description":"Web informativa de la cadena de la alfalfa argentina","publisher":{"@id":"https:\/\/www.todoalfalfa.com.ar\/noticias\/#organization"},"potentialAction":[{"@type":"SearchAction","target":{"@type":"EntryPoint","urlTemplate":"https:\/\/www.todoalfalfa.com.ar\/noticias\/?s={search_term_string}"},"query-input":{"@type":"PropertyValueSpecification","valueRequired":true,"valueName":"search_term_string"}}],"inLanguage":"es"},{"@type":"Organization","@id":"https:\/\/www.todoalfalfa.com.ar\/noticias\/#organization","name":"Todo Alfalfa","url":"https:\/\/www.todoalfalfa.com.ar\/noticias\/","logo":{"@type":"ImageObject","inLanguage":"es","@id":"https:\/\/www.todoalfalfa.com.ar\/noticias\/#\/schema\/logo\/image\/","url":"https:\/\/www.todoalfalfa.com.ar\/noticias\/wp-content\/uploads\/2020\/09\/logo-todo-alfalfa-modificado.png","contentUrl":"https:\/\/www.todoalfalfa.com.ar\/noticias\/wp-content\/uploads\/2020\/09\/logo-todo-alfalfa-modificado.png","width":350,"height":100,"caption":"Todo Alfalfa"},"image":{"@id":"https:\/\/www.todoalfalfa.com.ar\/noticias\/#\/schema\/logo\/image\/"},"sameAs":["https:\/\/www.facebook.com\/todoalfalfa","https:\/\/www.instagram.com\/todoalfalfa","https:\/\/www.youtube.com\/@TodoAlfalfa","https:\/\/www.linkedin.com\/company\/todoalfalfa\/"]},{"@type":"Person","@id":"https:\/\/www.todoalfalfa.com.ar\/noticias\/#\/schema\/person\/99de93cb711c7015ef658e5321ba9f18","name":"Todo Alfalfa","image":{"@type":"ImageObject","inLanguage":"es","@id":"https:\/\/www.todoalfalfa.com.ar\/noticias\/#\/schema\/person\/image\/","url":"https:\/\/secure.gravatar.com\/avatar\/50ffd12fb7b268bc2467160730786602db252a270c63104e7c19b5f67b8dd346?s=96&d=mm&r=g","contentUrl":"https:\/\/secure.gravatar.com\/avatar\/50ffd12fb7b268bc2467160730786602db252a270c63104e7c19b5f67b8dd346?s=96&d=mm&r=g","caption":"Todo Alfalfa"},"url":"https:\/\/www.todoalfalfa.com.ar\/noticias\/author\/osvaldoiachetta\/"}]}},"jetpack_featured_media_url":"https:\/\/i0.wp.com\/www.todoalfalfa.com.ar\/noticias\/wp-content\/uploads\/2025\/10\/Cosecha-de-alfalfa-y-conocimiento.png?fit=1536%2C1024&ssl=1","wps_subtitle":"","jetpack_sharing_enabled":true,"_links":{"self":[{"href":"https:\/\/www.todoalfalfa.com.ar\/noticias\/wp-json\/wp\/v2\/posts\/51077","targetHints":{"allow":["GET"]}}],"collection":[{"href":"https:\/\/www.todoalfalfa.com.ar\/noticias\/wp-json\/wp\/v2\/posts"}],"about":[{"href":"https:\/\/www.todoalfalfa.com.ar\/noticias\/wp-json\/wp\/v2\/types\/post"}],"author":[{"embeddable":true,"href":"https:\/\/www.todoalfalfa.com.ar\/noticias\/wp-json\/wp\/v2\/users\/9"}],"replies":[{"embeddable":true,"href":"https:\/\/www.todoalfalfa.com.ar\/noticias\/wp-json\/wp\/v2\/comments?post=51077"}],"version-history":[{"count":2,"href":"https:\/\/www.todoalfalfa.com.ar\/noticias\/wp-json\/wp\/v2\/posts\/51077\/revisions"}],"predecessor-version":[{"id":51080,"href":"https:\/\/www.todoalfalfa.com.ar\/noticias\/wp-json\/wp\/v2\/posts\/51077\/revisions\/51080"}],"wp:featuredmedia":[{"embeddable":true,"href":"https:\/\/www.todoalfalfa.com.ar\/noticias\/wp-json\/wp\/v2\/media\/51078"}],"wp:attachment":[{"href":"https:\/\/www.todoalfalfa.com.ar\/noticias\/wp-json\/wp\/v2\/media?parent=51077"}],"wp:term":[{"taxonomy":"category","embeddable":true,"href":"https:\/\/www.todoalfalfa.com.ar\/noticias\/wp-json\/wp\/v2\/categories?post=51077"},{"taxonomy":"post_tag","embeddable":true,"href":"https:\/\/www.todoalfalfa.com.ar\/noticias\/wp-json\/wp\/v2\/tags?post=51077"}],"curies":[{"name":"wp","href":"https:\/\/api.w.org\/{rel}","templated":true}]}}