{"id":51092,"date":"2025-10-31T08:08:08","date_gmt":"2025-10-31T11:08:08","guid":{"rendered":"https:\/\/www.todoalfalfa.com.ar\/noticias\/?p=51092"},"modified":"2026-03-17T10:58:05","modified_gmt":"2026-03-17T13:58:05","slug":"argentina-se-prepara-para-la-champions-league-de-la-alfalfa-con-la-mira-en-los-mercados-globales","status":"publish","type":"post","link":"https:\/\/www.todoalfalfa.com.ar\/noticias\/argentina-se-prepara-para-la-champions-league-de-la-alfalfa-con-la-mira-en-los-mercados-globales\/","title":{"rendered":"Argentina se prepara para la \u00abChampions League\u00bb de la Alfalfa con la mira en los mercados globales"},"content":{"rendered":"\n<p>Del 3 al 6 de noviembre, la ciudad de Reims, en Francia, ser\u00e1 el epicentro del sector alfalfero con la celebraci\u00f3n del IV Congreso Mundial de Alfalfa. El evento, calificado por el miembro del comit\u00e9 organizador, ingeniero agr\u00f3nomo Daniel Basigalup, como \u00abun campeonato mundial o de la Champions League\u00bb por su envergadura, contar\u00e1 con una delegaci\u00f3n argentina de m\u00e1s de 30 personas, un equipo de primer nivel listo para competir y consolidar la posici\u00f3n del pa\u00eds en este escenario global.<\/p>\n\n\n\n<p>Agrega que \u201cel evento es una plataforma estrat\u00e9gica para posicionar la producci\u00f3n nacional en la escena internacional\u201d y es un \u201cpunto de encuentro global para los actores m\u00e1s relevantes del sector, desde investigadores y productores hasta empresas de m\u00faltiples pa\u00edses\u201d.&nbsp;<\/p>\n\n\n\n<div class=\"wp-block-jetpack-slideshow aligncenter\" data-effect=\"slide\" style=\"--aspect-ratio:calc(1024 \/ 683)\"><div class=\"wp-block-jetpack-slideshow_container swiper-container\"><ul class=\"wp-block-jetpack-slideshow_swiper-wrapper swiper-wrapper\"><li class=\"wp-block-jetpack-slideshow_slide swiper-slide\"><figure><img data-recalc-dims=\"1\" fetchpriority=\"high\" decoding=\"async\" width=\"1024\" height=\"683\" alt=\"\" class=\"wp-block-jetpack-slideshow_image wp-image-51096\" data-id=\"51096\" data-aspect-ratio=\"1024 \/ 683\" src=\"https:\/\/i0.wp.com\/www.todoalfalfa.com.ar\/noticias\/wp-content\/uploads\/2025\/10\/IMG_2262-scaled-1.jpg?resize=1024%2C683&#038;ssl=1\" srcset=\"https:\/\/i0.wp.com\/www.todoalfalfa.com.ar\/noticias\/wp-content\/uploads\/2025\/10\/IMG_2262-scaled-1.jpg?resize=1024%2C683&amp;ssl=1 1024w, https:\/\/i0.wp.com\/www.todoalfalfa.com.ar\/noticias\/wp-content\/uploads\/2025\/10\/IMG_2262-scaled-1.jpg?resize=300%2C200&amp;ssl=1 300w, https:\/\/i0.wp.com\/www.todoalfalfa.com.ar\/noticias\/wp-content\/uploads\/2025\/10\/IMG_2262-scaled-1.jpg?resize=768%2C512&amp;ssl=1 768w, https:\/\/i0.wp.com\/www.todoalfalfa.com.ar\/noticias\/wp-content\/uploads\/2025\/10\/IMG_2262-scaled-1.jpg?resize=1536%2C1024&amp;ssl=1 1536w, https:\/\/i0.wp.com\/www.todoalfalfa.com.ar\/noticias\/wp-content\/uploads\/2025\/10\/IMG_2262-scaled-1.jpg?resize=2048%2C1366&amp;ssl=1 2048w\" sizes=\"(max-width: 1000px) 100vw, 1000px\" \/><figcaption class=\"wp-block-jetpack-slideshow_caption gallery-caption\">Daniel Basigalup, ex INTA y especialista en alfalfa, en una de sus disertaciones. Integra el comit\u00e9 organizador del evento<\/figcaption><\/figure><\/li><\/ul><a class=\"wp-block-jetpack-slideshow_button-prev swiper-button-prev swiper-button-white\" role=\"button\"><\/a><a class=\"wp-block-jetpack-slideshow_button-next swiper-button-next swiper-button-white\" role=\"button\"><\/a><a aria-label=\"Pause Slideshow\" class=\"wp-block-jetpack-slideshow_button-pause\" role=\"button\"><\/a><div class=\"wp-block-jetpack-slideshow_pagination swiper-pagination swiper-pagination-white\"><\/div><\/div><\/div>\n\n\n\n<p>Esta convergencia de conocimiento y experiencia lo convierte en el epicentro para discutir y definir el futuro del cultivo, abordando tanto los desaf\u00edos cient\u00edficos como las demandas del mercado.<\/p>\n\n\n\n<p>La delegaci\u00f3n nacional, compuesta por m\u00e1s de 30 profesionales, refleja la importancia estrat\u00e9gica que Argentina le asigna a este foro. Su composici\u00f3n multisectorial asegura una representaci\u00f3n integral de la cadena de valor: con profesionales del INTA y del CONICET, aportando la perspectiva cient\u00edfica y de investigaci\u00f3n, como productores asociados a la C\u00e1mara Argentina de la Alfalfa y representantes del Cl\u00faster de Alfalfa de C\u00f3rdoba ser\u00e1n parte de la propuesta durante las 4 jornadas.<\/p>\n\n\n\n<p>Junto a ello, habr\u00e1 representantes de empresas privadas, principalmente de semilleros y otros rubros vinculados, que buscan explorar nuevas oportunidades de negocio.<\/p>\n\n\n\n<p>Esta robusta presencia responde a una agenda estrat\u00e9gica: alinear la producci\u00f3n nacional con el eje del congreso, la sustentabilidad, que define la agricultura del futuro.<\/p>\n\n\n\n<p>Por su parte, desde Par\u00eds, mientras ultimaba detalles para el inicio del evento, el ingeniero agr\u00f3nomo Ariel Odorizzi, integrante del INTA Manfredi y Miembro del Comit\u00e9 Cient\u00edfico del Congreso Mundial de Alfalfa reflexion\u00f3: \u201ceste evento representa un punto de encuentro fundamental para la industria alfalfera global, congregando a expertos, investigadores y productores de todo el mundo.&nbsp;<\/p>\n\n\n\n<p>A 45 minutos en tren desde Paris, la comunidad alfalfera tendr\u00e1 \u201cuna agenda dise\u00f1ada estrat\u00e9gicamente para fomentar un di\u00e1logo integral que conecte la investigaci\u00f3n emergente, el conocimiento consolidado y su aplicaci\u00f3n pr\u00e1ctica en la industria\u201d.&nbsp;<\/p>\n\n\n\n<p>Para Odorizzi, \u201ceste formato busca maximizar el intercambio de ideas y experiencias entre los distintos actores del sector\u201d.&nbsp;<\/p>\n\n\n\n<div class=\"wp-block-jetpack-slideshow aligncenter\" data-effect=\"slide\" style=\"--aspect-ratio:calc(1024 \/ 896)\"><div class=\"wp-block-jetpack-slideshow_container swiper-container\"><ul class=\"wp-block-jetpack-slideshow_swiper-wrapper swiper-wrapper\"><li class=\"wp-block-jetpack-slideshow_slide swiper-slide\"><figure><img data-recalc-dims=\"1\" decoding=\"async\" width=\"1024\" height=\"896\" alt=\"\" class=\"wp-block-jetpack-slideshow_image wp-image-51095\" data-id=\"51095\" data-aspect-ratio=\"1024 \/ 896\" src=\"https:\/\/i0.wp.com\/www.todoalfalfa.com.ar\/noticias\/wp-content\/uploads\/2025\/10\/ariel-odorizzi.jpeg?resize=1024%2C896&#038;ssl=1\" srcset=\"https:\/\/i0.wp.com\/www.todoalfalfa.com.ar\/noticias\/wp-content\/uploads\/2025\/10\/ariel-odorizzi.jpeg?resize=1024%2C896&amp;ssl=1 1024w, https:\/\/i0.wp.com\/www.todoalfalfa.com.ar\/noticias\/wp-content\/uploads\/2025\/10\/ariel-odorizzi.jpeg?resize=300%2C263&amp;ssl=1 300w, https:\/\/i0.wp.com\/www.todoalfalfa.com.ar\/noticias\/wp-content\/uploads\/2025\/10\/ariel-odorizzi.jpeg?resize=768%2C672&amp;ssl=1 768w, https:\/\/i0.wp.com\/www.todoalfalfa.com.ar\/noticias\/wp-content\/uploads\/2025\/10\/ariel-odorizzi.jpeg?w=1028&amp;ssl=1 1028w\" sizes=\"(max-width: 1000px) 100vw, 1000px\" \/><figcaption class=\"wp-block-jetpack-slideshow_caption gallery-caption\">Ariel Odorizzi (INTA Manfredi) integrante del comit\u00e9 cient\u00edfico del Congreso<\/figcaption><\/figure><\/li><\/ul><a class=\"wp-block-jetpack-slideshow_button-prev swiper-button-prev swiper-button-white\" role=\"button\"><\/a><a class=\"wp-block-jetpack-slideshow_button-next swiper-button-next swiper-button-white\" role=\"button\"><\/a><a aria-label=\"Pause Slideshow\" class=\"wp-block-jetpack-slideshow_button-pause\" role=\"button\"><\/a><div class=\"wp-block-jetpack-slideshow_pagination swiper-pagination swiper-pagination-white\"><\/div><\/div><\/div>\n\n\n\n<p>La agenda se desglosa en los siguientes componentes clave:<\/p>\n\n\n\n<p>\u2022 Apertura con J\u00f3venes Investigadores: El evento comenzar\u00e1 formalmente el lunes al mediod\u00eda. En una decisi\u00f3n que busca destacar el futuro del sector, se ha otorgado un espacio prioritario a las presentaciones de la nueva generaci\u00f3n de investigadores.<\/p>\n\n\n\n<p>\u2022 Eje Central del Evento: El n\u00facleo del congreso, articulado en seis sesiones principales, se desarrollar\u00e1 desde la tarde del lunes hasta el jueves, abordando los temas m\u00e1s relevantes para la industria.<\/p>\n\n\n\n<p>\u2022 Formato de las Sesiones: Cada una de las seis sesiones ha sido estructurada para ofrecer una visi\u00f3n completa de su tem\u00e1tica. Contar\u00e1 con una charla principal, dos ponencias complementarias que profundizar\u00e1n en aspectos espec\u00edficos y culminar\u00e1 con un panel de discusi\u00f3n.<\/p>\n\n\n\n<p>\u2022 Di\u00e1logo Multisectorial: Los paneles de discusi\u00f3n son uno de los pilares del congreso, ya que integrar\u00e1n a \u00abdiferentes actores de la industria alfalfera\u00bb. Esta composici\u00f3n diversa, que incluye expl\u00edcitamente a asesores, productores e industria, est\u00e1 pensada para enriquecer los debates con m\u00faltiples perspectivas y asegurar que las conclusiones tengan una aplicabilidad real y directa.<\/p>\n\n\n\n<p>La participaci\u00f3n argentina en este congreso es un claro indicador del compromiso y la relevancia que nuestro pa\u00eds tiene en el sector alfalfero a nivel global.&nbsp;<\/p>\n\n\n\n<p><strong>Sobre el Congreso y su contenido<\/strong><\/p>\n\n\n\n<p>El lema del congreso, \u00abAlfalfa para volver a los l\u00edmites planetarios\u00bb, encapsula un cambio de paradigma en la producci\u00f3n agr\u00edcola mundial. Lejos de ser un aspecto secundario, la sustentabilidad y la conservaci\u00f3n de recursos se presentan como pilares fundamentales e ineludibles. La premisa es clara: la industria debe encontrar un equilibrio para \u00abproducir conservando\u00bb, una visi\u00f3n que guiar\u00e1 todas las discusiones del evento.<\/p>\n\n\n\n<p>Para abordar esta misi\u00f3n, el programa cient\u00edfico se estructura en seis sesiones clave, dise\u00f1adas para enfrentar los desaf\u00edos ambientales m\u00e1s urgentes:<\/p>\n\n\n\n<p>1. Uso Eficiente del Agua: Estrategias para optimizar el recurso h\u00eddrico, un factor cr\u00edtico en la producci\u00f3n global y en particular para la alfalfa.<\/p>\n\n\n\n<p>2. Manejo del Nitr\u00f3geno: T\u00e9cnicas para mejorar la eficiencia de la fertilizaci\u00f3n, reduciendo el impacto ambiental y los costos de producci\u00f3n.<\/p>\n\n\n\n<p>3. Uso Sustentable del Suelo para la Producci\u00f3n Animal: An\u00e1lisis del rol de la alfalfa en sistemas ganaderos que priorizan la salud y conservaci\u00f3n del suelo.<\/p>\n\n\n\n<p>4. Incremento de la Biodiversidad: El papel del cultivo como promotor de un ecosistema agr\u00edcola m\u00e1s diverso y resiliente.<\/p>\n\n\n\n<p>5. Adaptaci\u00f3n al Cambio Clim\u00e1tico: Desarrollo de variedades y manejos que permitan a la alfalfa prosperar en escenarios clim\u00e1ticos cada vez m\u00e1s desafiantes.<\/p>\n\n\n\n<p>6. Beneficios de la Alfalfa sobre otros Sistemas de Producci\u00f3n: Una evaluaci\u00f3n comparativa que destaca las ventajas ecol\u00f3gicas y productivas de la alfalfa frente a otros cultivos.<\/p>\n\n\n\n<p>Este profundo debate cient\u00edfico se complementar\u00e1 con espacios dise\u00f1ados para traducir la innovaci\u00f3n en acciones concretas y oportunidades comerciales.<\/p>\n\n\n\n<p>El congreso equilibra con acierto la alta ciencia con las necesidades pr\u00e1cticas del productor y las din\u00e1micas del mercado. La inclusi\u00f3n de talleres y rondas de negocios demuestra un objetivo claro: convertir el conocimiento de vanguardia en resultados comerciales tangibles y mejoras productivas aplicables en el campo.<\/p>\n\n\n\n<p>La agenda pr\u00e1ctica est\u00e1 organizada para maximizar la interacci\u00f3n y el aprendizaje:<\/p>\n\n\n\n<p>\u2022 Taller para Productores: Durante la primera jornada se realizar\u00e1 un taller especializado que abordar\u00e1 temas cruciales para el d\u00eda a d\u00eda del productor, incluyendo mejoramiento gen\u00e9tico, selecci\u00f3n de variedades, estrategias de manejo y fertilizaci\u00f3n, y control de plagas y enfermedades.<\/p>\n\n\n\n<p>\u2022 Rondas de Negocios: El segundo y tercer d\u00eda estar\u00e1n dedicados a la actividad comercial. Estos espacios contar\u00e1n con exposiciones de empresas l\u00edderes, presentaciones sobre el panorama del cultivo en otros pa\u00edses y, fundamentalmente, un \u00e1rea dedicada a la interacci\u00f3n directa entre compradores y productores de alfalfa. Este punto es de particular importancia para la delegaci\u00f3n argentina, que busca expandir sus mercados.<\/p>\n\n\n\n<p>Estas oportunidades comerciales y de capacitaci\u00f3n se alinean perfectamente con las metas estrat\u00e9gicas de Argentina, que ve en el mercado global de la alfalfa una v\u00eda de crecimiento y diversificaci\u00f3n.<\/p>\n\n\n\n<p class=\"has-medium-font-size\"><strong>Una oportunidad estrat\u00e9gica para el futuro de Argentina<\/strong><\/p>\n\n\n\n<p>La participaci\u00f3n en el IV Congreso Mundial de Alfalfa representa una misi\u00f3n estrat\u00e9gica para el pa\u00eds. Como subraya Basigalup, este evento es mucho m\u00e1s que un viaje acad\u00e9mico o comercial; es una plataforma indispensable para posicionar a Argentina de cara al futuro, aprendiendo de los l\u00edderes globales y mostrando el potencial nacional.<\/p>\n\n\n\n<p>Los objetivos que persigue la delegaci\u00f3n son claros y ambiciosos, centrados en dos ejes principales:<\/p>\n\n\n\n<p>\u2022 Evaluar Tendencias Globales: El congreso ofrece una oportunidad \u00fanica para entender hacia d\u00f3nde se orienta la investigaci\u00f3n y la producci\u00f3n mundial. Permite anticipar los requerimientos que los mercados internacionales exigen y exigir\u00e1n cada vez m\u00e1s, un factor de enorme trascendencia para el dise\u00f1o de pol\u00edticas y estrategias comerciales.<\/p>\n\n\n\n<p>\u2022 Posicionarse como Actor Relevante: Argentina aspira a \u00abconvertirse en un jugador importante en los pr\u00f3ximos 10 a\u00f1os\u00bb, una meta clave para diversificar sus exportaciones agr\u00edcolas con productos de mayor valor agregado. Este foro es la vitrina ideal para mostrar los avances locales, la calidad de la producci\u00f3n y la visi\u00f3n de futuro del sector.<\/p>\n\n\n\n<p>En definitiva, la participaci\u00f3n en Reims encarna la doble misi\u00f3n que definir\u00e1 el \u00e9xito de la alfalfa argentina en la pr\u00f3xima d\u00e9cada. En palabras de Daniel Basigalup, el congreso \u00abconstituye una gran oportunidad para aprender y para mostrar lo que hacemos nosotros y hacia d\u00f3nde queremos ir\u00bb.<\/p>\n<div class=\"todoalfalfa-final-de-la-nota\" id=\"todoalfalfa-267749453\"><a href=\"https:\/\/www.whatsapp.com\/channel\/0029VbCBmFB9WtBxJsD3eC2i\" target=\"_blank\" aria-label=\"5\"><img src=\"https:\/\/i0.wp.com\/www.todoalfalfa.com.ar\/noticias\/wp-content\/uploads\/2026\/04\/5.gif?fit=728%2C90&#038;ssl=1\" alt=\"\"  width=\"728\" height=\"90\"   \/><\/a><\/div>","protected":false},"excerpt":{"rendered":"<p>El IV Congreso Mundial de Alfalfa en Francia se perfila como una vidriera clave para el pa\u00eds, con un fuerte enfoque en la sustentabilidad y las oportunidades de negocio. Una delegaci\u00f3n Argentina ser\u00e1 parte del evento que inicia el lunes 3 de noviembre en Reims, Francia.<\/p>\n","protected":false},"author":9,"featured_media":51094,"comment_status":"closed","ping_status":"open","sticky":false,"template":"","format":"standard","meta":{"jetpack_post_was_ever_published":false,"_jetpack_newsletter_access":"","_jetpack_dont_email_post_to_subs":false,"_jetpack_newsletter_tier_id":0,"_jetpack_memberships_contains_paywalled_content":false,"_jetpack_memberships_contains_paid_content":false,"footnotes":""},"categories":[2061,2,2200],"tags":[1501,1399,1486,236,54,858,68,36,1659,1927,91],"class_list":["post-51092","post","type-post","status-publish","format-standard","has-post-thumbnail","hentry","category-congreso-mundial-de-alfalfa","category-generales","category-mercado","tag-ariel-odorizzi","tag-congreso-mundial-de-alfalfa","tag-daniel-basigalup","tag-exportacion","tag-forrajes","tag-francia","tag-heno","tag-inta","tag-novedades","tag-reims","tag-siembra"],"yoast_head":"<!-- This site is optimized with the Yoast SEO plugin v25.5 - https:\/\/yoast.com\/wordpress\/plugins\/seo\/ -->\n<title>Argentina se prepara para la &quot;Champions League&quot; de la Alfalfa con la mira en los mercados globales<\/title>\n<meta name=\"robots\" content=\"index, follow, max-snippet:-1, max-image-preview:large, max-video-preview:-1\" \/>\n<link rel=\"canonical\" href=\"https:\/\/www.todoalfalfa.com.ar\/noticias\/argentina-se-prepara-para-la-champions-league-de-la-alfalfa-con-la-mira-en-los-mercados-globales\/\" \/>\n<meta property=\"og:locale\" content=\"es_ES\" \/>\n<meta property=\"og:type\" content=\"article\" \/>\n<meta property=\"og:title\" content=\"Argentina se prepara para la &quot;Champions League&quot; de la Alfalfa con la mira en los mercados globales\" \/>\n<meta property=\"og:description\" content=\"El IV Congreso Mundial de Alfalfa en Francia se perfila como una vidriera clave para el pa\u00eds, con un fuerte enfoque en la sustentabilidad y las oportunidades de negocio. Una delegaci\u00f3n Argentina ser\u00e1 parte del evento que inicia el lunes 3 de noviembre en Reims, Francia.\" \/>\n<meta property=\"og:url\" content=\"https:\/\/www.todoalfalfa.com.ar\/noticias\/argentina-se-prepara-para-la-champions-league-de-la-alfalfa-con-la-mira-en-los-mercados-globales\/\" \/>\n<meta property=\"og:site_name\" content=\"Todo Alfalfa\" \/>\n<meta property=\"article:publisher\" content=\"https:\/\/www.facebook.com\/todoalfalfa\" \/>\n<meta property=\"article:published_time\" content=\"2025-10-31T11:08:08+00:00\" \/>\n<meta property=\"article:modified_time\" content=\"2026-03-17T13:58:05+00:00\" \/>\n<meta property=\"og:image\" content=\"https:\/\/www.todoalfalfa.com.ar\/noticias\/wp-content\/uploads\/2025\/10\/WAC-2025.jpg\" \/>\n\t<meta property=\"og:image:width\" content=\"1267\" \/>\n\t<meta property=\"og:image:height\" content=\"885\" \/>\n\t<meta property=\"og:image:type\" content=\"image\/jpeg\" \/>\n<meta name=\"author\" content=\"Todo Alfalfa\" \/>\n<meta name=\"twitter:card\" content=\"summary_large_image\" \/>\n<meta name=\"twitter:label1\" content=\"Escrito por\" \/>\n\t<meta name=\"twitter:data1\" content=\"Todo Alfalfa\" \/>\n\t<meta name=\"twitter:label2\" content=\"Tiempo de lectura\" \/>\n\t<meta name=\"twitter:data2\" content=\"7 minutos\" \/>\n<script type=\"application\/ld+json\" class=\"yoast-schema-graph\">{\"@context\":\"https:\/\/schema.org\",\"@graph\":[{\"@type\":\"NewsArticle\",\"@id\":\"https:\/\/www.todoalfalfa.com.ar\/noticias\/argentina-se-prepara-para-la-champions-league-de-la-alfalfa-con-la-mira-en-los-mercados-globales\/#article\",\"isPartOf\":{\"@id\":\"https:\/\/www.todoalfalfa.com.ar\/noticias\/argentina-se-prepara-para-la-champions-league-de-la-alfalfa-con-la-mira-en-los-mercados-globales\/\"},\"author\":{\"name\":\"Todo Alfalfa\",\"@id\":\"https:\/\/www.todoalfalfa.com.ar\/noticias\/#\/schema\/person\/99de93cb711c7015ef658e5321ba9f18\"},\"headline\":\"Argentina se prepara para la \u00abChampions League\u00bb de la Alfalfa con la mira en los mercados globales\",\"datePublished\":\"2025-10-31T11:08:08+00:00\",\"dateModified\":\"2026-03-17T13:58:05+00:00\",\"mainEntityOfPage\":{\"@id\":\"https:\/\/www.todoalfalfa.com.ar\/noticias\/argentina-se-prepara-para-la-champions-league-de-la-alfalfa-con-la-mira-en-los-mercados-globales\/\"},\"wordCount\":1411,\"publisher\":{\"@id\":\"https:\/\/www.todoalfalfa.com.ar\/noticias\/#organization\"},\"image\":{\"@id\":\"https:\/\/www.todoalfalfa.com.ar\/noticias\/argentina-se-prepara-para-la-champions-league-de-la-alfalfa-con-la-mira-en-los-mercados-globales\/#primaryimage\"},\"thumbnailUrl\":\"https:\/\/i0.wp.com\/www.todoalfalfa.com.ar\/noticias\/wp-content\/uploads\/2025\/10\/WAC-2025.jpg?fit=1267%2C885&ssl=1\",\"keywords\":[\"Ariel Odorizzi\",\"Congreso Mundial de Alfalfa\",\"Daniel Basigalup\",\"exportaci\u00f3n\",\"forrajes\",\"Francia\",\"heno\",\"inta\",\"Novedades\",\"Reims\",\"siembra\"],\"articleSection\":[\"Congreso Mundial de Alfalfa\",\"Generales\",\"Mercado\"],\"inLanguage\":\"es\"},{\"@type\":[\"WebPage\",\"ItemPage\"],\"@id\":\"https:\/\/www.todoalfalfa.com.ar\/noticias\/argentina-se-prepara-para-la-champions-league-de-la-alfalfa-con-la-mira-en-los-mercados-globales\/\",\"url\":\"https:\/\/www.todoalfalfa.com.ar\/noticias\/argentina-se-prepara-para-la-champions-league-de-la-alfalfa-con-la-mira-en-los-mercados-globales\/\",\"name\":\"Argentina se prepara para la \\\"Champions League\\\" de la Alfalfa con la mira en los mercados globales\",\"isPartOf\":{\"@id\":\"https:\/\/www.todoalfalfa.com.ar\/noticias\/#website\"},\"primaryImageOfPage\":{\"@id\":\"https:\/\/www.todoalfalfa.com.ar\/noticias\/argentina-se-prepara-para-la-champions-league-de-la-alfalfa-con-la-mira-en-los-mercados-globales\/#primaryimage\"},\"image\":{\"@id\":\"https:\/\/www.todoalfalfa.com.ar\/noticias\/argentina-se-prepara-para-la-champions-league-de-la-alfalfa-con-la-mira-en-los-mercados-globales\/#primaryimage\"},\"thumbnailUrl\":\"https:\/\/i0.wp.com\/www.todoalfalfa.com.ar\/noticias\/wp-content\/uploads\/2025\/10\/WAC-2025.jpg?fit=1267%2C885&ssl=1\",\"datePublished\":\"2025-10-31T11:08:08+00:00\",\"dateModified\":\"2026-03-17T13:58:05+00:00\",\"breadcrumb\":{\"@id\":\"https:\/\/www.todoalfalfa.com.ar\/noticias\/argentina-se-prepara-para-la-champions-league-de-la-alfalfa-con-la-mira-en-los-mercados-globales\/#breadcrumb\"},\"inLanguage\":\"es\",\"potentialAction\":[{\"@type\":\"ReadAction\",\"target\":[\"https:\/\/www.todoalfalfa.com.ar\/noticias\/argentina-se-prepara-para-la-champions-league-de-la-alfalfa-con-la-mira-en-los-mercados-globales\/\"]}]},{\"@type\":\"ImageObject\",\"inLanguage\":\"es\",\"@id\":\"https:\/\/www.todoalfalfa.com.ar\/noticias\/argentina-se-prepara-para-la-champions-league-de-la-alfalfa-con-la-mira-en-los-mercados-globales\/#primaryimage\",\"url\":\"https:\/\/i0.wp.com\/www.todoalfalfa.com.ar\/noticias\/wp-content\/uploads\/2025\/10\/WAC-2025.jpg?fit=1267%2C885&ssl=1\",\"contentUrl\":\"https:\/\/i0.wp.com\/www.todoalfalfa.com.ar\/noticias\/wp-content\/uploads\/2025\/10\/WAC-2025.jpg?fit=1267%2C885&ssl=1\",\"width\":1267,\"height\":885},{\"@type\":\"BreadcrumbList\",\"@id\":\"https:\/\/www.todoalfalfa.com.ar\/noticias\/argentina-se-prepara-para-la-champions-league-de-la-alfalfa-con-la-mira-en-los-mercados-globales\/#breadcrumb\",\"itemListElement\":[{\"@type\":\"ListItem\",\"position\":1,\"name\":\"Principal\",\"item\":\"https:\/\/www.todoalfalfa.com.ar\/noticias\/\"},{\"@type\":\"ListItem\",\"position\":2,\"name\":\"Argentina se prepara para la \u00abChampions League\u00bb de la Alfalfa con la mira en los mercados globales\"}]},{\"@type\":\"WebSite\",\"@id\":\"https:\/\/www.todoalfalfa.com.ar\/noticias\/#website\",\"url\":\"https:\/\/www.todoalfalfa.com.ar\/noticias\/\",\"name\":\"Todo Alfalfa\",\"description\":\"Web informativa de la cadena de la alfalfa argentina\",\"publisher\":{\"@id\":\"https:\/\/www.todoalfalfa.com.ar\/noticias\/#organization\"},\"potentialAction\":[{\"@type\":\"SearchAction\",\"target\":{\"@type\":\"EntryPoint\",\"urlTemplate\":\"https:\/\/www.todoalfalfa.com.ar\/noticias\/?s={search_term_string}\"},\"query-input\":{\"@type\":\"PropertyValueSpecification\",\"valueRequired\":true,\"valueName\":\"search_term_string\"}}],\"inLanguage\":\"es\"},{\"@type\":\"Organization\",\"@id\":\"https:\/\/www.todoalfalfa.com.ar\/noticias\/#organization\",\"name\":\"Todo Alfalfa\",\"url\":\"https:\/\/www.todoalfalfa.com.ar\/noticias\/\",\"logo\":{\"@type\":\"ImageObject\",\"inLanguage\":\"es\",\"@id\":\"https:\/\/www.todoalfalfa.com.ar\/noticias\/#\/schema\/logo\/image\/\",\"url\":\"https:\/\/www.todoalfalfa.com.ar\/noticias\/wp-content\/uploads\/2020\/09\/logo-todo-alfalfa-modificado.png\",\"contentUrl\":\"https:\/\/www.todoalfalfa.com.ar\/noticias\/wp-content\/uploads\/2020\/09\/logo-todo-alfalfa-modificado.png\",\"width\":350,\"height\":100,\"caption\":\"Todo Alfalfa\"},\"image\":{\"@id\":\"https:\/\/www.todoalfalfa.com.ar\/noticias\/#\/schema\/logo\/image\/\"},\"sameAs\":[\"https:\/\/www.facebook.com\/todoalfalfa\",\"https:\/\/www.instagram.com\/todoalfalfa\",\"https:\/\/www.youtube.com\/@TodoAlfalfa\",\"https:\/\/www.linkedin.com\/company\/todoalfalfa\/\"]},{\"@type\":\"Person\",\"@id\":\"https:\/\/www.todoalfalfa.com.ar\/noticias\/#\/schema\/person\/99de93cb711c7015ef658e5321ba9f18\",\"name\":\"Todo Alfalfa\",\"image\":{\"@type\":\"ImageObject\",\"inLanguage\":\"es\",\"@id\":\"https:\/\/www.todoalfalfa.com.ar\/noticias\/#\/schema\/person\/image\/\",\"url\":\"https:\/\/secure.gravatar.com\/avatar\/50ffd12fb7b268bc2467160730786602db252a270c63104e7c19b5f67b8dd346?s=96&d=mm&r=g\",\"contentUrl\":\"https:\/\/secure.gravatar.com\/avatar\/50ffd12fb7b268bc2467160730786602db252a270c63104e7c19b5f67b8dd346?s=96&d=mm&r=g\",\"caption\":\"Todo Alfalfa\"},\"url\":\"https:\/\/www.todoalfalfa.com.ar\/noticias\/author\/osvaldoiachetta\/\"}]}<\/script>\n<!-- \/ Yoast SEO plugin. -->","yoast_head_json":{"title":"Argentina se prepara para la \"Champions League\" de la Alfalfa con la mira en los mercados globales","robots":{"index":"index","follow":"follow","max-snippet":"max-snippet:-1","max-image-preview":"max-image-preview:large","max-video-preview":"max-video-preview:-1"},"canonical":"https:\/\/www.todoalfalfa.com.ar\/noticias\/argentina-se-prepara-para-la-champions-league-de-la-alfalfa-con-la-mira-en-los-mercados-globales\/","og_locale":"es_ES","og_type":"article","og_title":"Argentina se prepara para la \"Champions League\" de la Alfalfa con la mira en los mercados globales","og_description":"El IV Congreso Mundial de Alfalfa en Francia se perfila como una vidriera clave para el pa\u00eds, con un fuerte enfoque en la sustentabilidad y las oportunidades de negocio. Una delegaci\u00f3n Argentina ser\u00e1 parte del evento que inicia el lunes 3 de noviembre en Reims, Francia.","og_url":"https:\/\/www.todoalfalfa.com.ar\/noticias\/argentina-se-prepara-para-la-champions-league-de-la-alfalfa-con-la-mira-en-los-mercados-globales\/","og_site_name":"Todo Alfalfa","article_publisher":"https:\/\/www.facebook.com\/todoalfalfa","article_published_time":"2025-10-31T11:08:08+00:00","article_modified_time":"2026-03-17T13:58:05+00:00","og_image":[{"width":1267,"height":885,"url":"https:\/\/www.todoalfalfa.com.ar\/noticias\/wp-content\/uploads\/2025\/10\/WAC-2025.jpg","type":"image\/jpeg"}],"author":"Todo Alfalfa","twitter_card":"summary_large_image","twitter_misc":{"Escrito por":"Todo Alfalfa","Tiempo de lectura":"7 minutos"},"schema":{"@context":"https:\/\/schema.org","@graph":[{"@type":"NewsArticle","@id":"https:\/\/www.todoalfalfa.com.ar\/noticias\/argentina-se-prepara-para-la-champions-league-de-la-alfalfa-con-la-mira-en-los-mercados-globales\/#article","isPartOf":{"@id":"https:\/\/www.todoalfalfa.com.ar\/noticias\/argentina-se-prepara-para-la-champions-league-de-la-alfalfa-con-la-mira-en-los-mercados-globales\/"},"author":{"name":"Todo Alfalfa","@id":"https:\/\/www.todoalfalfa.com.ar\/noticias\/#\/schema\/person\/99de93cb711c7015ef658e5321ba9f18"},"headline":"Argentina se prepara para la \u00abChampions League\u00bb de la Alfalfa con la mira en los mercados globales","datePublished":"2025-10-31T11:08:08+00:00","dateModified":"2026-03-17T13:58:05+00:00","mainEntityOfPage":{"@id":"https:\/\/www.todoalfalfa.com.ar\/noticias\/argentina-se-prepara-para-la-champions-league-de-la-alfalfa-con-la-mira-en-los-mercados-globales\/"},"wordCount":1411,"publisher":{"@id":"https:\/\/www.todoalfalfa.com.ar\/noticias\/#organization"},"image":{"@id":"https:\/\/www.todoalfalfa.com.ar\/noticias\/argentina-se-prepara-para-la-champions-league-de-la-alfalfa-con-la-mira-en-los-mercados-globales\/#primaryimage"},"thumbnailUrl":"https:\/\/i0.wp.com\/www.todoalfalfa.com.ar\/noticias\/wp-content\/uploads\/2025\/10\/WAC-2025.jpg?fit=1267%2C885&ssl=1","keywords":["Ariel Odorizzi","Congreso Mundial de Alfalfa","Daniel Basigalup","exportaci\u00f3n","forrajes","Francia","heno","inta","Novedades","Reims","siembra"],"articleSection":["Congreso Mundial de Alfalfa","Generales","Mercado"],"inLanguage":"es"},{"@type":["WebPage","ItemPage"],"@id":"https:\/\/www.todoalfalfa.com.ar\/noticias\/argentina-se-prepara-para-la-champions-league-de-la-alfalfa-con-la-mira-en-los-mercados-globales\/","url":"https:\/\/www.todoalfalfa.com.ar\/noticias\/argentina-se-prepara-para-la-champions-league-de-la-alfalfa-con-la-mira-en-los-mercados-globales\/","name":"Argentina se prepara para la \"Champions League\" de la Alfalfa con la mira en los mercados globales","isPartOf":{"@id":"https:\/\/www.todoalfalfa.com.ar\/noticias\/#website"},"primaryImageOfPage":{"@id":"https:\/\/www.todoalfalfa.com.ar\/noticias\/argentina-se-prepara-para-la-champions-league-de-la-alfalfa-con-la-mira-en-los-mercados-globales\/#primaryimage"},"image":{"@id":"https:\/\/www.todoalfalfa.com.ar\/noticias\/argentina-se-prepara-para-la-champions-league-de-la-alfalfa-con-la-mira-en-los-mercados-globales\/#primaryimage"},"thumbnailUrl":"https:\/\/i0.wp.com\/www.todoalfalfa.com.ar\/noticias\/wp-content\/uploads\/2025\/10\/WAC-2025.jpg?fit=1267%2C885&ssl=1","datePublished":"2025-10-31T11:08:08+00:00","dateModified":"2026-03-17T13:58:05+00:00","breadcrumb":{"@id":"https:\/\/www.todoalfalfa.com.ar\/noticias\/argentina-se-prepara-para-la-champions-league-de-la-alfalfa-con-la-mira-en-los-mercados-globales\/#breadcrumb"},"inLanguage":"es","potentialAction":[{"@type":"ReadAction","target":["https:\/\/www.todoalfalfa.com.ar\/noticias\/argentina-se-prepara-para-la-champions-league-de-la-alfalfa-con-la-mira-en-los-mercados-globales\/"]}]},{"@type":"ImageObject","inLanguage":"es","@id":"https:\/\/www.todoalfalfa.com.ar\/noticias\/argentina-se-prepara-para-la-champions-league-de-la-alfalfa-con-la-mira-en-los-mercados-globales\/#primaryimage","url":"https:\/\/i0.wp.com\/www.todoalfalfa.com.ar\/noticias\/wp-content\/uploads\/2025\/10\/WAC-2025.jpg?fit=1267%2C885&ssl=1","contentUrl":"https:\/\/i0.wp.com\/www.todoalfalfa.com.ar\/noticias\/wp-content\/uploads\/2025\/10\/WAC-2025.jpg?fit=1267%2C885&ssl=1","width":1267,"height":885},{"@type":"BreadcrumbList","@id":"https:\/\/www.todoalfalfa.com.ar\/noticias\/argentina-se-prepara-para-la-champions-league-de-la-alfalfa-con-la-mira-en-los-mercados-globales\/#breadcrumb","itemListElement":[{"@type":"ListItem","position":1,"name":"Principal","item":"https:\/\/www.todoalfalfa.com.ar\/noticias\/"},{"@type":"ListItem","position":2,"name":"Argentina se prepara para la \u00abChampions League\u00bb de la Alfalfa con la mira en los mercados globales"}]},{"@type":"WebSite","@id":"https:\/\/www.todoalfalfa.com.ar\/noticias\/#website","url":"https:\/\/www.todoalfalfa.com.ar\/noticias\/","name":"Todo Alfalfa","description":"Web informativa de la cadena de la alfalfa argentina","publisher":{"@id":"https:\/\/www.todoalfalfa.com.ar\/noticias\/#organization"},"potentialAction":[{"@type":"SearchAction","target":{"@type":"EntryPoint","urlTemplate":"https:\/\/www.todoalfalfa.com.ar\/noticias\/?s={search_term_string}"},"query-input":{"@type":"PropertyValueSpecification","valueRequired":true,"valueName":"search_term_string"}}],"inLanguage":"es"},{"@type":"Organization","@id":"https:\/\/www.todoalfalfa.com.ar\/noticias\/#organization","name":"Todo Alfalfa","url":"https:\/\/www.todoalfalfa.com.ar\/noticias\/","logo":{"@type":"ImageObject","inLanguage":"es","@id":"https:\/\/www.todoalfalfa.com.ar\/noticias\/#\/schema\/logo\/image\/","url":"https:\/\/www.todoalfalfa.com.ar\/noticias\/wp-content\/uploads\/2020\/09\/logo-todo-alfalfa-modificado.png","contentUrl":"https:\/\/www.todoalfalfa.com.ar\/noticias\/wp-content\/uploads\/2020\/09\/logo-todo-alfalfa-modificado.png","width":350,"height":100,"caption":"Todo Alfalfa"},"image":{"@id":"https:\/\/www.todoalfalfa.com.ar\/noticias\/#\/schema\/logo\/image\/"},"sameAs":["https:\/\/www.facebook.com\/todoalfalfa","https:\/\/www.instagram.com\/todoalfalfa","https:\/\/www.youtube.com\/@TodoAlfalfa","https:\/\/www.linkedin.com\/company\/todoalfalfa\/"]},{"@type":"Person","@id":"https:\/\/www.todoalfalfa.com.ar\/noticias\/#\/schema\/person\/99de93cb711c7015ef658e5321ba9f18","name":"Todo Alfalfa","image":{"@type":"ImageObject","inLanguage":"es","@id":"https:\/\/www.todoalfalfa.com.ar\/noticias\/#\/schema\/person\/image\/","url":"https:\/\/secure.gravatar.com\/avatar\/50ffd12fb7b268bc2467160730786602db252a270c63104e7c19b5f67b8dd346?s=96&d=mm&r=g","contentUrl":"https:\/\/secure.gravatar.com\/avatar\/50ffd12fb7b268bc2467160730786602db252a270c63104e7c19b5f67b8dd346?s=96&d=mm&r=g","caption":"Todo Alfalfa"},"url":"https:\/\/www.todoalfalfa.com.ar\/noticias\/author\/osvaldoiachetta\/"}]}},"jetpack_featured_media_url":"https:\/\/i0.wp.com\/www.todoalfalfa.com.ar\/noticias\/wp-content\/uploads\/2025\/10\/WAC-2025.jpg?fit=1267%2C885&ssl=1","wps_subtitle":"","jetpack_sharing_enabled":true,"_links":{"self":[{"href":"https:\/\/www.todoalfalfa.com.ar\/noticias\/wp-json\/wp\/v2\/posts\/51092","targetHints":{"allow":["GET"]}}],"collection":[{"href":"https:\/\/www.todoalfalfa.com.ar\/noticias\/wp-json\/wp\/v2\/posts"}],"about":[{"href":"https:\/\/www.todoalfalfa.com.ar\/noticias\/wp-json\/wp\/v2\/types\/post"}],"author":[{"embeddable":true,"href":"https:\/\/www.todoalfalfa.com.ar\/noticias\/wp-json\/wp\/v2\/users\/9"}],"replies":[{"embeddable":true,"href":"https:\/\/www.todoalfalfa.com.ar\/noticias\/wp-json\/wp\/v2\/comments?post=51092"}],"version-history":[{"count":1,"href":"https:\/\/www.todoalfalfa.com.ar\/noticias\/wp-json\/wp\/v2\/posts\/51092\/revisions"}],"predecessor-version":[{"id":51097,"href":"https:\/\/www.todoalfalfa.com.ar\/noticias\/wp-json\/wp\/v2\/posts\/51092\/revisions\/51097"}],"wp:featuredmedia":[{"embeddable":true,"href":"https:\/\/www.todoalfalfa.com.ar\/noticias\/wp-json\/wp\/v2\/media\/51094"}],"wp:attachment":[{"href":"https:\/\/www.todoalfalfa.com.ar\/noticias\/wp-json\/wp\/v2\/media?parent=51092"}],"wp:term":[{"taxonomy":"category","embeddable":true,"href":"https:\/\/www.todoalfalfa.com.ar\/noticias\/wp-json\/wp\/v2\/categories?post=51092"},{"taxonomy":"post_tag","embeddable":true,"href":"https:\/\/www.todoalfalfa.com.ar\/noticias\/wp-json\/wp\/v2\/tags?post=51092"}],"curies":[{"name":"wp","href":"https:\/\/api.w.org\/{rel}","templated":true}]}}