{"id":51098,"date":"2025-10-31T08:12:50","date_gmt":"2025-10-31T11:12:50","guid":{"rendered":"https:\/\/www.todoalfalfa.com.ar\/noticias\/?p=51098"},"modified":"2025-11-02T18:53:56","modified_gmt":"2025-11-02T21:53:56","slug":"la-alfalfa-argentina-buscara-oportunidades-en-el-congreso-mundial-de-alfalfa","status":"publish","type":"post","link":"https:\/\/www.todoalfalfa.com.ar\/noticias\/la-alfalfa-argentina-buscara-oportunidades-en-el-congreso-mundial-de-alfalfa\/","title":{"rendered":"La alfalfa Argentina buscar\u00e1 oportunidades en el Congreso Mundial de Alfalfa"},"content":{"rendered":"\n<p>En un momento en que los mercados globales de forrajes exigen mayor calidad, trazabilidad y sostenibilidad, la industria alfalfera argentina se prepara para aprender. La C\u00e1mara Argentina de la Alfalfa, liderada por su presidente Jos\u00e9 Brigante, ser\u00e1 parte de una misi\u00f3n internacional clave que incluye la participaci\u00f3n en el Congreso Mundial de Alfalfa en Reims, Francia, y una gira t\u00e9cnica por Espa\u00f1a.&nbsp;<\/p>\n\n\n\n<p>El objetivo es claro: fortalecer la competitividad del sector, absorber innovaci\u00f3n de vanguardia y consolidar a Argentina como un actor de primer nivel en el comercio mundial.<\/p>\n\n\n\n<p>Cabe destacar que esta misi\u00f3n no es un simple viaje, sino una iniciativa fundamental que representa una oportunidad para el futuro del sector alfalfero nacional. Se trata de un movimiento estrat\u00e9gico dise\u00f1ado para fortalecer la competitividad de toda la cadena de valor, desde el productor hasta el exportador, en un mercado global cada vez m\u00e1s exigente.<\/p>\n\n\n\n<p>Desde la C\u00e1mara entienden que la misi\u00f3n permitir\u00e1 obtener informaci\u00f3n actualizada, establecer v\u00ednculos institucionales y comerciales, y robustecer la competitividad del sector; por lo que la b\u00fasqueda se centrar\u00e1 en absorber el conocimiento de vanguardia para aplicarlo directamente en el campo argentino y en su inserci\u00f3n internacional.<\/p>\n\n\n\n<p>Para materializar esta visi\u00f3n, la C\u00e1mara ha definido tres pilares de acci\u00f3n que guiar\u00e1n la misi\u00f3n en Europa: la innovaci\u00f3n tecnol\u00f3gica, la inteligencia de mercados y la cooperaci\u00f3n internacional.<\/p>\n\n\n\n<p>Por lo que la delegaci\u00f3n buscar\u00e1 activamente soluciones y conocimientos para modernizar la producci\u00f3n local, con un fuerte \u00e9nfasis en la sostenibilidad como eje de competitividad.<\/p>\n\n\n\n<p>Para fortalecer la experiencia exportadora, es fundamental comprender a fondo la din\u00e1mica del mercado global. La misi\u00f3n se centrar\u00e1 en estudiar la situaci\u00f3n de los principales pa\u00edses competidores e importadores de alfalfa, analizando sus exigencias de ingreso, certificaciones requeridas y las tendencias comerciales emergentes. Este an\u00e1lisis permitir\u00e1 ajustar la oferta argentina para satisfacer con precisi\u00f3n la demanda internacional.<\/p>\n\n\n\n<p class=\"has-medium-font-size\"><strong>Aprendizaje y cooperaci\u00f3n internacional<\/strong><\/p>\n\n\n\n<p>La gira por Espa\u00f1a ha sido dise\u00f1ada como un laboratorio de aprendizaje pr\u00e1ctico. El objetivo es relevar experiencias comparativas en la industria y el manejo del cultivo, identificando pr\u00e1cticas de \u00e9xito que puedan ser adaptadas a la realidad productiva argentina.&nbsp;<\/p>\n\n\n\n<p>Lograr sumar visiones de experiencias europeas brindar\u00e1 a los participantes alternativas a la hora de pensar una planificaci\u00f3n, pero adem\u00e1s, brindar\u00e1 v\u00ednculos institucionales y empresariales.<\/p>\n\n\n\n<p>Pero esta \u201cmisi\u00f3n\u201d no culmina en Europa, porque lo importante ser\u00e1 como ese conocimiento y los contactos logran ser traducidos en acciones concretas para que productores y empresas locales puedan transformar la producci\u00f3n.&nbsp;<\/p>\n\n\n\n<p>La C\u00e1mara ha delineado un claro plan de acci\u00f3n para capitalizar la experiencia:<\/p>\n\n\n\n<p>1. Transferencia de conocimiento: Se incorporar\u00e1n las nuevas t\u00e9cnicas de cultivo y pr\u00e1cticas de gesti\u00f3n ambiental relevadas, adapt\u00e1ndolas al contexto productivo local para mejorar la eficiencia y la sostenibilidad.<\/p>\n\n\n\n<p>2. Recomendaciones sectoriales: Se generar\u00e1n informes detallados y recomendaciones pr\u00e1cticas para todos los socios de la C\u00e1mara, abarcando mejoras en las \u00e1reas agr\u00edcola, industrial y comercial.<\/p>\n\n\n\n<p>3. Fortalecimiento institucional: A partir del an\u00e1lisis de la normativa internacional, se elaborar\u00e1n propuestas concretas para la actualizaci\u00f3n de regulaciones y la mejora de las buenas pr\u00e1cticas productivas a nivel nacional.<\/p>\n\n\n\n<p>4. Expansi\u00f3n comercial: Se buscar\u00e1 consolidar los contactos estrat\u00e9gicos establecidos con actores clave del sector forrajero europeo, abriendo nuevas puertas para la alfalfa argentina en el comercio internacional.<\/p>\n\n\n\n<p>5. Posicionamiento estrat\u00e9gico global: Se consolidar\u00e1 la imagen de Argentina como un proveedor de alfalfa confiable, sostenible y de alta calidad, fortaleciendo su posici\u00f3n negociadora y su prestigio en el mercado internacional.<\/p>\n<div class=\"todoalfalfa-final-de-la-nota\" id=\"todoalfalfa-414544054\"><a href=\"https:\/\/www.whatsapp.com\/channel\/0029VbCBmFB9WtBxJsD3eC2i\" target=\"_blank\" aria-label=\"5\"><img src=\"https:\/\/i0.wp.com\/www.todoalfalfa.com.ar\/noticias\/wp-content\/uploads\/2026\/04\/5.gif?fit=728%2C90&#038;ssl=1\" alt=\"\"  width=\"728\" height=\"90\"   \/><\/a><\/div>","protected":false},"excerpt":{"rendered":"<p>El objetivo de la C\u00e1mara Argentina de la Alfalfa es avanzar en su posicionamiento. As\u00ed lo manifest\u00f3 el presidente de la entidad, Jos\u00e9 Brigante, al destacar la importancia de esta \u201cmisi\u00f3n\u201d. <\/p>\n","protected":false},"author":9,"featured_media":50439,"comment_status":"closed","ping_status":"open","sticky":false,"template":"","format":"standard","meta":{"jetpack_post_was_ever_published":false,"_jetpack_newsletter_access":"","_jetpack_dont_email_post_to_subs":false,"_jetpack_newsletter_tier_id":0,"_jetpack_memberships_contains_paywalled_content":false,"_jetpack_memberships_contains_paid_content":false,"footnotes":""},"categories":[2061,2],"tags":[31,105,1614,1399,236,54,858,68,36,1491,1659,17,21,91],"class_list":["post-51098","post","type-post","status-publish","format-standard","has-post-thumbnail","hentry","category-congreso-mundial-de-alfalfa","category-generales","tag-alfalfa","tag-argentina","tag-camara-argentina-de-la-alfalfa","tag-congreso-mundial-de-alfalfa","tag-exportacion","tag-forrajes","tag-francia","tag-heno","tag-inta","tag-jose-brigante","tag-novedades","tag-pasturas","tag-produccion","tag-siembra"],"yoast_head":"<!-- This site is optimized with the Yoast SEO plugin v25.5 - https:\/\/yoast.com\/wordpress\/plugins\/seo\/ -->\n<title>La alfalfa Argentina buscar\u00e1 oportunidades en el Congreso Mundial de Alfalfa<\/title>\n<meta name=\"robots\" content=\"index, follow, max-snippet:-1, max-image-preview:large, max-video-preview:-1\" \/>\n<link rel=\"canonical\" href=\"https:\/\/www.todoalfalfa.com.ar\/noticias\/la-alfalfa-argentina-buscara-oportunidades-en-el-congreso-mundial-de-alfalfa\/\" \/>\n<meta property=\"og:locale\" content=\"es_ES\" \/>\n<meta property=\"og:type\" content=\"article\" \/>\n<meta property=\"og:title\" content=\"La alfalfa Argentina buscar\u00e1 oportunidades en el Congreso Mundial de Alfalfa\" \/>\n<meta property=\"og:description\" content=\"El objetivo de la C\u00e1mara Argentina de la Alfalfa es avanzar en su posicionamiento. As\u00ed lo manifest\u00f3 el presidente de la entidad, Jos\u00e9 Brigante, al destacar la importancia de esta \u201cmisi\u00f3n\u201d.\" \/>\n<meta property=\"og:url\" content=\"https:\/\/www.todoalfalfa.com.ar\/noticias\/la-alfalfa-argentina-buscara-oportunidades-en-el-congreso-mundial-de-alfalfa\/\" \/>\n<meta property=\"og:site_name\" content=\"Todo Alfalfa\" \/>\n<meta property=\"article:publisher\" content=\"https:\/\/www.facebook.com\/todoalfalfa\" \/>\n<meta property=\"article:published_time\" content=\"2025-10-31T11:12:50+00:00\" \/>\n<meta property=\"article:modified_time\" content=\"2025-11-02T21:53:56+00:00\" \/>\n<meta property=\"og:image\" content=\"https:\/\/www.todoalfalfa.com.ar\/noticias\/wp-content\/uploads\/2025\/09\/20250917_115845-scaled.jpg\" \/>\n\t<meta property=\"og:image:width\" content=\"2560\" \/>\n\t<meta property=\"og:image:height\" content=\"1441\" \/>\n\t<meta property=\"og:image:type\" content=\"image\/jpeg\" \/>\n<meta name=\"author\" content=\"Todo Alfalfa\" \/>\n<meta name=\"twitter:card\" content=\"summary_large_image\" \/>\n<meta name=\"twitter:label1\" content=\"Escrito por\" \/>\n\t<meta name=\"twitter:data1\" content=\"Todo Alfalfa\" \/>\n\t<meta name=\"twitter:label2\" content=\"Tiempo de lectura\" \/>\n\t<meta name=\"twitter:data2\" content=\"3 minutos\" \/>\n<script type=\"application\/ld+json\" class=\"yoast-schema-graph\">{\"@context\":\"https:\/\/schema.org\",\"@graph\":[{\"@type\":\"NewsArticle\",\"@id\":\"https:\/\/www.todoalfalfa.com.ar\/noticias\/la-alfalfa-argentina-buscara-oportunidades-en-el-congreso-mundial-de-alfalfa\/#article\",\"isPartOf\":{\"@id\":\"https:\/\/www.todoalfalfa.com.ar\/noticias\/la-alfalfa-argentina-buscara-oportunidades-en-el-congreso-mundial-de-alfalfa\/\"},\"author\":{\"name\":\"Todo Alfalfa\",\"@id\":\"https:\/\/www.todoalfalfa.com.ar\/noticias\/#\/schema\/person\/99de93cb711c7015ef658e5321ba9f18\"},\"headline\":\"La alfalfa Argentina buscar\u00e1 oportunidades en el Congreso Mundial de Alfalfa\",\"datePublished\":\"2025-10-31T11:12:50+00:00\",\"dateModified\":\"2025-11-02T21:53:56+00:00\",\"mainEntityOfPage\":{\"@id\":\"https:\/\/www.todoalfalfa.com.ar\/noticias\/la-alfalfa-argentina-buscara-oportunidades-en-el-congreso-mundial-de-alfalfa\/\"},\"wordCount\":636,\"publisher\":{\"@id\":\"https:\/\/www.todoalfalfa.com.ar\/noticias\/#organization\"},\"image\":{\"@id\":\"https:\/\/www.todoalfalfa.com.ar\/noticias\/la-alfalfa-argentina-buscara-oportunidades-en-el-congreso-mundial-de-alfalfa\/#primaryimage\"},\"thumbnailUrl\":\"https:\/\/i0.wp.com\/www.todoalfalfa.com.ar\/noticias\/wp-content\/uploads\/2025\/09\/20250917_115845-scaled.jpg?fit=2560%2C1441&ssl=1\",\"keywords\":[\"alfalfa\",\"Argentina\",\"C\u00e1mara Argentina de la Alfalfa\",\"Congreso Mundial de Alfalfa\",\"exportaci\u00f3n\",\"forrajes\",\"Francia\",\"heno\",\"inta\",\"Jos\u00e9 Brigante\",\"Novedades\",\"pasturas\",\"producci\u00f3n\",\"siembra\"],\"articleSection\":[\"Congreso Mundial de Alfalfa\",\"Generales\"],\"inLanguage\":\"es\"},{\"@type\":[\"WebPage\",\"ItemPage\"],\"@id\":\"https:\/\/www.todoalfalfa.com.ar\/noticias\/la-alfalfa-argentina-buscara-oportunidades-en-el-congreso-mundial-de-alfalfa\/\",\"url\":\"https:\/\/www.todoalfalfa.com.ar\/noticias\/la-alfalfa-argentina-buscara-oportunidades-en-el-congreso-mundial-de-alfalfa\/\",\"name\":\"La alfalfa Argentina buscar\u00e1 oportunidades en el Congreso Mundial de Alfalfa\",\"isPartOf\":{\"@id\":\"https:\/\/www.todoalfalfa.com.ar\/noticias\/#website\"},\"primaryImageOfPage\":{\"@id\":\"https:\/\/www.todoalfalfa.com.ar\/noticias\/la-alfalfa-argentina-buscara-oportunidades-en-el-congreso-mundial-de-alfalfa\/#primaryimage\"},\"image\":{\"@id\":\"https:\/\/www.todoalfalfa.com.ar\/noticias\/la-alfalfa-argentina-buscara-oportunidades-en-el-congreso-mundial-de-alfalfa\/#primaryimage\"},\"thumbnailUrl\":\"https:\/\/i0.wp.com\/www.todoalfalfa.com.ar\/noticias\/wp-content\/uploads\/2025\/09\/20250917_115845-scaled.jpg?fit=2560%2C1441&ssl=1\",\"datePublished\":\"2025-10-31T11:12:50+00:00\",\"dateModified\":\"2025-11-02T21:53:56+00:00\",\"breadcrumb\":{\"@id\":\"https:\/\/www.todoalfalfa.com.ar\/noticias\/la-alfalfa-argentina-buscara-oportunidades-en-el-congreso-mundial-de-alfalfa\/#breadcrumb\"},\"inLanguage\":\"es\",\"potentialAction\":[{\"@type\":\"ReadAction\",\"target\":[\"https:\/\/www.todoalfalfa.com.ar\/noticias\/la-alfalfa-argentina-buscara-oportunidades-en-el-congreso-mundial-de-alfalfa\/\"]}]},{\"@type\":\"ImageObject\",\"inLanguage\":\"es\",\"@id\":\"https:\/\/www.todoalfalfa.com.ar\/noticias\/la-alfalfa-argentina-buscara-oportunidades-en-el-congreso-mundial-de-alfalfa\/#primaryimage\",\"url\":\"https:\/\/i0.wp.com\/www.todoalfalfa.com.ar\/noticias\/wp-content\/uploads\/2025\/09\/20250917_115845-scaled.jpg?fit=2560%2C1441&ssl=1\",\"contentUrl\":\"https:\/\/i0.wp.com\/www.todoalfalfa.com.ar\/noticias\/wp-content\/uploads\/2025\/09\/20250917_115845-scaled.jpg?fit=2560%2C1441&ssl=1\",\"width\":2560,\"height\":1441,\"caption\":\"Jos\u00e9 Brigante, presidente C\u00e1mara Argentina de Alfalfa\"},{\"@type\":\"BreadcrumbList\",\"@id\":\"https:\/\/www.todoalfalfa.com.ar\/noticias\/la-alfalfa-argentina-buscara-oportunidades-en-el-congreso-mundial-de-alfalfa\/#breadcrumb\",\"itemListElement\":[{\"@type\":\"ListItem\",\"position\":1,\"name\":\"Principal\",\"item\":\"https:\/\/www.todoalfalfa.com.ar\/noticias\/\"},{\"@type\":\"ListItem\",\"position\":2,\"name\":\"La alfalfa Argentina buscar\u00e1 oportunidades en el Congreso Mundial de Alfalfa\"}]},{\"@type\":\"WebSite\",\"@id\":\"https:\/\/www.todoalfalfa.com.ar\/noticias\/#website\",\"url\":\"https:\/\/www.todoalfalfa.com.ar\/noticias\/\",\"name\":\"Todo Alfalfa\",\"description\":\"Web informativa de la cadena de la alfalfa argentina\",\"publisher\":{\"@id\":\"https:\/\/www.todoalfalfa.com.ar\/noticias\/#organization\"},\"potentialAction\":[{\"@type\":\"SearchAction\",\"target\":{\"@type\":\"EntryPoint\",\"urlTemplate\":\"https:\/\/www.todoalfalfa.com.ar\/noticias\/?s={search_term_string}\"},\"query-input\":{\"@type\":\"PropertyValueSpecification\",\"valueRequired\":true,\"valueName\":\"search_term_string\"}}],\"inLanguage\":\"es\"},{\"@type\":\"Organization\",\"@id\":\"https:\/\/www.todoalfalfa.com.ar\/noticias\/#organization\",\"name\":\"Todo Alfalfa\",\"url\":\"https:\/\/www.todoalfalfa.com.ar\/noticias\/\",\"logo\":{\"@type\":\"ImageObject\",\"inLanguage\":\"es\",\"@id\":\"https:\/\/www.todoalfalfa.com.ar\/noticias\/#\/schema\/logo\/image\/\",\"url\":\"https:\/\/www.todoalfalfa.com.ar\/noticias\/wp-content\/uploads\/2020\/09\/logo-todo-alfalfa-modificado.png\",\"contentUrl\":\"https:\/\/www.todoalfalfa.com.ar\/noticias\/wp-content\/uploads\/2020\/09\/logo-todo-alfalfa-modificado.png\",\"width\":350,\"height\":100,\"caption\":\"Todo Alfalfa\"},\"image\":{\"@id\":\"https:\/\/www.todoalfalfa.com.ar\/noticias\/#\/schema\/logo\/image\/\"},\"sameAs\":[\"https:\/\/www.facebook.com\/todoalfalfa\",\"https:\/\/www.instagram.com\/todoalfalfa\",\"https:\/\/www.youtube.com\/@TodoAlfalfa\",\"https:\/\/www.linkedin.com\/company\/todoalfalfa\/\"]},{\"@type\":\"Person\",\"@id\":\"https:\/\/www.todoalfalfa.com.ar\/noticias\/#\/schema\/person\/99de93cb711c7015ef658e5321ba9f18\",\"name\":\"Todo Alfalfa\",\"image\":{\"@type\":\"ImageObject\",\"inLanguage\":\"es\",\"@id\":\"https:\/\/www.todoalfalfa.com.ar\/noticias\/#\/schema\/person\/image\/\",\"url\":\"https:\/\/secure.gravatar.com\/avatar\/50ffd12fb7b268bc2467160730786602db252a270c63104e7c19b5f67b8dd346?s=96&d=mm&r=g\",\"contentUrl\":\"https:\/\/secure.gravatar.com\/avatar\/50ffd12fb7b268bc2467160730786602db252a270c63104e7c19b5f67b8dd346?s=96&d=mm&r=g\",\"caption\":\"Todo Alfalfa\"},\"url\":\"https:\/\/www.todoalfalfa.com.ar\/noticias\/author\/osvaldoiachetta\/\"}]}<\/script>\n<!-- \/ Yoast SEO plugin. -->","yoast_head_json":{"title":"La alfalfa Argentina buscar\u00e1 oportunidades en el Congreso Mundial de Alfalfa","robots":{"index":"index","follow":"follow","max-snippet":"max-snippet:-1","max-image-preview":"max-image-preview:large","max-video-preview":"max-video-preview:-1"},"canonical":"https:\/\/www.todoalfalfa.com.ar\/noticias\/la-alfalfa-argentina-buscara-oportunidades-en-el-congreso-mundial-de-alfalfa\/","og_locale":"es_ES","og_type":"article","og_title":"La alfalfa Argentina buscar\u00e1 oportunidades en el Congreso Mundial de Alfalfa","og_description":"El objetivo de la C\u00e1mara Argentina de la Alfalfa es avanzar en su posicionamiento. As\u00ed lo manifest\u00f3 el presidente de la entidad, Jos\u00e9 Brigante, al destacar la importancia de esta \u201cmisi\u00f3n\u201d.","og_url":"https:\/\/www.todoalfalfa.com.ar\/noticias\/la-alfalfa-argentina-buscara-oportunidades-en-el-congreso-mundial-de-alfalfa\/","og_site_name":"Todo Alfalfa","article_publisher":"https:\/\/www.facebook.com\/todoalfalfa","article_published_time":"2025-10-31T11:12:50+00:00","article_modified_time":"2025-11-02T21:53:56+00:00","og_image":[{"width":2560,"height":1441,"url":"https:\/\/www.todoalfalfa.com.ar\/noticias\/wp-content\/uploads\/2025\/09\/20250917_115845-scaled.jpg","type":"image\/jpeg"}],"author":"Todo Alfalfa","twitter_card":"summary_large_image","twitter_misc":{"Escrito por":"Todo Alfalfa","Tiempo de lectura":"3 minutos"},"schema":{"@context":"https:\/\/schema.org","@graph":[{"@type":"NewsArticle","@id":"https:\/\/www.todoalfalfa.com.ar\/noticias\/la-alfalfa-argentina-buscara-oportunidades-en-el-congreso-mundial-de-alfalfa\/#article","isPartOf":{"@id":"https:\/\/www.todoalfalfa.com.ar\/noticias\/la-alfalfa-argentina-buscara-oportunidades-en-el-congreso-mundial-de-alfalfa\/"},"author":{"name":"Todo Alfalfa","@id":"https:\/\/www.todoalfalfa.com.ar\/noticias\/#\/schema\/person\/99de93cb711c7015ef658e5321ba9f18"},"headline":"La alfalfa Argentina buscar\u00e1 oportunidades en el Congreso Mundial de Alfalfa","datePublished":"2025-10-31T11:12:50+00:00","dateModified":"2025-11-02T21:53:56+00:00","mainEntityOfPage":{"@id":"https:\/\/www.todoalfalfa.com.ar\/noticias\/la-alfalfa-argentina-buscara-oportunidades-en-el-congreso-mundial-de-alfalfa\/"},"wordCount":636,"publisher":{"@id":"https:\/\/www.todoalfalfa.com.ar\/noticias\/#organization"},"image":{"@id":"https:\/\/www.todoalfalfa.com.ar\/noticias\/la-alfalfa-argentina-buscara-oportunidades-en-el-congreso-mundial-de-alfalfa\/#primaryimage"},"thumbnailUrl":"https:\/\/i0.wp.com\/www.todoalfalfa.com.ar\/noticias\/wp-content\/uploads\/2025\/09\/20250917_115845-scaled.jpg?fit=2560%2C1441&ssl=1","keywords":["alfalfa","Argentina","C\u00e1mara Argentina de la Alfalfa","Congreso Mundial de Alfalfa","exportaci\u00f3n","forrajes","Francia","heno","inta","Jos\u00e9 Brigante","Novedades","pasturas","producci\u00f3n","siembra"],"articleSection":["Congreso Mundial de Alfalfa","Generales"],"inLanguage":"es"},{"@type":["WebPage","ItemPage"],"@id":"https:\/\/www.todoalfalfa.com.ar\/noticias\/la-alfalfa-argentina-buscara-oportunidades-en-el-congreso-mundial-de-alfalfa\/","url":"https:\/\/www.todoalfalfa.com.ar\/noticias\/la-alfalfa-argentina-buscara-oportunidades-en-el-congreso-mundial-de-alfalfa\/","name":"La alfalfa Argentina buscar\u00e1 oportunidades en el Congreso Mundial de Alfalfa","isPartOf":{"@id":"https:\/\/www.todoalfalfa.com.ar\/noticias\/#website"},"primaryImageOfPage":{"@id":"https:\/\/www.todoalfalfa.com.ar\/noticias\/la-alfalfa-argentina-buscara-oportunidades-en-el-congreso-mundial-de-alfalfa\/#primaryimage"},"image":{"@id":"https:\/\/www.todoalfalfa.com.ar\/noticias\/la-alfalfa-argentina-buscara-oportunidades-en-el-congreso-mundial-de-alfalfa\/#primaryimage"},"thumbnailUrl":"https:\/\/i0.wp.com\/www.todoalfalfa.com.ar\/noticias\/wp-content\/uploads\/2025\/09\/20250917_115845-scaled.jpg?fit=2560%2C1441&ssl=1","datePublished":"2025-10-31T11:12:50+00:00","dateModified":"2025-11-02T21:53:56+00:00","breadcrumb":{"@id":"https:\/\/www.todoalfalfa.com.ar\/noticias\/la-alfalfa-argentina-buscara-oportunidades-en-el-congreso-mundial-de-alfalfa\/#breadcrumb"},"inLanguage":"es","potentialAction":[{"@type":"ReadAction","target":["https:\/\/www.todoalfalfa.com.ar\/noticias\/la-alfalfa-argentina-buscara-oportunidades-en-el-congreso-mundial-de-alfalfa\/"]}]},{"@type":"ImageObject","inLanguage":"es","@id":"https:\/\/www.todoalfalfa.com.ar\/noticias\/la-alfalfa-argentina-buscara-oportunidades-en-el-congreso-mundial-de-alfalfa\/#primaryimage","url":"https:\/\/i0.wp.com\/www.todoalfalfa.com.ar\/noticias\/wp-content\/uploads\/2025\/09\/20250917_115845-scaled.jpg?fit=2560%2C1441&ssl=1","contentUrl":"https:\/\/i0.wp.com\/www.todoalfalfa.com.ar\/noticias\/wp-content\/uploads\/2025\/09\/20250917_115845-scaled.jpg?fit=2560%2C1441&ssl=1","width":2560,"height":1441,"caption":"Jos\u00e9 Brigante, presidente C\u00e1mara Argentina de Alfalfa"},{"@type":"BreadcrumbList","@id":"https:\/\/www.todoalfalfa.com.ar\/noticias\/la-alfalfa-argentina-buscara-oportunidades-en-el-congreso-mundial-de-alfalfa\/#breadcrumb","itemListElement":[{"@type":"ListItem","position":1,"name":"Principal","item":"https:\/\/www.todoalfalfa.com.ar\/noticias\/"},{"@type":"ListItem","position":2,"name":"La alfalfa Argentina buscar\u00e1 oportunidades en el Congreso Mundial de Alfalfa"}]},{"@type":"WebSite","@id":"https:\/\/www.todoalfalfa.com.ar\/noticias\/#website","url":"https:\/\/www.todoalfalfa.com.ar\/noticias\/","name":"Todo Alfalfa","description":"Web informativa de la cadena de la alfalfa argentina","publisher":{"@id":"https:\/\/www.todoalfalfa.com.ar\/noticias\/#organization"},"potentialAction":[{"@type":"SearchAction","target":{"@type":"EntryPoint","urlTemplate":"https:\/\/www.todoalfalfa.com.ar\/noticias\/?s={search_term_string}"},"query-input":{"@type":"PropertyValueSpecification","valueRequired":true,"valueName":"search_term_string"}}],"inLanguage":"es"},{"@type":"Organization","@id":"https:\/\/www.todoalfalfa.com.ar\/noticias\/#organization","name":"Todo Alfalfa","url":"https:\/\/www.todoalfalfa.com.ar\/noticias\/","logo":{"@type":"ImageObject","inLanguage":"es","@id":"https:\/\/www.todoalfalfa.com.ar\/noticias\/#\/schema\/logo\/image\/","url":"https:\/\/www.todoalfalfa.com.ar\/noticias\/wp-content\/uploads\/2020\/09\/logo-todo-alfalfa-modificado.png","contentUrl":"https:\/\/www.todoalfalfa.com.ar\/noticias\/wp-content\/uploads\/2020\/09\/logo-todo-alfalfa-modificado.png","width":350,"height":100,"caption":"Todo Alfalfa"},"image":{"@id":"https:\/\/www.todoalfalfa.com.ar\/noticias\/#\/schema\/logo\/image\/"},"sameAs":["https:\/\/www.facebook.com\/todoalfalfa","https:\/\/www.instagram.com\/todoalfalfa","https:\/\/www.youtube.com\/@TodoAlfalfa","https:\/\/www.linkedin.com\/company\/todoalfalfa\/"]},{"@type":"Person","@id":"https:\/\/www.todoalfalfa.com.ar\/noticias\/#\/schema\/person\/99de93cb711c7015ef658e5321ba9f18","name":"Todo Alfalfa","image":{"@type":"ImageObject","inLanguage":"es","@id":"https:\/\/www.todoalfalfa.com.ar\/noticias\/#\/schema\/person\/image\/","url":"https:\/\/secure.gravatar.com\/avatar\/50ffd12fb7b268bc2467160730786602db252a270c63104e7c19b5f67b8dd346?s=96&d=mm&r=g","contentUrl":"https:\/\/secure.gravatar.com\/avatar\/50ffd12fb7b268bc2467160730786602db252a270c63104e7c19b5f67b8dd346?s=96&d=mm&r=g","caption":"Todo Alfalfa"},"url":"https:\/\/www.todoalfalfa.com.ar\/noticias\/author\/osvaldoiachetta\/"}]}},"jetpack_featured_media_url":"https:\/\/i0.wp.com\/www.todoalfalfa.com.ar\/noticias\/wp-content\/uploads\/2025\/09\/20250917_115845-scaled.jpg?fit=2560%2C1441&ssl=1","wps_subtitle":"","jetpack_sharing_enabled":true,"_links":{"self":[{"href":"https:\/\/www.todoalfalfa.com.ar\/noticias\/wp-json\/wp\/v2\/posts\/51098","targetHints":{"allow":["GET"]}}],"collection":[{"href":"https:\/\/www.todoalfalfa.com.ar\/noticias\/wp-json\/wp\/v2\/posts"}],"about":[{"href":"https:\/\/www.todoalfalfa.com.ar\/noticias\/wp-json\/wp\/v2\/types\/post"}],"author":[{"embeddable":true,"href":"https:\/\/www.todoalfalfa.com.ar\/noticias\/wp-json\/wp\/v2\/users\/9"}],"replies":[{"embeddable":true,"href":"https:\/\/www.todoalfalfa.com.ar\/noticias\/wp-json\/wp\/v2\/comments?post=51098"}],"version-history":[{"count":2,"href":"https:\/\/www.todoalfalfa.com.ar\/noticias\/wp-json\/wp\/v2\/posts\/51098\/revisions"}],"predecessor-version":[{"id":51104,"href":"https:\/\/www.todoalfalfa.com.ar\/noticias\/wp-json\/wp\/v2\/posts\/51098\/revisions\/51104"}],"wp:featuredmedia":[{"embeddable":true,"href":"https:\/\/www.todoalfalfa.com.ar\/noticias\/wp-json\/wp\/v2\/media\/50439"}],"wp:attachment":[{"href":"https:\/\/www.todoalfalfa.com.ar\/noticias\/wp-json\/wp\/v2\/media?parent=51098"}],"wp:term":[{"taxonomy":"category","embeddable":true,"href":"https:\/\/www.todoalfalfa.com.ar\/noticias\/wp-json\/wp\/v2\/categories?post=51098"},{"taxonomy":"post_tag","embeddable":true,"href":"https:\/\/www.todoalfalfa.com.ar\/noticias\/wp-json\/wp\/v2\/tags?post=51098"}],"curies":[{"name":"wp","href":"https:\/\/api.w.org\/{rel}","templated":true}]}}