{"id":51100,"date":"2025-10-31T08:17:13","date_gmt":"2025-10-31T11:17:13","guid":{"rendered":"https:\/\/www.todoalfalfa.com.ar\/noticias\/?p=51100"},"modified":"2025-11-02T18:51:55","modified_gmt":"2025-11-02T21:51:55","slug":"espana-mira-la-innovacion-tecnologica-en-el-congreso-mundial-de-alfalfa","status":"publish","type":"post","link":"https:\/\/www.todoalfalfa.com.ar\/noticias\/espana-mira-la-innovacion-tecnologica-en-el-congreso-mundial-de-alfalfa\/","title":{"rendered":"Espa\u00f1a mira la innovaci\u00f3n tecnol\u00f3gica en el Congreso Mundial de Alfalfa"},"content":{"rendered":"\n<p>Una nutrida delegaci\u00f3n espa\u00f1ola, liderada por la Asociaci\u00f3n Espa\u00f1ola de Fabricantes de Alfalfa Deshidratada (AEFA), participar\u00e1 en el pr\u00f3ximo Congreso Mundial de Alfalfa (3 al 6 de noviembre en Reims, Francia).&nbsp;<\/p>\n\n\n\n<p>El objetivo principal de esta misi\u00f3n es captar las \u00faltimas tendencias globales, adquirir conocimiento sobre nuevas l\u00edneas de investigaci\u00f3n y transferir esta inteligencia a la industria nacional para fortalecer su competitividad. As\u00ed lo ha confirmado Luis Mach\u00edn, presidente de la asociaci\u00f3n.<\/p>\n\n\n\n<p>La magnitud de la delegaci\u00f3n espa\u00f1ola subraya el compromiso estrat\u00e9gico y la ambici\u00f3n del sector por mantenerse a la vanguardia internacional. No se trata de una presencia testimonial, sino de una demostraci\u00f3n de fuerza y de la importancia que la industria nacional otorga a la innovaci\u00f3n y al conocimiento como pilares de su futuro.<\/p>\n\n\n\n<p>La comitiva est\u00e1 compuesta por m\u00e1s de 60 participantes, un reflejo claro del inter\u00e9s que suscita el evento. Adem\u00e1s, el papel de Espa\u00f1a en el congreso es proactivo y de gran influencia, ya que la asociaci\u00f3n espa\u00f1ola ha formado parte del comit\u00e9 organizador del evento. Esta masiva y organizada participaci\u00f3n responde a una agenda de objetivos muy definidos para el sector.<\/p>\n\n\n\n<p>La asistencia al congreso se plantea como una misi\u00f3n estrat\u00e9gica de inteligencia sectorial. El prop\u00f3sito fundamental es la adquisici\u00f3n de conocimiento para luego aplicarlo en Espa\u00f1a, con el objetivo de optimizar todos los eslabones de la cadena de valor, desde el campo hasta la industria.<\/p>\n\n\n\n<p>Seg\u00fan lo expuesto por Luis Mach\u00edn, los objetivos estrat\u00e9gicos de la delegaci\u00f3n se resumen en los siguientes puntos:<\/p>\n\n\n\n<p>\u2022 Identificar las \u00faltimas tendencias del sector, tanto en las pr\u00e1cticas de cultivo como en las previsiones de mercado a futuro.<\/p>\n\n\n\n<p>\u2022 Ampliar el conocimiento sobre las nuevas l\u00edneas de trabajo e investigaci\u00f3n que marcar\u00e1n el porvenir del cultivo.<\/p>\n\n\n\n<p>\u2022 Transferir el conocimiento adquirido de vuelta a Espa\u00f1a para su implementaci\u00f3n a nivel nacional.<\/p>\n\n\n\n<p>\u2022 Mejorar la competitividad y la eficiencia en la fabricaci\u00f3n, elaboraci\u00f3n y cultivo de la alfalfa, abarcando tanto el campo como las industrias transformadoras.<\/p>\n\n\n\n<p>Esta visi\u00f3n, impulsada directamente desde el liderazgo de la asociaci\u00f3n, define la hoja de ruta de la delegaci\u00f3n en el evento.<\/p>\n\n\n\n<p>\u201cNuestro objetivo es saber un poco cu\u00e1les son las \u00faltimas tendencias en el sector de la alfalfa, tanto en temas de campo como en previsiones a futuro, y ampliar conocimiento, saber en qu\u00e9 se est\u00e1 trabajando, en cu\u00e1les son las l\u00edneas del futuro para, evidentemente, aprender y llevar ese conocimiento de vuelta a Espa\u00f1a para intentar ser mejores en la fabricaci\u00f3n, en la elaboraci\u00f3n y en el trabajo de la alfalfa, tanto en el campo como en las industrias\u201d, concluy\u00f3 Machin en la previa del evento.<\/p>\n<div class=\"todoalfalfa-final-de-la-nota\" id=\"todoalfalfa-1768467994\"><a href=\"https:\/\/www.whatsapp.com\/channel\/0029VbCBmFB9WtBxJsD3eC2i\" target=\"_blank\" aria-label=\"5\"><img src=\"https:\/\/i0.wp.com\/www.todoalfalfa.com.ar\/noticias\/wp-content\/uploads\/2026\/04\/5.gif?fit=728%2C90&#038;ssl=1\" alt=\"\"  width=\"728\" height=\"90\"   \/><\/a><\/div>","protected":false},"excerpt":{"rendered":"<p>La cuarta edici\u00f3n del evento que convoca a los principales actores del sector se desarrollar\u00e1 en Raims, Francia. Luis Machin, presidente de la Asociaci\u00f3n Espa\u00f1ola de Fabricantes de Alfalfa Deshidratada (AEFA), se mostr\u00f3 expectante. <\/p>\n","protected":false},"author":9,"featured_media":51101,"comment_status":"closed","ping_status":"open","sticky":false,"template":"","format":"standard","meta":{"jetpack_post_was_ever_published":false,"_jetpack_newsletter_access":"","_jetpack_dont_email_post_to_subs":false,"_jetpack_newsletter_tier_id":0,"_jetpack_memberships_contains_paywalled_content":false,"_jetpack_memberships_contains_paid_content":false,"footnotes":""},"categories":[2061,2],"tags":[1647,1649,1399,236,858,1648,1659,21,1927],"class_list":["post-51100","post","type-post","status-publish","format-standard","has-post-thumbnail","hentry","category-congreso-mundial-de-alfalfa","category-generales","tag-aefa","tag-alfalfa-deshidratada","tag-congreso-mundial-de-alfalfa","tag-exportacion","tag-francia","tag-luis-machin","tag-novedades","tag-produccion","tag-reims"],"yoast_head":"<!-- This site is optimized with the Yoast SEO plugin v25.5 - https:\/\/yoast.com\/wordpress\/plugins\/seo\/ -->\n<title>Espa\u00f1a mira la innovaci\u00f3n tecnol\u00f3gica en el Congreso Mundial de Alfalfa<\/title>\n<meta name=\"robots\" content=\"index, follow, max-snippet:-1, max-image-preview:large, max-video-preview:-1\" \/>\n<link rel=\"canonical\" href=\"https:\/\/www.todoalfalfa.com.ar\/noticias\/espana-mira-la-innovacion-tecnologica-en-el-congreso-mundial-de-alfalfa\/\" \/>\n<meta property=\"og:locale\" content=\"es_ES\" \/>\n<meta property=\"og:type\" content=\"article\" \/>\n<meta property=\"og:title\" content=\"Espa\u00f1a mira la innovaci\u00f3n tecnol\u00f3gica en el Congreso Mundial de Alfalfa\" \/>\n<meta property=\"og:description\" content=\"La cuarta edici\u00f3n del evento que convoca a los principales actores del sector se desarrollar\u00e1 en Raims, Francia. Luis Machin, presidente de la Asociaci\u00f3n Espa\u00f1ola de Fabricantes de Alfalfa Deshidratada (AEFA), se mostr\u00f3 expectante.\" \/>\n<meta property=\"og:url\" content=\"https:\/\/www.todoalfalfa.com.ar\/noticias\/espana-mira-la-innovacion-tecnologica-en-el-congreso-mundial-de-alfalfa\/\" \/>\n<meta property=\"og:site_name\" content=\"Todo Alfalfa\" \/>\n<meta property=\"article:publisher\" content=\"https:\/\/www.facebook.com\/todoalfalfa\" \/>\n<meta property=\"article:published_time\" content=\"2025-10-31T11:17:13+00:00\" \/>\n<meta property=\"article:modified_time\" content=\"2025-11-02T21:51:55+00:00\" \/>\n<meta property=\"og:image\" content=\"https:\/\/www.todoalfalfa.com.ar\/noticias\/wp-content\/uploads\/2025\/10\/4469586-e1761909299517.jpeg\" \/>\n\t<meta property=\"og:image:width\" content=\"619\" \/>\n\t<meta property=\"og:image:height\" content=\"397\" \/>\n\t<meta property=\"og:image:type\" content=\"image\/jpeg\" \/>\n<meta name=\"author\" content=\"Todo Alfalfa\" \/>\n<meta name=\"twitter:card\" content=\"summary_large_image\" \/>\n<meta name=\"twitter:label1\" content=\"Escrito por\" \/>\n\t<meta name=\"twitter:data1\" content=\"Todo Alfalfa\" \/>\n\t<meta name=\"twitter:label2\" content=\"Tiempo de lectura\" \/>\n\t<meta name=\"twitter:data2\" content=\"3 minutos\" \/>\n<script type=\"application\/ld+json\" class=\"yoast-schema-graph\">{\"@context\":\"https:\/\/schema.org\",\"@graph\":[{\"@type\":\"NewsArticle\",\"@id\":\"https:\/\/www.todoalfalfa.com.ar\/noticias\/espana-mira-la-innovacion-tecnologica-en-el-congreso-mundial-de-alfalfa\/#article\",\"isPartOf\":{\"@id\":\"https:\/\/www.todoalfalfa.com.ar\/noticias\/espana-mira-la-innovacion-tecnologica-en-el-congreso-mundial-de-alfalfa\/\"},\"author\":{\"name\":\"Todo Alfalfa\",\"@id\":\"https:\/\/www.todoalfalfa.com.ar\/noticias\/#\/schema\/person\/99de93cb711c7015ef658e5321ba9f18\"},\"headline\":\"Espa\u00f1a mira la innovaci\u00f3n tecnol\u00f3gica en el Congreso Mundial de Alfalfa\",\"datePublished\":\"2025-10-31T11:17:13+00:00\",\"dateModified\":\"2025-11-02T21:51:55+00:00\",\"mainEntityOfPage\":{\"@id\":\"https:\/\/www.todoalfalfa.com.ar\/noticias\/espana-mira-la-innovacion-tecnologica-en-el-congreso-mundial-de-alfalfa\/\"},\"wordCount\":492,\"publisher\":{\"@id\":\"https:\/\/www.todoalfalfa.com.ar\/noticias\/#organization\"},\"image\":{\"@id\":\"https:\/\/www.todoalfalfa.com.ar\/noticias\/espana-mira-la-innovacion-tecnologica-en-el-congreso-mundial-de-alfalfa\/#primaryimage\"},\"thumbnailUrl\":\"https:\/\/i0.wp.com\/www.todoalfalfa.com.ar\/noticias\/wp-content\/uploads\/2025\/10\/4469586-e1761909299517.jpeg?fit=619%2C397&ssl=1\",\"keywords\":[\"AEFA\",\"Alfalfa Deshidratada\",\"Congreso Mundial de Alfalfa\",\"exportaci\u00f3n\",\"Francia\",\"Luis Machin\",\"Novedades\",\"producci\u00f3n\",\"Reims\"],\"articleSection\":[\"Congreso Mundial de Alfalfa\",\"Generales\"],\"inLanguage\":\"es\"},{\"@type\":[\"WebPage\",\"ItemPage\"],\"@id\":\"https:\/\/www.todoalfalfa.com.ar\/noticias\/espana-mira-la-innovacion-tecnologica-en-el-congreso-mundial-de-alfalfa\/\",\"url\":\"https:\/\/www.todoalfalfa.com.ar\/noticias\/espana-mira-la-innovacion-tecnologica-en-el-congreso-mundial-de-alfalfa\/\",\"name\":\"Espa\u00f1a mira la innovaci\u00f3n tecnol\u00f3gica en el Congreso Mundial de Alfalfa\",\"isPartOf\":{\"@id\":\"https:\/\/www.todoalfalfa.com.ar\/noticias\/#website\"},\"primaryImageOfPage\":{\"@id\":\"https:\/\/www.todoalfalfa.com.ar\/noticias\/espana-mira-la-innovacion-tecnologica-en-el-congreso-mundial-de-alfalfa\/#primaryimage\"},\"image\":{\"@id\":\"https:\/\/www.todoalfalfa.com.ar\/noticias\/espana-mira-la-innovacion-tecnologica-en-el-congreso-mundial-de-alfalfa\/#primaryimage\"},\"thumbnailUrl\":\"https:\/\/i0.wp.com\/www.todoalfalfa.com.ar\/noticias\/wp-content\/uploads\/2025\/10\/4469586-e1761909299517.jpeg?fit=619%2C397&ssl=1\",\"datePublished\":\"2025-10-31T11:17:13+00:00\",\"dateModified\":\"2025-11-02T21:51:55+00:00\",\"breadcrumb\":{\"@id\":\"https:\/\/www.todoalfalfa.com.ar\/noticias\/espana-mira-la-innovacion-tecnologica-en-el-congreso-mundial-de-alfalfa\/#breadcrumb\"},\"inLanguage\":\"es\",\"potentialAction\":[{\"@type\":\"ReadAction\",\"target\":[\"https:\/\/www.todoalfalfa.com.ar\/noticias\/espana-mira-la-innovacion-tecnologica-en-el-congreso-mundial-de-alfalfa\/\"]}]},{\"@type\":\"ImageObject\",\"inLanguage\":\"es\",\"@id\":\"https:\/\/www.todoalfalfa.com.ar\/noticias\/espana-mira-la-innovacion-tecnologica-en-el-congreso-mundial-de-alfalfa\/#primaryimage\",\"url\":\"https:\/\/i0.wp.com\/www.todoalfalfa.com.ar\/noticias\/wp-content\/uploads\/2025\/10\/4469586-e1761909299517.jpeg?fit=619%2C397&ssl=1\",\"contentUrl\":\"https:\/\/i0.wp.com\/www.todoalfalfa.com.ar\/noticias\/wp-content\/uploads\/2025\/10\/4469586-e1761909299517.jpeg?fit=619%2C397&ssl=1\",\"width\":619,\"height\":397},{\"@type\":\"BreadcrumbList\",\"@id\":\"https:\/\/www.todoalfalfa.com.ar\/noticias\/espana-mira-la-innovacion-tecnologica-en-el-congreso-mundial-de-alfalfa\/#breadcrumb\",\"itemListElement\":[{\"@type\":\"ListItem\",\"position\":1,\"name\":\"Principal\",\"item\":\"https:\/\/www.todoalfalfa.com.ar\/noticias\/\"},{\"@type\":\"ListItem\",\"position\":2,\"name\":\"Espa\u00f1a mira la innovaci\u00f3n tecnol\u00f3gica en el Congreso Mundial de Alfalfa\"}]},{\"@type\":\"WebSite\",\"@id\":\"https:\/\/www.todoalfalfa.com.ar\/noticias\/#website\",\"url\":\"https:\/\/www.todoalfalfa.com.ar\/noticias\/\",\"name\":\"Todo Alfalfa\",\"description\":\"Web informativa de la cadena de la alfalfa argentina\",\"publisher\":{\"@id\":\"https:\/\/www.todoalfalfa.com.ar\/noticias\/#organization\"},\"potentialAction\":[{\"@type\":\"SearchAction\",\"target\":{\"@type\":\"EntryPoint\",\"urlTemplate\":\"https:\/\/www.todoalfalfa.com.ar\/noticias\/?s={search_term_string}\"},\"query-input\":{\"@type\":\"PropertyValueSpecification\",\"valueRequired\":true,\"valueName\":\"search_term_string\"}}],\"inLanguage\":\"es\"},{\"@type\":\"Organization\",\"@id\":\"https:\/\/www.todoalfalfa.com.ar\/noticias\/#organization\",\"name\":\"Todo Alfalfa\",\"url\":\"https:\/\/www.todoalfalfa.com.ar\/noticias\/\",\"logo\":{\"@type\":\"ImageObject\",\"inLanguage\":\"es\",\"@id\":\"https:\/\/www.todoalfalfa.com.ar\/noticias\/#\/schema\/logo\/image\/\",\"url\":\"https:\/\/www.todoalfalfa.com.ar\/noticias\/wp-content\/uploads\/2020\/09\/logo-todo-alfalfa-modificado.png\",\"contentUrl\":\"https:\/\/www.todoalfalfa.com.ar\/noticias\/wp-content\/uploads\/2020\/09\/logo-todo-alfalfa-modificado.png\",\"width\":350,\"height\":100,\"caption\":\"Todo Alfalfa\"},\"image\":{\"@id\":\"https:\/\/www.todoalfalfa.com.ar\/noticias\/#\/schema\/logo\/image\/\"},\"sameAs\":[\"https:\/\/www.facebook.com\/todoalfalfa\",\"https:\/\/www.instagram.com\/todoalfalfa\",\"https:\/\/www.youtube.com\/@TodoAlfalfa\",\"https:\/\/www.linkedin.com\/company\/todoalfalfa\/\"]},{\"@type\":\"Person\",\"@id\":\"https:\/\/www.todoalfalfa.com.ar\/noticias\/#\/schema\/person\/99de93cb711c7015ef658e5321ba9f18\",\"name\":\"Todo Alfalfa\",\"image\":{\"@type\":\"ImageObject\",\"inLanguage\":\"es\",\"@id\":\"https:\/\/www.todoalfalfa.com.ar\/noticias\/#\/schema\/person\/image\/\",\"url\":\"https:\/\/secure.gravatar.com\/avatar\/50ffd12fb7b268bc2467160730786602db252a270c63104e7c19b5f67b8dd346?s=96&d=mm&r=g\",\"contentUrl\":\"https:\/\/secure.gravatar.com\/avatar\/50ffd12fb7b268bc2467160730786602db252a270c63104e7c19b5f67b8dd346?s=96&d=mm&r=g\",\"caption\":\"Todo Alfalfa\"},\"url\":\"https:\/\/www.todoalfalfa.com.ar\/noticias\/author\/osvaldoiachetta\/\"}]}<\/script>\n<!-- \/ Yoast SEO plugin. -->","yoast_head_json":{"title":"Espa\u00f1a mira la innovaci\u00f3n tecnol\u00f3gica en el Congreso Mundial de Alfalfa","robots":{"index":"index","follow":"follow","max-snippet":"max-snippet:-1","max-image-preview":"max-image-preview:large","max-video-preview":"max-video-preview:-1"},"canonical":"https:\/\/www.todoalfalfa.com.ar\/noticias\/espana-mira-la-innovacion-tecnologica-en-el-congreso-mundial-de-alfalfa\/","og_locale":"es_ES","og_type":"article","og_title":"Espa\u00f1a mira la innovaci\u00f3n tecnol\u00f3gica en el Congreso Mundial de Alfalfa","og_description":"La cuarta edici\u00f3n del evento que convoca a los principales actores del sector se desarrollar\u00e1 en Raims, Francia. Luis Machin, presidente de la Asociaci\u00f3n Espa\u00f1ola de Fabricantes de Alfalfa Deshidratada (AEFA), se mostr\u00f3 expectante.","og_url":"https:\/\/www.todoalfalfa.com.ar\/noticias\/espana-mira-la-innovacion-tecnologica-en-el-congreso-mundial-de-alfalfa\/","og_site_name":"Todo Alfalfa","article_publisher":"https:\/\/www.facebook.com\/todoalfalfa","article_published_time":"2025-10-31T11:17:13+00:00","article_modified_time":"2025-11-02T21:51:55+00:00","og_image":[{"width":619,"height":397,"url":"https:\/\/www.todoalfalfa.com.ar\/noticias\/wp-content\/uploads\/2025\/10\/4469586-e1761909299517.jpeg","type":"image\/jpeg"}],"author":"Todo Alfalfa","twitter_card":"summary_large_image","twitter_misc":{"Escrito por":"Todo Alfalfa","Tiempo de lectura":"3 minutos"},"schema":{"@context":"https:\/\/schema.org","@graph":[{"@type":"NewsArticle","@id":"https:\/\/www.todoalfalfa.com.ar\/noticias\/espana-mira-la-innovacion-tecnologica-en-el-congreso-mundial-de-alfalfa\/#article","isPartOf":{"@id":"https:\/\/www.todoalfalfa.com.ar\/noticias\/espana-mira-la-innovacion-tecnologica-en-el-congreso-mundial-de-alfalfa\/"},"author":{"name":"Todo Alfalfa","@id":"https:\/\/www.todoalfalfa.com.ar\/noticias\/#\/schema\/person\/99de93cb711c7015ef658e5321ba9f18"},"headline":"Espa\u00f1a mira la innovaci\u00f3n tecnol\u00f3gica en el Congreso Mundial de Alfalfa","datePublished":"2025-10-31T11:17:13+00:00","dateModified":"2025-11-02T21:51:55+00:00","mainEntityOfPage":{"@id":"https:\/\/www.todoalfalfa.com.ar\/noticias\/espana-mira-la-innovacion-tecnologica-en-el-congreso-mundial-de-alfalfa\/"},"wordCount":492,"publisher":{"@id":"https:\/\/www.todoalfalfa.com.ar\/noticias\/#organization"},"image":{"@id":"https:\/\/www.todoalfalfa.com.ar\/noticias\/espana-mira-la-innovacion-tecnologica-en-el-congreso-mundial-de-alfalfa\/#primaryimage"},"thumbnailUrl":"https:\/\/i0.wp.com\/www.todoalfalfa.com.ar\/noticias\/wp-content\/uploads\/2025\/10\/4469586-e1761909299517.jpeg?fit=619%2C397&ssl=1","keywords":["AEFA","Alfalfa Deshidratada","Congreso Mundial de Alfalfa","exportaci\u00f3n","Francia","Luis Machin","Novedades","producci\u00f3n","Reims"],"articleSection":["Congreso Mundial de Alfalfa","Generales"],"inLanguage":"es"},{"@type":["WebPage","ItemPage"],"@id":"https:\/\/www.todoalfalfa.com.ar\/noticias\/espana-mira-la-innovacion-tecnologica-en-el-congreso-mundial-de-alfalfa\/","url":"https:\/\/www.todoalfalfa.com.ar\/noticias\/espana-mira-la-innovacion-tecnologica-en-el-congreso-mundial-de-alfalfa\/","name":"Espa\u00f1a mira la innovaci\u00f3n tecnol\u00f3gica en el Congreso Mundial de Alfalfa","isPartOf":{"@id":"https:\/\/www.todoalfalfa.com.ar\/noticias\/#website"},"primaryImageOfPage":{"@id":"https:\/\/www.todoalfalfa.com.ar\/noticias\/espana-mira-la-innovacion-tecnologica-en-el-congreso-mundial-de-alfalfa\/#primaryimage"},"image":{"@id":"https:\/\/www.todoalfalfa.com.ar\/noticias\/espana-mira-la-innovacion-tecnologica-en-el-congreso-mundial-de-alfalfa\/#primaryimage"},"thumbnailUrl":"https:\/\/i0.wp.com\/www.todoalfalfa.com.ar\/noticias\/wp-content\/uploads\/2025\/10\/4469586-e1761909299517.jpeg?fit=619%2C397&ssl=1","datePublished":"2025-10-31T11:17:13+00:00","dateModified":"2025-11-02T21:51:55+00:00","breadcrumb":{"@id":"https:\/\/www.todoalfalfa.com.ar\/noticias\/espana-mira-la-innovacion-tecnologica-en-el-congreso-mundial-de-alfalfa\/#breadcrumb"},"inLanguage":"es","potentialAction":[{"@type":"ReadAction","target":["https:\/\/www.todoalfalfa.com.ar\/noticias\/espana-mira-la-innovacion-tecnologica-en-el-congreso-mundial-de-alfalfa\/"]}]},{"@type":"ImageObject","inLanguage":"es","@id":"https:\/\/www.todoalfalfa.com.ar\/noticias\/espana-mira-la-innovacion-tecnologica-en-el-congreso-mundial-de-alfalfa\/#primaryimage","url":"https:\/\/i0.wp.com\/www.todoalfalfa.com.ar\/noticias\/wp-content\/uploads\/2025\/10\/4469586-e1761909299517.jpeg?fit=619%2C397&ssl=1","contentUrl":"https:\/\/i0.wp.com\/www.todoalfalfa.com.ar\/noticias\/wp-content\/uploads\/2025\/10\/4469586-e1761909299517.jpeg?fit=619%2C397&ssl=1","width":619,"height":397},{"@type":"BreadcrumbList","@id":"https:\/\/www.todoalfalfa.com.ar\/noticias\/espana-mira-la-innovacion-tecnologica-en-el-congreso-mundial-de-alfalfa\/#breadcrumb","itemListElement":[{"@type":"ListItem","position":1,"name":"Principal","item":"https:\/\/www.todoalfalfa.com.ar\/noticias\/"},{"@type":"ListItem","position":2,"name":"Espa\u00f1a mira la innovaci\u00f3n tecnol\u00f3gica en el Congreso Mundial de Alfalfa"}]},{"@type":"WebSite","@id":"https:\/\/www.todoalfalfa.com.ar\/noticias\/#website","url":"https:\/\/www.todoalfalfa.com.ar\/noticias\/","name":"Todo Alfalfa","description":"Web informativa de la cadena de la alfalfa argentina","publisher":{"@id":"https:\/\/www.todoalfalfa.com.ar\/noticias\/#organization"},"potentialAction":[{"@type":"SearchAction","target":{"@type":"EntryPoint","urlTemplate":"https:\/\/www.todoalfalfa.com.ar\/noticias\/?s={search_term_string}"},"query-input":{"@type":"PropertyValueSpecification","valueRequired":true,"valueName":"search_term_string"}}],"inLanguage":"es"},{"@type":"Organization","@id":"https:\/\/www.todoalfalfa.com.ar\/noticias\/#organization","name":"Todo Alfalfa","url":"https:\/\/www.todoalfalfa.com.ar\/noticias\/","logo":{"@type":"ImageObject","inLanguage":"es","@id":"https:\/\/www.todoalfalfa.com.ar\/noticias\/#\/schema\/logo\/image\/","url":"https:\/\/www.todoalfalfa.com.ar\/noticias\/wp-content\/uploads\/2020\/09\/logo-todo-alfalfa-modificado.png","contentUrl":"https:\/\/www.todoalfalfa.com.ar\/noticias\/wp-content\/uploads\/2020\/09\/logo-todo-alfalfa-modificado.png","width":350,"height":100,"caption":"Todo Alfalfa"},"image":{"@id":"https:\/\/www.todoalfalfa.com.ar\/noticias\/#\/schema\/logo\/image\/"},"sameAs":["https:\/\/www.facebook.com\/todoalfalfa","https:\/\/www.instagram.com\/todoalfalfa","https:\/\/www.youtube.com\/@TodoAlfalfa","https:\/\/www.linkedin.com\/company\/todoalfalfa\/"]},{"@type":"Person","@id":"https:\/\/www.todoalfalfa.com.ar\/noticias\/#\/schema\/person\/99de93cb711c7015ef658e5321ba9f18","name":"Todo Alfalfa","image":{"@type":"ImageObject","inLanguage":"es","@id":"https:\/\/www.todoalfalfa.com.ar\/noticias\/#\/schema\/person\/image\/","url":"https:\/\/secure.gravatar.com\/avatar\/50ffd12fb7b268bc2467160730786602db252a270c63104e7c19b5f67b8dd346?s=96&d=mm&r=g","contentUrl":"https:\/\/secure.gravatar.com\/avatar\/50ffd12fb7b268bc2467160730786602db252a270c63104e7c19b5f67b8dd346?s=96&d=mm&r=g","caption":"Todo Alfalfa"},"url":"https:\/\/www.todoalfalfa.com.ar\/noticias\/author\/osvaldoiachetta\/"}]}},"jetpack_featured_media_url":"https:\/\/i0.wp.com\/www.todoalfalfa.com.ar\/noticias\/wp-content\/uploads\/2025\/10\/4469586-e1761909299517.jpeg?fit=619%2C397&ssl=1","wps_subtitle":"","jetpack_sharing_enabled":true,"_links":{"self":[{"href":"https:\/\/www.todoalfalfa.com.ar\/noticias\/wp-json\/wp\/v2\/posts\/51100","targetHints":{"allow":["GET"]}}],"collection":[{"href":"https:\/\/www.todoalfalfa.com.ar\/noticias\/wp-json\/wp\/v2\/posts"}],"about":[{"href":"https:\/\/www.todoalfalfa.com.ar\/noticias\/wp-json\/wp\/v2\/types\/post"}],"author":[{"embeddable":true,"href":"https:\/\/www.todoalfalfa.com.ar\/noticias\/wp-json\/wp\/v2\/users\/9"}],"replies":[{"embeddable":true,"href":"https:\/\/www.todoalfalfa.com.ar\/noticias\/wp-json\/wp\/v2\/comments?post=51100"}],"version-history":[{"count":1,"href":"https:\/\/www.todoalfalfa.com.ar\/noticias\/wp-json\/wp\/v2\/posts\/51100\/revisions"}],"predecessor-version":[{"id":51102,"href":"https:\/\/www.todoalfalfa.com.ar\/noticias\/wp-json\/wp\/v2\/posts\/51100\/revisions\/51102"}],"wp:featuredmedia":[{"embeddable":true,"href":"https:\/\/www.todoalfalfa.com.ar\/noticias\/wp-json\/wp\/v2\/media\/51101"}],"wp:attachment":[{"href":"https:\/\/www.todoalfalfa.com.ar\/noticias\/wp-json\/wp\/v2\/media?parent=51100"}],"wp:term":[{"taxonomy":"category","embeddable":true,"href":"https:\/\/www.todoalfalfa.com.ar\/noticias\/wp-json\/wp\/v2\/categories?post=51100"},{"taxonomy":"post_tag","embeddable":true,"href":"https:\/\/www.todoalfalfa.com.ar\/noticias\/wp-json\/wp\/v2\/tags?post=51100"}],"curies":[{"name":"wp","href":"https:\/\/api.w.org\/{rel}","templated":true}]}}