{"id":51432,"date":"2025-12-08T09:17:35","date_gmt":"2025-12-08T12:17:35","guid":{"rendered":"https:\/\/www.todoalfalfa.com.ar\/noticias\/?p=51432"},"modified":"2025-12-08T09:17:38","modified_gmt":"2025-12-08T12:17:38","slug":"estrategias-sostenibles-para-el-cultivo-de-alfalfa-en-zonas-aridas","status":"publish","type":"post","link":"https:\/\/www.todoalfalfa.com.ar\/noticias\/estrategias-sostenibles-para-el-cultivo-de-alfalfa-en-zonas-aridas\/","title":{"rendered":"Estrategias sostenibles para el cultivo de alfalfa en zonas \u00e1ridas"},"content":{"rendered":"\n<p>La alfalfa (Medicago sativa) es uno de los forrajes m\u00e1s valiosos a nivel mundial, apreciado por su alta calidad proteica y su capacidad para mejorar la estructura del suelo mediante la fijaci\u00f3n biol\u00f3gica de nitr\u00f3geno.&nbsp;<\/p>\n\n\n\n<p>En Marruecos, este cultivo ocupa m\u00e1s de 450,000 hect\u00e1reas y es un pilar fundamental para los sistemas agr\u00edcolas, especialmente en las regiones de oasis, donde sostiene tanto la alimentaci\u00f3n animal como la fertilidad de la tierra. A pesar de su importancia estrat\u00e9gica, el pleno potencial de la alfalfa se ve severamente limitado por las duras condiciones clim\u00e1ticas del pa\u00eds.<\/p>\n\n\n\n<p>El problema central que enfrenta el cultivo es un d\u00e9ficit h\u00eddrico cr\u00f3nico. En gran parte de las zonas de cultivo, la precipitaci\u00f3n anual es inferior a 300 mm, mientras que la evapotranspiraci\u00f3n puede alcanzar hasta 2,000 mm. Este desequilibrio, exacerbado por los efectos del cambio clim\u00e1tico, no solo restringe el crecimiento de las plantas, sino que tambi\u00e9n degrada las comunidades microbianas del suelo, disminuyendo dr\u00e1sticamente las poblaciones de rizobios responsables de la fijaci\u00f3n de nitr\u00f3geno.&nbsp;<\/p>\n\n\n\n<p>Como consecuencia, muchos agricultores se ven forzados a depender de fertilizantes qu\u00edmicos costosos para mantener la productividad, una soluci\u00f3n insostenible a largo plazo.<\/p>\n\n\n\n<p>Para abordar esta problem\u00e1tica, la investigaci\u00f3n del Profesor Mohammed Mouradi se propuso identificar combinaciones simbi\u00f3ticas eficientes entre la alfalfa y los rizobios que pudieran mantener un alto rendimiento bajo condiciones de sequ\u00eda. La misma fue presentada en el marco del Congreso Mundial de Alfalfa que se desarroll\u00f3 en la ciudad francesa de Reims en el mes de noviembre. <\/p>\n\n\n\n<p>Espec\u00edficamente, los objetivos del estudio fueron:<\/p>\n\n\n\n<p>\u2022 Evaluar la tolerancia al estr\u00e9s h\u00eddrico en diversas poblaciones marroqu\u00edes de alfalfa.<\/p>\n\n\n\n<p>\u2022 Aislar y caracterizar cepas de rizobios nativas que demuestren una alta tolerancia al estr\u00e9s osm\u00f3tico.<\/p>\n\n\n\n<p>\u2022 Estudiar el potencial del acondicionamiento osm\u00f3tico de semillas (seed priming) como t\u00e9cnica para mejorar la germinaci\u00f3n, el crecimiento y la eficiencia simbi\u00f3tica.<\/p>\n\n\n\n<p>\u2022 Evaluar el rendimiento final de los genotipos de alfalfa m\u00e1s prometedores en condiciones reales de campo bajo riego deficitario.<\/p>\n\n\n\n<figure class=\"wp-block-image size-full\"><img data-recalc-dims=\"1\" fetchpriority=\"high\" decoding=\"async\" width=\"201\" height=\"256\" src=\"https:\/\/i0.wp.com\/www.todoalfalfa.com.ar\/noticias\/wp-content\/uploads\/2025\/12\/Mohamed-mouradi.jpeg?resize=201%2C256&#038;ssl=1\" alt=\"\" class=\"wp-image-51433\"\/><figcaption class=\"wp-element-caption\">Mohammed Mouradi<\/figcaption><\/figure>\n\n\n\n<p>Para alcanzar estos objetivos, la investigaci\u00f3n se estructur\u00f3 en cuatro fases experimentales secuenciales, dise\u00f1adas para validar las hip\u00f3tesis desde el laboratorio hasta la parcela agr\u00edcola, comenzando con un an\u00e1lisis de la germinaci\u00f3n.<\/p>\n\n\n\n<p><strong>Efecto del acondicionamiento osm\u00f3tico (Osmopriming) en la germinaci\u00f3n y el desarrollo temprano<\/strong><\/p>\n\n\n\n<p>La fase de germinaci\u00f3n es un punto cr\u00edtico que define el \u00e9xito o el fracaso de un cultivo, especialmente en entornos \u00e1ridos donde las pl\u00e1ntulas deben establecerse r\u00e1pidamente bajo condiciones adversas. El acondicionamiento osm\u00f3tico de las semillas, o osmopriming, se presenta como una estrategia biotecnol\u00f3gica de bajo costo para mejorar la resiliencia en esta etapa vulnerable, preparando a las semillas para germinar de manera m\u00e1s r\u00e1pida y uniforme bajo estr\u00e9s h\u00eddrico.<\/p>\n\n\n\n<p>En esta fase experimental se evaluaron cinco genotipos de alfalfa: un grupo de poblaciones nativas de los oasis del este de Marruecos (incluyendo &#8216;Adistata&#8217; y &#8216;Ree&#8217;), otro de las monta\u00f1as del Atlas y la variedad comercial americana &#8216;Moapa&#8217;. Las semillas fueron sometidas a un tratamiento de osmopriming con polietilenglicol (PEG) a una concentraci\u00f3n de -0.6 megapascales y posteriormente se probaron bajo un r\u00e9gimen h\u00eddrico \u00f3ptimo y otro con d\u00e9ficit simulado.<\/p>\n\n\n\n<p>Los resultados clave del experimento demostraron tanto los desaf\u00edos del estr\u00e9s h\u00eddrico como la eficacia de la intervenci\u00f3n:<\/p>\n\n\n\n<p>\u2022 Reducci\u00f3n general de la germinaci\u00f3n: El estr\u00e9s h\u00eddrico redujo significativamente el porcentaje de germinaci\u00f3n en todos los genotipos estudiados, aunque se observ\u00f3 una considerable variaci\u00f3n en la respuesta entre ellos.<\/p>\n\n\n\n<p>\u2022 Efectividad del priming: El acondicionamiento osm\u00f3tico confiri\u00f3 una mejora estad\u00edsticamente significativa en la tasa de germinaci\u00f3n bajo estr\u00e9s. En las poblaciones de oasis, esta aument\u00f3 del 26% (sin priming) al 43% (con priming). En contraste, la variedad americana &#8216;Moapa&#8217; pas\u00f3 del 20% al 50%, demostrando la efectividad de la t\u00e9cnica pero tambi\u00e9n subrayando la resiliencia base de los ecotipos locales.<\/p>\n\n\n\n<p>\u2022 Respuesta fisiol\u00f3gica: Las poblaciones &#8216;Adistata&#8217; y &#8216;Ree&#8217; mostraron los indicadores m\u00e1s robustos de tolerancia. Registraron los valores m\u00e1s bajos de contenido de malondialdeh\u00eddo (MDA), lo que refleja una alta estabilidad de las membranas celulares, y las actividades m\u00e1s altas de la enzima peroxidasa, un componente clave en los mecanismos de defensa contra el estr\u00e9s oxidativo.<\/p>\n\n\n\n<p>Esta secci\u00f3n concluye que el acondicionamiento osm\u00f3tico no es meramente un paliativo, sino una herramienta estrat\u00e9gica que modula la fisiolog\u00eda de la pl\u00e1ntula para conferir una ventaja competitiva decisiva durante la fase m\u00e1s vulnerable de su ciclo vital en condiciones de aridez. Para una soluci\u00f3n integral, el siguiente paso fue caracterizar el componente microbiano.<\/p>\n\n\n\n<p><strong>Aislamiento y caracterizaci\u00f3n de cepas de rizobios osmotolerantes<\/strong><\/p>\n\n\n\n<p>La simbiosis entre la alfalfa y las bacterias del g\u00e9nero Rhizobium es fundamental para su capacidad de fijar nitr\u00f3geno atmosf\u00e9rico, un proceso que enriquece el suelo y reduce la necesidad de fertilizantes sint\u00e9ticos.&nbsp;<\/p>\n\n\n\n<p>Por ello, el aislamiento de cepas nativas de rizobios, adaptadas a las condiciones de aridez locales, constituye una piedra angular para desarrollar una soluci\u00f3n agr\u00edcola verdaderamente sostenible y resiliente.<\/p>\n\n\n\n<p>El proceso experimental consisti\u00f3 en la recolecci\u00f3n de muestras de suelo de diversas regiones de Marruecos para capturar una amplia diversidad de aislados. Utilizando el m\u00e9todo de Vincent, se aislaron las cepas de rizobios, que posteriormente fueron sometidas a una serie de pruebas rigurosas para evaluar su tolerancia a estr\u00e9s osm\u00f3tico y salinidad, as\u00ed como su capacidad para solubilizar fosfato, un nutriente esencial.<\/p>\n\n\n\n<p>El resultado m\u00e1s significativo de esta caracterizaci\u00f3n fue que un 78% de los aislados demostraron la capacidad de solubilizar fosfato de potasio. Se observ\u00f3 una correlaci\u00f3n geogr\u00e1fica notable: las cepas aisladas de la regi\u00f3n marroqu\u00ed conocida por sus extensas minas de fosfato exhibieron los niveles m\u00e1s altos de liberaci\u00f3n de f\u00f3sforo soluble, sugiriendo una coevoluci\u00f3n adaptativa de estos microorganismos a su entorno geoqu\u00edmico.<\/p>\n\n\n\n<p>Habiendo aislado \u00e9lites tanto a nivel vegetal como microbiano, la validaci\u00f3n de su sinergia se convierte en el eje central de la investigaci\u00f3n, pues el rendimiento final depende no de las partes, sino de la eficiencia de su interacci\u00f3n simbi\u00f3tica.<\/p>\n\n\n\n<figure class=\"wp-block-image size-large\"><img data-recalc-dims=\"1\" decoding=\"async\" width=\"1024\" height=\"576\" src=\"https:\/\/i0.wp.com\/www.todoalfalfa.com.ar\/noticias\/wp-content\/uploads\/2025\/12\/WhatsApp-Image-2025-12-08-at-09.12.22.jpeg?resize=1024%2C576&#038;ssl=1\" alt=\"\" class=\"wp-image-51435\" srcset=\"https:\/\/i0.wp.com\/www.todoalfalfa.com.ar\/noticias\/wp-content\/uploads\/2025\/12\/WhatsApp-Image-2025-12-08-at-09.12.22.jpeg?resize=1024%2C576&amp;ssl=1 1024w, https:\/\/i0.wp.com\/www.todoalfalfa.com.ar\/noticias\/wp-content\/uploads\/2025\/12\/WhatsApp-Image-2025-12-08-at-09.12.22.jpeg?resize=300%2C169&amp;ssl=1 300w, https:\/\/i0.wp.com\/www.todoalfalfa.com.ar\/noticias\/wp-content\/uploads\/2025\/12\/WhatsApp-Image-2025-12-08-at-09.12.22.jpeg?resize=768%2C432&amp;ssl=1 768w, https:\/\/i0.wp.com\/www.todoalfalfa.com.ar\/noticias\/wp-content\/uploads\/2025\/12\/WhatsApp-Image-2025-12-08-at-09.12.22.jpeg?resize=1536%2C864&amp;ssl=1 1536w, https:\/\/i0.wp.com\/www.todoalfalfa.com.ar\/noticias\/wp-content\/uploads\/2025\/12\/WhatsApp-Image-2025-12-08-at-09.12.22.jpeg?resize=777%2C437&amp;ssl=1 777w, https:\/\/i0.wp.com\/www.todoalfalfa.com.ar\/noticias\/wp-content\/uploads\/2025\/12\/WhatsApp-Image-2025-12-08-at-09.12.22.jpeg?resize=180%2C101&amp;ssl=1 180w, https:\/\/i0.wp.com\/www.todoalfalfa.com.ar\/noticias\/wp-content\/uploads\/2025\/12\/WhatsApp-Image-2025-12-08-at-09.12.22.jpeg?resize=260%2C146&amp;ssl=1 260w, https:\/\/i0.wp.com\/www.todoalfalfa.com.ar\/noticias\/wp-content\/uploads\/2025\/12\/WhatsApp-Image-2025-12-08-at-09.12.22.jpeg?resize=373%2C210&amp;ssl=1 373w, https:\/\/i0.wp.com\/www.todoalfalfa.com.ar\/noticias\/wp-content\/uploads\/2025\/12\/WhatsApp-Image-2025-12-08-at-09.12.22.jpeg?resize=120%2C67&amp;ssl=1 120w, https:\/\/i0.wp.com\/www.todoalfalfa.com.ar\/noticias\/wp-content\/uploads\/2025\/12\/WhatsApp-Image-2025-12-08-at-09.12.22.jpeg?w=1599&amp;ssl=1 1599w\" sizes=\"(max-width: 1000px) 100vw, 1000px\" \/><\/figure>\n\n\n\n<p><strong>Evaluaci\u00f3n en invernadero de la combinaci\u00f3n simbi\u00f3tica bajo estr\u00e9s h\u00eddrico<\/strong><\/p>\n\n\n\n<p>El prop\u00f3sito de esta fase fue integrar los hallazgos anteriores, combinando los genotipos de alfalfa m\u00e1s tolerantes con las cepas de rizobios m\u00e1s eficientes para identificar la \u00abcombinaci\u00f3n simbi\u00f3tica\u00bb con mayor resiliencia al estr\u00e9s h\u00eddrico. Adicionalmente, se evalu\u00f3 si el osmopriming pod\u00eda potenciar a\u00fan m\u00e1s el rendimiento de estas combinaciones.<\/p>\n\n\n\n<p>El dise\u00f1o experimental incluy\u00f3 cuatro genotipos de alfalfa y dos de las cepas de rizobios seleccionadas. Las plantas inoculadas fueron sometidas a dos condiciones h\u00eddricas: un r\u00e9gimen de estr\u00e9s severo (40% de la capacidad de campo) y un r\u00e9gimen de control (80% de la capacidad de campo).<\/p>\n\n\n\n<p>El an\u00e1lisis de los resultados revel\u00f3 interacciones muy significativas. La combinaci\u00f3n del genotipo Adistata con la cepa FC9 se clasific\u00f3 como la m\u00e1s tolerante. El efecto del osmopriming fue notable, mejorando el rendimiento de todas las combinaciones, como se resume en la siguiente tabla:<\/p>\n\n\n\n<figure class=\"wp-block-table\"><table class=\"has-fixed-layout\"><tbody><tr><td>Combinaci\u00f3n Simbi\u00f3tica<\/td><td>Reducci\u00f3n de Biomasa Total (sin <em>priming<\/em>)<\/td><td>Reducci\u00f3n de Biomasa Total (con <em>priming<\/em>)<\/td><\/tr><tr><td><strong>Adistata + Cepa FC9 (Tolerante)<\/strong><\/td><td>15%<\/td><td><strong>8.5%<\/strong><\/td><\/tr><tr><td><strong>Combinaci\u00f3n sensible (con Cepa IF10)<\/strong><\/td><td>76%<\/td><td>Reducci\u00f3n de biomasa atenuada significativamente, alcanzando un nivel de resiliencia similar al de la combinaci\u00f3n tolerante sin <em>priming<\/em>.<\/td><\/tr><\/tbody><\/table><\/figure>\n\n\n\n<p>Este rendimiento superior se explica por una mayor eficiencia del fotosistema II y una mejor fijaci\u00f3n de nitr\u00f3geno en las plantas cuyas semillas fueron tratadas con acondicionamiento osm\u00f3tico. El efecto fue particularmente pronunciado en la poblaci\u00f3n Adistata, que demostr\u00f3 una capacidad excepcional para capitalizar los beneficios tanto de la inoculaci\u00f3n como del priming.<\/p>\n\n\n\n<p>Los prometedores resultados del invernadero requer\u00edan una validaci\u00f3n final en condiciones de campo para confirmar su aplicabilidad en la agricultura real.<\/p>\n\n\n\n<p><strong>Rendimiento en campo bajo riego deficitario<\/strong><\/p>\n\n\n\n<p>Las pruebas de campo representan la validaci\u00f3n definitiva de cualquier estrategia agr\u00edcola, pues demuestran su viabilidad y eficacia en un entorno real. Esta fase final fue dise\u00f1ada para evaluar el rendimiento de los genotipos marroqu\u00edes seleccionados bajo condiciones de riego deficitario.<\/p>\n\n\n\n<p>El experimento se llev\u00f3 a cabo en la estaci\u00f3n experimental en Sada Makes, utilizando un dise\u00f1o de bloques completos con una densidad de siembra de 50 plantas por metro cuadrado en un \u00e1rea experimental total de 572 metros cuadrados. Se seleccionaron los genotipos de alfalfa marroqu\u00edes m\u00e1s prometedores y se sometieron a tres reg\u00edmenes de riego, correspondientes al 100%, 75% y 50% de la evapotranspiraci\u00f3n del cultivo, simulando condiciones de riego \u00f3ptimo, estr\u00e9s moderado y estr\u00e9s severo.<\/p>\n\n\n\n<p>Los hallazgos clave de las pruebas de campo confirmaron la superioridad de las poblaciones nativas de oasis:<\/p>\n\n\n\n<p>\u2022 Genotipos superiores: Las poblaciones de oasis &#8216;ADIS one&#8217; y &#8216;TPA 2&#8217; exhibieron la menor reducci\u00f3n porcentual de biomasa bajo estr\u00e9s h\u00eddrico, tanto moderado como severo.<\/p>\n\n\n\n<p>\u2022 Eficiencia h\u00eddrica: Estas mismas dos poblaciones demostraron la mayor eficiencia en el uso del agua bajo condiciones de estr\u00e9s, produciendo m\u00e1s biomasa por cada unidad de agua consumida.<\/p>\n\n\n\n<p>\u2022 Acumulaci\u00f3n de prolina: Como indicador fisiol\u00f3gico de respuesta al estr\u00e9s, &#8216;ADIS one&#8217; y &#8216;TPA 2&#8217; tambi\u00e9n acumularon los niveles m\u00e1s altos de prolina, un osmoprotector que ayuda a las c\u00e9lulas a mantener su funci\u00f3n bajo d\u00e9ficit h\u00eddrico.<\/p>\n\n\n\n<p>Los experimentos de campo validaron de manera concluyente la superioridad de genotipos espec\u00edficos adaptados a zonas \u00e1ridas, completando el ciclo de investigaci\u00f3n desde el laboratorio hasta la parcela.<\/p>\n\n\n\n<p>La investigaci\u00f3n del Profesor Mouradi presenta una validaci\u00f3n experimental secuencial y rigurosa, desde la identificaci\u00f3n de un problema cr\u00edtico para la agricultura marroqu\u00ed hasta la validaci\u00f3n en campo de una soluci\u00f3n integrada y multifac\u00e9tica. A trav\u00e9s de cuatro fases, el estudio demuestra c\u00f3mo la combinaci\u00f3n de gen\u00e9tica vegetal, microbiolog\u00eda del suelo y biotecnolog\u00eda de semillas puede generar sistemas de cultivo resilientes.<\/p>\n\n\n\n<p>Los hallazgos integrados m\u00e1s importantes de este trabajo se pueden sintetizar en los siguientes puntos:<\/p>\n\n\n\n<p>1. Variabilidad gen\u00e9tica validada: Existe una variaci\u00f3n gen\u00e9tica significativa en la tolerancia a la sequ\u00eda dentro del germoplasma de alfalfa de Marruecos. Las poblaciones nativas de oasis (&#8216;Adistata&#8217;, &#8216;ADIS one&#8217;, &#8216;TPA 2&#8217;) demostraron ser un reservorio de resiliencia superior, confirmando su alto rendimiento de manera consistente desde la germinaci\u00f3n hasta la producci\u00f3n en campo.<\/p>\n\n\n\n<p>2. Sinergia de estrategias: La combinaci\u00f3n de genotipos de \u00e9lite (Adistata), inoculaci\u00f3n con cepas de rizobios nativas eficientes (FC9) y el pretratamiento de semillas con acondicionamiento osm\u00f3tico crea un potente efecto sin\u00e9rgico que mejora dr\u00e1sticamente la tolerancia del cultivo a la sequ\u00eda.<\/p>\n\n\n\n<p>3. Mecanismos fisiol\u00f3gicos subyacentes: El rendimiento superior observado en campo es la expresi\u00f3n de beneficios fisiol\u00f3gicos cuantificables identificados en laboratorio e invernadero.&nbsp;<\/p>\n\n\n\n<p>Esta combinaci\u00f3n integrada optimiza la integridad del fotosistema, potencia la fijaci\u00f3n de nitr\u00f3geno y mejora la absorci\u00f3n de nutrientes, lo que confiere resiliencia sin depender de fertilizantes qu\u00edmicos.<\/p>\n\n\n\n<p>Queda en claro que el estudio demuestra que el acondicionamiento osm\u00f3tico y la bioinoculaci\u00f3n con rizobios nativos son herramientas prometedoras, eficaces y ecol\u00f3gicas para fortalecer la sostenibilidad del cultivo de alfalfa en tierras \u00e1ridas.&nbsp;<\/p>\n\n\n\n<p>Estas estrategias contribuyen directamente a restaurar la productividad agr\u00edcola dentro de los l\u00edmites ecol\u00f3gicos del ecosistema, ofreciendo un camino viable para la adaptaci\u00f3n de la agricultura a los desaf\u00edos del cambio clim\u00e1tico.<\/p>\n<div class=\"todoalfalfa-final-de-la-nota\" id=\"todoalfalfa-210083901\"><a href=\"https:\/\/www.whatsapp.com\/channel\/0029VbCBmFB9WtBxJsD3eC2i\" target=\"_blank\" aria-label=\"5\"><img src=\"https:\/\/i0.wp.com\/www.todoalfalfa.com.ar\/noticias\/wp-content\/uploads\/2026\/04\/5.gif?fit=728%2C90&#038;ssl=1\" alt=\"\"  width=\"728\" height=\"90\"   \/><\/a><\/div>","protected":false},"excerpt":{"rendered":"<p>La disertaci\u00f3n del profesor Mohammed Mouradi en el Congreso Mundial de Alfalfa abord\u00f3 el desaf\u00edo de la alfalfa en Marruecos. All\u00ed el cultivo ocupa unas 450 mil hect\u00e1reas y es un pilar fundamental para los sistemas agr\u00edcolas.<\/p>\n","protected":false},"author":9,"featured_media":51436,"comment_status":"closed","ping_status":"open","sticky":false,"template":"","format":"standard","meta":{"jetpack_post_was_ever_published":false,"_jetpack_newsletter_access":"","_jetpack_dont_email_post_to_subs":false,"_jetpack_newsletter_tier_id":0,"_jetpack_memberships_contains_paywalled_content":false,"_jetpack_memberships_contains_paid_content":false,"footnotes":""},"categories":[2061,2],"tags":[31,1399,54,2094,1659,17,21,91],"class_list":["post-51432","post","type-post","status-publish","format-standard","has-post-thumbnail","hentry","category-congreso-mundial-de-alfalfa","category-generales","tag-alfalfa","tag-congreso-mundial-de-alfalfa","tag-forrajes","tag-marruecos","tag-novedades","tag-pasturas","tag-produccion","tag-siembra"],"yoast_head":"<!-- This site is optimized with the Yoast SEO plugin v25.5 - https:\/\/yoast.com\/wordpress\/plugins\/seo\/ -->\n<title>Estrategias sostenibles para el cultivo de alfalfa en zonas \u00e1ridas<\/title>\n<meta name=\"robots\" content=\"index, follow, max-snippet:-1, max-image-preview:large, max-video-preview:-1\" \/>\n<link rel=\"canonical\" href=\"https:\/\/www.todoalfalfa.com.ar\/noticias\/estrategias-sostenibles-para-el-cultivo-de-alfalfa-en-zonas-aridas\/\" \/>\n<meta property=\"og:locale\" content=\"es_ES\" \/>\n<meta property=\"og:type\" content=\"article\" \/>\n<meta property=\"og:title\" content=\"Estrategias sostenibles para el cultivo de alfalfa en zonas \u00e1ridas\" \/>\n<meta property=\"og:description\" content=\"La disertaci\u00f3n del profesor Mohammed Mouradi en el Congreso Mundial de Alfalfa abord\u00f3 el desaf\u00edo de la alfalfa en Marruecos. All\u00ed el cultivo ocupa unas 450 mil hect\u00e1reas y es un pilar fundamental para los sistemas agr\u00edcolas.\" \/>\n<meta property=\"og:url\" content=\"https:\/\/www.todoalfalfa.com.ar\/noticias\/estrategias-sostenibles-para-el-cultivo-de-alfalfa-en-zonas-aridas\/\" \/>\n<meta property=\"og:site_name\" content=\"Todo Alfalfa\" \/>\n<meta property=\"article:publisher\" content=\"https:\/\/www.facebook.com\/todoalfalfa\" \/>\n<meta property=\"article:published_time\" content=\"2025-12-08T12:17:35+00:00\" \/>\n<meta property=\"article:modified_time\" content=\"2025-12-08T12:17:38+00:00\" \/>\n<meta property=\"og:image\" content=\"https:\/\/www.todoalfalfa.com.ar\/noticias\/wp-content\/uploads\/2025\/12\/WhatsApp-Image-2025-12-08-at-09.12.22-1.jpeg\" \/>\n\t<meta property=\"og:image:width\" content=\"1599\" \/>\n\t<meta property=\"og:image:height\" content=\"899\" \/>\n\t<meta property=\"og:image:type\" content=\"image\/jpeg\" \/>\n<meta name=\"author\" content=\"Todo Alfalfa\" \/>\n<meta name=\"twitter:card\" content=\"summary_large_image\" \/>\n<meta name=\"twitter:label1\" content=\"Escrito por\" \/>\n\t<meta name=\"twitter:data1\" content=\"Todo Alfalfa\" \/>\n\t<meta name=\"twitter:label2\" content=\"Tiempo de lectura\" \/>\n\t<meta name=\"twitter:data2\" content=\"9 minutos\" \/>\n<script type=\"application\/ld+json\" class=\"yoast-schema-graph\">{\"@context\":\"https:\/\/schema.org\",\"@graph\":[{\"@type\":\"NewsArticle\",\"@id\":\"https:\/\/www.todoalfalfa.com.ar\/noticias\/estrategias-sostenibles-para-el-cultivo-de-alfalfa-en-zonas-aridas\/#article\",\"isPartOf\":{\"@id\":\"https:\/\/www.todoalfalfa.com.ar\/noticias\/estrategias-sostenibles-para-el-cultivo-de-alfalfa-en-zonas-aridas\/\"},\"author\":{\"name\":\"Todo Alfalfa\",\"@id\":\"https:\/\/www.todoalfalfa.com.ar\/noticias\/#\/schema\/person\/99de93cb711c7015ef658e5321ba9f18\"},\"headline\":\"Estrategias sostenibles para el cultivo de alfalfa en zonas \u00e1ridas\",\"datePublished\":\"2025-12-08T12:17:35+00:00\",\"dateModified\":\"2025-12-08T12:17:38+00:00\",\"mainEntityOfPage\":{\"@id\":\"https:\/\/www.todoalfalfa.com.ar\/noticias\/estrategias-sostenibles-para-el-cultivo-de-alfalfa-en-zonas-aridas\/\"},\"wordCount\":1998,\"publisher\":{\"@id\":\"https:\/\/www.todoalfalfa.com.ar\/noticias\/#organization\"},\"image\":{\"@id\":\"https:\/\/www.todoalfalfa.com.ar\/noticias\/estrategias-sostenibles-para-el-cultivo-de-alfalfa-en-zonas-aridas\/#primaryimage\"},\"thumbnailUrl\":\"https:\/\/i0.wp.com\/www.todoalfalfa.com.ar\/noticias\/wp-content\/uploads\/2025\/12\/WhatsApp-Image-2025-12-08-at-09.12.22-1.jpeg?fit=1599%2C899&ssl=1\",\"keywords\":[\"alfalfa\",\"Congreso Mundial de Alfalfa\",\"forrajes\",\"Marruecos\",\"Novedades\",\"pasturas\",\"producci\u00f3n\",\"siembra\"],\"articleSection\":[\"Congreso Mundial de Alfalfa\",\"Generales\"],\"inLanguage\":\"es\"},{\"@type\":[\"WebPage\",\"ItemPage\"],\"@id\":\"https:\/\/www.todoalfalfa.com.ar\/noticias\/estrategias-sostenibles-para-el-cultivo-de-alfalfa-en-zonas-aridas\/\",\"url\":\"https:\/\/www.todoalfalfa.com.ar\/noticias\/estrategias-sostenibles-para-el-cultivo-de-alfalfa-en-zonas-aridas\/\",\"name\":\"Estrategias sostenibles para el cultivo de alfalfa en zonas \u00e1ridas\",\"isPartOf\":{\"@id\":\"https:\/\/www.todoalfalfa.com.ar\/noticias\/#website\"},\"primaryImageOfPage\":{\"@id\":\"https:\/\/www.todoalfalfa.com.ar\/noticias\/estrategias-sostenibles-para-el-cultivo-de-alfalfa-en-zonas-aridas\/#primaryimage\"},\"image\":{\"@id\":\"https:\/\/www.todoalfalfa.com.ar\/noticias\/estrategias-sostenibles-para-el-cultivo-de-alfalfa-en-zonas-aridas\/#primaryimage\"},\"thumbnailUrl\":\"https:\/\/i0.wp.com\/www.todoalfalfa.com.ar\/noticias\/wp-content\/uploads\/2025\/12\/WhatsApp-Image-2025-12-08-at-09.12.22-1.jpeg?fit=1599%2C899&ssl=1\",\"datePublished\":\"2025-12-08T12:17:35+00:00\",\"dateModified\":\"2025-12-08T12:17:38+00:00\",\"breadcrumb\":{\"@id\":\"https:\/\/www.todoalfalfa.com.ar\/noticias\/estrategias-sostenibles-para-el-cultivo-de-alfalfa-en-zonas-aridas\/#breadcrumb\"},\"inLanguage\":\"es\",\"potentialAction\":[{\"@type\":\"ReadAction\",\"target\":[\"https:\/\/www.todoalfalfa.com.ar\/noticias\/estrategias-sostenibles-para-el-cultivo-de-alfalfa-en-zonas-aridas\/\"]}]},{\"@type\":\"ImageObject\",\"inLanguage\":\"es\",\"@id\":\"https:\/\/www.todoalfalfa.com.ar\/noticias\/estrategias-sostenibles-para-el-cultivo-de-alfalfa-en-zonas-aridas\/#primaryimage\",\"url\":\"https:\/\/i0.wp.com\/www.todoalfalfa.com.ar\/noticias\/wp-content\/uploads\/2025\/12\/WhatsApp-Image-2025-12-08-at-09.12.22-1.jpeg?fit=1599%2C899&ssl=1\",\"contentUrl\":\"https:\/\/i0.wp.com\/www.todoalfalfa.com.ar\/noticias\/wp-content\/uploads\/2025\/12\/WhatsApp-Image-2025-12-08-at-09.12.22-1.jpeg?fit=1599%2C899&ssl=1\",\"width\":1599,\"height\":899},{\"@type\":\"BreadcrumbList\",\"@id\":\"https:\/\/www.todoalfalfa.com.ar\/noticias\/estrategias-sostenibles-para-el-cultivo-de-alfalfa-en-zonas-aridas\/#breadcrumb\",\"itemListElement\":[{\"@type\":\"ListItem\",\"position\":1,\"name\":\"Principal\",\"item\":\"https:\/\/www.todoalfalfa.com.ar\/noticias\/\"},{\"@type\":\"ListItem\",\"position\":2,\"name\":\"Estrategias sostenibles para el cultivo de alfalfa en zonas \u00e1ridas\"}]},{\"@type\":\"WebSite\",\"@id\":\"https:\/\/www.todoalfalfa.com.ar\/noticias\/#website\",\"url\":\"https:\/\/www.todoalfalfa.com.ar\/noticias\/\",\"name\":\"Todo Alfalfa\",\"description\":\"Web informativa de la cadena de la alfalfa argentina\",\"publisher\":{\"@id\":\"https:\/\/www.todoalfalfa.com.ar\/noticias\/#organization\"},\"potentialAction\":[{\"@type\":\"SearchAction\",\"target\":{\"@type\":\"EntryPoint\",\"urlTemplate\":\"https:\/\/www.todoalfalfa.com.ar\/noticias\/?s={search_term_string}\"},\"query-input\":{\"@type\":\"PropertyValueSpecification\",\"valueRequired\":true,\"valueName\":\"search_term_string\"}}],\"inLanguage\":\"es\"},{\"@type\":\"Organization\",\"@id\":\"https:\/\/www.todoalfalfa.com.ar\/noticias\/#organization\",\"name\":\"Todo Alfalfa\",\"url\":\"https:\/\/www.todoalfalfa.com.ar\/noticias\/\",\"logo\":{\"@type\":\"ImageObject\",\"inLanguage\":\"es\",\"@id\":\"https:\/\/www.todoalfalfa.com.ar\/noticias\/#\/schema\/logo\/image\/\",\"url\":\"https:\/\/www.todoalfalfa.com.ar\/noticias\/wp-content\/uploads\/2020\/09\/logo-todo-alfalfa-modificado.png\",\"contentUrl\":\"https:\/\/www.todoalfalfa.com.ar\/noticias\/wp-content\/uploads\/2020\/09\/logo-todo-alfalfa-modificado.png\",\"width\":350,\"height\":100,\"caption\":\"Todo Alfalfa\"},\"image\":{\"@id\":\"https:\/\/www.todoalfalfa.com.ar\/noticias\/#\/schema\/logo\/image\/\"},\"sameAs\":[\"https:\/\/www.facebook.com\/todoalfalfa\",\"https:\/\/www.instagram.com\/todoalfalfa\",\"https:\/\/www.youtube.com\/@TodoAlfalfa\",\"https:\/\/www.linkedin.com\/company\/todoalfalfa\/\"]},{\"@type\":\"Person\",\"@id\":\"https:\/\/www.todoalfalfa.com.ar\/noticias\/#\/schema\/person\/99de93cb711c7015ef658e5321ba9f18\",\"name\":\"Todo Alfalfa\",\"image\":{\"@type\":\"ImageObject\",\"inLanguage\":\"es\",\"@id\":\"https:\/\/www.todoalfalfa.com.ar\/noticias\/#\/schema\/person\/image\/\",\"url\":\"https:\/\/secure.gravatar.com\/avatar\/50ffd12fb7b268bc2467160730786602db252a270c63104e7c19b5f67b8dd346?s=96&d=mm&r=g\",\"contentUrl\":\"https:\/\/secure.gravatar.com\/avatar\/50ffd12fb7b268bc2467160730786602db252a270c63104e7c19b5f67b8dd346?s=96&d=mm&r=g\",\"caption\":\"Todo Alfalfa\"},\"url\":\"https:\/\/www.todoalfalfa.com.ar\/noticias\/author\/osvaldoiachetta\/\"}]}<\/script>\n<!-- \/ Yoast SEO plugin. -->","yoast_head_json":{"title":"Estrategias sostenibles para el cultivo de alfalfa en zonas \u00e1ridas","robots":{"index":"index","follow":"follow","max-snippet":"max-snippet:-1","max-image-preview":"max-image-preview:large","max-video-preview":"max-video-preview:-1"},"canonical":"https:\/\/www.todoalfalfa.com.ar\/noticias\/estrategias-sostenibles-para-el-cultivo-de-alfalfa-en-zonas-aridas\/","og_locale":"es_ES","og_type":"article","og_title":"Estrategias sostenibles para el cultivo de alfalfa en zonas \u00e1ridas","og_description":"La disertaci\u00f3n del profesor Mohammed Mouradi en el Congreso Mundial de Alfalfa abord\u00f3 el desaf\u00edo de la alfalfa en Marruecos. All\u00ed el cultivo ocupa unas 450 mil hect\u00e1reas y es un pilar fundamental para los sistemas agr\u00edcolas.","og_url":"https:\/\/www.todoalfalfa.com.ar\/noticias\/estrategias-sostenibles-para-el-cultivo-de-alfalfa-en-zonas-aridas\/","og_site_name":"Todo Alfalfa","article_publisher":"https:\/\/www.facebook.com\/todoalfalfa","article_published_time":"2025-12-08T12:17:35+00:00","article_modified_time":"2025-12-08T12:17:38+00:00","og_image":[{"width":1599,"height":899,"url":"https:\/\/www.todoalfalfa.com.ar\/noticias\/wp-content\/uploads\/2025\/12\/WhatsApp-Image-2025-12-08-at-09.12.22-1.jpeg","type":"image\/jpeg"}],"author":"Todo Alfalfa","twitter_card":"summary_large_image","twitter_misc":{"Escrito por":"Todo Alfalfa","Tiempo de lectura":"9 minutos"},"schema":{"@context":"https:\/\/schema.org","@graph":[{"@type":"NewsArticle","@id":"https:\/\/www.todoalfalfa.com.ar\/noticias\/estrategias-sostenibles-para-el-cultivo-de-alfalfa-en-zonas-aridas\/#article","isPartOf":{"@id":"https:\/\/www.todoalfalfa.com.ar\/noticias\/estrategias-sostenibles-para-el-cultivo-de-alfalfa-en-zonas-aridas\/"},"author":{"name":"Todo Alfalfa","@id":"https:\/\/www.todoalfalfa.com.ar\/noticias\/#\/schema\/person\/99de93cb711c7015ef658e5321ba9f18"},"headline":"Estrategias sostenibles para el cultivo de alfalfa en zonas \u00e1ridas","datePublished":"2025-12-08T12:17:35+00:00","dateModified":"2025-12-08T12:17:38+00:00","mainEntityOfPage":{"@id":"https:\/\/www.todoalfalfa.com.ar\/noticias\/estrategias-sostenibles-para-el-cultivo-de-alfalfa-en-zonas-aridas\/"},"wordCount":1998,"publisher":{"@id":"https:\/\/www.todoalfalfa.com.ar\/noticias\/#organization"},"image":{"@id":"https:\/\/www.todoalfalfa.com.ar\/noticias\/estrategias-sostenibles-para-el-cultivo-de-alfalfa-en-zonas-aridas\/#primaryimage"},"thumbnailUrl":"https:\/\/i0.wp.com\/www.todoalfalfa.com.ar\/noticias\/wp-content\/uploads\/2025\/12\/WhatsApp-Image-2025-12-08-at-09.12.22-1.jpeg?fit=1599%2C899&ssl=1","keywords":["alfalfa","Congreso Mundial de Alfalfa","forrajes","Marruecos","Novedades","pasturas","producci\u00f3n","siembra"],"articleSection":["Congreso Mundial de Alfalfa","Generales"],"inLanguage":"es"},{"@type":["WebPage","ItemPage"],"@id":"https:\/\/www.todoalfalfa.com.ar\/noticias\/estrategias-sostenibles-para-el-cultivo-de-alfalfa-en-zonas-aridas\/","url":"https:\/\/www.todoalfalfa.com.ar\/noticias\/estrategias-sostenibles-para-el-cultivo-de-alfalfa-en-zonas-aridas\/","name":"Estrategias sostenibles para el cultivo de alfalfa en zonas \u00e1ridas","isPartOf":{"@id":"https:\/\/www.todoalfalfa.com.ar\/noticias\/#website"},"primaryImageOfPage":{"@id":"https:\/\/www.todoalfalfa.com.ar\/noticias\/estrategias-sostenibles-para-el-cultivo-de-alfalfa-en-zonas-aridas\/#primaryimage"},"image":{"@id":"https:\/\/www.todoalfalfa.com.ar\/noticias\/estrategias-sostenibles-para-el-cultivo-de-alfalfa-en-zonas-aridas\/#primaryimage"},"thumbnailUrl":"https:\/\/i0.wp.com\/www.todoalfalfa.com.ar\/noticias\/wp-content\/uploads\/2025\/12\/WhatsApp-Image-2025-12-08-at-09.12.22-1.jpeg?fit=1599%2C899&ssl=1","datePublished":"2025-12-08T12:17:35+00:00","dateModified":"2025-12-08T12:17:38+00:00","breadcrumb":{"@id":"https:\/\/www.todoalfalfa.com.ar\/noticias\/estrategias-sostenibles-para-el-cultivo-de-alfalfa-en-zonas-aridas\/#breadcrumb"},"inLanguage":"es","potentialAction":[{"@type":"ReadAction","target":["https:\/\/www.todoalfalfa.com.ar\/noticias\/estrategias-sostenibles-para-el-cultivo-de-alfalfa-en-zonas-aridas\/"]}]},{"@type":"ImageObject","inLanguage":"es","@id":"https:\/\/www.todoalfalfa.com.ar\/noticias\/estrategias-sostenibles-para-el-cultivo-de-alfalfa-en-zonas-aridas\/#primaryimage","url":"https:\/\/i0.wp.com\/www.todoalfalfa.com.ar\/noticias\/wp-content\/uploads\/2025\/12\/WhatsApp-Image-2025-12-08-at-09.12.22-1.jpeg?fit=1599%2C899&ssl=1","contentUrl":"https:\/\/i0.wp.com\/www.todoalfalfa.com.ar\/noticias\/wp-content\/uploads\/2025\/12\/WhatsApp-Image-2025-12-08-at-09.12.22-1.jpeg?fit=1599%2C899&ssl=1","width":1599,"height":899},{"@type":"BreadcrumbList","@id":"https:\/\/www.todoalfalfa.com.ar\/noticias\/estrategias-sostenibles-para-el-cultivo-de-alfalfa-en-zonas-aridas\/#breadcrumb","itemListElement":[{"@type":"ListItem","position":1,"name":"Principal","item":"https:\/\/www.todoalfalfa.com.ar\/noticias\/"},{"@type":"ListItem","position":2,"name":"Estrategias sostenibles para el cultivo de alfalfa en zonas \u00e1ridas"}]},{"@type":"WebSite","@id":"https:\/\/www.todoalfalfa.com.ar\/noticias\/#website","url":"https:\/\/www.todoalfalfa.com.ar\/noticias\/","name":"Todo Alfalfa","description":"Web informativa de la cadena de la alfalfa argentina","publisher":{"@id":"https:\/\/www.todoalfalfa.com.ar\/noticias\/#organization"},"potentialAction":[{"@type":"SearchAction","target":{"@type":"EntryPoint","urlTemplate":"https:\/\/www.todoalfalfa.com.ar\/noticias\/?s={search_term_string}"},"query-input":{"@type":"PropertyValueSpecification","valueRequired":true,"valueName":"search_term_string"}}],"inLanguage":"es"},{"@type":"Organization","@id":"https:\/\/www.todoalfalfa.com.ar\/noticias\/#organization","name":"Todo Alfalfa","url":"https:\/\/www.todoalfalfa.com.ar\/noticias\/","logo":{"@type":"ImageObject","inLanguage":"es","@id":"https:\/\/www.todoalfalfa.com.ar\/noticias\/#\/schema\/logo\/image\/","url":"https:\/\/www.todoalfalfa.com.ar\/noticias\/wp-content\/uploads\/2020\/09\/logo-todo-alfalfa-modificado.png","contentUrl":"https:\/\/www.todoalfalfa.com.ar\/noticias\/wp-content\/uploads\/2020\/09\/logo-todo-alfalfa-modificado.png","width":350,"height":100,"caption":"Todo Alfalfa"},"image":{"@id":"https:\/\/www.todoalfalfa.com.ar\/noticias\/#\/schema\/logo\/image\/"},"sameAs":["https:\/\/www.facebook.com\/todoalfalfa","https:\/\/www.instagram.com\/todoalfalfa","https:\/\/www.youtube.com\/@TodoAlfalfa","https:\/\/www.linkedin.com\/company\/todoalfalfa\/"]},{"@type":"Person","@id":"https:\/\/www.todoalfalfa.com.ar\/noticias\/#\/schema\/person\/99de93cb711c7015ef658e5321ba9f18","name":"Todo Alfalfa","image":{"@type":"ImageObject","inLanguage":"es","@id":"https:\/\/www.todoalfalfa.com.ar\/noticias\/#\/schema\/person\/image\/","url":"https:\/\/secure.gravatar.com\/avatar\/50ffd12fb7b268bc2467160730786602db252a270c63104e7c19b5f67b8dd346?s=96&d=mm&r=g","contentUrl":"https:\/\/secure.gravatar.com\/avatar\/50ffd12fb7b268bc2467160730786602db252a270c63104e7c19b5f67b8dd346?s=96&d=mm&r=g","caption":"Todo Alfalfa"},"url":"https:\/\/www.todoalfalfa.com.ar\/noticias\/author\/osvaldoiachetta\/"}]}},"jetpack_featured_media_url":"https:\/\/i0.wp.com\/www.todoalfalfa.com.ar\/noticias\/wp-content\/uploads\/2025\/12\/WhatsApp-Image-2025-12-08-at-09.12.22-1.jpeg?fit=1599%2C899&ssl=1","wps_subtitle":"","jetpack_sharing_enabled":true,"_links":{"self":[{"href":"https:\/\/www.todoalfalfa.com.ar\/noticias\/wp-json\/wp\/v2\/posts\/51432","targetHints":{"allow":["GET"]}}],"collection":[{"href":"https:\/\/www.todoalfalfa.com.ar\/noticias\/wp-json\/wp\/v2\/posts"}],"about":[{"href":"https:\/\/www.todoalfalfa.com.ar\/noticias\/wp-json\/wp\/v2\/types\/post"}],"author":[{"embeddable":true,"href":"https:\/\/www.todoalfalfa.com.ar\/noticias\/wp-json\/wp\/v2\/users\/9"}],"replies":[{"embeddable":true,"href":"https:\/\/www.todoalfalfa.com.ar\/noticias\/wp-json\/wp\/v2\/comments?post=51432"}],"version-history":[{"count":1,"href":"https:\/\/www.todoalfalfa.com.ar\/noticias\/wp-json\/wp\/v2\/posts\/51432\/revisions"}],"predecessor-version":[{"id":51437,"href":"https:\/\/www.todoalfalfa.com.ar\/noticias\/wp-json\/wp\/v2\/posts\/51432\/revisions\/51437"}],"wp:featuredmedia":[{"embeddable":true,"href":"https:\/\/www.todoalfalfa.com.ar\/noticias\/wp-json\/wp\/v2\/media\/51436"}],"wp:attachment":[{"href":"https:\/\/www.todoalfalfa.com.ar\/noticias\/wp-json\/wp\/v2\/media?parent=51432"}],"wp:term":[{"taxonomy":"category","embeddable":true,"href":"https:\/\/www.todoalfalfa.com.ar\/noticias\/wp-json\/wp\/v2\/categories?post=51432"},{"taxonomy":"post_tag","embeddable":true,"href":"https:\/\/www.todoalfalfa.com.ar\/noticias\/wp-json\/wp\/v2\/tags?post=51432"}],"curies":[{"name":"wp","href":"https:\/\/api.w.org\/{rel}","templated":true}]}}