{"id":51438,"date":"2025-12-09T12:35:23","date_gmt":"2025-12-09T15:35:23","guid":{"rendered":"https:\/\/www.todoalfalfa.com.ar\/noticias\/?p=51438"},"modified":"2025-12-09T12:35:29","modified_gmt":"2025-12-09T15:35:29","slug":"anunciaron-una-baja-en-las-retenciones-a-las-exportaciones-de-granos","status":"publish","type":"post","link":"https:\/\/www.todoalfalfa.com.ar\/noticias\/anunciaron-una-baja-en-las-retenciones-a-las-exportaciones-de-granos\/","title":{"rendered":"Anunciaron una baja en las retenciones a las exportaciones de granos"},"content":{"rendered":"\n<p>En horas de la ma\u00f1ana de este martes el ministro de Econom\u00eda, Luis Caputo, anunci\u00f3 una nueva reducci\u00f3n en las retenciones a las exportaciones para diversas cadenas de producci\u00f3n agropecuaria.&nbsp;<\/p>\n\n\n\n<p>A partir de esta decisi\u00f3n, la al\u00edcuota para la soja baja de 26% a 24%, para los subproductos de soja de 24,5% a 22,5%, para trigo y cebada de 9,5% a 7,5%, para ma\u00edz y sorgo de 9,5% a 8,5%, y para girasol de 5,5% a 4,5 por ciento.<\/p>\n\n\n\n<p>Seg\u00fan Caputo, esta baja de impuestos forma parte de la prioridad del Gobierno de eliminar las retenciones en la medida que las condiciones macroecon\u00f3micas lo permitan. El funcionario se\u00f1al\u00f3 que el objetivo es mejorar la competitividad de la agroindustria y reforzar el rol del campo como motor de la econom\u00eda argentina, responsable de cerca del 60% de las exportaciones nacionales.<\/p>\n\n\n\n<figure class=\"wp-block-image size-large\"><img data-recalc-dims=\"1\" fetchpriority=\"high\" decoding=\"async\" width=\"1024\" height=\"669\" src=\"https:\/\/i0.wp.com\/www.todoalfalfa.com.ar\/noticias\/wp-content\/uploads\/2025\/12\/Captura-de-pantalla-2025-12-09-123334.png?resize=1024%2C669&#038;ssl=1\" alt=\"\" class=\"wp-image-51440\" srcset=\"https:\/\/i0.wp.com\/www.todoalfalfa.com.ar\/noticias\/wp-content\/uploads\/2025\/12\/Captura-de-pantalla-2025-12-09-123334.png?resize=1024%2C669&amp;ssl=1 1024w, https:\/\/i0.wp.com\/www.todoalfalfa.com.ar\/noticias\/wp-content\/uploads\/2025\/12\/Captura-de-pantalla-2025-12-09-123334.png?resize=300%2C196&amp;ssl=1 300w, https:\/\/i0.wp.com\/www.todoalfalfa.com.ar\/noticias\/wp-content\/uploads\/2025\/12\/Captura-de-pantalla-2025-12-09-123334.png?resize=768%2C502&amp;ssl=1 768w, https:\/\/i0.wp.com\/www.todoalfalfa.com.ar\/noticias\/wp-content\/uploads\/2025\/12\/Captura-de-pantalla-2025-12-09-123334.png?w=1039&amp;ssl=1 1039w\" sizes=\"(max-width: 1000px) 100vw, 1000px\" \/><\/figure>\n\n\n\n<p>El Ministro destac\u00f3 que \u201celiminar las retenciones ha sido siempre una prioridad para el Presidente Javier Milei\u201d. Adem\u00e1s, subray\u00f3 que \u201cseguiremos haciendo todo lo posible por alcanzar este objetivo lo antes posible\u201d. Caputo precis\u00f3 que el proceso depende de las condiciones de la econom\u00eda: \u201cYa hemos dado muchos avances concretos en esta direcci\u00f3n y seguiremos haci\u00e9ndolo, en la medida que las condiciones macroecon\u00f3micas as\u00ed lo permitan\u201d.<\/p>\n\n\n\n<p>Adem\u00e1s, puso el foco en el impacto que el r\u00e9gimen de retenciones tiene sobre el sector agroindustrial, al mencionar que la baja \u201cbusca mejorar la competitividad de la agroindustria, uno de los motores m\u00e1s potentes de la econom\u00eda argentina y responsable de cerca del 60% de nuestras exportaciones\u201d. Con este argumento, el ministro justific\u00f3 la reducci\u00f3n fiscal como un camino para impulsar la producci\u00f3n nacional.<\/p>\n\n\n\n<p>Caputo insisti\u00f3 en la l\u00ednea pol\u00edtica y econ\u00f3mica del nuevo Gobierno: \u201cEl camino es claro: menos impuestos, m\u00e1s producci\u00f3n, m\u00e1s oportunidades y trabajo para todos los argentinos\u201d. De esta manera, el titular de Econom\u00eda reiter\u00f3 el objetivo de reducir la presi\u00f3n fiscal sobre el sector productivo y su intenci\u00f3n de alcanzar una eliminaci\u00f3n total de las retenciones si la macroeconom\u00eda lo permite.<\/p>\n\n\n\n<p>Recepci\u00f3n positiva<\/p>\n\n\n\n<p>La C\u00e1mara de la Industria Aceitera-Centro de Exportadores de Cereales (Ciara-CEC) celebr\u00f3 la decisi\u00f3n: \u201cEsta decisi\u00f3n de baja de retenciones es un paso muy positivo que debemos valorar. Habr\u00e1 que seguir trabajando en bajar la enorme carga tributaria, especialmente en el complejo agroindustrial de la soja\u201d.<\/p>\n\n\n\n<p>\u201cUn paso importante para devolverle al campo su potencia. Menos impuestos es igual a m\u00e1s inversi\u00f3n, m\u00e1s empleo y m\u00e1s exportaciones. As\u00ed se reactiva la Argentina\u201d, dijo por su parte Marcos Pereda Born, vicepresidente de la Sociedad Rural Argentina (SRA).<\/p>\n\n\n\n<p>\u201cEl Consejo Agroindustrial Argentino celebra y destaca la decisi\u00f3n anunciada por el ministro Luis Caputo reduciendo los derechos de exportaci\u00f3n a las cadenas de granos y subproductos. El camino del alivio fiscal es el correcto para que la agroindustria genere m\u00e1s exportaciones, empleo y divisas\u201d.<\/p>\n\n\n\n<p>\u201cCelebramos el anuncio del Gobierno Nacional sobre la baja permanente en los Derechos de Exportaci\u00f3n para los principales complejos agroindustriales, una medida que va en l\u00ednea con la necesidad de reducir la carga impositiva que enfrenta el sector. Este nuevo paso, que reafirma el camino hacia la eliminaci\u00f3n definitiva de este impuesto sumamente distorsivo, contribuye a mejorar la competitividad, promover la inversi\u00f3n y generar condiciones m\u00e1s favorables para el desarrollo de toda la cadena agroindustrial, uno de los motores esenciales de la econom\u00eda argentina. Desde las Bolsas reafirmamos nuestro compromiso con una agenda que impulse mayor previsibilidad, reglas claras y un entorno impositivo que acompa\u00f1e el crecimiento sostenible de la producci\u00f3n y las exportaciones del pa\u00eds\u201d, manifestaron en un comunicado las Bolsas de Cereales de Bah\u00eda Blanca, de Buenos Aires, C\u00f3rdoba y Entre R\u00edos, como as\u00ed tambi\u00e9n las Bolsas de Comercio de Chaco, Rosario y Santa Fe.<\/p>\n\n\n\n<figure class=\"wp-block-embed is-type-rich is-provider-twitter wp-block-embed-twitter\"><div class=\"wp-block-embed__wrapper\">\n<div class=\"embed-twitter\"><blockquote class=\"twitter-tweet\" data-width=\"500\" data-dnt=\"true\"><p lang=\"es\" dir=\"ltr\">Desde nuestra entidad, ponemos en valor este nuevo paso hacia la baja de las <a href=\"https:\/\/twitter.com\/hashtag\/retenciones?src=hash&amp;ref_src=twsrc%5Etfw\">#retenciones<\/a> en Argentina. El alivio fiscal al <a href=\"https:\/\/twitter.com\/hashtag\/productor?src=hash&amp;ref_src=twsrc%5Etfw\">#productor<\/a> permite crecer en competitividad, producci\u00f3n y exportaciones. Valoramos la se\u00f1al hacia el campo y confiamos en que el objetivo del gobierno es\u2026 <a href=\"https:\/\/t.co\/7J68VFMIg1\">pic.twitter.com\/7J68VFMIg1<\/a><\/p>&mdash; CONINAGRO (@CONINAGRO) <a href=\"https:\/\/twitter.com\/CONINAGRO\/status\/1998377101838201286?ref_src=twsrc%5Etfw\">December 9, 2025<\/a><\/blockquote><script async src=\"https:\/\/platform.twitter.com\/widgets.js\" charset=\"utf-8\"><\/script><\/div>\n<\/div><\/figure>\n<div class=\"todoalfalfa-final-de-la-nota\" id=\"todoalfalfa-486657426\"><a href=\"https:\/\/www.whatsapp.com\/channel\/0029VbCBmFB9WtBxJsD3eC2i\" target=\"_blank\" aria-label=\"5\"><img src=\"https:\/\/i0.wp.com\/www.todoalfalfa.com.ar\/noticias\/wp-content\/uploads\/2026\/04\/5.gif?fit=728%2C90&#038;ssl=1\" alt=\"\"  width=\"728\" height=\"90\"   \/><\/a><\/div>","protected":false},"excerpt":{"rendered":"<p>El gobierno, a trav\u00e9s de Luis Caputo, confirm\u00f3 una reducci\u00f3n permanente en los derechos de exportaci\u00f3n para soja, trigo, ma\u00edz y otros productos del campo. La medida busca aliviar la carga fiscal y mejorar la competitividad del sector.<\/p>\n","protected":false},"author":9,"featured_media":51439,"comment_status":"closed","ping_status":"open","sticky":false,"template":"","format":"standard","meta":{"jetpack_post_was_ever_published":false,"_jetpack_newsletter_access":"","_jetpack_dont_email_post_to_subs":false,"_jetpack_newsletter_tier_id":0,"_jetpack_memberships_contains_paywalled_content":false,"_jetpack_memberships_contains_paid_content":false,"footnotes":""},"categories":[2],"tags":[193,837,1601,1602],"class_list":["post-51438","post","type-post","status-publish","format-standard","has-post-thumbnail","hentry","category-generales","tag-baja","tag-campo","tag-milei","tag-retenciones"],"yoast_head":"<!-- This site is optimized with the Yoast SEO plugin v25.5 - https:\/\/yoast.com\/wordpress\/plugins\/seo\/ -->\n<title>Anunciaron una baja en las retenciones a las exportaciones de granos<\/title>\n<meta name=\"robots\" content=\"index, follow, max-snippet:-1, max-image-preview:large, max-video-preview:-1\" \/>\n<link rel=\"canonical\" href=\"https:\/\/www.todoalfalfa.com.ar\/noticias\/anunciaron-una-baja-en-las-retenciones-a-las-exportaciones-de-granos\/\" \/>\n<meta property=\"og:locale\" content=\"es_ES\" \/>\n<meta property=\"og:type\" content=\"article\" \/>\n<meta property=\"og:title\" content=\"Anunciaron una baja en las retenciones a las exportaciones de granos\" \/>\n<meta property=\"og:description\" content=\"El gobierno, a trav\u00e9s de Luis Caputo, confirm\u00f3 una reducci\u00f3n permanente en los derechos de exportaci\u00f3n para soja, trigo, ma\u00edz y otros productos del campo. La medida busca aliviar la carga fiscal y mejorar la competitividad del sector.\" \/>\n<meta property=\"og:url\" content=\"https:\/\/www.todoalfalfa.com.ar\/noticias\/anunciaron-una-baja-en-las-retenciones-a-las-exportaciones-de-granos\/\" \/>\n<meta property=\"og:site_name\" content=\"Todo Alfalfa\" \/>\n<meta property=\"article:publisher\" content=\"https:\/\/www.facebook.com\/todoalfalfa\" \/>\n<meta property=\"article:published_time\" content=\"2025-12-09T15:35:23+00:00\" \/>\n<meta property=\"article:modified_time\" content=\"2025-12-09T15:35:29+00:00\" \/>\n<meta property=\"og:image\" content=\"https:\/\/www.todoalfalfa.com.ar\/noticias\/wp-content\/uploads\/2025\/12\/Captura-de-pantalla-2025-12-09-123438.png\" \/>\n\t<meta property=\"og:image:width\" content=\"1013\" \/>\n\t<meta property=\"og:image:height\" content=\"575\" \/>\n\t<meta property=\"og:image:type\" content=\"image\/png\" \/>\n<meta name=\"author\" content=\"Todo Alfalfa\" \/>\n<meta name=\"twitter:card\" content=\"summary_large_image\" \/>\n<meta name=\"twitter:label1\" content=\"Escrito por\" \/>\n\t<meta name=\"twitter:data1\" content=\"Todo Alfalfa\" \/>\n\t<meta name=\"twitter:label2\" content=\"Tiempo de lectura\" \/>\n\t<meta name=\"twitter:data2\" content=\"4 minutos\" \/>\n<script type=\"application\/ld+json\" class=\"yoast-schema-graph\">{\"@context\":\"https:\/\/schema.org\",\"@graph\":[{\"@type\":\"NewsArticle\",\"@id\":\"https:\/\/www.todoalfalfa.com.ar\/noticias\/anunciaron-una-baja-en-las-retenciones-a-las-exportaciones-de-granos\/#article\",\"isPartOf\":{\"@id\":\"https:\/\/www.todoalfalfa.com.ar\/noticias\/anunciaron-una-baja-en-las-retenciones-a-las-exportaciones-de-granos\/\"},\"author\":{\"name\":\"Todo Alfalfa\",\"@id\":\"https:\/\/www.todoalfalfa.com.ar\/noticias\/#\/schema\/person\/99de93cb711c7015ef658e5321ba9f18\"},\"headline\":\"Anunciaron una baja en las retenciones a las exportaciones de granos\",\"datePublished\":\"2025-12-09T15:35:23+00:00\",\"dateModified\":\"2025-12-09T15:35:29+00:00\",\"mainEntityOfPage\":{\"@id\":\"https:\/\/www.todoalfalfa.com.ar\/noticias\/anunciaron-una-baja-en-las-retenciones-a-las-exportaciones-de-granos\/\"},\"wordCount\":675,\"publisher\":{\"@id\":\"https:\/\/www.todoalfalfa.com.ar\/noticias\/#organization\"},\"image\":{\"@id\":\"https:\/\/www.todoalfalfa.com.ar\/noticias\/anunciaron-una-baja-en-las-retenciones-a-las-exportaciones-de-granos\/#primaryimage\"},\"thumbnailUrl\":\"https:\/\/i0.wp.com\/www.todoalfalfa.com.ar\/noticias\/wp-content\/uploads\/2025\/12\/Captura-de-pantalla-2025-12-09-123438.png?fit=1013%2C575&ssl=1\",\"keywords\":[\"baja\",\"campo\",\"Milei\",\"retenciones\"],\"articleSection\":[\"Generales\"],\"inLanguage\":\"es\"},{\"@type\":[\"WebPage\",\"ItemPage\"],\"@id\":\"https:\/\/www.todoalfalfa.com.ar\/noticias\/anunciaron-una-baja-en-las-retenciones-a-las-exportaciones-de-granos\/\",\"url\":\"https:\/\/www.todoalfalfa.com.ar\/noticias\/anunciaron-una-baja-en-las-retenciones-a-las-exportaciones-de-granos\/\",\"name\":\"Anunciaron una baja en las retenciones a las exportaciones de granos\",\"isPartOf\":{\"@id\":\"https:\/\/www.todoalfalfa.com.ar\/noticias\/#website\"},\"primaryImageOfPage\":{\"@id\":\"https:\/\/www.todoalfalfa.com.ar\/noticias\/anunciaron-una-baja-en-las-retenciones-a-las-exportaciones-de-granos\/#primaryimage\"},\"image\":{\"@id\":\"https:\/\/www.todoalfalfa.com.ar\/noticias\/anunciaron-una-baja-en-las-retenciones-a-las-exportaciones-de-granos\/#primaryimage\"},\"thumbnailUrl\":\"https:\/\/i0.wp.com\/www.todoalfalfa.com.ar\/noticias\/wp-content\/uploads\/2025\/12\/Captura-de-pantalla-2025-12-09-123438.png?fit=1013%2C575&ssl=1\",\"datePublished\":\"2025-12-09T15:35:23+00:00\",\"dateModified\":\"2025-12-09T15:35:29+00:00\",\"breadcrumb\":{\"@id\":\"https:\/\/www.todoalfalfa.com.ar\/noticias\/anunciaron-una-baja-en-las-retenciones-a-las-exportaciones-de-granos\/#breadcrumb\"},\"inLanguage\":\"es\",\"potentialAction\":[{\"@type\":\"ReadAction\",\"target\":[\"https:\/\/www.todoalfalfa.com.ar\/noticias\/anunciaron-una-baja-en-las-retenciones-a-las-exportaciones-de-granos\/\"]}]},{\"@type\":\"ImageObject\",\"inLanguage\":\"es\",\"@id\":\"https:\/\/www.todoalfalfa.com.ar\/noticias\/anunciaron-una-baja-en-las-retenciones-a-las-exportaciones-de-granos\/#primaryimage\",\"url\":\"https:\/\/i0.wp.com\/www.todoalfalfa.com.ar\/noticias\/wp-content\/uploads\/2025\/12\/Captura-de-pantalla-2025-12-09-123438.png?fit=1013%2C575&ssl=1\",\"contentUrl\":\"https:\/\/i0.wp.com\/www.todoalfalfa.com.ar\/noticias\/wp-content\/uploads\/2025\/12\/Captura-de-pantalla-2025-12-09-123438.png?fit=1013%2C575&ssl=1\",\"width\":1013,\"height\":575},{\"@type\":\"BreadcrumbList\",\"@id\":\"https:\/\/www.todoalfalfa.com.ar\/noticias\/anunciaron-una-baja-en-las-retenciones-a-las-exportaciones-de-granos\/#breadcrumb\",\"itemListElement\":[{\"@type\":\"ListItem\",\"position\":1,\"name\":\"Principal\",\"item\":\"https:\/\/www.todoalfalfa.com.ar\/noticias\/\"},{\"@type\":\"ListItem\",\"position\":2,\"name\":\"Anunciaron una baja en las retenciones a las exportaciones de granos\"}]},{\"@type\":\"WebSite\",\"@id\":\"https:\/\/www.todoalfalfa.com.ar\/noticias\/#website\",\"url\":\"https:\/\/www.todoalfalfa.com.ar\/noticias\/\",\"name\":\"Todo Alfalfa\",\"description\":\"Web informativa de la cadena de la alfalfa argentina\",\"publisher\":{\"@id\":\"https:\/\/www.todoalfalfa.com.ar\/noticias\/#organization\"},\"potentialAction\":[{\"@type\":\"SearchAction\",\"target\":{\"@type\":\"EntryPoint\",\"urlTemplate\":\"https:\/\/www.todoalfalfa.com.ar\/noticias\/?s={search_term_string}\"},\"query-input\":{\"@type\":\"PropertyValueSpecification\",\"valueRequired\":true,\"valueName\":\"search_term_string\"}}],\"inLanguage\":\"es\"},{\"@type\":\"Organization\",\"@id\":\"https:\/\/www.todoalfalfa.com.ar\/noticias\/#organization\",\"name\":\"Todo Alfalfa\",\"url\":\"https:\/\/www.todoalfalfa.com.ar\/noticias\/\",\"logo\":{\"@type\":\"ImageObject\",\"inLanguage\":\"es\",\"@id\":\"https:\/\/www.todoalfalfa.com.ar\/noticias\/#\/schema\/logo\/image\/\",\"url\":\"https:\/\/www.todoalfalfa.com.ar\/noticias\/wp-content\/uploads\/2020\/09\/logo-todo-alfalfa-modificado.png\",\"contentUrl\":\"https:\/\/www.todoalfalfa.com.ar\/noticias\/wp-content\/uploads\/2020\/09\/logo-todo-alfalfa-modificado.png\",\"width\":350,\"height\":100,\"caption\":\"Todo Alfalfa\"},\"image\":{\"@id\":\"https:\/\/www.todoalfalfa.com.ar\/noticias\/#\/schema\/logo\/image\/\"},\"sameAs\":[\"https:\/\/www.facebook.com\/todoalfalfa\",\"https:\/\/www.instagram.com\/todoalfalfa\",\"https:\/\/www.youtube.com\/@TodoAlfalfa\",\"https:\/\/www.linkedin.com\/company\/todoalfalfa\/\"]},{\"@type\":\"Person\",\"@id\":\"https:\/\/www.todoalfalfa.com.ar\/noticias\/#\/schema\/person\/99de93cb711c7015ef658e5321ba9f18\",\"name\":\"Todo Alfalfa\",\"image\":{\"@type\":\"ImageObject\",\"inLanguage\":\"es\",\"@id\":\"https:\/\/www.todoalfalfa.com.ar\/noticias\/#\/schema\/person\/image\/\",\"url\":\"https:\/\/secure.gravatar.com\/avatar\/50ffd12fb7b268bc2467160730786602db252a270c63104e7c19b5f67b8dd346?s=96&d=mm&r=g\",\"contentUrl\":\"https:\/\/secure.gravatar.com\/avatar\/50ffd12fb7b268bc2467160730786602db252a270c63104e7c19b5f67b8dd346?s=96&d=mm&r=g\",\"caption\":\"Todo Alfalfa\"},\"url\":\"https:\/\/www.todoalfalfa.com.ar\/noticias\/author\/osvaldoiachetta\/\"}]}<\/script>\n<!-- \/ Yoast SEO plugin. -->","yoast_head_json":{"title":"Anunciaron una baja en las retenciones a las exportaciones de granos","robots":{"index":"index","follow":"follow","max-snippet":"max-snippet:-1","max-image-preview":"max-image-preview:large","max-video-preview":"max-video-preview:-1"},"canonical":"https:\/\/www.todoalfalfa.com.ar\/noticias\/anunciaron-una-baja-en-las-retenciones-a-las-exportaciones-de-granos\/","og_locale":"es_ES","og_type":"article","og_title":"Anunciaron una baja en las retenciones a las exportaciones de granos","og_description":"El gobierno, a trav\u00e9s de Luis Caputo, confirm\u00f3 una reducci\u00f3n permanente en los derechos de exportaci\u00f3n para soja, trigo, ma\u00edz y otros productos del campo. La medida busca aliviar la carga fiscal y mejorar la competitividad del sector.","og_url":"https:\/\/www.todoalfalfa.com.ar\/noticias\/anunciaron-una-baja-en-las-retenciones-a-las-exportaciones-de-granos\/","og_site_name":"Todo Alfalfa","article_publisher":"https:\/\/www.facebook.com\/todoalfalfa","article_published_time":"2025-12-09T15:35:23+00:00","article_modified_time":"2025-12-09T15:35:29+00:00","og_image":[{"width":1013,"height":575,"url":"https:\/\/www.todoalfalfa.com.ar\/noticias\/wp-content\/uploads\/2025\/12\/Captura-de-pantalla-2025-12-09-123438.png","type":"image\/png"}],"author":"Todo Alfalfa","twitter_card":"summary_large_image","twitter_misc":{"Escrito por":"Todo Alfalfa","Tiempo de lectura":"4 minutos"},"schema":{"@context":"https:\/\/schema.org","@graph":[{"@type":"NewsArticle","@id":"https:\/\/www.todoalfalfa.com.ar\/noticias\/anunciaron-una-baja-en-las-retenciones-a-las-exportaciones-de-granos\/#article","isPartOf":{"@id":"https:\/\/www.todoalfalfa.com.ar\/noticias\/anunciaron-una-baja-en-las-retenciones-a-las-exportaciones-de-granos\/"},"author":{"name":"Todo Alfalfa","@id":"https:\/\/www.todoalfalfa.com.ar\/noticias\/#\/schema\/person\/99de93cb711c7015ef658e5321ba9f18"},"headline":"Anunciaron una baja en las retenciones a las exportaciones de granos","datePublished":"2025-12-09T15:35:23+00:00","dateModified":"2025-12-09T15:35:29+00:00","mainEntityOfPage":{"@id":"https:\/\/www.todoalfalfa.com.ar\/noticias\/anunciaron-una-baja-en-las-retenciones-a-las-exportaciones-de-granos\/"},"wordCount":675,"publisher":{"@id":"https:\/\/www.todoalfalfa.com.ar\/noticias\/#organization"},"image":{"@id":"https:\/\/www.todoalfalfa.com.ar\/noticias\/anunciaron-una-baja-en-las-retenciones-a-las-exportaciones-de-granos\/#primaryimage"},"thumbnailUrl":"https:\/\/i0.wp.com\/www.todoalfalfa.com.ar\/noticias\/wp-content\/uploads\/2025\/12\/Captura-de-pantalla-2025-12-09-123438.png?fit=1013%2C575&ssl=1","keywords":["baja","campo","Milei","retenciones"],"articleSection":["Generales"],"inLanguage":"es"},{"@type":["WebPage","ItemPage"],"@id":"https:\/\/www.todoalfalfa.com.ar\/noticias\/anunciaron-una-baja-en-las-retenciones-a-las-exportaciones-de-granos\/","url":"https:\/\/www.todoalfalfa.com.ar\/noticias\/anunciaron-una-baja-en-las-retenciones-a-las-exportaciones-de-granos\/","name":"Anunciaron una baja en las retenciones a las exportaciones de granos","isPartOf":{"@id":"https:\/\/www.todoalfalfa.com.ar\/noticias\/#website"},"primaryImageOfPage":{"@id":"https:\/\/www.todoalfalfa.com.ar\/noticias\/anunciaron-una-baja-en-las-retenciones-a-las-exportaciones-de-granos\/#primaryimage"},"image":{"@id":"https:\/\/www.todoalfalfa.com.ar\/noticias\/anunciaron-una-baja-en-las-retenciones-a-las-exportaciones-de-granos\/#primaryimage"},"thumbnailUrl":"https:\/\/i0.wp.com\/www.todoalfalfa.com.ar\/noticias\/wp-content\/uploads\/2025\/12\/Captura-de-pantalla-2025-12-09-123438.png?fit=1013%2C575&ssl=1","datePublished":"2025-12-09T15:35:23+00:00","dateModified":"2025-12-09T15:35:29+00:00","breadcrumb":{"@id":"https:\/\/www.todoalfalfa.com.ar\/noticias\/anunciaron-una-baja-en-las-retenciones-a-las-exportaciones-de-granos\/#breadcrumb"},"inLanguage":"es","potentialAction":[{"@type":"ReadAction","target":["https:\/\/www.todoalfalfa.com.ar\/noticias\/anunciaron-una-baja-en-las-retenciones-a-las-exportaciones-de-granos\/"]}]},{"@type":"ImageObject","inLanguage":"es","@id":"https:\/\/www.todoalfalfa.com.ar\/noticias\/anunciaron-una-baja-en-las-retenciones-a-las-exportaciones-de-granos\/#primaryimage","url":"https:\/\/i0.wp.com\/www.todoalfalfa.com.ar\/noticias\/wp-content\/uploads\/2025\/12\/Captura-de-pantalla-2025-12-09-123438.png?fit=1013%2C575&ssl=1","contentUrl":"https:\/\/i0.wp.com\/www.todoalfalfa.com.ar\/noticias\/wp-content\/uploads\/2025\/12\/Captura-de-pantalla-2025-12-09-123438.png?fit=1013%2C575&ssl=1","width":1013,"height":575},{"@type":"BreadcrumbList","@id":"https:\/\/www.todoalfalfa.com.ar\/noticias\/anunciaron-una-baja-en-las-retenciones-a-las-exportaciones-de-granos\/#breadcrumb","itemListElement":[{"@type":"ListItem","position":1,"name":"Principal","item":"https:\/\/www.todoalfalfa.com.ar\/noticias\/"},{"@type":"ListItem","position":2,"name":"Anunciaron una baja en las retenciones a las exportaciones de granos"}]},{"@type":"WebSite","@id":"https:\/\/www.todoalfalfa.com.ar\/noticias\/#website","url":"https:\/\/www.todoalfalfa.com.ar\/noticias\/","name":"Todo Alfalfa","description":"Web informativa de la cadena de la alfalfa argentina","publisher":{"@id":"https:\/\/www.todoalfalfa.com.ar\/noticias\/#organization"},"potentialAction":[{"@type":"SearchAction","target":{"@type":"EntryPoint","urlTemplate":"https:\/\/www.todoalfalfa.com.ar\/noticias\/?s={search_term_string}"},"query-input":{"@type":"PropertyValueSpecification","valueRequired":true,"valueName":"search_term_string"}}],"inLanguage":"es"},{"@type":"Organization","@id":"https:\/\/www.todoalfalfa.com.ar\/noticias\/#organization","name":"Todo Alfalfa","url":"https:\/\/www.todoalfalfa.com.ar\/noticias\/","logo":{"@type":"ImageObject","inLanguage":"es","@id":"https:\/\/www.todoalfalfa.com.ar\/noticias\/#\/schema\/logo\/image\/","url":"https:\/\/www.todoalfalfa.com.ar\/noticias\/wp-content\/uploads\/2020\/09\/logo-todo-alfalfa-modificado.png","contentUrl":"https:\/\/www.todoalfalfa.com.ar\/noticias\/wp-content\/uploads\/2020\/09\/logo-todo-alfalfa-modificado.png","width":350,"height":100,"caption":"Todo Alfalfa"},"image":{"@id":"https:\/\/www.todoalfalfa.com.ar\/noticias\/#\/schema\/logo\/image\/"},"sameAs":["https:\/\/www.facebook.com\/todoalfalfa","https:\/\/www.instagram.com\/todoalfalfa","https:\/\/www.youtube.com\/@TodoAlfalfa","https:\/\/www.linkedin.com\/company\/todoalfalfa\/"]},{"@type":"Person","@id":"https:\/\/www.todoalfalfa.com.ar\/noticias\/#\/schema\/person\/99de93cb711c7015ef658e5321ba9f18","name":"Todo Alfalfa","image":{"@type":"ImageObject","inLanguage":"es","@id":"https:\/\/www.todoalfalfa.com.ar\/noticias\/#\/schema\/person\/image\/","url":"https:\/\/secure.gravatar.com\/avatar\/50ffd12fb7b268bc2467160730786602db252a270c63104e7c19b5f67b8dd346?s=96&d=mm&r=g","contentUrl":"https:\/\/secure.gravatar.com\/avatar\/50ffd12fb7b268bc2467160730786602db252a270c63104e7c19b5f67b8dd346?s=96&d=mm&r=g","caption":"Todo Alfalfa"},"url":"https:\/\/www.todoalfalfa.com.ar\/noticias\/author\/osvaldoiachetta\/"}]}},"jetpack_featured_media_url":"https:\/\/i0.wp.com\/www.todoalfalfa.com.ar\/noticias\/wp-content\/uploads\/2025\/12\/Captura-de-pantalla-2025-12-09-123438.png?fit=1013%2C575&ssl=1","wps_subtitle":"","jetpack_sharing_enabled":true,"_links":{"self":[{"href":"https:\/\/www.todoalfalfa.com.ar\/noticias\/wp-json\/wp\/v2\/posts\/51438","targetHints":{"allow":["GET"]}}],"collection":[{"href":"https:\/\/www.todoalfalfa.com.ar\/noticias\/wp-json\/wp\/v2\/posts"}],"about":[{"href":"https:\/\/www.todoalfalfa.com.ar\/noticias\/wp-json\/wp\/v2\/types\/post"}],"author":[{"embeddable":true,"href":"https:\/\/www.todoalfalfa.com.ar\/noticias\/wp-json\/wp\/v2\/users\/9"}],"replies":[{"embeddable":true,"href":"https:\/\/www.todoalfalfa.com.ar\/noticias\/wp-json\/wp\/v2\/comments?post=51438"}],"version-history":[{"count":1,"href":"https:\/\/www.todoalfalfa.com.ar\/noticias\/wp-json\/wp\/v2\/posts\/51438\/revisions"}],"predecessor-version":[{"id":51441,"href":"https:\/\/www.todoalfalfa.com.ar\/noticias\/wp-json\/wp\/v2\/posts\/51438\/revisions\/51441"}],"wp:featuredmedia":[{"embeddable":true,"href":"https:\/\/www.todoalfalfa.com.ar\/noticias\/wp-json\/wp\/v2\/media\/51439"}],"wp:attachment":[{"href":"https:\/\/www.todoalfalfa.com.ar\/noticias\/wp-json\/wp\/v2\/media?parent=51438"}],"wp:term":[{"taxonomy":"category","embeddable":true,"href":"https:\/\/www.todoalfalfa.com.ar\/noticias\/wp-json\/wp\/v2\/categories?post=51438"},{"taxonomy":"post_tag","embeddable":true,"href":"https:\/\/www.todoalfalfa.com.ar\/noticias\/wp-json\/wp\/v2\/tags?post=51438"}],"curies":[{"name":"wp","href":"https:\/\/api.w.org\/{rel}","templated":true}]}}