{"id":51454,"date":"2025-12-16T11:09:24","date_gmt":"2025-12-16T14:09:24","guid":{"rendered":"https:\/\/www.todoalfalfa.com.ar\/noticias\/?p=51454"},"modified":"2025-12-16T11:09:30","modified_gmt":"2025-12-16T14:09:30","slug":"argentina-un-gigante-dormido-con-potencial-para-liderar-el-mercado-mundial-de-alfalfa","status":"publish","type":"post","link":"https:\/\/www.todoalfalfa.com.ar\/noticias\/argentina-un-gigante-dormido-con-potencial-para-liderar-el-mercado-mundial-de-alfalfa\/","title":{"rendered":"Argentina, un gigante dormido con potencial para liderar el mercado mundial de alfalfa"},"content":{"rendered":"\n<p>Argentina posee un potencial extraordinario y poco com\u00fan para convertirse en un jugador principal en el creciente mercado mundial de la alfalfa, pero enfrenta desaf\u00edos estructurales y tecnol\u00f3gicos cruciales que debe superar de inmediato para capitalizar esta oportunidad hist\u00f3rica.<\/p>\n\n\n\n<p>De esa manera, se puede resumir r\u00e1pidamente la charla que brindaron el ingeniero agr\u00f3nomo y especialista en alfalfa, Daniel Basigalup, el presidente de la C\u00e1mara Argentina de la Alfalfa, Jos\u00e9 Brigante y el presidente del Cl\u00faster de Alfalfa de C\u00f3rdoba, Fabi\u00e1n Russo.<\/p>\n\n\n\n<div class=\"wp-block-jetpack-slideshow aligncenter\" data-effect=\"slide\" style=\"--aspect-ratio:calc(1024 \/ 577)\"><div class=\"wp-block-jetpack-slideshow_container swiper-container\"><ul class=\"wp-block-jetpack-slideshow_swiper-wrapper swiper-wrapper\"><li class=\"wp-block-jetpack-slideshow_slide swiper-slide\"><figure><img data-recalc-dims=\"1\" fetchpriority=\"high\" decoding=\"async\" width=\"1024\" height=\"577\" alt=\"\" class=\"wp-block-jetpack-slideshow_image wp-image-51462\" data-id=\"51462\" data-aspect-ratio=\"1024 \/ 577\" src=\"https:\/\/i0.wp.com\/www.todoalfalfa.com.ar\/noticias\/wp-content\/uploads\/2025\/12\/20251211_155352.jpg?resize=1024%2C577&#038;ssl=1\" srcset=\"https:\/\/i0.wp.com\/www.todoalfalfa.com.ar\/noticias\/wp-content\/uploads\/2025\/12\/20251211_155352-scaled.jpg?resize=1024%2C577&amp;ssl=1 1024w, https:\/\/i0.wp.com\/www.todoalfalfa.com.ar\/noticias\/wp-content\/uploads\/2025\/12\/20251211_155352-scaled.jpg?resize=300%2C169&amp;ssl=1 300w, https:\/\/i0.wp.com\/www.todoalfalfa.com.ar\/noticias\/wp-content\/uploads\/2025\/12\/20251211_155352-scaled.jpg?resize=768%2C432&amp;ssl=1 768w, https:\/\/i0.wp.com\/www.todoalfalfa.com.ar\/noticias\/wp-content\/uploads\/2025\/12\/20251211_155352-scaled.jpg?resize=1536%2C865&amp;ssl=1 1536w, https:\/\/i0.wp.com\/www.todoalfalfa.com.ar\/noticias\/wp-content\/uploads\/2025\/12\/20251211_155352-scaled.jpg?resize=2048%2C1153&amp;ssl=1 2048w, https:\/\/i0.wp.com\/www.todoalfalfa.com.ar\/noticias\/wp-content\/uploads\/2025\/12\/20251211_155352-scaled.jpg?resize=777%2C437&amp;ssl=1 777w, https:\/\/i0.wp.com\/www.todoalfalfa.com.ar\/noticias\/wp-content\/uploads\/2025\/12\/20251211_155352-scaled.jpg?resize=180%2C101&amp;ssl=1 180w, https:\/\/i0.wp.com\/www.todoalfalfa.com.ar\/noticias\/wp-content\/uploads\/2025\/12\/20251211_155352-scaled.jpg?resize=260%2C146&amp;ssl=1 260w, https:\/\/i0.wp.com\/www.todoalfalfa.com.ar\/noticias\/wp-content\/uploads\/2025\/12\/20251211_155352-scaled.jpg?resize=373%2C210&amp;ssl=1 373w, https:\/\/i0.wp.com\/www.todoalfalfa.com.ar\/noticias\/wp-content\/uploads\/2025\/12\/20251211_155352-scaled.jpg?resize=120%2C67&amp;ssl=1 120w\" sizes=\"(max-width: 1000px) 100vw, 1000px\" \/><\/figure><\/li><li class=\"wp-block-jetpack-slideshow_slide swiper-slide\"><figure><img data-recalc-dims=\"1\" decoding=\"async\" width=\"1024\" height=\"577\" alt=\"\" class=\"wp-block-jetpack-slideshow_image wp-image-51455\" data-id=\"51455\" data-aspect-ratio=\"1024 \/ 577\" src=\"https:\/\/i0.wp.com\/www.todoalfalfa.com.ar\/noticias\/wp-content\/uploads\/2025\/12\/20251211_160913.jpg?resize=1024%2C577&#038;ssl=1\" srcset=\"https:\/\/i0.wp.com\/www.todoalfalfa.com.ar\/noticias\/wp-content\/uploads\/2025\/12\/20251211_160913-scaled.jpg?resize=1024%2C577&amp;ssl=1 1024w, https:\/\/i0.wp.com\/www.todoalfalfa.com.ar\/noticias\/wp-content\/uploads\/2025\/12\/20251211_160913-scaled.jpg?resize=300%2C169&amp;ssl=1 300w, https:\/\/i0.wp.com\/www.todoalfalfa.com.ar\/noticias\/wp-content\/uploads\/2025\/12\/20251211_160913-scaled.jpg?resize=768%2C432&amp;ssl=1 768w, https:\/\/i0.wp.com\/www.todoalfalfa.com.ar\/noticias\/wp-content\/uploads\/2025\/12\/20251211_160913-scaled.jpg?resize=1536%2C865&amp;ssl=1 1536w, https:\/\/i0.wp.com\/www.todoalfalfa.com.ar\/noticias\/wp-content\/uploads\/2025\/12\/20251211_160913-scaled.jpg?resize=2048%2C1153&amp;ssl=1 2048w, https:\/\/i0.wp.com\/www.todoalfalfa.com.ar\/noticias\/wp-content\/uploads\/2025\/12\/20251211_160913-scaled.jpg?resize=777%2C437&amp;ssl=1 777w, https:\/\/i0.wp.com\/www.todoalfalfa.com.ar\/noticias\/wp-content\/uploads\/2025\/12\/20251211_160913-scaled.jpg?resize=180%2C101&amp;ssl=1 180w, https:\/\/i0.wp.com\/www.todoalfalfa.com.ar\/noticias\/wp-content\/uploads\/2025\/12\/20251211_160913-scaled.jpg?resize=260%2C146&amp;ssl=1 260w, https:\/\/i0.wp.com\/www.todoalfalfa.com.ar\/noticias\/wp-content\/uploads\/2025\/12\/20251211_160913-scaled.jpg?resize=373%2C210&amp;ssl=1 373w, https:\/\/i0.wp.com\/www.todoalfalfa.com.ar\/noticias\/wp-content\/uploads\/2025\/12\/20251211_160913-scaled.jpg?resize=120%2C67&amp;ssl=1 120w\" sizes=\"(max-width: 1000px) 100vw, 1000px\" \/><\/figure><\/li><\/ul><a class=\"wp-block-jetpack-slideshow_button-prev swiper-button-prev swiper-button-white\" role=\"button\"><\/a><a class=\"wp-block-jetpack-slideshow_button-next swiper-button-next swiper-button-white\" role=\"button\"><\/a><a aria-label=\"Pause Slideshow\" class=\"wp-block-jetpack-slideshow_button-pause\" role=\"button\"><\/a><div class=\"wp-block-jetpack-slideshow_pagination swiper-pagination swiper-pagination-white\"><\/div><\/div><\/div>\n\n\n\n<p>Para dimensionar la magnitud de la oportunidad que se presenta ante Argentina, es imperativo comprender el contexto de un mercado global en plena ebullici\u00f3n. La demanda no solo crece, sino que se transforma, impulsada por factores geopol\u00edticos, clim\u00e1ticos y una revalorizaci\u00f3n del cultivo que trasciende su uso tradicional como forraje.<\/p>\n\n\n\n<p>Seg\u00fan los datos presentados por Daniel Basigalup, las cifras son elocuentes: el mercado mundial de heno de alfalfa alcanz\u00f3 un valor de 82.000 millones de d\u00f3lares en 2024, con una proyecci\u00f3n de crecimiento que lo situar\u00eda cerca de los 113.000 millones para 2029.&nbsp;<\/p>\n\n\n\n<div class=\"wp-block-jetpack-slideshow aligncenter\" data-effect=\"slide\" style=\"--aspect-ratio:calc(577 \/ 1024)\"><div class=\"wp-block-jetpack-slideshow_container swiper-container\"><ul class=\"wp-block-jetpack-slideshow_swiper-wrapper swiper-wrapper\"><li class=\"wp-block-jetpack-slideshow_slide swiper-slide\"><figure><img data-recalc-dims=\"1\" decoding=\"async\" width=\"577\" height=\"1024\" alt=\"\" class=\"wp-block-jetpack-slideshow_image wp-image-51459\" data-id=\"51459\" data-aspect-ratio=\"577 \/ 1024\" src=\"https:\/\/i0.wp.com\/www.todoalfalfa.com.ar\/noticias\/wp-content\/uploads\/2025\/12\/20251211_153322.jpg?resize=577%2C1024&#038;ssl=1\" srcset=\"https:\/\/i0.wp.com\/www.todoalfalfa.com.ar\/noticias\/wp-content\/uploads\/2025\/12\/20251211_153322-scaled.jpg?resize=577%2C1024&amp;ssl=1 577w, https:\/\/i0.wp.com\/www.todoalfalfa.com.ar\/noticias\/wp-content\/uploads\/2025\/12\/20251211_153322-scaled.jpg?resize=169%2C300&amp;ssl=1 169w, https:\/\/i0.wp.com\/www.todoalfalfa.com.ar\/noticias\/wp-content\/uploads\/2025\/12\/20251211_153322-scaled.jpg?resize=768%2C1364&amp;ssl=1 768w, https:\/\/i0.wp.com\/www.todoalfalfa.com.ar\/noticias\/wp-content\/uploads\/2025\/12\/20251211_153322-scaled.jpg?resize=865%2C1536&amp;ssl=1 865w, https:\/\/i0.wp.com\/www.todoalfalfa.com.ar\/noticias\/wp-content\/uploads\/2025\/12\/20251211_153322-scaled.jpg?resize=1153%2C2048&amp;ssl=1 1153w, https:\/\/i0.wp.com\/www.todoalfalfa.com.ar\/noticias\/wp-content\/uploads\/2025\/12\/20251211_153322-scaled.jpg?w=1441&amp;ssl=1 1441w\" sizes=\"(max-width: 577px) 100vw, 577px\" \/><\/figure><\/li><li class=\"wp-block-jetpack-slideshow_slide swiper-slide\"><figure><img data-recalc-dims=\"1\" loading=\"lazy\" decoding=\"async\" width=\"1024\" height=\"577\" alt=\"\" class=\"wp-block-jetpack-slideshow_image wp-image-51460\" data-id=\"51460\" data-aspect-ratio=\"1024 \/ 577\" src=\"https:\/\/i0.wp.com\/www.todoalfalfa.com.ar\/noticias\/wp-content\/uploads\/2025\/12\/20251211_153332.jpg?resize=1024%2C577&#038;ssl=1\" srcset=\"https:\/\/i0.wp.com\/www.todoalfalfa.com.ar\/noticias\/wp-content\/uploads\/2025\/12\/20251211_153332-scaled.jpg?resize=1024%2C577&amp;ssl=1 1024w, https:\/\/i0.wp.com\/www.todoalfalfa.com.ar\/noticias\/wp-content\/uploads\/2025\/12\/20251211_153332-scaled.jpg?resize=300%2C169&amp;ssl=1 300w, https:\/\/i0.wp.com\/www.todoalfalfa.com.ar\/noticias\/wp-content\/uploads\/2025\/12\/20251211_153332-scaled.jpg?resize=768%2C432&amp;ssl=1 768w, https:\/\/i0.wp.com\/www.todoalfalfa.com.ar\/noticias\/wp-content\/uploads\/2025\/12\/20251211_153332-scaled.jpg?resize=1536%2C865&amp;ssl=1 1536w, https:\/\/i0.wp.com\/www.todoalfalfa.com.ar\/noticias\/wp-content\/uploads\/2025\/12\/20251211_153332-scaled.jpg?resize=2048%2C1153&amp;ssl=1 2048w, https:\/\/i0.wp.com\/www.todoalfalfa.com.ar\/noticias\/wp-content\/uploads\/2025\/12\/20251211_153332-scaled.jpg?resize=777%2C437&amp;ssl=1 777w, https:\/\/i0.wp.com\/www.todoalfalfa.com.ar\/noticias\/wp-content\/uploads\/2025\/12\/20251211_153332-scaled.jpg?resize=180%2C101&amp;ssl=1 180w, https:\/\/i0.wp.com\/www.todoalfalfa.com.ar\/noticias\/wp-content\/uploads\/2025\/12\/20251211_153332-scaled.jpg?resize=260%2C146&amp;ssl=1 260w, https:\/\/i0.wp.com\/www.todoalfalfa.com.ar\/noticias\/wp-content\/uploads\/2025\/12\/20251211_153332-scaled.jpg?resize=373%2C210&amp;ssl=1 373w, https:\/\/i0.wp.com\/www.todoalfalfa.com.ar\/noticias\/wp-content\/uploads\/2025\/12\/20251211_153332-scaled.jpg?resize=120%2C67&amp;ssl=1 120w\" sizes=\"(max-width: 1000px) 100vw, 1000px\" \/><\/figure><\/li><\/ul><a class=\"wp-block-jetpack-slideshow_button-prev swiper-button-prev swiper-button-white\" role=\"button\"><\/a><a class=\"wp-block-jetpack-slideshow_button-next swiper-button-next swiper-button-white\" role=\"button\"><\/a><a aria-label=\"Pause Slideshow\" class=\"wp-block-jetpack-slideshow_button-pause\" role=\"button\"><\/a><div class=\"wp-block-jetpack-slideshow_pagination swiper-pagination swiper-pagination-white\"><\/div><\/div><\/div>\n\n\n\n<p>Este dinamismo se explica, en gran medida, por las crecientes restricciones en el uso del agua que enfrentan pa\u00edses de Oriente Medio, los cuales dependen de la importaci\u00f3n de forraje para sostener sus estrat\u00e9gicas industrias l\u00e1cteas. Sin embargo, la demanda se diversifica hacia nichos de alto valor como equinos, cam\u00e9lidos e incluso mascotas en mercados clave como China y Brasil.<\/p>\n\n\n\n<p>Las tendencias internacionales, observadas en el reciente 4\u00ba Congreso Mundial de Alfalfa en Francia, dibujan un panorama a\u00fan m\u00e1s complejo y favorable para nuevos actores con capacidad de expansi\u00f3n:<\/p>\n\n\n\n<p>\u2022 Revalorizaci\u00f3n ambiental: Existe un creciente reconocimiento global de los servicios ecosist\u00e9micos que presta la alfalfa. Su capacidad de fijaci\u00f3n de nitr\u00f3geno, su rol como refugio para la biodiversidad y su eficiencia h\u00eddrica la posicionan como un cultivo clave en la agricultura sostenible.<\/p>\n\n\n\n<p>\u2022 Tendencia a la baja en potencias tradicionales: En Estados Unidos, particularmente en California, la superficie sembrada con alfalfa disminuye a\u00f1o tras a\u00f1o. La competencia por el agua con cultivos de mayor rentabilidad, como los pistachos y las almendras, est\u00e1 desplazando al forraje. No obstante, incluso estos l\u00edderes innovan, explorando en otras regiones el pastoreo directo para reducir costos.<\/p>\n\n\n\n<p>\u2022 Emergencia de nuevos competidores: Nuevos polos productivos como Brasil y Pakist\u00e1n est\u00e1n ganando terreno. Pakist\u00e1n, por ejemplo, ya alcanza impresionantes rendimientos de 26 a 27 toneladas anuales con riego, marcando un benchmark tecnol\u00f3gico que Argentina no puede ignorar.<\/p>\n\n\n\n<p>\u2022 El modelo europeo: La Uni\u00f3n Europea presenta un paradigma diametralmente opuesto al argentino. A trav\u00e9s de fuertes pol\u00edticas de apoyo y subsidios, incentiva activamente la producci\u00f3n de leguminosas. Basigalup cit\u00f3 el caso de un productor franc\u00e9s que, cumpliendo las normativas, puede recibir hasta 50.000 euros anuales en subsidios directos y una ayuda del 50% para la compra de maquinaria.<\/p>\n\n\n\n<p>Este escenario global de demanda creciente, oferta restringida en los l\u00edderes tradicionales y competidores tecnificados, crea un vac\u00edo que Argentina, por sus condiciones \u00fanicas, est\u00e1 llamada a llenar.<\/p>\n\n\n\n<p>La situaci\u00f3n de Argentina en el tablero mundial de la alfalfa es particular. El pa\u00eds re\u00fane condiciones agroecol\u00f3gicas y un capital humano que lo posicionan como un productor natural de clase mundial; sin embargo, su participaci\u00f3n actual en el comercio internacional es, en palabras de los expertos, de \u00abmuy poca monta\u00bb.<\/p>\n\n\n\n<p>En 2024, Argentina export\u00f3 aproximadamente 147.000 toneladas, lo que representa apenas un 1.2% del mercado global. Sus principales destinos son Arabia Saudita, Emiratos \u00c1rabes, Brasil y Chile, pero el volumen no se condice con su verdadero potencial. Este contraste se hace m\u00e1s evidente al analizar las ventajas comparativas y competitivas que Basigalup sintetiz\u00f3 de manera concluyente:<\/p>\n\n\n\n<p>\u2022 Recursos naturales: El pa\u00eds goza de una riqueza excepcional en suelos y un clima favorable que permite una producci\u00f3n extensiva y de alta calidad.<\/p>\n\n\n\n<p>\u2022 Altos rendimientos: Sin necesidad de riego, en la zona centro del pa\u00eds se pueden alcanzar rendimientos promedio de entre 13 y 16 toneladas por hect\u00e1rea al a\u00f1o, una cifra muy competitiva a nivel global.<\/p>\n\n\n\n<p>\u2022 Producci\u00f3n a contraestaci\u00f3n: Argentina tiene la ventaja estrat\u00e9gica de cosechar mientras los grandes productores y exportadores del hemisferio norte (como EE. UU. y Espa\u00f1a) est\u00e1n en su invierno, lo que le permite abastecer al mercado en momentos de menor oferta.<\/p>\n\n\n\n<p>\u2022 Capital humano y tecnol\u00f3gico: Existe una gran tradici\u00f3n alfalfera, un alto nivel de profesionalizaci\u00f3n en toda la cadena y un s\u00f3lido soporte t\u00e9cnico de instituciones y empresas privadas.<\/p>\n\n\n\n<p>La conclusi\u00f3n fundamental de los panelistas es que Argentina es uno de los pocos pa\u00edses, si no el \u00fanico, con la capacidad concreta de cuantificar y aumentar significativamente su oferta exportable en el corto plazo. A diferencia de competidores como Estados Unidos y Espa\u00f1a, que han alcanzado su techo productivo, Argentina tiene hect\u00e1reas y conocimiento para crecer.<\/p>\n\n\n\n<p>El \u00abnudo\u00bb que hoy limita la capacidad exportadora de la alfalfa argentina es un factor t\u00e9cnico tan concreto como determinante: la humedad. Este es el principal obst\u00e1culo que impide escalar la producci\u00f3n de heno con la calidad y las especificaciones que exigen los mercados internacionales para el transporte mar\u00edtimo.<\/p>\n\n\n\n<p>El problema reside en el r\u00e9gimen de lluvias del pa\u00eds que concentra las precipitaciones durante la primavera y el verano, coincidiendo con el per\u00edodo de mayor producci\u00f3n de la alfalfa. Para exportar en contenedores, el heno debe tener un nivel de humedad que no supere el 12-14%. Sin embargo, debido a las condiciones ambientales, de los cinco o seis cortes que se realizan al a\u00f1o, solo dos o, con suerte, tres, alcanzan ese nivel de manera natural durante el proceso de secado al sol.<\/p>\n\n\n\n<p>Las consecuencias de este desaf\u00edo son directas y severas. Intentar secar el resto de los cortes en el campo hasta alcanzar ese 14% de humedad provocar\u00eda la p\u00e9rdida de la hoja, que es precisamente donde se concentra la prote\u00edna, el componente de mayor valor del producto.&nbsp;<\/p>\n\n\n\n<p>Esto obliga a los productores a desviar la mayor parte de su producci\u00f3n, de alt\u00edsimo potencial, hacia el mercado interno u otros usos, perdiendo la oportunidad de acceder a los precios y la demanda del mercado global. Para desatar este nudo, la soluci\u00f3n es ineludiblemente tecnol\u00f3gica.<\/p>\n\n\n\n<p><strong>Una soluci\u00f3n aplicando tecnolog\u00eda de secado<\/strong><\/p>\n\n\n\n<p>El consenso entre los panelistas fue un\u00e1nime: la adopci\u00f3n de tecnolog\u00eda de secado no es una opci\u00f3n, sino una necesidad estrat\u00e9gica para que el sector d\u00e9 el salto cuantitativo y cualitativo que el mercado demanda. Sin esta inversi\u00f3n, el potencial argentino seguir\u00e1 siendo solo una promesa. La soluci\u00f3n m\u00e1s contundente es la incorporaci\u00f3n de secadoras en las plantas de procesado.&nbsp;<\/p>\n\n\n\n<figure class=\"wp-block-image size-large\"><img data-recalc-dims=\"1\" loading=\"lazy\" decoding=\"async\" width=\"1024\" height=\"766\" src=\"https:\/\/i0.wp.com\/www.todoalfalfa.com.ar\/noticias\/wp-content\/uploads\/2025\/12\/20251211_155441-scaled-e1765894033164-1024x766.jpg?resize=1024%2C766&#038;ssl=1\" alt=\"\" class=\"wp-image-51463\" srcset=\"https:\/\/i0.wp.com\/www.todoalfalfa.com.ar\/noticias\/wp-content\/uploads\/2025\/12\/20251211_155441-scaled-e1765894033164.jpg?resize=1024%2C766&amp;ssl=1 1024w, https:\/\/i0.wp.com\/www.todoalfalfa.com.ar\/noticias\/wp-content\/uploads\/2025\/12\/20251211_155441-scaled-e1765894033164.jpg?resize=300%2C224&amp;ssl=1 300w, https:\/\/i0.wp.com\/www.todoalfalfa.com.ar\/noticias\/wp-content\/uploads\/2025\/12\/20251211_155441-scaled-e1765894033164.jpg?resize=768%2C574&amp;ssl=1 768w, https:\/\/i0.wp.com\/www.todoalfalfa.com.ar\/noticias\/wp-content\/uploads\/2025\/12\/20251211_155441-scaled-e1765894033164.jpg?w=1438&amp;ssl=1 1438w\" sizes=\"(max-width: 1000px) 100vw, 1000px\" \/><\/figure>\n\n\n\n<p>Jos\u00e9 Brigante fue categ\u00f3rico al respecto, bas\u00e1ndose en su experiencia internacional: en Europa y Canad\u00e1, sin excepci\u00f3n, todas las plantas procesadoras cuentan con un sistema de secado. Su conclusi\u00f3n fue determinante: \u00ablos proyectos tienen que ir con secadora, si no, no van\u00bb. Adem\u00e1s de las soluciones de gran escala como el deshidratado tipo trommel, Fabi\u00e1n Russo destac\u00f3 una innovaci\u00f3n de menor costo que ya est\u00e1 dando resultados: el \u00abhidratador\u00bb.&nbsp;<\/p>\n\n\n\n<p>\u00abNosotros ya hoy contamos con cuatro hidratadoras en la Argentina, cuatro socios del cl\u00faster que la han incorporado\u00bb, afirm\u00f3, subrayando que esta tecnolog\u00eda \u00aba baj\u00edsimo costo\u00bb ya les permite exportar.<\/p>\n\n\n\n<div class=\"wp-block-jetpack-slideshow aligncenter\" data-effect=\"slide\" style=\"--aspect-ratio:calc(577 \/ 1024)\"><div class=\"wp-block-jetpack-slideshow_container swiper-container\"><ul class=\"wp-block-jetpack-slideshow_swiper-wrapper swiper-wrapper\"><li class=\"wp-block-jetpack-slideshow_slide swiper-slide\"><figure><img data-recalc-dims=\"1\" loading=\"lazy\" decoding=\"async\" width=\"577\" height=\"1024\" alt=\"\" class=\"wp-block-jetpack-slideshow_image wp-image-51457\" data-id=\"51457\" data-aspect-ratio=\"577 \/ 1024\" src=\"https:\/\/i0.wp.com\/www.todoalfalfa.com.ar\/noticias\/wp-content\/uploads\/2025\/12\/20251211_160652.jpg?resize=577%2C1024&#038;ssl=1\" srcset=\"https:\/\/i0.wp.com\/www.todoalfalfa.com.ar\/noticias\/wp-content\/uploads\/2025\/12\/20251211_160652-scaled.jpg?resize=577%2C1024&amp;ssl=1 577w, https:\/\/i0.wp.com\/www.todoalfalfa.com.ar\/noticias\/wp-content\/uploads\/2025\/12\/20251211_160652-scaled.jpg?resize=169%2C300&amp;ssl=1 169w, https:\/\/i0.wp.com\/www.todoalfalfa.com.ar\/noticias\/wp-content\/uploads\/2025\/12\/20251211_160652-scaled.jpg?resize=768%2C1364&amp;ssl=1 768w, https:\/\/i0.wp.com\/www.todoalfalfa.com.ar\/noticias\/wp-content\/uploads\/2025\/12\/20251211_160652-scaled.jpg?resize=865%2C1536&amp;ssl=1 865w, https:\/\/i0.wp.com\/www.todoalfalfa.com.ar\/noticias\/wp-content\/uploads\/2025\/12\/20251211_160652-scaled.jpg?resize=1153%2C2048&amp;ssl=1 1153w, https:\/\/i0.wp.com\/www.todoalfalfa.com.ar\/noticias\/wp-content\/uploads\/2025\/12\/20251211_160652-scaled.jpg?w=1441&amp;ssl=1 1441w\" sizes=\"(max-width: 577px) 100vw, 577px\" \/><\/figure><\/li><\/ul><a class=\"wp-block-jetpack-slideshow_button-prev swiper-button-prev swiper-button-white\" role=\"button\"><\/a><a class=\"wp-block-jetpack-slideshow_button-next swiper-button-next swiper-button-white\" role=\"button\"><\/a><a aria-label=\"Pause Slideshow\" class=\"wp-block-jetpack-slideshow_button-pause\" role=\"button\"><\/a><div class=\"wp-block-jetpack-slideshow_pagination swiper-pagination swiper-pagination-white\"><\/div><\/div><\/div>\n\n\n\n<p>M\u00e1s all\u00e1 de la humedad, los panelistas identificaron otros dos desaf\u00edos estructurales que deben abordarse en paralelo:<\/p>\n\n\n\n<p>\u2022 Costos y log\u00edstica: Fabi\u00e1n Russo critic\u00f3 duramente el \u00abcentralismo porte\u00f1o\u00bb y los elevados costos del puerto de Buenos Aires, que restan competitividad. Jos\u00e9 Brigante complement\u00f3 esta visi\u00f3n, se\u00f1alando la necesidad de reestructurar los proyectos futuros para optimizar la ubicaci\u00f3n de las plantas, asegurando que est\u00e9n cerca del productor, del cliente y del puerto, mejorando as\u00ed la eficiencia log\u00edstica.<\/p>\n\n\n\n<p>\u2022 Calidad y competitividad: Brigante subray\u00f3 una verdad fundamental del negocio: \u00abla calidad no sirve de nada sin costo\u00bb. El objetivo no es solo producir heno de primera, sino hacerlo con una estructura de costos que permita ser competitivos en el mercado global. La meta es alcanzar un binomio \u00abcalidad-costo\u00bb que garantice un abastecimiento constante y fiable a los clientes internacionales.<\/p>\n\n\n\n<p>Resolver estos nudos productivos y log\u00edsticos es el primer paso para poder mirar hacia afuera con una estrategia comercial s\u00f3lida y ambiciosa.<\/p>\n\n\n\n<p>La estrategia comercial del sector no puede limitarse a la fijaci\u00f3n con los mercados lejanos de Oriente Medio o China. Por lo que abogaron por una visi\u00f3n m\u00e1s amplia y diversificada, que reconozca las enormes oportunidades que se encuentran mucho m\u00e1s cerca, tanto en pa\u00edses vecinos como en el propio mercado dom\u00e9stico.<\/p>\n\n\n\n<p>El potencial de los mercados regionales es inmenso y est\u00e1 subexplotado. Brasil, descrito como \u00abel segundo productor del mundo en caballo\u00bb, y Per\u00fa son ejemplos de pa\u00edses con una gran demanda de forraje de calidad que, por proximidad, deber\u00edan ser destinos naturales para la producci\u00f3n argentina.&nbsp;<\/p>\n\n\n\n<p>Fabi\u00e1n Russo comparti\u00f3 la experiencia exitosa de su propia empresa, que ha logrado ingresar y consolidarse en el mercado brasile\u00f1o. Al mismo tiempo, plante\u00f3 una reflexi\u00f3n que trasciende la an\u00e9cdota para convertirse en un pilar estrat\u00e9gico: desarrollar el mercado interno de alta calidad.&nbsp;<\/p>\n\n\n\n<p>M\u00e1s que una pregunta ret\u00f3rica de \u00ab\u00bfpor qu\u00e9 venderle la mejor calidad a los pa\u00edses \u00e1rabes y no vender lo mismo aqu\u00ed en la Argentina?\u00bb, su argumento apunta a construir una base de demanda dom\u00e9stica estable y premium.&nbsp;<\/p>\n\n\n\n<p>Fortalecer el mercado local no solo crea oportunidades de negocio, sino que tambi\u00e9n reduce la exposici\u00f3n a la volatilidad de la log\u00edstica internacional, los tipos de cambio y los costos portuarios, generando un negocio m\u00e1s resiliente para toda la cadena.<\/p>\n<div class=\"todoalfalfa-final-de-la-nota\" id=\"todoalfalfa-2371659608\"><a href=\"https:\/\/www.whatsapp.com\/channel\/0029VbCBmFB9WtBxJsD3eC2i\" target=\"_blank\" aria-label=\"5\"><img src=\"https:\/\/i0.wp.com\/www.todoalfalfa.com.ar\/noticias\/wp-content\/uploads\/2026\/04\/5.gif?fit=728%2C90&#038;ssl=1\" alt=\"\"  width=\"728\" height=\"90\"   \/><\/a><\/div>","protected":false},"excerpt":{"rendered":"<p>En el marco de la presentaci\u00f3n de las nuevas variedades de semillas de Palo Verde, hubo un momento para analizar el contexto actual de la producci\u00f3n alfalfera. Del mismo participaron el ingeniero agr\u00f3nomo Daniel Basigalup, Jos\u00e9 Brigante (C\u00e1mara Argentina de la Alfalfa) y Fabi\u00e1n Russo (Cl\u00faster de Alfalfa de C\u00f3rdoba).<\/p>\n","protected":false},"author":9,"featured_media":51462,"comment_status":"closed","ping_status":"open","sticky":false,"template":"","format":"standard","meta":{"jetpack_post_was_ever_published":false,"_jetpack_newsletter_access":"","_jetpack_dont_email_post_to_subs":false,"_jetpack_newsletter_tier_id":0,"_jetpack_memberships_contains_paywalled_content":false,"_jetpack_memberships_contains_paid_content":false,"footnotes":""},"categories":[2],"tags":[31,105,1581,1925,1486,236,1530,54,68,36,2066,17,21,91],"class_list":["post-51454","post","type-post","status-publish","format-standard","has-post-thumbnail","hentry","category-generales","tag-alfalfa","tag-argentina","tag-camara-argentina-de-alfalfa","tag-cluster-alfalfa-de-cordoba","tag-daniel-basigalup","tag-exportacion","tag-fabian-russo-2","tag-forrajes","tag-heno","tag-inta","tag-jose-brigante-2","tag-pasturas","tag-produccion","tag-siembra"],"yoast_head":"<!-- This site is optimized with the Yoast SEO plugin v25.5 - https:\/\/yoast.com\/wordpress\/plugins\/seo\/ -->\n<title>Argentina, un gigante dormido con potencial para liderar el mercado mundial de alfalfa<\/title>\n<meta name=\"robots\" content=\"index, follow, max-snippet:-1, max-image-preview:large, max-video-preview:-1\" \/>\n<link rel=\"canonical\" href=\"https:\/\/www.todoalfalfa.com.ar\/noticias\/argentina-un-gigante-dormido-con-potencial-para-liderar-el-mercado-mundial-de-alfalfa\/\" \/>\n<meta property=\"og:locale\" content=\"es_ES\" \/>\n<meta property=\"og:type\" content=\"article\" \/>\n<meta property=\"og:title\" content=\"Argentina, un gigante dormido con potencial para liderar el mercado mundial de alfalfa\" \/>\n<meta property=\"og:description\" content=\"En el marco de la presentaci\u00f3n de las nuevas variedades de semillas de Palo Verde, hubo un momento para analizar el contexto actual de la producci\u00f3n alfalfera. Del mismo participaron el ingeniero agr\u00f3nomo Daniel Basigalup, Jos\u00e9 Brigante (C\u00e1mara Argentina de la Alfalfa) y Fabi\u00e1n Russo (Cl\u00faster de Alfalfa de C\u00f3rdoba).\" \/>\n<meta property=\"og:url\" content=\"https:\/\/www.todoalfalfa.com.ar\/noticias\/argentina-un-gigante-dormido-con-potencial-para-liderar-el-mercado-mundial-de-alfalfa\/\" \/>\n<meta property=\"og:site_name\" content=\"Todo Alfalfa\" \/>\n<meta property=\"article:publisher\" content=\"https:\/\/www.facebook.com\/todoalfalfa\" \/>\n<meta property=\"article:published_time\" content=\"2025-12-16T14:09:24+00:00\" \/>\n<meta property=\"article:modified_time\" content=\"2025-12-16T14:09:30+00:00\" \/>\n<meta property=\"og:image\" content=\"https:\/\/www.todoalfalfa.com.ar\/noticias\/wp-content\/uploads\/2025\/12\/20251211_155352-scaled.jpg\" \/>\n\t<meta property=\"og:image:width\" content=\"2560\" \/>\n\t<meta property=\"og:image:height\" content=\"1441\" \/>\n\t<meta property=\"og:image:type\" content=\"image\/jpeg\" \/>\n<meta name=\"author\" content=\"Todo Alfalfa\" \/>\n<meta name=\"twitter:card\" content=\"summary_large_image\" \/>\n<meta name=\"twitter:label1\" content=\"Escrito por\" \/>\n\t<meta name=\"twitter:data1\" content=\"Todo Alfalfa\" \/>\n\t<meta name=\"twitter:label2\" content=\"Tiempo de lectura\" \/>\n\t<meta name=\"twitter:data2\" content=\"9 minutos\" \/>\n<script type=\"application\/ld+json\" class=\"yoast-schema-graph\">{\"@context\":\"https:\/\/schema.org\",\"@graph\":[{\"@type\":\"NewsArticle\",\"@id\":\"https:\/\/www.todoalfalfa.com.ar\/noticias\/argentina-un-gigante-dormido-con-potencial-para-liderar-el-mercado-mundial-de-alfalfa\/#article\",\"isPartOf\":{\"@id\":\"https:\/\/www.todoalfalfa.com.ar\/noticias\/argentina-un-gigante-dormido-con-potencial-para-liderar-el-mercado-mundial-de-alfalfa\/\"},\"author\":{\"name\":\"Todo Alfalfa\",\"@id\":\"https:\/\/www.todoalfalfa.com.ar\/noticias\/#\/schema\/person\/99de93cb711c7015ef658e5321ba9f18\"},\"headline\":\"Argentina, un gigante dormido con potencial para liderar el mercado mundial de alfalfa\",\"datePublished\":\"2025-12-16T14:09:24+00:00\",\"dateModified\":\"2025-12-16T14:09:30+00:00\",\"mainEntityOfPage\":{\"@id\":\"https:\/\/www.todoalfalfa.com.ar\/noticias\/argentina-un-gigante-dormido-con-potencial-para-liderar-el-mercado-mundial-de-alfalfa\/\"},\"wordCount\":1691,\"publisher\":{\"@id\":\"https:\/\/www.todoalfalfa.com.ar\/noticias\/#organization\"},\"image\":{\"@id\":\"https:\/\/www.todoalfalfa.com.ar\/noticias\/argentina-un-gigante-dormido-con-potencial-para-liderar-el-mercado-mundial-de-alfalfa\/#primaryimage\"},\"thumbnailUrl\":\"https:\/\/i0.wp.com\/www.todoalfalfa.com.ar\/noticias\/wp-content\/uploads\/2025\/12\/20251211_155352-scaled.jpg?fit=2560%2C1441&ssl=1\",\"keywords\":[\"alfalfa\",\"Argentina\",\"C\u00e1mara Argentina de Alfalfa\",\"Cl\u00faster Alfalfa de C\u00f3rdoba\",\"Daniel Basigalup\",\"exportaci\u00f3n\",\"Fabian Russo\",\"forrajes\",\"heno\",\"inta\",\"Jose Brigante\",\"pasturas\",\"producci\u00f3n\",\"siembra\"],\"articleSection\":[\"Generales\"],\"inLanguage\":\"es\"},{\"@type\":[\"WebPage\",\"ItemPage\"],\"@id\":\"https:\/\/www.todoalfalfa.com.ar\/noticias\/argentina-un-gigante-dormido-con-potencial-para-liderar-el-mercado-mundial-de-alfalfa\/\",\"url\":\"https:\/\/www.todoalfalfa.com.ar\/noticias\/argentina-un-gigante-dormido-con-potencial-para-liderar-el-mercado-mundial-de-alfalfa\/\",\"name\":\"Argentina, un gigante dormido con potencial para liderar el mercado mundial de alfalfa\",\"isPartOf\":{\"@id\":\"https:\/\/www.todoalfalfa.com.ar\/noticias\/#website\"},\"primaryImageOfPage\":{\"@id\":\"https:\/\/www.todoalfalfa.com.ar\/noticias\/argentina-un-gigante-dormido-con-potencial-para-liderar-el-mercado-mundial-de-alfalfa\/#primaryimage\"},\"image\":{\"@id\":\"https:\/\/www.todoalfalfa.com.ar\/noticias\/argentina-un-gigante-dormido-con-potencial-para-liderar-el-mercado-mundial-de-alfalfa\/#primaryimage\"},\"thumbnailUrl\":\"https:\/\/i0.wp.com\/www.todoalfalfa.com.ar\/noticias\/wp-content\/uploads\/2025\/12\/20251211_155352-scaled.jpg?fit=2560%2C1441&ssl=1\",\"datePublished\":\"2025-12-16T14:09:24+00:00\",\"dateModified\":\"2025-12-16T14:09:30+00:00\",\"breadcrumb\":{\"@id\":\"https:\/\/www.todoalfalfa.com.ar\/noticias\/argentina-un-gigante-dormido-con-potencial-para-liderar-el-mercado-mundial-de-alfalfa\/#breadcrumb\"},\"inLanguage\":\"es\",\"potentialAction\":[{\"@type\":\"ReadAction\",\"target\":[\"https:\/\/www.todoalfalfa.com.ar\/noticias\/argentina-un-gigante-dormido-con-potencial-para-liderar-el-mercado-mundial-de-alfalfa\/\"]}]},{\"@type\":\"ImageObject\",\"inLanguage\":\"es\",\"@id\":\"https:\/\/www.todoalfalfa.com.ar\/noticias\/argentina-un-gigante-dormido-con-potencial-para-liderar-el-mercado-mundial-de-alfalfa\/#primaryimage\",\"url\":\"https:\/\/i0.wp.com\/www.todoalfalfa.com.ar\/noticias\/wp-content\/uploads\/2025\/12\/20251211_155352-scaled.jpg?fit=2560%2C1441&ssl=1\",\"contentUrl\":\"https:\/\/i0.wp.com\/www.todoalfalfa.com.ar\/noticias\/wp-content\/uploads\/2025\/12\/20251211_155352-scaled.jpg?fit=2560%2C1441&ssl=1\",\"width\":2560,\"height\":1441},{\"@type\":\"BreadcrumbList\",\"@id\":\"https:\/\/www.todoalfalfa.com.ar\/noticias\/argentina-un-gigante-dormido-con-potencial-para-liderar-el-mercado-mundial-de-alfalfa\/#breadcrumb\",\"itemListElement\":[{\"@type\":\"ListItem\",\"position\":1,\"name\":\"Principal\",\"item\":\"https:\/\/www.todoalfalfa.com.ar\/noticias\/\"},{\"@type\":\"ListItem\",\"position\":2,\"name\":\"Argentina, un gigante dormido con potencial para liderar el mercado mundial de alfalfa\"}]},{\"@type\":\"WebSite\",\"@id\":\"https:\/\/www.todoalfalfa.com.ar\/noticias\/#website\",\"url\":\"https:\/\/www.todoalfalfa.com.ar\/noticias\/\",\"name\":\"Todo Alfalfa\",\"description\":\"Web informativa de la cadena de la alfalfa argentina\",\"publisher\":{\"@id\":\"https:\/\/www.todoalfalfa.com.ar\/noticias\/#organization\"},\"potentialAction\":[{\"@type\":\"SearchAction\",\"target\":{\"@type\":\"EntryPoint\",\"urlTemplate\":\"https:\/\/www.todoalfalfa.com.ar\/noticias\/?s={search_term_string}\"},\"query-input\":{\"@type\":\"PropertyValueSpecification\",\"valueRequired\":true,\"valueName\":\"search_term_string\"}}],\"inLanguage\":\"es\"},{\"@type\":\"Organization\",\"@id\":\"https:\/\/www.todoalfalfa.com.ar\/noticias\/#organization\",\"name\":\"Todo Alfalfa\",\"url\":\"https:\/\/www.todoalfalfa.com.ar\/noticias\/\",\"logo\":{\"@type\":\"ImageObject\",\"inLanguage\":\"es\",\"@id\":\"https:\/\/www.todoalfalfa.com.ar\/noticias\/#\/schema\/logo\/image\/\",\"url\":\"https:\/\/www.todoalfalfa.com.ar\/noticias\/wp-content\/uploads\/2020\/09\/logo-todo-alfalfa-modificado.png\",\"contentUrl\":\"https:\/\/www.todoalfalfa.com.ar\/noticias\/wp-content\/uploads\/2020\/09\/logo-todo-alfalfa-modificado.png\",\"width\":350,\"height\":100,\"caption\":\"Todo Alfalfa\"},\"image\":{\"@id\":\"https:\/\/www.todoalfalfa.com.ar\/noticias\/#\/schema\/logo\/image\/\"},\"sameAs\":[\"https:\/\/www.facebook.com\/todoalfalfa\",\"https:\/\/www.instagram.com\/todoalfalfa\",\"https:\/\/www.youtube.com\/@TodoAlfalfa\",\"https:\/\/www.linkedin.com\/company\/todoalfalfa\/\"]},{\"@type\":\"Person\",\"@id\":\"https:\/\/www.todoalfalfa.com.ar\/noticias\/#\/schema\/person\/99de93cb711c7015ef658e5321ba9f18\",\"name\":\"Todo Alfalfa\",\"image\":{\"@type\":\"ImageObject\",\"inLanguage\":\"es\",\"@id\":\"https:\/\/www.todoalfalfa.com.ar\/noticias\/#\/schema\/person\/image\/\",\"url\":\"https:\/\/secure.gravatar.com\/avatar\/50ffd12fb7b268bc2467160730786602db252a270c63104e7c19b5f67b8dd346?s=96&d=mm&r=g\",\"contentUrl\":\"https:\/\/secure.gravatar.com\/avatar\/50ffd12fb7b268bc2467160730786602db252a270c63104e7c19b5f67b8dd346?s=96&d=mm&r=g\",\"caption\":\"Todo Alfalfa\"},\"url\":\"https:\/\/www.todoalfalfa.com.ar\/noticias\/author\/osvaldoiachetta\/\"}]}<\/script>\n<!-- \/ Yoast SEO plugin. -->","yoast_head_json":{"title":"Argentina, un gigante dormido con potencial para liderar el mercado mundial de alfalfa","robots":{"index":"index","follow":"follow","max-snippet":"max-snippet:-1","max-image-preview":"max-image-preview:large","max-video-preview":"max-video-preview:-1"},"canonical":"https:\/\/www.todoalfalfa.com.ar\/noticias\/argentina-un-gigante-dormido-con-potencial-para-liderar-el-mercado-mundial-de-alfalfa\/","og_locale":"es_ES","og_type":"article","og_title":"Argentina, un gigante dormido con potencial para liderar el mercado mundial de alfalfa","og_description":"En el marco de la presentaci\u00f3n de las nuevas variedades de semillas de Palo Verde, hubo un momento para analizar el contexto actual de la producci\u00f3n alfalfera. Del mismo participaron el ingeniero agr\u00f3nomo Daniel Basigalup, Jos\u00e9 Brigante (C\u00e1mara Argentina de la Alfalfa) y Fabi\u00e1n Russo (Cl\u00faster de Alfalfa de C\u00f3rdoba).","og_url":"https:\/\/www.todoalfalfa.com.ar\/noticias\/argentina-un-gigante-dormido-con-potencial-para-liderar-el-mercado-mundial-de-alfalfa\/","og_site_name":"Todo Alfalfa","article_publisher":"https:\/\/www.facebook.com\/todoalfalfa","article_published_time":"2025-12-16T14:09:24+00:00","article_modified_time":"2025-12-16T14:09:30+00:00","og_image":[{"width":2560,"height":1441,"url":"https:\/\/www.todoalfalfa.com.ar\/noticias\/wp-content\/uploads\/2025\/12\/20251211_155352-scaled.jpg","type":"image\/jpeg"}],"author":"Todo Alfalfa","twitter_card":"summary_large_image","twitter_misc":{"Escrito por":"Todo Alfalfa","Tiempo de lectura":"9 minutos"},"schema":{"@context":"https:\/\/schema.org","@graph":[{"@type":"NewsArticle","@id":"https:\/\/www.todoalfalfa.com.ar\/noticias\/argentina-un-gigante-dormido-con-potencial-para-liderar-el-mercado-mundial-de-alfalfa\/#article","isPartOf":{"@id":"https:\/\/www.todoalfalfa.com.ar\/noticias\/argentina-un-gigante-dormido-con-potencial-para-liderar-el-mercado-mundial-de-alfalfa\/"},"author":{"name":"Todo Alfalfa","@id":"https:\/\/www.todoalfalfa.com.ar\/noticias\/#\/schema\/person\/99de93cb711c7015ef658e5321ba9f18"},"headline":"Argentina, un gigante dormido con potencial para liderar el mercado mundial de alfalfa","datePublished":"2025-12-16T14:09:24+00:00","dateModified":"2025-12-16T14:09:30+00:00","mainEntityOfPage":{"@id":"https:\/\/www.todoalfalfa.com.ar\/noticias\/argentina-un-gigante-dormido-con-potencial-para-liderar-el-mercado-mundial-de-alfalfa\/"},"wordCount":1691,"publisher":{"@id":"https:\/\/www.todoalfalfa.com.ar\/noticias\/#organization"},"image":{"@id":"https:\/\/www.todoalfalfa.com.ar\/noticias\/argentina-un-gigante-dormido-con-potencial-para-liderar-el-mercado-mundial-de-alfalfa\/#primaryimage"},"thumbnailUrl":"https:\/\/i0.wp.com\/www.todoalfalfa.com.ar\/noticias\/wp-content\/uploads\/2025\/12\/20251211_155352-scaled.jpg?fit=2560%2C1441&ssl=1","keywords":["alfalfa","Argentina","C\u00e1mara Argentina de Alfalfa","Cl\u00faster Alfalfa de C\u00f3rdoba","Daniel Basigalup","exportaci\u00f3n","Fabian Russo","forrajes","heno","inta","Jose Brigante","pasturas","producci\u00f3n","siembra"],"articleSection":["Generales"],"inLanguage":"es"},{"@type":["WebPage","ItemPage"],"@id":"https:\/\/www.todoalfalfa.com.ar\/noticias\/argentina-un-gigante-dormido-con-potencial-para-liderar-el-mercado-mundial-de-alfalfa\/","url":"https:\/\/www.todoalfalfa.com.ar\/noticias\/argentina-un-gigante-dormido-con-potencial-para-liderar-el-mercado-mundial-de-alfalfa\/","name":"Argentina, un gigante dormido con potencial para liderar el mercado mundial de alfalfa","isPartOf":{"@id":"https:\/\/www.todoalfalfa.com.ar\/noticias\/#website"},"primaryImageOfPage":{"@id":"https:\/\/www.todoalfalfa.com.ar\/noticias\/argentina-un-gigante-dormido-con-potencial-para-liderar-el-mercado-mundial-de-alfalfa\/#primaryimage"},"image":{"@id":"https:\/\/www.todoalfalfa.com.ar\/noticias\/argentina-un-gigante-dormido-con-potencial-para-liderar-el-mercado-mundial-de-alfalfa\/#primaryimage"},"thumbnailUrl":"https:\/\/i0.wp.com\/www.todoalfalfa.com.ar\/noticias\/wp-content\/uploads\/2025\/12\/20251211_155352-scaled.jpg?fit=2560%2C1441&ssl=1","datePublished":"2025-12-16T14:09:24+00:00","dateModified":"2025-12-16T14:09:30+00:00","breadcrumb":{"@id":"https:\/\/www.todoalfalfa.com.ar\/noticias\/argentina-un-gigante-dormido-con-potencial-para-liderar-el-mercado-mundial-de-alfalfa\/#breadcrumb"},"inLanguage":"es","potentialAction":[{"@type":"ReadAction","target":["https:\/\/www.todoalfalfa.com.ar\/noticias\/argentina-un-gigante-dormido-con-potencial-para-liderar-el-mercado-mundial-de-alfalfa\/"]}]},{"@type":"ImageObject","inLanguage":"es","@id":"https:\/\/www.todoalfalfa.com.ar\/noticias\/argentina-un-gigante-dormido-con-potencial-para-liderar-el-mercado-mundial-de-alfalfa\/#primaryimage","url":"https:\/\/i0.wp.com\/www.todoalfalfa.com.ar\/noticias\/wp-content\/uploads\/2025\/12\/20251211_155352-scaled.jpg?fit=2560%2C1441&ssl=1","contentUrl":"https:\/\/i0.wp.com\/www.todoalfalfa.com.ar\/noticias\/wp-content\/uploads\/2025\/12\/20251211_155352-scaled.jpg?fit=2560%2C1441&ssl=1","width":2560,"height":1441},{"@type":"BreadcrumbList","@id":"https:\/\/www.todoalfalfa.com.ar\/noticias\/argentina-un-gigante-dormido-con-potencial-para-liderar-el-mercado-mundial-de-alfalfa\/#breadcrumb","itemListElement":[{"@type":"ListItem","position":1,"name":"Principal","item":"https:\/\/www.todoalfalfa.com.ar\/noticias\/"},{"@type":"ListItem","position":2,"name":"Argentina, un gigante dormido con potencial para liderar el mercado mundial de alfalfa"}]},{"@type":"WebSite","@id":"https:\/\/www.todoalfalfa.com.ar\/noticias\/#website","url":"https:\/\/www.todoalfalfa.com.ar\/noticias\/","name":"Todo Alfalfa","description":"Web informativa de la cadena de la alfalfa argentina","publisher":{"@id":"https:\/\/www.todoalfalfa.com.ar\/noticias\/#organization"},"potentialAction":[{"@type":"SearchAction","target":{"@type":"EntryPoint","urlTemplate":"https:\/\/www.todoalfalfa.com.ar\/noticias\/?s={search_term_string}"},"query-input":{"@type":"PropertyValueSpecification","valueRequired":true,"valueName":"search_term_string"}}],"inLanguage":"es"},{"@type":"Organization","@id":"https:\/\/www.todoalfalfa.com.ar\/noticias\/#organization","name":"Todo Alfalfa","url":"https:\/\/www.todoalfalfa.com.ar\/noticias\/","logo":{"@type":"ImageObject","inLanguage":"es","@id":"https:\/\/www.todoalfalfa.com.ar\/noticias\/#\/schema\/logo\/image\/","url":"https:\/\/www.todoalfalfa.com.ar\/noticias\/wp-content\/uploads\/2020\/09\/logo-todo-alfalfa-modificado.png","contentUrl":"https:\/\/www.todoalfalfa.com.ar\/noticias\/wp-content\/uploads\/2020\/09\/logo-todo-alfalfa-modificado.png","width":350,"height":100,"caption":"Todo Alfalfa"},"image":{"@id":"https:\/\/www.todoalfalfa.com.ar\/noticias\/#\/schema\/logo\/image\/"},"sameAs":["https:\/\/www.facebook.com\/todoalfalfa","https:\/\/www.instagram.com\/todoalfalfa","https:\/\/www.youtube.com\/@TodoAlfalfa","https:\/\/www.linkedin.com\/company\/todoalfalfa\/"]},{"@type":"Person","@id":"https:\/\/www.todoalfalfa.com.ar\/noticias\/#\/schema\/person\/99de93cb711c7015ef658e5321ba9f18","name":"Todo Alfalfa","image":{"@type":"ImageObject","inLanguage":"es","@id":"https:\/\/www.todoalfalfa.com.ar\/noticias\/#\/schema\/person\/image\/","url":"https:\/\/secure.gravatar.com\/avatar\/50ffd12fb7b268bc2467160730786602db252a270c63104e7c19b5f67b8dd346?s=96&d=mm&r=g","contentUrl":"https:\/\/secure.gravatar.com\/avatar\/50ffd12fb7b268bc2467160730786602db252a270c63104e7c19b5f67b8dd346?s=96&d=mm&r=g","caption":"Todo Alfalfa"},"url":"https:\/\/www.todoalfalfa.com.ar\/noticias\/author\/osvaldoiachetta\/"}]}},"jetpack_featured_media_url":"https:\/\/i0.wp.com\/www.todoalfalfa.com.ar\/noticias\/wp-content\/uploads\/2025\/12\/20251211_155352-scaled.jpg?fit=2560%2C1441&ssl=1","wps_subtitle":"","jetpack_sharing_enabled":true,"_links":{"self":[{"href":"https:\/\/www.todoalfalfa.com.ar\/noticias\/wp-json\/wp\/v2\/posts\/51454","targetHints":{"allow":["GET"]}}],"collection":[{"href":"https:\/\/www.todoalfalfa.com.ar\/noticias\/wp-json\/wp\/v2\/posts"}],"about":[{"href":"https:\/\/www.todoalfalfa.com.ar\/noticias\/wp-json\/wp\/v2\/types\/post"}],"author":[{"embeddable":true,"href":"https:\/\/www.todoalfalfa.com.ar\/noticias\/wp-json\/wp\/v2\/users\/9"}],"replies":[{"embeddable":true,"href":"https:\/\/www.todoalfalfa.com.ar\/noticias\/wp-json\/wp\/v2\/comments?post=51454"}],"version-history":[{"count":1,"href":"https:\/\/www.todoalfalfa.com.ar\/noticias\/wp-json\/wp\/v2\/posts\/51454\/revisions"}],"predecessor-version":[{"id":51464,"href":"https:\/\/www.todoalfalfa.com.ar\/noticias\/wp-json\/wp\/v2\/posts\/51454\/revisions\/51464"}],"wp:featuredmedia":[{"embeddable":true,"href":"https:\/\/www.todoalfalfa.com.ar\/noticias\/wp-json\/wp\/v2\/media\/51462"}],"wp:attachment":[{"href":"https:\/\/www.todoalfalfa.com.ar\/noticias\/wp-json\/wp\/v2\/media?parent=51454"}],"wp:term":[{"taxonomy":"category","embeddable":true,"href":"https:\/\/www.todoalfalfa.com.ar\/noticias\/wp-json\/wp\/v2\/categories?post=51454"},{"taxonomy":"post_tag","embeddable":true,"href":"https:\/\/www.todoalfalfa.com.ar\/noticias\/wp-json\/wp\/v2\/tags?post=51454"}],"curies":[{"name":"wp","href":"https:\/\/api.w.org\/{rel}","templated":true}]}}