{"id":51465,"date":"2025-12-16T12:23:33","date_gmt":"2025-12-16T15:23:33","guid":{"rendered":"https:\/\/www.todoalfalfa.com.ar\/noticias\/?p=51465"},"modified":"2025-12-19T09:37:34","modified_gmt":"2025-12-19T12:37:34","slug":"con-amaya-como-la-gran-estrella-palo-verde-presento-tres-variedades-de-semillas","status":"publish","type":"post","link":"https:\/\/www.todoalfalfa.com.ar\/noticias\/con-amaya-como-la-gran-estrella-palo-verde-presento-tres-variedades-de-semillas\/","title":{"rendered":"Con Amaya como la gran estrella, Palo Verde present\u00f3 tres variedades de semillas"},"content":{"rendered":"\n<p>D\u00edas atr\u00e1s la empresa Palo Verde present\u00f3 tres nuevas variedades de semillas que estar\u00e1n disponibles en el mercado para la pr\u00f3xima campa\u00f1a. Marta \u00c1lvarez, bi\u00f3loga y referente de la empresa, destac\u00f3 el \u201ca\u00f1o intenso de trabajo colaborativo y los resultados positivos\u201d.<\/p>\n\n\n\n<p>En la ocasi\u00f3n, a trav\u00e9s del Convenio de Vinculaci\u00f3n Tecnol\u00f3gica que la empresa mantiene con el INTA pudieron presentar oficialmente las variedades Amaya, Kumen y Malten, algo que \u00c1lvarez hab\u00eda anticipado meses atr\u00e1s en una charla con TodoAlfalfa.<\/p>\n\n\n\n<figure class=\"wp-block-embed is-type-wp-embed is-provider-todo-alfalfa wp-block-embed-todo-alfalfa\"><div class=\"wp-block-embed__wrapper\">\n<blockquote class=\"wp-embedded-content\" data-secret=\"YkgIPssZH4\"><a href=\"https:\/\/www.todoalfalfa.com.ar\/noticias\/palo-verde-presentara-tres-nuevas-variedades-de-semillas\/\">Palo Verde presentar\u00e1 tres nuevas variedades de semillas<\/a><\/blockquote><iframe class=\"wp-embedded-content\" sandbox=\"allow-scripts\" security=\"restricted\" style=\"position: absolute; visibility: hidden;\" title=\"\u00abPalo Verde presentar\u00e1 tres nuevas variedades de semillas\u00bb \u2014 Todo Alfalfa\" src=\"https:\/\/www.todoalfalfa.com.ar\/noticias\/palo-verde-presentara-tres-nuevas-variedades-de-semillas\/embed\/#?secret=pnAQRr64eI#?secret=YkgIPssZH4\" data-secret=\"YkgIPssZH4\" width=\"500\" height=\"282\" frameborder=\"0\" marginwidth=\"0\" marginheight=\"0\" scrolling=\"no\"><\/iframe>\n<\/div><\/figure>\n\n\n\n<p><strong>Amaya: La variedad estrella para un mercado exigente<\/strong><\/p>\n\n\n\n<p>En un sector agroindustrial donde la innovaci\u00f3n gen\u00e9tica dicta el ritmo de la competitividad, la capacidad de anticipar y responder a las demandas del mercado es crucial. Es en este escenario donde el lanzamiento de la variedad \u00abAmaya\u00bb por parte de Palo Verde adquiere una relevancia estrat\u00e9gica.<\/p>\n\n\n\n<p>Marta Alvarez la describe como la variedad \u00abmultifoliada\u00bb y la \u00abfigurita\u00bb de la empresa para el nuevo a\u00f1o. Su perfil gen\u00e9tico la hace ideal para tres de los segmentos m\u00e1s din\u00e1micos de la producci\u00f3n agropecuaria:<\/p>\n\n\n\n<p>\u2022 Producci\u00f3n de heno: Se posiciona como una opci\u00f3n ideal para este mercado, calificado como un sector en pleno crecimiento.<\/p>\n\n\n\n<p>\u2022 Tambos y lecher\u00eda: Su perfil se adapta perfectamente a los requerimientos nutricionales y de rendimiento del sector l\u00e1cteo.<\/p>\n\n\n\n<p>\u2022 Planteos intensivos de carne: Ofrece una alternativa de alta calidad para los sistemas de producci\u00f3n ganadera intensiva.<\/p>\n\n\n\n<figure class=\"wp-block-embed is-type-video is-provider-youtube wp-block-embed-youtube wp-embed-aspect-16-9 wp-has-aspect-ratio\"><div class=\"wp-block-embed__wrapper\">\n<iframe title=\"Con Amaya como la gran estrella, Palo Verde present\u00f3 tres variedades de semillas\" width=\"500\" height=\"281\" src=\"https:\/\/www.youtube.com\/embed\/mBbHvaPGgs8?feature=oembed\" frameborder=\"0\" allow=\"accelerometer; autoplay; clipboard-write; encrypted-media; gyroscope; picture-in-picture; web-share\" referrerpolicy=\"strict-origin-when-cross-origin\" allowfullscreen><\/iframe>\n<\/div><\/figure>\n\n\n\n<p>En ese marco, Ariel Odorizzi, ingeniero agr\u00f3nomo y mejorador gen\u00e9tico del INTA Manfredi, destac\u00f3 que es \u201cun desarrollo de 13 a\u00f1os caracterizado por su extremo grado de reposo invernal cero (grado 10) y su multifoliolosidad, resultando en una mayor relaci\u00f3n hoja\/tallo y alto contenido de prote\u00edna, ideal para heno de alta calidad\u201d.&nbsp;<\/p>\n\n\n\n<p>Agreg\u00f3 que \u201cel objetivo final de estas innovaciones es traducir la calidad de la alfalfa en kilos de carne y litros de leche para los sectores ganadero y lechero\u201d.<\/p>\n\n\n\n<p>Esta versatilidad posiciona a \u00abAmaya\u00bb de manera \u00fanica para, en palabras de Alvarez, \u00ababarcar todo lo que necesita hoy el mercado\u00bb. El valor estrat\u00e9gico de ofrecer una soluci\u00f3n gen\u00e9tica integral, capaz de satisfacer las necesidades de m\u00faltiples segmentos de alta demanda con un solo producto, es innegable. Esta capacidad de adaptaci\u00f3n la convierte en una herramienta clave para productores que buscan maximizar la eficiencia y rentabilidad de sus explotaciones.<\/p>\n\n\n\n<figure class=\"wp-block-embed is-type-video is-provider-youtube wp-block-embed-youtube wp-embed-aspect-16-9 wp-has-aspect-ratio\"><div class=\"wp-block-embed__wrapper\">\n<iframe title=\"Amaya, la &quot;ni\u00f1a bonita&quot; de Palo Verde\" width=\"500\" height=\"281\" src=\"https:\/\/www.youtube.com\/embed\/tstnFR2jJmo?feature=oembed\" frameborder=\"0\" allow=\"accelerometer; autoplay; clipboard-write; encrypted-media; gyroscope; picture-in-picture; web-share\" referrerpolicy=\"strict-origin-when-cross-origin\" allowfullscreen><\/iframe>\n<\/div><\/figure>\n\n\n\n<p><strong>Un lanzamiento estrat\u00e9gico en un contexto favorable<\/strong><\/p>\n\n\n\n<p>Esta presentaci\u00f3n se da en un contexto econ\u00f3mico y productivo ideal. Seg\u00fan la visi\u00f3n de Marta Alvarez, a pesar de la volatilidad caracter\u00edstica de la econom\u00eda argentina -un \u00absube y baja\u00bb constante-, las nuevas variedades llegan en un \u00abmomento bueno\u00bb para sectores clave.&nbsp;<\/p>\n\n\n\n<p>Esta coyuntura positiva se refleja en el desempe\u00f1o de:<\/p>\n\n\n\n<p>\u2022 La ganader\u00eda, que atraviesa un \u00abmomento muy bueno\u00bb.<\/p>\n\n\n\n<p>\u2022 La lecher\u00eda y el tambo, un sector que, a pesar de sus caracter\u00edsticos \u00abaltibajos\u00bb, Alvarez confirma que \u00abest\u00e1 bien posicionada hoy\u00bb.<\/p>\n\n\n\n<p>\u2022 El mercado del heno, calificado como un sector \u00abque est\u00e1 en crecimiento\u00bb.<\/p>\n\n\n\n<p>Esta alineaci\u00f3n entre la oferta de un producto innovador y una demanda sectorial fortalecida genera un entorno de alta esperanza para la adopci\u00f3n de las nuevas gen\u00e9ticas.<\/p>\n\n\n\n<p>Para capitalizar este contexto favorable, Palo Verde ha implementado una s\u00f3lida estrategia comercial. La referente de la empresa confirm\u00f3 que la red de vendedores de la compa\u00f1\u00eda ha sido preparada durante el a\u00f1o con el objetivo de lanzar las estrategias de venta de las tres nuevas variedades de cara a la campa\u00f1a de 2026. Esta planificaci\u00f3n anticipada asegura que el equipo comercial est\u00e9 equipado para comunicar el valor y las ventajas t\u00e9cnicas de los nuevos productos a los productores de todo el pa\u00eds.<\/p>\n\n\n\n<p>Esta ofensiva comercial es la culminaci\u00f3n de un riguroso proceso de I+D, posible \u00fanicamente gracias a una alianza estrat\u00e9gica que ha demostrado su resiliencia en tiempos de incertidumbre.<\/p>\n\n\n\n<p><strong>La alianza p\u00fablico-privada como motor de innovaci\u00f3n<\/strong><\/p>\n\n\n\n<p>El lanzamiento de Amaya, Kumen y Malten es un claro ejemplo del potencial que encierran las alianzas entre el sector privado y las instituciones p\u00fablicas de investigaci\u00f3n. La colaboraci\u00f3n entre Palo Verde y el INTA se revela como un motor fundamental para la innovaci\u00f3n y la competitividad del campo argentino.<\/p>\n\n\n\n<p>All\u00ed, se crearon tambi\u00e9n las variedades restantes que se presentaron. En el caso de Malten, Valeria Arolfo, bi\u00f3loga y responsable de dicha presentaci\u00f3n explic\u00f3 a TodoAlfalfa que \u201ces una reselecci\u00f3n desarrollada a lo largo de 13 a\u00f1os con el objetivo primordial de brindar soluciones al empaste en el ganado\u201d.&nbsp;<\/p>\n\n\n\n<figure class=\"wp-block-embed is-type-video is-provider-youtube wp-block-embed-youtube wp-embed-aspect-16-9 wp-has-aspect-ratio\"><div class=\"wp-block-embed__wrapper\">\n<iframe title=\"Una variedad que brinda soluciones al empaste\" width=\"500\" height=\"281\" src=\"https:\/\/www.youtube.com\/embed\/TSwRqzPMrdc?feature=oembed\" frameborder=\"0\" allow=\"accelerometer; autoplay; clipboard-write; encrypted-media; gyroscope; picture-in-picture; web-share\" referrerpolicy=\"strict-origin-when-cross-origin\" allowfullscreen><\/iframe>\n<\/div><\/figure>\n\n\n\n<p>Remarc\u00f3 que \u201cesta variedad se distingue por tener una tasa de desaparici\u00f3n ruminal inicial menor, lo que significa que produce menos gases en el rumen que otras variedades comunes, mitigando as\u00ed la hinchaz\u00f3n potencialmente mortal que se conoce como empaste\u201d.<\/p>\n\n\n\n<p>Mientras que Kumen, en palabras de M\u00f3nica Cornacchione, ingeniera agr\u00f3noma que trabajo en el desarrollo de la misma, \u201ces nueva variedad de alfalfa sin latencia (grado 9) dise\u00f1ada para prosperar en ambientes dif\u00edciles, especialmente suelos con problemas de salinidad comunes en muchas regiones de Argentina\u201d.\u00a0<\/p>\n\n\n\n<p>\u201cLa creaci\u00f3n de este cultivar tard\u00f3 13 a\u00f1os, incluyendo ciclos de selecci\u00f3n fenot\u00edpica en el campo y tres a\u00f1os de exhaustiva investigaci\u00f3n en condiciones controladas de laboratorio para determinar con precisi\u00f3n su tolerancia a la salinidad. Los estudios revelaron que esta alfalfa es significativamente m\u00e1s tolerante de lo que indicaba la literatura antigua, manteniendo una buena producci\u00f3n incluso en condiciones salinas donde otros cultivos no sobrevivir\u00edan\u201d, dijo.&nbsp;<\/p>\n\n\n\n<p>\u201cEl prop\u00f3sito de este material es permitir la explotaci\u00f3n de suelos marginales, hist\u00f3ricamente descuidados, e integrar la alfalfa en sistemas de rotaci\u00f3n de cultivos, ofreciendo una soluci\u00f3n gen\u00e9tica clave para la agricultura en ambientes estresantes\u201d, concluy\u00f3.<\/p>\n\n\n\n<figure class=\"wp-block-embed is-type-video is-provider-youtube wp-block-embed-youtube wp-embed-aspect-16-9 wp-has-aspect-ratio\"><div class=\"wp-block-embed__wrapper\">\n<iframe title=\"Alfalfa adaptables a suelos salinos\" width=\"500\" height=\"281\" src=\"https:\/\/www.youtube.com\/embed\/_D8sbYQMAWA?feature=oembed\" frameborder=\"0\" allow=\"accelerometer; autoplay; clipboard-write; encrypted-media; gyroscope; picture-in-picture; web-share\" referrerpolicy=\"strict-origin-when-cross-origin\" allowfullscreen><\/iframe>\n<\/div><\/figure>\n\n\n\n<p>La relaci\u00f3n entre ambas organizaciones se formaliza a trav\u00e9s de un \u00abconvenio de vinculaci\u00f3n tecnol\u00f3gica\u00bb que, seg\u00fan destac\u00f3 Alvarez, ha demostrado una notable resiliencia.&nbsp;<\/p>\n\n\n\n<p>En un \u00aba\u00f1o complicado\u00bb en t\u00e9rminos econ\u00f3micos y comerciales, esta alianza ha funcionado como un pilar de apoyo mutuo, permitiendo que los proyectos de investigaci\u00f3n y desarrollo continuaran avanzando sin interrupciones. Ambas instituciones se han acompa\u00f1ado para superar las dificultades y alcanzar los objetivos propuestos.<\/p>\n\n\n\n<p>Marta Alvarez expres\u00f3 un profundo orgullo por esta colaboraci\u00f3n, subrayando la importancia de que una \u00abempresa netamente nacional, nacida en un pueblo, Hilario Ascasubi\u00bb, trabaje codo a codo con una instituci\u00f3n p\u00fablica del calibre del INTA. Este orgullo no solo se basa en el origen de la empresa, sino en su capacidad demostrada para, en sus propias palabras, \u00abestar liderando en variedades propias\u00bb a nivel nacional, un testimonio del potencial de la industria argentina.<\/p>\n\n\n\n<p>En definitiva, la presentaci\u00f3n de las tres nuevas variedades de Palo Verde trasciende el simple lanzamiento de un producto. Representa la culminaci\u00f3n de una visi\u00f3n estrat\u00e9gica que integra la innovaci\u00f3n gen\u00e9tica de vanguardia, una lectura precisa de las oportunidades del mercado y el fortalecimiento de alianzas p\u00fablico-privadas como motor de desarrollo.&nbsp;<\/p>\n\n\n\n<p>Con \u00abAmaya\u00bb como punta de lanza, las expectativas para la pr\u00f3xima campa\u00f1a son altas, consolidando una apuesta clara por el futuro y la productividad del campo argentino, liderada por tecnolog\u00eda desarrollada en el pa\u00eds.<\/p>\n<div class=\"todoalfalfa-final-de-la-nota\" id=\"todoalfalfa-4150718117\"><a href=\"https:\/\/www.whatsapp.com\/channel\/0029VbCBmFB9WtBxJsD3eC2i\" target=\"_blank\" aria-label=\"5\"><img src=\"https:\/\/i0.wp.com\/www.todoalfalfa.com.ar\/noticias\/wp-content\/uploads\/2026\/04\/5.gif?fit=728%2C90&#038;ssl=1\" alt=\"\"  width=\"728\" height=\"90\"   \/><\/a><\/div>","protected":false},"excerpt":{"rendered":"<p>La empresa de Hilario Ascasubi, especializada en la producci\u00f3n de semillas forrajeras, con m\u00e1s de 30 a\u00f1os de trayectoria llev\u00f3 a cabo un evento para presentar estas alternativas. Marta \u00c1lvarez, CEO de la empresa, se mostr\u00f3 expectante por como recibieron la noticia productores, clientes y distribuidores.<\/p>\n","protected":false},"author":9,"featured_media":51468,"comment_status":"closed","ping_status":"open","sticky":false,"template":"","format":"standard","meta":{"jetpack_post_was_ever_published":false,"_jetpack_newsletter_access":"","_jetpack_dont_email_post_to_subs":false,"_jetpack_newsletter_tier_id":0,"_jetpack_memberships_contains_paywalled_content":false,"_jetpack_memberships_contains_paid_content":false,"footnotes":""},"categories":[2],"tags":[31,2100,236,54,68,2099,639,21,96],"class_list":["post-51465","post","type-post","status-publish","format-standard","has-post-thumbnail","hentry","category-generales","tag-alfalfa","tag-amaya-pv-inta","tag-exportacion","tag-forrajes","tag-heno","tag-malten-pv-inta","tag-palo-verde","tag-produccion","tag-semillas"],"yoast_head":"<!-- This site is optimized with the Yoast SEO plugin v25.5 - https:\/\/yoast.com\/wordpress\/plugins\/seo\/ -->\n<title>Con Amaya como la gran estrella, Palo Verde present\u00f3 tres variedades de semillas<\/title>\n<meta name=\"robots\" content=\"index, follow, max-snippet:-1, max-image-preview:large, max-video-preview:-1\" \/>\n<link rel=\"canonical\" href=\"https:\/\/www.todoalfalfa.com.ar\/noticias\/con-amaya-como-la-gran-estrella-palo-verde-presento-tres-variedades-de-semillas\/\" \/>\n<meta property=\"og:locale\" content=\"es_ES\" \/>\n<meta property=\"og:type\" content=\"article\" \/>\n<meta property=\"og:title\" content=\"Con Amaya como la gran estrella, Palo Verde present\u00f3 tres variedades de semillas\" \/>\n<meta property=\"og:description\" content=\"La empresa de Hilario Ascasubi, especializada en la producci\u00f3n de semillas forrajeras, con m\u00e1s de 30 a\u00f1os de trayectoria llev\u00f3 a cabo un evento para presentar estas alternativas. Marta \u00c1lvarez, CEO de la empresa, se mostr\u00f3 expectante por como recibieron la noticia productores, clientes y distribuidores.\" \/>\n<meta property=\"og:url\" content=\"https:\/\/www.todoalfalfa.com.ar\/noticias\/con-amaya-como-la-gran-estrella-palo-verde-presento-tres-variedades-de-semillas\/\" \/>\n<meta property=\"og:site_name\" content=\"Todo Alfalfa\" \/>\n<meta property=\"article:publisher\" content=\"https:\/\/www.facebook.com\/todoalfalfa\" \/>\n<meta property=\"article:published_time\" content=\"2025-12-16T15:23:33+00:00\" \/>\n<meta property=\"article:modified_time\" content=\"2025-12-19T12:37:34+00:00\" \/>\n<meta property=\"og:image\" content=\"https:\/\/www.todoalfalfa.com.ar\/noticias\/wp-content\/uploads\/2025\/12\/WhatsApp-Image-2025-12-16-at-12.20.24.jpeg\" \/>\n\t<meta property=\"og:image:width\" content=\"1080\" \/>\n\t<meta property=\"og:image:height\" content=\"1153\" \/>\n\t<meta property=\"og:image:type\" content=\"image\/jpeg\" \/>\n<meta name=\"author\" content=\"Todo Alfalfa\" \/>\n<meta name=\"twitter:card\" content=\"summary_large_image\" \/>\n<meta name=\"twitter:label1\" content=\"Escrito por\" \/>\n\t<meta name=\"twitter:data1\" content=\"Todo Alfalfa\" \/>\n\t<meta name=\"twitter:label2\" content=\"Tiempo de lectura\" \/>\n\t<meta name=\"twitter:data2\" content=\"6 minutos\" \/>\n<script type=\"application\/ld+json\" class=\"yoast-schema-graph\">{\"@context\":\"https:\/\/schema.org\",\"@graph\":[{\"@type\":\"NewsArticle\",\"@id\":\"https:\/\/www.todoalfalfa.com.ar\/noticias\/con-amaya-como-la-gran-estrella-palo-verde-presento-tres-variedades-de-semillas\/#article\",\"isPartOf\":{\"@id\":\"https:\/\/www.todoalfalfa.com.ar\/noticias\/con-amaya-como-la-gran-estrella-palo-verde-presento-tres-variedades-de-semillas\/\"},\"author\":{\"name\":\"Todo Alfalfa\",\"@id\":\"https:\/\/www.todoalfalfa.com.ar\/noticias\/#\/schema\/person\/99de93cb711c7015ef658e5321ba9f18\"},\"headline\":\"Con Amaya como la gran estrella, Palo Verde present\u00f3 tres variedades de semillas\",\"datePublished\":\"2025-12-16T15:23:33+00:00\",\"dateModified\":\"2025-12-19T12:37:34+00:00\",\"mainEntityOfPage\":{\"@id\":\"https:\/\/www.todoalfalfa.com.ar\/noticias\/con-amaya-como-la-gran-estrella-palo-verde-presento-tres-variedades-de-semillas\/\"},\"wordCount\":1301,\"publisher\":{\"@id\":\"https:\/\/www.todoalfalfa.com.ar\/noticias\/#organization\"},\"image\":{\"@id\":\"https:\/\/www.todoalfalfa.com.ar\/noticias\/con-amaya-como-la-gran-estrella-palo-verde-presento-tres-variedades-de-semillas\/#primaryimage\"},\"thumbnailUrl\":\"https:\/\/i0.wp.com\/www.todoalfalfa.com.ar\/noticias\/wp-content\/uploads\/2025\/12\/WhatsApp-Image-2025-12-16-at-12.20.24.jpeg?fit=1080%2C1153&ssl=1\",\"keywords\":[\"alfalfa\",\"Amaya PV INTA\",\"exportaci\u00f3n\",\"forrajes\",\"heno\",\"Malt\u00e9n PV INTA\",\"Palo Verde\",\"producci\u00f3n\",\"semillas\"],\"articleSection\":[\"Generales\"],\"inLanguage\":\"es\"},{\"@type\":[\"WebPage\",\"ItemPage\"],\"@id\":\"https:\/\/www.todoalfalfa.com.ar\/noticias\/con-amaya-como-la-gran-estrella-palo-verde-presento-tres-variedades-de-semillas\/\",\"url\":\"https:\/\/www.todoalfalfa.com.ar\/noticias\/con-amaya-como-la-gran-estrella-palo-verde-presento-tres-variedades-de-semillas\/\",\"name\":\"Con Amaya como la gran estrella, Palo Verde present\u00f3 tres variedades de semillas\",\"isPartOf\":{\"@id\":\"https:\/\/www.todoalfalfa.com.ar\/noticias\/#website\"},\"primaryImageOfPage\":{\"@id\":\"https:\/\/www.todoalfalfa.com.ar\/noticias\/con-amaya-como-la-gran-estrella-palo-verde-presento-tres-variedades-de-semillas\/#primaryimage\"},\"image\":{\"@id\":\"https:\/\/www.todoalfalfa.com.ar\/noticias\/con-amaya-como-la-gran-estrella-palo-verde-presento-tres-variedades-de-semillas\/#primaryimage\"},\"thumbnailUrl\":\"https:\/\/i0.wp.com\/www.todoalfalfa.com.ar\/noticias\/wp-content\/uploads\/2025\/12\/WhatsApp-Image-2025-12-16-at-12.20.24.jpeg?fit=1080%2C1153&ssl=1\",\"datePublished\":\"2025-12-16T15:23:33+00:00\",\"dateModified\":\"2025-12-19T12:37:34+00:00\",\"breadcrumb\":{\"@id\":\"https:\/\/www.todoalfalfa.com.ar\/noticias\/con-amaya-como-la-gran-estrella-palo-verde-presento-tres-variedades-de-semillas\/#breadcrumb\"},\"inLanguage\":\"es\",\"potentialAction\":[{\"@type\":\"ReadAction\",\"target\":[\"https:\/\/www.todoalfalfa.com.ar\/noticias\/con-amaya-como-la-gran-estrella-palo-verde-presento-tres-variedades-de-semillas\/\"]}]},{\"@type\":\"ImageObject\",\"inLanguage\":\"es\",\"@id\":\"https:\/\/www.todoalfalfa.com.ar\/noticias\/con-amaya-como-la-gran-estrella-palo-verde-presento-tres-variedades-de-semillas\/#primaryimage\",\"url\":\"https:\/\/i0.wp.com\/www.todoalfalfa.com.ar\/noticias\/wp-content\/uploads\/2025\/12\/WhatsApp-Image-2025-12-16-at-12.20.24.jpeg?fit=1080%2C1153&ssl=1\",\"contentUrl\":\"https:\/\/i0.wp.com\/www.todoalfalfa.com.ar\/noticias\/wp-content\/uploads\/2025\/12\/WhatsApp-Image-2025-12-16-at-12.20.24.jpeg?fit=1080%2C1153&ssl=1\",\"width\":1080,\"height\":1153},{\"@type\":\"BreadcrumbList\",\"@id\":\"https:\/\/www.todoalfalfa.com.ar\/noticias\/con-amaya-como-la-gran-estrella-palo-verde-presento-tres-variedades-de-semillas\/#breadcrumb\",\"itemListElement\":[{\"@type\":\"ListItem\",\"position\":1,\"name\":\"Principal\",\"item\":\"https:\/\/www.todoalfalfa.com.ar\/noticias\/\"},{\"@type\":\"ListItem\",\"position\":2,\"name\":\"Con Amaya como la gran estrella, Palo Verde present\u00f3 tres variedades de semillas\"}]},{\"@type\":\"WebSite\",\"@id\":\"https:\/\/www.todoalfalfa.com.ar\/noticias\/#website\",\"url\":\"https:\/\/www.todoalfalfa.com.ar\/noticias\/\",\"name\":\"Todo Alfalfa\",\"description\":\"Web informativa de la cadena de la alfalfa argentina\",\"publisher\":{\"@id\":\"https:\/\/www.todoalfalfa.com.ar\/noticias\/#organization\"},\"potentialAction\":[{\"@type\":\"SearchAction\",\"target\":{\"@type\":\"EntryPoint\",\"urlTemplate\":\"https:\/\/www.todoalfalfa.com.ar\/noticias\/?s={search_term_string}\"},\"query-input\":{\"@type\":\"PropertyValueSpecification\",\"valueRequired\":true,\"valueName\":\"search_term_string\"}}],\"inLanguage\":\"es\"},{\"@type\":\"Organization\",\"@id\":\"https:\/\/www.todoalfalfa.com.ar\/noticias\/#organization\",\"name\":\"Todo Alfalfa\",\"url\":\"https:\/\/www.todoalfalfa.com.ar\/noticias\/\",\"logo\":{\"@type\":\"ImageObject\",\"inLanguage\":\"es\",\"@id\":\"https:\/\/www.todoalfalfa.com.ar\/noticias\/#\/schema\/logo\/image\/\",\"url\":\"https:\/\/www.todoalfalfa.com.ar\/noticias\/wp-content\/uploads\/2020\/09\/logo-todo-alfalfa-modificado.png\",\"contentUrl\":\"https:\/\/www.todoalfalfa.com.ar\/noticias\/wp-content\/uploads\/2020\/09\/logo-todo-alfalfa-modificado.png\",\"width\":350,\"height\":100,\"caption\":\"Todo Alfalfa\"},\"image\":{\"@id\":\"https:\/\/www.todoalfalfa.com.ar\/noticias\/#\/schema\/logo\/image\/\"},\"sameAs\":[\"https:\/\/www.facebook.com\/todoalfalfa\",\"https:\/\/www.instagram.com\/todoalfalfa\",\"https:\/\/www.youtube.com\/@TodoAlfalfa\",\"https:\/\/www.linkedin.com\/company\/todoalfalfa\/\"]},{\"@type\":\"Person\",\"@id\":\"https:\/\/www.todoalfalfa.com.ar\/noticias\/#\/schema\/person\/99de93cb711c7015ef658e5321ba9f18\",\"name\":\"Todo Alfalfa\",\"image\":{\"@type\":\"ImageObject\",\"inLanguage\":\"es\",\"@id\":\"https:\/\/www.todoalfalfa.com.ar\/noticias\/#\/schema\/person\/image\/\",\"url\":\"https:\/\/secure.gravatar.com\/avatar\/50ffd12fb7b268bc2467160730786602db252a270c63104e7c19b5f67b8dd346?s=96&d=mm&r=g\",\"contentUrl\":\"https:\/\/secure.gravatar.com\/avatar\/50ffd12fb7b268bc2467160730786602db252a270c63104e7c19b5f67b8dd346?s=96&d=mm&r=g\",\"caption\":\"Todo Alfalfa\"},\"url\":\"https:\/\/www.todoalfalfa.com.ar\/noticias\/author\/osvaldoiachetta\/\"}]}<\/script>\n<!-- \/ Yoast SEO plugin. -->","yoast_head_json":{"title":"Con Amaya como la gran estrella, Palo Verde present\u00f3 tres variedades de semillas","robots":{"index":"index","follow":"follow","max-snippet":"max-snippet:-1","max-image-preview":"max-image-preview:large","max-video-preview":"max-video-preview:-1"},"canonical":"https:\/\/www.todoalfalfa.com.ar\/noticias\/con-amaya-como-la-gran-estrella-palo-verde-presento-tres-variedades-de-semillas\/","og_locale":"es_ES","og_type":"article","og_title":"Con Amaya como la gran estrella, Palo Verde present\u00f3 tres variedades de semillas","og_description":"La empresa de Hilario Ascasubi, especializada en la producci\u00f3n de semillas forrajeras, con m\u00e1s de 30 a\u00f1os de trayectoria llev\u00f3 a cabo un evento para presentar estas alternativas. Marta \u00c1lvarez, CEO de la empresa, se mostr\u00f3 expectante por como recibieron la noticia productores, clientes y distribuidores.","og_url":"https:\/\/www.todoalfalfa.com.ar\/noticias\/con-amaya-como-la-gran-estrella-palo-verde-presento-tres-variedades-de-semillas\/","og_site_name":"Todo Alfalfa","article_publisher":"https:\/\/www.facebook.com\/todoalfalfa","article_published_time":"2025-12-16T15:23:33+00:00","article_modified_time":"2025-12-19T12:37:34+00:00","og_image":[{"width":1080,"height":1153,"url":"https:\/\/www.todoalfalfa.com.ar\/noticias\/wp-content\/uploads\/2025\/12\/WhatsApp-Image-2025-12-16-at-12.20.24.jpeg","type":"image\/jpeg"}],"author":"Todo Alfalfa","twitter_card":"summary_large_image","twitter_misc":{"Escrito por":"Todo Alfalfa","Tiempo de lectura":"6 minutos"},"schema":{"@context":"https:\/\/schema.org","@graph":[{"@type":"NewsArticle","@id":"https:\/\/www.todoalfalfa.com.ar\/noticias\/con-amaya-como-la-gran-estrella-palo-verde-presento-tres-variedades-de-semillas\/#article","isPartOf":{"@id":"https:\/\/www.todoalfalfa.com.ar\/noticias\/con-amaya-como-la-gran-estrella-palo-verde-presento-tres-variedades-de-semillas\/"},"author":{"name":"Todo Alfalfa","@id":"https:\/\/www.todoalfalfa.com.ar\/noticias\/#\/schema\/person\/99de93cb711c7015ef658e5321ba9f18"},"headline":"Con Amaya como la gran estrella, Palo Verde present\u00f3 tres variedades de semillas","datePublished":"2025-12-16T15:23:33+00:00","dateModified":"2025-12-19T12:37:34+00:00","mainEntityOfPage":{"@id":"https:\/\/www.todoalfalfa.com.ar\/noticias\/con-amaya-como-la-gran-estrella-palo-verde-presento-tres-variedades-de-semillas\/"},"wordCount":1301,"publisher":{"@id":"https:\/\/www.todoalfalfa.com.ar\/noticias\/#organization"},"image":{"@id":"https:\/\/www.todoalfalfa.com.ar\/noticias\/con-amaya-como-la-gran-estrella-palo-verde-presento-tres-variedades-de-semillas\/#primaryimage"},"thumbnailUrl":"https:\/\/i0.wp.com\/www.todoalfalfa.com.ar\/noticias\/wp-content\/uploads\/2025\/12\/WhatsApp-Image-2025-12-16-at-12.20.24.jpeg?fit=1080%2C1153&ssl=1","keywords":["alfalfa","Amaya PV INTA","exportaci\u00f3n","forrajes","heno","Malt\u00e9n PV INTA","Palo Verde","producci\u00f3n","semillas"],"articleSection":["Generales"],"inLanguage":"es"},{"@type":["WebPage","ItemPage"],"@id":"https:\/\/www.todoalfalfa.com.ar\/noticias\/con-amaya-como-la-gran-estrella-palo-verde-presento-tres-variedades-de-semillas\/","url":"https:\/\/www.todoalfalfa.com.ar\/noticias\/con-amaya-como-la-gran-estrella-palo-verde-presento-tres-variedades-de-semillas\/","name":"Con Amaya como la gran estrella, Palo Verde present\u00f3 tres variedades de semillas","isPartOf":{"@id":"https:\/\/www.todoalfalfa.com.ar\/noticias\/#website"},"primaryImageOfPage":{"@id":"https:\/\/www.todoalfalfa.com.ar\/noticias\/con-amaya-como-la-gran-estrella-palo-verde-presento-tres-variedades-de-semillas\/#primaryimage"},"image":{"@id":"https:\/\/www.todoalfalfa.com.ar\/noticias\/con-amaya-como-la-gran-estrella-palo-verde-presento-tres-variedades-de-semillas\/#primaryimage"},"thumbnailUrl":"https:\/\/i0.wp.com\/www.todoalfalfa.com.ar\/noticias\/wp-content\/uploads\/2025\/12\/WhatsApp-Image-2025-12-16-at-12.20.24.jpeg?fit=1080%2C1153&ssl=1","datePublished":"2025-12-16T15:23:33+00:00","dateModified":"2025-12-19T12:37:34+00:00","breadcrumb":{"@id":"https:\/\/www.todoalfalfa.com.ar\/noticias\/con-amaya-como-la-gran-estrella-palo-verde-presento-tres-variedades-de-semillas\/#breadcrumb"},"inLanguage":"es","potentialAction":[{"@type":"ReadAction","target":["https:\/\/www.todoalfalfa.com.ar\/noticias\/con-amaya-como-la-gran-estrella-palo-verde-presento-tres-variedades-de-semillas\/"]}]},{"@type":"ImageObject","inLanguage":"es","@id":"https:\/\/www.todoalfalfa.com.ar\/noticias\/con-amaya-como-la-gran-estrella-palo-verde-presento-tres-variedades-de-semillas\/#primaryimage","url":"https:\/\/i0.wp.com\/www.todoalfalfa.com.ar\/noticias\/wp-content\/uploads\/2025\/12\/WhatsApp-Image-2025-12-16-at-12.20.24.jpeg?fit=1080%2C1153&ssl=1","contentUrl":"https:\/\/i0.wp.com\/www.todoalfalfa.com.ar\/noticias\/wp-content\/uploads\/2025\/12\/WhatsApp-Image-2025-12-16-at-12.20.24.jpeg?fit=1080%2C1153&ssl=1","width":1080,"height":1153},{"@type":"BreadcrumbList","@id":"https:\/\/www.todoalfalfa.com.ar\/noticias\/con-amaya-como-la-gran-estrella-palo-verde-presento-tres-variedades-de-semillas\/#breadcrumb","itemListElement":[{"@type":"ListItem","position":1,"name":"Principal","item":"https:\/\/www.todoalfalfa.com.ar\/noticias\/"},{"@type":"ListItem","position":2,"name":"Con Amaya como la gran estrella, Palo Verde present\u00f3 tres variedades de semillas"}]},{"@type":"WebSite","@id":"https:\/\/www.todoalfalfa.com.ar\/noticias\/#website","url":"https:\/\/www.todoalfalfa.com.ar\/noticias\/","name":"Todo Alfalfa","description":"Web informativa de la cadena de la alfalfa argentina","publisher":{"@id":"https:\/\/www.todoalfalfa.com.ar\/noticias\/#organization"},"potentialAction":[{"@type":"SearchAction","target":{"@type":"EntryPoint","urlTemplate":"https:\/\/www.todoalfalfa.com.ar\/noticias\/?s={search_term_string}"},"query-input":{"@type":"PropertyValueSpecification","valueRequired":true,"valueName":"search_term_string"}}],"inLanguage":"es"},{"@type":"Organization","@id":"https:\/\/www.todoalfalfa.com.ar\/noticias\/#organization","name":"Todo Alfalfa","url":"https:\/\/www.todoalfalfa.com.ar\/noticias\/","logo":{"@type":"ImageObject","inLanguage":"es","@id":"https:\/\/www.todoalfalfa.com.ar\/noticias\/#\/schema\/logo\/image\/","url":"https:\/\/www.todoalfalfa.com.ar\/noticias\/wp-content\/uploads\/2020\/09\/logo-todo-alfalfa-modificado.png","contentUrl":"https:\/\/www.todoalfalfa.com.ar\/noticias\/wp-content\/uploads\/2020\/09\/logo-todo-alfalfa-modificado.png","width":350,"height":100,"caption":"Todo Alfalfa"},"image":{"@id":"https:\/\/www.todoalfalfa.com.ar\/noticias\/#\/schema\/logo\/image\/"},"sameAs":["https:\/\/www.facebook.com\/todoalfalfa","https:\/\/www.instagram.com\/todoalfalfa","https:\/\/www.youtube.com\/@TodoAlfalfa","https:\/\/www.linkedin.com\/company\/todoalfalfa\/"]},{"@type":"Person","@id":"https:\/\/www.todoalfalfa.com.ar\/noticias\/#\/schema\/person\/99de93cb711c7015ef658e5321ba9f18","name":"Todo Alfalfa","image":{"@type":"ImageObject","inLanguage":"es","@id":"https:\/\/www.todoalfalfa.com.ar\/noticias\/#\/schema\/person\/image\/","url":"https:\/\/secure.gravatar.com\/avatar\/50ffd12fb7b268bc2467160730786602db252a270c63104e7c19b5f67b8dd346?s=96&d=mm&r=g","contentUrl":"https:\/\/secure.gravatar.com\/avatar\/50ffd12fb7b268bc2467160730786602db252a270c63104e7c19b5f67b8dd346?s=96&d=mm&r=g","caption":"Todo Alfalfa"},"url":"https:\/\/www.todoalfalfa.com.ar\/noticias\/author\/osvaldoiachetta\/"}]}},"jetpack_featured_media_url":"https:\/\/i0.wp.com\/www.todoalfalfa.com.ar\/noticias\/wp-content\/uploads\/2025\/12\/WhatsApp-Image-2025-12-16-at-12.20.24.jpeg?fit=1080%2C1153&ssl=1","wps_subtitle":"","jetpack_sharing_enabled":true,"_links":{"self":[{"href":"https:\/\/www.todoalfalfa.com.ar\/noticias\/wp-json\/wp\/v2\/posts\/51465","targetHints":{"allow":["GET"]}}],"collection":[{"href":"https:\/\/www.todoalfalfa.com.ar\/noticias\/wp-json\/wp\/v2\/posts"}],"about":[{"href":"https:\/\/www.todoalfalfa.com.ar\/noticias\/wp-json\/wp\/v2\/types\/post"}],"author":[{"embeddable":true,"href":"https:\/\/www.todoalfalfa.com.ar\/noticias\/wp-json\/wp\/v2\/users\/9"}],"replies":[{"embeddable":true,"href":"https:\/\/www.todoalfalfa.com.ar\/noticias\/wp-json\/wp\/v2\/comments?post=51465"}],"version-history":[{"count":2,"href":"https:\/\/www.todoalfalfa.com.ar\/noticias\/wp-json\/wp\/v2\/posts\/51465\/revisions"}],"predecessor-version":[{"id":51483,"href":"https:\/\/www.todoalfalfa.com.ar\/noticias\/wp-json\/wp\/v2\/posts\/51465\/revisions\/51483"}],"wp:featuredmedia":[{"embeddable":true,"href":"https:\/\/www.todoalfalfa.com.ar\/noticias\/wp-json\/wp\/v2\/media\/51468"}],"wp:attachment":[{"href":"https:\/\/www.todoalfalfa.com.ar\/noticias\/wp-json\/wp\/v2\/media?parent=51465"}],"wp:term":[{"taxonomy":"category","embeddable":true,"href":"https:\/\/www.todoalfalfa.com.ar\/noticias\/wp-json\/wp\/v2\/categories?post=51465"},{"taxonomy":"post_tag","embeddable":true,"href":"https:\/\/www.todoalfalfa.com.ar\/noticias\/wp-json\/wp\/v2\/tags?post=51465"}],"curies":[{"name":"wp","href":"https:\/\/api.w.org\/{rel}","templated":true}]}}