{"id":51640,"date":"2026-01-23T15:32:18","date_gmt":"2026-01-23T18:32:18","guid":{"rendered":"https:\/\/www.todoalfalfa.com.ar\/noticias\/?p=51640"},"modified":"2026-01-23T15:32:21","modified_gmt":"2026-01-23T18:32:21","slug":"mision-comercial-para-posicionar-la-alfalfa-argentina-en-medio-oriente","status":"publish","type":"post","link":"https:\/\/www.todoalfalfa.com.ar\/noticias\/mision-comercial-para-posicionar-la-alfalfa-argentina-en-medio-oriente\/","title":{"rendered":"Misi\u00f3n comercial para posicionar la alfalfa argentina en Medio Oriente"},"content":{"rendered":"\n<p>Gabriel Osatinsky, CEO de Agro Alfalfa Innovation, se encuentra desarrollando una misi\u00f3n comercial en los Emiratos \u00c1rabes Unidos. Esta iniciativa est\u00e1 orientada a ejecutar acciones concretas de <strong>comercializaci\u00f3n y abastecimiento de alfalfa argentina<\/strong> para los mercados de Medio Oriente.<\/p>\n\n\n\n<p>La primera fase de la misi\u00f3n consiste precisamente en este trabajo de campo: una recorrida intensiva por los siete emiratos para analizar en detalle la \u201cl\u00ednea de abastecimiento de productos de alfalfa\u201d. Se busca avanzar en temas comerciales, log\u00edsticas y operativas, con el objetivo de estructurar<strong> esquemas de abastecimiento estables y sostenidos<\/strong>, en un contexto regional que demanda proveedores confiables y de largo plazo.<\/p>\n\n\n\n<div class=\"wp-block-jetpack-slideshow aligncenter\" data-effect=\"slide\" style=\"--aspect-ratio:calc(768 \/ 1024)\"><div class=\"wp-block-jetpack-slideshow_container swiper-container\"><ul class=\"wp-block-jetpack-slideshow_swiper-wrapper swiper-wrapper\"><li class=\"wp-block-jetpack-slideshow_slide swiper-slide\"><figure><img data-recalc-dims=\"1\" fetchpriority=\"high\" decoding=\"async\" width=\"768\" height=\"1024\" alt=\"\" class=\"wp-block-jetpack-slideshow_image wp-image-51642\" data-id=\"51642\" data-aspect-ratio=\"768 \/ 1024\" src=\"https:\/\/i0.wp.com\/www.todoalfalfa.com.ar\/noticias\/wp-content\/uploads\/2026\/01\/WhatsApp-Image-2026-01-22-at-14.44.46.jpeg?resize=768%2C1024&#038;ssl=1\" srcset=\"https:\/\/i0.wp.com\/www.todoalfalfa.com.ar\/noticias\/wp-content\/uploads\/2026\/01\/WhatsApp-Image-2026-01-22-at-14.44.46.jpeg?resize=768%2C1024&amp;ssl=1 768w, https:\/\/i0.wp.com\/www.todoalfalfa.com.ar\/noticias\/wp-content\/uploads\/2026\/01\/WhatsApp-Image-2026-01-22-at-14.44.46.jpeg?resize=225%2C300&amp;ssl=1 225w, https:\/\/i0.wp.com\/www.todoalfalfa.com.ar\/noticias\/wp-content\/uploads\/2026\/01\/WhatsApp-Image-2026-01-22-at-14.44.46.jpeg?w=960&amp;ssl=1 960w\" sizes=\"(max-width: 768px) 100vw, 768px\" \/><\/figure><\/li><li class=\"wp-block-jetpack-slideshow_slide swiper-slide\"><figure><img data-recalc-dims=\"1\" decoding=\"async\" width=\"768\" height=\"1024\" alt=\"\" class=\"wp-block-jetpack-slideshow_image wp-image-51641\" data-id=\"51641\" data-aspect-ratio=\"768 \/ 1024\" src=\"https:\/\/i0.wp.com\/www.todoalfalfa.com.ar\/noticias\/wp-content\/uploads\/2026\/01\/WhatsApp-Image-2026-01-22-at-14.45.27.jpeg?resize=768%2C1024&#038;ssl=1\"\/><\/figure><\/li><\/ul><a class=\"wp-block-jetpack-slideshow_button-prev swiper-button-prev swiper-button-white\" role=\"button\"><\/a><a class=\"wp-block-jetpack-slideshow_button-next swiper-button-next swiper-button-white\" role=\"button\"><\/a><a aria-label=\"Pause Slideshow\" class=\"wp-block-jetpack-slideshow_button-pause\" role=\"button\"><\/a><div class=\"wp-block-jetpack-slideshow_pagination swiper-pagination swiper-pagination-white\"><\/div><\/div><\/div>\n\n\n\n<p>El an\u00e1lisis no solo busca entender la demanda, sino alinearla con los \u201cdiversos esquemas productivos que tenemos desde Argentina\u201d, indic\u00f3. La oferta argentina se dirija a los nichos donde puede competir con mayor eficacia.<\/p>\n\n\n\n<p>Durante este recorrido, Osatinsky ha identificado segmentos clave que requieren calidades y tipos de alfalfa espec\u00edficos, entre los que se destacan:<\/p>\n\n\n\n<p>\u2022 <strong>Mercado equino<\/strong>: un segmento prioritario y de alto valor que demanda alfalfa de primera calidad, cuya importancia justifica un an\u00e1lisis diferenciado.<\/p>\n\n\n\n<p>\u2022 <strong>Mercado de camellos<\/strong>: un nicho de gran volumen y tradici\u00f3n en la regi\u00f3n, con requerimientos particulares para la alimentaci\u00f3n de camellos.<\/p>\n\n\n\n<p>\u2022 <strong>Mercado caprino<\/strong>: Otro sector relevante en la cadena de consumo local, con necesidades espec\u00edficas para la cr\u00eda de cabras.<\/p>\n\n\n\n<p>\u2022 <strong>Mercado vacuno<\/strong>: un segmento de gran relevancia productiva, donde la calidad, consistencia y volumen son determinantes para abastecer la producci\u00f3n lechera y de carne.<\/p>\n\n\n\n<p><br>Para ello se busca posicionar a las empresas argentinas como proveedores confiables, capaces de abastecer en forma estabilizada aquellos productos que el pa\u00eds tiene la capacidad de producir y exportar.<\/p>\n\n\n\n<p>La pr\u00f3xima semana, Osatinsky participar\u00e1 de la feria Gulfood en Dub\u00e1i en su car\u00e1cter de representante de la C\u00e1mara de Comercio Argentina para Emiratos \u00c1rabes Unidos, junto a su presidente Omar Haffar y el secretario general Diego G\u00f3mez.\u00a0<\/p>\n\n\n\n<div class=\"wp-block-jetpack-slideshow aligncenter\" data-effect=\"slide\" style=\"--aspect-ratio:calc(768 \/ 1024)\"><div class=\"wp-block-jetpack-slideshow_container swiper-container\"><ul class=\"wp-block-jetpack-slideshow_swiper-wrapper swiper-wrapper\"><li class=\"wp-block-jetpack-slideshow_slide swiper-slide\"><figure><img data-recalc-dims=\"1\" decoding=\"async\" width=\"768\" height=\"1024\" alt=\"\" class=\"wp-block-jetpack-slideshow_image wp-image-51644\" data-id=\"51644\" data-aspect-ratio=\"768 \/ 1024\" src=\"https:\/\/i0.wp.com\/www.todoalfalfa.com.ar\/noticias\/wp-content\/uploads\/2026\/01\/WhatsApp-Image-2026-01-22-at-14.43.45-1.jpeg?resize=768%2C1024&#038;ssl=1\" srcset=\"https:\/\/i0.wp.com\/www.todoalfalfa.com.ar\/noticias\/wp-content\/uploads\/2026\/01\/WhatsApp-Image-2026-01-22-at-14.43.45-1.jpeg?resize=768%2C1024&amp;ssl=1 768w, https:\/\/i0.wp.com\/www.todoalfalfa.com.ar\/noticias\/wp-content\/uploads\/2026\/01\/WhatsApp-Image-2026-01-22-at-14.43.45-1.jpeg?resize=225%2C300&amp;ssl=1 225w, https:\/\/i0.wp.com\/www.todoalfalfa.com.ar\/noticias\/wp-content\/uploads\/2026\/01\/WhatsApp-Image-2026-01-22-at-14.43.45-1.jpeg?w=960&amp;ssl=1 960w\" sizes=\"(max-width: 768px) 100vw, 768px\" \/><\/figure><\/li><li class=\"wp-block-jetpack-slideshow_slide swiper-slide\"><figure><img data-recalc-dims=\"1\" loading=\"lazy\" decoding=\"async\" width=\"1024\" height=\"768\" alt=\"\" class=\"wp-block-jetpack-slideshow_image wp-image-51645\" data-id=\"51645\" data-aspect-ratio=\"1024 \/ 768\" src=\"https:\/\/i0.wp.com\/www.todoalfalfa.com.ar\/noticias\/wp-content\/uploads\/2026\/01\/WhatsApp-Image-2026-01-22-at-14.43.44.jpeg?resize=1024%2C768&#038;ssl=1\" srcset=\"https:\/\/i0.wp.com\/www.todoalfalfa.com.ar\/noticias\/wp-content\/uploads\/2026\/01\/WhatsApp-Image-2026-01-22-at-14.43.44.jpeg?resize=1024%2C768&amp;ssl=1 1024w, https:\/\/i0.wp.com\/www.todoalfalfa.com.ar\/noticias\/wp-content\/uploads\/2026\/01\/WhatsApp-Image-2026-01-22-at-14.43.44.jpeg?resize=300%2C225&amp;ssl=1 300w, https:\/\/i0.wp.com\/www.todoalfalfa.com.ar\/noticias\/wp-content\/uploads\/2026\/01\/WhatsApp-Image-2026-01-22-at-14.43.44.jpeg?resize=768%2C576&amp;ssl=1 768w, https:\/\/i0.wp.com\/www.todoalfalfa.com.ar\/noticias\/wp-content\/uploads\/2026\/01\/WhatsApp-Image-2026-01-22-at-14.43.44.jpeg?w=1280&amp;ssl=1 1280w\" sizes=\"(max-width: 1000px) 100vw, 1000px\" \/><\/figure><\/li><\/ul><a class=\"wp-block-jetpack-slideshow_button-prev swiper-button-prev swiper-button-white\" role=\"button\"><\/a><a class=\"wp-block-jetpack-slideshow_button-next swiper-button-next swiper-button-white\" role=\"button\"><\/a><a aria-label=\"Pause Slideshow\" class=\"wp-block-jetpack-slideshow_button-pause\" role=\"button\"><\/a><div class=\"wp-block-jetpack-slideshow_pagination swiper-pagination swiper-pagination-white\"><\/div><\/div><\/div>\n\n\n\n<p><br>En ese marco, trabajar\u00e1 junto a empresarios argentinos en la organizaci\u00f3n del abastecimiento de productos para el mercado de Medio Oriente.\u00a0<\/p>\n\n\n\n<p>Durante su participaci\u00f3n, el foco de Osatinsky no ser\u00e1 solo la promoci\u00f3n general de la alfalfa argentina, sino una misi\u00f3n estrat\u00e9gica interna que tendr\u00e1 como meta convocar a las empresas argentinas presentes para alinear esfuerzos de cara a un objetivo mayor: la Expo Saudi Agriculture 2026.<\/p>\n\n\n\n<p>Gulfood act\u00faa como el punto de encuentro para organizar el futuro desembarco coordinado del sector en Arabia Saudita.<\/p>\n\n\n\n<p><br>En paralelo, se encuentra desarrollando junto a Todo Alfalfa la agenda destinada a empresarios argentinos interesados en participar de la <strong>Expo Saudi Agriculture<\/strong>, que se llevar\u00e1 a cabo del 19 al 22 de octubre de 2026 en Arabia Saudita.\u00a0<\/p>\n\n\n\n<p>Se trata de una de las ferias de agroalimentos m\u00e1s relevantes de la regi\u00f3n, que representa una puerta de entrada estrat\u00e9gica al mercado saud\u00ed. La iniciativa busca facilitar una participaci\u00f3n organizada del sector argentino, orientada a presentar su oferta y consolidarse como proveedor estrat\u00e9gico en ese mercado.<\/p>\n\n\n\n<p><strong>Calidad, log\u00edstica y ejecuci\u00f3n<\/strong><\/p>\n\n\n\n<p>M\u00e1s all\u00e1 de la calidad del producto, la verdadera barrera de entrada a los mercados de Medio Oriente es la log\u00edstica a gran escala. La capacidad de garantizar un flujo constante y predecible de miles de toneladas es lo que define la rentabilidad y viabilidad de la operaci\u00f3n entera.&nbsp;<\/p>\n\n\n\n<div class=\"wp-block-jetpack-slideshow aligncenter\" data-effect=\"slide\" style=\"--aspect-ratio:calc(1024 \/ 768)\"><div class=\"wp-block-jetpack-slideshow_container swiper-container\"><ul class=\"wp-block-jetpack-slideshow_swiper-wrapper swiper-wrapper\"><li class=\"wp-block-jetpack-slideshow_slide swiper-slide\"><figure><img data-recalc-dims=\"1\" loading=\"lazy\" decoding=\"async\" width=\"1024\" height=\"768\" alt=\"\" class=\"wp-block-jetpack-slideshow_image wp-image-51645\" data-id=\"51645\" data-aspect-ratio=\"1024 \/ 768\" src=\"https:\/\/i0.wp.com\/www.todoalfalfa.com.ar\/noticias\/wp-content\/uploads\/2026\/01\/WhatsApp-Image-2026-01-22-at-14.43.44.jpeg?resize=1024%2C768&#038;ssl=1\" srcset=\"https:\/\/i0.wp.com\/www.todoalfalfa.com.ar\/noticias\/wp-content\/uploads\/2026\/01\/WhatsApp-Image-2026-01-22-at-14.43.44.jpeg?resize=1024%2C768&amp;ssl=1 1024w, https:\/\/i0.wp.com\/www.todoalfalfa.com.ar\/noticias\/wp-content\/uploads\/2026\/01\/WhatsApp-Image-2026-01-22-at-14.43.44.jpeg?resize=300%2C225&amp;ssl=1 300w, https:\/\/i0.wp.com\/www.todoalfalfa.com.ar\/noticias\/wp-content\/uploads\/2026\/01\/WhatsApp-Image-2026-01-22-at-14.43.44.jpeg?resize=768%2C576&amp;ssl=1 768w, https:\/\/i0.wp.com\/www.todoalfalfa.com.ar\/noticias\/wp-content\/uploads\/2026\/01\/WhatsApp-Image-2026-01-22-at-14.43.44.jpeg?w=1280&amp;ssl=1 1280w\" sizes=\"(max-width: 1000px) 100vw, 1000px\" \/><\/figure><\/li><li class=\"wp-block-jetpack-slideshow_slide swiper-slide\"><figure><img data-recalc-dims=\"1\" loading=\"lazy\" decoding=\"async\" width=\"768\" height=\"1024\" alt=\"\" class=\"wp-block-jetpack-slideshow_image wp-image-51646\" data-id=\"51646\" data-aspect-ratio=\"768 \/ 1024\" src=\"https:\/\/i0.wp.com\/www.todoalfalfa.com.ar\/noticias\/wp-content\/uploads\/2026\/01\/WhatsApp-Image-2026-01-22-at-14.43.44-1.jpeg?resize=768%2C1024&#038;ssl=1\" srcset=\"https:\/\/i0.wp.com\/www.todoalfalfa.com.ar\/noticias\/wp-content\/uploads\/2026\/01\/WhatsApp-Image-2026-01-22-at-14.43.44-1.jpeg?resize=768%2C1024&amp;ssl=1 768w, https:\/\/i0.wp.com\/www.todoalfalfa.com.ar\/noticias\/wp-content\/uploads\/2026\/01\/WhatsApp-Image-2026-01-22-at-14.43.44-1.jpeg?resize=225%2C300&amp;ssl=1 225w, https:\/\/i0.wp.com\/www.todoalfalfa.com.ar\/noticias\/wp-content\/uploads\/2026\/01\/WhatsApp-Image-2026-01-22-at-14.43.44-1.jpeg?w=960&amp;ssl=1 960w\" sizes=\"(max-width: 768px) 100vw, 768px\" \/><\/figure><\/li><\/ul><a class=\"wp-block-jetpack-slideshow_button-prev swiper-button-prev swiper-button-white\" role=\"button\"><\/a><a class=\"wp-block-jetpack-slideshow_button-next swiper-button-next swiper-button-white\" role=\"button\"><\/a><a aria-label=\"Pause Slideshow\" class=\"wp-block-jetpack-slideshow_button-pause\" role=\"button\"><\/a><div class=\"wp-block-jetpack-slideshow_pagination swiper-pagination swiper-pagination-white\"><\/div><\/div><\/div>\n\n\n\n<p>Consciente de esta realidad, la misi\u00f3n en los EAU incluye un fuerte componente de trabajo log\u00edstico. Osatinsky y su equipo est\u00e1n enfocados en resolver dos puntos neur\u00e1lgicos para asegurar el flujo de exportaci\u00f3n:<\/p>\n\n\n\n<p>\u2022 <strong>Asegurar capacidad de carga<\/strong>: gestionar y asegurar por adelantado los vol\u00famenes de abastecimiento para las bodegas de los buques.<\/p>\n\n\n\n<p>\u2022 <strong>Optimizaci\u00f3n de puntos de desembarque<\/strong>: evaluar y definir los puertos y lugares precisos donde se realizar\u00e1n los desembarcos, un paso clave para minimizar costos y tiempos en la cadena de distribuci\u00f3n intrarregional.<\/p>\n\n\n\n<p>La articulaci\u00f3n de la inteligencia de mercado con una planificaci\u00f3n log\u00edstica detallada demuestra el enfoque integral de esta iniciativa, orientado a la ejecuci\u00f3n efectiva de exportaciones y a la creaci\u00f3n de relaciones comerciales sostenibles.<\/p>\n\n\n\n<p><strong>Una estrategia de largo plazo<\/strong><\/p>\n\n\n\n<p>La planificaci\u00f3n de esta misi\u00f3n comercial no es solo una gira de negocios: es un modelo de penetraci\u00f3n de mercado para el agronegocio nacional, que reemplaza la venta reactiva por la construcci\u00f3n proactiva de demanda, asegurando que la calidad de la alfalfa argentina se traduzca en valor sostenible y de largo plazo en los mercados m\u00e1s exigentes del mundo.<\/p>\n\n\n\n<p>En los pr\u00f3ximos d\u00edas informaremos detalles de esta propuesta para poder ser parte de la misi\u00f3n comercial. Pondremos a disposici\u00f3n los pormeneores del viaje, el itinerario, valor y las alternativas para comunicarse y evacuar dudas.<\/p>\n<div class=\"todoalfalfa-final-de-la-nota\" id=\"todoalfalfa-483378964\"><a href=\"https:\/\/www.whatsapp.com\/channel\/0029VbCBmFB9WtBxJsD3eC2i\" target=\"_blank\" aria-label=\"5\"><img src=\"https:\/\/i0.wp.com\/www.todoalfalfa.com.ar\/noticias\/wp-content\/uploads\/2026\/04\/5.gif?fit=728%2C90&#038;ssl=1\" alt=\"\"  width=\"728\" height=\"90\"   \/><\/a><\/div>","protected":false},"excerpt":{"rendered":"<p>Con el objetivo de conformar un contingente de productores y empresarios que participen de la Expo Saudi Agriculture 2026 que se desarrollar\u00e1 en Octubre, convocan a los actores del sector para ser parte.<\/p>\n","protected":false},"author":9,"featured_media":51641,"comment_status":"closed","ping_status":"open","sticky":false,"template":"","format":"standard","meta":{"jetpack_post_was_ever_published":false,"_jetpack_newsletter_access":"","_jetpack_dont_email_post_to_subs":false,"_jetpack_newsletter_tier_id":0,"_jetpack_memberships_contains_paywalled_content":false,"_jetpack_memberships_contains_paid_content":false,"footnotes":""},"categories":[2],"tags":[31,854,105,2124,236,54,2048,2125,176,697,17],"class_list":["post-51640","post","type-post","status-publish","format-standard","has-post-thumbnail","hentry","category-generales","tag-alfalfa","tag-arabia-saudita-2","tag-argentina","tag-expo","tag-exportacion","tag-forrajes","tag-gabriel-osatinsky","tag-gira-comercial","tag-negocio","tag-oportunidades","tag-pasturas"],"yoast_head":"<!-- This site is optimized with the Yoast SEO plugin v25.5 - https:\/\/yoast.com\/wordpress\/plugins\/seo\/ -->\n<title>Misi\u00f3n comercial para posicionar la alfalfa argentina en Medio Oriente<\/title>\n<meta name=\"robots\" content=\"index, follow, max-snippet:-1, max-image-preview:large, max-video-preview:-1\" \/>\n<link rel=\"canonical\" href=\"https:\/\/www.todoalfalfa.com.ar\/noticias\/mision-comercial-para-posicionar-la-alfalfa-argentina-en-medio-oriente\/\" \/>\n<meta property=\"og:locale\" content=\"es_ES\" \/>\n<meta property=\"og:type\" content=\"article\" \/>\n<meta property=\"og:title\" content=\"Misi\u00f3n comercial para posicionar la alfalfa argentina en Medio Oriente\" \/>\n<meta property=\"og:description\" content=\"Con el objetivo de conformar un contingente de productores y empresarios que participen de la Expo Saudi Agriculture 2026 que se desarrollar\u00e1 en Octubre, convocan a los actores del sector para ser parte.\" \/>\n<meta property=\"og:url\" content=\"https:\/\/www.todoalfalfa.com.ar\/noticias\/mision-comercial-para-posicionar-la-alfalfa-argentina-en-medio-oriente\/\" \/>\n<meta property=\"og:site_name\" content=\"Todo Alfalfa\" \/>\n<meta property=\"article:publisher\" content=\"https:\/\/www.facebook.com\/todoalfalfa\" \/>\n<meta property=\"article:published_time\" content=\"2026-01-23T18:32:18+00:00\" \/>\n<meta property=\"article:modified_time\" content=\"2026-01-23T18:32:21+00:00\" \/>\n<meta property=\"og:image\" content=\"https:\/\/www.todoalfalfa.com.ar\/noticias\/wp-content\/uploads\/2026\/01\/WhatsApp-Image-2026-01-22-at-14.45.27-e1769192950765.jpeg\" \/>\n\t<meta property=\"og:image:width\" content=\"960\" \/>\n\t<meta property=\"og:image:height\" content=\"828\" \/>\n\t<meta property=\"og:image:type\" content=\"image\/jpeg\" \/>\n<meta name=\"author\" content=\"Todo Alfalfa\" \/>\n<meta name=\"twitter:card\" content=\"summary_large_image\" \/>\n<meta name=\"twitter:label1\" content=\"Escrito por\" \/>\n\t<meta name=\"twitter:data1\" content=\"Todo Alfalfa\" \/>\n\t<meta name=\"twitter:label2\" content=\"Tiempo de lectura\" \/>\n\t<meta name=\"twitter:data2\" content=\"5 minutos\" \/>\n<script type=\"application\/ld+json\" class=\"yoast-schema-graph\">{\"@context\":\"https:\/\/schema.org\",\"@graph\":[{\"@type\":\"NewsArticle\",\"@id\":\"https:\/\/www.todoalfalfa.com.ar\/noticias\/mision-comercial-para-posicionar-la-alfalfa-argentina-en-medio-oriente\/#article\",\"isPartOf\":{\"@id\":\"https:\/\/www.todoalfalfa.com.ar\/noticias\/mision-comercial-para-posicionar-la-alfalfa-argentina-en-medio-oriente\/\"},\"author\":{\"name\":\"Todo Alfalfa\",\"@id\":\"https:\/\/www.todoalfalfa.com.ar\/noticias\/#\/schema\/person\/99de93cb711c7015ef658e5321ba9f18\"},\"headline\":\"Misi\u00f3n comercial para posicionar la alfalfa argentina en Medio Oriente\",\"datePublished\":\"2026-01-23T18:32:18+00:00\",\"dateModified\":\"2026-01-23T18:32:21+00:00\",\"mainEntityOfPage\":{\"@id\":\"https:\/\/www.todoalfalfa.com.ar\/noticias\/mision-comercial-para-posicionar-la-alfalfa-argentina-en-medio-oriente\/\"},\"wordCount\":819,\"publisher\":{\"@id\":\"https:\/\/www.todoalfalfa.com.ar\/noticias\/#organization\"},\"image\":{\"@id\":\"https:\/\/www.todoalfalfa.com.ar\/noticias\/mision-comercial-para-posicionar-la-alfalfa-argentina-en-medio-oriente\/#primaryimage\"},\"thumbnailUrl\":\"https:\/\/i0.wp.com\/www.todoalfalfa.com.ar\/noticias\/wp-content\/uploads\/2026\/01\/WhatsApp-Image-2026-01-22-at-14.45.27-e1769192950765.jpeg?fit=960%2C828&ssl=1\",\"keywords\":[\"alfalfa\",\"Arabia Saudita\",\"Argentina\",\"Expo\",\"exportaci\u00f3n\",\"forrajes\",\"Gabriel Osatinsky\",\"Gira Comercial\",\"negocio\",\"oportunidades\",\"pasturas\"],\"articleSection\":[\"Generales\"],\"inLanguage\":\"es\"},{\"@type\":[\"WebPage\",\"ItemPage\"],\"@id\":\"https:\/\/www.todoalfalfa.com.ar\/noticias\/mision-comercial-para-posicionar-la-alfalfa-argentina-en-medio-oriente\/\",\"url\":\"https:\/\/www.todoalfalfa.com.ar\/noticias\/mision-comercial-para-posicionar-la-alfalfa-argentina-en-medio-oriente\/\",\"name\":\"Misi\u00f3n comercial para posicionar la alfalfa argentina en Medio Oriente\",\"isPartOf\":{\"@id\":\"https:\/\/www.todoalfalfa.com.ar\/noticias\/#website\"},\"primaryImageOfPage\":{\"@id\":\"https:\/\/www.todoalfalfa.com.ar\/noticias\/mision-comercial-para-posicionar-la-alfalfa-argentina-en-medio-oriente\/#primaryimage\"},\"image\":{\"@id\":\"https:\/\/www.todoalfalfa.com.ar\/noticias\/mision-comercial-para-posicionar-la-alfalfa-argentina-en-medio-oriente\/#primaryimage\"},\"thumbnailUrl\":\"https:\/\/i0.wp.com\/www.todoalfalfa.com.ar\/noticias\/wp-content\/uploads\/2026\/01\/WhatsApp-Image-2026-01-22-at-14.45.27-e1769192950765.jpeg?fit=960%2C828&ssl=1\",\"datePublished\":\"2026-01-23T18:32:18+00:00\",\"dateModified\":\"2026-01-23T18:32:21+00:00\",\"breadcrumb\":{\"@id\":\"https:\/\/www.todoalfalfa.com.ar\/noticias\/mision-comercial-para-posicionar-la-alfalfa-argentina-en-medio-oriente\/#breadcrumb\"},\"inLanguage\":\"es\",\"potentialAction\":[{\"@type\":\"ReadAction\",\"target\":[\"https:\/\/www.todoalfalfa.com.ar\/noticias\/mision-comercial-para-posicionar-la-alfalfa-argentina-en-medio-oriente\/\"]}]},{\"@type\":\"ImageObject\",\"inLanguage\":\"es\",\"@id\":\"https:\/\/www.todoalfalfa.com.ar\/noticias\/mision-comercial-para-posicionar-la-alfalfa-argentina-en-medio-oriente\/#primaryimage\",\"url\":\"https:\/\/i0.wp.com\/www.todoalfalfa.com.ar\/noticias\/wp-content\/uploads\/2026\/01\/WhatsApp-Image-2026-01-22-at-14.45.27-e1769192950765.jpeg?fit=960%2C828&ssl=1\",\"contentUrl\":\"https:\/\/i0.wp.com\/www.todoalfalfa.com.ar\/noticias\/wp-content\/uploads\/2026\/01\/WhatsApp-Image-2026-01-22-at-14.45.27-e1769192950765.jpeg?fit=960%2C828&ssl=1\",\"width\":960,\"height\":828},{\"@type\":\"BreadcrumbList\",\"@id\":\"https:\/\/www.todoalfalfa.com.ar\/noticias\/mision-comercial-para-posicionar-la-alfalfa-argentina-en-medio-oriente\/#breadcrumb\",\"itemListElement\":[{\"@type\":\"ListItem\",\"position\":1,\"name\":\"Principal\",\"item\":\"https:\/\/www.todoalfalfa.com.ar\/noticias\/\"},{\"@type\":\"ListItem\",\"position\":2,\"name\":\"Misi\u00f3n comercial para posicionar la alfalfa argentina en Medio Oriente\"}]},{\"@type\":\"WebSite\",\"@id\":\"https:\/\/www.todoalfalfa.com.ar\/noticias\/#website\",\"url\":\"https:\/\/www.todoalfalfa.com.ar\/noticias\/\",\"name\":\"Todo Alfalfa\",\"description\":\"Web informativa de la cadena de la alfalfa argentina\",\"publisher\":{\"@id\":\"https:\/\/www.todoalfalfa.com.ar\/noticias\/#organization\"},\"potentialAction\":[{\"@type\":\"SearchAction\",\"target\":{\"@type\":\"EntryPoint\",\"urlTemplate\":\"https:\/\/www.todoalfalfa.com.ar\/noticias\/?s={search_term_string}\"},\"query-input\":{\"@type\":\"PropertyValueSpecification\",\"valueRequired\":true,\"valueName\":\"search_term_string\"}}],\"inLanguage\":\"es\"},{\"@type\":\"Organization\",\"@id\":\"https:\/\/www.todoalfalfa.com.ar\/noticias\/#organization\",\"name\":\"Todo Alfalfa\",\"url\":\"https:\/\/www.todoalfalfa.com.ar\/noticias\/\",\"logo\":{\"@type\":\"ImageObject\",\"inLanguage\":\"es\",\"@id\":\"https:\/\/www.todoalfalfa.com.ar\/noticias\/#\/schema\/logo\/image\/\",\"url\":\"https:\/\/www.todoalfalfa.com.ar\/noticias\/wp-content\/uploads\/2020\/09\/logo-todo-alfalfa-modificado.png\",\"contentUrl\":\"https:\/\/www.todoalfalfa.com.ar\/noticias\/wp-content\/uploads\/2020\/09\/logo-todo-alfalfa-modificado.png\",\"width\":350,\"height\":100,\"caption\":\"Todo Alfalfa\"},\"image\":{\"@id\":\"https:\/\/www.todoalfalfa.com.ar\/noticias\/#\/schema\/logo\/image\/\"},\"sameAs\":[\"https:\/\/www.facebook.com\/todoalfalfa\",\"https:\/\/www.instagram.com\/todoalfalfa\",\"https:\/\/www.youtube.com\/@TodoAlfalfa\",\"https:\/\/www.linkedin.com\/company\/todoalfalfa\/\"]},{\"@type\":\"Person\",\"@id\":\"https:\/\/www.todoalfalfa.com.ar\/noticias\/#\/schema\/person\/99de93cb711c7015ef658e5321ba9f18\",\"name\":\"Todo Alfalfa\",\"image\":{\"@type\":\"ImageObject\",\"inLanguage\":\"es\",\"@id\":\"https:\/\/www.todoalfalfa.com.ar\/noticias\/#\/schema\/person\/image\/\",\"url\":\"https:\/\/secure.gravatar.com\/avatar\/50ffd12fb7b268bc2467160730786602db252a270c63104e7c19b5f67b8dd346?s=96&d=mm&r=g\",\"contentUrl\":\"https:\/\/secure.gravatar.com\/avatar\/50ffd12fb7b268bc2467160730786602db252a270c63104e7c19b5f67b8dd346?s=96&d=mm&r=g\",\"caption\":\"Todo Alfalfa\"},\"url\":\"https:\/\/www.todoalfalfa.com.ar\/noticias\/author\/osvaldoiachetta\/\"}]}<\/script>\n<!-- \/ Yoast SEO plugin. -->","yoast_head_json":{"title":"Misi\u00f3n comercial para posicionar la alfalfa argentina en Medio Oriente","robots":{"index":"index","follow":"follow","max-snippet":"max-snippet:-1","max-image-preview":"max-image-preview:large","max-video-preview":"max-video-preview:-1"},"canonical":"https:\/\/www.todoalfalfa.com.ar\/noticias\/mision-comercial-para-posicionar-la-alfalfa-argentina-en-medio-oriente\/","og_locale":"es_ES","og_type":"article","og_title":"Misi\u00f3n comercial para posicionar la alfalfa argentina en Medio Oriente","og_description":"Con el objetivo de conformar un contingente de productores y empresarios que participen de la Expo Saudi Agriculture 2026 que se desarrollar\u00e1 en Octubre, convocan a los actores del sector para ser parte.","og_url":"https:\/\/www.todoalfalfa.com.ar\/noticias\/mision-comercial-para-posicionar-la-alfalfa-argentina-en-medio-oriente\/","og_site_name":"Todo Alfalfa","article_publisher":"https:\/\/www.facebook.com\/todoalfalfa","article_published_time":"2026-01-23T18:32:18+00:00","article_modified_time":"2026-01-23T18:32:21+00:00","og_image":[{"width":960,"height":828,"url":"https:\/\/www.todoalfalfa.com.ar\/noticias\/wp-content\/uploads\/2026\/01\/WhatsApp-Image-2026-01-22-at-14.45.27-e1769192950765.jpeg","type":"image\/jpeg"}],"author":"Todo Alfalfa","twitter_card":"summary_large_image","twitter_misc":{"Escrito por":"Todo Alfalfa","Tiempo de lectura":"5 minutos"},"schema":{"@context":"https:\/\/schema.org","@graph":[{"@type":"NewsArticle","@id":"https:\/\/www.todoalfalfa.com.ar\/noticias\/mision-comercial-para-posicionar-la-alfalfa-argentina-en-medio-oriente\/#article","isPartOf":{"@id":"https:\/\/www.todoalfalfa.com.ar\/noticias\/mision-comercial-para-posicionar-la-alfalfa-argentina-en-medio-oriente\/"},"author":{"name":"Todo Alfalfa","@id":"https:\/\/www.todoalfalfa.com.ar\/noticias\/#\/schema\/person\/99de93cb711c7015ef658e5321ba9f18"},"headline":"Misi\u00f3n comercial para posicionar la alfalfa argentina en Medio Oriente","datePublished":"2026-01-23T18:32:18+00:00","dateModified":"2026-01-23T18:32:21+00:00","mainEntityOfPage":{"@id":"https:\/\/www.todoalfalfa.com.ar\/noticias\/mision-comercial-para-posicionar-la-alfalfa-argentina-en-medio-oriente\/"},"wordCount":819,"publisher":{"@id":"https:\/\/www.todoalfalfa.com.ar\/noticias\/#organization"},"image":{"@id":"https:\/\/www.todoalfalfa.com.ar\/noticias\/mision-comercial-para-posicionar-la-alfalfa-argentina-en-medio-oriente\/#primaryimage"},"thumbnailUrl":"https:\/\/i0.wp.com\/www.todoalfalfa.com.ar\/noticias\/wp-content\/uploads\/2026\/01\/WhatsApp-Image-2026-01-22-at-14.45.27-e1769192950765.jpeg?fit=960%2C828&ssl=1","keywords":["alfalfa","Arabia Saudita","Argentina","Expo","exportaci\u00f3n","forrajes","Gabriel Osatinsky","Gira Comercial","negocio","oportunidades","pasturas"],"articleSection":["Generales"],"inLanguage":"es"},{"@type":["WebPage","ItemPage"],"@id":"https:\/\/www.todoalfalfa.com.ar\/noticias\/mision-comercial-para-posicionar-la-alfalfa-argentina-en-medio-oriente\/","url":"https:\/\/www.todoalfalfa.com.ar\/noticias\/mision-comercial-para-posicionar-la-alfalfa-argentina-en-medio-oriente\/","name":"Misi\u00f3n comercial para posicionar la alfalfa argentina en Medio Oriente","isPartOf":{"@id":"https:\/\/www.todoalfalfa.com.ar\/noticias\/#website"},"primaryImageOfPage":{"@id":"https:\/\/www.todoalfalfa.com.ar\/noticias\/mision-comercial-para-posicionar-la-alfalfa-argentina-en-medio-oriente\/#primaryimage"},"image":{"@id":"https:\/\/www.todoalfalfa.com.ar\/noticias\/mision-comercial-para-posicionar-la-alfalfa-argentina-en-medio-oriente\/#primaryimage"},"thumbnailUrl":"https:\/\/i0.wp.com\/www.todoalfalfa.com.ar\/noticias\/wp-content\/uploads\/2026\/01\/WhatsApp-Image-2026-01-22-at-14.45.27-e1769192950765.jpeg?fit=960%2C828&ssl=1","datePublished":"2026-01-23T18:32:18+00:00","dateModified":"2026-01-23T18:32:21+00:00","breadcrumb":{"@id":"https:\/\/www.todoalfalfa.com.ar\/noticias\/mision-comercial-para-posicionar-la-alfalfa-argentina-en-medio-oriente\/#breadcrumb"},"inLanguage":"es","potentialAction":[{"@type":"ReadAction","target":["https:\/\/www.todoalfalfa.com.ar\/noticias\/mision-comercial-para-posicionar-la-alfalfa-argentina-en-medio-oriente\/"]}]},{"@type":"ImageObject","inLanguage":"es","@id":"https:\/\/www.todoalfalfa.com.ar\/noticias\/mision-comercial-para-posicionar-la-alfalfa-argentina-en-medio-oriente\/#primaryimage","url":"https:\/\/i0.wp.com\/www.todoalfalfa.com.ar\/noticias\/wp-content\/uploads\/2026\/01\/WhatsApp-Image-2026-01-22-at-14.45.27-e1769192950765.jpeg?fit=960%2C828&ssl=1","contentUrl":"https:\/\/i0.wp.com\/www.todoalfalfa.com.ar\/noticias\/wp-content\/uploads\/2026\/01\/WhatsApp-Image-2026-01-22-at-14.45.27-e1769192950765.jpeg?fit=960%2C828&ssl=1","width":960,"height":828},{"@type":"BreadcrumbList","@id":"https:\/\/www.todoalfalfa.com.ar\/noticias\/mision-comercial-para-posicionar-la-alfalfa-argentina-en-medio-oriente\/#breadcrumb","itemListElement":[{"@type":"ListItem","position":1,"name":"Principal","item":"https:\/\/www.todoalfalfa.com.ar\/noticias\/"},{"@type":"ListItem","position":2,"name":"Misi\u00f3n comercial para posicionar la alfalfa argentina en Medio Oriente"}]},{"@type":"WebSite","@id":"https:\/\/www.todoalfalfa.com.ar\/noticias\/#website","url":"https:\/\/www.todoalfalfa.com.ar\/noticias\/","name":"Todo Alfalfa","description":"Web informativa de la cadena de la alfalfa argentina","publisher":{"@id":"https:\/\/www.todoalfalfa.com.ar\/noticias\/#organization"},"potentialAction":[{"@type":"SearchAction","target":{"@type":"EntryPoint","urlTemplate":"https:\/\/www.todoalfalfa.com.ar\/noticias\/?s={search_term_string}"},"query-input":{"@type":"PropertyValueSpecification","valueRequired":true,"valueName":"search_term_string"}}],"inLanguage":"es"},{"@type":"Organization","@id":"https:\/\/www.todoalfalfa.com.ar\/noticias\/#organization","name":"Todo Alfalfa","url":"https:\/\/www.todoalfalfa.com.ar\/noticias\/","logo":{"@type":"ImageObject","inLanguage":"es","@id":"https:\/\/www.todoalfalfa.com.ar\/noticias\/#\/schema\/logo\/image\/","url":"https:\/\/www.todoalfalfa.com.ar\/noticias\/wp-content\/uploads\/2020\/09\/logo-todo-alfalfa-modificado.png","contentUrl":"https:\/\/www.todoalfalfa.com.ar\/noticias\/wp-content\/uploads\/2020\/09\/logo-todo-alfalfa-modificado.png","width":350,"height":100,"caption":"Todo Alfalfa"},"image":{"@id":"https:\/\/www.todoalfalfa.com.ar\/noticias\/#\/schema\/logo\/image\/"},"sameAs":["https:\/\/www.facebook.com\/todoalfalfa","https:\/\/www.instagram.com\/todoalfalfa","https:\/\/www.youtube.com\/@TodoAlfalfa","https:\/\/www.linkedin.com\/company\/todoalfalfa\/"]},{"@type":"Person","@id":"https:\/\/www.todoalfalfa.com.ar\/noticias\/#\/schema\/person\/99de93cb711c7015ef658e5321ba9f18","name":"Todo Alfalfa","image":{"@type":"ImageObject","inLanguage":"es","@id":"https:\/\/www.todoalfalfa.com.ar\/noticias\/#\/schema\/person\/image\/","url":"https:\/\/secure.gravatar.com\/avatar\/50ffd12fb7b268bc2467160730786602db252a270c63104e7c19b5f67b8dd346?s=96&d=mm&r=g","contentUrl":"https:\/\/secure.gravatar.com\/avatar\/50ffd12fb7b268bc2467160730786602db252a270c63104e7c19b5f67b8dd346?s=96&d=mm&r=g","caption":"Todo Alfalfa"},"url":"https:\/\/www.todoalfalfa.com.ar\/noticias\/author\/osvaldoiachetta\/"}]}},"jetpack_featured_media_url":"https:\/\/i0.wp.com\/www.todoalfalfa.com.ar\/noticias\/wp-content\/uploads\/2026\/01\/WhatsApp-Image-2026-01-22-at-14.45.27-e1769192950765.jpeg?fit=960%2C828&ssl=1","wps_subtitle":"","jetpack_sharing_enabled":true,"_links":{"self":[{"href":"https:\/\/www.todoalfalfa.com.ar\/noticias\/wp-json\/wp\/v2\/posts\/51640","targetHints":{"allow":["GET"]}}],"collection":[{"href":"https:\/\/www.todoalfalfa.com.ar\/noticias\/wp-json\/wp\/v2\/posts"}],"about":[{"href":"https:\/\/www.todoalfalfa.com.ar\/noticias\/wp-json\/wp\/v2\/types\/post"}],"author":[{"embeddable":true,"href":"https:\/\/www.todoalfalfa.com.ar\/noticias\/wp-json\/wp\/v2\/users\/9"}],"replies":[{"embeddable":true,"href":"https:\/\/www.todoalfalfa.com.ar\/noticias\/wp-json\/wp\/v2\/comments?post=51640"}],"version-history":[{"count":1,"href":"https:\/\/www.todoalfalfa.com.ar\/noticias\/wp-json\/wp\/v2\/posts\/51640\/revisions"}],"predecessor-version":[{"id":51647,"href":"https:\/\/www.todoalfalfa.com.ar\/noticias\/wp-json\/wp\/v2\/posts\/51640\/revisions\/51647"}],"wp:featuredmedia":[{"embeddable":true,"href":"https:\/\/www.todoalfalfa.com.ar\/noticias\/wp-json\/wp\/v2\/media\/51641"}],"wp:attachment":[{"href":"https:\/\/www.todoalfalfa.com.ar\/noticias\/wp-json\/wp\/v2\/media?parent=51640"}],"wp:term":[{"taxonomy":"category","embeddable":true,"href":"https:\/\/www.todoalfalfa.com.ar\/noticias\/wp-json\/wp\/v2\/categories?post=51640"},{"taxonomy":"post_tag","embeddable":true,"href":"https:\/\/www.todoalfalfa.com.ar\/noticias\/wp-json\/wp\/v2\/tags?post=51640"}],"curies":[{"name":"wp","href":"https:\/\/api.w.org\/{rel}","templated":true}]}}