{"id":51925,"date":"2026-03-08T09:47:41","date_gmt":"2026-03-08T12:47:41","guid":{"rendered":"https:\/\/www.todoalfalfa.com.ar\/noticias\/?p=51925"},"modified":"2026-03-08T10:14:44","modified_gmt":"2026-03-08T13:14:44","slug":"mujeres-que-abren-caminos-liderazgo-y-evolucion-femenina-en-la-alfalfa-argentina","status":"publish","type":"post","link":"https:\/\/www.todoalfalfa.com.ar\/noticias\/mujeres-que-abren-caminos-liderazgo-y-evolucion-femenina-en-la-alfalfa-argentina\/","title":{"rendered":"Mujeres que abren caminos: liderazgo y evoluci\u00f3n femenina en la alfalfa Argentina"},"content":{"rendered":"\n<p>En el D\u00eda Internacional de la Mujer desde TodoAlfalfa decidimos reflexionar sobre la equidad en el campo argentino, y eso nos exige superar el conformismo del gesto simb\u00f3lico. No se trata de una concesi\u00f3n de cupos ni de un ejercicio de correcci\u00f3n pol\u00edtica; se trata de una transformaci\u00f3n estructural que posiciona la mirada femenina como un pilar de innovaci\u00f3n y gesti\u00f3n en una industria hist\u00f3ricamente delineada por el patriarcado.&nbsp;<\/p>\n\n\n\n<p>En el sector de la alfalfa y la agroindustria la diversidad de perspectivas no es solo un valor \u00e9tico, sino una ventaja estrat\u00e9gica: la capacidad de abordar problemas complejos desde marcos mentales distintos permite desarticular sesgos que durante d\u00e9cadas limitaron el potencial de crecimiento.&nbsp;<\/p>\n\n\n\n<p>Desde nuestro medio consultamos a tres referentes del sector: la bi\u00f3loga <strong>Marta \u00c1lvarez<\/strong>, directora de Palo Verde; la ingeniera agr\u00f3noma <strong>Ver\u00f3nica Ballario<\/strong>, de Forage Genetics International (Alflafas WL) y la biotecn\u00f3loga <strong>Natalia Fuentes<\/strong>, Alfapro group SA, Santa Fe.<\/p>\n\n\n\n<p>Las protagonistas se\u00f1alaron que la pluralidad de enfoques enriquece el trabajo colaborativo, permitiendo que la \u00abimpronta femenina\u00bb \u2014esa amalgama de rigor t\u00e9cnico y sensibilidad organizacional\u2014 se convierta en el motor de soluciones disruptivas para los desaf\u00edos del lote y el mercado global.&nbsp;<\/p>\n\n\n\n<p>Esta madurez es el resultado de un recorrido de a\u00f1os, donde la mujer ha transitado de la periferia administrativa al epicentro de la toma de decisiones.<\/p>\n\n\n\n<p class=\"has-medium-font-size\"><strong>Un largo camino, al que todav\u00eda le falta reconocimiento<\/strong><\/p>\n\n\n\n<p>Hace treinta a\u00f1os, el paisaje de la alfalfa argentina estaba dominado por la inercia de empresas familiares donde la direcci\u00f3n era potestad exclusiva del hombre. El \u00ablote\u00bb era un territorio de mandatos heredados y desconfianzas generacionales.&nbsp;<\/p>\n\n\n\n<p>Sin embargo, el sector fue \u201cmutando, transformandose\u201d y pas\u00f3 de ser un espacio exclusivo a un lugar donde la competencia t\u00e9cnica y el conocimiento fue dando m\u00e1s lugar a la mujer, aunque todav\u00eda falta. Pero, en esta transici\u00f3n se puede ver el paso de la invisibilizaci\u00f3n a un&nbsp; presente donde las mujeres lideran \u00e1reas de biotecnolog\u00eda, comercio exterior y consejos de administraci\u00f3n.<\/p>\n\n\n\n<p>Dos trayectorias fundamentales permiten trazar este cambio de paradigma:<\/p>\n\n\n\n<p>Marta \u00c1lvarez: Bi\u00f3loga de formaci\u00f3n, inici\u00f3 su carrera en el Instituto Nacional de Semillas (INASE), realizando inspecciones t\u00e9cnicas en campos donde la presencia femenina era una anomal\u00eda. Tras fundar y dirigir durante dos d\u00e9cadas el Laboratorio G\u00e9nesis, hoy lidera junto a Carlos Crossi la firma Palo Verde. Su historia es la de quien ha sabido transformar la inspecci\u00f3n de campo en direcci\u00f3n estrat\u00e9gica.<\/p>\n\n\n\n<div class=\"wp-block-jetpack-slideshow aligncenter\" data-effect=\"slide\"><div class=\"wp-block-jetpack-slideshow_container swiper-container\"><ul class=\"wp-block-jetpack-slideshow_swiper-wrapper swiper-wrapper\"><li class=\"wp-block-jetpack-slideshow_slide swiper-slide\"><figure><img data-recalc-dims=\"1\" fetchpriority=\"high\" decoding=\"async\" width=\"800\" height=\"986\" alt=\"\" class=\"wp-block-jetpack-slideshow_image wp-image-51928\" data-id=\"51928\" src=\"https:\/\/i0.wp.com\/www.todoalfalfa.com.ar\/noticias\/wp-content\/uploads\/2026\/03\/1765574551428.jpeg?resize=800%2C986&#038;ssl=1\" srcset=\"https:\/\/i0.wp.com\/www.todoalfalfa.com.ar\/noticias\/wp-content\/uploads\/2026\/03\/1765574551428.jpeg?w=800&amp;ssl=1 800w, https:\/\/i0.wp.com\/www.todoalfalfa.com.ar\/noticias\/wp-content\/uploads\/2026\/03\/1765574551428.jpeg?resize=243%2C300&amp;ssl=1 243w, https:\/\/i0.wp.com\/www.todoalfalfa.com.ar\/noticias\/wp-content\/uploads\/2026\/03\/1765574551428.jpeg?resize=768%2C947&amp;ssl=1 768w\" sizes=\"(max-width: 800px) 100vw, 800px\" \/><figcaption class=\"wp-block-jetpack-slideshow_caption gallery-caption\">Marta Alvarez, directora de Palo Verde en la presentaci\u00f3n de nuevas variedades de su semillas<\/figcaption><\/figure><\/li><li class=\"wp-block-jetpack-slideshow_slide swiper-slide\"><figure><img data-recalc-dims=\"1\" decoding=\"async\" width=\"769\" height=\"1024\" alt=\"\" class=\"wp-block-jetpack-slideshow_image wp-image-51931\" data-id=\"51931\" data-aspect-ratio=\"769 \/ 1024\" src=\"https:\/\/i0.wp.com\/www.todoalfalfa.com.ar\/noticias\/wp-content\/uploads\/2026\/03\/1762349427903.jpeg?resize=769%2C1024&#038;ssl=1\" srcset=\"https:\/\/i0.wp.com\/www.todoalfalfa.com.ar\/noticias\/wp-content\/uploads\/2026\/03\/1762349427903.jpeg?resize=769%2C1024&amp;ssl=1 769w, https:\/\/i0.wp.com\/www.todoalfalfa.com.ar\/noticias\/wp-content\/uploads\/2026\/03\/1762349427903.jpeg?resize=225%2C300&amp;ssl=1 225w, https:\/\/i0.wp.com\/www.todoalfalfa.com.ar\/noticias\/wp-content\/uploads\/2026\/03\/1762349427903.jpeg?resize=768%2C1022&amp;ssl=1 768w, https:\/\/i0.wp.com\/www.todoalfalfa.com.ar\/noticias\/wp-content\/uploads\/2026\/03\/1762349427903.jpeg?resize=1154%2C1536&amp;ssl=1 1154w, https:\/\/i0.wp.com\/www.todoalfalfa.com.ar\/noticias\/wp-content\/uploads\/2026\/03\/1762349427903.jpeg?w=1179&amp;ssl=1 1179w\" sizes=\"(max-width: 769px) 100vw, 769px\" \/><figcaption class=\"wp-block-jetpack-slideshow_caption gallery-caption\">Marta Alvarez, directora de Palo Verde, en el Congreso Mundial de Alfalfa<\/figcaption><\/figure><\/li><li class=\"wp-block-jetpack-slideshow_slide swiper-slide\"><figure><img data-recalc-dims=\"1\" decoding=\"async\" width=\"1024\" height=\"1024\" alt=\"\" class=\"wp-block-jetpack-slideshow_image wp-image-51930\" data-id=\"51930\" data-aspect-ratio=\"1024 \/ 1024\" src=\"https:\/\/i0.wp.com\/www.todoalfalfa.com.ar\/noticias\/wp-content\/uploads\/2026\/03\/1762349427802.jpeg?resize=1024%2C1024&#038;ssl=1\" srcset=\"https:\/\/i0.wp.com\/www.todoalfalfa.com.ar\/noticias\/wp-content\/uploads\/2026\/03\/1762349427802.jpeg?resize=1024%2C1024&amp;ssl=1 1024w, https:\/\/i0.wp.com\/www.todoalfalfa.com.ar\/noticias\/wp-content\/uploads\/2026\/03\/1762349427802.jpeg?resize=300%2C300&amp;ssl=1 300w, https:\/\/i0.wp.com\/www.todoalfalfa.com.ar\/noticias\/wp-content\/uploads\/2026\/03\/1762349427802.jpeg?resize=150%2C150&amp;ssl=1 150w, https:\/\/i0.wp.com\/www.todoalfalfa.com.ar\/noticias\/wp-content\/uploads\/2026\/03\/1762349427802.jpeg?resize=768%2C768&amp;ssl=1 768w, https:\/\/i0.wp.com\/www.todoalfalfa.com.ar\/noticias\/wp-content\/uploads\/2026\/03\/1762349427802.jpeg?w=1200&amp;ssl=1 1200w\" sizes=\"(max-width: 1000px) 100vw, 1000px\" \/><figcaption class=\"wp-block-jetpack-slideshow_caption gallery-caption\">Marta Alvarez, directora de Palo Verde, en Reims, Francia<\/figcaption><\/figure><\/li><li class=\"wp-block-jetpack-slideshow_slide swiper-slide\"><figure><img data-recalc-dims=\"1\" loading=\"lazy\" decoding=\"async\" width=\"683\" height=\"1024\" alt=\"\" class=\"wp-block-jetpack-slideshow_image wp-image-51927\" data-id=\"51927\" data-aspect-ratio=\"683 \/ 1024\" src=\"https:\/\/i0.wp.com\/www.todoalfalfa.com.ar\/noticias\/wp-content\/uploads\/2026\/03\/1771423003685.jpeg?resize=683%2C1024&#038;ssl=1\" srcset=\"https:\/\/i0.wp.com\/www.todoalfalfa.com.ar\/noticias\/wp-content\/uploads\/2026\/03\/1771423003685.jpeg?resize=683%2C1024&amp;ssl=1 683w, https:\/\/i0.wp.com\/www.todoalfalfa.com.ar\/noticias\/wp-content\/uploads\/2026\/03\/1771423003685.jpeg?resize=200%2C300&amp;ssl=1 200w, https:\/\/i0.wp.com\/www.todoalfalfa.com.ar\/noticias\/wp-content\/uploads\/2026\/03\/1771423003685.jpeg?resize=768%2C1151&amp;ssl=1 768w, https:\/\/i0.wp.com\/www.todoalfalfa.com.ar\/noticias\/wp-content\/uploads\/2026\/03\/1771423003685.jpeg?w=800&amp;ssl=1 800w\" sizes=\"(max-width: 683px) 100vw, 683px\" \/><\/figure><\/li><li class=\"wp-block-jetpack-slideshow_slide swiper-slide\"><figure><img data-recalc-dims=\"1\" loading=\"lazy\" decoding=\"async\" width=\"800\" height=\"538\" alt=\"\" class=\"wp-block-jetpack-slideshow_image wp-image-51929\" data-id=\"51929\" src=\"https:\/\/i0.wp.com\/www.todoalfalfa.com.ar\/noticias\/wp-content\/uploads\/2026\/03\/1763401906718.jpeg?resize=800%2C538&#038;ssl=1\" srcset=\"https:\/\/i0.wp.com\/www.todoalfalfa.com.ar\/noticias\/wp-content\/uploads\/2026\/03\/1763401906718.jpeg?w=800&amp;ssl=1 800w, https:\/\/i0.wp.com\/www.todoalfalfa.com.ar\/noticias\/wp-content\/uploads\/2026\/03\/1763401906718.jpeg?resize=300%2C202&amp;ssl=1 300w, https:\/\/i0.wp.com\/www.todoalfalfa.com.ar\/noticias\/wp-content\/uploads\/2026\/03\/1763401906718.jpeg?resize=768%2C516&amp;ssl=1 768w\" sizes=\"(max-width: 800px) 100vw, 800px\" \/><figcaption class=\"wp-block-jetpack-slideshow_caption gallery-caption\">Marta Alvarez, directora de Palo Verde, junto a su hija Paloma participando del Buenos Aires Seed Convention 2025<\/figcaption><\/figure><\/li><\/ul><a class=\"wp-block-jetpack-slideshow_button-prev swiper-button-prev swiper-button-white\" role=\"button\"><\/a><a class=\"wp-block-jetpack-slideshow_button-next swiper-button-next swiper-button-white\" role=\"button\"><\/a><a aria-label=\"Pause Slideshow\" class=\"wp-block-jetpack-slideshow_button-pause\" role=\"button\"><\/a><div class=\"wp-block-jetpack-slideshow_pagination swiper-pagination swiper-pagination-white\"><\/div><\/div><\/div>\n\n\n\n<p>Ver\u00f3nica Ballario: Con 55 a\u00f1os y una carrera iniciada a los 23 como becaria del INTA, ha consolidado un liderazgo dual de alto impacto. Se desempe\u00f1a como fitomejoradora de alfalfa para la firma estadounidense Forage Genetics, mientras gestiona la administraci\u00f3n de su empresa agropecuaria familiar. Adem\u00e1s, desde 2017, integra el Consejo de Administraci\u00f3n de la Cooperativa General Paz.<\/p>\n\n\n\n<div class=\"wp-block-jetpack-slideshow aligncenter\" data-effect=\"slide\" style=\"--aspect-ratio:calc(768 \/ 1024)\"><div class=\"wp-block-jetpack-slideshow_container swiper-container\"><ul class=\"wp-block-jetpack-slideshow_swiper-wrapper swiper-wrapper\"><li class=\"wp-block-jetpack-slideshow_slide swiper-slide\"><figure><img data-recalc-dims=\"1\" loading=\"lazy\" decoding=\"async\" width=\"768\" height=\"1024\" alt=\"\" class=\"wp-block-jetpack-slideshow_image wp-image-51932\" data-id=\"51932\" data-aspect-ratio=\"768 \/ 1024\" src=\"https:\/\/i0.wp.com\/www.todoalfalfa.com.ar\/noticias\/wp-content\/uploads\/2026\/03\/WhatsApp-Image-2026-03-07-at-13.17.26.jpeg?resize=768%2C1024&#038;ssl=1\" srcset=\"https:\/\/i0.wp.com\/www.todoalfalfa.com.ar\/noticias\/wp-content\/uploads\/2026\/03\/WhatsApp-Image-2026-03-07-at-13.17.26.jpeg?resize=768%2C1024&amp;ssl=1 768w, https:\/\/i0.wp.com\/www.todoalfalfa.com.ar\/noticias\/wp-content\/uploads\/2026\/03\/WhatsApp-Image-2026-03-07-at-13.17.26.jpeg?resize=225%2C300&amp;ssl=1 225w, https:\/\/i0.wp.com\/www.todoalfalfa.com.ar\/noticias\/wp-content\/uploads\/2026\/03\/WhatsApp-Image-2026-03-07-at-13.17.26.jpeg?w=960&amp;ssl=1 960w\" sizes=\"(max-width: 768px) 100vw, 768px\" \/><figcaption class=\"wp-block-jetpack-slideshow_caption gallery-caption\">Ver\u00f3nica Ballario, fitomejoradora de Forage Genetics Internacional<\/figcaption><\/figure><\/li><\/ul><a class=\"wp-block-jetpack-slideshow_button-prev swiper-button-prev swiper-button-white\" role=\"button\"><\/a><a class=\"wp-block-jetpack-slideshow_button-next swiper-button-next swiper-button-white\" role=\"button\"><\/a><a aria-label=\"Pause Slideshow\" class=\"wp-block-jetpack-slideshow_button-pause\" role=\"button\"><\/a><div class=\"wp-block-jetpack-slideshow_pagination swiper-pagination swiper-pagination-white\"><\/div><\/div><\/div>\n\n\n\n<p>A pesar de estos hitos, la estructura del negocio a\u00fan conserva resabios de una cultura que hoy choca con la realidad de una generaci\u00f3n que viene \u00abcon otra cabeza\u00bb, exigiendo un an\u00e1lisis profundo sobre las barreras que a\u00fan persisten.<\/p>\n\n\n\n<p class=\"has-medium-font-size\"><strong>Desaf\u00edos estructurales: Romper el techo y discutir la brecha salarial<\/strong><\/p>\n\n\n\n<p>Aunque la participaci\u00f3n femenina es hoy una realidad innegable, el ascenso a los pelda\u00f1os jer\u00e1rquicos m\u00e1s altos y la equidad remunerativa permanecen como asignaturas pendientes.&nbsp;<\/p>\n\n\n\n<p>La agroindustria, arraigada en tradiciones centenarias, arrastra una desigualdad sist\u00e9mica que se manifiesta en el bolsillo: el hombre, por norma, sigue percibiendo salarios m\u00e1s elevados.&nbsp;<\/p>\n\n\n\n<p>Marta \u00c1lvarez es contundente al respecto: erradicar esta injusticia \u00abva a costar\u00bb, pues no se trata solo de un ajuste contable, sino de desmantelar una mentalidad que otorga ventajas&nbsp;autom\u00e1ticas al g\u00e9nero masculino.<\/p>\n\n\n\n<p>M\u00e1s all\u00e1 de la brecha econ\u00f3mica, existe una deuda hist\u00f3rica con las vocaciones silenciadas. Muchas mujeres, d\u00e9cadas atr\u00e1s, quedaron en el camino sin poder desarrollarse profesionalmente por el hecho de ser mujer.<\/p>\n\n\n\n<blockquote class=\"wp-block-quote has-vivid-purple-color has-text-color has-link-color wp-elements-0331e5dc09ad762470e6c29dd54cd131 is-layout-flow wp-block-quote-is-layout-flow\">\n<p>\u00abHan quedado por el camino muchas mujeres frustradas porque les ha tocado un entorno familiar en donde no se las escuch\u00f3, no se les permiti\u00f3 cumplir sus sue\u00f1os&#8230; personas que vivieron una vida que no les pertenec\u00eda simplemente por el hecho de ser mujer\u00bb. \u2014 Marta \u00c1lvarez.<\/p>\n<\/blockquote>\n\n\n\n<p>Hoy, el m\u00e9rito y la solvencia t\u00e9cnica se erigen como las \u00fanicas herramientas leg\u00edtimas para quebrar esos techos de cristal, conectando la justicia social con la eficiencia productiva que el campo demanda.<\/p>\n\n\n\n<p class=\"has-medium-font-size\"><strong>Romper creencias\u2026<\/strong><\/p>\n\n\n\n<p>Natalia Fuentes, biotecn\u00f3loga de Alfapro Group, argumenta que la presencia femenina en eslabones que van desde la investigaci\u00f3n gen\u00f3mica hasta la log\u00edstica de exportaci\u00f3n constituye una \u00abventaja estrat\u00e9gica\u00bb. No se trata de una sustituci\u00f3n de roles, sino de una integraci\u00f3n de capacidades.&nbsp;<\/p>\n\n\n\n<div class=\"wp-block-jetpack-slideshow aligncenter\" data-effect=\"slide\" style=\"--aspect-ratio:calc(768 \/ 1024)\"><div class=\"wp-block-jetpack-slideshow_container swiper-container\"><ul class=\"wp-block-jetpack-slideshow_swiper-wrapper swiper-wrapper\"><li class=\"wp-block-jetpack-slideshow_slide swiper-slide\"><figure><img data-recalc-dims=\"1\" loading=\"lazy\" decoding=\"async\" width=\"768\" height=\"1024\" alt=\"\" class=\"wp-block-jetpack-slideshow_image wp-image-51933\" data-id=\"51933\" data-aspect-ratio=\"768 \/ 1024\" src=\"https:\/\/i0.wp.com\/www.todoalfalfa.com.ar\/noticias\/wp-content\/uploads\/2026\/03\/WhatsApp-Image-2026-03-08-at-09.44.47.jpeg?resize=768%2C1024&#038;ssl=1\" srcset=\"https:\/\/i0.wp.com\/www.todoalfalfa.com.ar\/noticias\/wp-content\/uploads\/2026\/03\/WhatsApp-Image-2026-03-08-at-09.44.47.jpeg?resize=768%2C1024&amp;ssl=1 768w, https:\/\/i0.wp.com\/www.todoalfalfa.com.ar\/noticias\/wp-content\/uploads\/2026\/03\/WhatsApp-Image-2026-03-08-at-09.44.47.jpeg?resize=225%2C300&amp;ssl=1 225w, https:\/\/i0.wp.com\/www.todoalfalfa.com.ar\/noticias\/wp-content\/uploads\/2026\/03\/WhatsApp-Image-2026-03-08-at-09.44.47.jpeg?w=960&amp;ssl=1 960w\" sizes=\"(max-width: 768px) 100vw, 768px\" \/><figcaption class=\"wp-block-jetpack-slideshow_caption gallery-caption\">Natalia Fuentes, biotecnologa, de Alfapro Group, en ExpoAlfa 2025<\/figcaption><\/figure><\/li><\/ul><a class=\"wp-block-jetpack-slideshow_button-prev swiper-button-prev swiper-button-white\" role=\"button\"><\/a><a class=\"wp-block-jetpack-slideshow_button-next swiper-button-next swiper-button-white\" role=\"button\"><\/a><a aria-label=\"Pause Slideshow\" class=\"wp-block-jetpack-slideshow_button-pause\" role=\"button\"><\/a><div class=\"wp-block-jetpack-slideshow_pagination swiper-pagination swiper-pagination-white\"><\/div><\/div><\/div>\n\n\n\n<p>Ver\u00f3nica Ballario refuerza esta visi\u00f3n: el objetivo no es mimetizarse con los hombres ni adoptar sus formas, sino aportar desde un marco mental diferente. Habilidades como la organizaci\u00f3n meticulosa, la calidez humana y la comunicaci\u00f3n asertiva son activos que las empresas modernas valoran como diferenciales competitivos.<\/p>\n\n\n\n<p>Esta perspectiva se valida en el trato diario con los trabajadores rurales. Ballario sugiere que, para derribar prejuicios en el campo, la clave es la humildad t\u00e9cnica: \u00abescuchar a quienes conocen el lote palmo a palmo\u00bb. Al reconocer la experiencia del trabajador de campo, la profesional reci\u00e9n egresada \u2014sea hombre o mujer\u2014 deja de ser una figura de autoridad impuesta para convertirse en un aliado, en una \u00abmano derecha\u00bb. En ese v\u00ednculo de respeto mutuo, el g\u00e9nero se vuelve irrelevante frente a la solvencia del trabajo bien hecho.<\/p>\n\n\n\n<p class=\"has-medium-font-size\"><strong>El camino que las nuevas generaciones deben continuar<\/strong><\/p>\n\n\n\n<p>EL mayor logro ha sido \u00ababrir el surco\u00bb. Las j\u00f3venes agr\u00f3nomas y veterinarias que hoy ingresan al mercado lo hacen sobre un terreno que fue desmalezado con esfuerzo y resistencia por sus predecesoras. Este relevo generacional es tangible en casos como el de Paloma, la hija de Marta \u00c1lvarez, quien desde el \u00e1rea legal vinculada al agro representa la nueva frontera de la profesionalizaci\u00f3n femenina en toda la cadena de valor.<\/p>\n\n\n\n<p>Para quienes se inician en este camino, las referentes proponen una hoja de ruta basada en la excelencia:<\/p>\n\n\n\n<p><em>Valores<\/em>: La inclusi\u00f3n y el respeto son la base del contrato. Como afirma Ballario: \u00abSi no me toman por un tema de g\u00e9nero, se lo pierden ellos\u00bb.<\/p>\n\n\n\n<p><em>El respeto se gana<\/em>: La autoridad no se hereda; se construye con compromiso y solvencia t\u00e9cnica diaria.<\/p>\n\n\n\n<p><em>Formaci\u00f3n y m\u00e9rito:<\/em> El estudio constante, el dominio de idiomas y la capacitaci\u00f3n t\u00e9cnica son las herramientas que permiten que el logro sea objetivo e indiscutible.<\/p>\n\n\n\n<p>El horizonte de la agroindustria argentina se vislumbra en un escenario donde el g\u00e9nero sea una caracter\u00edstica y jam\u00e1s una limitante. El est\u00e1ndar de evaluaci\u00f3n debe ser, \u00fanica y exclusivamente, la capacidad profesional. Como manifest\u00f3 Marta \u00c1lvarez, se trata de seguir \u00abhaciendo camino al andar\u00bb, con el optimismo de quien sabe que la direcci\u00f3n es la correcta pero con sabiendo que la realidad pondr\u00e1 escollos en el camino que deber\u00e1n sortear para dar continuidad a la apertura de \u201cnuevos surcos\u201d.<\/p>\n\n\n\n<p>Porque para lograr un espacio m\u00e1s humano y justo debemos alcanzar la \u201cbrecha cero\u201d y no solo desde lo discursivo, sino desde la realidad. Un punto de justicia laboral donde la equidad de oportunidades no sea una aspiraci\u00f3n, sino la norma. Donde el m\u00e9rito y la capacidad sean m\u00e1s importante que el mandato.&nbsp;<\/p>\n\n\n\n<p><\/p>\n\n\n\n<blockquote class=\"wp-block-quote has-medium-font-size is-layout-flow wp-block-quote-is-layout-flow\">\n<p class=\"has-black-color has-white-background-color has-text-color has-background has-link-color wp-elements-48140173bc486c31fb6a4f975e1c126c\"><strong>\u00abLas mujeres no solo hacen historia. La siguen escribiendo d\u00eda a d\u00eda\u00bb<\/strong><\/p>\n<\/blockquote>\n<div class=\"todoalfalfa-final-de-la-nota\" id=\"todoalfalfa-1757195602\"><a href=\"https:\/\/www.whatsapp.com\/channel\/0029VbCBmFB9WtBxJsD3eC2i\" target=\"_blank\" aria-label=\"5\"><img src=\"https:\/\/i0.wp.com\/www.todoalfalfa.com.ar\/noticias\/wp-content\/uploads\/2026\/04\/5.gif?fit=728%2C90&#038;ssl=1\" alt=\"\"  width=\"728\" height=\"90\"   \/><\/a><\/div>","protected":false},"excerpt":{"rendered":"<p>En el D\u00eda Internacional de la Mujer desde TodoAlfalfa decidimos reflexionar sobre la equidad en el campo argentino. No hablamos de cupos ni de lo pol\u00edticamente correcto, hablamos de una transformaci\u00f3n donde el patriarcado deje su lugar de privilegio y la igualdad de oportunidades sean reales y no frases de \u201chistoria de instagram\u201d.<\/p>\n","protected":false},"author":9,"featured_media":51926,"comment_status":"closed","ping_status":"open","sticky":false,"template":"","format":"standard","meta":{"jetpack_post_was_ever_published":false,"_jetpack_newsletter_access":"","_jetpack_dont_email_post_to_subs":false,"_jetpack_newsletter_tier_id":0,"_jetpack_memberships_contains_paywalled_content":false,"_jetpack_memberships_contains_paid_content":false,"footnotes":""},"categories":[2],"tags":[2177,31,634,2180,1931,2176,2181,54,2072,2179,17,21,96,2178],"class_list":["post-51925","post","type-post","status-publish","format-standard","has-post-thumbnail","hentry","category-generales","tag-8m","tag-alfalfa","tag-alfalfas-wl","tag-alfapro-group","tag-capacitacion-2","tag-dia-internacional-de-la-mujer","tag-forage-genetics-internacional","tag-forrajes","tag-marta-alvarez","tag-natalia-fuentes","tag-pasturas","tag-produccion","tag-semillas","tag-veronica-ballario"],"yoast_head":"<!-- This site is optimized with the Yoast SEO plugin v25.5 - https:\/\/yoast.com\/wordpress\/plugins\/seo\/ -->\n<title>Mujeres que abren caminos: liderazgo y evoluci\u00f3n femenina en la alfalfa Argentina<\/title>\n<meta name=\"robots\" content=\"index, follow, max-snippet:-1, max-image-preview:large, max-video-preview:-1\" \/>\n<link rel=\"canonical\" href=\"https:\/\/www.todoalfalfa.com.ar\/noticias\/mujeres-que-abren-caminos-liderazgo-y-evolucion-femenina-en-la-alfalfa-argentina\/\" \/>\n<meta property=\"og:locale\" content=\"es_ES\" \/>\n<meta property=\"og:type\" content=\"article\" \/>\n<meta property=\"og:title\" content=\"Mujeres que abren caminos: liderazgo y evoluci\u00f3n femenina en la alfalfa Argentina\" \/>\n<meta property=\"og:description\" content=\"En el D\u00eda Internacional de la Mujer desde TodoAlfalfa decidimos reflexionar sobre la equidad en el campo argentino. No hablamos de cupos ni de lo pol\u00edticamente correcto, hablamos de una transformaci\u00f3n donde el patriarcado deje su lugar de privilegio y la igualdad de oportunidades sean reales y no frases de \u201chistoria de instagram\u201d.\" \/>\n<meta property=\"og:url\" content=\"https:\/\/www.todoalfalfa.com.ar\/noticias\/mujeres-que-abren-caminos-liderazgo-y-evolucion-femenina-en-la-alfalfa-argentina\/\" \/>\n<meta property=\"og:site_name\" content=\"Todo Alfalfa\" \/>\n<meta property=\"article:publisher\" content=\"https:\/\/www.facebook.com\/todoalfalfa\" \/>\n<meta property=\"article:published_time\" content=\"2026-03-08T12:47:41+00:00\" \/>\n<meta property=\"article:modified_time\" content=\"2026-03-08T13:14:44+00:00\" \/>\n<meta property=\"og:image\" content=\"https:\/\/www.todoalfalfa.com.ar\/noticias\/wp-content\/uploads\/2026\/03\/WhatsApp-Image-2026-03-07-at-14.46.36.jpeg\" \/>\n\t<meta property=\"og:image:width\" content=\"2048\" \/>\n\t<meta property=\"og:image:height\" content=\"2560\" \/>\n\t<meta property=\"og:image:type\" content=\"image\/jpeg\" \/>\n<meta name=\"author\" content=\"Todo Alfalfa\" \/>\n<meta name=\"twitter:card\" content=\"summary_large_image\" \/>\n<meta name=\"twitter:label1\" content=\"Escrito por\" \/>\n\t<meta name=\"twitter:data1\" content=\"Todo Alfalfa\" \/>\n\t<meta name=\"twitter:label2\" content=\"Tiempo de lectura\" \/>\n\t<meta name=\"twitter:data2\" content=\"8 minutos\" \/>\n<script type=\"application\/ld+json\" class=\"yoast-schema-graph\">{\"@context\":\"https:\/\/schema.org\",\"@graph\":[{\"@type\":\"NewsArticle\",\"@id\":\"https:\/\/www.todoalfalfa.com.ar\/noticias\/mujeres-que-abren-caminos-liderazgo-y-evolucion-femenina-en-la-alfalfa-argentina\/#article\",\"isPartOf\":{\"@id\":\"https:\/\/www.todoalfalfa.com.ar\/noticias\/mujeres-que-abren-caminos-liderazgo-y-evolucion-femenina-en-la-alfalfa-argentina\/\"},\"author\":{\"name\":\"Todo Alfalfa\",\"@id\":\"https:\/\/www.todoalfalfa.com.ar\/noticias\/#\/schema\/person\/99de93cb711c7015ef658e5321ba9f18\"},\"headline\":\"Mujeres que abren caminos: liderazgo y evoluci\u00f3n femenina en la alfalfa Argentina\",\"datePublished\":\"2026-03-08T12:47:41+00:00\",\"dateModified\":\"2026-03-08T13:14:44+00:00\",\"mainEntityOfPage\":{\"@id\":\"https:\/\/www.todoalfalfa.com.ar\/noticias\/mujeres-que-abren-caminos-liderazgo-y-evolucion-femenina-en-la-alfalfa-argentina\/\"},\"wordCount\":1384,\"publisher\":{\"@id\":\"https:\/\/www.todoalfalfa.com.ar\/noticias\/#organization\"},\"image\":{\"@id\":\"https:\/\/www.todoalfalfa.com.ar\/noticias\/mujeres-que-abren-caminos-liderazgo-y-evolucion-femenina-en-la-alfalfa-argentina\/#primaryimage\"},\"thumbnailUrl\":\"https:\/\/i0.wp.com\/www.todoalfalfa.com.ar\/noticias\/wp-content\/uploads\/2026\/03\/WhatsApp-Image-2026-03-07-at-14.46.36.jpeg?fit=2048%2C2560&ssl=1\",\"keywords\":[\"#8M\",\"alfalfa\",\"Alfalfas WL\",\"Alfapro Group\",\"Capacitacion\",\"Dia Internacional de la Mujer\",\"Forage Genetics Internacional\",\"forrajes\",\"Marta Alvarez\",\"Natalia Fuentes\",\"pasturas\",\"producci\u00f3n\",\"semillas\",\"Ver\u00f3nica Ballario\"],\"articleSection\":[\"Generales\"],\"inLanguage\":\"es\"},{\"@type\":[\"WebPage\",\"ItemPage\"],\"@id\":\"https:\/\/www.todoalfalfa.com.ar\/noticias\/mujeres-que-abren-caminos-liderazgo-y-evolucion-femenina-en-la-alfalfa-argentina\/\",\"url\":\"https:\/\/www.todoalfalfa.com.ar\/noticias\/mujeres-que-abren-caminos-liderazgo-y-evolucion-femenina-en-la-alfalfa-argentina\/\",\"name\":\"Mujeres que abren caminos: liderazgo y evoluci\u00f3n femenina en la alfalfa Argentina\",\"isPartOf\":{\"@id\":\"https:\/\/www.todoalfalfa.com.ar\/noticias\/#website\"},\"primaryImageOfPage\":{\"@id\":\"https:\/\/www.todoalfalfa.com.ar\/noticias\/mujeres-que-abren-caminos-liderazgo-y-evolucion-femenina-en-la-alfalfa-argentina\/#primaryimage\"},\"image\":{\"@id\":\"https:\/\/www.todoalfalfa.com.ar\/noticias\/mujeres-que-abren-caminos-liderazgo-y-evolucion-femenina-en-la-alfalfa-argentina\/#primaryimage\"},\"thumbnailUrl\":\"https:\/\/i0.wp.com\/www.todoalfalfa.com.ar\/noticias\/wp-content\/uploads\/2026\/03\/WhatsApp-Image-2026-03-07-at-14.46.36.jpeg?fit=2048%2C2560&ssl=1\",\"datePublished\":\"2026-03-08T12:47:41+00:00\",\"dateModified\":\"2026-03-08T13:14:44+00:00\",\"breadcrumb\":{\"@id\":\"https:\/\/www.todoalfalfa.com.ar\/noticias\/mujeres-que-abren-caminos-liderazgo-y-evolucion-femenina-en-la-alfalfa-argentina\/#breadcrumb\"},\"inLanguage\":\"es\",\"potentialAction\":[{\"@type\":\"ReadAction\",\"target\":[\"https:\/\/www.todoalfalfa.com.ar\/noticias\/mujeres-que-abren-caminos-liderazgo-y-evolucion-femenina-en-la-alfalfa-argentina\/\"]}]},{\"@type\":\"ImageObject\",\"inLanguage\":\"es\",\"@id\":\"https:\/\/www.todoalfalfa.com.ar\/noticias\/mujeres-que-abren-caminos-liderazgo-y-evolucion-femenina-en-la-alfalfa-argentina\/#primaryimage\",\"url\":\"https:\/\/i0.wp.com\/www.todoalfalfa.com.ar\/noticias\/wp-content\/uploads\/2026\/03\/WhatsApp-Image-2026-03-07-at-14.46.36.jpeg?fit=2048%2C2560&ssl=1\",\"contentUrl\":\"https:\/\/i0.wp.com\/www.todoalfalfa.com.ar\/noticias\/wp-content\/uploads\/2026\/03\/WhatsApp-Image-2026-03-07-at-14.46.36.jpeg?fit=2048%2C2560&ssl=1\",\"width\":2048,\"height\":2560},{\"@type\":\"BreadcrumbList\",\"@id\":\"https:\/\/www.todoalfalfa.com.ar\/noticias\/mujeres-que-abren-caminos-liderazgo-y-evolucion-femenina-en-la-alfalfa-argentina\/#breadcrumb\",\"itemListElement\":[{\"@type\":\"ListItem\",\"position\":1,\"name\":\"Principal\",\"item\":\"https:\/\/www.todoalfalfa.com.ar\/noticias\/\"},{\"@type\":\"ListItem\",\"position\":2,\"name\":\"Mujeres que abren caminos: liderazgo y evoluci\u00f3n femenina en la alfalfa Argentina\"}]},{\"@type\":\"WebSite\",\"@id\":\"https:\/\/www.todoalfalfa.com.ar\/noticias\/#website\",\"url\":\"https:\/\/www.todoalfalfa.com.ar\/noticias\/\",\"name\":\"Todo Alfalfa\",\"description\":\"Web informativa de la cadena de la alfalfa argentina\",\"publisher\":{\"@id\":\"https:\/\/www.todoalfalfa.com.ar\/noticias\/#organization\"},\"potentialAction\":[{\"@type\":\"SearchAction\",\"target\":{\"@type\":\"EntryPoint\",\"urlTemplate\":\"https:\/\/www.todoalfalfa.com.ar\/noticias\/?s={search_term_string}\"},\"query-input\":{\"@type\":\"PropertyValueSpecification\",\"valueRequired\":true,\"valueName\":\"search_term_string\"}}],\"inLanguage\":\"es\"},{\"@type\":\"Organization\",\"@id\":\"https:\/\/www.todoalfalfa.com.ar\/noticias\/#organization\",\"name\":\"Todo Alfalfa\",\"url\":\"https:\/\/www.todoalfalfa.com.ar\/noticias\/\",\"logo\":{\"@type\":\"ImageObject\",\"inLanguage\":\"es\",\"@id\":\"https:\/\/www.todoalfalfa.com.ar\/noticias\/#\/schema\/logo\/image\/\",\"url\":\"https:\/\/www.todoalfalfa.com.ar\/noticias\/wp-content\/uploads\/2020\/09\/logo-todo-alfalfa-modificado.png\",\"contentUrl\":\"https:\/\/www.todoalfalfa.com.ar\/noticias\/wp-content\/uploads\/2020\/09\/logo-todo-alfalfa-modificado.png\",\"width\":350,\"height\":100,\"caption\":\"Todo Alfalfa\"},\"image\":{\"@id\":\"https:\/\/www.todoalfalfa.com.ar\/noticias\/#\/schema\/logo\/image\/\"},\"sameAs\":[\"https:\/\/www.facebook.com\/todoalfalfa\",\"https:\/\/www.instagram.com\/todoalfalfa\",\"https:\/\/www.youtube.com\/@TodoAlfalfa\",\"https:\/\/www.linkedin.com\/company\/todoalfalfa\/\"]},{\"@type\":\"Person\",\"@id\":\"https:\/\/www.todoalfalfa.com.ar\/noticias\/#\/schema\/person\/99de93cb711c7015ef658e5321ba9f18\",\"name\":\"Todo Alfalfa\",\"image\":{\"@type\":\"ImageObject\",\"inLanguage\":\"es\",\"@id\":\"https:\/\/www.todoalfalfa.com.ar\/noticias\/#\/schema\/person\/image\/\",\"url\":\"https:\/\/secure.gravatar.com\/avatar\/50ffd12fb7b268bc2467160730786602db252a270c63104e7c19b5f67b8dd346?s=96&d=mm&r=g\",\"contentUrl\":\"https:\/\/secure.gravatar.com\/avatar\/50ffd12fb7b268bc2467160730786602db252a270c63104e7c19b5f67b8dd346?s=96&d=mm&r=g\",\"caption\":\"Todo Alfalfa\"},\"url\":\"https:\/\/www.todoalfalfa.com.ar\/noticias\/author\/osvaldoiachetta\/\"}]}<\/script>\n<!-- \/ Yoast SEO plugin. -->","yoast_head_json":{"title":"Mujeres que abren caminos: liderazgo y evoluci\u00f3n femenina en la alfalfa Argentina","robots":{"index":"index","follow":"follow","max-snippet":"max-snippet:-1","max-image-preview":"max-image-preview:large","max-video-preview":"max-video-preview:-1"},"canonical":"https:\/\/www.todoalfalfa.com.ar\/noticias\/mujeres-que-abren-caminos-liderazgo-y-evolucion-femenina-en-la-alfalfa-argentina\/","og_locale":"es_ES","og_type":"article","og_title":"Mujeres que abren caminos: liderazgo y evoluci\u00f3n femenina en la alfalfa Argentina","og_description":"En el D\u00eda Internacional de la Mujer desde TodoAlfalfa decidimos reflexionar sobre la equidad en el campo argentino. No hablamos de cupos ni de lo pol\u00edticamente correcto, hablamos de una transformaci\u00f3n donde el patriarcado deje su lugar de privilegio y la igualdad de oportunidades sean reales y no frases de \u201chistoria de instagram\u201d.","og_url":"https:\/\/www.todoalfalfa.com.ar\/noticias\/mujeres-que-abren-caminos-liderazgo-y-evolucion-femenina-en-la-alfalfa-argentina\/","og_site_name":"Todo Alfalfa","article_publisher":"https:\/\/www.facebook.com\/todoalfalfa","article_published_time":"2026-03-08T12:47:41+00:00","article_modified_time":"2026-03-08T13:14:44+00:00","og_image":[{"width":2048,"height":2560,"url":"https:\/\/www.todoalfalfa.com.ar\/noticias\/wp-content\/uploads\/2026\/03\/WhatsApp-Image-2026-03-07-at-14.46.36.jpeg","type":"image\/jpeg"}],"author":"Todo Alfalfa","twitter_card":"summary_large_image","twitter_misc":{"Escrito por":"Todo Alfalfa","Tiempo de lectura":"8 minutos"},"schema":{"@context":"https:\/\/schema.org","@graph":[{"@type":"NewsArticle","@id":"https:\/\/www.todoalfalfa.com.ar\/noticias\/mujeres-que-abren-caminos-liderazgo-y-evolucion-femenina-en-la-alfalfa-argentina\/#article","isPartOf":{"@id":"https:\/\/www.todoalfalfa.com.ar\/noticias\/mujeres-que-abren-caminos-liderazgo-y-evolucion-femenina-en-la-alfalfa-argentina\/"},"author":{"name":"Todo Alfalfa","@id":"https:\/\/www.todoalfalfa.com.ar\/noticias\/#\/schema\/person\/99de93cb711c7015ef658e5321ba9f18"},"headline":"Mujeres que abren caminos: liderazgo y evoluci\u00f3n femenina en la alfalfa Argentina","datePublished":"2026-03-08T12:47:41+00:00","dateModified":"2026-03-08T13:14:44+00:00","mainEntityOfPage":{"@id":"https:\/\/www.todoalfalfa.com.ar\/noticias\/mujeres-que-abren-caminos-liderazgo-y-evolucion-femenina-en-la-alfalfa-argentina\/"},"wordCount":1384,"publisher":{"@id":"https:\/\/www.todoalfalfa.com.ar\/noticias\/#organization"},"image":{"@id":"https:\/\/www.todoalfalfa.com.ar\/noticias\/mujeres-que-abren-caminos-liderazgo-y-evolucion-femenina-en-la-alfalfa-argentina\/#primaryimage"},"thumbnailUrl":"https:\/\/i0.wp.com\/www.todoalfalfa.com.ar\/noticias\/wp-content\/uploads\/2026\/03\/WhatsApp-Image-2026-03-07-at-14.46.36.jpeg?fit=2048%2C2560&ssl=1","keywords":["#8M","alfalfa","Alfalfas WL","Alfapro Group","Capacitacion","Dia Internacional de la Mujer","Forage Genetics Internacional","forrajes","Marta Alvarez","Natalia Fuentes","pasturas","producci\u00f3n","semillas","Ver\u00f3nica Ballario"],"articleSection":["Generales"],"inLanguage":"es"},{"@type":["WebPage","ItemPage"],"@id":"https:\/\/www.todoalfalfa.com.ar\/noticias\/mujeres-que-abren-caminos-liderazgo-y-evolucion-femenina-en-la-alfalfa-argentina\/","url":"https:\/\/www.todoalfalfa.com.ar\/noticias\/mujeres-que-abren-caminos-liderazgo-y-evolucion-femenina-en-la-alfalfa-argentina\/","name":"Mujeres que abren caminos: liderazgo y evoluci\u00f3n femenina en la alfalfa Argentina","isPartOf":{"@id":"https:\/\/www.todoalfalfa.com.ar\/noticias\/#website"},"primaryImageOfPage":{"@id":"https:\/\/www.todoalfalfa.com.ar\/noticias\/mujeres-que-abren-caminos-liderazgo-y-evolucion-femenina-en-la-alfalfa-argentina\/#primaryimage"},"image":{"@id":"https:\/\/www.todoalfalfa.com.ar\/noticias\/mujeres-que-abren-caminos-liderazgo-y-evolucion-femenina-en-la-alfalfa-argentina\/#primaryimage"},"thumbnailUrl":"https:\/\/i0.wp.com\/www.todoalfalfa.com.ar\/noticias\/wp-content\/uploads\/2026\/03\/WhatsApp-Image-2026-03-07-at-14.46.36.jpeg?fit=2048%2C2560&ssl=1","datePublished":"2026-03-08T12:47:41+00:00","dateModified":"2026-03-08T13:14:44+00:00","breadcrumb":{"@id":"https:\/\/www.todoalfalfa.com.ar\/noticias\/mujeres-que-abren-caminos-liderazgo-y-evolucion-femenina-en-la-alfalfa-argentina\/#breadcrumb"},"inLanguage":"es","potentialAction":[{"@type":"ReadAction","target":["https:\/\/www.todoalfalfa.com.ar\/noticias\/mujeres-que-abren-caminos-liderazgo-y-evolucion-femenina-en-la-alfalfa-argentina\/"]}]},{"@type":"ImageObject","inLanguage":"es","@id":"https:\/\/www.todoalfalfa.com.ar\/noticias\/mujeres-que-abren-caminos-liderazgo-y-evolucion-femenina-en-la-alfalfa-argentina\/#primaryimage","url":"https:\/\/i0.wp.com\/www.todoalfalfa.com.ar\/noticias\/wp-content\/uploads\/2026\/03\/WhatsApp-Image-2026-03-07-at-14.46.36.jpeg?fit=2048%2C2560&ssl=1","contentUrl":"https:\/\/i0.wp.com\/www.todoalfalfa.com.ar\/noticias\/wp-content\/uploads\/2026\/03\/WhatsApp-Image-2026-03-07-at-14.46.36.jpeg?fit=2048%2C2560&ssl=1","width":2048,"height":2560},{"@type":"BreadcrumbList","@id":"https:\/\/www.todoalfalfa.com.ar\/noticias\/mujeres-que-abren-caminos-liderazgo-y-evolucion-femenina-en-la-alfalfa-argentina\/#breadcrumb","itemListElement":[{"@type":"ListItem","position":1,"name":"Principal","item":"https:\/\/www.todoalfalfa.com.ar\/noticias\/"},{"@type":"ListItem","position":2,"name":"Mujeres que abren caminos: liderazgo y evoluci\u00f3n femenina en la alfalfa Argentina"}]},{"@type":"WebSite","@id":"https:\/\/www.todoalfalfa.com.ar\/noticias\/#website","url":"https:\/\/www.todoalfalfa.com.ar\/noticias\/","name":"Todo Alfalfa","description":"Web informativa de la cadena de la alfalfa argentina","publisher":{"@id":"https:\/\/www.todoalfalfa.com.ar\/noticias\/#organization"},"potentialAction":[{"@type":"SearchAction","target":{"@type":"EntryPoint","urlTemplate":"https:\/\/www.todoalfalfa.com.ar\/noticias\/?s={search_term_string}"},"query-input":{"@type":"PropertyValueSpecification","valueRequired":true,"valueName":"search_term_string"}}],"inLanguage":"es"},{"@type":"Organization","@id":"https:\/\/www.todoalfalfa.com.ar\/noticias\/#organization","name":"Todo Alfalfa","url":"https:\/\/www.todoalfalfa.com.ar\/noticias\/","logo":{"@type":"ImageObject","inLanguage":"es","@id":"https:\/\/www.todoalfalfa.com.ar\/noticias\/#\/schema\/logo\/image\/","url":"https:\/\/www.todoalfalfa.com.ar\/noticias\/wp-content\/uploads\/2020\/09\/logo-todo-alfalfa-modificado.png","contentUrl":"https:\/\/www.todoalfalfa.com.ar\/noticias\/wp-content\/uploads\/2020\/09\/logo-todo-alfalfa-modificado.png","width":350,"height":100,"caption":"Todo Alfalfa"},"image":{"@id":"https:\/\/www.todoalfalfa.com.ar\/noticias\/#\/schema\/logo\/image\/"},"sameAs":["https:\/\/www.facebook.com\/todoalfalfa","https:\/\/www.instagram.com\/todoalfalfa","https:\/\/www.youtube.com\/@TodoAlfalfa","https:\/\/www.linkedin.com\/company\/todoalfalfa\/"]},{"@type":"Person","@id":"https:\/\/www.todoalfalfa.com.ar\/noticias\/#\/schema\/person\/99de93cb711c7015ef658e5321ba9f18","name":"Todo Alfalfa","image":{"@type":"ImageObject","inLanguage":"es","@id":"https:\/\/www.todoalfalfa.com.ar\/noticias\/#\/schema\/person\/image\/","url":"https:\/\/secure.gravatar.com\/avatar\/50ffd12fb7b268bc2467160730786602db252a270c63104e7c19b5f67b8dd346?s=96&d=mm&r=g","contentUrl":"https:\/\/secure.gravatar.com\/avatar\/50ffd12fb7b268bc2467160730786602db252a270c63104e7c19b5f67b8dd346?s=96&d=mm&r=g","caption":"Todo Alfalfa"},"url":"https:\/\/www.todoalfalfa.com.ar\/noticias\/author\/osvaldoiachetta\/"}]}},"jetpack_featured_media_url":"https:\/\/i0.wp.com\/www.todoalfalfa.com.ar\/noticias\/wp-content\/uploads\/2026\/03\/WhatsApp-Image-2026-03-07-at-14.46.36.jpeg?fit=2048%2C2560&ssl=1","wps_subtitle":"","jetpack_sharing_enabled":true,"_links":{"self":[{"href":"https:\/\/www.todoalfalfa.com.ar\/noticias\/wp-json\/wp\/v2\/posts\/51925","targetHints":{"allow":["GET"]}}],"collection":[{"href":"https:\/\/www.todoalfalfa.com.ar\/noticias\/wp-json\/wp\/v2\/posts"}],"about":[{"href":"https:\/\/www.todoalfalfa.com.ar\/noticias\/wp-json\/wp\/v2\/types\/post"}],"author":[{"embeddable":true,"href":"https:\/\/www.todoalfalfa.com.ar\/noticias\/wp-json\/wp\/v2\/users\/9"}],"replies":[{"embeddable":true,"href":"https:\/\/www.todoalfalfa.com.ar\/noticias\/wp-json\/wp\/v2\/comments?post=51925"}],"version-history":[{"count":4,"href":"https:\/\/www.todoalfalfa.com.ar\/noticias\/wp-json\/wp\/v2\/posts\/51925\/revisions"}],"predecessor-version":[{"id":51937,"href":"https:\/\/www.todoalfalfa.com.ar\/noticias\/wp-json\/wp\/v2\/posts\/51925\/revisions\/51937"}],"wp:featuredmedia":[{"embeddable":true,"href":"https:\/\/www.todoalfalfa.com.ar\/noticias\/wp-json\/wp\/v2\/media\/51926"}],"wp:attachment":[{"href":"https:\/\/www.todoalfalfa.com.ar\/noticias\/wp-json\/wp\/v2\/media?parent=51925"}],"wp:term":[{"taxonomy":"category","embeddable":true,"href":"https:\/\/www.todoalfalfa.com.ar\/noticias\/wp-json\/wp\/v2\/categories?post=51925"},{"taxonomy":"post_tag","embeddable":true,"href":"https:\/\/www.todoalfalfa.com.ar\/noticias\/wp-json\/wp\/v2\/tags?post=51925"}],"curies":[{"name":"wp","href":"https:\/\/api.w.org\/{rel}","templated":true}]}}