{"id":51967,"date":"2026-03-13T10:06:56","date_gmt":"2026-03-13T13:06:56","guid":{"rendered":"https:\/\/www.todoalfalfa.com.ar\/noticias\/?p=51967"},"modified":"2026-03-13T10:51:10","modified_gmt":"2026-03-13T13:51:10","slug":"villa-nueva-drones-presento-el-equipo-mas-grande-de-sudamerica","status":"publish","type":"post","link":"https:\/\/www.todoalfalfa.com.ar\/noticias\/villa-nueva-drones-presento-el-equipo-mas-grande-de-sudamerica\/","title":{"rendered":"Villa Nueva Drones present\u00f3 el equipo m\u00e1s grande de sudam\u00e9rica"},"content":{"rendered":"\n<p>Villa Nueva Drones se present\u00f3 por primera vez en una Expoagro, mostrando el desarrollo de la industria local. La empresa exhibi\u00f3 como novedad el King 150 Max, el dron m\u00e1s productivo de Sudam\u00e9rica.<\/p>\n\n\n\n<p>Jos\u00e9 Depetris, l\u00edder de la unidad de negocios, dialog\u00f3 con TodoAlfalfa y brind\u00f3 detalles sobre el nuevo equipo. El dron es de origen brasilero, esto hace que est\u00e9 dise\u00f1ado, pensado y tiene bater\u00edas para campos y extensiones m\u00e1s parecidas a las de Argentina.<\/p>\n\n\n\n<figure class=\"wp-block-image size-large\"><img data-recalc-dims=\"1\" fetchpriority=\"high\" decoding=\"async\" width=\"1024\" height=\"682\" src=\"https:\/\/i0.wp.com\/www.todoalfalfa.com.ar\/noticias\/wp-content\/uploads\/2026\/03\/VN-Drones2.jpeg?resize=1024%2C682&#038;ssl=1\" alt=\"\" class=\"wp-image-51977\" srcset=\"https:\/\/i0.wp.com\/www.todoalfalfa.com.ar\/noticias\/wp-content\/uploads\/2026\/03\/VN-Drones2.jpeg?resize=1024%2C682&amp;ssl=1 1024w, https:\/\/i0.wp.com\/www.todoalfalfa.com.ar\/noticias\/wp-content\/uploads\/2026\/03\/VN-Drones2.jpeg?resize=300%2C200&amp;ssl=1 300w, https:\/\/i0.wp.com\/www.todoalfalfa.com.ar\/noticias\/wp-content\/uploads\/2026\/03\/VN-Drones2.jpeg?resize=768%2C512&amp;ssl=1 768w, https:\/\/i0.wp.com\/www.todoalfalfa.com.ar\/noticias\/wp-content\/uploads\/2026\/03\/VN-Drones2.jpeg?resize=1536%2C1023&amp;ssl=1 1536w, https:\/\/i0.wp.com\/www.todoalfalfa.com.ar\/noticias\/wp-content\/uploads\/2026\/03\/VN-Drones2.jpeg?w=1600&amp;ssl=1 1600w\" sizes=\"(max-width: 1000px) 100vw, 1000px\" \/><figcaption class=\"wp-element-caption\">Jos\u00e9 Depetris, l\u00edder de la unidad de negocios.<\/figcaption><\/figure>\n\n\n\n<p>El ancho de trabajo que permite abarcar y la performance de las bater\u00edas hacen que sea el dron \u201cm\u00e1s productivo\u201d de todo el continente, seg\u00fan pudo destacar.<\/p>\n\n\n\n<p><strong>El beneficio de invertir en un dron<\/strong><\/p>\n\n\n\n<p>Depetris fue claro al decir que un productor debe invertir en un dron ya que tiene \u201cm\u00faltiples beneficios\u201d. Explic\u00f3: \u201cpuedo entrar cuando realmente lo necesito, no tengo que esperar turno de la pulverizadora. No piso el cultivo. Es decir, es una tecnolog\u00eda extremadamente vers\u00e1til, lo cual al productor le trae muchas ventajas\u201d.<\/p>\n\n\n\n<p>Con estos equipos un productor podr\u00e1 aplicar herbicidas, insecticidas y fungicidas, adem\u00e1s de realizar fertilizaci\u00f3n foliar y hacer siembras de pasturas al voleo.<\/p>\n\n\n\n<figure class=\"wp-block-image size-large\"><img data-recalc-dims=\"1\" decoding=\"async\" width=\"1024\" height=\"682\" src=\"https:\/\/i0.wp.com\/www.todoalfalfa.com.ar\/noticias\/wp-content\/uploads\/2026\/03\/VN-Drones1.jpeg?resize=1024%2C682&#038;ssl=1\" alt=\"\" class=\"wp-image-51978\" srcset=\"https:\/\/i0.wp.com\/www.todoalfalfa.com.ar\/noticias\/wp-content\/uploads\/2026\/03\/VN-Drones1.jpeg?resize=1024%2C682&amp;ssl=1 1024w, https:\/\/i0.wp.com\/www.todoalfalfa.com.ar\/noticias\/wp-content\/uploads\/2026\/03\/VN-Drones1.jpeg?resize=300%2C200&amp;ssl=1 300w, https:\/\/i0.wp.com\/www.todoalfalfa.com.ar\/noticias\/wp-content\/uploads\/2026\/03\/VN-Drones1.jpeg?resize=768%2C512&amp;ssl=1 768w, https:\/\/i0.wp.com\/www.todoalfalfa.com.ar\/noticias\/wp-content\/uploads\/2026\/03\/VN-Drones1.jpeg?resize=1536%2C1023&amp;ssl=1 1536w, https:\/\/i0.wp.com\/www.todoalfalfa.com.ar\/noticias\/wp-content\/uploads\/2026\/03\/VN-Drones1.jpeg?w=1600&amp;ssl=1 1600w\" sizes=\"(max-width: 1000px) 100vw, 1000px\" \/><\/figure>\n\n\n\n<p><strong>Una tecnolog\u00eda que va en crecimiento<\/strong><\/p>\n\n\n\n<p>El l\u00edder de la unidad de negocios de Villa Nueva Drones destac\u00f3 que estos equipos tienen un \u201cmercado activo\u201d. Continu\u00f3: \u201cRealmente la tecnolog\u00eda empez\u00f3 hace tres o cuatro a\u00f1os, y en los \u00faltimos dos explot\u00f3. No vemos cu\u00e1nto va a ser el techo\u201d.<\/p>\n\n\n\n<p>\u201cEs decir, si miramos pa\u00edses lim\u00edtrofes o cercanos que tienen m\u00e1s historia en lo que es el uso de drones, vemos que falta mucho para llegar al m\u00e1ximo potencial de tecnolog\u00eda, donde los productores, cualquier productor mediano va a tener un drone en su propio establecimiento\u201d, destac\u00f3, y sum\u00f3: \u201cEn Argentina no estamos usando la m\u00e1xima productividad que ofrece la tecnolog\u00eda porque estamos todav\u00eda en la curva de aprendizaje de c\u00f3mo son los mejores par\u00e1metros de vuelo para saber usarlo\u201d.<\/p>\n\n\n\n<p>Por \u00faltimo, Depetris adelant\u00f3 que Villa Nueva Drones trabaja conjuntamente con GTX investigando y desarrollando veh\u00edculos aut\u00f3nomos.<\/p>\n<div class=\"todoalfalfa-final-de-la-nota\" id=\"todoalfalfa-3636933394\"><a href=\"https:\/\/www.whatsapp.com\/channel\/0029VbCBmFB9WtBxJsD3eC2i\" target=\"_blank\" aria-label=\"5\"><img src=\"https:\/\/i0.wp.com\/www.todoalfalfa.com.ar\/noticias\/wp-content\/uploads\/2026\/04\/5.gif?fit=728%2C90&#038;ssl=1\" alt=\"\"  width=\"728\" height=\"90\"   \/><\/a><\/div>","protected":false},"excerpt":{"rendered":"<p>La tecnolog\u00eda es tra\u00edda de Brasil, por lo que est\u00e1 dise\u00f1ado para campos y extensiones de Argentina y la regi\u00f3n.<\/p>\n","protected":false},"author":9,"featured_media":51974,"comment_status":"closed","ping_status":"open","sticky":false,"template":"","format":"standard","meta":{"jetpack_post_was_ever_published":false,"_jetpack_newsletter_access":"","_jetpack_dont_email_post_to_subs":false,"_jetpack_newsletter_tier_id":0,"_jetpack_memberships_contains_paywalled_content":false,"_jetpack_memberships_contains_paid_content":false,"footnotes":""},"categories":[1889],"tags":[31,105,1455,988,578,236,54,17,21],"class_list":["post-51967","post","type-post","status-publish","format-standard","has-post-thumbnail","hentry","category-expoagro","tag-alfalfa","tag-argentina","tag-brasil","tag-drones","tag-expoagro","tag-exportacion","tag-forrajes","tag-pasturas","tag-produccion"],"yoast_head":"<!-- This site is optimized with the Yoast SEO plugin v25.5 - https:\/\/yoast.com\/wordpress\/plugins\/seo\/ -->\n<title>Villa Nueva Drones present\u00f3 el equipo m\u00e1s grande de sudam\u00e9rica<\/title>\n<meta name=\"robots\" content=\"index, follow, max-snippet:-1, max-image-preview:large, max-video-preview:-1\" \/>\n<link rel=\"canonical\" href=\"https:\/\/www.todoalfalfa.com.ar\/noticias\/villa-nueva-drones-presento-el-equipo-mas-grande-de-sudamerica\/\" \/>\n<meta property=\"og:locale\" content=\"es_ES\" \/>\n<meta property=\"og:type\" content=\"article\" \/>\n<meta property=\"og:title\" content=\"Villa Nueva Drones present\u00f3 el equipo m\u00e1s grande de sudam\u00e9rica\" \/>\n<meta property=\"og:description\" content=\"La tecnolog\u00eda es tra\u00edda de Brasil, por lo que est\u00e1 dise\u00f1ado para campos y extensiones de Argentina y la regi\u00f3n.\" \/>\n<meta property=\"og:url\" content=\"https:\/\/www.todoalfalfa.com.ar\/noticias\/villa-nueva-drones-presento-el-equipo-mas-grande-de-sudamerica\/\" \/>\n<meta property=\"og:site_name\" content=\"Todo Alfalfa\" \/>\n<meta property=\"article:publisher\" content=\"https:\/\/www.facebook.com\/todoalfalfa\" \/>\n<meta property=\"article:published_time\" content=\"2026-03-13T13:06:56+00:00\" \/>\n<meta property=\"article:modified_time\" content=\"2026-03-13T13:51:10+00:00\" \/>\n<meta property=\"og:image\" content=\"https:\/\/www.todoalfalfa.com.ar\/noticias\/wp-content\/uploads\/2026\/03\/VN-Drones.jpeg\" \/>\n\t<meta property=\"og:image:width\" content=\"1600\" \/>\n\t<meta property=\"og:image:height\" content=\"1066\" \/>\n\t<meta property=\"og:image:type\" content=\"image\/jpeg\" \/>\n<meta name=\"author\" content=\"Todo Alfalfa\" \/>\n<meta name=\"twitter:card\" content=\"summary_large_image\" \/>\n<meta name=\"twitter:label1\" content=\"Escrito por\" \/>\n\t<meta name=\"twitter:data1\" content=\"Todo Alfalfa\" \/>\n\t<meta name=\"twitter:label2\" content=\"Tiempo de lectura\" \/>\n\t<meta name=\"twitter:data2\" content=\"3 minutos\" \/>\n<script type=\"application\/ld+json\" class=\"yoast-schema-graph\">{\"@context\":\"https:\/\/schema.org\",\"@graph\":[{\"@type\":\"NewsArticle\",\"@id\":\"https:\/\/www.todoalfalfa.com.ar\/noticias\/villa-nueva-drones-presento-el-equipo-mas-grande-de-sudamerica\/#article\",\"isPartOf\":{\"@id\":\"https:\/\/www.todoalfalfa.com.ar\/noticias\/villa-nueva-drones-presento-el-equipo-mas-grande-de-sudamerica\/\"},\"author\":{\"name\":\"Todo Alfalfa\",\"@id\":\"https:\/\/www.todoalfalfa.com.ar\/noticias\/#\/schema\/person\/99de93cb711c7015ef658e5321ba9f18\"},\"headline\":\"Villa Nueva Drones present\u00f3 el equipo m\u00e1s grande de sudam\u00e9rica\",\"datePublished\":\"2026-03-13T13:06:56+00:00\",\"dateModified\":\"2026-03-13T13:51:10+00:00\",\"mainEntityOfPage\":{\"@id\":\"https:\/\/www.todoalfalfa.com.ar\/noticias\/villa-nueva-drones-presento-el-equipo-mas-grande-de-sudamerica\/\"},\"wordCount\":382,\"publisher\":{\"@id\":\"https:\/\/www.todoalfalfa.com.ar\/noticias\/#organization\"},\"image\":{\"@id\":\"https:\/\/www.todoalfalfa.com.ar\/noticias\/villa-nueva-drones-presento-el-equipo-mas-grande-de-sudamerica\/#primaryimage\"},\"thumbnailUrl\":\"https:\/\/i0.wp.com\/www.todoalfalfa.com.ar\/noticias\/wp-content\/uploads\/2026\/03\/VN-Drones.jpeg?fit=1600%2C1066&ssl=1\",\"keywords\":[\"alfalfa\",\"Argentina\",\"Brasil\",\"Drones\",\"Expoagro\",\"exportaci\u00f3n\",\"forrajes\",\"pasturas\",\"producci\u00f3n\"],\"articleSection\":[\"ExpoAgro\"],\"inLanguage\":\"es\"},{\"@type\":[\"WebPage\",\"ItemPage\"],\"@id\":\"https:\/\/www.todoalfalfa.com.ar\/noticias\/villa-nueva-drones-presento-el-equipo-mas-grande-de-sudamerica\/\",\"url\":\"https:\/\/www.todoalfalfa.com.ar\/noticias\/villa-nueva-drones-presento-el-equipo-mas-grande-de-sudamerica\/\",\"name\":\"Villa Nueva Drones present\u00f3 el equipo m\u00e1s grande de sudam\u00e9rica\",\"isPartOf\":{\"@id\":\"https:\/\/www.todoalfalfa.com.ar\/noticias\/#website\"},\"primaryImageOfPage\":{\"@id\":\"https:\/\/www.todoalfalfa.com.ar\/noticias\/villa-nueva-drones-presento-el-equipo-mas-grande-de-sudamerica\/#primaryimage\"},\"image\":{\"@id\":\"https:\/\/www.todoalfalfa.com.ar\/noticias\/villa-nueva-drones-presento-el-equipo-mas-grande-de-sudamerica\/#primaryimage\"},\"thumbnailUrl\":\"https:\/\/i0.wp.com\/www.todoalfalfa.com.ar\/noticias\/wp-content\/uploads\/2026\/03\/VN-Drones.jpeg?fit=1600%2C1066&ssl=1\",\"datePublished\":\"2026-03-13T13:06:56+00:00\",\"dateModified\":\"2026-03-13T13:51:10+00:00\",\"breadcrumb\":{\"@id\":\"https:\/\/www.todoalfalfa.com.ar\/noticias\/villa-nueva-drones-presento-el-equipo-mas-grande-de-sudamerica\/#breadcrumb\"},\"inLanguage\":\"es\",\"potentialAction\":[{\"@type\":\"ReadAction\",\"target\":[\"https:\/\/www.todoalfalfa.com.ar\/noticias\/villa-nueva-drones-presento-el-equipo-mas-grande-de-sudamerica\/\"]}]},{\"@type\":\"ImageObject\",\"inLanguage\":\"es\",\"@id\":\"https:\/\/www.todoalfalfa.com.ar\/noticias\/villa-nueva-drones-presento-el-equipo-mas-grande-de-sudamerica\/#primaryimage\",\"url\":\"https:\/\/i0.wp.com\/www.todoalfalfa.com.ar\/noticias\/wp-content\/uploads\/2026\/03\/VN-Drones.jpeg?fit=1600%2C1066&ssl=1\",\"contentUrl\":\"https:\/\/i0.wp.com\/www.todoalfalfa.com.ar\/noticias\/wp-content\/uploads\/2026\/03\/VN-Drones.jpeg?fit=1600%2C1066&ssl=1\",\"width\":1600,\"height\":1066},{\"@type\":\"BreadcrumbList\",\"@id\":\"https:\/\/www.todoalfalfa.com.ar\/noticias\/villa-nueva-drones-presento-el-equipo-mas-grande-de-sudamerica\/#breadcrumb\",\"itemListElement\":[{\"@type\":\"ListItem\",\"position\":1,\"name\":\"Principal\",\"item\":\"https:\/\/www.todoalfalfa.com.ar\/noticias\/\"},{\"@type\":\"ListItem\",\"position\":2,\"name\":\"Villa Nueva Drones present\u00f3 el equipo m\u00e1s grande de sudam\u00e9rica\"}]},{\"@type\":\"WebSite\",\"@id\":\"https:\/\/www.todoalfalfa.com.ar\/noticias\/#website\",\"url\":\"https:\/\/www.todoalfalfa.com.ar\/noticias\/\",\"name\":\"Todo Alfalfa\",\"description\":\"Web informativa de la cadena de la alfalfa argentina\",\"publisher\":{\"@id\":\"https:\/\/www.todoalfalfa.com.ar\/noticias\/#organization\"},\"potentialAction\":[{\"@type\":\"SearchAction\",\"target\":{\"@type\":\"EntryPoint\",\"urlTemplate\":\"https:\/\/www.todoalfalfa.com.ar\/noticias\/?s={search_term_string}\"},\"query-input\":{\"@type\":\"PropertyValueSpecification\",\"valueRequired\":true,\"valueName\":\"search_term_string\"}}],\"inLanguage\":\"es\"},{\"@type\":\"Organization\",\"@id\":\"https:\/\/www.todoalfalfa.com.ar\/noticias\/#organization\",\"name\":\"Todo Alfalfa\",\"url\":\"https:\/\/www.todoalfalfa.com.ar\/noticias\/\",\"logo\":{\"@type\":\"ImageObject\",\"inLanguage\":\"es\",\"@id\":\"https:\/\/www.todoalfalfa.com.ar\/noticias\/#\/schema\/logo\/image\/\",\"url\":\"https:\/\/www.todoalfalfa.com.ar\/noticias\/wp-content\/uploads\/2020\/09\/logo-todo-alfalfa-modificado.png\",\"contentUrl\":\"https:\/\/www.todoalfalfa.com.ar\/noticias\/wp-content\/uploads\/2020\/09\/logo-todo-alfalfa-modificado.png\",\"width\":350,\"height\":100,\"caption\":\"Todo Alfalfa\"},\"image\":{\"@id\":\"https:\/\/www.todoalfalfa.com.ar\/noticias\/#\/schema\/logo\/image\/\"},\"sameAs\":[\"https:\/\/www.facebook.com\/todoalfalfa\",\"https:\/\/www.instagram.com\/todoalfalfa\",\"https:\/\/www.youtube.com\/@TodoAlfalfa\",\"https:\/\/www.linkedin.com\/company\/todoalfalfa\/\"]},{\"@type\":\"Person\",\"@id\":\"https:\/\/www.todoalfalfa.com.ar\/noticias\/#\/schema\/person\/99de93cb711c7015ef658e5321ba9f18\",\"name\":\"Todo Alfalfa\",\"image\":{\"@type\":\"ImageObject\",\"inLanguage\":\"es\",\"@id\":\"https:\/\/www.todoalfalfa.com.ar\/noticias\/#\/schema\/person\/image\/\",\"url\":\"https:\/\/secure.gravatar.com\/avatar\/50ffd12fb7b268bc2467160730786602db252a270c63104e7c19b5f67b8dd346?s=96&d=mm&r=g\",\"contentUrl\":\"https:\/\/secure.gravatar.com\/avatar\/50ffd12fb7b268bc2467160730786602db252a270c63104e7c19b5f67b8dd346?s=96&d=mm&r=g\",\"caption\":\"Todo Alfalfa\"},\"url\":\"https:\/\/www.todoalfalfa.com.ar\/noticias\/author\/osvaldoiachetta\/\"}]}<\/script>\n<!-- \/ Yoast SEO plugin. -->","yoast_head_json":{"title":"Villa Nueva Drones present\u00f3 el equipo m\u00e1s grande de sudam\u00e9rica","robots":{"index":"index","follow":"follow","max-snippet":"max-snippet:-1","max-image-preview":"max-image-preview:large","max-video-preview":"max-video-preview:-1"},"canonical":"https:\/\/www.todoalfalfa.com.ar\/noticias\/villa-nueva-drones-presento-el-equipo-mas-grande-de-sudamerica\/","og_locale":"es_ES","og_type":"article","og_title":"Villa Nueva Drones present\u00f3 el equipo m\u00e1s grande de sudam\u00e9rica","og_description":"La tecnolog\u00eda es tra\u00edda de Brasil, por lo que est\u00e1 dise\u00f1ado para campos y extensiones de Argentina y la regi\u00f3n.","og_url":"https:\/\/www.todoalfalfa.com.ar\/noticias\/villa-nueva-drones-presento-el-equipo-mas-grande-de-sudamerica\/","og_site_name":"Todo Alfalfa","article_publisher":"https:\/\/www.facebook.com\/todoalfalfa","article_published_time":"2026-03-13T13:06:56+00:00","article_modified_time":"2026-03-13T13:51:10+00:00","og_image":[{"width":1600,"height":1066,"url":"https:\/\/www.todoalfalfa.com.ar\/noticias\/wp-content\/uploads\/2026\/03\/VN-Drones.jpeg","type":"image\/jpeg"}],"author":"Todo Alfalfa","twitter_card":"summary_large_image","twitter_misc":{"Escrito por":"Todo Alfalfa","Tiempo de lectura":"3 minutos"},"schema":{"@context":"https:\/\/schema.org","@graph":[{"@type":"NewsArticle","@id":"https:\/\/www.todoalfalfa.com.ar\/noticias\/villa-nueva-drones-presento-el-equipo-mas-grande-de-sudamerica\/#article","isPartOf":{"@id":"https:\/\/www.todoalfalfa.com.ar\/noticias\/villa-nueva-drones-presento-el-equipo-mas-grande-de-sudamerica\/"},"author":{"name":"Todo Alfalfa","@id":"https:\/\/www.todoalfalfa.com.ar\/noticias\/#\/schema\/person\/99de93cb711c7015ef658e5321ba9f18"},"headline":"Villa Nueva Drones present\u00f3 el equipo m\u00e1s grande de sudam\u00e9rica","datePublished":"2026-03-13T13:06:56+00:00","dateModified":"2026-03-13T13:51:10+00:00","mainEntityOfPage":{"@id":"https:\/\/www.todoalfalfa.com.ar\/noticias\/villa-nueva-drones-presento-el-equipo-mas-grande-de-sudamerica\/"},"wordCount":382,"publisher":{"@id":"https:\/\/www.todoalfalfa.com.ar\/noticias\/#organization"},"image":{"@id":"https:\/\/www.todoalfalfa.com.ar\/noticias\/villa-nueva-drones-presento-el-equipo-mas-grande-de-sudamerica\/#primaryimage"},"thumbnailUrl":"https:\/\/i0.wp.com\/www.todoalfalfa.com.ar\/noticias\/wp-content\/uploads\/2026\/03\/VN-Drones.jpeg?fit=1600%2C1066&ssl=1","keywords":["alfalfa","Argentina","Brasil","Drones","Expoagro","exportaci\u00f3n","forrajes","pasturas","producci\u00f3n"],"articleSection":["ExpoAgro"],"inLanguage":"es"},{"@type":["WebPage","ItemPage"],"@id":"https:\/\/www.todoalfalfa.com.ar\/noticias\/villa-nueva-drones-presento-el-equipo-mas-grande-de-sudamerica\/","url":"https:\/\/www.todoalfalfa.com.ar\/noticias\/villa-nueva-drones-presento-el-equipo-mas-grande-de-sudamerica\/","name":"Villa Nueva Drones present\u00f3 el equipo m\u00e1s grande de sudam\u00e9rica","isPartOf":{"@id":"https:\/\/www.todoalfalfa.com.ar\/noticias\/#website"},"primaryImageOfPage":{"@id":"https:\/\/www.todoalfalfa.com.ar\/noticias\/villa-nueva-drones-presento-el-equipo-mas-grande-de-sudamerica\/#primaryimage"},"image":{"@id":"https:\/\/www.todoalfalfa.com.ar\/noticias\/villa-nueva-drones-presento-el-equipo-mas-grande-de-sudamerica\/#primaryimage"},"thumbnailUrl":"https:\/\/i0.wp.com\/www.todoalfalfa.com.ar\/noticias\/wp-content\/uploads\/2026\/03\/VN-Drones.jpeg?fit=1600%2C1066&ssl=1","datePublished":"2026-03-13T13:06:56+00:00","dateModified":"2026-03-13T13:51:10+00:00","breadcrumb":{"@id":"https:\/\/www.todoalfalfa.com.ar\/noticias\/villa-nueva-drones-presento-el-equipo-mas-grande-de-sudamerica\/#breadcrumb"},"inLanguage":"es","potentialAction":[{"@type":"ReadAction","target":["https:\/\/www.todoalfalfa.com.ar\/noticias\/villa-nueva-drones-presento-el-equipo-mas-grande-de-sudamerica\/"]}]},{"@type":"ImageObject","inLanguage":"es","@id":"https:\/\/www.todoalfalfa.com.ar\/noticias\/villa-nueva-drones-presento-el-equipo-mas-grande-de-sudamerica\/#primaryimage","url":"https:\/\/i0.wp.com\/www.todoalfalfa.com.ar\/noticias\/wp-content\/uploads\/2026\/03\/VN-Drones.jpeg?fit=1600%2C1066&ssl=1","contentUrl":"https:\/\/i0.wp.com\/www.todoalfalfa.com.ar\/noticias\/wp-content\/uploads\/2026\/03\/VN-Drones.jpeg?fit=1600%2C1066&ssl=1","width":1600,"height":1066},{"@type":"BreadcrumbList","@id":"https:\/\/www.todoalfalfa.com.ar\/noticias\/villa-nueva-drones-presento-el-equipo-mas-grande-de-sudamerica\/#breadcrumb","itemListElement":[{"@type":"ListItem","position":1,"name":"Principal","item":"https:\/\/www.todoalfalfa.com.ar\/noticias\/"},{"@type":"ListItem","position":2,"name":"Villa Nueva Drones present\u00f3 el equipo m\u00e1s grande de sudam\u00e9rica"}]},{"@type":"WebSite","@id":"https:\/\/www.todoalfalfa.com.ar\/noticias\/#website","url":"https:\/\/www.todoalfalfa.com.ar\/noticias\/","name":"Todo Alfalfa","description":"Web informativa de la cadena de la alfalfa argentina","publisher":{"@id":"https:\/\/www.todoalfalfa.com.ar\/noticias\/#organization"},"potentialAction":[{"@type":"SearchAction","target":{"@type":"EntryPoint","urlTemplate":"https:\/\/www.todoalfalfa.com.ar\/noticias\/?s={search_term_string}"},"query-input":{"@type":"PropertyValueSpecification","valueRequired":true,"valueName":"search_term_string"}}],"inLanguage":"es"},{"@type":"Organization","@id":"https:\/\/www.todoalfalfa.com.ar\/noticias\/#organization","name":"Todo Alfalfa","url":"https:\/\/www.todoalfalfa.com.ar\/noticias\/","logo":{"@type":"ImageObject","inLanguage":"es","@id":"https:\/\/www.todoalfalfa.com.ar\/noticias\/#\/schema\/logo\/image\/","url":"https:\/\/www.todoalfalfa.com.ar\/noticias\/wp-content\/uploads\/2020\/09\/logo-todo-alfalfa-modificado.png","contentUrl":"https:\/\/www.todoalfalfa.com.ar\/noticias\/wp-content\/uploads\/2020\/09\/logo-todo-alfalfa-modificado.png","width":350,"height":100,"caption":"Todo Alfalfa"},"image":{"@id":"https:\/\/www.todoalfalfa.com.ar\/noticias\/#\/schema\/logo\/image\/"},"sameAs":["https:\/\/www.facebook.com\/todoalfalfa","https:\/\/www.instagram.com\/todoalfalfa","https:\/\/www.youtube.com\/@TodoAlfalfa","https:\/\/www.linkedin.com\/company\/todoalfalfa\/"]},{"@type":"Person","@id":"https:\/\/www.todoalfalfa.com.ar\/noticias\/#\/schema\/person\/99de93cb711c7015ef658e5321ba9f18","name":"Todo Alfalfa","image":{"@type":"ImageObject","inLanguage":"es","@id":"https:\/\/www.todoalfalfa.com.ar\/noticias\/#\/schema\/person\/image\/","url":"https:\/\/secure.gravatar.com\/avatar\/50ffd12fb7b268bc2467160730786602db252a270c63104e7c19b5f67b8dd346?s=96&d=mm&r=g","contentUrl":"https:\/\/secure.gravatar.com\/avatar\/50ffd12fb7b268bc2467160730786602db252a270c63104e7c19b5f67b8dd346?s=96&d=mm&r=g","caption":"Todo Alfalfa"},"url":"https:\/\/www.todoalfalfa.com.ar\/noticias\/author\/osvaldoiachetta\/"}]}},"jetpack_featured_media_url":"https:\/\/i0.wp.com\/www.todoalfalfa.com.ar\/noticias\/wp-content\/uploads\/2026\/03\/VN-Drones.jpeg?fit=1600%2C1066&ssl=1","wps_subtitle":"","jetpack_sharing_enabled":true,"_links":{"self":[{"href":"https:\/\/www.todoalfalfa.com.ar\/noticias\/wp-json\/wp\/v2\/posts\/51967","targetHints":{"allow":["GET"]}}],"collection":[{"href":"https:\/\/www.todoalfalfa.com.ar\/noticias\/wp-json\/wp\/v2\/posts"}],"about":[{"href":"https:\/\/www.todoalfalfa.com.ar\/noticias\/wp-json\/wp\/v2\/types\/post"}],"author":[{"embeddable":true,"href":"https:\/\/www.todoalfalfa.com.ar\/noticias\/wp-json\/wp\/v2\/users\/9"}],"replies":[{"embeddable":true,"href":"https:\/\/www.todoalfalfa.com.ar\/noticias\/wp-json\/wp\/v2\/comments?post=51967"}],"version-history":[{"count":2,"href":"https:\/\/www.todoalfalfa.com.ar\/noticias\/wp-json\/wp\/v2\/posts\/51967\/revisions"}],"predecessor-version":[{"id":52027,"href":"https:\/\/www.todoalfalfa.com.ar\/noticias\/wp-json\/wp\/v2\/posts\/51967\/revisions\/52027"}],"wp:featuredmedia":[{"embeddable":true,"href":"https:\/\/www.todoalfalfa.com.ar\/noticias\/wp-json\/wp\/v2\/media\/51974"}],"wp:attachment":[{"href":"https:\/\/www.todoalfalfa.com.ar\/noticias\/wp-json\/wp\/v2\/media?parent=51967"}],"wp:term":[{"taxonomy":"category","embeddable":true,"href":"https:\/\/www.todoalfalfa.com.ar\/noticias\/wp-json\/wp\/v2\/categories?post=51967"},{"taxonomy":"post_tag","embeddable":true,"href":"https:\/\/www.todoalfalfa.com.ar\/noticias\/wp-json\/wp\/v2\/tags?post=51967"}],"curies":[{"name":"wp","href":"https:\/\/api.w.org\/{rel}","templated":true}]}}