{"id":51986,"date":"2026-03-13T11:12:01","date_gmt":"2026-03-13T14:12:01","guid":{"rendered":"https:\/\/www.todoalfalfa.com.ar\/noticias\/?p=51986"},"modified":"2026-03-13T18:16:56","modified_gmt":"2026-03-13T21:16:56","slug":"el-renacimiento-de-la-vaca-viva-forraje-genetica-y-la-ventana-de-oportunidad","status":"publish","type":"post","link":"https:\/\/www.todoalfalfa.com.ar\/noticias\/el-renacimiento-de-la-vaca-viva-forraje-genetica-y-la-ventana-de-oportunidad\/","title":{"rendered":"El renacimiento de la \u00abVaca Viva\u00bb: Forraje, gen\u00e9tica y la ventana de oportunidad\u00a0"},"content":{"rendered":"\n<p>La ganader\u00eda argentina se encuentra ante un \u00abmomento in\u00e9dito\u00bb, tal como lo define el ing. agr. Fernando Canosa. Por primera vez en la historia estad\u00edstica, la demanda global de prote\u00edna roja tracciona con una fuerza que desborda la capacidad de respuesta de los exportadores l\u00edderes.&nbsp;<\/p>\n\n\n\n<p>Mientras el crecimiento de Asia y la ca\u00edda estructural de stocks en Estados Unidos act\u00faan como motores, Argentina se halla en una posici\u00f3n estrat\u00e9gica de privilegio. No obstante, la actual escasez de oferta local no debe leerse s\u00f3lo como una crisis, sino como un indicador \u00abbullish\u00bb: estamos ante un proceso de recomposici\u00f3n de stocks tras dos d\u00e9cadas de pol\u00edticas err\u00e1ticas.&nbsp;<\/p>\n\n\n\n<p>La brecha es clara: la demanda internacional \u00absube por ascensor\u00bb, mientras que nuestra oferta apenas lo hace \u00abpor escalera\u00bb.<\/p>\n\n\n\n<p>Seg\u00fan datos aportados por la <strong>fundaci\u00f3n producir conservando<\/strong> el potencial argentino es muy importante. Nuestro pa\u00eds puede saltar a 5 millones de toneladas de producci\u00f3n en el corto plazo y proyectar 8 millones de toneladas a mediano t\u00e9rmino.&nbsp;<\/p>\n\n\n\n<p>Sin embargo, el an\u00e1lisis de rentabilidad revela una cuenta pendiente: mientras Brasil multiplic\u00f3 su producci\u00f3n 5 veces entre el 2000 y 2020, Argentina apenas creci\u00f3 un 24%. Tras ceder 13 millones de hect\u00e1reas a la agricultura, la recuperaci\u00f3n de la competitividad nacional depende de reconfigurar el negocio ganadero, transformando el espacio remanente mediante una revoluci\u00f3n en el insumo m\u00e1s cr\u00edtico: el alimento.<\/p>\n\n\n\n<p><strong>La base forrajera como techo productivo: El rol central de la alfalfa<\/strong><\/p>\n\n\n\n<p>En la alta estrategia ganadera, la gen\u00e9tica de excelencia es un activo est\u00e9ril si no cuenta con una plataforma nutricional que permita su expresi\u00f3n. El verdadero techo del negocio en Argentina es la falta de \u00abcomida\u00bb.&nbsp;<\/p>\n\n\n\n<figure class=\"wp-block-embed is-type-wp-embed is-provider-todo-alfalfa wp-block-embed-todo-alfalfa\"><div class=\"wp-block-embed__wrapper\">\n<blockquote class=\"wp-embedded-content\" data-secret=\"o06T0JgWTj\"><a href=\"https:\/\/www.todoalfalfa.com.ar\/noticias\/la-ganaderia-parece-no-tener-techo-pero-tiene-el-piso-para-intentar-buscarlo\/\">La ganader\u00eda parece no tener techo\u2026 \u00bfpero tiene el piso para intentar buscarlo?<\/a><\/blockquote><iframe class=\"wp-embedded-content\" sandbox=\"allow-scripts\" security=\"restricted\" style=\"position: absolute; visibility: hidden;\" title=\"\u00abLa ganader\u00eda parece no tener techo\u2026 \u00bfpero tiene el piso para intentar buscarlo?\u00bb \u2014 Todo Alfalfa\" src=\"https:\/\/www.todoalfalfa.com.ar\/noticias\/la-ganaderia-parece-no-tener-techo-pero-tiene-el-piso-para-intentar-buscarlo\/embed\/#?secret=TXKYiLE47L#?secret=o06T0JgWTj\" data-secret=\"o06T0JgWTj\" width=\"500\" height=\"282\" frameborder=\"0\" marginwidth=\"0\" marginheight=\"0\" scrolling=\"no\"><\/iframe>\n<\/div><\/figure>\n\n\n\n<p>La propuesta t\u00e9cnica es elevar a la alfalfa y las pasturas de calidad a la categor\u00eda de motor de crecimiento, optimizando al animal como una \u00abm\u00e1quina cosechadora\u00bb capaz de sintetizar prote\u00edna de alto valor biol\u00f3gico.<\/p>\n\n\n\n<div class=\"wp-block-jetpack-slideshow aligncenter\" data-effect=\"slide\" style=\"--aspect-ratio:calc(1024 \/ 768)\"><div class=\"wp-block-jetpack-slideshow_container swiper-container\"><ul class=\"wp-block-jetpack-slideshow_swiper-wrapper swiper-wrapper\"><li class=\"wp-block-jetpack-slideshow_slide swiper-slide\"><figure><img data-recalc-dims=\"1\" fetchpriority=\"high\" decoding=\"async\" width=\"1024\" height=\"768\" alt=\"\" class=\"wp-block-jetpack-slideshow_image wp-image-52042\" data-id=\"52042\" data-aspect-ratio=\"1024 \/ 768\" src=\"https:\/\/i0.wp.com\/www.todoalfalfa.com.ar\/noticias\/wp-content\/uploads\/2026\/03\/angus-mundoagrocba.jpg?resize=1024%2C768&#038;ssl=1\" srcset=\"https:\/\/i0.wp.com\/www.todoalfalfa.com.ar\/noticias\/wp-content\/uploads\/2026\/03\/angus-mundoagrocba.jpg?resize=1024%2C768&amp;ssl=1 1024w, https:\/\/i0.wp.com\/www.todoalfalfa.com.ar\/noticias\/wp-content\/uploads\/2026\/03\/angus-mundoagrocba.jpg?resize=300%2C225&amp;ssl=1 300w, https:\/\/i0.wp.com\/www.todoalfalfa.com.ar\/noticias\/wp-content\/uploads\/2026\/03\/angus-mundoagrocba.jpg?resize=768%2C576&amp;ssl=1 768w, https:\/\/i0.wp.com\/www.todoalfalfa.com.ar\/noticias\/wp-content\/uploads\/2026\/03\/angus-mundoagrocba.jpg?w=1200&amp;ssl=1 1200w\" sizes=\"(max-width: 1000px) 100vw, 1000px\" \/><figcaption class=\"wp-block-jetpack-slideshow_caption gallery-caption\">Foto: MundoAgroCba<\/figcaption><\/figure><\/li><li class=\"wp-block-jetpack-slideshow_slide swiper-slide\"><figure><img data-recalc-dims=\"1\" decoding=\"async\" width=\"1017\" height=\"577\" alt=\"\" class=\"wp-block-jetpack-slideshow_image wp-image-52053\" data-id=\"52053\" src=\"https:\/\/i0.wp.com\/www.todoalfalfa.com.ar\/noticias\/wp-content\/uploads\/2026\/03\/Captura-de-pantalla-2026-03-13-105710.png?resize=1017%2C577&#038;ssl=1\" srcset=\"https:\/\/i0.wp.com\/www.todoalfalfa.com.ar\/noticias\/wp-content\/uploads\/2026\/03\/Captura-de-pantalla-2026-03-13-105710.png?w=1017&amp;ssl=1 1017w, https:\/\/i0.wp.com\/www.todoalfalfa.com.ar\/noticias\/wp-content\/uploads\/2026\/03\/Captura-de-pantalla-2026-03-13-105710.png?resize=300%2C170&amp;ssl=1 300w, https:\/\/i0.wp.com\/www.todoalfalfa.com.ar\/noticias\/wp-content\/uploads\/2026\/03\/Captura-de-pantalla-2026-03-13-105710.png?resize=768%2C436&amp;ssl=1 768w, https:\/\/i0.wp.com\/www.todoalfalfa.com.ar\/noticias\/wp-content\/uploads\/2026\/03\/Captura-de-pantalla-2026-03-13-105710.png?resize=180%2C101&amp;ssl=1 180w, https:\/\/i0.wp.com\/www.todoalfalfa.com.ar\/noticias\/wp-content\/uploads\/2026\/03\/Captura-de-pantalla-2026-03-13-105710.png?resize=120%2C67&amp;ssl=1 120w\" sizes=\"(max-width: 1000px) 100vw, 1000px\" \/><figcaption class=\"wp-block-jetpack-slideshow_caption gallery-caption\">Foto: Canal Rural<\/figcaption><\/figure><\/li><li class=\"wp-block-jetpack-slideshow_slide swiper-slide\"><figure><img data-recalc-dims=\"1\" decoding=\"async\" width=\"1024\" height=\"768\" alt=\"\" class=\"wp-block-jetpack-slideshow_image wp-image-52038\" data-id=\"52038\" data-aspect-ratio=\"1024 \/ 768\" src=\"https:\/\/i0.wp.com\/www.todoalfalfa.com.ar\/noticias\/wp-content\/uploads\/2026\/03\/20260310_142444_resized.jpg?resize=1024%2C768&#038;ssl=1\" srcset=\"https:\/\/i0.wp.com\/www.todoalfalfa.com.ar\/noticias\/wp-content\/uploads\/2026\/03\/20260310_142444_resized-scaled.jpg?resize=1024%2C768&amp;ssl=1 1024w, https:\/\/i0.wp.com\/www.todoalfalfa.com.ar\/noticias\/wp-content\/uploads\/2026\/03\/20260310_142444_resized-scaled.jpg?resize=300%2C225&amp;ssl=1 300w, https:\/\/i0.wp.com\/www.todoalfalfa.com.ar\/noticias\/wp-content\/uploads\/2026\/03\/20260310_142444_resized-scaled.jpg?resize=768%2C576&amp;ssl=1 768w, https:\/\/i0.wp.com\/www.todoalfalfa.com.ar\/noticias\/wp-content\/uploads\/2026\/03\/20260310_142444_resized-scaled.jpg?resize=1536%2C1152&amp;ssl=1 1536w, https:\/\/i0.wp.com\/www.todoalfalfa.com.ar\/noticias\/wp-content\/uploads\/2026\/03\/20260310_142444_resized-scaled.jpg?resize=2048%2C1536&amp;ssl=1 2048w\" sizes=\"(max-width: 1000px) 100vw, 1000px\" \/><\/figure><\/li><\/ul><a class=\"wp-block-jetpack-slideshow_button-prev swiper-button-prev swiper-button-white\" role=\"button\"><\/a><a class=\"wp-block-jetpack-slideshow_button-next swiper-button-next swiper-button-white\" role=\"button\"><\/a><a aria-label=\"Pause Slideshow\" class=\"wp-block-jetpack-slideshow_button-pause\" role=\"button\"><\/a><div class=\"wp-block-jetpack-slideshow_pagination swiper-pagination swiper-pagination-white\"><\/div><\/div><\/div>\n\n\n\n<p>Estudios realizados sobre 60.000 hect\u00e1reas y un monitoreo de 30.000 vientres demuestran que la inversi\u00f3n en pasturas genera un retorno de entre el 30% y el 40% anual. Al profesionalizar la base forrajera, los establecimientos han logrado duplicar y hasta triplicar su margen econ\u00f3mico, con incrementos productivos de entre el 100% y el 300%. Esta es la nutrici\u00f3n de precisi\u00f3n necesaria para que los biotipos de exportaci\u00f3n cumplan sus est\u00e1ndares.<\/p>\n\n\n\n<p><strong>Excelencia gen\u00e9tica en Expoagro: El negocio de la calidad<\/strong><\/p>\n\n\n\n<p>En la \u00abCapital Nacional de los Agronegocios\u00bb, qued\u00f3 demostrado que la ganader\u00eda ha superado su \u00abfase defensiva\u00bb para ingresar en una etapa de expansi\u00f3n donde el volumen debe ir escoltado por la calidad carnicera.<\/p>\n\n\n\n<p>Angus y la integraci\u00f3n del valor: Con el respaldo institucional de su presidente, Amadeo Derito, la raza enfoc\u00f3 su mensaje en la rentabilidad mediante la consistencia. Diego Ponti y Pablo Guiroy definieron que la experiencia del consumidor se rige por la \u00abtr\u00edada de la palatabilidad\u00bb (terneza, sabor y jugosidad).&nbsp;<\/p>\n\n\n\n<div class=\"wp-block-jetpack-slideshow aligncenter\" data-effect=\"slide\" style=\"--aspect-ratio:calc(1024 \/ 682)\"><div class=\"wp-block-jetpack-slideshow_container swiper-container\"><ul class=\"wp-block-jetpack-slideshow_swiper-wrapper swiper-wrapper\"><li class=\"wp-block-jetpack-slideshow_slide swiper-slide\"><figure><img data-recalc-dims=\"1\" loading=\"lazy\" decoding=\"async\" width=\"1024\" height=\"682\" alt=\"\" class=\"wp-block-jetpack-slideshow_image wp-image-52015\" data-id=\"52015\" data-aspect-ratio=\"1024 \/ 682\" src=\"https:\/\/i0.wp.com\/www.todoalfalfa.com.ar\/noticias\/wp-content\/uploads\/2026\/03\/WhatsApp-Image-2026-03-12-at-16.58.18.jpeg?resize=1024%2C682&#038;ssl=1\" srcset=\"https:\/\/i0.wp.com\/www.todoalfalfa.com.ar\/noticias\/wp-content\/uploads\/2026\/03\/WhatsApp-Image-2026-03-12-at-16.58.18.jpeg?resize=1024%2C682&amp;ssl=1 1024w, https:\/\/i0.wp.com\/www.todoalfalfa.com.ar\/noticias\/wp-content\/uploads\/2026\/03\/WhatsApp-Image-2026-03-12-at-16.58.18.jpeg?resize=300%2C200&amp;ssl=1 300w, https:\/\/i0.wp.com\/www.todoalfalfa.com.ar\/noticias\/wp-content\/uploads\/2026\/03\/WhatsApp-Image-2026-03-12-at-16.58.18.jpeg?resize=768%2C512&amp;ssl=1 768w, https:\/\/i0.wp.com\/www.todoalfalfa.com.ar\/noticias\/wp-content\/uploads\/2026\/03\/WhatsApp-Image-2026-03-12-at-16.58.18.jpeg?resize=1536%2C1023&amp;ssl=1 1536w, https:\/\/i0.wp.com\/www.todoalfalfa.com.ar\/noticias\/wp-content\/uploads\/2026\/03\/WhatsApp-Image-2026-03-12-at-16.58.18.jpeg?w=1600&amp;ssl=1 1600w\" sizes=\"(max-width: 1000px) 100vw, 1000px\" \/><\/figure><\/li><li class=\"wp-block-jetpack-slideshow_slide swiper-slide\"><figure><img data-recalc-dims=\"1\" loading=\"lazy\" decoding=\"async\" width=\"1024\" height=\"682\" alt=\"\" class=\"wp-block-jetpack-slideshow_image wp-image-52016\" data-id=\"52016\" data-aspect-ratio=\"1024 \/ 682\" src=\"https:\/\/i0.wp.com\/www.todoalfalfa.com.ar\/noticias\/wp-content\/uploads\/2026\/03\/WhatsApp-Image-2026-03-12-at-16.58.17.jpeg?resize=1024%2C682&#038;ssl=1\" srcset=\"https:\/\/i0.wp.com\/www.todoalfalfa.com.ar\/noticias\/wp-content\/uploads\/2026\/03\/WhatsApp-Image-2026-03-12-at-16.58.17.jpeg?resize=1024%2C682&amp;ssl=1 1024w, https:\/\/i0.wp.com\/www.todoalfalfa.com.ar\/noticias\/wp-content\/uploads\/2026\/03\/WhatsApp-Image-2026-03-12-at-16.58.17.jpeg?resize=300%2C200&amp;ssl=1 300w, https:\/\/i0.wp.com\/www.todoalfalfa.com.ar\/noticias\/wp-content\/uploads\/2026\/03\/WhatsApp-Image-2026-03-12-at-16.58.17.jpeg?resize=768%2C512&amp;ssl=1 768w, https:\/\/i0.wp.com\/www.todoalfalfa.com.ar\/noticias\/wp-content\/uploads\/2026\/03\/WhatsApp-Image-2026-03-12-at-16.58.17.jpeg?w=1181&amp;ssl=1 1181w\" sizes=\"(max-width: 1000px) 100vw, 1000px\" \/><\/figure><\/li><li class=\"wp-block-jetpack-slideshow_slide swiper-slide\"><figure><img data-recalc-dims=\"1\" loading=\"lazy\" decoding=\"async\" width=\"1024\" height=\"682\" alt=\"\" class=\"wp-block-jetpack-slideshow_image wp-image-52013\" data-id=\"52013\" data-aspect-ratio=\"1024 \/ 682\" src=\"https:\/\/i0.wp.com\/www.todoalfalfa.com.ar\/noticias\/wp-content\/uploads\/2026\/03\/WhatsApp-Image-2026-03-12-at-16.58.20-1.jpeg?resize=1024%2C682&#038;ssl=1\" srcset=\"https:\/\/i0.wp.com\/www.todoalfalfa.com.ar\/noticias\/wp-content\/uploads\/2026\/03\/WhatsApp-Image-2026-03-12-at-16.58.20-1.jpeg?resize=1024%2C682&amp;ssl=1 1024w, https:\/\/i0.wp.com\/www.todoalfalfa.com.ar\/noticias\/wp-content\/uploads\/2026\/03\/WhatsApp-Image-2026-03-12-at-16.58.20-1.jpeg?resize=300%2C200&amp;ssl=1 300w, https:\/\/i0.wp.com\/www.todoalfalfa.com.ar\/noticias\/wp-content\/uploads\/2026\/03\/WhatsApp-Image-2026-03-12-at-16.58.20-1.jpeg?resize=768%2C512&amp;ssl=1 768w, https:\/\/i0.wp.com\/www.todoalfalfa.com.ar\/noticias\/wp-content\/uploads\/2026\/03\/WhatsApp-Image-2026-03-12-at-16.58.20-1.jpeg?w=1181&amp;ssl=1 1181w\" sizes=\"(max-width: 1000px) 100vw, 1000px\" \/><\/figure><\/li><\/ul><a class=\"wp-block-jetpack-slideshow_button-prev swiper-button-prev swiper-button-white\" role=\"button\"><\/a><a class=\"wp-block-jetpack-slideshow_button-next swiper-button-next swiper-button-white\" role=\"button\"><\/a><a aria-label=\"Pause Slideshow\" class=\"wp-block-jetpack-slideshow_button-pause\" role=\"button\"><\/a><div class=\"wp-block-jetpack-slideshow_pagination swiper-pagination swiper-pagination-white\"><\/div><\/div><\/div>\n\n\n\n<p>Un imperativo estrat\u00e9gico para el productor es comprender que el marmoleo (grasa intramuscular) no es solo herencia, sino el resultado de un manejo de \u00abprogramaci\u00f3n fetal\u00bb: la calidad se define desde la nutrici\u00f3n prenatal y los primeros meses de vida.<\/p>\n\n\n\n<p>Braford y la conquista del Centro-Sur: Bajo el programa \u00abBraford Avanza\u00bb, el presidente de la asociaci\u00f3n, Juan Manuel Alberro, destac\u00f3 la expansi\u00f3n de la raza hacia la Pampa H\u00fameda.&nbsp;<\/p>\n\n\n\n<div class=\"wp-block-jetpack-slideshow aligncenter\" data-effect=\"slide\" style=\"--aspect-ratio:calc(1024 \/ 683)\"><div class=\"wp-block-jetpack-slideshow_container swiper-container\"><ul class=\"wp-block-jetpack-slideshow_swiper-wrapper swiper-wrapper\"><li class=\"wp-block-jetpack-slideshow_slide swiper-slide\"><figure><img data-recalc-dims=\"1\" loading=\"lazy\" decoding=\"async\" width=\"1024\" height=\"683\" alt=\"\" class=\"wp-block-jetpack-slideshow_image wp-image-52012\" data-id=\"52012\" data-aspect-ratio=\"1024 \/ 683\" src=\"https:\/\/i0.wp.com\/www.todoalfalfa.com.ar\/noticias\/wp-content\/uploads\/2026\/03\/Gran-Campeon-Macho.-Cabana-Buena-Enriqueta-Perez-Hnos.-Agroganadera-SA.jpeg?resize=1024%2C683&#038;ssl=1\" srcset=\"https:\/\/i0.wp.com\/www.todoalfalfa.com.ar\/noticias\/wp-content\/uploads\/2026\/03\/Gran-Campeon-Macho.-Cabana-Buena-Enriqueta-Perez-Hnos.-Agroganadera-SA.jpeg?resize=1024%2C683&amp;ssl=1 1024w, https:\/\/i0.wp.com\/www.todoalfalfa.com.ar\/noticias\/wp-content\/uploads\/2026\/03\/Gran-Campeon-Macho.-Cabana-Buena-Enriqueta-Perez-Hnos.-Agroganadera-SA.jpeg?resize=300%2C200&amp;ssl=1 300w, https:\/\/i0.wp.com\/www.todoalfalfa.com.ar\/noticias\/wp-content\/uploads\/2026\/03\/Gran-Campeon-Macho.-Cabana-Buena-Enriqueta-Perez-Hnos.-Agroganadera-SA.jpeg?resize=768%2C512&amp;ssl=1 768w, https:\/\/i0.wp.com\/www.todoalfalfa.com.ar\/noticias\/wp-content\/uploads\/2026\/03\/Gran-Campeon-Macho.-Cabana-Buena-Enriqueta-Perez-Hnos.-Agroganadera-SA.jpeg?w=1536&amp;ssl=1 1536w\" sizes=\"(max-width: 1000px) 100vw, 1000px\" \/><figcaption class=\"wp-block-jetpack-slideshow_caption gallery-caption\">Gran Campe\u00f3n Macho. Cabana Buena Enriqueta Perez Hnos. &#8211; Agroganadera SA.<\/figcaption><\/figure><\/li><li class=\"wp-block-jetpack-slideshow_slide swiper-slide\"><figure><img data-recalc-dims=\"1\" loading=\"lazy\" decoding=\"async\" width=\"1024\" height=\"683\" alt=\"\" class=\"wp-block-jetpack-slideshow_image wp-image-52011\" data-id=\"52011\" data-aspect-ratio=\"1024 \/ 683\" src=\"https:\/\/i0.wp.com\/www.todoalfalfa.com.ar\/noticias\/wp-content\/uploads\/2026\/03\/Gran-Campeon-Hembra.-Cabana-La-Carreta-Est.-La-Carreta-SA.jpeg?resize=1024%2C683&#038;ssl=1\" srcset=\"https:\/\/i0.wp.com\/www.todoalfalfa.com.ar\/noticias\/wp-content\/uploads\/2026\/03\/Gran-Campeon-Hembra.-Cabana-La-Carreta-Est.-La-Carreta-SA.jpeg?resize=1024%2C683&amp;ssl=1 1024w, https:\/\/i0.wp.com\/www.todoalfalfa.com.ar\/noticias\/wp-content\/uploads\/2026\/03\/Gran-Campeon-Hembra.-Cabana-La-Carreta-Est.-La-Carreta-SA.jpeg?resize=300%2C200&amp;ssl=1 300w, https:\/\/i0.wp.com\/www.todoalfalfa.com.ar\/noticias\/wp-content\/uploads\/2026\/03\/Gran-Campeon-Hembra.-Cabana-La-Carreta-Est.-La-Carreta-SA.jpeg?resize=768%2C512&amp;ssl=1 768w, https:\/\/i0.wp.com\/www.todoalfalfa.com.ar\/noticias\/wp-content\/uploads\/2026\/03\/Gran-Campeon-Hembra.-Cabana-La-Carreta-Est.-La-Carreta-SA.jpeg?w=1536&amp;ssl=1 1536w\" sizes=\"(max-width: 1000px) 100vw, 1000px\" \/><figcaption class=\"wp-block-jetpack-slideshow_caption gallery-caption\">Gran Campe\u00f3n Hembra. Cabana La Carreta &#8211; Est. La Carreta SA.jpeg<\/figcaption><\/figure><\/li><\/ul><a class=\"wp-block-jetpack-slideshow_button-prev swiper-button-prev swiper-button-white\" role=\"button\"><\/a><a class=\"wp-block-jetpack-slideshow_button-next swiper-button-next swiper-button-white\" role=\"button\"><\/a><a aria-label=\"Pause Slideshow\" class=\"wp-block-jetpack-slideshow_button-pause\" role=\"button\"><\/a><div class=\"wp-block-jetpack-slideshow_pagination swiper-pagination swiper-pagination-white\"><\/div><\/div><\/div>\n\n\n\n<p>El Braford moderno busca la funcionalidad absoluta: animales pesados de m\u00e1s de 550 kilos, con aptitud carnicera y sin excesos de grasa. El inter\u00e9s de delegaciones de Sud\u00e1frica por importar esta gen\u00e9tica confirma que Argentina hoy exporta conocimiento y biotipos funcionales al mundo.<\/p>\n\n\n\n<p><strong>Desaf\u00edos estructurales: Financiamiento y eficiencia \u00abtranqueras adentro\u00bb<\/strong><\/p>\n\n\n\n<p>Hoy, una herramienta financiera nacional debe apuntar a la infraestructura cr\u00edtica: cantidad y calidad de agua, alambrados y recuperaci\u00f3n forrajera. Este salto de inversi\u00f3n no es solo un objetivo privado; es un motor capaz de generar puestos de trabajo y aportar un importante caudal de divisas.<\/p>\n\n\n\n<p>Para el consultor econ\u00f3mico, Gustavo L\u00e1zzari, el productor debe entender que \u00abno nos va a salvar una devaluaci\u00f3n\u00bb. La rentabilidad sostenible se gana en la batalla de los costos y la eficiencia individual.&nbsp;<\/p>\n\n\n\n<div class=\"wp-block-jetpack-slideshow aligncenter\" data-effect=\"slide\"><div class=\"wp-block-jetpack-slideshow_container swiper-container\"><ul class=\"wp-block-jetpack-slideshow_swiper-wrapper swiper-wrapper\"><li class=\"wp-block-jetpack-slideshow_slide swiper-slide\"><figure><img data-recalc-dims=\"1\" loading=\"lazy\" decoding=\"async\" width=\"400\" height=\"267\" alt=\"\" class=\"wp-block-jetpack-slideshow_image wp-image-52054\" data-id=\"52054\" src=\"https:\/\/i0.wp.com\/www.todoalfalfa.com.ar\/noticias\/wp-content\/uploads\/2026\/03\/lazzari.jpg?resize=400%2C267&#038;ssl=1\" srcset=\"https:\/\/i0.wp.com\/www.todoalfalfa.com.ar\/noticias\/wp-content\/uploads\/2026\/03\/lazzari.jpg?w=400&amp;ssl=1 400w, https:\/\/i0.wp.com\/www.todoalfalfa.com.ar\/noticias\/wp-content\/uploads\/2026\/03\/lazzari.jpg?resize=300%2C200&amp;ssl=1 300w\" sizes=\"(max-width: 400px) 100vw, 400px\" \/><figcaption class=\"wp-block-jetpack-slideshow_caption gallery-caption\">Foto: Continental.com.ar<\/figcaption><\/figure><\/li><\/ul><a class=\"wp-block-jetpack-slideshow_button-prev swiper-button-prev swiper-button-white\" role=\"button\"><\/a><a class=\"wp-block-jetpack-slideshow_button-next swiper-button-next swiper-button-white\" role=\"button\"><\/a><a aria-label=\"Pause Slideshow\" class=\"wp-block-jetpack-slideshow_button-pause\" role=\"button\"><\/a><div class=\"wp-block-jetpack-slideshow_pagination swiper-pagination swiper-pagination-white\"><\/div><\/div><\/div>\n\n\n\n<p>El cambio de r\u00e9gimen econ\u00f3mico exige que la competitividad sea una construcci\u00f3n t\u00e9cnica \u00abtranqueras adentro\u00bb, independiz\u00e1ndose de los vaivenes cambiarios.<\/p>\n\n\n\n<p>El \u00e9xito en este nuevo ciclo ganadero es una decisi\u00f3n estrat\u00e9gica, no una casualidad del mercado. La tecnolog\u00eda est\u00e1 validada, la gen\u00e9tica argentina es referente global y la demanda internacional ha perdido su techo. La \u00abVaca Viva\u00bb es, en \u00faltima instancia, el motor social y econ\u00f3mico que el pa\u00eds necesita para su desarrollo federal.<\/p>\n<div class=\"todoalfalfa-final-de-la-nota\" id=\"todoalfalfa-2246607816\"><a href=\"https:\/\/www.whatsapp.com\/channel\/0029VbCBmFB9WtBxJsD3eC2i\" target=\"_blank\" aria-label=\"5\"><img src=\"https:\/\/i0.wp.com\/www.todoalfalfa.com.ar\/noticias\/wp-content\/uploads\/2026\/04\/5.gif?fit=728%2C90&#038;ssl=1\" alt=\"\"  width=\"728\" height=\"90\"   \/><\/a><\/div>","protected":false},"excerpt":{"rendered":"<p>El hist\u00f3rico momento del sector abre un abanico de oportunidades. La demanda internacional \u00absube por ascensor\u00bb, mientras que nuestra oferta apenas lo hace \u00abpor escalera\u00bb. \u00bfQu\u00e9 rol jugar\u00e1 el productor ganadero argentino?<\/p>\n","protected":false},"author":9,"featured_media":52148,"comment_status":"closed","ping_status":"open","sticky":false,"template":"","format":"standard","meta":{"jetpack_post_was_ever_published":false,"_jetpack_newsletter_access":"","_jetpack_dont_email_post_to_subs":false,"_jetpack_newsletter_tier_id":0,"_jetpack_memberships_contains_paywalled_content":false,"_jetpack_memberships_contains_paid_content":false,"footnotes":""},"categories":[1889],"tags":[31,2187,105,656,1751,236,54,68,1659,17,21,91],"class_list":["post-51986","post","type-post","status-publish","format-standard","has-post-thumbnail","hentry","category-expoagro","tag-alfalfa","tag-angus","tag-argentina","tag-braford","tag-carnes","tag-exportacion","tag-forrajes","tag-heno","tag-novedades","tag-pasturas","tag-produccion","tag-siembra"],"yoast_head":"<!-- This site is optimized with the Yoast SEO plugin v25.5 - https:\/\/yoast.com\/wordpress\/plugins\/seo\/ -->\n<title>El renacimiento de la &quot;Vaca Viva&quot;: Forraje, gen\u00e9tica y la ventana de oportunidad\u00a0<\/title>\n<meta name=\"robots\" content=\"index, follow, max-snippet:-1, max-image-preview:large, max-video-preview:-1\" \/>\n<link rel=\"canonical\" href=\"https:\/\/www.todoalfalfa.com.ar\/noticias\/el-renacimiento-de-la-vaca-viva-forraje-genetica-y-la-ventana-de-oportunidad\/\" \/>\n<meta property=\"og:locale\" content=\"es_ES\" \/>\n<meta property=\"og:type\" content=\"article\" \/>\n<meta property=\"og:title\" content=\"El renacimiento de la &quot;Vaca Viva&quot;: Forraje, gen\u00e9tica y la ventana de oportunidad\u00a0\" \/>\n<meta property=\"og:description\" content=\"El hist\u00f3rico momento del sector abre un abanico de oportunidades. La demanda internacional &quot;sube por ascensor&quot;, mientras que nuestra oferta apenas lo hace &quot;por escalera&quot;. \u00bfQu\u00e9 rol jugar\u00e1 el productor ganadero argentino?\" \/>\n<meta property=\"og:url\" content=\"https:\/\/www.todoalfalfa.com.ar\/noticias\/el-renacimiento-de-la-vaca-viva-forraje-genetica-y-la-ventana-de-oportunidad\/\" \/>\n<meta property=\"og:site_name\" content=\"Todo Alfalfa\" \/>\n<meta property=\"article:publisher\" content=\"https:\/\/www.facebook.com\/todoalfalfa\" \/>\n<meta property=\"article:published_time\" content=\"2026-03-13T14:12:01+00:00\" \/>\n<meta property=\"article:modified_time\" content=\"2026-03-13T21:16:56+00:00\" \/>\n<meta property=\"og:image\" content=\"https:\/\/www.todoalfalfa.com.ar\/noticias\/wp-content\/uploads\/2026\/03\/ChatGPT-Image-13-mar-2026-18_16_37-1024x683.png\" \/>\n\t<meta property=\"og:image:width\" content=\"1024\" \/>\n\t<meta property=\"og:image:height\" content=\"683\" \/>\n\t<meta property=\"og:image:type\" content=\"image\/png\" \/>\n<meta name=\"author\" content=\"Todo Alfalfa\" \/>\n<meta name=\"twitter:card\" content=\"summary_large_image\" \/>\n<meta name=\"twitter:label1\" content=\"Escrito por\" \/>\n\t<meta name=\"twitter:data1\" content=\"Todo Alfalfa\" \/>\n\t<meta name=\"twitter:label2\" content=\"Tiempo de lectura\" \/>\n\t<meta name=\"twitter:data2\" content=\"6 minutos\" \/>\n<script type=\"application\/ld+json\" class=\"yoast-schema-graph\">{\"@context\":\"https:\/\/schema.org\",\"@graph\":[{\"@type\":\"NewsArticle\",\"@id\":\"https:\/\/www.todoalfalfa.com.ar\/noticias\/el-renacimiento-de-la-vaca-viva-forraje-genetica-y-la-ventana-de-oportunidad\/#article\",\"isPartOf\":{\"@id\":\"https:\/\/www.todoalfalfa.com.ar\/noticias\/el-renacimiento-de-la-vaca-viva-forraje-genetica-y-la-ventana-de-oportunidad\/\"},\"author\":{\"name\":\"Todo Alfalfa\",\"@id\":\"https:\/\/www.todoalfalfa.com.ar\/noticias\/#\/schema\/person\/99de93cb711c7015ef658e5321ba9f18\"},\"headline\":\"El renacimiento de la \u00abVaca Viva\u00bb: Forraje, gen\u00e9tica y la ventana de oportunidad\u00a0\",\"datePublished\":\"2026-03-13T14:12:01+00:00\",\"dateModified\":\"2026-03-13T21:16:56+00:00\",\"mainEntityOfPage\":{\"@id\":\"https:\/\/www.todoalfalfa.com.ar\/noticias\/el-renacimiento-de-la-vaca-viva-forraje-genetica-y-la-ventana-de-oportunidad\/\"},\"wordCount\":863,\"publisher\":{\"@id\":\"https:\/\/www.todoalfalfa.com.ar\/noticias\/#organization\"},\"image\":{\"@id\":\"https:\/\/www.todoalfalfa.com.ar\/noticias\/el-renacimiento-de-la-vaca-viva-forraje-genetica-y-la-ventana-de-oportunidad\/#primaryimage\"},\"thumbnailUrl\":\"https:\/\/i0.wp.com\/www.todoalfalfa.com.ar\/noticias\/wp-content\/uploads\/2026\/03\/ChatGPT-Image-13-mar-2026-18_16_37.png?fit=1536%2C1024&ssl=1\",\"keywords\":[\"alfalfa\",\"Angus\",\"Argentina\",\"braford\",\"Carnes\",\"exportaci\u00f3n\",\"forrajes\",\"heno\",\"Novedades\",\"pasturas\",\"producci\u00f3n\",\"siembra\"],\"articleSection\":[\"ExpoAgro\"],\"inLanguage\":\"es\"},{\"@type\":[\"WebPage\",\"ItemPage\"],\"@id\":\"https:\/\/www.todoalfalfa.com.ar\/noticias\/el-renacimiento-de-la-vaca-viva-forraje-genetica-y-la-ventana-de-oportunidad\/\",\"url\":\"https:\/\/www.todoalfalfa.com.ar\/noticias\/el-renacimiento-de-la-vaca-viva-forraje-genetica-y-la-ventana-de-oportunidad\/\",\"name\":\"El renacimiento de la \\\"Vaca Viva\\\": Forraje, gen\u00e9tica y la ventana de oportunidad\u00a0\",\"isPartOf\":{\"@id\":\"https:\/\/www.todoalfalfa.com.ar\/noticias\/#website\"},\"primaryImageOfPage\":{\"@id\":\"https:\/\/www.todoalfalfa.com.ar\/noticias\/el-renacimiento-de-la-vaca-viva-forraje-genetica-y-la-ventana-de-oportunidad\/#primaryimage\"},\"image\":{\"@id\":\"https:\/\/www.todoalfalfa.com.ar\/noticias\/el-renacimiento-de-la-vaca-viva-forraje-genetica-y-la-ventana-de-oportunidad\/#primaryimage\"},\"thumbnailUrl\":\"https:\/\/i0.wp.com\/www.todoalfalfa.com.ar\/noticias\/wp-content\/uploads\/2026\/03\/ChatGPT-Image-13-mar-2026-18_16_37.png?fit=1536%2C1024&ssl=1\",\"datePublished\":\"2026-03-13T14:12:01+00:00\",\"dateModified\":\"2026-03-13T21:16:56+00:00\",\"breadcrumb\":{\"@id\":\"https:\/\/www.todoalfalfa.com.ar\/noticias\/el-renacimiento-de-la-vaca-viva-forraje-genetica-y-la-ventana-de-oportunidad\/#breadcrumb\"},\"inLanguage\":\"es\",\"potentialAction\":[{\"@type\":\"ReadAction\",\"target\":[\"https:\/\/www.todoalfalfa.com.ar\/noticias\/el-renacimiento-de-la-vaca-viva-forraje-genetica-y-la-ventana-de-oportunidad\/\"]}]},{\"@type\":\"ImageObject\",\"inLanguage\":\"es\",\"@id\":\"https:\/\/www.todoalfalfa.com.ar\/noticias\/el-renacimiento-de-la-vaca-viva-forraje-genetica-y-la-ventana-de-oportunidad\/#primaryimage\",\"url\":\"https:\/\/i0.wp.com\/www.todoalfalfa.com.ar\/noticias\/wp-content\/uploads\/2026\/03\/ChatGPT-Image-13-mar-2026-18_16_37.png?fit=1536%2C1024&ssl=1\",\"contentUrl\":\"https:\/\/i0.wp.com\/www.todoalfalfa.com.ar\/noticias\/wp-content\/uploads\/2026\/03\/ChatGPT-Image-13-mar-2026-18_16_37.png?fit=1536%2C1024&ssl=1\",\"width\":1536,\"height\":1024},{\"@type\":\"BreadcrumbList\",\"@id\":\"https:\/\/www.todoalfalfa.com.ar\/noticias\/el-renacimiento-de-la-vaca-viva-forraje-genetica-y-la-ventana-de-oportunidad\/#breadcrumb\",\"itemListElement\":[{\"@type\":\"ListItem\",\"position\":1,\"name\":\"Principal\",\"item\":\"https:\/\/www.todoalfalfa.com.ar\/noticias\/\"},{\"@type\":\"ListItem\",\"position\":2,\"name\":\"El renacimiento de la \u00abVaca Viva\u00bb: Forraje, gen\u00e9tica y la ventana de oportunidad\u00a0\"}]},{\"@type\":\"WebSite\",\"@id\":\"https:\/\/www.todoalfalfa.com.ar\/noticias\/#website\",\"url\":\"https:\/\/www.todoalfalfa.com.ar\/noticias\/\",\"name\":\"Todo Alfalfa\",\"description\":\"Web informativa de la cadena de la alfalfa argentina\",\"publisher\":{\"@id\":\"https:\/\/www.todoalfalfa.com.ar\/noticias\/#organization\"},\"potentialAction\":[{\"@type\":\"SearchAction\",\"target\":{\"@type\":\"EntryPoint\",\"urlTemplate\":\"https:\/\/www.todoalfalfa.com.ar\/noticias\/?s={search_term_string}\"},\"query-input\":{\"@type\":\"PropertyValueSpecification\",\"valueRequired\":true,\"valueName\":\"search_term_string\"}}],\"inLanguage\":\"es\"},{\"@type\":\"Organization\",\"@id\":\"https:\/\/www.todoalfalfa.com.ar\/noticias\/#organization\",\"name\":\"Todo Alfalfa\",\"url\":\"https:\/\/www.todoalfalfa.com.ar\/noticias\/\",\"logo\":{\"@type\":\"ImageObject\",\"inLanguage\":\"es\",\"@id\":\"https:\/\/www.todoalfalfa.com.ar\/noticias\/#\/schema\/logo\/image\/\",\"url\":\"https:\/\/www.todoalfalfa.com.ar\/noticias\/wp-content\/uploads\/2020\/09\/logo-todo-alfalfa-modificado.png\",\"contentUrl\":\"https:\/\/www.todoalfalfa.com.ar\/noticias\/wp-content\/uploads\/2020\/09\/logo-todo-alfalfa-modificado.png\",\"width\":350,\"height\":100,\"caption\":\"Todo Alfalfa\"},\"image\":{\"@id\":\"https:\/\/www.todoalfalfa.com.ar\/noticias\/#\/schema\/logo\/image\/\"},\"sameAs\":[\"https:\/\/www.facebook.com\/todoalfalfa\",\"https:\/\/www.instagram.com\/todoalfalfa\",\"https:\/\/www.youtube.com\/@TodoAlfalfa\",\"https:\/\/www.linkedin.com\/company\/todoalfalfa\/\"]},{\"@type\":\"Person\",\"@id\":\"https:\/\/www.todoalfalfa.com.ar\/noticias\/#\/schema\/person\/99de93cb711c7015ef658e5321ba9f18\",\"name\":\"Todo Alfalfa\",\"image\":{\"@type\":\"ImageObject\",\"inLanguage\":\"es\",\"@id\":\"https:\/\/www.todoalfalfa.com.ar\/noticias\/#\/schema\/person\/image\/\",\"url\":\"https:\/\/secure.gravatar.com\/avatar\/50ffd12fb7b268bc2467160730786602db252a270c63104e7c19b5f67b8dd346?s=96&d=mm&r=g\",\"contentUrl\":\"https:\/\/secure.gravatar.com\/avatar\/50ffd12fb7b268bc2467160730786602db252a270c63104e7c19b5f67b8dd346?s=96&d=mm&r=g\",\"caption\":\"Todo Alfalfa\"},\"url\":\"https:\/\/www.todoalfalfa.com.ar\/noticias\/author\/osvaldoiachetta\/\"}]}<\/script>\n<!-- \/ Yoast SEO plugin. -->","yoast_head_json":{"title":"El renacimiento de la \"Vaca Viva\": Forraje, gen\u00e9tica y la ventana de oportunidad\u00a0","robots":{"index":"index","follow":"follow","max-snippet":"max-snippet:-1","max-image-preview":"max-image-preview:large","max-video-preview":"max-video-preview:-1"},"canonical":"https:\/\/www.todoalfalfa.com.ar\/noticias\/el-renacimiento-de-la-vaca-viva-forraje-genetica-y-la-ventana-de-oportunidad\/","og_locale":"es_ES","og_type":"article","og_title":"El renacimiento de la \"Vaca Viva\": Forraje, gen\u00e9tica y la ventana de oportunidad\u00a0","og_description":"El hist\u00f3rico momento del sector abre un abanico de oportunidades. La demanda internacional \"sube por ascensor\", mientras que nuestra oferta apenas lo hace \"por escalera\". \u00bfQu\u00e9 rol jugar\u00e1 el productor ganadero argentino?","og_url":"https:\/\/www.todoalfalfa.com.ar\/noticias\/el-renacimiento-de-la-vaca-viva-forraje-genetica-y-la-ventana-de-oportunidad\/","og_site_name":"Todo Alfalfa","article_publisher":"https:\/\/www.facebook.com\/todoalfalfa","article_published_time":"2026-03-13T14:12:01+00:00","article_modified_time":"2026-03-13T21:16:56+00:00","og_image":[{"width":1024,"height":683,"url":"https:\/\/www.todoalfalfa.com.ar\/noticias\/wp-content\/uploads\/2026\/03\/ChatGPT-Image-13-mar-2026-18_16_37-1024x683.png","type":"image\/png"}],"author":"Todo Alfalfa","twitter_card":"summary_large_image","twitter_misc":{"Escrito por":"Todo Alfalfa","Tiempo de lectura":"6 minutos"},"schema":{"@context":"https:\/\/schema.org","@graph":[{"@type":"NewsArticle","@id":"https:\/\/www.todoalfalfa.com.ar\/noticias\/el-renacimiento-de-la-vaca-viva-forraje-genetica-y-la-ventana-de-oportunidad\/#article","isPartOf":{"@id":"https:\/\/www.todoalfalfa.com.ar\/noticias\/el-renacimiento-de-la-vaca-viva-forraje-genetica-y-la-ventana-de-oportunidad\/"},"author":{"name":"Todo Alfalfa","@id":"https:\/\/www.todoalfalfa.com.ar\/noticias\/#\/schema\/person\/99de93cb711c7015ef658e5321ba9f18"},"headline":"El renacimiento de la \u00abVaca Viva\u00bb: Forraje, gen\u00e9tica y la ventana de oportunidad\u00a0","datePublished":"2026-03-13T14:12:01+00:00","dateModified":"2026-03-13T21:16:56+00:00","mainEntityOfPage":{"@id":"https:\/\/www.todoalfalfa.com.ar\/noticias\/el-renacimiento-de-la-vaca-viva-forraje-genetica-y-la-ventana-de-oportunidad\/"},"wordCount":863,"publisher":{"@id":"https:\/\/www.todoalfalfa.com.ar\/noticias\/#organization"},"image":{"@id":"https:\/\/www.todoalfalfa.com.ar\/noticias\/el-renacimiento-de-la-vaca-viva-forraje-genetica-y-la-ventana-de-oportunidad\/#primaryimage"},"thumbnailUrl":"https:\/\/i0.wp.com\/www.todoalfalfa.com.ar\/noticias\/wp-content\/uploads\/2026\/03\/ChatGPT-Image-13-mar-2026-18_16_37.png?fit=1536%2C1024&ssl=1","keywords":["alfalfa","Angus","Argentina","braford","Carnes","exportaci\u00f3n","forrajes","heno","Novedades","pasturas","producci\u00f3n","siembra"],"articleSection":["ExpoAgro"],"inLanguage":"es"},{"@type":["WebPage","ItemPage"],"@id":"https:\/\/www.todoalfalfa.com.ar\/noticias\/el-renacimiento-de-la-vaca-viva-forraje-genetica-y-la-ventana-de-oportunidad\/","url":"https:\/\/www.todoalfalfa.com.ar\/noticias\/el-renacimiento-de-la-vaca-viva-forraje-genetica-y-la-ventana-de-oportunidad\/","name":"El renacimiento de la \"Vaca Viva\": Forraje, gen\u00e9tica y la ventana de oportunidad\u00a0","isPartOf":{"@id":"https:\/\/www.todoalfalfa.com.ar\/noticias\/#website"},"primaryImageOfPage":{"@id":"https:\/\/www.todoalfalfa.com.ar\/noticias\/el-renacimiento-de-la-vaca-viva-forraje-genetica-y-la-ventana-de-oportunidad\/#primaryimage"},"image":{"@id":"https:\/\/www.todoalfalfa.com.ar\/noticias\/el-renacimiento-de-la-vaca-viva-forraje-genetica-y-la-ventana-de-oportunidad\/#primaryimage"},"thumbnailUrl":"https:\/\/i0.wp.com\/www.todoalfalfa.com.ar\/noticias\/wp-content\/uploads\/2026\/03\/ChatGPT-Image-13-mar-2026-18_16_37.png?fit=1536%2C1024&ssl=1","datePublished":"2026-03-13T14:12:01+00:00","dateModified":"2026-03-13T21:16:56+00:00","breadcrumb":{"@id":"https:\/\/www.todoalfalfa.com.ar\/noticias\/el-renacimiento-de-la-vaca-viva-forraje-genetica-y-la-ventana-de-oportunidad\/#breadcrumb"},"inLanguage":"es","potentialAction":[{"@type":"ReadAction","target":["https:\/\/www.todoalfalfa.com.ar\/noticias\/el-renacimiento-de-la-vaca-viva-forraje-genetica-y-la-ventana-de-oportunidad\/"]}]},{"@type":"ImageObject","inLanguage":"es","@id":"https:\/\/www.todoalfalfa.com.ar\/noticias\/el-renacimiento-de-la-vaca-viva-forraje-genetica-y-la-ventana-de-oportunidad\/#primaryimage","url":"https:\/\/i0.wp.com\/www.todoalfalfa.com.ar\/noticias\/wp-content\/uploads\/2026\/03\/ChatGPT-Image-13-mar-2026-18_16_37.png?fit=1536%2C1024&ssl=1","contentUrl":"https:\/\/i0.wp.com\/www.todoalfalfa.com.ar\/noticias\/wp-content\/uploads\/2026\/03\/ChatGPT-Image-13-mar-2026-18_16_37.png?fit=1536%2C1024&ssl=1","width":1536,"height":1024},{"@type":"BreadcrumbList","@id":"https:\/\/www.todoalfalfa.com.ar\/noticias\/el-renacimiento-de-la-vaca-viva-forraje-genetica-y-la-ventana-de-oportunidad\/#breadcrumb","itemListElement":[{"@type":"ListItem","position":1,"name":"Principal","item":"https:\/\/www.todoalfalfa.com.ar\/noticias\/"},{"@type":"ListItem","position":2,"name":"El renacimiento de la \u00abVaca Viva\u00bb: Forraje, gen\u00e9tica y la ventana de oportunidad\u00a0"}]},{"@type":"WebSite","@id":"https:\/\/www.todoalfalfa.com.ar\/noticias\/#website","url":"https:\/\/www.todoalfalfa.com.ar\/noticias\/","name":"Todo Alfalfa","description":"Web informativa de la cadena de la alfalfa argentina","publisher":{"@id":"https:\/\/www.todoalfalfa.com.ar\/noticias\/#organization"},"potentialAction":[{"@type":"SearchAction","target":{"@type":"EntryPoint","urlTemplate":"https:\/\/www.todoalfalfa.com.ar\/noticias\/?s={search_term_string}"},"query-input":{"@type":"PropertyValueSpecification","valueRequired":true,"valueName":"search_term_string"}}],"inLanguage":"es"},{"@type":"Organization","@id":"https:\/\/www.todoalfalfa.com.ar\/noticias\/#organization","name":"Todo Alfalfa","url":"https:\/\/www.todoalfalfa.com.ar\/noticias\/","logo":{"@type":"ImageObject","inLanguage":"es","@id":"https:\/\/www.todoalfalfa.com.ar\/noticias\/#\/schema\/logo\/image\/","url":"https:\/\/www.todoalfalfa.com.ar\/noticias\/wp-content\/uploads\/2020\/09\/logo-todo-alfalfa-modificado.png","contentUrl":"https:\/\/www.todoalfalfa.com.ar\/noticias\/wp-content\/uploads\/2020\/09\/logo-todo-alfalfa-modificado.png","width":350,"height":100,"caption":"Todo Alfalfa"},"image":{"@id":"https:\/\/www.todoalfalfa.com.ar\/noticias\/#\/schema\/logo\/image\/"},"sameAs":["https:\/\/www.facebook.com\/todoalfalfa","https:\/\/www.instagram.com\/todoalfalfa","https:\/\/www.youtube.com\/@TodoAlfalfa","https:\/\/www.linkedin.com\/company\/todoalfalfa\/"]},{"@type":"Person","@id":"https:\/\/www.todoalfalfa.com.ar\/noticias\/#\/schema\/person\/99de93cb711c7015ef658e5321ba9f18","name":"Todo Alfalfa","image":{"@type":"ImageObject","inLanguage":"es","@id":"https:\/\/www.todoalfalfa.com.ar\/noticias\/#\/schema\/person\/image\/","url":"https:\/\/secure.gravatar.com\/avatar\/50ffd12fb7b268bc2467160730786602db252a270c63104e7c19b5f67b8dd346?s=96&d=mm&r=g","contentUrl":"https:\/\/secure.gravatar.com\/avatar\/50ffd12fb7b268bc2467160730786602db252a270c63104e7c19b5f67b8dd346?s=96&d=mm&r=g","caption":"Todo Alfalfa"},"url":"https:\/\/www.todoalfalfa.com.ar\/noticias\/author\/osvaldoiachetta\/"}]}},"jetpack_featured_media_url":"https:\/\/i0.wp.com\/www.todoalfalfa.com.ar\/noticias\/wp-content\/uploads\/2026\/03\/ChatGPT-Image-13-mar-2026-18_16_37.png?fit=1536%2C1024&ssl=1","wps_subtitle":"","jetpack_sharing_enabled":true,"_links":{"self":[{"href":"https:\/\/www.todoalfalfa.com.ar\/noticias\/wp-json\/wp\/v2\/posts\/51986","targetHints":{"allow":["GET"]}}],"collection":[{"href":"https:\/\/www.todoalfalfa.com.ar\/noticias\/wp-json\/wp\/v2\/posts"}],"about":[{"href":"https:\/\/www.todoalfalfa.com.ar\/noticias\/wp-json\/wp\/v2\/types\/post"}],"author":[{"embeddable":true,"href":"https:\/\/www.todoalfalfa.com.ar\/noticias\/wp-json\/wp\/v2\/users\/9"}],"replies":[{"embeddable":true,"href":"https:\/\/www.todoalfalfa.com.ar\/noticias\/wp-json\/wp\/v2\/comments?post=51986"}],"version-history":[{"count":2,"href":"https:\/\/www.todoalfalfa.com.ar\/noticias\/wp-json\/wp\/v2\/posts\/51986\/revisions"}],"predecessor-version":[{"id":52057,"href":"https:\/\/www.todoalfalfa.com.ar\/noticias\/wp-json\/wp\/v2\/posts\/51986\/revisions\/52057"}],"wp:featuredmedia":[{"embeddable":true,"href":"https:\/\/www.todoalfalfa.com.ar\/noticias\/wp-json\/wp\/v2\/media\/52148"}],"wp:attachment":[{"href":"https:\/\/www.todoalfalfa.com.ar\/noticias\/wp-json\/wp\/v2\/media?parent=51986"}],"wp:term":[{"taxonomy":"category","embeddable":true,"href":"https:\/\/www.todoalfalfa.com.ar\/noticias\/wp-json\/wp\/v2\/categories?post=51986"},{"taxonomy":"post_tag","embeddable":true,"href":"https:\/\/www.todoalfalfa.com.ar\/noticias\/wp-json\/wp\/v2\/tags?post=51986"}],"curies":[{"name":"wp","href":"https:\/\/api.w.org\/{rel}","templated":true}]}}