{"id":51999,"date":"2026-03-13T10:37:08","date_gmt":"2026-03-13T13:37:08","guid":{"rendered":"https:\/\/www.todoalfalfa.com.ar\/noticias\/?p=51999"},"modified":"2026-03-13T10:55:00","modified_gmt":"2026-03-13T13:55:00","slug":"case-ih-presento-una-nueva-generacion-de-productos-asociada-a-la-tecnologia-e-inteligencia-artificial","status":"publish","type":"post","link":"https:\/\/www.todoalfalfa.com.ar\/noticias\/case-ih-presento-una-nueva-generacion-de-productos-asociada-a-la-tecnologia-e-inteligencia-artificial\/","title":{"rendered":"Case IH present\u00f3 una nueva generaci\u00f3n de productos asociada a la tecnolog\u00eda e inteligencia artificial"},"content":{"rendered":"\n<p>Case IH fue una de las empresas que m\u00e1s se destac\u00f3 en la edici\u00f3n 2026 de la Expoagro. All\u00ed la firma present\u00f3 el concepto \u201cNew Gen Case IH\u201d que es una generaci\u00f3n de productos asociados con la tecnolog\u00eda e inteligencia artificial para ayudar al productor argentino.&nbsp;<\/p>\n\n\n\n<p>En materia de forraje exhibieron la rotoenfardadora RB565 que ya forma parte de su portfolio. Tambi\u00e9n dieron a conocer la segadora autopropulsada Wind Rover con una tecnolog\u00eda, telemetr\u00eda y con algunos indicadores de lo que es calidad para pastura. \u201cAportando puntualmente lo que es alfalfa, queremos que se reactive ese negocio de exportaci\u00f3n y traer lo que son megafardos para el productor argentino\u201d, resalt\u00f3 el gerente de marketing comercial, Rodrigo Lanciotti.&nbsp;<\/p>\n\n\n\n<div class=\"wp-block-jetpack-slideshow aligncenter\" data-effect=\"slide\" style=\"--aspect-ratio:calc(1024 \/ 682)\"><div class=\"wp-block-jetpack-slideshow_container swiper-container\"><ul class=\"wp-block-jetpack-slideshow_swiper-wrapper swiper-wrapper\"><li class=\"wp-block-jetpack-slideshow_slide swiper-slide\"><figure><img data-recalc-dims=\"1\" fetchpriority=\"high\" decoding=\"async\" width=\"1024\" height=\"682\" alt=\"\" class=\"wp-block-jetpack-slideshow_image wp-image-52005\" data-id=\"52005\" data-aspect-ratio=\"1024 \/ 682\" src=\"https:\/\/i0.wp.com\/www.todoalfalfa.com.ar\/noticias\/wp-content\/uploads\/2026\/03\/case-ih1.jpeg?resize=1024%2C682&#038;ssl=1\" srcset=\"https:\/\/i0.wp.com\/www.todoalfalfa.com.ar\/noticias\/wp-content\/uploads\/2026\/03\/case-ih1.jpeg?resize=1024%2C682&amp;ssl=1 1024w, https:\/\/i0.wp.com\/www.todoalfalfa.com.ar\/noticias\/wp-content\/uploads\/2026\/03\/case-ih1.jpeg?resize=300%2C200&amp;ssl=1 300w, https:\/\/i0.wp.com\/www.todoalfalfa.com.ar\/noticias\/wp-content\/uploads\/2026\/03\/case-ih1.jpeg?resize=768%2C512&amp;ssl=1 768w, https:\/\/i0.wp.com\/www.todoalfalfa.com.ar\/noticias\/wp-content\/uploads\/2026\/03\/case-ih1.jpeg?resize=1536%2C1023&amp;ssl=1 1536w, https:\/\/i0.wp.com\/www.todoalfalfa.com.ar\/noticias\/wp-content\/uploads\/2026\/03\/case-ih1.jpeg?w=1600&amp;ssl=1 1600w\" sizes=\"(max-width: 1000px) 100vw, 1000px\" \/><figcaption class=\"wp-block-jetpack-slideshow_caption gallery-caption\">El gerente de marketing comercial, Rodrigo Lanciotti.<\/figcaption><\/figure><\/li><li class=\"wp-block-jetpack-slideshow_slide swiper-slide\"><figure><img data-recalc-dims=\"1\" decoding=\"async\" width=\"1024\" height=\"682\" alt=\"\" class=\"wp-block-jetpack-slideshow_image wp-image-52006\" data-id=\"52006\" data-aspect-ratio=\"1024 \/ 682\" src=\"https:\/\/i0.wp.com\/www.todoalfalfa.com.ar\/noticias\/wp-content\/uploads\/2026\/03\/case-ih2.jpeg?resize=1024%2C682&#038;ssl=1\" srcset=\"https:\/\/i0.wp.com\/www.todoalfalfa.com.ar\/noticias\/wp-content\/uploads\/2026\/03\/case-ih2.jpeg?resize=1024%2C682&amp;ssl=1 1024w, https:\/\/i0.wp.com\/www.todoalfalfa.com.ar\/noticias\/wp-content\/uploads\/2026\/03\/case-ih2.jpeg?resize=300%2C200&amp;ssl=1 300w, https:\/\/i0.wp.com\/www.todoalfalfa.com.ar\/noticias\/wp-content\/uploads\/2026\/03\/case-ih2.jpeg?resize=768%2C512&amp;ssl=1 768w, https:\/\/i0.wp.com\/www.todoalfalfa.com.ar\/noticias\/wp-content\/uploads\/2026\/03\/case-ih2.jpeg?resize=1536%2C1023&amp;ssl=1 1536w, https:\/\/i0.wp.com\/www.todoalfalfa.com.ar\/noticias\/wp-content\/uploads\/2026\/03\/case-ih2.jpeg?w=1600&amp;ssl=1 1600w\" sizes=\"(max-width: 1000px) 100vw, 1000px\" \/><\/figure><\/li><li class=\"wp-block-jetpack-slideshow_slide swiper-slide\"><figure><img data-recalc-dims=\"1\" decoding=\"async\" width=\"682\" height=\"1024\" alt=\"\" class=\"wp-block-jetpack-slideshow_image wp-image-52007\" data-id=\"52007\" data-aspect-ratio=\"682 \/ 1024\" src=\"https:\/\/i0.wp.com\/www.todoalfalfa.com.ar\/noticias\/wp-content\/uploads\/2026\/03\/case-ih3.jpeg?resize=682%2C1024&#038;ssl=1\" srcset=\"https:\/\/i0.wp.com\/www.todoalfalfa.com.ar\/noticias\/wp-content\/uploads\/2026\/03\/case-ih3.jpeg?resize=682%2C1024&amp;ssl=1 682w, https:\/\/i0.wp.com\/www.todoalfalfa.com.ar\/noticias\/wp-content\/uploads\/2026\/03\/case-ih3.jpeg?resize=200%2C300&amp;ssl=1 200w, https:\/\/i0.wp.com\/www.todoalfalfa.com.ar\/noticias\/wp-content\/uploads\/2026\/03\/case-ih3.jpeg?resize=768%2C1153&amp;ssl=1 768w, https:\/\/i0.wp.com\/www.todoalfalfa.com.ar\/noticias\/wp-content\/uploads\/2026\/03\/case-ih3.jpeg?resize=1023%2C1536&amp;ssl=1 1023w, https:\/\/i0.wp.com\/www.todoalfalfa.com.ar\/noticias\/wp-content\/uploads\/2026\/03\/case-ih3.jpeg?w=1066&amp;ssl=1 1066w\" sizes=\"(max-width: 682px) 100vw, 682px\" \/><\/figure><\/li><\/ul><a class=\"wp-block-jetpack-slideshow_button-prev swiper-button-prev swiper-button-white\" role=\"button\"><\/a><a class=\"wp-block-jetpack-slideshow_button-next swiper-button-next swiper-button-white\" role=\"button\"><\/a><a aria-label=\"Pause Slideshow\" class=\"wp-block-jetpack-slideshow_button-pause\" role=\"button\"><\/a><div class=\"wp-block-jetpack-slideshow_pagination swiper-pagination swiper-pagination-white\"><\/div><\/div><\/div>\n\n\n\n<p><strong>C\u00f3mo ayuda la tecnolog\u00eda en el productor de campo<\/strong><\/p>\n\n\n\n<p>Lanciotti habl\u00f3 de tres puntos. Primero se refiri\u00f3 sobre la automatizaci\u00f3n de tareas, operaciones y consumo de combustibles, proporcionando mayor productividad en el trabajo.<\/p>\n\n\n\n<p>Luego destac\u00f3 lo que tiene que ver con la postventa y el servicio de las maquinarias. \u201cHoy estas m\u00e1quinas conectadas permiten poder monitorear y entender qu\u00e9 est\u00e1 pasando en el equipo y proactivamente tomar acciones a trav\u00e9s del caso\u201d, explic\u00f3; y luego agreg\u00f3: \u201ctoda nuestra red de concesionarias, que son 21, tienen centros de conectividad donde ven alertas proactivas y eso hace que nosotros activemos al cliente un problema evitando lo que era el pasado cuando el cliente ten\u00eda que llamar o ten\u00eda inconveniente\u201d.<\/p>\n\n\n\n<p>Por \u00faltimo, Lanciotti habl\u00f3 sobre la profesionalizaci\u00f3n del productor, subrayando que hoy tiene la posibilidad de disponer informaci\u00f3n para tomar decisiones. Esto hace que se pueda saber el momento exacto para hacer el corte de una alfalfa, cu\u00e1l va a ser el momento exacto para reemplazar por monitorear productividad o, por ejemplo, c\u00f3mo recopilar datos clim\u00e1ticos con lo que es mapas de rendimiento.<\/p>\n\n\n\n<p>\u201cBuscamos que nuestros clientes sean profesionales\u201d, asegur\u00f3 desde el stand de Case IH.<\/p>\n\n\n\n<p>Lanciotti sostuvo que el productor argentino \u201cm\u00e1s sabio\u201d busca incorporar tecnolog\u00eda. Sum\u00f3: \u201ca medida que se vayan generando nuevas inversiones dentro del sistema, hace que la tecnolog\u00eda vaya aumentando. Si nos comparamos con Estados Unidos, por ejemplo, hoy, al visitar un expoagro, vas a encontrar un mismo paquete a nivel tecnol\u00f3gico que en un Farm Product Show\u201d.<\/p>\n<div class=\"todoalfalfa-final-de-la-nota\" id=\"todoalfalfa-2221375262\"><a href=\"https:\/\/www.whatsapp.com\/channel\/0029VbCBmFB9WtBxJsD3eC2i\" target=\"_blank\" aria-label=\"5\"><img src=\"https:\/\/i0.wp.com\/www.todoalfalfa.com.ar\/noticias\/wp-content\/uploads\/2026\/04\/5.gif?fit=728%2C90&#038;ssl=1\" alt=\"\"  width=\"728\" height=\"90\"   \/><\/a><\/div>","protected":false},"excerpt":{"rendered":"<p>\u201cBuscamos que nuestros clientes sean profesionales\u201d, asegur\u00f3 el gerente de marketing comercial, Rodrigo Lanciotti.<\/p>\n","protected":false},"author":9,"featured_media":52001,"comment_status":"closed","ping_status":"open","sticky":false,"template":"","format":"standard","meta":{"jetpack_post_was_ever_published":false,"_jetpack_newsletter_access":"","_jetpack_dont_email_post_to_subs":false,"_jetpack_newsletter_tier_id":0,"_jetpack_memberships_contains_paywalled_content":false,"_jetpack_memberships_contains_paid_content":false,"footnotes":""},"categories":[1889],"tags":[31,105,1742,236,54,68,2188,1659,21,1884],"class_list":["post-51999","post","type-post","status-publish","format-standard","has-post-thumbnail","hentry","category-expoagro","tag-alfalfa","tag-argentina","tag-case-ih","tag-exportacion","tag-forrajes","tag-heno","tag-inteligencia-artificial","tag-novedades","tag-produccion","tag-tecnologia-2"],"yoast_head":"<!-- This site is optimized with the Yoast SEO plugin v25.5 - https:\/\/yoast.com\/wordpress\/plugins\/seo\/ -->\n<title>Case IH present\u00f3 una nueva generaci\u00f3n de productos asociada a la tecnolog\u00eda e inteligencia artificial<\/title>\n<meta name=\"robots\" content=\"index, follow, max-snippet:-1, max-image-preview:large, max-video-preview:-1\" \/>\n<link rel=\"canonical\" href=\"https:\/\/www.todoalfalfa.com.ar\/noticias\/case-ih-presento-una-nueva-generacion-de-productos-asociada-a-la-tecnologia-e-inteligencia-artificial\/\" \/>\n<meta property=\"og:locale\" content=\"es_ES\" \/>\n<meta property=\"og:type\" content=\"article\" \/>\n<meta property=\"og:title\" content=\"Case IH present\u00f3 una nueva generaci\u00f3n de productos asociada a la tecnolog\u00eda e inteligencia artificial\" \/>\n<meta property=\"og:description\" content=\"\u201cBuscamos que nuestros clientes sean profesionales\u201d, asegur\u00f3 el gerente de marketing comercial, Rodrigo Lanciotti.\" \/>\n<meta property=\"og:url\" content=\"https:\/\/www.todoalfalfa.com.ar\/noticias\/case-ih-presento-una-nueva-generacion-de-productos-asociada-a-la-tecnologia-e-inteligencia-artificial\/\" \/>\n<meta property=\"og:site_name\" content=\"Todo Alfalfa\" \/>\n<meta property=\"article:publisher\" content=\"https:\/\/www.facebook.com\/todoalfalfa\" \/>\n<meta property=\"article:published_time\" content=\"2026-03-13T13:37:08+00:00\" \/>\n<meta property=\"article:modified_time\" content=\"2026-03-13T13:55:00+00:00\" \/>\n<meta property=\"og:image\" content=\"https:\/\/www.todoalfalfa.com.ar\/noticias\/wp-content\/uploads\/2026\/03\/case-ih.jpeg\" \/>\n\t<meta property=\"og:image:width\" content=\"1600\" \/>\n\t<meta property=\"og:image:height\" content=\"1066\" \/>\n\t<meta property=\"og:image:type\" content=\"image\/jpeg\" \/>\n<meta name=\"author\" content=\"Todo Alfalfa\" \/>\n<meta name=\"twitter:card\" content=\"summary_large_image\" \/>\n<meta name=\"twitter:label1\" content=\"Escrito por\" \/>\n\t<meta name=\"twitter:data1\" content=\"Todo Alfalfa\" \/>\n\t<meta name=\"twitter:label2\" content=\"Tiempo de lectura\" \/>\n\t<meta name=\"twitter:data2\" content=\"3 minutos\" \/>\n<script type=\"application\/ld+json\" class=\"yoast-schema-graph\">{\"@context\":\"https:\/\/schema.org\",\"@graph\":[{\"@type\":\"NewsArticle\",\"@id\":\"https:\/\/www.todoalfalfa.com.ar\/noticias\/case-ih-presento-una-nueva-generacion-de-productos-asociada-a-la-tecnologia-e-inteligencia-artificial\/#article\",\"isPartOf\":{\"@id\":\"https:\/\/www.todoalfalfa.com.ar\/noticias\/case-ih-presento-una-nueva-generacion-de-productos-asociada-a-la-tecnologia-e-inteligencia-artificial\/\"},\"author\":{\"name\":\"Todo Alfalfa\",\"@id\":\"https:\/\/www.todoalfalfa.com.ar\/noticias\/#\/schema\/person\/99de93cb711c7015ef658e5321ba9f18\"},\"headline\":\"Case IH present\u00f3 una nueva generaci\u00f3n de productos asociada a la tecnolog\u00eda e inteligencia artificial\",\"datePublished\":\"2026-03-13T13:37:08+00:00\",\"dateModified\":\"2026-03-13T13:55:00+00:00\",\"mainEntityOfPage\":{\"@id\":\"https:\/\/www.todoalfalfa.com.ar\/noticias\/case-ih-presento-una-nueva-generacion-de-productos-asociada-a-la-tecnologia-e-inteligencia-artificial\/\"},\"wordCount\":415,\"publisher\":{\"@id\":\"https:\/\/www.todoalfalfa.com.ar\/noticias\/#organization\"},\"image\":{\"@id\":\"https:\/\/www.todoalfalfa.com.ar\/noticias\/case-ih-presento-una-nueva-generacion-de-productos-asociada-a-la-tecnologia-e-inteligencia-artificial\/#primaryimage\"},\"thumbnailUrl\":\"https:\/\/i0.wp.com\/www.todoalfalfa.com.ar\/noticias\/wp-content\/uploads\/2026\/03\/case-ih.jpeg?fit=1600%2C1066&ssl=1\",\"keywords\":[\"alfalfa\",\"Argentina\",\"Case IH\",\"exportaci\u00f3n\",\"forrajes\",\"heno\",\"Inteligencia artificial\",\"Novedades\",\"producci\u00f3n\",\"tecnologia\"],\"articleSection\":[\"ExpoAgro\"],\"inLanguage\":\"es\"},{\"@type\":[\"WebPage\",\"ItemPage\"],\"@id\":\"https:\/\/www.todoalfalfa.com.ar\/noticias\/case-ih-presento-una-nueva-generacion-de-productos-asociada-a-la-tecnologia-e-inteligencia-artificial\/\",\"url\":\"https:\/\/www.todoalfalfa.com.ar\/noticias\/case-ih-presento-una-nueva-generacion-de-productos-asociada-a-la-tecnologia-e-inteligencia-artificial\/\",\"name\":\"Case IH present\u00f3 una nueva generaci\u00f3n de productos asociada a la tecnolog\u00eda e inteligencia artificial\",\"isPartOf\":{\"@id\":\"https:\/\/www.todoalfalfa.com.ar\/noticias\/#website\"},\"primaryImageOfPage\":{\"@id\":\"https:\/\/www.todoalfalfa.com.ar\/noticias\/case-ih-presento-una-nueva-generacion-de-productos-asociada-a-la-tecnologia-e-inteligencia-artificial\/#primaryimage\"},\"image\":{\"@id\":\"https:\/\/www.todoalfalfa.com.ar\/noticias\/case-ih-presento-una-nueva-generacion-de-productos-asociada-a-la-tecnologia-e-inteligencia-artificial\/#primaryimage\"},\"thumbnailUrl\":\"https:\/\/i0.wp.com\/www.todoalfalfa.com.ar\/noticias\/wp-content\/uploads\/2026\/03\/case-ih.jpeg?fit=1600%2C1066&ssl=1\",\"datePublished\":\"2026-03-13T13:37:08+00:00\",\"dateModified\":\"2026-03-13T13:55:00+00:00\",\"breadcrumb\":{\"@id\":\"https:\/\/www.todoalfalfa.com.ar\/noticias\/case-ih-presento-una-nueva-generacion-de-productos-asociada-a-la-tecnologia-e-inteligencia-artificial\/#breadcrumb\"},\"inLanguage\":\"es\",\"potentialAction\":[{\"@type\":\"ReadAction\",\"target\":[\"https:\/\/www.todoalfalfa.com.ar\/noticias\/case-ih-presento-una-nueva-generacion-de-productos-asociada-a-la-tecnologia-e-inteligencia-artificial\/\"]}]},{\"@type\":\"ImageObject\",\"inLanguage\":\"es\",\"@id\":\"https:\/\/www.todoalfalfa.com.ar\/noticias\/case-ih-presento-una-nueva-generacion-de-productos-asociada-a-la-tecnologia-e-inteligencia-artificial\/#primaryimage\",\"url\":\"https:\/\/i0.wp.com\/www.todoalfalfa.com.ar\/noticias\/wp-content\/uploads\/2026\/03\/case-ih.jpeg?fit=1600%2C1066&ssl=1\",\"contentUrl\":\"https:\/\/i0.wp.com\/www.todoalfalfa.com.ar\/noticias\/wp-content\/uploads\/2026\/03\/case-ih.jpeg?fit=1600%2C1066&ssl=1\",\"width\":1600,\"height\":1066},{\"@type\":\"BreadcrumbList\",\"@id\":\"https:\/\/www.todoalfalfa.com.ar\/noticias\/case-ih-presento-una-nueva-generacion-de-productos-asociada-a-la-tecnologia-e-inteligencia-artificial\/#breadcrumb\",\"itemListElement\":[{\"@type\":\"ListItem\",\"position\":1,\"name\":\"Principal\",\"item\":\"https:\/\/www.todoalfalfa.com.ar\/noticias\/\"},{\"@type\":\"ListItem\",\"position\":2,\"name\":\"Case IH present\u00f3 una nueva generaci\u00f3n de productos asociada a la tecnolog\u00eda e inteligencia artificial\"}]},{\"@type\":\"WebSite\",\"@id\":\"https:\/\/www.todoalfalfa.com.ar\/noticias\/#website\",\"url\":\"https:\/\/www.todoalfalfa.com.ar\/noticias\/\",\"name\":\"Todo Alfalfa\",\"description\":\"Web informativa de la cadena de la alfalfa argentina\",\"publisher\":{\"@id\":\"https:\/\/www.todoalfalfa.com.ar\/noticias\/#organization\"},\"potentialAction\":[{\"@type\":\"SearchAction\",\"target\":{\"@type\":\"EntryPoint\",\"urlTemplate\":\"https:\/\/www.todoalfalfa.com.ar\/noticias\/?s={search_term_string}\"},\"query-input\":{\"@type\":\"PropertyValueSpecification\",\"valueRequired\":true,\"valueName\":\"search_term_string\"}}],\"inLanguage\":\"es\"},{\"@type\":\"Organization\",\"@id\":\"https:\/\/www.todoalfalfa.com.ar\/noticias\/#organization\",\"name\":\"Todo Alfalfa\",\"url\":\"https:\/\/www.todoalfalfa.com.ar\/noticias\/\",\"logo\":{\"@type\":\"ImageObject\",\"inLanguage\":\"es\",\"@id\":\"https:\/\/www.todoalfalfa.com.ar\/noticias\/#\/schema\/logo\/image\/\",\"url\":\"https:\/\/www.todoalfalfa.com.ar\/noticias\/wp-content\/uploads\/2020\/09\/logo-todo-alfalfa-modificado.png\",\"contentUrl\":\"https:\/\/www.todoalfalfa.com.ar\/noticias\/wp-content\/uploads\/2020\/09\/logo-todo-alfalfa-modificado.png\",\"width\":350,\"height\":100,\"caption\":\"Todo Alfalfa\"},\"image\":{\"@id\":\"https:\/\/www.todoalfalfa.com.ar\/noticias\/#\/schema\/logo\/image\/\"},\"sameAs\":[\"https:\/\/www.facebook.com\/todoalfalfa\",\"https:\/\/www.instagram.com\/todoalfalfa\",\"https:\/\/www.youtube.com\/@TodoAlfalfa\",\"https:\/\/www.linkedin.com\/company\/todoalfalfa\/\"]},{\"@type\":\"Person\",\"@id\":\"https:\/\/www.todoalfalfa.com.ar\/noticias\/#\/schema\/person\/99de93cb711c7015ef658e5321ba9f18\",\"name\":\"Todo Alfalfa\",\"image\":{\"@type\":\"ImageObject\",\"inLanguage\":\"es\",\"@id\":\"https:\/\/www.todoalfalfa.com.ar\/noticias\/#\/schema\/person\/image\/\",\"url\":\"https:\/\/secure.gravatar.com\/avatar\/50ffd12fb7b268bc2467160730786602db252a270c63104e7c19b5f67b8dd346?s=96&d=mm&r=g\",\"contentUrl\":\"https:\/\/secure.gravatar.com\/avatar\/50ffd12fb7b268bc2467160730786602db252a270c63104e7c19b5f67b8dd346?s=96&d=mm&r=g\",\"caption\":\"Todo Alfalfa\"},\"url\":\"https:\/\/www.todoalfalfa.com.ar\/noticias\/author\/osvaldoiachetta\/\"}]}<\/script>\n<!-- \/ Yoast SEO plugin. -->","yoast_head_json":{"title":"Case IH present\u00f3 una nueva generaci\u00f3n de productos asociada a la tecnolog\u00eda e inteligencia artificial","robots":{"index":"index","follow":"follow","max-snippet":"max-snippet:-1","max-image-preview":"max-image-preview:large","max-video-preview":"max-video-preview:-1"},"canonical":"https:\/\/www.todoalfalfa.com.ar\/noticias\/case-ih-presento-una-nueva-generacion-de-productos-asociada-a-la-tecnologia-e-inteligencia-artificial\/","og_locale":"es_ES","og_type":"article","og_title":"Case IH present\u00f3 una nueva generaci\u00f3n de productos asociada a la tecnolog\u00eda e inteligencia artificial","og_description":"\u201cBuscamos que nuestros clientes sean profesionales\u201d, asegur\u00f3 el gerente de marketing comercial, Rodrigo Lanciotti.","og_url":"https:\/\/www.todoalfalfa.com.ar\/noticias\/case-ih-presento-una-nueva-generacion-de-productos-asociada-a-la-tecnologia-e-inteligencia-artificial\/","og_site_name":"Todo Alfalfa","article_publisher":"https:\/\/www.facebook.com\/todoalfalfa","article_published_time":"2026-03-13T13:37:08+00:00","article_modified_time":"2026-03-13T13:55:00+00:00","og_image":[{"width":1600,"height":1066,"url":"https:\/\/www.todoalfalfa.com.ar\/noticias\/wp-content\/uploads\/2026\/03\/case-ih.jpeg","type":"image\/jpeg"}],"author":"Todo Alfalfa","twitter_card":"summary_large_image","twitter_misc":{"Escrito por":"Todo Alfalfa","Tiempo de lectura":"3 minutos"},"schema":{"@context":"https:\/\/schema.org","@graph":[{"@type":"NewsArticle","@id":"https:\/\/www.todoalfalfa.com.ar\/noticias\/case-ih-presento-una-nueva-generacion-de-productos-asociada-a-la-tecnologia-e-inteligencia-artificial\/#article","isPartOf":{"@id":"https:\/\/www.todoalfalfa.com.ar\/noticias\/case-ih-presento-una-nueva-generacion-de-productos-asociada-a-la-tecnologia-e-inteligencia-artificial\/"},"author":{"name":"Todo Alfalfa","@id":"https:\/\/www.todoalfalfa.com.ar\/noticias\/#\/schema\/person\/99de93cb711c7015ef658e5321ba9f18"},"headline":"Case IH present\u00f3 una nueva generaci\u00f3n de productos asociada a la tecnolog\u00eda e inteligencia artificial","datePublished":"2026-03-13T13:37:08+00:00","dateModified":"2026-03-13T13:55:00+00:00","mainEntityOfPage":{"@id":"https:\/\/www.todoalfalfa.com.ar\/noticias\/case-ih-presento-una-nueva-generacion-de-productos-asociada-a-la-tecnologia-e-inteligencia-artificial\/"},"wordCount":415,"publisher":{"@id":"https:\/\/www.todoalfalfa.com.ar\/noticias\/#organization"},"image":{"@id":"https:\/\/www.todoalfalfa.com.ar\/noticias\/case-ih-presento-una-nueva-generacion-de-productos-asociada-a-la-tecnologia-e-inteligencia-artificial\/#primaryimage"},"thumbnailUrl":"https:\/\/i0.wp.com\/www.todoalfalfa.com.ar\/noticias\/wp-content\/uploads\/2026\/03\/case-ih.jpeg?fit=1600%2C1066&ssl=1","keywords":["alfalfa","Argentina","Case IH","exportaci\u00f3n","forrajes","heno","Inteligencia artificial","Novedades","producci\u00f3n","tecnologia"],"articleSection":["ExpoAgro"],"inLanguage":"es"},{"@type":["WebPage","ItemPage"],"@id":"https:\/\/www.todoalfalfa.com.ar\/noticias\/case-ih-presento-una-nueva-generacion-de-productos-asociada-a-la-tecnologia-e-inteligencia-artificial\/","url":"https:\/\/www.todoalfalfa.com.ar\/noticias\/case-ih-presento-una-nueva-generacion-de-productos-asociada-a-la-tecnologia-e-inteligencia-artificial\/","name":"Case IH present\u00f3 una nueva generaci\u00f3n de productos asociada a la tecnolog\u00eda e inteligencia artificial","isPartOf":{"@id":"https:\/\/www.todoalfalfa.com.ar\/noticias\/#website"},"primaryImageOfPage":{"@id":"https:\/\/www.todoalfalfa.com.ar\/noticias\/case-ih-presento-una-nueva-generacion-de-productos-asociada-a-la-tecnologia-e-inteligencia-artificial\/#primaryimage"},"image":{"@id":"https:\/\/www.todoalfalfa.com.ar\/noticias\/case-ih-presento-una-nueva-generacion-de-productos-asociada-a-la-tecnologia-e-inteligencia-artificial\/#primaryimage"},"thumbnailUrl":"https:\/\/i0.wp.com\/www.todoalfalfa.com.ar\/noticias\/wp-content\/uploads\/2026\/03\/case-ih.jpeg?fit=1600%2C1066&ssl=1","datePublished":"2026-03-13T13:37:08+00:00","dateModified":"2026-03-13T13:55:00+00:00","breadcrumb":{"@id":"https:\/\/www.todoalfalfa.com.ar\/noticias\/case-ih-presento-una-nueva-generacion-de-productos-asociada-a-la-tecnologia-e-inteligencia-artificial\/#breadcrumb"},"inLanguage":"es","potentialAction":[{"@type":"ReadAction","target":["https:\/\/www.todoalfalfa.com.ar\/noticias\/case-ih-presento-una-nueva-generacion-de-productos-asociada-a-la-tecnologia-e-inteligencia-artificial\/"]}]},{"@type":"ImageObject","inLanguage":"es","@id":"https:\/\/www.todoalfalfa.com.ar\/noticias\/case-ih-presento-una-nueva-generacion-de-productos-asociada-a-la-tecnologia-e-inteligencia-artificial\/#primaryimage","url":"https:\/\/i0.wp.com\/www.todoalfalfa.com.ar\/noticias\/wp-content\/uploads\/2026\/03\/case-ih.jpeg?fit=1600%2C1066&ssl=1","contentUrl":"https:\/\/i0.wp.com\/www.todoalfalfa.com.ar\/noticias\/wp-content\/uploads\/2026\/03\/case-ih.jpeg?fit=1600%2C1066&ssl=1","width":1600,"height":1066},{"@type":"BreadcrumbList","@id":"https:\/\/www.todoalfalfa.com.ar\/noticias\/case-ih-presento-una-nueva-generacion-de-productos-asociada-a-la-tecnologia-e-inteligencia-artificial\/#breadcrumb","itemListElement":[{"@type":"ListItem","position":1,"name":"Principal","item":"https:\/\/www.todoalfalfa.com.ar\/noticias\/"},{"@type":"ListItem","position":2,"name":"Case IH present\u00f3 una nueva generaci\u00f3n de productos asociada a la tecnolog\u00eda e inteligencia artificial"}]},{"@type":"WebSite","@id":"https:\/\/www.todoalfalfa.com.ar\/noticias\/#website","url":"https:\/\/www.todoalfalfa.com.ar\/noticias\/","name":"Todo Alfalfa","description":"Web informativa de la cadena de la alfalfa argentina","publisher":{"@id":"https:\/\/www.todoalfalfa.com.ar\/noticias\/#organization"},"potentialAction":[{"@type":"SearchAction","target":{"@type":"EntryPoint","urlTemplate":"https:\/\/www.todoalfalfa.com.ar\/noticias\/?s={search_term_string}"},"query-input":{"@type":"PropertyValueSpecification","valueRequired":true,"valueName":"search_term_string"}}],"inLanguage":"es"},{"@type":"Organization","@id":"https:\/\/www.todoalfalfa.com.ar\/noticias\/#organization","name":"Todo Alfalfa","url":"https:\/\/www.todoalfalfa.com.ar\/noticias\/","logo":{"@type":"ImageObject","inLanguage":"es","@id":"https:\/\/www.todoalfalfa.com.ar\/noticias\/#\/schema\/logo\/image\/","url":"https:\/\/www.todoalfalfa.com.ar\/noticias\/wp-content\/uploads\/2020\/09\/logo-todo-alfalfa-modificado.png","contentUrl":"https:\/\/www.todoalfalfa.com.ar\/noticias\/wp-content\/uploads\/2020\/09\/logo-todo-alfalfa-modificado.png","width":350,"height":100,"caption":"Todo Alfalfa"},"image":{"@id":"https:\/\/www.todoalfalfa.com.ar\/noticias\/#\/schema\/logo\/image\/"},"sameAs":["https:\/\/www.facebook.com\/todoalfalfa","https:\/\/www.instagram.com\/todoalfalfa","https:\/\/www.youtube.com\/@TodoAlfalfa","https:\/\/www.linkedin.com\/company\/todoalfalfa\/"]},{"@type":"Person","@id":"https:\/\/www.todoalfalfa.com.ar\/noticias\/#\/schema\/person\/99de93cb711c7015ef658e5321ba9f18","name":"Todo Alfalfa","image":{"@type":"ImageObject","inLanguage":"es","@id":"https:\/\/www.todoalfalfa.com.ar\/noticias\/#\/schema\/person\/image\/","url":"https:\/\/secure.gravatar.com\/avatar\/50ffd12fb7b268bc2467160730786602db252a270c63104e7c19b5f67b8dd346?s=96&d=mm&r=g","contentUrl":"https:\/\/secure.gravatar.com\/avatar\/50ffd12fb7b268bc2467160730786602db252a270c63104e7c19b5f67b8dd346?s=96&d=mm&r=g","caption":"Todo Alfalfa"},"url":"https:\/\/www.todoalfalfa.com.ar\/noticias\/author\/osvaldoiachetta\/"}]}},"jetpack_featured_media_url":"https:\/\/i0.wp.com\/www.todoalfalfa.com.ar\/noticias\/wp-content\/uploads\/2026\/03\/case-ih.jpeg?fit=1600%2C1066&ssl=1","wps_subtitle":"","jetpack_sharing_enabled":true,"_links":{"self":[{"href":"https:\/\/www.todoalfalfa.com.ar\/noticias\/wp-json\/wp\/v2\/posts\/51999","targetHints":{"allow":["GET"]}}],"collection":[{"href":"https:\/\/www.todoalfalfa.com.ar\/noticias\/wp-json\/wp\/v2\/posts"}],"about":[{"href":"https:\/\/www.todoalfalfa.com.ar\/noticias\/wp-json\/wp\/v2\/types\/post"}],"author":[{"embeddable":true,"href":"https:\/\/www.todoalfalfa.com.ar\/noticias\/wp-json\/wp\/v2\/users\/9"}],"replies":[{"embeddable":true,"href":"https:\/\/www.todoalfalfa.com.ar\/noticias\/wp-json\/wp\/v2\/comments?post=51999"}],"version-history":[{"count":2,"href":"https:\/\/www.todoalfalfa.com.ar\/noticias\/wp-json\/wp\/v2\/posts\/51999\/revisions"}],"predecessor-version":[{"id":52033,"href":"https:\/\/www.todoalfalfa.com.ar\/noticias\/wp-json\/wp\/v2\/posts\/51999\/revisions\/52033"}],"wp:featuredmedia":[{"embeddable":true,"href":"https:\/\/www.todoalfalfa.com.ar\/noticias\/wp-json\/wp\/v2\/media\/52001"}],"wp:attachment":[{"href":"https:\/\/www.todoalfalfa.com.ar\/noticias\/wp-json\/wp\/v2\/media?parent=51999"}],"wp:term":[{"taxonomy":"category","embeddable":true,"href":"https:\/\/www.todoalfalfa.com.ar\/noticias\/wp-json\/wp\/v2\/categories?post=51999"},{"taxonomy":"post_tag","embeddable":true,"href":"https:\/\/www.todoalfalfa.com.ar\/noticias\/wp-json\/wp\/v2\/tags?post=51999"}],"curies":[{"name":"wp","href":"https:\/\/api.w.org\/{rel}","templated":true}]}}