{"id":52000,"date":"2026-03-13T10:44:18","date_gmt":"2026-03-13T13:44:18","guid":{"rendered":"https:\/\/www.todoalfalfa.com.ar\/noticias\/?p=52000"},"modified":"2026-03-13T10:59:10","modified_gmt":"2026-03-13T13:59:10","slug":"bernardin-refuerza-su-propuesta-para-alfalfa-con-maquinaria-samasz","status":"publish","type":"post","link":"https:\/\/www.todoalfalfa.com.ar\/noticias\/bernardin-refuerza-su-propuesta-para-alfalfa-con-maquinaria-samasz\/","title":{"rendered":"Bernardin refuerza su propuesta para alfalfa con maquinaria Samasz"},"content":{"rendered":"\n<p>La empresa argentina, Bernardin, pr\u00f3xima a cumplir su 101\u00b0 aniversario, exhibi\u00f3 en su stand desde rastrillos hasta segadoras y m\u00e1quinas merger. \u201cHay un cambio en el tema de lo que es el trabajo en la alfalfa puntualmente, la empresa est\u00e1 haciendo mucho hincapi\u00e9 en eso\u201d, coment\u00f3 Bertone.<\/p>\n\n\n\n<p><strong>Maquinarias al detalle<\/strong><\/p>\n\n\n\n<p>Entre los equipos presentados, Bernardin, destac\u00f3 un rastrillo de 8,40 metros, girosc\u00f3pico de apertura hidr\u00e1ulica de cuatro rotores. El implemento cuenta con un sistema de copiado del terreno mediante seis ruedas, lo que le brinda mayor estabilidad y confiabilidad durante el trabajo.<\/p>\n\n\n\n<p>Adem\u00e1s, se mostr\u00f3 la segadora de Samazs, caracterizada por ser un producto de 3,40 m con un sistema de merger, destacada por un sistema de corte. Este equipo incorpora la barra Perfect Cut, desarrollada especialmente por la firma, el cual habilita a un sistema de zafe a saltar ante la obstrucciones del terreno, evitando da\u00f1os en la totalidad del engranaje de la barra propiamente dicha.&nbsp;<\/p>\n\n\n\n<p>Por otra parte, la plataforma de la segadora es independiente del chasis y mejora el copiado del terreno durante la operaci\u00f3n. A esto se suma, el sistema de rolos deshidratadores, que cuenta con una transmisi\u00f3n sincronizada que favorece la correcta deshidrataci\u00f3n del material al pasar por el equipo.<\/p>\n\n\n\n<p>El equipo merger de arrastre, permite agrupar las andanas, ya sea de forma solapadas o hacia los laterales, dependiendo del material y el momento de trabajo en el campo.<\/p>\n\n\n\n<figure class=\"wp-block-image size-large\"><img data-recalc-dims=\"1\" fetchpriority=\"high\" decoding=\"async\" width=\"1024\" height=\"683\" src=\"https:\/\/i0.wp.com\/www.todoalfalfa.com.ar\/noticias\/wp-content\/uploads\/2026\/03\/IMG_0674.jpg?resize=1024%2C683&#038;ssl=1\" alt=\"\" class=\"wp-image-52002\" srcset=\"https:\/\/i0.wp.com\/www.todoalfalfa.com.ar\/noticias\/wp-content\/uploads\/2026\/03\/IMG_0674-scaled.jpg?resize=1024%2C683&amp;ssl=1 1024w, https:\/\/i0.wp.com\/www.todoalfalfa.com.ar\/noticias\/wp-content\/uploads\/2026\/03\/IMG_0674-scaled.jpg?resize=300%2C200&amp;ssl=1 300w, https:\/\/i0.wp.com\/www.todoalfalfa.com.ar\/noticias\/wp-content\/uploads\/2026\/03\/IMG_0674-scaled.jpg?resize=768%2C512&amp;ssl=1 768w, https:\/\/i0.wp.com\/www.todoalfalfa.com.ar\/noticias\/wp-content\/uploads\/2026\/03\/IMG_0674-scaled.jpg?resize=1536%2C1024&amp;ssl=1 1536w, https:\/\/i0.wp.com\/www.todoalfalfa.com.ar\/noticias\/wp-content\/uploads\/2026\/03\/IMG_0674-scaled.jpg?resize=2048%2C1365&amp;ssl=1 2048w\" sizes=\"(max-width: 1000px) 100vw, 1000px\" \/><figcaption class=\"wp-element-caption\">Representante del \u00e1rea comercial de la empresa, Diego Bertone.<\/figcaption><\/figure>\n\n\n\n<p>Respecto al movimiento del sector, especialmente referido a la alfalfa para exportaci\u00f3n, Diego Bertone explic\u00f3: \u201clos est\u00e1ndares de calidad son cada vez m\u00e1s exigentes, y ah\u00ed es donde tenemos que hacer m\u00e1s hincapi\u00e9 en los productos que reci\u00e9n mencionamos\u201d.<\/p>\n\n\n\n<p><\/p>\n<div class=\"todoalfalfa-final-de-la-nota\" id=\"todoalfalfa-1744103920\"><a href=\"https:\/\/www.whatsapp.com\/channel\/0029VbCBmFB9WtBxJsD3eC2i\" target=\"_blank\" aria-label=\"5\"><img src=\"https:\/\/i0.wp.com\/www.todoalfalfa.com.ar\/noticias\/wp-content\/uploads\/2026\/04\/5.gif?fit=728%2C90&#038;ssl=1\" alt=\"\"  width=\"728\" height=\"90\"   \/><\/a><\/div>","protected":false},"excerpt":{"rendered":"<p>Durante la ExpoAgro YPF edici\u00f3n 2026, la empresa santafesina se hizo presente ofreciendo productos de la marca polaca. El representante del \u00e1rea comercial de la empresa, Diego Bertone, convers\u00f3 con Todoalfalfa.<\/p>\n","protected":false},"author":9,"featured_media":52004,"comment_status":"closed","ping_status":"open","sticky":false,"template":"","format":"standard","meta":{"jetpack_post_was_ever_published":false,"_jetpack_newsletter_access":"","_jetpack_dont_email_post_to_subs":false,"_jetpack_newsletter_tier_id":0,"_jetpack_memberships_contains_paywalled_content":false,"_jetpack_memberships_contains_paid_content":false,"footnotes":""},"categories":[1889],"tags":[31,105,54,1659,17,21],"class_list":["post-52000","post","type-post","status-publish","format-standard","has-post-thumbnail","hentry","category-expoagro","tag-alfalfa","tag-argentina","tag-forrajes","tag-novedades","tag-pasturas","tag-produccion"],"yoast_head":"<!-- This site is optimized with the Yoast SEO plugin v25.5 - https:\/\/yoast.com\/wordpress\/plugins\/seo\/ -->\n<title>Bernardin refuerza su propuesta para alfalfa con maquinaria Samasz<\/title>\n<meta name=\"robots\" content=\"index, follow, max-snippet:-1, max-image-preview:large, max-video-preview:-1\" \/>\n<link rel=\"canonical\" href=\"https:\/\/www.todoalfalfa.com.ar\/noticias\/bernardin-refuerza-su-propuesta-para-alfalfa-con-maquinaria-samasz\/\" \/>\n<meta property=\"og:locale\" content=\"es_ES\" \/>\n<meta property=\"og:type\" content=\"article\" \/>\n<meta property=\"og:title\" content=\"Bernardin refuerza su propuesta para alfalfa con maquinaria Samasz\" \/>\n<meta property=\"og:description\" content=\"Durante la ExpoAgro YPF edici\u00f3n 2026, la empresa santafesina se hizo presente ofreciendo productos de la marca polaca. El representante del \u00e1rea comercial de la empresa, Diego Bertone, convers\u00f3 con Todoalfalfa.\" \/>\n<meta property=\"og:url\" content=\"https:\/\/www.todoalfalfa.com.ar\/noticias\/bernardin-refuerza-su-propuesta-para-alfalfa-con-maquinaria-samasz\/\" \/>\n<meta property=\"og:site_name\" content=\"Todo Alfalfa\" \/>\n<meta property=\"article:publisher\" content=\"https:\/\/www.facebook.com\/todoalfalfa\" \/>\n<meta property=\"article:published_time\" content=\"2026-03-13T13:44:18+00:00\" \/>\n<meta property=\"article:modified_time\" content=\"2026-03-13T13:59:10+00:00\" \/>\n<meta property=\"og:image\" content=\"https:\/\/www.todoalfalfa.com.ar\/noticias\/wp-content\/uploads\/2026\/03\/IMG_0666-scaled.jpg\" \/>\n\t<meta property=\"og:image:width\" content=\"2560\" \/>\n\t<meta property=\"og:image:height\" content=\"1707\" \/>\n\t<meta property=\"og:image:type\" content=\"image\/jpeg\" \/>\n<meta name=\"author\" content=\"Todo Alfalfa\" \/>\n<meta name=\"twitter:card\" content=\"summary_large_image\" \/>\n<meta name=\"twitter:label1\" content=\"Escrito por\" \/>\n\t<meta name=\"twitter:data1\" content=\"Todo Alfalfa\" \/>\n\t<meta name=\"twitter:label2\" content=\"Tiempo de lectura\" \/>\n\t<meta name=\"twitter:data2\" content=\"2 minutos\" \/>\n<script type=\"application\/ld+json\" class=\"yoast-schema-graph\">{\"@context\":\"https:\/\/schema.org\",\"@graph\":[{\"@type\":\"NewsArticle\",\"@id\":\"https:\/\/www.todoalfalfa.com.ar\/noticias\/bernardin-refuerza-su-propuesta-para-alfalfa-con-maquinaria-samasz\/#article\",\"isPartOf\":{\"@id\":\"https:\/\/www.todoalfalfa.com.ar\/noticias\/bernardin-refuerza-su-propuesta-para-alfalfa-con-maquinaria-samasz\/\"},\"author\":{\"name\":\"Todo Alfalfa\",\"@id\":\"https:\/\/www.todoalfalfa.com.ar\/noticias\/#\/schema\/person\/99de93cb711c7015ef658e5321ba9f18\"},\"headline\":\"Bernardin refuerza su propuesta para alfalfa con maquinaria Samasz\",\"datePublished\":\"2026-03-13T13:44:18+00:00\",\"dateModified\":\"2026-03-13T13:59:10+00:00\",\"mainEntityOfPage\":{\"@id\":\"https:\/\/www.todoalfalfa.com.ar\/noticias\/bernardin-refuerza-su-propuesta-para-alfalfa-con-maquinaria-samasz\/\"},\"wordCount\":303,\"publisher\":{\"@id\":\"https:\/\/www.todoalfalfa.com.ar\/noticias\/#organization\"},\"image\":{\"@id\":\"https:\/\/www.todoalfalfa.com.ar\/noticias\/bernardin-refuerza-su-propuesta-para-alfalfa-con-maquinaria-samasz\/#primaryimage\"},\"thumbnailUrl\":\"https:\/\/i0.wp.com\/www.todoalfalfa.com.ar\/noticias\/wp-content\/uploads\/2026\/03\/IMG_0666-scaled.jpg?fit=2560%2C1707&ssl=1\",\"keywords\":[\"alfalfa\",\"Argentina\",\"forrajes\",\"Novedades\",\"pasturas\",\"producci\u00f3n\"],\"articleSection\":[\"ExpoAgro\"],\"inLanguage\":\"es\"},{\"@type\":[\"WebPage\",\"ItemPage\"],\"@id\":\"https:\/\/www.todoalfalfa.com.ar\/noticias\/bernardin-refuerza-su-propuesta-para-alfalfa-con-maquinaria-samasz\/\",\"url\":\"https:\/\/www.todoalfalfa.com.ar\/noticias\/bernardin-refuerza-su-propuesta-para-alfalfa-con-maquinaria-samasz\/\",\"name\":\"Bernardin refuerza su propuesta para alfalfa con maquinaria Samasz\",\"isPartOf\":{\"@id\":\"https:\/\/www.todoalfalfa.com.ar\/noticias\/#website\"},\"primaryImageOfPage\":{\"@id\":\"https:\/\/www.todoalfalfa.com.ar\/noticias\/bernardin-refuerza-su-propuesta-para-alfalfa-con-maquinaria-samasz\/#primaryimage\"},\"image\":{\"@id\":\"https:\/\/www.todoalfalfa.com.ar\/noticias\/bernardin-refuerza-su-propuesta-para-alfalfa-con-maquinaria-samasz\/#primaryimage\"},\"thumbnailUrl\":\"https:\/\/i0.wp.com\/www.todoalfalfa.com.ar\/noticias\/wp-content\/uploads\/2026\/03\/IMG_0666-scaled.jpg?fit=2560%2C1707&ssl=1\",\"datePublished\":\"2026-03-13T13:44:18+00:00\",\"dateModified\":\"2026-03-13T13:59:10+00:00\",\"breadcrumb\":{\"@id\":\"https:\/\/www.todoalfalfa.com.ar\/noticias\/bernardin-refuerza-su-propuesta-para-alfalfa-con-maquinaria-samasz\/#breadcrumb\"},\"inLanguage\":\"es\",\"potentialAction\":[{\"@type\":\"ReadAction\",\"target\":[\"https:\/\/www.todoalfalfa.com.ar\/noticias\/bernardin-refuerza-su-propuesta-para-alfalfa-con-maquinaria-samasz\/\"]}]},{\"@type\":\"ImageObject\",\"inLanguage\":\"es\",\"@id\":\"https:\/\/www.todoalfalfa.com.ar\/noticias\/bernardin-refuerza-su-propuesta-para-alfalfa-con-maquinaria-samasz\/#primaryimage\",\"url\":\"https:\/\/i0.wp.com\/www.todoalfalfa.com.ar\/noticias\/wp-content\/uploads\/2026\/03\/IMG_0666-scaled.jpg?fit=2560%2C1707&ssl=1\",\"contentUrl\":\"https:\/\/i0.wp.com\/www.todoalfalfa.com.ar\/noticias\/wp-content\/uploads\/2026\/03\/IMG_0666-scaled.jpg?fit=2560%2C1707&ssl=1\",\"width\":2560,\"height\":1707},{\"@type\":\"BreadcrumbList\",\"@id\":\"https:\/\/www.todoalfalfa.com.ar\/noticias\/bernardin-refuerza-su-propuesta-para-alfalfa-con-maquinaria-samasz\/#breadcrumb\",\"itemListElement\":[{\"@type\":\"ListItem\",\"position\":1,\"name\":\"Principal\",\"item\":\"https:\/\/www.todoalfalfa.com.ar\/noticias\/\"},{\"@type\":\"ListItem\",\"position\":2,\"name\":\"Bernardin refuerza su propuesta para alfalfa con maquinaria Samasz\"}]},{\"@type\":\"WebSite\",\"@id\":\"https:\/\/www.todoalfalfa.com.ar\/noticias\/#website\",\"url\":\"https:\/\/www.todoalfalfa.com.ar\/noticias\/\",\"name\":\"Todo Alfalfa\",\"description\":\"Web informativa de la cadena de la alfalfa argentina\",\"publisher\":{\"@id\":\"https:\/\/www.todoalfalfa.com.ar\/noticias\/#organization\"},\"potentialAction\":[{\"@type\":\"SearchAction\",\"target\":{\"@type\":\"EntryPoint\",\"urlTemplate\":\"https:\/\/www.todoalfalfa.com.ar\/noticias\/?s={search_term_string}\"},\"query-input\":{\"@type\":\"PropertyValueSpecification\",\"valueRequired\":true,\"valueName\":\"search_term_string\"}}],\"inLanguage\":\"es\"},{\"@type\":\"Organization\",\"@id\":\"https:\/\/www.todoalfalfa.com.ar\/noticias\/#organization\",\"name\":\"Todo Alfalfa\",\"url\":\"https:\/\/www.todoalfalfa.com.ar\/noticias\/\",\"logo\":{\"@type\":\"ImageObject\",\"inLanguage\":\"es\",\"@id\":\"https:\/\/www.todoalfalfa.com.ar\/noticias\/#\/schema\/logo\/image\/\",\"url\":\"https:\/\/www.todoalfalfa.com.ar\/noticias\/wp-content\/uploads\/2020\/09\/logo-todo-alfalfa-modificado.png\",\"contentUrl\":\"https:\/\/www.todoalfalfa.com.ar\/noticias\/wp-content\/uploads\/2020\/09\/logo-todo-alfalfa-modificado.png\",\"width\":350,\"height\":100,\"caption\":\"Todo Alfalfa\"},\"image\":{\"@id\":\"https:\/\/www.todoalfalfa.com.ar\/noticias\/#\/schema\/logo\/image\/\"},\"sameAs\":[\"https:\/\/www.facebook.com\/todoalfalfa\",\"https:\/\/www.instagram.com\/todoalfalfa\",\"https:\/\/www.youtube.com\/@TodoAlfalfa\",\"https:\/\/www.linkedin.com\/company\/todoalfalfa\/\"]},{\"@type\":\"Person\",\"@id\":\"https:\/\/www.todoalfalfa.com.ar\/noticias\/#\/schema\/person\/99de93cb711c7015ef658e5321ba9f18\",\"name\":\"Todo Alfalfa\",\"image\":{\"@type\":\"ImageObject\",\"inLanguage\":\"es\",\"@id\":\"https:\/\/www.todoalfalfa.com.ar\/noticias\/#\/schema\/person\/image\/\",\"url\":\"https:\/\/secure.gravatar.com\/avatar\/50ffd12fb7b268bc2467160730786602db252a270c63104e7c19b5f67b8dd346?s=96&d=mm&r=g\",\"contentUrl\":\"https:\/\/secure.gravatar.com\/avatar\/50ffd12fb7b268bc2467160730786602db252a270c63104e7c19b5f67b8dd346?s=96&d=mm&r=g\",\"caption\":\"Todo Alfalfa\"},\"url\":\"https:\/\/www.todoalfalfa.com.ar\/noticias\/author\/osvaldoiachetta\/\"}]}<\/script>\n<!-- \/ Yoast SEO plugin. -->","yoast_head_json":{"title":"Bernardin refuerza su propuesta para alfalfa con maquinaria Samasz","robots":{"index":"index","follow":"follow","max-snippet":"max-snippet:-1","max-image-preview":"max-image-preview:large","max-video-preview":"max-video-preview:-1"},"canonical":"https:\/\/www.todoalfalfa.com.ar\/noticias\/bernardin-refuerza-su-propuesta-para-alfalfa-con-maquinaria-samasz\/","og_locale":"es_ES","og_type":"article","og_title":"Bernardin refuerza su propuesta para alfalfa con maquinaria Samasz","og_description":"Durante la ExpoAgro YPF edici\u00f3n 2026, la empresa santafesina se hizo presente ofreciendo productos de la marca polaca. El representante del \u00e1rea comercial de la empresa, Diego Bertone, convers\u00f3 con Todoalfalfa.","og_url":"https:\/\/www.todoalfalfa.com.ar\/noticias\/bernardin-refuerza-su-propuesta-para-alfalfa-con-maquinaria-samasz\/","og_site_name":"Todo Alfalfa","article_publisher":"https:\/\/www.facebook.com\/todoalfalfa","article_published_time":"2026-03-13T13:44:18+00:00","article_modified_time":"2026-03-13T13:59:10+00:00","og_image":[{"width":2560,"height":1707,"url":"https:\/\/www.todoalfalfa.com.ar\/noticias\/wp-content\/uploads\/2026\/03\/IMG_0666-scaled.jpg","type":"image\/jpeg"}],"author":"Todo Alfalfa","twitter_card":"summary_large_image","twitter_misc":{"Escrito por":"Todo Alfalfa","Tiempo de lectura":"2 minutos"},"schema":{"@context":"https:\/\/schema.org","@graph":[{"@type":"NewsArticle","@id":"https:\/\/www.todoalfalfa.com.ar\/noticias\/bernardin-refuerza-su-propuesta-para-alfalfa-con-maquinaria-samasz\/#article","isPartOf":{"@id":"https:\/\/www.todoalfalfa.com.ar\/noticias\/bernardin-refuerza-su-propuesta-para-alfalfa-con-maquinaria-samasz\/"},"author":{"name":"Todo Alfalfa","@id":"https:\/\/www.todoalfalfa.com.ar\/noticias\/#\/schema\/person\/99de93cb711c7015ef658e5321ba9f18"},"headline":"Bernardin refuerza su propuesta para alfalfa con maquinaria Samasz","datePublished":"2026-03-13T13:44:18+00:00","dateModified":"2026-03-13T13:59:10+00:00","mainEntityOfPage":{"@id":"https:\/\/www.todoalfalfa.com.ar\/noticias\/bernardin-refuerza-su-propuesta-para-alfalfa-con-maquinaria-samasz\/"},"wordCount":303,"publisher":{"@id":"https:\/\/www.todoalfalfa.com.ar\/noticias\/#organization"},"image":{"@id":"https:\/\/www.todoalfalfa.com.ar\/noticias\/bernardin-refuerza-su-propuesta-para-alfalfa-con-maquinaria-samasz\/#primaryimage"},"thumbnailUrl":"https:\/\/i0.wp.com\/www.todoalfalfa.com.ar\/noticias\/wp-content\/uploads\/2026\/03\/IMG_0666-scaled.jpg?fit=2560%2C1707&ssl=1","keywords":["alfalfa","Argentina","forrajes","Novedades","pasturas","producci\u00f3n"],"articleSection":["ExpoAgro"],"inLanguage":"es"},{"@type":["WebPage","ItemPage"],"@id":"https:\/\/www.todoalfalfa.com.ar\/noticias\/bernardin-refuerza-su-propuesta-para-alfalfa-con-maquinaria-samasz\/","url":"https:\/\/www.todoalfalfa.com.ar\/noticias\/bernardin-refuerza-su-propuesta-para-alfalfa-con-maquinaria-samasz\/","name":"Bernardin refuerza su propuesta para alfalfa con maquinaria Samasz","isPartOf":{"@id":"https:\/\/www.todoalfalfa.com.ar\/noticias\/#website"},"primaryImageOfPage":{"@id":"https:\/\/www.todoalfalfa.com.ar\/noticias\/bernardin-refuerza-su-propuesta-para-alfalfa-con-maquinaria-samasz\/#primaryimage"},"image":{"@id":"https:\/\/www.todoalfalfa.com.ar\/noticias\/bernardin-refuerza-su-propuesta-para-alfalfa-con-maquinaria-samasz\/#primaryimage"},"thumbnailUrl":"https:\/\/i0.wp.com\/www.todoalfalfa.com.ar\/noticias\/wp-content\/uploads\/2026\/03\/IMG_0666-scaled.jpg?fit=2560%2C1707&ssl=1","datePublished":"2026-03-13T13:44:18+00:00","dateModified":"2026-03-13T13:59:10+00:00","breadcrumb":{"@id":"https:\/\/www.todoalfalfa.com.ar\/noticias\/bernardin-refuerza-su-propuesta-para-alfalfa-con-maquinaria-samasz\/#breadcrumb"},"inLanguage":"es","potentialAction":[{"@type":"ReadAction","target":["https:\/\/www.todoalfalfa.com.ar\/noticias\/bernardin-refuerza-su-propuesta-para-alfalfa-con-maquinaria-samasz\/"]}]},{"@type":"ImageObject","inLanguage":"es","@id":"https:\/\/www.todoalfalfa.com.ar\/noticias\/bernardin-refuerza-su-propuesta-para-alfalfa-con-maquinaria-samasz\/#primaryimage","url":"https:\/\/i0.wp.com\/www.todoalfalfa.com.ar\/noticias\/wp-content\/uploads\/2026\/03\/IMG_0666-scaled.jpg?fit=2560%2C1707&ssl=1","contentUrl":"https:\/\/i0.wp.com\/www.todoalfalfa.com.ar\/noticias\/wp-content\/uploads\/2026\/03\/IMG_0666-scaled.jpg?fit=2560%2C1707&ssl=1","width":2560,"height":1707},{"@type":"BreadcrumbList","@id":"https:\/\/www.todoalfalfa.com.ar\/noticias\/bernardin-refuerza-su-propuesta-para-alfalfa-con-maquinaria-samasz\/#breadcrumb","itemListElement":[{"@type":"ListItem","position":1,"name":"Principal","item":"https:\/\/www.todoalfalfa.com.ar\/noticias\/"},{"@type":"ListItem","position":2,"name":"Bernardin refuerza su propuesta para alfalfa con maquinaria Samasz"}]},{"@type":"WebSite","@id":"https:\/\/www.todoalfalfa.com.ar\/noticias\/#website","url":"https:\/\/www.todoalfalfa.com.ar\/noticias\/","name":"Todo Alfalfa","description":"Web informativa de la cadena de la alfalfa argentina","publisher":{"@id":"https:\/\/www.todoalfalfa.com.ar\/noticias\/#organization"},"potentialAction":[{"@type":"SearchAction","target":{"@type":"EntryPoint","urlTemplate":"https:\/\/www.todoalfalfa.com.ar\/noticias\/?s={search_term_string}"},"query-input":{"@type":"PropertyValueSpecification","valueRequired":true,"valueName":"search_term_string"}}],"inLanguage":"es"},{"@type":"Organization","@id":"https:\/\/www.todoalfalfa.com.ar\/noticias\/#organization","name":"Todo Alfalfa","url":"https:\/\/www.todoalfalfa.com.ar\/noticias\/","logo":{"@type":"ImageObject","inLanguage":"es","@id":"https:\/\/www.todoalfalfa.com.ar\/noticias\/#\/schema\/logo\/image\/","url":"https:\/\/www.todoalfalfa.com.ar\/noticias\/wp-content\/uploads\/2020\/09\/logo-todo-alfalfa-modificado.png","contentUrl":"https:\/\/www.todoalfalfa.com.ar\/noticias\/wp-content\/uploads\/2020\/09\/logo-todo-alfalfa-modificado.png","width":350,"height":100,"caption":"Todo Alfalfa"},"image":{"@id":"https:\/\/www.todoalfalfa.com.ar\/noticias\/#\/schema\/logo\/image\/"},"sameAs":["https:\/\/www.facebook.com\/todoalfalfa","https:\/\/www.instagram.com\/todoalfalfa","https:\/\/www.youtube.com\/@TodoAlfalfa","https:\/\/www.linkedin.com\/company\/todoalfalfa\/"]},{"@type":"Person","@id":"https:\/\/www.todoalfalfa.com.ar\/noticias\/#\/schema\/person\/99de93cb711c7015ef658e5321ba9f18","name":"Todo Alfalfa","image":{"@type":"ImageObject","inLanguage":"es","@id":"https:\/\/www.todoalfalfa.com.ar\/noticias\/#\/schema\/person\/image\/","url":"https:\/\/secure.gravatar.com\/avatar\/50ffd12fb7b268bc2467160730786602db252a270c63104e7c19b5f67b8dd346?s=96&d=mm&r=g","contentUrl":"https:\/\/secure.gravatar.com\/avatar\/50ffd12fb7b268bc2467160730786602db252a270c63104e7c19b5f67b8dd346?s=96&d=mm&r=g","caption":"Todo Alfalfa"},"url":"https:\/\/www.todoalfalfa.com.ar\/noticias\/author\/osvaldoiachetta\/"}]}},"jetpack_featured_media_url":"https:\/\/i0.wp.com\/www.todoalfalfa.com.ar\/noticias\/wp-content\/uploads\/2026\/03\/IMG_0666-scaled.jpg?fit=2560%2C1707&ssl=1","wps_subtitle":"","jetpack_sharing_enabled":true,"_links":{"self":[{"href":"https:\/\/www.todoalfalfa.com.ar\/noticias\/wp-json\/wp\/v2\/posts\/52000","targetHints":{"allow":["GET"]}}],"collection":[{"href":"https:\/\/www.todoalfalfa.com.ar\/noticias\/wp-json\/wp\/v2\/posts"}],"about":[{"href":"https:\/\/www.todoalfalfa.com.ar\/noticias\/wp-json\/wp\/v2\/types\/post"}],"author":[{"embeddable":true,"href":"https:\/\/www.todoalfalfa.com.ar\/noticias\/wp-json\/wp\/v2\/users\/9"}],"replies":[{"embeddable":true,"href":"https:\/\/www.todoalfalfa.com.ar\/noticias\/wp-json\/wp\/v2\/comments?post=52000"}],"version-history":[{"count":2,"href":"https:\/\/www.todoalfalfa.com.ar\/noticias\/wp-json\/wp\/v2\/posts\/52000\/revisions"}],"predecessor-version":[{"id":52043,"href":"https:\/\/www.todoalfalfa.com.ar\/noticias\/wp-json\/wp\/v2\/posts\/52000\/revisions\/52043"}],"wp:featuredmedia":[{"embeddable":true,"href":"https:\/\/www.todoalfalfa.com.ar\/noticias\/wp-json\/wp\/v2\/media\/52004"}],"wp:attachment":[{"href":"https:\/\/www.todoalfalfa.com.ar\/noticias\/wp-json\/wp\/v2\/media?parent=52000"}],"wp:term":[{"taxonomy":"category","embeddable":true,"href":"https:\/\/www.todoalfalfa.com.ar\/noticias\/wp-json\/wp\/v2\/categories?post=52000"},{"taxonomy":"post_tag","embeddable":true,"href":"https:\/\/www.todoalfalfa.com.ar\/noticias\/wp-json\/wp\/v2\/tags?post=52000"}],"curies":[{"name":"wp","href":"https:\/\/api.w.org\/{rel}","templated":true}]}}