{"id":52044,"date":"2026-03-13T11:20:12","date_gmt":"2026-03-13T14:20:12","guid":{"rendered":"https:\/\/www.todoalfalfa.com.ar\/noticias\/?p=52044"},"modified":"2026-03-13T12:03:14","modified_gmt":"2026-03-13T15:03:14","slug":"dji-presento-drones-de-aplicacion-agricola-en-expoagro-2026","status":"publish","type":"post","link":"https:\/\/www.todoalfalfa.com.ar\/noticias\/dji-presento-drones-de-aplicacion-agricola-en-expoagro-2026\/","title":{"rendered":"DJI present\u00f3 drones de aplicaci\u00f3n agr\u00edcola en Expoagro 2026"},"content":{"rendered":"\t\t<div data-elementor-type=\"wp-post\" data-elementor-id=\"52044\" class=\"elementor elementor-52044\" data-elementor-post-type=\"post\">\n\t\t\t\t\t\t<section class=\"elementor-section elementor-top-section elementor-element elementor-element-7eef7e1f elementor-section-boxed elementor-section-height-default elementor-section-height-default\" data-id=\"7eef7e1f\" data-element_type=\"section\">\n\t\t\t\t\t\t<div class=\"elementor-container elementor-column-gap-default\">\n\t\t\t\t\t<div class=\"elementor-column elementor-col-100 elementor-top-column elementor-element elementor-element-199f7652\" data-id=\"199f7652\" data-element_type=\"column\">\n\t\t\t<div class=\"elementor-widget-wrap elementor-element-populated\">\n\t\t\t\t\t\t<div class=\"elementor-element elementor-element-63737d3f elementor-widget elementor-widget-text-editor\" data-id=\"63737d3f\" data-element_type=\"widget\" data-widget_type=\"text-editor.default\">\n\t\t\t\t<div class=\"elementor-widget-container\">\n\t\t\t\t\t\t\t\t\t\n<p>Durante la exposici\u00f3n realizada en San Nicol\u00e1s de los Arroyos, la compa\u00f1\u00eda present\u00f3 dos de sus equipos de aplicaci\u00f3n agr\u00edcola: los Drones T100 y T70, dise\u00f1ados para trabajos de pulverizaci\u00f3n y aplicaci\u00f3n de insumos tanto l\u00edquidos como s\u00f3lidos.<\/p>\n\n\n\n<p>Seg\u00fan explic\u00f3 Duarte, estos equipos se destacan por ofrecer una alternativa eficiente para trabajar en situaciones donde la maquinaria terrestre encuentra limitaciones. \u201cEl gran diferencial que ofrecen estos drones es la posibilidad de trabajar en zonas donde un equipo terrestre tal vez no puede llegar\u201d, se\u00f1al\u00f3.<\/p>\n\n\n\n<p>Los drones presentados permiten realizar aplicaciones agr\u00edcolas con un menor uso de agua y una mayor precisi\u00f3n en la distribuci\u00f3n del producto. Esto se traduce, adem\u00e1s, en una reducci\u00f3n de la huella de carbono y en una mayor eficiencia operativa.&nbsp;<\/p>\n\n\n\n<p>Otro de los puntos destacados por la empresa es que estos equipos no generan pisada sobre el cultivo, lo que evita p\u00e9rdidas de rendimiento y mejora la eficiencia productiva. Adem\u00e1s, los drones pueden operar en distintos tipos de suelos y condiciones, lo que ampl\u00eda su utilidad frente a otras herramientas de aplicaci\u00f3n tradicionales.<\/p>\n\n\n\n<div class=\"wp-block-jetpack-slideshow aligncenter\" data-effect=\"slide\" style=\"--aspect-ratio:calc(1024 \/ 683)\"><div class=\"wp-block-jetpack-slideshow_container swiper-container\"><ul class=\"wp-block-jetpack-slideshow_swiper-wrapper swiper-wrapper\"><li class=\"wp-block-jetpack-slideshow_slide swiper-slide\"><figure><img fetchpriority=\"high\" decoding=\"async\" data-recalc-dims=\"1\" height=\"683\" width=\"1024\" alt=\"\" class=\"wp-block-jetpack-slideshow_image wp-image-52056\" data-id=\"52056\" data-aspect-ratio=\"1024 \/ 683\" src=\"https:\/\/i0.wp.com\/www.todoalfalfa.com.ar\/noticias\/wp-content\/uploads\/2026\/03\/IMG_0650-1.jpg?resize=1024%2C683&#038;ssl=1\"\/><\/figure><\/li><li class=\"wp-block-jetpack-slideshow_slide swiper-slide\"><figure><img decoding=\"async\" data-recalc-dims=\"1\" height=\"683\" width=\"1024\" alt=\"\" class=\"wp-block-jetpack-slideshow_image wp-image-52052\" data-id=\"52052\" data-aspect-ratio=\"1024 \/ 683\" src=\"https:\/\/i0.wp.com\/www.todoalfalfa.com.ar\/noticias\/wp-content\/uploads\/2026\/03\/IMG_0664.jpg?resize=1024%2C683&#038;ssl=1\"\/><\/figure><\/li><\/ul><a class=\"wp-block-jetpack-slideshow_button-prev swiper-button-prev swiper-button-white\" role=\"button\"><\/a><a class=\"wp-block-jetpack-slideshow_button-next swiper-button-next swiper-button-white\" role=\"button\"><\/a><a aria-label=\"Pause Slideshow\" class=\"wp-block-jetpack-slideshow_button-pause\" role=\"button\"><\/a><div class=\"wp-block-jetpack-slideshow_pagination swiper-pagination swiper-pagination-white\"><\/div><\/div><\/div>\n\n\n\n<p><strong>Una herramienta asentada en el agro<\/strong><\/p>\n\n\n\n<p>Duarte remarc\u00f3 que los drones no buscan reemplazar a otras tecnolog\u00edas de aplicaci\u00f3n, sino que funcionan como un complemento dentro del sistema productivo. En ese sentido, explic\u00f3 que estos equipos tambi\u00e9n pueden utilizarse para aplicaciones selectivas, monitoreo y an\u00e1lisis del crecimiento del cultivo, lo que los convierte en una herramienta cada vez m\u00e1s relevante dentro de la agricultura de precisi\u00f3n.<\/p>\n\n\n\n<p>\u201cHoy ya no es un cambio de paradigma, sino una herramienta que lleg\u00f3 para quedarse. A medida que evoluciona el productor argentino, los drones van tomando un rol cada vez m\u00e1s determinante dentro del sistema productivo\u201d, concluy\u00f3.<\/p>\n\n\n\t\t\t\t\t\t\t\t<\/div>\n\t\t\t\t<\/div>\n\t\t\t\t\t<\/div>\n\t\t<\/div>\n\t\t\t\t\t<\/div>\n\t\t<\/section>\n\t\t\t\t<\/div>\n\t\t<div class=\"todoalfalfa-final-de-la-nota\" id=\"todoalfalfa-915569783\"><a href=\"https:\/\/www.whatsapp.com\/channel\/0029VbCBmFB9WtBxJsD3eC2i\" target=\"_blank\" aria-label=\"5\"><img src=\"https:\/\/i0.wp.com\/www.todoalfalfa.com.ar\/noticias\/wp-content\/uploads\/2026\/04\/5.gif?fit=728%2C90&#038;ssl=1\" alt=\"\"  width=\"728\" height=\"90\"   \/><\/a><\/div>","protected":false},"excerpt":{"rendered":"<p>En el marco de Expoagro YPF Agro edici\u00f3n 2026, la empresa DJI estuvo presente acompa\u00f1ando a su subdealer Alena. En ese contexto, el equipo de TodoAlfalfa dialog\u00f3 con Gonzalo Duarte, coordinador de Canales de la firma.<\/p>\n","protected":false},"author":9,"featured_media":52050,"comment_status":"closed","ping_status":"open","sticky":false,"template":"","format":"standard","meta":{"jetpack_post_was_ever_published":false,"_jetpack_newsletter_access":"","_jetpack_dont_email_post_to_subs":false,"_jetpack_newsletter_tier_id":0,"_jetpack_memberships_contains_paywalled_content":false,"_jetpack_memberships_contains_paid_content":false,"footnotes":""},"categories":[1889],"tags":[31,105,54,1659,21],"class_list":["post-52044","post","type-post","status-publish","format-standard","has-post-thumbnail","hentry","category-expoagro","tag-alfalfa","tag-argentina","tag-forrajes","tag-novedades","tag-produccion"],"yoast_head":"<!-- This site is optimized with the Yoast SEO plugin v25.5 - https:\/\/yoast.com\/wordpress\/plugins\/seo\/ -->\n<title>DJI present\u00f3 drones de aplicaci\u00f3n agr\u00edcola en Expoagro 2026<\/title>\n<meta name=\"robots\" content=\"index, follow, max-snippet:-1, max-image-preview:large, max-video-preview:-1\" \/>\n<link rel=\"canonical\" href=\"https:\/\/www.todoalfalfa.com.ar\/noticias\/dji-presento-drones-de-aplicacion-agricola-en-expoagro-2026\/\" \/>\n<meta property=\"og:locale\" content=\"es_ES\" \/>\n<meta property=\"og:type\" content=\"article\" \/>\n<meta property=\"og:title\" content=\"DJI present\u00f3 drones de aplicaci\u00f3n agr\u00edcola en Expoagro 2026\" \/>\n<meta property=\"og:description\" content=\"En el marco de Expoagro YPF Agro edici\u00f3n 2026, la empresa DJI estuvo presente acompa\u00f1ando a su subdealer Alena. En ese contexto, el equipo de TodoAlfalfa dialog\u00f3 con Gonzalo Duarte, coordinador de Canales de la firma.\" \/>\n<meta property=\"og:url\" content=\"https:\/\/www.todoalfalfa.com.ar\/noticias\/dji-presento-drones-de-aplicacion-agricola-en-expoagro-2026\/\" \/>\n<meta property=\"og:site_name\" content=\"Todo Alfalfa\" \/>\n<meta property=\"article:publisher\" content=\"https:\/\/www.facebook.com\/todoalfalfa\" \/>\n<meta property=\"article:published_time\" content=\"2026-03-13T14:20:12+00:00\" \/>\n<meta property=\"article:modified_time\" content=\"2026-03-13T15:03:14+00:00\" \/>\n<meta property=\"og:image\" content=\"https:\/\/www.todoalfalfa.com.ar\/noticias\/wp-content\/uploads\/2026\/03\/IMG_0659-scaled.jpg\" \/>\n\t<meta property=\"og:image:width\" content=\"2560\" \/>\n\t<meta property=\"og:image:height\" content=\"1707\" \/>\n\t<meta property=\"og:image:type\" content=\"image\/jpeg\" \/>\n<meta name=\"author\" content=\"Todo Alfalfa\" \/>\n<meta name=\"twitter:card\" content=\"summary_large_image\" \/>\n<meta name=\"twitter:label1\" content=\"Escrito por\" \/>\n\t<meta name=\"twitter:data1\" content=\"Todo Alfalfa\" \/>\n\t<meta name=\"twitter:label2\" content=\"Tiempo de lectura\" \/>\n\t<meta name=\"twitter:data2\" content=\"2 minutos\" \/>\n<script type=\"application\/ld+json\" class=\"yoast-schema-graph\">{\"@context\":\"https:\/\/schema.org\",\"@graph\":[{\"@type\":\"NewsArticle\",\"@id\":\"https:\/\/www.todoalfalfa.com.ar\/noticias\/dji-presento-drones-de-aplicacion-agricola-en-expoagro-2026\/#article\",\"isPartOf\":{\"@id\":\"https:\/\/www.todoalfalfa.com.ar\/noticias\/dji-presento-drones-de-aplicacion-agricola-en-expoagro-2026\/\"},\"author\":{\"name\":\"Todo Alfalfa\",\"@id\":\"https:\/\/www.todoalfalfa.com.ar\/noticias\/#\/schema\/person\/99de93cb711c7015ef658e5321ba9f18\"},\"headline\":\"DJI present\u00f3 drones de aplicaci\u00f3n agr\u00edcola en Expoagro 2026\",\"datePublished\":\"2026-03-13T14:20:12+00:00\",\"dateModified\":\"2026-03-13T15:03:14+00:00\",\"mainEntityOfPage\":{\"@id\":\"https:\/\/www.todoalfalfa.com.ar\/noticias\/dji-presento-drones-de-aplicacion-agricola-en-expoagro-2026\/\"},\"wordCount\":319,\"publisher\":{\"@id\":\"https:\/\/www.todoalfalfa.com.ar\/noticias\/#organization\"},\"image\":{\"@id\":\"https:\/\/www.todoalfalfa.com.ar\/noticias\/dji-presento-drones-de-aplicacion-agricola-en-expoagro-2026\/#primaryimage\"},\"thumbnailUrl\":\"https:\/\/i0.wp.com\/www.todoalfalfa.com.ar\/noticias\/wp-content\/uploads\/2026\/03\/IMG_0659-scaled.jpg?fit=2560%2C1707&ssl=1\",\"keywords\":[\"alfalfa\",\"Argentina\",\"forrajes\",\"Novedades\",\"producci\u00f3n\"],\"articleSection\":[\"ExpoAgro\"],\"inLanguage\":\"es\"},{\"@type\":[\"WebPage\",\"ItemPage\"],\"@id\":\"https:\/\/www.todoalfalfa.com.ar\/noticias\/dji-presento-drones-de-aplicacion-agricola-en-expoagro-2026\/\",\"url\":\"https:\/\/www.todoalfalfa.com.ar\/noticias\/dji-presento-drones-de-aplicacion-agricola-en-expoagro-2026\/\",\"name\":\"DJI present\u00f3 drones de aplicaci\u00f3n agr\u00edcola en Expoagro 2026\",\"isPartOf\":{\"@id\":\"https:\/\/www.todoalfalfa.com.ar\/noticias\/#website\"},\"primaryImageOfPage\":{\"@id\":\"https:\/\/www.todoalfalfa.com.ar\/noticias\/dji-presento-drones-de-aplicacion-agricola-en-expoagro-2026\/#primaryimage\"},\"image\":{\"@id\":\"https:\/\/www.todoalfalfa.com.ar\/noticias\/dji-presento-drones-de-aplicacion-agricola-en-expoagro-2026\/#primaryimage\"},\"thumbnailUrl\":\"https:\/\/i0.wp.com\/www.todoalfalfa.com.ar\/noticias\/wp-content\/uploads\/2026\/03\/IMG_0659-scaled.jpg?fit=2560%2C1707&ssl=1\",\"datePublished\":\"2026-03-13T14:20:12+00:00\",\"dateModified\":\"2026-03-13T15:03:14+00:00\",\"breadcrumb\":{\"@id\":\"https:\/\/www.todoalfalfa.com.ar\/noticias\/dji-presento-drones-de-aplicacion-agricola-en-expoagro-2026\/#breadcrumb\"},\"inLanguage\":\"es\",\"potentialAction\":[{\"@type\":\"ReadAction\",\"target\":[\"https:\/\/www.todoalfalfa.com.ar\/noticias\/dji-presento-drones-de-aplicacion-agricola-en-expoagro-2026\/\"]}]},{\"@type\":\"ImageObject\",\"inLanguage\":\"es\",\"@id\":\"https:\/\/www.todoalfalfa.com.ar\/noticias\/dji-presento-drones-de-aplicacion-agricola-en-expoagro-2026\/#primaryimage\",\"url\":\"https:\/\/i0.wp.com\/www.todoalfalfa.com.ar\/noticias\/wp-content\/uploads\/2026\/03\/IMG_0659-scaled.jpg?fit=2560%2C1707&ssl=1\",\"contentUrl\":\"https:\/\/i0.wp.com\/www.todoalfalfa.com.ar\/noticias\/wp-content\/uploads\/2026\/03\/IMG_0659-scaled.jpg?fit=2560%2C1707&ssl=1\",\"width\":2560,\"height\":1707},{\"@type\":\"BreadcrumbList\",\"@id\":\"https:\/\/www.todoalfalfa.com.ar\/noticias\/dji-presento-drones-de-aplicacion-agricola-en-expoagro-2026\/#breadcrumb\",\"itemListElement\":[{\"@type\":\"ListItem\",\"position\":1,\"name\":\"Principal\",\"item\":\"https:\/\/www.todoalfalfa.com.ar\/noticias\/\"},{\"@type\":\"ListItem\",\"position\":2,\"name\":\"DJI present\u00f3 drones de aplicaci\u00f3n agr\u00edcola en Expoagro 2026\"}]},{\"@type\":\"WebSite\",\"@id\":\"https:\/\/www.todoalfalfa.com.ar\/noticias\/#website\",\"url\":\"https:\/\/www.todoalfalfa.com.ar\/noticias\/\",\"name\":\"Todo Alfalfa\",\"description\":\"Web informativa de la cadena de la alfalfa argentina\",\"publisher\":{\"@id\":\"https:\/\/www.todoalfalfa.com.ar\/noticias\/#organization\"},\"potentialAction\":[{\"@type\":\"SearchAction\",\"target\":{\"@type\":\"EntryPoint\",\"urlTemplate\":\"https:\/\/www.todoalfalfa.com.ar\/noticias\/?s={search_term_string}\"},\"query-input\":{\"@type\":\"PropertyValueSpecification\",\"valueRequired\":true,\"valueName\":\"search_term_string\"}}],\"inLanguage\":\"es\"},{\"@type\":\"Organization\",\"@id\":\"https:\/\/www.todoalfalfa.com.ar\/noticias\/#organization\",\"name\":\"Todo Alfalfa\",\"url\":\"https:\/\/www.todoalfalfa.com.ar\/noticias\/\",\"logo\":{\"@type\":\"ImageObject\",\"inLanguage\":\"es\",\"@id\":\"https:\/\/www.todoalfalfa.com.ar\/noticias\/#\/schema\/logo\/image\/\",\"url\":\"https:\/\/www.todoalfalfa.com.ar\/noticias\/wp-content\/uploads\/2020\/09\/logo-todo-alfalfa-modificado.png\",\"contentUrl\":\"https:\/\/www.todoalfalfa.com.ar\/noticias\/wp-content\/uploads\/2020\/09\/logo-todo-alfalfa-modificado.png\",\"width\":350,\"height\":100,\"caption\":\"Todo Alfalfa\"},\"image\":{\"@id\":\"https:\/\/www.todoalfalfa.com.ar\/noticias\/#\/schema\/logo\/image\/\"},\"sameAs\":[\"https:\/\/www.facebook.com\/todoalfalfa\",\"https:\/\/www.instagram.com\/todoalfalfa\",\"https:\/\/www.youtube.com\/@TodoAlfalfa\",\"https:\/\/www.linkedin.com\/company\/todoalfalfa\/\"]},{\"@type\":\"Person\",\"@id\":\"https:\/\/www.todoalfalfa.com.ar\/noticias\/#\/schema\/person\/99de93cb711c7015ef658e5321ba9f18\",\"name\":\"Todo Alfalfa\",\"image\":{\"@type\":\"ImageObject\",\"inLanguage\":\"es\",\"@id\":\"https:\/\/www.todoalfalfa.com.ar\/noticias\/#\/schema\/person\/image\/\",\"url\":\"https:\/\/secure.gravatar.com\/avatar\/50ffd12fb7b268bc2467160730786602db252a270c63104e7c19b5f67b8dd346?s=96&d=mm&r=g\",\"contentUrl\":\"https:\/\/secure.gravatar.com\/avatar\/50ffd12fb7b268bc2467160730786602db252a270c63104e7c19b5f67b8dd346?s=96&d=mm&r=g\",\"caption\":\"Todo Alfalfa\"},\"url\":\"https:\/\/www.todoalfalfa.com.ar\/noticias\/author\/osvaldoiachetta\/\"}]}<\/script>\n<!-- \/ Yoast SEO plugin. -->","yoast_head_json":{"title":"DJI present\u00f3 drones de aplicaci\u00f3n agr\u00edcola en Expoagro 2026","robots":{"index":"index","follow":"follow","max-snippet":"max-snippet:-1","max-image-preview":"max-image-preview:large","max-video-preview":"max-video-preview:-1"},"canonical":"https:\/\/www.todoalfalfa.com.ar\/noticias\/dji-presento-drones-de-aplicacion-agricola-en-expoagro-2026\/","og_locale":"es_ES","og_type":"article","og_title":"DJI present\u00f3 drones de aplicaci\u00f3n agr\u00edcola en Expoagro 2026","og_description":"En el marco de Expoagro YPF Agro edici\u00f3n 2026, la empresa DJI estuvo presente acompa\u00f1ando a su subdealer Alena. En ese contexto, el equipo de TodoAlfalfa dialog\u00f3 con Gonzalo Duarte, coordinador de Canales de la firma.","og_url":"https:\/\/www.todoalfalfa.com.ar\/noticias\/dji-presento-drones-de-aplicacion-agricola-en-expoagro-2026\/","og_site_name":"Todo Alfalfa","article_publisher":"https:\/\/www.facebook.com\/todoalfalfa","article_published_time":"2026-03-13T14:20:12+00:00","article_modified_time":"2026-03-13T15:03:14+00:00","og_image":[{"width":2560,"height":1707,"url":"https:\/\/www.todoalfalfa.com.ar\/noticias\/wp-content\/uploads\/2026\/03\/IMG_0659-scaled.jpg","type":"image\/jpeg"}],"author":"Todo Alfalfa","twitter_card":"summary_large_image","twitter_misc":{"Escrito por":"Todo Alfalfa","Tiempo de lectura":"2 minutos"},"schema":{"@context":"https:\/\/schema.org","@graph":[{"@type":"NewsArticle","@id":"https:\/\/www.todoalfalfa.com.ar\/noticias\/dji-presento-drones-de-aplicacion-agricola-en-expoagro-2026\/#article","isPartOf":{"@id":"https:\/\/www.todoalfalfa.com.ar\/noticias\/dji-presento-drones-de-aplicacion-agricola-en-expoagro-2026\/"},"author":{"name":"Todo Alfalfa","@id":"https:\/\/www.todoalfalfa.com.ar\/noticias\/#\/schema\/person\/99de93cb711c7015ef658e5321ba9f18"},"headline":"DJI present\u00f3 drones de aplicaci\u00f3n agr\u00edcola en Expoagro 2026","datePublished":"2026-03-13T14:20:12+00:00","dateModified":"2026-03-13T15:03:14+00:00","mainEntityOfPage":{"@id":"https:\/\/www.todoalfalfa.com.ar\/noticias\/dji-presento-drones-de-aplicacion-agricola-en-expoagro-2026\/"},"wordCount":319,"publisher":{"@id":"https:\/\/www.todoalfalfa.com.ar\/noticias\/#organization"},"image":{"@id":"https:\/\/www.todoalfalfa.com.ar\/noticias\/dji-presento-drones-de-aplicacion-agricola-en-expoagro-2026\/#primaryimage"},"thumbnailUrl":"https:\/\/i0.wp.com\/www.todoalfalfa.com.ar\/noticias\/wp-content\/uploads\/2026\/03\/IMG_0659-scaled.jpg?fit=2560%2C1707&ssl=1","keywords":["alfalfa","Argentina","forrajes","Novedades","producci\u00f3n"],"articleSection":["ExpoAgro"],"inLanguage":"es"},{"@type":["WebPage","ItemPage"],"@id":"https:\/\/www.todoalfalfa.com.ar\/noticias\/dji-presento-drones-de-aplicacion-agricola-en-expoagro-2026\/","url":"https:\/\/www.todoalfalfa.com.ar\/noticias\/dji-presento-drones-de-aplicacion-agricola-en-expoagro-2026\/","name":"DJI present\u00f3 drones de aplicaci\u00f3n agr\u00edcola en Expoagro 2026","isPartOf":{"@id":"https:\/\/www.todoalfalfa.com.ar\/noticias\/#website"},"primaryImageOfPage":{"@id":"https:\/\/www.todoalfalfa.com.ar\/noticias\/dji-presento-drones-de-aplicacion-agricola-en-expoagro-2026\/#primaryimage"},"image":{"@id":"https:\/\/www.todoalfalfa.com.ar\/noticias\/dji-presento-drones-de-aplicacion-agricola-en-expoagro-2026\/#primaryimage"},"thumbnailUrl":"https:\/\/i0.wp.com\/www.todoalfalfa.com.ar\/noticias\/wp-content\/uploads\/2026\/03\/IMG_0659-scaled.jpg?fit=2560%2C1707&ssl=1","datePublished":"2026-03-13T14:20:12+00:00","dateModified":"2026-03-13T15:03:14+00:00","breadcrumb":{"@id":"https:\/\/www.todoalfalfa.com.ar\/noticias\/dji-presento-drones-de-aplicacion-agricola-en-expoagro-2026\/#breadcrumb"},"inLanguage":"es","potentialAction":[{"@type":"ReadAction","target":["https:\/\/www.todoalfalfa.com.ar\/noticias\/dji-presento-drones-de-aplicacion-agricola-en-expoagro-2026\/"]}]},{"@type":"ImageObject","inLanguage":"es","@id":"https:\/\/www.todoalfalfa.com.ar\/noticias\/dji-presento-drones-de-aplicacion-agricola-en-expoagro-2026\/#primaryimage","url":"https:\/\/i0.wp.com\/www.todoalfalfa.com.ar\/noticias\/wp-content\/uploads\/2026\/03\/IMG_0659-scaled.jpg?fit=2560%2C1707&ssl=1","contentUrl":"https:\/\/i0.wp.com\/www.todoalfalfa.com.ar\/noticias\/wp-content\/uploads\/2026\/03\/IMG_0659-scaled.jpg?fit=2560%2C1707&ssl=1","width":2560,"height":1707},{"@type":"BreadcrumbList","@id":"https:\/\/www.todoalfalfa.com.ar\/noticias\/dji-presento-drones-de-aplicacion-agricola-en-expoagro-2026\/#breadcrumb","itemListElement":[{"@type":"ListItem","position":1,"name":"Principal","item":"https:\/\/www.todoalfalfa.com.ar\/noticias\/"},{"@type":"ListItem","position":2,"name":"DJI present\u00f3 drones de aplicaci\u00f3n agr\u00edcola en Expoagro 2026"}]},{"@type":"WebSite","@id":"https:\/\/www.todoalfalfa.com.ar\/noticias\/#website","url":"https:\/\/www.todoalfalfa.com.ar\/noticias\/","name":"Todo Alfalfa","description":"Web informativa de la cadena de la alfalfa argentina","publisher":{"@id":"https:\/\/www.todoalfalfa.com.ar\/noticias\/#organization"},"potentialAction":[{"@type":"SearchAction","target":{"@type":"EntryPoint","urlTemplate":"https:\/\/www.todoalfalfa.com.ar\/noticias\/?s={search_term_string}"},"query-input":{"@type":"PropertyValueSpecification","valueRequired":true,"valueName":"search_term_string"}}],"inLanguage":"es"},{"@type":"Organization","@id":"https:\/\/www.todoalfalfa.com.ar\/noticias\/#organization","name":"Todo Alfalfa","url":"https:\/\/www.todoalfalfa.com.ar\/noticias\/","logo":{"@type":"ImageObject","inLanguage":"es","@id":"https:\/\/www.todoalfalfa.com.ar\/noticias\/#\/schema\/logo\/image\/","url":"https:\/\/www.todoalfalfa.com.ar\/noticias\/wp-content\/uploads\/2020\/09\/logo-todo-alfalfa-modificado.png","contentUrl":"https:\/\/www.todoalfalfa.com.ar\/noticias\/wp-content\/uploads\/2020\/09\/logo-todo-alfalfa-modificado.png","width":350,"height":100,"caption":"Todo Alfalfa"},"image":{"@id":"https:\/\/www.todoalfalfa.com.ar\/noticias\/#\/schema\/logo\/image\/"},"sameAs":["https:\/\/www.facebook.com\/todoalfalfa","https:\/\/www.instagram.com\/todoalfalfa","https:\/\/www.youtube.com\/@TodoAlfalfa","https:\/\/www.linkedin.com\/company\/todoalfalfa\/"]},{"@type":"Person","@id":"https:\/\/www.todoalfalfa.com.ar\/noticias\/#\/schema\/person\/99de93cb711c7015ef658e5321ba9f18","name":"Todo Alfalfa","image":{"@type":"ImageObject","inLanguage":"es","@id":"https:\/\/www.todoalfalfa.com.ar\/noticias\/#\/schema\/person\/image\/","url":"https:\/\/secure.gravatar.com\/avatar\/50ffd12fb7b268bc2467160730786602db252a270c63104e7c19b5f67b8dd346?s=96&d=mm&r=g","contentUrl":"https:\/\/secure.gravatar.com\/avatar\/50ffd12fb7b268bc2467160730786602db252a270c63104e7c19b5f67b8dd346?s=96&d=mm&r=g","caption":"Todo Alfalfa"},"url":"https:\/\/www.todoalfalfa.com.ar\/noticias\/author\/osvaldoiachetta\/"}]}},"jetpack_featured_media_url":"https:\/\/i0.wp.com\/www.todoalfalfa.com.ar\/noticias\/wp-content\/uploads\/2026\/03\/IMG_0659-scaled.jpg?fit=2560%2C1707&ssl=1","wps_subtitle":"","jetpack_sharing_enabled":true,"_links":{"self":[{"href":"https:\/\/www.todoalfalfa.com.ar\/noticias\/wp-json\/wp\/v2\/posts\/52044","targetHints":{"allow":["GET"]}}],"collection":[{"href":"https:\/\/www.todoalfalfa.com.ar\/noticias\/wp-json\/wp\/v2\/posts"}],"about":[{"href":"https:\/\/www.todoalfalfa.com.ar\/noticias\/wp-json\/wp\/v2\/types\/post"}],"author":[{"embeddable":true,"href":"https:\/\/www.todoalfalfa.com.ar\/noticias\/wp-json\/wp\/v2\/users\/9"}],"replies":[{"embeddable":true,"href":"https:\/\/www.todoalfalfa.com.ar\/noticias\/wp-json\/wp\/v2\/comments?post=52044"}],"version-history":[{"count":3,"href":"https:\/\/www.todoalfalfa.com.ar\/noticias\/wp-json\/wp\/v2\/posts\/52044\/revisions"}],"predecessor-version":[{"id":52062,"href":"https:\/\/www.todoalfalfa.com.ar\/noticias\/wp-json\/wp\/v2\/posts\/52044\/revisions\/52062"}],"wp:featuredmedia":[{"embeddable":true,"href":"https:\/\/www.todoalfalfa.com.ar\/noticias\/wp-json\/wp\/v2\/media\/52050"}],"wp:attachment":[{"href":"https:\/\/www.todoalfalfa.com.ar\/noticias\/wp-json\/wp\/v2\/media?parent=52044"}],"wp:term":[{"taxonomy":"category","embeddable":true,"href":"https:\/\/www.todoalfalfa.com.ar\/noticias\/wp-json\/wp\/v2\/categories?post=52044"},{"taxonomy":"post_tag","embeddable":true,"href":"https:\/\/www.todoalfalfa.com.ar\/noticias\/wp-json\/wp\/v2\/tags?post=52044"}],"curies":[{"name":"wp","href":"https:\/\/api.w.org\/{rel}","templated":true}]}}