{"id":52163,"date":"2026-03-16T08:01:45","date_gmt":"2026-03-16T11:01:45","guid":{"rendered":"https:\/\/www.todoalfalfa.com.ar\/noticias\/?p=52163"},"modified":"2026-03-19T10:08:32","modified_gmt":"2026-03-19T13:08:32","slug":"la-alfalfa-tiene-su-mesa-nacional","status":"publish","type":"post","link":"https:\/\/www.todoalfalfa.com.ar\/noticias\/la-alfalfa-tiene-su-mesa-nacional\/","title":{"rendered":"La alfalfa tiene su \u201cmesa nacional\u201d"},"content":{"rendered":"\n<p>La formalizaci\u00f3n de la Mesa Nacional de la Alfalfa representa un quiebre con la inercia de esfuerzos aislados, estableciendo un espacio federal de gobernanza p\u00fablico-privada con car\u00e1cter permanente y t\u00e9cnico.<\/p>\n\n\n\n<p>Este hito no es una mera formalidad administrativa; es el resultado de un diagn\u00f3stico crudo sobre la necesidad de transformar el potencial biol\u00f3gico del pa\u00eds en resultados estrat\u00e9gicos.&nbsp;<\/p>\n\n\n\n<p>La Mesa nace bajo la premisa de que la alfalfa no es solo un forraje, sino un eslab\u00f3n industrial capaz de traccionar divisas y empleo. Sin embargo, este acuerdo subraya que el crecimiento no ser\u00e1 espont\u00e1neo: requiere una hoja de ruta t\u00e9cnica que resuelva las carencias estructurales que han mantenido a Argentina al margen de los grandes flujos comerciales globales.<\/p>\n\n\n\n<p><strong>El \u00abOro Verde\u00bb ante la barrera de la competitividad<\/strong><\/p>\n\n\n\n<p>Argentina posee condiciones clim\u00e1ticas excepcionales, pero su participaci\u00f3n en el mercado mundial es marginal, capturando menos del 1,5% de la demanda global. Existe una brecha alarmante entre el \u00abpotencial de exportaci\u00f3n\u00bb y la realidad operativa.&nbsp;<\/p>\n\n\n\n<p>Un dato revela la magnitud del desaf\u00edo: actualmente, el 80% de la producci\u00f3n nacional no alcanza los est\u00e1ndares de exportaci\u00f3n, no por falta de nutrientes, sino por el incumplimiento del umbral cr\u00edtico del 14% de humedad, la llave t\u00e9cnica que hoy Argentina no logra girar con consistencia.<\/p>\n\n\n\n<figure class=\"wp-block-embed is-type-video is-provider-youtube wp-block-embed-youtube wp-embed-aspect-16-9 wp-has-aspect-ratio\"><div class=\"wp-block-embed__wrapper\">\n<iframe title=\"La alfalfa tiene su &quot;Mesa Nacional&quot;\" width=\"500\" height=\"281\" src=\"https:\/\/www.youtube.com\/embed\/dWAHuM9lHlc?feature=oembed\" frameborder=\"0\" allow=\"accelerometer; autoplay; clipboard-write; encrypted-media; gyroscope; picture-in-picture; web-share\" referrerpolicy=\"strict-origin-when-cross-origin\" allowfullscreen><\/iframe>\n<\/div><\/figure>\n\n\n\n<p>La Mesa ha identificado puntos cr\u00edticos que configuran un escenario de \u00ablucro cesante\u00bb sist\u00e9mico:<\/p>\n\n\n\n<p>D\u00e9ficit de infraestructura: La carencia de galpones de acopio expone al producto a las inclemencias clim\u00e1ticas, perdiendo hasta el 40% de la calidad post-cosecha.<\/p>\n\n\n\n<p>Invisibilidad estad\u00edstica: La falta de datos precisos sobre hect\u00e1reas y destinos impide la planificaci\u00f3n financiera y log\u00edstica.<\/p>\n\n\n\n<p>Inconsistencia en calidad y volumen: La imposibilidad de garantizar lotes homog\u00e9neos de grado Supreme o Premium para mercados exigentes como China o Medio Oriente.<\/p>\n\n\n\n<p><strong>El bloque \u201ctripartito\u201d de gobiernos<\/strong><\/p>\n\n\n\n<p>La estructura de gobernanza se apoya en un frente institucional conformado por los ministerios de agricultura de C\u00f3rdoba, La Pampa y Santa Fe. Esta articulaci\u00f3n busca llenar el vac\u00edo de pol\u00edticas p\u00fablicas nacionales mediante un bloque regional de alto impacto.<\/p>\n\n\n\n<div class=\"wp-block-jetpack-slideshow aligncenter\" data-effect=\"slide\" style=\"--aspect-ratio:calc(1024 \/ 473)\"><div class=\"wp-block-jetpack-slideshow_container swiper-container\"><ul class=\"wp-block-jetpack-slideshow_swiper-wrapper swiper-wrapper\"><li class=\"wp-block-jetpack-slideshow_slide swiper-slide\"><figure><img data-recalc-dims=\"1\" fetchpriority=\"high\" decoding=\"async\" width=\"1024\" height=\"473\" alt=\"\" class=\"wp-block-jetpack-slideshow_image wp-image-52169\" data-id=\"52169\" data-aspect-ratio=\"1024 \/ 473\" src=\"https:\/\/i0.wp.com\/www.todoalfalfa.com.ar\/noticias\/wp-content\/uploads\/2026\/03\/WhatsApp-Image-2026-03-15-at-09.36.27.jpeg?resize=1024%2C473&#038;ssl=1\" srcset=\"https:\/\/i0.wp.com\/www.todoalfalfa.com.ar\/noticias\/wp-content\/uploads\/2026\/03\/WhatsApp-Image-2026-03-15-at-09.36.27.jpeg?resize=1024%2C473&amp;ssl=1 1024w, https:\/\/i0.wp.com\/www.todoalfalfa.com.ar\/noticias\/wp-content\/uploads\/2026\/03\/WhatsApp-Image-2026-03-15-at-09.36.27.jpeg?resize=300%2C139&amp;ssl=1 300w, https:\/\/i0.wp.com\/www.todoalfalfa.com.ar\/noticias\/wp-content\/uploads\/2026\/03\/WhatsApp-Image-2026-03-15-at-09.36.27.jpeg?resize=768%2C355&amp;ssl=1 768w, https:\/\/i0.wp.com\/www.todoalfalfa.com.ar\/noticias\/wp-content\/uploads\/2026\/03\/WhatsApp-Image-2026-03-15-at-09.36.27.jpeg?w=1280&amp;ssl=1 1280w\" sizes=\"(max-width: 1000px) 100vw, 1000px\" \/><\/figure><\/li><li class=\"wp-block-jetpack-slideshow_slide swiper-slide\"><figure><img data-recalc-dims=\"1\" decoding=\"async\" width=\"1024\" height=\"473\" alt=\"\" class=\"wp-block-jetpack-slideshow_image wp-image-52165\" data-id=\"52165\" data-aspect-ratio=\"1024 \/ 473\" src=\"https:\/\/i0.wp.com\/www.todoalfalfa.com.ar\/noticias\/wp-content\/uploads\/2026\/03\/WhatsApp-Image-2026-03-15-at-09.32.26.jpeg?resize=1024%2C473&#038;ssl=1\" srcset=\"https:\/\/i0.wp.com\/www.todoalfalfa.com.ar\/noticias\/wp-content\/uploads\/2026\/03\/WhatsApp-Image-2026-03-15-at-09.32.26.jpeg?resize=1024%2C473&amp;ssl=1 1024w, https:\/\/i0.wp.com\/www.todoalfalfa.com.ar\/noticias\/wp-content\/uploads\/2026\/03\/WhatsApp-Image-2026-03-15-at-09.32.26.jpeg?resize=300%2C139&amp;ssl=1 300w, https:\/\/i0.wp.com\/www.todoalfalfa.com.ar\/noticias\/wp-content\/uploads\/2026\/03\/WhatsApp-Image-2026-03-15-at-09.32.26.jpeg?resize=768%2C355&amp;ssl=1 768w, https:\/\/i0.wp.com\/www.todoalfalfa.com.ar\/noticias\/wp-content\/uploads\/2026\/03\/WhatsApp-Image-2026-03-15-at-09.32.26.jpeg?w=1280&amp;ssl=1 1280w\" sizes=\"(max-width: 1000px) 100vw, 1000px\" \/><\/figure><\/li><li class=\"wp-block-jetpack-slideshow_slide swiper-slide\"><figure><img data-recalc-dims=\"1\" decoding=\"async\" width=\"1024\" height=\"473\" alt=\"\" class=\"wp-block-jetpack-slideshow_image wp-image-52166\" data-id=\"52166\" data-aspect-ratio=\"1024 \/ 473\" src=\"https:\/\/i0.wp.com\/www.todoalfalfa.com.ar\/noticias\/wp-content\/uploads\/2026\/03\/WhatsApp-Image-2026-03-15-at-09.32.24.jpeg?resize=1024%2C473&#038;ssl=1\" srcset=\"https:\/\/i0.wp.com\/www.todoalfalfa.com.ar\/noticias\/wp-content\/uploads\/2026\/03\/WhatsApp-Image-2026-03-15-at-09.32.24.jpeg?resize=1024%2C473&amp;ssl=1 1024w, https:\/\/i0.wp.com\/www.todoalfalfa.com.ar\/noticias\/wp-content\/uploads\/2026\/03\/WhatsApp-Image-2026-03-15-at-09.32.24.jpeg?resize=300%2C139&amp;ssl=1 300w, https:\/\/i0.wp.com\/www.todoalfalfa.com.ar\/noticias\/wp-content\/uploads\/2026\/03\/WhatsApp-Image-2026-03-15-at-09.32.24.jpeg?resize=768%2C355&amp;ssl=1 768w, https:\/\/i0.wp.com\/www.todoalfalfa.com.ar\/noticias\/wp-content\/uploads\/2026\/03\/WhatsApp-Image-2026-03-15-at-09.32.24.jpeg?w=1280&amp;ssl=1 1280w\" sizes=\"(max-width: 1000px) 100vw, 1000px\" \/><\/figure><\/li><li class=\"wp-block-jetpack-slideshow_slide swiper-slide\"><figure><img data-recalc-dims=\"1\" loading=\"lazy\" decoding=\"async\" width=\"1024\" height=\"574\" alt=\"\" class=\"wp-block-jetpack-slideshow_image wp-image-52168\" data-id=\"52168\" data-aspect-ratio=\"1024 \/ 574\" src=\"https:\/\/i0.wp.com\/www.todoalfalfa.com.ar\/noticias\/wp-content\/uploads\/2026\/03\/IMG_20260314_180649.jpg?resize=1024%2C574&#038;ssl=1\" srcset=\"https:\/\/i0.wp.com\/www.todoalfalfa.com.ar\/noticias\/wp-content\/uploads\/2026\/03\/IMG_20260314_180649-scaled.jpg?resize=1024%2C574&amp;ssl=1 1024w, https:\/\/i0.wp.com\/www.todoalfalfa.com.ar\/noticias\/wp-content\/uploads\/2026\/03\/IMG_20260314_180649-scaled.jpg?resize=300%2C168&amp;ssl=1 300w, https:\/\/i0.wp.com\/www.todoalfalfa.com.ar\/noticias\/wp-content\/uploads\/2026\/03\/IMG_20260314_180649-scaled.jpg?resize=768%2C431&amp;ssl=1 768w, https:\/\/i0.wp.com\/www.todoalfalfa.com.ar\/noticias\/wp-content\/uploads\/2026\/03\/IMG_20260314_180649-scaled.jpg?resize=1536%2C861&amp;ssl=1 1536w, https:\/\/i0.wp.com\/www.todoalfalfa.com.ar\/noticias\/wp-content\/uploads\/2026\/03\/IMG_20260314_180649-scaled.jpg?resize=2048%2C1148&amp;ssl=1 2048w, https:\/\/i0.wp.com\/www.todoalfalfa.com.ar\/noticias\/wp-content\/uploads\/2026\/03\/IMG_20260314_180649-scaled.jpg?resize=777%2C437&amp;ssl=1 777w, https:\/\/i0.wp.com\/www.todoalfalfa.com.ar\/noticias\/wp-content\/uploads\/2026\/03\/IMG_20260314_180649-scaled.jpg?resize=180%2C101&amp;ssl=1 180w, https:\/\/i0.wp.com\/www.todoalfalfa.com.ar\/noticias\/wp-content\/uploads\/2026\/03\/IMG_20260314_180649-scaled.jpg?resize=260%2C146&amp;ssl=1 260w, https:\/\/i0.wp.com\/www.todoalfalfa.com.ar\/noticias\/wp-content\/uploads\/2026\/03\/IMG_20260314_180649-scaled.jpg?resize=373%2C210&amp;ssl=1 373w, https:\/\/i0.wp.com\/www.todoalfalfa.com.ar\/noticias\/wp-content\/uploads\/2026\/03\/IMG_20260314_180649-scaled.jpg?resize=120%2C67&amp;ssl=1 120w\" sizes=\"(max-width: 1000px) 100vw, 1000px\" \/><\/figure><\/li><\/ul><a class=\"wp-block-jetpack-slideshow_button-prev swiper-button-prev swiper-button-white\" role=\"button\"><\/a><a class=\"wp-block-jetpack-slideshow_button-next swiper-button-next swiper-button-white\" role=\"button\"><\/a><a aria-label=\"Pause Slideshow\" class=\"wp-block-jetpack-slideshow_button-pause\" role=\"button\"><\/a><div class=\"wp-block-jetpack-slideshow_pagination swiper-pagination swiper-pagination-white\"><\/div><\/div><\/div>\n\n\n\n<p>Junto a ellos estuvieron autoridades de de la C\u00e1mara Argentina de la Alfalfa, el Cl\u00faster de Alfalfa y del INTA Manfredi, como as\u00ed tambi\u00e9n de la Bolsa de Cereales de C\u00f3rdoba, del Colegio de Ingenieros Agr\u00f3nomos, de FAA, SRA, Intendentes y productores.&nbsp;<\/p>\n\n\n\n<p><strong>Log\u00edstica, industrializaci\u00f3n y financiamiento<\/strong><\/p>\n\n\n\n<p>Para revertir el estancamiento, la Mesa ha definido ejes de trabajo con m\u00e9tricas claras y comparativas internacionales.&nbsp;<\/p>\n\n\n\n<p>Log\u00edstica y puertos: Los costos log\u00edsticos son asfixiantes. El flete representa hasta el 60% del valor de la tonelada exportada desde el interior. En el puerto, la ineficiencia es cuantificable: USD 1.250 por contenedor (USD 650 en gastos locales y USD 600 en gesti\u00f3n).<\/p>\n\n\n\n<p>Industrializaci\u00f3n: La Mesa propone incentivar tecnolog\u00edas de secado y recompactado para bajar la humedad al 14%, permitiendo la carga eficiente en contenedores y minimizando la p\u00e9rdida de hoja.<\/p>\n\n\n\n<p>Financiamiento: Se gestionar\u00e1n l\u00edneas de cr\u00e9dito con bancas provinciales para la adquisici\u00f3n de maquinaria (vaporizadoras, segadoras con doble acondicionador) y la construcci\u00f3n de la infraestructura.<\/p>\n\n\n\n<p><strong>\u00bfConsenso periurbano?<\/strong><\/p>\n\n\n\n<p>Aunque la mesa promueve la alfalfa en zonas periurbanas por su bajo impacto, existe un debate abierto. Representantes de la Sociedad Rural Argentina (SRA) advierten que etiquetar a la alfalfa como \u00abla soluci\u00f3n\u00bb no debe validar restricciones arbitrarias sobre otros cultivos.&nbsp;<\/p>\n\n\n\n<p>El compromiso es trabajar en protocolos que armonicen la producci\u00f3n con la comunidad bajo el paraguas de las Buenas Pr\u00e1cticas Agropecuarias (BPA).<\/p>\n\n\n\n<p>La mesa ha asignado tareas espec\u00edficas con responsables definidos para evitar que el acta sea un documento inerte:<\/p>\n\n\n\n<ul class=\"wp-block-list\">\n<li>El CFA Regi\u00f3n Centro ser\u00e1 responsable de consolidar la informaci\u00f3n de bolsas y c\u00e1maras para tener datos de superficie y producci\u00f3n real.<\/li>\n<\/ul>\n\n\n\n<ul class=\"wp-block-list\">\n<li>Se interceder\u00e1 ante SENASA para habilitar laboratorios regionales para lograr certificaciones, un cuello de botella cr\u00edtico para la exportaci\u00f3n.<\/li>\n<\/ul>\n\n\n\n<ul class=\"wp-block-list\">\n<li>Gesti\u00f3n ante el SENASA para solicitar al SAG de Chile la revisi\u00f3n de la prohibici\u00f3n de ingreso de heno en bruto, una traba burocr\u00e1tica sin sustento t\u00e9cnico actual.<\/li>\n<\/ul>\n\n\n\n<ul class=\"wp-block-list\">\n<li>C\u00e1mara , Cl\u00faster y las provincias elaborar\u00e1n un informe detallado sobre costos ferroviarios y gastos de ingreso a puerto para presionar por una reducci\u00f3n de tasas.<\/li>\n<\/ul>\n\n\n\n<p>La institucionalizaci\u00f3n de esta Mesa es el primer paso para dejar de vender un commodity de ocasi\u00f3n y empezar a exportar una marca de calidad.&nbsp;<\/p>\n<div class=\"todoalfalfa-final-de-la-nota\" id=\"todoalfalfa-3663525859\"><a href=\"https:\/\/www.whatsapp.com\/channel\/0029VbCBmFB9WtBxJsD3eC2i\" target=\"_blank\" aria-label=\"5\"><img src=\"https:\/\/i0.wp.com\/www.todoalfalfa.com.ar\/noticias\/wp-content\/uploads\/2026\/04\/5.gif?fit=728%2C90&#038;ssl=1\" alt=\"\"  width=\"728\" height=\"90\"   \/><\/a><\/div>","protected":false},"excerpt":{"rendered":"<p>En el marco de la Fiesta Nacional que se desarrolla en San Basilio, se present\u00f3 este espacio que buscar\u00e1 articular soluciones y dar respuesta a las necesidades del sector. Dejar de ser un potencial para convertirse en una realidad.<\/p>\n","protected":false},"author":9,"featured_media":52164,"comment_status":"closed","ping_status":"open","sticky":false,"template":"","format":"standard","meta":{"jetpack_post_was_ever_published":false,"_jetpack_newsletter_access":"","_jetpack_dont_email_post_to_subs":false,"_jetpack_newsletter_tier_id":0,"_jetpack_memberships_contains_paywalled_content":false,"_jetpack_memberships_contains_paid_content":false,"footnotes":""},"categories":[2],"tags":[31,105,236,54,68,36,2194,1659,17,21,91],"class_list":["post-52163","post","type-post","status-publish","format-standard","has-post-thumbnail","hentry","category-generales","tag-alfalfa","tag-argentina","tag-exportacion","tag-forrajes","tag-heno","tag-inta","tag-mesa-nacional-de-la-alfalfa","tag-novedades","tag-pasturas","tag-produccion","tag-siembra"],"yoast_head":"<!-- This site is optimized with the Yoast SEO plugin v25.5 - https:\/\/yoast.com\/wordpress\/plugins\/seo\/ -->\n<title>La alfalfa tiene su \u201cmesa nacional\u201d<\/title>\n<meta name=\"robots\" content=\"index, follow, max-snippet:-1, max-image-preview:large, max-video-preview:-1\" \/>\n<link rel=\"canonical\" href=\"https:\/\/www.todoalfalfa.com.ar\/noticias\/la-alfalfa-tiene-su-mesa-nacional\/\" \/>\n<meta property=\"og:locale\" content=\"es_ES\" \/>\n<meta property=\"og:type\" content=\"article\" \/>\n<meta property=\"og:title\" content=\"La alfalfa tiene su \u201cmesa nacional\u201d\" \/>\n<meta property=\"og:description\" content=\"En el marco de la Fiesta Nacional que se desarrolla en San Basilio, se present\u00f3 este espacio que buscar\u00e1 articular soluciones y dar respuesta a las necesidades del sector. Dejar de ser un potencial para convertirse en una realidad.\" \/>\n<meta property=\"og:url\" content=\"https:\/\/www.todoalfalfa.com.ar\/noticias\/la-alfalfa-tiene-su-mesa-nacional\/\" \/>\n<meta property=\"og:site_name\" content=\"Todo Alfalfa\" \/>\n<meta property=\"article:publisher\" content=\"https:\/\/www.facebook.com\/todoalfalfa\" \/>\n<meta property=\"article:published_time\" content=\"2026-03-16T11:01:45+00:00\" \/>\n<meta property=\"article:modified_time\" content=\"2026-03-19T13:08:32+00:00\" \/>\n<meta property=\"og:image\" content=\"https:\/\/www.todoalfalfa.com.ar\/noticias\/wp-content\/uploads\/2026\/03\/WhatsApp-Image-2026-03-16-at-07.55.17.jpeg\" \/>\n\t<meta property=\"og:image:width\" content=\"1600\" \/>\n\t<meta property=\"og:image:height\" content=\"739\" \/>\n\t<meta property=\"og:image:type\" content=\"image\/jpeg\" \/>\n<meta name=\"author\" content=\"Todo Alfalfa\" \/>\n<meta name=\"twitter:card\" content=\"summary_large_image\" \/>\n<meta name=\"twitter:label1\" content=\"Escrito por\" \/>\n\t<meta name=\"twitter:data1\" content=\"Todo Alfalfa\" \/>\n\t<meta name=\"twitter:label2\" content=\"Tiempo de lectura\" \/>\n\t<meta name=\"twitter:data2\" content=\"5 minutos\" \/>\n<script type=\"application\/ld+json\" class=\"yoast-schema-graph\">{\"@context\":\"https:\/\/schema.org\",\"@graph\":[{\"@type\":\"NewsArticle\",\"@id\":\"https:\/\/www.todoalfalfa.com.ar\/noticias\/la-alfalfa-tiene-su-mesa-nacional\/#article\",\"isPartOf\":{\"@id\":\"https:\/\/www.todoalfalfa.com.ar\/noticias\/la-alfalfa-tiene-su-mesa-nacional\/\"},\"author\":{\"name\":\"Todo Alfalfa\",\"@id\":\"https:\/\/www.todoalfalfa.com.ar\/noticias\/#\/schema\/person\/99de93cb711c7015ef658e5321ba9f18\"},\"headline\":\"La alfalfa tiene su \u201cmesa nacional\u201d\",\"datePublished\":\"2026-03-16T11:01:45+00:00\",\"dateModified\":\"2026-03-19T13:08:32+00:00\",\"mainEntityOfPage\":{\"@id\":\"https:\/\/www.todoalfalfa.com.ar\/noticias\/la-alfalfa-tiene-su-mesa-nacional\/\"},\"wordCount\":777,\"publisher\":{\"@id\":\"https:\/\/www.todoalfalfa.com.ar\/noticias\/#organization\"},\"image\":{\"@id\":\"https:\/\/www.todoalfalfa.com.ar\/noticias\/la-alfalfa-tiene-su-mesa-nacional\/#primaryimage\"},\"thumbnailUrl\":\"https:\/\/i0.wp.com\/www.todoalfalfa.com.ar\/noticias\/wp-content\/uploads\/2026\/03\/WhatsApp-Image-2026-03-16-at-07.55.17.jpeg?fit=1600%2C739&ssl=1\",\"keywords\":[\"alfalfa\",\"Argentina\",\"exportaci\u00f3n\",\"forrajes\",\"heno\",\"inta\",\"Mesa Nacional de la Alfalfa\",\"Novedades\",\"pasturas\",\"producci\u00f3n\",\"siembra\"],\"articleSection\":[\"Generales\"],\"inLanguage\":\"es\"},{\"@type\":[\"WebPage\",\"ItemPage\"],\"@id\":\"https:\/\/www.todoalfalfa.com.ar\/noticias\/la-alfalfa-tiene-su-mesa-nacional\/\",\"url\":\"https:\/\/www.todoalfalfa.com.ar\/noticias\/la-alfalfa-tiene-su-mesa-nacional\/\",\"name\":\"La alfalfa tiene su \u201cmesa nacional\u201d\",\"isPartOf\":{\"@id\":\"https:\/\/www.todoalfalfa.com.ar\/noticias\/#website\"},\"primaryImageOfPage\":{\"@id\":\"https:\/\/www.todoalfalfa.com.ar\/noticias\/la-alfalfa-tiene-su-mesa-nacional\/#primaryimage\"},\"image\":{\"@id\":\"https:\/\/www.todoalfalfa.com.ar\/noticias\/la-alfalfa-tiene-su-mesa-nacional\/#primaryimage\"},\"thumbnailUrl\":\"https:\/\/i0.wp.com\/www.todoalfalfa.com.ar\/noticias\/wp-content\/uploads\/2026\/03\/WhatsApp-Image-2026-03-16-at-07.55.17.jpeg?fit=1600%2C739&ssl=1\",\"datePublished\":\"2026-03-16T11:01:45+00:00\",\"dateModified\":\"2026-03-19T13:08:32+00:00\",\"breadcrumb\":{\"@id\":\"https:\/\/www.todoalfalfa.com.ar\/noticias\/la-alfalfa-tiene-su-mesa-nacional\/#breadcrumb\"},\"inLanguage\":\"es\",\"potentialAction\":[{\"@type\":\"ReadAction\",\"target\":[\"https:\/\/www.todoalfalfa.com.ar\/noticias\/la-alfalfa-tiene-su-mesa-nacional\/\"]}]},{\"@type\":\"ImageObject\",\"inLanguage\":\"es\",\"@id\":\"https:\/\/www.todoalfalfa.com.ar\/noticias\/la-alfalfa-tiene-su-mesa-nacional\/#primaryimage\",\"url\":\"https:\/\/i0.wp.com\/www.todoalfalfa.com.ar\/noticias\/wp-content\/uploads\/2026\/03\/WhatsApp-Image-2026-03-16-at-07.55.17.jpeg?fit=1600%2C739&ssl=1\",\"contentUrl\":\"https:\/\/i0.wp.com\/www.todoalfalfa.com.ar\/noticias\/wp-content\/uploads\/2026\/03\/WhatsApp-Image-2026-03-16-at-07.55.17.jpeg?fit=1600%2C739&ssl=1\",\"width\":1600,\"height\":739},{\"@type\":\"BreadcrumbList\",\"@id\":\"https:\/\/www.todoalfalfa.com.ar\/noticias\/la-alfalfa-tiene-su-mesa-nacional\/#breadcrumb\",\"itemListElement\":[{\"@type\":\"ListItem\",\"position\":1,\"name\":\"Principal\",\"item\":\"https:\/\/www.todoalfalfa.com.ar\/noticias\/\"},{\"@type\":\"ListItem\",\"position\":2,\"name\":\"La alfalfa tiene su \u201cmesa nacional\u201d\"}]},{\"@type\":\"WebSite\",\"@id\":\"https:\/\/www.todoalfalfa.com.ar\/noticias\/#website\",\"url\":\"https:\/\/www.todoalfalfa.com.ar\/noticias\/\",\"name\":\"Todo Alfalfa\",\"description\":\"Web informativa de la cadena de la alfalfa argentina\",\"publisher\":{\"@id\":\"https:\/\/www.todoalfalfa.com.ar\/noticias\/#organization\"},\"potentialAction\":[{\"@type\":\"SearchAction\",\"target\":{\"@type\":\"EntryPoint\",\"urlTemplate\":\"https:\/\/www.todoalfalfa.com.ar\/noticias\/?s={search_term_string}\"},\"query-input\":{\"@type\":\"PropertyValueSpecification\",\"valueRequired\":true,\"valueName\":\"search_term_string\"}}],\"inLanguage\":\"es\"},{\"@type\":\"Organization\",\"@id\":\"https:\/\/www.todoalfalfa.com.ar\/noticias\/#organization\",\"name\":\"Todo Alfalfa\",\"url\":\"https:\/\/www.todoalfalfa.com.ar\/noticias\/\",\"logo\":{\"@type\":\"ImageObject\",\"inLanguage\":\"es\",\"@id\":\"https:\/\/www.todoalfalfa.com.ar\/noticias\/#\/schema\/logo\/image\/\",\"url\":\"https:\/\/www.todoalfalfa.com.ar\/noticias\/wp-content\/uploads\/2020\/09\/logo-todo-alfalfa-modificado.png\",\"contentUrl\":\"https:\/\/www.todoalfalfa.com.ar\/noticias\/wp-content\/uploads\/2020\/09\/logo-todo-alfalfa-modificado.png\",\"width\":350,\"height\":100,\"caption\":\"Todo Alfalfa\"},\"image\":{\"@id\":\"https:\/\/www.todoalfalfa.com.ar\/noticias\/#\/schema\/logo\/image\/\"},\"sameAs\":[\"https:\/\/www.facebook.com\/todoalfalfa\",\"https:\/\/www.instagram.com\/todoalfalfa\",\"https:\/\/www.youtube.com\/@TodoAlfalfa\",\"https:\/\/www.linkedin.com\/company\/todoalfalfa\/\"]},{\"@type\":\"Person\",\"@id\":\"https:\/\/www.todoalfalfa.com.ar\/noticias\/#\/schema\/person\/99de93cb711c7015ef658e5321ba9f18\",\"name\":\"Todo Alfalfa\",\"image\":{\"@type\":\"ImageObject\",\"inLanguage\":\"es\",\"@id\":\"https:\/\/www.todoalfalfa.com.ar\/noticias\/#\/schema\/person\/image\/\",\"url\":\"https:\/\/secure.gravatar.com\/avatar\/50ffd12fb7b268bc2467160730786602db252a270c63104e7c19b5f67b8dd346?s=96&d=mm&r=g\",\"contentUrl\":\"https:\/\/secure.gravatar.com\/avatar\/50ffd12fb7b268bc2467160730786602db252a270c63104e7c19b5f67b8dd346?s=96&d=mm&r=g\",\"caption\":\"Todo Alfalfa\"},\"url\":\"https:\/\/www.todoalfalfa.com.ar\/noticias\/author\/osvaldoiachetta\/\"}]}<\/script>\n<!-- \/ Yoast SEO plugin. -->","yoast_head_json":{"title":"La alfalfa tiene su \u201cmesa nacional\u201d","robots":{"index":"index","follow":"follow","max-snippet":"max-snippet:-1","max-image-preview":"max-image-preview:large","max-video-preview":"max-video-preview:-1"},"canonical":"https:\/\/www.todoalfalfa.com.ar\/noticias\/la-alfalfa-tiene-su-mesa-nacional\/","og_locale":"es_ES","og_type":"article","og_title":"La alfalfa tiene su \u201cmesa nacional\u201d","og_description":"En el marco de la Fiesta Nacional que se desarrolla en San Basilio, se present\u00f3 este espacio que buscar\u00e1 articular soluciones y dar respuesta a las necesidades del sector. Dejar de ser un potencial para convertirse en una realidad.","og_url":"https:\/\/www.todoalfalfa.com.ar\/noticias\/la-alfalfa-tiene-su-mesa-nacional\/","og_site_name":"Todo Alfalfa","article_publisher":"https:\/\/www.facebook.com\/todoalfalfa","article_published_time":"2026-03-16T11:01:45+00:00","article_modified_time":"2026-03-19T13:08:32+00:00","og_image":[{"width":1600,"height":739,"url":"https:\/\/www.todoalfalfa.com.ar\/noticias\/wp-content\/uploads\/2026\/03\/WhatsApp-Image-2026-03-16-at-07.55.17.jpeg","type":"image\/jpeg"}],"author":"Todo Alfalfa","twitter_card":"summary_large_image","twitter_misc":{"Escrito por":"Todo Alfalfa","Tiempo de lectura":"5 minutos"},"schema":{"@context":"https:\/\/schema.org","@graph":[{"@type":"NewsArticle","@id":"https:\/\/www.todoalfalfa.com.ar\/noticias\/la-alfalfa-tiene-su-mesa-nacional\/#article","isPartOf":{"@id":"https:\/\/www.todoalfalfa.com.ar\/noticias\/la-alfalfa-tiene-su-mesa-nacional\/"},"author":{"name":"Todo Alfalfa","@id":"https:\/\/www.todoalfalfa.com.ar\/noticias\/#\/schema\/person\/99de93cb711c7015ef658e5321ba9f18"},"headline":"La alfalfa tiene su \u201cmesa nacional\u201d","datePublished":"2026-03-16T11:01:45+00:00","dateModified":"2026-03-19T13:08:32+00:00","mainEntityOfPage":{"@id":"https:\/\/www.todoalfalfa.com.ar\/noticias\/la-alfalfa-tiene-su-mesa-nacional\/"},"wordCount":777,"publisher":{"@id":"https:\/\/www.todoalfalfa.com.ar\/noticias\/#organization"},"image":{"@id":"https:\/\/www.todoalfalfa.com.ar\/noticias\/la-alfalfa-tiene-su-mesa-nacional\/#primaryimage"},"thumbnailUrl":"https:\/\/i0.wp.com\/www.todoalfalfa.com.ar\/noticias\/wp-content\/uploads\/2026\/03\/WhatsApp-Image-2026-03-16-at-07.55.17.jpeg?fit=1600%2C739&ssl=1","keywords":["alfalfa","Argentina","exportaci\u00f3n","forrajes","heno","inta","Mesa Nacional de la Alfalfa","Novedades","pasturas","producci\u00f3n","siembra"],"articleSection":["Generales"],"inLanguage":"es"},{"@type":["WebPage","ItemPage"],"@id":"https:\/\/www.todoalfalfa.com.ar\/noticias\/la-alfalfa-tiene-su-mesa-nacional\/","url":"https:\/\/www.todoalfalfa.com.ar\/noticias\/la-alfalfa-tiene-su-mesa-nacional\/","name":"La alfalfa tiene su \u201cmesa nacional\u201d","isPartOf":{"@id":"https:\/\/www.todoalfalfa.com.ar\/noticias\/#website"},"primaryImageOfPage":{"@id":"https:\/\/www.todoalfalfa.com.ar\/noticias\/la-alfalfa-tiene-su-mesa-nacional\/#primaryimage"},"image":{"@id":"https:\/\/www.todoalfalfa.com.ar\/noticias\/la-alfalfa-tiene-su-mesa-nacional\/#primaryimage"},"thumbnailUrl":"https:\/\/i0.wp.com\/www.todoalfalfa.com.ar\/noticias\/wp-content\/uploads\/2026\/03\/WhatsApp-Image-2026-03-16-at-07.55.17.jpeg?fit=1600%2C739&ssl=1","datePublished":"2026-03-16T11:01:45+00:00","dateModified":"2026-03-19T13:08:32+00:00","breadcrumb":{"@id":"https:\/\/www.todoalfalfa.com.ar\/noticias\/la-alfalfa-tiene-su-mesa-nacional\/#breadcrumb"},"inLanguage":"es","potentialAction":[{"@type":"ReadAction","target":["https:\/\/www.todoalfalfa.com.ar\/noticias\/la-alfalfa-tiene-su-mesa-nacional\/"]}]},{"@type":"ImageObject","inLanguage":"es","@id":"https:\/\/www.todoalfalfa.com.ar\/noticias\/la-alfalfa-tiene-su-mesa-nacional\/#primaryimage","url":"https:\/\/i0.wp.com\/www.todoalfalfa.com.ar\/noticias\/wp-content\/uploads\/2026\/03\/WhatsApp-Image-2026-03-16-at-07.55.17.jpeg?fit=1600%2C739&ssl=1","contentUrl":"https:\/\/i0.wp.com\/www.todoalfalfa.com.ar\/noticias\/wp-content\/uploads\/2026\/03\/WhatsApp-Image-2026-03-16-at-07.55.17.jpeg?fit=1600%2C739&ssl=1","width":1600,"height":739},{"@type":"BreadcrumbList","@id":"https:\/\/www.todoalfalfa.com.ar\/noticias\/la-alfalfa-tiene-su-mesa-nacional\/#breadcrumb","itemListElement":[{"@type":"ListItem","position":1,"name":"Principal","item":"https:\/\/www.todoalfalfa.com.ar\/noticias\/"},{"@type":"ListItem","position":2,"name":"La alfalfa tiene su \u201cmesa nacional\u201d"}]},{"@type":"WebSite","@id":"https:\/\/www.todoalfalfa.com.ar\/noticias\/#website","url":"https:\/\/www.todoalfalfa.com.ar\/noticias\/","name":"Todo Alfalfa","description":"Web informativa de la cadena de la alfalfa argentina","publisher":{"@id":"https:\/\/www.todoalfalfa.com.ar\/noticias\/#organization"},"potentialAction":[{"@type":"SearchAction","target":{"@type":"EntryPoint","urlTemplate":"https:\/\/www.todoalfalfa.com.ar\/noticias\/?s={search_term_string}"},"query-input":{"@type":"PropertyValueSpecification","valueRequired":true,"valueName":"search_term_string"}}],"inLanguage":"es"},{"@type":"Organization","@id":"https:\/\/www.todoalfalfa.com.ar\/noticias\/#organization","name":"Todo Alfalfa","url":"https:\/\/www.todoalfalfa.com.ar\/noticias\/","logo":{"@type":"ImageObject","inLanguage":"es","@id":"https:\/\/www.todoalfalfa.com.ar\/noticias\/#\/schema\/logo\/image\/","url":"https:\/\/www.todoalfalfa.com.ar\/noticias\/wp-content\/uploads\/2020\/09\/logo-todo-alfalfa-modificado.png","contentUrl":"https:\/\/www.todoalfalfa.com.ar\/noticias\/wp-content\/uploads\/2020\/09\/logo-todo-alfalfa-modificado.png","width":350,"height":100,"caption":"Todo Alfalfa"},"image":{"@id":"https:\/\/www.todoalfalfa.com.ar\/noticias\/#\/schema\/logo\/image\/"},"sameAs":["https:\/\/www.facebook.com\/todoalfalfa","https:\/\/www.instagram.com\/todoalfalfa","https:\/\/www.youtube.com\/@TodoAlfalfa","https:\/\/www.linkedin.com\/company\/todoalfalfa\/"]},{"@type":"Person","@id":"https:\/\/www.todoalfalfa.com.ar\/noticias\/#\/schema\/person\/99de93cb711c7015ef658e5321ba9f18","name":"Todo Alfalfa","image":{"@type":"ImageObject","inLanguage":"es","@id":"https:\/\/www.todoalfalfa.com.ar\/noticias\/#\/schema\/person\/image\/","url":"https:\/\/secure.gravatar.com\/avatar\/50ffd12fb7b268bc2467160730786602db252a270c63104e7c19b5f67b8dd346?s=96&d=mm&r=g","contentUrl":"https:\/\/secure.gravatar.com\/avatar\/50ffd12fb7b268bc2467160730786602db252a270c63104e7c19b5f67b8dd346?s=96&d=mm&r=g","caption":"Todo Alfalfa"},"url":"https:\/\/www.todoalfalfa.com.ar\/noticias\/author\/osvaldoiachetta\/"}]}},"jetpack_featured_media_url":"https:\/\/i0.wp.com\/www.todoalfalfa.com.ar\/noticias\/wp-content\/uploads\/2026\/03\/WhatsApp-Image-2026-03-16-at-07.55.17.jpeg?fit=1600%2C739&ssl=1","wps_subtitle":"","jetpack_sharing_enabled":true,"_links":{"self":[{"href":"https:\/\/www.todoalfalfa.com.ar\/noticias\/wp-json\/wp\/v2\/posts\/52163","targetHints":{"allow":["GET"]}}],"collection":[{"href":"https:\/\/www.todoalfalfa.com.ar\/noticias\/wp-json\/wp\/v2\/posts"}],"about":[{"href":"https:\/\/www.todoalfalfa.com.ar\/noticias\/wp-json\/wp\/v2\/types\/post"}],"author":[{"embeddable":true,"href":"https:\/\/www.todoalfalfa.com.ar\/noticias\/wp-json\/wp\/v2\/users\/9"}],"replies":[{"embeddable":true,"href":"https:\/\/www.todoalfalfa.com.ar\/noticias\/wp-json\/wp\/v2\/comments?post=52163"}],"version-history":[{"count":2,"href":"https:\/\/www.todoalfalfa.com.ar\/noticias\/wp-json\/wp\/v2\/posts\/52163\/revisions"}],"predecessor-version":[{"id":52268,"href":"https:\/\/www.todoalfalfa.com.ar\/noticias\/wp-json\/wp\/v2\/posts\/52163\/revisions\/52268"}],"wp:featuredmedia":[{"embeddable":true,"href":"https:\/\/www.todoalfalfa.com.ar\/noticias\/wp-json\/wp\/v2\/media\/52164"}],"wp:attachment":[{"href":"https:\/\/www.todoalfalfa.com.ar\/noticias\/wp-json\/wp\/v2\/media?parent=52163"}],"wp:term":[{"taxonomy":"category","embeddable":true,"href":"https:\/\/www.todoalfalfa.com.ar\/noticias\/wp-json\/wp\/v2\/categories?post=52163"},{"taxonomy":"post_tag","embeddable":true,"href":"https:\/\/www.todoalfalfa.com.ar\/noticias\/wp-json\/wp\/v2\/tags?post=52163"}],"curies":[{"name":"wp","href":"https:\/\/api.w.org\/{rel}","templated":true}]}}