{"id":52173,"date":"2026-03-16T14:23:03","date_gmt":"2026-03-16T17:23:03","guid":{"rendered":"https:\/\/www.todoalfalfa.com.ar\/noticias\/?p=52173"},"modified":"2026-03-17T08:04:17","modified_gmt":"2026-03-17T11:04:17","slug":"en-busca-de-potenciar-el-cultivo-de-alfalfa","status":"publish","type":"post","link":"https:\/\/www.todoalfalfa.com.ar\/noticias\/en-busca-de-potenciar-el-cultivo-de-alfalfa\/","title":{"rendered":"En busca de \u201cpotenciar\u201d el cultivo de alfalfa"},"content":{"rendered":"\n<p>La gen\u00e9tica de vanguardia que hoy tienen las semillas de alfalfa permiten, con un manejo correcto, lograr rindes importantes que hasta triplicar\u00edan las producciones actuales suelen decir los especialistas en la materia.&nbsp;<\/p>\n\n\n\n<p>Sin embargo, no se cumplen ciertos requisitos fundamentales para poder obtener esos m\u00e1rgenes y mucho queda en el camino, esa ineficiencia es \u201cdinero que se deja de ganar\u201d.<\/p>\n\n\n\n<p>En ese marco, el ingeniero agr\u00f3nomo Diego Costa, t\u00e9cnico de la empresa Alfalfas WL &#8211; Agvance SA brind\u00f3 una charla donde intent\u00f3 explicar que integrar gen\u00e9tica de \u00e9lite puede permitir lograr que el potencial te\u00f3rico de la semilla se traduzca en una realidad productiva en el lote, sentando las bases para superar los actuales factores que restringen el rendimiento en el campo.<\/p>\n\n\n\n<div class=\"wp-block-jetpack-slideshow aligncenter\" data-effect=\"slide\" style=\"--aspect-ratio:calc(1024 \/ 771)\"><div class=\"wp-block-jetpack-slideshow_container swiper-container\"><ul class=\"wp-block-jetpack-slideshow_swiper-wrapper swiper-wrapper\"><li class=\"wp-block-jetpack-slideshow_slide swiper-slide\"><figure><img data-recalc-dims=\"1\" fetchpriority=\"high\" decoding=\"async\" width=\"1024\" height=\"771\" alt=\"\" class=\"wp-block-jetpack-slideshow_image wp-image-52177\" data-id=\"52177\" data-aspect-ratio=\"1024 \/ 771\" src=\"https:\/\/i0.wp.com\/www.todoalfalfa.com.ar\/noticias\/wp-content\/uploads\/2026\/03\/WhatsApp-Image-2026-03-11-at-21.16.06-1.jpeg?resize=1024%2C771&#038;ssl=1\" srcset=\"https:\/\/i0.wp.com\/www.todoalfalfa.com.ar\/noticias\/wp-content\/uploads\/2026\/03\/WhatsApp-Image-2026-03-11-at-21.16.06-1.jpeg?resize=1024%2C771&amp;ssl=1 1024w, https:\/\/i0.wp.com\/www.todoalfalfa.com.ar\/noticias\/wp-content\/uploads\/2026\/03\/WhatsApp-Image-2026-03-11-at-21.16.06-1.jpeg?resize=300%2C226&amp;ssl=1 300w, https:\/\/i0.wp.com\/www.todoalfalfa.com.ar\/noticias\/wp-content\/uploads\/2026\/03\/WhatsApp-Image-2026-03-11-at-21.16.06-1.jpeg?resize=768%2C578&amp;ssl=1 768w, https:\/\/i0.wp.com\/www.todoalfalfa.com.ar\/noticias\/wp-content\/uploads\/2026\/03\/WhatsApp-Image-2026-03-11-at-21.16.06-1.jpeg?resize=1536%2C1156&amp;ssl=1 1536w, https:\/\/i0.wp.com\/www.todoalfalfa.com.ar\/noticias\/wp-content\/uploads\/2026\/03\/WhatsApp-Image-2026-03-11-at-21.16.06-1.jpeg?w=1600&amp;ssl=1 1600w\" sizes=\"(max-width: 1000px) 100vw, 1000px\" \/><\/figure><\/li><li class=\"wp-block-jetpack-slideshow_slide swiper-slide\"><figure><img data-recalc-dims=\"1\" decoding=\"async\" width=\"771\" height=\"1024\" alt=\"\" class=\"wp-block-jetpack-slideshow_image wp-image-52176\" data-id=\"52176\" data-aspect-ratio=\"771 \/ 1024\" src=\"https:\/\/i0.wp.com\/www.todoalfalfa.com.ar\/noticias\/wp-content\/uploads\/2026\/03\/WhatsApp-Image-2026-03-11-at-21.16.06.jpeg?resize=771%2C1024&#038;ssl=1\" srcset=\"https:\/\/i0.wp.com\/www.todoalfalfa.com.ar\/noticias\/wp-content\/uploads\/2026\/03\/WhatsApp-Image-2026-03-11-at-21.16.06.jpeg?resize=771%2C1024&amp;ssl=1 771w, https:\/\/i0.wp.com\/www.todoalfalfa.com.ar\/noticias\/wp-content\/uploads\/2026\/03\/WhatsApp-Image-2026-03-11-at-21.16.06.jpeg?resize=226%2C300&amp;ssl=1 226w, https:\/\/i0.wp.com\/www.todoalfalfa.com.ar\/noticias\/wp-content\/uploads\/2026\/03\/WhatsApp-Image-2026-03-11-at-21.16.06.jpeg?resize=768%2C1021&amp;ssl=1 768w, https:\/\/i0.wp.com\/www.todoalfalfa.com.ar\/noticias\/wp-content\/uploads\/2026\/03\/WhatsApp-Image-2026-03-11-at-21.16.06.jpeg?resize=1156%2C1536&amp;ssl=1 1156w, https:\/\/i0.wp.com\/www.todoalfalfa.com.ar\/noticias\/wp-content\/uploads\/2026\/03\/WhatsApp-Image-2026-03-11-at-21.16.06.jpeg?w=1204&amp;ssl=1 1204w\" sizes=\"(max-width: 771px) 100vw, 771px\" \/><\/figure><\/li><li class=\"wp-block-jetpack-slideshow_slide swiper-slide\"><figure><img data-recalc-dims=\"1\" decoding=\"async\" width=\"768\" height=\"1024\" alt=\"\" class=\"wp-block-jetpack-slideshow_image wp-image-52174\" data-id=\"52174\" data-aspect-ratio=\"768 \/ 1024\" src=\"https:\/\/i0.wp.com\/www.todoalfalfa.com.ar\/noticias\/wp-content\/uploads\/2026\/03\/WhatsApp-Image-2026-03-11-at-21.16.07.jpeg?resize=768%2C1024&#038;ssl=1\" srcset=\"https:\/\/i0.wp.com\/www.todoalfalfa.com.ar\/noticias\/wp-content\/uploads\/2026\/03\/WhatsApp-Image-2026-03-11-at-21.16.07.jpeg?resize=768%2C1024&amp;ssl=1 768w, https:\/\/i0.wp.com\/www.todoalfalfa.com.ar\/noticias\/wp-content\/uploads\/2026\/03\/WhatsApp-Image-2026-03-11-at-21.16.07.jpeg?resize=225%2C300&amp;ssl=1 225w, https:\/\/i0.wp.com\/www.todoalfalfa.com.ar\/noticias\/wp-content\/uploads\/2026\/03\/WhatsApp-Image-2026-03-11-at-21.16.07.jpeg?resize=1152%2C1536&amp;ssl=1 1152w, https:\/\/i0.wp.com\/www.todoalfalfa.com.ar\/noticias\/wp-content\/uploads\/2026\/03\/WhatsApp-Image-2026-03-11-at-21.16.07.jpeg?w=1200&amp;ssl=1 1200w\" sizes=\"(max-width: 768px) 100vw, 768px\" \/><\/figure><\/li><li class=\"wp-block-jetpack-slideshow_slide swiper-slide\"><figure><img data-recalc-dims=\"1\" loading=\"lazy\" decoding=\"async\" width=\"768\" height=\"1024\" alt=\"\" class=\"wp-block-jetpack-slideshow_image wp-image-52175\" data-id=\"52175\" data-aspect-ratio=\"768 \/ 1024\" src=\"https:\/\/i0.wp.com\/www.todoalfalfa.com.ar\/noticias\/wp-content\/uploads\/2026\/03\/WhatsApp-Image-2026-03-11-at-21.16.07-1.jpeg?resize=768%2C1024&#038;ssl=1\" srcset=\"https:\/\/i0.wp.com\/www.todoalfalfa.com.ar\/noticias\/wp-content\/uploads\/2026\/03\/WhatsApp-Image-2026-03-11-at-21.16.07-1.jpeg?resize=768%2C1024&amp;ssl=1 768w, https:\/\/i0.wp.com\/www.todoalfalfa.com.ar\/noticias\/wp-content\/uploads\/2026\/03\/WhatsApp-Image-2026-03-11-at-21.16.07-1.jpeg?resize=225%2C300&amp;ssl=1 225w, https:\/\/i0.wp.com\/www.todoalfalfa.com.ar\/noticias\/wp-content\/uploads\/2026\/03\/WhatsApp-Image-2026-03-11-at-21.16.07-1.jpeg?resize=1152%2C1536&amp;ssl=1 1152w, https:\/\/i0.wp.com\/www.todoalfalfa.com.ar\/noticias\/wp-content\/uploads\/2026\/03\/WhatsApp-Image-2026-03-11-at-21.16.07-1.jpeg?w=1200&amp;ssl=1 1200w\" sizes=\"(max-width: 768px) 100vw, 768px\" \/><\/figure><\/li><\/ul><a class=\"wp-block-jetpack-slideshow_button-prev swiper-button-prev swiper-button-white\" role=\"button\"><\/a><a class=\"wp-block-jetpack-slideshow_button-next swiper-button-next swiper-button-white\" role=\"button\"><\/a><a aria-label=\"Pause Slideshow\" class=\"wp-block-jetpack-slideshow_button-pause\" role=\"button\"><\/a><div class=\"wp-block-jetpack-slideshow_pagination swiper-pagination swiper-pagination-white\"><\/div><\/div><\/div>\n\n\n\n<p class=\"has-medium-font-size\"><strong>El techo, est\u00e1 en el suelo\u2026<\/strong><\/p>\n\n\n\n<p>El an\u00e1lisis exhaustivo del suelo es el punto de partida cr\u00edtico para cualquier planteo de alfalfa premium. Sin un diagn\u00f3stico claro, la inversi\u00f3n en gen\u00e9tica superior corre el riesgo de no capitalizarse.&nbsp;<\/p>\n\n\n\n<p>El suelo act\u00faa como el soporte y proveedor de recursos que, ante la presencia de limitantes, se convierte en un \u00abtecho\u00bb infranqueable para la productividad de materia seca.<\/p>\n\n\n\n<p>A partir de los relevamientos t\u00e9cnicos presentados, se han identificado dos grandes grupos de factores que restringen la expresi\u00f3n del potencial gen\u00e9tico:<\/p>\n\n\n\n<p>Limitantes f\u00edsicas: Factores estructurales, como la compactaci\u00f3n o la baja porosidad, que impiden el correcto desarrollo radicular y alteran la din\u00e1mica del agua y el aire, coartando la capacidad de la planta para explorar el perfil profundo.<\/p>\n\n\n\n<p>Limitantes qu\u00edmicas: Desaf\u00edos nutricionales, desequilibrios de pH y baja disponibilidad de nutrientes clave que act\u00faan como cuellos de botella, impidiendo alcanzar los techos de producci\u00f3n de biomasa.<\/p>\n\n\n\n<p>Es imperativo comprender que las alfalfas de alto potencial requieren un ambiente optimizado para expresar su superioridad. La gen\u00e9tica no puede compensar por s\u00ed sola las deficiencias estructurales del suelo; por ello, es necesario identificar estas brechas mediante an\u00e1lisis de laboratorio, intervenir con correcciones precisas y monitorear la respuesta del cultivo. Esta realidad obliga al sector a adoptar alternativas tecnol\u00f3gicas externas para mitigar las restricciones del ambiente.<\/p>\n\n\n\n<p>Hoy, el uso de productos biol\u00f3gicos y fitohormonas es una herramienta estrat\u00e9gica para potenciar la resiliencia y el vigor del cultivo frente a las exigencias productivas actuales, permitiendo que la planta supere el estr\u00e9s abi\u00f3tico y maximice su eficiencia metab\u00f3lica.<\/p>\n\n\n\n<p class=\"has-medium-font-size\"><strong>Los tambos, un espacio donde ser m\u00e1s productivos es necesario<\/strong><\/p>\n\n\n\n<p>En la zona de influencia, la alfalfa constituye el insumo cr\u00edtico y la base forrajera de la dieta en los establecimientos tamberos. La eficiencia en la conversi\u00f3n de forraje a leche depende directamente de la calidad y el volumen de materia seca digestible producida. Por lo tanto, cualquier incremento en el rendimiento del alfalfar impacta de forma inmediata en la rentabilidad y la competitividad del tambo.<\/p>\n\n\n\n<div class=\"wp-block-jetpack-slideshow aligncenter\" data-effect=\"slide\" style=\"--aspect-ratio:calc(576 \/ 1024)\"><div class=\"wp-block-jetpack-slideshow_container swiper-container\"><ul class=\"wp-block-jetpack-slideshow_swiper-wrapper swiper-wrapper\"><li class=\"wp-block-jetpack-slideshow_slide swiper-slide\"><figure><img data-recalc-dims=\"1\" loading=\"lazy\" decoding=\"async\" width=\"576\" height=\"1024\" alt=\"\" class=\"wp-block-jetpack-slideshow_image wp-image-52178\" data-id=\"52178\" data-aspect-ratio=\"576 \/ 1024\" src=\"https:\/\/i0.wp.com\/www.todoalfalfa.com.ar\/noticias\/wp-content\/uploads\/2026\/03\/WhatsApp-Image-2026-03-12-at-18.44.12-1.jpeg?resize=576%2C1024&#038;ssl=1\" srcset=\"https:\/\/i0.wp.com\/www.todoalfalfa.com.ar\/noticias\/wp-content\/uploads\/2026\/03\/WhatsApp-Image-2026-03-12-at-18.44.12-1.jpeg?resize=576%2C1024&amp;ssl=1 576w, https:\/\/i0.wp.com\/www.todoalfalfa.com.ar\/noticias\/wp-content\/uploads\/2026\/03\/WhatsApp-Image-2026-03-12-at-18.44.12-1.jpeg?resize=169%2C300&amp;ssl=1 169w, https:\/\/i0.wp.com\/www.todoalfalfa.com.ar\/noticias\/wp-content\/uploads\/2026\/03\/WhatsApp-Image-2026-03-12-at-18.44.12-1.jpeg?resize=768%2C1366&amp;ssl=1 768w, https:\/\/i0.wp.com\/www.todoalfalfa.com.ar\/noticias\/wp-content\/uploads\/2026\/03\/WhatsApp-Image-2026-03-12-at-18.44.12-1.jpeg?resize=864%2C1536&amp;ssl=1 864w, https:\/\/i0.wp.com\/www.todoalfalfa.com.ar\/noticias\/wp-content\/uploads\/2026\/03\/WhatsApp-Image-2026-03-12-at-18.44.12-1.jpeg?w=899&amp;ssl=1 899w\" sizes=\"(max-width: 576px) 100vw, 576px\" \/><\/figure><\/li><li class=\"wp-block-jetpack-slideshow_slide swiper-slide\"><figure><img data-recalc-dims=\"1\" loading=\"lazy\" decoding=\"async\" width=\"1024\" height=\"576\" alt=\"\" class=\"wp-block-jetpack-slideshow_image wp-image-52179\" data-id=\"52179\" data-aspect-ratio=\"1024 \/ 576\" src=\"https:\/\/i0.wp.com\/www.todoalfalfa.com.ar\/noticias\/wp-content\/uploads\/2026\/03\/WhatsApp-Image-2026-03-12-at-18.44.29.jpeg?resize=1024%2C576&#038;ssl=1\" srcset=\"https:\/\/i0.wp.com\/www.todoalfalfa.com.ar\/noticias\/wp-content\/uploads\/2026\/03\/WhatsApp-Image-2026-03-12-at-18.44.29.jpeg?resize=1024%2C576&amp;ssl=1 1024w, https:\/\/i0.wp.com\/www.todoalfalfa.com.ar\/noticias\/wp-content\/uploads\/2026\/03\/WhatsApp-Image-2026-03-12-at-18.44.29.jpeg?resize=300%2C169&amp;ssl=1 300w, https:\/\/i0.wp.com\/www.todoalfalfa.com.ar\/noticias\/wp-content\/uploads\/2026\/03\/WhatsApp-Image-2026-03-12-at-18.44.29.jpeg?resize=768%2C432&amp;ssl=1 768w, https:\/\/i0.wp.com\/www.todoalfalfa.com.ar\/noticias\/wp-content\/uploads\/2026\/03\/WhatsApp-Image-2026-03-12-at-18.44.29.jpeg?resize=1536%2C864&amp;ssl=1 1536w, https:\/\/i0.wp.com\/www.todoalfalfa.com.ar\/noticias\/wp-content\/uploads\/2026\/03\/WhatsApp-Image-2026-03-12-at-18.44.29.jpeg?resize=777%2C437&amp;ssl=1 777w, https:\/\/i0.wp.com\/www.todoalfalfa.com.ar\/noticias\/wp-content\/uploads\/2026\/03\/WhatsApp-Image-2026-03-12-at-18.44.29.jpeg?resize=180%2C101&amp;ssl=1 180w, https:\/\/i0.wp.com\/www.todoalfalfa.com.ar\/noticias\/wp-content\/uploads\/2026\/03\/WhatsApp-Image-2026-03-12-at-18.44.29.jpeg?resize=260%2C146&amp;ssl=1 260w, https:\/\/i0.wp.com\/www.todoalfalfa.com.ar\/noticias\/wp-content\/uploads\/2026\/03\/WhatsApp-Image-2026-03-12-at-18.44.29.jpeg?resize=373%2C210&amp;ssl=1 373w, https:\/\/i0.wp.com\/www.todoalfalfa.com.ar\/noticias\/wp-content\/uploads\/2026\/03\/WhatsApp-Image-2026-03-12-at-18.44.29.jpeg?resize=120%2C67&amp;ssl=1 120w, https:\/\/i0.wp.com\/www.todoalfalfa.com.ar\/noticias\/wp-content\/uploads\/2026\/03\/WhatsApp-Image-2026-03-12-at-18.44.29.jpeg?w=1599&amp;ssl=1 1599w\" sizes=\"(max-width: 1000px) 100vw, 1000px\" \/><\/figure><\/li><li class=\"wp-block-jetpack-slideshow_slide swiper-slide\"><figure><img data-recalc-dims=\"1\" loading=\"lazy\" decoding=\"async\" width=\"576\" height=\"1024\" alt=\"\" class=\"wp-block-jetpack-slideshow_image wp-image-52180\" data-id=\"52180\" data-aspect-ratio=\"576 \/ 1024\" src=\"https:\/\/i0.wp.com\/www.todoalfalfa.com.ar\/noticias\/wp-content\/uploads\/2026\/03\/WhatsApp-Image-2026-03-12-at-18.48.59-1.jpeg?resize=576%2C1024&#038;ssl=1\"\/><\/figure><\/li><li class=\"wp-block-jetpack-slideshow_slide swiper-slide\"><figure><img data-recalc-dims=\"1\" loading=\"lazy\" decoding=\"async\" width=\"463\" height=\"584\" alt=\"\" class=\"wp-block-jetpack-slideshow_image wp-image-51954\" data-id=\"51954\" src=\"https:\/\/i0.wp.com\/www.todoalfalfa.com.ar\/noticias\/wp-content\/uploads\/2026\/03\/Captura-de-pantalla-2026-03-09-134249.png?resize=463%2C584&#038;ssl=1\" srcset=\"https:\/\/i0.wp.com\/www.todoalfalfa.com.ar\/noticias\/wp-content\/uploads\/2026\/03\/Captura-de-pantalla-2026-03-09-134249.png?w=463&amp;ssl=1 463w, https:\/\/i0.wp.com\/www.todoalfalfa.com.ar\/noticias\/wp-content\/uploads\/2026\/03\/Captura-de-pantalla-2026-03-09-134249.png?resize=238%2C300&amp;ssl=1 238w\" sizes=\"(max-width: 463px) 100vw, 463px\" \/><\/figure><\/li><li class=\"wp-block-jetpack-slideshow_slide swiper-slide\"><figure><img data-recalc-dims=\"1\" loading=\"lazy\" decoding=\"async\" width=\"1024\" height=\"768\" alt=\"\" class=\"wp-block-jetpack-slideshow_image wp-image-51947\" data-id=\"51947\" data-aspect-ratio=\"1024 \/ 768\" src=\"https:\/\/i0.wp.com\/www.todoalfalfa.com.ar\/noticias\/wp-content\/uploads\/2026\/03\/Pastoreo-alfalfa-con-preoreo.jpg?resize=1024%2C768&#038;ssl=1\" srcset=\"https:\/\/i0.wp.com\/www.todoalfalfa.com.ar\/noticias\/wp-content\/uploads\/2026\/03\/Pastoreo-alfalfa-con-preoreo.jpg?resize=1024%2C768&amp;ssl=1 1024w, https:\/\/i0.wp.com\/www.todoalfalfa.com.ar\/noticias\/wp-content\/uploads\/2026\/03\/Pastoreo-alfalfa-con-preoreo.jpg?resize=300%2C225&amp;ssl=1 300w, https:\/\/i0.wp.com\/www.todoalfalfa.com.ar\/noticias\/wp-content\/uploads\/2026\/03\/Pastoreo-alfalfa-con-preoreo.jpg?resize=768%2C576&amp;ssl=1 768w, https:\/\/i0.wp.com\/www.todoalfalfa.com.ar\/noticias\/wp-content\/uploads\/2026\/03\/Pastoreo-alfalfa-con-preoreo.jpg?w=1200&amp;ssl=1 1200w\" sizes=\"(max-width: 1000px) 100vw, 1000px\" \/><\/figure><\/li><\/ul><a class=\"wp-block-jetpack-slideshow_button-prev swiper-button-prev swiper-button-white\" role=\"button\"><\/a><a class=\"wp-block-jetpack-slideshow_button-next swiper-button-next swiper-button-white\" role=\"button\"><\/a><a aria-label=\"Pause Slideshow\" class=\"wp-block-jetpack-slideshow_button-pause\" role=\"button\"><\/a><div class=\"wp-block-jetpack-slideshow_pagination swiper-pagination swiper-pagination-white\"><\/div><\/div><\/div>\n\n\n\n<p>Es imperioso que el productor tambero entienda la necesidad de superar las brechas f\u00edsicas y qu\u00edmicas del suelo. Usar bioestimulantes que incremente el vol\u00famen, permite estabilizar la oferta forrajera y recuperar m\u00e1s r\u00e1pido el corte o el pastoreo.<\/p>\n\n\n\n<p>Al maximizar la productividad de la alfalfa, el establecimiento reduce su dependencia de concentrados externos y asegura una base nutricional s\u00f3lida y constante durante todo el ciclo productivo.<\/p>\n<div class=\"todoalfalfa-final-de-la-nota\" id=\"todoalfalfa-3229691318\"><a href=\"https:\/\/www.whatsapp.com\/channel\/0029VbCBmFB9WtBxJsD3eC2i\" target=\"_blank\" aria-label=\"5\"><img src=\"https:\/\/i0.wp.com\/www.todoalfalfa.com.ar\/noticias\/wp-content\/uploads\/2026\/04\/5.gif?fit=728%2C90&#038;ssl=1\" alt=\"\"  width=\"728\" height=\"90\"   \/><\/a><\/div>","protected":false},"excerpt":{"rendered":"<p>En la Fiesta Nacional de la Alfalfa, que tuvo lugar en San Basilio, Diego Costa de la empresa WL abord\u00f3 esta tem\u00e1tica desde un encuadre estrat\u00e9gico. Alternativas para lograr la transferencia tecnolog\u00eda a la producci\u00f3n real.<\/p>\n","protected":false},"author":9,"featured_media":52180,"comment_status":"closed","ping_status":"open","sticky":false,"template":"","format":"standard","meta":{"jetpack_post_was_ever_published":false,"_jetpack_newsletter_access":"","_jetpack_dont_email_post_to_subs":false,"_jetpack_newsletter_tier_id":0,"_jetpack_memberships_contains_paywalled_content":false,"_jetpack_memberships_contains_paid_content":false,"footnotes":""},"categories":[2],"tags":[31,105,2195,68,17,21,91,149],"class_list":["post-52173","post","type-post","status-publish","format-standard","has-post-thumbnail","hentry","category-generales","tag-alfalfa","tag-argentina","tag-diego-costa","tag-heno","tag-pasturas","tag-produccion","tag-siembra","tag-wl"],"yoast_head":"<!-- This site is optimized with the Yoast SEO plugin v25.5 - https:\/\/yoast.com\/wordpress\/plugins\/seo\/ -->\n<title>En busca de \u201cpotenciar\u201d el cultivo de alfalfa<\/title>\n<meta name=\"robots\" content=\"index, follow, max-snippet:-1, max-image-preview:large, max-video-preview:-1\" \/>\n<link rel=\"canonical\" href=\"https:\/\/www.todoalfalfa.com.ar\/noticias\/en-busca-de-potenciar-el-cultivo-de-alfalfa\/\" \/>\n<meta property=\"og:locale\" content=\"es_ES\" \/>\n<meta property=\"og:type\" content=\"article\" \/>\n<meta property=\"og:title\" content=\"En busca de \u201cpotenciar\u201d el cultivo de alfalfa\" \/>\n<meta property=\"og:description\" content=\"En la Fiesta Nacional de la Alfalfa, que tuvo lugar en San Basilio, Diego Costa de la empresa WL abord\u00f3 esta tem\u00e1tica desde un encuadre estrat\u00e9gico. Alternativas para lograr la transferencia tecnolog\u00eda a la producci\u00f3n real.\" \/>\n<meta property=\"og:url\" content=\"https:\/\/www.todoalfalfa.com.ar\/noticias\/en-busca-de-potenciar-el-cultivo-de-alfalfa\/\" \/>\n<meta property=\"og:site_name\" content=\"Todo Alfalfa\" \/>\n<meta property=\"article:publisher\" content=\"https:\/\/www.facebook.com\/todoalfalfa\" \/>\n<meta property=\"article:published_time\" content=\"2026-03-16T17:23:03+00:00\" \/>\n<meta property=\"article:modified_time\" content=\"2026-03-17T11:04:17+00:00\" \/>\n<meta property=\"og:image\" content=\"https:\/\/www.todoalfalfa.com.ar\/noticias\/wp-content\/uploads\/2026\/03\/WhatsApp-Image-2026-03-12-at-18.48.59-1-e1773681493553.jpeg\" \/>\n\t<meta property=\"og:image:width\" content=\"895\" \/>\n\t<meta property=\"og:image:height\" content=\"887\" \/>\n\t<meta property=\"og:image:type\" content=\"image\/jpeg\" \/>\n<meta name=\"author\" content=\"Todo Alfalfa\" \/>\n<meta name=\"twitter:card\" content=\"summary_large_image\" \/>\n<meta name=\"twitter:label1\" content=\"Escrito por\" \/>\n\t<meta name=\"twitter:data1\" content=\"Todo Alfalfa\" \/>\n\t<meta name=\"twitter:label2\" content=\"Tiempo de lectura\" \/>\n\t<meta name=\"twitter:data2\" content=\"5 minutos\" \/>\n<script type=\"application\/ld+json\" class=\"yoast-schema-graph\">{\"@context\":\"https:\/\/schema.org\",\"@graph\":[{\"@type\":\"NewsArticle\",\"@id\":\"https:\/\/www.todoalfalfa.com.ar\/noticias\/en-busca-de-potenciar-el-cultivo-de-alfalfa\/#article\",\"isPartOf\":{\"@id\":\"https:\/\/www.todoalfalfa.com.ar\/noticias\/en-busca-de-potenciar-el-cultivo-de-alfalfa\/\"},\"author\":{\"name\":\"Todo Alfalfa\",\"@id\":\"https:\/\/www.todoalfalfa.com.ar\/noticias\/#\/schema\/person\/99de93cb711c7015ef658e5321ba9f18\"},\"headline\":\"En busca de \u201cpotenciar\u201d el cultivo de alfalfa\",\"datePublished\":\"2026-03-16T17:23:03+00:00\",\"dateModified\":\"2026-03-17T11:04:17+00:00\",\"mainEntityOfPage\":{\"@id\":\"https:\/\/www.todoalfalfa.com.ar\/noticias\/en-busca-de-potenciar-el-cultivo-de-alfalfa\/\"},\"wordCount\":573,\"publisher\":{\"@id\":\"https:\/\/www.todoalfalfa.com.ar\/noticias\/#organization\"},\"image\":{\"@id\":\"https:\/\/www.todoalfalfa.com.ar\/noticias\/en-busca-de-potenciar-el-cultivo-de-alfalfa\/#primaryimage\"},\"thumbnailUrl\":\"https:\/\/i0.wp.com\/www.todoalfalfa.com.ar\/noticias\/wp-content\/uploads\/2026\/03\/WhatsApp-Image-2026-03-12-at-18.48.59-1-e1773681493553.jpeg?fit=895%2C887&ssl=1\",\"keywords\":[\"alfalfa\",\"Argentina\",\"Diego Costa\",\"heno\",\"pasturas\",\"producci\u00f3n\",\"siembra\",\"WL\"],\"articleSection\":[\"Generales\"],\"inLanguage\":\"es\"},{\"@type\":[\"WebPage\",\"ItemPage\"],\"@id\":\"https:\/\/www.todoalfalfa.com.ar\/noticias\/en-busca-de-potenciar-el-cultivo-de-alfalfa\/\",\"url\":\"https:\/\/www.todoalfalfa.com.ar\/noticias\/en-busca-de-potenciar-el-cultivo-de-alfalfa\/\",\"name\":\"En busca de \u201cpotenciar\u201d el cultivo de alfalfa\",\"isPartOf\":{\"@id\":\"https:\/\/www.todoalfalfa.com.ar\/noticias\/#website\"},\"primaryImageOfPage\":{\"@id\":\"https:\/\/www.todoalfalfa.com.ar\/noticias\/en-busca-de-potenciar-el-cultivo-de-alfalfa\/#primaryimage\"},\"image\":{\"@id\":\"https:\/\/www.todoalfalfa.com.ar\/noticias\/en-busca-de-potenciar-el-cultivo-de-alfalfa\/#primaryimage\"},\"thumbnailUrl\":\"https:\/\/i0.wp.com\/www.todoalfalfa.com.ar\/noticias\/wp-content\/uploads\/2026\/03\/WhatsApp-Image-2026-03-12-at-18.48.59-1-e1773681493553.jpeg?fit=895%2C887&ssl=1\",\"datePublished\":\"2026-03-16T17:23:03+00:00\",\"dateModified\":\"2026-03-17T11:04:17+00:00\",\"breadcrumb\":{\"@id\":\"https:\/\/www.todoalfalfa.com.ar\/noticias\/en-busca-de-potenciar-el-cultivo-de-alfalfa\/#breadcrumb\"},\"inLanguage\":\"es\",\"potentialAction\":[{\"@type\":\"ReadAction\",\"target\":[\"https:\/\/www.todoalfalfa.com.ar\/noticias\/en-busca-de-potenciar-el-cultivo-de-alfalfa\/\"]}]},{\"@type\":\"ImageObject\",\"inLanguage\":\"es\",\"@id\":\"https:\/\/www.todoalfalfa.com.ar\/noticias\/en-busca-de-potenciar-el-cultivo-de-alfalfa\/#primaryimage\",\"url\":\"https:\/\/i0.wp.com\/www.todoalfalfa.com.ar\/noticias\/wp-content\/uploads\/2026\/03\/WhatsApp-Image-2026-03-12-at-18.48.59-1-e1773681493553.jpeg?fit=895%2C887&ssl=1\",\"contentUrl\":\"https:\/\/i0.wp.com\/www.todoalfalfa.com.ar\/noticias\/wp-content\/uploads\/2026\/03\/WhatsApp-Image-2026-03-12-at-18.48.59-1-e1773681493553.jpeg?fit=895%2C887&ssl=1\",\"width\":895,\"height\":887},{\"@type\":\"BreadcrumbList\",\"@id\":\"https:\/\/www.todoalfalfa.com.ar\/noticias\/en-busca-de-potenciar-el-cultivo-de-alfalfa\/#breadcrumb\",\"itemListElement\":[{\"@type\":\"ListItem\",\"position\":1,\"name\":\"Principal\",\"item\":\"https:\/\/www.todoalfalfa.com.ar\/noticias\/\"},{\"@type\":\"ListItem\",\"position\":2,\"name\":\"En busca de \u201cpotenciar\u201d el cultivo de alfalfa\"}]},{\"@type\":\"WebSite\",\"@id\":\"https:\/\/www.todoalfalfa.com.ar\/noticias\/#website\",\"url\":\"https:\/\/www.todoalfalfa.com.ar\/noticias\/\",\"name\":\"Todo Alfalfa\",\"description\":\"Web informativa de la cadena de la alfalfa argentina\",\"publisher\":{\"@id\":\"https:\/\/www.todoalfalfa.com.ar\/noticias\/#organization\"},\"potentialAction\":[{\"@type\":\"SearchAction\",\"target\":{\"@type\":\"EntryPoint\",\"urlTemplate\":\"https:\/\/www.todoalfalfa.com.ar\/noticias\/?s={search_term_string}\"},\"query-input\":{\"@type\":\"PropertyValueSpecification\",\"valueRequired\":true,\"valueName\":\"search_term_string\"}}],\"inLanguage\":\"es\"},{\"@type\":\"Organization\",\"@id\":\"https:\/\/www.todoalfalfa.com.ar\/noticias\/#organization\",\"name\":\"Todo Alfalfa\",\"url\":\"https:\/\/www.todoalfalfa.com.ar\/noticias\/\",\"logo\":{\"@type\":\"ImageObject\",\"inLanguage\":\"es\",\"@id\":\"https:\/\/www.todoalfalfa.com.ar\/noticias\/#\/schema\/logo\/image\/\",\"url\":\"https:\/\/www.todoalfalfa.com.ar\/noticias\/wp-content\/uploads\/2020\/09\/logo-todo-alfalfa-modificado.png\",\"contentUrl\":\"https:\/\/www.todoalfalfa.com.ar\/noticias\/wp-content\/uploads\/2020\/09\/logo-todo-alfalfa-modificado.png\",\"width\":350,\"height\":100,\"caption\":\"Todo Alfalfa\"},\"image\":{\"@id\":\"https:\/\/www.todoalfalfa.com.ar\/noticias\/#\/schema\/logo\/image\/\"},\"sameAs\":[\"https:\/\/www.facebook.com\/todoalfalfa\",\"https:\/\/www.instagram.com\/todoalfalfa\",\"https:\/\/www.youtube.com\/@TodoAlfalfa\",\"https:\/\/www.linkedin.com\/company\/todoalfalfa\/\"]},{\"@type\":\"Person\",\"@id\":\"https:\/\/www.todoalfalfa.com.ar\/noticias\/#\/schema\/person\/99de93cb711c7015ef658e5321ba9f18\",\"name\":\"Todo Alfalfa\",\"image\":{\"@type\":\"ImageObject\",\"inLanguage\":\"es\",\"@id\":\"https:\/\/www.todoalfalfa.com.ar\/noticias\/#\/schema\/person\/image\/\",\"url\":\"https:\/\/secure.gravatar.com\/avatar\/50ffd12fb7b268bc2467160730786602db252a270c63104e7c19b5f67b8dd346?s=96&d=mm&r=g\",\"contentUrl\":\"https:\/\/secure.gravatar.com\/avatar\/50ffd12fb7b268bc2467160730786602db252a270c63104e7c19b5f67b8dd346?s=96&d=mm&r=g\",\"caption\":\"Todo Alfalfa\"},\"url\":\"https:\/\/www.todoalfalfa.com.ar\/noticias\/author\/osvaldoiachetta\/\"}]}<\/script>\n<!-- \/ Yoast SEO plugin. -->","yoast_head_json":{"title":"En busca de \u201cpotenciar\u201d el cultivo de alfalfa","robots":{"index":"index","follow":"follow","max-snippet":"max-snippet:-1","max-image-preview":"max-image-preview:large","max-video-preview":"max-video-preview:-1"},"canonical":"https:\/\/www.todoalfalfa.com.ar\/noticias\/en-busca-de-potenciar-el-cultivo-de-alfalfa\/","og_locale":"es_ES","og_type":"article","og_title":"En busca de \u201cpotenciar\u201d el cultivo de alfalfa","og_description":"En la Fiesta Nacional de la Alfalfa, que tuvo lugar en San Basilio, Diego Costa de la empresa WL abord\u00f3 esta tem\u00e1tica desde un encuadre estrat\u00e9gico. Alternativas para lograr la transferencia tecnolog\u00eda a la producci\u00f3n real.","og_url":"https:\/\/www.todoalfalfa.com.ar\/noticias\/en-busca-de-potenciar-el-cultivo-de-alfalfa\/","og_site_name":"Todo Alfalfa","article_publisher":"https:\/\/www.facebook.com\/todoalfalfa","article_published_time":"2026-03-16T17:23:03+00:00","article_modified_time":"2026-03-17T11:04:17+00:00","og_image":[{"width":895,"height":887,"url":"https:\/\/www.todoalfalfa.com.ar\/noticias\/wp-content\/uploads\/2026\/03\/WhatsApp-Image-2026-03-12-at-18.48.59-1-e1773681493553.jpeg","type":"image\/jpeg"}],"author":"Todo Alfalfa","twitter_card":"summary_large_image","twitter_misc":{"Escrito por":"Todo Alfalfa","Tiempo de lectura":"5 minutos"},"schema":{"@context":"https:\/\/schema.org","@graph":[{"@type":"NewsArticle","@id":"https:\/\/www.todoalfalfa.com.ar\/noticias\/en-busca-de-potenciar-el-cultivo-de-alfalfa\/#article","isPartOf":{"@id":"https:\/\/www.todoalfalfa.com.ar\/noticias\/en-busca-de-potenciar-el-cultivo-de-alfalfa\/"},"author":{"name":"Todo Alfalfa","@id":"https:\/\/www.todoalfalfa.com.ar\/noticias\/#\/schema\/person\/99de93cb711c7015ef658e5321ba9f18"},"headline":"En busca de \u201cpotenciar\u201d el cultivo de alfalfa","datePublished":"2026-03-16T17:23:03+00:00","dateModified":"2026-03-17T11:04:17+00:00","mainEntityOfPage":{"@id":"https:\/\/www.todoalfalfa.com.ar\/noticias\/en-busca-de-potenciar-el-cultivo-de-alfalfa\/"},"wordCount":573,"publisher":{"@id":"https:\/\/www.todoalfalfa.com.ar\/noticias\/#organization"},"image":{"@id":"https:\/\/www.todoalfalfa.com.ar\/noticias\/en-busca-de-potenciar-el-cultivo-de-alfalfa\/#primaryimage"},"thumbnailUrl":"https:\/\/i0.wp.com\/www.todoalfalfa.com.ar\/noticias\/wp-content\/uploads\/2026\/03\/WhatsApp-Image-2026-03-12-at-18.48.59-1-e1773681493553.jpeg?fit=895%2C887&ssl=1","keywords":["alfalfa","Argentina","Diego Costa","heno","pasturas","producci\u00f3n","siembra","WL"],"articleSection":["Generales"],"inLanguage":"es"},{"@type":["WebPage","ItemPage"],"@id":"https:\/\/www.todoalfalfa.com.ar\/noticias\/en-busca-de-potenciar-el-cultivo-de-alfalfa\/","url":"https:\/\/www.todoalfalfa.com.ar\/noticias\/en-busca-de-potenciar-el-cultivo-de-alfalfa\/","name":"En busca de \u201cpotenciar\u201d el cultivo de alfalfa","isPartOf":{"@id":"https:\/\/www.todoalfalfa.com.ar\/noticias\/#website"},"primaryImageOfPage":{"@id":"https:\/\/www.todoalfalfa.com.ar\/noticias\/en-busca-de-potenciar-el-cultivo-de-alfalfa\/#primaryimage"},"image":{"@id":"https:\/\/www.todoalfalfa.com.ar\/noticias\/en-busca-de-potenciar-el-cultivo-de-alfalfa\/#primaryimage"},"thumbnailUrl":"https:\/\/i0.wp.com\/www.todoalfalfa.com.ar\/noticias\/wp-content\/uploads\/2026\/03\/WhatsApp-Image-2026-03-12-at-18.48.59-1-e1773681493553.jpeg?fit=895%2C887&ssl=1","datePublished":"2026-03-16T17:23:03+00:00","dateModified":"2026-03-17T11:04:17+00:00","breadcrumb":{"@id":"https:\/\/www.todoalfalfa.com.ar\/noticias\/en-busca-de-potenciar-el-cultivo-de-alfalfa\/#breadcrumb"},"inLanguage":"es","potentialAction":[{"@type":"ReadAction","target":["https:\/\/www.todoalfalfa.com.ar\/noticias\/en-busca-de-potenciar-el-cultivo-de-alfalfa\/"]}]},{"@type":"ImageObject","inLanguage":"es","@id":"https:\/\/www.todoalfalfa.com.ar\/noticias\/en-busca-de-potenciar-el-cultivo-de-alfalfa\/#primaryimage","url":"https:\/\/i0.wp.com\/www.todoalfalfa.com.ar\/noticias\/wp-content\/uploads\/2026\/03\/WhatsApp-Image-2026-03-12-at-18.48.59-1-e1773681493553.jpeg?fit=895%2C887&ssl=1","contentUrl":"https:\/\/i0.wp.com\/www.todoalfalfa.com.ar\/noticias\/wp-content\/uploads\/2026\/03\/WhatsApp-Image-2026-03-12-at-18.48.59-1-e1773681493553.jpeg?fit=895%2C887&ssl=1","width":895,"height":887},{"@type":"BreadcrumbList","@id":"https:\/\/www.todoalfalfa.com.ar\/noticias\/en-busca-de-potenciar-el-cultivo-de-alfalfa\/#breadcrumb","itemListElement":[{"@type":"ListItem","position":1,"name":"Principal","item":"https:\/\/www.todoalfalfa.com.ar\/noticias\/"},{"@type":"ListItem","position":2,"name":"En busca de \u201cpotenciar\u201d el cultivo de alfalfa"}]},{"@type":"WebSite","@id":"https:\/\/www.todoalfalfa.com.ar\/noticias\/#website","url":"https:\/\/www.todoalfalfa.com.ar\/noticias\/","name":"Todo Alfalfa","description":"Web informativa de la cadena de la alfalfa argentina","publisher":{"@id":"https:\/\/www.todoalfalfa.com.ar\/noticias\/#organization"},"potentialAction":[{"@type":"SearchAction","target":{"@type":"EntryPoint","urlTemplate":"https:\/\/www.todoalfalfa.com.ar\/noticias\/?s={search_term_string}"},"query-input":{"@type":"PropertyValueSpecification","valueRequired":true,"valueName":"search_term_string"}}],"inLanguage":"es"},{"@type":"Organization","@id":"https:\/\/www.todoalfalfa.com.ar\/noticias\/#organization","name":"Todo Alfalfa","url":"https:\/\/www.todoalfalfa.com.ar\/noticias\/","logo":{"@type":"ImageObject","inLanguage":"es","@id":"https:\/\/www.todoalfalfa.com.ar\/noticias\/#\/schema\/logo\/image\/","url":"https:\/\/www.todoalfalfa.com.ar\/noticias\/wp-content\/uploads\/2020\/09\/logo-todo-alfalfa-modificado.png","contentUrl":"https:\/\/www.todoalfalfa.com.ar\/noticias\/wp-content\/uploads\/2020\/09\/logo-todo-alfalfa-modificado.png","width":350,"height":100,"caption":"Todo Alfalfa"},"image":{"@id":"https:\/\/www.todoalfalfa.com.ar\/noticias\/#\/schema\/logo\/image\/"},"sameAs":["https:\/\/www.facebook.com\/todoalfalfa","https:\/\/www.instagram.com\/todoalfalfa","https:\/\/www.youtube.com\/@TodoAlfalfa","https:\/\/www.linkedin.com\/company\/todoalfalfa\/"]},{"@type":"Person","@id":"https:\/\/www.todoalfalfa.com.ar\/noticias\/#\/schema\/person\/99de93cb711c7015ef658e5321ba9f18","name":"Todo Alfalfa","image":{"@type":"ImageObject","inLanguage":"es","@id":"https:\/\/www.todoalfalfa.com.ar\/noticias\/#\/schema\/person\/image\/","url":"https:\/\/secure.gravatar.com\/avatar\/50ffd12fb7b268bc2467160730786602db252a270c63104e7c19b5f67b8dd346?s=96&d=mm&r=g","contentUrl":"https:\/\/secure.gravatar.com\/avatar\/50ffd12fb7b268bc2467160730786602db252a270c63104e7c19b5f67b8dd346?s=96&d=mm&r=g","caption":"Todo Alfalfa"},"url":"https:\/\/www.todoalfalfa.com.ar\/noticias\/author\/osvaldoiachetta\/"}]}},"jetpack_featured_media_url":"https:\/\/i0.wp.com\/www.todoalfalfa.com.ar\/noticias\/wp-content\/uploads\/2026\/03\/WhatsApp-Image-2026-03-12-at-18.48.59-1-e1773681493553.jpeg?fit=895%2C887&ssl=1","wps_subtitle":"","jetpack_sharing_enabled":true,"_links":{"self":[{"href":"https:\/\/www.todoalfalfa.com.ar\/noticias\/wp-json\/wp\/v2\/posts\/52173","targetHints":{"allow":["GET"]}}],"collection":[{"href":"https:\/\/www.todoalfalfa.com.ar\/noticias\/wp-json\/wp\/v2\/posts"}],"about":[{"href":"https:\/\/www.todoalfalfa.com.ar\/noticias\/wp-json\/wp\/v2\/types\/post"}],"author":[{"embeddable":true,"href":"https:\/\/www.todoalfalfa.com.ar\/noticias\/wp-json\/wp\/v2\/users\/9"}],"replies":[{"embeddable":true,"href":"https:\/\/www.todoalfalfa.com.ar\/noticias\/wp-json\/wp\/v2\/comments?post=52173"}],"version-history":[{"count":2,"href":"https:\/\/www.todoalfalfa.com.ar\/noticias\/wp-json\/wp\/v2\/posts\/52173\/revisions"}],"predecessor-version":[{"id":52182,"href":"https:\/\/www.todoalfalfa.com.ar\/noticias\/wp-json\/wp\/v2\/posts\/52173\/revisions\/52182"}],"wp:featuredmedia":[{"embeddable":true,"href":"https:\/\/www.todoalfalfa.com.ar\/noticias\/wp-json\/wp\/v2\/media\/52180"}],"wp:attachment":[{"href":"https:\/\/www.todoalfalfa.com.ar\/noticias\/wp-json\/wp\/v2\/media?parent=52173"}],"wp:term":[{"taxonomy":"category","embeddable":true,"href":"https:\/\/www.todoalfalfa.com.ar\/noticias\/wp-json\/wp\/v2\/categories?post=52173"},{"taxonomy":"post_tag","embeddable":true,"href":"https:\/\/www.todoalfalfa.com.ar\/noticias\/wp-json\/wp\/v2\/tags?post=52173"}],"curies":[{"name":"wp","href":"https:\/\/api.w.org\/{rel}","templated":true}]}}