{"id":52442,"date":"2026-04-28T07:03:54","date_gmt":"2026-04-28T10:03:54","guid":{"rendered":"https:\/\/www.todoalfalfa.com.ar\/noticias\/?p=52442"},"modified":"2026-04-28T07:03:57","modified_gmt":"2026-04-28T10:03:57","slug":"la-alfalfa-tendra-su-dia-mundial","status":"publish","type":"post","link":"https:\/\/www.todoalfalfa.com.ar\/noticias\/la-alfalfa-tendra-su-dia-mundial\/","title":{"rendered":"La alfalfa tendr\u00e1 su d\u00eda mundial"},"content":{"rendered":"\n<p>Desde TodoAlfalfa\/SomosAlfalfa buscamos instaurar el D\u00eda Mundial de la Alfalfa, una propuesta que no es sencilla, pero que entendemos es una necesidad para que el sector cuente con un d\u00eda donde \u201cla reina de las forrajeras\u201d sea reconocida.<\/p>\n\n\n\n<p>Esta iniciativa busca que en esa jornada, todos los actores de la cadena destaquen los aportes que la alfalfa realiza al mundo.<\/p>\n\n\n\n<p><strong>\u00bfPor qu\u00e9 esa fecha?<\/strong><\/p>\n\n\n\n<p>Esta idea se fundamenta en un hecho de relevancia cient\u00edfica como lo fue el nacimiento de Carl Linnaeus en 1707, figura central en la historia de la bot\u00e1nica y creador del sistema de clasificaci\u00f3n binomial que a\u00fan rige la nomenclatura de las especies.<\/p>\n\n\n\n<p>La publicaci\u00f3n de Species Plantarum en 1753 marc\u00f3 un punto de inflexi\u00f3n en las ciencias naturales, al establecer un lenguaje com\u00fan y universal para la identificaci\u00f3n de las plantas. Fue all\u00ed donde se formaliz\u00f3 la denominaci\u00f3n cient\u00edfica de la alfalfa como Medicago sativa, otorg\u00e1ndole identidad dentro del sistema taxon\u00f3mico global.<\/p>\n\n\n\n<p><strong>Reconocer un cient\u00edfico que propuso un lenguaje universal<\/strong><\/p>\n\n\n\n<p>En este sentido, la elecci\u00f3n del d\u00eda no responde a una l\u00f3gica productiva local ni a un hito regional, sino a un fundamento cient\u00edfico de alcance mundial, lo que le confiere legitimidad, neutralidad e identidad integradora.<\/p>\n\n\n\n<figure class=\"wp-block-image size-large\"><img data-recalc-dims=\"1\" fetchpriority=\"high\" decoding=\"async\" width=\"1024\" height=\"285\" src=\"https:\/\/i0.wp.com\/www.todoalfalfa.com.ar\/noticias\/wp-content\/uploads\/2026\/04\/LOGO-07-e1777370567519-1024x285.png?resize=1024%2C285&#038;ssl=1\" alt=\"\" class=\"wp-image-52444\" srcset=\"https:\/\/i0.wp.com\/www.todoalfalfa.com.ar\/noticias\/wp-content\/uploads\/2026\/04\/LOGO-07-e1777370567519.png?resize=1024%2C285&amp;ssl=1 1024w, https:\/\/i0.wp.com\/www.todoalfalfa.com.ar\/noticias\/wp-content\/uploads\/2026\/04\/LOGO-07-e1777370567519.png?resize=300%2C83&amp;ssl=1 300w, https:\/\/i0.wp.com\/www.todoalfalfa.com.ar\/noticias\/wp-content\/uploads\/2026\/04\/LOGO-07-e1777370567519.png?resize=768%2C214&amp;ssl=1 768w, https:\/\/i0.wp.com\/www.todoalfalfa.com.ar\/noticias\/wp-content\/uploads\/2026\/04\/LOGO-07-e1777370567519.png?resize=1536%2C427&amp;ssl=1 1536w, https:\/\/i0.wp.com\/www.todoalfalfa.com.ar\/noticias\/wp-content\/uploads\/2026\/04\/LOGO-07-e1777370567519.png?resize=2048%2C570&amp;ssl=1 2048w\" sizes=\"(max-width: 1000px) 100vw, 1000px\" \/><\/figure>\n\n\n\n<p><strong>Atributos que marcan la diferencia<\/strong><\/p>\n\n\n\n<p>Designar este d\u00eda presenta atributos diferenciales que fortalecen su proyecci\u00f3n internacional:<\/p>\n\n\n\n<ul class=\"wp-block-list\">\n<li><strong>Base cient\u00edfica universal<\/strong>: al vincular la fecha con el origen del sistema moderno de clasificaci\u00f3n biol\u00f3gica, se establece un respaldo reconocido por academias, universidades y centros de investigaci\u00f3n de todo el mundo.<\/li>\n\n\n\n<li><strong>Car\u00e1cter global y apol\u00edtico<\/strong>: al no estar asociada a calendarios agr\u00edcolas espec\u00edficos ni a eventos nacionales, la fecha se constituye como un punto de encuentro com\u00fan para todos los pa\u00edses productores y actores del sistema agroalimentario.<\/li>\n\n\n\n<li><strong>Jerarquizaci\u00f3n institucional<\/strong>: el v\u00ednculo con el legado de Linneo eleva el posicionamiento de la iniciativa, favoreciendo la adhesi\u00f3n de instituciones cient\u00edficas, educativas y organismos internacionales.<\/li>\n<\/ul>\n\n\n\n<p>Son parte de esta propuesta: la <strong>C\u00e1mara Argentina de la Alfalfa<\/strong>, la <strong>Asociaci\u00f3n Espa\u00f1ola de Fabricantes de Alfalfa Deshidratada<\/strong>, la A<strong>sociaci\u00f3n Italiana de Forraje Deshidratado<\/strong>, el <strong>Cl\u00faster de Alfalfa<\/strong>, la <strong>C\u00e1mara Argentino de Comercio y Servicios Para Emiratos \u00c1rabes Unidos<\/strong>, el <strong>Instituto de Ciencias B\u00e1sicas y Aplicadas de la UNVM<\/strong>, la <strong>Facultad de Ciencias Agrarias (UNR)<\/strong>, el <strong>Centro Pyme ADENEU (Neuqu\u00e9n)<\/strong>, el podcast<strong> Dos Por el Pasto<\/strong>, <strong>Nehuen <\/strong>y <strong>Grupo TodoAgro<\/strong>.<\/p>\n\n\n\n<p>Para sumarte a esta iniciativa escrib\u00ed a <a href=\"&#x6d;&#97;&#x69;&#108;t&#x6f;&#58;i&#x6e;&#102;&#x6f;&#x40;s&#x6f;&#109;o&#x73;&#97;&#x6c;&#x66;a&#x6c;&#102;a&#x2e;&#99;o&#x6d;&#46;&#x61;&#114;\">&#x69;&#x6e;&#x66;&#x6f;&#64;&#115;&#111;&#109;osa&#x6c;&#x66;&#x61;&#x6c;&#x66;&#97;&#46;&#99;om&#46;&#x61;&#x72;<\/a><\/p>\n\n\n\n<p><strong>La alfalfa tiene ese \u201cdiferencial\u201d<\/strong><\/p>\n\n\n\n<p>La alfalfa es reconocida mundialmente como uno de los cultivos forrajeros de mayor valor, no solo por su aporte a la producci\u00f3n ganadera, sino tambi\u00e9n por su rol clave en la sostenibilidad de los sistemas agropecuarios.<\/p>\n\n\n\n<p>Entre sus principales contribuciones se destacan:<\/p>\n\n\n\n<ul class=\"wp-block-list\">\n<li><strong>Fijaci\u00f3n Biol\u00f3gica de Nitr\u00f3geno (FBN)<\/strong>, este proceso reduce la necesidad de fertilizantes sint\u00e9ticos y mejora la eficiencia productiva.<\/li>\n\n\n\n<li><strong>Mejora de la salud del suelo<\/strong>, mediante el aporte de materia org\u00e1nica, la estructuraci\u00f3n del perfil y la promoci\u00f3n de la biodiversidad ed\u00e1fica.<\/li>\n\n\n\n<li><strong>Regulaci\u00f3n h\u00eddrica<\/strong>, contribuyendo al control de napas fre\u00e1ticas y a la optimizaci\u00f3n del uso del agua.<\/li>\n\n\n\n<li><strong>Refugio de biodiversidad<\/strong>, actuando como h\u00e1bitat para diversas especies de fauna.<\/li>\n\n\n\n<li><strong>Promoci\u00f3n de la polinizaci\u00f3n<\/strong>, favoreciendo la actividad de insectos ben\u00e9ficos y fortaleciendo los servicios ecosist\u00e9micos.<\/li>\n<\/ul>\n\n\n\n<p><strong>23 de mayo, D\u00cdA MUNDIAL DE LA ALFALFA<\/strong><\/p>\n\n\n\n<p>Por lo que pensamos que establecer el 23 de mayo como D\u00eda Mundial de la Alfalfa implica reconocer no solo la importancia productiva de este cultivo, sino tambi\u00e9n su valor cient\u00edfico, ambiental y estrat\u00e9gico a escala global. La elecci\u00f3n de una fecha basada en un hito fundacional del conocimiento bot\u00e1nico garantiza una identidad s\u00f3lida, inclusiva y perdurable en el tiempo.<\/p>\n\n\n\n<figure class=\"wp-block-image size-large\"><img data-recalc-dims=\"1\" decoding=\"async\" width=\"1024\" height=\"1024\" src=\"https:\/\/i0.wp.com\/www.todoalfalfa.com.ar\/noticias\/wp-content\/uploads\/2026\/04\/Organiza-1.png?resize=1024%2C1024&#038;ssl=1\" alt=\"\" class=\"wp-image-52445\" srcset=\"https:\/\/i0.wp.com\/www.todoalfalfa.com.ar\/noticias\/wp-content\/uploads\/2026\/04\/Organiza-1.png?resize=1024%2C1024&amp;ssl=1 1024w, https:\/\/i0.wp.com\/www.todoalfalfa.com.ar\/noticias\/wp-content\/uploads\/2026\/04\/Organiza-1.png?resize=300%2C300&amp;ssl=1 300w, https:\/\/i0.wp.com\/www.todoalfalfa.com.ar\/noticias\/wp-content\/uploads\/2026\/04\/Organiza-1.png?resize=150%2C150&amp;ssl=1 150w, https:\/\/i0.wp.com\/www.todoalfalfa.com.ar\/noticias\/wp-content\/uploads\/2026\/04\/Organiza-1.png?resize=768%2C768&amp;ssl=1 768w, https:\/\/i0.wp.com\/www.todoalfalfa.com.ar\/noticias\/wp-content\/uploads\/2026\/04\/Organiza-1.png?resize=1536%2C1536&amp;ssl=1 1536w, https:\/\/i0.wp.com\/www.todoalfalfa.com.ar\/noticias\/wp-content\/uploads\/2026\/04\/Organiza-1.png?w=2000&amp;ssl=1 2000w\" sizes=\"(max-width: 1000px) 100vw, 1000px\" \/><\/figure>\n<div class=\"todoalfalfa-final-de-la-nota\" id=\"todoalfalfa-1614291476\"><a href=\"https:\/\/www.whatsapp.com\/channel\/0029VbCBmFB9WtBxJsD3eC2i\" target=\"_blank\" aria-label=\"5\"><img src=\"https:\/\/i0.wp.com\/www.todoalfalfa.com.ar\/noticias\/wp-content\/uploads\/2026\/04\/5.gif?fit=728%2C90&#038;ssl=1\" alt=\"\"  width=\"728\" height=\"90\"   \/><\/a><\/div>","protected":false},"excerpt":{"rendered":"<p>Una iniciativa de TodoAlfalfa\/SomosAlfalfa busca instalar el d\u00eda para que \u201cla reina de las forrajeras\u201d sea conmemorada. El objetivo es que todas las instituciones que conforman el sector sean parte y que se puedan enumerar sus beneficios.<\/p>\n","protected":false},"author":9,"featured_media":52446,"comment_status":"closed","ping_status":"open","sticky":false,"template":"","format":"standard","meta":{"jetpack_post_was_ever_published":false,"_jetpack_newsletter_access":"","_jetpack_dont_email_post_to_subs":false,"_jetpack_newsletter_tier_id":0,"_jetpack_memberships_contains_paywalled_content":false,"_jetpack_memberships_contains_paid_content":false,"footnotes":""},"categories":[2],"tags":[2229,2226,236,68,1659],"class_list":["post-52442","post","type-post","status-publish","format-standard","has-post-thumbnail","hentry","category-generales","tag-camaras","tag-dia-mundial-de-la-alfalfa","tag-exportacion","tag-heno","tag-novedades"],"yoast_head":"<!-- This site is optimized with the Yoast SEO plugin v25.5 - https:\/\/yoast.com\/wordpress\/plugins\/seo\/ -->\n<title>La alfalfa tendr\u00e1 su d\u00eda mundial<\/title>\n<meta name=\"robots\" content=\"index, follow, max-snippet:-1, max-image-preview:large, max-video-preview:-1\" \/>\n<link rel=\"canonical\" href=\"https:\/\/www.todoalfalfa.com.ar\/noticias\/la-alfalfa-tendra-su-dia-mundial\/\" \/>\n<meta property=\"og:locale\" content=\"es_ES\" \/>\n<meta property=\"og:type\" content=\"article\" \/>\n<meta property=\"og:title\" content=\"La alfalfa tendr\u00e1 su d\u00eda mundial\" \/>\n<meta property=\"og:description\" content=\"Una iniciativa de TodoAlfalfa\/SomosAlfalfa busca instalar el d\u00eda para que \u201cla reina de las forrajeras\u201d sea conmemorada. El objetivo es que todas las instituciones que conforman el sector sean parte y que se puedan enumerar sus beneficios.\" \/>\n<meta property=\"og:url\" content=\"https:\/\/www.todoalfalfa.com.ar\/noticias\/la-alfalfa-tendra-su-dia-mundial\/\" \/>\n<meta property=\"og:site_name\" content=\"Todo Alfalfa\" \/>\n<meta property=\"article:publisher\" content=\"https:\/\/www.facebook.com\/todoalfalfa\" \/>\n<meta property=\"article:published_time\" content=\"2026-04-28T10:03:54+00:00\" \/>\n<meta property=\"article:modified_time\" content=\"2026-04-28T10:03:57+00:00\" \/>\n<meta property=\"og:image\" content=\"https:\/\/www.todoalfalfa.com.ar\/noticias\/wp-content\/uploads\/2026\/04\/Captura-de-pantalla-2026-04-23-075948.png\" \/>\n\t<meta property=\"og:image:width\" content=\"649\" \/>\n\t<meta property=\"og:image:height\" content=\"505\" \/>\n\t<meta property=\"og:image:type\" content=\"image\/png\" \/>\n<meta name=\"author\" content=\"Todo Alfalfa\" \/>\n<meta name=\"twitter:card\" content=\"summary_large_image\" \/>\n<meta name=\"twitter:label1\" content=\"Escrito por\" \/>\n\t<meta name=\"twitter:data1\" content=\"Todo Alfalfa\" \/>\n\t<meta name=\"twitter:label2\" content=\"Tiempo de lectura\" \/>\n\t<meta name=\"twitter:data2\" content=\"4 minutos\" \/>\n<script type=\"application\/ld+json\" class=\"yoast-schema-graph\">{\"@context\":\"https:\/\/schema.org\",\"@graph\":[{\"@type\":\"NewsArticle\",\"@id\":\"https:\/\/www.todoalfalfa.com.ar\/noticias\/la-alfalfa-tendra-su-dia-mundial\/#article\",\"isPartOf\":{\"@id\":\"https:\/\/www.todoalfalfa.com.ar\/noticias\/la-alfalfa-tendra-su-dia-mundial\/\"},\"author\":{\"name\":\"Todo Alfalfa\",\"@id\":\"https:\/\/www.todoalfalfa.com.ar\/noticias\/#\/schema\/person\/99de93cb711c7015ef658e5321ba9f18\"},\"headline\":\"La alfalfa tendr\u00e1 su d\u00eda mundial\",\"datePublished\":\"2026-04-28T10:03:54+00:00\",\"dateModified\":\"2026-04-28T10:03:57+00:00\",\"mainEntityOfPage\":{\"@id\":\"https:\/\/www.todoalfalfa.com.ar\/noticias\/la-alfalfa-tendra-su-dia-mundial\/\"},\"wordCount\":664,\"publisher\":{\"@id\":\"https:\/\/www.todoalfalfa.com.ar\/noticias\/#organization\"},\"image\":{\"@id\":\"https:\/\/www.todoalfalfa.com.ar\/noticias\/la-alfalfa-tendra-su-dia-mundial\/#primaryimage\"},\"thumbnailUrl\":\"https:\/\/i0.wp.com\/www.todoalfalfa.com.ar\/noticias\/wp-content\/uploads\/2026\/04\/Captura-de-pantalla-2026-04-23-075948.png?fit=649%2C505&ssl=1\",\"keywords\":[\"C\u00e1maras\",\"D\u00eda Mundial de la Alfalfa\",\"exportaci\u00f3n\",\"heno\",\"Novedades\"],\"articleSection\":[\"Generales\"],\"inLanguage\":\"es\"},{\"@type\":[\"WebPage\",\"ItemPage\"],\"@id\":\"https:\/\/www.todoalfalfa.com.ar\/noticias\/la-alfalfa-tendra-su-dia-mundial\/\",\"url\":\"https:\/\/www.todoalfalfa.com.ar\/noticias\/la-alfalfa-tendra-su-dia-mundial\/\",\"name\":\"La alfalfa tendr\u00e1 su d\u00eda mundial\",\"isPartOf\":{\"@id\":\"https:\/\/www.todoalfalfa.com.ar\/noticias\/#website\"},\"primaryImageOfPage\":{\"@id\":\"https:\/\/www.todoalfalfa.com.ar\/noticias\/la-alfalfa-tendra-su-dia-mundial\/#primaryimage\"},\"image\":{\"@id\":\"https:\/\/www.todoalfalfa.com.ar\/noticias\/la-alfalfa-tendra-su-dia-mundial\/#primaryimage\"},\"thumbnailUrl\":\"https:\/\/i0.wp.com\/www.todoalfalfa.com.ar\/noticias\/wp-content\/uploads\/2026\/04\/Captura-de-pantalla-2026-04-23-075948.png?fit=649%2C505&ssl=1\",\"datePublished\":\"2026-04-28T10:03:54+00:00\",\"dateModified\":\"2026-04-28T10:03:57+00:00\",\"breadcrumb\":{\"@id\":\"https:\/\/www.todoalfalfa.com.ar\/noticias\/la-alfalfa-tendra-su-dia-mundial\/#breadcrumb\"},\"inLanguage\":\"es\",\"potentialAction\":[{\"@type\":\"ReadAction\",\"target\":[\"https:\/\/www.todoalfalfa.com.ar\/noticias\/la-alfalfa-tendra-su-dia-mundial\/\"]}]},{\"@type\":\"ImageObject\",\"inLanguage\":\"es\",\"@id\":\"https:\/\/www.todoalfalfa.com.ar\/noticias\/la-alfalfa-tendra-su-dia-mundial\/#primaryimage\",\"url\":\"https:\/\/i0.wp.com\/www.todoalfalfa.com.ar\/noticias\/wp-content\/uploads\/2026\/04\/Captura-de-pantalla-2026-04-23-075948.png?fit=649%2C505&ssl=1\",\"contentUrl\":\"https:\/\/i0.wp.com\/www.todoalfalfa.com.ar\/noticias\/wp-content\/uploads\/2026\/04\/Captura-de-pantalla-2026-04-23-075948.png?fit=649%2C505&ssl=1\",\"width\":649,\"height\":505},{\"@type\":\"BreadcrumbList\",\"@id\":\"https:\/\/www.todoalfalfa.com.ar\/noticias\/la-alfalfa-tendra-su-dia-mundial\/#breadcrumb\",\"itemListElement\":[{\"@type\":\"ListItem\",\"position\":1,\"name\":\"Principal\",\"item\":\"https:\/\/www.todoalfalfa.com.ar\/noticias\/\"},{\"@type\":\"ListItem\",\"position\":2,\"name\":\"La alfalfa tendr\u00e1 su d\u00eda mundial\"}]},{\"@type\":\"WebSite\",\"@id\":\"https:\/\/www.todoalfalfa.com.ar\/noticias\/#website\",\"url\":\"https:\/\/www.todoalfalfa.com.ar\/noticias\/\",\"name\":\"Todo Alfalfa\",\"description\":\"Web informativa de la cadena de la alfalfa argentina\",\"publisher\":{\"@id\":\"https:\/\/www.todoalfalfa.com.ar\/noticias\/#organization\"},\"potentialAction\":[{\"@type\":\"SearchAction\",\"target\":{\"@type\":\"EntryPoint\",\"urlTemplate\":\"https:\/\/www.todoalfalfa.com.ar\/noticias\/?s={search_term_string}\"},\"query-input\":{\"@type\":\"PropertyValueSpecification\",\"valueRequired\":true,\"valueName\":\"search_term_string\"}}],\"inLanguage\":\"es\"},{\"@type\":\"Organization\",\"@id\":\"https:\/\/www.todoalfalfa.com.ar\/noticias\/#organization\",\"name\":\"Todo Alfalfa\",\"url\":\"https:\/\/www.todoalfalfa.com.ar\/noticias\/\",\"logo\":{\"@type\":\"ImageObject\",\"inLanguage\":\"es\",\"@id\":\"https:\/\/www.todoalfalfa.com.ar\/noticias\/#\/schema\/logo\/image\/\",\"url\":\"https:\/\/www.todoalfalfa.com.ar\/noticias\/wp-content\/uploads\/2020\/09\/logo-todo-alfalfa-modificado.png\",\"contentUrl\":\"https:\/\/www.todoalfalfa.com.ar\/noticias\/wp-content\/uploads\/2020\/09\/logo-todo-alfalfa-modificado.png\",\"width\":350,\"height\":100,\"caption\":\"Todo Alfalfa\"},\"image\":{\"@id\":\"https:\/\/www.todoalfalfa.com.ar\/noticias\/#\/schema\/logo\/image\/\"},\"sameAs\":[\"https:\/\/www.facebook.com\/todoalfalfa\",\"https:\/\/www.instagram.com\/todoalfalfa\",\"https:\/\/www.youtube.com\/@TodoAlfalfa\",\"https:\/\/www.linkedin.com\/company\/todoalfalfa\/\"]},{\"@type\":\"Person\",\"@id\":\"https:\/\/www.todoalfalfa.com.ar\/noticias\/#\/schema\/person\/99de93cb711c7015ef658e5321ba9f18\",\"name\":\"Todo Alfalfa\",\"image\":{\"@type\":\"ImageObject\",\"inLanguage\":\"es\",\"@id\":\"https:\/\/www.todoalfalfa.com.ar\/noticias\/#\/schema\/person\/image\/\",\"url\":\"https:\/\/secure.gravatar.com\/avatar\/50ffd12fb7b268bc2467160730786602db252a270c63104e7c19b5f67b8dd346?s=96&d=mm&r=g\",\"contentUrl\":\"https:\/\/secure.gravatar.com\/avatar\/50ffd12fb7b268bc2467160730786602db252a270c63104e7c19b5f67b8dd346?s=96&d=mm&r=g\",\"caption\":\"Todo Alfalfa\"},\"url\":\"https:\/\/www.todoalfalfa.com.ar\/noticias\/author\/osvaldoiachetta\/\"}]}<\/script>\n<!-- \/ Yoast SEO plugin. -->","yoast_head_json":{"title":"La alfalfa tendr\u00e1 su d\u00eda mundial","robots":{"index":"index","follow":"follow","max-snippet":"max-snippet:-1","max-image-preview":"max-image-preview:large","max-video-preview":"max-video-preview:-1"},"canonical":"https:\/\/www.todoalfalfa.com.ar\/noticias\/la-alfalfa-tendra-su-dia-mundial\/","og_locale":"es_ES","og_type":"article","og_title":"La alfalfa tendr\u00e1 su d\u00eda mundial","og_description":"Una iniciativa de TodoAlfalfa\/SomosAlfalfa busca instalar el d\u00eda para que \u201cla reina de las forrajeras\u201d sea conmemorada. El objetivo es que todas las instituciones que conforman el sector sean parte y que se puedan enumerar sus beneficios.","og_url":"https:\/\/www.todoalfalfa.com.ar\/noticias\/la-alfalfa-tendra-su-dia-mundial\/","og_site_name":"Todo Alfalfa","article_publisher":"https:\/\/www.facebook.com\/todoalfalfa","article_published_time":"2026-04-28T10:03:54+00:00","article_modified_time":"2026-04-28T10:03:57+00:00","og_image":[{"width":649,"height":505,"url":"https:\/\/www.todoalfalfa.com.ar\/noticias\/wp-content\/uploads\/2026\/04\/Captura-de-pantalla-2026-04-23-075948.png","type":"image\/png"}],"author":"Todo Alfalfa","twitter_card":"summary_large_image","twitter_misc":{"Escrito por":"Todo Alfalfa","Tiempo de lectura":"4 minutos"},"schema":{"@context":"https:\/\/schema.org","@graph":[{"@type":"NewsArticle","@id":"https:\/\/www.todoalfalfa.com.ar\/noticias\/la-alfalfa-tendra-su-dia-mundial\/#article","isPartOf":{"@id":"https:\/\/www.todoalfalfa.com.ar\/noticias\/la-alfalfa-tendra-su-dia-mundial\/"},"author":{"name":"Todo Alfalfa","@id":"https:\/\/www.todoalfalfa.com.ar\/noticias\/#\/schema\/person\/99de93cb711c7015ef658e5321ba9f18"},"headline":"La alfalfa tendr\u00e1 su d\u00eda mundial","datePublished":"2026-04-28T10:03:54+00:00","dateModified":"2026-04-28T10:03:57+00:00","mainEntityOfPage":{"@id":"https:\/\/www.todoalfalfa.com.ar\/noticias\/la-alfalfa-tendra-su-dia-mundial\/"},"wordCount":664,"publisher":{"@id":"https:\/\/www.todoalfalfa.com.ar\/noticias\/#organization"},"image":{"@id":"https:\/\/www.todoalfalfa.com.ar\/noticias\/la-alfalfa-tendra-su-dia-mundial\/#primaryimage"},"thumbnailUrl":"https:\/\/i0.wp.com\/www.todoalfalfa.com.ar\/noticias\/wp-content\/uploads\/2026\/04\/Captura-de-pantalla-2026-04-23-075948.png?fit=649%2C505&ssl=1","keywords":["C\u00e1maras","D\u00eda Mundial de la Alfalfa","exportaci\u00f3n","heno","Novedades"],"articleSection":["Generales"],"inLanguage":"es"},{"@type":["WebPage","ItemPage"],"@id":"https:\/\/www.todoalfalfa.com.ar\/noticias\/la-alfalfa-tendra-su-dia-mundial\/","url":"https:\/\/www.todoalfalfa.com.ar\/noticias\/la-alfalfa-tendra-su-dia-mundial\/","name":"La alfalfa tendr\u00e1 su d\u00eda mundial","isPartOf":{"@id":"https:\/\/www.todoalfalfa.com.ar\/noticias\/#website"},"primaryImageOfPage":{"@id":"https:\/\/www.todoalfalfa.com.ar\/noticias\/la-alfalfa-tendra-su-dia-mundial\/#primaryimage"},"image":{"@id":"https:\/\/www.todoalfalfa.com.ar\/noticias\/la-alfalfa-tendra-su-dia-mundial\/#primaryimage"},"thumbnailUrl":"https:\/\/i0.wp.com\/www.todoalfalfa.com.ar\/noticias\/wp-content\/uploads\/2026\/04\/Captura-de-pantalla-2026-04-23-075948.png?fit=649%2C505&ssl=1","datePublished":"2026-04-28T10:03:54+00:00","dateModified":"2026-04-28T10:03:57+00:00","breadcrumb":{"@id":"https:\/\/www.todoalfalfa.com.ar\/noticias\/la-alfalfa-tendra-su-dia-mundial\/#breadcrumb"},"inLanguage":"es","potentialAction":[{"@type":"ReadAction","target":["https:\/\/www.todoalfalfa.com.ar\/noticias\/la-alfalfa-tendra-su-dia-mundial\/"]}]},{"@type":"ImageObject","inLanguage":"es","@id":"https:\/\/www.todoalfalfa.com.ar\/noticias\/la-alfalfa-tendra-su-dia-mundial\/#primaryimage","url":"https:\/\/i0.wp.com\/www.todoalfalfa.com.ar\/noticias\/wp-content\/uploads\/2026\/04\/Captura-de-pantalla-2026-04-23-075948.png?fit=649%2C505&ssl=1","contentUrl":"https:\/\/i0.wp.com\/www.todoalfalfa.com.ar\/noticias\/wp-content\/uploads\/2026\/04\/Captura-de-pantalla-2026-04-23-075948.png?fit=649%2C505&ssl=1","width":649,"height":505},{"@type":"BreadcrumbList","@id":"https:\/\/www.todoalfalfa.com.ar\/noticias\/la-alfalfa-tendra-su-dia-mundial\/#breadcrumb","itemListElement":[{"@type":"ListItem","position":1,"name":"Principal","item":"https:\/\/www.todoalfalfa.com.ar\/noticias\/"},{"@type":"ListItem","position":2,"name":"La alfalfa tendr\u00e1 su d\u00eda mundial"}]},{"@type":"WebSite","@id":"https:\/\/www.todoalfalfa.com.ar\/noticias\/#website","url":"https:\/\/www.todoalfalfa.com.ar\/noticias\/","name":"Todo Alfalfa","description":"Web informativa de la cadena de la alfalfa argentina","publisher":{"@id":"https:\/\/www.todoalfalfa.com.ar\/noticias\/#organization"},"potentialAction":[{"@type":"SearchAction","target":{"@type":"EntryPoint","urlTemplate":"https:\/\/www.todoalfalfa.com.ar\/noticias\/?s={search_term_string}"},"query-input":{"@type":"PropertyValueSpecification","valueRequired":true,"valueName":"search_term_string"}}],"inLanguage":"es"},{"@type":"Organization","@id":"https:\/\/www.todoalfalfa.com.ar\/noticias\/#organization","name":"Todo Alfalfa","url":"https:\/\/www.todoalfalfa.com.ar\/noticias\/","logo":{"@type":"ImageObject","inLanguage":"es","@id":"https:\/\/www.todoalfalfa.com.ar\/noticias\/#\/schema\/logo\/image\/","url":"https:\/\/www.todoalfalfa.com.ar\/noticias\/wp-content\/uploads\/2020\/09\/logo-todo-alfalfa-modificado.png","contentUrl":"https:\/\/www.todoalfalfa.com.ar\/noticias\/wp-content\/uploads\/2020\/09\/logo-todo-alfalfa-modificado.png","width":350,"height":100,"caption":"Todo Alfalfa"},"image":{"@id":"https:\/\/www.todoalfalfa.com.ar\/noticias\/#\/schema\/logo\/image\/"},"sameAs":["https:\/\/www.facebook.com\/todoalfalfa","https:\/\/www.instagram.com\/todoalfalfa","https:\/\/www.youtube.com\/@TodoAlfalfa","https:\/\/www.linkedin.com\/company\/todoalfalfa\/"]},{"@type":"Person","@id":"https:\/\/www.todoalfalfa.com.ar\/noticias\/#\/schema\/person\/99de93cb711c7015ef658e5321ba9f18","name":"Todo Alfalfa","image":{"@type":"ImageObject","inLanguage":"es","@id":"https:\/\/www.todoalfalfa.com.ar\/noticias\/#\/schema\/person\/image\/","url":"https:\/\/secure.gravatar.com\/avatar\/50ffd12fb7b268bc2467160730786602db252a270c63104e7c19b5f67b8dd346?s=96&d=mm&r=g","contentUrl":"https:\/\/secure.gravatar.com\/avatar\/50ffd12fb7b268bc2467160730786602db252a270c63104e7c19b5f67b8dd346?s=96&d=mm&r=g","caption":"Todo Alfalfa"},"url":"https:\/\/www.todoalfalfa.com.ar\/noticias\/author\/osvaldoiachetta\/"}]}},"jetpack_featured_media_url":"https:\/\/i0.wp.com\/www.todoalfalfa.com.ar\/noticias\/wp-content\/uploads\/2026\/04\/Captura-de-pantalla-2026-04-23-075948.png?fit=649%2C505&ssl=1","wps_subtitle":"","jetpack_sharing_enabled":true,"_links":{"self":[{"href":"https:\/\/www.todoalfalfa.com.ar\/noticias\/wp-json\/wp\/v2\/posts\/52442","targetHints":{"allow":["GET"]}}],"collection":[{"href":"https:\/\/www.todoalfalfa.com.ar\/noticias\/wp-json\/wp\/v2\/posts"}],"about":[{"href":"https:\/\/www.todoalfalfa.com.ar\/noticias\/wp-json\/wp\/v2\/types\/post"}],"author":[{"embeddable":true,"href":"https:\/\/www.todoalfalfa.com.ar\/noticias\/wp-json\/wp\/v2\/users\/9"}],"replies":[{"embeddable":true,"href":"https:\/\/www.todoalfalfa.com.ar\/noticias\/wp-json\/wp\/v2\/comments?post=52442"}],"version-history":[{"count":1,"href":"https:\/\/www.todoalfalfa.com.ar\/noticias\/wp-json\/wp\/v2\/posts\/52442\/revisions"}],"predecessor-version":[{"id":52447,"href":"https:\/\/www.todoalfalfa.com.ar\/noticias\/wp-json\/wp\/v2\/posts\/52442\/revisions\/52447"}],"wp:featuredmedia":[{"embeddable":true,"href":"https:\/\/www.todoalfalfa.com.ar\/noticias\/wp-json\/wp\/v2\/media\/52446"}],"wp:attachment":[{"href":"https:\/\/www.todoalfalfa.com.ar\/noticias\/wp-json\/wp\/v2\/media?parent=52442"}],"wp:term":[{"taxonomy":"category","embeddable":true,"href":"https:\/\/www.todoalfalfa.com.ar\/noticias\/wp-json\/wp\/v2\/categories?post=52442"},{"taxonomy":"post_tag","embeddable":true,"href":"https:\/\/www.todoalfalfa.com.ar\/noticias\/wp-json\/wp\/v2\/tags?post=52442"}],"curies":[{"name":"wp","href":"https:\/\/api.w.org\/{rel}","templated":true}]}}