{"id":52460,"date":"2026-04-29T17:56:08","date_gmt":"2026-04-29T20:56:08","guid":{"rendered":"https:\/\/www.todoalfalfa.com.ar\/noticias\/?p=52460"},"modified":"2026-04-29T17:56:11","modified_gmt":"2026-04-29T20:56:11","slug":"a-la-alfalfa-le-sobra-agua","status":"publish","type":"post","link":"https:\/\/www.todoalfalfa.com.ar\/noticias\/a-la-alfalfa-le-sobra-agua\/","title":{"rendered":"A la alfalfa le sobra agua\u00a0"},"content":{"rendered":"\n<p>Los constantes cambios clim\u00e1ticos, los vaivenes que la producci\u00f3n sufri\u00f3 por los eventos clim\u00e1ticos constantes y las precipitaciones extremas generan graves perjuicios a la hora de planificar cortes y siembras.<\/p>\n\n\n\n<p>Seg\u00fan datos procesados por el INTA el exceso h\u00eddrico representa un \u00abcuello de botella\u00bb cr\u00edtico para la estabilidad del sistema forrajero nacional. En un escenario de m\u00e1rgenes ajustados, condicionados por la brecha cambiaria y los crecientes costos log\u00edsticos, la inestabilidad en el rinde no es solo una p\u00e9rdida de volumen; es una erosi\u00f3n de la eficiencia \u00abpuertas adentro\u00bb que compromete la viabilidad financiera del productor.&nbsp;<\/p>\n\n\n\n<p>Esta presi\u00f3n obliga a mirar m\u00e1s all\u00e1 de la superficie, entendiendo que el verdadero da\u00f1o comienza donde el ojo no llega: en la arquitectura radicular del cultivo.<\/p>\n\n\n\n<p>El proceso de la alfalfa, puso a la reina de las forrajeras en un espacio de exclusividad dentro de la ganader\u00eda y lecher\u00eda Argentina, transform\u00e1ndose en el cimiento sobre el que se asienta la competitividad de nuestras cuencas lecheras.&nbsp;<\/p>\n\n\n\n<p>Los especialistas, que a lo largo del tiempo hemos consultado, han manifestado que el \u00e9xito de cualquier alfalfar depende de la salud de su sistema radicular, el cual act\u00faa como el pulm\u00f3n y la reserva energ\u00e9tica de la planta.&nbsp;<\/p>\n\n\n\n<p>La investigadora Mar\u00eda Andrea Tom\u00e1s, del Instituto de Investigaci\u00f3n de la Cadena L\u00e1ctea (INTA-CONICET), advierte que el rendimiento de la alfalfa se reduce dr\u00e1sticamente bajo anegamiento debido a la atrofia del desarrollo radicular. La falta de ox\u00edgeno detiene la respiraci\u00f3n celular en la ra\u00edz.<\/p>\n\n\n\n<figure class=\"wp-block-image size-full\"><img data-recalc-dims=\"1\" fetchpriority=\"high\" decoding=\"async\" width=\"972\" height=\"294\" src=\"https:\/\/i0.wp.com\/www.todoalfalfa.com.ar\/noticias\/wp-content\/uploads\/2026\/04\/WhatsApp-Image-2026-04-29-at-14.05.33.jpeg?resize=972%2C294&#038;ssl=1\" alt=\"\" class=\"wp-image-52461\" srcset=\"https:\/\/i0.wp.com\/www.todoalfalfa.com.ar\/noticias\/wp-content\/uploads\/2026\/04\/WhatsApp-Image-2026-04-29-at-14.05.33.jpeg?w=972&amp;ssl=1 972w, https:\/\/i0.wp.com\/www.todoalfalfa.com.ar\/noticias\/wp-content\/uploads\/2026\/04\/WhatsApp-Image-2026-04-29-at-14.05.33.jpeg?resize=300%2C91&amp;ssl=1 300w, https:\/\/i0.wp.com\/www.todoalfalfa.com.ar\/noticias\/wp-content\/uploads\/2026\/04\/WhatsApp-Image-2026-04-29-at-14.05.33.jpeg?resize=768%2C232&amp;ssl=1 768w\" sizes=\"(max-width: 972px) 100vw, 972px\" \/><\/figure>\n\n\n\n<p><strong>La mirada aguda de los productores<\/strong><\/p>\n\n\n\n<p>Desde TodoAlfalfa consultamos a productores de diversos puntos. Uno de ellos fue\u00a0Edgar Carignano, un productor de la zona n\u00facleo (integra el Cl\u00faster de Alfalfa) que tiene 15 a\u00f1os de trabajo en la producci\u00f3n de alfalfa y calific\u00f3 el a\u00f1o como \u201cmuy complicado\u201d.<\/p>\n\n\n\n<p>Para \u00e9l \u201cla industria enfrenta una convergencia de adversidades clim\u00e1ticas, econ\u00f3micas y log\u00edsticas. A pesar de una ca\u00edda dr\u00e1stica en la facturaci\u00f3n y el aumento de los costos operativos, se identifica una transici\u00f3n estructural hacia la profesionalizaci\u00f3n\u201d.&nbsp;<\/p>\n\n\n\n<p>\u201cLa exportaci\u00f3n de forraje surge como una oportunidad, aunque exige est\u00e1ndares rigurosos de calidad, humedad y log\u00edstica que est\u00e1n redefiniendo el modelo de negocio tradicional\u201d, remarc\u00f3.<\/p>\n\n\n\n<p>En cuanto al ciclo productivo reciente, signado por las condiciones clim\u00e1ticas extremadamente adversas, sobre todo a lo largo de marzo y abril, remarc\u00f3 que \u201cfue determinante\u201d.<\/p>\n\n\n\n<p>Entiende que esta situaci\u00f3n llevar\u00e1 a que muchos queden fuera del negocio y \u201csalgan\u201d del mismo, pero \u201clos que sobrevivan se van a fortalecer ya que incorporaron mucho conocimiento para lograr un producto de calidad\u201d. Destacando el trabajo del Cl\u00faster como una fuente de informaci\u00f3n y acompa\u00f1amiento para el socio.<\/p>\n\n\n\n<p>Las constantes precipitaciones produjeron una reducci\u00f3n significativa de d\u00edas de trabajo efectivo en el campo, pero tambi\u00e9n una degradaci\u00f3n del producto a ra\u00edz del exceso de humedad que afecta la calidad de la materia prima.&nbsp;<\/p>\n\n\n\n<p>Ello impacta de lleno en lo econ\u00f3mico, en el caso de Carignano solo pudo producir el 30 por ciento de las hect\u00e1reas trabajadas.&nbsp;<\/p>\n\n\n\n<p>En l\u00ednea con Carignano, otro productor de la zona que trabaja unas 900 hect\u00e1reas entre campos propios y de terceros remarc\u00f3 que \u201cdesde el primero de febrero casi no trabajamos\u201d.&nbsp;<\/p>\n\n\n\n<p>Explic\u00f3 que del total, \u201csolo 270 hect\u00e1reas han sido cortadas. Y esos cortes se realizaron en dos etapas principales, una a finales de febrero y otra a finales de marzo\u201d.<\/p>\n\n\n\n<p>En la actualidad, \u201clos lotes est\u00e1n blandos. No tenemos piso y eso nos impide el ingreso de maquinaria pesada\u201d, sostuvo y agreg\u00f3 que es necesario un par de d\u00edas de sol para poder intentar retomar las labores.<\/p>\n\n\n\n<p>Tomando ese ejemplo, para poder entender como el factor clim\u00e1tico (lluvias y humedad) impacto en la producci\u00f3n generando p\u00e9rdidas en calidad y volumen, el productor indic\u00f3: \u201clas intervenciones realizadas a finales de febrero y marzo fueron afectadas directamente por el agua durante el proceso de corte, resultando en la producci\u00f3n de rollos de calidad p\u00e9sima\u201d.<\/p>\n\n\n\n<p>Pero a su vez, producto del registro de lluvias constantes (en la zona de Arroyito se registraron m\u00e1s de 400 mm a lo largo de abril) \u201chubo lotes que se perdieron hasta tres cortes\u201d impactando directamente en la econom\u00eda.<\/p>\n\n\n\n<p><strong>Un \u201cescenario cr\u00edtico\u201d<\/strong><\/p>\n\n\n\n<p>Por su parte, un productor del departamento Uni\u00f3n en la provincia de C\u00f3rdoba solo atin\u00f3 a decir que pensar en la situaci\u00f3n que atraviesan lo angustia de sobremanera, mientras que desde Villa Angela (Chaco), una productora remarc\u00f3 el inusual momento que viven y expuso el dif\u00edcil momento.<\/p>\n\n\n\n<p>Mauro Bollatti, de la empresa Pellfood (Calch\u00edn), que forma parte de la C\u00e1mara Argentina de la Alfalfa, en l\u00ednea con el resto de los productores consultados, marc\u00f3 el \u201cescenario cr\u00edtico\u201d a ra\u00edz de la condici\u00f3n clim\u00e1tica que se di\u00f3 desde febrero hasta abril.<\/p>\n\n\n\n<p>La combinaci\u00f3n de un volumen de precipitaciones extraordinario (que ya representa una gran parte del promedio anual) y una alta frecuencia de d\u00edas nublados y lloviznas ha generado un impacto ambivalente en la producci\u00f3n.&nbsp;<\/p>\n\n\n\n<p><\/p>\n\n\n\n<p>\u201cEl problema no radica \u00fanicamente en el volumen de agua, sino en la frecuencia y las condiciones atmosf\u00e9ricas. Desde principios de febrero se reportan chaparrones cada dos o tres d\u00edas\u201d, sostuvo Bolatti.&nbsp;<\/p>\n\n\n\n<p>Y agreg\u00f3: \u201cperdimos un corte, se nos atras\u00f3 toda la producci\u00f3n, y hubo mucha materia prima de baja calidad\u201d.&nbsp;<\/p>\n\n\n\n<p>Buscando una buena dentro de esta situaci\u00f3n compleja \u201cindic\u00f3 que \u201cel exceso de humedad ha presentado una ventaja competitiva para la implantaci\u00f3n de nuevos cultivos\u201d, desde la empresa sembraron 500 hect\u00e1reas que hoy tienen un \u201cestado espectacular\u201d y con un nivel de humedad alt\u00edsimo.<\/p>\n\n\n\n<p>En tanto que Carignano analiz\u00f3 la din\u00e1mica del mercado y destac\u00f3 que \u201cse experimentan cambios\u201d. En el caso del mercado interno \u201cest\u00e1 ca\u00eddo\u201d y los tambos tienen abundante reserva lo que provoc\u00f3 que haya menos demanda de rollos.<\/p>\n\n\n\n<p>En lo que respecta al mercado de exportaci\u00f3n \u201cse observa una fuerte demanda externa de forraje con nivel de precios competitivos, pero todo est\u00e1 ligado a humedad y calidad\u201d.<\/p>\n\n\n\n<p>A todo ello hay que sumarle la rentabilidad del sector, afectada seriamente por el aumento de costos, que ponen a la producci\u00f3n en un momento \u00e1lgido. El aumento de combustibles, las obligaciones financieras y la tasa de inter\u00e9s, dificultan el negocio.<\/p>\n\n\n\n<p>Por eso, todos los involucrados coinciden en que la producci\u00f3n de alfalfa debe dejarse de ver como \u201cese cultivo alternativo\u201d para ser analizado, pensado y desarrollado como un cultivo que necesita ser industrializado.<\/p>\n\n\n\n<p>No se puede \u201chacer un rollo y dejarlo en el lote\u201d, marc\u00f3 Carignano sino que es necesario pensar en \u201clog\u00edstica, almacenamiento, an\u00e1lisis de producto\u201d.<\/p>\n\n\n\n<div class=\"wp-block-jetpack-slideshow aligncenter\" data-effect=\"slide\" style=\"--aspect-ratio:calc(1024 \/ 538)\"><div class=\"wp-block-jetpack-slideshow_container swiper-container\"><ul class=\"wp-block-jetpack-slideshow_swiper-wrapper swiper-wrapper\"><li class=\"wp-block-jetpack-slideshow_slide swiper-slide\"><figure><img data-recalc-dims=\"1\" decoding=\"async\" width=\"1024\" height=\"538\" alt=\"\" class=\"wp-block-jetpack-slideshow_image wp-image-52462\" data-id=\"52462\" data-aspect-ratio=\"1024 \/ 538\" src=\"https:\/\/i0.wp.com\/www.todoalfalfa.com.ar\/noticias\/wp-content\/uploads\/2026\/04\/20190505_174516.jpg?resize=1024%2C538&#038;ssl=1\" srcset=\"https:\/\/i0.wp.com\/www.todoalfalfa.com.ar\/noticias\/wp-content\/uploads\/2026\/04\/20190505_174516.jpg?resize=1024%2C538&amp;ssl=1 1024w, https:\/\/i0.wp.com\/www.todoalfalfa.com.ar\/noticias\/wp-content\/uploads\/2026\/04\/20190505_174516.jpg?resize=300%2C158&amp;ssl=1 300w, https:\/\/i0.wp.com\/www.todoalfalfa.com.ar\/noticias\/wp-content\/uploads\/2026\/04\/20190505_174516.jpg?resize=768%2C403&amp;ssl=1 768w, https:\/\/i0.wp.com\/www.todoalfalfa.com.ar\/noticias\/wp-content\/uploads\/2026\/04\/20190505_174516.jpg?w=1200&amp;ssl=1 1200w\" sizes=\"(max-width: 1000px) 100vw, 1000px\" \/><\/figure><\/li><li class=\"wp-block-jetpack-slideshow_slide swiper-slide\"><figure><img data-recalc-dims=\"1\" decoding=\"async\" width=\"310\" height=\"180\" alt=\"\" class=\"wp-block-jetpack-slideshow_image wp-image-52463\" data-id=\"52463\" src=\"https:\/\/i0.wp.com\/www.todoalfalfa.com.ar\/noticias\/wp-content\/uploads\/2026\/04\/OIP-6.jpeg?resize=310%2C180&#038;ssl=1\" srcset=\"https:\/\/i0.wp.com\/www.todoalfalfa.com.ar\/noticias\/wp-content\/uploads\/2026\/04\/OIP-6.jpeg?w=310&amp;ssl=1 310w, https:\/\/i0.wp.com\/www.todoalfalfa.com.ar\/noticias\/wp-content\/uploads\/2026\/04\/OIP-6.jpeg?resize=300%2C174&amp;ssl=1 300w\" sizes=\"(max-width: 310px) 100vw, 310px\" \/><\/figure><\/li><\/ul><a class=\"wp-block-jetpack-slideshow_button-prev swiper-button-prev swiper-button-white\" role=\"button\"><\/a><a class=\"wp-block-jetpack-slideshow_button-next swiper-button-next swiper-button-white\" role=\"button\"><\/a><a aria-label=\"Pause Slideshow\" class=\"wp-block-jetpack-slideshow_button-pause\" role=\"button\"><\/a><div class=\"wp-block-jetpack-slideshow_pagination swiper-pagination swiper-pagination-white\"><\/div><\/div><\/div>\n\n\n\n<p><strong>El impacto financiero directo<\/strong><\/p>\n\n\n\n<p>Mariano Cucchietti es productor de la zona de Noetinger, en C\u00f3rdoba, y en consonancia con el resto de las personas consultadas marc\u00f3 los puntos ya mencionados.<\/p>\n\n\n\n<p>Pero puntualiz\u00f3 que \u201cla degradaci\u00f3n t\u00e9cnica del producto y el retraso de las tareas han afectado directamente las finanzas, obligando a frenar inversiones planificadas\u201d.<\/p>\n\n\n\n<p>Adem\u00e1s, sum\u00f3 que por los pron\u00f3sticos que apuntan a un posible \u201cni\u00f1o\u201d se decidi\u00f3 en muchos casos reducir un 50% la superficie de siembra de alfalfa planificada para este a\u00f1o y esa superficie ser\u00e1 destinada hacia cultivos de verano, postergando la expansi\u00f3n de la alfalfa para el pr\u00f3ximo ciclo anual.<\/p>\n\n\n\n<p>Las condiciones clim\u00e1ticas impidieron la recolecci\u00f3n oportuna, acumulando entre dos y tres cortes en diversos lotes; y cuando hay \u201cuna ventana clim\u00e1tica que indica que habr\u00e1 tres d\u00edas de sol se avanza con cortes aunque la alfalfa est\u00e9 pasada\u201d, marc\u00f3.<\/p>\n\n\n\n<p>Para el entrevistado, en la planificaci\u00f3n previa \u201cel productor ten\u00eda el objetivo de duplicar su superficie de alfalfa, motivado por las expectativas de procesamiento y exportaci\u00f3n para el presente a\u00f1o. Sin embargo, los riesgos clim\u00e1ticos han forzado un cambio de rumbo inmediato\u201d.<\/p>\n\n\n\n<p>Los actores involucrados y que vienen desarrollando el negocio de la alfalfa desde hace a\u00f1os remarcan que \u201ces un negocio distinto que requiere pasi\u00f3n y persistencia, donde para crecer se necesita fidelizar clientes a\u00f1o a a\u00f1o, logrando establecer una cadena que permita superar los ciclos de a\u00f1os buenos y malos.<\/p>\n<div class=\"todoalfalfa-final-de-la-nota\" id=\"todoalfalfa-1202376900\"><a href=\"https:\/\/www.whatsapp.com\/channel\/0029VbCBmFB9WtBxJsD3eC2i\" target=\"_blank\" aria-label=\"5\"><img src=\"https:\/\/i0.wp.com\/www.todoalfalfa.com.ar\/noticias\/wp-content\/uploads\/2026\/04\/5.gif?fit=728%2C90&#038;ssl=1\" alt=\"\"  width=\"728\" height=\"90\"   \/><\/a><\/div>","protected":false},"excerpt":{"rendered":"<p>Las constantes lluvias afectan la producci\u00f3n, la calidad y la econom\u00eda de los productores. Desde TodoAlfalfa dialogamos con referentes del sector que manifestaron su preocupaci\u00f3n y su realidad ante los excesos h\u00eddricos que ponen a la \u201creina de las forrajeras\u201d en jaque.<\/p>\n","protected":false},"author":9,"featured_media":52461,"comment_status":"closed","ping_status":"open","sticky":false,"template":"","format":"standard","meta":{"jetpack_post_was_ever_published":false,"_jetpack_newsletter_access":"","_jetpack_dont_email_post_to_subs":false,"_jetpack_newsletter_tier_id":0,"_jetpack_memberships_contains_paywalled_content":false,"_jetpack_memberships_contains_paid_content":false,"footnotes":""},"categories":[2,3],"tags":[31,105,20,2232,236,54,68,36,1659,17,21,91],"class_list":["post-52460","post","type-post","status-publish","format-standard","has-post-thumbnail","hentry","category-generales","category-heno-y-forrajes","tag-alfalfa","tag-argentina","tag-calidad","tag-exceso-hidrico","tag-exportacion","tag-forrajes","tag-heno","tag-inta","tag-novedades","tag-pasturas","tag-produccion","tag-siembra"],"yoast_head":"<!-- This site is optimized with the Yoast SEO plugin v25.5 - https:\/\/yoast.com\/wordpress\/plugins\/seo\/ -->\n<title>A la alfalfa le sobra agua\u00a0<\/title>\n<meta name=\"robots\" content=\"index, follow, max-snippet:-1, max-image-preview:large, max-video-preview:-1\" \/>\n<link rel=\"canonical\" href=\"https:\/\/www.todoalfalfa.com.ar\/noticias\/a-la-alfalfa-le-sobra-agua\/\" \/>\n<meta property=\"og:locale\" content=\"es_ES\" \/>\n<meta property=\"og:type\" content=\"article\" \/>\n<meta property=\"og:title\" content=\"A la alfalfa le sobra agua\u00a0\" \/>\n<meta property=\"og:description\" content=\"Las constantes lluvias afectan la producci\u00f3n, la calidad y la econom\u00eda de los productores. Desde TodoAlfalfa dialogamos con referentes del sector que manifestaron su preocupaci\u00f3n y su realidad ante los excesos h\u00eddricos que ponen a la \u201creina de las forrajeras\u201d en jaque.\" \/>\n<meta property=\"og:url\" content=\"https:\/\/www.todoalfalfa.com.ar\/noticias\/a-la-alfalfa-le-sobra-agua\/\" \/>\n<meta property=\"og:site_name\" content=\"Todo Alfalfa\" \/>\n<meta property=\"article:publisher\" content=\"https:\/\/www.facebook.com\/todoalfalfa\" \/>\n<meta property=\"article:published_time\" content=\"2026-04-29T20:56:08+00:00\" \/>\n<meta property=\"article:modified_time\" content=\"2026-04-29T20:56:11+00:00\" \/>\n<meta property=\"og:image\" content=\"https:\/\/www.todoalfalfa.com.ar\/noticias\/wp-content\/uploads\/2026\/04\/WhatsApp-Image-2026-04-29-at-14.05.33.jpeg\" \/>\n\t<meta property=\"og:image:width\" content=\"972\" \/>\n\t<meta property=\"og:image:height\" content=\"294\" \/>\n\t<meta property=\"og:image:type\" content=\"image\/jpeg\" \/>\n<meta name=\"author\" content=\"Todo Alfalfa\" \/>\n<meta name=\"twitter:card\" content=\"summary_large_image\" \/>\n<meta name=\"twitter:label1\" content=\"Escrito por\" \/>\n\t<meta name=\"twitter:data1\" content=\"Todo Alfalfa\" \/>\n\t<meta name=\"twitter:label2\" content=\"Tiempo de lectura\" \/>\n\t<meta name=\"twitter:data2\" content=\"7 minutos\" \/>\n<script type=\"application\/ld+json\" class=\"yoast-schema-graph\">{\"@context\":\"https:\/\/schema.org\",\"@graph\":[{\"@type\":\"NewsArticle\",\"@id\":\"https:\/\/www.todoalfalfa.com.ar\/noticias\/a-la-alfalfa-le-sobra-agua\/#article\",\"isPartOf\":{\"@id\":\"https:\/\/www.todoalfalfa.com.ar\/noticias\/a-la-alfalfa-le-sobra-agua\/\"},\"author\":{\"name\":\"Todo Alfalfa\",\"@id\":\"https:\/\/www.todoalfalfa.com.ar\/noticias\/#\/schema\/person\/99de93cb711c7015ef658e5321ba9f18\"},\"headline\":\"A la alfalfa le sobra agua\u00a0\",\"datePublished\":\"2026-04-29T20:56:08+00:00\",\"dateModified\":\"2026-04-29T20:56:11+00:00\",\"mainEntityOfPage\":{\"@id\":\"https:\/\/www.todoalfalfa.com.ar\/noticias\/a-la-alfalfa-le-sobra-agua\/\"},\"wordCount\":1434,\"publisher\":{\"@id\":\"https:\/\/www.todoalfalfa.com.ar\/noticias\/#organization\"},\"image\":{\"@id\":\"https:\/\/www.todoalfalfa.com.ar\/noticias\/a-la-alfalfa-le-sobra-agua\/#primaryimage\"},\"thumbnailUrl\":\"https:\/\/i0.wp.com\/www.todoalfalfa.com.ar\/noticias\/wp-content\/uploads\/2026\/04\/WhatsApp-Image-2026-04-29-at-14.05.33.jpeg?fit=972%2C294&ssl=1\",\"keywords\":[\"alfalfa\",\"Argentina\",\"calidad\",\"Exceso H\u00eddrico\",\"exportaci\u00f3n\",\"forrajes\",\"heno\",\"inta\",\"Novedades\",\"pasturas\",\"producci\u00f3n\",\"siembra\"],\"articleSection\":[\"Generales\",\"Heno y Forrajes\"],\"inLanguage\":\"es\"},{\"@type\":[\"WebPage\",\"ItemPage\"],\"@id\":\"https:\/\/www.todoalfalfa.com.ar\/noticias\/a-la-alfalfa-le-sobra-agua\/\",\"url\":\"https:\/\/www.todoalfalfa.com.ar\/noticias\/a-la-alfalfa-le-sobra-agua\/\",\"name\":\"A la alfalfa le sobra agua\u00a0\",\"isPartOf\":{\"@id\":\"https:\/\/www.todoalfalfa.com.ar\/noticias\/#website\"},\"primaryImageOfPage\":{\"@id\":\"https:\/\/www.todoalfalfa.com.ar\/noticias\/a-la-alfalfa-le-sobra-agua\/#primaryimage\"},\"image\":{\"@id\":\"https:\/\/www.todoalfalfa.com.ar\/noticias\/a-la-alfalfa-le-sobra-agua\/#primaryimage\"},\"thumbnailUrl\":\"https:\/\/i0.wp.com\/www.todoalfalfa.com.ar\/noticias\/wp-content\/uploads\/2026\/04\/WhatsApp-Image-2026-04-29-at-14.05.33.jpeg?fit=972%2C294&ssl=1\",\"datePublished\":\"2026-04-29T20:56:08+00:00\",\"dateModified\":\"2026-04-29T20:56:11+00:00\",\"breadcrumb\":{\"@id\":\"https:\/\/www.todoalfalfa.com.ar\/noticias\/a-la-alfalfa-le-sobra-agua\/#breadcrumb\"},\"inLanguage\":\"es\",\"potentialAction\":[{\"@type\":\"ReadAction\",\"target\":[\"https:\/\/www.todoalfalfa.com.ar\/noticias\/a-la-alfalfa-le-sobra-agua\/\"]}]},{\"@type\":\"ImageObject\",\"inLanguage\":\"es\",\"@id\":\"https:\/\/www.todoalfalfa.com.ar\/noticias\/a-la-alfalfa-le-sobra-agua\/#primaryimage\",\"url\":\"https:\/\/i0.wp.com\/www.todoalfalfa.com.ar\/noticias\/wp-content\/uploads\/2026\/04\/WhatsApp-Image-2026-04-29-at-14.05.33.jpeg?fit=972%2C294&ssl=1\",\"contentUrl\":\"https:\/\/i0.wp.com\/www.todoalfalfa.com.ar\/noticias\/wp-content\/uploads\/2026\/04\/WhatsApp-Image-2026-04-29-at-14.05.33.jpeg?fit=972%2C294&ssl=1\",\"width\":972,\"height\":294},{\"@type\":\"BreadcrumbList\",\"@id\":\"https:\/\/www.todoalfalfa.com.ar\/noticias\/a-la-alfalfa-le-sobra-agua\/#breadcrumb\",\"itemListElement\":[{\"@type\":\"ListItem\",\"position\":1,\"name\":\"Principal\",\"item\":\"https:\/\/www.todoalfalfa.com.ar\/noticias\/\"},{\"@type\":\"ListItem\",\"position\":2,\"name\":\"A la alfalfa le sobra agua\u00a0\"}]},{\"@type\":\"WebSite\",\"@id\":\"https:\/\/www.todoalfalfa.com.ar\/noticias\/#website\",\"url\":\"https:\/\/www.todoalfalfa.com.ar\/noticias\/\",\"name\":\"Todo Alfalfa\",\"description\":\"Web informativa de la cadena de la alfalfa argentina\",\"publisher\":{\"@id\":\"https:\/\/www.todoalfalfa.com.ar\/noticias\/#organization\"},\"potentialAction\":[{\"@type\":\"SearchAction\",\"target\":{\"@type\":\"EntryPoint\",\"urlTemplate\":\"https:\/\/www.todoalfalfa.com.ar\/noticias\/?s={search_term_string}\"},\"query-input\":{\"@type\":\"PropertyValueSpecification\",\"valueRequired\":true,\"valueName\":\"search_term_string\"}}],\"inLanguage\":\"es\"},{\"@type\":\"Organization\",\"@id\":\"https:\/\/www.todoalfalfa.com.ar\/noticias\/#organization\",\"name\":\"Todo Alfalfa\",\"url\":\"https:\/\/www.todoalfalfa.com.ar\/noticias\/\",\"logo\":{\"@type\":\"ImageObject\",\"inLanguage\":\"es\",\"@id\":\"https:\/\/www.todoalfalfa.com.ar\/noticias\/#\/schema\/logo\/image\/\",\"url\":\"https:\/\/www.todoalfalfa.com.ar\/noticias\/wp-content\/uploads\/2020\/09\/logo-todo-alfalfa-modificado.png\",\"contentUrl\":\"https:\/\/www.todoalfalfa.com.ar\/noticias\/wp-content\/uploads\/2020\/09\/logo-todo-alfalfa-modificado.png\",\"width\":350,\"height\":100,\"caption\":\"Todo Alfalfa\"},\"image\":{\"@id\":\"https:\/\/www.todoalfalfa.com.ar\/noticias\/#\/schema\/logo\/image\/\"},\"sameAs\":[\"https:\/\/www.facebook.com\/todoalfalfa\",\"https:\/\/www.instagram.com\/todoalfalfa\",\"https:\/\/www.youtube.com\/@TodoAlfalfa\",\"https:\/\/www.linkedin.com\/company\/todoalfalfa\/\"]},{\"@type\":\"Person\",\"@id\":\"https:\/\/www.todoalfalfa.com.ar\/noticias\/#\/schema\/person\/99de93cb711c7015ef658e5321ba9f18\",\"name\":\"Todo Alfalfa\",\"image\":{\"@type\":\"ImageObject\",\"inLanguage\":\"es\",\"@id\":\"https:\/\/www.todoalfalfa.com.ar\/noticias\/#\/schema\/person\/image\/\",\"url\":\"https:\/\/secure.gravatar.com\/avatar\/50ffd12fb7b268bc2467160730786602db252a270c63104e7c19b5f67b8dd346?s=96&d=mm&r=g\",\"contentUrl\":\"https:\/\/secure.gravatar.com\/avatar\/50ffd12fb7b268bc2467160730786602db252a270c63104e7c19b5f67b8dd346?s=96&d=mm&r=g\",\"caption\":\"Todo Alfalfa\"},\"url\":\"https:\/\/www.todoalfalfa.com.ar\/noticias\/author\/osvaldoiachetta\/\"}]}<\/script>\n<!-- \/ Yoast SEO plugin. -->","yoast_head_json":{"title":"A la alfalfa le sobra agua\u00a0","robots":{"index":"index","follow":"follow","max-snippet":"max-snippet:-1","max-image-preview":"max-image-preview:large","max-video-preview":"max-video-preview:-1"},"canonical":"https:\/\/www.todoalfalfa.com.ar\/noticias\/a-la-alfalfa-le-sobra-agua\/","og_locale":"es_ES","og_type":"article","og_title":"A la alfalfa le sobra agua\u00a0","og_description":"Las constantes lluvias afectan la producci\u00f3n, la calidad y la econom\u00eda de los productores. Desde TodoAlfalfa dialogamos con referentes del sector que manifestaron su preocupaci\u00f3n y su realidad ante los excesos h\u00eddricos que ponen a la \u201creina de las forrajeras\u201d en jaque.","og_url":"https:\/\/www.todoalfalfa.com.ar\/noticias\/a-la-alfalfa-le-sobra-agua\/","og_site_name":"Todo Alfalfa","article_publisher":"https:\/\/www.facebook.com\/todoalfalfa","article_published_time":"2026-04-29T20:56:08+00:00","article_modified_time":"2026-04-29T20:56:11+00:00","og_image":[{"width":972,"height":294,"url":"https:\/\/www.todoalfalfa.com.ar\/noticias\/wp-content\/uploads\/2026\/04\/WhatsApp-Image-2026-04-29-at-14.05.33.jpeg","type":"image\/jpeg"}],"author":"Todo Alfalfa","twitter_card":"summary_large_image","twitter_misc":{"Escrito por":"Todo Alfalfa","Tiempo de lectura":"7 minutos"},"schema":{"@context":"https:\/\/schema.org","@graph":[{"@type":"NewsArticle","@id":"https:\/\/www.todoalfalfa.com.ar\/noticias\/a-la-alfalfa-le-sobra-agua\/#article","isPartOf":{"@id":"https:\/\/www.todoalfalfa.com.ar\/noticias\/a-la-alfalfa-le-sobra-agua\/"},"author":{"name":"Todo Alfalfa","@id":"https:\/\/www.todoalfalfa.com.ar\/noticias\/#\/schema\/person\/99de93cb711c7015ef658e5321ba9f18"},"headline":"A la alfalfa le sobra agua\u00a0","datePublished":"2026-04-29T20:56:08+00:00","dateModified":"2026-04-29T20:56:11+00:00","mainEntityOfPage":{"@id":"https:\/\/www.todoalfalfa.com.ar\/noticias\/a-la-alfalfa-le-sobra-agua\/"},"wordCount":1434,"publisher":{"@id":"https:\/\/www.todoalfalfa.com.ar\/noticias\/#organization"},"image":{"@id":"https:\/\/www.todoalfalfa.com.ar\/noticias\/a-la-alfalfa-le-sobra-agua\/#primaryimage"},"thumbnailUrl":"https:\/\/i0.wp.com\/www.todoalfalfa.com.ar\/noticias\/wp-content\/uploads\/2026\/04\/WhatsApp-Image-2026-04-29-at-14.05.33.jpeg?fit=972%2C294&ssl=1","keywords":["alfalfa","Argentina","calidad","Exceso H\u00eddrico","exportaci\u00f3n","forrajes","heno","inta","Novedades","pasturas","producci\u00f3n","siembra"],"articleSection":["Generales","Heno y Forrajes"],"inLanguage":"es"},{"@type":["WebPage","ItemPage"],"@id":"https:\/\/www.todoalfalfa.com.ar\/noticias\/a-la-alfalfa-le-sobra-agua\/","url":"https:\/\/www.todoalfalfa.com.ar\/noticias\/a-la-alfalfa-le-sobra-agua\/","name":"A la alfalfa le sobra agua\u00a0","isPartOf":{"@id":"https:\/\/www.todoalfalfa.com.ar\/noticias\/#website"},"primaryImageOfPage":{"@id":"https:\/\/www.todoalfalfa.com.ar\/noticias\/a-la-alfalfa-le-sobra-agua\/#primaryimage"},"image":{"@id":"https:\/\/www.todoalfalfa.com.ar\/noticias\/a-la-alfalfa-le-sobra-agua\/#primaryimage"},"thumbnailUrl":"https:\/\/i0.wp.com\/www.todoalfalfa.com.ar\/noticias\/wp-content\/uploads\/2026\/04\/WhatsApp-Image-2026-04-29-at-14.05.33.jpeg?fit=972%2C294&ssl=1","datePublished":"2026-04-29T20:56:08+00:00","dateModified":"2026-04-29T20:56:11+00:00","breadcrumb":{"@id":"https:\/\/www.todoalfalfa.com.ar\/noticias\/a-la-alfalfa-le-sobra-agua\/#breadcrumb"},"inLanguage":"es","potentialAction":[{"@type":"ReadAction","target":["https:\/\/www.todoalfalfa.com.ar\/noticias\/a-la-alfalfa-le-sobra-agua\/"]}]},{"@type":"ImageObject","inLanguage":"es","@id":"https:\/\/www.todoalfalfa.com.ar\/noticias\/a-la-alfalfa-le-sobra-agua\/#primaryimage","url":"https:\/\/i0.wp.com\/www.todoalfalfa.com.ar\/noticias\/wp-content\/uploads\/2026\/04\/WhatsApp-Image-2026-04-29-at-14.05.33.jpeg?fit=972%2C294&ssl=1","contentUrl":"https:\/\/i0.wp.com\/www.todoalfalfa.com.ar\/noticias\/wp-content\/uploads\/2026\/04\/WhatsApp-Image-2026-04-29-at-14.05.33.jpeg?fit=972%2C294&ssl=1","width":972,"height":294},{"@type":"BreadcrumbList","@id":"https:\/\/www.todoalfalfa.com.ar\/noticias\/a-la-alfalfa-le-sobra-agua\/#breadcrumb","itemListElement":[{"@type":"ListItem","position":1,"name":"Principal","item":"https:\/\/www.todoalfalfa.com.ar\/noticias\/"},{"@type":"ListItem","position":2,"name":"A la alfalfa le sobra agua\u00a0"}]},{"@type":"WebSite","@id":"https:\/\/www.todoalfalfa.com.ar\/noticias\/#website","url":"https:\/\/www.todoalfalfa.com.ar\/noticias\/","name":"Todo Alfalfa","description":"Web informativa de la cadena de la alfalfa argentina","publisher":{"@id":"https:\/\/www.todoalfalfa.com.ar\/noticias\/#organization"},"potentialAction":[{"@type":"SearchAction","target":{"@type":"EntryPoint","urlTemplate":"https:\/\/www.todoalfalfa.com.ar\/noticias\/?s={search_term_string}"},"query-input":{"@type":"PropertyValueSpecification","valueRequired":true,"valueName":"search_term_string"}}],"inLanguage":"es"},{"@type":"Organization","@id":"https:\/\/www.todoalfalfa.com.ar\/noticias\/#organization","name":"Todo Alfalfa","url":"https:\/\/www.todoalfalfa.com.ar\/noticias\/","logo":{"@type":"ImageObject","inLanguage":"es","@id":"https:\/\/www.todoalfalfa.com.ar\/noticias\/#\/schema\/logo\/image\/","url":"https:\/\/www.todoalfalfa.com.ar\/noticias\/wp-content\/uploads\/2020\/09\/logo-todo-alfalfa-modificado.png","contentUrl":"https:\/\/www.todoalfalfa.com.ar\/noticias\/wp-content\/uploads\/2020\/09\/logo-todo-alfalfa-modificado.png","width":350,"height":100,"caption":"Todo Alfalfa"},"image":{"@id":"https:\/\/www.todoalfalfa.com.ar\/noticias\/#\/schema\/logo\/image\/"},"sameAs":["https:\/\/www.facebook.com\/todoalfalfa","https:\/\/www.instagram.com\/todoalfalfa","https:\/\/www.youtube.com\/@TodoAlfalfa","https:\/\/www.linkedin.com\/company\/todoalfalfa\/"]},{"@type":"Person","@id":"https:\/\/www.todoalfalfa.com.ar\/noticias\/#\/schema\/person\/99de93cb711c7015ef658e5321ba9f18","name":"Todo Alfalfa","image":{"@type":"ImageObject","inLanguage":"es","@id":"https:\/\/www.todoalfalfa.com.ar\/noticias\/#\/schema\/person\/image\/","url":"https:\/\/secure.gravatar.com\/avatar\/50ffd12fb7b268bc2467160730786602db252a270c63104e7c19b5f67b8dd346?s=96&d=mm&r=g","contentUrl":"https:\/\/secure.gravatar.com\/avatar\/50ffd12fb7b268bc2467160730786602db252a270c63104e7c19b5f67b8dd346?s=96&d=mm&r=g","caption":"Todo Alfalfa"},"url":"https:\/\/www.todoalfalfa.com.ar\/noticias\/author\/osvaldoiachetta\/"}]}},"jetpack_featured_media_url":"https:\/\/i0.wp.com\/www.todoalfalfa.com.ar\/noticias\/wp-content\/uploads\/2026\/04\/WhatsApp-Image-2026-04-29-at-14.05.33.jpeg?fit=972%2C294&ssl=1","wps_subtitle":"","jetpack_sharing_enabled":true,"_links":{"self":[{"href":"https:\/\/www.todoalfalfa.com.ar\/noticias\/wp-json\/wp\/v2\/posts\/52460","targetHints":{"allow":["GET"]}}],"collection":[{"href":"https:\/\/www.todoalfalfa.com.ar\/noticias\/wp-json\/wp\/v2\/posts"}],"about":[{"href":"https:\/\/www.todoalfalfa.com.ar\/noticias\/wp-json\/wp\/v2\/types\/post"}],"author":[{"embeddable":true,"href":"https:\/\/www.todoalfalfa.com.ar\/noticias\/wp-json\/wp\/v2\/users\/9"}],"replies":[{"embeddable":true,"href":"https:\/\/www.todoalfalfa.com.ar\/noticias\/wp-json\/wp\/v2\/comments?post=52460"}],"version-history":[{"count":1,"href":"https:\/\/www.todoalfalfa.com.ar\/noticias\/wp-json\/wp\/v2\/posts\/52460\/revisions"}],"predecessor-version":[{"id":52464,"href":"https:\/\/www.todoalfalfa.com.ar\/noticias\/wp-json\/wp\/v2\/posts\/52460\/revisions\/52464"}],"wp:featuredmedia":[{"embeddable":true,"href":"https:\/\/www.todoalfalfa.com.ar\/noticias\/wp-json\/wp\/v2\/media\/52461"}],"wp:attachment":[{"href":"https:\/\/www.todoalfalfa.com.ar\/noticias\/wp-json\/wp\/v2\/media?parent=52460"}],"wp:term":[{"taxonomy":"category","embeddable":true,"href":"https:\/\/www.todoalfalfa.com.ar\/noticias\/wp-json\/wp\/v2\/categories?post=52460"},{"taxonomy":"post_tag","embeddable":true,"href":"https:\/\/www.todoalfalfa.com.ar\/noticias\/wp-json\/wp\/v2\/tags?post=52460"}],"curies":[{"name":"wp","href":"https:\/\/api.w.org\/{rel}","templated":true}]}}