{"id":52465,"date":"2026-04-29T18:09:48","date_gmt":"2026-04-29T21:09:48","guid":{"rendered":"https:\/\/www.todoalfalfa.com.ar\/noticias\/?p=52465"},"modified":"2026-04-29T18:11:42","modified_gmt":"2026-04-29T21:11:42","slug":"gauss-landtechnik-fortalece-el-posicionamiento-de-krone-en-argentina","status":"publish","type":"post","link":"https:\/\/www.todoalfalfa.com.ar\/noticias\/gauss-landtechnik-fortalece-el-posicionamiento-de-krone-en-argentina\/","title":{"rendered":"Gauss Landtechnik fortalece el posicionamiento de Krone en Argentina"},"content":{"rendered":"\n<p>Gauss Landtechnik emprende junto a Krone una nueva etapa para potenciar su posicionamiento en el mercado argentino. La empresa de Entre R\u00edos es el socio estrat\u00e9gico y representante oficial en el pa\u00eds de la marca alemana.<\/p>\n\n\n\n<p>Con aquel objetivo, una comitiva de Gauss Landtechnik se entrevist\u00f3 en Alemania con la plana mayor de Krone, encabezada por sus principales directivos en el orden mundial.<\/p>\n\n\n\n<p>\u201cEsta reciente cumbre en Europa viene a consolidar un v\u00ednculo inquebrantable, basado en la confianza mutua y una l\u00ednea de comunicaci\u00f3n directa y cotidiana\u201d, enfatizan desde Gauss Landtechnik.<\/p>\n\n\n\n<p class=\"has-medium-font-size\"><strong>Expansi\u00f3n<\/strong><\/p>\n\n\n\n<p>\u201cCon este respaldo absoluto de la matriz, Gauss Landtechnik apunta ahora a escalar en mayores posibilidades comerciales y en la introducci\u00f3n de nueva tecnolog\u00eda\u201d, agregan.<\/p>\n\n\n\n<p>En esa reuni\u00f3n se acord\u00f3 fortalecer la presencia de Krone en Argentina, profundizando la llegada de sus equipos a los diferentes estratos de la ganader\u00eda y de producci\u00f3n de forraje.<\/p>\n\n\n\n<figure class=\"wp-block-image size-full\"><img data-recalc-dims=\"1\" fetchpriority=\"high\" decoding=\"async\" width=\"400\" height=\"265\" src=\"https:\/\/i0.wp.com\/www.todoalfalfa.com.ar\/noticias\/wp-content\/uploads\/2026\/04\/Matias-Gauss-con-la-plana-mayor-de-Krone-400x265-1.jpg?resize=400%2C265&#038;ssl=1\" alt=\"\" class=\"wp-image-52466\" srcset=\"https:\/\/i0.wp.com\/www.todoalfalfa.com.ar\/noticias\/wp-content\/uploads\/2026\/04\/Matias-Gauss-con-la-plana-mayor-de-Krone-400x265-1.jpg?w=400&amp;ssl=1 400w, https:\/\/i0.wp.com\/www.todoalfalfa.com.ar\/noticias\/wp-content\/uploads\/2026\/04\/Matias-Gauss-con-la-plana-mayor-de-Krone-400x265-1.jpg?resize=300%2C199&amp;ssl=1 300w\" sizes=\"(max-width: 400px) 100vw, 400px\" \/><figcaption class=\"wp-element-caption\"><sup>Directivos de Gauss Landtechnik con la c\u00fapula de Krone<\/sup><\/figcaption><\/figure>\n\n\n\n<p>De la entrevista participaron Mat\u00edas Gauss (presidente de Grupo Gauss) y Gustavo Gauss (Gerente de Posventa Grupo Gauss), y por parte de Krone, los siguientes directivos: Bernard Krone (Titular del Holding Krone); Mart\u00edn Seggering (Jefe de Ventas T\u00e9cnicas) y Denis Epp (Representante Comercial para Latinoam\u00e9rica)<\/p>\n\n\n\n<p class=\"has-medium-font-size\"><strong>Metas<\/strong><\/p>\n\n\n\n<p>\u201cLos puntos principales de la conversaci\u00f3n con las autoridades de Krone consistieron en hacer foco en la expansi\u00f3n de la marca en el pa\u00eds y en ampliar la red comercial ya existente\u201d, explica Mat\u00edas Gauss, titular de Gauss Landtechnik.<\/p>\n\n\n\n<p>\u201cTambi\u00e9n se consensu\u00f3 la necesidad de explorar zonas del mercado argentino que todav\u00eda est\u00e9n libres y aptas para introducir las m\u00e1quinas de Krone\u201d, agrega.<\/p>\n\n\n\n<figure class=\"wp-block-image size-full\"><img data-recalc-dims=\"1\" decoding=\"async\" width=\"600\" height=\"400\" src=\"https:\/\/i0.wp.com\/www.todoalfalfa.com.ar\/noticias\/wp-content\/uploads\/2026\/04\/Matias-Gauss-Gauss-Landtechnik-03-600x400-1.jpg?resize=600%2C400&#038;ssl=1\" alt=\"\" class=\"wp-image-52467\" srcset=\"https:\/\/i0.wp.com\/www.todoalfalfa.com.ar\/noticias\/wp-content\/uploads\/2026\/04\/Matias-Gauss-Gauss-Landtechnik-03-600x400-1.jpg?w=600&amp;ssl=1 600w, https:\/\/i0.wp.com\/www.todoalfalfa.com.ar\/noticias\/wp-content\/uploads\/2026\/04\/Matias-Gauss-Gauss-Landtechnik-03-600x400-1.jpg?resize=300%2C200&amp;ssl=1 300w\" sizes=\"(max-width: 600px) 100vw, 600px\" \/><figcaption class=\"wp-element-caption\"><sup>Mat\u00edas Gauss<\/sup><\/figcaption><\/figure>\n\n\n\n<p>\u201cDe esta manera, sobre la estructura comercial que ya se estableci\u00f3 en Argentina, se desplegar\u00e1n acciones orientadas a fortalecerla y ampliarla\u201d, subraya Gauss.<\/p>\n\n\n\n<p class=\"has-medium-font-size\"><strong>Sinergia<\/strong><\/p>\n\n\n\n<p>\u201cLa idea es hacer crecer m\u00e1s a la red de agentes de ventas que ya es importante, pero que puede sumar nuevos concesionarios\u201d, a\u00f1ade.<\/p>\n\n\n\n<p>\u201cAdem\u00e1s, apuntamos a reforzar el servicio posventa y la provisi\u00f3n de repuestos para que la calidad de las m\u00e1quinas de Krone tenga siempre un respaldo completo\u201d, puntualiza Gauss.<\/p>\n\n\n\n<figure class=\"wp-block-image size-full\"><img data-recalc-dims=\"1\" decoding=\"async\" width=\"540\" height=\"360\" src=\"https:\/\/i0.wp.com\/www.todoalfalfa.com.ar\/noticias\/wp-content\/uploads\/2026\/04\/Segadora-Krone-BiG-M-450-05-540x360-2.jpg?resize=540%2C360&#038;ssl=1\" alt=\"\" class=\"wp-image-52469\" srcset=\"https:\/\/i0.wp.com\/www.todoalfalfa.com.ar\/noticias\/wp-content\/uploads\/2026\/04\/Segadora-Krone-BiG-M-450-05-540x360-2.jpg?w=540&amp;ssl=1 540w, https:\/\/i0.wp.com\/www.todoalfalfa.com.ar\/noticias\/wp-content\/uploads\/2026\/04\/Segadora-Krone-BiG-M-450-05-540x360-2.jpg?resize=300%2C200&amp;ssl=1 300w\" sizes=\"(max-width: 540px) 100vw, 540px\" \/><\/figure>\n\n\n\n<p>\u201cUn pilar fundamental de nuestra estrategia es la capacitaci\u00f3n continua. Estamos enviando constantemente a nuestros t\u00e9cnicos a formarse de manera directa en las f\u00e1bricas de Krone en Alemania. El objetivo es garantizar que los nuestros reciban exactamente el mismo nivel de especializaci\u00f3n que tendr\u00eda en Europa\u201d, destaca.<\/p>\n\n\n\n<p>\u201cY esta expansi\u00f3n territorial contar\u00e1, por supuesto, con el apoyo de Krone que tiene mucho inter\u00e9s en seguir creciendo en el plano local junto a nuestra empresa\u201d, remarca.<\/p>\n\n\n\n<p class=\"has-medium-font-size\"><strong>Productos<\/strong><\/p>\n\n\n\n<p>Actualmente, Gauss Landtechnik ofrece en Argentina una gama extensa de productos de Krone que abarca todo el proceso de corte, acondicionamiento del pasto y confecci\u00f3n de reservas forrajeras.<\/p>\n\n\n\n<p>\u201cDe todos los segmentos que fabrica Krone, hemos tra\u00eddo modelos al mercado nacional y tenemos la intenci\u00f3n de ampliar la l\u00ednea\u201d, destaca Mat\u00edas Gauss.<\/p>\n\n\n\n<p>\u201cTambi\u00e9n la idea es crecer en volumen, teniendo mayor disponibilidad de equipos. Y se puede manejar la posibilidad de importar directamente a pedido de los clientes\u201d, agrega.<\/p>\n\n\n\n<figure class=\"wp-block-image size-full\"><img data-recalc-dims=\"1\" loading=\"lazy\" decoding=\"async\" width=\"540\" height=\"360\" src=\"https:\/\/i0.wp.com\/www.todoalfalfa.com.ar\/noticias\/wp-content\/uploads\/2026\/04\/Segadora-Krone-BiG-M-450-02-540x360-1.jpg?resize=540%2C360&#038;ssl=1\" alt=\"\" class=\"wp-image-52470\" srcset=\"https:\/\/i0.wp.com\/www.todoalfalfa.com.ar\/noticias\/wp-content\/uploads\/2026\/04\/Segadora-Krone-BiG-M-450-02-540x360-1.jpg?w=540&amp;ssl=1 540w, https:\/\/i0.wp.com\/www.todoalfalfa.com.ar\/noticias\/wp-content\/uploads\/2026\/04\/Segadora-Krone-BiG-M-450-02-540x360-1.jpg?resize=300%2C200&amp;ssl=1 300w\" sizes=\"(max-width: 540px) 100vw, 540px\" \/><\/figure>\n\n\n\n<p class=\"has-medium-font-size\"><strong>Financiaci\u00f3n<\/strong><\/p>\n\n\n\n<p>A la par de la oferta tecnol\u00f3gica, Gauss Landtechnik concret\u00f3 convenios con bancos p\u00fablicos y privados para ofrecer l\u00edneas crediticias tanto en pesos como en d\u00f3lares.<\/p>\n\n\n\n<p>Son posibilidades de financiamiento que se agregan a las operatorias que la empresa propone directamente, con facilidades para hacer m\u00e1s accesibles los productos de Krone.<\/p>\n\n\n\n<p>\u201cHemos vendido m\u00e1quinas desde Chubut hasta Jujuy, cumpliendo una etapa muy positiva. Ahora vamos hacia otra fase de crecimiento y de expansi\u00f3n hacia m\u00e1s porciones del mercado\u201d, manifiesta Gauss.<\/p>\n\n\n\n<p>Fuente: <a href=\"https:\/\/maquinac.com\/2026\/04\/gauss-landtechnik-fortalece-el-posicionamiento-de-krone-en-argentina\/\">Maquinac<\/a><\/p>\n<div class=\"todoalfalfa-final-de-la-nota\" id=\"todoalfalfa-2185196124\"><a href=\"https:\/\/www.whatsapp.com\/channel\/0029VbCBmFB9WtBxJsD3eC2i\" target=\"_blank\" aria-label=\"5\"><img src=\"https:\/\/i0.wp.com\/www.todoalfalfa.com.ar\/noticias\/wp-content\/uploads\/2026\/04\/5.gif?fit=728%2C90&#038;ssl=1\" alt=\"\"  width=\"728\" height=\"90\"   \/><\/a><\/div>","protected":false},"excerpt":{"rendered":"<p>Directivos de la empresa argentina se reunieron en Alemania con la c\u00fapula de la marca global. Y se acord\u00f3 impulsar la presencia de Krone con m\u00e1s puntos de venta y un portfolio reforzado.<\/p>\n","protected":false},"author":9,"featured_media":52466,"comment_status":"closed","ping_status":"open","sticky":false,"template":"","format":"standard","meta":{"jetpack_post_was_ever_published":false,"_jetpack_newsletter_access":"","_jetpack_dont_email_post_to_subs":false,"_jetpack_newsletter_tier_id":0,"_jetpack_memberships_contains_paywalled_content":false,"_jetpack_memberships_contains_paid_content":false,"footnotes":""},"categories":[4],"tags":[1498,54,1900,348,1828,1745],"class_list":["post-52465","post","type-post","status-publish","format-standard","has-post-thumbnail","hentry","category-tecnologia","tag-fierros","tag-forrajes","tag-gauss-landtechnik","tag-krone","tag-maquinas-forrajeras","tag-matias-gauss"],"yoast_head":"<!-- This site is optimized with the Yoast SEO plugin v25.5 - https:\/\/yoast.com\/wordpress\/plugins\/seo\/ -->\n<title>Gauss Landtechnik fortalece el posicionamiento de Krone en Argentina<\/title>\n<meta name=\"robots\" content=\"index, follow, max-snippet:-1, max-image-preview:large, max-video-preview:-1\" \/>\n<link rel=\"canonical\" href=\"https:\/\/www.todoalfalfa.com.ar\/noticias\/gauss-landtechnik-fortalece-el-posicionamiento-de-krone-en-argentina\/\" \/>\n<meta property=\"og:locale\" content=\"es_ES\" \/>\n<meta property=\"og:type\" content=\"article\" \/>\n<meta property=\"og:title\" content=\"Gauss Landtechnik fortalece el posicionamiento de Krone en Argentina\" \/>\n<meta property=\"og:description\" content=\"Directivos de la empresa argentina se reunieron en Alemania con la c\u00fapula de la marca global. Y se acord\u00f3 impulsar la presencia de Krone con m\u00e1s puntos de venta y un portfolio reforzado.\" \/>\n<meta property=\"og:url\" content=\"https:\/\/www.todoalfalfa.com.ar\/noticias\/gauss-landtechnik-fortalece-el-posicionamiento-de-krone-en-argentina\/\" \/>\n<meta property=\"og:site_name\" content=\"Todo Alfalfa\" \/>\n<meta property=\"article:publisher\" content=\"https:\/\/www.facebook.com\/todoalfalfa\" \/>\n<meta property=\"article:published_time\" content=\"2026-04-29T21:09:48+00:00\" \/>\n<meta property=\"article:modified_time\" content=\"2026-04-29T21:11:42+00:00\" \/>\n<meta property=\"og:image\" content=\"https:\/\/www.todoalfalfa.com.ar\/noticias\/wp-content\/uploads\/2026\/04\/Matias-Gauss-con-la-plana-mayor-de-Krone-400x265-1.jpg\" \/>\n\t<meta property=\"og:image:width\" content=\"400\" \/>\n\t<meta property=\"og:image:height\" content=\"265\" \/>\n\t<meta property=\"og:image:type\" content=\"image\/jpeg\" \/>\n<meta name=\"author\" content=\"Todo Alfalfa\" \/>\n<meta name=\"twitter:card\" content=\"summary_large_image\" \/>\n<meta name=\"twitter:label1\" content=\"Escrito por\" \/>\n\t<meta name=\"twitter:data1\" content=\"Todo Alfalfa\" \/>\n\t<meta name=\"twitter:label2\" content=\"Tiempo de lectura\" \/>\n\t<meta name=\"twitter:data2\" content=\"4 minutos\" \/>\n<script type=\"application\/ld+json\" class=\"yoast-schema-graph\">{\"@context\":\"https:\/\/schema.org\",\"@graph\":[{\"@type\":\"NewsArticle\",\"@id\":\"https:\/\/www.todoalfalfa.com.ar\/noticias\/gauss-landtechnik-fortalece-el-posicionamiento-de-krone-en-argentina\/#article\",\"isPartOf\":{\"@id\":\"https:\/\/www.todoalfalfa.com.ar\/noticias\/gauss-landtechnik-fortalece-el-posicionamiento-de-krone-en-argentina\/\"},\"author\":{\"name\":\"Todo Alfalfa\",\"@id\":\"https:\/\/www.todoalfalfa.com.ar\/noticias\/#\/schema\/person\/99de93cb711c7015ef658e5321ba9f18\"},\"headline\":\"Gauss Landtechnik fortalece el posicionamiento de Krone en Argentina\",\"datePublished\":\"2026-04-29T21:09:48+00:00\",\"dateModified\":\"2026-04-29T21:11:42+00:00\",\"mainEntityOfPage\":{\"@id\":\"https:\/\/www.todoalfalfa.com.ar\/noticias\/gauss-landtechnik-fortalece-el-posicionamiento-de-krone-en-argentina\/\"},\"wordCount\":644,\"publisher\":{\"@id\":\"https:\/\/www.todoalfalfa.com.ar\/noticias\/#organization\"},\"image\":{\"@id\":\"https:\/\/www.todoalfalfa.com.ar\/noticias\/gauss-landtechnik-fortalece-el-posicionamiento-de-krone-en-argentina\/#primaryimage\"},\"thumbnailUrl\":\"https:\/\/i0.wp.com\/www.todoalfalfa.com.ar\/noticias\/wp-content\/uploads\/2026\/04\/Matias-Gauss-con-la-plana-mayor-de-Krone-400x265-1.jpg?fit=400%2C265&ssl=1\",\"keywords\":[\"Fierros\",\"forrajes\",\"Gauss Landtechnik\",\"Krone\",\"Maquinas forrajeras\",\"Matias Gauss\"],\"articleSection\":[\"Tecnolog\u00eda\"],\"inLanguage\":\"es\"},{\"@type\":[\"WebPage\",\"ItemPage\"],\"@id\":\"https:\/\/www.todoalfalfa.com.ar\/noticias\/gauss-landtechnik-fortalece-el-posicionamiento-de-krone-en-argentina\/\",\"url\":\"https:\/\/www.todoalfalfa.com.ar\/noticias\/gauss-landtechnik-fortalece-el-posicionamiento-de-krone-en-argentina\/\",\"name\":\"Gauss Landtechnik fortalece el posicionamiento de Krone en Argentina\",\"isPartOf\":{\"@id\":\"https:\/\/www.todoalfalfa.com.ar\/noticias\/#website\"},\"primaryImageOfPage\":{\"@id\":\"https:\/\/www.todoalfalfa.com.ar\/noticias\/gauss-landtechnik-fortalece-el-posicionamiento-de-krone-en-argentina\/#primaryimage\"},\"image\":{\"@id\":\"https:\/\/www.todoalfalfa.com.ar\/noticias\/gauss-landtechnik-fortalece-el-posicionamiento-de-krone-en-argentina\/#primaryimage\"},\"thumbnailUrl\":\"https:\/\/i0.wp.com\/www.todoalfalfa.com.ar\/noticias\/wp-content\/uploads\/2026\/04\/Matias-Gauss-con-la-plana-mayor-de-Krone-400x265-1.jpg?fit=400%2C265&ssl=1\",\"datePublished\":\"2026-04-29T21:09:48+00:00\",\"dateModified\":\"2026-04-29T21:11:42+00:00\",\"breadcrumb\":{\"@id\":\"https:\/\/www.todoalfalfa.com.ar\/noticias\/gauss-landtechnik-fortalece-el-posicionamiento-de-krone-en-argentina\/#breadcrumb\"},\"inLanguage\":\"es\",\"potentialAction\":[{\"@type\":\"ReadAction\",\"target\":[\"https:\/\/www.todoalfalfa.com.ar\/noticias\/gauss-landtechnik-fortalece-el-posicionamiento-de-krone-en-argentina\/\"]}]},{\"@type\":\"ImageObject\",\"inLanguage\":\"es\",\"@id\":\"https:\/\/www.todoalfalfa.com.ar\/noticias\/gauss-landtechnik-fortalece-el-posicionamiento-de-krone-en-argentina\/#primaryimage\",\"url\":\"https:\/\/i0.wp.com\/www.todoalfalfa.com.ar\/noticias\/wp-content\/uploads\/2026\/04\/Matias-Gauss-con-la-plana-mayor-de-Krone-400x265-1.jpg?fit=400%2C265&ssl=1\",\"contentUrl\":\"https:\/\/i0.wp.com\/www.todoalfalfa.com.ar\/noticias\/wp-content\/uploads\/2026\/04\/Matias-Gauss-con-la-plana-mayor-de-Krone-400x265-1.jpg?fit=400%2C265&ssl=1\",\"width\":400,\"height\":265},{\"@type\":\"BreadcrumbList\",\"@id\":\"https:\/\/www.todoalfalfa.com.ar\/noticias\/gauss-landtechnik-fortalece-el-posicionamiento-de-krone-en-argentina\/#breadcrumb\",\"itemListElement\":[{\"@type\":\"ListItem\",\"position\":1,\"name\":\"Principal\",\"item\":\"https:\/\/www.todoalfalfa.com.ar\/noticias\/\"},{\"@type\":\"ListItem\",\"position\":2,\"name\":\"Gauss Landtechnik fortalece el posicionamiento de Krone en Argentina\"}]},{\"@type\":\"WebSite\",\"@id\":\"https:\/\/www.todoalfalfa.com.ar\/noticias\/#website\",\"url\":\"https:\/\/www.todoalfalfa.com.ar\/noticias\/\",\"name\":\"Todo Alfalfa\",\"description\":\"Web informativa de la cadena de la alfalfa argentina\",\"publisher\":{\"@id\":\"https:\/\/www.todoalfalfa.com.ar\/noticias\/#organization\"},\"potentialAction\":[{\"@type\":\"SearchAction\",\"target\":{\"@type\":\"EntryPoint\",\"urlTemplate\":\"https:\/\/www.todoalfalfa.com.ar\/noticias\/?s={search_term_string}\"},\"query-input\":{\"@type\":\"PropertyValueSpecification\",\"valueRequired\":true,\"valueName\":\"search_term_string\"}}],\"inLanguage\":\"es\"},{\"@type\":\"Organization\",\"@id\":\"https:\/\/www.todoalfalfa.com.ar\/noticias\/#organization\",\"name\":\"Todo Alfalfa\",\"url\":\"https:\/\/www.todoalfalfa.com.ar\/noticias\/\",\"logo\":{\"@type\":\"ImageObject\",\"inLanguage\":\"es\",\"@id\":\"https:\/\/www.todoalfalfa.com.ar\/noticias\/#\/schema\/logo\/image\/\",\"url\":\"https:\/\/www.todoalfalfa.com.ar\/noticias\/wp-content\/uploads\/2020\/09\/logo-todo-alfalfa-modificado.png\",\"contentUrl\":\"https:\/\/www.todoalfalfa.com.ar\/noticias\/wp-content\/uploads\/2020\/09\/logo-todo-alfalfa-modificado.png\",\"width\":350,\"height\":100,\"caption\":\"Todo Alfalfa\"},\"image\":{\"@id\":\"https:\/\/www.todoalfalfa.com.ar\/noticias\/#\/schema\/logo\/image\/\"},\"sameAs\":[\"https:\/\/www.facebook.com\/todoalfalfa\",\"https:\/\/www.instagram.com\/todoalfalfa\",\"https:\/\/www.youtube.com\/@TodoAlfalfa\",\"https:\/\/www.linkedin.com\/company\/todoalfalfa\/\"]},{\"@type\":\"Person\",\"@id\":\"https:\/\/www.todoalfalfa.com.ar\/noticias\/#\/schema\/person\/99de93cb711c7015ef658e5321ba9f18\",\"name\":\"Todo Alfalfa\",\"image\":{\"@type\":\"ImageObject\",\"inLanguage\":\"es\",\"@id\":\"https:\/\/www.todoalfalfa.com.ar\/noticias\/#\/schema\/person\/image\/\",\"url\":\"https:\/\/secure.gravatar.com\/avatar\/50ffd12fb7b268bc2467160730786602db252a270c63104e7c19b5f67b8dd346?s=96&d=mm&r=g\",\"contentUrl\":\"https:\/\/secure.gravatar.com\/avatar\/50ffd12fb7b268bc2467160730786602db252a270c63104e7c19b5f67b8dd346?s=96&d=mm&r=g\",\"caption\":\"Todo Alfalfa\"},\"url\":\"https:\/\/www.todoalfalfa.com.ar\/noticias\/author\/osvaldoiachetta\/\"}]}<\/script>\n<!-- \/ Yoast SEO plugin. -->","yoast_head_json":{"title":"Gauss Landtechnik fortalece el posicionamiento de Krone en Argentina","robots":{"index":"index","follow":"follow","max-snippet":"max-snippet:-1","max-image-preview":"max-image-preview:large","max-video-preview":"max-video-preview:-1"},"canonical":"https:\/\/www.todoalfalfa.com.ar\/noticias\/gauss-landtechnik-fortalece-el-posicionamiento-de-krone-en-argentina\/","og_locale":"es_ES","og_type":"article","og_title":"Gauss Landtechnik fortalece el posicionamiento de Krone en Argentina","og_description":"Directivos de la empresa argentina se reunieron en Alemania con la c\u00fapula de la marca global. Y se acord\u00f3 impulsar la presencia de Krone con m\u00e1s puntos de venta y un portfolio reforzado.","og_url":"https:\/\/www.todoalfalfa.com.ar\/noticias\/gauss-landtechnik-fortalece-el-posicionamiento-de-krone-en-argentina\/","og_site_name":"Todo Alfalfa","article_publisher":"https:\/\/www.facebook.com\/todoalfalfa","article_published_time":"2026-04-29T21:09:48+00:00","article_modified_time":"2026-04-29T21:11:42+00:00","og_image":[{"width":400,"height":265,"url":"https:\/\/www.todoalfalfa.com.ar\/noticias\/wp-content\/uploads\/2026\/04\/Matias-Gauss-con-la-plana-mayor-de-Krone-400x265-1.jpg","type":"image\/jpeg"}],"author":"Todo Alfalfa","twitter_card":"summary_large_image","twitter_misc":{"Escrito por":"Todo Alfalfa","Tiempo de lectura":"4 minutos"},"schema":{"@context":"https:\/\/schema.org","@graph":[{"@type":"NewsArticle","@id":"https:\/\/www.todoalfalfa.com.ar\/noticias\/gauss-landtechnik-fortalece-el-posicionamiento-de-krone-en-argentina\/#article","isPartOf":{"@id":"https:\/\/www.todoalfalfa.com.ar\/noticias\/gauss-landtechnik-fortalece-el-posicionamiento-de-krone-en-argentina\/"},"author":{"name":"Todo Alfalfa","@id":"https:\/\/www.todoalfalfa.com.ar\/noticias\/#\/schema\/person\/99de93cb711c7015ef658e5321ba9f18"},"headline":"Gauss Landtechnik fortalece el posicionamiento de Krone en Argentina","datePublished":"2026-04-29T21:09:48+00:00","dateModified":"2026-04-29T21:11:42+00:00","mainEntityOfPage":{"@id":"https:\/\/www.todoalfalfa.com.ar\/noticias\/gauss-landtechnik-fortalece-el-posicionamiento-de-krone-en-argentina\/"},"wordCount":644,"publisher":{"@id":"https:\/\/www.todoalfalfa.com.ar\/noticias\/#organization"},"image":{"@id":"https:\/\/www.todoalfalfa.com.ar\/noticias\/gauss-landtechnik-fortalece-el-posicionamiento-de-krone-en-argentina\/#primaryimage"},"thumbnailUrl":"https:\/\/i0.wp.com\/www.todoalfalfa.com.ar\/noticias\/wp-content\/uploads\/2026\/04\/Matias-Gauss-con-la-plana-mayor-de-Krone-400x265-1.jpg?fit=400%2C265&ssl=1","keywords":["Fierros","forrajes","Gauss Landtechnik","Krone","Maquinas forrajeras","Matias Gauss"],"articleSection":["Tecnolog\u00eda"],"inLanguage":"es"},{"@type":["WebPage","ItemPage"],"@id":"https:\/\/www.todoalfalfa.com.ar\/noticias\/gauss-landtechnik-fortalece-el-posicionamiento-de-krone-en-argentina\/","url":"https:\/\/www.todoalfalfa.com.ar\/noticias\/gauss-landtechnik-fortalece-el-posicionamiento-de-krone-en-argentina\/","name":"Gauss Landtechnik fortalece el posicionamiento de Krone en Argentina","isPartOf":{"@id":"https:\/\/www.todoalfalfa.com.ar\/noticias\/#website"},"primaryImageOfPage":{"@id":"https:\/\/www.todoalfalfa.com.ar\/noticias\/gauss-landtechnik-fortalece-el-posicionamiento-de-krone-en-argentina\/#primaryimage"},"image":{"@id":"https:\/\/www.todoalfalfa.com.ar\/noticias\/gauss-landtechnik-fortalece-el-posicionamiento-de-krone-en-argentina\/#primaryimage"},"thumbnailUrl":"https:\/\/i0.wp.com\/www.todoalfalfa.com.ar\/noticias\/wp-content\/uploads\/2026\/04\/Matias-Gauss-con-la-plana-mayor-de-Krone-400x265-1.jpg?fit=400%2C265&ssl=1","datePublished":"2026-04-29T21:09:48+00:00","dateModified":"2026-04-29T21:11:42+00:00","breadcrumb":{"@id":"https:\/\/www.todoalfalfa.com.ar\/noticias\/gauss-landtechnik-fortalece-el-posicionamiento-de-krone-en-argentina\/#breadcrumb"},"inLanguage":"es","potentialAction":[{"@type":"ReadAction","target":["https:\/\/www.todoalfalfa.com.ar\/noticias\/gauss-landtechnik-fortalece-el-posicionamiento-de-krone-en-argentina\/"]}]},{"@type":"ImageObject","inLanguage":"es","@id":"https:\/\/www.todoalfalfa.com.ar\/noticias\/gauss-landtechnik-fortalece-el-posicionamiento-de-krone-en-argentina\/#primaryimage","url":"https:\/\/i0.wp.com\/www.todoalfalfa.com.ar\/noticias\/wp-content\/uploads\/2026\/04\/Matias-Gauss-con-la-plana-mayor-de-Krone-400x265-1.jpg?fit=400%2C265&ssl=1","contentUrl":"https:\/\/i0.wp.com\/www.todoalfalfa.com.ar\/noticias\/wp-content\/uploads\/2026\/04\/Matias-Gauss-con-la-plana-mayor-de-Krone-400x265-1.jpg?fit=400%2C265&ssl=1","width":400,"height":265},{"@type":"BreadcrumbList","@id":"https:\/\/www.todoalfalfa.com.ar\/noticias\/gauss-landtechnik-fortalece-el-posicionamiento-de-krone-en-argentina\/#breadcrumb","itemListElement":[{"@type":"ListItem","position":1,"name":"Principal","item":"https:\/\/www.todoalfalfa.com.ar\/noticias\/"},{"@type":"ListItem","position":2,"name":"Gauss Landtechnik fortalece el posicionamiento de Krone en Argentina"}]},{"@type":"WebSite","@id":"https:\/\/www.todoalfalfa.com.ar\/noticias\/#website","url":"https:\/\/www.todoalfalfa.com.ar\/noticias\/","name":"Todo Alfalfa","description":"Web informativa de la cadena de la alfalfa argentina","publisher":{"@id":"https:\/\/www.todoalfalfa.com.ar\/noticias\/#organization"},"potentialAction":[{"@type":"SearchAction","target":{"@type":"EntryPoint","urlTemplate":"https:\/\/www.todoalfalfa.com.ar\/noticias\/?s={search_term_string}"},"query-input":{"@type":"PropertyValueSpecification","valueRequired":true,"valueName":"search_term_string"}}],"inLanguage":"es"},{"@type":"Organization","@id":"https:\/\/www.todoalfalfa.com.ar\/noticias\/#organization","name":"Todo Alfalfa","url":"https:\/\/www.todoalfalfa.com.ar\/noticias\/","logo":{"@type":"ImageObject","inLanguage":"es","@id":"https:\/\/www.todoalfalfa.com.ar\/noticias\/#\/schema\/logo\/image\/","url":"https:\/\/www.todoalfalfa.com.ar\/noticias\/wp-content\/uploads\/2020\/09\/logo-todo-alfalfa-modificado.png","contentUrl":"https:\/\/www.todoalfalfa.com.ar\/noticias\/wp-content\/uploads\/2020\/09\/logo-todo-alfalfa-modificado.png","width":350,"height":100,"caption":"Todo Alfalfa"},"image":{"@id":"https:\/\/www.todoalfalfa.com.ar\/noticias\/#\/schema\/logo\/image\/"},"sameAs":["https:\/\/www.facebook.com\/todoalfalfa","https:\/\/www.instagram.com\/todoalfalfa","https:\/\/www.youtube.com\/@TodoAlfalfa","https:\/\/www.linkedin.com\/company\/todoalfalfa\/"]},{"@type":"Person","@id":"https:\/\/www.todoalfalfa.com.ar\/noticias\/#\/schema\/person\/99de93cb711c7015ef658e5321ba9f18","name":"Todo Alfalfa","image":{"@type":"ImageObject","inLanguage":"es","@id":"https:\/\/www.todoalfalfa.com.ar\/noticias\/#\/schema\/person\/image\/","url":"https:\/\/secure.gravatar.com\/avatar\/50ffd12fb7b268bc2467160730786602db252a270c63104e7c19b5f67b8dd346?s=96&d=mm&r=g","contentUrl":"https:\/\/secure.gravatar.com\/avatar\/50ffd12fb7b268bc2467160730786602db252a270c63104e7c19b5f67b8dd346?s=96&d=mm&r=g","caption":"Todo Alfalfa"},"url":"https:\/\/www.todoalfalfa.com.ar\/noticias\/author\/osvaldoiachetta\/"}]}},"jetpack_featured_media_url":"https:\/\/i0.wp.com\/www.todoalfalfa.com.ar\/noticias\/wp-content\/uploads\/2026\/04\/Matias-Gauss-con-la-plana-mayor-de-Krone-400x265-1.jpg?fit=400%2C265&ssl=1","wps_subtitle":"","jetpack_sharing_enabled":true,"_links":{"self":[{"href":"https:\/\/www.todoalfalfa.com.ar\/noticias\/wp-json\/wp\/v2\/posts\/52465","targetHints":{"allow":["GET"]}}],"collection":[{"href":"https:\/\/www.todoalfalfa.com.ar\/noticias\/wp-json\/wp\/v2\/posts"}],"about":[{"href":"https:\/\/www.todoalfalfa.com.ar\/noticias\/wp-json\/wp\/v2\/types\/post"}],"author":[{"embeddable":true,"href":"https:\/\/www.todoalfalfa.com.ar\/noticias\/wp-json\/wp\/v2\/users\/9"}],"replies":[{"embeddable":true,"href":"https:\/\/www.todoalfalfa.com.ar\/noticias\/wp-json\/wp\/v2\/comments?post=52465"}],"version-history":[{"count":1,"href":"https:\/\/www.todoalfalfa.com.ar\/noticias\/wp-json\/wp\/v2\/posts\/52465\/revisions"}],"predecessor-version":[{"id":52471,"href":"https:\/\/www.todoalfalfa.com.ar\/noticias\/wp-json\/wp\/v2\/posts\/52465\/revisions\/52471"}],"wp:featuredmedia":[{"embeddable":true,"href":"https:\/\/www.todoalfalfa.com.ar\/noticias\/wp-json\/wp\/v2\/media\/52466"}],"wp:attachment":[{"href":"https:\/\/www.todoalfalfa.com.ar\/noticias\/wp-json\/wp\/v2\/media?parent=52465"}],"wp:term":[{"taxonomy":"category","embeddable":true,"href":"https:\/\/www.todoalfalfa.com.ar\/noticias\/wp-json\/wp\/v2\/categories?post=52465"},{"taxonomy":"post_tag","embeddable":true,"href":"https:\/\/www.todoalfalfa.com.ar\/noticias\/wp-json\/wp\/v2\/tags?post=52465"}],"curies":[{"name":"wp","href":"https:\/\/api.w.org\/{rel}","templated":true}]}}