{"id":52481,"date":"2026-04-30T15:05:05","date_gmt":"2026-04-30T18:05:05","guid":{"rendered":"https:\/\/www.todoalfalfa.com.ar\/noticias\/?p=52481"},"modified":"2026-04-30T15:05:10","modified_gmt":"2026-04-30T18:05:10","slug":"actualizan-el-mapa-global-de-pastizales-y-su-impacto-en-el-ciclo-global-del-carbono","status":"publish","type":"post","link":"https:\/\/www.todoalfalfa.com.ar\/noticias\/actualizan-el-mapa-global-de-pastizales-y-su-impacto-en-el-ciclo-global-del-carbono\/","title":{"rendered":"Actualizan el mapa global de pastizales y su impacto en el ciclo global del carbono\u00a0"},"content":{"rendered":"\n<p>Un estudio internacional, publicado en la revista Nature Ecology &amp; Evolution, redefini\u00f3 la extensi\u00f3n de los pastizales a nivel mundial y su rol en el almacenamiento de carbono. La investigaci\u00f3n, en la que particip\u00f3 el INTA, ajusta la superficie de estos ecosistemas a 30,1 millones de kil\u00f3metros cuadrados y eleva significativamente su contribuci\u00f3n como sumideros de carbono.<\/p>\n\n\n\n<p>El documento <a href=\"https:\/\/www.nature.com\/articles\/s41559-025-02955-6\">\u201cThe global extent of the grassland biome and implications for the terrestrial carbon sink\u201d<\/a> analiz\u00f3 qu\u00e9, d\u00f3nde y cu\u00e1nto ocupan los pastizales del planeta, as\u00ed como su impacto en el ciclo global del carbono. El trabajo se bas\u00f3 en la comparaci\u00f3n de tres sistemas de mapeo satelital de alta resoluci\u00f3n con datos validados en campo por 157 especialistas en 60 pa\u00edses, quienes evaluaron m\u00e1s de 387.000 puntos en seis continentes.<\/p>\n\n\n\n<figure class=\"wp-block-image size-large\"><img data-recalc-dims=\"1\" fetchpriority=\"high\" decoding=\"async\" width=\"1024\" height=\"685\" src=\"https:\/\/i0.wp.com\/www.todoalfalfa.com.ar\/noticias\/wp-content\/uploads\/2026\/04\/1-292-1536x1027.jpg.webp?resize=1024%2C685&#038;ssl=1\" alt=\"\" class=\"wp-image-52482\" srcset=\"https:\/\/i0.wp.com\/www.todoalfalfa.com.ar\/noticias\/wp-content\/uploads\/2026\/04\/1-292-1536x1027.jpg.webp?resize=1024%2C685&amp;ssl=1 1024w, https:\/\/i0.wp.com\/www.todoalfalfa.com.ar\/noticias\/wp-content\/uploads\/2026\/04\/1-292-1536x1027.jpg.webp?resize=300%2C201&amp;ssl=1 300w, https:\/\/i0.wp.com\/www.todoalfalfa.com.ar\/noticias\/wp-content\/uploads\/2026\/04\/1-292-1536x1027.jpg.webp?resize=768%2C514&amp;ssl=1 768w, https:\/\/i0.wp.com\/www.todoalfalfa.com.ar\/noticias\/wp-content\/uploads\/2026\/04\/1-292-1536x1027.jpg.webp?w=1536&amp;ssl=1 1536w\" sizes=\"(max-width: 1000px) 100vw, 1000px\" \/><\/figure>\n\n\n\n<p>A partir de esta revisi\u00f3n, los investigadores estimaron que los pastizales cubren el 22,8 % de la superficie terrestre libre de hielo, una cifra menor a las proyecciones previas que los ubicaban por encima del 35 %. Esta correcci\u00f3n tiene impacto directo en la estimaci\u00f3n del carbono almacenado en los suelos.<\/p>\n\n\n\n<p>De acuerdo con Pablo Peri, coordinador del Programa Forestal Nacional del INTA, \u201cel INTA tuvo una activa participaci\u00f3n en la determinaci\u00f3n del mapa mundial de pastizales y su influencia en el ciclo de carbono. En el trabajo demostramos que los datos de distribuci\u00f3n de los pastizales en el mundo han variado en m\u00e1s de 50 millones de kil\u00f3metros cuadrados\u201d, se\u00f1al\u00f3.<\/p>\n\n\n\n<figure class=\"wp-block-image size-large\"><img data-recalc-dims=\"1\" decoding=\"async\" width=\"1024\" height=\"579\" src=\"https:\/\/i0.wp.com\/www.todoalfalfa.com.ar\/noticias\/wp-content\/uploads\/2026\/04\/Captura-de-pantalla-2026-04-30-082430.png?resize=1024%2C579&#038;ssl=1\" alt=\"\" class=\"wp-image-52484\" srcset=\"https:\/\/i0.wp.com\/www.todoalfalfa.com.ar\/noticias\/wp-content\/uploads\/2026\/04\/Captura-de-pantalla-2026-04-30-082430.png?resize=1024%2C579&amp;ssl=1 1024w, https:\/\/i0.wp.com\/www.todoalfalfa.com.ar\/noticias\/wp-content\/uploads\/2026\/04\/Captura-de-pantalla-2026-04-30-082430.png?resize=300%2C170&amp;ssl=1 300w, https:\/\/i0.wp.com\/www.todoalfalfa.com.ar\/noticias\/wp-content\/uploads\/2026\/04\/Captura-de-pantalla-2026-04-30-082430.png?resize=768%2C434&amp;ssl=1 768w, https:\/\/i0.wp.com\/www.todoalfalfa.com.ar\/noticias\/wp-content\/uploads\/2026\/04\/Captura-de-pantalla-2026-04-30-082430.png?resize=180%2C101&amp;ssl=1 180w, https:\/\/i0.wp.com\/www.todoalfalfa.com.ar\/noticias\/wp-content\/uploads\/2026\/04\/Captura-de-pantalla-2026-04-30-082430.png?resize=260%2C146&amp;ssl=1 260w, https:\/\/i0.wp.com\/www.todoalfalfa.com.ar\/noticias\/wp-content\/uploads\/2026\/04\/Captura-de-pantalla-2026-04-30-082430.png?resize=373%2C210&amp;ssl=1 373w, https:\/\/i0.wp.com\/www.todoalfalfa.com.ar\/noticias\/wp-content\/uploads\/2026\/04\/Captura-de-pantalla-2026-04-30-082430.png?resize=120%2C67&amp;ssl=1 120w, https:\/\/i0.wp.com\/www.todoalfalfa.com.ar\/noticias\/wp-content\/uploads\/2026\/04\/Captura-de-pantalla-2026-04-30-082430.png?w=1510&amp;ssl=1 1510w\" sizes=\"(max-width: 1000px) 100vw, 1000px\" \/><figcaption class=\"wp-element-caption\"><sup>\u00a0Zonas de pastizales objeto de este estudio, en relaci\u00f3n con el mapa de cobertura del suelo de WC.<\/sup><\/figcaption><\/figure>\n\n\n\n<p>Seg\u00fan detall\u00f3, la nueva estimaci\u00f3n permiti\u00f3 ajustar las proyecciones de carbono en suelos de pastizales a 155.020 millones de toneladas en los primeros 30 cent\u00edmetros de profundidad, lo que representa un incremento del 68 %, respecto de c\u00e1lculos anteriores.<\/p>\n\n\n\n<p>Para el investigador del INTA, \u201cestos hallazgos subrayan los desaf\u00edos del mapeo de biomas cuando no se dispone de datos de teledetecci\u00f3n validados en campo\u201d.<\/p>\n\n\n\n<p>El estudio pone en evidencia que la precisi\u00f3n en la cartograf\u00eda de los ecosistemas es clave para la toma de decisiones. Las diferencias en la superficie estimada pueden alterar los modelos clim\u00e1ticos y la evaluaci\u00f3n de estrategias de mitigaci\u00f3n, como las soluciones basadas en la naturaleza.<\/p>\n\n\n\n<p>En este contexto, se destaca la necesidad de integrar datos satelitales con informaci\u00f3n validada en campo para mejorar la calidad de las estimaciones. La investigaci\u00f3n tambi\u00e9n advierte sobre la creciente presi\u00f3n que enfrentan los pastizales a nivel global por el avance de la agricultura, la urbanizaci\u00f3n y otros cambios en el uso del suelo.<\/p>\n\n\n\n<p>El trabajo aporta evidencia para repensar el rol de estos ecosistemas en la agenda global, en un escenario donde su conservaci\u00f3n y manejo resultan clave para sostener la captura de carbono y la producci\u00f3n agropecuaria.<\/p>\n\n\n\n<p>Fuente: <a href=\"https:\/\/intainforma.inta.gob.ar\/actualizan-el-mapa-global-de-pastizales-a-partir-del-mapeo-satelital\/\">INTA <\/a>y <a href=\"https:\/\/www.nature.com\/articles\/s41559-025-02955-6\">Nature<\/a><\/p>\n<div class=\"todoalfalfa-final-de-la-nota\" id=\"todoalfalfa-2162104122\"><a href=\"https:\/\/www.whatsapp.com\/channel\/0029VbCBmFB9WtBxJsD3eC2i\" target=\"_blank\" aria-label=\"5\"><img src=\"https:\/\/i0.wp.com\/www.todoalfalfa.com.ar\/noticias\/wp-content\/uploads\/2026\/04\/5.gif?fit=728%2C90&#038;ssl=1\" alt=\"\"  width=\"728\" height=\"90\"   \/><\/a><\/div>","protected":false},"excerpt":{"rendered":"<p>Un estudio internacional, del que particip\u00f3 INTA, redefini\u00f3 la extensi\u00f3n de los pastizales a nivel mundial. Con esta revisi\u00f3n, se estima que los pastizales cubren poco m\u00e1s del 22 por ciento de la superficie libre de hielo, una cifra menor a las proyectadas previamente que lo posicionaban encima del 35 por ciento.<\/p>\n","protected":false},"author":9,"featured_media":52483,"comment_status":"closed","ping_status":"open","sticky":false,"template":"","format":"standard","meta":{"jetpack_post_was_ever_published":false,"_jetpack_newsletter_access":"","_jetpack_dont_email_post_to_subs":false,"_jetpack_newsletter_tier_id":0,"_jetpack_memberships_contains_paywalled_content":false,"_jetpack_memberships_contains_paid_content":false,"footnotes":""},"categories":[2201],"tags":[36,2233,17],"class_list":["post-52481","post","type-post","status-publish","format-standard","has-post-thumbnail","hentry","category-pastura","tag-inta","tag-mediciones","tag-pasturas"],"yoast_head":"<!-- This site is optimized with the Yoast SEO plugin v25.5 - https:\/\/yoast.com\/wordpress\/plugins\/seo\/ -->\n<title>Actualizan el mapa global de pastizales y su impacto en el ciclo global del carbono\u00a0<\/title>\n<meta name=\"robots\" content=\"index, follow, max-snippet:-1, max-image-preview:large, max-video-preview:-1\" \/>\n<link rel=\"canonical\" href=\"https:\/\/www.todoalfalfa.com.ar\/noticias\/actualizan-el-mapa-global-de-pastizales-y-su-impacto-en-el-ciclo-global-del-carbono\/\" \/>\n<meta property=\"og:locale\" content=\"es_ES\" \/>\n<meta property=\"og:type\" content=\"article\" \/>\n<meta property=\"og:title\" content=\"Actualizan el mapa global de pastizales y su impacto en el ciclo global del carbono\u00a0\" \/>\n<meta property=\"og:description\" content=\"Un estudio internacional, del que particip\u00f3 INTA, redefini\u00f3 la extensi\u00f3n de los pastizales a nivel mundial. Con esta revisi\u00f3n, se estima que los pastizales cubren poco m\u00e1s del 22 por ciento de la superficie libre de hielo, una cifra menor a las proyectadas previamente que lo posicionaban encima del 35 por ciento.\" \/>\n<meta property=\"og:url\" content=\"https:\/\/www.todoalfalfa.com.ar\/noticias\/actualizan-el-mapa-global-de-pastizales-y-su-impacto-en-el-ciclo-global-del-carbono\/\" \/>\n<meta property=\"og:site_name\" content=\"Todo Alfalfa\" \/>\n<meta property=\"article:publisher\" content=\"https:\/\/www.facebook.com\/todoalfalfa\" \/>\n<meta property=\"article:published_time\" content=\"2026-04-30T18:05:05+00:00\" \/>\n<meta property=\"article:modified_time\" content=\"2026-04-30T18:05:10+00:00\" \/>\n<meta property=\"og:image\" content=\"https:\/\/www.todoalfalfa.com.ar\/noticias\/wp-content\/uploads\/2026\/04\/2-289.jpg.webp\" \/>\n\t<meta property=\"og:image:width\" content=\"1600\" \/>\n\t<meta property=\"og:image:height\" content=\"1070\" \/>\n\t<meta property=\"og:image:type\" content=\"image\/webp\" \/>\n<meta name=\"author\" content=\"Todo Alfalfa\" \/>\n<meta name=\"twitter:card\" content=\"summary_large_image\" \/>\n<meta name=\"twitter:label1\" content=\"Escrito por\" \/>\n\t<meta name=\"twitter:data1\" content=\"Todo Alfalfa\" \/>\n\t<meta name=\"twitter:label2\" content=\"Tiempo de lectura\" \/>\n\t<meta name=\"twitter:data2\" content=\"3 minutos\" \/>\n<script type=\"application\/ld+json\" class=\"yoast-schema-graph\">{\"@context\":\"https:\/\/schema.org\",\"@graph\":[{\"@type\":\"NewsArticle\",\"@id\":\"https:\/\/www.todoalfalfa.com.ar\/noticias\/actualizan-el-mapa-global-de-pastizales-y-su-impacto-en-el-ciclo-global-del-carbono\/#article\",\"isPartOf\":{\"@id\":\"https:\/\/www.todoalfalfa.com.ar\/noticias\/actualizan-el-mapa-global-de-pastizales-y-su-impacto-en-el-ciclo-global-del-carbono\/\"},\"author\":{\"name\":\"Todo Alfalfa\",\"@id\":\"https:\/\/www.todoalfalfa.com.ar\/noticias\/#\/schema\/person\/99de93cb711c7015ef658e5321ba9f18\"},\"headline\":\"Actualizan el mapa global de pastizales y su impacto en el ciclo global del carbono\u00a0\",\"datePublished\":\"2026-04-30T18:05:05+00:00\",\"dateModified\":\"2026-04-30T18:05:10+00:00\",\"mainEntityOfPage\":{\"@id\":\"https:\/\/www.todoalfalfa.com.ar\/noticias\/actualizan-el-mapa-global-de-pastizales-y-su-impacto-en-el-ciclo-global-del-carbono\/\"},\"wordCount\":501,\"publisher\":{\"@id\":\"https:\/\/www.todoalfalfa.com.ar\/noticias\/#organization\"},\"image\":{\"@id\":\"https:\/\/www.todoalfalfa.com.ar\/noticias\/actualizan-el-mapa-global-de-pastizales-y-su-impacto-en-el-ciclo-global-del-carbono\/#primaryimage\"},\"thumbnailUrl\":\"https:\/\/i0.wp.com\/www.todoalfalfa.com.ar\/noticias\/wp-content\/uploads\/2026\/04\/2-289.jpg.webp?fit=1600%2C1070&ssl=1\",\"keywords\":[\"inta\",\"Mediciones\",\"pasturas\"],\"articleSection\":[\"Pastura\"],\"inLanguage\":\"es\"},{\"@type\":[\"WebPage\",\"ItemPage\"],\"@id\":\"https:\/\/www.todoalfalfa.com.ar\/noticias\/actualizan-el-mapa-global-de-pastizales-y-su-impacto-en-el-ciclo-global-del-carbono\/\",\"url\":\"https:\/\/www.todoalfalfa.com.ar\/noticias\/actualizan-el-mapa-global-de-pastizales-y-su-impacto-en-el-ciclo-global-del-carbono\/\",\"name\":\"Actualizan el mapa global de pastizales y su impacto en el ciclo global del carbono\u00a0\",\"isPartOf\":{\"@id\":\"https:\/\/www.todoalfalfa.com.ar\/noticias\/#website\"},\"primaryImageOfPage\":{\"@id\":\"https:\/\/www.todoalfalfa.com.ar\/noticias\/actualizan-el-mapa-global-de-pastizales-y-su-impacto-en-el-ciclo-global-del-carbono\/#primaryimage\"},\"image\":{\"@id\":\"https:\/\/www.todoalfalfa.com.ar\/noticias\/actualizan-el-mapa-global-de-pastizales-y-su-impacto-en-el-ciclo-global-del-carbono\/#primaryimage\"},\"thumbnailUrl\":\"https:\/\/i0.wp.com\/www.todoalfalfa.com.ar\/noticias\/wp-content\/uploads\/2026\/04\/2-289.jpg.webp?fit=1600%2C1070&ssl=1\",\"datePublished\":\"2026-04-30T18:05:05+00:00\",\"dateModified\":\"2026-04-30T18:05:10+00:00\",\"breadcrumb\":{\"@id\":\"https:\/\/www.todoalfalfa.com.ar\/noticias\/actualizan-el-mapa-global-de-pastizales-y-su-impacto-en-el-ciclo-global-del-carbono\/#breadcrumb\"},\"inLanguage\":\"es\",\"potentialAction\":[{\"@type\":\"ReadAction\",\"target\":[\"https:\/\/www.todoalfalfa.com.ar\/noticias\/actualizan-el-mapa-global-de-pastizales-y-su-impacto-en-el-ciclo-global-del-carbono\/\"]}]},{\"@type\":\"ImageObject\",\"inLanguage\":\"es\",\"@id\":\"https:\/\/www.todoalfalfa.com.ar\/noticias\/actualizan-el-mapa-global-de-pastizales-y-su-impacto-en-el-ciclo-global-del-carbono\/#primaryimage\",\"url\":\"https:\/\/i0.wp.com\/www.todoalfalfa.com.ar\/noticias\/wp-content\/uploads\/2026\/04\/2-289.jpg.webp?fit=1600%2C1070&ssl=1\",\"contentUrl\":\"https:\/\/i0.wp.com\/www.todoalfalfa.com.ar\/noticias\/wp-content\/uploads\/2026\/04\/2-289.jpg.webp?fit=1600%2C1070&ssl=1\",\"width\":1600,\"height\":1070},{\"@type\":\"BreadcrumbList\",\"@id\":\"https:\/\/www.todoalfalfa.com.ar\/noticias\/actualizan-el-mapa-global-de-pastizales-y-su-impacto-en-el-ciclo-global-del-carbono\/#breadcrumb\",\"itemListElement\":[{\"@type\":\"ListItem\",\"position\":1,\"name\":\"Principal\",\"item\":\"https:\/\/www.todoalfalfa.com.ar\/noticias\/\"},{\"@type\":\"ListItem\",\"position\":2,\"name\":\"Actualizan el mapa global de pastizales y su impacto en el ciclo global del carbono\u00a0\"}]},{\"@type\":\"WebSite\",\"@id\":\"https:\/\/www.todoalfalfa.com.ar\/noticias\/#website\",\"url\":\"https:\/\/www.todoalfalfa.com.ar\/noticias\/\",\"name\":\"Todo Alfalfa\",\"description\":\"Web informativa de la cadena de la alfalfa argentina\",\"publisher\":{\"@id\":\"https:\/\/www.todoalfalfa.com.ar\/noticias\/#organization\"},\"potentialAction\":[{\"@type\":\"SearchAction\",\"target\":{\"@type\":\"EntryPoint\",\"urlTemplate\":\"https:\/\/www.todoalfalfa.com.ar\/noticias\/?s={search_term_string}\"},\"query-input\":{\"@type\":\"PropertyValueSpecification\",\"valueRequired\":true,\"valueName\":\"search_term_string\"}}],\"inLanguage\":\"es\"},{\"@type\":\"Organization\",\"@id\":\"https:\/\/www.todoalfalfa.com.ar\/noticias\/#organization\",\"name\":\"Todo Alfalfa\",\"url\":\"https:\/\/www.todoalfalfa.com.ar\/noticias\/\",\"logo\":{\"@type\":\"ImageObject\",\"inLanguage\":\"es\",\"@id\":\"https:\/\/www.todoalfalfa.com.ar\/noticias\/#\/schema\/logo\/image\/\",\"url\":\"https:\/\/www.todoalfalfa.com.ar\/noticias\/wp-content\/uploads\/2020\/09\/logo-todo-alfalfa-modificado.png\",\"contentUrl\":\"https:\/\/www.todoalfalfa.com.ar\/noticias\/wp-content\/uploads\/2020\/09\/logo-todo-alfalfa-modificado.png\",\"width\":350,\"height\":100,\"caption\":\"Todo Alfalfa\"},\"image\":{\"@id\":\"https:\/\/www.todoalfalfa.com.ar\/noticias\/#\/schema\/logo\/image\/\"},\"sameAs\":[\"https:\/\/www.facebook.com\/todoalfalfa\",\"https:\/\/www.instagram.com\/todoalfalfa\",\"https:\/\/www.youtube.com\/@TodoAlfalfa\",\"https:\/\/www.linkedin.com\/company\/todoalfalfa\/\"]},{\"@type\":\"Person\",\"@id\":\"https:\/\/www.todoalfalfa.com.ar\/noticias\/#\/schema\/person\/99de93cb711c7015ef658e5321ba9f18\",\"name\":\"Todo Alfalfa\",\"image\":{\"@type\":\"ImageObject\",\"inLanguage\":\"es\",\"@id\":\"https:\/\/www.todoalfalfa.com.ar\/noticias\/#\/schema\/person\/image\/\",\"url\":\"https:\/\/secure.gravatar.com\/avatar\/50ffd12fb7b268bc2467160730786602db252a270c63104e7c19b5f67b8dd346?s=96&d=mm&r=g\",\"contentUrl\":\"https:\/\/secure.gravatar.com\/avatar\/50ffd12fb7b268bc2467160730786602db252a270c63104e7c19b5f67b8dd346?s=96&d=mm&r=g\",\"caption\":\"Todo Alfalfa\"},\"url\":\"https:\/\/www.todoalfalfa.com.ar\/noticias\/author\/osvaldoiachetta\/\"}]}<\/script>\n<!-- \/ Yoast SEO plugin. -->","yoast_head_json":{"title":"Actualizan el mapa global de pastizales y su impacto en el ciclo global del carbono\u00a0","robots":{"index":"index","follow":"follow","max-snippet":"max-snippet:-1","max-image-preview":"max-image-preview:large","max-video-preview":"max-video-preview:-1"},"canonical":"https:\/\/www.todoalfalfa.com.ar\/noticias\/actualizan-el-mapa-global-de-pastizales-y-su-impacto-en-el-ciclo-global-del-carbono\/","og_locale":"es_ES","og_type":"article","og_title":"Actualizan el mapa global de pastizales y su impacto en el ciclo global del carbono\u00a0","og_description":"Un estudio internacional, del que particip\u00f3 INTA, redefini\u00f3 la extensi\u00f3n de los pastizales a nivel mundial. Con esta revisi\u00f3n, se estima que los pastizales cubren poco m\u00e1s del 22 por ciento de la superficie libre de hielo, una cifra menor a las proyectadas previamente que lo posicionaban encima del 35 por ciento.","og_url":"https:\/\/www.todoalfalfa.com.ar\/noticias\/actualizan-el-mapa-global-de-pastizales-y-su-impacto-en-el-ciclo-global-del-carbono\/","og_site_name":"Todo Alfalfa","article_publisher":"https:\/\/www.facebook.com\/todoalfalfa","article_published_time":"2026-04-30T18:05:05+00:00","article_modified_time":"2026-04-30T18:05:10+00:00","og_image":[{"width":1600,"height":1070,"url":"https:\/\/www.todoalfalfa.com.ar\/noticias\/wp-content\/uploads\/2026\/04\/2-289.jpg.webp","type":"image\/webp"}],"author":"Todo Alfalfa","twitter_card":"summary_large_image","twitter_misc":{"Escrito por":"Todo Alfalfa","Tiempo de lectura":"3 minutos"},"schema":{"@context":"https:\/\/schema.org","@graph":[{"@type":"NewsArticle","@id":"https:\/\/www.todoalfalfa.com.ar\/noticias\/actualizan-el-mapa-global-de-pastizales-y-su-impacto-en-el-ciclo-global-del-carbono\/#article","isPartOf":{"@id":"https:\/\/www.todoalfalfa.com.ar\/noticias\/actualizan-el-mapa-global-de-pastizales-y-su-impacto-en-el-ciclo-global-del-carbono\/"},"author":{"name":"Todo Alfalfa","@id":"https:\/\/www.todoalfalfa.com.ar\/noticias\/#\/schema\/person\/99de93cb711c7015ef658e5321ba9f18"},"headline":"Actualizan el mapa global de pastizales y su impacto en el ciclo global del carbono\u00a0","datePublished":"2026-04-30T18:05:05+00:00","dateModified":"2026-04-30T18:05:10+00:00","mainEntityOfPage":{"@id":"https:\/\/www.todoalfalfa.com.ar\/noticias\/actualizan-el-mapa-global-de-pastizales-y-su-impacto-en-el-ciclo-global-del-carbono\/"},"wordCount":501,"publisher":{"@id":"https:\/\/www.todoalfalfa.com.ar\/noticias\/#organization"},"image":{"@id":"https:\/\/www.todoalfalfa.com.ar\/noticias\/actualizan-el-mapa-global-de-pastizales-y-su-impacto-en-el-ciclo-global-del-carbono\/#primaryimage"},"thumbnailUrl":"https:\/\/i0.wp.com\/www.todoalfalfa.com.ar\/noticias\/wp-content\/uploads\/2026\/04\/2-289.jpg.webp?fit=1600%2C1070&ssl=1","keywords":["inta","Mediciones","pasturas"],"articleSection":["Pastura"],"inLanguage":"es"},{"@type":["WebPage","ItemPage"],"@id":"https:\/\/www.todoalfalfa.com.ar\/noticias\/actualizan-el-mapa-global-de-pastizales-y-su-impacto-en-el-ciclo-global-del-carbono\/","url":"https:\/\/www.todoalfalfa.com.ar\/noticias\/actualizan-el-mapa-global-de-pastizales-y-su-impacto-en-el-ciclo-global-del-carbono\/","name":"Actualizan el mapa global de pastizales y su impacto en el ciclo global del carbono\u00a0","isPartOf":{"@id":"https:\/\/www.todoalfalfa.com.ar\/noticias\/#website"},"primaryImageOfPage":{"@id":"https:\/\/www.todoalfalfa.com.ar\/noticias\/actualizan-el-mapa-global-de-pastizales-y-su-impacto-en-el-ciclo-global-del-carbono\/#primaryimage"},"image":{"@id":"https:\/\/www.todoalfalfa.com.ar\/noticias\/actualizan-el-mapa-global-de-pastizales-y-su-impacto-en-el-ciclo-global-del-carbono\/#primaryimage"},"thumbnailUrl":"https:\/\/i0.wp.com\/www.todoalfalfa.com.ar\/noticias\/wp-content\/uploads\/2026\/04\/2-289.jpg.webp?fit=1600%2C1070&ssl=1","datePublished":"2026-04-30T18:05:05+00:00","dateModified":"2026-04-30T18:05:10+00:00","breadcrumb":{"@id":"https:\/\/www.todoalfalfa.com.ar\/noticias\/actualizan-el-mapa-global-de-pastizales-y-su-impacto-en-el-ciclo-global-del-carbono\/#breadcrumb"},"inLanguage":"es","potentialAction":[{"@type":"ReadAction","target":["https:\/\/www.todoalfalfa.com.ar\/noticias\/actualizan-el-mapa-global-de-pastizales-y-su-impacto-en-el-ciclo-global-del-carbono\/"]}]},{"@type":"ImageObject","inLanguage":"es","@id":"https:\/\/www.todoalfalfa.com.ar\/noticias\/actualizan-el-mapa-global-de-pastizales-y-su-impacto-en-el-ciclo-global-del-carbono\/#primaryimage","url":"https:\/\/i0.wp.com\/www.todoalfalfa.com.ar\/noticias\/wp-content\/uploads\/2026\/04\/2-289.jpg.webp?fit=1600%2C1070&ssl=1","contentUrl":"https:\/\/i0.wp.com\/www.todoalfalfa.com.ar\/noticias\/wp-content\/uploads\/2026\/04\/2-289.jpg.webp?fit=1600%2C1070&ssl=1","width":1600,"height":1070},{"@type":"BreadcrumbList","@id":"https:\/\/www.todoalfalfa.com.ar\/noticias\/actualizan-el-mapa-global-de-pastizales-y-su-impacto-en-el-ciclo-global-del-carbono\/#breadcrumb","itemListElement":[{"@type":"ListItem","position":1,"name":"Principal","item":"https:\/\/www.todoalfalfa.com.ar\/noticias\/"},{"@type":"ListItem","position":2,"name":"Actualizan el mapa global de pastizales y su impacto en el ciclo global del carbono\u00a0"}]},{"@type":"WebSite","@id":"https:\/\/www.todoalfalfa.com.ar\/noticias\/#website","url":"https:\/\/www.todoalfalfa.com.ar\/noticias\/","name":"Todo Alfalfa","description":"Web informativa de la cadena de la alfalfa argentina","publisher":{"@id":"https:\/\/www.todoalfalfa.com.ar\/noticias\/#organization"},"potentialAction":[{"@type":"SearchAction","target":{"@type":"EntryPoint","urlTemplate":"https:\/\/www.todoalfalfa.com.ar\/noticias\/?s={search_term_string}"},"query-input":{"@type":"PropertyValueSpecification","valueRequired":true,"valueName":"search_term_string"}}],"inLanguage":"es"},{"@type":"Organization","@id":"https:\/\/www.todoalfalfa.com.ar\/noticias\/#organization","name":"Todo Alfalfa","url":"https:\/\/www.todoalfalfa.com.ar\/noticias\/","logo":{"@type":"ImageObject","inLanguage":"es","@id":"https:\/\/www.todoalfalfa.com.ar\/noticias\/#\/schema\/logo\/image\/","url":"https:\/\/www.todoalfalfa.com.ar\/noticias\/wp-content\/uploads\/2020\/09\/logo-todo-alfalfa-modificado.png","contentUrl":"https:\/\/www.todoalfalfa.com.ar\/noticias\/wp-content\/uploads\/2020\/09\/logo-todo-alfalfa-modificado.png","width":350,"height":100,"caption":"Todo Alfalfa"},"image":{"@id":"https:\/\/www.todoalfalfa.com.ar\/noticias\/#\/schema\/logo\/image\/"},"sameAs":["https:\/\/www.facebook.com\/todoalfalfa","https:\/\/www.instagram.com\/todoalfalfa","https:\/\/www.youtube.com\/@TodoAlfalfa","https:\/\/www.linkedin.com\/company\/todoalfalfa\/"]},{"@type":"Person","@id":"https:\/\/www.todoalfalfa.com.ar\/noticias\/#\/schema\/person\/99de93cb711c7015ef658e5321ba9f18","name":"Todo Alfalfa","image":{"@type":"ImageObject","inLanguage":"es","@id":"https:\/\/www.todoalfalfa.com.ar\/noticias\/#\/schema\/person\/image\/","url":"https:\/\/secure.gravatar.com\/avatar\/50ffd12fb7b268bc2467160730786602db252a270c63104e7c19b5f67b8dd346?s=96&d=mm&r=g","contentUrl":"https:\/\/secure.gravatar.com\/avatar\/50ffd12fb7b268bc2467160730786602db252a270c63104e7c19b5f67b8dd346?s=96&d=mm&r=g","caption":"Todo Alfalfa"},"url":"https:\/\/www.todoalfalfa.com.ar\/noticias\/author\/osvaldoiachetta\/"}]}},"jetpack_featured_media_url":"https:\/\/i0.wp.com\/www.todoalfalfa.com.ar\/noticias\/wp-content\/uploads\/2026\/04\/2-289.jpg.webp?fit=1600%2C1070&ssl=1","wps_subtitle":"","jetpack_sharing_enabled":true,"_links":{"self":[{"href":"https:\/\/www.todoalfalfa.com.ar\/noticias\/wp-json\/wp\/v2\/posts\/52481","targetHints":{"allow":["GET"]}}],"collection":[{"href":"https:\/\/www.todoalfalfa.com.ar\/noticias\/wp-json\/wp\/v2\/posts"}],"about":[{"href":"https:\/\/www.todoalfalfa.com.ar\/noticias\/wp-json\/wp\/v2\/types\/post"}],"author":[{"embeddable":true,"href":"https:\/\/www.todoalfalfa.com.ar\/noticias\/wp-json\/wp\/v2\/users\/9"}],"replies":[{"embeddable":true,"href":"https:\/\/www.todoalfalfa.com.ar\/noticias\/wp-json\/wp\/v2\/comments?post=52481"}],"version-history":[{"count":1,"href":"https:\/\/www.todoalfalfa.com.ar\/noticias\/wp-json\/wp\/v2\/posts\/52481\/revisions"}],"predecessor-version":[{"id":52485,"href":"https:\/\/www.todoalfalfa.com.ar\/noticias\/wp-json\/wp\/v2\/posts\/52481\/revisions\/52485"}],"wp:featuredmedia":[{"embeddable":true,"href":"https:\/\/www.todoalfalfa.com.ar\/noticias\/wp-json\/wp\/v2\/media\/52483"}],"wp:attachment":[{"href":"https:\/\/www.todoalfalfa.com.ar\/noticias\/wp-json\/wp\/v2\/media?parent=52481"}],"wp:term":[{"taxonomy":"category","embeddable":true,"href":"https:\/\/www.todoalfalfa.com.ar\/noticias\/wp-json\/wp\/v2\/categories?post=52481"},{"taxonomy":"post_tag","embeddable":true,"href":"https:\/\/www.todoalfalfa.com.ar\/noticias\/wp-json\/wp\/v2\/tags?post=52481"}],"curies":[{"name":"wp","href":"https:\/\/api.w.org\/{rel}","templated":true}]}}