{"id":878,"date":"2017-06-16T16:53:19","date_gmt":"2017-06-16T19:53:19","guid":{"rendered":"http:\/\/todoalfalfa.com.ar\/?p=878"},"modified":"2017-06-16T16:53:19","modified_gmt":"2017-06-16T19:53:19","slug":"persisten-problemas-en-lotes-de-alfalfa-en-el-centro-de-santa-fe","status":"publish","type":"post","link":"https:\/\/www.todoalfalfa.com.ar\/noticias\/persisten-problemas-en-lotes-de-alfalfa-en-el-centro-de-santa-fe\/","title":{"rendered":"Persisten problemas en lotes de alfalfa en el centro de Santa Fe"},"content":{"rendered":"<p>Para la nueva campa\u00f1a se increment\u00f3 la siembra de pasturas consociadas con tr\u00e9bol rojo, blanco, raygrass y festuca, destaca un informe del Inta Rafaela.<\/p>\n<p>En cuanto a pastizales naturales, en l\u00edneas generales se encuentran en buen estado y con alta productividad debido a la buena humedad que presentan los suelos.<\/p>\n<p>Los verdeos de invierno se observaron en buen estado y con altos niveles de producci\u00f3n. En algunos casos se est\u00e1 realizando el segundo pastoreo.<\/p>\n<p>La producci\u00f3n de leche: se ha ido incrementando lentamente en los dos \u00faltimos meses, debido a que las condiciones mejoraron y con ello el estado de los animales. No obstante se encuentra por debajo de lo normal para la \u00e9poca del a\u00f1o.<\/p>\n<p>Respecto a la cr\u00eda el estado corporal de los animales contin\u00faa siendo bueno y responde a una situaci\u00f3n de buena oferta forrajera para la \u00e9poca del a\u00f1o. Mientras tanto, con relaci\u00f3n a la invernada,\u00a0 la hacienda se encuentra en buen estado y con un ritmo de engorde normal. Los animales de terminaci\u00f3n est\u00e1n siendo suplementados con granos y distintos forrajes de alta calidad, destaca el reporte del Inta Rafaela.<\/p>\n<p><strong>Precipitaciones<\/strong><\/p>\n<p>Las lluvias del mes de mayo resultaron heterog\u00e9neas en los seis departamentos del centro santafesino. Ocurrieron valores superiores a la media hist\u00f3rica en los departamentos San Justo, La Capital y parte de San Crist\u00f3bal. Mientras que en los dem\u00e1s departamentos las precipitaciones fueron de variada intensidad, prevaleciendo registros por debajo de la media (Media Rafaela, serie hist\u00f3rica 1908-2016: 49 mm). El mayor registro informado fue en la localidad de San Justo con 90 mil\u00edmetros.<\/p>\n<p>Las observaciones del nivel fre\u00e1tico fueron realizadas entre el 15 y 20 de mayo (ver imagen que acompa\u00f1a este texto)\u00a0 en el departamento San Justo. Se puede observar que los valores registrados, por el momento,\u00a0 no representan un problema grave para la zona, ya que la profundidad del nivel fre\u00e1tico se encuentra por debajo de los 2 metros en la mayor\u00eda de los puntos monitoreados.<\/p>\n<p><img data-recalc-dims=\"1\" fetchpriority=\"high\" decoding=\"async\" class=\"alignnone wp-image-879 size-full\" src=\"https:\/\/i0.wp.com\/todoalfalfa.com.ar\/wp-content\/uploads\/2017\/06\/Precipitacionessatfecentro.jpg?resize=777%2C437&#038;ssl=1\" alt=\"\" width=\"777\" height=\"437\" srcset=\"https:\/\/i0.wp.com\/www.todoalfalfa.com.ar\/noticias\/wp-content\/uploads\/2017\/06\/Precipitacionessatfecentro.jpg?w=777&amp;ssl=1 777w, https:\/\/i0.wp.com\/www.todoalfalfa.com.ar\/noticias\/wp-content\/uploads\/2017\/06\/Precipitacionessatfecentro.jpg?resize=300%2C169&amp;ssl=1 300w, https:\/\/i0.wp.com\/www.todoalfalfa.com.ar\/noticias\/wp-content\/uploads\/2017\/06\/Precipitacionessatfecentro.jpg?resize=768%2C432&amp;ssl=1 768w, https:\/\/i0.wp.com\/www.todoalfalfa.com.ar\/noticias\/wp-content\/uploads\/2017\/06\/Precipitacionessatfecentro.jpg?resize=180%2C101&amp;ssl=1 180w, https:\/\/i0.wp.com\/www.todoalfalfa.com.ar\/noticias\/wp-content\/uploads\/2017\/06\/Precipitacionessatfecentro.jpg?resize=260%2C146&amp;ssl=1 260w, https:\/\/i0.wp.com\/www.todoalfalfa.com.ar\/noticias\/wp-content\/uploads\/2017\/06\/Precipitacionessatfecentro.jpg?resize=373%2C210&amp;ssl=1 373w, https:\/\/i0.wp.com\/www.todoalfalfa.com.ar\/noticias\/wp-content\/uploads\/2017\/06\/Precipitacionessatfecentro.jpg?resize=120%2C67&amp;ssl=1 120w\" sizes=\"(max-width: 777px) 100vw, 777px\" \/><\/p>\n<div class=\"todoalfalfa-final-de-la-nota\" id=\"todoalfalfa-1125170354\"><a href=\"https:\/\/www.whatsapp.com\/channel\/0029VbCBmFB9WtBxJsD3eC2i\" target=\"_blank\" aria-label=\"5\"><img src=\"https:\/\/i0.wp.com\/www.todoalfalfa.com.ar\/noticias\/wp-content\/uploads\/2026\/04\/5.gif?fit=728%2C90&#038;ssl=1\" alt=\"\"  width=\"728\" height=\"90\"   \/><\/a><\/div>","protected":false},"excerpt":{"rendered":"<p>Para la nueva campa&ntilde;a se increment&oacute; la siembra de pasturas consociadas con tr&eacute;bol rojo, blanco, raygrass y festuca, destaca un&#8230;<\/p>\n","protected":false},"author":3,"featured_media":880,"comment_status":"closed","ping_status":"open","sticky":false,"template":"","format":"standard","meta":{"jetpack_post_was_ever_published":false,"_jetpack_newsletter_access":"","_jetpack_dont_email_post_to_subs":false,"_jetpack_newsletter_tier_id":0,"_jetpack_memberships_contains_paywalled_content":false,"_jetpack_memberships_contains_paid_content":false,"footnotes":""},"categories":[2],"tags":[31,110,109,108,111],"class_list":["post-878","post","type-post","status-publish","format-standard","has-post-thumbnail","hentry","category-generales","tag-alfalfa","tag-centro","tag-lotes","tag-problemas","tag-santafe"],"yoast_head":"<!-- This site is optimized with the Yoast SEO plugin v25.5 - https:\/\/yoast.com\/wordpress\/plugins\/seo\/ -->\n<title>Persisten problemas en lotes de alfalfa en el centro de Santa Fe<\/title>\n<meta name=\"robots\" content=\"index, follow, max-snippet:-1, max-image-preview:large, max-video-preview:-1\" \/>\n<link rel=\"canonical\" href=\"https:\/\/www.todoalfalfa.com.ar\/noticias\/persisten-problemas-en-lotes-de-alfalfa-en-el-centro-de-santa-fe\/\" \/>\n<meta property=\"og:locale\" content=\"es_ES\" \/>\n<meta property=\"og:type\" content=\"article\" \/>\n<meta property=\"og:title\" content=\"Persisten problemas en lotes de alfalfa en el centro de Santa Fe\" \/>\n<meta property=\"og:description\" content=\"Para la nueva campa&ntilde;a se increment&oacute; la siembra de pasturas consociadas con tr&eacute;bol rojo, blanco, raygrass y festuca, destaca un...\" \/>\n<meta property=\"og:url\" content=\"https:\/\/www.todoalfalfa.com.ar\/noticias\/persisten-problemas-en-lotes-de-alfalfa-en-el-centro-de-santa-fe\/\" \/>\n<meta property=\"og:site_name\" content=\"Todo Alfalfa\" \/>\n<meta property=\"article:publisher\" content=\"https:\/\/www.facebook.com\/todoalfalfa\" \/>\n<meta property=\"article:published_time\" content=\"2017-06-16T19:53:19+00:00\" \/>\n<meta property=\"og:image\" content=\"https:\/\/www.todoalfalfa.com.ar\/noticias\/wp-content\/uploads\/2017\/06\/alfalfa_con_malezas.jpg\" \/>\n\t<meta property=\"og:image:width\" content=\"777\" \/>\n\t<meta property=\"og:image:height\" content=\"437\" \/>\n\t<meta property=\"og:image:type\" content=\"image\/jpeg\" \/>\n<meta name=\"author\" content=\"Todo Alfalfa\" \/>\n<meta name=\"twitter:card\" content=\"summary_large_image\" \/>\n<meta name=\"twitter:label1\" content=\"Escrito por\" \/>\n\t<meta name=\"twitter:data1\" content=\"Todo Alfalfa\" \/>\n\t<meta name=\"twitter:label2\" content=\"Tiempo de lectura\" \/>\n\t<meta name=\"twitter:data2\" content=\"2 minutos\" \/>\n<script type=\"application\/ld+json\" class=\"yoast-schema-graph\">{\"@context\":\"https:\/\/schema.org\",\"@graph\":[{\"@type\":\"NewsArticle\",\"@id\":\"https:\/\/www.todoalfalfa.com.ar\/noticias\/persisten-problemas-en-lotes-de-alfalfa-en-el-centro-de-santa-fe\/#article\",\"isPartOf\":{\"@id\":\"https:\/\/www.todoalfalfa.com.ar\/noticias\/persisten-problemas-en-lotes-de-alfalfa-en-el-centro-de-santa-fe\/\"},\"author\":{\"name\":\"Todo Alfalfa\",\"@id\":\"https:\/\/www.todoalfalfa.com.ar\/noticias\/#\/schema\/person\/4ee4bca9b9fa50c4f0fbaf7017fbf2ad\"},\"headline\":\"Persisten problemas en lotes de alfalfa en el centro de Santa Fe\",\"datePublished\":\"2017-06-16T19:53:19+00:00\",\"mainEntityOfPage\":{\"@id\":\"https:\/\/www.todoalfalfa.com.ar\/noticias\/persisten-problemas-en-lotes-de-alfalfa-en-el-centro-de-santa-fe\/\"},\"wordCount\":355,\"publisher\":{\"@id\":\"https:\/\/www.todoalfalfa.com.ar\/noticias\/#organization\"},\"image\":{\"@id\":\"https:\/\/www.todoalfalfa.com.ar\/noticias\/persisten-problemas-en-lotes-de-alfalfa-en-el-centro-de-santa-fe\/#primaryimage\"},\"thumbnailUrl\":\"https:\/\/i0.wp.com\/www.todoalfalfa.com.ar\/noticias\/wp-content\/uploads\/2017\/06\/alfalfa_con_malezas.jpg?fit=777%2C437&ssl=1\",\"keywords\":[\"alfalfa\",\"centro\",\"lotes\",\"problemas\",\"SantaFe\"],\"articleSection\":[\"Generales\"],\"inLanguage\":\"es\"},{\"@type\":[\"WebPage\",\"ItemPage\"],\"@id\":\"https:\/\/www.todoalfalfa.com.ar\/noticias\/persisten-problemas-en-lotes-de-alfalfa-en-el-centro-de-santa-fe\/\",\"url\":\"https:\/\/www.todoalfalfa.com.ar\/noticias\/persisten-problemas-en-lotes-de-alfalfa-en-el-centro-de-santa-fe\/\",\"name\":\"Persisten problemas en lotes de alfalfa en el centro de Santa Fe\",\"isPartOf\":{\"@id\":\"https:\/\/www.todoalfalfa.com.ar\/noticias\/#website\"},\"primaryImageOfPage\":{\"@id\":\"https:\/\/www.todoalfalfa.com.ar\/noticias\/persisten-problemas-en-lotes-de-alfalfa-en-el-centro-de-santa-fe\/#primaryimage\"},\"image\":{\"@id\":\"https:\/\/www.todoalfalfa.com.ar\/noticias\/persisten-problemas-en-lotes-de-alfalfa-en-el-centro-de-santa-fe\/#primaryimage\"},\"thumbnailUrl\":\"https:\/\/i0.wp.com\/www.todoalfalfa.com.ar\/noticias\/wp-content\/uploads\/2017\/06\/alfalfa_con_malezas.jpg?fit=777%2C437&ssl=1\",\"datePublished\":\"2017-06-16T19:53:19+00:00\",\"breadcrumb\":{\"@id\":\"https:\/\/www.todoalfalfa.com.ar\/noticias\/persisten-problemas-en-lotes-de-alfalfa-en-el-centro-de-santa-fe\/#breadcrumb\"},\"inLanguage\":\"es\",\"potentialAction\":[{\"@type\":\"ReadAction\",\"target\":[\"https:\/\/www.todoalfalfa.com.ar\/noticias\/persisten-problemas-en-lotes-de-alfalfa-en-el-centro-de-santa-fe\/\"]}]},{\"@type\":\"ImageObject\",\"inLanguage\":\"es\",\"@id\":\"https:\/\/www.todoalfalfa.com.ar\/noticias\/persisten-problemas-en-lotes-de-alfalfa-en-el-centro-de-santa-fe\/#primaryimage\",\"url\":\"https:\/\/i0.wp.com\/www.todoalfalfa.com.ar\/noticias\/wp-content\/uploads\/2017\/06\/alfalfa_con_malezas.jpg?fit=777%2C437&ssl=1\",\"contentUrl\":\"https:\/\/i0.wp.com\/www.todoalfalfa.com.ar\/noticias\/wp-content\/uploads\/2017\/06\/alfalfa_con_malezas.jpg?fit=777%2C437&ssl=1\",\"width\":777,\"height\":437},{\"@type\":\"BreadcrumbList\",\"@id\":\"https:\/\/www.todoalfalfa.com.ar\/noticias\/persisten-problemas-en-lotes-de-alfalfa-en-el-centro-de-santa-fe\/#breadcrumb\",\"itemListElement\":[{\"@type\":\"ListItem\",\"position\":1,\"name\":\"Principal\",\"item\":\"https:\/\/www.todoalfalfa.com.ar\/noticias\/\"},{\"@type\":\"ListItem\",\"position\":2,\"name\":\"Persisten problemas en lotes de alfalfa en el centro de Santa Fe\"}]},{\"@type\":\"WebSite\",\"@id\":\"https:\/\/www.todoalfalfa.com.ar\/noticias\/#website\",\"url\":\"https:\/\/www.todoalfalfa.com.ar\/noticias\/\",\"name\":\"Todo Alfalfa\",\"description\":\"Web informativa de la cadena de la alfalfa argentina\",\"publisher\":{\"@id\":\"https:\/\/www.todoalfalfa.com.ar\/noticias\/#organization\"},\"potentialAction\":[{\"@type\":\"SearchAction\",\"target\":{\"@type\":\"EntryPoint\",\"urlTemplate\":\"https:\/\/www.todoalfalfa.com.ar\/noticias\/?s={search_term_string}\"},\"query-input\":{\"@type\":\"PropertyValueSpecification\",\"valueRequired\":true,\"valueName\":\"search_term_string\"}}],\"inLanguage\":\"es\"},{\"@type\":\"Organization\",\"@id\":\"https:\/\/www.todoalfalfa.com.ar\/noticias\/#organization\",\"name\":\"Todo Alfalfa\",\"url\":\"https:\/\/www.todoalfalfa.com.ar\/noticias\/\",\"logo\":{\"@type\":\"ImageObject\",\"inLanguage\":\"es\",\"@id\":\"https:\/\/www.todoalfalfa.com.ar\/noticias\/#\/schema\/logo\/image\/\",\"url\":\"https:\/\/www.todoalfalfa.com.ar\/noticias\/wp-content\/uploads\/2020\/09\/logo-todo-alfalfa-modificado.png\",\"contentUrl\":\"https:\/\/www.todoalfalfa.com.ar\/noticias\/wp-content\/uploads\/2020\/09\/logo-todo-alfalfa-modificado.png\",\"width\":350,\"height\":100,\"caption\":\"Todo Alfalfa\"},\"image\":{\"@id\":\"https:\/\/www.todoalfalfa.com.ar\/noticias\/#\/schema\/logo\/image\/\"},\"sameAs\":[\"https:\/\/www.facebook.com\/todoalfalfa\",\"https:\/\/www.instagram.com\/todoalfalfa\",\"https:\/\/www.youtube.com\/@TodoAlfalfa\",\"https:\/\/www.linkedin.com\/company\/todoalfalfa\/\"]},{\"@type\":\"Person\",\"@id\":\"https:\/\/www.todoalfalfa.com.ar\/noticias\/#\/schema\/person\/4ee4bca9b9fa50c4f0fbaf7017fbf2ad\",\"name\":\"Todo Alfalfa\",\"image\":{\"@type\":\"ImageObject\",\"inLanguage\":\"es\",\"@id\":\"https:\/\/www.todoalfalfa.com.ar\/noticias\/#\/schema\/person\/image\/\",\"url\":\"https:\/\/secure.gravatar.com\/avatar\/4d26a600a1380823a26c3f9cb74ada1a8ee4b482c0c3a616ab022b865c46be8f?s=96&d=mm&r=g\",\"contentUrl\":\"https:\/\/secure.gravatar.com\/avatar\/4d26a600a1380823a26c3f9cb74ada1a8ee4b482c0c3a616ab022b865c46be8f?s=96&d=mm&r=g\",\"caption\":\"Todo Alfalfa\"},\"sameAs\":[\"http:\/\/www.todoalfalfa.com.ar\"],\"url\":\"https:\/\/www.todoalfalfa.com.ar\/noticias\/author\/todoalfalfa\/\"}]}<\/script>\n<!-- \/ Yoast SEO plugin. -->","yoast_head_json":{"title":"Persisten problemas en lotes de alfalfa en el centro de Santa Fe","robots":{"index":"index","follow":"follow","max-snippet":"max-snippet:-1","max-image-preview":"max-image-preview:large","max-video-preview":"max-video-preview:-1"},"canonical":"https:\/\/www.todoalfalfa.com.ar\/noticias\/persisten-problemas-en-lotes-de-alfalfa-en-el-centro-de-santa-fe\/","og_locale":"es_ES","og_type":"article","og_title":"Persisten problemas en lotes de alfalfa en el centro de Santa Fe","og_description":"Para la nueva campa&ntilde;a se increment&oacute; la siembra de pasturas consociadas con tr&eacute;bol rojo, blanco, raygrass y festuca, destaca un...","og_url":"https:\/\/www.todoalfalfa.com.ar\/noticias\/persisten-problemas-en-lotes-de-alfalfa-en-el-centro-de-santa-fe\/","og_site_name":"Todo Alfalfa","article_publisher":"https:\/\/www.facebook.com\/todoalfalfa","article_published_time":"2017-06-16T19:53:19+00:00","og_image":[{"width":777,"height":437,"url":"https:\/\/www.todoalfalfa.com.ar\/noticias\/wp-content\/uploads\/2017\/06\/alfalfa_con_malezas.jpg","type":"image\/jpeg"}],"author":"Todo Alfalfa","twitter_card":"summary_large_image","twitter_misc":{"Escrito por":"Todo Alfalfa","Tiempo de lectura":"2 minutos"},"schema":{"@context":"https:\/\/schema.org","@graph":[{"@type":"NewsArticle","@id":"https:\/\/www.todoalfalfa.com.ar\/noticias\/persisten-problemas-en-lotes-de-alfalfa-en-el-centro-de-santa-fe\/#article","isPartOf":{"@id":"https:\/\/www.todoalfalfa.com.ar\/noticias\/persisten-problemas-en-lotes-de-alfalfa-en-el-centro-de-santa-fe\/"},"author":{"name":"Todo Alfalfa","@id":"https:\/\/www.todoalfalfa.com.ar\/noticias\/#\/schema\/person\/4ee4bca9b9fa50c4f0fbaf7017fbf2ad"},"headline":"Persisten problemas en lotes de alfalfa en el centro de Santa Fe","datePublished":"2017-06-16T19:53:19+00:00","mainEntityOfPage":{"@id":"https:\/\/www.todoalfalfa.com.ar\/noticias\/persisten-problemas-en-lotes-de-alfalfa-en-el-centro-de-santa-fe\/"},"wordCount":355,"publisher":{"@id":"https:\/\/www.todoalfalfa.com.ar\/noticias\/#organization"},"image":{"@id":"https:\/\/www.todoalfalfa.com.ar\/noticias\/persisten-problemas-en-lotes-de-alfalfa-en-el-centro-de-santa-fe\/#primaryimage"},"thumbnailUrl":"https:\/\/i0.wp.com\/www.todoalfalfa.com.ar\/noticias\/wp-content\/uploads\/2017\/06\/alfalfa_con_malezas.jpg?fit=777%2C437&ssl=1","keywords":["alfalfa","centro","lotes","problemas","SantaFe"],"articleSection":["Generales"],"inLanguage":"es"},{"@type":["WebPage","ItemPage"],"@id":"https:\/\/www.todoalfalfa.com.ar\/noticias\/persisten-problemas-en-lotes-de-alfalfa-en-el-centro-de-santa-fe\/","url":"https:\/\/www.todoalfalfa.com.ar\/noticias\/persisten-problemas-en-lotes-de-alfalfa-en-el-centro-de-santa-fe\/","name":"Persisten problemas en lotes de alfalfa en el centro de Santa Fe","isPartOf":{"@id":"https:\/\/www.todoalfalfa.com.ar\/noticias\/#website"},"primaryImageOfPage":{"@id":"https:\/\/www.todoalfalfa.com.ar\/noticias\/persisten-problemas-en-lotes-de-alfalfa-en-el-centro-de-santa-fe\/#primaryimage"},"image":{"@id":"https:\/\/www.todoalfalfa.com.ar\/noticias\/persisten-problemas-en-lotes-de-alfalfa-en-el-centro-de-santa-fe\/#primaryimage"},"thumbnailUrl":"https:\/\/i0.wp.com\/www.todoalfalfa.com.ar\/noticias\/wp-content\/uploads\/2017\/06\/alfalfa_con_malezas.jpg?fit=777%2C437&ssl=1","datePublished":"2017-06-16T19:53:19+00:00","breadcrumb":{"@id":"https:\/\/www.todoalfalfa.com.ar\/noticias\/persisten-problemas-en-lotes-de-alfalfa-en-el-centro-de-santa-fe\/#breadcrumb"},"inLanguage":"es","potentialAction":[{"@type":"ReadAction","target":["https:\/\/www.todoalfalfa.com.ar\/noticias\/persisten-problemas-en-lotes-de-alfalfa-en-el-centro-de-santa-fe\/"]}]},{"@type":"ImageObject","inLanguage":"es","@id":"https:\/\/www.todoalfalfa.com.ar\/noticias\/persisten-problemas-en-lotes-de-alfalfa-en-el-centro-de-santa-fe\/#primaryimage","url":"https:\/\/i0.wp.com\/www.todoalfalfa.com.ar\/noticias\/wp-content\/uploads\/2017\/06\/alfalfa_con_malezas.jpg?fit=777%2C437&ssl=1","contentUrl":"https:\/\/i0.wp.com\/www.todoalfalfa.com.ar\/noticias\/wp-content\/uploads\/2017\/06\/alfalfa_con_malezas.jpg?fit=777%2C437&ssl=1","width":777,"height":437},{"@type":"BreadcrumbList","@id":"https:\/\/www.todoalfalfa.com.ar\/noticias\/persisten-problemas-en-lotes-de-alfalfa-en-el-centro-de-santa-fe\/#breadcrumb","itemListElement":[{"@type":"ListItem","position":1,"name":"Principal","item":"https:\/\/www.todoalfalfa.com.ar\/noticias\/"},{"@type":"ListItem","position":2,"name":"Persisten problemas en lotes de alfalfa en el centro de Santa Fe"}]},{"@type":"WebSite","@id":"https:\/\/www.todoalfalfa.com.ar\/noticias\/#website","url":"https:\/\/www.todoalfalfa.com.ar\/noticias\/","name":"Todo Alfalfa","description":"Web informativa de la cadena de la alfalfa argentina","publisher":{"@id":"https:\/\/www.todoalfalfa.com.ar\/noticias\/#organization"},"potentialAction":[{"@type":"SearchAction","target":{"@type":"EntryPoint","urlTemplate":"https:\/\/www.todoalfalfa.com.ar\/noticias\/?s={search_term_string}"},"query-input":{"@type":"PropertyValueSpecification","valueRequired":true,"valueName":"search_term_string"}}],"inLanguage":"es"},{"@type":"Organization","@id":"https:\/\/www.todoalfalfa.com.ar\/noticias\/#organization","name":"Todo Alfalfa","url":"https:\/\/www.todoalfalfa.com.ar\/noticias\/","logo":{"@type":"ImageObject","inLanguage":"es","@id":"https:\/\/www.todoalfalfa.com.ar\/noticias\/#\/schema\/logo\/image\/","url":"https:\/\/www.todoalfalfa.com.ar\/noticias\/wp-content\/uploads\/2020\/09\/logo-todo-alfalfa-modificado.png","contentUrl":"https:\/\/www.todoalfalfa.com.ar\/noticias\/wp-content\/uploads\/2020\/09\/logo-todo-alfalfa-modificado.png","width":350,"height":100,"caption":"Todo Alfalfa"},"image":{"@id":"https:\/\/www.todoalfalfa.com.ar\/noticias\/#\/schema\/logo\/image\/"},"sameAs":["https:\/\/www.facebook.com\/todoalfalfa","https:\/\/www.instagram.com\/todoalfalfa","https:\/\/www.youtube.com\/@TodoAlfalfa","https:\/\/www.linkedin.com\/company\/todoalfalfa\/"]},{"@type":"Person","@id":"https:\/\/www.todoalfalfa.com.ar\/noticias\/#\/schema\/person\/4ee4bca9b9fa50c4f0fbaf7017fbf2ad","name":"Todo Alfalfa","image":{"@type":"ImageObject","inLanguage":"es","@id":"https:\/\/www.todoalfalfa.com.ar\/noticias\/#\/schema\/person\/image\/","url":"https:\/\/secure.gravatar.com\/avatar\/4d26a600a1380823a26c3f9cb74ada1a8ee4b482c0c3a616ab022b865c46be8f?s=96&d=mm&r=g","contentUrl":"https:\/\/secure.gravatar.com\/avatar\/4d26a600a1380823a26c3f9cb74ada1a8ee4b482c0c3a616ab022b865c46be8f?s=96&d=mm&r=g","caption":"Todo Alfalfa"},"sameAs":["http:\/\/www.todoalfalfa.com.ar"],"url":"https:\/\/www.todoalfalfa.com.ar\/noticias\/author\/todoalfalfa\/"}]}},"jetpack_featured_media_url":"https:\/\/i0.wp.com\/www.todoalfalfa.com.ar\/noticias\/wp-content\/uploads\/2017\/06\/alfalfa_con_malezas.jpg?fit=777%2C437&ssl=1","wps_subtitle":"En el centro de Santa Fe, las pasturas base alfalfa, en la mayor\u00eda de lotes que fueron afectados por las condiciones clim\u00e1ticas adversas de principio de a\u00f1o, contin\u00faan en regular y mal estado, con bajo stand de plantas y problemas de malezas.","jetpack_sharing_enabled":true,"_links":{"self":[{"href":"https:\/\/www.todoalfalfa.com.ar\/noticias\/wp-json\/wp\/v2\/posts\/878","targetHints":{"allow":["GET"]}}],"collection":[{"href":"https:\/\/www.todoalfalfa.com.ar\/noticias\/wp-json\/wp\/v2\/posts"}],"about":[{"href":"https:\/\/www.todoalfalfa.com.ar\/noticias\/wp-json\/wp\/v2\/types\/post"}],"author":[{"embeddable":true,"href":"https:\/\/www.todoalfalfa.com.ar\/noticias\/wp-json\/wp\/v2\/users\/3"}],"replies":[{"embeddable":true,"href":"https:\/\/www.todoalfalfa.com.ar\/noticias\/wp-json\/wp\/v2\/comments?post=878"}],"version-history":[{"count":0,"href":"https:\/\/www.todoalfalfa.com.ar\/noticias\/wp-json\/wp\/v2\/posts\/878\/revisions"}],"wp:featuredmedia":[{"embeddable":true,"href":"https:\/\/www.todoalfalfa.com.ar\/noticias\/wp-json\/wp\/v2\/media\/880"}],"wp:attachment":[{"href":"https:\/\/www.todoalfalfa.com.ar\/noticias\/wp-json\/wp\/v2\/media?parent=878"}],"wp:term":[{"taxonomy":"category","embeddable":true,"href":"https:\/\/www.todoalfalfa.com.ar\/noticias\/wp-json\/wp\/v2\/categories?post=878"},{"taxonomy":"post_tag","embeddable":true,"href":"https:\/\/www.todoalfalfa.com.ar\/noticias\/wp-json\/wp\/v2\/tags?post=878"}],"curies":[{"name":"wp","href":"https:\/\/api.w.org\/{rel}","templated":true}]}}